{"id":31753,"date":"2023-02-09T17:00:10","date_gmt":"2023-02-09T16:00:10","guid":{"rendered":"http:\/\/lyonbondyblog.fr\/LBB\/?p=31753"},"modified":"2023-02-09T17:06:53","modified_gmt":"2023-02-09T16:06:53","slug":"la-vision-de-leurope-selon-les-jeunes-du-centre-social-louis-braille","status":"publish","type":"post","link":"https:\/\/lyonbondyblog.fr\/LBB\/la-vision-de-leurope-selon-les-jeunes-du-centre-social-louis-braille\/","title":{"rendered":"La vision de l&rsquo;Europe selon les jeunes du centre social Louis Braille"},"content":{"rendered":"\n<h2 class=\"wp-block-heading\">Dans un projet d&rsquo;expression-citoyennet\u00e9, nous, les jeunes du <a href=\"https:\/\/centresocial-louisbraille.fr\" target=\"_blank\" rel=\"noreferrer noopener\">centre social Louis Braille<\/a> (Saint-Priest), montrons notre vision de l&rsquo;Europe. Du 7 au 9 f\u00e9vrier, nous avons travaill\u00e9 sur trois pays : l&rsquo;Allemagne, l&rsquo;Angleterre et l&rsquo;Espagne. <\/h2>\n\n\n\n<p>Depuis mardi 7 f\u00e9vrier, nous avons fait des recherches et donn\u00e9 notre vision de trois pays de l&rsquo;Europe : <a href=\"https:\/\/fr.wikipedia.org\/wiki\/Allemagne\" target=\"_blank\" rel=\"noreferrer noopener\">l&rsquo;Allemagne<\/a>, <a href=\"https:\/\/fr.wikipedia.org\/wiki\/Espagne\" target=\"_blank\" rel=\"noreferrer noopener\">l&rsquo;Espagne<\/a> et <a href=\"https:\/\/fr.wikipedia.org\/wiki\/Angleterre\" target=\"_blank\" rel=\"noreferrer noopener\">l&rsquo;Angleterre<\/a>. Ce sont des territoires qui peuvent accueillir de jeunes \u00e9tudiants gr\u00e2ce \u00e0 une exp\u00e9rience Erasmus. Ces trois pays utilisent l&rsquo;euro comme monnaie. Nous vous pr\u00e9sentons pleins de contenus et de formats diff\u00e9rents, notamment un article, des story via <a href=\"https:\/\/www.instagram.com\/lyonbondyblog\/?hl=fr\" target=\"_blank\" rel=\"noreferrer noopener\">Instagram<\/a> et des photos. <\/p>\n\n\n\n<h3 class=\"wp-block-heading\">Le Royaume-Uni  <\/h3>\n\n\n\n<p>Le Royaume-Uni se situe au nord de l&rsquo;Europe. Il se compose de quatre pays : l&rsquo;Irlande du Nord, l&rsquo;Ecosse, le Pays de Galle et l&rsquo;Angleterre. Le royaume est dirig\u00e9 par le roi Charles 3 et administr\u00e9 par Rishi Sunak, d&rsquo;origine pakistanaise. Les principale villes du royaume sont Belfast, Edimbourg, Glasgow, Cardiff et Londres, capitale du territoire. De nombreux monuments attirent les touristes du monde tels que le mus\u00e9e Madame Tussauds, Buckingham Palace, le Big Ben ou encore le London Bridge. Aujourd&rsquo;hui, suite \u00e0 un r\u00e9f\u00e9rendum, le Royaume-Uni est sorti de l&rsquo;Union Europ\u00e9enne qui a donn\u00e9 lieu au Brexit. <\/p>\n\n\n\n<figure class=\"wp-block-gallery has-nested-images columns-default is-cropped wp-block-gallery-1 is-layout-flex wp-block-gallery-is-layout-flex\">\n<figure class=\"wp-block-image size-large\"><img loading=\"lazy\" decoding=\"async\" width=\"877\" height=\"602\" data-id=\"31770\" src=\"https:\/\/lyonbondyblog.fr\/LBB\/wp-content\/uploads\/2023\/02\/big-ben-londres-696x0@1.jpg\" alt=\"\" class=\"wp-image-31770\" srcset=\"https:\/\/lyonbondyblog.fr\/LBB\/wp-content\/uploads\/2023\/02\/big-ben-londres-696x0@1.jpg 877w, https:\/\/lyonbondyblog.fr\/LBB\/wp-content\/uploads\/2023\/02\/big-ben-londres-696x0@1-768x527.jpg 768w\" sizes=\"auto, (max-width: 877px) 100vw, 877px\" \/><figcaption class=\"wp-element-caption\">Le Big Ben <\/figcaption><\/figure>\n\n\n\n<figure class=\"wp-block-image size-large\"><img loading=\"lazy\" decoding=\"async\" width=\"1920\" height=\"1080\" data-id=\"31772\" src=\"https:\/\/lyonbondyblog.fr\/LBB\/wp-content\/uploads\/2023\/02\/buckinghampalace1920x1080.jpg\" alt=\"\" class=\"wp-image-31772\" srcset=\"https:\/\/lyonbondyblog.fr\/LBB\/wp-content\/uploads\/2023\/02\/buckinghampalace1920x1080.jpg 1920w, https:\/\/lyonbondyblog.fr\/LBB\/wp-content\/uploads\/2023\/02\/buckinghampalace1920x1080-1200x675.jpg 1200w, https:\/\/lyonbondyblog.fr\/LBB\/wp-content\/uploads\/2023\/02\/buckinghampalace1920x1080-768x432.jpg 768w, https:\/\/lyonbondyblog.fr\/LBB\/wp-content\/uploads\/2023\/02\/buckinghampalace1920x1080-1536x864.jpg 1536w\" sizes=\"auto, (max-width: 1920px) 100vw, 1920px\" \/><figcaption class=\"wp-element-caption\">Buckingham Palace <\/figcaption><\/figure>\n\n\n\n<figure class=\"wp-block-image size-large\"><img loading=\"lazy\" decoding=\"async\" width=\"640\" height=\"427\" data-id=\"31769\" src=\"https:\/\/lyonbondyblog.fr\/LBB\/wp-content\/uploads\/2023\/02\/musee-madame-tussauds-londres.jpg\" alt=\"\" class=\"wp-image-31769\" srcset=\"https:\/\/lyonbondyblog.fr\/LBB\/wp-content\/uploads\/2023\/02\/musee-madame-tussauds-londres.jpg 640w, https:\/\/lyonbondyblog.fr\/LBB\/wp-content\/uploads\/2023\/02\/musee-madame-tussauds-londres-272x182.jpg 272w\" sizes=\"auto, (max-width: 640px) 100vw, 640px\" \/><figcaption class=\"wp-element-caption\">Mus\u00e9e Madame Tussauds <\/figcaption><\/figure>\n\n\n\n<figure class=\"wp-block-image size-large\"><img loading=\"lazy\" decoding=\"async\" width=\"740\" height=\"462\" data-id=\"31771\" src=\"https:\/\/lyonbondyblog.fr\/LBB\/wp-content\/uploads\/2023\/02\/Tower-Bridge-Night.jpg\" alt=\"\" class=\"wp-image-31771\" \/><figcaption class=\"wp-element-caption\">London Bridge <\/figcaption><\/figure>\n<\/figure>\n\n\n\n<h3 class=\"wp-block-heading\">L&rsquo;Espagne <\/h3>\n\n\n\n<p>L&rsquo;Espagne se situe entre l&rsquo;Europe et l&rsquo;Afrique. Le pays est dirig\u00e9 par le Felipe VI et administr\u00e9 par Pedro S\u00e1nchez. La capitale de l&rsquo;Espagne est Madrid, qui est en \u00ab\u00a0guerre\u00a0\u00bb avec Barcelone. C&rsquo;est un pays strat\u00e9gique au niveau commercial et \u00e9conomique. Des monuments c\u00e9l\u00e8bres comme la Sagrada Familia et le Palais royal (Madrid) attirent les touristes et jouent sur le d\u00e9veloppement \u00e9conomique du pays. En terme de culture, plusieurs c\u00e9l\u00e9brit\u00e9s viennent d&rsquo;Espagne telles que Rafael Nadal, Penelope Cruz mais aussi Pablo Picasso&#8230; <\/p>\n\n\n\n<figure class=\"wp-block-gallery has-nested-images columns-default is-cropped wp-block-gallery-2 is-layout-flex wp-block-gallery-is-layout-flex\">\n<figure class=\"wp-block-image size-large\"><img loading=\"lazy\" decoding=\"async\" width=\"1200\" height=\"630\" data-id=\"31774\" src=\"https:\/\/lyonbondyblog.fr\/LBB\/wp-content\/uploads\/2023\/02\/thumb_15664946_cover_header.jpg\" alt=\"\" class=\"wp-image-31774\" srcset=\"https:\/\/lyonbondyblog.fr\/LBB\/wp-content\/uploads\/2023\/02\/thumb_15664946_cover_header.jpg 1200w, https:\/\/lyonbondyblog.fr\/LBB\/wp-content\/uploads\/2023\/02\/thumb_15664946_cover_header-768x403.jpg 768w\" sizes=\"auto, (max-width: 1200px) 100vw, 1200px\" \/><figcaption class=\"wp-element-caption\">La Sagrada Familia <\/figcaption><\/figure>\n\n\n\n<figure class=\"wp-block-image size-large\"><img loading=\"lazy\" decoding=\"async\" width=\"800\" height=\"419\" data-id=\"31775\" src=\"https:\/\/lyonbondyblog.fr\/LBB\/wp-content\/uploads\/2023\/02\/visiter-palais-royal-madrid.jpg\" alt=\"\" class=\"wp-image-31775\" srcset=\"https:\/\/lyonbondyblog.fr\/LBB\/wp-content\/uploads\/2023\/02\/visiter-palais-royal-madrid.jpg 800w, https:\/\/lyonbondyblog.fr\/LBB\/wp-content\/uploads\/2023\/02\/visiter-palais-royal-madrid-768x402.jpg 768w\" sizes=\"auto, (max-width: 800px) 100vw, 800px\" \/><figcaption class=\"wp-element-caption\">Le Palais Royal <\/figcaption><\/figure>\n<\/figure>\n\n\n\n<h3 class=\"wp-block-heading\">L&rsquo;Allemagne <\/h3>\n\n\n\n<p>L&rsquo;Allemagne est un pays d&rsquo;Europe centrale, entour\u00e9 de dix autre pays. Il est situ\u00e9 \u00e0 l&rsquo;Est de la France et est pr\u00e9sid\u00e9 par Frank-Walter Steinmeier. Depuis d\u00e9cembre 2021, le chancelier est Olaf Scholz. Avant, de 2005 \u00e0 2021, c&rsquo;est Angela Merkel qui exer\u00e7ait cette fonction. Elle \u00e9tait la premi\u00e8re femme \u00e0 ce poste. Avec 80 millions d&rsquo;habitants, l&rsquo;Allemagne est l&rsquo;\u00e9tat de l&rsquo;Union Europ\u00e9enne le plus peupl\u00e9. Ce pays est devenu une des plus grandes puissances mondiales. L&rsquo;Allemagne regorge de grandes villes telles que Francfort, Munich, Dortmund, Hambourg, Cologne&#8230; Il existe plusieurs monument c\u00e9l\u00e8bres comme la porte de Brandebourg ou encore le ch\u00e2teau de Neuschwanstein. Aujourd&rsquo;hui, le symbole de l&rsquo;Allemagne est le mur de Berlin construit dans la capitale en 1961 pour s\u00e9parer l&rsquo;Est de l&rsquo;Ouest. Il a \u00e9t\u00e9 d\u00e9truit en 1989. <\/p>\n\n\n\n<figure class=\"wp-block-gallery has-nested-images columns-default is-cropped wp-block-gallery-3 is-layout-flex wp-block-gallery-is-layout-flex\">\n<figure class=\"wp-block-image size-large\"><img loading=\"lazy\" decoding=\"async\" width=\"1920\" height=\"1281\" data-id=\"31778\" src=\"https:\/\/lyonbondyblog.fr\/LBB\/wp-content\/uploads\/2023\/02\/La-Porte-de-Brandebourg-scaled-1-1920x1281.jpeg\" alt=\"\" class=\"wp-image-31778\" srcset=\"https:\/\/lyonbondyblog.fr\/LBB\/wp-content\/uploads\/2023\/02\/La-Porte-de-Brandebourg-scaled-1-1920x1281.jpeg 1920w, https:\/\/lyonbondyblog.fr\/LBB\/wp-content\/uploads\/2023\/02\/La-Porte-de-Brandebourg-scaled-1-1200x801.jpeg 1200w, https:\/\/lyonbondyblog.fr\/LBB\/wp-content\/uploads\/2023\/02\/La-Porte-de-Brandebourg-scaled-1-768x512.jpeg 768w, https:\/\/lyonbondyblog.fr\/LBB\/wp-content\/uploads\/2023\/02\/La-Porte-de-Brandebourg-scaled-1-1536x1025.jpeg 1536w, https:\/\/lyonbondyblog.fr\/LBB\/wp-content\/uploads\/2023\/02\/La-Porte-de-Brandebourg-scaled-1-2048x1366.jpeg 2048w, https:\/\/lyonbondyblog.fr\/LBB\/wp-content\/uploads\/2023\/02\/La-Porte-de-Brandebourg-scaled-1-272x182.jpeg 272w\" sizes=\"auto, (max-width: 1920px) 100vw, 1920px\" \/><figcaption class=\"wp-element-caption\">Porte de Brandebourg <\/figcaption><\/figure>\n\n\n\n<figure class=\"wp-block-image size-large\"><img loading=\"lazy\" decoding=\"async\" width=\"752\" height=\"423\" data-id=\"31776\" src=\"https:\/\/lyonbondyblog.fr\/LBB\/wp-content\/uploads\/2023\/02\/phprKCFGO.jpg\" alt=\"\" class=\"wp-image-31776\" \/><figcaption class=\"wp-element-caption\">Mur de Berlin <\/figcaption><\/figure>\n\n\n\n<figure class=\"wp-block-image size-large\"><img loading=\"lazy\" decoding=\"async\" width=\"1200\" height=\"897\" data-id=\"31777\" src=\"https:\/\/lyonbondyblog.fr\/LBB\/wp-content\/uploads\/2023\/02\/Schloss_Neuschwanstein_2013.jpg\" alt=\"\" class=\"wp-image-31777\" srcset=\"https:\/\/lyonbondyblog.fr\/LBB\/wp-content\/uploads\/2023\/02\/Schloss_Neuschwanstein_2013.jpg 1200w, https:\/\/lyonbondyblog.fr\/LBB\/wp-content\/uploads\/2023\/02\/Schloss_Neuschwanstein_2013-768x574.jpg 768w\" sizes=\"auto, (max-width: 1200px) 100vw, 1200px\" \/><figcaption class=\"wp-element-caption\">Ch\u00e2teau de Neuschwanstein <\/figcaption><\/figure>\n<\/figure>\n\n\n\n<p>Article \u00e9crit par les jeunes du Centre Social Louis Braille de Saint-Priest. <\/p>\n<!-- AddThis Advanced Settings generic via filter on the_content --><!-- AddThis Share Buttons generic via filter on the_content -->","protected":false},"excerpt":{"rendered":"<p>Dans un projet d&rsquo;expression-citoyennet\u00e9, nous, les jeunes du centre social Louis Braille (Saint-Priest), montrons notre vision de l&rsquo;Europe. Du 7 au 9 f\u00e9vrier, nous avons &hellip; <!-- AddThis Advanced Settings generic via filter on wp_trim_excerpt --><!-- AddThis Share Buttons generic via filter on wp_trim_excerpt --><\/p>\n","protected":false},"author":31870,"featured_media":31765,"comment_status":"open","ping_status":"open","sticky":true,"template":"","format":"standard","meta":{"_FSMCFIC_featured_image_caption":"","_FSMCFIC_featured_image_nocaption":"","_FSMCFIC_featured_image_hide":"","footnotes":""},"categories":[22684,4,13014],"tags":[1381,45,216,839],"class_list":["post-31753","post","type-post","status-publish","format-standard","has-post-thumbnail","hentry","category-education-aux-medias","category-lyon","category-saint-priest","tag-centre-social","tag-europe","tag-jeunes","tag-saint-priest"],"yoast_head":"<!-- This site is optimized with the Yoast SEO plugin v22.8 - https:\/\/yoast.com\/wordpress\/plugins\/seo\/ -->\n<title>La vision de l&#039;Europe selon les jeunes du centre social Louis Braille - Lyon Bondy Blog<\/title>\n<meta name=\"description\" content=\"Dans un projet d&#039;expression-citoyennet\u00e9, les jeunes du centre social Louis Braille ont montr\u00e9 leur vision de trois pays de l&#039;Europe.\" \/>\n<meta name=\"robots\" content=\"index, follow, max-snippet:-1, max-image-preview:large, max-video-preview:-1\" \/>\n<link rel=\"canonical\" href=\"https:\/\/lyonbondyblog.fr\/LBB\/la-vision-de-leurope-selon-les-jeunes-du-centre-social-louis-braille\/\" \/>\n<meta property=\"og:locale\" content=\"fr_FR\" \/>\n<meta property=\"og:type\" content=\"article\" \/>\n<meta property=\"og:title\" content=\"La vision de l&#039;Europe selon les jeunes du centre social Louis Braille - Lyon Bondy Blog\" \/>\n<meta property=\"og:description\" content=\"Dans un projet d&#039;expression-citoyennet\u00e9, les jeunes du centre social Louis Braille ont montr\u00e9 leur vision de trois pays de l&#039;Europe.\" \/>\n<meta property=\"og:url\" content=\"https:\/\/lyonbondyblog.fr\/LBB\/la-vision-de-leurope-selon-les-jeunes-du-centre-social-louis-braille\/\" \/>\n<meta property=\"og:site_name\" content=\"Lyon Bondy Blog\" \/>\n<meta property=\"article:publisher\" content=\"https:\/\/www.facebook.com\/lyonbondyblog\" \/>\n<meta property=\"article:published_time\" content=\"2023-02-09T16:00:10+00:00\" \/>\n<meta property=\"article:modified_time\" content=\"2023-02-09T16:06:53+00:00\" \/>\n<meta property=\"og:image\" content=\"https:\/\/lyonbondyblog.fr\/LBB\/wp-content\/uploads\/2023\/02\/B8F7D726-5ADA-425C-A6B5-8C42976A73CA.jpg\" \/>\n\t<meta property=\"og:image:width\" content=\"1124\" \/>\n\t<meta property=\"og:image:height\" content=\"746\" \/>\n\t<meta property=\"og:image:type\" content=\"image\/jpeg\" \/>\n<meta name=\"author\" content=\"Morgane Michat\" \/>\n<meta name=\"twitter:card\" content=\"summary_large_image\" \/>\n<meta name=\"twitter:creator\" content=\"@bondybloglyon\" \/>\n<meta name=\"twitter:site\" content=\"@bondybloglyon\" \/>\n<script type=\"application\/ld+json\" class=\"yoast-schema-graph\">{\"@context\":\"https:\/\/schema.org\",\"@graph\":[{\"@type\":\"Article\",\"@id\":\"https:\/\/lyonbondyblog.fr\/LBB\/la-vision-de-leurope-selon-les-jeunes-du-centre-social-louis-braille\/#article\",\"isPartOf\":{\"@id\":\"https:\/\/lyonbondyblog.fr\/LBB\/la-vision-de-leurope-selon-les-jeunes-du-centre-social-louis-braille\/\"},\"author\":{\"name\":\"Morgane Michat\",\"@id\":\"https:\/\/lyonbondyblog.fr\/LBB\/#\/schema\/person\/46681716962512cc41492c07ff164a88\"},\"headline\":\"La vision de l&rsquo;Europe selon les jeunes du centre social Louis Braille\",\"datePublished\":\"2023-02-09T16:00:10+00:00\",\"dateModified\":\"2023-02-09T16:06:53+00:00\",\"mainEntityOfPage\":{\"@id\":\"https:\/\/lyonbondyblog.fr\/LBB\/la-vision-de-leurope-selon-les-jeunes-du-centre-social-louis-braille\/\"},\"wordCount\":476,\"commentCount\":0,\"publisher\":{\"@id\":\"https:\/\/lyonbondyblog.fr\/LBB\/#organization\"},\"image\":{\"@id\":\"https:\/\/lyonbondyblog.fr\/LBB\/la-vision-de-leurope-selon-les-jeunes-du-centre-social-louis-braille\/#primaryimage\"},\"thumbnailUrl\":\"https:\/\/lyonbondyblog.fr\/LBB\/wp-content\/uploads\/2023\/02\/B8F7D726-5ADA-425C-A6B5-8C42976A73CA.jpg\",\"keywords\":[\"Centre social\",\"europe\",\"jeunes\",\"Saint-Priest\"],\"articleSection\":[\"\u00c9ducation aux m\u00e9dias\",\"Lyon\",\"Saint Priest\"],\"inLanguage\":\"fr-FR\",\"potentialAction\":[{\"@type\":\"CommentAction\",\"name\":\"Comment\",\"target\":[\"https:\/\/lyonbondyblog.fr\/LBB\/la-vision-de-leurope-selon-les-jeunes-du-centre-social-louis-braille\/#respond\"]}]},{\"@type\":\"WebPage\",\"@id\":\"https:\/\/lyonbondyblog.fr\/LBB\/la-vision-de-leurope-selon-les-jeunes-du-centre-social-louis-braille\/\",\"url\":\"https:\/\/lyonbondyblog.fr\/LBB\/la-vision-de-leurope-selon-les-jeunes-du-centre-social-louis-braille\/\",\"name\":\"La vision de l'Europe selon les jeunes du centre social Louis Braille - Lyon Bondy Blog\",\"isPartOf\":{\"@id\":\"https:\/\/lyonbondyblog.fr\/LBB\/#website\"},\"primaryImageOfPage\":{\"@id\":\"https:\/\/lyonbondyblog.fr\/LBB\/la-vision-de-leurope-selon-les-jeunes-du-centre-social-louis-braille\/#primaryimage\"},\"image\":{\"@id\":\"https:\/\/lyonbondyblog.fr\/LBB\/la-vision-de-leurope-selon-les-jeunes-du-centre-social-louis-braille\/#primaryimage\"},\"thumbnailUrl\":\"https:\/\/lyonbondyblog.fr\/LBB\/wp-content\/uploads\/2023\/02\/B8F7D726-5ADA-425C-A6B5-8C42976A73CA.jpg\",\"datePublished\":\"2023-02-09T16:00:10+00:00\",\"dateModified\":\"2023-02-09T16:06:53+00:00\",\"description\":\"Dans un projet d'expression-citoyennet\u00e9, les jeunes du centre social Louis Braille ont montr\u00e9 leur vision de trois pays de l'Europe.\",\"inLanguage\":\"fr-FR\",\"potentialAction\":[{\"@type\":\"ReadAction\",\"target\":[\"https:\/\/lyonbondyblog.fr\/LBB\/la-vision-de-leurope-selon-les-jeunes-du-centre-social-louis-braille\/\"]}]},{\"@type\":\"ImageObject\",\"inLanguage\":\"fr-FR\",\"@id\":\"https:\/\/lyonbondyblog.fr\/LBB\/la-vision-de-leurope-selon-les-jeunes-du-centre-social-louis-braille\/#primaryimage\",\"url\":\"https:\/\/lyonbondyblog.fr\/LBB\/wp-content\/uploads\/2023\/02\/B8F7D726-5ADA-425C-A6B5-8C42976A73CA.jpg\",\"contentUrl\":\"https:\/\/lyonbondyblog.fr\/LBB\/wp-content\/uploads\/2023\/02\/B8F7D726-5ADA-425C-A6B5-8C42976A73CA.jpg\",\"width\":1124,\"height\":746},{\"@type\":\"WebSite\",\"@id\":\"https:\/\/lyonbondyblog.fr\/LBB\/#website\",\"url\":\"https:\/\/lyonbondyblog.fr\/LBB\/\",\"name\":\"Lyon Bondy Blog\",\"description\":\"\",\"publisher\":{\"@id\":\"https:\/\/lyonbondyblog.fr\/LBB\/#organization\"},\"potentialAction\":[{\"@type\":\"SearchAction\",\"target\":{\"@type\":\"EntryPoint\",\"urlTemplate\":\"https:\/\/lyonbondyblog.fr\/LBB\/?s={search_term_string}\"},\"query-input\":\"required name=search_term_string\"}],\"inLanguage\":\"fr-FR\"},{\"@type\":\"Organization\",\"@id\":\"https:\/\/lyonbondyblog.fr\/LBB\/#organization\",\"name\":\"LYON BONDY BLOG\",\"url\":\"https:\/\/lyonbondyblog.fr\/LBB\/\",\"logo\":{\"@type\":\"ImageObject\",\"inLanguage\":\"fr-FR\",\"@id\":\"https:\/\/lyonbondyblog.fr\/LBB\/#\/schema\/logo\/image\/\",\"url\":\"http:\/\/lyonbondyblog.fr\/LBB\/wp-content\/uploads\/2014\/10\/logo-portable-144.png\",\"contentUrl\":\"http:\/\/lyonbondyblog.fr\/LBB\/wp-content\/uploads\/2014\/10\/logo-portable-144.png\",\"width\":144,\"height\":123,\"caption\":\"LYON BONDY BLOG\"},\"image\":{\"@id\":\"https:\/\/lyonbondyblog.fr\/LBB\/#\/schema\/logo\/image\/\"},\"sameAs\":[\"https:\/\/www.facebook.com\/lyonbondyblog\",\"https:\/\/x.com\/bondybloglyon\"]},{\"@type\":\"Person\",\"@id\":\"https:\/\/lyonbondyblog.fr\/LBB\/#\/schema\/person\/46681716962512cc41492c07ff164a88\",\"name\":\"Morgane Michat\",\"url\":\"https:\/\/lyonbondyblog.fr\/LBB\/author\/morganem\/\"}]}<\/script>\n<!-- \/ Yoast SEO plugin. -->","yoast_head_json":{"title":"La vision de l'Europe selon les jeunes du centre social Louis Braille - Lyon Bondy Blog","description":"Dans un projet d'expression-citoyennet\u00e9, les jeunes du centre social Louis Braille ont montr\u00e9 leur vision de trois pays de l'Europe.","robots":{"index":"index","follow":"follow","max-snippet":"max-snippet:-1","max-image-preview":"max-image-preview:large","max-video-preview":"max-video-preview:-1"},"canonical":"https:\/\/lyonbondyblog.fr\/LBB\/la-vision-de-leurope-selon-les-jeunes-du-centre-social-louis-braille\/","og_locale":"fr_FR","og_type":"article","og_title":"La vision de l'Europe selon les jeunes du centre social Louis Braille - Lyon Bondy Blog","og_description":"Dans un projet d'expression-citoyennet\u00e9, les jeunes du centre social Louis Braille ont montr\u00e9 leur vision de trois pays de l'Europe.","og_url":"https:\/\/lyonbondyblog.fr\/LBB\/la-vision-de-leurope-selon-les-jeunes-du-centre-social-louis-braille\/","og_site_name":"Lyon Bondy Blog","article_publisher":"https:\/\/www.facebook.com\/lyonbondyblog","article_published_time":"2023-02-09T16:00:10+00:00","article_modified_time":"2023-02-09T16:06:53+00:00","og_image":[{"width":1124,"height":746,"url":"https:\/\/lyonbondyblog.fr\/LBB\/wp-content\/uploads\/2023\/02\/B8F7D726-5ADA-425C-A6B5-8C42976A73CA.jpg","type":"image\/jpeg"}],"author":"Morgane Michat","twitter_card":"summary_large_image","twitter_creator":"@bondybloglyon","twitter_site":"@bondybloglyon","schema":{"@context":"https:\/\/schema.org","@graph":[{"@type":"Article","@id":"https:\/\/lyonbondyblog.fr\/LBB\/la-vision-de-leurope-selon-les-jeunes-du-centre-social-louis-braille\/#article","isPartOf":{"@id":"https:\/\/lyonbondyblog.fr\/LBB\/la-vision-de-leurope-selon-les-jeunes-du-centre-social-louis-braille\/"},"author":{"name":"Morgane Michat","@id":"https:\/\/lyonbondyblog.fr\/LBB\/#\/schema\/person\/46681716962512cc41492c07ff164a88"},"headline":"La vision de l&rsquo;Europe selon les jeunes du centre social Louis Braille","datePublished":"2023-02-09T16:00:10+00:00","dateModified":"2023-02-09T16:06:53+00:00","mainEntityOfPage":{"@id":"https:\/\/lyonbondyblog.fr\/LBB\/la-vision-de-leurope-selon-les-jeunes-du-centre-social-louis-braille\/"},"wordCount":476,"commentCount":0,"publisher":{"@id":"https:\/\/lyonbondyblog.fr\/LBB\/#organization"},"image":{"@id":"https:\/\/lyonbondyblog.fr\/LBB\/la-vision-de-leurope-selon-les-jeunes-du-centre-social-louis-braille\/#primaryimage"},"thumbnailUrl":"https:\/\/lyonbondyblog.fr\/LBB\/wp-content\/uploads\/2023\/02\/B8F7D726-5ADA-425C-A6B5-8C42976A73CA.jpg","keywords":["Centre social","europe","jeunes","Saint-Priest"],"articleSection":["\u00c9ducation aux m\u00e9dias","Lyon","Saint Priest"],"inLanguage":"fr-FR","potentialAction":[{"@type":"CommentAction","name":"Comment","target":["https:\/\/lyonbondyblog.fr\/LBB\/la-vision-de-leurope-selon-les-jeunes-du-centre-social-louis-braille\/#respond"]}]},{"@type":"WebPage","@id":"https:\/\/lyonbondyblog.fr\/LBB\/la-vision-de-leurope-selon-les-jeunes-du-centre-social-louis-braille\/","url":"https:\/\/lyonbondyblog.fr\/LBB\/la-vision-de-leurope-selon-les-jeunes-du-centre-social-louis-braille\/","name":"La vision de l'Europe selon les jeunes du centre social Louis Braille - Lyon Bondy Blog","isPartOf":{"@id":"https:\/\/lyonbondyblog.fr\/LBB\/#website"},"primaryImageOfPage":{"@id":"https:\/\/lyonbondyblog.fr\/LBB\/la-vision-de-leurope-selon-les-jeunes-du-centre-social-louis-braille\/#primaryimage"},"image":{"@id":"https:\/\/lyonbondyblog.fr\/LBB\/la-vision-de-leurope-selon-les-jeunes-du-centre-social-louis-braille\/#primaryimage"},"thumbnailUrl":"https:\/\/lyonbondyblog.fr\/LBB\/wp-content\/uploads\/2023\/02\/B8F7D726-5ADA-425C-A6B5-8C42976A73CA.jpg","datePublished":"2023-02-09T16:00:10+00:00","dateModified":"2023-02-09T16:06:53+00:00","description":"Dans un projet d'expression-citoyennet\u00e9, les jeunes du centre social Louis Braille ont montr\u00e9 leur vision de trois pays de l'Europe.","inLanguage":"fr-FR","potentialAction":[{"@type":"ReadAction","target":["https:\/\/lyonbondyblog.fr\/LBB\/la-vision-de-leurope-selon-les-jeunes-du-centre-social-louis-braille\/"]}]},{"@type":"ImageObject","inLanguage":"fr-FR","@id":"https:\/\/lyonbondyblog.fr\/LBB\/la-vision-de-leurope-selon-les-jeunes-du-centre-social-louis-braille\/#primaryimage","url":"https:\/\/lyonbondyblog.fr\/LBB\/wp-content\/uploads\/2023\/02\/B8F7D726-5ADA-425C-A6B5-8C42976A73CA.jpg","contentUrl":"https:\/\/lyonbondyblog.fr\/LBB\/wp-content\/uploads\/2023\/02\/B8F7D726-5ADA-425C-A6B5-8C42976A73CA.jpg","width":1124,"height":746},{"@type":"WebSite","@id":"https:\/\/lyonbondyblog.fr\/LBB\/#website","url":"https:\/\/lyonbondyblog.fr\/LBB\/","name":"Lyon Bondy Blog","description":"","publisher":{"@id":"https:\/\/lyonbondyblog.fr\/LBB\/#organization"},"potentialAction":[{"@type":"SearchAction","target":{"@type":"EntryPoint","urlTemplate":"https:\/\/lyonbondyblog.fr\/LBB\/?s={search_term_string}"},"query-input":"required name=search_term_string"}],"inLanguage":"fr-FR"},{"@type":"Organization","@id":"https:\/\/lyonbondyblog.fr\/LBB\/#organization","name":"LYON BONDY BLOG","url":"https:\/\/lyonbondyblog.fr\/LBB\/","logo":{"@type":"ImageObject","inLanguage":"fr-FR","@id":"https:\/\/lyonbondyblog.fr\/LBB\/#\/schema\/logo\/image\/","url":"http:\/\/lyonbondyblog.fr\/LBB\/wp-content\/uploads\/2014\/10\/logo-portable-144.png","contentUrl":"http:\/\/lyonbondyblog.fr\/LBB\/wp-content\/uploads\/2014\/10\/logo-portable-144.png","width":144,"height":123,"caption":"LYON BONDY BLOG"},"image":{"@id":"https:\/\/lyonbondyblog.fr\/LBB\/#\/schema\/logo\/image\/"},"sameAs":["https:\/\/www.facebook.com\/lyonbondyblog","https:\/\/x.com\/bondybloglyon"]},{"@type":"Person","@id":"https:\/\/lyonbondyblog.fr\/LBB\/#\/schema\/person\/46681716962512cc41492c07ff164a88","name":"Morgane Michat","url":"https:\/\/lyonbondyblog.fr\/LBB\/author\/morganem\/"}]}},"_links":{"self":[{"href":"https:\/\/lyonbondyblog.fr\/LBB\/wp-json\/wp\/v2\/posts\/31753","targetHints":{"allow":["GET"]}}],"collection":[{"href":"https:\/\/lyonbondyblog.fr\/LBB\/wp-json\/wp\/v2\/posts"}],"about":[{"href":"https:\/\/lyonbondyblog.fr\/LBB\/wp-json\/wp\/v2\/types\/post"}],"author":[{"embeddable":true,"href":"https:\/\/lyonbondyblog.fr\/LBB\/wp-json\/wp\/v2\/users\/31870"}],"replies":[{"embeddable":true,"href":"https:\/\/lyonbondyblog.fr\/LBB\/wp-json\/wp\/v2\/comments?post=31753"}],"version-history":[{"count":17,"href":"https:\/\/lyonbondyblog.fr\/LBB\/wp-json\/wp\/v2\/posts\/31753\/revisions"}],"predecessor-version":[{"id":31787,"href":"https:\/\/lyonbondyblog.fr\/LBB\/wp-json\/wp\/v2\/posts\/31753\/revisions\/31787"}],"wp:featuredmedia":[{"embeddable":true,"href":"https:\/\/lyonbondyblog.fr\/LBB\/wp-json\/wp\/v2\/media\/31765"}],"wp:attachment":[{"href":"https:\/\/lyonbondyblog.fr\/LBB\/wp-json\/wp\/v2\/media?parent=31753"}],"wp:term":[{"taxonomy":"category","embeddable":true,"href":"https:\/\/lyonbondyblog.fr\/LBB\/wp-json\/wp\/v2\/categories?post=31753"},{"taxonomy":"post_tag","embeddable":true,"href":"https:\/\/lyonbondyblog.fr\/LBB\/wp-json\/wp\/v2\/tags?post=31753"}],"curies":[{"name":"wp","href":"https:\/\/api.w.org\/{rel}","templated":true}]}}