{"id":31740,"date":"2023-02-07T18:31:05","date_gmt":"2023-02-07T17:31:05","guid":{"rendered":"http:\/\/lyonbondyblog.fr\/LBB\/?p=31740"},"modified":"2023-02-07T18:53:44","modified_gmt":"2023-02-07T17:53:44","slug":"des-manifestants-moins-nombreux-contre-la-reforme-des-retraites-a-lyon","status":"publish","type":"post","link":"https:\/\/lyonbondyblog.fr\/LBB\/des-manifestants-moins-nombreux-contre-la-reforme-des-retraites-a-lyon\/","title":{"rendered":"Des manifestants moins nombreux contre la r\u00e9forme des retraites \u00e0 Lyon"},"content":{"rendered":"\n<h2 class=\"wp-block-heading\">Pour le compte de la troisi\u00e8me journ\u00e9e de mobilisation nationale contre la r\u00e9forme des retraites, ce mardi 7 f\u00e9vrier, environ 20 000 personnes ont manifest\u00e9 \u00e0 Lyon, des chiffres moins importants que <a href=\"https:\/\/lyonbondyblog.fr\/LBB\/la-manifestation-sallonge-le-depart-a-la-retraite-recule-toujours\/\" target=\"_blank\" rel=\"noreferrer noopener\">lors de la journ\u00e9e pr\u00e9c\u00e9dente.<\/a><\/h2>\n\n\n\n<p>Selon la pr\u00e9fecture, 10&nbsp;700 personnes se seraient mobilis\u00e9es contre 30&nbsp;000 selon les syndicats. Tous deux traduisent une baisse du nombre de manifestants, en comparaison avec la deuxi\u00e8me journ\u00e9e, le 31 janvier, o\u00f9 ils \u00e9taient 45&nbsp;000. Une autre manifestation aura lieu ce samedi 11 f\u00e9vrier au d\u00e9part de Brotteaux, dans le sixi\u00e8me arrondissement.<\/p>\n\n\n\n<p>Le cort\u00e8ge a entam\u00e9 sa marche \u00e0 midi \u00e0 la manufacture des tabacs et a fini sa course \u00e0 Bellecour dans des conditions normales. Quelques \u00e9carts ont eu lieu, des bennes ont \u00e9t\u00e9 renvers\u00e9es, des poubelles incendi\u00e9es et des projectiles ont \u00e9t\u00e9 jet\u00e9s sur les autorit\u00e9s, contraintes d\u2019utiliser des canons \u00e0 eau. Mais il n\u2019y a eu ni bless\u00e9s, ni interpell\u00e9s selon<a href=\"https:\/\/www.rhone.gouv.fr\/\" target=\"_blank\" rel=\"noreferrer noopener\"> la pr\u00e9fecture du Rh\u00f4ne<\/a>.<\/p>\n\n\n\n<h3 class=\"wp-block-heading\">Un d\u00e9bat \u00e0 l\u2019Assembl\u00e9e nationale qui ne donne rien pour l\u2019instant<\/h3>\n\n\n\n<p>Pourtant, <a href=\"https:\/\/www.francetvinfo.fr\/economie\/retraite\/reforme-des-retraites\/direct-reforme-des-retraites-si-le-texte-passe-a-l-assemblee-nationale-la-cgt-continuera-la-mobilisation_5643353.html\" target=\"_blank\" rel=\"noreferrer noopener\">des d\u00e9bats ont commenc\u00e9 \u00e0 l\u2019Assembl\u00e9e nationale<\/a> ce lundi mais les partis ne sont toujours pas parvenus \u00e0 un accord. Plusieurs mesures ont \u00e9t\u00e9 envisag\u00e9es comme celle d\u2019un r\u00e9f\u00e9rendum, propos\u00e9 par le Rassemblement National mais qui a \u00e9t\u00e9 rejet\u00e9e. D\u2019autre part, une motion de rejet a \u00e9t\u00e9 d\u00e9pos\u00e9e par LFI pour essayer de r\u00e9cuser la r\u00e9forme dans sa totalit\u00e9, mais elle a \u00e9t\u00e9 \u00e9galement repouss\u00e9e. Plusieurs partis se sont indign\u00e9s, notamment la gauche qui a pr\u00e9f\u00e9r\u00e9 quitter l\u2019h\u00e9micycle apr\u00e8s un d\u00e9saccord avec la Nupes.<\/p>\n\n\n\n<p>Pr\u00e8s de 20.000 amendements ont \u00e9t\u00e9 d\u00e9pos\u00e9s, principalement par La France Insoumise, mais ce chiffre devrait diminuer, car il doivent \u00eatre examin\u00e9s et jug\u00e9s recevables. Une premi\u00e8re journ\u00e9e plut\u00f4t mouvement\u00e9e, mais il va falloir tenir car ces d\u00e9bats ne font que d\u00e9buter et devraient durer une quinzaine de jours.<\/p>\n\n\n\n<figure class=\"wp-block-gallery has-nested-images columns-default is-cropped wp-block-gallery-1 is-layout-flex wp-block-gallery-is-layout-flex\">\n<figure class=\"wp-block-image size-large\"><img loading=\"lazy\" decoding=\"async\" width=\"737\" height=\"673\" data-id=\"31743\" src=\"https:\/\/lyonbondyblog.fr\/LBB\/wp-content\/uploads\/2023\/02\/Capture-decran-2023-02-07-174749.png\" alt=\"\" class=\"wp-image-31743\" \/><\/figure>\n\n\n\n<figure class=\"wp-block-image size-large\"><img loading=\"lazy\" decoding=\"async\" width=\"743\" height=\"508\" data-id=\"31742\" src=\"https:\/\/lyonbondyblog.fr\/LBB\/wp-content\/uploads\/2023\/02\/Capture-decran-2023-02-07-174814.png\" alt=\"\" class=\"wp-image-31742\" \/><\/figure>\n\n\n\n<figure class=\"wp-block-image size-large\"><img loading=\"lazy\" decoding=\"async\" width=\"730\" height=\"601\" data-id=\"31744\" src=\"https:\/\/lyonbondyblog.fr\/LBB\/wp-content\/uploads\/2023\/02\/Capture-decran-2023-02-07-174912.png\" alt=\"\" class=\"wp-image-31744\" \/><\/figure>\n<\/figure>\n\n\n\n<p><\/p>\n<!-- AddThis Advanced Settings generic via filter on the_content --><!-- AddThis Share Buttons generic via filter on the_content -->","protected":false},"excerpt":{"rendered":"<p>Pour le compte de la troisi\u00e8me journ\u00e9e de mobilisation nationale contre la r\u00e9forme des retraites, ce mardi 7 f\u00e9vrier, environ 20 000 personnes ont manifest\u00e9 &hellip; <!-- AddThis Advanced Settings generic via filter on wp_trim_excerpt --><!-- AddThis Share Buttons generic via filter on wp_trim_excerpt --><\/p>\n","protected":false},"author":31872,"featured_media":31747,"comment_status":"open","ping_status":"open","sticky":true,"template":"","format":"standard","meta":{"_FSMCFIC_featured_image_caption":"","_FSMCFIC_featured_image_nocaption":"","_FSMCFIC_featured_image_hide":"","footnotes":""},"categories":[22673,6447,6495],"tags":[6807,10,3033,28292],"class_list":["post-31740","post","type-post","status-publish","format-standard","has-post-thumbnail","hentry","category-cgt","category-manifestations","category-retraite","tag-cgt","tag-lyon-2","tag-reforme","tag-retraite"],"yoast_head":"<!-- This site is optimized with the Yoast SEO plugin v22.8 - https:\/\/yoast.com\/wordpress\/plugins\/seo\/ -->\n<title>Des manifestants moins nombreux contre la r\u00e9forme des retraites \u00e0 Lyon - Lyon Bondy Blog<\/title>\n<meta name=\"description\" content=\"Des manifestants moins nombreux contre la r\u00e9forme des retraites \u00e0 Lyon Lyon Bondy Blog Manifestations\" \/>\n<meta name=\"robots\" content=\"index, follow, max-snippet:-1, max-image-preview:large, max-video-preview:-1\" \/>\n<link rel=\"canonical\" href=\"https:\/\/lyonbondyblog.fr\/LBB\/des-manifestants-moins-nombreux-contre-la-reforme-des-retraites-a-lyon\/\" \/>\n<meta property=\"og:locale\" content=\"fr_FR\" \/>\n<meta property=\"og:type\" content=\"article\" \/>\n<meta property=\"og:title\" content=\"Des manifestants moins nombreux contre la r\u00e9forme des retraites \u00e0 Lyon - Lyon Bondy Blog\" \/>\n<meta property=\"og:description\" content=\"Des manifestants moins nombreux contre la r\u00e9forme des retraites \u00e0 Lyon Lyon Bondy Blog Manifestations\" \/>\n<meta property=\"og:url\" content=\"https:\/\/lyonbondyblog.fr\/LBB\/des-manifestants-moins-nombreux-contre-la-reforme-des-retraites-a-lyon\/\" \/>\n<meta property=\"og:site_name\" content=\"Lyon Bondy Blog\" \/>\n<meta property=\"article:publisher\" content=\"https:\/\/www.facebook.com\/lyonbondyblog\" \/>\n<meta property=\"article:published_time\" content=\"2023-02-07T17:31:05+00:00\" \/>\n<meta property=\"article:modified_time\" content=\"2023-02-07T17:53:44+00:00\" \/>\n<meta property=\"og:image\" content=\"https:\/\/lyonbondyblog.fr\/LBB\/wp-content\/uploads\/2023\/02\/IMG_1304-1.jpg\" \/>\n\t<meta property=\"og:image:width\" content=\"436\" \/>\n\t<meta property=\"og:image:height\" content=\"353\" \/>\n\t<meta property=\"og:image:type\" content=\"image\/jpeg\" \/>\n<meta name=\"author\" content=\"Juan Salazar\" \/>\n<meta name=\"twitter:card\" content=\"summary_large_image\" \/>\n<meta name=\"twitter:creator\" content=\"@bondybloglyon\" \/>\n<meta name=\"twitter:site\" content=\"@bondybloglyon\" \/>\n<script type=\"application\/ld+json\" class=\"yoast-schema-graph\">{\"@context\":\"https:\/\/schema.org\",\"@graph\":[{\"@type\":\"Article\",\"@id\":\"https:\/\/lyonbondyblog.fr\/LBB\/des-manifestants-moins-nombreux-contre-la-reforme-des-retraites-a-lyon\/#article\",\"isPartOf\":{\"@id\":\"https:\/\/lyonbondyblog.fr\/LBB\/des-manifestants-moins-nombreux-contre-la-reforme-des-retraites-a-lyon\/\"},\"author\":{\"name\":\"Juan Salazar\",\"@id\":\"https:\/\/lyonbondyblog.fr\/LBB\/#\/schema\/person\/9b9c08e6c6ed85d5fe59e5f221453a11\"},\"headline\":\"Des manifestants moins nombreux contre la r\u00e9forme des retraites \u00e0 Lyon\",\"datePublished\":\"2023-02-07T17:31:05+00:00\",\"dateModified\":\"2023-02-07T17:53:44+00:00\",\"mainEntityOfPage\":{\"@id\":\"https:\/\/lyonbondyblog.fr\/LBB\/des-manifestants-moins-nombreux-contre-la-reforme-des-retraites-a-lyon\/\"},\"wordCount\":358,\"commentCount\":0,\"publisher\":{\"@id\":\"https:\/\/lyonbondyblog.fr\/LBB\/#organization\"},\"image\":{\"@id\":\"https:\/\/lyonbondyblog.fr\/LBB\/des-manifestants-moins-nombreux-contre-la-reforme-des-retraites-a-lyon\/#primaryimage\"},\"thumbnailUrl\":\"https:\/\/lyonbondyblog.fr\/LBB\/wp-content\/uploads\/2023\/02\/IMG_1304-1.jpg\",\"keywords\":[\"CGT\",\"lyon\",\"r\u00e9forme\",\"retraite\"],\"articleSection\":[\"CGT\",\"Manifestations\",\"Retraite\"],\"inLanguage\":\"fr-FR\",\"potentialAction\":[{\"@type\":\"CommentAction\",\"name\":\"Comment\",\"target\":[\"https:\/\/lyonbondyblog.fr\/LBB\/des-manifestants-moins-nombreux-contre-la-reforme-des-retraites-a-lyon\/#respond\"]}]},{\"@type\":\"WebPage\",\"@id\":\"https:\/\/lyonbondyblog.fr\/LBB\/des-manifestants-moins-nombreux-contre-la-reforme-des-retraites-a-lyon\/\",\"url\":\"https:\/\/lyonbondyblog.fr\/LBB\/des-manifestants-moins-nombreux-contre-la-reforme-des-retraites-a-lyon\/\",\"name\":\"Des manifestants moins nombreux contre la r\u00e9forme des retraites \u00e0 Lyon - Lyon Bondy Blog\",\"isPartOf\":{\"@id\":\"https:\/\/lyonbondyblog.fr\/LBB\/#website\"},\"primaryImageOfPage\":{\"@id\":\"https:\/\/lyonbondyblog.fr\/LBB\/des-manifestants-moins-nombreux-contre-la-reforme-des-retraites-a-lyon\/#primaryimage\"},\"image\":{\"@id\":\"https:\/\/lyonbondyblog.fr\/LBB\/des-manifestants-moins-nombreux-contre-la-reforme-des-retraites-a-lyon\/#primaryimage\"},\"thumbnailUrl\":\"https:\/\/lyonbondyblog.fr\/LBB\/wp-content\/uploads\/2023\/02\/IMG_1304-1.jpg\",\"datePublished\":\"2023-02-07T17:31:05+00:00\",\"dateModified\":\"2023-02-07T17:53:44+00:00\",\"description\":\"Des manifestants moins nombreux contre la r\u00e9forme des retraites \u00e0 Lyon Lyon Bondy Blog Manifestations\",\"inLanguage\":\"fr-FR\",\"potentialAction\":[{\"@type\":\"ReadAction\",\"target\":[\"https:\/\/lyonbondyblog.fr\/LBB\/des-manifestants-moins-nombreux-contre-la-reforme-des-retraites-a-lyon\/\"]}]},{\"@type\":\"ImageObject\",\"inLanguage\":\"fr-FR\",\"@id\":\"https:\/\/lyonbondyblog.fr\/LBB\/des-manifestants-moins-nombreux-contre-la-reforme-des-retraites-a-lyon\/#primaryimage\",\"url\":\"https:\/\/lyonbondyblog.fr\/LBB\/wp-content\/uploads\/2023\/02\/IMG_1304-1.jpg\",\"contentUrl\":\"https:\/\/lyonbondyblog.fr\/LBB\/wp-content\/uploads\/2023\/02\/IMG_1304-1.jpg\",\"width\":436,\"height\":353},{\"@type\":\"WebSite\",\"@id\":\"https:\/\/lyonbondyblog.fr\/LBB\/#website\",\"url\":\"https:\/\/lyonbondyblog.fr\/LBB\/\",\"name\":\"Lyon Bondy Blog\",\"description\":\"\",\"publisher\":{\"@id\":\"https:\/\/lyonbondyblog.fr\/LBB\/#organization\"},\"potentialAction\":[{\"@type\":\"SearchAction\",\"target\":{\"@type\":\"EntryPoint\",\"urlTemplate\":\"https:\/\/lyonbondyblog.fr\/LBB\/?s={search_term_string}\"},\"query-input\":\"required name=search_term_string\"}],\"inLanguage\":\"fr-FR\"},{\"@type\":\"Organization\",\"@id\":\"https:\/\/lyonbondyblog.fr\/LBB\/#organization\",\"name\":\"LYON BONDY BLOG\",\"url\":\"https:\/\/lyonbondyblog.fr\/LBB\/\",\"logo\":{\"@type\":\"ImageObject\",\"inLanguage\":\"fr-FR\",\"@id\":\"https:\/\/lyonbondyblog.fr\/LBB\/#\/schema\/logo\/image\/\",\"url\":\"http:\/\/lyonbondyblog.fr\/LBB\/wp-content\/uploads\/2014\/10\/logo-portable-144.png\",\"contentUrl\":\"http:\/\/lyonbondyblog.fr\/LBB\/wp-content\/uploads\/2014\/10\/logo-portable-144.png\",\"width\":144,\"height\":123,\"caption\":\"LYON BONDY BLOG\"},\"image\":{\"@id\":\"https:\/\/lyonbondyblog.fr\/LBB\/#\/schema\/logo\/image\/\"},\"sameAs\":[\"https:\/\/www.facebook.com\/lyonbondyblog\",\"https:\/\/x.com\/bondybloglyon\"]},{\"@type\":\"Person\",\"@id\":\"https:\/\/lyonbondyblog.fr\/LBB\/#\/schema\/person\/9b9c08e6c6ed85d5fe59e5f221453a11\",\"name\":\"Juan Salazar\",\"url\":\"https:\/\/lyonbondyblog.fr\/LBB\/author\/juans\/\"}]}<\/script>\n<!-- \/ Yoast SEO plugin. -->","yoast_head_json":{"title":"Des manifestants moins nombreux contre la r\u00e9forme des retraites \u00e0 Lyon - Lyon Bondy Blog","description":"Des manifestants moins nombreux contre la r\u00e9forme des retraites \u00e0 Lyon Lyon Bondy Blog Manifestations","robots":{"index":"index","follow":"follow","max-snippet":"max-snippet:-1","max-image-preview":"max-image-preview:large","max-video-preview":"max-video-preview:-1"},"canonical":"https:\/\/lyonbondyblog.fr\/LBB\/des-manifestants-moins-nombreux-contre-la-reforme-des-retraites-a-lyon\/","og_locale":"fr_FR","og_type":"article","og_title":"Des manifestants moins nombreux contre la r\u00e9forme des retraites \u00e0 Lyon - Lyon Bondy Blog","og_description":"Des manifestants moins nombreux contre la r\u00e9forme des retraites \u00e0 Lyon Lyon Bondy Blog Manifestations","og_url":"https:\/\/lyonbondyblog.fr\/LBB\/des-manifestants-moins-nombreux-contre-la-reforme-des-retraites-a-lyon\/","og_site_name":"Lyon Bondy Blog","article_publisher":"https:\/\/www.facebook.com\/lyonbondyblog","article_published_time":"2023-02-07T17:31:05+00:00","article_modified_time":"2023-02-07T17:53:44+00:00","og_image":[{"width":436,"height":353,"url":"https:\/\/lyonbondyblog.fr\/LBB\/wp-content\/uploads\/2023\/02\/IMG_1304-1.jpg","type":"image\/jpeg"}],"author":"Juan Salazar","twitter_card":"summary_large_image","twitter_creator":"@bondybloglyon","twitter_site":"@bondybloglyon","schema":{"@context":"https:\/\/schema.org","@graph":[{"@type":"Article","@id":"https:\/\/lyonbondyblog.fr\/LBB\/des-manifestants-moins-nombreux-contre-la-reforme-des-retraites-a-lyon\/#article","isPartOf":{"@id":"https:\/\/lyonbondyblog.fr\/LBB\/des-manifestants-moins-nombreux-contre-la-reforme-des-retraites-a-lyon\/"},"author":{"name":"Juan Salazar","@id":"https:\/\/lyonbondyblog.fr\/LBB\/#\/schema\/person\/9b9c08e6c6ed85d5fe59e5f221453a11"},"headline":"Des manifestants moins nombreux contre la r\u00e9forme des retraites \u00e0 Lyon","datePublished":"2023-02-07T17:31:05+00:00","dateModified":"2023-02-07T17:53:44+00:00","mainEntityOfPage":{"@id":"https:\/\/lyonbondyblog.fr\/LBB\/des-manifestants-moins-nombreux-contre-la-reforme-des-retraites-a-lyon\/"},"wordCount":358,"commentCount":0,"publisher":{"@id":"https:\/\/lyonbondyblog.fr\/LBB\/#organization"},"image":{"@id":"https:\/\/lyonbondyblog.fr\/LBB\/des-manifestants-moins-nombreux-contre-la-reforme-des-retraites-a-lyon\/#primaryimage"},"thumbnailUrl":"https:\/\/lyonbondyblog.fr\/LBB\/wp-content\/uploads\/2023\/02\/IMG_1304-1.jpg","keywords":["CGT","lyon","r\u00e9forme","retraite"],"articleSection":["CGT","Manifestations","Retraite"],"inLanguage":"fr-FR","potentialAction":[{"@type":"CommentAction","name":"Comment","target":["https:\/\/lyonbondyblog.fr\/LBB\/des-manifestants-moins-nombreux-contre-la-reforme-des-retraites-a-lyon\/#respond"]}]},{"@type":"WebPage","@id":"https:\/\/lyonbondyblog.fr\/LBB\/des-manifestants-moins-nombreux-contre-la-reforme-des-retraites-a-lyon\/","url":"https:\/\/lyonbondyblog.fr\/LBB\/des-manifestants-moins-nombreux-contre-la-reforme-des-retraites-a-lyon\/","name":"Des manifestants moins nombreux contre la r\u00e9forme des retraites \u00e0 Lyon - Lyon Bondy Blog","isPartOf":{"@id":"https:\/\/lyonbondyblog.fr\/LBB\/#website"},"primaryImageOfPage":{"@id":"https:\/\/lyonbondyblog.fr\/LBB\/des-manifestants-moins-nombreux-contre-la-reforme-des-retraites-a-lyon\/#primaryimage"},"image":{"@id":"https:\/\/lyonbondyblog.fr\/LBB\/des-manifestants-moins-nombreux-contre-la-reforme-des-retraites-a-lyon\/#primaryimage"},"thumbnailUrl":"https:\/\/lyonbondyblog.fr\/LBB\/wp-content\/uploads\/2023\/02\/IMG_1304-1.jpg","datePublished":"2023-02-07T17:31:05+00:00","dateModified":"2023-02-07T17:53:44+00:00","description":"Des manifestants moins nombreux contre la r\u00e9forme des retraites \u00e0 Lyon Lyon Bondy Blog Manifestations","inLanguage":"fr-FR","potentialAction":[{"@type":"ReadAction","target":["https:\/\/lyonbondyblog.fr\/LBB\/des-manifestants-moins-nombreux-contre-la-reforme-des-retraites-a-lyon\/"]}]},{"@type":"ImageObject","inLanguage":"fr-FR","@id":"https:\/\/lyonbondyblog.fr\/LBB\/des-manifestants-moins-nombreux-contre-la-reforme-des-retraites-a-lyon\/#primaryimage","url":"https:\/\/lyonbondyblog.fr\/LBB\/wp-content\/uploads\/2023\/02\/IMG_1304-1.jpg","contentUrl":"https:\/\/lyonbondyblog.fr\/LBB\/wp-content\/uploads\/2023\/02\/IMG_1304-1.jpg","width":436,"height":353},{"@type":"WebSite","@id":"https:\/\/lyonbondyblog.fr\/LBB\/#website","url":"https:\/\/lyonbondyblog.fr\/LBB\/","name":"Lyon Bondy Blog","description":"","publisher":{"@id":"https:\/\/lyonbondyblog.fr\/LBB\/#organization"},"potentialAction":[{"@type":"SearchAction","target":{"@type":"EntryPoint","urlTemplate":"https:\/\/lyonbondyblog.fr\/LBB\/?s={search_term_string}"},"query-input":"required name=search_term_string"}],"inLanguage":"fr-FR"},{"@type":"Organization","@id":"https:\/\/lyonbondyblog.fr\/LBB\/#organization","name":"LYON BONDY BLOG","url":"https:\/\/lyonbondyblog.fr\/LBB\/","logo":{"@type":"ImageObject","inLanguage":"fr-FR","@id":"https:\/\/lyonbondyblog.fr\/LBB\/#\/schema\/logo\/image\/","url":"http:\/\/lyonbondyblog.fr\/LBB\/wp-content\/uploads\/2014\/10\/logo-portable-144.png","contentUrl":"http:\/\/lyonbondyblog.fr\/LBB\/wp-content\/uploads\/2014\/10\/logo-portable-144.png","width":144,"height":123,"caption":"LYON BONDY BLOG"},"image":{"@id":"https:\/\/lyonbondyblog.fr\/LBB\/#\/schema\/logo\/image\/"},"sameAs":["https:\/\/www.facebook.com\/lyonbondyblog","https:\/\/x.com\/bondybloglyon"]},{"@type":"Person","@id":"https:\/\/lyonbondyblog.fr\/LBB\/#\/schema\/person\/9b9c08e6c6ed85d5fe59e5f221453a11","name":"Juan Salazar","url":"https:\/\/lyonbondyblog.fr\/LBB\/author\/juans\/"}]}},"_links":{"self":[{"href":"https:\/\/lyonbondyblog.fr\/LBB\/wp-json\/wp\/v2\/posts\/31740","targetHints":{"allow":["GET"]}}],"collection":[{"href":"https:\/\/lyonbondyblog.fr\/LBB\/wp-json\/wp\/v2\/posts"}],"about":[{"href":"https:\/\/lyonbondyblog.fr\/LBB\/wp-json\/wp\/v2\/types\/post"}],"author":[{"embeddable":true,"href":"https:\/\/lyonbondyblog.fr\/LBB\/wp-json\/wp\/v2\/users\/31872"}],"replies":[{"embeddable":true,"href":"https:\/\/lyonbondyblog.fr\/LBB\/wp-json\/wp\/v2\/comments?post=31740"}],"version-history":[{"count":3,"href":"https:\/\/lyonbondyblog.fr\/LBB\/wp-json\/wp\/v2\/posts\/31740\/revisions"}],"predecessor-version":[{"id":31749,"href":"https:\/\/lyonbondyblog.fr\/LBB\/wp-json\/wp\/v2\/posts\/31740\/revisions\/31749"}],"wp:featuredmedia":[{"embeddable":true,"href":"https:\/\/lyonbondyblog.fr\/LBB\/wp-json\/wp\/v2\/media\/31747"}],"wp:attachment":[{"href":"https:\/\/lyonbondyblog.fr\/LBB\/wp-json\/wp\/v2\/media?parent=31740"}],"wp:term":[{"taxonomy":"category","embeddable":true,"href":"https:\/\/lyonbondyblog.fr\/LBB\/wp-json\/wp\/v2\/categories?post=31740"},{"taxonomy":"post_tag","embeddable":true,"href":"https:\/\/lyonbondyblog.fr\/LBB\/wp-json\/wp\/v2\/tags?post=31740"}],"curies":[{"name":"wp","href":"https:\/\/api.w.org\/{rel}","templated":true}]}}