{"id":31690,"date":"2023-02-01T17:39:20","date_gmt":"2023-02-01T16:39:20","guid":{"rendered":"http:\/\/lyonbondyblog.fr\/LBB\/?p=31690"},"modified":"2023-02-01T18:57:53","modified_gmt":"2023-02-01T17:57:53","slug":"competition-de-worldskills-a-lyon-les-jeunes-touchent-du-bois","status":"publish","type":"post","link":"https:\/\/lyonbondyblog.fr\/LBB\/competition-de-worldskills-a-lyon-les-jeunes-touchent-du-bois\/","title":{"rendered":"Comp\u00e9tition de Worldskills \u00e0 Lyon, les jeunes touchent du bois.\u00a0"},"content":{"rendered":"\n<h2 class=\"wp-block-heading\">Le lyc\u00e9e professionnel Georges Lamarque \u00e0 Rillieux-la-Pape accueillait mercredi 1<sup>er<\/sup>&nbsp;f\u00e9vrier les pr\u00e9s\u00e9lections du concours national de Worldskills. 12 participants sur ce site \u00e9taient r\u00e9unis autour d\u2019une \u00e9preuve commune dont le sujet \u00e9tait impos\u00e9.&nbsp;<\/h2>\n\n\n\n<p>Les Worldskills r\u00e9unissent plus de 60 m\u00e9tiers dans tous les secteurs. Il y a aussi plus de 85 pays qui s\u2019affrontent lors des finales mondiales qui ont lieu tous les deux ans.&nbsp;<\/p>\n\n\n\n<p>Le concours est ouvert \u00e0 tous les profils, tous corps de m\u00e9tiers et d\u2019\u00e9tudes, le seul crit\u00e8re de s\u00e9lection est l\u2019\u00e2ge, il faut avoir moins de 23 ans. <a href=\"https:\/\/inscription.cofom.org\" target=\"_blank\" rel=\"noreferrer noopener\">Vous pouvez d\u00e9poser autant de candidatures que vous souhaitez si vous restez dans la tranche d\u2019\u00e2ge.\u00a0<\/a><\/p>\n\n\n\n<div class=\"wp-block-columns is-layout-flex wp-container-core-columns-is-layout-9d6595d7 wp-block-columns-is-layout-flex\">\n<div class=\"wp-block-column is-layout-flow wp-block-column-is-layout-flow\" style=\"flex-basis:33.33%\">\n<figure class=\"wp-block-image size-large\"><img loading=\"lazy\" decoding=\"async\" width=\"1440\" height=\"1920\" src=\"https:\/\/lyonbondyblog.fr\/LBB\/wp-content\/uploads\/2023\/02\/IMG_0703-1-1440x1920.jpeg\" alt=\"\" class=\"wp-image-31696\" srcset=\"https:\/\/lyonbondyblog.fr\/LBB\/wp-content\/uploads\/2023\/02\/IMG_0703-1-1440x1920.jpeg 1440w, https:\/\/lyonbondyblog.fr\/LBB\/wp-content\/uploads\/2023\/02\/IMG_0703-1-900x1200.jpeg 900w, https:\/\/lyonbondyblog.fr\/LBB\/wp-content\/uploads\/2023\/02\/IMG_0703-1-768x1024.jpeg 768w, https:\/\/lyonbondyblog.fr\/LBB\/wp-content\/uploads\/2023\/02\/IMG_0703-1-1152x1536.jpeg 1152w, https:\/\/lyonbondyblog.fr\/LBB\/wp-content\/uploads\/2023\/02\/IMG_0703-1-1536x2048.jpeg 1536w, https:\/\/lyonbondyblog.fr\/LBB\/wp-content\/uploads\/2023\/02\/IMG_0703-1-scaled.jpeg 1920w\" sizes=\"auto, (max-width: 1440px) 100vw, 1440px\" \/><\/figure>\n<\/div>\n\n\n\n<div class=\"wp-block-column is-layout-flow wp-block-column-is-layout-flow\" style=\"flex-basis:66.66%\">\n<figure class=\"wp-block-image size-large\"><img loading=\"lazy\" decoding=\"async\" width=\"1920\" height=\"1440\" src=\"https:\/\/lyonbondyblog.fr\/LBB\/wp-content\/uploads\/2023\/02\/IMG_0710-1920x1440.jpeg\" alt=\"\" class=\"wp-image-31697\" srcset=\"https:\/\/lyonbondyblog.fr\/LBB\/wp-content\/uploads\/2023\/02\/IMG_0710-1920x1440.jpeg 1920w, https:\/\/lyonbondyblog.fr\/LBB\/wp-content\/uploads\/2023\/02\/IMG_0710-1200x900.jpeg 1200w, https:\/\/lyonbondyblog.fr\/LBB\/wp-content\/uploads\/2023\/02\/IMG_0710-768x576.jpeg 768w, https:\/\/lyonbondyblog.fr\/LBB\/wp-content\/uploads\/2023\/02\/IMG_0710-1536x1152.jpeg 1536w, https:\/\/lyonbondyblog.fr\/LBB\/wp-content\/uploads\/2023\/02\/IMG_0710-2048x1536.jpeg 2048w\" sizes=\"auto, (max-width: 1920px) 100vw, 1920px\" \/><figcaption class=\"wp-element-caption\">Les participants en pleine r\u00e9alisation.<\/figcaption><\/figure>\n<\/div>\n<\/div>\n\n\n\n<h3 class=\"wp-block-heading\">Une opportunit\u00e9 pour les jeunes.&nbsp;<\/h3>\n\n\n\n<p>Le concours est libre, tout le monde peut s\u2019inscrire, en respectant la limite d\u2019\u00e2ge. Pour les jeunes apprenants, c\u2019est une grande opportunit\u00e9. Cela leur offre de la visibilit\u00e9 devant des recruteurs, et leur fait une place dans le m\u00e9tier qu\u2019ils choisissent de repr\u00e9senter. Qu\u2019ils soient s\u00e9lectionn\u00e9s ou non, les participants obtiennent une visibilit\u00e9 et des comp\u00e9tences qu\u2019ils n\u2019auraient pas obtenu dans un cadre classique. Pour Aur\u00e9lie Gavoille-Alix, les jeunes acqui\u00e8rent une exp\u00e9rience importante, et peu d\u2019entre-eux finissent au ch\u00f4mage.<\/p>\n\n\n\n<figure class=\"wp-block-audio\"><audio controls src=\"https:\/\/lyonbondyblog.fr\/LBB\/wp-content\/uploads\/2023\/02\/Lycee-Professionnel-Georges-Lamarque.mp3\"><\/audio><figcaption class=\"wp-element-caption\">Aur\u00e9lie Gavoille-Alix explique les opportunit\u00e9s qui s&rsquo;offrent aux jeunes qui participent \u00e0 la comp\u00e9tition.<\/figcaption><\/figure>\n\n\n\n<h3 class=\"wp-block-heading\">Le d\u00e9roulement des Worldskills&nbsp;<\/h3>\n\n\n\n<figure class=\"wp-block-image size-full\"><img loading=\"lazy\" decoding=\"async\" width=\"1482\" height=\"644\" src=\"https:\/\/lyonbondyblog.fr\/LBB\/wp-content\/uploads\/2023\/02\/Capture-decran-2023-02-01-a-16.38.27.png\" alt=\"\" class=\"wp-image-31692\" srcset=\"https:\/\/lyonbondyblog.fr\/LBB\/wp-content\/uploads\/2023\/02\/Capture-decran-2023-02-01-a-16.38.27.png 1482w, https:\/\/lyonbondyblog.fr\/LBB\/wp-content\/uploads\/2023\/02\/Capture-decran-2023-02-01-a-16.38.27-1200x521.png 1200w, https:\/\/lyonbondyblog.fr\/LBB\/wp-content\/uploads\/2023\/02\/Capture-decran-2023-02-01-a-16.38.27-768x334.png 768w\" sizes=\"auto, (max-width: 1482px) 100vw, 1482px\" \/><figcaption class=\"wp-element-caption\"><a href=\"https:\/\/www.worldskills-france.org\" target=\"_blank\" rel=\"noreferrer noopener\">D\u00e9roulement de la 47\u00e8me  comp\u00e9tition Worldskills<\/a><\/figcaption><\/figure>\n\n\n\n<p>Chaque \u00e9preuve a un th\u00e8me et des pi\u00e8ces impos\u00e9es, pour que le jugement final reste objectif. \u00ab\u00a0<em>Tout le monde peut juger<\/em>\u00a0\u00bb explique Aur\u00e9lie Gavoille-Alix charg\u00e9e de d\u00e9veloppement du concours Worldskills dans la r\u00e9gion Auvergne Rh\u00f4ne-Alpes. Effectivement, pour que le jugement reste impartial et objectif, les jur\u00e9s sont compos\u00e9s de personnes du m\u00e9tier concern\u00e9 ou non. Cela permet de n\u2019apporter aucune pr\u00e9f\u00e9rence ou trop de technique pour le jugement, vu que le concours rassemble des amateurs apprenants.\u00a0<\/p>\n\n\n\n<figure class=\"wp-block-image size-large is-resized\"><img loading=\"lazy\" decoding=\"async\" src=\"https:\/\/lyonbondyblog.fr\/LBB\/wp-content\/uploads\/2023\/02\/IMG_0698-1440x1920.jpeg\" alt=\"\" class=\"wp-image-31699\" width=\"416\" height=\"555\" srcset=\"https:\/\/lyonbondyblog.fr\/LBB\/wp-content\/uploads\/2023\/02\/IMG_0698-1440x1920.jpeg 1440w, https:\/\/lyonbondyblog.fr\/LBB\/wp-content\/uploads\/2023\/02\/IMG_0698-900x1200.jpeg 900w, https:\/\/lyonbondyblog.fr\/LBB\/wp-content\/uploads\/2023\/02\/IMG_0698-768x1024.jpeg 768w, https:\/\/lyonbondyblog.fr\/LBB\/wp-content\/uploads\/2023\/02\/IMG_0698-1152x1536.jpeg 1152w, https:\/\/lyonbondyblog.fr\/LBB\/wp-content\/uploads\/2023\/02\/IMG_0698-1536x2048.jpeg 1536w, https:\/\/lyonbondyblog.fr\/LBB\/wp-content\/uploads\/2023\/02\/IMG_0698-scaled.jpeg 1920w\" sizes=\"auto, (max-width: 416px) 100vw, 416px\" \/><figcaption class=\"wp-element-caption\">La r\u00e9alisation impos\u00e9e aux participants aujourd&rsquo;hui<\/figcaption><\/figure>\n\n\n\n<p>L\u2019\u00e9preuve du mercredi 1<sup>er<\/sup>&nbsp;f\u00e9vrier rassemblait 12 jeunes au Lyc\u00e9e professionnel de Rillieux-la-Pape, tous tentaient de se qualifier pour les phases nationales. Au programme, 3h05 d\u2019\u00e9preuve autour d\u2019une pi\u00e8ce impos\u00e9e \u00e0 reproduire. Les participants s\u00e9lectionn\u00e9s pourront se pr\u00e9parer pour les nationaux.&nbsp;<\/p>\n\n\n\n<p>Les jeunes s\u00e9lectionn\u00e9s seront alors accompagn\u00e9s et entra\u00een\u00e9s par des professionnels du m\u00e9tier qu\u2019ils repr\u00e9sentent.&nbsp;<\/p>\n\n\n\n<p>\u00c0 l\u2019issue de ces pr\u00e9s\u00e9lections r\u00e9gionales, \u00ab\u00a0<em>On retiendra 10-12 candidats qui iront le 23-24 mars dans le Cantal, pour s\u00e9lectionner le seul qui repr\u00e9sentera la r\u00e9gion \u00e0 l\u2019\u00e9chelle nationale\u00a0<\/em>\u00bb indique Aur\u00e9lie.\u00a0<\/p>\n\n\n\n<p>Le concours mondial de Worldskills se d\u00e9roulera&nbsp;du&nbsp;10 au 15 Septembre&nbsp;2024 \u00e0 Lyon au salon Eurexpo.&nbsp;<\/p>\n<!-- AddThis Advanced Settings generic via filter on the_content --><!-- AddThis Share Buttons generic via filter on the_content -->","protected":false},"excerpt":{"rendered":"<p>Le lyc\u00e9e professionnel Georges Lamarque \u00e0 Rillieux-la-Pape accueillait mercredi 1er&nbsp;f\u00e9vrier les pr\u00e9s\u00e9lections du concours national de Worldskills. 12 participants sur ce site \u00e9taient r\u00e9unis autour &hellip; <!-- AddThis Advanced Settings generic via filter on wp_trim_excerpt --><!-- AddThis Share Buttons generic via filter on wp_trim_excerpt --><\/p>\n","protected":false},"author":31871,"featured_media":31698,"comment_status":"open","ping_status":"open","sticky":true,"template":"","format":"standard","meta":{"_FSMCFIC_featured_image_caption":"","_FSMCFIC_featured_image_nocaption":"","_FSMCFIC_featured_image_hide":"","footnotes":""},"categories":[3517,5324,4,13014],"tags":[2884,135,10,112,28298,28296],"class_list":["post-31690","post","type-post","status-publish","format-standard","has-post-thumbnail","hentry","category-education","category-jeunesse","category-lyon","category-saint-priest","tag-competition","tag-lbb","tag-lyon-2","tag-lyon-bondy-blog","tag-menuiserie","tag-saint-priest-2"],"yoast_head":"<!-- This site is optimized with the Yoast SEO plugin v22.8 - https:\/\/yoast.com\/wordpress\/plugins\/seo\/ -->\n<title>Comp\u00e9tition de Worldskills \u00e0 Lyon, les jeunes touchent du bois.\u00a0 - Lyon Bondy Blog<\/title>\n<meta name=\"description\" content=\"Le lyc\u00e9e professionnel Georges Lamarque \u00e0 Rillieux-la-Pape accueillait les pr\u00e9s\u00e9lections du concours Worldskills, autour de la menuiserie.\" \/>\n<meta name=\"robots\" content=\"index, follow, max-snippet:-1, max-image-preview:large, max-video-preview:-1\" \/>\n<link rel=\"canonical\" href=\"https:\/\/lyonbondyblog.fr\/LBB\/competition-de-worldskills-a-lyon-les-jeunes-touchent-du-bois\/\" \/>\n<meta property=\"og:locale\" content=\"fr_FR\" \/>\n<meta property=\"og:type\" content=\"article\" \/>\n<meta property=\"og:title\" content=\"Comp\u00e9tition de Worldskills \u00e0 Lyon, les jeunes touchent du bois.\u00a0 - Lyon Bondy Blog\" \/>\n<meta property=\"og:description\" content=\"Le lyc\u00e9e professionnel Georges Lamarque \u00e0 Rillieux-la-Pape accueillait les pr\u00e9s\u00e9lections du concours Worldskills, autour de la menuiserie.\" \/>\n<meta property=\"og:url\" content=\"https:\/\/lyonbondyblog.fr\/LBB\/competition-de-worldskills-a-lyon-les-jeunes-touchent-du-bois\/\" \/>\n<meta property=\"og:site_name\" content=\"Lyon Bondy Blog\" \/>\n<meta property=\"article:publisher\" content=\"https:\/\/www.facebook.com\/lyonbondyblog\" \/>\n<meta property=\"article:published_time\" content=\"2023-02-01T16:39:20+00:00\" \/>\n<meta property=\"article:modified_time\" content=\"2023-02-01T17:57:53+00:00\" \/>\n<meta property=\"og:image\" content=\"https:\/\/lyonbondyblog.fr\/LBB\/wp-content\/uploads\/2023\/02\/IMG_0706-scaled.jpeg\" \/>\n\t<meta property=\"og:image:width\" content=\"2560\" \/>\n\t<meta property=\"og:image:height\" content=\"1920\" \/>\n\t<meta property=\"og:image:type\" content=\"image\/jpeg\" \/>\n<meta name=\"author\" content=\"Matilda Passot\" \/>\n<meta name=\"twitter:card\" content=\"summary_large_image\" \/>\n<meta name=\"twitter:creator\" content=\"@bondybloglyon\" \/>\n<meta name=\"twitter:site\" content=\"@bondybloglyon\" \/>\n<script type=\"application\/ld+json\" class=\"yoast-schema-graph\">{\"@context\":\"https:\/\/schema.org\",\"@graph\":[{\"@type\":\"Article\",\"@id\":\"https:\/\/lyonbondyblog.fr\/LBB\/competition-de-worldskills-a-lyon-les-jeunes-touchent-du-bois\/#article\",\"isPartOf\":{\"@id\":\"https:\/\/lyonbondyblog.fr\/LBB\/competition-de-worldskills-a-lyon-les-jeunes-touchent-du-bois\/\"},\"author\":{\"name\":\"Matilda Passot\",\"@id\":\"https:\/\/lyonbondyblog.fr\/LBB\/#\/schema\/person\/821670c9ea2a73ee8fa6917c83cf6241\"},\"headline\":\"Comp\u00e9tition de Worldskills \u00e0 Lyon, les jeunes touchent du bois.\u00a0\",\"datePublished\":\"2023-02-01T16:39:20+00:00\",\"dateModified\":\"2023-02-01T17:57:53+00:00\",\"mainEntityOfPage\":{\"@id\":\"https:\/\/lyonbondyblog.fr\/LBB\/competition-de-worldskills-a-lyon-les-jeunes-touchent-du-bois\/\"},\"wordCount\":501,\"commentCount\":1,\"publisher\":{\"@id\":\"https:\/\/lyonbondyblog.fr\/LBB\/#organization\"},\"image\":{\"@id\":\"https:\/\/lyonbondyblog.fr\/LBB\/competition-de-worldskills-a-lyon-les-jeunes-touchent-du-bois\/#primaryimage\"},\"thumbnailUrl\":\"https:\/\/lyonbondyblog.fr\/LBB\/wp-content\/uploads\/2023\/02\/IMG_0706-scaled.jpeg\",\"keywords\":[\"comp\u00e9tition\",\"LBB\",\"lyon\",\"Lyon Bondy Blog\",\"menuiserie\",\"saint priest\"],\"articleSection\":[\"Education\",\"Jeunesse\",\"Lyon\",\"Saint Priest\"],\"inLanguage\":\"fr-FR\",\"potentialAction\":[{\"@type\":\"CommentAction\",\"name\":\"Comment\",\"target\":[\"https:\/\/lyonbondyblog.fr\/LBB\/competition-de-worldskills-a-lyon-les-jeunes-touchent-du-bois\/#respond\"]}]},{\"@type\":\"WebPage\",\"@id\":\"https:\/\/lyonbondyblog.fr\/LBB\/competition-de-worldskills-a-lyon-les-jeunes-touchent-du-bois\/\",\"url\":\"https:\/\/lyonbondyblog.fr\/LBB\/competition-de-worldskills-a-lyon-les-jeunes-touchent-du-bois\/\",\"name\":\"Comp\u00e9tition de Worldskills \u00e0 Lyon, les jeunes touchent du bois.\u00a0 - Lyon Bondy Blog\",\"isPartOf\":{\"@id\":\"https:\/\/lyonbondyblog.fr\/LBB\/#website\"},\"primaryImageOfPage\":{\"@id\":\"https:\/\/lyonbondyblog.fr\/LBB\/competition-de-worldskills-a-lyon-les-jeunes-touchent-du-bois\/#primaryimage\"},\"image\":{\"@id\":\"https:\/\/lyonbondyblog.fr\/LBB\/competition-de-worldskills-a-lyon-les-jeunes-touchent-du-bois\/#primaryimage\"},\"thumbnailUrl\":\"https:\/\/lyonbondyblog.fr\/LBB\/wp-content\/uploads\/2023\/02\/IMG_0706-scaled.jpeg\",\"datePublished\":\"2023-02-01T16:39:20+00:00\",\"dateModified\":\"2023-02-01T17:57:53+00:00\",\"description\":\"Le lyc\u00e9e professionnel Georges Lamarque \u00e0 Rillieux-la-Pape accueillait les pr\u00e9s\u00e9lections du concours Worldskills, autour de la menuiserie.\",\"inLanguage\":\"fr-FR\",\"potentialAction\":[{\"@type\":\"ReadAction\",\"target\":[\"https:\/\/lyonbondyblog.fr\/LBB\/competition-de-worldskills-a-lyon-les-jeunes-touchent-du-bois\/\"]}]},{\"@type\":\"ImageObject\",\"inLanguage\":\"fr-FR\",\"@id\":\"https:\/\/lyonbondyblog.fr\/LBB\/competition-de-worldskills-a-lyon-les-jeunes-touchent-du-bois\/#primaryimage\",\"url\":\"https:\/\/lyonbondyblog.fr\/LBB\/wp-content\/uploads\/2023\/02\/IMG_0706-scaled.jpeg\",\"contentUrl\":\"https:\/\/lyonbondyblog.fr\/LBB\/wp-content\/uploads\/2023\/02\/IMG_0706-scaled.jpeg\",\"width\":2560,\"height\":1920},{\"@type\":\"WebSite\",\"@id\":\"https:\/\/lyonbondyblog.fr\/LBB\/#website\",\"url\":\"https:\/\/lyonbondyblog.fr\/LBB\/\",\"name\":\"Lyon Bondy Blog\",\"description\":\"\",\"publisher\":{\"@id\":\"https:\/\/lyonbondyblog.fr\/LBB\/#organization\"},\"potentialAction\":[{\"@type\":\"SearchAction\",\"target\":{\"@type\":\"EntryPoint\",\"urlTemplate\":\"https:\/\/lyonbondyblog.fr\/LBB\/?s={search_term_string}\"},\"query-input\":\"required name=search_term_string\"}],\"inLanguage\":\"fr-FR\"},{\"@type\":\"Organization\",\"@id\":\"https:\/\/lyonbondyblog.fr\/LBB\/#organization\",\"name\":\"LYON BONDY BLOG\",\"url\":\"https:\/\/lyonbondyblog.fr\/LBB\/\",\"logo\":{\"@type\":\"ImageObject\",\"inLanguage\":\"fr-FR\",\"@id\":\"https:\/\/lyonbondyblog.fr\/LBB\/#\/schema\/logo\/image\/\",\"url\":\"http:\/\/lyonbondyblog.fr\/LBB\/wp-content\/uploads\/2014\/10\/logo-portable-144.png\",\"contentUrl\":\"http:\/\/lyonbondyblog.fr\/LBB\/wp-content\/uploads\/2014\/10\/logo-portable-144.png\",\"width\":144,\"height\":123,\"caption\":\"LYON BONDY BLOG\"},\"image\":{\"@id\":\"https:\/\/lyonbondyblog.fr\/LBB\/#\/schema\/logo\/image\/\"},\"sameAs\":[\"https:\/\/www.facebook.com\/lyonbondyblog\",\"https:\/\/x.com\/bondybloglyon\"]},{\"@type\":\"Person\",\"@id\":\"https:\/\/lyonbondyblog.fr\/LBB\/#\/schema\/person\/821670c9ea2a73ee8fa6917c83cf6241\",\"name\":\"Matilda Passot\",\"url\":\"https:\/\/lyonbondyblog.fr\/LBB\/author\/matildap\/\"}]}<\/script>\n<!-- \/ Yoast SEO plugin. -->","yoast_head_json":{"title":"Comp\u00e9tition de Worldskills \u00e0 Lyon, les jeunes touchent du bois.\u00a0 - Lyon Bondy Blog","description":"Le lyc\u00e9e professionnel Georges Lamarque \u00e0 Rillieux-la-Pape accueillait les pr\u00e9s\u00e9lections du concours Worldskills, autour de la menuiserie.","robots":{"index":"index","follow":"follow","max-snippet":"max-snippet:-1","max-image-preview":"max-image-preview:large","max-video-preview":"max-video-preview:-1"},"canonical":"https:\/\/lyonbondyblog.fr\/LBB\/competition-de-worldskills-a-lyon-les-jeunes-touchent-du-bois\/","og_locale":"fr_FR","og_type":"article","og_title":"Comp\u00e9tition de Worldskills \u00e0 Lyon, les jeunes touchent du bois.\u00a0 - Lyon Bondy Blog","og_description":"Le lyc\u00e9e professionnel Georges Lamarque \u00e0 Rillieux-la-Pape accueillait les pr\u00e9s\u00e9lections du concours Worldskills, autour de la menuiserie.","og_url":"https:\/\/lyonbondyblog.fr\/LBB\/competition-de-worldskills-a-lyon-les-jeunes-touchent-du-bois\/","og_site_name":"Lyon Bondy Blog","article_publisher":"https:\/\/www.facebook.com\/lyonbondyblog","article_published_time":"2023-02-01T16:39:20+00:00","article_modified_time":"2023-02-01T17:57:53+00:00","og_image":[{"width":2560,"height":1920,"url":"https:\/\/lyonbondyblog.fr\/LBB\/wp-content\/uploads\/2023\/02\/IMG_0706-scaled.jpeg","type":"image\/jpeg"}],"author":"Matilda Passot","twitter_card":"summary_large_image","twitter_creator":"@bondybloglyon","twitter_site":"@bondybloglyon","schema":{"@context":"https:\/\/schema.org","@graph":[{"@type":"Article","@id":"https:\/\/lyonbondyblog.fr\/LBB\/competition-de-worldskills-a-lyon-les-jeunes-touchent-du-bois\/#article","isPartOf":{"@id":"https:\/\/lyonbondyblog.fr\/LBB\/competition-de-worldskills-a-lyon-les-jeunes-touchent-du-bois\/"},"author":{"name":"Matilda Passot","@id":"https:\/\/lyonbondyblog.fr\/LBB\/#\/schema\/person\/821670c9ea2a73ee8fa6917c83cf6241"},"headline":"Comp\u00e9tition de Worldskills \u00e0 Lyon, les jeunes touchent du bois.\u00a0","datePublished":"2023-02-01T16:39:20+00:00","dateModified":"2023-02-01T17:57:53+00:00","mainEntityOfPage":{"@id":"https:\/\/lyonbondyblog.fr\/LBB\/competition-de-worldskills-a-lyon-les-jeunes-touchent-du-bois\/"},"wordCount":501,"commentCount":1,"publisher":{"@id":"https:\/\/lyonbondyblog.fr\/LBB\/#organization"},"image":{"@id":"https:\/\/lyonbondyblog.fr\/LBB\/competition-de-worldskills-a-lyon-les-jeunes-touchent-du-bois\/#primaryimage"},"thumbnailUrl":"https:\/\/lyonbondyblog.fr\/LBB\/wp-content\/uploads\/2023\/02\/IMG_0706-scaled.jpeg","keywords":["comp\u00e9tition","LBB","lyon","Lyon Bondy Blog","menuiserie","saint priest"],"articleSection":["Education","Jeunesse","Lyon","Saint Priest"],"inLanguage":"fr-FR","potentialAction":[{"@type":"CommentAction","name":"Comment","target":["https:\/\/lyonbondyblog.fr\/LBB\/competition-de-worldskills-a-lyon-les-jeunes-touchent-du-bois\/#respond"]}]},{"@type":"WebPage","@id":"https:\/\/lyonbondyblog.fr\/LBB\/competition-de-worldskills-a-lyon-les-jeunes-touchent-du-bois\/","url":"https:\/\/lyonbondyblog.fr\/LBB\/competition-de-worldskills-a-lyon-les-jeunes-touchent-du-bois\/","name":"Comp\u00e9tition de Worldskills \u00e0 Lyon, les jeunes touchent du bois.\u00a0 - Lyon Bondy Blog","isPartOf":{"@id":"https:\/\/lyonbondyblog.fr\/LBB\/#website"},"primaryImageOfPage":{"@id":"https:\/\/lyonbondyblog.fr\/LBB\/competition-de-worldskills-a-lyon-les-jeunes-touchent-du-bois\/#primaryimage"},"image":{"@id":"https:\/\/lyonbondyblog.fr\/LBB\/competition-de-worldskills-a-lyon-les-jeunes-touchent-du-bois\/#primaryimage"},"thumbnailUrl":"https:\/\/lyonbondyblog.fr\/LBB\/wp-content\/uploads\/2023\/02\/IMG_0706-scaled.jpeg","datePublished":"2023-02-01T16:39:20+00:00","dateModified":"2023-02-01T17:57:53+00:00","description":"Le lyc\u00e9e professionnel Georges Lamarque \u00e0 Rillieux-la-Pape accueillait les pr\u00e9s\u00e9lections du concours Worldskills, autour de la menuiserie.","inLanguage":"fr-FR","potentialAction":[{"@type":"ReadAction","target":["https:\/\/lyonbondyblog.fr\/LBB\/competition-de-worldskills-a-lyon-les-jeunes-touchent-du-bois\/"]}]},{"@type":"ImageObject","inLanguage":"fr-FR","@id":"https:\/\/lyonbondyblog.fr\/LBB\/competition-de-worldskills-a-lyon-les-jeunes-touchent-du-bois\/#primaryimage","url":"https:\/\/lyonbondyblog.fr\/LBB\/wp-content\/uploads\/2023\/02\/IMG_0706-scaled.jpeg","contentUrl":"https:\/\/lyonbondyblog.fr\/LBB\/wp-content\/uploads\/2023\/02\/IMG_0706-scaled.jpeg","width":2560,"height":1920},{"@type":"WebSite","@id":"https:\/\/lyonbondyblog.fr\/LBB\/#website","url":"https:\/\/lyonbondyblog.fr\/LBB\/","name":"Lyon Bondy Blog","description":"","publisher":{"@id":"https:\/\/lyonbondyblog.fr\/LBB\/#organization"},"potentialAction":[{"@type":"SearchAction","target":{"@type":"EntryPoint","urlTemplate":"https:\/\/lyonbondyblog.fr\/LBB\/?s={search_term_string}"},"query-input":"required name=search_term_string"}],"inLanguage":"fr-FR"},{"@type":"Organization","@id":"https:\/\/lyonbondyblog.fr\/LBB\/#organization","name":"LYON BONDY BLOG","url":"https:\/\/lyonbondyblog.fr\/LBB\/","logo":{"@type":"ImageObject","inLanguage":"fr-FR","@id":"https:\/\/lyonbondyblog.fr\/LBB\/#\/schema\/logo\/image\/","url":"http:\/\/lyonbondyblog.fr\/LBB\/wp-content\/uploads\/2014\/10\/logo-portable-144.png","contentUrl":"http:\/\/lyonbondyblog.fr\/LBB\/wp-content\/uploads\/2014\/10\/logo-portable-144.png","width":144,"height":123,"caption":"LYON BONDY BLOG"},"image":{"@id":"https:\/\/lyonbondyblog.fr\/LBB\/#\/schema\/logo\/image\/"},"sameAs":["https:\/\/www.facebook.com\/lyonbondyblog","https:\/\/x.com\/bondybloglyon"]},{"@type":"Person","@id":"https:\/\/lyonbondyblog.fr\/LBB\/#\/schema\/person\/821670c9ea2a73ee8fa6917c83cf6241","name":"Matilda Passot","url":"https:\/\/lyonbondyblog.fr\/LBB\/author\/matildap\/"}]}},"_links":{"self":[{"href":"https:\/\/lyonbondyblog.fr\/LBB\/wp-json\/wp\/v2\/posts\/31690","targetHints":{"allow":["GET"]}}],"collection":[{"href":"https:\/\/lyonbondyblog.fr\/LBB\/wp-json\/wp\/v2\/posts"}],"about":[{"href":"https:\/\/lyonbondyblog.fr\/LBB\/wp-json\/wp\/v2\/types\/post"}],"author":[{"embeddable":true,"href":"https:\/\/lyonbondyblog.fr\/LBB\/wp-json\/wp\/v2\/users\/31871"}],"replies":[{"embeddable":true,"href":"https:\/\/lyonbondyblog.fr\/LBB\/wp-json\/wp\/v2\/comments?post=31690"}],"version-history":[{"count":2,"href":"https:\/\/lyonbondyblog.fr\/LBB\/wp-json\/wp\/v2\/posts\/31690\/revisions"}],"predecessor-version":[{"id":31702,"href":"https:\/\/lyonbondyblog.fr\/LBB\/wp-json\/wp\/v2\/posts\/31690\/revisions\/31702"}],"wp:featuredmedia":[{"embeddable":true,"href":"https:\/\/lyonbondyblog.fr\/LBB\/wp-json\/wp\/v2\/media\/31698"}],"wp:attachment":[{"href":"https:\/\/lyonbondyblog.fr\/LBB\/wp-json\/wp\/v2\/media?parent=31690"}],"wp:term":[{"taxonomy":"category","embeddable":true,"href":"https:\/\/lyonbondyblog.fr\/LBB\/wp-json\/wp\/v2\/categories?post=31690"},{"taxonomy":"post_tag","embeddable":true,"href":"https:\/\/lyonbondyblog.fr\/LBB\/wp-json\/wp\/v2\/tags?post=31690"}],"curies":[{"name":"wp","href":"https:\/\/api.w.org\/{rel}","templated":true}]}}