{"id":31676,"date":"2023-01-31T18:40:05","date_gmt":"2023-01-31T17:40:05","guid":{"rendered":"http:\/\/lyonbondyblog.fr\/LBB\/?p=31676"},"modified":"2023-01-31T19:57:21","modified_gmt":"2023-01-31T18:57:21","slug":"la-manifestation-sallonge-le-depart-a-la-retraite-recule-toujours","status":"publish","type":"post","link":"https:\/\/lyonbondyblog.fr\/LBB\/la-manifestation-sallonge-le-depart-a-la-retraite-recule-toujours\/","title":{"rendered":"La manifestation s\u2019allonge, le d\u00e9part \u00e0 la retraite recule toujours.\u00a0"},"content":{"rendered":"\n<h2 class=\"wp-block-heading\">Ce mardi 31 janvier signe la deuxi\u00e8me vague de mobilisation contre la r\u00e9forme des retraites. Suivant le m\u00eame trajet que la pr\u00e9c\u00e9dente, de la Manufacture des Tabacs \u00e0 Bellecour. Selon les syndicats, pr\u00e8s de 45 000 lyonnais \u00e9taient pr\u00e9sents dans les rues.&nbsp;<\/h2>\n\n\n\n<p>Lundi 30 janvier, le texte de loi visant \u00e0 reculer l\u2019\u00e2ge de d\u00e9part \u00e0 la retraite de 62 ans \u00e0 64 ans est arriv\u00e9 sur la table de la commission des Affaires sociales de l\u2019Assembl\u00e9e nationale. Le texte ne sera pr\u00e9sent\u00e9 \u00e0 l\u2019Assembl\u00e9e nationale que le 6 f\u00e9vrier, les d\u00e9put\u00e9s pourront alors modifier ou non le texte.&nbsp;<\/p>\n\n\n\n<p>Malgr\u00e9 l\u2019organisation autour du texte de loi, les Fran\u00e7ais se mobilisent contre cette r\u00e9forme. <a href=\"https:\/\/lyonbondyblog.fr\/LBB\/macron-bat-en-retraite\/\" target=\"_blank\" rel=\"noreferrer noopener\">\u00c0 Lyon, jeudi 19 janvier, on comptait 38 000 manifestants<\/a> <a href=\"https:\/\/lyonbondyblog.fr\/LBB\/macron-bat-en-retraite\/\" target=\"_blank\" rel=\"noreferrer noopener\">dans les rues<\/a>, contre 45 000 selon les syndicats mardi 31 janvier.\u00a0<\/p>\n\n\n\n<figure class=\"wp-block-image size-large\"><img loading=\"lazy\" decoding=\"async\" width=\"1920\" height=\"1440\" src=\"https:\/\/lyonbondyblog.fr\/LBB\/wp-content\/uploads\/2023\/01\/rues-manif-31-1920x1440.jpg\" alt=\"\" class=\"wp-image-31677\" srcset=\"https:\/\/lyonbondyblog.fr\/LBB\/wp-content\/uploads\/2023\/01\/rues-manif-31-1920x1440.jpg 1920w, https:\/\/lyonbondyblog.fr\/LBB\/wp-content\/uploads\/2023\/01\/rues-manif-31-1200x900.jpg 1200w, https:\/\/lyonbondyblog.fr\/LBB\/wp-content\/uploads\/2023\/01\/rues-manif-31-768x576.jpg 768w, https:\/\/lyonbondyblog.fr\/LBB\/wp-content\/uploads\/2023\/01\/rues-manif-31-1536x1152.jpg 1536w, https:\/\/lyonbondyblog.fr\/LBB\/wp-content\/uploads\/2023\/01\/rues-manif-31.jpg 2048w\" sizes=\"auto, (max-width: 1920px) 100vw, 1920px\" \/><figcaption class=\"wp-element-caption\">Le Cours Gambetta \u00e0 Lyon rempli de manifestants ce mardi 31 janvier<\/figcaption><\/figure>\n\n\n\n<h3 class=\"wp-block-heading\">Un chiffre en hausse par rapport \u00e0 la manifestation du 19 janvier.<\/h3>\n\n\n\n<p>Dans la capitale, pr\u00e8s de 500 000 parisiens \u00e9taient dehors selon les syndicats, soit 100 000 de plus que lors de la pr\u00e9c\u00e9dente manifestation. Les chiffres \u00e0 l\u2019\u00e9chelle nationale affichent la m\u00eame tendance, les Fran\u00e7ais sont plus nombreux \u00e0 manifester que le 19 janvier. Cela s\u2019explique par la non-consid\u00e9ration de cette premi\u00e8re manifestation, qui n\u2019a pas chang\u00e9 ou bouscul\u00e9 la date de pr\u00e9sentation du texte au Conseil des ministres le 23 janvier dernier. Il est 14h dans le cort\u00e8ge de la Manufacture des tabacs, les Lyonnais scandent des slogans \u00e9chauffants et revendiquent leurs position. Ils sont de tous \u00e2ges et de toutes professions, d\u2019\u00e9tudiants \u00e0 retrait\u00e9s en passant par ouvriers et employ\u00e9s.&nbsp;<\/p>\n\n\n\n<p>Pour un \u00e9tudiant lyonnais, la r\u00e9forme des retraites est un scandale et ne devrait pas voir le jour.&nbsp;<\/p>\n\n\n\n<figure class=\"wp-block-audio\"><audio controls src=\"https:\/\/lyonbondyblog.fr\/LBB\/wp-content\/uploads\/2023\/01\/Jeune-etudiant-lyonnais-interview.mp3\"><\/audio><figcaption class=\"wp-element-caption\">Interview d&rsquo;un \u00e9tudiant lyonnais<\/figcaption><\/figure>\n\n\n\n<p>Le gouvernement semble continuer sur sa lanc\u00e9e affichant une d\u00e9termination \u00e0 mener au bout le projet. Selon Martin,&nbsp;repr\u00e9sentant syndical de la CGT, c\u2019est une fausse d\u00e9termination.&nbsp;<\/p>\n\n\n\n<figure class=\"wp-block-audio\"><audio controls src=\"https:\/\/lyonbondyblog.fr\/LBB\/wp-content\/uploads\/2023\/01\/Interview-Martin-representant-syndical-de-la-CGT.mp3\"><\/audio><figcaption class=\"wp-element-caption\">Interview de Martin, repr\u00e9sentant syndical de la CGT<\/figcaption><\/figure>\n\n\n\n<figure class=\"wp-block-image size-full is-resized\"><img loading=\"lazy\" decoding=\"async\" src=\"https:\/\/lyonbondyblog.fr\/LBB\/wp-content\/uploads\/2023\/01\/Capture-decran-2023-01-31-a-11.04.24.png\" alt=\"\" class=\"wp-image-31685\" width=\"539\" height=\"408\" srcset=\"https:\/\/lyonbondyblog.fr\/LBB\/wp-content\/uploads\/2023\/01\/Capture-decran-2023-01-31-a-11.04.24.png 1202w, https:\/\/lyonbondyblog.fr\/LBB\/wp-content\/uploads\/2023\/01\/Capture-decran-2023-01-31-a-11.04.24-1200x908.png 1200w, https:\/\/lyonbondyblog.fr\/LBB\/wp-content\/uploads\/2023\/01\/Capture-decran-2023-01-31-a-11.04.24-768x581.png 768w\" sizes=\"auto, (max-width: 539px) 100vw, 539px\" \/><\/figure>\n\n\n\n<h3 class=\"wp-block-heading\">\u00ab&nbsp;M\u00e9tro Boulot Tombeau&nbsp;\u00bb<\/h3>\n\n\n\n<p>C\u2019est un des divers slogans que vous pourriez apercevoir si vous \u00e9tiez pr\u00e9sents lors de la manifestation \u00e0 Lyon. Ces pancartes lourdes de sens affichent la position des manifestants, cet \u00e9tudiant lyonnais explique pourquoi il se mobilise aujourd\u2019hui.&nbsp;<\/p>\n\n\n\n<figure class=\"wp-block-audio\"><audio controls src=\"https:\/\/lyonbondyblog.fr\/LBB\/wp-content\/uploads\/2023\/01\/Jeune-etudiant-pourquoi-il-se-mobilise.mp3\"><\/audio><figcaption class=\"wp-element-caption\">Un \u00e9tudiant lyonnais explique pourquoi il est pr\u00e9sent aujourd&rsquo;hui<\/figcaption><\/figure>\n\n\n\n<p>V\u00e9ronique DUBOIS BERTRAND, maire de Lyon 3 (arrondissement de l\u2019arriv\u00e9e de la manifestation) se mobilise elle aussi et appelle tout le monde \u00e0 suivre ce mouvement de protestation.&nbsp;<\/p>\n\n\n\n<figure class=\"wp-block-audio\"><audio controls src=\"https:\/\/lyonbondyblog.fr\/LBB\/wp-content\/uploads\/2023\/01\/Maire-de-Lyon3-1.mp3\"><\/audio><figcaption class=\"wp-element-caption\">Interview de la maire de Lyon 3 V\u00e9ronique Dubois Bertrand<\/figcaption><\/figure>\n\n\n\n<p>Les seules craintes des manifestants seraient le passage en force de la r\u00e9forme par la dissolution de l\u2019Assembl\u00e9e nationale ou par l\u2019utilisation du 49.3. La maire de Lyon 3 met en lumi\u00e8re cette possibilit\u00e9.<\/p>\n\n\n\n<figure class=\"wp-block-audio\"><audio controls src=\"https:\/\/lyonbondyblog.fr\/LBB\/wp-content\/uploads\/2023\/01\/Maire-lyon-3_2.mp3\"><\/audio><figcaption class=\"wp-element-caption\">La maire de Lyon 3 \u00e9met l&rsquo;hypoth\u00e8se de l&rsquo;utilisation du 49.3<\/figcaption><\/figure>\n\n\n\n<figure class=\"wp-block-image size-full is-resized\"><img loading=\"lazy\" decoding=\"async\" src=\"https:\/\/lyonbondyblog.fr\/LBB\/wp-content\/uploads\/2023\/01\/Capture-decran-2023-01-31-a-11.04.38.png\" alt=\"\" class=\"wp-image-31684\" width=\"466\" height=\"370\" srcset=\"https:\/\/lyonbondyblog.fr\/LBB\/wp-content\/uploads\/2023\/01\/Capture-decran-2023-01-31-a-11.04.38.png 1192w, https:\/\/lyonbondyblog.fr\/LBB\/wp-content\/uploads\/2023\/01\/Capture-decran-2023-01-31-a-11.04.38-768x611.png 768w\" sizes=\"auto, (max-width: 466px) 100vw, 466px\" \/><\/figure>\n\n\n\n<h3 class=\"wp-block-heading\">Le report de l\u2019\u00e2ge de d\u00e9part \u00e0 la retraite un \u00ab&nbsp;danger&nbsp;\u00bb pour les employ\u00e9s&nbsp;?&nbsp;<\/h3>\n\n\n\n<p>Partir \u00e0 la retraite \u00e0 64 ans est envisageable pour les employ\u00e9s de bureaux ou de m\u00e9tiers n\u2019impliquant pas le physique. Mais pour ceux et celles qui pratiquent des m\u00e9tiers manuels comme la menuiserie et les travailleurs du b\u00e2timent, partir \u00e0 la retraite deux ans plus tard serait injuste et dangereux selon Martin, repr\u00e9sentant syndical de la CGT.&nbsp;<\/p>\n\n\n\n<figure class=\"wp-block-audio\"><audio controls src=\"https:\/\/lyonbondyblog.fr\/LBB\/wp-content\/uploads\/2023\/01\/Martin-metiers-risques.mp3\"><\/audio><figcaption class=\"wp-element-caption\">Martin donne son point de vue sur le d\u00e9part tardif \u00e0 la retraite pour les m\u00e9tiers manuels. <\/figcaption><\/figure>\n\n\n\n<p>Le mouvement syndicaliste contre la r\u00e9forme des retraites ne fait que d\u2019augmenter et il vise encore plus haut. C\u2019est effectivement <a href=\"https:\/\/elabe.fr\/executif-reforme-retraites-2023\/\" target=\"_blank\" rel=\"noreferrer noopener\">72% des Fran\u00e7ais qui se disent contre le recul du d\u00e9part \u00e0 la retraite<\/a>.<\/p>\n\n\n\n<p>Les syndicats appellent alors ceux qui ne manifestent pas \u00e0 se manifester. Selon Martin, le cort\u00e8ge vise \u00e0 s\u2019\u00e9tendre, \u00ab&nbsp;Il faudra intensifier le mouvement \u00bb.&nbsp;<\/p>\n\n\n\n<figure class=\"wp-block-image size-full\"><img loading=\"lazy\" decoding=\"async\" width=\"1196\" height=\"814\" src=\"https:\/\/lyonbondyblog.fr\/LBB\/wp-content\/uploads\/2023\/01\/Capture-decran-2023-01-31-a-11.09.26.png\" alt=\"\" class=\"wp-image-31686\" srcset=\"https:\/\/lyonbondyblog.fr\/LBB\/wp-content\/uploads\/2023\/01\/Capture-decran-2023-01-31-a-11.09.26.png 1196w, https:\/\/lyonbondyblog.fr\/LBB\/wp-content\/uploads\/2023\/01\/Capture-decran-2023-01-31-a-11.09.26-768x523.png 768w\" sizes=\"auto, (max-width: 1196px) 100vw, 1196px\" \/><\/figure>\n<!-- AddThis Advanced Settings generic via filter on the_content --><!-- AddThis Share Buttons generic via filter on the_content -->","protected":false},"excerpt":{"rendered":"<p>Ce mardi 31 janvier signe la deuxi\u00e8me vague de mobilisation contre la r\u00e9forme des retraites. Suivant le m\u00eame trajet que la pr\u00e9c\u00e9dente, de la Manufacture &hellip; <!-- AddThis Advanced Settings generic via filter on wp_trim_excerpt --><!-- AddThis Share Buttons generic via filter on wp_trim_excerpt --><\/p>\n","protected":false},"author":31871,"featured_media":31687,"comment_status":"open","ping_status":"open","sticky":true,"template":"","format":"standard","meta":{"_FSMCFIC_featured_image_caption":"","_FSMCFIC_featured_image_nocaption":"","_FSMCFIC_featured_image_hide":"","footnotes":""},"categories":[22673,6447,27833],"tags":[11,2475,135,10,112,847],"class_list":["post-31676","post","type-post","status-publish","format-standard","has-post-thumbnail","hentry","category-cgt","category-manifestations","category-manifestation","tag-france-2","tag-greve","tag-lbb","tag-lyon-2","tag-lyon-bondy-blog","tag-manifestation"],"yoast_head":"<!-- This site is optimized with the Yoast SEO plugin v22.8 - https:\/\/yoast.com\/wordpress\/plugins\/seo\/ -->\n<title>La manifestation s\u2019allonge, le d\u00e9part \u00e0 la retraite recule toujours.\u00a0 - Lyon Bondy Blog<\/title>\n<meta name=\"description\" content=\"Ce mardi 31 janvier signe la deuxi\u00e8me vague de mobilisation contre la r\u00e9forme des retraites. Le nombre de manifestants est en hausse.\" \/>\n<meta name=\"robots\" content=\"index, follow, max-snippet:-1, max-image-preview:large, max-video-preview:-1\" \/>\n<link rel=\"canonical\" href=\"https:\/\/lyonbondyblog.fr\/LBB\/la-manifestation-sallonge-le-depart-a-la-retraite-recule-toujours\/\" \/>\n<meta property=\"og:locale\" content=\"fr_FR\" \/>\n<meta property=\"og:type\" content=\"article\" \/>\n<meta property=\"og:title\" content=\"La manifestation s\u2019allonge, le d\u00e9part \u00e0 la retraite recule toujours.\u00a0 - Lyon Bondy Blog\" \/>\n<meta property=\"og:description\" content=\"Ce mardi 31 janvier signe la deuxi\u00e8me vague de mobilisation contre la r\u00e9forme des retraites. Le nombre de manifestants est en hausse.\" \/>\n<meta property=\"og:url\" content=\"https:\/\/lyonbondyblog.fr\/LBB\/la-manifestation-sallonge-le-depart-a-la-retraite-recule-toujours\/\" \/>\n<meta property=\"og:site_name\" content=\"Lyon Bondy Blog\" \/>\n<meta property=\"article:publisher\" content=\"https:\/\/www.facebook.com\/lyonbondyblog\" \/>\n<meta property=\"article:published_time\" content=\"2023-01-31T17:40:05+00:00\" \/>\n<meta property=\"article:modified_time\" content=\"2023-01-31T18:57:21+00:00\" \/>\n<meta property=\"og:image\" content=\"https:\/\/lyonbondyblog.fr\/LBB\/wp-content\/uploads\/2023\/01\/73dda893-7df0-4ff5-a700-19bf0b09e7a4.jpg\" \/>\n\t<meta property=\"og:image:width\" content=\"2048\" \/>\n\t<meta property=\"og:image:height\" content=\"1536\" \/>\n\t<meta property=\"og:image:type\" content=\"image\/jpeg\" \/>\n<meta name=\"author\" content=\"Matilda Passot\" \/>\n<meta name=\"twitter:card\" content=\"summary_large_image\" \/>\n<meta name=\"twitter:creator\" content=\"@bondybloglyon\" \/>\n<meta name=\"twitter:site\" content=\"@bondybloglyon\" \/>\n<script type=\"application\/ld+json\" class=\"yoast-schema-graph\">{\"@context\":\"https:\/\/schema.org\",\"@graph\":[{\"@type\":\"Article\",\"@id\":\"https:\/\/lyonbondyblog.fr\/LBB\/la-manifestation-sallonge-le-depart-a-la-retraite-recule-toujours\/#article\",\"isPartOf\":{\"@id\":\"https:\/\/lyonbondyblog.fr\/LBB\/la-manifestation-sallonge-le-depart-a-la-retraite-recule-toujours\/\"},\"author\":{\"name\":\"Matilda Passot\",\"@id\":\"https:\/\/lyonbondyblog.fr\/LBB\/#\/schema\/person\/821670c9ea2a73ee8fa6917c83cf6241\"},\"headline\":\"La manifestation s\u2019allonge, le d\u00e9part \u00e0 la retraite recule toujours.\u00a0\",\"datePublished\":\"2023-01-31T17:40:05+00:00\",\"dateModified\":\"2023-01-31T18:57:21+00:00\",\"mainEntityOfPage\":{\"@id\":\"https:\/\/lyonbondyblog.fr\/LBB\/la-manifestation-sallonge-le-depart-a-la-retraite-recule-toujours\/\"},\"wordCount\":660,\"commentCount\":0,\"publisher\":{\"@id\":\"https:\/\/lyonbondyblog.fr\/LBB\/#organization\"},\"image\":{\"@id\":\"https:\/\/lyonbondyblog.fr\/LBB\/la-manifestation-sallonge-le-depart-a-la-retraite-recule-toujours\/#primaryimage\"},\"thumbnailUrl\":\"https:\/\/lyonbondyblog.fr\/LBB\/wp-content\/uploads\/2023\/01\/73dda893-7df0-4ff5-a700-19bf0b09e7a4.jpg\",\"keywords\":[\"france\",\"Gr\u00e8ve\",\"LBB\",\"lyon\",\"Lyon Bondy Blog\",\"manifestation\"],\"articleSection\":[\"CGT\",\"Manifestations\",\"Manifestations\"],\"inLanguage\":\"fr-FR\",\"potentialAction\":[{\"@type\":\"CommentAction\",\"name\":\"Comment\",\"target\":[\"https:\/\/lyonbondyblog.fr\/LBB\/la-manifestation-sallonge-le-depart-a-la-retraite-recule-toujours\/#respond\"]}]},{\"@type\":\"WebPage\",\"@id\":\"https:\/\/lyonbondyblog.fr\/LBB\/la-manifestation-sallonge-le-depart-a-la-retraite-recule-toujours\/\",\"url\":\"https:\/\/lyonbondyblog.fr\/LBB\/la-manifestation-sallonge-le-depart-a-la-retraite-recule-toujours\/\",\"name\":\"La manifestation s\u2019allonge, le d\u00e9part \u00e0 la retraite recule toujours.\u00a0 - Lyon Bondy Blog\",\"isPartOf\":{\"@id\":\"https:\/\/lyonbondyblog.fr\/LBB\/#website\"},\"primaryImageOfPage\":{\"@id\":\"https:\/\/lyonbondyblog.fr\/LBB\/la-manifestation-sallonge-le-depart-a-la-retraite-recule-toujours\/#primaryimage\"},\"image\":{\"@id\":\"https:\/\/lyonbondyblog.fr\/LBB\/la-manifestation-sallonge-le-depart-a-la-retraite-recule-toujours\/#primaryimage\"},\"thumbnailUrl\":\"https:\/\/lyonbondyblog.fr\/LBB\/wp-content\/uploads\/2023\/01\/73dda893-7df0-4ff5-a700-19bf0b09e7a4.jpg\",\"datePublished\":\"2023-01-31T17:40:05+00:00\",\"dateModified\":\"2023-01-31T18:57:21+00:00\",\"description\":\"Ce mardi 31 janvier signe la deuxi\u00e8me vague de mobilisation contre la r\u00e9forme des retraites. Le nombre de manifestants est en hausse.\",\"inLanguage\":\"fr-FR\",\"potentialAction\":[{\"@type\":\"ReadAction\",\"target\":[\"https:\/\/lyonbondyblog.fr\/LBB\/la-manifestation-sallonge-le-depart-a-la-retraite-recule-toujours\/\"]}]},{\"@type\":\"ImageObject\",\"inLanguage\":\"fr-FR\",\"@id\":\"https:\/\/lyonbondyblog.fr\/LBB\/la-manifestation-sallonge-le-depart-a-la-retraite-recule-toujours\/#primaryimage\",\"url\":\"https:\/\/lyonbondyblog.fr\/LBB\/wp-content\/uploads\/2023\/01\/73dda893-7df0-4ff5-a700-19bf0b09e7a4.jpg\",\"contentUrl\":\"https:\/\/lyonbondyblog.fr\/LBB\/wp-content\/uploads\/2023\/01\/73dda893-7df0-4ff5-a700-19bf0b09e7a4.jpg\",\"width\":2048,\"height\":1536},{\"@type\":\"WebSite\",\"@id\":\"https:\/\/lyonbondyblog.fr\/LBB\/#website\",\"url\":\"https:\/\/lyonbondyblog.fr\/LBB\/\",\"name\":\"Lyon Bondy Blog\",\"description\":\"\",\"publisher\":{\"@id\":\"https:\/\/lyonbondyblog.fr\/LBB\/#organization\"},\"potentialAction\":[{\"@type\":\"SearchAction\",\"target\":{\"@type\":\"EntryPoint\",\"urlTemplate\":\"https:\/\/lyonbondyblog.fr\/LBB\/?s={search_term_string}\"},\"query-input\":\"required name=search_term_string\"}],\"inLanguage\":\"fr-FR\"},{\"@type\":\"Organization\",\"@id\":\"https:\/\/lyonbondyblog.fr\/LBB\/#organization\",\"name\":\"LYON BONDY BLOG\",\"url\":\"https:\/\/lyonbondyblog.fr\/LBB\/\",\"logo\":{\"@type\":\"ImageObject\",\"inLanguage\":\"fr-FR\",\"@id\":\"https:\/\/lyonbondyblog.fr\/LBB\/#\/schema\/logo\/image\/\",\"url\":\"http:\/\/lyonbondyblog.fr\/LBB\/wp-content\/uploads\/2014\/10\/logo-portable-144.png\",\"contentUrl\":\"http:\/\/lyonbondyblog.fr\/LBB\/wp-content\/uploads\/2014\/10\/logo-portable-144.png\",\"width\":144,\"height\":123,\"caption\":\"LYON BONDY BLOG\"},\"image\":{\"@id\":\"https:\/\/lyonbondyblog.fr\/LBB\/#\/schema\/logo\/image\/\"},\"sameAs\":[\"https:\/\/www.facebook.com\/lyonbondyblog\",\"https:\/\/x.com\/bondybloglyon\"]},{\"@type\":\"Person\",\"@id\":\"https:\/\/lyonbondyblog.fr\/LBB\/#\/schema\/person\/821670c9ea2a73ee8fa6917c83cf6241\",\"name\":\"Matilda Passot\",\"url\":\"https:\/\/lyonbondyblog.fr\/LBB\/author\/matildap\/\"}]}<\/script>\n<!-- \/ Yoast SEO plugin. -->","yoast_head_json":{"title":"La manifestation s\u2019allonge, le d\u00e9part \u00e0 la retraite recule toujours.\u00a0 - Lyon Bondy Blog","description":"Ce mardi 31 janvier signe la deuxi\u00e8me vague de mobilisation contre la r\u00e9forme des retraites. Le nombre de manifestants est en hausse.","robots":{"index":"index","follow":"follow","max-snippet":"max-snippet:-1","max-image-preview":"max-image-preview:large","max-video-preview":"max-video-preview:-1"},"canonical":"https:\/\/lyonbondyblog.fr\/LBB\/la-manifestation-sallonge-le-depart-a-la-retraite-recule-toujours\/","og_locale":"fr_FR","og_type":"article","og_title":"La manifestation s\u2019allonge, le d\u00e9part \u00e0 la retraite recule toujours.\u00a0 - Lyon Bondy Blog","og_description":"Ce mardi 31 janvier signe la deuxi\u00e8me vague de mobilisation contre la r\u00e9forme des retraites. Le nombre de manifestants est en hausse.","og_url":"https:\/\/lyonbondyblog.fr\/LBB\/la-manifestation-sallonge-le-depart-a-la-retraite-recule-toujours\/","og_site_name":"Lyon Bondy Blog","article_publisher":"https:\/\/www.facebook.com\/lyonbondyblog","article_published_time":"2023-01-31T17:40:05+00:00","article_modified_time":"2023-01-31T18:57:21+00:00","og_image":[{"width":2048,"height":1536,"url":"https:\/\/lyonbondyblog.fr\/LBB\/wp-content\/uploads\/2023\/01\/73dda893-7df0-4ff5-a700-19bf0b09e7a4.jpg","type":"image\/jpeg"}],"author":"Matilda Passot","twitter_card":"summary_large_image","twitter_creator":"@bondybloglyon","twitter_site":"@bondybloglyon","schema":{"@context":"https:\/\/schema.org","@graph":[{"@type":"Article","@id":"https:\/\/lyonbondyblog.fr\/LBB\/la-manifestation-sallonge-le-depart-a-la-retraite-recule-toujours\/#article","isPartOf":{"@id":"https:\/\/lyonbondyblog.fr\/LBB\/la-manifestation-sallonge-le-depart-a-la-retraite-recule-toujours\/"},"author":{"name":"Matilda Passot","@id":"https:\/\/lyonbondyblog.fr\/LBB\/#\/schema\/person\/821670c9ea2a73ee8fa6917c83cf6241"},"headline":"La manifestation s\u2019allonge, le d\u00e9part \u00e0 la retraite recule toujours.\u00a0","datePublished":"2023-01-31T17:40:05+00:00","dateModified":"2023-01-31T18:57:21+00:00","mainEntityOfPage":{"@id":"https:\/\/lyonbondyblog.fr\/LBB\/la-manifestation-sallonge-le-depart-a-la-retraite-recule-toujours\/"},"wordCount":660,"commentCount":0,"publisher":{"@id":"https:\/\/lyonbondyblog.fr\/LBB\/#organization"},"image":{"@id":"https:\/\/lyonbondyblog.fr\/LBB\/la-manifestation-sallonge-le-depart-a-la-retraite-recule-toujours\/#primaryimage"},"thumbnailUrl":"https:\/\/lyonbondyblog.fr\/LBB\/wp-content\/uploads\/2023\/01\/73dda893-7df0-4ff5-a700-19bf0b09e7a4.jpg","keywords":["france","Gr\u00e8ve","LBB","lyon","Lyon Bondy Blog","manifestation"],"articleSection":["CGT","Manifestations","Manifestations"],"inLanguage":"fr-FR","potentialAction":[{"@type":"CommentAction","name":"Comment","target":["https:\/\/lyonbondyblog.fr\/LBB\/la-manifestation-sallonge-le-depart-a-la-retraite-recule-toujours\/#respond"]}]},{"@type":"WebPage","@id":"https:\/\/lyonbondyblog.fr\/LBB\/la-manifestation-sallonge-le-depart-a-la-retraite-recule-toujours\/","url":"https:\/\/lyonbondyblog.fr\/LBB\/la-manifestation-sallonge-le-depart-a-la-retraite-recule-toujours\/","name":"La manifestation s\u2019allonge, le d\u00e9part \u00e0 la retraite recule toujours.\u00a0 - Lyon Bondy Blog","isPartOf":{"@id":"https:\/\/lyonbondyblog.fr\/LBB\/#website"},"primaryImageOfPage":{"@id":"https:\/\/lyonbondyblog.fr\/LBB\/la-manifestation-sallonge-le-depart-a-la-retraite-recule-toujours\/#primaryimage"},"image":{"@id":"https:\/\/lyonbondyblog.fr\/LBB\/la-manifestation-sallonge-le-depart-a-la-retraite-recule-toujours\/#primaryimage"},"thumbnailUrl":"https:\/\/lyonbondyblog.fr\/LBB\/wp-content\/uploads\/2023\/01\/73dda893-7df0-4ff5-a700-19bf0b09e7a4.jpg","datePublished":"2023-01-31T17:40:05+00:00","dateModified":"2023-01-31T18:57:21+00:00","description":"Ce mardi 31 janvier signe la deuxi\u00e8me vague de mobilisation contre la r\u00e9forme des retraites. Le nombre de manifestants est en hausse.","inLanguage":"fr-FR","potentialAction":[{"@type":"ReadAction","target":["https:\/\/lyonbondyblog.fr\/LBB\/la-manifestation-sallonge-le-depart-a-la-retraite-recule-toujours\/"]}]},{"@type":"ImageObject","inLanguage":"fr-FR","@id":"https:\/\/lyonbondyblog.fr\/LBB\/la-manifestation-sallonge-le-depart-a-la-retraite-recule-toujours\/#primaryimage","url":"https:\/\/lyonbondyblog.fr\/LBB\/wp-content\/uploads\/2023\/01\/73dda893-7df0-4ff5-a700-19bf0b09e7a4.jpg","contentUrl":"https:\/\/lyonbondyblog.fr\/LBB\/wp-content\/uploads\/2023\/01\/73dda893-7df0-4ff5-a700-19bf0b09e7a4.jpg","width":2048,"height":1536},{"@type":"WebSite","@id":"https:\/\/lyonbondyblog.fr\/LBB\/#website","url":"https:\/\/lyonbondyblog.fr\/LBB\/","name":"Lyon Bondy Blog","description":"","publisher":{"@id":"https:\/\/lyonbondyblog.fr\/LBB\/#organization"},"potentialAction":[{"@type":"SearchAction","target":{"@type":"EntryPoint","urlTemplate":"https:\/\/lyonbondyblog.fr\/LBB\/?s={search_term_string}"},"query-input":"required name=search_term_string"}],"inLanguage":"fr-FR"},{"@type":"Organization","@id":"https:\/\/lyonbondyblog.fr\/LBB\/#organization","name":"LYON BONDY BLOG","url":"https:\/\/lyonbondyblog.fr\/LBB\/","logo":{"@type":"ImageObject","inLanguage":"fr-FR","@id":"https:\/\/lyonbondyblog.fr\/LBB\/#\/schema\/logo\/image\/","url":"http:\/\/lyonbondyblog.fr\/LBB\/wp-content\/uploads\/2014\/10\/logo-portable-144.png","contentUrl":"http:\/\/lyonbondyblog.fr\/LBB\/wp-content\/uploads\/2014\/10\/logo-portable-144.png","width":144,"height":123,"caption":"LYON BONDY BLOG"},"image":{"@id":"https:\/\/lyonbondyblog.fr\/LBB\/#\/schema\/logo\/image\/"},"sameAs":["https:\/\/www.facebook.com\/lyonbondyblog","https:\/\/x.com\/bondybloglyon"]},{"@type":"Person","@id":"https:\/\/lyonbondyblog.fr\/LBB\/#\/schema\/person\/821670c9ea2a73ee8fa6917c83cf6241","name":"Matilda Passot","url":"https:\/\/lyonbondyblog.fr\/LBB\/author\/matildap\/"}]}},"_links":{"self":[{"href":"https:\/\/lyonbondyblog.fr\/LBB\/wp-json\/wp\/v2\/posts\/31676","targetHints":{"allow":["GET"]}}],"collection":[{"href":"https:\/\/lyonbondyblog.fr\/LBB\/wp-json\/wp\/v2\/posts"}],"about":[{"href":"https:\/\/lyonbondyblog.fr\/LBB\/wp-json\/wp\/v2\/types\/post"}],"author":[{"embeddable":true,"href":"https:\/\/lyonbondyblog.fr\/LBB\/wp-json\/wp\/v2\/users\/31871"}],"replies":[{"embeddable":true,"href":"https:\/\/lyonbondyblog.fr\/LBB\/wp-json\/wp\/v2\/comments?post=31676"}],"version-history":[{"count":2,"href":"https:\/\/lyonbondyblog.fr\/LBB\/wp-json\/wp\/v2\/posts\/31676\/revisions"}],"predecessor-version":[{"id":31689,"href":"https:\/\/lyonbondyblog.fr\/LBB\/wp-json\/wp\/v2\/posts\/31676\/revisions\/31689"}],"wp:featuredmedia":[{"embeddable":true,"href":"https:\/\/lyonbondyblog.fr\/LBB\/wp-json\/wp\/v2\/media\/31687"}],"wp:attachment":[{"href":"https:\/\/lyonbondyblog.fr\/LBB\/wp-json\/wp\/v2\/media?parent=31676"}],"wp:term":[{"taxonomy":"category","embeddable":true,"href":"https:\/\/lyonbondyblog.fr\/LBB\/wp-json\/wp\/v2\/categories?post=31676"},{"taxonomy":"post_tag","embeddable":true,"href":"https:\/\/lyonbondyblog.fr\/LBB\/wp-json\/wp\/v2\/tags?post=31676"}],"curies":[{"name":"wp","href":"https:\/\/api.w.org\/{rel}","templated":true}]}}