{"id":31661,"date":"2023-01-27T16:25:14","date_gmt":"2023-01-27T15:25:14","guid":{"rendered":"http:\/\/lyonbondyblog.fr\/LBB\/?p=31661"},"modified":"2023-01-27T16:25:16","modified_gmt":"2023-01-27T15:25:16","slug":"un-systeme-daccompagnement-adapte-aux-enfants-avec-autisme-a-lecole-jean-zay","status":"publish","type":"post","link":"https:\/\/lyonbondyblog.fr\/LBB\/un-systeme-daccompagnement-adapte-aux-enfants-avec-autisme-a-lecole-jean-zay\/","title":{"rendered":"Un syst\u00e8me d\u2019accompagnement adapt\u00e9 aux enfants avec autisme \u00e0 l\u2019\u00e9cole Jean Zay"},"content":{"rendered":"\n<h2 class=\"wp-block-heading\">A l\u2019\u00e9cole maternelle Jean Zay \u00e0 Villeurbanne, <a href=\"https:\/\/www.enfant-different.org\/scolarite\/unites-denseignement-maternelle-elementaire-autisme#:~:text=Les%20unit%C3%A9s%20d'enseignement%20en%20maternelle%20(UEMA),-Ces%20unit%C3%A9s%20d&amp;text=Ces%20classes%20accueillent%207%20enfants,des%20personnes%20handicap%C3%A9es%20(MDPH).\">l\u2019Unit\u00e9 d\u2019Enseignement Autisme (UEMA)<\/a> remplit son objectif de pr\u00e9parer et accompagner les \u00e9l\u00e8ves atteints de Troubles du Spectre de l\u2019Autisme (TSA) \u00e0 int\u00e9grer des classes classiques.<\/h2>\n\n\n\n<p>Premi\u00e8re \u00e9tape&nbsp;: le diagnostic du handicap par le <a href=\"https:\/\/www.cra-rhone-alpes.org\/\">Centre Ressources Autisme (CRA)<\/a>, qui est charg\u00e9 ensuite de placer ces enfants dans certains types d\u2019\u00e9tablissements. Parmi eux, les <a href=\"https:\/\/www.enfant-different.org\/scolarite\/unites-denseignement-maternelle-elementaire-autisme#:~:text=Les%20unit%C3%A9s%20d'enseignement%20en%20maternelle%20(UEMA),-Ces%20unit%C3%A9s%20d&amp;text=Ces%20classes%20accueillent%207%20enfants,des%20personnes%20handicap%C3%A9es%20(MDPH).\">Unit\u00e9s d\u2019Enseignement Autisme (UEMA)<\/a>, cr\u00e9\u00e9es en 2014, semblent apporter de r\u00e9elles solutions aux probl\u00e9matiques li\u00e9es \u00e0 l\u2019autisme. Ces classes sont compos\u00e9es de 7 enfants \u00e2g\u00e9s de 3 \u00e0 6 ans, encadr\u00e9s par une enseignante, elle-m\u00eame entour\u00e9e de plusieurs accompagnateurs, un psychologue, une psychom\u00e9tricienne et un orthophoniste.<\/p>\n\n\n<div class=\"wp-block-image\">\n<figure class=\"aligncenter size-full\"><img loading=\"lazy\" decoding=\"async\" width=\"629\" height=\"472\" src=\"https:\/\/lyonbondyblog.fr\/LBB\/wp-content\/uploads\/2023\/01\/image.png\" alt=\"\" class=\"wp-image-31662\" \/><figcaption class=\"wp-element-caption\"><em>L&rsquo;une des salles de cours de l\u2019UEMA de l&rsquo;\u00e9cole maternelle Jean Zay<\/em><\/figcaption><\/figure><\/div>\n\n\n<p>En charge du dossier autisme, Madame Sophie Belan, inspectrice de <a href=\"https:\/\/www.education.gouv.fr\/bo\/2010\/34\/mend1022089c.htm#:~:text=L'IEN%2DASH%20d%C3%A9partemental%20est,repr%C3%A9sente%20l'%20IA%2DDSDEN%20.\">l\u2019ASH du Rh\u00f4ne<\/a> a d\u00e9march\u00e9 afin de trouver l\u2019\u00e9cole la plus adapt\u00e9e pour recevoir ce dispositif. Elle a d\u00fb recruter des professeurs dipl\u00f4m\u00e9s du primaire mais \u00e9galement pr\u00e9par\u00e9s \u00e0 accueillir ce type d\u2019\u00e9l\u00e8ves. C\u2019est le cas de Madame Betty Bouchoucha, nomm\u00e9e <em>professeure ressource autisme <\/em>dont le r\u00f4le est de <em>\u00ab&nbsp;former les autres professeurs \u00e0 accueillir au mieux ces \u00e9l\u00e8ves quand ils entreront dans des classes de CP \u00bb <\/em>explique Madame Belan.<\/p>\n\n\n\n<p><em>\u00ab&nbsp;Ce qui est important est de construire beaucoup d\u2019outils de communication&nbsp;\u00bb<\/em> d\u00e9crit Madame Betty Bouchoucha, gr\u00e2ce \u00e0 un syst\u00e8me de cotation. Ce sont des grilles d\u2019\u00e9valuation permettant aux accompagnateurs de d\u00e9crire le d\u00e9roulement de l\u2019apprentissage de ces \u00e9l\u00e8ves et leurs \u00e9ventuelles observations. Les professeurs et accompagnateurs apprennent beaucoup de choses qui peuvent \u00e9galement s\u2019av\u00e9rer utiles avec des enfants difficiles mais non diagnostiqu\u00e9s ou non handicap\u00e9s.<\/p>\n\n\n\n<p>Apr\u00e8s \u00eatre pass\u00e9s par une UEMA, un tiers de ces \u00e9l\u00e8ves pourra int\u00e9grer une classe de CP \u00ab&nbsp;classique&nbsp;\u00bb (avec un assistant, indispensable)&nbsp;; un tiers ira en <a href=\"https:\/\/www.education.gouv.fr\/bo\/15\/Hebdo31\/MENE1504950C.htm\">Classes d\u2019Int\u00e9gration Scolaire (ULIS<\/a>), avec un adulte pour douze \u00e9l\u00e8ves&nbsp;; et le dernier tiers devra continuer ses \u00e9tudes dans un \u00e9tablissement sp\u00e9cialis\u00e9. Cet accompagnement permet non seulement d\u2019int\u00e9grer plus facilement ces enfants mais \u00e9galement de permettre aux parents un certain retour \u00e0 l\u2019ordinaire, eux qui parfois doivent quitter leur travail ou amener leurs enfants dans des centres sp\u00e9cialis\u00e9s.<\/p>\n\n\n\n<h3 class=\"wp-block-heading\">Un dispositif r\u00e9cent mais prometteur<\/h3>\n\n\n\n<p>L\u2019\u00e9cole Jean Zay \u00e0 Villeurbanne est la sixi\u00e8me \u00e9cole du Rh\u00f4ne a accueillir une UEMA et la premi\u00e8re \u00e0 Villeurbanne, choisie pour sa localisation, son accessibilit\u00e9 et ses locaux. L\u2019\u00e9cole accueillait une des 14 Classes d\u2019Int\u00e9gration Scolaire (ULIS) de la ville, ce qui leur a apport\u00e9 de nombreux \u00e9l\u00e9ments de connaissance.<\/p>\n\n\n\n<p>L\u2019une des premi\u00e8res UEMA \u00e0 avoir ouvert dans le Rh\u00f4ne a vu le jour <a href=\"https:\/\/www.education.gouv.fr\/annuaire\/69200\/venissieux\/ecole\/0693988k\/ecole-maternelle-anatole-france.html\">\u00e0 V\u00e9nissieux<\/a> en 2016, peu de temps apr\u00e8s l\u2019ouverture de la toute premi\u00e8re en 2015. Pour ce faire, y a eu un <a href=\"https:\/\/www.auvergne-rhone-alpes.ars.sante.fr\/creation-dune-unite-denseignement-maternelle-pour-enfants-avec-troubles-du-spectre-de-lautisme-2\">appel \u00e0 candidature<\/a> de <a href=\"https:\/\/www.auvergne-rhone-alpes.ars.sante.fr\/\">l\u2019Agence R\u00e9gionale de Sant\u00e9 (ARS)<\/a> en collaboration avec plusieurs associations. Au total, 90&nbsp;000 euros d\u2019investissement ont \u00e9t\u00e9 n\u00e9cessaires pour restructurer l\u2019ULIS de Jean Zay, des travaux effectu\u00e9s en un temps record cet \u00e9t\u00e9, sur une surface de 120m<sup>2<\/sup>. L\u2019\u00e9ducation nationale a financ\u00e9 ces travaux et permis l\u2019am\u00e9nagement de ce dispositif en collaboration avec la structure associative qui recrute les \u00e9ducateurs.<\/p>\n\n\n\n<figure class=\"wp-block-gallery has-nested-images columns-default is-cropped wp-block-gallery-1 is-layout-flex wp-block-gallery-is-layout-flex\">\n<figure class=\"wp-block-image size-large\"><img loading=\"lazy\" decoding=\"async\" width=\"1920\" height=\"1440\" data-id=\"31663\" src=\"https:\/\/lyonbondyblog.fr\/LBB\/wp-content\/uploads\/2023\/01\/IMG_3859-1920x1440.jpg\" alt=\"\" class=\"wp-image-31663\" srcset=\"https:\/\/lyonbondyblog.fr\/LBB\/wp-content\/uploads\/2023\/01\/IMG_3859-1920x1440.jpg 1920w, https:\/\/lyonbondyblog.fr\/LBB\/wp-content\/uploads\/2023\/01\/IMG_3859-1200x900.jpg 1200w, https:\/\/lyonbondyblog.fr\/LBB\/wp-content\/uploads\/2023\/01\/IMG_3859-768x576.jpg 768w, https:\/\/lyonbondyblog.fr\/LBB\/wp-content\/uploads\/2023\/01\/IMG_3859-1536x1152.jpg 1536w, https:\/\/lyonbondyblog.fr\/LBB\/wp-content\/uploads\/2023\/01\/IMG_3859-2048x1536.jpg 2048w\" sizes=\"auto, (max-width: 1920px) 100vw, 1920px\" \/><\/figure>\n\n\n\n<figure class=\"wp-block-image size-large\"><img loading=\"lazy\" decoding=\"async\" width=\"1920\" height=\"1440\" data-id=\"31664\" src=\"https:\/\/lyonbondyblog.fr\/LBB\/wp-content\/uploads\/2023\/01\/IMG_3862-1920x1440.jpg\" alt=\"\" class=\"wp-image-31664\" srcset=\"https:\/\/lyonbondyblog.fr\/LBB\/wp-content\/uploads\/2023\/01\/IMG_3862-1920x1440.jpg 1920w, https:\/\/lyonbondyblog.fr\/LBB\/wp-content\/uploads\/2023\/01\/IMG_3862-1200x900.jpg 1200w, https:\/\/lyonbondyblog.fr\/LBB\/wp-content\/uploads\/2023\/01\/IMG_3862-768x576.jpg 768w, https:\/\/lyonbondyblog.fr\/LBB\/wp-content\/uploads\/2023\/01\/IMG_3862-1536x1152.jpg 1536w, https:\/\/lyonbondyblog.fr\/LBB\/wp-content\/uploads\/2023\/01\/IMG_3862-2048x1536.jpg 2048w\" sizes=\"auto, (max-width: 1920px) 100vw, 1920px\" \/><\/figure>\n<\/figure>\n<!-- AddThis Advanced Settings generic via filter on the_content --><!-- AddThis Share Buttons generic via filter on the_content -->","protected":false},"excerpt":{"rendered":"<p>A l\u2019\u00e9cole maternelle Jean Zay \u00e0 Villeurbanne, l\u2019Unit\u00e9 d\u2019Enseignement Autisme (UEMA) remplit son objectif de pr\u00e9parer et accompagner les \u00e9l\u00e8ves atteints de Troubles du Spectre &hellip; <!-- AddThis Advanced Settings generic via filter on wp_trim_excerpt --><!-- AddThis Share Buttons generic via filter on wp_trim_excerpt --><\/p>\n","protected":false},"author":31872,"featured_media":31665,"comment_status":"open","ping_status":"open","sticky":true,"template":"","format":"standard","meta":{"_FSMCFIC_featured_image_caption":"","_FSMCFIC_featured_image_nocaption":"","_FSMCFIC_featured_image_hide":"","footnotes":""},"categories":[3517,18122,10388],"tags":[1130,73,10,128],"class_list":["post-31661","post","type-post","status-publish","format-standard","has-post-thumbnail","hentry","category-education","category-handicap","category-villeurbanne","tag-education","tag-handicap","tag-lyon-2","tag-villeurbanne"],"yoast_head":"<!-- This site is optimized with the Yoast SEO plugin v22.8 - https:\/\/yoast.com\/wordpress\/plugins\/seo\/ -->\n<title>Un syst\u00e8me d\u2019accompagnement adapt\u00e9 aux enfants avec autisme \u00e0 l\u2019\u00e9cole Jean Zay - Lyon Bondy Blog<\/title>\n<meta name=\"description\" content=\"Un syst\u00e8me d\u2019accompagnement adapt\u00e9 aux enfants avec autisme \u00e0 l\u2019\u00e9cole Jean Zay Lyon Bondy Blog Education\" \/>\n<meta name=\"robots\" content=\"index, follow, max-snippet:-1, max-image-preview:large, max-video-preview:-1\" \/>\n<link rel=\"canonical\" href=\"https:\/\/lyonbondyblog.fr\/LBB\/un-systeme-daccompagnement-adapte-aux-enfants-avec-autisme-a-lecole-jean-zay\/\" \/>\n<meta property=\"og:locale\" content=\"fr_FR\" \/>\n<meta property=\"og:type\" content=\"article\" \/>\n<meta property=\"og:title\" content=\"Un syst\u00e8me d\u2019accompagnement adapt\u00e9 aux enfants avec autisme \u00e0 l\u2019\u00e9cole Jean Zay - Lyon Bondy Blog\" \/>\n<meta property=\"og:description\" content=\"Un syst\u00e8me d\u2019accompagnement adapt\u00e9 aux enfants avec autisme \u00e0 l\u2019\u00e9cole Jean Zay Lyon Bondy Blog Education\" \/>\n<meta property=\"og:url\" content=\"https:\/\/lyonbondyblog.fr\/LBB\/un-systeme-daccompagnement-adapte-aux-enfants-avec-autisme-a-lecole-jean-zay\/\" \/>\n<meta property=\"og:site_name\" content=\"Lyon Bondy Blog\" \/>\n<meta property=\"article:publisher\" content=\"https:\/\/www.facebook.com\/lyonbondyblog\" \/>\n<meta property=\"article:published_time\" content=\"2023-01-27T15:25:14+00:00\" \/>\n<meta property=\"article:modified_time\" content=\"2023-01-27T15:25:16+00:00\" \/>\n<meta property=\"og:image\" content=\"https:\/\/lyonbondyblog.fr\/LBB\/wp-content\/uploads\/2023\/01\/IMG_3861-scaled.jpg\" \/>\n\t<meta property=\"og:image:width\" content=\"2560\" \/>\n\t<meta property=\"og:image:height\" content=\"1920\" \/>\n\t<meta property=\"og:image:type\" content=\"image\/jpeg\" \/>\n<meta name=\"author\" content=\"Juan Salazar\" \/>\n<meta name=\"twitter:card\" content=\"summary_large_image\" \/>\n<meta name=\"twitter:creator\" content=\"@bondybloglyon\" \/>\n<meta name=\"twitter:site\" content=\"@bondybloglyon\" \/>\n<script type=\"application\/ld+json\" class=\"yoast-schema-graph\">{\"@context\":\"https:\/\/schema.org\",\"@graph\":[{\"@type\":\"Article\",\"@id\":\"https:\/\/lyonbondyblog.fr\/LBB\/un-systeme-daccompagnement-adapte-aux-enfants-avec-autisme-a-lecole-jean-zay\/#article\",\"isPartOf\":{\"@id\":\"https:\/\/lyonbondyblog.fr\/LBB\/un-systeme-daccompagnement-adapte-aux-enfants-avec-autisme-a-lecole-jean-zay\/\"},\"author\":{\"name\":\"Juan Salazar\",\"@id\":\"https:\/\/lyonbondyblog.fr\/LBB\/#\/schema\/person\/9b9c08e6c6ed85d5fe59e5f221453a11\"},\"headline\":\"Un syst\u00e8me d\u2019accompagnement adapt\u00e9 aux enfants avec autisme \u00e0 l\u2019\u00e9cole Jean Zay\",\"datePublished\":\"2023-01-27T15:25:14+00:00\",\"dateModified\":\"2023-01-27T15:25:16+00:00\",\"mainEntityOfPage\":{\"@id\":\"https:\/\/lyonbondyblog.fr\/LBB\/un-systeme-daccompagnement-adapte-aux-enfants-avec-autisme-a-lecole-jean-zay\/\"},\"wordCount\":595,\"commentCount\":0,\"publisher\":{\"@id\":\"https:\/\/lyonbondyblog.fr\/LBB\/#organization\"},\"image\":{\"@id\":\"https:\/\/lyonbondyblog.fr\/LBB\/un-systeme-daccompagnement-adapte-aux-enfants-avec-autisme-a-lecole-jean-zay\/#primaryimage\"},\"thumbnailUrl\":\"https:\/\/lyonbondyblog.fr\/LBB\/wp-content\/uploads\/2023\/01\/IMG_3861-scaled.jpg\",\"keywords\":[\"Education\",\"handicap\",\"lyon\",\"Villeurbanne\"],\"articleSection\":[\"Education\",\"Handicap\",\"Villeurbanne\"],\"inLanguage\":\"fr-FR\",\"potentialAction\":[{\"@type\":\"CommentAction\",\"name\":\"Comment\",\"target\":[\"https:\/\/lyonbondyblog.fr\/LBB\/un-systeme-daccompagnement-adapte-aux-enfants-avec-autisme-a-lecole-jean-zay\/#respond\"]}]},{\"@type\":\"WebPage\",\"@id\":\"https:\/\/lyonbondyblog.fr\/LBB\/un-systeme-daccompagnement-adapte-aux-enfants-avec-autisme-a-lecole-jean-zay\/\",\"url\":\"https:\/\/lyonbondyblog.fr\/LBB\/un-systeme-daccompagnement-adapte-aux-enfants-avec-autisme-a-lecole-jean-zay\/\",\"name\":\"Un syst\u00e8me d\u2019accompagnement adapt\u00e9 aux enfants avec autisme \u00e0 l\u2019\u00e9cole Jean Zay - Lyon Bondy Blog\",\"isPartOf\":{\"@id\":\"https:\/\/lyonbondyblog.fr\/LBB\/#website\"},\"primaryImageOfPage\":{\"@id\":\"https:\/\/lyonbondyblog.fr\/LBB\/un-systeme-daccompagnement-adapte-aux-enfants-avec-autisme-a-lecole-jean-zay\/#primaryimage\"},\"image\":{\"@id\":\"https:\/\/lyonbondyblog.fr\/LBB\/un-systeme-daccompagnement-adapte-aux-enfants-avec-autisme-a-lecole-jean-zay\/#primaryimage\"},\"thumbnailUrl\":\"https:\/\/lyonbondyblog.fr\/LBB\/wp-content\/uploads\/2023\/01\/IMG_3861-scaled.jpg\",\"datePublished\":\"2023-01-27T15:25:14+00:00\",\"dateModified\":\"2023-01-27T15:25:16+00:00\",\"description\":\"Un syst\u00e8me d\u2019accompagnement adapt\u00e9 aux enfants avec autisme \u00e0 l\u2019\u00e9cole Jean Zay Lyon Bondy Blog Education\",\"inLanguage\":\"fr-FR\",\"potentialAction\":[{\"@type\":\"ReadAction\",\"target\":[\"https:\/\/lyonbondyblog.fr\/LBB\/un-systeme-daccompagnement-adapte-aux-enfants-avec-autisme-a-lecole-jean-zay\/\"]}]},{\"@type\":\"ImageObject\",\"inLanguage\":\"fr-FR\",\"@id\":\"https:\/\/lyonbondyblog.fr\/LBB\/un-systeme-daccompagnement-adapte-aux-enfants-avec-autisme-a-lecole-jean-zay\/#primaryimage\",\"url\":\"https:\/\/lyonbondyblog.fr\/LBB\/wp-content\/uploads\/2023\/01\/IMG_3861-scaled.jpg\",\"contentUrl\":\"https:\/\/lyonbondyblog.fr\/LBB\/wp-content\/uploads\/2023\/01\/IMG_3861-scaled.jpg\",\"width\":2560,\"height\":1920},{\"@type\":\"WebSite\",\"@id\":\"https:\/\/lyonbondyblog.fr\/LBB\/#website\",\"url\":\"https:\/\/lyonbondyblog.fr\/LBB\/\",\"name\":\"Lyon Bondy Blog\",\"description\":\"\",\"publisher\":{\"@id\":\"https:\/\/lyonbondyblog.fr\/LBB\/#organization\"},\"potentialAction\":[{\"@type\":\"SearchAction\",\"target\":{\"@type\":\"EntryPoint\",\"urlTemplate\":\"https:\/\/lyonbondyblog.fr\/LBB\/?s={search_term_string}\"},\"query-input\":\"required name=search_term_string\"}],\"inLanguage\":\"fr-FR\"},{\"@type\":\"Organization\",\"@id\":\"https:\/\/lyonbondyblog.fr\/LBB\/#organization\",\"name\":\"LYON BONDY BLOG\",\"url\":\"https:\/\/lyonbondyblog.fr\/LBB\/\",\"logo\":{\"@type\":\"ImageObject\",\"inLanguage\":\"fr-FR\",\"@id\":\"https:\/\/lyonbondyblog.fr\/LBB\/#\/schema\/logo\/image\/\",\"url\":\"http:\/\/lyonbondyblog.fr\/LBB\/wp-content\/uploads\/2014\/10\/logo-portable-144.png\",\"contentUrl\":\"http:\/\/lyonbondyblog.fr\/LBB\/wp-content\/uploads\/2014\/10\/logo-portable-144.png\",\"width\":144,\"height\":123,\"caption\":\"LYON BONDY BLOG\"},\"image\":{\"@id\":\"https:\/\/lyonbondyblog.fr\/LBB\/#\/schema\/logo\/image\/\"},\"sameAs\":[\"https:\/\/www.facebook.com\/lyonbondyblog\",\"https:\/\/x.com\/bondybloglyon\"]},{\"@type\":\"Person\",\"@id\":\"https:\/\/lyonbondyblog.fr\/LBB\/#\/schema\/person\/9b9c08e6c6ed85d5fe59e5f221453a11\",\"name\":\"Juan Salazar\",\"url\":\"https:\/\/lyonbondyblog.fr\/LBB\/author\/juans\/\"}]}<\/script>\n<!-- \/ Yoast SEO plugin. -->","yoast_head_json":{"title":"Un syst\u00e8me d\u2019accompagnement adapt\u00e9 aux enfants avec autisme \u00e0 l\u2019\u00e9cole Jean Zay - Lyon Bondy Blog","description":"Un syst\u00e8me d\u2019accompagnement adapt\u00e9 aux enfants avec autisme \u00e0 l\u2019\u00e9cole Jean Zay Lyon Bondy Blog Education","robots":{"index":"index","follow":"follow","max-snippet":"max-snippet:-1","max-image-preview":"max-image-preview:large","max-video-preview":"max-video-preview:-1"},"canonical":"https:\/\/lyonbondyblog.fr\/LBB\/un-systeme-daccompagnement-adapte-aux-enfants-avec-autisme-a-lecole-jean-zay\/","og_locale":"fr_FR","og_type":"article","og_title":"Un syst\u00e8me d\u2019accompagnement adapt\u00e9 aux enfants avec autisme \u00e0 l\u2019\u00e9cole Jean Zay - Lyon Bondy Blog","og_description":"Un syst\u00e8me d\u2019accompagnement adapt\u00e9 aux enfants avec autisme \u00e0 l\u2019\u00e9cole Jean Zay Lyon Bondy Blog Education","og_url":"https:\/\/lyonbondyblog.fr\/LBB\/un-systeme-daccompagnement-adapte-aux-enfants-avec-autisme-a-lecole-jean-zay\/","og_site_name":"Lyon Bondy Blog","article_publisher":"https:\/\/www.facebook.com\/lyonbondyblog","article_published_time":"2023-01-27T15:25:14+00:00","article_modified_time":"2023-01-27T15:25:16+00:00","og_image":[{"width":2560,"height":1920,"url":"https:\/\/lyonbondyblog.fr\/LBB\/wp-content\/uploads\/2023\/01\/IMG_3861-scaled.jpg","type":"image\/jpeg"}],"author":"Juan Salazar","twitter_card":"summary_large_image","twitter_creator":"@bondybloglyon","twitter_site":"@bondybloglyon","schema":{"@context":"https:\/\/schema.org","@graph":[{"@type":"Article","@id":"https:\/\/lyonbondyblog.fr\/LBB\/un-systeme-daccompagnement-adapte-aux-enfants-avec-autisme-a-lecole-jean-zay\/#article","isPartOf":{"@id":"https:\/\/lyonbondyblog.fr\/LBB\/un-systeme-daccompagnement-adapte-aux-enfants-avec-autisme-a-lecole-jean-zay\/"},"author":{"name":"Juan Salazar","@id":"https:\/\/lyonbondyblog.fr\/LBB\/#\/schema\/person\/9b9c08e6c6ed85d5fe59e5f221453a11"},"headline":"Un syst\u00e8me d\u2019accompagnement adapt\u00e9 aux enfants avec autisme \u00e0 l\u2019\u00e9cole Jean Zay","datePublished":"2023-01-27T15:25:14+00:00","dateModified":"2023-01-27T15:25:16+00:00","mainEntityOfPage":{"@id":"https:\/\/lyonbondyblog.fr\/LBB\/un-systeme-daccompagnement-adapte-aux-enfants-avec-autisme-a-lecole-jean-zay\/"},"wordCount":595,"commentCount":0,"publisher":{"@id":"https:\/\/lyonbondyblog.fr\/LBB\/#organization"},"image":{"@id":"https:\/\/lyonbondyblog.fr\/LBB\/un-systeme-daccompagnement-adapte-aux-enfants-avec-autisme-a-lecole-jean-zay\/#primaryimage"},"thumbnailUrl":"https:\/\/lyonbondyblog.fr\/LBB\/wp-content\/uploads\/2023\/01\/IMG_3861-scaled.jpg","keywords":["Education","handicap","lyon","Villeurbanne"],"articleSection":["Education","Handicap","Villeurbanne"],"inLanguage":"fr-FR","potentialAction":[{"@type":"CommentAction","name":"Comment","target":["https:\/\/lyonbondyblog.fr\/LBB\/un-systeme-daccompagnement-adapte-aux-enfants-avec-autisme-a-lecole-jean-zay\/#respond"]}]},{"@type":"WebPage","@id":"https:\/\/lyonbondyblog.fr\/LBB\/un-systeme-daccompagnement-adapte-aux-enfants-avec-autisme-a-lecole-jean-zay\/","url":"https:\/\/lyonbondyblog.fr\/LBB\/un-systeme-daccompagnement-adapte-aux-enfants-avec-autisme-a-lecole-jean-zay\/","name":"Un syst\u00e8me d\u2019accompagnement adapt\u00e9 aux enfants avec autisme \u00e0 l\u2019\u00e9cole Jean Zay - Lyon Bondy Blog","isPartOf":{"@id":"https:\/\/lyonbondyblog.fr\/LBB\/#website"},"primaryImageOfPage":{"@id":"https:\/\/lyonbondyblog.fr\/LBB\/un-systeme-daccompagnement-adapte-aux-enfants-avec-autisme-a-lecole-jean-zay\/#primaryimage"},"image":{"@id":"https:\/\/lyonbondyblog.fr\/LBB\/un-systeme-daccompagnement-adapte-aux-enfants-avec-autisme-a-lecole-jean-zay\/#primaryimage"},"thumbnailUrl":"https:\/\/lyonbondyblog.fr\/LBB\/wp-content\/uploads\/2023\/01\/IMG_3861-scaled.jpg","datePublished":"2023-01-27T15:25:14+00:00","dateModified":"2023-01-27T15:25:16+00:00","description":"Un syst\u00e8me d\u2019accompagnement adapt\u00e9 aux enfants avec autisme \u00e0 l\u2019\u00e9cole Jean Zay Lyon Bondy Blog Education","inLanguage":"fr-FR","potentialAction":[{"@type":"ReadAction","target":["https:\/\/lyonbondyblog.fr\/LBB\/un-systeme-daccompagnement-adapte-aux-enfants-avec-autisme-a-lecole-jean-zay\/"]}]},{"@type":"ImageObject","inLanguage":"fr-FR","@id":"https:\/\/lyonbondyblog.fr\/LBB\/un-systeme-daccompagnement-adapte-aux-enfants-avec-autisme-a-lecole-jean-zay\/#primaryimage","url":"https:\/\/lyonbondyblog.fr\/LBB\/wp-content\/uploads\/2023\/01\/IMG_3861-scaled.jpg","contentUrl":"https:\/\/lyonbondyblog.fr\/LBB\/wp-content\/uploads\/2023\/01\/IMG_3861-scaled.jpg","width":2560,"height":1920},{"@type":"WebSite","@id":"https:\/\/lyonbondyblog.fr\/LBB\/#website","url":"https:\/\/lyonbondyblog.fr\/LBB\/","name":"Lyon Bondy Blog","description":"","publisher":{"@id":"https:\/\/lyonbondyblog.fr\/LBB\/#organization"},"potentialAction":[{"@type":"SearchAction","target":{"@type":"EntryPoint","urlTemplate":"https:\/\/lyonbondyblog.fr\/LBB\/?s={search_term_string}"},"query-input":"required name=search_term_string"}],"inLanguage":"fr-FR"},{"@type":"Organization","@id":"https:\/\/lyonbondyblog.fr\/LBB\/#organization","name":"LYON BONDY BLOG","url":"https:\/\/lyonbondyblog.fr\/LBB\/","logo":{"@type":"ImageObject","inLanguage":"fr-FR","@id":"https:\/\/lyonbondyblog.fr\/LBB\/#\/schema\/logo\/image\/","url":"http:\/\/lyonbondyblog.fr\/LBB\/wp-content\/uploads\/2014\/10\/logo-portable-144.png","contentUrl":"http:\/\/lyonbondyblog.fr\/LBB\/wp-content\/uploads\/2014\/10\/logo-portable-144.png","width":144,"height":123,"caption":"LYON BONDY BLOG"},"image":{"@id":"https:\/\/lyonbondyblog.fr\/LBB\/#\/schema\/logo\/image\/"},"sameAs":["https:\/\/www.facebook.com\/lyonbondyblog","https:\/\/x.com\/bondybloglyon"]},{"@type":"Person","@id":"https:\/\/lyonbondyblog.fr\/LBB\/#\/schema\/person\/9b9c08e6c6ed85d5fe59e5f221453a11","name":"Juan Salazar","url":"https:\/\/lyonbondyblog.fr\/LBB\/author\/juans\/"}]}},"_links":{"self":[{"href":"https:\/\/lyonbondyblog.fr\/LBB\/wp-json\/wp\/v2\/posts\/31661","targetHints":{"allow":["GET"]}}],"collection":[{"href":"https:\/\/lyonbondyblog.fr\/LBB\/wp-json\/wp\/v2\/posts"}],"about":[{"href":"https:\/\/lyonbondyblog.fr\/LBB\/wp-json\/wp\/v2\/types\/post"}],"author":[{"embeddable":true,"href":"https:\/\/lyonbondyblog.fr\/LBB\/wp-json\/wp\/v2\/users\/31872"}],"replies":[{"embeddable":true,"href":"https:\/\/lyonbondyblog.fr\/LBB\/wp-json\/wp\/v2\/comments?post=31661"}],"version-history":[{"count":2,"href":"https:\/\/lyonbondyblog.fr\/LBB\/wp-json\/wp\/v2\/posts\/31661\/revisions"}],"predecessor-version":[{"id":31667,"href":"https:\/\/lyonbondyblog.fr\/LBB\/wp-json\/wp\/v2\/posts\/31661\/revisions\/31667"}],"wp:featuredmedia":[{"embeddable":true,"href":"https:\/\/lyonbondyblog.fr\/LBB\/wp-json\/wp\/v2\/media\/31665"}],"wp:attachment":[{"href":"https:\/\/lyonbondyblog.fr\/LBB\/wp-json\/wp\/v2\/media?parent=31661"}],"wp:term":[{"taxonomy":"category","embeddable":true,"href":"https:\/\/lyonbondyblog.fr\/LBB\/wp-json\/wp\/v2\/categories?post=31661"},{"taxonomy":"post_tag","embeddable":true,"href":"https:\/\/lyonbondyblog.fr\/LBB\/wp-json\/wp\/v2\/tags?post=31661"}],"curies":[{"name":"wp","href":"https:\/\/api.w.org\/{rel}","templated":true}]}}