{"id":31311,"date":"2022-12-07T16:14:09","date_gmt":"2022-12-07T15:14:09","guid":{"rendered":"http:\/\/lyonbondyblog.fr\/LBB\/?p=31311"},"modified":"2022-12-07T16:14:11","modified_gmt":"2022-12-07T15:14:11","slug":"un-dispositif-itinerant-pour-informer-des-aides-energetiques-allouees-par-la-metropole","status":"publish","type":"post","link":"https:\/\/lyonbondyblog.fr\/LBB\/un-dispositif-itinerant-pour-informer-des-aides-energetiques-allouees-par-la-metropole\/","title":{"rendered":"Un dispositif itin\u00e9rant pour informer des aides \u00e9nerg\u00e9tiques allou\u00e9es par la m\u00e9tropole"},"content":{"rendered":"\n<p><strong>Dans un contexte de crise \u00e9nerg\u00e9tique sans pr\u00e9c\u00e9dent, la m\u00e9tropole de Lyon met en place un dispositif d\u2019aide \u00e0 la sobri\u00e9t\u00e9 \u00e9nerg\u00e9tique. Trois associations vont parcourir le d\u00e9partement \u00e0 la rencontre des habitants, pour prodiguer des conseils et informer sur les aides dont ils pourraient b\u00e9n\u00e9ficier.<\/strong><\/p>\n\n\n\n<p>Durant trois mois, l\u2019<a href=\"https:\/\/www.alec-lyon.org\/\" target=\"_blank\" rel=\"noreferrer noopener\">ALEC (Agence Locale de l\u2019\u00c9nergie et du Climat)<\/a> et deux associations, <a href=\"https:\/\/www.thegreenergood.fr\/\" target=\"_blank\" rel=\"noreferrer noopener\">The Greener Good<\/a> et <a href=\"https:\/\/soliha.fr\/\" target=\"_blank\" rel=\"noreferrer noopener\">Soliha<\/a>, s\u2019associent pour organiser un \u00ab&nbsp;<em>Energitour<\/em>&nbsp;\u00bb. Initi\u00e9 par la <a href=\"https:\/\/www.grandlyon.com\/\" target=\"_blank\" rel=\"noreferrer noopener\">m\u00e9tropole de Lyon<\/a>, cette f\u00e9d\u00e9ration d\u2019associations va parcourir 11 communes volontaires \u00e0 l\u2019aide d\u2019un camion transform\u00e9 pour l\u2019occasion.<\/p>\n\n\n\n<figure class=\"wp-block-gallery columns-2 is-cropped wp-block-gallery-1 is-layout-flex wp-block-gallery-is-layout-flex\"><ul class=\"blocks-gallery-grid\"><li class=\"blocks-gallery-item\"><figure><img loading=\"lazy\" decoding=\"async\" width=\"1920\" height=\"1280\" src=\"https:\/\/lyonbondyblog.fr\/LBB\/wp-content\/uploads\/2022\/12\/photo-camion-1--1920x1280.jpg\" alt=\"\" data-id=\"31316\" data-full-url=\"https:\/\/lyonbondyblog.fr\/LBB\/wp-content\/uploads\/2022\/12\/photo-camion-1--scaled.jpg\" data-link=\"https:\/\/lyonbondyblog.fr\/LBB\/?attachment_id=31316\" class=\"wp-image-31316\" srcset=\"https:\/\/lyonbondyblog.fr\/LBB\/wp-content\/uploads\/2022\/12\/photo-camion-1--1920x1280.jpg 1920w, https:\/\/lyonbondyblog.fr\/LBB\/wp-content\/uploads\/2022\/12\/photo-camion-1--1200x800.jpg 1200w, https:\/\/lyonbondyblog.fr\/LBB\/wp-content\/uploads\/2022\/12\/photo-camion-1--768x512.jpg 768w, https:\/\/lyonbondyblog.fr\/LBB\/wp-content\/uploads\/2022\/12\/photo-camion-1--1536x1024.jpg 1536w, https:\/\/lyonbondyblog.fr\/LBB\/wp-content\/uploads\/2022\/12\/photo-camion-1--2048x1365.jpg 2048w, https:\/\/lyonbondyblog.fr\/LBB\/wp-content\/uploads\/2022\/12\/photo-camion-1--272x182.jpg 272w\" sizes=\"auto, (max-width: 1920px) 100vw, 1920px\" \/><\/figure><\/li><li class=\"blocks-gallery-item\"><figure><img loading=\"lazy\" decoding=\"async\" width=\"1920\" height=\"1280\" src=\"https:\/\/lyonbondyblog.fr\/LBB\/wp-content\/uploads\/2022\/12\/photo-camion-2--1920x1280.jpg\" alt=\"\" data-id=\"31317\" data-full-url=\"https:\/\/lyonbondyblog.fr\/LBB\/wp-content\/uploads\/2022\/12\/photo-camion-2--scaled.jpg\" data-link=\"https:\/\/lyonbondyblog.fr\/LBB\/?attachment_id=31317\" class=\"wp-image-31317\" srcset=\"https:\/\/lyonbondyblog.fr\/LBB\/wp-content\/uploads\/2022\/12\/photo-camion-2--1920x1280.jpg 1920w, https:\/\/lyonbondyblog.fr\/LBB\/wp-content\/uploads\/2022\/12\/photo-camion-2--1200x800.jpg 1200w, https:\/\/lyonbondyblog.fr\/LBB\/wp-content\/uploads\/2022\/12\/photo-camion-2--768x512.jpg 768w, https:\/\/lyonbondyblog.fr\/LBB\/wp-content\/uploads\/2022\/12\/photo-camion-2--1536x1024.jpg 1536w, https:\/\/lyonbondyblog.fr\/LBB\/wp-content\/uploads\/2022\/12\/photo-camion-2--2048x1365.jpg 2048w, https:\/\/lyonbondyblog.fr\/LBB\/wp-content\/uploads\/2022\/12\/photo-camion-2--272x182.jpg 272w\" sizes=\"auto, (max-width: 1920px) 100vw, 1920px\" \/><\/figure><\/li><\/ul><figcaption class=\"blocks-gallery-caption\">Cr\u00e9dit : L\u00e9o Ballery<\/figcaption><\/figure>\n\n\n\n<p>Ce dispositif a deux objectifs. Premi\u00e8rement, aller \u00e0 la rencontre des habitants pour les informer sur les diff\u00e9rentes aides dont ils pourraient b\u00e9n\u00e9ficier. Ensuite, inciter \u00e0 diminuer sa consommation via diff\u00e9rents gestes du quotidien. Des \u00e9conomies d\u2019\u00e9nergie compliqu\u00e9es \u00e0 mettre en place pour les plus d\u00e9munis, mais n\u00e9cessaire pour Bruno Bernard, pr\u00e9sident de la m\u00e9tropole : <em>\u00ab&nbsp;Naturellement, il existe des difficult\u00e9s \u00e9nerg\u00e9tiques, de pouvoir d\u2019achat qui ont des cons\u00e9quences climatiques, mais on a des solutions. On peut isoler les logements avec le dispositif ECORENOV, c\u2019est du temps long, mais c&rsquo;est tr\u00e8s efficace. Puis des solutions de temps court pour consommer moins d&rsquo;\u00e9nergie tout de suite via des \u00e9cogestes. La meilleure des \u00e9nergies, c&rsquo;est celle qu&rsquo;on ne d\u00e9pense pas. {\u2026} Le premier enjeu pour nous, c&rsquo;est vraiment de diminuer les consommations \u00e9nerg\u00e9tiques. Ensuite, le deuxi\u00e8me acte de notre politique, c&rsquo;est de transformer l&rsquo;\u00e9nergie vers plus de renouvelables.&nbsp;\u00bb.<\/em><\/p>\n\n\n\n<blockquote class=\"wp-block-quote has-text-align-left is-layout-flow wp-block-quote-is-layout-flow\"><p><span class=\"has-inline-color has-vivid-red-color\">Dans le Rh\u00f4ne plus de 120&nbsp;000 logements sont consid\u00e9r\u00e9s comme des \u00ab&nbsp;<em>passoires thermiques<\/em>&nbsp;\u00bb, ce qui repr\u00e9sente pr\u00e8s de 10% du parc immobilier (1 231&nbsp;413 logements dans le Rh\u00f4ne). <\/span><\/p><p><span class=\"has-inline-color has-vivid-red-color\">Le dispositif ECORENOV a permis la r\u00e9novation de 20&nbsp;330 logements avec budget de 74 millions d\u2019euros pour le mandat actuel. <\/span><\/p><cite> <p>Source&nbsp;: <a href=\"https:\/\/www.ademe.fr\/\" target=\"_blank\" rel=\"noreferrer noopener\">ADEME<\/a><\/p> <\/cite><\/blockquote>\n\n\n\n<p>Dans le m\u00eame temps, le pr\u00e9sident de la m\u00e9tropole a souhait\u00e9 rappeler l\u2019augmentation du FSL (Fonds de Solidarit\u00e9 Logement)&nbsp;: \u00ab&nbsp;<em>On augmente d\u2019un million d&rsquo;euros le FSL, pour aider les personnes en tr\u00e8s grande difficult\u00e9 \u00e0 rester dans leur logement. On essaie de maintenir les personnes en logement et de les accompagner socialement pour trouver des solutions.&nbsp;\u00bb. <\/em>Des aides qui pourraient se multiplier si la situation \u00e9conomique perdure ou s\u2019aggrave.<\/p>\n\n\n\n<h2 class=\"wp-block-heading\"><strong>Des <em>\u00ab&nbsp;kits \u00c9coconfort&nbsp;\u00bb <\/em>pour faire des \u00e9conomies<\/strong><\/h2>\n\n\n\n<p>1500 <em>\u00ab&nbsp;kits \u00c9coconfort&nbsp;\u00bb <\/em>vont \u00eatre distribu\u00e9s en cette fin d\u2019ann\u00e9e aux m\u00e9nages les plus modestes. \u00ab&nbsp;<em>Concr\u00e8tement, les m\u00e9nages pourront faire jusqu&rsquo;\u00e0 500 euros d&rsquo;\u00e9conomies d&rsquo;\u00e9nergie en appliquant ce dispositif.<\/em> \u00bb, selon Philippe Guelpa-Bonaro, vice-pr\u00e9sident \u00e0 l\u2019\u00e9nergie et directeur de l\u2019ALEC. Un kit compos\u00e9 de \u00ab <em>joints et boudins de porte, joints adh\u00e9sifs, ampoules leds, r\u00e9ducteurs de d\u00e9bit de douche et d\u2019un thermom\u00e8tre hydrom\u00e8tre<\/em>&nbsp;\u00bb, d\u00e9taille le vice-pr\u00e9sident. Une aide qui semble malgr\u00e9 tout bien d\u00e9risoire face \u00e0 l\u2019actuelle hausse des prix et aux risques de coupures \u00e9lectriques.<\/p>\n\n\n\n<div class=\"wp-block-image\"><figure class=\"aligncenter size-large\"><img loading=\"lazy\" decoding=\"async\" width=\"1920\" height=\"1280\" src=\"https:\/\/lyonbondyblog.fr\/LBB\/wp-content\/uploads\/2022\/12\/photo-kit-1920x1280.jpg\" alt=\"\" class=\"wp-image-31319\" srcset=\"https:\/\/lyonbondyblog.fr\/LBB\/wp-content\/uploads\/2022\/12\/photo-kit-1920x1280.jpg 1920w, https:\/\/lyonbondyblog.fr\/LBB\/wp-content\/uploads\/2022\/12\/photo-kit-1200x800.jpg 1200w, https:\/\/lyonbondyblog.fr\/LBB\/wp-content\/uploads\/2022\/12\/photo-kit-768x512.jpg 768w, https:\/\/lyonbondyblog.fr\/LBB\/wp-content\/uploads\/2022\/12\/photo-kit-1536x1024.jpg 1536w, https:\/\/lyonbondyblog.fr\/LBB\/wp-content\/uploads\/2022\/12\/photo-kit-2048x1365.jpg 2048w, https:\/\/lyonbondyblog.fr\/LBB\/wp-content\/uploads\/2022\/12\/photo-kit-272x182.jpg 272w\" sizes=\"auto, (max-width: 1920px) 100vw, 1920px\" \/><figcaption>Les \u00ab\u00a0kits \u00c9coconfort\u00a0\u00bb ont cout\u00e9 40 000 euros \u00e0 la m\u00e9tropole. Cr\u00e9dit : L\u00e9o Ballery<\/figcaption><\/figure><\/div>\n\n\n\n<h2 class=\"wp-block-heading\"><strong><em>\u00ab&nbsp;Si \u00e7a devait arriver, \u00e7a veut dire de fait que c&rsquo;est un confinement des habitants&nbsp;\u00bb<\/em><\/strong><\/h2>\n\n\n\n<p>Dans les semaines \u00e0 venir le pays pourrait conna\u00eetre des coupures d\u2019\u00e9lectricit\u00e9. Interrog\u00e9 sur la question, Bruno Bernard reconna\u00eet ne pas avoir de solution : \u00ab <em>La production d&rsquo;\u00e9lectricit\u00e9 en France est actuellement faible, voire insuffisante. D\u2019ailleurs, le gouvernement ne nous a pas associ\u00e9s \u00e0 ce qui serait coup\u00e9 ou non. Donc on subit comme tous les habitants de ces coupures \u00e9ventuelles. J&rsquo;esp\u00e8re que \u00e7a n&rsquo;arrivera pas, notamment si tout le monde fournit des efforts pour diminuer la consommation \u00e9lectrique. Si \u00e7a devait arriver, \u00e7a veut dire de fait que c&rsquo;est un confinement des habitants. C&rsquo;est malheureusement, la seule solution, mais j&rsquo;esp\u00e8re qu&rsquo;on va pouvoir l&rsquo;\u00e9viter.<\/em>&nbsp;\u00bb.<\/p>\n\n\n\n<p class=\"has-text-align-right\"><strong>L\u00e9o Ballery<\/strong><\/p>\n\n\n\n<p><strong>Retrouvez nos derniers articles ici : <\/strong><\/p>\n\n\n<ul class=\"wp-block-latest-posts__list wp-block-latest-posts\"><li><a class=\"wp-block-latest-posts__post-title\" href=\"https:\/\/lyonbondyblog.fr\/LBB\/theatre-bingo-loto-et-impro\/\">Th\u00e9\u00e2tre : Bingo-loto et impro\u00a0<\/a><\/li>\n<li><a class=\"wp-block-latest-posts__post-title\" href=\"https:\/\/lyonbondyblog.fr\/LBB\/fetes-escales-tour-du-monde-a-venissieux\/\">F\u00eates Escales : tour du monde \u00e0 V\u00e9nissieux<\/a><\/li>\n<li><a class=\"wp-block-latest-posts__post-title\" href=\"https:\/\/lyonbondyblog.fr\/LBB\/jeunes-davenirs-la-jeunesse-a-venir\/\">Jeunes d\u2019Avenirs\u00a0: la jeunesse \u00e0 venir<\/a><\/li>\n<li><a class=\"wp-block-latest-posts__post-title\" href=\"https:\/\/lyonbondyblog.fr\/LBB\/le-tribunal-refuse-la-liberation-provisoire-dun-homme-poursuivi-pour-violences-aggravees\/\">Le tribunal refuse la lib\u00e9ration provisoire d\u2019un homme poursuivi pour violences aggrav\u00e9es<\/a><\/li>\n<li><a class=\"wp-block-latest-posts__post-title\" href=\"https:\/\/lyonbondyblog.fr\/LBB\/la-poesie-au-theatre-la-generale-de-la-proposition-musicale-et-litteraire-dalain-klingler\/\">La po\u00e9sie au th\u00e9\u00e2tre\u00a0: la g\u00e9n\u00e9rale de la proposition musicale et litt\u00e9raire d\u2019Alain Klingler<\/a><\/li>\n<\/ul>\n\n\n<p><\/p>\n<!-- AddThis Advanced Settings generic via filter on the_content --><!-- AddThis Share Buttons generic via filter on the_content -->","protected":false},"excerpt":{"rendered":"<p>Dans un contexte de crise \u00e9nerg\u00e9tique sans pr\u00e9c\u00e9dent, la m\u00e9tropole de Lyon met en place un dispositif d\u2019aide \u00e0 la sobri\u00e9t\u00e9 \u00e9nerg\u00e9tique. Trois associations vont &hellip; <!-- AddThis Advanced Settings generic via filter on wp_trim_excerpt --><!-- AddThis Share Buttons generic via filter on wp_trim_excerpt --><\/p>\n","protected":false},"author":31869,"featured_media":31318,"comment_status":"open","ping_status":"open","sticky":true,"template":"","format":"standard","meta":{"_FSMCFIC_featured_image_caption":"","_FSMCFIC_featured_image_nocaption":"","_FSMCFIC_featured_image_hide":"","footnotes":""},"categories":[4],"tags":[28284,19,10,1277,28233],"class_list":["post-31311","post","type-post","status-publish","format-standard","has-post-thumbnail","hentry","category-lyon","tag-crise-energetique","tag-logement","tag-lyon-2","tag-metropole","tag-sobriete-energetique"],"yoast_head":"<!-- This site is optimized with the Yoast SEO plugin v22.8 - https:\/\/yoast.com\/wordpress\/plugins\/seo\/ -->\n<title>Un dispositif itin\u00e9rant pour informer des aides \u00e9nerg\u00e9tiques allou\u00e9es par la m\u00e9tropole - Lyon Bondy Blog<\/title>\n<meta name=\"description\" content=\"Dans un contexte de crise \u00e9nerg\u00e9tique sans pr\u00e9c\u00e9dent, la m\u00e9tropole de Lyon met en place un dispositif d\u2019aide \u00e0 la sobri\u00e9t\u00e9 \u00e9nerg\u00e9tique....\" \/>\n<meta name=\"robots\" content=\"index, follow, max-snippet:-1, max-image-preview:large, max-video-preview:-1\" \/>\n<link rel=\"canonical\" href=\"https:\/\/lyonbondyblog.fr\/LBB\/un-dispositif-itinerant-pour-informer-des-aides-energetiques-allouees-par-la-metropole\/\" \/>\n<meta property=\"og:locale\" content=\"fr_FR\" \/>\n<meta property=\"og:type\" content=\"article\" \/>\n<meta property=\"og:title\" content=\"Un dispositif itin\u00e9rant pour informer des aides \u00e9nerg\u00e9tiques allou\u00e9es par la m\u00e9tropole - Lyon Bondy Blog\" \/>\n<meta property=\"og:description\" content=\"Dans un contexte de crise \u00e9nerg\u00e9tique sans pr\u00e9c\u00e9dent, la m\u00e9tropole de Lyon met en place un dispositif d\u2019aide \u00e0 la sobri\u00e9t\u00e9 \u00e9nerg\u00e9tique....\" \/>\n<meta property=\"og:url\" content=\"https:\/\/lyonbondyblog.fr\/LBB\/un-dispositif-itinerant-pour-informer-des-aides-energetiques-allouees-par-la-metropole\/\" \/>\n<meta property=\"og:site_name\" content=\"Lyon Bondy Blog\" \/>\n<meta property=\"article:publisher\" content=\"https:\/\/www.facebook.com\/lyonbondyblog\" \/>\n<meta property=\"article:published_time\" content=\"2022-12-07T15:14:09+00:00\" \/>\n<meta property=\"article:modified_time\" content=\"2022-12-07T15:14:11+00:00\" \/>\n<meta property=\"og:image\" content=\"https:\/\/lyonbondyblog.fr\/LBB\/wp-content\/uploads\/2022\/12\/photo-couv-1-scaled.jpg\" \/>\n\t<meta property=\"og:image:width\" content=\"2560\" \/>\n\t<meta property=\"og:image:height\" content=\"1707\" \/>\n\t<meta property=\"og:image:type\" content=\"image\/jpeg\" \/>\n<meta name=\"author\" content=\"Leo Ballery\" \/>\n<meta name=\"twitter:card\" content=\"summary_large_image\" \/>\n<meta name=\"twitter:creator\" content=\"@bondybloglyon\" \/>\n<meta name=\"twitter:site\" content=\"@bondybloglyon\" \/>\n<script type=\"application\/ld+json\" class=\"yoast-schema-graph\">{\"@context\":\"https:\/\/schema.org\",\"@graph\":[{\"@type\":\"Article\",\"@id\":\"https:\/\/lyonbondyblog.fr\/LBB\/un-dispositif-itinerant-pour-informer-des-aides-energetiques-allouees-par-la-metropole\/#article\",\"isPartOf\":{\"@id\":\"https:\/\/lyonbondyblog.fr\/LBB\/un-dispositif-itinerant-pour-informer-des-aides-energetiques-allouees-par-la-metropole\/\"},\"author\":{\"name\":\"Leo Ballery\",\"@id\":\"https:\/\/lyonbondyblog.fr\/LBB\/#\/schema\/person\/42fb0883a7d0e7aa6bf0f33ca71fe7c1\"},\"headline\":\"Un dispositif itin\u00e9rant pour informer des aides \u00e9nerg\u00e9tiques allou\u00e9es par la m\u00e9tropole\",\"datePublished\":\"2022-12-07T15:14:09+00:00\",\"dateModified\":\"2022-12-07T15:14:11+00:00\",\"mainEntityOfPage\":{\"@id\":\"https:\/\/lyonbondyblog.fr\/LBB\/un-dispositif-itinerant-pour-informer-des-aides-energetiques-allouees-par-la-metropole\/\"},\"wordCount\":696,\"commentCount\":0,\"publisher\":{\"@id\":\"https:\/\/lyonbondyblog.fr\/LBB\/#organization\"},\"image\":{\"@id\":\"https:\/\/lyonbondyblog.fr\/LBB\/un-dispositif-itinerant-pour-informer-des-aides-energetiques-allouees-par-la-metropole\/#primaryimage\"},\"thumbnailUrl\":\"https:\/\/lyonbondyblog.fr\/LBB\/wp-content\/uploads\/2022\/12\/photo-couv-1-scaled.jpg\",\"keywords\":[\"crise \u00e9nerg\u00e9tique\",\"logement\",\"lyon\",\"M\u00e9tropole\",\"sobri\u00e9t\u00e9 \u00e9nerg\u00e9tique\"],\"articleSection\":[\"Lyon\"],\"inLanguage\":\"fr-FR\",\"potentialAction\":[{\"@type\":\"CommentAction\",\"name\":\"Comment\",\"target\":[\"https:\/\/lyonbondyblog.fr\/LBB\/un-dispositif-itinerant-pour-informer-des-aides-energetiques-allouees-par-la-metropole\/#respond\"]}]},{\"@type\":\"WebPage\",\"@id\":\"https:\/\/lyonbondyblog.fr\/LBB\/un-dispositif-itinerant-pour-informer-des-aides-energetiques-allouees-par-la-metropole\/\",\"url\":\"https:\/\/lyonbondyblog.fr\/LBB\/un-dispositif-itinerant-pour-informer-des-aides-energetiques-allouees-par-la-metropole\/\",\"name\":\"Un dispositif itin\u00e9rant pour informer des aides \u00e9nerg\u00e9tiques allou\u00e9es par la m\u00e9tropole - Lyon Bondy Blog\",\"isPartOf\":{\"@id\":\"https:\/\/lyonbondyblog.fr\/LBB\/#website\"},\"primaryImageOfPage\":{\"@id\":\"https:\/\/lyonbondyblog.fr\/LBB\/un-dispositif-itinerant-pour-informer-des-aides-energetiques-allouees-par-la-metropole\/#primaryimage\"},\"image\":{\"@id\":\"https:\/\/lyonbondyblog.fr\/LBB\/un-dispositif-itinerant-pour-informer-des-aides-energetiques-allouees-par-la-metropole\/#primaryimage\"},\"thumbnailUrl\":\"https:\/\/lyonbondyblog.fr\/LBB\/wp-content\/uploads\/2022\/12\/photo-couv-1-scaled.jpg\",\"datePublished\":\"2022-12-07T15:14:09+00:00\",\"dateModified\":\"2022-12-07T15:14:11+00:00\",\"description\":\"Dans un contexte de crise \u00e9nerg\u00e9tique sans pr\u00e9c\u00e9dent, la m\u00e9tropole de Lyon met en place un dispositif d\u2019aide \u00e0 la sobri\u00e9t\u00e9 \u00e9nerg\u00e9tique....\",\"inLanguage\":\"fr-FR\",\"potentialAction\":[{\"@type\":\"ReadAction\",\"target\":[\"https:\/\/lyonbondyblog.fr\/LBB\/un-dispositif-itinerant-pour-informer-des-aides-energetiques-allouees-par-la-metropole\/\"]}]},{\"@type\":\"ImageObject\",\"inLanguage\":\"fr-FR\",\"@id\":\"https:\/\/lyonbondyblog.fr\/LBB\/un-dispositif-itinerant-pour-informer-des-aides-energetiques-allouees-par-la-metropole\/#primaryimage\",\"url\":\"https:\/\/lyonbondyblog.fr\/LBB\/wp-content\/uploads\/2022\/12\/photo-couv-1-scaled.jpg\",\"contentUrl\":\"https:\/\/lyonbondyblog.fr\/LBB\/wp-content\/uploads\/2022\/12\/photo-couv-1-scaled.jpg\",\"width\":2560,\"height\":1707},{\"@type\":\"WebSite\",\"@id\":\"https:\/\/lyonbondyblog.fr\/LBB\/#website\",\"url\":\"https:\/\/lyonbondyblog.fr\/LBB\/\",\"name\":\"Lyon Bondy Blog\",\"description\":\"\",\"publisher\":{\"@id\":\"https:\/\/lyonbondyblog.fr\/LBB\/#organization\"},\"potentialAction\":[{\"@type\":\"SearchAction\",\"target\":{\"@type\":\"EntryPoint\",\"urlTemplate\":\"https:\/\/lyonbondyblog.fr\/LBB\/?s={search_term_string}\"},\"query-input\":\"required name=search_term_string\"}],\"inLanguage\":\"fr-FR\"},{\"@type\":\"Organization\",\"@id\":\"https:\/\/lyonbondyblog.fr\/LBB\/#organization\",\"name\":\"LYON BONDY BLOG\",\"url\":\"https:\/\/lyonbondyblog.fr\/LBB\/\",\"logo\":{\"@type\":\"ImageObject\",\"inLanguage\":\"fr-FR\",\"@id\":\"https:\/\/lyonbondyblog.fr\/LBB\/#\/schema\/logo\/image\/\",\"url\":\"http:\/\/lyonbondyblog.fr\/LBB\/wp-content\/uploads\/2014\/10\/logo-portable-144.png\",\"contentUrl\":\"http:\/\/lyonbondyblog.fr\/LBB\/wp-content\/uploads\/2014\/10\/logo-portable-144.png\",\"width\":144,\"height\":123,\"caption\":\"LYON BONDY BLOG\"},\"image\":{\"@id\":\"https:\/\/lyonbondyblog.fr\/LBB\/#\/schema\/logo\/image\/\"},\"sameAs\":[\"https:\/\/www.facebook.com\/lyonbondyblog\",\"https:\/\/x.com\/bondybloglyon\"]},{\"@type\":\"Person\",\"@id\":\"https:\/\/lyonbondyblog.fr\/LBB\/#\/schema\/person\/42fb0883a7d0e7aa6bf0f33ca71fe7c1\",\"name\":\"Leo Ballery\",\"url\":\"https:\/\/lyonbondyblog.fr\/LBB\/author\/leo-ballery\/\"}]}<\/script>\n<!-- \/ Yoast SEO plugin. -->","yoast_head_json":{"title":"Un dispositif itin\u00e9rant pour informer des aides \u00e9nerg\u00e9tiques allou\u00e9es par la m\u00e9tropole - Lyon Bondy Blog","description":"Dans un contexte de crise \u00e9nerg\u00e9tique sans pr\u00e9c\u00e9dent, la m\u00e9tropole de Lyon met en place un dispositif d\u2019aide \u00e0 la sobri\u00e9t\u00e9 \u00e9nerg\u00e9tique....","robots":{"index":"index","follow":"follow","max-snippet":"max-snippet:-1","max-image-preview":"max-image-preview:large","max-video-preview":"max-video-preview:-1"},"canonical":"https:\/\/lyonbondyblog.fr\/LBB\/un-dispositif-itinerant-pour-informer-des-aides-energetiques-allouees-par-la-metropole\/","og_locale":"fr_FR","og_type":"article","og_title":"Un dispositif itin\u00e9rant pour informer des aides \u00e9nerg\u00e9tiques allou\u00e9es par la m\u00e9tropole - Lyon Bondy Blog","og_description":"Dans un contexte de crise \u00e9nerg\u00e9tique sans pr\u00e9c\u00e9dent, la m\u00e9tropole de Lyon met en place un dispositif d\u2019aide \u00e0 la sobri\u00e9t\u00e9 \u00e9nerg\u00e9tique....","og_url":"https:\/\/lyonbondyblog.fr\/LBB\/un-dispositif-itinerant-pour-informer-des-aides-energetiques-allouees-par-la-metropole\/","og_site_name":"Lyon Bondy Blog","article_publisher":"https:\/\/www.facebook.com\/lyonbondyblog","article_published_time":"2022-12-07T15:14:09+00:00","article_modified_time":"2022-12-07T15:14:11+00:00","og_image":[{"width":2560,"height":1707,"url":"https:\/\/lyonbondyblog.fr\/LBB\/wp-content\/uploads\/2022\/12\/photo-couv-1-scaled.jpg","type":"image\/jpeg"}],"author":"Leo Ballery","twitter_card":"summary_large_image","twitter_creator":"@bondybloglyon","twitter_site":"@bondybloglyon","schema":{"@context":"https:\/\/schema.org","@graph":[{"@type":"Article","@id":"https:\/\/lyonbondyblog.fr\/LBB\/un-dispositif-itinerant-pour-informer-des-aides-energetiques-allouees-par-la-metropole\/#article","isPartOf":{"@id":"https:\/\/lyonbondyblog.fr\/LBB\/un-dispositif-itinerant-pour-informer-des-aides-energetiques-allouees-par-la-metropole\/"},"author":{"name":"Leo Ballery","@id":"https:\/\/lyonbondyblog.fr\/LBB\/#\/schema\/person\/42fb0883a7d0e7aa6bf0f33ca71fe7c1"},"headline":"Un dispositif itin\u00e9rant pour informer des aides \u00e9nerg\u00e9tiques allou\u00e9es par la m\u00e9tropole","datePublished":"2022-12-07T15:14:09+00:00","dateModified":"2022-12-07T15:14:11+00:00","mainEntityOfPage":{"@id":"https:\/\/lyonbondyblog.fr\/LBB\/un-dispositif-itinerant-pour-informer-des-aides-energetiques-allouees-par-la-metropole\/"},"wordCount":696,"commentCount":0,"publisher":{"@id":"https:\/\/lyonbondyblog.fr\/LBB\/#organization"},"image":{"@id":"https:\/\/lyonbondyblog.fr\/LBB\/un-dispositif-itinerant-pour-informer-des-aides-energetiques-allouees-par-la-metropole\/#primaryimage"},"thumbnailUrl":"https:\/\/lyonbondyblog.fr\/LBB\/wp-content\/uploads\/2022\/12\/photo-couv-1-scaled.jpg","keywords":["crise \u00e9nerg\u00e9tique","logement","lyon","M\u00e9tropole","sobri\u00e9t\u00e9 \u00e9nerg\u00e9tique"],"articleSection":["Lyon"],"inLanguage":"fr-FR","potentialAction":[{"@type":"CommentAction","name":"Comment","target":["https:\/\/lyonbondyblog.fr\/LBB\/un-dispositif-itinerant-pour-informer-des-aides-energetiques-allouees-par-la-metropole\/#respond"]}]},{"@type":"WebPage","@id":"https:\/\/lyonbondyblog.fr\/LBB\/un-dispositif-itinerant-pour-informer-des-aides-energetiques-allouees-par-la-metropole\/","url":"https:\/\/lyonbondyblog.fr\/LBB\/un-dispositif-itinerant-pour-informer-des-aides-energetiques-allouees-par-la-metropole\/","name":"Un dispositif itin\u00e9rant pour informer des aides \u00e9nerg\u00e9tiques allou\u00e9es par la m\u00e9tropole - Lyon Bondy Blog","isPartOf":{"@id":"https:\/\/lyonbondyblog.fr\/LBB\/#website"},"primaryImageOfPage":{"@id":"https:\/\/lyonbondyblog.fr\/LBB\/un-dispositif-itinerant-pour-informer-des-aides-energetiques-allouees-par-la-metropole\/#primaryimage"},"image":{"@id":"https:\/\/lyonbondyblog.fr\/LBB\/un-dispositif-itinerant-pour-informer-des-aides-energetiques-allouees-par-la-metropole\/#primaryimage"},"thumbnailUrl":"https:\/\/lyonbondyblog.fr\/LBB\/wp-content\/uploads\/2022\/12\/photo-couv-1-scaled.jpg","datePublished":"2022-12-07T15:14:09+00:00","dateModified":"2022-12-07T15:14:11+00:00","description":"Dans un contexte de crise \u00e9nerg\u00e9tique sans pr\u00e9c\u00e9dent, la m\u00e9tropole de Lyon met en place un dispositif d\u2019aide \u00e0 la sobri\u00e9t\u00e9 \u00e9nerg\u00e9tique....","inLanguage":"fr-FR","potentialAction":[{"@type":"ReadAction","target":["https:\/\/lyonbondyblog.fr\/LBB\/un-dispositif-itinerant-pour-informer-des-aides-energetiques-allouees-par-la-metropole\/"]}]},{"@type":"ImageObject","inLanguage":"fr-FR","@id":"https:\/\/lyonbondyblog.fr\/LBB\/un-dispositif-itinerant-pour-informer-des-aides-energetiques-allouees-par-la-metropole\/#primaryimage","url":"https:\/\/lyonbondyblog.fr\/LBB\/wp-content\/uploads\/2022\/12\/photo-couv-1-scaled.jpg","contentUrl":"https:\/\/lyonbondyblog.fr\/LBB\/wp-content\/uploads\/2022\/12\/photo-couv-1-scaled.jpg","width":2560,"height":1707},{"@type":"WebSite","@id":"https:\/\/lyonbondyblog.fr\/LBB\/#website","url":"https:\/\/lyonbondyblog.fr\/LBB\/","name":"Lyon Bondy Blog","description":"","publisher":{"@id":"https:\/\/lyonbondyblog.fr\/LBB\/#organization"},"potentialAction":[{"@type":"SearchAction","target":{"@type":"EntryPoint","urlTemplate":"https:\/\/lyonbondyblog.fr\/LBB\/?s={search_term_string}"},"query-input":"required name=search_term_string"}],"inLanguage":"fr-FR"},{"@type":"Organization","@id":"https:\/\/lyonbondyblog.fr\/LBB\/#organization","name":"LYON BONDY BLOG","url":"https:\/\/lyonbondyblog.fr\/LBB\/","logo":{"@type":"ImageObject","inLanguage":"fr-FR","@id":"https:\/\/lyonbondyblog.fr\/LBB\/#\/schema\/logo\/image\/","url":"http:\/\/lyonbondyblog.fr\/LBB\/wp-content\/uploads\/2014\/10\/logo-portable-144.png","contentUrl":"http:\/\/lyonbondyblog.fr\/LBB\/wp-content\/uploads\/2014\/10\/logo-portable-144.png","width":144,"height":123,"caption":"LYON BONDY BLOG"},"image":{"@id":"https:\/\/lyonbondyblog.fr\/LBB\/#\/schema\/logo\/image\/"},"sameAs":["https:\/\/www.facebook.com\/lyonbondyblog","https:\/\/x.com\/bondybloglyon"]},{"@type":"Person","@id":"https:\/\/lyonbondyblog.fr\/LBB\/#\/schema\/person\/42fb0883a7d0e7aa6bf0f33ca71fe7c1","name":"Leo Ballery","url":"https:\/\/lyonbondyblog.fr\/LBB\/author\/leo-ballery\/"}]}},"_links":{"self":[{"href":"https:\/\/lyonbondyblog.fr\/LBB\/wp-json\/wp\/v2\/posts\/31311","targetHints":{"allow":["GET"]}}],"collection":[{"href":"https:\/\/lyonbondyblog.fr\/LBB\/wp-json\/wp\/v2\/posts"}],"about":[{"href":"https:\/\/lyonbondyblog.fr\/LBB\/wp-json\/wp\/v2\/types\/post"}],"author":[{"embeddable":true,"href":"https:\/\/lyonbondyblog.fr\/LBB\/wp-json\/wp\/v2\/users\/31869"}],"replies":[{"embeddable":true,"href":"https:\/\/lyonbondyblog.fr\/LBB\/wp-json\/wp\/v2\/comments?post=31311"}],"version-history":[{"count":5,"href":"https:\/\/lyonbondyblog.fr\/LBB\/wp-json\/wp\/v2\/posts\/31311\/revisions"}],"predecessor-version":[{"id":31320,"href":"https:\/\/lyonbondyblog.fr\/LBB\/wp-json\/wp\/v2\/posts\/31311\/revisions\/31320"}],"wp:featuredmedia":[{"embeddable":true,"href":"https:\/\/lyonbondyblog.fr\/LBB\/wp-json\/wp\/v2\/media\/31318"}],"wp:attachment":[{"href":"https:\/\/lyonbondyblog.fr\/LBB\/wp-json\/wp\/v2\/media?parent=31311"}],"wp:term":[{"taxonomy":"category","embeddable":true,"href":"https:\/\/lyonbondyblog.fr\/LBB\/wp-json\/wp\/v2\/categories?post=31311"},{"taxonomy":"post_tag","embeddable":true,"href":"https:\/\/lyonbondyblog.fr\/LBB\/wp-json\/wp\/v2\/tags?post=31311"}],"curies":[{"name":"wp","href":"https:\/\/api.w.org\/{rel}","templated":true}]}}