{"id":31276,"date":"2022-12-02T18:36:57","date_gmt":"2022-12-02T17:36:57","guid":{"rendered":"http:\/\/lyonbondyblog.fr\/LBB\/?p=31276"},"modified":"2022-12-02T18:46:15","modified_gmt":"2022-12-02T17:46:15","slug":"villeurbanne-toi-toi-le-zinc-un-lieu-social-et-culturel","status":"publish","type":"post","link":"https:\/\/lyonbondyblog.fr\/LBB\/villeurbanne-toi-toi-le-zinc-un-lieu-social-et-culturel\/","title":{"rendered":"Villeurbanne : To\u00ef To\u00ef le Zinc, un lieu social et culturel"},"content":{"rendered":"\n<p><strong>Install\u00e9e dans le quartier Croix-Luizet, la salle de spectacle et concert To\u00ef To\u00ef le Zinc fait vivre la culture \u00e0 Villeurbanne. Entre \u00e9v\u00e9nements culturels et engagement social, ce lieu entend incarner l\u2019esprit populaire de la 19e ville de France.<\/strong><\/p>\n\n\n\n<p>Depuis 14 ans, la salle de spectacle <a href=\"https:\/\/www.toitoilezinc.fr\/\" target=\"_blank\" rel=\"noreferrer noopener\">To\u00ef To\u00ef le Zinc<\/a> anime la vie du quartier Croix-Luizet \u00e0 Villeurbanne. Fond\u00e9 en 2005 par trois amis qui souhaitent \u00ab\u00a0<em>pallier le manque de lieux de cr\u00e9ation pour le spectacle vivant et notamment le manque d\u2019espaces de r\u00e9sidence adapt\u00e9s \u00e0 la danse<\/em>\u00a0\u00bb. C\u2019est en 2008, que cet ancien garage est transform\u00e9 en salle de spectacle et de concert, puis deviendra au fil du temps \u00ab\u00a0<em>un lieu incontournable<\/em>\u00a0\u00bb o\u00f9 vit la culture sous toutes ses formes. \u00c0 l\u2019origine focalis\u00e9 sur la danse, le lieu rencontre un manque d\u2019engouement, puis se diversifie et s\u2019ouvre \u00e0 d\u2019autres formes d\u2019expressions culturelles. La danse reste, malgr\u00e9 tout, repr\u00e9sent\u00e9e au sein de To\u00ef To\u00ef via un rendez-vous trimestriel.<\/p>\n\n\n\n<p>Aujourd\u2019hui, c\u2019est l\u2019association TaTaToom qui s\u2019occupe de la programmation, qui se veut de plus en plus vari\u00e9e. Entre concerts, stand-up, spectacles de danse et de th\u00e9\u00e2tre, \u2026, les \u00e9v\u00e9nements se multiplient. Passant du rock \u00e0 la pop psych\u00e9d\u00e9lique, de la techno au rap, aucun style n\u2019est oubli\u00e9. Une diversit\u00e9 culturelle qui se veut toujours ancr\u00e9e dans la r\u00e9gion. \u00ab\u00a0<em>On privil\u00e9gie les artistes du coin. On a vraiment la volont\u00e9 d\u2019aider au d\u00e9veloppement d\u2019une sc\u00e8ne locale<\/em>\u00a0\u00bb, affirme Fanny Autard, charg\u00e9e de communication \u00e0 To\u00ef To\u00ef le Zinc.<\/p>\n\n\n\n<figure class=\"wp-block-gallery columns-2 is-cropped wp-block-gallery-1 is-layout-flex wp-block-gallery-is-layout-flex\"><ul class=\"blocks-gallery-grid\"><li class=\"blocks-gallery-item\"><figure><img loading=\"lazy\" decoding=\"async\" width=\"1920\" height=\"1280\" src=\"https:\/\/lyonbondyblog.fr\/LBB\/wp-content\/uploads\/2022\/12\/photo-5--1920x1280.jpg\" alt=\"\" data-id=\"31282\" data-full-url=\"https:\/\/lyonbondyblog.fr\/LBB\/wp-content\/uploads\/2022\/12\/photo-5--scaled.jpg\" data-link=\"https:\/\/lyonbondyblog.fr\/LBB\/?attachment_id=31282\" class=\"wp-image-31282\" srcset=\"https:\/\/lyonbondyblog.fr\/LBB\/wp-content\/uploads\/2022\/12\/photo-5--1920x1280.jpg 1920w, https:\/\/lyonbondyblog.fr\/LBB\/wp-content\/uploads\/2022\/12\/photo-5--1200x800.jpg 1200w, https:\/\/lyonbondyblog.fr\/LBB\/wp-content\/uploads\/2022\/12\/photo-5--768x512.jpg 768w, https:\/\/lyonbondyblog.fr\/LBB\/wp-content\/uploads\/2022\/12\/photo-5--1536x1024.jpg 1536w, https:\/\/lyonbondyblog.fr\/LBB\/wp-content\/uploads\/2022\/12\/photo-5--2048x1365.jpg 2048w, https:\/\/lyonbondyblog.fr\/LBB\/wp-content\/uploads\/2022\/12\/photo-5--272x182.jpg 272w\" sizes=\"auto, (max-width: 1920px) 100vw, 1920px\" \/><\/figure><\/li><li class=\"blocks-gallery-item\"><figure><img loading=\"lazy\" decoding=\"async\" width=\"1920\" height=\"1280\" src=\"https:\/\/lyonbondyblog.fr\/LBB\/wp-content\/uploads\/2022\/12\/photo-7--1920x1280.jpg\" alt=\"\" data-id=\"31284\" data-full-url=\"https:\/\/lyonbondyblog.fr\/LBB\/wp-content\/uploads\/2022\/12\/photo-7--scaled.jpg\" data-link=\"https:\/\/lyonbondyblog.fr\/LBB\/?attachment_id=31284\" class=\"wp-image-31284\" srcset=\"https:\/\/lyonbondyblog.fr\/LBB\/wp-content\/uploads\/2022\/12\/photo-7--1920x1280.jpg 1920w, https:\/\/lyonbondyblog.fr\/LBB\/wp-content\/uploads\/2022\/12\/photo-7--1200x800.jpg 1200w, https:\/\/lyonbondyblog.fr\/LBB\/wp-content\/uploads\/2022\/12\/photo-7--768x512.jpg 768w, https:\/\/lyonbondyblog.fr\/LBB\/wp-content\/uploads\/2022\/12\/photo-7--1536x1024.jpg 1536w, https:\/\/lyonbondyblog.fr\/LBB\/wp-content\/uploads\/2022\/12\/photo-7--2048x1365.jpg 2048w, https:\/\/lyonbondyblog.fr\/LBB\/wp-content\/uploads\/2022\/12\/photo-7--272x182.jpg 272w\" sizes=\"auto, (max-width: 1920px) 100vw, 1920px\" \/><\/figure><\/li><li class=\"blocks-gallery-item\"><figure><img loading=\"lazy\" decoding=\"async\" width=\"1920\" height=\"1280\" src=\"https:\/\/lyonbondyblog.fr\/LBB\/wp-content\/uploads\/2022\/12\/photo-6--1920x1280.jpg\" alt=\"\" data-id=\"31283\" data-full-url=\"https:\/\/lyonbondyblog.fr\/LBB\/wp-content\/uploads\/2022\/12\/photo-6--scaled.jpg\" data-link=\"https:\/\/lyonbondyblog.fr\/LBB\/?attachment_id=31283\" class=\"wp-image-31283\" srcset=\"https:\/\/lyonbondyblog.fr\/LBB\/wp-content\/uploads\/2022\/12\/photo-6--1920x1280.jpg 1920w, https:\/\/lyonbondyblog.fr\/LBB\/wp-content\/uploads\/2022\/12\/photo-6--1200x800.jpg 1200w, https:\/\/lyonbondyblog.fr\/LBB\/wp-content\/uploads\/2022\/12\/photo-6--768x512.jpg 768w, https:\/\/lyonbondyblog.fr\/LBB\/wp-content\/uploads\/2022\/12\/photo-6--1536x1024.jpg 1536w, https:\/\/lyonbondyblog.fr\/LBB\/wp-content\/uploads\/2022\/12\/photo-6--2048x1365.jpg 2048w, https:\/\/lyonbondyblog.fr\/LBB\/wp-content\/uploads\/2022\/12\/photo-6--272x182.jpg 272w\" sizes=\"auto, (max-width: 1920px) 100vw, 1920px\" \/><\/figure><\/li><li class=\"blocks-gallery-item\"><figure><img loading=\"lazy\" decoding=\"async\" width=\"1920\" height=\"1280\" src=\"https:\/\/lyonbondyblog.fr\/LBB\/wp-content\/uploads\/2022\/12\/photo-8--1920x1280.jpg\" alt=\"\" data-id=\"31285\" data-full-url=\"https:\/\/lyonbondyblog.fr\/LBB\/wp-content\/uploads\/2022\/12\/photo-8--scaled.jpg\" data-link=\"https:\/\/lyonbondyblog.fr\/LBB\/?attachment_id=31285\" class=\"wp-image-31285\" srcset=\"https:\/\/lyonbondyblog.fr\/LBB\/wp-content\/uploads\/2022\/12\/photo-8--1920x1280.jpg 1920w, https:\/\/lyonbondyblog.fr\/LBB\/wp-content\/uploads\/2022\/12\/photo-8--1200x800.jpg 1200w, https:\/\/lyonbondyblog.fr\/LBB\/wp-content\/uploads\/2022\/12\/photo-8--768x512.jpg 768w, https:\/\/lyonbondyblog.fr\/LBB\/wp-content\/uploads\/2022\/12\/photo-8--1536x1024.jpg 1536w, https:\/\/lyonbondyblog.fr\/LBB\/wp-content\/uploads\/2022\/12\/photo-8--2048x1365.jpg 2048w, https:\/\/lyonbondyblog.fr\/LBB\/wp-content\/uploads\/2022\/12\/photo-8--272x182.jpg 272w\" sizes=\"auto, (max-width: 1920px) 100vw, 1920px\" \/><\/figure><\/li><\/ul><figcaption class=\"blocks-gallery-caption\">Cr\u00e9dit : L\u00e9o Ballery<\/figcaption><\/figure>\n\n\n\n<p>\u00c0 l\u2019instar de la sc\u00e8ne de stand-up r\u00e9gionale qui se d\u00e9veloppe\u00a0de jour en jour. <em>\u00ab\u00a0Pour le stand-up on marche avec le m\u00eame collectif d\u2019artistes (<a href=\"https:\/\/www.instagram.com\/forninecomedie\/\" target=\"_blank\" rel=\"noreferrer noopener\">Fornine Comedy<\/a>) depuis au moins trois ans, voire plus. Ce sont eux qui ont la charge de la soir\u00e9e. Tous les mardis soir, <a href=\"https:\/\/lyonbondyblog.fr\/LBB\/le-spectacle-dhumour-du-casse-du-rire-revient-a-lyon\/\" target=\"_blank\" rel=\"noreferrer noopener\">Kacem de la Fontaine<\/a>, qui est le ma\u00eetre de c\u00e9r\u00e9monie, invite diff\u00e9rents artistes, masculins ou f\u00e9minins, qui font du stand-up. \u00c7a peut \u00eatre des premi\u00e8res sc\u00e8nes, des humoristes un peu plus connus qui essayent de tester des sketchs.\u00a0\u00bb, <\/em>d\u00e9taille Fanny Autard. Des \u00e9v\u00e9nements qui ont une port\u00e9e sociale\u00a0: \u00ab\u00a0<em>Kacem est en lien avec les centres sociaux du coin pour faire venir des jeunes lors de ces soir\u00e9es stand-up.<\/em> <em>\u00c9galement, lorsqu\u2019on a des artistes en r\u00e9sidence qui viennent sur la journ\u00e9e ou deux trois jours dans la semaine. On contacte des coll\u00e8ges du coin et on propose aux professeurs, avec qui on est en lien, de faire venir une classe pour assister \u00e0 une r\u00e9p\u00e9tition.\u00a0\u00bb.<\/em><\/p>\n\n\n\n<h2 class=\"wp-block-heading\"><strong>Une culture accessible \u00e0 tous et des ambitions sociales<\/strong><\/h2>\n\n\n\n<p>Si la vocation premi\u00e8re de To\u00ef To\u00ef le Zinc est de faire vivre la culture \u00e0 Villeurbanne, la salle de spectacle porte aussi des ambitions et engagements sociaux. Cela commence par son syst\u00e8me de fonctionnement&nbsp;: le b\u00e9n\u00e9volat. Lors d\u2019\u00e9v\u00e9nements en tout genre, une vingtaine de b\u00e9n\u00e9voles assurent la bonne organisation des soir\u00e9es, de l\u2019accueil des artistes \u00e0 la billetterie.<\/p>\n\n\n\n<p>Autre particularit\u00e9 du lieu, l\u2019application de \u00ab\u00a0<em>tarif solidaire<\/em>\u00a0\u00bb. Les prix varient entre six et dix euros en fonction des \u00e9v\u00e9nements. Chacun est libre de payer ce qu\u2019il peut en fonction de ses capacit\u00e9s financi\u00e8res, sans qu\u2019aucun justificatif ne soit demand\u00e9. D\u2019ailleurs, une grande partie des \u00e9v\u00e9nements sont gratuits. Une autre d\u00e9marche se rapproche de ce concept, la mise en place des \u00ab\u00a0<em>boissons suspendues<\/em>\u00a0\u00bb. L\u2019id\u00e9e est simple, vous payez deux boissons pour en donner une \u00e0 ceux qui ne pourraient pas s\u2019en offrir.<\/p>\n\n\n\n<figure class=\"wp-block-gallery columns-2 is-cropped wp-block-gallery-2 is-layout-flex wp-block-gallery-is-layout-flex\"><ul class=\"blocks-gallery-grid\"><li class=\"blocks-gallery-item\"><figure><img loading=\"lazy\" decoding=\"async\" width=\"1920\" height=\"1361\" src=\"https:\/\/lyonbondyblog.fr\/LBB\/wp-content\/uploads\/2022\/12\/photo-1--1920x1361.jpg\" alt=\"\" data-id=\"31278\" data-full-url=\"https:\/\/lyonbondyblog.fr\/LBB\/wp-content\/uploads\/2022\/12\/photo-1--scaled.jpg\" data-link=\"https:\/\/lyonbondyblog.fr\/LBB\/?attachment_id=31278\" class=\"wp-image-31278\" srcset=\"https:\/\/lyonbondyblog.fr\/LBB\/wp-content\/uploads\/2022\/12\/photo-1--1920x1361.jpg 1920w, https:\/\/lyonbondyblog.fr\/LBB\/wp-content\/uploads\/2022\/12\/photo-1--1200x851.jpg 1200w, https:\/\/lyonbondyblog.fr\/LBB\/wp-content\/uploads\/2022\/12\/photo-1--768x544.jpg 768w, https:\/\/lyonbondyblog.fr\/LBB\/wp-content\/uploads\/2022\/12\/photo-1--1536x1089.jpg 1536w, https:\/\/lyonbondyblog.fr\/LBB\/wp-content\/uploads\/2022\/12\/photo-1--2048x1452.jpg 2048w, https:\/\/lyonbondyblog.fr\/LBB\/wp-content\/uploads\/2022\/12\/photo-1--120x85.jpg 120w\" sizes=\"auto, (max-width: 1920px) 100vw, 1920px\" \/><\/figure><\/li><li class=\"blocks-gallery-item\"><figure><img loading=\"lazy\" decoding=\"async\" width=\"1920\" height=\"1280\" src=\"https:\/\/lyonbondyblog.fr\/LBB\/wp-content\/uploads\/2022\/12\/photo-2--1920x1280.jpg\" alt=\"\" data-id=\"31279\" data-full-url=\"https:\/\/lyonbondyblog.fr\/LBB\/wp-content\/uploads\/2022\/12\/photo-2--scaled.jpg\" data-link=\"https:\/\/lyonbondyblog.fr\/LBB\/?attachment_id=31279\" class=\"wp-image-31279\" srcset=\"https:\/\/lyonbondyblog.fr\/LBB\/wp-content\/uploads\/2022\/12\/photo-2--1920x1280.jpg 1920w, https:\/\/lyonbondyblog.fr\/LBB\/wp-content\/uploads\/2022\/12\/photo-2--1200x800.jpg 1200w, https:\/\/lyonbondyblog.fr\/LBB\/wp-content\/uploads\/2022\/12\/photo-2--768x512.jpg 768w, https:\/\/lyonbondyblog.fr\/LBB\/wp-content\/uploads\/2022\/12\/photo-2--1536x1024.jpg 1536w, https:\/\/lyonbondyblog.fr\/LBB\/wp-content\/uploads\/2022\/12\/photo-2--2048x1365.jpg 2048w, https:\/\/lyonbondyblog.fr\/LBB\/wp-content\/uploads\/2022\/12\/photo-2--272x182.jpg 272w\" sizes=\"auto, (max-width: 1920px) 100vw, 1920px\" \/><\/figure><\/li><\/ul><figcaption class=\"blocks-gallery-caption\">To\u00ef To\u00ef le Zinc a mis \u00e0 disposition une boite \u00e0 dons devant leur local. Cr\u00e9dit : L\u00e9o Ballery<\/figcaption><\/figure>\n\n\n\n<p>To\u00ef To\u00ef le Zinc se d\u00e9marque \u00e9galement en soutenant des actions sociales comme \u00ab\u00a0L<em>es bo\u00eetes de No\u00ebl<\/em>\u00a0\u00bb, pour lesquelles la salle de concert sert de point de collecte. \u00ab\u00a0<em>On en a d\u00e9j\u00e0 r\u00e9colt\u00e9 quelques-unes\u00a0<\/em>\u00bb, pr\u00e9cise Fanny Autard. Autre illustration de leur ancrage sociale et locale, la structure s\u2019est associ\u00e9e \u00e0 <a href=\"https:\/\/www.regleselementaires.com\/\" target=\"_blank\" rel=\"noreferrer noopener\">R\u00e8gles \u00c9l\u00e9mentaires<\/a> et une association \u00e9tudiante de l\u2019INSA (Les sans culottes) pour mettre en place une collecte de produits hygi\u00e9niques, distribu\u00e9s ensuite aux plus d\u00e9munis. Des actions qui ont vocation \u00e0 perdurer et pourquoi pas se diversifier. <em>\u00ab\u00a0Les bo\u00eetes de No\u00ebl c&rsquo;est parce qu&rsquo;on a eu l&rsquo;opportunit\u00e9 de le faire. Si on nous le propose l&rsquo;ann\u00e9e prochaine, on le fera avec grand plaisir\u00a0! Pour R\u00e8gle \u00c9l\u00e9mentaire, \u00e0 la base \u00e7a devait \u00eatre temporaire. Finalement, \u00e7a continue \u00e0 marcher et \u00e7a nous parle comme projet. Par cons\u00e9quent, on a d\u00e9cid\u00e9 de le conserver, en tout cas pour l&rsquo;instant. {\u2026} Ce type d\u2019actions correspond compl\u00e8tement \u00e0 l&rsquo;objectif du lieu et \u00e7a nous para\u00eet important.<\/em>\u00a0\u00bb.<\/p>\n\n\n\n<h2 class=\"wp-block-heading\"><strong><em>\u00ab&nbsp;On essaye de donner une voix aux associations qui, elles, ont des choses \u00e0 dire et \u00e0 d\u00e9fendre&nbsp;\u00bb<\/em><\/strong><\/h2>\n\n\n\n<p>De temps en temps, la salle est mise \u00e0 disposition d\u2019association, que ce soit pour des d\u00e9bats, des conf\u00e9rences, r\u00e9unions, etc. L\u2019occasion pour ces structures de faire passer leurs messages, explique Fanny Autard, \u00ab\u00a0<em>Ce type d\u2019\u00e9v\u00e8nement nous engage dans des discussions autour des questions sociales, autour des questions d\u2019\u00e9cologie,\u00a0 &#8230;.. Ce sont les grandes valeurs qu\u2019on d\u00e9fend. On cherche comment est-ce qu&rsquo;on peut aider les gens, mais on ne les aide pas vraiment. Cependant, on essaye de donner une voix aux associations qui, elles, ont des choses \u00e0 dire et \u00e0 d\u00e9fendre. {\u2026} Par exemple, l\u2019ann\u00e9e derni\u00e8re on a fait plusieurs projets avec <a href=\"https:\/\/oip.org\/\" target=\"_blank\" rel=\"noreferrer noopener\">l\u2019OIP (Observatoire International des Prisons).<\/a> La premi\u00e8re soir\u00e9e avec eux \u00e9tait une rencontre th\u00e9\u00e2trale autour d&rsquo;une question juridique. \u00c7a a d\u00e9coul\u00e9 derri\u00e8re en plusieurs \u00e9v\u00e9nements \u00e0 leur c\u00f4t\u00e9, comme un concert de soutien.\u00a0\u00bb<\/em><\/p>\n\n\n\n<p>Concernant les structures qui interviennent \u00e0 To\u00ef To\u00ef le Zinc, ce sont principalement les associations qui contactent la salle de spectacle. Rare sont celles refus\u00e9es\u00a0:\u00ab\u00a0<em>Pour ce qui est des associations ou autres, je ne crois pas qu&rsquo;on en ait refus\u00e9. On est un peu catalogu\u00e9 depuis que le lieu existe comme un lieu engag\u00e9 fortement dans diff\u00e9rentes th\u00e9matiques. Par cons\u00e9quent, les associations viennent vers nous assez naturellement. Par exemple, on accueille bient\u00f4t <a href=\"https:\/\/extinctionrebellion.fr\/\" target=\"_blank\" rel=\"noreferrer noopener\">Extinction R\u00e9bellion<\/a>, ils nous contactent, car ils ont vu que la salle \u00e9tait proche de leurs valeurs.\u00a0\u00bb, <\/em>rapporte la charg\u00e9e de communication.Tout en pr\u00e9cisant que c\u2019est \u00ab\u00a0<em>une d\u00e9marche naturelle\u00a0<\/em>\u00bb issue d\u2019une \u00ab\u00a0<em>volont\u00e9 globale<\/em>\u00a0\u00bb de la part de leur \u00e9quipe.<\/p>\n\n\n\n<p>La salle de concert et spectacle adh\u00e8re aussi \u00e0 plusieurs dispositifs comme \u00ab\u00a0<a href=\"https:\/\/arretonslesviolences.gouv.fr\/focus\/plan-angela\" target=\"_blank\" rel=\"noreferrer noopener\">Angela<\/a>\u00a0\u00bb. Import\u00e9 du Royaume-Uni, ce dispositif \u00e0 pour but de permettre \u00e0 toutes personnes subissant du harc\u00e8lement de trouver un lieu s\u00fbr pour se r\u00e9fugier. Dans ce cadre, l\u2019\u00e9quipe de To\u00ef To\u00ef le Zinc a d\u00e9velopp\u00e9 une charte pour assurer au mieux l\u2019accueil d\u2019une personne demandant un refuge.<\/p>\n\n\n\n<figure class=\"wp-block-gallery columns-2 is-cropped wp-block-gallery-3 is-layout-flex wp-block-gallery-is-layout-flex\"><ul class=\"blocks-gallery-grid\"><li class=\"blocks-gallery-item\"><figure><img loading=\"lazy\" decoding=\"async\" width=\"1920\" height=\"1280\" src=\"https:\/\/lyonbondyblog.fr\/LBB\/wp-content\/uploads\/2022\/12\/photo-3--1920x1280.jpg\" alt=\"\" data-id=\"31280\" class=\"wp-image-31280\" srcset=\"https:\/\/lyonbondyblog.fr\/LBB\/wp-content\/uploads\/2022\/12\/photo-3--1920x1280.jpg 1920w, https:\/\/lyonbondyblog.fr\/LBB\/wp-content\/uploads\/2022\/12\/photo-3--1200x800.jpg 1200w, https:\/\/lyonbondyblog.fr\/LBB\/wp-content\/uploads\/2022\/12\/photo-3--768x512.jpg 768w, https:\/\/lyonbondyblog.fr\/LBB\/wp-content\/uploads\/2022\/12\/photo-3--1536x1024.jpg 1536w, https:\/\/lyonbondyblog.fr\/LBB\/wp-content\/uploads\/2022\/12\/photo-3--2048x1365.jpg 2048w, https:\/\/lyonbondyblog.fr\/LBB\/wp-content\/uploads\/2022\/12\/photo-3--272x182.jpg 272w\" sizes=\"auto, (max-width: 1920px) 100vw, 1920px\" \/><\/figure><\/li><li class=\"blocks-gallery-item\"><figure><img loading=\"lazy\" decoding=\"async\" width=\"1920\" height=\"1280\" src=\"https:\/\/lyonbondyblog.fr\/LBB\/wp-content\/uploads\/2022\/12\/photo-4--1920x1280.jpg\" alt=\"\" data-id=\"31281\" data-full-url=\"https:\/\/lyonbondyblog.fr\/LBB\/wp-content\/uploads\/2022\/12\/photo-4--scaled.jpg\" data-link=\"https:\/\/lyonbondyblog.fr\/LBB\/?attachment_id=31281\" class=\"wp-image-31281\" srcset=\"https:\/\/lyonbondyblog.fr\/LBB\/wp-content\/uploads\/2022\/12\/photo-4--1920x1280.jpg 1920w, https:\/\/lyonbondyblog.fr\/LBB\/wp-content\/uploads\/2022\/12\/photo-4--1200x800.jpg 1200w, https:\/\/lyonbondyblog.fr\/LBB\/wp-content\/uploads\/2022\/12\/photo-4--768x512.jpg 768w, https:\/\/lyonbondyblog.fr\/LBB\/wp-content\/uploads\/2022\/12\/photo-4--1536x1024.jpg 1536w, https:\/\/lyonbondyblog.fr\/LBB\/wp-content\/uploads\/2022\/12\/photo-4--2048x1365.jpg 2048w, https:\/\/lyonbondyblog.fr\/LBB\/wp-content\/uploads\/2022\/12\/photo-4--272x182.jpg 272w\" sizes=\"auto, (max-width: 1920px) 100vw, 1920px\" \/><\/figure><\/li><\/ul><figcaption class=\"blocks-gallery-caption\"> Plusieurs affiches du dispositif \u00ab\u00a0Angela\u00a0\u00bb sont pr\u00e9sentes. Cr\u00e9dit : L\u00e9o Ballery <\/figcaption><\/figure>\n\n\n\n<p>Tout au long de l\u2019ann\u00e9e, To\u00ef To\u00ef le Zinc propose de multiples repr\u00e9sentations. Pour en savoir plus, rendez-vous <a href=\"https:\/\/www.toitoilezinc.fr\/agenda-salle-de-spectacle\/\" target=\"_blank\" rel=\"noreferrer noopener\">ici.<\/a><\/p>\n\n\n\n<p class=\"has-text-align-right\"><strong>L\u00e9o Ballery <\/strong><\/p>\n\n\n\n<p><strong>Retrouvez nos derniers articles ici : <\/strong><\/p>\n\n\n<ul class=\"wp-block-latest-posts__list wp-block-latest-posts\"><li><a class=\"wp-block-latest-posts__post-title\" href=\"https:\/\/lyonbondyblog.fr\/LBB\/jeunes-davenirs-la-jeunesse-a-venir\/\">Jeunes d\u2019Avenirs\u00a0: la jeunesse \u00e0 venir<\/a><\/li>\n<li><a class=\"wp-block-latest-posts__post-title\" href=\"https:\/\/lyonbondyblog.fr\/LBB\/le-tribunal-refuse-la-liberation-provisoire-dun-homme-poursuivi-pour-violences-aggravees\/\">Le tribunal refuse la lib\u00e9ration provisoire d\u2019un homme poursuivi pour violences aggrav\u00e9es<\/a><\/li>\n<li><a class=\"wp-block-latest-posts__post-title\" href=\"https:\/\/lyonbondyblog.fr\/LBB\/la-poesie-au-theatre-la-generale-de-la-proposition-musicale-et-litteraire-dalain-klingler\/\">La po\u00e9sie au th\u00e9\u00e2tre\u00a0: la g\u00e9n\u00e9rale de la proposition musicale et litt\u00e9raire d\u2019Alain Klingler<\/a><\/li>\n<li><a class=\"wp-block-latest-posts__post-title\" href=\"https:\/\/lyonbondyblog.fr\/LBB\/culture-allez-faire-un-petit-tour-du-cote-de-venissieux-pour-le-raffut-festival\/\">Culture : Allez faire un petit tour du c\u00f4t\u00e9 de V\u00e9nissieux, pour le raffut festival<\/a><\/li>\n<li><a class=\"wp-block-latest-posts__post-title\" href=\"https:\/\/lyonbondyblog.fr\/LBB\/a-lyon-la-recherche-publique-et-lindustrie-resserrent-leurs-liens\/\">\u00c0 Lyon, la recherche publique et l&rsquo;industrie resserrent leurs liens<\/a><\/li>\n<\/ul><!-- AddThis Advanced Settings generic via filter on the_content --><!-- AddThis Share Buttons generic via filter on the_content -->","protected":false},"excerpt":{"rendered":"<p>Install\u00e9e dans le quartier Croix-Luizet, la salle de spectacle et concert To\u00ef To\u00ef le Zinc fait vivre la culture \u00e0 Villeurbanne. Entre \u00e9v\u00e9nements culturels et &hellip; <!-- AddThis Advanced Settings generic via filter on wp_trim_excerpt --><!-- AddThis Share Buttons generic via filter on wp_trim_excerpt --><\/p>\n","protected":false},"author":31869,"featured_media":31286,"comment_status":"open","ping_status":"open","sticky":true,"template":"","format":"standard","meta":{"_FSMCFIC_featured_image_caption":"","_FSMCFIC_featured_image_nocaption":"","_FSMCFIC_featured_image_hide":"","footnotes":""},"categories":[3,4],"tags":[28274,564,28275,1952,111,10,2613,1081,1313,28167,128],"class_list":["post-31276","post","type-post","status-publish","format-standard","has-post-thumbnail","hentry","category-culture","category-lyon","tag-bar","tag-concert","tag-croix-luizet-2","tag-culture","tag-danse","tag-lyon-2","tag-restaurant","tag-social","tag-stand-up","tag-theatre-3","tag-villeurbanne"],"yoast_head":"<!-- This site is optimized with the Yoast SEO plugin v22.8 - https:\/\/yoast.com\/wordpress\/plugins\/seo\/ -->\n<title>Villeurbanne : To\u00ef To\u00ef le Zinc, un lieu social et culturel - Lyon Bondy Blog<\/title>\n<meta name=\"description\" content=\"Install\u00e9e dans le quartier Croix-Luizet, la salle de spectacle et concert To\u00ef To\u00ef le Zinc fait vivre la culture \u00e0 Villeurbanne. Entre....\" \/>\n<meta name=\"robots\" content=\"index, follow, max-snippet:-1, max-image-preview:large, max-video-preview:-1\" \/>\n<link rel=\"canonical\" href=\"https:\/\/lyonbondyblog.fr\/LBB\/villeurbanne-toi-toi-le-zinc-un-lieu-social-et-culturel\/\" \/>\n<meta property=\"og:locale\" content=\"fr_FR\" \/>\n<meta property=\"og:type\" content=\"article\" \/>\n<meta property=\"og:title\" content=\"Villeurbanne : To\u00ef To\u00ef le Zinc, un lieu social et culturel - Lyon Bondy Blog\" \/>\n<meta property=\"og:description\" content=\"Install\u00e9e dans le quartier Croix-Luizet, la salle de spectacle et concert To\u00ef To\u00ef le Zinc fait vivre la culture \u00e0 Villeurbanne. Entre....\" \/>\n<meta property=\"og:url\" content=\"https:\/\/lyonbondyblog.fr\/LBB\/villeurbanne-toi-toi-le-zinc-un-lieu-social-et-culturel\/\" \/>\n<meta property=\"og:site_name\" content=\"Lyon Bondy Blog\" \/>\n<meta property=\"article:publisher\" content=\"https:\/\/www.facebook.com\/lyonbondyblog\" \/>\n<meta property=\"article:published_time\" content=\"2022-12-02T17:36:57+00:00\" \/>\n<meta property=\"article:modified_time\" content=\"2022-12-02T17:46:15+00:00\" \/>\n<meta property=\"og:image\" content=\"https:\/\/lyonbondyblog.fr\/LBB\/wp-content\/uploads\/2022\/12\/photo-9-scaled.jpg\" \/>\n\t<meta property=\"og:image:width\" content=\"2560\" \/>\n\t<meta property=\"og:image:height\" content=\"1707\" \/>\n\t<meta property=\"og:image:type\" content=\"image\/jpeg\" \/>\n<meta name=\"author\" content=\"Leo Ballery\" \/>\n<meta name=\"twitter:card\" content=\"summary_large_image\" \/>\n<meta name=\"twitter:creator\" content=\"@bondybloglyon\" \/>\n<meta name=\"twitter:site\" content=\"@bondybloglyon\" \/>\n<script type=\"application\/ld+json\" class=\"yoast-schema-graph\">{\"@context\":\"https:\/\/schema.org\",\"@graph\":[{\"@type\":\"Article\",\"@id\":\"https:\/\/lyonbondyblog.fr\/LBB\/villeurbanne-toi-toi-le-zinc-un-lieu-social-et-culturel\/#article\",\"isPartOf\":{\"@id\":\"https:\/\/lyonbondyblog.fr\/LBB\/villeurbanne-toi-toi-le-zinc-un-lieu-social-et-culturel\/\"},\"author\":{\"name\":\"Leo Ballery\",\"@id\":\"https:\/\/lyonbondyblog.fr\/LBB\/#\/schema\/person\/42fb0883a7d0e7aa6bf0f33ca71fe7c1\"},\"headline\":\"Villeurbanne : To\u00ef To\u00ef le Zinc, un lieu social et culturel\",\"datePublished\":\"2022-12-02T17:36:57+00:00\",\"dateModified\":\"2022-12-02T17:46:15+00:00\",\"mainEntityOfPage\":{\"@id\":\"https:\/\/lyonbondyblog.fr\/LBB\/villeurbanne-toi-toi-le-zinc-un-lieu-social-et-culturel\/\"},\"wordCount\":1234,\"commentCount\":0,\"publisher\":{\"@id\":\"https:\/\/lyonbondyblog.fr\/LBB\/#organization\"},\"image\":{\"@id\":\"https:\/\/lyonbondyblog.fr\/LBB\/villeurbanne-toi-toi-le-zinc-un-lieu-social-et-culturel\/#primaryimage\"},\"thumbnailUrl\":\"https:\/\/lyonbondyblog.fr\/LBB\/wp-content\/uploads\/2022\/12\/photo-9-scaled.jpg\",\"keywords\":[\"bar\",\"Concert\",\"Croix-Luizet\",\"Culture\",\"danse\",\"lyon\",\"Restaurant\",\"social\",\"Stand-up\",\"th\u00e9atre\",\"Villeurbanne\"],\"articleSection\":[\"Culture\",\"Lyon\"],\"inLanguage\":\"fr-FR\",\"potentialAction\":[{\"@type\":\"CommentAction\",\"name\":\"Comment\",\"target\":[\"https:\/\/lyonbondyblog.fr\/LBB\/villeurbanne-toi-toi-le-zinc-un-lieu-social-et-culturel\/#respond\"]}]},{\"@type\":\"WebPage\",\"@id\":\"https:\/\/lyonbondyblog.fr\/LBB\/villeurbanne-toi-toi-le-zinc-un-lieu-social-et-culturel\/\",\"url\":\"https:\/\/lyonbondyblog.fr\/LBB\/villeurbanne-toi-toi-le-zinc-un-lieu-social-et-culturel\/\",\"name\":\"Villeurbanne : To\u00ef To\u00ef le Zinc, un lieu social et culturel - Lyon Bondy Blog\",\"isPartOf\":{\"@id\":\"https:\/\/lyonbondyblog.fr\/LBB\/#website\"},\"primaryImageOfPage\":{\"@id\":\"https:\/\/lyonbondyblog.fr\/LBB\/villeurbanne-toi-toi-le-zinc-un-lieu-social-et-culturel\/#primaryimage\"},\"image\":{\"@id\":\"https:\/\/lyonbondyblog.fr\/LBB\/villeurbanne-toi-toi-le-zinc-un-lieu-social-et-culturel\/#primaryimage\"},\"thumbnailUrl\":\"https:\/\/lyonbondyblog.fr\/LBB\/wp-content\/uploads\/2022\/12\/photo-9-scaled.jpg\",\"datePublished\":\"2022-12-02T17:36:57+00:00\",\"dateModified\":\"2022-12-02T17:46:15+00:00\",\"description\":\"Install\u00e9e dans le quartier Croix-Luizet, la salle de spectacle et concert To\u00ef To\u00ef le Zinc fait vivre la culture \u00e0 Villeurbanne. Entre....\",\"inLanguage\":\"fr-FR\",\"potentialAction\":[{\"@type\":\"ReadAction\",\"target\":[\"https:\/\/lyonbondyblog.fr\/LBB\/villeurbanne-toi-toi-le-zinc-un-lieu-social-et-culturel\/\"]}]},{\"@type\":\"ImageObject\",\"inLanguage\":\"fr-FR\",\"@id\":\"https:\/\/lyonbondyblog.fr\/LBB\/villeurbanne-toi-toi-le-zinc-un-lieu-social-et-culturel\/#primaryimage\",\"url\":\"https:\/\/lyonbondyblog.fr\/LBB\/wp-content\/uploads\/2022\/12\/photo-9-scaled.jpg\",\"contentUrl\":\"https:\/\/lyonbondyblog.fr\/LBB\/wp-content\/uploads\/2022\/12\/photo-9-scaled.jpg\",\"width\":2560,\"height\":1707},{\"@type\":\"WebSite\",\"@id\":\"https:\/\/lyonbondyblog.fr\/LBB\/#website\",\"url\":\"https:\/\/lyonbondyblog.fr\/LBB\/\",\"name\":\"Lyon Bondy Blog\",\"description\":\"\",\"publisher\":{\"@id\":\"https:\/\/lyonbondyblog.fr\/LBB\/#organization\"},\"potentialAction\":[{\"@type\":\"SearchAction\",\"target\":{\"@type\":\"EntryPoint\",\"urlTemplate\":\"https:\/\/lyonbondyblog.fr\/LBB\/?s={search_term_string}\"},\"query-input\":\"required name=search_term_string\"}],\"inLanguage\":\"fr-FR\"},{\"@type\":\"Organization\",\"@id\":\"https:\/\/lyonbondyblog.fr\/LBB\/#organization\",\"name\":\"LYON BONDY BLOG\",\"url\":\"https:\/\/lyonbondyblog.fr\/LBB\/\",\"logo\":{\"@type\":\"ImageObject\",\"inLanguage\":\"fr-FR\",\"@id\":\"https:\/\/lyonbondyblog.fr\/LBB\/#\/schema\/logo\/image\/\",\"url\":\"http:\/\/lyonbondyblog.fr\/LBB\/wp-content\/uploads\/2014\/10\/logo-portable-144.png\",\"contentUrl\":\"http:\/\/lyonbondyblog.fr\/LBB\/wp-content\/uploads\/2014\/10\/logo-portable-144.png\",\"width\":144,\"height\":123,\"caption\":\"LYON BONDY BLOG\"},\"image\":{\"@id\":\"https:\/\/lyonbondyblog.fr\/LBB\/#\/schema\/logo\/image\/\"},\"sameAs\":[\"https:\/\/www.facebook.com\/lyonbondyblog\",\"https:\/\/x.com\/bondybloglyon\"]},{\"@type\":\"Person\",\"@id\":\"https:\/\/lyonbondyblog.fr\/LBB\/#\/schema\/person\/42fb0883a7d0e7aa6bf0f33ca71fe7c1\",\"name\":\"Leo Ballery\",\"url\":\"https:\/\/lyonbondyblog.fr\/LBB\/author\/leo-ballery\/\"}]}<\/script>\n<!-- \/ Yoast SEO plugin. -->","yoast_head_json":{"title":"Villeurbanne : To\u00ef To\u00ef le Zinc, un lieu social et culturel - Lyon Bondy Blog","description":"Install\u00e9e dans le quartier Croix-Luizet, la salle de spectacle et concert To\u00ef To\u00ef le Zinc fait vivre la culture \u00e0 Villeurbanne. Entre....","robots":{"index":"index","follow":"follow","max-snippet":"max-snippet:-1","max-image-preview":"max-image-preview:large","max-video-preview":"max-video-preview:-1"},"canonical":"https:\/\/lyonbondyblog.fr\/LBB\/villeurbanne-toi-toi-le-zinc-un-lieu-social-et-culturel\/","og_locale":"fr_FR","og_type":"article","og_title":"Villeurbanne : To\u00ef To\u00ef le Zinc, un lieu social et culturel - Lyon Bondy Blog","og_description":"Install\u00e9e dans le quartier Croix-Luizet, la salle de spectacle et concert To\u00ef To\u00ef le Zinc fait vivre la culture \u00e0 Villeurbanne. Entre....","og_url":"https:\/\/lyonbondyblog.fr\/LBB\/villeurbanne-toi-toi-le-zinc-un-lieu-social-et-culturel\/","og_site_name":"Lyon Bondy Blog","article_publisher":"https:\/\/www.facebook.com\/lyonbondyblog","article_published_time":"2022-12-02T17:36:57+00:00","article_modified_time":"2022-12-02T17:46:15+00:00","og_image":[{"width":2560,"height":1707,"url":"https:\/\/lyonbondyblog.fr\/LBB\/wp-content\/uploads\/2022\/12\/photo-9-scaled.jpg","type":"image\/jpeg"}],"author":"Leo Ballery","twitter_card":"summary_large_image","twitter_creator":"@bondybloglyon","twitter_site":"@bondybloglyon","schema":{"@context":"https:\/\/schema.org","@graph":[{"@type":"Article","@id":"https:\/\/lyonbondyblog.fr\/LBB\/villeurbanne-toi-toi-le-zinc-un-lieu-social-et-culturel\/#article","isPartOf":{"@id":"https:\/\/lyonbondyblog.fr\/LBB\/villeurbanne-toi-toi-le-zinc-un-lieu-social-et-culturel\/"},"author":{"name":"Leo Ballery","@id":"https:\/\/lyonbondyblog.fr\/LBB\/#\/schema\/person\/42fb0883a7d0e7aa6bf0f33ca71fe7c1"},"headline":"Villeurbanne : To\u00ef To\u00ef le Zinc, un lieu social et culturel","datePublished":"2022-12-02T17:36:57+00:00","dateModified":"2022-12-02T17:46:15+00:00","mainEntityOfPage":{"@id":"https:\/\/lyonbondyblog.fr\/LBB\/villeurbanne-toi-toi-le-zinc-un-lieu-social-et-culturel\/"},"wordCount":1234,"commentCount":0,"publisher":{"@id":"https:\/\/lyonbondyblog.fr\/LBB\/#organization"},"image":{"@id":"https:\/\/lyonbondyblog.fr\/LBB\/villeurbanne-toi-toi-le-zinc-un-lieu-social-et-culturel\/#primaryimage"},"thumbnailUrl":"https:\/\/lyonbondyblog.fr\/LBB\/wp-content\/uploads\/2022\/12\/photo-9-scaled.jpg","keywords":["bar","Concert","Croix-Luizet","Culture","danse","lyon","Restaurant","social","Stand-up","th\u00e9atre","Villeurbanne"],"articleSection":["Culture","Lyon"],"inLanguage":"fr-FR","potentialAction":[{"@type":"CommentAction","name":"Comment","target":["https:\/\/lyonbondyblog.fr\/LBB\/villeurbanne-toi-toi-le-zinc-un-lieu-social-et-culturel\/#respond"]}]},{"@type":"WebPage","@id":"https:\/\/lyonbondyblog.fr\/LBB\/villeurbanne-toi-toi-le-zinc-un-lieu-social-et-culturel\/","url":"https:\/\/lyonbondyblog.fr\/LBB\/villeurbanne-toi-toi-le-zinc-un-lieu-social-et-culturel\/","name":"Villeurbanne : To\u00ef To\u00ef le Zinc, un lieu social et culturel - Lyon Bondy Blog","isPartOf":{"@id":"https:\/\/lyonbondyblog.fr\/LBB\/#website"},"primaryImageOfPage":{"@id":"https:\/\/lyonbondyblog.fr\/LBB\/villeurbanne-toi-toi-le-zinc-un-lieu-social-et-culturel\/#primaryimage"},"image":{"@id":"https:\/\/lyonbondyblog.fr\/LBB\/villeurbanne-toi-toi-le-zinc-un-lieu-social-et-culturel\/#primaryimage"},"thumbnailUrl":"https:\/\/lyonbondyblog.fr\/LBB\/wp-content\/uploads\/2022\/12\/photo-9-scaled.jpg","datePublished":"2022-12-02T17:36:57+00:00","dateModified":"2022-12-02T17:46:15+00:00","description":"Install\u00e9e dans le quartier Croix-Luizet, la salle de spectacle et concert To\u00ef To\u00ef le Zinc fait vivre la culture \u00e0 Villeurbanne. Entre....","inLanguage":"fr-FR","potentialAction":[{"@type":"ReadAction","target":["https:\/\/lyonbondyblog.fr\/LBB\/villeurbanne-toi-toi-le-zinc-un-lieu-social-et-culturel\/"]}]},{"@type":"ImageObject","inLanguage":"fr-FR","@id":"https:\/\/lyonbondyblog.fr\/LBB\/villeurbanne-toi-toi-le-zinc-un-lieu-social-et-culturel\/#primaryimage","url":"https:\/\/lyonbondyblog.fr\/LBB\/wp-content\/uploads\/2022\/12\/photo-9-scaled.jpg","contentUrl":"https:\/\/lyonbondyblog.fr\/LBB\/wp-content\/uploads\/2022\/12\/photo-9-scaled.jpg","width":2560,"height":1707},{"@type":"WebSite","@id":"https:\/\/lyonbondyblog.fr\/LBB\/#website","url":"https:\/\/lyonbondyblog.fr\/LBB\/","name":"Lyon Bondy Blog","description":"","publisher":{"@id":"https:\/\/lyonbondyblog.fr\/LBB\/#organization"},"potentialAction":[{"@type":"SearchAction","target":{"@type":"EntryPoint","urlTemplate":"https:\/\/lyonbondyblog.fr\/LBB\/?s={search_term_string}"},"query-input":"required name=search_term_string"}],"inLanguage":"fr-FR"},{"@type":"Organization","@id":"https:\/\/lyonbondyblog.fr\/LBB\/#organization","name":"LYON BONDY BLOG","url":"https:\/\/lyonbondyblog.fr\/LBB\/","logo":{"@type":"ImageObject","inLanguage":"fr-FR","@id":"https:\/\/lyonbondyblog.fr\/LBB\/#\/schema\/logo\/image\/","url":"http:\/\/lyonbondyblog.fr\/LBB\/wp-content\/uploads\/2014\/10\/logo-portable-144.png","contentUrl":"http:\/\/lyonbondyblog.fr\/LBB\/wp-content\/uploads\/2014\/10\/logo-portable-144.png","width":144,"height":123,"caption":"LYON BONDY BLOG"},"image":{"@id":"https:\/\/lyonbondyblog.fr\/LBB\/#\/schema\/logo\/image\/"},"sameAs":["https:\/\/www.facebook.com\/lyonbondyblog","https:\/\/x.com\/bondybloglyon"]},{"@type":"Person","@id":"https:\/\/lyonbondyblog.fr\/LBB\/#\/schema\/person\/42fb0883a7d0e7aa6bf0f33ca71fe7c1","name":"Leo Ballery","url":"https:\/\/lyonbondyblog.fr\/LBB\/author\/leo-ballery\/"}]}},"_links":{"self":[{"href":"https:\/\/lyonbondyblog.fr\/LBB\/wp-json\/wp\/v2\/posts\/31276","targetHints":{"allow":["GET"]}}],"collection":[{"href":"https:\/\/lyonbondyblog.fr\/LBB\/wp-json\/wp\/v2\/posts"}],"about":[{"href":"https:\/\/lyonbondyblog.fr\/LBB\/wp-json\/wp\/v2\/types\/post"}],"author":[{"embeddable":true,"href":"https:\/\/lyonbondyblog.fr\/LBB\/wp-json\/wp\/v2\/users\/31869"}],"replies":[{"embeddable":true,"href":"https:\/\/lyonbondyblog.fr\/LBB\/wp-json\/wp\/v2\/comments?post=31276"}],"version-history":[{"count":5,"href":"https:\/\/lyonbondyblog.fr\/LBB\/wp-json\/wp\/v2\/posts\/31276\/revisions"}],"predecessor-version":[{"id":31291,"href":"https:\/\/lyonbondyblog.fr\/LBB\/wp-json\/wp\/v2\/posts\/31276\/revisions\/31291"}],"wp:featuredmedia":[{"embeddable":true,"href":"https:\/\/lyonbondyblog.fr\/LBB\/wp-json\/wp\/v2\/media\/31286"}],"wp:attachment":[{"href":"https:\/\/lyonbondyblog.fr\/LBB\/wp-json\/wp\/v2\/media?parent=31276"}],"wp:term":[{"taxonomy":"category","embeddable":true,"href":"https:\/\/lyonbondyblog.fr\/LBB\/wp-json\/wp\/v2\/categories?post=31276"},{"taxonomy":"post_tag","embeddable":true,"href":"https:\/\/lyonbondyblog.fr\/LBB\/wp-json\/wp\/v2\/tags?post=31276"}],"curies":[{"name":"wp","href":"https:\/\/api.w.org\/{rel}","templated":true}]}}