{"id":3123,"date":"2010-02-04T10:55:45","date_gmt":"2010-02-04T09:55:45","guid":{"rendered":"http:\/\/lyonbondyblog.fr\/LBB\/?p=3123"},"modified":"2013-08-02T11:05:41","modified_gmt":"2013-08-02T09:05:41","slug":"un-bout-de-tissu-qui-se-transforme-en-menace-pour-la-republique","status":"publish","type":"post","link":"https:\/\/lyonbondyblog.fr\/LBB\/un-bout-de-tissu-qui-se-transforme-en-menace-pour-la-republique\/","title":{"rendered":"\u00ab\u00a0Un bout de tissu qui se transforme en menace pour la R\u00e9publique !\u00a0\u00bb"},"content":{"rendered":"<p><strong>La mission parlementaire sur le voile int\u00e9gral vient de rendre son rapport. Samia, une jeune femme de Villefranche portant le niqab, nous livre sa r\u00e9action face aux 18 propositions de la mission.<\/strong><\/p>\n<div><a title=\" -- Cliquez pour voir l'image en entier\" href=\"http:\/\/yahoo.lyon.bondyblog.fr\/images\/2335786202_44b0d62370.jpg\" target=\"_blank\"> <img loading=\"lazy\" decoding=\"async\" class=\"alignleft\" style=\"border: 0px none;\" alt=\" -- Cliquez pour voir l'image en entier\" src=\"http:\/\/yahoo.lyon.bondyblog.fr\/images\/2335786202_44b0d62370_t.jpg\" width=\"194\" height=\"258\" border=\"0\" \/> <\/a><\/div>\n<div>\u00a0La mission parlementaire pr\u00e9sid\u00e9e par Andr\u00e9 Gerin, d\u00e9put\u00e9 communiste et ancien maire de V\u00e9nissieux, a rendu son rapport, au bout de six mois de d\u00e9bat. Vot\u00e9es \u00e0 une courte majorit\u00e9, les dix-huit propositions visent l\u2019interdiction du voile int\u00e9gral (ou niqab) dans les lieux publics et les transports, mais \u00e9galement dans certains lieux priv\u00e9s qui re\u00e7oivent du public comme les banques.<\/div>\n<p>Depuis juin dernier, Samia suit, parfois avec angoisse, le d\u00e9bat autour du niqab. Elle est aujourd&rsquo;hui plut\u00f4t \u00e9chaud\u00e9e\u00a0:\u00a0\u00a0\u00bb\u00a0<i>Ce d\u00e9bat n\u2019a servi qu\u2019aux islamophobes qui ont pu s\u2019exprimer dans les m\u00e9dias mais aussi dans la rue. On se fait insulter, cracher dessus. Certaines de mes amies n\u2019osent plus sortir seules car elles ont peur. L\u2019une d\u2019elle, enceinte, s\u2019est retrouv\u00e9e aux urgences, suite \u00e0 l\u2019agression verbale qu\u2019a subi son mari. C\u2019est \u00e7a la d\u00e9mocratie\u00a0? Je ne comprends plus ce pays. Les gens deviennent paranos. Du jour au lendemain, un simple bout de tissu se transforme en menace pour la r\u00e9publique\u00a0\u00bb.<\/i><\/p>\n<p>Les propositions avanc\u00e9es pr\u00e9conisent de montrer son visage \u00e0 la mairie, \u00e0 la banque, chez le m\u00e9decin ou encore dans le bus. Samia r\u00e9agit imm\u00e9diatement\u00a0:\u00a0\u00a0\u00bb\u00a0<i>Tout \u00e7a, on le fait d\u00e9j\u00e0\u00a0! C\u2019est normal de montrer son visage en m\u00eame temps que l\u2019on pr\u00e9sente sa carte d\u2019identit\u00e9. Quand je vois mon m\u00e9decin par exemple. En revanche, je ne comprends pas pourquoi il faut montrer son visage au\u00a0 chauffeur de bus\u00a0! Surtout qu\u2019il y en a qui ne disent m\u00eame pas bonjour. Tout ce d\u00e9bat d\u00e9bouche sur des choses que l\u2019on pratique d\u00e9j\u00e0. Il n\u2019y a rien de nouveau\u00a0!\u00a0\u00bb<\/i>.<\/p>\n<p>Rien de nouveau\u00a0? Je dirais que si. La mission propose \u00e9galement de lutter contre l\u2019islamophobie en faisant de l\u2019A\u00efd un jour f\u00e9ri\u00e9 par exemple. Une proposition qui a de quoi faire sursauter mon interlocutrice \u00ab\u00a0<i>Je ne comprends pas, on parle tout le temps de la\u00efcit\u00e9, il faudrait savoir. Et d\u2019ailleurs, s\u2019ils voulaient vraiment lutter contre l\u2019islamophobie, ils feraient quelque chose contre les discriminations du quotidien, dans les quartiers, au travail etc\u2026Ce d\u00e9bat n\u2019est que de la poudre aux yeux pour stigmatiser les musulmans et cacher les vrais probl\u00e8mes\u00a0!<\/i>\u00a0\u00bb r\u00e9pond Samia.\u00a0\u00ab\u00a0<i>Nous sommes une minorit\u00e9 au sein des musulmans de France, moins de mille d\u2019apr\u00e8s les chiffres officiels. Je ne comprends pas d\u2019o\u00f9 vient ce d\u00e9bat\u00a0? Nous ne g\u00eanons personne. Il n\u2019y a pas eu d\u2019\u00e9v\u00e8nement qui justifie ce d\u00e9bat. Il y a des choses\u00a0 plus importantes et qui touchent tous les Fran\u00e7ais ,comme la crise financi\u00e8re et le contr\u00f4le des banques, la consommation des m\u00e9nages qui est tr\u00e8s faibles\u2026\u00a0\u00ab\u00a0<\/i>.<\/p>\n<p>D\u2019apr\u00e8s certains rapports, un certain nombre de femmes ont choisi de se voiler int\u00e9gralement suite \u00e0 la loi de 2005. \u00a0J\u2019ai aussi entendu parler de certains musulmans tr\u00e8s pratiquants qui ont d\u00e9cid\u00e9 de s\u2019installer en Angleterre.\u00a0\u00a0\u00bb\u00a0<i>Depuis toute petite, on me renvoie constamment \u00e0 mes origines maghr\u00e9bines. Quelque part et pour beaucoup, certains profs que j\u2019ai eu par exemple, je ne suis pas fran\u00e7aise, m\u00eame quand je ne portais pas le voile, je l\u2019ai mis \u00e0 22ans. Aujourd\u2019hui, alors que je suis voil\u00e9e enti\u00e8rement, je suis carr\u00e9ment une menace pour la la\u00efcit\u00e9 et la r\u00e9publique\u00a0! Je ne compte pas partir car je suis fran\u00e7aise, je suis n\u00e9e en France, je parle fran\u00e7ais et je r\u00eave m\u00eame en fran\u00e7ais. Mais je demande tout de m\u00eame o\u00f9 est ma place, voil\u00e9e ou pas\u00a0\u00bb<\/i>, s&rsquo;interroge Samia.<\/p>\n<p><span style=\"text-decoration: underline;\">Auteur :\u00a0 Rafika Bendermel<\/span><br \/>\n<span style=\"text-decoration: underline;\">Cr\u00e9dit photo\u00a0: John Alcorn, flickr, en creative commons<\/span><\/p>\n<p><a href=\"http:\/\/www.alcorngallery.com\/John_Alcorn\">www.alcorngallery.com\/John_Alcorn<\/a><\/p>\n<!-- AddThis Advanced Settings generic via filter on the_content --><!-- AddThis Share Buttons generic via filter on the_content -->","protected":false},"excerpt":{"rendered":"<p>La mission parlementaire sur le voile int\u00e9gral vient de rendre son rapport. Samia, une jeune femme de Villefranche portant le niqab, nous livre sa r\u00e9action &hellip; <!-- AddThis Advanced Settings generic via filter on wp_trim_excerpt --><!-- AddThis Share Buttons generic via filter on wp_trim_excerpt --><\/p>\n","protected":false},"author":1,"featured_media":3133,"comment_status":"open","ping_status":"open","sticky":false,"template":"","format":"standard","meta":{"_FSMCFIC_featured_image_caption":"","_FSMCFIC_featured_image_nocaption":"","_FSMCFIC_featured_image_hide":"","footnotes":""},"categories":[2],"tags":[135,10,112,24,732],"class_list":["post-3123","post","type-post","status-publish","format-standard","has-post-thumbnail","hentry","category-societe","tag-lbb","tag-lyon-2","tag-lyon-bondy-blog","tag-societe-2","tag-voile-intergral"],"yoast_head":"<!-- This site is optimized with the Yoast SEO plugin v22.8 - https:\/\/yoast.com\/wordpress\/plugins\/seo\/ -->\n<title>&quot;Un bout de tissu qui se transforme en menace pour la R\u00e9publique !&quot; - Lyon Bondy Blog<\/title>\n<meta name=\"robots\" content=\"index, follow, max-snippet:-1, max-image-preview:large, max-video-preview:-1\" \/>\n<link rel=\"canonical\" href=\"https:\/\/lyonbondyblog.fr\/LBB\/un-bout-de-tissu-qui-se-transforme-en-menace-pour-la-republique\/\" \/>\n<meta property=\"og:locale\" content=\"fr_FR\" \/>\n<meta property=\"og:type\" content=\"article\" \/>\n<meta property=\"og:title\" content=\"&quot;Un bout de tissu qui se transforme en menace pour la R\u00e9publique !&quot; - Lyon Bondy Blog\" \/>\n<meta property=\"og:description\" content=\"La mission parlementaire sur le voile int\u00e9gral vient de rendre son rapport. Samia, une jeune femme de Villefranche portant le niqab, nous livre sa r\u00e9action &hellip;\" \/>\n<meta property=\"og:url\" content=\"https:\/\/lyonbondyblog.fr\/LBB\/un-bout-de-tissu-qui-se-transforme-en-menace-pour-la-republique\/\" \/>\n<meta property=\"og:site_name\" content=\"Lyon Bondy Blog\" \/>\n<meta property=\"article:publisher\" content=\"https:\/\/www.facebook.com\/lyonbondyblog\" \/>\n<meta property=\"article:author\" content=\"https:\/\/www.facebook.com\/lyonbondyblog\" \/>\n<meta property=\"article:published_time\" content=\"2010-02-04T09:55:45+00:00\" \/>\n<meta property=\"article:modified_time\" content=\"2013-08-02T09:05:41+00:00\" \/>\n<meta property=\"og:image\" content=\"https:\/\/lyonbondyblog.fr\/LBB\/wp-content\/uploads\/2013\/08\/voile-integral_t.jpg\" \/>\n\t<meta property=\"og:image:width\" content=\"194\" \/>\n\t<meta property=\"og:image:height\" content=\"258\" \/>\n\t<meta property=\"og:image:type\" content=\"image\/jpeg\" \/>\n<meta name=\"author\" content=\"La r\u00e9daction\" \/>\n<meta name=\"twitter:card\" content=\"summary_large_image\" \/>\n<meta name=\"twitter:creator\" content=\"@BondyBlogLyon\" \/>\n<meta name=\"twitter:site\" content=\"@bondybloglyon\" \/>\n<script type=\"application\/ld+json\" class=\"yoast-schema-graph\">{\"@context\":\"https:\/\/schema.org\",\"@graph\":[{\"@type\":\"Article\",\"@id\":\"https:\/\/lyonbondyblog.fr\/LBB\/un-bout-de-tissu-qui-se-transforme-en-menace-pour-la-republique\/#article\",\"isPartOf\":{\"@id\":\"https:\/\/lyonbondyblog.fr\/LBB\/un-bout-de-tissu-qui-se-transforme-en-menace-pour-la-republique\/\"},\"author\":{\"name\":\"La r\u00e9daction\",\"@id\":\"https:\/\/lyonbondyblog.fr\/LBB\/#\/schema\/person\/e45f8d27baac75072daa0be50c409b25\"},\"headline\":\"\u00ab\u00a0Un bout de tissu qui se transforme en menace pour la R\u00e9publique !\u00a0\u00bb\",\"datePublished\":\"2010-02-04T09:55:45+00:00\",\"dateModified\":\"2013-08-02T09:05:41+00:00\",\"mainEntityOfPage\":{\"@id\":\"https:\/\/lyonbondyblog.fr\/LBB\/un-bout-de-tissu-qui-se-transforme-en-menace-pour-la-republique\/\"},\"wordCount\":703,\"commentCount\":0,\"publisher\":{\"@id\":\"https:\/\/lyonbondyblog.fr\/LBB\/#organization\"},\"image\":{\"@id\":\"https:\/\/lyonbondyblog.fr\/LBB\/un-bout-de-tissu-qui-se-transforme-en-menace-pour-la-republique\/#primaryimage\"},\"thumbnailUrl\":\"https:\/\/lyonbondyblog.fr\/LBB\/wp-content\/uploads\/2013\/08\/voile-integral_t.jpg\",\"keywords\":[\"LBB\",\"lyon\",\"Lyon Bondy Blog\",\"societe\",\"voile intergral\"],\"articleSection\":[\"Soci\u00e9t\u00e9\"],\"inLanguage\":\"fr-FR\",\"potentialAction\":[{\"@type\":\"CommentAction\",\"name\":\"Comment\",\"target\":[\"https:\/\/lyonbondyblog.fr\/LBB\/un-bout-de-tissu-qui-se-transforme-en-menace-pour-la-republique\/#respond\"]}]},{\"@type\":\"WebPage\",\"@id\":\"https:\/\/lyonbondyblog.fr\/LBB\/un-bout-de-tissu-qui-se-transforme-en-menace-pour-la-republique\/\",\"url\":\"https:\/\/lyonbondyblog.fr\/LBB\/un-bout-de-tissu-qui-se-transforme-en-menace-pour-la-republique\/\",\"name\":\"\\\"Un bout de tissu qui se transforme en menace pour la R\u00e9publique !\\\" - Lyon Bondy Blog\",\"isPartOf\":{\"@id\":\"https:\/\/lyonbondyblog.fr\/LBB\/#website\"},\"primaryImageOfPage\":{\"@id\":\"https:\/\/lyonbondyblog.fr\/LBB\/un-bout-de-tissu-qui-se-transforme-en-menace-pour-la-republique\/#primaryimage\"},\"image\":{\"@id\":\"https:\/\/lyonbondyblog.fr\/LBB\/un-bout-de-tissu-qui-se-transforme-en-menace-pour-la-republique\/#primaryimage\"},\"thumbnailUrl\":\"https:\/\/lyonbondyblog.fr\/LBB\/wp-content\/uploads\/2013\/08\/voile-integral_t.jpg\",\"datePublished\":\"2010-02-04T09:55:45+00:00\",\"dateModified\":\"2013-08-02T09:05:41+00:00\",\"inLanguage\":\"fr-FR\",\"potentialAction\":[{\"@type\":\"ReadAction\",\"target\":[\"https:\/\/lyonbondyblog.fr\/LBB\/un-bout-de-tissu-qui-se-transforme-en-menace-pour-la-republique\/\"]}]},{\"@type\":\"ImageObject\",\"inLanguage\":\"fr-FR\",\"@id\":\"https:\/\/lyonbondyblog.fr\/LBB\/un-bout-de-tissu-qui-se-transforme-en-menace-pour-la-republique\/#primaryimage\",\"url\":\"https:\/\/lyonbondyblog.fr\/LBB\/wp-content\/uploads\/2013\/08\/voile-integral_t.jpg\",\"contentUrl\":\"https:\/\/lyonbondyblog.fr\/LBB\/wp-content\/uploads\/2013\/08\/voile-integral_t.jpg\",\"width\":194,\"height\":258},{\"@type\":\"WebSite\",\"@id\":\"https:\/\/lyonbondyblog.fr\/LBB\/#website\",\"url\":\"https:\/\/lyonbondyblog.fr\/LBB\/\",\"name\":\"Lyon Bondy Blog\",\"description\":\"\",\"publisher\":{\"@id\":\"https:\/\/lyonbondyblog.fr\/LBB\/#organization\"},\"potentialAction\":[{\"@type\":\"SearchAction\",\"target\":{\"@type\":\"EntryPoint\",\"urlTemplate\":\"https:\/\/lyonbondyblog.fr\/LBB\/?s={search_term_string}\"},\"query-input\":\"required name=search_term_string\"}],\"inLanguage\":\"fr-FR\"},{\"@type\":\"Organization\",\"@id\":\"https:\/\/lyonbondyblog.fr\/LBB\/#organization\",\"name\":\"LYON BONDY BLOG\",\"url\":\"https:\/\/lyonbondyblog.fr\/LBB\/\",\"logo\":{\"@type\":\"ImageObject\",\"inLanguage\":\"fr-FR\",\"@id\":\"https:\/\/lyonbondyblog.fr\/LBB\/#\/schema\/logo\/image\/\",\"url\":\"http:\/\/lyonbondyblog.fr\/LBB\/wp-content\/uploads\/2014\/10\/logo-portable-144.png\",\"contentUrl\":\"http:\/\/lyonbondyblog.fr\/LBB\/wp-content\/uploads\/2014\/10\/logo-portable-144.png\",\"width\":144,\"height\":123,\"caption\":\"LYON BONDY BLOG\"},\"image\":{\"@id\":\"https:\/\/lyonbondyblog.fr\/LBB\/#\/schema\/logo\/image\/\"},\"sameAs\":[\"https:\/\/www.facebook.com\/lyonbondyblog\",\"https:\/\/x.com\/bondybloglyon\"]},{\"@type\":\"Person\",\"@id\":\"https:\/\/lyonbondyblog.fr\/LBB\/#\/schema\/person\/e45f8d27baac75072daa0be50c409b25\",\"name\":\"La r\u00e9daction\",\"description\":\"Cr\u00e9e en 2008, la r\u00e9daction du Lyon Bondy Blog s'applique \u00e0 proposer une information locale diff\u00e9rente et compl\u00e9mentaire des m\u00e9dias traditionnels.\",\"sameAs\":[\"https:\/\/www.facebook.com\/lyonbondyblog\",\"https:\/\/x.com\/BondyBlogLyon\"],\"url\":\"https:\/\/lyonbondyblog.fr\/LBB\/author\/admin\/\"}]}<\/script>\n<!-- \/ Yoast SEO plugin. -->","yoast_head_json":{"title":"\"Un bout de tissu qui se transforme en menace pour la R\u00e9publique !\" - Lyon Bondy Blog","robots":{"index":"index","follow":"follow","max-snippet":"max-snippet:-1","max-image-preview":"max-image-preview:large","max-video-preview":"max-video-preview:-1"},"canonical":"https:\/\/lyonbondyblog.fr\/LBB\/un-bout-de-tissu-qui-se-transforme-en-menace-pour-la-republique\/","og_locale":"fr_FR","og_type":"article","og_title":"\"Un bout de tissu qui se transforme en menace pour la R\u00e9publique !\" - Lyon Bondy Blog","og_description":"La mission parlementaire sur le voile int\u00e9gral vient de rendre son rapport. Samia, une jeune femme de Villefranche portant le niqab, nous livre sa r\u00e9action &hellip;","og_url":"https:\/\/lyonbondyblog.fr\/LBB\/un-bout-de-tissu-qui-se-transforme-en-menace-pour-la-republique\/","og_site_name":"Lyon Bondy Blog","article_publisher":"https:\/\/www.facebook.com\/lyonbondyblog","article_author":"https:\/\/www.facebook.com\/lyonbondyblog","article_published_time":"2010-02-04T09:55:45+00:00","article_modified_time":"2013-08-02T09:05:41+00:00","og_image":[{"width":194,"height":258,"url":"https:\/\/lyonbondyblog.fr\/LBB\/wp-content\/uploads\/2013\/08\/voile-integral_t.jpg","type":"image\/jpeg"}],"author":"La r\u00e9daction","twitter_card":"summary_large_image","twitter_creator":"@BondyBlogLyon","twitter_site":"@bondybloglyon","schema":{"@context":"https:\/\/schema.org","@graph":[{"@type":"Article","@id":"https:\/\/lyonbondyblog.fr\/LBB\/un-bout-de-tissu-qui-se-transforme-en-menace-pour-la-republique\/#article","isPartOf":{"@id":"https:\/\/lyonbondyblog.fr\/LBB\/un-bout-de-tissu-qui-se-transforme-en-menace-pour-la-republique\/"},"author":{"name":"La r\u00e9daction","@id":"https:\/\/lyonbondyblog.fr\/LBB\/#\/schema\/person\/e45f8d27baac75072daa0be50c409b25"},"headline":"\u00ab\u00a0Un bout de tissu qui se transforme en menace pour la R\u00e9publique !\u00a0\u00bb","datePublished":"2010-02-04T09:55:45+00:00","dateModified":"2013-08-02T09:05:41+00:00","mainEntityOfPage":{"@id":"https:\/\/lyonbondyblog.fr\/LBB\/un-bout-de-tissu-qui-se-transforme-en-menace-pour-la-republique\/"},"wordCount":703,"commentCount":0,"publisher":{"@id":"https:\/\/lyonbondyblog.fr\/LBB\/#organization"},"image":{"@id":"https:\/\/lyonbondyblog.fr\/LBB\/un-bout-de-tissu-qui-se-transforme-en-menace-pour-la-republique\/#primaryimage"},"thumbnailUrl":"https:\/\/lyonbondyblog.fr\/LBB\/wp-content\/uploads\/2013\/08\/voile-integral_t.jpg","keywords":["LBB","lyon","Lyon Bondy Blog","societe","voile intergral"],"articleSection":["Soci\u00e9t\u00e9"],"inLanguage":"fr-FR","potentialAction":[{"@type":"CommentAction","name":"Comment","target":["https:\/\/lyonbondyblog.fr\/LBB\/un-bout-de-tissu-qui-se-transforme-en-menace-pour-la-republique\/#respond"]}]},{"@type":"WebPage","@id":"https:\/\/lyonbondyblog.fr\/LBB\/un-bout-de-tissu-qui-se-transforme-en-menace-pour-la-republique\/","url":"https:\/\/lyonbondyblog.fr\/LBB\/un-bout-de-tissu-qui-se-transforme-en-menace-pour-la-republique\/","name":"\"Un bout de tissu qui se transforme en menace pour la R\u00e9publique !\" - Lyon Bondy Blog","isPartOf":{"@id":"https:\/\/lyonbondyblog.fr\/LBB\/#website"},"primaryImageOfPage":{"@id":"https:\/\/lyonbondyblog.fr\/LBB\/un-bout-de-tissu-qui-se-transforme-en-menace-pour-la-republique\/#primaryimage"},"image":{"@id":"https:\/\/lyonbondyblog.fr\/LBB\/un-bout-de-tissu-qui-se-transforme-en-menace-pour-la-republique\/#primaryimage"},"thumbnailUrl":"https:\/\/lyonbondyblog.fr\/LBB\/wp-content\/uploads\/2013\/08\/voile-integral_t.jpg","datePublished":"2010-02-04T09:55:45+00:00","dateModified":"2013-08-02T09:05:41+00:00","inLanguage":"fr-FR","potentialAction":[{"@type":"ReadAction","target":["https:\/\/lyonbondyblog.fr\/LBB\/un-bout-de-tissu-qui-se-transforme-en-menace-pour-la-republique\/"]}]},{"@type":"ImageObject","inLanguage":"fr-FR","@id":"https:\/\/lyonbondyblog.fr\/LBB\/un-bout-de-tissu-qui-se-transforme-en-menace-pour-la-republique\/#primaryimage","url":"https:\/\/lyonbondyblog.fr\/LBB\/wp-content\/uploads\/2013\/08\/voile-integral_t.jpg","contentUrl":"https:\/\/lyonbondyblog.fr\/LBB\/wp-content\/uploads\/2013\/08\/voile-integral_t.jpg","width":194,"height":258},{"@type":"WebSite","@id":"https:\/\/lyonbondyblog.fr\/LBB\/#website","url":"https:\/\/lyonbondyblog.fr\/LBB\/","name":"Lyon Bondy Blog","description":"","publisher":{"@id":"https:\/\/lyonbondyblog.fr\/LBB\/#organization"},"potentialAction":[{"@type":"SearchAction","target":{"@type":"EntryPoint","urlTemplate":"https:\/\/lyonbondyblog.fr\/LBB\/?s={search_term_string}"},"query-input":"required name=search_term_string"}],"inLanguage":"fr-FR"},{"@type":"Organization","@id":"https:\/\/lyonbondyblog.fr\/LBB\/#organization","name":"LYON BONDY BLOG","url":"https:\/\/lyonbondyblog.fr\/LBB\/","logo":{"@type":"ImageObject","inLanguage":"fr-FR","@id":"https:\/\/lyonbondyblog.fr\/LBB\/#\/schema\/logo\/image\/","url":"http:\/\/lyonbondyblog.fr\/LBB\/wp-content\/uploads\/2014\/10\/logo-portable-144.png","contentUrl":"http:\/\/lyonbondyblog.fr\/LBB\/wp-content\/uploads\/2014\/10\/logo-portable-144.png","width":144,"height":123,"caption":"LYON BONDY BLOG"},"image":{"@id":"https:\/\/lyonbondyblog.fr\/LBB\/#\/schema\/logo\/image\/"},"sameAs":["https:\/\/www.facebook.com\/lyonbondyblog","https:\/\/x.com\/bondybloglyon"]},{"@type":"Person","@id":"https:\/\/lyonbondyblog.fr\/LBB\/#\/schema\/person\/e45f8d27baac75072daa0be50c409b25","name":"La r\u00e9daction","description":"Cr\u00e9e en 2008, la r\u00e9daction du Lyon Bondy Blog s'applique \u00e0 proposer une information locale diff\u00e9rente et compl\u00e9mentaire des m\u00e9dias traditionnels.","sameAs":["https:\/\/www.facebook.com\/lyonbondyblog","https:\/\/x.com\/BondyBlogLyon"],"url":"https:\/\/lyonbondyblog.fr\/LBB\/author\/admin\/"}]}},"_links":{"self":[{"href":"https:\/\/lyonbondyblog.fr\/LBB\/wp-json\/wp\/v2\/posts\/3123","targetHints":{"allow":["GET"]}}],"collection":[{"href":"https:\/\/lyonbondyblog.fr\/LBB\/wp-json\/wp\/v2\/posts"}],"about":[{"href":"https:\/\/lyonbondyblog.fr\/LBB\/wp-json\/wp\/v2\/types\/post"}],"author":[{"embeddable":true,"href":"https:\/\/lyonbondyblog.fr\/LBB\/wp-json\/wp\/v2\/users\/1"}],"replies":[{"embeddable":true,"href":"https:\/\/lyonbondyblog.fr\/LBB\/wp-json\/wp\/v2\/comments?post=3123"}],"version-history":[{"count":0,"href":"https:\/\/lyonbondyblog.fr\/LBB\/wp-json\/wp\/v2\/posts\/3123\/revisions"}],"wp:featuredmedia":[{"embeddable":true,"href":"https:\/\/lyonbondyblog.fr\/LBB\/wp-json\/wp\/v2\/media\/3133"}],"wp:attachment":[{"href":"https:\/\/lyonbondyblog.fr\/LBB\/wp-json\/wp\/v2\/media?parent=3123"}],"wp:term":[{"taxonomy":"category","embeddable":true,"href":"https:\/\/lyonbondyblog.fr\/LBB\/wp-json\/wp\/v2\/categories?post=3123"},{"taxonomy":"post_tag","embeddable":true,"href":"https:\/\/lyonbondyblog.fr\/LBB\/wp-json\/wp\/v2\/tags?post=3123"}],"curies":[{"name":"wp","href":"https:\/\/api.w.org\/{rel}","templated":true}]}}