{"id":31160,"date":"2022-11-10T18:21:12","date_gmt":"2022-11-10T17:21:12","guid":{"rendered":"http:\/\/lyonbondyblog.fr\/LBB\/?p=31160"},"modified":"2022-11-10T18:21:15","modified_gmt":"2022-11-10T17:21:15","slug":"a-lyon-la-gronde-sociale-ne-faiblit-pas","status":"publish","type":"post","link":"https:\/\/lyonbondyblog.fr\/LBB\/a-lyon-la-gronde-sociale-ne-faiblit-pas\/","title":{"rendered":"\u00c0 Lyon la gronde sociale ne faiblit pas"},"content":{"rendered":"\n<p><strong>Depuis d\u00e9but septembre, les mouvements sociaux ne d\u00e9semplissent pas. \u00c0 Lyon, plusieurs milliers de manifestants se sont r\u00e9unis pour la hausse des salaires et en opposition \u00e0 plusieurs r\u00e9formes. Un rassemblement interprofessionnel, mais pas forc\u00e9ment intersyndical. &nbsp;&nbsp;<\/strong><\/p>\n\n\n\n<p>Ce jeudi, le mouvement de gr\u00e8ve national lanc\u00e9 par la CGT se voulait interprofessionnel. \u00c0 Lyon, c\u2019est pr\u00e8s de 3000 manifestants qui se sont r\u00e9unis selon la CGT, 1000 d\u2019apr\u00e8s la pr\u00e9fecture. Partis de la place Jean Mac\u00e9, la manifestation a achemin\u00e9 son parcours place Bellecour. Un cort\u00e8ge compos\u00e9 d\u2019un ensemble de secteur professionnel avec pour revendication commune la hausse des salaires et minima sociaux. Une augmentation n\u00e9cessaire pour Jo\u00e3o Pereira Afonso, secr\u00e9taire g\u00e9n\u00e9ral de l\u2019union d\u00e9partementale CGT du Rh\u00f4ne.<\/p>\n\n\n\n<figure class=\"wp-block-audio\"><audio controls src=\"https:\/\/lyonbondyblog.fr\/LBB\/wp-content\/uploads\/2022\/11\/audio-1-joao.wav\"><\/audio><figcaption> Jo\u00e3o Pereira Afonso, secr\u00e9taire g\u00e9n\u00e9ral de l\u2019union d\u00e9partementale CGT du Rh\u00f4ne. <\/figcaption><\/figure>\n\n\n\n<div class=\"wp-block-image is-style-default\"><figure class=\"aligncenter size-large is-resized\"><img loading=\"lazy\" decoding=\"async\" src=\"https:\/\/lyonbondyblog.fr\/LBB\/wp-content\/uploads\/2022\/11\/gr2-1920x1440.jpg\" alt=\"\" class=\"wp-image-31167\" width=\"960\" height=\"720\" srcset=\"https:\/\/lyonbondyblog.fr\/LBB\/wp-content\/uploads\/2022\/11\/gr2-1920x1440.jpg 1920w, https:\/\/lyonbondyblog.fr\/LBB\/wp-content\/uploads\/2022\/11\/gr2-1200x900.jpg 1200w, https:\/\/lyonbondyblog.fr\/LBB\/wp-content\/uploads\/2022\/11\/gr2-768x576.jpg 768w, https:\/\/lyonbondyblog.fr\/LBB\/wp-content\/uploads\/2022\/11\/gr2-1536x1152.jpg 1536w, https:\/\/lyonbondyblog.fr\/LBB\/wp-content\/uploads\/2022\/11\/gr2-2048x1536.jpg 2048w\" sizes=\"auto, (max-width: 960px) 100vw, 960px\" \/><figcaption>Entre 1000 et 3000 personnes ont manifest\u00e9 dans les rues de Lyon. Cr\u00e9dit : L\u00e9o Ballery<\/figcaption><\/figure><\/div>\n\n\n\n<p><a href=\"https:\/\/lyonbondyblog.fr\/LBB\/mouvement-de-greve-a-lyon-nos-revendications-ne-sont-pas-des-caprices-cest-notre-du\/\">Le 27 octobre dernier, lors d\u2019un rassemblement de la CGT devant le si\u00e8ge d\u00e9partemental du MEDEF<\/a>. Certains repr\u00e9sentants syndicaux de la CGT esp\u00e9raient que la mobilisation d\u2019aujourd\u2019hui se tiendrait en intersyndicale. Si effectivement plusieurs syndicats \u00e9taient pr\u00e9sents ce jeudi (CGT, UNEF, FSU, CNP, Solidaire.e.s), il faut tout de m\u00eame souligner que le cort\u00e8ge \u00e9tait compos\u00e9 majoritairement de personnes issues de la CGT. Un constat \u00e9tablit par de nombreux manifestants qui pour certains regrettent l\u2019absence d\u2019autres syndicats. Pour autant, Jo\u00e3o Pereira Afonso se r\u00e9jouit tout de m\u00eame d\u2019un travail commun entre les conf\u00e9d\u00e9rations.<\/p>\n\n\n\n<figure class=\"wp-block-audio\"><audio controls src=\"https:\/\/lyonbondyblog.fr\/LBB\/wp-content\/uploads\/2022\/11\/audio-2-joao.wav\"><\/audio><figcaption>  Jo\u00e3o Pereira Afonso.  <\/figcaption><\/figure>\n\n\n\n<figure class=\"wp-block-video aligncenter\"><video controls src=\"https:\/\/lyonbondyblog.fr\/LBB\/wp-content\/uploads\/2022\/11\/video-1-1-1.mp4\"><\/video><figcaption>Cr\u00e9dit : L\u00e9o<\/figcaption><\/figure>\n\n\n\n<h2 class=\"wp-block-heading\"><strong>\u00ab&nbsp;On va envoyer des gamins \u00e0 l\u2019atelier ou \u00e0 l\u2019usine&nbsp;\u00bb<\/strong><\/h2>\n\n\n\n<p>Si le th\u00e8me global de ce rassemblement \u00e9tait la hausse des salaires, plusieurs autres revendications se sont fait entendre. \u00c0 commencer par l\u2019opposition aux r\u00e9formes de l\u2019assurance ch\u00f4mage ou des retraites. Plusieurs secteurs professionnels portaient des revendications qui leur sont propres. De la r\u00e9int\u00e9gration des soignants non vaccin\u00e9s \u00e0 la mise en place d\u2019aides pour les \u00e9tudiants, les messages \u00e9taient divers. Parmi eux, celui d\u2019enseignants qui s\u2019opposent \u00e0 la r\u00e9forme de l\u2019enseignement professionnel qui pr\u00e9voit, entre autres, la cr\u00e9ation de classe de d\u00e9couverte professionnelle d\u00e8s la 5eme. Une aberration pour les syndicats qui d\u00e9noncent la mise en place de \u00ab<em>&nbsp;travail pour des enfants<\/em>&nbsp;\u00bb, explique Antoine, enseignant en lyc\u00e9e professionnel et membre de la CGT. &nbsp;<\/p>\n\n\n\n<figure class=\"wp-block-audio\"><audio controls src=\"https:\/\/lyonbondyblog.fr\/LBB\/wp-content\/uploads\/2022\/11\/audio-1-antoine.wav\"><\/audio><figcaption>Antoine, enseignant en lyc\u00e9e professionnel. <\/figcaption><\/figure>\n\n\n\n<figure class=\"wp-block-gallery columns-3 is-cropped wp-block-gallery-1 is-layout-flex wp-block-gallery-is-layout-flex\"><ul class=\"blocks-gallery-grid\"><li class=\"blocks-gallery-item\"><figure><img loading=\"lazy\" decoding=\"async\" width=\"1920\" height=\"1440\" src=\"https:\/\/lyonbondyblog.fr\/LBB\/wp-content\/uploads\/2022\/11\/gr1-1920x1440.jpg\" alt=\"\" data-id=\"31169\" data-full-url=\"https:\/\/lyonbondyblog.fr\/LBB\/wp-content\/uploads\/2022\/11\/gr1-scaled.jpg\" data-link=\"https:\/\/lyonbondyblog.fr\/LBB\/?attachment_id=31169\" class=\"wp-image-31169\" srcset=\"https:\/\/lyonbondyblog.fr\/LBB\/wp-content\/uploads\/2022\/11\/gr1-1920x1440.jpg 1920w, https:\/\/lyonbondyblog.fr\/LBB\/wp-content\/uploads\/2022\/11\/gr1-1200x900.jpg 1200w, https:\/\/lyonbondyblog.fr\/LBB\/wp-content\/uploads\/2022\/11\/gr1-768x576.jpg 768w, https:\/\/lyonbondyblog.fr\/LBB\/wp-content\/uploads\/2022\/11\/gr1-1536x1152.jpg 1536w, https:\/\/lyonbondyblog.fr\/LBB\/wp-content\/uploads\/2022\/11\/gr1-2048x1536.jpg 2048w\" sizes=\"auto, (max-width: 1920px) 100vw, 1920px\" \/><\/figure><\/li><li class=\"blocks-gallery-item\"><figure><img loading=\"lazy\" decoding=\"async\" width=\"1920\" height=\"1283\" src=\"https:\/\/lyonbondyblog.fr\/LBB\/wp-content\/uploads\/2022\/11\/gr3-1920x1283.jpg\" alt=\"\" data-id=\"31170\" data-full-url=\"https:\/\/lyonbondyblog.fr\/LBB\/wp-content\/uploads\/2022\/11\/gr3-scaled.jpg\" data-link=\"https:\/\/lyonbondyblog.fr\/LBB\/?attachment_id=31170\" class=\"wp-image-31170\" srcset=\"https:\/\/lyonbondyblog.fr\/LBB\/wp-content\/uploads\/2022\/11\/gr3-1920x1283.jpg 1920w, https:\/\/lyonbondyblog.fr\/LBB\/wp-content\/uploads\/2022\/11\/gr3-1200x802.jpg 1200w, https:\/\/lyonbondyblog.fr\/LBB\/wp-content\/uploads\/2022\/11\/gr3-768x513.jpg 768w, https:\/\/lyonbondyblog.fr\/LBB\/wp-content\/uploads\/2022\/11\/gr3-1536x1026.jpg 1536w, https:\/\/lyonbondyblog.fr\/LBB\/wp-content\/uploads\/2022\/11\/gr3-2048x1369.jpg 2048w, https:\/\/lyonbondyblog.fr\/LBB\/wp-content\/uploads\/2022\/11\/gr3-272x182.jpg 272w\" sizes=\"auto, (max-width: 1920px) 100vw, 1920px\" \/><\/figure><\/li><li class=\"blocks-gallery-item\"><figure><img loading=\"lazy\" decoding=\"async\" width=\"1920\" height=\"1440\" src=\"https:\/\/lyonbondyblog.fr\/LBB\/wp-content\/uploads\/2022\/11\/gr4-1920x1440.jpg\" alt=\"\" data-id=\"31171\" data-full-url=\"https:\/\/lyonbondyblog.fr\/LBB\/wp-content\/uploads\/2022\/11\/gr4-scaled.jpg\" data-link=\"https:\/\/lyonbondyblog.fr\/LBB\/?attachment_id=31171\" class=\"wp-image-31171\" srcset=\"https:\/\/lyonbondyblog.fr\/LBB\/wp-content\/uploads\/2022\/11\/gr4-1920x1440.jpg 1920w, https:\/\/lyonbondyblog.fr\/LBB\/wp-content\/uploads\/2022\/11\/gr4-1200x900.jpg 1200w, https:\/\/lyonbondyblog.fr\/LBB\/wp-content\/uploads\/2022\/11\/gr4-768x576.jpg 768w, https:\/\/lyonbondyblog.fr\/LBB\/wp-content\/uploads\/2022\/11\/gr4-1536x1152.jpg 1536w, https:\/\/lyonbondyblog.fr\/LBB\/wp-content\/uploads\/2022\/11\/gr4-2048x1536.jpg 2048w\" sizes=\"auto, (max-width: 1920px) 100vw, 1920px\" \/><\/figure><\/li><\/ul><figcaption class=\"blocks-gallery-caption\">Cr\u00e9dit : L\u00e9o Ballery<\/figcaption><\/figure>\n\n\n\n<h2 class=\"wp-block-heading\"><strong>La pr\u00e9carit\u00e9 \u00e9tudiante n\u2019a pas disparu&nbsp;!<\/strong><\/h2>\n\n\n\n<p>Depuis plusieurs ann\u00e9es, les \u00e9tudiants en grande difficult\u00e9 financi\u00e8re se multiplient. Si le sujet est moins pr\u00e9sent dans les m\u00e9dias depuis quelques mois, la pr\u00e9carit\u00e9 \u00e9tudiante, elle, n\u2019a pas disparu. Alors que les queues \u00e0 l\u2019aide alimentaire s\u2019agrandissent les syndicats \u00e9tudiants ont le sentiment d\u2019\u00eatre ignor\u00e9s par le gouvernement. Sam, militant \u00e0 l\u2019UNEF, regrette le manque de mesure concr\u00e8te d\u2019aide pour les \u00e9tudiants.<\/p>\n\n\n\n<figure class=\"wp-block-audio\"><audio controls src=\"https:\/\/lyonbondyblog.fr\/LBB\/wp-content\/uploads\/2022\/11\/audio-1-sam.wav\"><\/audio><figcaption>Sam, militant \u00e0 l&rsquo;UNEF.<\/figcaption><\/figure>\n\n\n\n<p>Le prochain rassemblement est pr\u00e9vu pour le jeudi 17 novembre. Si l\u2019appel \u00e0 la gr\u00e8ve est interprofessionnel, il se veut encore une fois intersyndical. Reste \u00e0 voir si la convergence sera pr\u00e9sente.<\/p>\n\n\n\n<p class=\"has-text-align-right\"><strong>L\u00e9o Ballery<\/strong><\/p>\n\n\n\n<p class=\"has-text-align-left\"><strong>Retrouvez nos derniers articles ici :  <\/strong><\/p>\n\n\n<ul class=\"wp-block-latest-posts__list wp-block-latest-posts\"><li><a class=\"wp-block-latest-posts__post-title\" href=\"https:\/\/lyonbondyblog.fr\/LBB\/theatre-bingo-loto-et-impro\/\">Th\u00e9\u00e2tre : Bingo-loto et impro\u00a0<\/a><\/li>\n<li><a class=\"wp-block-latest-posts__post-title\" href=\"https:\/\/lyonbondyblog.fr\/LBB\/fetes-escales-tour-du-monde-a-venissieux\/\">F\u00eates Escales : tour du monde \u00e0 V\u00e9nissieux<\/a><\/li>\n<li><a class=\"wp-block-latest-posts__post-title\" href=\"https:\/\/lyonbondyblog.fr\/LBB\/jeunes-davenirs-la-jeunesse-a-venir\/\">Jeunes d\u2019Avenirs\u00a0: la jeunesse \u00e0 venir<\/a><\/li>\n<li><a class=\"wp-block-latest-posts__post-title\" href=\"https:\/\/lyonbondyblog.fr\/LBB\/le-tribunal-refuse-la-liberation-provisoire-dun-homme-poursuivi-pour-violences-aggravees\/\">Le tribunal refuse la lib\u00e9ration provisoire d\u2019un homme poursuivi pour violences aggrav\u00e9es<\/a><\/li>\n<li><a class=\"wp-block-latest-posts__post-title\" href=\"https:\/\/lyonbondyblog.fr\/LBB\/la-poesie-au-theatre-la-generale-de-la-proposition-musicale-et-litteraire-dalain-klingler\/\">La po\u00e9sie au th\u00e9\u00e2tre\u00a0: la g\u00e9n\u00e9rale de la proposition musicale et litt\u00e9raire d\u2019Alain Klingler<\/a><\/li>\n<\/ul><!-- AddThis Advanced Settings generic via filter on the_content --><!-- AddThis Share Buttons generic via filter on the_content -->","protected":false},"excerpt":{"rendered":"<p>Depuis d\u00e9but septembre, les mouvements sociaux ne d\u00e9semplissent pas. \u00c0 Lyon, plusieurs milliers de manifestants se sont r\u00e9unis pour la hausse des salaires et en &hellip; <!-- AddThis Advanced Settings generic via filter on wp_trim_excerpt --><!-- AddThis Share Buttons generic via filter on wp_trim_excerpt --><\/p>\n","protected":false},"author":31869,"featured_media":31175,"comment_status":"open","ping_status":"open","sticky":true,"template":"","format":"standard","meta":{"_FSMCFIC_featured_image_caption":"","_FSMCFIC_featured_image_nocaption":"","_FSMCFIC_featured_image_hide":"","footnotes":""},"categories":[4],"tags":[],"class_list":["post-31160","post","type-post","status-publish","format-standard","has-post-thumbnail","hentry","category-lyon"],"yoast_head":"<!-- This site is optimized with the Yoast SEO plugin v22.8 - https:\/\/yoast.com\/wordpress\/plugins\/seo\/ -->\n<title>\u00c0 Lyon la gronde sociale ne faiblit pas - Lyon Bondy Blog<\/title>\n<meta name=\"description\" content=\"Depuis d\u00e9but septembre, les mouvements sociaux ne d\u00e9semplissent pas. \u00c0 Lyon, plusieurs milliers de manifestants se sont...\" \/>\n<meta name=\"robots\" content=\"index, follow, max-snippet:-1, max-image-preview:large, max-video-preview:-1\" \/>\n<link rel=\"canonical\" href=\"https:\/\/lyonbondyblog.fr\/LBB\/a-lyon-la-gronde-sociale-ne-faiblit-pas\/\" \/>\n<meta property=\"og:locale\" content=\"fr_FR\" \/>\n<meta property=\"og:type\" content=\"article\" \/>\n<meta property=\"og:title\" content=\"\u00c0 Lyon la gronde sociale ne faiblit pas - Lyon Bondy Blog\" \/>\n<meta property=\"og:description\" content=\"Depuis d\u00e9but septembre, les mouvements sociaux ne d\u00e9semplissent pas. \u00c0 Lyon, plusieurs milliers de manifestants se sont...\" \/>\n<meta property=\"og:url\" content=\"https:\/\/lyonbondyblog.fr\/LBB\/a-lyon-la-gronde-sociale-ne-faiblit-pas\/\" \/>\n<meta property=\"og:site_name\" content=\"Lyon Bondy Blog\" \/>\n<meta property=\"article:publisher\" content=\"https:\/\/www.facebook.com\/lyonbondyblog\" \/>\n<meta property=\"article:published_time\" content=\"2022-11-10T17:21:12+00:00\" \/>\n<meta property=\"article:modified_time\" content=\"2022-11-10T17:21:15+00:00\" \/>\n<meta property=\"og:image\" content=\"https:\/\/lyonbondyblog.fr\/LBB\/wp-content\/uploads\/2022\/11\/photo-couv-scaled.jpg\" \/>\n\t<meta property=\"og:image:width\" content=\"2560\" \/>\n\t<meta property=\"og:image:height\" content=\"1920\" \/>\n\t<meta property=\"og:image:type\" content=\"image\/jpeg\" \/>\n<meta name=\"author\" content=\"Leo Ballery\" \/>\n<meta name=\"twitter:card\" content=\"summary_large_image\" \/>\n<meta name=\"twitter:creator\" content=\"@bondybloglyon\" \/>\n<meta name=\"twitter:site\" content=\"@bondybloglyon\" \/>\n<script type=\"application\/ld+json\" class=\"yoast-schema-graph\">{\"@context\":\"https:\/\/schema.org\",\"@graph\":[{\"@type\":\"Article\",\"@id\":\"https:\/\/lyonbondyblog.fr\/LBB\/a-lyon-la-gronde-sociale-ne-faiblit-pas\/#article\",\"isPartOf\":{\"@id\":\"https:\/\/lyonbondyblog.fr\/LBB\/a-lyon-la-gronde-sociale-ne-faiblit-pas\/\"},\"author\":{\"name\":\"Leo Ballery\",\"@id\":\"https:\/\/lyonbondyblog.fr\/LBB\/#\/schema\/person\/42fb0883a7d0e7aa6bf0f33ca71fe7c1\"},\"headline\":\"\u00c0 Lyon la gronde sociale ne faiblit pas\",\"datePublished\":\"2022-11-10T17:21:12+00:00\",\"dateModified\":\"2022-11-10T17:21:15+00:00\",\"mainEntityOfPage\":{\"@id\":\"https:\/\/lyonbondyblog.fr\/LBB\/a-lyon-la-gronde-sociale-ne-faiblit-pas\/\"},\"wordCount\":577,\"commentCount\":0,\"publisher\":{\"@id\":\"https:\/\/lyonbondyblog.fr\/LBB\/#organization\"},\"image\":{\"@id\":\"https:\/\/lyonbondyblog.fr\/LBB\/a-lyon-la-gronde-sociale-ne-faiblit-pas\/#primaryimage\"},\"thumbnailUrl\":\"https:\/\/lyonbondyblog.fr\/LBB\/wp-content\/uploads\/2022\/11\/photo-couv-scaled.jpg\",\"articleSection\":[\"Lyon\"],\"inLanguage\":\"fr-FR\",\"potentialAction\":[{\"@type\":\"CommentAction\",\"name\":\"Comment\",\"target\":[\"https:\/\/lyonbondyblog.fr\/LBB\/a-lyon-la-gronde-sociale-ne-faiblit-pas\/#respond\"]}]},{\"@type\":\"WebPage\",\"@id\":\"https:\/\/lyonbondyblog.fr\/LBB\/a-lyon-la-gronde-sociale-ne-faiblit-pas\/\",\"url\":\"https:\/\/lyonbondyblog.fr\/LBB\/a-lyon-la-gronde-sociale-ne-faiblit-pas\/\",\"name\":\"\u00c0 Lyon la gronde sociale ne faiblit pas - Lyon Bondy Blog\",\"isPartOf\":{\"@id\":\"https:\/\/lyonbondyblog.fr\/LBB\/#website\"},\"primaryImageOfPage\":{\"@id\":\"https:\/\/lyonbondyblog.fr\/LBB\/a-lyon-la-gronde-sociale-ne-faiblit-pas\/#primaryimage\"},\"image\":{\"@id\":\"https:\/\/lyonbondyblog.fr\/LBB\/a-lyon-la-gronde-sociale-ne-faiblit-pas\/#primaryimage\"},\"thumbnailUrl\":\"https:\/\/lyonbondyblog.fr\/LBB\/wp-content\/uploads\/2022\/11\/photo-couv-scaled.jpg\",\"datePublished\":\"2022-11-10T17:21:12+00:00\",\"dateModified\":\"2022-11-10T17:21:15+00:00\",\"description\":\"Depuis d\u00e9but septembre, les mouvements sociaux ne d\u00e9semplissent pas. \u00c0 Lyon, plusieurs milliers de manifestants se sont...\",\"inLanguage\":\"fr-FR\",\"potentialAction\":[{\"@type\":\"ReadAction\",\"target\":[\"https:\/\/lyonbondyblog.fr\/LBB\/a-lyon-la-gronde-sociale-ne-faiblit-pas\/\"]}]},{\"@type\":\"ImageObject\",\"inLanguage\":\"fr-FR\",\"@id\":\"https:\/\/lyonbondyblog.fr\/LBB\/a-lyon-la-gronde-sociale-ne-faiblit-pas\/#primaryimage\",\"url\":\"https:\/\/lyonbondyblog.fr\/LBB\/wp-content\/uploads\/2022\/11\/photo-couv-scaled.jpg\",\"contentUrl\":\"https:\/\/lyonbondyblog.fr\/LBB\/wp-content\/uploads\/2022\/11\/photo-couv-scaled.jpg\",\"width\":2560,\"height\":1920},{\"@type\":\"WebSite\",\"@id\":\"https:\/\/lyonbondyblog.fr\/LBB\/#website\",\"url\":\"https:\/\/lyonbondyblog.fr\/LBB\/\",\"name\":\"Lyon Bondy Blog\",\"description\":\"\",\"publisher\":{\"@id\":\"https:\/\/lyonbondyblog.fr\/LBB\/#organization\"},\"potentialAction\":[{\"@type\":\"SearchAction\",\"target\":{\"@type\":\"EntryPoint\",\"urlTemplate\":\"https:\/\/lyonbondyblog.fr\/LBB\/?s={search_term_string}\"},\"query-input\":\"required name=search_term_string\"}],\"inLanguage\":\"fr-FR\"},{\"@type\":\"Organization\",\"@id\":\"https:\/\/lyonbondyblog.fr\/LBB\/#organization\",\"name\":\"LYON BONDY BLOG\",\"url\":\"https:\/\/lyonbondyblog.fr\/LBB\/\",\"logo\":{\"@type\":\"ImageObject\",\"inLanguage\":\"fr-FR\",\"@id\":\"https:\/\/lyonbondyblog.fr\/LBB\/#\/schema\/logo\/image\/\",\"url\":\"http:\/\/lyonbondyblog.fr\/LBB\/wp-content\/uploads\/2014\/10\/logo-portable-144.png\",\"contentUrl\":\"http:\/\/lyonbondyblog.fr\/LBB\/wp-content\/uploads\/2014\/10\/logo-portable-144.png\",\"width\":144,\"height\":123,\"caption\":\"LYON BONDY BLOG\"},\"image\":{\"@id\":\"https:\/\/lyonbondyblog.fr\/LBB\/#\/schema\/logo\/image\/\"},\"sameAs\":[\"https:\/\/www.facebook.com\/lyonbondyblog\",\"https:\/\/x.com\/bondybloglyon\"]},{\"@type\":\"Person\",\"@id\":\"https:\/\/lyonbondyblog.fr\/LBB\/#\/schema\/person\/42fb0883a7d0e7aa6bf0f33ca71fe7c1\",\"name\":\"Leo Ballery\",\"url\":\"https:\/\/lyonbondyblog.fr\/LBB\/author\/leo-ballery\/\"}]}<\/script>\n<!-- \/ Yoast SEO plugin. -->","yoast_head_json":{"title":"\u00c0 Lyon la gronde sociale ne faiblit pas - Lyon Bondy Blog","description":"Depuis d\u00e9but septembre, les mouvements sociaux ne d\u00e9semplissent pas. \u00c0 Lyon, plusieurs milliers de manifestants se sont...","robots":{"index":"index","follow":"follow","max-snippet":"max-snippet:-1","max-image-preview":"max-image-preview:large","max-video-preview":"max-video-preview:-1"},"canonical":"https:\/\/lyonbondyblog.fr\/LBB\/a-lyon-la-gronde-sociale-ne-faiblit-pas\/","og_locale":"fr_FR","og_type":"article","og_title":"\u00c0 Lyon la gronde sociale ne faiblit pas - Lyon Bondy Blog","og_description":"Depuis d\u00e9but septembre, les mouvements sociaux ne d\u00e9semplissent pas. \u00c0 Lyon, plusieurs milliers de manifestants se sont...","og_url":"https:\/\/lyonbondyblog.fr\/LBB\/a-lyon-la-gronde-sociale-ne-faiblit-pas\/","og_site_name":"Lyon Bondy Blog","article_publisher":"https:\/\/www.facebook.com\/lyonbondyblog","article_published_time":"2022-11-10T17:21:12+00:00","article_modified_time":"2022-11-10T17:21:15+00:00","og_image":[{"width":2560,"height":1920,"url":"https:\/\/lyonbondyblog.fr\/LBB\/wp-content\/uploads\/2022\/11\/photo-couv-scaled.jpg","type":"image\/jpeg"}],"author":"Leo Ballery","twitter_card":"summary_large_image","twitter_creator":"@bondybloglyon","twitter_site":"@bondybloglyon","schema":{"@context":"https:\/\/schema.org","@graph":[{"@type":"Article","@id":"https:\/\/lyonbondyblog.fr\/LBB\/a-lyon-la-gronde-sociale-ne-faiblit-pas\/#article","isPartOf":{"@id":"https:\/\/lyonbondyblog.fr\/LBB\/a-lyon-la-gronde-sociale-ne-faiblit-pas\/"},"author":{"name":"Leo Ballery","@id":"https:\/\/lyonbondyblog.fr\/LBB\/#\/schema\/person\/42fb0883a7d0e7aa6bf0f33ca71fe7c1"},"headline":"\u00c0 Lyon la gronde sociale ne faiblit pas","datePublished":"2022-11-10T17:21:12+00:00","dateModified":"2022-11-10T17:21:15+00:00","mainEntityOfPage":{"@id":"https:\/\/lyonbondyblog.fr\/LBB\/a-lyon-la-gronde-sociale-ne-faiblit-pas\/"},"wordCount":577,"commentCount":0,"publisher":{"@id":"https:\/\/lyonbondyblog.fr\/LBB\/#organization"},"image":{"@id":"https:\/\/lyonbondyblog.fr\/LBB\/a-lyon-la-gronde-sociale-ne-faiblit-pas\/#primaryimage"},"thumbnailUrl":"https:\/\/lyonbondyblog.fr\/LBB\/wp-content\/uploads\/2022\/11\/photo-couv-scaled.jpg","articleSection":["Lyon"],"inLanguage":"fr-FR","potentialAction":[{"@type":"CommentAction","name":"Comment","target":["https:\/\/lyonbondyblog.fr\/LBB\/a-lyon-la-gronde-sociale-ne-faiblit-pas\/#respond"]}]},{"@type":"WebPage","@id":"https:\/\/lyonbondyblog.fr\/LBB\/a-lyon-la-gronde-sociale-ne-faiblit-pas\/","url":"https:\/\/lyonbondyblog.fr\/LBB\/a-lyon-la-gronde-sociale-ne-faiblit-pas\/","name":"\u00c0 Lyon la gronde sociale ne faiblit pas - Lyon Bondy Blog","isPartOf":{"@id":"https:\/\/lyonbondyblog.fr\/LBB\/#website"},"primaryImageOfPage":{"@id":"https:\/\/lyonbondyblog.fr\/LBB\/a-lyon-la-gronde-sociale-ne-faiblit-pas\/#primaryimage"},"image":{"@id":"https:\/\/lyonbondyblog.fr\/LBB\/a-lyon-la-gronde-sociale-ne-faiblit-pas\/#primaryimage"},"thumbnailUrl":"https:\/\/lyonbondyblog.fr\/LBB\/wp-content\/uploads\/2022\/11\/photo-couv-scaled.jpg","datePublished":"2022-11-10T17:21:12+00:00","dateModified":"2022-11-10T17:21:15+00:00","description":"Depuis d\u00e9but septembre, les mouvements sociaux ne d\u00e9semplissent pas. \u00c0 Lyon, plusieurs milliers de manifestants se sont...","inLanguage":"fr-FR","potentialAction":[{"@type":"ReadAction","target":["https:\/\/lyonbondyblog.fr\/LBB\/a-lyon-la-gronde-sociale-ne-faiblit-pas\/"]}]},{"@type":"ImageObject","inLanguage":"fr-FR","@id":"https:\/\/lyonbondyblog.fr\/LBB\/a-lyon-la-gronde-sociale-ne-faiblit-pas\/#primaryimage","url":"https:\/\/lyonbondyblog.fr\/LBB\/wp-content\/uploads\/2022\/11\/photo-couv-scaled.jpg","contentUrl":"https:\/\/lyonbondyblog.fr\/LBB\/wp-content\/uploads\/2022\/11\/photo-couv-scaled.jpg","width":2560,"height":1920},{"@type":"WebSite","@id":"https:\/\/lyonbondyblog.fr\/LBB\/#website","url":"https:\/\/lyonbondyblog.fr\/LBB\/","name":"Lyon Bondy Blog","description":"","publisher":{"@id":"https:\/\/lyonbondyblog.fr\/LBB\/#organization"},"potentialAction":[{"@type":"SearchAction","target":{"@type":"EntryPoint","urlTemplate":"https:\/\/lyonbondyblog.fr\/LBB\/?s={search_term_string}"},"query-input":"required name=search_term_string"}],"inLanguage":"fr-FR"},{"@type":"Organization","@id":"https:\/\/lyonbondyblog.fr\/LBB\/#organization","name":"LYON BONDY BLOG","url":"https:\/\/lyonbondyblog.fr\/LBB\/","logo":{"@type":"ImageObject","inLanguage":"fr-FR","@id":"https:\/\/lyonbondyblog.fr\/LBB\/#\/schema\/logo\/image\/","url":"http:\/\/lyonbondyblog.fr\/LBB\/wp-content\/uploads\/2014\/10\/logo-portable-144.png","contentUrl":"http:\/\/lyonbondyblog.fr\/LBB\/wp-content\/uploads\/2014\/10\/logo-portable-144.png","width":144,"height":123,"caption":"LYON BONDY BLOG"},"image":{"@id":"https:\/\/lyonbondyblog.fr\/LBB\/#\/schema\/logo\/image\/"},"sameAs":["https:\/\/www.facebook.com\/lyonbondyblog","https:\/\/x.com\/bondybloglyon"]},{"@type":"Person","@id":"https:\/\/lyonbondyblog.fr\/LBB\/#\/schema\/person\/42fb0883a7d0e7aa6bf0f33ca71fe7c1","name":"Leo Ballery","url":"https:\/\/lyonbondyblog.fr\/LBB\/author\/leo-ballery\/"}]}},"_links":{"self":[{"href":"https:\/\/lyonbondyblog.fr\/LBB\/wp-json\/wp\/v2\/posts\/31160","targetHints":{"allow":["GET"]}}],"collection":[{"href":"https:\/\/lyonbondyblog.fr\/LBB\/wp-json\/wp\/v2\/posts"}],"about":[{"href":"https:\/\/lyonbondyblog.fr\/LBB\/wp-json\/wp\/v2\/types\/post"}],"author":[{"embeddable":true,"href":"https:\/\/lyonbondyblog.fr\/LBB\/wp-json\/wp\/v2\/users\/31869"}],"replies":[{"embeddable":true,"href":"https:\/\/lyonbondyblog.fr\/LBB\/wp-json\/wp\/v2\/comments?post=31160"}],"version-history":[{"count":3,"href":"https:\/\/lyonbondyblog.fr\/LBB\/wp-json\/wp\/v2\/posts\/31160\/revisions"}],"predecessor-version":[{"id":31176,"href":"https:\/\/lyonbondyblog.fr\/LBB\/wp-json\/wp\/v2\/posts\/31160\/revisions\/31176"}],"wp:featuredmedia":[{"embeddable":true,"href":"https:\/\/lyonbondyblog.fr\/LBB\/wp-json\/wp\/v2\/media\/31175"}],"wp:attachment":[{"href":"https:\/\/lyonbondyblog.fr\/LBB\/wp-json\/wp\/v2\/media?parent=31160"}],"wp:term":[{"taxonomy":"category","embeddable":true,"href":"https:\/\/lyonbondyblog.fr\/LBB\/wp-json\/wp\/v2\/categories?post=31160"},{"taxonomy":"post_tag","embeddable":true,"href":"https:\/\/lyonbondyblog.fr\/LBB\/wp-json\/wp\/v2\/tags?post=31160"}],"curies":[{"name":"wp","href":"https:\/\/api.w.org\/{rel}","templated":true}]}}