{"id":3113,"date":"2010-02-08T10:46:23","date_gmt":"2010-02-08T09:46:23","guid":{"rendered":"http:\/\/lyonbondyblog.fr\/LBB\/?p=3113"},"modified":"2013-08-02T10:48:35","modified_gmt":"2013-08-02T08:48:35","slug":"youssoupha-mon-nouveau-prof-decriture","status":"publish","type":"post","link":"https:\/\/lyonbondyblog.fr\/LBB\/youssoupha-mon-nouveau-prof-decriture\/","title":{"rendered":"Youssoupha, mon nouveau prof d&rsquo;\u00e9criture"},"content":{"rendered":"<p><strong>La semaine derni\u00e8re, se tenait \u00e0 la MJC de Vaulx-en-Velin un atelier d&rsquo;\u00e9criture orchestr\u00e9 par le rappeur Youssoupha. Impressions sur cette rencontre musicale&#8230;<\/strong><\/p>\n<div>\u00a0<a href=\"https:\/\/lyonbondyblog.fr\/LBB\/wp-content\/uploads\/2013\/08\/youssoufah.jpg\"><img loading=\"lazy\" decoding=\"async\" class=\"size-full wp-image-3114 alignleft\" alt=\"youssoufah\" src=\"https:\/\/lyonbondyblog.fr\/LBB\/wp-content\/uploads\/2013\/08\/youssoufah.jpg\" width=\"150\" height=\"148\" srcset=\"https:\/\/lyonbondyblog.fr\/LBB\/wp-content\/uploads\/2013\/08\/youssoufah.jpg 150w, https:\/\/lyonbondyblog.fr\/LBB\/wp-content\/uploads\/2013\/08\/youssoufah-50x50.jpg 50w\" sizes=\"auto, (max-width: 150px) 100vw, 150px\" \/><\/a>Vous ne connaissez pas Youssoupha?\u00a0 Rappeur n\u00e9 a Kinshasa au Congo, il y reste avec sa m\u00e8re jusqu\u2019\u00e0 ses 10 ans. Son p\u00e8re\u00a0? Un musicien plong\u00e9 dans la rumba, plus connu sous le nom de \u00ab\u00a0Seigneur Ley\u00a0\u00bb. Sa vie prend un nouveau tournant quand il part vivre \u00e0 Paris chez sa tante. \u00a0Quelques ann\u00e9es plus tard, une ma\u00eetrise de la Sorbonne en poche, le jeune homme entre dans le monde du rap. Il inscrit son nom d&rsquo;artiste pour la premi\u00e8re fois avec son street DVD en 2005 \u00ab\u00a0Eternel recommencement\u00a0\u00bb. Apr\u00e8s avoir fait les premi\u00e8res parties de rappeurs aussi \u00ab\u00a0m\u00e9connus\u00a0\u00bb que 50 cents et Snoop, il participe \u00e0 l&rsquo;\u00e9mission Pop Star en tant que professeur d&rsquo;\u00e9criture, avant de conna\u00eetre sa premi\u00e8re \u00ab\u00a0exp\u00e9rience m\u00e9diatique\u00a0\u00bb suite\u00a0\u00e0 une convocation en justice pour \u00ab\u00a0menace de crimes\u00a0\u00bb pour le texte de l\u2019une des chansons visant le journaliste Eric Zemmour*.<\/div>\n<p><strong>Un rendez-vous musical sur-mesure<\/strong><\/p>\n<p>Malgr\u00e9 sa vie d\u2019artiste bien charg\u00e9e, Youssoupha a pris quelques heures, mercredi dernier, pour venir \u00e0 la rencontre des jeunes de la MJC \u00a0de Vaulx-en-Velin . Un \u00e9v\u00e9nement immanquable pour beaucoup\u00a0! Surtout que le menu de sa visite ne se limitait pas au traditionnel show case. En effet, le v\u00e9t\u00e9ran du rap a invit\u00e9 autour de sa table tous les jeunes afin qu&rsquo;ils lui posent leurs questions et s&rsquo;entra\u00eenent \u00e0 l&rsquo;\u00e9criture. Dans le public, se trouvaient de nombreux rappeurs, danseurs, \u00a0musiciens, chanteurs, slammeurs et beatboxers. Tous\u00a0 issus du m\u00eame quartier. Une fois install\u00e9s, les questions n\u2019ont pas tard\u00e9 \u00e0 fuser.\u00a0 <i>\u00ab\u00a0Comment se faire un nom dans le rap lorsque l&rsquo;on vient de province?\u00a0\u00bb<\/i> , <i>\u00ab\u00a0 Comment d\u00e9buter sur la sc\u00e8ne lorsque l&rsquo;on est compl\u00e8tement inconnu?\u00a0\u00bb<\/i>.\u00a0..\u00a0\u00a0 Le rappeur, accompagn\u00e9 de son \u00e9quipe, nous\u00a0a fait\u00a0part de sa propre exp\u00e9rience. Gr\u00e2ce \u00e0 son v\u00e9cu ponctu\u00e9, comme il le dit, \u00a0de <i>\u00ab\u00a0 tous ces hauts et ces bas dans ce milieu difficile qu&rsquo;est le monde du showbiz\u00a0<\/i>\u00bb, il a pu apporter des r\u00e9ponses concr\u00e8tes afin d\u2019\u00e9clairer les artistes en herbe.<\/p>\n<p><strong>Prendre la plume<\/strong><\/p>\n<p>Apr\u00e8s un \u00e9change riche d\u2019enseignements, il \u00e9tait temps de passer \u00e0 l\u2019action. Le fameux atelier d&rsquo;\u00e9criture d\u00e9marre. La consigne du jour\u00a0? Ecrire un billet pour se pr\u00e9senter aux autres. Chacun a alors pris la plume pour raconter son parcours, ses d\u00e9sirs, sa vision du monde. \u00a0Un par un, nous nous sommes lev\u00e9s, d&rsquo;abord applaudis pour nous donner du courage, puis seuls face \u00e0 l\u2019assembl\u00e9e pour d\u00e9clamer \u00a0notre petit conte personnel.\u00a0 Dans un \u00e9lan d&rsquo;improvisation, Dexter nous a parl\u00e9s de sa veste \u00e0 fleur \u00a0; Myriam, elle, a \u00e9voqu\u00e9\u00a0 la M\u00e9diterran\u00e9en et les Antilles avec une douceur m\u00e9lodieuse m\u00eal\u00e9e aux charmes d&rsquo;une l\u00e9gende. Un autre jeune pr\u00e9sent nous donna sa vision des femmes, alors qu\u2019un \u00a0autre\u00a0a chant\u00e9\u00a0sur un air de beat box. On applaudissait, on riait, on \u00e9tait tous agr\u00e9ablement \u00e9tonn\u00e9s. Certains se sont m\u00eame lanc\u00e9s dans des petits <i>battles<\/i> endiabl\u00e9s.<\/p>\n<p>Ce soir la, Youssoupha est venu \u00e0 la MJC comme un grand fr\u00e8re. En r\u00e9pondant \u00e0 nos questions, il a ainsi donn\u00e9 de l&rsquo;espoir \u00e0 ces petits cr\u00e9ateurs de la danse et de la musique de demain. Ces derniers m&rsquo;ont prouv\u00e9eque\u00a0la cl\u00e9 de sol et l&rsquo;art chor\u00e9graphique\u00a0 n&rsquo;existent pas qu&rsquo;en centre ville et que nos banlieues regorgent de talents qui n&rsquo;attendent que d&rsquo;\u00e9merger&#8230;<\/p>\n<p>&nbsp;<\/p>\n<p>*(ndrl <i>\u00ab\u00a0A force de juger nos gueules, les gens le savent qu&rsquo;\u00e0 la t\u00e9l\u00e9 souvent les chroniqueurs diabolisent les banlieusards, chaque fois que \u00e7a p\u00e8te on dit qu&rsquo;c&rsquo;est nous,\u00a0j&rsquo;mets un billet sur la t\u00eate de celui qui fera taire ce con d&rsquo;Eric Zemmour.\u00a0\u00bb)<\/i><\/p>\n<!-- AddThis Advanced Settings generic via filter on the_content --><!-- AddThis Share Buttons generic via filter on the_content -->","protected":false},"excerpt":{"rendered":"<p>La semaine derni\u00e8re, se tenait \u00e0 la MJC de Vaulx-en-Velin un atelier d&rsquo;\u00e9criture orchestr\u00e9 par le rappeur Youssoupha. Impressions sur cette rencontre musicale&#8230; \u00a0Vous ne &hellip; <!-- AddThis Advanced Settings generic via filter on wp_trim_excerpt --><!-- AddThis Share Buttons generic via filter on wp_trim_excerpt --><\/p>\n","protected":false},"author":7,"featured_media":3114,"comment_status":"open","ping_status":"open","sticky":false,"template":"","format":"standard","meta":{"_FSMCFIC_featured_image_caption":"","_FSMCFIC_featured_image_nocaption":"","_FSMCFIC_featured_image_hide":"","footnotes":""},"categories":[3],"tags":[135,10,112,358,205,727],"class_list":["post-3113","post","type-post","status-publish","format-standard","has-post-thumbnail","hentry","category-culture","tag-lbb","tag-lyon-2","tag-lyon-bondy-blog","tag-musique","tag-rap","tag-youssoupha"],"yoast_head":"<!-- This site is optimized with the Yoast SEO plugin v22.8 - https:\/\/yoast.com\/wordpress\/plugins\/seo\/ -->\n<title>Youssoupha, mon nouveau prof d&#039;\u00e9criture - Lyon Bondy Blog<\/title>\n<meta name=\"robots\" content=\"index, follow, max-snippet:-1, max-image-preview:large, max-video-preview:-1\" \/>\n<link rel=\"canonical\" href=\"https:\/\/lyonbondyblog.fr\/LBB\/youssoupha-mon-nouveau-prof-decriture\/\" \/>\n<meta property=\"og:locale\" content=\"fr_FR\" \/>\n<meta property=\"og:type\" content=\"article\" \/>\n<meta property=\"og:title\" content=\"Youssoupha, mon nouveau prof d&#039;\u00e9criture - Lyon Bondy Blog\" \/>\n<meta property=\"og:description\" content=\"La semaine derni\u00e8re, se tenait \u00e0 la MJC de Vaulx-en-Velin un atelier d&rsquo;\u00e9criture orchestr\u00e9 par le rappeur Youssoupha. Impressions sur cette rencontre musicale&#8230; \u00a0Vous ne &hellip;\" \/>\n<meta property=\"og:url\" content=\"https:\/\/lyonbondyblog.fr\/LBB\/youssoupha-mon-nouveau-prof-decriture\/\" \/>\n<meta property=\"og:site_name\" content=\"Lyon Bondy Blog\" \/>\n<meta property=\"article:publisher\" content=\"https:\/\/www.facebook.com\/lyonbondyblog\" \/>\n<meta property=\"article:published_time\" content=\"2010-02-08T09:46:23+00:00\" \/>\n<meta property=\"article:modified_time\" content=\"2013-08-02T08:48:35+00:00\" \/>\n<meta property=\"og:image\" content=\"https:\/\/lyonbondyblog.fr\/LBB\/wp-content\/uploads\/2013\/08\/youssoufah.jpg\" \/>\n\t<meta property=\"og:image:width\" content=\"150\" \/>\n\t<meta property=\"og:image:height\" content=\"148\" \/>\n\t<meta property=\"og:image:type\" content=\"image\/jpeg\" \/>\n<meta name=\"author\" content=\"Sofia Azzedine\" \/>\n<meta name=\"twitter:card\" content=\"summary_large_image\" \/>\n<meta name=\"twitter:creator\" content=\"@bondybloglyon\" \/>\n<meta name=\"twitter:site\" content=\"@bondybloglyon\" \/>\n<script type=\"application\/ld+json\" class=\"yoast-schema-graph\">{\"@context\":\"https:\/\/schema.org\",\"@graph\":[{\"@type\":\"Article\",\"@id\":\"https:\/\/lyonbondyblog.fr\/LBB\/youssoupha-mon-nouveau-prof-decriture\/#article\",\"isPartOf\":{\"@id\":\"https:\/\/lyonbondyblog.fr\/LBB\/youssoupha-mon-nouveau-prof-decriture\/\"},\"author\":{\"name\":\"Sofia Azzedine\",\"@id\":\"https:\/\/lyonbondyblog.fr\/LBB\/#\/schema\/person\/b0602285b18dbff27c95620f60751bf9\"},\"headline\":\"Youssoupha, mon nouveau prof d&rsquo;\u00e9criture\",\"datePublished\":\"2010-02-08T09:46:23+00:00\",\"dateModified\":\"2013-08-02T08:48:35+00:00\",\"mainEntityOfPage\":{\"@id\":\"https:\/\/lyonbondyblog.fr\/LBB\/youssoupha-mon-nouveau-prof-decriture\/\"},\"wordCount\":657,\"commentCount\":0,\"publisher\":{\"@id\":\"https:\/\/lyonbondyblog.fr\/LBB\/#organization\"},\"image\":{\"@id\":\"https:\/\/lyonbondyblog.fr\/LBB\/youssoupha-mon-nouveau-prof-decriture\/#primaryimage\"},\"thumbnailUrl\":\"https:\/\/lyonbondyblog.fr\/LBB\/wp-content\/uploads\/2013\/08\/youssoufah.jpg\",\"keywords\":[\"LBB\",\"lyon\",\"Lyon Bondy Blog\",\"musique\",\"rap\",\"youssoupha\"],\"articleSection\":[\"Culture\"],\"inLanguage\":\"fr-FR\",\"potentialAction\":[{\"@type\":\"CommentAction\",\"name\":\"Comment\",\"target\":[\"https:\/\/lyonbondyblog.fr\/LBB\/youssoupha-mon-nouveau-prof-decriture\/#respond\"]}]},{\"@type\":\"WebPage\",\"@id\":\"https:\/\/lyonbondyblog.fr\/LBB\/youssoupha-mon-nouveau-prof-decriture\/\",\"url\":\"https:\/\/lyonbondyblog.fr\/LBB\/youssoupha-mon-nouveau-prof-decriture\/\",\"name\":\"Youssoupha, mon nouveau prof d'\u00e9criture - Lyon Bondy Blog\",\"isPartOf\":{\"@id\":\"https:\/\/lyonbondyblog.fr\/LBB\/#website\"},\"primaryImageOfPage\":{\"@id\":\"https:\/\/lyonbondyblog.fr\/LBB\/youssoupha-mon-nouveau-prof-decriture\/#primaryimage\"},\"image\":{\"@id\":\"https:\/\/lyonbondyblog.fr\/LBB\/youssoupha-mon-nouveau-prof-decriture\/#primaryimage\"},\"thumbnailUrl\":\"https:\/\/lyonbondyblog.fr\/LBB\/wp-content\/uploads\/2013\/08\/youssoufah.jpg\",\"datePublished\":\"2010-02-08T09:46:23+00:00\",\"dateModified\":\"2013-08-02T08:48:35+00:00\",\"inLanguage\":\"fr-FR\",\"potentialAction\":[{\"@type\":\"ReadAction\",\"target\":[\"https:\/\/lyonbondyblog.fr\/LBB\/youssoupha-mon-nouveau-prof-decriture\/\"]}]},{\"@type\":\"ImageObject\",\"inLanguage\":\"fr-FR\",\"@id\":\"https:\/\/lyonbondyblog.fr\/LBB\/youssoupha-mon-nouveau-prof-decriture\/#primaryimage\",\"url\":\"https:\/\/lyonbondyblog.fr\/LBB\/wp-content\/uploads\/2013\/08\/youssoufah.jpg\",\"contentUrl\":\"https:\/\/lyonbondyblog.fr\/LBB\/wp-content\/uploads\/2013\/08\/youssoufah.jpg\",\"width\":150,\"height\":148},{\"@type\":\"WebSite\",\"@id\":\"https:\/\/lyonbondyblog.fr\/LBB\/#website\",\"url\":\"https:\/\/lyonbondyblog.fr\/LBB\/\",\"name\":\"Lyon Bondy Blog\",\"description\":\"\",\"publisher\":{\"@id\":\"https:\/\/lyonbondyblog.fr\/LBB\/#organization\"},\"potentialAction\":[{\"@type\":\"SearchAction\",\"target\":{\"@type\":\"EntryPoint\",\"urlTemplate\":\"https:\/\/lyonbondyblog.fr\/LBB\/?s={search_term_string}\"},\"query-input\":\"required name=search_term_string\"}],\"inLanguage\":\"fr-FR\"},{\"@type\":\"Organization\",\"@id\":\"https:\/\/lyonbondyblog.fr\/LBB\/#organization\",\"name\":\"LYON BONDY BLOG\",\"url\":\"https:\/\/lyonbondyblog.fr\/LBB\/\",\"logo\":{\"@type\":\"ImageObject\",\"inLanguage\":\"fr-FR\",\"@id\":\"https:\/\/lyonbondyblog.fr\/LBB\/#\/schema\/logo\/image\/\",\"url\":\"http:\/\/lyonbondyblog.fr\/LBB\/wp-content\/uploads\/2014\/10\/logo-portable-144.png\",\"contentUrl\":\"http:\/\/lyonbondyblog.fr\/LBB\/wp-content\/uploads\/2014\/10\/logo-portable-144.png\",\"width\":144,\"height\":123,\"caption\":\"LYON BONDY BLOG\"},\"image\":{\"@id\":\"https:\/\/lyonbondyblog.fr\/LBB\/#\/schema\/logo\/image\/\"},\"sameAs\":[\"https:\/\/www.facebook.com\/lyonbondyblog\",\"https:\/\/x.com\/bondybloglyon\"]},{\"@type\":\"Person\",\"@id\":\"https:\/\/lyonbondyblog.fr\/LBB\/#\/schema\/person\/b0602285b18dbff27c95620f60751bf9\",\"name\":\"Sofia Azzedine\",\"description\":\"Etudiante \u00e0 l'Institut d'Etude du D\u00e9veloppement apr\u00e8s un parcours du combattant pass\u00e9 dans les m\u00e9andres de la Science Politique, entre la Sociologie et le Journalisme et les Langues Etrang\u00e8res. Je souhaite toujours explorer ces banlieues plurielles m\u00e9connues et mal trait\u00e9es pour jeter au sol ces pr\u00e9jug\u00e9s. Tout cela, pour \u00e9luder toute l'humanit\u00e9 vivace qui existe dans ces r\u00e9gions de la diff\u00e9rence et de l'indiff\u00e9rence et faire parler cette jeunesse silencieusement bavarde.\",\"url\":\"https:\/\/lyonbondyblog.fr\/LBB\/author\/sofia\/\"}]}<\/script>\n<!-- \/ Yoast SEO plugin. -->","yoast_head_json":{"title":"Youssoupha, mon nouveau prof d'\u00e9criture - Lyon Bondy Blog","robots":{"index":"index","follow":"follow","max-snippet":"max-snippet:-1","max-image-preview":"max-image-preview:large","max-video-preview":"max-video-preview:-1"},"canonical":"https:\/\/lyonbondyblog.fr\/LBB\/youssoupha-mon-nouveau-prof-decriture\/","og_locale":"fr_FR","og_type":"article","og_title":"Youssoupha, mon nouveau prof d'\u00e9criture - Lyon Bondy Blog","og_description":"La semaine derni\u00e8re, se tenait \u00e0 la MJC de Vaulx-en-Velin un atelier d&rsquo;\u00e9criture orchestr\u00e9 par le rappeur Youssoupha. Impressions sur cette rencontre musicale&#8230; \u00a0Vous ne &hellip;","og_url":"https:\/\/lyonbondyblog.fr\/LBB\/youssoupha-mon-nouveau-prof-decriture\/","og_site_name":"Lyon Bondy Blog","article_publisher":"https:\/\/www.facebook.com\/lyonbondyblog","article_published_time":"2010-02-08T09:46:23+00:00","article_modified_time":"2013-08-02T08:48:35+00:00","og_image":[{"width":150,"height":148,"url":"https:\/\/lyonbondyblog.fr\/LBB\/wp-content\/uploads\/2013\/08\/youssoufah.jpg","type":"image\/jpeg"}],"author":"Sofia Azzedine","twitter_card":"summary_large_image","twitter_creator":"@bondybloglyon","twitter_site":"@bondybloglyon","schema":{"@context":"https:\/\/schema.org","@graph":[{"@type":"Article","@id":"https:\/\/lyonbondyblog.fr\/LBB\/youssoupha-mon-nouveau-prof-decriture\/#article","isPartOf":{"@id":"https:\/\/lyonbondyblog.fr\/LBB\/youssoupha-mon-nouveau-prof-decriture\/"},"author":{"name":"Sofia Azzedine","@id":"https:\/\/lyonbondyblog.fr\/LBB\/#\/schema\/person\/b0602285b18dbff27c95620f60751bf9"},"headline":"Youssoupha, mon nouveau prof d&rsquo;\u00e9criture","datePublished":"2010-02-08T09:46:23+00:00","dateModified":"2013-08-02T08:48:35+00:00","mainEntityOfPage":{"@id":"https:\/\/lyonbondyblog.fr\/LBB\/youssoupha-mon-nouveau-prof-decriture\/"},"wordCount":657,"commentCount":0,"publisher":{"@id":"https:\/\/lyonbondyblog.fr\/LBB\/#organization"},"image":{"@id":"https:\/\/lyonbondyblog.fr\/LBB\/youssoupha-mon-nouveau-prof-decriture\/#primaryimage"},"thumbnailUrl":"https:\/\/lyonbondyblog.fr\/LBB\/wp-content\/uploads\/2013\/08\/youssoufah.jpg","keywords":["LBB","lyon","Lyon Bondy Blog","musique","rap","youssoupha"],"articleSection":["Culture"],"inLanguage":"fr-FR","potentialAction":[{"@type":"CommentAction","name":"Comment","target":["https:\/\/lyonbondyblog.fr\/LBB\/youssoupha-mon-nouveau-prof-decriture\/#respond"]}]},{"@type":"WebPage","@id":"https:\/\/lyonbondyblog.fr\/LBB\/youssoupha-mon-nouveau-prof-decriture\/","url":"https:\/\/lyonbondyblog.fr\/LBB\/youssoupha-mon-nouveau-prof-decriture\/","name":"Youssoupha, mon nouveau prof d'\u00e9criture - Lyon Bondy Blog","isPartOf":{"@id":"https:\/\/lyonbondyblog.fr\/LBB\/#website"},"primaryImageOfPage":{"@id":"https:\/\/lyonbondyblog.fr\/LBB\/youssoupha-mon-nouveau-prof-decriture\/#primaryimage"},"image":{"@id":"https:\/\/lyonbondyblog.fr\/LBB\/youssoupha-mon-nouveau-prof-decriture\/#primaryimage"},"thumbnailUrl":"https:\/\/lyonbondyblog.fr\/LBB\/wp-content\/uploads\/2013\/08\/youssoufah.jpg","datePublished":"2010-02-08T09:46:23+00:00","dateModified":"2013-08-02T08:48:35+00:00","inLanguage":"fr-FR","potentialAction":[{"@type":"ReadAction","target":["https:\/\/lyonbondyblog.fr\/LBB\/youssoupha-mon-nouveau-prof-decriture\/"]}]},{"@type":"ImageObject","inLanguage":"fr-FR","@id":"https:\/\/lyonbondyblog.fr\/LBB\/youssoupha-mon-nouveau-prof-decriture\/#primaryimage","url":"https:\/\/lyonbondyblog.fr\/LBB\/wp-content\/uploads\/2013\/08\/youssoufah.jpg","contentUrl":"https:\/\/lyonbondyblog.fr\/LBB\/wp-content\/uploads\/2013\/08\/youssoufah.jpg","width":150,"height":148},{"@type":"WebSite","@id":"https:\/\/lyonbondyblog.fr\/LBB\/#website","url":"https:\/\/lyonbondyblog.fr\/LBB\/","name":"Lyon Bondy Blog","description":"","publisher":{"@id":"https:\/\/lyonbondyblog.fr\/LBB\/#organization"},"potentialAction":[{"@type":"SearchAction","target":{"@type":"EntryPoint","urlTemplate":"https:\/\/lyonbondyblog.fr\/LBB\/?s={search_term_string}"},"query-input":"required name=search_term_string"}],"inLanguage":"fr-FR"},{"@type":"Organization","@id":"https:\/\/lyonbondyblog.fr\/LBB\/#organization","name":"LYON BONDY BLOG","url":"https:\/\/lyonbondyblog.fr\/LBB\/","logo":{"@type":"ImageObject","inLanguage":"fr-FR","@id":"https:\/\/lyonbondyblog.fr\/LBB\/#\/schema\/logo\/image\/","url":"http:\/\/lyonbondyblog.fr\/LBB\/wp-content\/uploads\/2014\/10\/logo-portable-144.png","contentUrl":"http:\/\/lyonbondyblog.fr\/LBB\/wp-content\/uploads\/2014\/10\/logo-portable-144.png","width":144,"height":123,"caption":"LYON BONDY BLOG"},"image":{"@id":"https:\/\/lyonbondyblog.fr\/LBB\/#\/schema\/logo\/image\/"},"sameAs":["https:\/\/www.facebook.com\/lyonbondyblog","https:\/\/x.com\/bondybloglyon"]},{"@type":"Person","@id":"https:\/\/lyonbondyblog.fr\/LBB\/#\/schema\/person\/b0602285b18dbff27c95620f60751bf9","name":"Sofia Azzedine","description":"Etudiante \u00e0 l'Institut d'Etude du D\u00e9veloppement apr\u00e8s un parcours du combattant pass\u00e9 dans les m\u00e9andres de la Science Politique, entre la Sociologie et le Journalisme et les Langues Etrang\u00e8res. Je souhaite toujours explorer ces banlieues plurielles m\u00e9connues et mal trait\u00e9es pour jeter au sol ces pr\u00e9jug\u00e9s. Tout cela, pour \u00e9luder toute l'humanit\u00e9 vivace qui existe dans ces r\u00e9gions de la diff\u00e9rence et de l'indiff\u00e9rence et faire parler cette jeunesse silencieusement bavarde.","url":"https:\/\/lyonbondyblog.fr\/LBB\/author\/sofia\/"}]}},"_links":{"self":[{"href":"https:\/\/lyonbondyblog.fr\/LBB\/wp-json\/wp\/v2\/posts\/3113","targetHints":{"allow":["GET"]}}],"collection":[{"href":"https:\/\/lyonbondyblog.fr\/LBB\/wp-json\/wp\/v2\/posts"}],"about":[{"href":"https:\/\/lyonbondyblog.fr\/LBB\/wp-json\/wp\/v2\/types\/post"}],"author":[{"embeddable":true,"href":"https:\/\/lyonbondyblog.fr\/LBB\/wp-json\/wp\/v2\/users\/7"}],"replies":[{"embeddable":true,"href":"https:\/\/lyonbondyblog.fr\/LBB\/wp-json\/wp\/v2\/comments?post=3113"}],"version-history":[{"count":0,"href":"https:\/\/lyonbondyblog.fr\/LBB\/wp-json\/wp\/v2\/posts\/3113\/revisions"}],"wp:featuredmedia":[{"embeddable":true,"href":"https:\/\/lyonbondyblog.fr\/LBB\/wp-json\/wp\/v2\/media\/3114"}],"wp:attachment":[{"href":"https:\/\/lyonbondyblog.fr\/LBB\/wp-json\/wp\/v2\/media?parent=3113"}],"wp:term":[{"taxonomy":"category","embeddable":true,"href":"https:\/\/lyonbondyblog.fr\/LBB\/wp-json\/wp\/v2\/categories?post=3113"},{"taxonomy":"post_tag","embeddable":true,"href":"https:\/\/lyonbondyblog.fr\/LBB\/wp-json\/wp\/v2\/tags?post=3113"}],"curies":[{"name":"wp","href":"https:\/\/api.w.org\/{rel}","templated":true}]}}