{"id":30968,"date":"2022-10-12T17:43:48","date_gmt":"2022-10-12T15:43:48","guid":{"rendered":"http:\/\/lyonbondyblog.fr\/LBB\/?p=30968"},"modified":"2022-10-12T17:43:50","modified_gmt":"2022-10-12T15:43:50","slug":"14e-edition-du-festival-lumiere-tim-burton-a-lhonneur","status":"publish","type":"post","link":"https:\/\/lyonbondyblog.fr\/LBB\/14e-edition-du-festival-lumiere-tim-burton-a-lhonneur\/","title":{"rendered":"14e \u00e9dition du festival Lumi\u00e8re : Tim Burton \u00e0 l&rsquo;honneur"},"content":{"rendered":"\n<p><strong>Le festival Lumi\u00e8re d\u00e9butera ce samedi 15 octobre, avec la projection de \u00ab\u00a0L\u2019Innocent\u00a0\u00bb de Louis Garrel. Pour sa 14<sup>e<\/sup> \u00e9dition, le prix Lumi\u00e8re est d\u00e9cern\u00e9 \u00e0 Tim Burton, qui sera pr\u00e9sent au cours de l\u2019\u00e9v\u00e9nement. Une occasion \u00e0 ne pas louper pour (re)d\u00e9couvrir les classiques du grand \u00e9cran.<\/strong><\/p>\n\n\n\n<p>C\u00f4t\u00e9 culture, la m\u00e9tropole lyonnaise ne s\u2019arr\u00eate jamais. Ce week-end d\u00e9bute la 14<sup>e<\/sup> <a href=\"https:\/\/www.festival-lumiere.org\/\" target=\"_blank\" rel=\"noreferrer noopener\">\u00e9dition du festival Lumi\u00e8re<\/a> qui se tient du 15 au 23 octobre \u00e0 travers l\u2019ensemble de la m\u00e9tropole. En tout c\u2019est pr\u00e8s de 400 s\u00e9ances, r\u00e9parties entre 40 lieux, qui vous sont propos\u00e9s. Entre rencontres, master class, conf\u00e9rences, animations et projections de films, de nombreux \u00e9v\u00e9nements sont pr\u00e9vus.<\/p>\n\n\n\n<p>Le festival s\u2019ouvre ce samedi avec la projection de \u00ab\u00a0L\u2019Innocent\u00a0\u00bb de Louis Garrel, sorti en salle ce mercredi. Il sera suivi de nombreuses autres projections \u00e0 retrouver durant toute la semaine dans la capitale des Gaules.<\/p>\n\n\n\n<h2 class=\"wp-block-heading\"><strong>Tim Burton acclam\u00e9<\/strong><\/h2>\n\n\n\n<p><a href=\"https:\/\/www.festival-lumiere.org\/programme\/tim-burton-prix-lumiere-2022.html\" target=\"_blank\" rel=\"noreferrer noopener\">Le laur\u00e9at du prix Lumi\u00e8re 2022 n\u2019est nul autre que Tim Burton<\/a>, c\u00e9l\u00e8bre r\u00e9alisateur am\u00e9ricain, connu notamment pour \u00ab\u00a0<em>Edward aux mains d&rsquo;argent<\/em>\u00a0\u00bb, \u00ab\u00a0<em>Mars Attacks\u00a0!<\/em>\u00a0\u00bb, \u00ab\u00a0<em>Sleepy Hollow : La L\u00e9gende du cavalier sans t\u00eate<\/em>\u00a0\u00bb ou encore \u00ab\u00a0<em>Charlie et la chocolaterie<\/em>\u00a0\u00bb. Il succ\u00e8de \u00e0 la r\u00e9alisatrice Jane Campion qui a re\u00e7u le prix Lumi\u00e8re en 2021. Pour c\u00e9l\u00e9brer l\u2019\u0153uvre du r\u00e9alisateur plusieurs projections de sa cin\u00e9matographie sont programm\u00e9es tout au long du festival (En tout 18 de ses r\u00e9alisations seront diffus\u00e9es). Des rencontres avec lui sont \u00e9galement au programme.<\/p>\n\n\n\n<p><strong><span class=\"has-inline-color has-vivid-red-color\">Le vendredi 21 octobre \u00e0 partir de 15h au th\u00e9\u00e2tre des C\u00e9lestins. Une master class (rencontre) avec le r\u00e9alisateur est pr\u00e9vue. Acc\u00e8s sur inscription. Le vendredi 21 octobre \u00e0 partir de 19h au Centres des Congr\u00e8s. C\u00e9r\u00e9monie de remise du prix Lumi\u00e8re 2022. Acc\u00e8s sur inscription.<\/span><\/strong><\/p>\n\n\n\n<p><strong><span class=\"has-inline-color has-vivid-red-color\">Le samedi 22 octobre \u00e0 partir de 21h \u00e0 la Halle Tony Garnier. Une soir\u00e9e est consacr\u00e9e au r\u00e9alisateur o\u00f9 plusieurs de ses longs m\u00e9trages seront diffus\u00e9s\u00a0: Beetlejuice (1h32) \/ Suivi de Ed Wood (2h07) \/ Suivi de Mars Attacks ! (1h45) \/ Suivi de Sleepy Hollow : La L\u00e9gende du cavalier sans t\u00eate (1h45). Acc\u00e8s sur inscription.<\/span><\/strong><\/p>\n\n\n\n<p><strong>Pee-Wee Big Adventure (1h31), Beetlejuice (1h32), Batman (1989, 2h06), Edward aux mains d&rsquo;argent (1h45), Batman : Le D\u00e9fi (1992, 2h06), Ed Wood (2h07), Mars Attacks ! (1h45), Sleepy Hollow : La L\u00e9gende du cavalier sans t\u00eate (1h45), Big Fish (2h05), Charlie et la chocolaterie (1h55), Les Noces fun\u00e8bres (1h17), Sweeney Todd, le diabolique barbier de Fleet Street (1h56), Frankenweenie (1h27), Big Eyes (1h47), Miss Peregrine et les enfants particuliers (2h07), Dumbo (1h52). Films r\u00e9alis\u00e9s par Tim Burton diffus\u00e9s durant le festival<\/strong>.<\/p>\n\n\n\n<figure class=\"wp-block-embed is-type-video is-provider-vimeo wp-block-embed-vimeo wp-embed-aspect-16-9 wp-has-aspect-ratio\"><div class=\"wp-block-embed__wrapper\">\n<iframe loading=\"lazy\" title=\"Le Prix Lumi&amp;egrave;re 2022\" src=\"https:\/\/player.vimeo.com\/video\/731652347?h=b2f5da0494&amp;dnt=1&amp;app_id=122963\" width=\"1200\" height=\"675\" frameborder=\"0\" allow=\"autoplay; fullscreen; picture-in-picture\" allowfullscreen><\/iframe>\n<\/div><figcaption>Cr\u00e9dit : Festival Lumi\u00e8re<\/figcaption><\/figure>\n\n\n\n<h2 class=\"wp-block-heading\"><strong>Des r\u00e9alisateur et r\u00e9alisatrice qui ont marqu\u00e9 le cin\u00e9ma<\/strong><\/h2>\n\n\n\n<p>Louis Malle, Sidney Lumet, Mai Zetterling, Andr\u00e9 de Toth, autant de noms qui vous sont peut-\u00eatre inconnus mais dont les productions, r\u00e9alisations, apparitions ont su marquer le monde du cin\u00e9ma. Au m\u00eame titre que Tim Burton, ils sont mis \u00e0 l\u2019honneur durant cette \u00e9dition, \u00e0 travers la diffusion de plusieurs longs m\u00e9trages.<\/p>\n\n\n\n<p>Entre \u00ab\u00a0<em>Atlantic City\u00a0\u00bb<\/em> de Louis Malle, vous proposant une vision europ\u00e9enne des \u00c9tats-Unis, ou \u00ab\u00a0<em>Le Crime de l&rsquo;Orient-Express\u00a0<\/em>\u00bb de Sidney Lumet, qui transpose un des romans les plus connus d\u2019Agatha Christie sur grand \u00e9cran, les choix sont vari\u00e9s. Deux longs m\u00e9trages id\u00e9als pour d\u00e9couvrir ces deux r\u00e9alisateurs de talent. De nombreuses autres projections de leur cin\u00e9matographie sont \u00e0 retrouver.<\/p>\n\n\n\n<p><strong>Ascenseur pour l&rsquo;\u00e9chafaud (1h33), Les Amants (1h31), Zazie dans le m\u00e9tro (1h33), Le Feu follet (1h49), Viva Maria ! (1h57), Le Voleur (2h02), Histoires extraordinaires (2h01), Le Souffle au c\u0153ur (1h59), Lacombe Lucien (2h18), Black Moon (1h41), La Petite (1h50), Atlantic City (1h45), My Dinner with Andre (1h50), Au revoir les enfants (1h44), Milou en mai (1h47), Vanya, 42e Rue (1h59). Films r\u00e9alis\u00e9s par Louis Malle diffus\u00e9s durant le festival.<\/strong><\/p>\n\n\n\n<p><strong>Douze hommes en col\u00e8re (1h37), L&rsquo;Homme \u00e0 la peau de serpent (2h01), Point limite (1h51), Le Pr\u00eateur sur gages (1h55), La Colline des hommes perdus (2h03), Le Gang Anderson (1h39), The Offence (1h52), Serpico (2h10), Le Crime de l&rsquo;Orient-Express (2h08), Un apr\u00e8s-midi de chien (2h04), Network &#8211; Main basse sur la TV (2h02), Equus (2h18), \u00c0 bout de course (1h56), 7h58 ce samedi-l\u00e0 (1h57). Films r\u00e9alis\u00e9s par Sydney Lumet diffus\u00e9s durant le festival.<\/strong><\/p>\n\n\n\n<p>Pour s\u2019aventurer encore plus dans la d\u00e9couverte, que diriez-vous de partir \u00e0 la rencontre du cin\u00e9ma Hongrois avec Andr\u00e9 de Toth. Le r\u00e9alisateur a produit cinq films en Hongrie avant de s\u2019envoler vers Hollywood o\u00f9 il fera le reste de sa carri\u00e8re. Tous r\u00e9alis\u00e9s en 1939, ils vous sont propos\u00e9s durant le festival.<\/p>\n\n\n\n<p><strong>Les Noces de Toprin (1h21), 5 heures 40 (1h20), Deux filles dans la rue (1h24), Six semaines de bonheur (1h16), La Vie du docteur Semmelweis (1h18). Films r\u00e9alis\u00e9s par Andr\u00e9 de Toth diffus\u00e9s durant le festival.<\/strong><\/p>\n\n\n\n<p>L\u2019actrice, r\u00e9alisatrice et productrice Mai C\u2019est est aussi \u00e0 l\u2019honneur. C\u2019est en son r\u00f4le de r\u00e9alisatrice qu\u2019elle est mise en avant avec la projection de quatre de ses longs m\u00e9trages. L\u2019occasion de d\u00e9couvrir le travail d\u2019une des premi\u00e8res r\u00e9alisatrices dans un milieu trop masculin.<\/p>\n\n\n\n<p><strong>Les Amoureux (1h58), Jeux de nuit (1h45), Les Filles (1h40), Amorosa (1h57). Films r\u00e9alis\u00e9s par Mai Zetterling diffus\u00e9s durant le festival.<\/strong><\/p>\n\n\n\n<p>De nombreux autres films sont diffus\u00e9s au cours du festival. De r\u00e9alisateurs et r\u00e9alisatrices plus ou moins connus, sur des th\u00e8mes en tous genres de l\u2019amour \u00e0 la guerre, de la com\u00e9die \u00e0 la trag\u00e9die. L\u2019enti\u00e8ret\u00e9 du programme est \u00e0 retrouver ici\u00a0: \u00a0<a href=\"https:\/\/www.festival-lumiere.org\/programme\/tous-les-films.html\" target=\"_blank\" rel=\"noreferrer noopener\">Tous les films projet\u00e9s au festival Lumi\u00e8re 2021 &#8211; Tous les films (festival-lumiere.org)<\/a><\/p>\n\n\n\n<p class=\"has-text-align-right\"><strong>La r\u00e9daction<\/strong><\/p>\n\n\n\n<p class=\"has-text-align-left\"><strong>Retrouvez nos derniers articles ici :  <\/strong><\/p>\n\n\n<ul class=\"wp-block-latest-posts__list wp-block-latest-posts\"><li><a class=\"wp-block-latest-posts__post-title\" href=\"https:\/\/lyonbondyblog.fr\/LBB\/fetes-escales-tour-du-monde-a-venissieux\/\">F\u00eates Escales : tour du monde \u00e0 V\u00e9nissieux<\/a><\/li>\n<li><a class=\"wp-block-latest-posts__post-title\" href=\"https:\/\/lyonbondyblog.fr\/LBB\/jeunes-davenirs-la-jeunesse-a-venir\/\">Jeunes d\u2019Avenirs\u00a0: la jeunesse \u00e0 venir<\/a><\/li>\n<li><a class=\"wp-block-latest-posts__post-title\" href=\"https:\/\/lyonbondyblog.fr\/LBB\/le-tribunal-refuse-la-liberation-provisoire-dun-homme-poursuivi-pour-violences-aggravees\/\">Le tribunal refuse la lib\u00e9ration provisoire d\u2019un homme poursuivi pour violences aggrav\u00e9es<\/a><\/li>\n<li><a class=\"wp-block-latest-posts__post-title\" href=\"https:\/\/lyonbondyblog.fr\/LBB\/la-poesie-au-theatre-la-generale-de-la-proposition-musicale-et-litteraire-dalain-klingler\/\">La po\u00e9sie au th\u00e9\u00e2tre\u00a0: la g\u00e9n\u00e9rale de la proposition musicale et litt\u00e9raire d\u2019Alain Klingler<\/a><\/li>\n<li><a class=\"wp-block-latest-posts__post-title\" href=\"https:\/\/lyonbondyblog.fr\/LBB\/culture-allez-faire-un-petit-tour-du-cote-de-venissieux-pour-le-raffut-festival\/\">Culture : Allez faire un petit tour du c\u00f4t\u00e9 de V\u00e9nissieux, pour le raffut festival<\/a><\/li>\n<\/ul><!-- AddThis Advanced Settings generic via filter on the_content --><!-- AddThis Share Buttons generic via filter on the_content -->","protected":false},"excerpt":{"rendered":"<p>Le festival Lumi\u00e8re d\u00e9butera ce samedi 15 octobre, avec la projection de \u00ab\u00a0L\u2019Innocent\u00a0\u00bb de Louis Garrel. Pour sa 14e \u00e9dition, le prix Lumi\u00e8re est d\u00e9cern\u00e9 &hellip; <!-- AddThis Advanced Settings generic via filter on wp_trim_excerpt --><!-- AddThis Share Buttons generic via filter on wp_trim_excerpt --><\/p>\n","protected":false},"author":1,"featured_media":30972,"comment_status":"open","ping_status":"open","sticky":true,"template":"","format":"standard","meta":{"_FSMCFIC_featured_image_caption":"","_FSMCFIC_featured_image_nocaption":"","_FSMCFIC_featured_image_hide":"","footnotes":""},"categories":[4],"tags":[97,1952,671,10],"class_list":["post-30968","post","type-post","status-publish","format-standard","has-post-thumbnail","hentry","category-lyon","tag-cinema","tag-culture","tag-festival-lumiere","tag-lyon-2"],"yoast_head":"<!-- This site is optimized with the Yoast SEO plugin v22.8 - https:\/\/yoast.com\/wordpress\/plugins\/seo\/ -->\n<title>14e \u00e9dition du festival Lumi\u00e8re : Tim Burton \u00e0 l&#039;honneur - Lyon Bondy Blog<\/title>\n<meta name=\"description\" content=\"Le festival Lumi\u00e8re d\u00e9butera ce samedi 15 octobre, avec la projection de \u00ab\u00a0L\u2019Innocent\u00a0\u00bb de Louis Garrel. Pour sa 14e \u00e9dition, le prix...\" \/>\n<meta name=\"robots\" content=\"index, follow, max-snippet:-1, max-image-preview:large, max-video-preview:-1\" \/>\n<link rel=\"canonical\" href=\"https:\/\/lyonbondyblog.fr\/LBB\/14e-edition-du-festival-lumiere-tim-burton-a-lhonneur\/\" \/>\n<meta property=\"og:locale\" content=\"fr_FR\" \/>\n<meta property=\"og:type\" content=\"article\" \/>\n<meta property=\"og:title\" content=\"14e \u00e9dition du festival Lumi\u00e8re : Tim Burton \u00e0 l&#039;honneur - Lyon Bondy Blog\" \/>\n<meta property=\"og:description\" content=\"Le festival Lumi\u00e8re d\u00e9butera ce samedi 15 octobre, avec la projection de \u00ab\u00a0L\u2019Innocent\u00a0\u00bb de Louis Garrel. Pour sa 14e \u00e9dition, le prix...\" \/>\n<meta property=\"og:url\" content=\"https:\/\/lyonbondyblog.fr\/LBB\/14e-edition-du-festival-lumiere-tim-burton-a-lhonneur\/\" \/>\n<meta property=\"og:site_name\" content=\"Lyon Bondy Blog\" \/>\n<meta property=\"article:publisher\" content=\"https:\/\/www.facebook.com\/lyonbondyblog\" \/>\n<meta property=\"article:author\" content=\"https:\/\/www.facebook.com\/lyonbondyblog\" \/>\n<meta property=\"article:published_time\" content=\"2022-10-12T15:43:48+00:00\" \/>\n<meta property=\"article:modified_time\" content=\"2022-10-12T15:43:50+00:00\" \/>\n<meta property=\"og:image\" content=\"https:\/\/lyonbondyblog.fr\/LBB\/wp-content\/uploads\/2022\/10\/3078493320_f83652c502_k.jpg\" \/>\n\t<meta property=\"og:image:width\" content=\"2048\" \/>\n\t<meta property=\"og:image:height\" content=\"1536\" \/>\n\t<meta property=\"og:image:type\" content=\"image\/jpeg\" \/>\n<meta name=\"author\" content=\"La r\u00e9daction\" \/>\n<meta name=\"twitter:card\" content=\"summary_large_image\" \/>\n<meta name=\"twitter:creator\" content=\"@BondyBlogLyon\" \/>\n<meta name=\"twitter:site\" content=\"@bondybloglyon\" \/>\n<script type=\"application\/ld+json\" class=\"yoast-schema-graph\">{\"@context\":\"https:\/\/schema.org\",\"@graph\":[{\"@type\":\"Article\",\"@id\":\"https:\/\/lyonbondyblog.fr\/LBB\/14e-edition-du-festival-lumiere-tim-burton-a-lhonneur\/#article\",\"isPartOf\":{\"@id\":\"https:\/\/lyonbondyblog.fr\/LBB\/14e-edition-du-festival-lumiere-tim-burton-a-lhonneur\/\"},\"author\":{\"name\":\"La r\u00e9daction\",\"@id\":\"https:\/\/lyonbondyblog.fr\/LBB\/#\/schema\/person\/e45f8d27baac75072daa0be50c409b25\"},\"headline\":\"14e \u00e9dition du festival Lumi\u00e8re : Tim Burton \u00e0 l&rsquo;honneur\",\"datePublished\":\"2022-10-12T15:43:48+00:00\",\"dateModified\":\"2022-10-12T15:43:50+00:00\",\"mainEntityOfPage\":{\"@id\":\"https:\/\/lyonbondyblog.fr\/LBB\/14e-edition-du-festival-lumiere-tim-burton-a-lhonneur\/\"},\"wordCount\":1017,\"commentCount\":0,\"publisher\":{\"@id\":\"https:\/\/lyonbondyblog.fr\/LBB\/#organization\"},\"image\":{\"@id\":\"https:\/\/lyonbondyblog.fr\/LBB\/14e-edition-du-festival-lumiere-tim-burton-a-lhonneur\/#primaryimage\"},\"thumbnailUrl\":\"https:\/\/lyonbondyblog.fr\/LBB\/wp-content\/uploads\/2022\/10\/3078493320_f83652c502_k.jpg\",\"keywords\":[\"Cin\u00e9ma\",\"Culture\",\"Festival lumi\u00e8re\",\"lyon\"],\"articleSection\":[\"Lyon\"],\"inLanguage\":\"fr-FR\",\"potentialAction\":[{\"@type\":\"CommentAction\",\"name\":\"Comment\",\"target\":[\"https:\/\/lyonbondyblog.fr\/LBB\/14e-edition-du-festival-lumiere-tim-burton-a-lhonneur\/#respond\"]}]},{\"@type\":\"WebPage\",\"@id\":\"https:\/\/lyonbondyblog.fr\/LBB\/14e-edition-du-festival-lumiere-tim-burton-a-lhonneur\/\",\"url\":\"https:\/\/lyonbondyblog.fr\/LBB\/14e-edition-du-festival-lumiere-tim-burton-a-lhonneur\/\",\"name\":\"14e \u00e9dition du festival Lumi\u00e8re : Tim Burton \u00e0 l'honneur - Lyon Bondy Blog\",\"isPartOf\":{\"@id\":\"https:\/\/lyonbondyblog.fr\/LBB\/#website\"},\"primaryImageOfPage\":{\"@id\":\"https:\/\/lyonbondyblog.fr\/LBB\/14e-edition-du-festival-lumiere-tim-burton-a-lhonneur\/#primaryimage\"},\"image\":{\"@id\":\"https:\/\/lyonbondyblog.fr\/LBB\/14e-edition-du-festival-lumiere-tim-burton-a-lhonneur\/#primaryimage\"},\"thumbnailUrl\":\"https:\/\/lyonbondyblog.fr\/LBB\/wp-content\/uploads\/2022\/10\/3078493320_f83652c502_k.jpg\",\"datePublished\":\"2022-10-12T15:43:48+00:00\",\"dateModified\":\"2022-10-12T15:43:50+00:00\",\"description\":\"Le festival Lumi\u00e8re d\u00e9butera ce samedi 15 octobre, avec la projection de \u00ab\u00a0L\u2019Innocent\u00a0\u00bb de Louis Garrel. Pour sa 14e \u00e9dition, le prix...\",\"inLanguage\":\"fr-FR\",\"potentialAction\":[{\"@type\":\"ReadAction\",\"target\":[\"https:\/\/lyonbondyblog.fr\/LBB\/14e-edition-du-festival-lumiere-tim-burton-a-lhonneur\/\"]}]},{\"@type\":\"ImageObject\",\"inLanguage\":\"fr-FR\",\"@id\":\"https:\/\/lyonbondyblog.fr\/LBB\/14e-edition-du-festival-lumiere-tim-burton-a-lhonneur\/#primaryimage\",\"url\":\"https:\/\/lyonbondyblog.fr\/LBB\/wp-content\/uploads\/2022\/10\/3078493320_f83652c502_k.jpg\",\"contentUrl\":\"https:\/\/lyonbondyblog.fr\/LBB\/wp-content\/uploads\/2022\/10\/3078493320_f83652c502_k.jpg\",\"width\":2048,\"height\":1536},{\"@type\":\"WebSite\",\"@id\":\"https:\/\/lyonbondyblog.fr\/LBB\/#website\",\"url\":\"https:\/\/lyonbondyblog.fr\/LBB\/\",\"name\":\"Lyon Bondy Blog\",\"description\":\"\",\"publisher\":{\"@id\":\"https:\/\/lyonbondyblog.fr\/LBB\/#organization\"},\"potentialAction\":[{\"@type\":\"SearchAction\",\"target\":{\"@type\":\"EntryPoint\",\"urlTemplate\":\"https:\/\/lyonbondyblog.fr\/LBB\/?s={search_term_string}\"},\"query-input\":\"required name=search_term_string\"}],\"inLanguage\":\"fr-FR\"},{\"@type\":\"Organization\",\"@id\":\"https:\/\/lyonbondyblog.fr\/LBB\/#organization\",\"name\":\"LYON BONDY BLOG\",\"url\":\"https:\/\/lyonbondyblog.fr\/LBB\/\",\"logo\":{\"@type\":\"ImageObject\",\"inLanguage\":\"fr-FR\",\"@id\":\"https:\/\/lyonbondyblog.fr\/LBB\/#\/schema\/logo\/image\/\",\"url\":\"http:\/\/lyonbondyblog.fr\/LBB\/wp-content\/uploads\/2014\/10\/logo-portable-144.png\",\"contentUrl\":\"http:\/\/lyonbondyblog.fr\/LBB\/wp-content\/uploads\/2014\/10\/logo-portable-144.png\",\"width\":144,\"height\":123,\"caption\":\"LYON BONDY BLOG\"},\"image\":{\"@id\":\"https:\/\/lyonbondyblog.fr\/LBB\/#\/schema\/logo\/image\/\"},\"sameAs\":[\"https:\/\/www.facebook.com\/lyonbondyblog\",\"https:\/\/x.com\/bondybloglyon\"]},{\"@type\":\"Person\",\"@id\":\"https:\/\/lyonbondyblog.fr\/LBB\/#\/schema\/person\/e45f8d27baac75072daa0be50c409b25\",\"name\":\"La r\u00e9daction\",\"description\":\"Cr\u00e9e en 2008, la r\u00e9daction du Lyon Bondy Blog s'applique \u00e0 proposer une information locale diff\u00e9rente et compl\u00e9mentaire des m\u00e9dias traditionnels.\",\"sameAs\":[\"https:\/\/www.facebook.com\/lyonbondyblog\",\"https:\/\/x.com\/BondyBlogLyon\"],\"url\":\"https:\/\/lyonbondyblog.fr\/LBB\/author\/admin\/\"}]}<\/script>\n<!-- \/ Yoast SEO plugin. -->","yoast_head_json":{"title":"14e \u00e9dition du festival Lumi\u00e8re : Tim Burton \u00e0 l'honneur - Lyon Bondy Blog","description":"Le festival Lumi\u00e8re d\u00e9butera ce samedi 15 octobre, avec la projection de \u00ab\u00a0L\u2019Innocent\u00a0\u00bb de Louis Garrel. Pour sa 14e \u00e9dition, le prix...","robots":{"index":"index","follow":"follow","max-snippet":"max-snippet:-1","max-image-preview":"max-image-preview:large","max-video-preview":"max-video-preview:-1"},"canonical":"https:\/\/lyonbondyblog.fr\/LBB\/14e-edition-du-festival-lumiere-tim-burton-a-lhonneur\/","og_locale":"fr_FR","og_type":"article","og_title":"14e \u00e9dition du festival Lumi\u00e8re : Tim Burton \u00e0 l'honneur - Lyon Bondy Blog","og_description":"Le festival Lumi\u00e8re d\u00e9butera ce samedi 15 octobre, avec la projection de \u00ab\u00a0L\u2019Innocent\u00a0\u00bb de Louis Garrel. Pour sa 14e \u00e9dition, le prix...","og_url":"https:\/\/lyonbondyblog.fr\/LBB\/14e-edition-du-festival-lumiere-tim-burton-a-lhonneur\/","og_site_name":"Lyon Bondy Blog","article_publisher":"https:\/\/www.facebook.com\/lyonbondyblog","article_author":"https:\/\/www.facebook.com\/lyonbondyblog","article_published_time":"2022-10-12T15:43:48+00:00","article_modified_time":"2022-10-12T15:43:50+00:00","og_image":[{"width":2048,"height":1536,"url":"https:\/\/lyonbondyblog.fr\/LBB\/wp-content\/uploads\/2022\/10\/3078493320_f83652c502_k.jpg","type":"image\/jpeg"}],"author":"La r\u00e9daction","twitter_card":"summary_large_image","twitter_creator":"@BondyBlogLyon","twitter_site":"@bondybloglyon","schema":{"@context":"https:\/\/schema.org","@graph":[{"@type":"Article","@id":"https:\/\/lyonbondyblog.fr\/LBB\/14e-edition-du-festival-lumiere-tim-burton-a-lhonneur\/#article","isPartOf":{"@id":"https:\/\/lyonbondyblog.fr\/LBB\/14e-edition-du-festival-lumiere-tim-burton-a-lhonneur\/"},"author":{"name":"La r\u00e9daction","@id":"https:\/\/lyonbondyblog.fr\/LBB\/#\/schema\/person\/e45f8d27baac75072daa0be50c409b25"},"headline":"14e \u00e9dition du festival Lumi\u00e8re : Tim Burton \u00e0 l&rsquo;honneur","datePublished":"2022-10-12T15:43:48+00:00","dateModified":"2022-10-12T15:43:50+00:00","mainEntityOfPage":{"@id":"https:\/\/lyonbondyblog.fr\/LBB\/14e-edition-du-festival-lumiere-tim-burton-a-lhonneur\/"},"wordCount":1017,"commentCount":0,"publisher":{"@id":"https:\/\/lyonbondyblog.fr\/LBB\/#organization"},"image":{"@id":"https:\/\/lyonbondyblog.fr\/LBB\/14e-edition-du-festival-lumiere-tim-burton-a-lhonneur\/#primaryimage"},"thumbnailUrl":"https:\/\/lyonbondyblog.fr\/LBB\/wp-content\/uploads\/2022\/10\/3078493320_f83652c502_k.jpg","keywords":["Cin\u00e9ma","Culture","Festival lumi\u00e8re","lyon"],"articleSection":["Lyon"],"inLanguage":"fr-FR","potentialAction":[{"@type":"CommentAction","name":"Comment","target":["https:\/\/lyonbondyblog.fr\/LBB\/14e-edition-du-festival-lumiere-tim-burton-a-lhonneur\/#respond"]}]},{"@type":"WebPage","@id":"https:\/\/lyonbondyblog.fr\/LBB\/14e-edition-du-festival-lumiere-tim-burton-a-lhonneur\/","url":"https:\/\/lyonbondyblog.fr\/LBB\/14e-edition-du-festival-lumiere-tim-burton-a-lhonneur\/","name":"14e \u00e9dition du festival Lumi\u00e8re : Tim Burton \u00e0 l'honneur - Lyon Bondy Blog","isPartOf":{"@id":"https:\/\/lyonbondyblog.fr\/LBB\/#website"},"primaryImageOfPage":{"@id":"https:\/\/lyonbondyblog.fr\/LBB\/14e-edition-du-festival-lumiere-tim-burton-a-lhonneur\/#primaryimage"},"image":{"@id":"https:\/\/lyonbondyblog.fr\/LBB\/14e-edition-du-festival-lumiere-tim-burton-a-lhonneur\/#primaryimage"},"thumbnailUrl":"https:\/\/lyonbondyblog.fr\/LBB\/wp-content\/uploads\/2022\/10\/3078493320_f83652c502_k.jpg","datePublished":"2022-10-12T15:43:48+00:00","dateModified":"2022-10-12T15:43:50+00:00","description":"Le festival Lumi\u00e8re d\u00e9butera ce samedi 15 octobre, avec la projection de \u00ab\u00a0L\u2019Innocent\u00a0\u00bb de Louis Garrel. Pour sa 14e \u00e9dition, le prix...","inLanguage":"fr-FR","potentialAction":[{"@type":"ReadAction","target":["https:\/\/lyonbondyblog.fr\/LBB\/14e-edition-du-festival-lumiere-tim-burton-a-lhonneur\/"]}]},{"@type":"ImageObject","inLanguage":"fr-FR","@id":"https:\/\/lyonbondyblog.fr\/LBB\/14e-edition-du-festival-lumiere-tim-burton-a-lhonneur\/#primaryimage","url":"https:\/\/lyonbondyblog.fr\/LBB\/wp-content\/uploads\/2022\/10\/3078493320_f83652c502_k.jpg","contentUrl":"https:\/\/lyonbondyblog.fr\/LBB\/wp-content\/uploads\/2022\/10\/3078493320_f83652c502_k.jpg","width":2048,"height":1536},{"@type":"WebSite","@id":"https:\/\/lyonbondyblog.fr\/LBB\/#website","url":"https:\/\/lyonbondyblog.fr\/LBB\/","name":"Lyon Bondy Blog","description":"","publisher":{"@id":"https:\/\/lyonbondyblog.fr\/LBB\/#organization"},"potentialAction":[{"@type":"SearchAction","target":{"@type":"EntryPoint","urlTemplate":"https:\/\/lyonbondyblog.fr\/LBB\/?s={search_term_string}"},"query-input":"required name=search_term_string"}],"inLanguage":"fr-FR"},{"@type":"Organization","@id":"https:\/\/lyonbondyblog.fr\/LBB\/#organization","name":"LYON BONDY BLOG","url":"https:\/\/lyonbondyblog.fr\/LBB\/","logo":{"@type":"ImageObject","inLanguage":"fr-FR","@id":"https:\/\/lyonbondyblog.fr\/LBB\/#\/schema\/logo\/image\/","url":"http:\/\/lyonbondyblog.fr\/LBB\/wp-content\/uploads\/2014\/10\/logo-portable-144.png","contentUrl":"http:\/\/lyonbondyblog.fr\/LBB\/wp-content\/uploads\/2014\/10\/logo-portable-144.png","width":144,"height":123,"caption":"LYON BONDY BLOG"},"image":{"@id":"https:\/\/lyonbondyblog.fr\/LBB\/#\/schema\/logo\/image\/"},"sameAs":["https:\/\/www.facebook.com\/lyonbondyblog","https:\/\/x.com\/bondybloglyon"]},{"@type":"Person","@id":"https:\/\/lyonbondyblog.fr\/LBB\/#\/schema\/person\/e45f8d27baac75072daa0be50c409b25","name":"La r\u00e9daction","description":"Cr\u00e9e en 2008, la r\u00e9daction du Lyon Bondy Blog s'applique \u00e0 proposer une information locale diff\u00e9rente et compl\u00e9mentaire des m\u00e9dias traditionnels.","sameAs":["https:\/\/www.facebook.com\/lyonbondyblog","https:\/\/x.com\/BondyBlogLyon"],"url":"https:\/\/lyonbondyblog.fr\/LBB\/author\/admin\/"}]}},"_links":{"self":[{"href":"https:\/\/lyonbondyblog.fr\/LBB\/wp-json\/wp\/v2\/posts\/30968","targetHints":{"allow":["GET"]}}],"collection":[{"href":"https:\/\/lyonbondyblog.fr\/LBB\/wp-json\/wp\/v2\/posts"}],"about":[{"href":"https:\/\/lyonbondyblog.fr\/LBB\/wp-json\/wp\/v2\/types\/post"}],"author":[{"embeddable":true,"href":"https:\/\/lyonbondyblog.fr\/LBB\/wp-json\/wp\/v2\/users\/1"}],"replies":[{"embeddable":true,"href":"https:\/\/lyonbondyblog.fr\/LBB\/wp-json\/wp\/v2\/comments?post=30968"}],"version-history":[{"count":6,"href":"https:\/\/lyonbondyblog.fr\/LBB\/wp-json\/wp\/v2\/posts\/30968\/revisions"}],"predecessor-version":[{"id":30977,"href":"https:\/\/lyonbondyblog.fr\/LBB\/wp-json\/wp\/v2\/posts\/30968\/revisions\/30977"}],"wp:featuredmedia":[{"embeddable":true,"href":"https:\/\/lyonbondyblog.fr\/LBB\/wp-json\/wp\/v2\/media\/30972"}],"wp:attachment":[{"href":"https:\/\/lyonbondyblog.fr\/LBB\/wp-json\/wp\/v2\/media?parent=30968"}],"wp:term":[{"taxonomy":"category","embeddable":true,"href":"https:\/\/lyonbondyblog.fr\/LBB\/wp-json\/wp\/v2\/categories?post=30968"},{"taxonomy":"post_tag","embeddable":true,"href":"https:\/\/lyonbondyblog.fr\/LBB\/wp-json\/wp\/v2\/tags?post=30968"}],"curies":[{"name":"wp","href":"https:\/\/api.w.org\/{rel}","templated":true}]}}