{"id":30965,"date":"2022-10-11T18:24:23","date_gmt":"2022-10-11T16:24:23","guid":{"rendered":"http:\/\/lyonbondyblog.fr\/LBB\/?p=30965"},"modified":"2022-10-11T18:24:26","modified_gmt":"2022-10-11T16:24:26","slug":"entretien-avec-pascal-jacquet-president-de-lasul-vv","status":"publish","type":"post","link":"https:\/\/lyonbondyblog.fr\/LBB\/entretien-avec-pascal-jacquet-president-de-lasul-vv\/","title":{"rendered":"Entretien avec Pascal Jacquet, pr\u00e9sident de l&rsquo;ASUL VV"},"content":{"rendered":"\n<p><strong>Ce mercredi 5 octobre,<a href=\"https:\/\/www.asulvvhandball.com\/\" target=\"_blank\" rel=\"noreferrer noopener\"> l&rsquo;ASUL Vaulx-en-Velin<\/a> pr\u00e9sentait son \u00e9quipe de D2F \u00e0 ses diff\u00e9rents sponsors et partenaires.  L&rsquo;occasion pour eux de revenir sur la transformation du club et le passage de la D2F en <a href=\"https:\/\/ligue-feminine-handball.fr\/\" target=\"_blank\" rel=\"noreferrer noopener\">Ligue F\u00e9minine de Handball (LFH).<\/a> Le Lyon Bondy Blog s&rsquo;est entretenu avec Pascal Jacquet, pr\u00e9sident du club<\/strong>, <strong>sur les diff\u00e9rents enjeux de la restructuration \u00e9conomique et sportive et les ambitions pour la saison. <\/strong><\/p>\n\n\n\n<figure class=\"wp-block-embed is-type-video is-provider-youtube wp-block-embed-youtube wp-embed-aspect-16-9 wp-has-aspect-ratio\"><div class=\"wp-block-embed__wrapper\">\n<iframe loading=\"lazy\" title=\"Entretien avec Pascal Jacquet, pr\u00e9sident de l&#039;ASUL VV\" width=\"1200\" height=\"675\" src=\"https:\/\/www.youtube.com\/embed\/78tQ7xdxemk?feature=oembed\" frameborder=\"0\" allow=\"accelerometer; autoplay; clipboard-write; encrypted-media; gyroscope; picture-in-picture\" allowfullscreen><\/iframe>\n<\/div><\/figure>\n\n\n\n<p class=\"has-text-align-right\"><strong>La r\u00e9daction <\/strong><\/p>\n\n\n\n<p><strong>Retrouvez nos derniers articles ici : <\/strong><\/p>\n\n\n<ul class=\"wp-block-latest-posts__list wp-block-latest-posts\"><li><a class=\"wp-block-latest-posts__post-title\" href=\"https:\/\/lyonbondyblog.fr\/LBB\/le-tribunal-refuse-la-liberation-provisoire-dun-homme-poursuivi-pour-violences-aggravees\/\">Le tribunal refuse la lib\u00e9ration provisoire d\u2019un homme poursuivi pour violences aggrav\u00e9es<\/a><\/li>\n<li><a class=\"wp-block-latest-posts__post-title\" href=\"https:\/\/lyonbondyblog.fr\/LBB\/la-poesie-au-theatre-la-generale-de-la-proposition-musicale-et-litteraire-dalain-klingler\/\">La po\u00e9sie au th\u00e9\u00e2tre\u00a0: la g\u00e9n\u00e9rale de la proposition musicale et litt\u00e9raire d\u2019Alain Klingler<\/a><\/li>\n<li><a class=\"wp-block-latest-posts__post-title\" href=\"https:\/\/lyonbondyblog.fr\/LBB\/culture-allez-faire-un-petit-tour-du-cote-de-venissieux-pour-le-raffut-festival\/\">Culture : Allez faire un petit tour du c\u00f4t\u00e9 de V\u00e9nissieux, pour le raffut festival<\/a><\/li>\n<li><a class=\"wp-block-latest-posts__post-title\" href=\"https:\/\/lyonbondyblog.fr\/LBB\/a-lyon-la-recherche-publique-et-lindustrie-resserrent-leurs-liens\/\">\u00c0 Lyon, la recherche publique et l&rsquo;industrie resserrent leurs liens<\/a><\/li>\n<li><a class=\"wp-block-latest-posts__post-title\" href=\"https:\/\/lyonbondyblog.fr\/LBB\/theatre-la-cabane-de-la-memoire\/\">Th\u00e9\u00e2tre : La cabane de la m\u00e9moire<\/a><\/li>\n<\/ul><!-- AddThis Advanced Settings generic via filter on the_content --><!-- AddThis Share Buttons generic via filter on the_content -->","protected":false},"excerpt":{"rendered":"<p>Ce mercredi 5 octobre, l&rsquo;ASUL Vaulx-en-Velin pr\u00e9sentait son \u00e9quipe de D2F \u00e0 ses diff\u00e9rents sponsors et partenaires. L&rsquo;occasion pour eux de revenir sur la transformation &hellip; <!-- AddThis Advanced Settings generic via filter on wp_trim_excerpt --><!-- AddThis Share Buttons generic via filter on wp_trim_excerpt --><\/p>\n","protected":false},"author":1,"featured_media":30966,"comment_status":"open","ping_status":"open","sticky":true,"template":"","format":"standard","meta":{"_FSMCFIC_featured_image_caption":"","_FSMCFIC_featured_image_nocaption":"","_FSMCFIC_featured_image_hide":"","footnotes":""},"categories":[4],"tags":[2569,28196,654,10,29,635],"class_list":["post-30965","post","type-post","status-publish","format-standard","has-post-thumbnail","hentry","category-lyon","tag-asul-vaulx-en-velin","tag-d2f","tag-handball","tag-lyon-2","tag-sport","tag-vaulx-en-velin"],"yoast_head":"<!-- This site is optimized with the Yoast SEO plugin v22.8 - https:\/\/yoast.com\/wordpress\/plugins\/seo\/ -->\n<title>Entretien avec Pascal Jacquet, pr\u00e9sident de l&#039;ASUL VV - Lyon Bondy Blog<\/title>\n<meta name=\"description\" content=\"Ce mercredi 5 octobre, l&#039;ASUL Vaulx-en-Velin pr\u00e9sentait son \u00e9quipe de D2F \u00e0 ses diff\u00e9rents sponsors et partenaires. L&#039;occasion...\" \/>\n<meta name=\"robots\" content=\"index, follow, max-snippet:-1, max-image-preview:large, max-video-preview:-1\" \/>\n<link rel=\"canonical\" href=\"https:\/\/lyonbondyblog.fr\/LBB\/entretien-avec-pascal-jacquet-president-de-lasul-vv\/\" \/>\n<meta property=\"og:locale\" content=\"fr_FR\" \/>\n<meta property=\"og:type\" content=\"article\" \/>\n<meta property=\"og:title\" content=\"Entretien avec Pascal Jacquet, pr\u00e9sident de l&#039;ASUL VV - Lyon Bondy Blog\" \/>\n<meta property=\"og:description\" content=\"Ce mercredi 5 octobre, l&#039;ASUL Vaulx-en-Velin pr\u00e9sentait son \u00e9quipe de D2F \u00e0 ses diff\u00e9rents sponsors et partenaires. L&#039;occasion...\" \/>\n<meta property=\"og:url\" content=\"https:\/\/lyonbondyblog.fr\/LBB\/entretien-avec-pascal-jacquet-president-de-lasul-vv\/\" \/>\n<meta property=\"og:site_name\" content=\"Lyon Bondy Blog\" \/>\n<meta property=\"article:publisher\" content=\"https:\/\/www.facebook.com\/lyonbondyblog\" \/>\n<meta property=\"article:author\" content=\"https:\/\/www.facebook.com\/lyonbondyblog\" \/>\n<meta property=\"article:published_time\" content=\"2022-10-11T16:24:23+00:00\" \/>\n<meta property=\"article:modified_time\" content=\"2022-10-11T16:24:26+00:00\" \/>\n<meta property=\"og:image\" content=\"https:\/\/lyonbondyblog.fr\/LBB\/wp-content\/uploads\/2022\/10\/entre-coup-itw.png\" \/>\n\t<meta property=\"og:image:width\" content=\"1277\" \/>\n\t<meta property=\"og:image:height\" content=\"720\" \/>\n\t<meta property=\"og:image:type\" content=\"image\/png\" \/>\n<meta name=\"author\" content=\"La r\u00e9daction\" \/>\n<meta name=\"twitter:card\" content=\"summary_large_image\" \/>\n<meta name=\"twitter:creator\" content=\"@BondyBlogLyon\" \/>\n<meta name=\"twitter:site\" content=\"@bondybloglyon\" \/>\n<script type=\"application\/ld+json\" class=\"yoast-schema-graph\">{\"@context\":\"https:\/\/schema.org\",\"@graph\":[{\"@type\":\"Article\",\"@id\":\"https:\/\/lyonbondyblog.fr\/LBB\/entretien-avec-pascal-jacquet-president-de-lasul-vv\/#article\",\"isPartOf\":{\"@id\":\"https:\/\/lyonbondyblog.fr\/LBB\/entretien-avec-pascal-jacquet-president-de-lasul-vv\/\"},\"author\":{\"name\":\"La r\u00e9daction\",\"@id\":\"https:\/\/lyonbondyblog.fr\/LBB\/#\/schema\/person\/e45f8d27baac75072daa0be50c409b25\"},\"headline\":\"Entretien avec Pascal Jacquet, pr\u00e9sident de l&rsquo;ASUL VV\",\"datePublished\":\"2022-10-11T16:24:23+00:00\",\"dateModified\":\"2022-10-11T16:24:26+00:00\",\"mainEntityOfPage\":{\"@id\":\"https:\/\/lyonbondyblog.fr\/LBB\/entretien-avec-pascal-jacquet-president-de-lasul-vv\/\"},\"wordCount\":94,\"commentCount\":0,\"publisher\":{\"@id\":\"https:\/\/lyonbondyblog.fr\/LBB\/#organization\"},\"image\":{\"@id\":\"https:\/\/lyonbondyblog.fr\/LBB\/entretien-avec-pascal-jacquet-president-de-lasul-vv\/#primaryimage\"},\"thumbnailUrl\":\"https:\/\/lyonbondyblog.fr\/LBB\/wp-content\/uploads\/2022\/10\/entre-coup-itw.png\",\"keywords\":[\"ASUL Vaulx-en-Velin\",\"D2F\",\"handball\",\"lyon\",\"sport\",\"Vaulx-en-Velin\"],\"articleSection\":[\"Lyon\"],\"inLanguage\":\"fr-FR\",\"potentialAction\":[{\"@type\":\"CommentAction\",\"name\":\"Comment\",\"target\":[\"https:\/\/lyonbondyblog.fr\/LBB\/entretien-avec-pascal-jacquet-president-de-lasul-vv\/#respond\"]}]},{\"@type\":\"WebPage\",\"@id\":\"https:\/\/lyonbondyblog.fr\/LBB\/entretien-avec-pascal-jacquet-president-de-lasul-vv\/\",\"url\":\"https:\/\/lyonbondyblog.fr\/LBB\/entretien-avec-pascal-jacquet-president-de-lasul-vv\/\",\"name\":\"Entretien avec Pascal Jacquet, pr\u00e9sident de l'ASUL VV - Lyon Bondy Blog\",\"isPartOf\":{\"@id\":\"https:\/\/lyonbondyblog.fr\/LBB\/#website\"},\"primaryImageOfPage\":{\"@id\":\"https:\/\/lyonbondyblog.fr\/LBB\/entretien-avec-pascal-jacquet-president-de-lasul-vv\/#primaryimage\"},\"image\":{\"@id\":\"https:\/\/lyonbondyblog.fr\/LBB\/entretien-avec-pascal-jacquet-president-de-lasul-vv\/#primaryimage\"},\"thumbnailUrl\":\"https:\/\/lyonbondyblog.fr\/LBB\/wp-content\/uploads\/2022\/10\/entre-coup-itw.png\",\"datePublished\":\"2022-10-11T16:24:23+00:00\",\"dateModified\":\"2022-10-11T16:24:26+00:00\",\"description\":\"Ce mercredi 5 octobre, l'ASUL Vaulx-en-Velin pr\u00e9sentait son \u00e9quipe de D2F \u00e0 ses diff\u00e9rents sponsors et partenaires. L'occasion...\",\"inLanguage\":\"fr-FR\",\"potentialAction\":[{\"@type\":\"ReadAction\",\"target\":[\"https:\/\/lyonbondyblog.fr\/LBB\/entretien-avec-pascal-jacquet-president-de-lasul-vv\/\"]}]},{\"@type\":\"ImageObject\",\"inLanguage\":\"fr-FR\",\"@id\":\"https:\/\/lyonbondyblog.fr\/LBB\/entretien-avec-pascal-jacquet-president-de-lasul-vv\/#primaryimage\",\"url\":\"https:\/\/lyonbondyblog.fr\/LBB\/wp-content\/uploads\/2022\/10\/entre-coup-itw.png\",\"contentUrl\":\"https:\/\/lyonbondyblog.fr\/LBB\/wp-content\/uploads\/2022\/10\/entre-coup-itw.png\",\"width\":1277,\"height\":720},{\"@type\":\"WebSite\",\"@id\":\"https:\/\/lyonbondyblog.fr\/LBB\/#website\",\"url\":\"https:\/\/lyonbondyblog.fr\/LBB\/\",\"name\":\"Lyon Bondy Blog\",\"description\":\"\",\"publisher\":{\"@id\":\"https:\/\/lyonbondyblog.fr\/LBB\/#organization\"},\"potentialAction\":[{\"@type\":\"SearchAction\",\"target\":{\"@type\":\"EntryPoint\",\"urlTemplate\":\"https:\/\/lyonbondyblog.fr\/LBB\/?s={search_term_string}\"},\"query-input\":\"required name=search_term_string\"}],\"inLanguage\":\"fr-FR\"},{\"@type\":\"Organization\",\"@id\":\"https:\/\/lyonbondyblog.fr\/LBB\/#organization\",\"name\":\"LYON BONDY BLOG\",\"url\":\"https:\/\/lyonbondyblog.fr\/LBB\/\",\"logo\":{\"@type\":\"ImageObject\",\"inLanguage\":\"fr-FR\",\"@id\":\"https:\/\/lyonbondyblog.fr\/LBB\/#\/schema\/logo\/image\/\",\"url\":\"http:\/\/lyonbondyblog.fr\/LBB\/wp-content\/uploads\/2014\/10\/logo-portable-144.png\",\"contentUrl\":\"http:\/\/lyonbondyblog.fr\/LBB\/wp-content\/uploads\/2014\/10\/logo-portable-144.png\",\"width\":144,\"height\":123,\"caption\":\"LYON BONDY BLOG\"},\"image\":{\"@id\":\"https:\/\/lyonbondyblog.fr\/LBB\/#\/schema\/logo\/image\/\"},\"sameAs\":[\"https:\/\/www.facebook.com\/lyonbondyblog\",\"https:\/\/x.com\/bondybloglyon\"]},{\"@type\":\"Person\",\"@id\":\"https:\/\/lyonbondyblog.fr\/LBB\/#\/schema\/person\/e45f8d27baac75072daa0be50c409b25\",\"name\":\"La r\u00e9daction\",\"description\":\"Cr\u00e9e en 2008, la r\u00e9daction du Lyon Bondy Blog s'applique \u00e0 proposer une information locale diff\u00e9rente et compl\u00e9mentaire des m\u00e9dias traditionnels.\",\"sameAs\":[\"https:\/\/www.facebook.com\/lyonbondyblog\",\"https:\/\/x.com\/BondyBlogLyon\"],\"url\":\"https:\/\/lyonbondyblog.fr\/LBB\/author\/admin\/\"}]}<\/script>\n<!-- \/ Yoast SEO plugin. -->","yoast_head_json":{"title":"Entretien avec Pascal Jacquet, pr\u00e9sident de l'ASUL VV - Lyon Bondy Blog","description":"Ce mercredi 5 octobre, l'ASUL Vaulx-en-Velin pr\u00e9sentait son \u00e9quipe de D2F \u00e0 ses diff\u00e9rents sponsors et partenaires. L'occasion...","robots":{"index":"index","follow":"follow","max-snippet":"max-snippet:-1","max-image-preview":"max-image-preview:large","max-video-preview":"max-video-preview:-1"},"canonical":"https:\/\/lyonbondyblog.fr\/LBB\/entretien-avec-pascal-jacquet-president-de-lasul-vv\/","og_locale":"fr_FR","og_type":"article","og_title":"Entretien avec Pascal Jacquet, pr\u00e9sident de l'ASUL VV - Lyon Bondy Blog","og_description":"Ce mercredi 5 octobre, l'ASUL Vaulx-en-Velin pr\u00e9sentait son \u00e9quipe de D2F \u00e0 ses diff\u00e9rents sponsors et partenaires. L'occasion...","og_url":"https:\/\/lyonbondyblog.fr\/LBB\/entretien-avec-pascal-jacquet-president-de-lasul-vv\/","og_site_name":"Lyon Bondy Blog","article_publisher":"https:\/\/www.facebook.com\/lyonbondyblog","article_author":"https:\/\/www.facebook.com\/lyonbondyblog","article_published_time":"2022-10-11T16:24:23+00:00","article_modified_time":"2022-10-11T16:24:26+00:00","og_image":[{"width":1277,"height":720,"url":"https:\/\/lyonbondyblog.fr\/LBB\/wp-content\/uploads\/2022\/10\/entre-coup-itw.png","type":"image\/png"}],"author":"La r\u00e9daction","twitter_card":"summary_large_image","twitter_creator":"@BondyBlogLyon","twitter_site":"@bondybloglyon","schema":{"@context":"https:\/\/schema.org","@graph":[{"@type":"Article","@id":"https:\/\/lyonbondyblog.fr\/LBB\/entretien-avec-pascal-jacquet-president-de-lasul-vv\/#article","isPartOf":{"@id":"https:\/\/lyonbondyblog.fr\/LBB\/entretien-avec-pascal-jacquet-president-de-lasul-vv\/"},"author":{"name":"La r\u00e9daction","@id":"https:\/\/lyonbondyblog.fr\/LBB\/#\/schema\/person\/e45f8d27baac75072daa0be50c409b25"},"headline":"Entretien avec Pascal Jacquet, pr\u00e9sident de l&rsquo;ASUL VV","datePublished":"2022-10-11T16:24:23+00:00","dateModified":"2022-10-11T16:24:26+00:00","mainEntityOfPage":{"@id":"https:\/\/lyonbondyblog.fr\/LBB\/entretien-avec-pascal-jacquet-president-de-lasul-vv\/"},"wordCount":94,"commentCount":0,"publisher":{"@id":"https:\/\/lyonbondyblog.fr\/LBB\/#organization"},"image":{"@id":"https:\/\/lyonbondyblog.fr\/LBB\/entretien-avec-pascal-jacquet-president-de-lasul-vv\/#primaryimage"},"thumbnailUrl":"https:\/\/lyonbondyblog.fr\/LBB\/wp-content\/uploads\/2022\/10\/entre-coup-itw.png","keywords":["ASUL Vaulx-en-Velin","D2F","handball","lyon","sport","Vaulx-en-Velin"],"articleSection":["Lyon"],"inLanguage":"fr-FR","potentialAction":[{"@type":"CommentAction","name":"Comment","target":["https:\/\/lyonbondyblog.fr\/LBB\/entretien-avec-pascal-jacquet-president-de-lasul-vv\/#respond"]}]},{"@type":"WebPage","@id":"https:\/\/lyonbondyblog.fr\/LBB\/entretien-avec-pascal-jacquet-president-de-lasul-vv\/","url":"https:\/\/lyonbondyblog.fr\/LBB\/entretien-avec-pascal-jacquet-president-de-lasul-vv\/","name":"Entretien avec Pascal Jacquet, pr\u00e9sident de l'ASUL VV - Lyon Bondy Blog","isPartOf":{"@id":"https:\/\/lyonbondyblog.fr\/LBB\/#website"},"primaryImageOfPage":{"@id":"https:\/\/lyonbondyblog.fr\/LBB\/entretien-avec-pascal-jacquet-president-de-lasul-vv\/#primaryimage"},"image":{"@id":"https:\/\/lyonbondyblog.fr\/LBB\/entretien-avec-pascal-jacquet-president-de-lasul-vv\/#primaryimage"},"thumbnailUrl":"https:\/\/lyonbondyblog.fr\/LBB\/wp-content\/uploads\/2022\/10\/entre-coup-itw.png","datePublished":"2022-10-11T16:24:23+00:00","dateModified":"2022-10-11T16:24:26+00:00","description":"Ce mercredi 5 octobre, l'ASUL Vaulx-en-Velin pr\u00e9sentait son \u00e9quipe de D2F \u00e0 ses diff\u00e9rents sponsors et partenaires. L'occasion...","inLanguage":"fr-FR","potentialAction":[{"@type":"ReadAction","target":["https:\/\/lyonbondyblog.fr\/LBB\/entretien-avec-pascal-jacquet-president-de-lasul-vv\/"]}]},{"@type":"ImageObject","inLanguage":"fr-FR","@id":"https:\/\/lyonbondyblog.fr\/LBB\/entretien-avec-pascal-jacquet-president-de-lasul-vv\/#primaryimage","url":"https:\/\/lyonbondyblog.fr\/LBB\/wp-content\/uploads\/2022\/10\/entre-coup-itw.png","contentUrl":"https:\/\/lyonbondyblog.fr\/LBB\/wp-content\/uploads\/2022\/10\/entre-coup-itw.png","width":1277,"height":720},{"@type":"WebSite","@id":"https:\/\/lyonbondyblog.fr\/LBB\/#website","url":"https:\/\/lyonbondyblog.fr\/LBB\/","name":"Lyon Bondy Blog","description":"","publisher":{"@id":"https:\/\/lyonbondyblog.fr\/LBB\/#organization"},"potentialAction":[{"@type":"SearchAction","target":{"@type":"EntryPoint","urlTemplate":"https:\/\/lyonbondyblog.fr\/LBB\/?s={search_term_string}"},"query-input":"required name=search_term_string"}],"inLanguage":"fr-FR"},{"@type":"Organization","@id":"https:\/\/lyonbondyblog.fr\/LBB\/#organization","name":"LYON BONDY BLOG","url":"https:\/\/lyonbondyblog.fr\/LBB\/","logo":{"@type":"ImageObject","inLanguage":"fr-FR","@id":"https:\/\/lyonbondyblog.fr\/LBB\/#\/schema\/logo\/image\/","url":"http:\/\/lyonbondyblog.fr\/LBB\/wp-content\/uploads\/2014\/10\/logo-portable-144.png","contentUrl":"http:\/\/lyonbondyblog.fr\/LBB\/wp-content\/uploads\/2014\/10\/logo-portable-144.png","width":144,"height":123,"caption":"LYON BONDY BLOG"},"image":{"@id":"https:\/\/lyonbondyblog.fr\/LBB\/#\/schema\/logo\/image\/"},"sameAs":["https:\/\/www.facebook.com\/lyonbondyblog","https:\/\/x.com\/bondybloglyon"]},{"@type":"Person","@id":"https:\/\/lyonbondyblog.fr\/LBB\/#\/schema\/person\/e45f8d27baac75072daa0be50c409b25","name":"La r\u00e9daction","description":"Cr\u00e9e en 2008, la r\u00e9daction du Lyon Bondy Blog s'applique \u00e0 proposer une information locale diff\u00e9rente et compl\u00e9mentaire des m\u00e9dias traditionnels.","sameAs":["https:\/\/www.facebook.com\/lyonbondyblog","https:\/\/x.com\/BondyBlogLyon"],"url":"https:\/\/lyonbondyblog.fr\/LBB\/author\/admin\/"}]}},"_links":{"self":[{"href":"https:\/\/lyonbondyblog.fr\/LBB\/wp-json\/wp\/v2\/posts\/30965","targetHints":{"allow":["GET"]}}],"collection":[{"href":"https:\/\/lyonbondyblog.fr\/LBB\/wp-json\/wp\/v2\/posts"}],"about":[{"href":"https:\/\/lyonbondyblog.fr\/LBB\/wp-json\/wp\/v2\/types\/post"}],"author":[{"embeddable":true,"href":"https:\/\/lyonbondyblog.fr\/LBB\/wp-json\/wp\/v2\/users\/1"}],"replies":[{"embeddable":true,"href":"https:\/\/lyonbondyblog.fr\/LBB\/wp-json\/wp\/v2\/comments?post=30965"}],"version-history":[{"count":1,"href":"https:\/\/lyonbondyblog.fr\/LBB\/wp-json\/wp\/v2\/posts\/30965\/revisions"}],"predecessor-version":[{"id":30967,"href":"https:\/\/lyonbondyblog.fr\/LBB\/wp-json\/wp\/v2\/posts\/30965\/revisions\/30967"}],"wp:featuredmedia":[{"embeddable":true,"href":"https:\/\/lyonbondyblog.fr\/LBB\/wp-json\/wp\/v2\/media\/30966"}],"wp:attachment":[{"href":"https:\/\/lyonbondyblog.fr\/LBB\/wp-json\/wp\/v2\/media?parent=30965"}],"wp:term":[{"taxonomy":"category","embeddable":true,"href":"https:\/\/lyonbondyblog.fr\/LBB\/wp-json\/wp\/v2\/categories?post=30965"},{"taxonomy":"post_tag","embeddable":true,"href":"https:\/\/lyonbondyblog.fr\/LBB\/wp-json\/wp\/v2\/tags?post=30965"}],"curies":[{"name":"wp","href":"https:\/\/api.w.org\/{rel}","templated":true}]}}