{"id":30954,"date":"2022-10-11T11:01:35","date_gmt":"2022-10-11T09:01:35","guid":{"rendered":"http:\/\/lyonbondyblog.fr\/LBB\/?p=30954"},"modified":"2022-10-11T11:01:38","modified_gmt":"2022-10-11T09:01:38","slug":"lefs-a-besoin-de-dons-de-sang-pour-remplir-les-reserves","status":"publish","type":"post","link":"https:\/\/lyonbondyblog.fr\/LBB\/lefs-a-besoin-de-dons-de-sang-pour-remplir-les-reserves\/","title":{"rendered":"L&rsquo;EFS a besoin de dons de sang pour remplir les r\u00e9serves"},"content":{"rendered":"\n<p><strong>Pour la 6e ann\u00e9e cons\u00e9cutive l\u2019Etablissement Fran\u00e7ais du Sang (EFS) organise une collecte de sang sur le campus de la Doua. Du 11 au 13 octobre, de 9h \u00e0 14h puis de 15h30 \u00e0 19h, vous pourrez donner votre sang dans les locaux universitaires.<\/strong><\/p>\n\n\n\n<p>Nomm\u00e9 \u00ab Sang Pour Sang Campus \u00bb cette op\u00e9ration s\u2019adresse en premier lieu aux \u00e9tudiants, mais appel tout le monde \u00e0 participer. Si les ann\u00e9es pr\u00e9c\u00e9dentes ont \u00e9t\u00e9 couronn\u00e9es de succ\u00e8s, celle-l\u00e0 doit l\u2019\u00eatre aussi. 1200 donneurs sont attendus sur trois jours ce qui en fait l\u2019une des plus importantes collectes de dons en milieu \u00e9tudiant \u00e0 Lyon. Chaque ann\u00e9e cette collecte se fait en partenariat avec le Lions Club International et l\u2019Universit\u00e9 Lyon 1 ainsi que plusieurs autres \u00e9coles du Campus. Des partenaires priv\u00e9s sont \u00e9galement pr\u00e9sents \u00e0 l\u2019instar d\u2019ALDI, Sogeres et le SYTRAL.<\/p>\n\n\n\n<h2 class=\"wp-block-heading\"><strong>Les r\u00e9serves sont vides<\/strong><\/h2>\n\n\n\n<p>Une collecte particuli\u00e8rement importante pour l\u2019EFS. En effet, les niveaux de r\u00e9serves en sang s\u2019amenuisent et ce malgr\u00e9 des appels au don durant tout l\u2019\u00e9t\u00e9. En moyenne 10 000 dons de sang sont n\u00e9cessaires au quotidien pour soigner les malades.<\/p>\n\n\n\n<p>Pour rappel il n\u2019existe aucun traitement ni m\u00e9dicament pouvant remplacer, substituer les produits sanguins. Une mobilisation indispensable pour soigner chaque ann\u00e9e un million de malades.<\/p>\n\n\n\n<h2 class=\"wp-block-heading\"><strong>Si vous souhaitez donner votre sang&nbsp;:<\/strong><\/h2>\n\n\n\n<p><strong><span class=\"has-inline-color has-vivid-red-color\">La collecte aura lieu sur le campus de la Doua du 11 au 13 octobre de 9h \u00e0 14h ou de 15h30 \u00e0 19h. Pour prendre rendez-vous c&rsquo;est ici : <\/span><\/strong><a href=\"https:\/\/mon-rdv-dondesang.efs.sante.fr\/collecte\/59008\/sang\/11-10-2022\" target=\"_blank\" rel=\"noreferrer noopener\">SANG POUR SANG CAMPUS &#8211; LA DOUA | Mon RDV Don de Sang (sante.fr)<\/a><\/p>\n\n\n\n<p><strong><span class=\"has-inline-color has-black-color\">D&rsquo;autres lieux permanents sont \u00e0 votre disposition : <\/span><\/strong><\/p>\n\n\n\n<div class=\"wp-block-image\"><figure class=\"aligncenter size-full\"><img loading=\"lazy\" decoding=\"async\" width=\"948\" height=\"341\" src=\"https:\/\/lyonbondyblog.fr\/LBB\/wp-content\/uploads\/2022\/10\/don-du-sang.png\" alt=\"\" class=\"wp-image-30955\" srcset=\"https:\/\/lyonbondyblog.fr\/LBB\/wp-content\/uploads\/2022\/10\/don-du-sang.png 948w, https:\/\/lyonbondyblog.fr\/LBB\/wp-content\/uploads\/2022\/10\/don-du-sang-768x276.png 768w\" sizes=\"auto, (max-width: 948px) 100vw, 948px\" \/><\/figure><\/div>\n\n\n\n<p class=\"has-text-align-right\"><strong>La r\u00e9daction <\/strong><\/p>\n\n\n\n<p><strong>Retrouvez nos derniers articles ici : <\/strong><\/p>\n\n\n<ul class=\"wp-block-latest-posts__list wp-block-latest-posts\"><li><a class=\"wp-block-latest-posts__post-title\" href=\"https:\/\/lyonbondyblog.fr\/LBB\/jeunes-davenirs-la-jeunesse-a-venir\/\">Jeunes d\u2019Avenirs\u00a0: la jeunesse \u00e0 venir<\/a><\/li>\n<li><a class=\"wp-block-latest-posts__post-title\" href=\"https:\/\/lyonbondyblog.fr\/LBB\/le-tribunal-refuse-la-liberation-provisoire-dun-homme-poursuivi-pour-violences-aggravees\/\">Le tribunal refuse la lib\u00e9ration provisoire d\u2019un homme poursuivi pour violences aggrav\u00e9es<\/a><\/li>\n<li><a class=\"wp-block-latest-posts__post-title\" href=\"https:\/\/lyonbondyblog.fr\/LBB\/la-poesie-au-theatre-la-generale-de-la-proposition-musicale-et-litteraire-dalain-klingler\/\">La po\u00e9sie au th\u00e9\u00e2tre\u00a0: la g\u00e9n\u00e9rale de la proposition musicale et litt\u00e9raire d\u2019Alain Klingler<\/a><\/li>\n<li><a class=\"wp-block-latest-posts__post-title\" href=\"https:\/\/lyonbondyblog.fr\/LBB\/culture-allez-faire-un-petit-tour-du-cote-de-venissieux-pour-le-raffut-festival\/\">Culture : Allez faire un petit tour du c\u00f4t\u00e9 de V\u00e9nissieux, pour le raffut festival<\/a><\/li>\n<li><a class=\"wp-block-latest-posts__post-title\" href=\"https:\/\/lyonbondyblog.fr\/LBB\/a-lyon-la-recherche-publique-et-lindustrie-resserrent-leurs-liens\/\">\u00c0 Lyon, la recherche publique et l&rsquo;industrie resserrent leurs liens<\/a><\/li>\n<\/ul><!-- AddThis Advanced Settings generic via filter on the_content --><!-- AddThis Share Buttons generic via filter on the_content -->","protected":false},"excerpt":{"rendered":"<p>Pour la 6e ann\u00e9e cons\u00e9cutive l\u2019Etablissement Fran\u00e7ais du Sang (EFS) organise une collecte de sang sur le campus de la Doua. Du 11 au 13 &hellip; <!-- AddThis Advanced Settings generic via filter on wp_trim_excerpt --><!-- AddThis Share Buttons generic via filter on wp_trim_excerpt --><\/p>\n","protected":false},"author":1,"featured_media":30963,"comment_status":"open","ping_status":"open","sticky":true,"template":"","format":"standard","meta":{"_FSMCFIC_featured_image_caption":"","_FSMCFIC_featured_image_nocaption":"","_FSMCFIC_featured_image_hide":"","footnotes":""},"categories":[4],"tags":[28230,28232,28231,10,3884],"class_list":["post-30954","post","type-post","status-publish","format-standard","has-post-thumbnail","hentry","category-lyon","tag-don-du-sang","tag-efs","tag-la-doua","tag-lyon-2","tag-universite"],"yoast_head":"<!-- This site is optimized with the Yoast SEO plugin v22.8 - https:\/\/yoast.com\/wordpress\/plugins\/seo\/ -->\n<title>L&#039;EFS a besoin de dons de sang pour remplir les r\u00e9serves - Lyon Bondy Blog<\/title>\n<meta name=\"description\" content=\"Pour la 6e ann\u00e9e cons\u00e9cutive l\u2019Etablissement Fran\u00e7ais du Sang (EFS) organise une collecte de sang sur le campus de la Doua. Du 11 au...\" \/>\n<meta name=\"robots\" content=\"index, follow, max-snippet:-1, max-image-preview:large, max-video-preview:-1\" \/>\n<link rel=\"canonical\" href=\"https:\/\/lyonbondyblog.fr\/LBB\/lefs-a-besoin-de-dons-de-sang-pour-remplir-les-reserves\/\" \/>\n<meta property=\"og:locale\" content=\"fr_FR\" \/>\n<meta property=\"og:type\" content=\"article\" \/>\n<meta property=\"og:title\" content=\"L&#039;EFS a besoin de dons de sang pour remplir les r\u00e9serves - Lyon Bondy Blog\" \/>\n<meta property=\"og:description\" content=\"Pour la 6e ann\u00e9e cons\u00e9cutive l\u2019Etablissement Fran\u00e7ais du Sang (EFS) organise une collecte de sang sur le campus de la Doua. Du 11 au...\" \/>\n<meta property=\"og:url\" content=\"https:\/\/lyonbondyblog.fr\/LBB\/lefs-a-besoin-de-dons-de-sang-pour-remplir-les-reserves\/\" \/>\n<meta property=\"og:site_name\" content=\"Lyon Bondy Blog\" \/>\n<meta property=\"article:publisher\" content=\"https:\/\/www.facebook.com\/lyonbondyblog\" \/>\n<meta property=\"article:author\" content=\"https:\/\/www.facebook.com\/lyonbondyblog\" \/>\n<meta property=\"article:published_time\" content=\"2022-10-11T09:01:35+00:00\" \/>\n<meta property=\"article:modified_time\" content=\"2022-10-11T09:01:38+00:00\" \/>\n<meta property=\"og:image\" content=\"https:\/\/lyonbondyblog.fr\/LBB\/wp-content\/uploads\/2022\/10\/etlDataImage5ac347bc227b2.jpg\" \/>\n\t<meta property=\"og:image:width\" content=\"1500\" \/>\n\t<meta property=\"og:image:height\" content=\"843\" \/>\n\t<meta property=\"og:image:type\" content=\"image\/jpeg\" \/>\n<meta name=\"author\" content=\"La r\u00e9daction\" \/>\n<meta name=\"twitter:card\" content=\"summary_large_image\" \/>\n<meta name=\"twitter:creator\" content=\"@BondyBlogLyon\" \/>\n<meta name=\"twitter:site\" content=\"@bondybloglyon\" \/>\n<script type=\"application\/ld+json\" class=\"yoast-schema-graph\">{\"@context\":\"https:\/\/schema.org\",\"@graph\":[{\"@type\":\"Article\",\"@id\":\"https:\/\/lyonbondyblog.fr\/LBB\/lefs-a-besoin-de-dons-de-sang-pour-remplir-les-reserves\/#article\",\"isPartOf\":{\"@id\":\"https:\/\/lyonbondyblog.fr\/LBB\/lefs-a-besoin-de-dons-de-sang-pour-remplir-les-reserves\/\"},\"author\":{\"name\":\"La r\u00e9daction\",\"@id\":\"https:\/\/lyonbondyblog.fr\/LBB\/#\/schema\/person\/e45f8d27baac75072daa0be50c409b25\"},\"headline\":\"L&rsquo;EFS a besoin de dons de sang pour remplir les r\u00e9serves\",\"datePublished\":\"2022-10-11T09:01:35+00:00\",\"dateModified\":\"2022-10-11T09:01:38+00:00\",\"mainEntityOfPage\":{\"@id\":\"https:\/\/lyonbondyblog.fr\/LBB\/lefs-a-besoin-de-dons-de-sang-pour-remplir-les-reserves\/\"},\"wordCount\":296,\"commentCount\":0,\"publisher\":{\"@id\":\"https:\/\/lyonbondyblog.fr\/LBB\/#organization\"},\"image\":{\"@id\":\"https:\/\/lyonbondyblog.fr\/LBB\/lefs-a-besoin-de-dons-de-sang-pour-remplir-les-reserves\/#primaryimage\"},\"thumbnailUrl\":\"https:\/\/lyonbondyblog.fr\/LBB\/wp-content\/uploads\/2022\/10\/etlDataImage5ac347bc227b2.jpg\",\"keywords\":[\"don du sang\",\"EFS\",\"la DOUA\",\"lyon\",\"universit\u00e9\"],\"articleSection\":[\"Lyon\"],\"inLanguage\":\"fr-FR\",\"potentialAction\":[{\"@type\":\"CommentAction\",\"name\":\"Comment\",\"target\":[\"https:\/\/lyonbondyblog.fr\/LBB\/lefs-a-besoin-de-dons-de-sang-pour-remplir-les-reserves\/#respond\"]}]},{\"@type\":\"WebPage\",\"@id\":\"https:\/\/lyonbondyblog.fr\/LBB\/lefs-a-besoin-de-dons-de-sang-pour-remplir-les-reserves\/\",\"url\":\"https:\/\/lyonbondyblog.fr\/LBB\/lefs-a-besoin-de-dons-de-sang-pour-remplir-les-reserves\/\",\"name\":\"L'EFS a besoin de dons de sang pour remplir les r\u00e9serves - Lyon Bondy Blog\",\"isPartOf\":{\"@id\":\"https:\/\/lyonbondyblog.fr\/LBB\/#website\"},\"primaryImageOfPage\":{\"@id\":\"https:\/\/lyonbondyblog.fr\/LBB\/lefs-a-besoin-de-dons-de-sang-pour-remplir-les-reserves\/#primaryimage\"},\"image\":{\"@id\":\"https:\/\/lyonbondyblog.fr\/LBB\/lefs-a-besoin-de-dons-de-sang-pour-remplir-les-reserves\/#primaryimage\"},\"thumbnailUrl\":\"https:\/\/lyonbondyblog.fr\/LBB\/wp-content\/uploads\/2022\/10\/etlDataImage5ac347bc227b2.jpg\",\"datePublished\":\"2022-10-11T09:01:35+00:00\",\"dateModified\":\"2022-10-11T09:01:38+00:00\",\"description\":\"Pour la 6e ann\u00e9e cons\u00e9cutive l\u2019Etablissement Fran\u00e7ais du Sang (EFS) organise une collecte de sang sur le campus de la Doua. Du 11 au...\",\"inLanguage\":\"fr-FR\",\"potentialAction\":[{\"@type\":\"ReadAction\",\"target\":[\"https:\/\/lyonbondyblog.fr\/LBB\/lefs-a-besoin-de-dons-de-sang-pour-remplir-les-reserves\/\"]}]},{\"@type\":\"ImageObject\",\"inLanguage\":\"fr-FR\",\"@id\":\"https:\/\/lyonbondyblog.fr\/LBB\/lefs-a-besoin-de-dons-de-sang-pour-remplir-les-reserves\/#primaryimage\",\"url\":\"https:\/\/lyonbondyblog.fr\/LBB\/wp-content\/uploads\/2022\/10\/etlDataImage5ac347bc227b2.jpg\",\"contentUrl\":\"https:\/\/lyonbondyblog.fr\/LBB\/wp-content\/uploads\/2022\/10\/etlDataImage5ac347bc227b2.jpg\",\"width\":1500,\"height\":843},{\"@type\":\"WebSite\",\"@id\":\"https:\/\/lyonbondyblog.fr\/LBB\/#website\",\"url\":\"https:\/\/lyonbondyblog.fr\/LBB\/\",\"name\":\"Lyon Bondy Blog\",\"description\":\"\",\"publisher\":{\"@id\":\"https:\/\/lyonbondyblog.fr\/LBB\/#organization\"},\"potentialAction\":[{\"@type\":\"SearchAction\",\"target\":{\"@type\":\"EntryPoint\",\"urlTemplate\":\"https:\/\/lyonbondyblog.fr\/LBB\/?s={search_term_string}\"},\"query-input\":\"required name=search_term_string\"}],\"inLanguage\":\"fr-FR\"},{\"@type\":\"Organization\",\"@id\":\"https:\/\/lyonbondyblog.fr\/LBB\/#organization\",\"name\":\"LYON BONDY BLOG\",\"url\":\"https:\/\/lyonbondyblog.fr\/LBB\/\",\"logo\":{\"@type\":\"ImageObject\",\"inLanguage\":\"fr-FR\",\"@id\":\"https:\/\/lyonbondyblog.fr\/LBB\/#\/schema\/logo\/image\/\",\"url\":\"http:\/\/lyonbondyblog.fr\/LBB\/wp-content\/uploads\/2014\/10\/logo-portable-144.png\",\"contentUrl\":\"http:\/\/lyonbondyblog.fr\/LBB\/wp-content\/uploads\/2014\/10\/logo-portable-144.png\",\"width\":144,\"height\":123,\"caption\":\"LYON BONDY BLOG\"},\"image\":{\"@id\":\"https:\/\/lyonbondyblog.fr\/LBB\/#\/schema\/logo\/image\/\"},\"sameAs\":[\"https:\/\/www.facebook.com\/lyonbondyblog\",\"https:\/\/x.com\/bondybloglyon\"]},{\"@type\":\"Person\",\"@id\":\"https:\/\/lyonbondyblog.fr\/LBB\/#\/schema\/person\/e45f8d27baac75072daa0be50c409b25\",\"name\":\"La r\u00e9daction\",\"description\":\"Cr\u00e9e en 2008, la r\u00e9daction du Lyon Bondy Blog s'applique \u00e0 proposer une information locale diff\u00e9rente et compl\u00e9mentaire des m\u00e9dias traditionnels.\",\"sameAs\":[\"https:\/\/www.facebook.com\/lyonbondyblog\",\"https:\/\/x.com\/BondyBlogLyon\"],\"url\":\"https:\/\/lyonbondyblog.fr\/LBB\/author\/admin\/\"}]}<\/script>\n<!-- \/ Yoast SEO plugin. -->","yoast_head_json":{"title":"L'EFS a besoin de dons de sang pour remplir les r\u00e9serves - Lyon Bondy Blog","description":"Pour la 6e ann\u00e9e cons\u00e9cutive l\u2019Etablissement Fran\u00e7ais du Sang (EFS) organise une collecte de sang sur le campus de la Doua. Du 11 au...","robots":{"index":"index","follow":"follow","max-snippet":"max-snippet:-1","max-image-preview":"max-image-preview:large","max-video-preview":"max-video-preview:-1"},"canonical":"https:\/\/lyonbondyblog.fr\/LBB\/lefs-a-besoin-de-dons-de-sang-pour-remplir-les-reserves\/","og_locale":"fr_FR","og_type":"article","og_title":"L'EFS a besoin de dons de sang pour remplir les r\u00e9serves - Lyon Bondy Blog","og_description":"Pour la 6e ann\u00e9e cons\u00e9cutive l\u2019Etablissement Fran\u00e7ais du Sang (EFS) organise une collecte de sang sur le campus de la Doua. Du 11 au...","og_url":"https:\/\/lyonbondyblog.fr\/LBB\/lefs-a-besoin-de-dons-de-sang-pour-remplir-les-reserves\/","og_site_name":"Lyon Bondy Blog","article_publisher":"https:\/\/www.facebook.com\/lyonbondyblog","article_author":"https:\/\/www.facebook.com\/lyonbondyblog","article_published_time":"2022-10-11T09:01:35+00:00","article_modified_time":"2022-10-11T09:01:38+00:00","og_image":[{"width":1500,"height":843,"url":"https:\/\/lyonbondyblog.fr\/LBB\/wp-content\/uploads\/2022\/10\/etlDataImage5ac347bc227b2.jpg","type":"image\/jpeg"}],"author":"La r\u00e9daction","twitter_card":"summary_large_image","twitter_creator":"@BondyBlogLyon","twitter_site":"@bondybloglyon","schema":{"@context":"https:\/\/schema.org","@graph":[{"@type":"Article","@id":"https:\/\/lyonbondyblog.fr\/LBB\/lefs-a-besoin-de-dons-de-sang-pour-remplir-les-reserves\/#article","isPartOf":{"@id":"https:\/\/lyonbondyblog.fr\/LBB\/lefs-a-besoin-de-dons-de-sang-pour-remplir-les-reserves\/"},"author":{"name":"La r\u00e9daction","@id":"https:\/\/lyonbondyblog.fr\/LBB\/#\/schema\/person\/e45f8d27baac75072daa0be50c409b25"},"headline":"L&rsquo;EFS a besoin de dons de sang pour remplir les r\u00e9serves","datePublished":"2022-10-11T09:01:35+00:00","dateModified":"2022-10-11T09:01:38+00:00","mainEntityOfPage":{"@id":"https:\/\/lyonbondyblog.fr\/LBB\/lefs-a-besoin-de-dons-de-sang-pour-remplir-les-reserves\/"},"wordCount":296,"commentCount":0,"publisher":{"@id":"https:\/\/lyonbondyblog.fr\/LBB\/#organization"},"image":{"@id":"https:\/\/lyonbondyblog.fr\/LBB\/lefs-a-besoin-de-dons-de-sang-pour-remplir-les-reserves\/#primaryimage"},"thumbnailUrl":"https:\/\/lyonbondyblog.fr\/LBB\/wp-content\/uploads\/2022\/10\/etlDataImage5ac347bc227b2.jpg","keywords":["don du sang","EFS","la DOUA","lyon","universit\u00e9"],"articleSection":["Lyon"],"inLanguage":"fr-FR","potentialAction":[{"@type":"CommentAction","name":"Comment","target":["https:\/\/lyonbondyblog.fr\/LBB\/lefs-a-besoin-de-dons-de-sang-pour-remplir-les-reserves\/#respond"]}]},{"@type":"WebPage","@id":"https:\/\/lyonbondyblog.fr\/LBB\/lefs-a-besoin-de-dons-de-sang-pour-remplir-les-reserves\/","url":"https:\/\/lyonbondyblog.fr\/LBB\/lefs-a-besoin-de-dons-de-sang-pour-remplir-les-reserves\/","name":"L'EFS a besoin de dons de sang pour remplir les r\u00e9serves - Lyon Bondy Blog","isPartOf":{"@id":"https:\/\/lyonbondyblog.fr\/LBB\/#website"},"primaryImageOfPage":{"@id":"https:\/\/lyonbondyblog.fr\/LBB\/lefs-a-besoin-de-dons-de-sang-pour-remplir-les-reserves\/#primaryimage"},"image":{"@id":"https:\/\/lyonbondyblog.fr\/LBB\/lefs-a-besoin-de-dons-de-sang-pour-remplir-les-reserves\/#primaryimage"},"thumbnailUrl":"https:\/\/lyonbondyblog.fr\/LBB\/wp-content\/uploads\/2022\/10\/etlDataImage5ac347bc227b2.jpg","datePublished":"2022-10-11T09:01:35+00:00","dateModified":"2022-10-11T09:01:38+00:00","description":"Pour la 6e ann\u00e9e cons\u00e9cutive l\u2019Etablissement Fran\u00e7ais du Sang (EFS) organise une collecte de sang sur le campus de la Doua. Du 11 au...","inLanguage":"fr-FR","potentialAction":[{"@type":"ReadAction","target":["https:\/\/lyonbondyblog.fr\/LBB\/lefs-a-besoin-de-dons-de-sang-pour-remplir-les-reserves\/"]}]},{"@type":"ImageObject","inLanguage":"fr-FR","@id":"https:\/\/lyonbondyblog.fr\/LBB\/lefs-a-besoin-de-dons-de-sang-pour-remplir-les-reserves\/#primaryimage","url":"https:\/\/lyonbondyblog.fr\/LBB\/wp-content\/uploads\/2022\/10\/etlDataImage5ac347bc227b2.jpg","contentUrl":"https:\/\/lyonbondyblog.fr\/LBB\/wp-content\/uploads\/2022\/10\/etlDataImage5ac347bc227b2.jpg","width":1500,"height":843},{"@type":"WebSite","@id":"https:\/\/lyonbondyblog.fr\/LBB\/#website","url":"https:\/\/lyonbondyblog.fr\/LBB\/","name":"Lyon Bondy Blog","description":"","publisher":{"@id":"https:\/\/lyonbondyblog.fr\/LBB\/#organization"},"potentialAction":[{"@type":"SearchAction","target":{"@type":"EntryPoint","urlTemplate":"https:\/\/lyonbondyblog.fr\/LBB\/?s={search_term_string}"},"query-input":"required name=search_term_string"}],"inLanguage":"fr-FR"},{"@type":"Organization","@id":"https:\/\/lyonbondyblog.fr\/LBB\/#organization","name":"LYON BONDY BLOG","url":"https:\/\/lyonbondyblog.fr\/LBB\/","logo":{"@type":"ImageObject","inLanguage":"fr-FR","@id":"https:\/\/lyonbondyblog.fr\/LBB\/#\/schema\/logo\/image\/","url":"http:\/\/lyonbondyblog.fr\/LBB\/wp-content\/uploads\/2014\/10\/logo-portable-144.png","contentUrl":"http:\/\/lyonbondyblog.fr\/LBB\/wp-content\/uploads\/2014\/10\/logo-portable-144.png","width":144,"height":123,"caption":"LYON BONDY BLOG"},"image":{"@id":"https:\/\/lyonbondyblog.fr\/LBB\/#\/schema\/logo\/image\/"},"sameAs":["https:\/\/www.facebook.com\/lyonbondyblog","https:\/\/x.com\/bondybloglyon"]},{"@type":"Person","@id":"https:\/\/lyonbondyblog.fr\/LBB\/#\/schema\/person\/e45f8d27baac75072daa0be50c409b25","name":"La r\u00e9daction","description":"Cr\u00e9e en 2008, la r\u00e9daction du Lyon Bondy Blog s'applique \u00e0 proposer une information locale diff\u00e9rente et compl\u00e9mentaire des m\u00e9dias traditionnels.","sameAs":["https:\/\/www.facebook.com\/lyonbondyblog","https:\/\/x.com\/BondyBlogLyon"],"url":"https:\/\/lyonbondyblog.fr\/LBB\/author\/admin\/"}]}},"_links":{"self":[{"href":"https:\/\/lyonbondyblog.fr\/LBB\/wp-json\/wp\/v2\/posts\/30954","targetHints":{"allow":["GET"]}}],"collection":[{"href":"https:\/\/lyonbondyblog.fr\/LBB\/wp-json\/wp\/v2\/posts"}],"about":[{"href":"https:\/\/lyonbondyblog.fr\/LBB\/wp-json\/wp\/v2\/types\/post"}],"author":[{"embeddable":true,"href":"https:\/\/lyonbondyblog.fr\/LBB\/wp-json\/wp\/v2\/users\/1"}],"replies":[{"embeddable":true,"href":"https:\/\/lyonbondyblog.fr\/LBB\/wp-json\/wp\/v2\/comments?post=30954"}],"version-history":[{"count":3,"href":"https:\/\/lyonbondyblog.fr\/LBB\/wp-json\/wp\/v2\/posts\/30954\/revisions"}],"predecessor-version":[{"id":30961,"href":"https:\/\/lyonbondyblog.fr\/LBB\/wp-json\/wp\/v2\/posts\/30954\/revisions\/30961"}],"wp:featuredmedia":[{"embeddable":true,"href":"https:\/\/lyonbondyblog.fr\/LBB\/wp-json\/wp\/v2\/media\/30963"}],"wp:attachment":[{"href":"https:\/\/lyonbondyblog.fr\/LBB\/wp-json\/wp\/v2\/media?parent=30954"}],"wp:term":[{"taxonomy":"category","embeddable":true,"href":"https:\/\/lyonbondyblog.fr\/LBB\/wp-json\/wp\/v2\/categories?post=30954"},{"taxonomy":"post_tag","embeddable":true,"href":"https:\/\/lyonbondyblog.fr\/LBB\/wp-json\/wp\/v2\/tags?post=30954"}],"curies":[{"name":"wp","href":"https:\/\/api.w.org\/{rel}","templated":true}]}}