{"id":30893,"date":"2022-09-25T17:34:44","date_gmt":"2022-09-25T15:34:44","guid":{"rendered":"http:\/\/lyonbondyblog.fr\/LBB\/?p=30893"},"modified":"2022-10-03T12:24:19","modified_gmt":"2022-10-03T10:24:19","slug":"compte-rendu-d2f-handball-en-10-minutes-une-premiere-victoire-pour-lasul","status":"publish","type":"post","link":"https:\/\/lyonbondyblog.fr\/LBB\/compte-rendu-d2f-handball-en-10-minutes-une-premiere-victoire-pour-lasul\/","title":{"rendered":"Compte-rendu D2F Handball : En 10 minutes, une premi\u00e8re victoire pour l\u2019ASUL"},"content":{"rendered":"\n<p><strong>Ce samedi 24 septembre, l\u2019ASUL Vaulx-en-Velin affrontait Saint-Gr\u00e9goire Rennes au palais des sports Jean Capievic. La premi\u00e8re victoire de la saison pour l\u2019ASUL VV, sur un score de 31 \u00e0 29. Une rencontre pleine d\u2019intensit\u00e9 qui s\u2019est jou\u00e9e sur les premi\u00e8res minutes.<\/strong><\/p>\n\n\n\n<p>Pour ce troisi\u00e8me match de D2F les joueuses de <a href=\"https:\/\/www.asulvvhandball.com\/\" target=\"_blank\" rel=\"noreferrer noopener\">l\u2019ASUL VV<\/a> ont su tourner la rencontre \u00e0 leur avantage. Les lionnes se sont impos\u00e9es \u00e0 domicile face \u00e0 <a href=\"https:\/\/www.rennesmetropolehandball.fr\/\" target=\"_blank\" rel=\"noreferrer noopener\">Rennes St-Gr\u00e9goire<\/a> sur un score final de 31 \u00e0 29. Si d\u00e8s les premiers temps de jeu les Vaudaises ont domin\u00e9, le reste du match a \u00e9t\u00e9 plus compliqu\u00e9.<\/p>\n\n\n\n<h2 class=\"wp-block-heading\"><strong>Une premi\u00e8re mi-temps d\u00e9cisive<\/strong><\/h2>\n\n\n\n<p>Sans aucun doute c\u2019est bien la premi\u00e8re mi-temps qui a offert la victoire \u00e0 l\u2019ASUL VV, comme en t\u00e9moigne T\u00e9a Marinovic, gardienne de l\u2019ASUL VV : \u00ab <em>On a tout de suite montr\u00e9 qu\u2019ici c\u2019\u00e9tait chez nous !<\/em> \u00bb. D\u00e8s les sept premi\u00e8res minutes, les Vaudaises ont pris l\u2019avantage en inscrivant sept buts sans en encaisser un seul. Un \u00e9cart cons\u00e9quent qui a permis aux lionnes de l&#8217;emporter selon Olivier Mantes, entra\u00eeneur de la D2F de Rennes St-Gr\u00e9goire, qui regrette les 15 premi\u00e8res minutes : \u00ab <em>Si le match commence \u00e0 la 15e on gagne. {\u2026} On ne peut pas esp\u00e9rer gagner, hormis un miracle, quand on rate son d\u00e9but de match avec autant d\u2019\u00e9cart.<\/em> \u00bb&nbsp;<\/p>\n\n\n\n<h2 class=\"wp-block-heading\"><strong>Une seconde plus compliqu\u00e9e o\u00f9 \u00ab le doute \u00bb s\u2019impose<\/strong><\/h2>\n\n\n\n<p>Les supporteurs de l\u2019ASUL VV ont fortement vibr\u00e9 en d\u00e9but de match voyant leur \u00e9quipe l\u2019emporter. Puis la peur s\u2019est invit\u00e9e \u00e0 la suite de plusieurs exclusions pour les Vaudaises, ce qui a grandement impact\u00e9 leur bloc d\u00e9fensif. L\u2019occasion pour les joueuses de Rennes St-Gr\u00e9goire de rattraper leurs d\u00e9buts de match. Ce qui a pu semer \u00ab <em>le doute<\/em> \u00bb \u00e0 certains moments de la rencontre : \u00ab <em>D\u00e9fendre \u00e0 une de moins \u00e7a a \u00e9t\u00e9 difficile \u00e0 g\u00e9rer. {\u2026} On doute en d\u00e9fense alors qu\u2019on sait travailler. Derri\u00e8re en attaque on reste en difficult\u00e9, donc on doute<\/em>. \u00bb, regrette S\u00e9bastien Modenel, entra\u00eeneur de la D2F de l\u2019ASUL VV.<\/p>\n\n\n\n<h2 class=\"wp-block-heading\"><strong>Un bloc d\u00e9fensif qui reste solide<\/strong><\/h2>\n\n\n\n<div class=\"wp-block-image\"><figure class=\"alignright size-large is-resized\"><img loading=\"lazy\" decoding=\"async\" src=\"https:\/\/lyonbondyblog.fr\/LBB\/wp-content\/uploads\/2022\/09\/D2-ASULVV-Rennes-24-09-2022_07-2-1920x1281.jpg\" alt=\"\" class=\"wp-image-30894\" width=\"480\" height=\"320\" srcset=\"https:\/\/lyonbondyblog.fr\/LBB\/wp-content\/uploads\/2022\/09\/D2-ASULVV-Rennes-24-09-2022_07-2-1920x1281.jpg 1920w, https:\/\/lyonbondyblog.fr\/LBB\/wp-content\/uploads\/2022\/09\/D2-ASULVV-Rennes-24-09-2022_07-2-1200x801.jpg 1200w, https:\/\/lyonbondyblog.fr\/LBB\/wp-content\/uploads\/2022\/09\/D2-ASULVV-Rennes-24-09-2022_07-2-768x512.jpg 768w, https:\/\/lyonbondyblog.fr\/LBB\/wp-content\/uploads\/2022\/09\/D2-ASULVV-Rennes-24-09-2022_07-2-1536x1025.jpg 1536w, https:\/\/lyonbondyblog.fr\/LBB\/wp-content\/uploads\/2022\/09\/D2-ASULVV-Rennes-24-09-2022_07-2-2048x1367.jpg 2048w, https:\/\/lyonbondyblog.fr\/LBB\/wp-content\/uploads\/2022\/09\/D2-ASULVV-Rennes-24-09-2022_07-2-700x465.jpg 700w, https:\/\/lyonbondyblog.fr\/LBB\/wp-content\/uploads\/2022\/09\/D2-ASULVV-Rennes-24-09-2022_07-2-272x182.jpg 272w\" sizes=\"auto, (max-width: 480px) 100vw, 480px\" \/><figcaption><strong>Cr\u00e9dit : Roger Capra<\/strong><\/figcaption><\/figure><\/div>\n\n\n\n<p>Malgr\u00e9 plusieurs exclusions de jeu qui ont d\u00e9stabilis\u00e9 les lionnes. Elles ont tout de m\u00eame maintenu leur bloc d\u00e9fensif. Elles ont pu compter sur T\u00e9a Marinovic, gardienne arriv\u00e9e au cours de l\u2019\u00e9t\u00e9, qui s\u2019est grandement d\u00e9marqu\u00e9e au cours de la rencontre avec pas moins de 16 arr\u00eats. C\u00f4t\u00e9 attaque c\u2019est la capitaine, Lola Berrais qui s\u2019est illustr\u00e9e en inscrivant 12 des 31 buts.<\/p>\n\n\n\n<p>Premi\u00e8re victoire de la saison pour les Vaudaises apr\u00e8s deux d\u00e9faite face \u00e0 Fleury Loiret et B\u00e8gles. Esp\u00e9rons que \u00e7a leur donne la d\u00e9termination n\u00e9cessaire pour leurs prochaines rencontres.<\/p>\n\n\n\n<p>Le prochain match de l&rsquo;ASUL Vaulx en Velin est le 12 octobre prochain. Les lionnes affronteront l&rsquo;\u00e9quipe de D2F de Bouillargues. <\/p>\n\n\n\n<p><\/p>\n\n\n\n<p><\/p>\n\n\n\n<figure class=\"wp-block-gallery aligncenter columns-3 is-cropped wp-block-gallery-1 is-layout-flex wp-block-gallery-is-layout-flex\"><ul class=\"blocks-gallery-grid\"><li class=\"blocks-gallery-item\"><figure><img loading=\"lazy\" decoding=\"async\" width=\"1920\" height=\"1302\" src=\"https:\/\/lyonbondyblog.fr\/LBB\/wp-content\/uploads\/2022\/09\/D2-ASULVV-Rennes-24-09-2022_01-2-1920x1302.jpg\" alt=\"\" data-id=\"30897\" data-link=\"https:\/\/lyonbondyblog.fr\/LBB\/?attachment_id=30897\" class=\"wp-image-30897\" srcset=\"https:\/\/lyonbondyblog.fr\/LBB\/wp-content\/uploads\/2022\/09\/D2-ASULVV-Rennes-24-09-2022_01-2-1920x1302.jpg 1920w, https:\/\/lyonbondyblog.fr\/LBB\/wp-content\/uploads\/2022\/09\/D2-ASULVV-Rennes-24-09-2022_01-2-1200x814.jpg 1200w, https:\/\/lyonbondyblog.fr\/LBB\/wp-content\/uploads\/2022\/09\/D2-ASULVV-Rennes-24-09-2022_01-2-768x521.jpg 768w, https:\/\/lyonbondyblog.fr\/LBB\/wp-content\/uploads\/2022\/09\/D2-ASULVV-Rennes-24-09-2022_01-2-1536x1042.jpg 1536w, https:\/\/lyonbondyblog.fr\/LBB\/wp-content\/uploads\/2022\/09\/D2-ASULVV-Rennes-24-09-2022_01-2-2048x1389.jpg 2048w\" sizes=\"auto, (max-width: 1920px) 100vw, 1920px\" \/><\/figure><\/li><li class=\"blocks-gallery-item\"><figure><img loading=\"lazy\" decoding=\"async\" width=\"1920\" height=\"1162\" src=\"https:\/\/lyonbondyblog.fr\/LBB\/wp-content\/uploads\/2022\/09\/D2-ASULVV-Rennes-24-09-2022_02-2-1920x1162.jpg\" alt=\"\" data-id=\"30898\" data-link=\"https:\/\/lyonbondyblog.fr\/LBB\/?attachment_id=30898\" class=\"wp-image-30898\" srcset=\"https:\/\/lyonbondyblog.fr\/LBB\/wp-content\/uploads\/2022\/09\/D2-ASULVV-Rennes-24-09-2022_02-2-1920x1162.jpg 1920w, https:\/\/lyonbondyblog.fr\/LBB\/wp-content\/uploads\/2022\/09\/D2-ASULVV-Rennes-24-09-2022_02-2-1200x726.jpg 1200w, https:\/\/lyonbondyblog.fr\/LBB\/wp-content\/uploads\/2022\/09\/D2-ASULVV-Rennes-24-09-2022_02-2-768x465.jpg 768w, https:\/\/lyonbondyblog.fr\/LBB\/wp-content\/uploads\/2022\/09\/D2-ASULVV-Rennes-24-09-2022_02-2-1536x930.jpg 1536w, https:\/\/lyonbondyblog.fr\/LBB\/wp-content\/uploads\/2022\/09\/D2-ASULVV-Rennes-24-09-2022_02-2-2048x1239.jpg 2048w\" sizes=\"auto, (max-width: 1920px) 100vw, 1920px\" \/><\/figure><\/li><li class=\"blocks-gallery-item\"><figure><img loading=\"lazy\" decoding=\"async\" width=\"1920\" height=\"1281\" src=\"https:\/\/lyonbondyblog.fr\/LBB\/wp-content\/uploads\/2022\/09\/D2-ASULVV-Rennes-24-09-2022_03-2-1920x1281.jpg\" alt=\"\" data-id=\"30900\" data-link=\"https:\/\/lyonbondyblog.fr\/LBB\/?attachment_id=30900\" class=\"wp-image-30900\" srcset=\"https:\/\/lyonbondyblog.fr\/LBB\/wp-content\/uploads\/2022\/09\/D2-ASULVV-Rennes-24-09-2022_03-2-1920x1281.jpg 1920w, https:\/\/lyonbondyblog.fr\/LBB\/wp-content\/uploads\/2022\/09\/D2-ASULVV-Rennes-24-09-2022_03-2-1200x801.jpg 1200w, https:\/\/lyonbondyblog.fr\/LBB\/wp-content\/uploads\/2022\/09\/D2-ASULVV-Rennes-24-09-2022_03-2-768x512.jpg 768w, https:\/\/lyonbondyblog.fr\/LBB\/wp-content\/uploads\/2022\/09\/D2-ASULVV-Rennes-24-09-2022_03-2-1536x1025.jpg 1536w, https:\/\/lyonbondyblog.fr\/LBB\/wp-content\/uploads\/2022\/09\/D2-ASULVV-Rennes-24-09-2022_03-2-2048x1367.jpg 2048w, https:\/\/lyonbondyblog.fr\/LBB\/wp-content\/uploads\/2022\/09\/D2-ASULVV-Rennes-24-09-2022_03-2-272x182.jpg 272w\" sizes=\"auto, (max-width: 1920px) 100vw, 1920px\" \/><\/figure><\/li><li class=\"blocks-gallery-item\"><figure><img loading=\"lazy\" decoding=\"async\" width=\"1920\" height=\"1281\" src=\"https:\/\/lyonbondyblog.fr\/LBB\/wp-content\/uploads\/2022\/09\/D2-ASULVV-Rennes-24-09-2022_08-2-1920x1281.jpg\" alt=\"\" data-id=\"30901\" data-link=\"https:\/\/lyonbondyblog.fr\/LBB\/?attachment_id=30901\" class=\"wp-image-30901\" srcset=\"https:\/\/lyonbondyblog.fr\/LBB\/wp-content\/uploads\/2022\/09\/D2-ASULVV-Rennes-24-09-2022_08-2-1920x1281.jpg 1920w, https:\/\/lyonbondyblog.fr\/LBB\/wp-content\/uploads\/2022\/09\/D2-ASULVV-Rennes-24-09-2022_08-2-1200x801.jpg 1200w, https:\/\/lyonbondyblog.fr\/LBB\/wp-content\/uploads\/2022\/09\/D2-ASULVV-Rennes-24-09-2022_08-2-768x512.jpg 768w, https:\/\/lyonbondyblog.fr\/LBB\/wp-content\/uploads\/2022\/09\/D2-ASULVV-Rennes-24-09-2022_08-2-1536x1025.jpg 1536w, https:\/\/lyonbondyblog.fr\/LBB\/wp-content\/uploads\/2022\/09\/D2-ASULVV-Rennes-24-09-2022_08-2-2048x1366.jpg 2048w, https:\/\/lyonbondyblog.fr\/LBB\/wp-content\/uploads\/2022\/09\/D2-ASULVV-Rennes-24-09-2022_08-2-272x182.jpg 272w\" sizes=\"auto, (max-width: 1920px) 100vw, 1920px\" \/><\/figure><\/li><li class=\"blocks-gallery-item\"><figure><img loading=\"lazy\" decoding=\"async\" width=\"1920\" height=\"1282\" src=\"https:\/\/lyonbondyblog.fr\/LBB\/wp-content\/uploads\/2022\/09\/D2-ASULVV-Rennes-24-09-2022_06-2-1-1920x1282.jpg\" alt=\"\" data-id=\"30902\" data-full-url=\"https:\/\/lyonbondyblog.fr\/LBB\/wp-content\/uploads\/2022\/09\/D2-ASULVV-Rennes-24-09-2022_06-2-1-scaled.jpg\" data-link=\"https:\/\/lyonbondyblog.fr\/LBB\/?attachment_id=30902\" class=\"wp-image-30902\" srcset=\"https:\/\/lyonbondyblog.fr\/LBB\/wp-content\/uploads\/2022\/09\/D2-ASULVV-Rennes-24-09-2022_06-2-1-1920x1282.jpg 1920w, https:\/\/lyonbondyblog.fr\/LBB\/wp-content\/uploads\/2022\/09\/D2-ASULVV-Rennes-24-09-2022_06-2-1-1200x801.jpg 1200w, https:\/\/lyonbondyblog.fr\/LBB\/wp-content\/uploads\/2022\/09\/D2-ASULVV-Rennes-24-09-2022_06-2-1-768x513.jpg 768w, https:\/\/lyonbondyblog.fr\/LBB\/wp-content\/uploads\/2022\/09\/D2-ASULVV-Rennes-24-09-2022_06-2-1-1536x1025.jpg 1536w, https:\/\/lyonbondyblog.fr\/LBB\/wp-content\/uploads\/2022\/09\/D2-ASULVV-Rennes-24-09-2022_06-2-1-2048x1367.jpg 2048w, https:\/\/lyonbondyblog.fr\/LBB\/wp-content\/uploads\/2022\/09\/D2-ASULVV-Rennes-24-09-2022_06-2-1-272x182.jpg 272w\" sizes=\"auto, (max-width: 1920px) 100vw, 1920px\" \/><\/figure><\/li><\/ul><figcaption class=\"blocks-gallery-caption\"><strong> Cr\u00e9dit : Roger Capra <\/strong><\/figcaption><\/figure>\n\n\n\n<p class=\"has-text-align-right\"><strong>La r\u00e9daction <\/strong><\/p>\n\n\n\n<p><strong>Retrouvez nos derniers articles ici <\/strong>: <\/p>\n\n\n<ul class=\"wp-block-latest-posts__list wp-block-latest-posts\"><li><a class=\"wp-block-latest-posts__post-title\" href=\"https:\/\/lyonbondyblog.fr\/LBB\/theatre-bingo-loto-et-impro\/\">Th\u00e9\u00e2tre : Bingo-loto et impro\u00a0<\/a><\/li>\n<li><a class=\"wp-block-latest-posts__post-title\" href=\"https:\/\/lyonbondyblog.fr\/LBB\/fetes-escales-tour-du-monde-a-venissieux\/\">F\u00eates Escales : tour du monde \u00e0 V\u00e9nissieux<\/a><\/li>\n<li><a class=\"wp-block-latest-posts__post-title\" href=\"https:\/\/lyonbondyblog.fr\/LBB\/jeunes-davenirs-la-jeunesse-a-venir\/\">Jeunes d\u2019Avenirs\u00a0: la jeunesse \u00e0 venir<\/a><\/li>\n<li><a class=\"wp-block-latest-posts__post-title\" href=\"https:\/\/lyonbondyblog.fr\/LBB\/le-tribunal-refuse-la-liberation-provisoire-dun-homme-poursuivi-pour-violences-aggravees\/\">Le tribunal refuse la lib\u00e9ration provisoire d\u2019un homme poursuivi pour violences aggrav\u00e9es<\/a><\/li>\n<li><a class=\"wp-block-latest-posts__post-title\" href=\"https:\/\/lyonbondyblog.fr\/LBB\/la-poesie-au-theatre-la-generale-de-la-proposition-musicale-et-litteraire-dalain-klingler\/\">La po\u00e9sie au th\u00e9\u00e2tre\u00a0: la g\u00e9n\u00e9rale de la proposition musicale et litt\u00e9raire d\u2019Alain Klingler<\/a><\/li>\n<\/ul><!-- AddThis Advanced Settings generic via filter on the_content --><!-- AddThis Share Buttons generic via filter on the_content -->","protected":false},"excerpt":{"rendered":"<p>Ce samedi 24 septembre, l\u2019ASUL Vaulx-en-Velin affrontait Saint-Gr\u00e9goire Rennes au palais des sports Jean Capievic. La premi\u00e8re victoire de la saison pour l\u2019ASUL VV, sur &hellip; <!-- AddThis Advanced Settings generic via filter on wp_trim_excerpt --><!-- AddThis Share Buttons generic via filter on wp_trim_excerpt --><\/p>\n","protected":false},"author":1,"featured_media":30895,"comment_status":"open","ping_status":"open","sticky":true,"template":"","format":"standard","meta":{"_FSMCFIC_featured_image_caption":"","_FSMCFIC_featured_image_nocaption":"","_FSMCFIC_featured_image_hide":"","footnotes":""},"categories":[4,2862],"tags":[2569,28196,2705,10,29,635],"class_list":["post-30893","post","type-post","status-publish","format-standard","has-post-thumbnail","hentry","category-lyon","category-sport","tag-asul-vaulx-en-velin","tag-d2f","tag-handball-feminin","tag-lyon-2","tag-sport","tag-vaulx-en-velin"],"yoast_head":"<!-- This site is optimized with the Yoast SEO plugin v22.8 - https:\/\/yoast.com\/wordpress\/plugins\/seo\/ -->\n<title>Compte-rendu D2F Handball : En 10 minutes, une premi\u00e8re victoire pour l\u2019ASUL - Lyon Bondy Blog<\/title>\n<meta name=\"description\" content=\"Ce samedi 24 septembre, l\u2019ASUL Vaulx-en-Velin affrontait Saint-Gr\u00e9goire Rennes au palais des sports Jean Capievic. La premi\u00e8re victoire....\" \/>\n<meta name=\"robots\" content=\"index, follow, max-snippet:-1, max-image-preview:large, max-video-preview:-1\" \/>\n<link rel=\"canonical\" href=\"https:\/\/lyonbondyblog.fr\/LBB\/compte-rendu-d2f-handball-en-10-minutes-une-premiere-victoire-pour-lasul\/\" \/>\n<meta property=\"og:locale\" content=\"fr_FR\" \/>\n<meta property=\"og:type\" content=\"article\" \/>\n<meta property=\"og:title\" content=\"Compte-rendu D2F Handball : En 10 minutes, une premi\u00e8re victoire pour l\u2019ASUL - Lyon Bondy Blog\" \/>\n<meta property=\"og:description\" content=\"Ce samedi 24 septembre, l\u2019ASUL Vaulx-en-Velin affrontait Saint-Gr\u00e9goire Rennes au palais des sports Jean Capievic. La premi\u00e8re victoire....\" \/>\n<meta property=\"og:url\" content=\"https:\/\/lyonbondyblog.fr\/LBB\/compte-rendu-d2f-handball-en-10-minutes-une-premiere-victoire-pour-lasul\/\" \/>\n<meta property=\"og:site_name\" content=\"Lyon Bondy Blog\" \/>\n<meta property=\"article:publisher\" content=\"https:\/\/www.facebook.com\/lyonbondyblog\" \/>\n<meta property=\"article:author\" content=\"https:\/\/www.facebook.com\/lyonbondyblog\" \/>\n<meta property=\"article:published_time\" content=\"2022-09-25T15:34:44+00:00\" \/>\n<meta property=\"article:modified_time\" content=\"2022-10-03T10:24:19+00:00\" \/>\n<meta property=\"og:image\" content=\"https:\/\/lyonbondyblog.fr\/LBB\/wp-content\/uploads\/2022\/09\/D2-ASULVV-Rennes-24-09-2022_10-2-scaled.jpg\" \/>\n\t<meta property=\"og:image:width\" content=\"2560\" \/>\n\t<meta property=\"og:image:height\" content=\"1709\" \/>\n\t<meta property=\"og:image:type\" content=\"image\/jpeg\" \/>\n<meta name=\"author\" content=\"La r\u00e9daction\" \/>\n<meta name=\"twitter:card\" content=\"summary_large_image\" \/>\n<meta name=\"twitter:creator\" content=\"@BondyBlogLyon\" \/>\n<meta name=\"twitter:site\" content=\"@bondybloglyon\" \/>\n<script type=\"application\/ld+json\" class=\"yoast-schema-graph\">{\"@context\":\"https:\/\/schema.org\",\"@graph\":[{\"@type\":\"Article\",\"@id\":\"https:\/\/lyonbondyblog.fr\/LBB\/compte-rendu-d2f-handball-en-10-minutes-une-premiere-victoire-pour-lasul\/#article\",\"isPartOf\":{\"@id\":\"https:\/\/lyonbondyblog.fr\/LBB\/compte-rendu-d2f-handball-en-10-minutes-une-premiere-victoire-pour-lasul\/\"},\"author\":{\"name\":\"La r\u00e9daction\",\"@id\":\"https:\/\/lyonbondyblog.fr\/LBB\/#\/schema\/person\/e45f8d27baac75072daa0be50c409b25\"},\"headline\":\"Compte-rendu D2F Handball : En 10 minutes, une premi\u00e8re victoire pour l\u2019ASUL\",\"datePublished\":\"2022-09-25T15:34:44+00:00\",\"dateModified\":\"2022-10-03T10:24:19+00:00\",\"mainEntityOfPage\":{\"@id\":\"https:\/\/lyonbondyblog.fr\/LBB\/compte-rendu-d2f-handball-en-10-minutes-une-premiere-victoire-pour-lasul\/\"},\"wordCount\":528,\"commentCount\":0,\"publisher\":{\"@id\":\"https:\/\/lyonbondyblog.fr\/LBB\/#organization\"},\"image\":{\"@id\":\"https:\/\/lyonbondyblog.fr\/LBB\/compte-rendu-d2f-handball-en-10-minutes-une-premiere-victoire-pour-lasul\/#primaryimage\"},\"thumbnailUrl\":\"https:\/\/lyonbondyblog.fr\/LBB\/wp-content\/uploads\/2022\/09\/D2-ASULVV-Rennes-24-09-2022_10-2-scaled.jpg\",\"keywords\":[\"ASUL Vaulx-en-Velin\",\"D2F\",\"handball feminin\",\"lyon\",\"sport\",\"Vaulx-en-Velin\"],\"articleSection\":[\"Lyon\",\"Sport\"],\"inLanguage\":\"fr-FR\",\"potentialAction\":[{\"@type\":\"CommentAction\",\"name\":\"Comment\",\"target\":[\"https:\/\/lyonbondyblog.fr\/LBB\/compte-rendu-d2f-handball-en-10-minutes-une-premiere-victoire-pour-lasul\/#respond\"]}]},{\"@type\":\"WebPage\",\"@id\":\"https:\/\/lyonbondyblog.fr\/LBB\/compte-rendu-d2f-handball-en-10-minutes-une-premiere-victoire-pour-lasul\/\",\"url\":\"https:\/\/lyonbondyblog.fr\/LBB\/compte-rendu-d2f-handball-en-10-minutes-une-premiere-victoire-pour-lasul\/\",\"name\":\"Compte-rendu D2F Handball : En 10 minutes, une premi\u00e8re victoire pour l\u2019ASUL - Lyon Bondy Blog\",\"isPartOf\":{\"@id\":\"https:\/\/lyonbondyblog.fr\/LBB\/#website\"},\"primaryImageOfPage\":{\"@id\":\"https:\/\/lyonbondyblog.fr\/LBB\/compte-rendu-d2f-handball-en-10-minutes-une-premiere-victoire-pour-lasul\/#primaryimage\"},\"image\":{\"@id\":\"https:\/\/lyonbondyblog.fr\/LBB\/compte-rendu-d2f-handball-en-10-minutes-une-premiere-victoire-pour-lasul\/#primaryimage\"},\"thumbnailUrl\":\"https:\/\/lyonbondyblog.fr\/LBB\/wp-content\/uploads\/2022\/09\/D2-ASULVV-Rennes-24-09-2022_10-2-scaled.jpg\",\"datePublished\":\"2022-09-25T15:34:44+00:00\",\"dateModified\":\"2022-10-03T10:24:19+00:00\",\"description\":\"Ce samedi 24 septembre, l\u2019ASUL Vaulx-en-Velin affrontait Saint-Gr\u00e9goire Rennes au palais des sports Jean Capievic. La premi\u00e8re victoire....\",\"inLanguage\":\"fr-FR\",\"potentialAction\":[{\"@type\":\"ReadAction\",\"target\":[\"https:\/\/lyonbondyblog.fr\/LBB\/compte-rendu-d2f-handball-en-10-minutes-une-premiere-victoire-pour-lasul\/\"]}]},{\"@type\":\"ImageObject\",\"inLanguage\":\"fr-FR\",\"@id\":\"https:\/\/lyonbondyblog.fr\/LBB\/compte-rendu-d2f-handball-en-10-minutes-une-premiere-victoire-pour-lasul\/#primaryimage\",\"url\":\"https:\/\/lyonbondyblog.fr\/LBB\/wp-content\/uploads\/2022\/09\/D2-ASULVV-Rennes-24-09-2022_10-2-scaled.jpg\",\"contentUrl\":\"https:\/\/lyonbondyblog.fr\/LBB\/wp-content\/uploads\/2022\/09\/D2-ASULVV-Rennes-24-09-2022_10-2-scaled.jpg\",\"width\":2560,\"height\":1709},{\"@type\":\"WebSite\",\"@id\":\"https:\/\/lyonbondyblog.fr\/LBB\/#website\",\"url\":\"https:\/\/lyonbondyblog.fr\/LBB\/\",\"name\":\"Lyon Bondy Blog\",\"description\":\"\",\"publisher\":{\"@id\":\"https:\/\/lyonbondyblog.fr\/LBB\/#organization\"},\"potentialAction\":[{\"@type\":\"SearchAction\",\"target\":{\"@type\":\"EntryPoint\",\"urlTemplate\":\"https:\/\/lyonbondyblog.fr\/LBB\/?s={search_term_string}\"},\"query-input\":\"required name=search_term_string\"}],\"inLanguage\":\"fr-FR\"},{\"@type\":\"Organization\",\"@id\":\"https:\/\/lyonbondyblog.fr\/LBB\/#organization\",\"name\":\"LYON BONDY BLOG\",\"url\":\"https:\/\/lyonbondyblog.fr\/LBB\/\",\"logo\":{\"@type\":\"ImageObject\",\"inLanguage\":\"fr-FR\",\"@id\":\"https:\/\/lyonbondyblog.fr\/LBB\/#\/schema\/logo\/image\/\",\"url\":\"http:\/\/lyonbondyblog.fr\/LBB\/wp-content\/uploads\/2014\/10\/logo-portable-144.png\",\"contentUrl\":\"http:\/\/lyonbondyblog.fr\/LBB\/wp-content\/uploads\/2014\/10\/logo-portable-144.png\",\"width\":144,\"height\":123,\"caption\":\"LYON BONDY BLOG\"},\"image\":{\"@id\":\"https:\/\/lyonbondyblog.fr\/LBB\/#\/schema\/logo\/image\/\"},\"sameAs\":[\"https:\/\/www.facebook.com\/lyonbondyblog\",\"https:\/\/x.com\/bondybloglyon\"]},{\"@type\":\"Person\",\"@id\":\"https:\/\/lyonbondyblog.fr\/LBB\/#\/schema\/person\/e45f8d27baac75072daa0be50c409b25\",\"name\":\"La r\u00e9daction\",\"description\":\"Cr\u00e9e en 2008, la r\u00e9daction du Lyon Bondy Blog s'applique \u00e0 proposer une information locale diff\u00e9rente et compl\u00e9mentaire des m\u00e9dias traditionnels.\",\"sameAs\":[\"https:\/\/www.facebook.com\/lyonbondyblog\",\"https:\/\/x.com\/BondyBlogLyon\"],\"url\":\"https:\/\/lyonbondyblog.fr\/LBB\/author\/admin\/\"}]}<\/script>\n<!-- \/ Yoast SEO plugin. -->","yoast_head_json":{"title":"Compte-rendu D2F Handball : En 10 minutes, une premi\u00e8re victoire pour l\u2019ASUL - Lyon Bondy Blog","description":"Ce samedi 24 septembre, l\u2019ASUL Vaulx-en-Velin affrontait Saint-Gr\u00e9goire Rennes au palais des sports Jean Capievic. La premi\u00e8re victoire....","robots":{"index":"index","follow":"follow","max-snippet":"max-snippet:-1","max-image-preview":"max-image-preview:large","max-video-preview":"max-video-preview:-1"},"canonical":"https:\/\/lyonbondyblog.fr\/LBB\/compte-rendu-d2f-handball-en-10-minutes-une-premiere-victoire-pour-lasul\/","og_locale":"fr_FR","og_type":"article","og_title":"Compte-rendu D2F Handball : En 10 minutes, une premi\u00e8re victoire pour l\u2019ASUL - Lyon Bondy Blog","og_description":"Ce samedi 24 septembre, l\u2019ASUL Vaulx-en-Velin affrontait Saint-Gr\u00e9goire Rennes au palais des sports Jean Capievic. La premi\u00e8re victoire....","og_url":"https:\/\/lyonbondyblog.fr\/LBB\/compte-rendu-d2f-handball-en-10-minutes-une-premiere-victoire-pour-lasul\/","og_site_name":"Lyon Bondy Blog","article_publisher":"https:\/\/www.facebook.com\/lyonbondyblog","article_author":"https:\/\/www.facebook.com\/lyonbondyblog","article_published_time":"2022-09-25T15:34:44+00:00","article_modified_time":"2022-10-03T10:24:19+00:00","og_image":[{"width":2560,"height":1709,"url":"https:\/\/lyonbondyblog.fr\/LBB\/wp-content\/uploads\/2022\/09\/D2-ASULVV-Rennes-24-09-2022_10-2-scaled.jpg","type":"image\/jpeg"}],"author":"La r\u00e9daction","twitter_card":"summary_large_image","twitter_creator":"@BondyBlogLyon","twitter_site":"@bondybloglyon","schema":{"@context":"https:\/\/schema.org","@graph":[{"@type":"Article","@id":"https:\/\/lyonbondyblog.fr\/LBB\/compte-rendu-d2f-handball-en-10-minutes-une-premiere-victoire-pour-lasul\/#article","isPartOf":{"@id":"https:\/\/lyonbondyblog.fr\/LBB\/compte-rendu-d2f-handball-en-10-minutes-une-premiere-victoire-pour-lasul\/"},"author":{"name":"La r\u00e9daction","@id":"https:\/\/lyonbondyblog.fr\/LBB\/#\/schema\/person\/e45f8d27baac75072daa0be50c409b25"},"headline":"Compte-rendu D2F Handball : En 10 minutes, une premi\u00e8re victoire pour l\u2019ASUL","datePublished":"2022-09-25T15:34:44+00:00","dateModified":"2022-10-03T10:24:19+00:00","mainEntityOfPage":{"@id":"https:\/\/lyonbondyblog.fr\/LBB\/compte-rendu-d2f-handball-en-10-minutes-une-premiere-victoire-pour-lasul\/"},"wordCount":528,"commentCount":0,"publisher":{"@id":"https:\/\/lyonbondyblog.fr\/LBB\/#organization"},"image":{"@id":"https:\/\/lyonbondyblog.fr\/LBB\/compte-rendu-d2f-handball-en-10-minutes-une-premiere-victoire-pour-lasul\/#primaryimage"},"thumbnailUrl":"https:\/\/lyonbondyblog.fr\/LBB\/wp-content\/uploads\/2022\/09\/D2-ASULVV-Rennes-24-09-2022_10-2-scaled.jpg","keywords":["ASUL Vaulx-en-Velin","D2F","handball feminin","lyon","sport","Vaulx-en-Velin"],"articleSection":["Lyon","Sport"],"inLanguage":"fr-FR","potentialAction":[{"@type":"CommentAction","name":"Comment","target":["https:\/\/lyonbondyblog.fr\/LBB\/compte-rendu-d2f-handball-en-10-minutes-une-premiere-victoire-pour-lasul\/#respond"]}]},{"@type":"WebPage","@id":"https:\/\/lyonbondyblog.fr\/LBB\/compte-rendu-d2f-handball-en-10-minutes-une-premiere-victoire-pour-lasul\/","url":"https:\/\/lyonbondyblog.fr\/LBB\/compte-rendu-d2f-handball-en-10-minutes-une-premiere-victoire-pour-lasul\/","name":"Compte-rendu D2F Handball : En 10 minutes, une premi\u00e8re victoire pour l\u2019ASUL - Lyon Bondy Blog","isPartOf":{"@id":"https:\/\/lyonbondyblog.fr\/LBB\/#website"},"primaryImageOfPage":{"@id":"https:\/\/lyonbondyblog.fr\/LBB\/compte-rendu-d2f-handball-en-10-minutes-une-premiere-victoire-pour-lasul\/#primaryimage"},"image":{"@id":"https:\/\/lyonbondyblog.fr\/LBB\/compte-rendu-d2f-handball-en-10-minutes-une-premiere-victoire-pour-lasul\/#primaryimage"},"thumbnailUrl":"https:\/\/lyonbondyblog.fr\/LBB\/wp-content\/uploads\/2022\/09\/D2-ASULVV-Rennes-24-09-2022_10-2-scaled.jpg","datePublished":"2022-09-25T15:34:44+00:00","dateModified":"2022-10-03T10:24:19+00:00","description":"Ce samedi 24 septembre, l\u2019ASUL Vaulx-en-Velin affrontait Saint-Gr\u00e9goire Rennes au palais des sports Jean Capievic. La premi\u00e8re victoire....","inLanguage":"fr-FR","potentialAction":[{"@type":"ReadAction","target":["https:\/\/lyonbondyblog.fr\/LBB\/compte-rendu-d2f-handball-en-10-minutes-une-premiere-victoire-pour-lasul\/"]}]},{"@type":"ImageObject","inLanguage":"fr-FR","@id":"https:\/\/lyonbondyblog.fr\/LBB\/compte-rendu-d2f-handball-en-10-minutes-une-premiere-victoire-pour-lasul\/#primaryimage","url":"https:\/\/lyonbondyblog.fr\/LBB\/wp-content\/uploads\/2022\/09\/D2-ASULVV-Rennes-24-09-2022_10-2-scaled.jpg","contentUrl":"https:\/\/lyonbondyblog.fr\/LBB\/wp-content\/uploads\/2022\/09\/D2-ASULVV-Rennes-24-09-2022_10-2-scaled.jpg","width":2560,"height":1709},{"@type":"WebSite","@id":"https:\/\/lyonbondyblog.fr\/LBB\/#website","url":"https:\/\/lyonbondyblog.fr\/LBB\/","name":"Lyon Bondy Blog","description":"","publisher":{"@id":"https:\/\/lyonbondyblog.fr\/LBB\/#organization"},"potentialAction":[{"@type":"SearchAction","target":{"@type":"EntryPoint","urlTemplate":"https:\/\/lyonbondyblog.fr\/LBB\/?s={search_term_string}"},"query-input":"required name=search_term_string"}],"inLanguage":"fr-FR"},{"@type":"Organization","@id":"https:\/\/lyonbondyblog.fr\/LBB\/#organization","name":"LYON BONDY BLOG","url":"https:\/\/lyonbondyblog.fr\/LBB\/","logo":{"@type":"ImageObject","inLanguage":"fr-FR","@id":"https:\/\/lyonbondyblog.fr\/LBB\/#\/schema\/logo\/image\/","url":"http:\/\/lyonbondyblog.fr\/LBB\/wp-content\/uploads\/2014\/10\/logo-portable-144.png","contentUrl":"http:\/\/lyonbondyblog.fr\/LBB\/wp-content\/uploads\/2014\/10\/logo-portable-144.png","width":144,"height":123,"caption":"LYON BONDY BLOG"},"image":{"@id":"https:\/\/lyonbondyblog.fr\/LBB\/#\/schema\/logo\/image\/"},"sameAs":["https:\/\/www.facebook.com\/lyonbondyblog","https:\/\/x.com\/bondybloglyon"]},{"@type":"Person","@id":"https:\/\/lyonbondyblog.fr\/LBB\/#\/schema\/person\/e45f8d27baac75072daa0be50c409b25","name":"La r\u00e9daction","description":"Cr\u00e9e en 2008, la r\u00e9daction du Lyon Bondy Blog s'applique \u00e0 proposer une information locale diff\u00e9rente et compl\u00e9mentaire des m\u00e9dias traditionnels.","sameAs":["https:\/\/www.facebook.com\/lyonbondyblog","https:\/\/x.com\/BondyBlogLyon"],"url":"https:\/\/lyonbondyblog.fr\/LBB\/author\/admin\/"}]}},"_links":{"self":[{"href":"https:\/\/lyonbondyblog.fr\/LBB\/wp-json\/wp\/v2\/posts\/30893","targetHints":{"allow":["GET"]}}],"collection":[{"href":"https:\/\/lyonbondyblog.fr\/LBB\/wp-json\/wp\/v2\/posts"}],"about":[{"href":"https:\/\/lyonbondyblog.fr\/LBB\/wp-json\/wp\/v2\/types\/post"}],"author":[{"embeddable":true,"href":"https:\/\/lyonbondyblog.fr\/LBB\/wp-json\/wp\/v2\/users\/1"}],"replies":[{"embeddable":true,"href":"https:\/\/lyonbondyblog.fr\/LBB\/wp-json\/wp\/v2\/comments?post=30893"}],"version-history":[{"count":6,"href":"https:\/\/lyonbondyblog.fr\/LBB\/wp-json\/wp\/v2\/posts\/30893\/revisions"}],"predecessor-version":[{"id":30909,"href":"https:\/\/lyonbondyblog.fr\/LBB\/wp-json\/wp\/v2\/posts\/30893\/revisions\/30909"}],"wp:featuredmedia":[{"embeddable":true,"href":"https:\/\/lyonbondyblog.fr\/LBB\/wp-json\/wp\/v2\/media\/30895"}],"wp:attachment":[{"href":"https:\/\/lyonbondyblog.fr\/LBB\/wp-json\/wp\/v2\/media?parent=30893"}],"wp:term":[{"taxonomy":"category","embeddable":true,"href":"https:\/\/lyonbondyblog.fr\/LBB\/wp-json\/wp\/v2\/categories?post=30893"},{"taxonomy":"post_tag","embeddable":true,"href":"https:\/\/lyonbondyblog.fr\/LBB\/wp-json\/wp\/v2\/tags?post=30893"}],"curies":[{"name":"wp","href":"https:\/\/api.w.org\/{rel}","templated":true}]}}