{"id":30828,"date":"2022-09-14T16:22:47","date_gmt":"2022-09-14T14:22:47","guid":{"rendered":"http:\/\/lyonbondyblog.fr\/LBB\/?p=30828"},"modified":"2022-09-14T16:22:50","modified_gmt":"2022-09-14T14:22:50","slug":"des-journees-europeennes-du-patrimoine-sous-le-signe-des-migrations","status":"publish","type":"post","link":"https:\/\/lyonbondyblog.fr\/LBB\/des-journees-europeennes-du-patrimoine-sous-le-signe-des-migrations\/","title":{"rendered":"Des Journ\u00e9es europ\u00e9ennes du Patrimoine sous le signe des migrations"},"content":{"rendered":"\n<h2 class=\"wp-block-heading\"><strong>La 39<sup>\u00e8me<\/sup> \u00e9dition des Journ\u00e9es du Patrimoine est l\u2019occasion de mieux conna\u00eetre l\u2019h\u00e9ritage culturel mat\u00e9riel et immat\u00e9riel du territoire lyonnais. De nombreuses animations gratuites sont pr\u00e9vues, des visites in\u00e9dites aux performances artistiques.<\/strong><\/h2>\n\n\n\n<p>Apparu en France en 1984, les Journ\u00e9es du patrimoine sont institu\u00e9es officiellement par le Conseil de l\u2019Europe en 1991. L\u2019ann\u00e9e derni\u00e8re, elles ont attir\u00e9 8 millions de fran\u00e7ais sur pr\u00e8s de 15\u00a0000 sites. Pour la 39<sup>\u00e8me<\/sup> \u00e9dition, la <a href=\"https:\/\/www.grandlyon.com\/a-vivre\/journees-europeennes-du-patrimoine\" target=\"_blank\" rel=\"noreferrer noopener\">M\u00e9tropole de Lyon<\/a>, carrefour culturel depuis l\u2019Antiquit\u00e9, s\u2019interroge sur les influences \u00e9trang\u00e8res qui l\u2019ont enrichie. Pour correspondre au th\u00e8me \u00ab\u00a0cultures plurielles, m\u00e9tropole singuli\u00e8re\u00a0\u00bb, certaines animations permettront de comprendre comment les diverses migrations ont model\u00e9 le tissu urbain du territoire et les pratiques de ses habitants.<\/p>\n\n\n\n<p>Le Lyon Bondy Blog vous pr\u00e9sente un \u00e9chantillon d\u2019animations gratuites parmi les 300 \u00e9v\u00e8nements propos\u00e9s.<\/p>\n\n\n\n<h2 class=\"wp-block-heading\"><strong>Un territoire fa\u00e7onn\u00e9 par des influences multiples<\/strong><\/h2>\n\n\n\n<p>Diff\u00e9rents quartiers et villes m\u00e9tropolitaines \u00e9claireront leur histoire par les vagues migratoires ayant contribu\u00e9 \u00e0 leur \u00e9volution. Carrefour de migrations contemporaine par excellence, la Place du Pont au c\u0153ur du quartier de la Guilloti\u00e8re est au centre des controverses. Des visites guid\u00e9es auront pour but de mieux saisir la richesse et la diversit\u00e9 de son patrimoine mais aussi les mutations \u00e0 l\u2019\u0153uvre. On peut citer celle partant de la place Antonin Jutard, accompagn\u00e9e d\u2019un m\u00e9diateur du mus\u00e9e d\u2019histoire de Lyon et celle partant de la place Bahadourian par l\u2019association La Place du Pont.<\/p>\n\n\n\n<p class=\"has-vivid-red-color has-text-color\"><strong>Samedi et Dimanche de 15h \u00e0 17h, r\u00e9servation obligatoire \u00e0 l\u2019adresse <\/strong><a href=\"http:\/\/www.gadagne-lyon.fr\/\"><strong>www.gadagne-lyon.fr\/<\/strong><\/a><strong>. Place Antonin Jutard.<\/strong> <strong>Dimanche et lundi de 10h \u00e0 12h30, r\u00e9servation obligatoire \u00e0 l\u2019adresse <\/strong><a href=\"mailto:mf.antona@wanadoo.fr\"><strong>mf.antona@wanadoo.fr<\/strong><\/a><strong>.<\/strong> <strong>Place Bahadourian<\/strong>.<\/p>\n\n\n\n<div class=\"wp-block-image\"><figure class=\"aligncenter size-full is-resized\"><img loading=\"lazy\" decoding=\"async\" src=\"https:\/\/lyonbondyblog.fr\/LBB\/wp-content\/uploads\/2022\/09\/the\u0301a\u0302tre-des-marronniers.jpeg\" alt=\"\" class=\"wp-image-30834\" width=\"749\" height=\"498\" srcset=\"https:\/\/lyonbondyblog.fr\/LBB\/wp-content\/uploads\/2022\/09\/the\u0301a\u0302tre-des-marronniers.jpeg 1024w, https:\/\/lyonbondyblog.fr\/LBB\/wp-content\/uploads\/2022\/09\/the\u0301a\u0302tre-des-marronniers-768x512.jpeg 768w, https:\/\/lyonbondyblog.fr\/LBB\/wp-content\/uploads\/2022\/09\/the\u0301a\u0302tre-des-marronniers-700x465.jpeg 700w, https:\/\/lyonbondyblog.fr\/LBB\/wp-content\/uploads\/2022\/09\/the\u0301a\u0302tre-des-marronniers-272x182.jpeg 272w\" sizes=\"auto, (max-width: 749px) 100vw, 749px\" \/><figcaption>cr\u00e9dit : Th\u00e9\u00e2tre des Marronniers<\/figcaption><\/figure><\/div>\n\n\n\n<p>Parmi les conf\u00e9rences sur le th\u00e8me choisi par la M\u00e9tropole, le Lyon Bondy Blog a retenu celle se tenant au <a href=\"https:\/\/theatre-des-marronniers.com\/?p=6200\" target=\"_blank\" rel=\"noreferrer noopener\">th\u00e9\u00e2tre des Marronniers<\/a>. Dans le cadre des Rencontre des Marronniers, <strong>Thierry Renard<\/strong> (po\u00e8te et directeur de l\u2019Espace Pandora), <strong>Michel Kneub\u00fchler<\/strong> (charg\u00e9 d\u2019enseignement \u00e0 l\u2019Universit\u00e9 Lyon 2) et <strong>Mohamed-Iyad Sma\u00efne<\/strong> (lecteur associ\u00e9 du Th\u00e9\u00e2tre des Marronniers) donneront \u00e0 entendre des voix lyonnaises d\u2019hier et d\u2019aujourd\u2019hui issues de l\u2019immigration. De Paola Pigani \u00e0 Azouz Begag, de Nadia Lakehal \u00e0 Amar Dib, de Mohammed El Amraoui \u00e0 Samantha Barendson, le public est invit\u00e9 \u00e0 tirer au sort des textes.<\/p>\n\n\n\n<p class=\"has-vivid-red-color has-text-color\"><strong> Samedi 17 septembre \u00e0 11h45, 12h45, 14h45, 15h45, 16h45, 17h45 et 18h45. Dur\u00e9e 30 minutes. 7 rue des Marronniers, 2<sup>\u00e8me<\/sup> arrondissement.<\/strong><\/p>\n\n\n\n<p>Pour ceux qui souhaitent approfondir la question des migrations, \u00e0 Caluire-et-Cuire, se tient l\u2019<a href=\"https:\/\/www.ville-caluire.fr\/actualites\/exposition-paris-londres-music-migrations\" target=\"_blank\" rel=\"noreferrer noopener\">exposition <\/a>\u00ab Paris-Londres, Music migrations\u00a01962-1989 \u00bb. Tir\u00e9e de la programmation du Mus\u00e9e national de l\u2019histoire de l\u2019immigration \u00e0 Paris en 2019, elle met l\u2019accent sur les mouvements musicaux comme espaces de contestation sur trois d\u00e9cennies.<\/p>\n\n\n\n<div class=\"wp-block-image\"><figure class=\"aligncenter size-full is-resized\"><img loading=\"lazy\" decoding=\"async\" src=\"https:\/\/lyonbondyblog.fr\/LBB\/wp-content\/uploads\/2022\/09\/exposition_immigration.png\" alt=\"\" class=\"wp-image-30841\" width=\"729\" height=\"485\" srcset=\"https:\/\/lyonbondyblog.fr\/LBB\/wp-content\/uploads\/2022\/09\/exposition_immigration.png 579w, https:\/\/lyonbondyblog.fr\/LBB\/wp-content\/uploads\/2022\/09\/exposition_immigration-272x182.png 272w\" sizes=\"auto, (max-width: 729px) 100vw, 729px\" \/><figcaption>Image de promotion de l&rsquo;exposition <meta charset=\"utf-8\">\u00ab Paris-Londres, Music migrations\u00a01962-1989 \u00bb \u00e0 Caluire et Cuire. Cr\u00e9dit : Chris Steele Perkins, 1975 &#8211; Carnaval de Notting Hill<\/figcaption><\/figure><\/div>\n\n\n\n<p class=\"has-vivid-red-color has-text-color\"><strong>Samedi de 10h \u00e0 12h et de 14h \u00e0 18h, dimanche de 14h \u00e0 18h. Place du docteur Dugoujon, H\u00f4tel de ville de Caluire-et-Cuire. Visite libre.<\/strong><\/p>\n\n\n\n<h2 class=\"wp-block-heading\"><strong>Une visite insolite<\/strong><\/h2>\n\n\n\n<p>Qui n\u2019a jamais entendu parler de l\u2019ordre des francs-ma\u00e7ons, organisation discr\u00e8te qui suscite de nombreux fantasmes\u00a0? Exceptionnellement, le <strong>Temple Ma\u00e7onnique de la <a href=\"https:\/\/glff.org\/\" target=\"_blank\" rel=\"noreferrer noopener\">Grande Loge F\u00e9minine de France<\/a><\/strong> ouvre ses portes. Apr\u00e8s la d\u00e9couverte de l\u2019historique et des symboles du site, une visite de l\u2019exposition \u00ab Femmes oubli\u00e9es de la R\u00e9sistance 1940-1945 en Rh\u00f4ne-Alpes \u00bb est propos\u00e9e. Une occasion \u00e0 saisir pour d\u00e9mystifier la franc-ma\u00e7onnerie et assouvir sa curiosit\u00e9.<\/p>\n\n\n\n<p class=\"has-vivid-red-color has-text-color\"><strong>Dimanche 18 septembre de 10h \u00e0 12h30 et de 15h \u00e0 17h30 pour les Adultes et les plus de 12 ans. Pi\u00e8ce d\u2019identit\u00e9 n\u00e9cessaire et r\u00e9servation obligatoire avant le 17 septembre 14h \u00e0 l\u2019adresse <\/strong><a href=\"mailto:coulglff@gmail.com\"><strong>coulglff@gmail.com<\/strong><\/a><strong>. 19 rue Dumont d\u2019Urville, 4<sup>\u00e8me<\/sup> arrondissement de Lyon.<\/strong><\/p>\n\n\n\n<h2 class=\"wp-block-heading\"><strong>D\u00e9couvrir le patrimoine industriel \u00e0 Vaulx-en-Velin<\/strong><\/h2>\n\n\n\n<p>L\u2019<a href=\"https:\/\/vaulx-en-velin.net\/actualites\/2022-09-17-journees-europeennes-du-patrimoine-2022\/\" target=\"_blank\" rel=\"noreferrer noopener\">usine TASE (<\/a>Textile Artificiel du Sud-Est), class\u00e9e \u00e0 l\u2019inventaire des monuments historiques, fait partie d\u2019un ensemble industriel remarquable presque enti\u00e8rement pr\u00e9serv\u00e9. Avec ses cit\u00e9s jardins, son foyer de jeunes filles, son \u00e9glise et son dispensaire, c\u2019est un site sans pareil dans la m\u00e9tropole. Une balade urbaine est propos\u00e9e o\u00f9 vous pourrez d\u00e9ambuler dans la Petite Cit\u00e9 ouvri\u00e8re et son usine, intacte depuis sa date de construction en 1924.<\/p>\n\n\n\n<p class=\"has-vivid-red-color has-text-color\"><strong>Samedi 17 et dimanche 18 septembre, 10h\/14h\/16h. Inscription obligatoire aux adresses <a href=\"mailto:vivelatase.visite@gmail.com\">vivelatase.visite@gmail.com<\/a>\u00a0ou\u00a0<a href=\"https:\/\/my.weezevent.com\/visite-guidee-de-lusine-tase-et-de-sa-petite-cite\">my.weezevent.com<\/a>.<\/strong><\/p>\n\n\n\n<h2 class=\"wp-block-heading\"><strong>Soutenir l\u2019artisanat \u00e0 Villeurbanne<\/strong><\/h2>\n\n\n\n<p><strong><a href=\"https:\/\/urdla.com\/blog\/journees-europeennes-du-patrimoine-3\/#:~:text=%C3%80%20l'occasion%20des%20Journ%C3%A9es,14%20heures%20%C3%A0%2018%20heures.\" target=\"_blank\" rel=\"noreferrer noopener\">L\u2019URDLA <\/a>\u2013 centre international estampe et livre<\/strong>, propose une d\u00e9monstration du fonctionnement d\u2019une presse lithographique. Il s\u2019agit par la m\u00eame occasion de d\u00e9couvrir ce centre d\u2019art contemporain regroupant des ateliers d\u2019impression, une galerie et une librairie. L\u2019association relie la sauvegarde d\u2019un patrimoine, le soutien \u00e0 la cr\u00e9ation contemporaine et la diffusion de ses productions.<\/p>\n\n\n\n<p class=\"has-vivid-red-color has-text-color\"><strong>Samedi et Dimanche de 14h \u00e0 15h, de 16h \u00e0 17h et de 17h \u00e0 18h. URDLA, 207 rue Francis de Pressens\u00e9.<\/strong><\/p>\n\n\n\n<h2 class=\"wp-block-heading\"><strong>Ne pas invisibiliser les femmes<\/strong><\/h2>\n\n\n\n<div class=\"wp-block-image\"><figure class=\"aligncenter size-full\"><img loading=\"lazy\" decoding=\"async\" width=\"440\" height=\"600\" src=\"https:\/\/lyonbondyblog.fr\/LBB\/wp-content\/uploads\/2022\/09\/visuel-matrimoine-22-1.webp\" alt=\"\" class=\"wp-image-30838\"\/><figcaption>Cr\u00e9dit :  Annie Demongeot, visuel Journ\u00e9es du Matrimoine 2022<\/figcaption><\/figure><\/div>\n\n\n\n<p>\u00ab\u00a0<em>Mettre en avant le Matrimoine, c\u2019est extraire les femmes de l&rsquo;invisibilit\u00e9 dans laquelle elles ont toujours \u00e9t\u00e9 plong\u00e9es pour donner \u00e0 voir une soci\u00e9t\u00e9 constitu\u00e9e d&rsquo;un h\u00e9ritage culturel commun, mixte et \u00e9galitaire<\/em>\u00a0\u00bb, \u00e9crit le <a href=\"https:\/\/www.matrimoinehfaura.com\/\" target=\"_blank\" rel=\"noreferrer noopener\">Mouvement \u00e9galit\u00e9 Hommes-Femmes <\/a>afin de pr\u00e9senter leur programme. Pour la 7<sup>\u00e8me<\/sup> ann\u00e9e cons\u00e9cutive, l\u2019association accompagne des cr\u00e9ations mettant en valeur l\u2019h\u00e9ritage laiss\u00e9 par les femmes, souvent invisibilis\u00e9. Le Lyon Bondy Blog en a relev\u00e9 quelques-unes.<\/p>\n\n\n\n<p><strong>L\u00e9na Genin<\/strong> et <strong>Valeria Cardullo<\/strong> de la Compagnie Wacah Chan proposent, en avant-premi\u00e8re, un extrait d\u2019une demi-heure de leur spectacle <strong>\u00ab&nbsp;Sororit\u00e9, l\u2019altra storia&nbsp;!&nbsp;\u00bb<\/strong>. Les artistes interpr\u00e9teront un ensemble de textes de plusieurs femmes fran\u00e7aises et italiennes oubli\u00e9es de l\u2019histoire. Cette s\u00e9rie th\u00e9\u00e2trale franco-italienne retrace <em>\u00ab&nbsp;les r\u00eaves, les ambitions, les doutes, les \u00e9checs et les succ\u00e8s de femmes autrices r\u00e9volutionnaires avant-gardistes&nbsp;\u00bb.<\/em> Le spectacle est programm\u00e9 au th\u00e9\u00e2tre des marronniers dans son int\u00e9gralit\u00e9 en avril 2023.<\/p>\n\n\n\n<p class=\"has-vivid-red-color has-text-color\"><strong>Le samedi 17 septembre \u00e0 11H30, 12h30, 14h30, 15h30, 16h30 et 17h30. Entr\u00e9e Libre. 7 rue des Marronniers, 2<sup>\u00e8me<\/sup> arrondissement.<\/strong><\/p>\n\n\n\n<p>Tout au long du week-end, plusieurs <a href=\"https:\/\/www.matrimoinehfaura.com\/balades-urbaines\">balades urbaines<\/a> seront organis\u00e9es par l\u2019association Filactions. Nomm\u00e9es \u00ab&nbsp;o\u00f9 sont les femmes&nbsp;?&nbsp;\u00bb, elles ont pour vocation de faire d\u00e9couvrir au public les artistes, po\u00e9tesses, r\u00e9alisatrices, militantes, r\u00e9sistantes ou encore gastronomes qui ont laiss\u00e9es leur empreinte dans la ville sans pour autant \u00eatre connues du grand public.<\/p>\n\n\n\n<p class=\"has-vivid-red-color has-text-color\"><strong>Samedi 17 septembre<\/strong> <strong>dans le 3e arrondissement (10h30-13h) et le 1er arrondissement (14h30 \u2013 17h), \u00e0 Oullins de 16h-17h30. Le Dimanche 18 septembre dans le <\/strong>2e <strong>arrondissement (10h30-13h) et le 7e arrondissement (14h30 \u2013 17h). Acc\u00e8s et participation gratuits. R\u00e9servation par\u00a0:<\/strong> <a href=\"mailto:baladesurbaines@filactions.org\">baladesurbaines@filactions.org<\/a>.<\/p>\n\n\n\n<div class=\"wp-block-image\"><figure class=\"aligncenter size-large is-resized\"><img loading=\"lazy\" decoding=\"async\" src=\"https:\/\/lyonbondyblog.fr\/LBB\/wp-content\/uploads\/2018\/11\/H\u00f4tel_de_ville_-_Lyon-1024x768.jpg\" alt=\"\" class=\"wp-image-14661\" width=\"733\" height=\"550\" srcset=\"https:\/\/lyonbondyblog.fr\/LBB\/wp-content\/uploads\/2018\/11\/H\u00f4tel_de_ville_-_Lyon-1024x768.jpg 1024w, https:\/\/lyonbondyblog.fr\/LBB\/wp-content\/uploads\/2018\/11\/H\u00f4tel_de_ville_-_Lyon-300x225.jpg 300w, https:\/\/lyonbondyblog.fr\/LBB\/wp-content\/uploads\/2018\/11\/H\u00f4tel_de_ville_-_Lyon-768x576.jpg 768w, https:\/\/lyonbondyblog.fr\/LBB\/wp-content\/uploads\/2018\/11\/H\u00f4tel_de_ville_-_Lyon-600x450.jpg 600w\" sizes=\"auto, (max-width: 733px) 100vw, 733px\" \/><\/figure><\/div>\n\n\n\n<p>Des \u00c9glises aux \u00e9coles, des h\u00f4tels aux sites gallo-romains, Lyon ne compte plus ses endroits class\u00e9s, dont l\u2019un se situe certainement dans votre quartier. Pensez \u00e0 vous renseigner sur le site de votre mairie d\u2019arrondissement pour d\u00e9couvrir les monuments qui valent le d\u00e9tour pr\u00e8s de chez vous.<\/p>\n\n\n\n<p>Lors de ces Journ\u00e9es du Patrimoine, de nombreux lieux de culture ouvriront leurs coulisses au public, \u00e0 l\u2019image de l\u2019Op\u00e9ra de Lyon, du Th\u00e9\u00e2tre National Populaire de Villeurbanne o\u00f9 encore du c\u00e9l\u00e8bre Th\u00e9\u00e2tre le Guignol. Il en va de m\u00eame pour les lieux de pouvoir comme les mairies d\u2019arrondissement ou l\u2019H\u00f4tel de Ville de Lyon, l\u2019un des monuments historiques les plus remarquable de la capitale des Gaules. Le programme complet est disponible <a href=\"https:\/\/jep.grandlyon.com\/\" target=\"_blank\" rel=\"noreferrer noopener\">ici<\/a>.<\/p>\n\n\n\n<p class=\"has-text-align-right\"><strong>La r\u00e9daction<\/strong><\/p>\n\n\n\n<p><strong>Retrouvez nos derniers articles ici : <\/strong><\/p>\n\n\n<ul class=\"wp-block-latest-posts__list wp-block-latest-posts\"><li><a class=\"wp-block-latest-posts__post-title\" href=\"https:\/\/lyonbondyblog.fr\/LBB\/theatre-bingo-loto-et-impro\/\">Th\u00e9\u00e2tre : Bingo-loto et impro\u00a0<\/a><\/li>\n<li><a class=\"wp-block-latest-posts__post-title\" href=\"https:\/\/lyonbondyblog.fr\/LBB\/fetes-escales-tour-du-monde-a-venissieux\/\">F\u00eates Escales : tour du monde \u00e0 V\u00e9nissieux<\/a><\/li>\n<li><a class=\"wp-block-latest-posts__post-title\" href=\"https:\/\/lyonbondyblog.fr\/LBB\/jeunes-davenirs-la-jeunesse-a-venir\/\">Jeunes d\u2019Avenirs\u00a0: la jeunesse \u00e0 venir<\/a><\/li>\n<li><a class=\"wp-block-latest-posts__post-title\" href=\"https:\/\/lyonbondyblog.fr\/LBB\/le-tribunal-refuse-la-liberation-provisoire-dun-homme-poursuivi-pour-violences-aggravees\/\">Le tribunal refuse la lib\u00e9ration provisoire d\u2019un homme poursuivi pour violences aggrav\u00e9es<\/a><\/li>\n<li><a class=\"wp-block-latest-posts__post-title\" href=\"https:\/\/lyonbondyblog.fr\/LBB\/la-poesie-au-theatre-la-generale-de-la-proposition-musicale-et-litteraire-dalain-klingler\/\">La po\u00e9sie au th\u00e9\u00e2tre\u00a0: la g\u00e9n\u00e9rale de la proposition musicale et litt\u00e9raire d\u2019Alain Klingler<\/a><\/li>\n<\/ul><!-- AddThis Advanced Settings generic via filter on the_content --><!-- AddThis Share Buttons generic via filter on the_content -->","protected":false},"excerpt":{"rendered":"<p>La 39\u00e8me \u00e9dition des Journ\u00e9es du Patrimoine est l\u2019occasion de mieux conna\u00eetre l\u2019h\u00e9ritage culturel mat\u00e9riel et immat\u00e9riel du territoire lyonnais. De nombreuses animations gratuites sont &hellip; <!-- AddThis Advanced Settings generic via filter on wp_trim_excerpt --><!-- AddThis Share Buttons generic via filter on wp_trim_excerpt --><\/p>\n","protected":false},"author":1,"featured_media":30833,"comment_status":"open","ping_status":"open","sticky":true,"template":"","format":"standard","meta":{"_FSMCFIC_featured_image_caption":"","_FSMCFIC_featured_image_nocaption":"","_FSMCFIC_featured_image_hide":"","footnotes":""},"categories":[3,4],"tags":[1952,224,10,28212,28211,406],"class_list":["post-30828","post","type-post","status-publish","format-standard","has-post-thumbnail","hentry","category-culture","category-lyon","tag-culture","tag-exposition","tag-lyon-2","tag-monuments","tag-patrimoine","tag-visite"],"yoast_head":"<!-- This site is optimized with the Yoast SEO plugin v22.8 - https:\/\/yoast.com\/wordpress\/plugins\/seo\/ -->\n<title>Des Journ\u00e9es europ\u00e9ennes du Patrimoine sous le signe des migrations - Lyon Bondy Blog<\/title>\n<meta name=\"description\" content=\"La 39\u00e8me \u00e9dition des Journ\u00e9es du Patrimoine est l\u2019occasion de mieux conna\u00eetre l\u2019h\u00e9ritage culturel mat\u00e9riel et immat\u00e9riel du territoire...\" \/>\n<meta name=\"robots\" content=\"index, follow, max-snippet:-1, max-image-preview:large, max-video-preview:-1\" \/>\n<link rel=\"canonical\" href=\"https:\/\/lyonbondyblog.fr\/LBB\/des-journees-europeennes-du-patrimoine-sous-le-signe-des-migrations\/\" \/>\n<meta property=\"og:locale\" content=\"fr_FR\" \/>\n<meta property=\"og:type\" content=\"article\" \/>\n<meta property=\"og:title\" content=\"Des Journ\u00e9es europ\u00e9ennes du Patrimoine sous le signe des migrations - Lyon Bondy Blog\" \/>\n<meta property=\"og:description\" content=\"La 39\u00e8me \u00e9dition des Journ\u00e9es du Patrimoine est l\u2019occasion de mieux conna\u00eetre l\u2019h\u00e9ritage culturel mat\u00e9riel et immat\u00e9riel du territoire...\" \/>\n<meta property=\"og:url\" content=\"https:\/\/lyonbondyblog.fr\/LBB\/des-journees-europeennes-du-patrimoine-sous-le-signe-des-migrations\/\" \/>\n<meta property=\"og:site_name\" content=\"Lyon Bondy Blog\" \/>\n<meta property=\"article:publisher\" content=\"https:\/\/www.facebook.com\/lyonbondyblog\" \/>\n<meta property=\"article:author\" content=\"https:\/\/www.facebook.com\/lyonbondyblog\" \/>\n<meta property=\"article:published_time\" content=\"2022-09-14T14:22:47+00:00\" \/>\n<meta property=\"article:modified_time\" content=\"2022-09-14T14:22:50+00:00\" \/>\n<meta property=\"og:image\" content=\"https:\/\/lyonbondyblog.fr\/LBB\/wp-content\/uploads\/2022\/09\/jep2022-p.jpeg\" \/>\n\t<meta property=\"og:image:width\" content=\"700\" \/>\n\t<meta property=\"og:image:height\" content=\"394\" \/>\n\t<meta property=\"og:image:type\" content=\"image\/jpeg\" \/>\n<meta name=\"author\" content=\"La r\u00e9daction\" \/>\n<meta name=\"twitter:card\" content=\"summary_large_image\" \/>\n<meta name=\"twitter:creator\" content=\"@BondyBlogLyon\" \/>\n<meta name=\"twitter:site\" content=\"@bondybloglyon\" \/>\n<script type=\"application\/ld+json\" class=\"yoast-schema-graph\">{\"@context\":\"https:\/\/schema.org\",\"@graph\":[{\"@type\":\"Article\",\"@id\":\"https:\/\/lyonbondyblog.fr\/LBB\/des-journees-europeennes-du-patrimoine-sous-le-signe-des-migrations\/#article\",\"isPartOf\":{\"@id\":\"https:\/\/lyonbondyblog.fr\/LBB\/des-journees-europeennes-du-patrimoine-sous-le-signe-des-migrations\/\"},\"author\":{\"name\":\"La r\u00e9daction\",\"@id\":\"https:\/\/lyonbondyblog.fr\/LBB\/#\/schema\/person\/e45f8d27baac75072daa0be50c409b25\"},\"headline\":\"Des Journ\u00e9es europ\u00e9ennes du Patrimoine sous le signe des migrations\",\"datePublished\":\"2022-09-14T14:22:47+00:00\",\"dateModified\":\"2022-09-14T14:22:50+00:00\",\"mainEntityOfPage\":{\"@id\":\"https:\/\/lyonbondyblog.fr\/LBB\/des-journees-europeennes-du-patrimoine-sous-le-signe-des-migrations\/\"},\"wordCount\":1312,\"commentCount\":0,\"publisher\":{\"@id\":\"https:\/\/lyonbondyblog.fr\/LBB\/#organization\"},\"image\":{\"@id\":\"https:\/\/lyonbondyblog.fr\/LBB\/des-journees-europeennes-du-patrimoine-sous-le-signe-des-migrations\/#primaryimage\"},\"thumbnailUrl\":\"https:\/\/lyonbondyblog.fr\/LBB\/wp-content\/uploads\/2022\/09\/jep2022-p.jpeg\",\"keywords\":[\"Culture\",\"exposition\",\"lyon\",\"monuments\",\"patrimoine\",\"visite\"],\"articleSection\":[\"Culture\",\"Lyon\"],\"inLanguage\":\"fr-FR\",\"potentialAction\":[{\"@type\":\"CommentAction\",\"name\":\"Comment\",\"target\":[\"https:\/\/lyonbondyblog.fr\/LBB\/des-journees-europeennes-du-patrimoine-sous-le-signe-des-migrations\/#respond\"]}]},{\"@type\":\"WebPage\",\"@id\":\"https:\/\/lyonbondyblog.fr\/LBB\/des-journees-europeennes-du-patrimoine-sous-le-signe-des-migrations\/\",\"url\":\"https:\/\/lyonbondyblog.fr\/LBB\/des-journees-europeennes-du-patrimoine-sous-le-signe-des-migrations\/\",\"name\":\"Des Journ\u00e9es europ\u00e9ennes du Patrimoine sous le signe des migrations - Lyon Bondy Blog\",\"isPartOf\":{\"@id\":\"https:\/\/lyonbondyblog.fr\/LBB\/#website\"},\"primaryImageOfPage\":{\"@id\":\"https:\/\/lyonbondyblog.fr\/LBB\/des-journees-europeennes-du-patrimoine-sous-le-signe-des-migrations\/#primaryimage\"},\"image\":{\"@id\":\"https:\/\/lyonbondyblog.fr\/LBB\/des-journees-europeennes-du-patrimoine-sous-le-signe-des-migrations\/#primaryimage\"},\"thumbnailUrl\":\"https:\/\/lyonbondyblog.fr\/LBB\/wp-content\/uploads\/2022\/09\/jep2022-p.jpeg\",\"datePublished\":\"2022-09-14T14:22:47+00:00\",\"dateModified\":\"2022-09-14T14:22:50+00:00\",\"description\":\"La 39\u00e8me \u00e9dition des Journ\u00e9es du Patrimoine est l\u2019occasion de mieux conna\u00eetre l\u2019h\u00e9ritage culturel mat\u00e9riel et immat\u00e9riel du territoire...\",\"inLanguage\":\"fr-FR\",\"potentialAction\":[{\"@type\":\"ReadAction\",\"target\":[\"https:\/\/lyonbondyblog.fr\/LBB\/des-journees-europeennes-du-patrimoine-sous-le-signe-des-migrations\/\"]}]},{\"@type\":\"ImageObject\",\"inLanguage\":\"fr-FR\",\"@id\":\"https:\/\/lyonbondyblog.fr\/LBB\/des-journees-europeennes-du-patrimoine-sous-le-signe-des-migrations\/#primaryimage\",\"url\":\"https:\/\/lyonbondyblog.fr\/LBB\/wp-content\/uploads\/2022\/09\/jep2022-p.jpeg\",\"contentUrl\":\"https:\/\/lyonbondyblog.fr\/LBB\/wp-content\/uploads\/2022\/09\/jep2022-p.jpeg\",\"width\":700,\"height\":394},{\"@type\":\"WebSite\",\"@id\":\"https:\/\/lyonbondyblog.fr\/LBB\/#website\",\"url\":\"https:\/\/lyonbondyblog.fr\/LBB\/\",\"name\":\"Lyon Bondy Blog\",\"description\":\"\",\"publisher\":{\"@id\":\"https:\/\/lyonbondyblog.fr\/LBB\/#organization\"},\"potentialAction\":[{\"@type\":\"SearchAction\",\"target\":{\"@type\":\"EntryPoint\",\"urlTemplate\":\"https:\/\/lyonbondyblog.fr\/LBB\/?s={search_term_string}\"},\"query-input\":\"required name=search_term_string\"}],\"inLanguage\":\"fr-FR\"},{\"@type\":\"Organization\",\"@id\":\"https:\/\/lyonbondyblog.fr\/LBB\/#organization\",\"name\":\"LYON BONDY BLOG\",\"url\":\"https:\/\/lyonbondyblog.fr\/LBB\/\",\"logo\":{\"@type\":\"ImageObject\",\"inLanguage\":\"fr-FR\",\"@id\":\"https:\/\/lyonbondyblog.fr\/LBB\/#\/schema\/logo\/image\/\",\"url\":\"http:\/\/lyonbondyblog.fr\/LBB\/wp-content\/uploads\/2014\/10\/logo-portable-144.png\",\"contentUrl\":\"http:\/\/lyonbondyblog.fr\/LBB\/wp-content\/uploads\/2014\/10\/logo-portable-144.png\",\"width\":144,\"height\":123,\"caption\":\"LYON BONDY BLOG\"},\"image\":{\"@id\":\"https:\/\/lyonbondyblog.fr\/LBB\/#\/schema\/logo\/image\/\"},\"sameAs\":[\"https:\/\/www.facebook.com\/lyonbondyblog\",\"https:\/\/x.com\/bondybloglyon\"]},{\"@type\":\"Person\",\"@id\":\"https:\/\/lyonbondyblog.fr\/LBB\/#\/schema\/person\/e45f8d27baac75072daa0be50c409b25\",\"name\":\"La r\u00e9daction\",\"description\":\"Cr\u00e9e en 2008, la r\u00e9daction du Lyon Bondy Blog s'applique \u00e0 proposer une information locale diff\u00e9rente et compl\u00e9mentaire des m\u00e9dias traditionnels.\",\"sameAs\":[\"https:\/\/www.facebook.com\/lyonbondyblog\",\"https:\/\/x.com\/BondyBlogLyon\"],\"url\":\"https:\/\/lyonbondyblog.fr\/LBB\/author\/admin\/\"}]}<\/script>\n<!-- \/ Yoast SEO plugin. -->","yoast_head_json":{"title":"Des Journ\u00e9es europ\u00e9ennes du Patrimoine sous le signe des migrations - Lyon Bondy Blog","description":"La 39\u00e8me \u00e9dition des Journ\u00e9es du Patrimoine est l\u2019occasion de mieux conna\u00eetre l\u2019h\u00e9ritage culturel mat\u00e9riel et immat\u00e9riel du territoire...","robots":{"index":"index","follow":"follow","max-snippet":"max-snippet:-1","max-image-preview":"max-image-preview:large","max-video-preview":"max-video-preview:-1"},"canonical":"https:\/\/lyonbondyblog.fr\/LBB\/des-journees-europeennes-du-patrimoine-sous-le-signe-des-migrations\/","og_locale":"fr_FR","og_type":"article","og_title":"Des Journ\u00e9es europ\u00e9ennes du Patrimoine sous le signe des migrations - Lyon Bondy Blog","og_description":"La 39\u00e8me \u00e9dition des Journ\u00e9es du Patrimoine est l\u2019occasion de mieux conna\u00eetre l\u2019h\u00e9ritage culturel mat\u00e9riel et immat\u00e9riel du territoire...","og_url":"https:\/\/lyonbondyblog.fr\/LBB\/des-journees-europeennes-du-patrimoine-sous-le-signe-des-migrations\/","og_site_name":"Lyon Bondy Blog","article_publisher":"https:\/\/www.facebook.com\/lyonbondyblog","article_author":"https:\/\/www.facebook.com\/lyonbondyblog","article_published_time":"2022-09-14T14:22:47+00:00","article_modified_time":"2022-09-14T14:22:50+00:00","og_image":[{"width":700,"height":394,"url":"https:\/\/lyonbondyblog.fr\/LBB\/wp-content\/uploads\/2022\/09\/jep2022-p.jpeg","type":"image\/jpeg"}],"author":"La r\u00e9daction","twitter_card":"summary_large_image","twitter_creator":"@BondyBlogLyon","twitter_site":"@bondybloglyon","schema":{"@context":"https:\/\/schema.org","@graph":[{"@type":"Article","@id":"https:\/\/lyonbondyblog.fr\/LBB\/des-journees-europeennes-du-patrimoine-sous-le-signe-des-migrations\/#article","isPartOf":{"@id":"https:\/\/lyonbondyblog.fr\/LBB\/des-journees-europeennes-du-patrimoine-sous-le-signe-des-migrations\/"},"author":{"name":"La r\u00e9daction","@id":"https:\/\/lyonbondyblog.fr\/LBB\/#\/schema\/person\/e45f8d27baac75072daa0be50c409b25"},"headline":"Des Journ\u00e9es europ\u00e9ennes du Patrimoine sous le signe des migrations","datePublished":"2022-09-14T14:22:47+00:00","dateModified":"2022-09-14T14:22:50+00:00","mainEntityOfPage":{"@id":"https:\/\/lyonbondyblog.fr\/LBB\/des-journees-europeennes-du-patrimoine-sous-le-signe-des-migrations\/"},"wordCount":1312,"commentCount":0,"publisher":{"@id":"https:\/\/lyonbondyblog.fr\/LBB\/#organization"},"image":{"@id":"https:\/\/lyonbondyblog.fr\/LBB\/des-journees-europeennes-du-patrimoine-sous-le-signe-des-migrations\/#primaryimage"},"thumbnailUrl":"https:\/\/lyonbondyblog.fr\/LBB\/wp-content\/uploads\/2022\/09\/jep2022-p.jpeg","keywords":["Culture","exposition","lyon","monuments","patrimoine","visite"],"articleSection":["Culture","Lyon"],"inLanguage":"fr-FR","potentialAction":[{"@type":"CommentAction","name":"Comment","target":["https:\/\/lyonbondyblog.fr\/LBB\/des-journees-europeennes-du-patrimoine-sous-le-signe-des-migrations\/#respond"]}]},{"@type":"WebPage","@id":"https:\/\/lyonbondyblog.fr\/LBB\/des-journees-europeennes-du-patrimoine-sous-le-signe-des-migrations\/","url":"https:\/\/lyonbondyblog.fr\/LBB\/des-journees-europeennes-du-patrimoine-sous-le-signe-des-migrations\/","name":"Des Journ\u00e9es europ\u00e9ennes du Patrimoine sous le signe des migrations - Lyon Bondy Blog","isPartOf":{"@id":"https:\/\/lyonbondyblog.fr\/LBB\/#website"},"primaryImageOfPage":{"@id":"https:\/\/lyonbondyblog.fr\/LBB\/des-journees-europeennes-du-patrimoine-sous-le-signe-des-migrations\/#primaryimage"},"image":{"@id":"https:\/\/lyonbondyblog.fr\/LBB\/des-journees-europeennes-du-patrimoine-sous-le-signe-des-migrations\/#primaryimage"},"thumbnailUrl":"https:\/\/lyonbondyblog.fr\/LBB\/wp-content\/uploads\/2022\/09\/jep2022-p.jpeg","datePublished":"2022-09-14T14:22:47+00:00","dateModified":"2022-09-14T14:22:50+00:00","description":"La 39\u00e8me \u00e9dition des Journ\u00e9es du Patrimoine est l\u2019occasion de mieux conna\u00eetre l\u2019h\u00e9ritage culturel mat\u00e9riel et immat\u00e9riel du territoire...","inLanguage":"fr-FR","potentialAction":[{"@type":"ReadAction","target":["https:\/\/lyonbondyblog.fr\/LBB\/des-journees-europeennes-du-patrimoine-sous-le-signe-des-migrations\/"]}]},{"@type":"ImageObject","inLanguage":"fr-FR","@id":"https:\/\/lyonbondyblog.fr\/LBB\/des-journees-europeennes-du-patrimoine-sous-le-signe-des-migrations\/#primaryimage","url":"https:\/\/lyonbondyblog.fr\/LBB\/wp-content\/uploads\/2022\/09\/jep2022-p.jpeg","contentUrl":"https:\/\/lyonbondyblog.fr\/LBB\/wp-content\/uploads\/2022\/09\/jep2022-p.jpeg","width":700,"height":394},{"@type":"WebSite","@id":"https:\/\/lyonbondyblog.fr\/LBB\/#website","url":"https:\/\/lyonbondyblog.fr\/LBB\/","name":"Lyon Bondy Blog","description":"","publisher":{"@id":"https:\/\/lyonbondyblog.fr\/LBB\/#organization"},"potentialAction":[{"@type":"SearchAction","target":{"@type":"EntryPoint","urlTemplate":"https:\/\/lyonbondyblog.fr\/LBB\/?s={search_term_string}"},"query-input":"required name=search_term_string"}],"inLanguage":"fr-FR"},{"@type":"Organization","@id":"https:\/\/lyonbondyblog.fr\/LBB\/#organization","name":"LYON BONDY BLOG","url":"https:\/\/lyonbondyblog.fr\/LBB\/","logo":{"@type":"ImageObject","inLanguage":"fr-FR","@id":"https:\/\/lyonbondyblog.fr\/LBB\/#\/schema\/logo\/image\/","url":"http:\/\/lyonbondyblog.fr\/LBB\/wp-content\/uploads\/2014\/10\/logo-portable-144.png","contentUrl":"http:\/\/lyonbondyblog.fr\/LBB\/wp-content\/uploads\/2014\/10\/logo-portable-144.png","width":144,"height":123,"caption":"LYON BONDY BLOG"},"image":{"@id":"https:\/\/lyonbondyblog.fr\/LBB\/#\/schema\/logo\/image\/"},"sameAs":["https:\/\/www.facebook.com\/lyonbondyblog","https:\/\/x.com\/bondybloglyon"]},{"@type":"Person","@id":"https:\/\/lyonbondyblog.fr\/LBB\/#\/schema\/person\/e45f8d27baac75072daa0be50c409b25","name":"La r\u00e9daction","description":"Cr\u00e9e en 2008, la r\u00e9daction du Lyon Bondy Blog s'applique \u00e0 proposer une information locale diff\u00e9rente et compl\u00e9mentaire des m\u00e9dias traditionnels.","sameAs":["https:\/\/www.facebook.com\/lyonbondyblog","https:\/\/x.com\/BondyBlogLyon"],"url":"https:\/\/lyonbondyblog.fr\/LBB\/author\/admin\/"}]}},"_links":{"self":[{"href":"https:\/\/lyonbondyblog.fr\/LBB\/wp-json\/wp\/v2\/posts\/30828","targetHints":{"allow":["GET"]}}],"collection":[{"href":"https:\/\/lyonbondyblog.fr\/LBB\/wp-json\/wp\/v2\/posts"}],"about":[{"href":"https:\/\/lyonbondyblog.fr\/LBB\/wp-json\/wp\/v2\/types\/post"}],"author":[{"embeddable":true,"href":"https:\/\/lyonbondyblog.fr\/LBB\/wp-json\/wp\/v2\/users\/1"}],"replies":[{"embeddable":true,"href":"https:\/\/lyonbondyblog.fr\/LBB\/wp-json\/wp\/v2\/comments?post=30828"}],"version-history":[{"count":5,"href":"https:\/\/lyonbondyblog.fr\/LBB\/wp-json\/wp\/v2\/posts\/30828\/revisions"}],"predecessor-version":[{"id":30844,"href":"https:\/\/lyonbondyblog.fr\/LBB\/wp-json\/wp\/v2\/posts\/30828\/revisions\/30844"}],"wp:featuredmedia":[{"embeddable":true,"href":"https:\/\/lyonbondyblog.fr\/LBB\/wp-json\/wp\/v2\/media\/30833"}],"wp:attachment":[{"href":"https:\/\/lyonbondyblog.fr\/LBB\/wp-json\/wp\/v2\/media?parent=30828"}],"wp:term":[{"taxonomy":"category","embeddable":true,"href":"https:\/\/lyonbondyblog.fr\/LBB\/wp-json\/wp\/v2\/categories?post=30828"},{"taxonomy":"post_tag","embeddable":true,"href":"https:\/\/lyonbondyblog.fr\/LBB\/wp-json\/wp\/v2\/tags?post=30828"}],"curies":[{"name":"wp","href":"https:\/\/api.w.org\/{rel}","templated":true}]}}