{"id":3082,"date":"2010-02-17T16:42:14","date_gmt":"2010-02-17T15:42:14","guid":{"rendered":"http:\/\/lyonbondyblog.fr\/LBB\/?p=3082"},"modified":"2013-08-01T16:45:54","modified_gmt":"2013-08-01T14:45:54","slug":"vaulx-en-velin-se-met-aux-verts","status":"publish","type":"post","link":"https:\/\/lyonbondyblog.fr\/LBB\/vaulx-en-velin-se-met-aux-verts\/","title":{"rendered":"Vaulx-en-Velin se met aux verts"},"content":{"rendered":"<p><strong>REGIONALES 2010. Mardi, les t\u00eates de liste Europe \u00e9cologie s\u2019\u00e9taient donn\u00e9es rendez-vous \u00e0 Vaulx-en-Velin. Au programme\u00a0: un match de foot contre des jeunes vaudais et un d\u00e9bat anim\u00e9 avec les citoyens.<\/strong><\/p>\n<div><\/div>\n<div>\u00a0<a href=\"https:\/\/lyonbondyblog.fr\/LBB\/wp-content\/uploads\/2013\/08\/verts1_t.jpg\"><img loading=\"lazy\" decoding=\"async\" class=\"size-full wp-image-3085 alignleft\" alt=\"verts1_t\" src=\"https:\/\/lyonbondyblog.fr\/LBB\/wp-content\/uploads\/2013\/08\/verts1_t.jpg\" width=\"194\" height=\"145\" \/><\/a>Lorsque j\u2019arrive au Centre Social, le d\u00e9bat entre les candidats d\u2019Europe \u00e9cologie et les habitants a d\u00e9j\u00e0 commenc\u00e9.<i> <\/i>L\u2019ambiance se veut d\u00e9tendue, d\u2019autant plus que la rencontre a \u00e9t\u00e9 \u00a0pr\u00e9c\u00e9d\u00e9e d\u2019un match de foot entre les t\u00eates de liste du parti et des jeunes du quartier de la Grappini\u00e8re. Bref coup d\u2019\u0153il dans la salle\u00a0: une centaine de personnes sont pr\u00e9sentes, des candidats, des habitants et plusieurs cam\u00e9ras de t\u00e9l\u00e9vision dont TF1 et France 2.<\/div>\n<p>&nbsp;<\/p>\n<p>Les habitants n\u2019h\u00e9sitent pas \u00e0 prendre la parole. Au moment o\u00f9 j\u2019entre dans la pi\u00e8ce, un jeune est d&rsquo;ailleurs en train d\u2019interpeller Philippe Meirieu. Curieuse, je demande en chuchotant \u00e0 ma voisine quelle \u00e9tait la question du jeune homme . \u00ab\u00a0<i>Dites-moi pourquoi je voterai pour vous\u00a0?\u00a0\u00bb . \u00ab\u00a0Pour le moment je n\u2019ai pas \u00e9t\u00e9 convaincue. J\u2019attends de voir la suite\u00a0\u00bb<\/i> me dit-elle. C\u00e9cile Duflot \u00a0prend alors \u00a0la parole pour d\u00e9fendre le droit de vote et d\u2019\u00e9ligibilit\u00e9 des \u00e9trangers\u00a0:\u00a0<i>\u00ab\u00a0C\u2019est une exception europ\u00e9enne de refuser ces droits aux \u00e9trangers. C\u2019est le cas dans trois Etats de l\u2019Union Europ\u00e9enne dont la France\u00a0!\u00a0\u00bb.<\/p>\n<p><\/i><\/p>\n<p><i>\u00a0<\/i>Un autre habitant s\u2019adresse aux candidats\u00a0: <i>\u00ab\u00a0Quelle place accordez-vous aux jeunes au sein de votre mouvement\u00a0?\u00a0\u00bb <\/i>C\u2019est un jeune candidat d\u2019Europe \u00e9cologie, Elvan Uca, qui r\u00e9pond\u00a0:\u00a0<i>\u00ab\u00a0Il y a de nombreux candidats de moins de trente ans, issus de l\u2019immigration, \u00e0 \u00eatre en position d\u2019\u00e9ligibilit\u00e9 dans notre mouvement. Ce n\u2019est pas une ouverture des Verts mais\u00a0 un rassemblement de jeunes sur des listes. J\u2019avais d\u2019ailleurs propos\u00e9 une pr\u00e9sidence \u00e0 la jeunesse et \u00e0 la solidarit\u00e9 \u00e0 la jeunesse\u00a0\u00bb.<\/i>\u00a0\u00a0Une proposition qui fait r\u00e9agir C\u00e9cile Duflot\u00a0: <i>\u00ab\u00a0La politique se d\u00e9cline l\u00e0 o\u00f9 il y a des jeunes, dans les lyc\u00e9es au sein des CVL (conseil de vie lyc\u00e9enne), dans les associations sportives. Il faut voir de quelle fa\u00e7on on peut leur permettre de s\u2019exprimer\u00a0\u00bb.<\/i><\/p>\n<p>Nour (un <a href=\"http:\/\/yahoo.lyon.bondyblog.fr\/news\/nour-70-ans-francais-sans-papiers\">habitant de Vaulx-en-Velin<\/a> dont nous avions fait le portrait) interpelle alors directement les t\u00eates de liste sur sa situation\u00a0: n\u2019ayant pas pu refaire \u00e0 temps sa carte d\u2019identit\u00e9 fran\u00e7aise, Nour a re\u00e7u de la pr\u00e9fecture une <i>\u00abinvitation\u00a0\u00bb<\/i> \u00e0 quitter le territoire. \u00ab\u00a0<i>Je constate que les Fran\u00e7ais dont les parents ne sont pas n\u00e9s en France ont beaucoup de difficult\u00e9s \u00e0 renouveler leurs papiers. C&rsquo;est un scandale national.\u00a0\u00bb,<\/i> s\u2019indigne C\u00e9cile Duflot.<\/p>\n<p>Le d\u00e9bat touche \u00e0 sa fin. Je me dirige vers un groupe de jeunes (Amine a 18 ans, Ayupe 16 ans, Kamel 17 ans et Hakim 16 ans )\u00a0attroup\u00e9s autour du buffet pour reccueillir leurs impressions suite \u00e0 ce d\u00e9bat politique. Kamel est devenu \u00e9colo en une soir\u00e9e d\u2019apr\u00e8s ses amis\u00a0:\u00a0<i>\u00ab\u00a0L\u2019\u00e9cologie, c\u2019est l\u2019avenir surtout par rapport au r\u00e9chauffement climatique\u00a0!\u00a0\u00bb. \u00ab\u00a0C\u2019est vrai, mais je trouve, qu\u2019au bout du compte, on ne pense pas assez \u00e0 nous, les jeunes\u00a0!\u00a0\u00bb <\/i><i>r\u00e9pond <\/i><i>Ayupe.<\/i><\/p>\n<!-- AddThis Advanced Settings generic via filter on the_content --><!-- AddThis Share Buttons generic via filter on the_content -->","protected":false},"excerpt":{"rendered":"<p>REGIONALES 2010. Mardi, les t\u00eates de liste Europe \u00e9cologie s\u2019\u00e9taient donn\u00e9es rendez-vous \u00e0 Vaulx-en-Velin. Au programme\u00a0: un match de foot contre des jeunes vaudais et &hellip; <!-- AddThis Advanced Settings generic via filter on wp_trim_excerpt --><!-- AddThis Share Buttons generic via filter on wp_trim_excerpt --><\/p>\n","protected":false},"author":1,"featured_media":3085,"comment_status":"open","ping_status":"open","sticky":false,"template":"","format":"standard","meta":{"_FSMCFIC_featured_image_caption":"","_FSMCFIC_featured_image_nocaption":"","_FSMCFIC_featured_image_hide":"","footnotes":""},"categories":[6],"tags":[10,165,724],"class_list":["post-3082","post","type-post","status-publish","format-standard","has-post-thumbnail","hentry","category-politique","tag-lyon-2","tag-politique-2","tag-verts"],"yoast_head":"<!-- This site is optimized with the Yoast SEO plugin v22.8 - https:\/\/yoast.com\/wordpress\/plugins\/seo\/ -->\n<title>Vaulx-en-Velin se met aux verts  - Lyon Bondy Blog<\/title>\n<meta name=\"robots\" content=\"index, follow, max-snippet:-1, max-image-preview:large, max-video-preview:-1\" \/>\n<link rel=\"canonical\" href=\"https:\/\/lyonbondyblog.fr\/LBB\/vaulx-en-velin-se-met-aux-verts\/\" \/>\n<meta property=\"og:locale\" content=\"fr_FR\" \/>\n<meta property=\"og:type\" content=\"article\" \/>\n<meta property=\"og:title\" content=\"Vaulx-en-Velin se met aux verts  - Lyon Bondy Blog\" \/>\n<meta property=\"og:description\" content=\"REGIONALES 2010. Mardi, les t\u00eates de liste Europe \u00e9cologie s\u2019\u00e9taient donn\u00e9es rendez-vous \u00e0 Vaulx-en-Velin. Au programme\u00a0: un match de foot contre des jeunes vaudais et &hellip;\" \/>\n<meta property=\"og:url\" content=\"https:\/\/lyonbondyblog.fr\/LBB\/vaulx-en-velin-se-met-aux-verts\/\" \/>\n<meta property=\"og:site_name\" content=\"Lyon Bondy Blog\" \/>\n<meta property=\"article:publisher\" content=\"https:\/\/www.facebook.com\/lyonbondyblog\" \/>\n<meta property=\"article:author\" content=\"https:\/\/www.facebook.com\/lyonbondyblog\" \/>\n<meta property=\"article:published_time\" content=\"2010-02-17T15:42:14+00:00\" \/>\n<meta property=\"article:modified_time\" content=\"2013-08-01T14:45:54+00:00\" \/>\n<meta property=\"og:image\" content=\"https:\/\/lyonbondyblog.fr\/LBB\/wp-content\/uploads\/2013\/08\/verts1_t.jpg\" \/>\n\t<meta property=\"og:image:width\" content=\"194\" \/>\n\t<meta property=\"og:image:height\" content=\"145\" \/>\n\t<meta property=\"og:image:type\" content=\"image\/jpeg\" \/>\n<meta name=\"author\" content=\"La r\u00e9daction\" \/>\n<meta name=\"twitter:card\" content=\"summary_large_image\" \/>\n<meta name=\"twitter:creator\" content=\"@BondyBlogLyon\" \/>\n<meta name=\"twitter:site\" content=\"@bondybloglyon\" \/>\n<script type=\"application\/ld+json\" class=\"yoast-schema-graph\">{\"@context\":\"https:\/\/schema.org\",\"@graph\":[{\"@type\":\"Article\",\"@id\":\"https:\/\/lyonbondyblog.fr\/LBB\/vaulx-en-velin-se-met-aux-verts\/#article\",\"isPartOf\":{\"@id\":\"https:\/\/lyonbondyblog.fr\/LBB\/vaulx-en-velin-se-met-aux-verts\/\"},\"author\":{\"name\":\"La r\u00e9daction\",\"@id\":\"https:\/\/lyonbondyblog.fr\/LBB\/#\/schema\/person\/e45f8d27baac75072daa0be50c409b25\"},\"headline\":\"Vaulx-en-Velin se met aux verts\",\"datePublished\":\"2010-02-17T15:42:14+00:00\",\"dateModified\":\"2013-08-01T14:45:54+00:00\",\"mainEntityOfPage\":{\"@id\":\"https:\/\/lyonbondyblog.fr\/LBB\/vaulx-en-velin-se-met-aux-verts\/\"},\"wordCount\":544,\"commentCount\":0,\"publisher\":{\"@id\":\"https:\/\/lyonbondyblog.fr\/LBB\/#organization\"},\"image\":{\"@id\":\"https:\/\/lyonbondyblog.fr\/LBB\/vaulx-en-velin-se-met-aux-verts\/#primaryimage\"},\"thumbnailUrl\":\"https:\/\/lyonbondyblog.fr\/LBB\/wp-content\/uploads\/2013\/08\/verts1_t.jpg\",\"keywords\":[\"lyon\",\"politique\",\"verts\"],\"articleSection\":[\"Politique\"],\"inLanguage\":\"fr-FR\",\"potentialAction\":[{\"@type\":\"CommentAction\",\"name\":\"Comment\",\"target\":[\"https:\/\/lyonbondyblog.fr\/LBB\/vaulx-en-velin-se-met-aux-verts\/#respond\"]}]},{\"@type\":\"WebPage\",\"@id\":\"https:\/\/lyonbondyblog.fr\/LBB\/vaulx-en-velin-se-met-aux-verts\/\",\"url\":\"https:\/\/lyonbondyblog.fr\/LBB\/vaulx-en-velin-se-met-aux-verts\/\",\"name\":\"Vaulx-en-Velin se met aux verts - Lyon Bondy Blog\",\"isPartOf\":{\"@id\":\"https:\/\/lyonbondyblog.fr\/LBB\/#website\"},\"primaryImageOfPage\":{\"@id\":\"https:\/\/lyonbondyblog.fr\/LBB\/vaulx-en-velin-se-met-aux-verts\/#primaryimage\"},\"image\":{\"@id\":\"https:\/\/lyonbondyblog.fr\/LBB\/vaulx-en-velin-se-met-aux-verts\/#primaryimage\"},\"thumbnailUrl\":\"https:\/\/lyonbondyblog.fr\/LBB\/wp-content\/uploads\/2013\/08\/verts1_t.jpg\",\"datePublished\":\"2010-02-17T15:42:14+00:00\",\"dateModified\":\"2013-08-01T14:45:54+00:00\",\"inLanguage\":\"fr-FR\",\"potentialAction\":[{\"@type\":\"ReadAction\",\"target\":[\"https:\/\/lyonbondyblog.fr\/LBB\/vaulx-en-velin-se-met-aux-verts\/\"]}]},{\"@type\":\"ImageObject\",\"inLanguage\":\"fr-FR\",\"@id\":\"https:\/\/lyonbondyblog.fr\/LBB\/vaulx-en-velin-se-met-aux-verts\/#primaryimage\",\"url\":\"https:\/\/lyonbondyblog.fr\/LBB\/wp-content\/uploads\/2013\/08\/verts1_t.jpg\",\"contentUrl\":\"https:\/\/lyonbondyblog.fr\/LBB\/wp-content\/uploads\/2013\/08\/verts1_t.jpg\",\"width\":194,\"height\":145},{\"@type\":\"WebSite\",\"@id\":\"https:\/\/lyonbondyblog.fr\/LBB\/#website\",\"url\":\"https:\/\/lyonbondyblog.fr\/LBB\/\",\"name\":\"Lyon Bondy Blog\",\"description\":\"\",\"publisher\":{\"@id\":\"https:\/\/lyonbondyblog.fr\/LBB\/#organization\"},\"potentialAction\":[{\"@type\":\"SearchAction\",\"target\":{\"@type\":\"EntryPoint\",\"urlTemplate\":\"https:\/\/lyonbondyblog.fr\/LBB\/?s={search_term_string}\"},\"query-input\":\"required name=search_term_string\"}],\"inLanguage\":\"fr-FR\"},{\"@type\":\"Organization\",\"@id\":\"https:\/\/lyonbondyblog.fr\/LBB\/#organization\",\"name\":\"LYON BONDY BLOG\",\"url\":\"https:\/\/lyonbondyblog.fr\/LBB\/\",\"logo\":{\"@type\":\"ImageObject\",\"inLanguage\":\"fr-FR\",\"@id\":\"https:\/\/lyonbondyblog.fr\/LBB\/#\/schema\/logo\/image\/\",\"url\":\"http:\/\/lyonbondyblog.fr\/LBB\/wp-content\/uploads\/2014\/10\/logo-portable-144.png\",\"contentUrl\":\"http:\/\/lyonbondyblog.fr\/LBB\/wp-content\/uploads\/2014\/10\/logo-portable-144.png\",\"width\":144,\"height\":123,\"caption\":\"LYON BONDY BLOG\"},\"image\":{\"@id\":\"https:\/\/lyonbondyblog.fr\/LBB\/#\/schema\/logo\/image\/\"},\"sameAs\":[\"https:\/\/www.facebook.com\/lyonbondyblog\",\"https:\/\/x.com\/bondybloglyon\"]},{\"@type\":\"Person\",\"@id\":\"https:\/\/lyonbondyblog.fr\/LBB\/#\/schema\/person\/e45f8d27baac75072daa0be50c409b25\",\"name\":\"La r\u00e9daction\",\"description\":\"Cr\u00e9e en 2008, la r\u00e9daction du Lyon Bondy Blog s'applique \u00e0 proposer une information locale diff\u00e9rente et compl\u00e9mentaire des m\u00e9dias traditionnels.\",\"sameAs\":[\"https:\/\/www.facebook.com\/lyonbondyblog\",\"https:\/\/x.com\/BondyBlogLyon\"],\"url\":\"https:\/\/lyonbondyblog.fr\/LBB\/author\/admin\/\"}]}<\/script>\n<!-- \/ Yoast SEO plugin. -->","yoast_head_json":{"title":"Vaulx-en-Velin se met aux verts  - Lyon Bondy Blog","robots":{"index":"index","follow":"follow","max-snippet":"max-snippet:-1","max-image-preview":"max-image-preview:large","max-video-preview":"max-video-preview:-1"},"canonical":"https:\/\/lyonbondyblog.fr\/LBB\/vaulx-en-velin-se-met-aux-verts\/","og_locale":"fr_FR","og_type":"article","og_title":"Vaulx-en-Velin se met aux verts  - Lyon Bondy Blog","og_description":"REGIONALES 2010. Mardi, les t\u00eates de liste Europe \u00e9cologie s\u2019\u00e9taient donn\u00e9es rendez-vous \u00e0 Vaulx-en-Velin. Au programme\u00a0: un match de foot contre des jeunes vaudais et &hellip;","og_url":"https:\/\/lyonbondyblog.fr\/LBB\/vaulx-en-velin-se-met-aux-verts\/","og_site_name":"Lyon Bondy Blog","article_publisher":"https:\/\/www.facebook.com\/lyonbondyblog","article_author":"https:\/\/www.facebook.com\/lyonbondyblog","article_published_time":"2010-02-17T15:42:14+00:00","article_modified_time":"2013-08-01T14:45:54+00:00","og_image":[{"width":194,"height":145,"url":"https:\/\/lyonbondyblog.fr\/LBB\/wp-content\/uploads\/2013\/08\/verts1_t.jpg","type":"image\/jpeg"}],"author":"La r\u00e9daction","twitter_card":"summary_large_image","twitter_creator":"@BondyBlogLyon","twitter_site":"@bondybloglyon","schema":{"@context":"https:\/\/schema.org","@graph":[{"@type":"Article","@id":"https:\/\/lyonbondyblog.fr\/LBB\/vaulx-en-velin-se-met-aux-verts\/#article","isPartOf":{"@id":"https:\/\/lyonbondyblog.fr\/LBB\/vaulx-en-velin-se-met-aux-verts\/"},"author":{"name":"La r\u00e9daction","@id":"https:\/\/lyonbondyblog.fr\/LBB\/#\/schema\/person\/e45f8d27baac75072daa0be50c409b25"},"headline":"Vaulx-en-Velin se met aux verts","datePublished":"2010-02-17T15:42:14+00:00","dateModified":"2013-08-01T14:45:54+00:00","mainEntityOfPage":{"@id":"https:\/\/lyonbondyblog.fr\/LBB\/vaulx-en-velin-se-met-aux-verts\/"},"wordCount":544,"commentCount":0,"publisher":{"@id":"https:\/\/lyonbondyblog.fr\/LBB\/#organization"},"image":{"@id":"https:\/\/lyonbondyblog.fr\/LBB\/vaulx-en-velin-se-met-aux-verts\/#primaryimage"},"thumbnailUrl":"https:\/\/lyonbondyblog.fr\/LBB\/wp-content\/uploads\/2013\/08\/verts1_t.jpg","keywords":["lyon","politique","verts"],"articleSection":["Politique"],"inLanguage":"fr-FR","potentialAction":[{"@type":"CommentAction","name":"Comment","target":["https:\/\/lyonbondyblog.fr\/LBB\/vaulx-en-velin-se-met-aux-verts\/#respond"]}]},{"@type":"WebPage","@id":"https:\/\/lyonbondyblog.fr\/LBB\/vaulx-en-velin-se-met-aux-verts\/","url":"https:\/\/lyonbondyblog.fr\/LBB\/vaulx-en-velin-se-met-aux-verts\/","name":"Vaulx-en-Velin se met aux verts - Lyon Bondy Blog","isPartOf":{"@id":"https:\/\/lyonbondyblog.fr\/LBB\/#website"},"primaryImageOfPage":{"@id":"https:\/\/lyonbondyblog.fr\/LBB\/vaulx-en-velin-se-met-aux-verts\/#primaryimage"},"image":{"@id":"https:\/\/lyonbondyblog.fr\/LBB\/vaulx-en-velin-se-met-aux-verts\/#primaryimage"},"thumbnailUrl":"https:\/\/lyonbondyblog.fr\/LBB\/wp-content\/uploads\/2013\/08\/verts1_t.jpg","datePublished":"2010-02-17T15:42:14+00:00","dateModified":"2013-08-01T14:45:54+00:00","inLanguage":"fr-FR","potentialAction":[{"@type":"ReadAction","target":["https:\/\/lyonbondyblog.fr\/LBB\/vaulx-en-velin-se-met-aux-verts\/"]}]},{"@type":"ImageObject","inLanguage":"fr-FR","@id":"https:\/\/lyonbondyblog.fr\/LBB\/vaulx-en-velin-se-met-aux-verts\/#primaryimage","url":"https:\/\/lyonbondyblog.fr\/LBB\/wp-content\/uploads\/2013\/08\/verts1_t.jpg","contentUrl":"https:\/\/lyonbondyblog.fr\/LBB\/wp-content\/uploads\/2013\/08\/verts1_t.jpg","width":194,"height":145},{"@type":"WebSite","@id":"https:\/\/lyonbondyblog.fr\/LBB\/#website","url":"https:\/\/lyonbondyblog.fr\/LBB\/","name":"Lyon Bondy Blog","description":"","publisher":{"@id":"https:\/\/lyonbondyblog.fr\/LBB\/#organization"},"potentialAction":[{"@type":"SearchAction","target":{"@type":"EntryPoint","urlTemplate":"https:\/\/lyonbondyblog.fr\/LBB\/?s={search_term_string}"},"query-input":"required name=search_term_string"}],"inLanguage":"fr-FR"},{"@type":"Organization","@id":"https:\/\/lyonbondyblog.fr\/LBB\/#organization","name":"LYON BONDY BLOG","url":"https:\/\/lyonbondyblog.fr\/LBB\/","logo":{"@type":"ImageObject","inLanguage":"fr-FR","@id":"https:\/\/lyonbondyblog.fr\/LBB\/#\/schema\/logo\/image\/","url":"http:\/\/lyonbondyblog.fr\/LBB\/wp-content\/uploads\/2014\/10\/logo-portable-144.png","contentUrl":"http:\/\/lyonbondyblog.fr\/LBB\/wp-content\/uploads\/2014\/10\/logo-portable-144.png","width":144,"height":123,"caption":"LYON BONDY BLOG"},"image":{"@id":"https:\/\/lyonbondyblog.fr\/LBB\/#\/schema\/logo\/image\/"},"sameAs":["https:\/\/www.facebook.com\/lyonbondyblog","https:\/\/x.com\/bondybloglyon"]},{"@type":"Person","@id":"https:\/\/lyonbondyblog.fr\/LBB\/#\/schema\/person\/e45f8d27baac75072daa0be50c409b25","name":"La r\u00e9daction","description":"Cr\u00e9e en 2008, la r\u00e9daction du Lyon Bondy Blog s'applique \u00e0 proposer une information locale diff\u00e9rente et compl\u00e9mentaire des m\u00e9dias traditionnels.","sameAs":["https:\/\/www.facebook.com\/lyonbondyblog","https:\/\/x.com\/BondyBlogLyon"],"url":"https:\/\/lyonbondyblog.fr\/LBB\/author\/admin\/"}]}},"_links":{"self":[{"href":"https:\/\/lyonbondyblog.fr\/LBB\/wp-json\/wp\/v2\/posts\/3082","targetHints":{"allow":["GET"]}}],"collection":[{"href":"https:\/\/lyonbondyblog.fr\/LBB\/wp-json\/wp\/v2\/posts"}],"about":[{"href":"https:\/\/lyonbondyblog.fr\/LBB\/wp-json\/wp\/v2\/types\/post"}],"author":[{"embeddable":true,"href":"https:\/\/lyonbondyblog.fr\/LBB\/wp-json\/wp\/v2\/users\/1"}],"replies":[{"embeddable":true,"href":"https:\/\/lyonbondyblog.fr\/LBB\/wp-json\/wp\/v2\/comments?post=3082"}],"version-history":[{"count":0,"href":"https:\/\/lyonbondyblog.fr\/LBB\/wp-json\/wp\/v2\/posts\/3082\/revisions"}],"wp:featuredmedia":[{"embeddable":true,"href":"https:\/\/lyonbondyblog.fr\/LBB\/wp-json\/wp\/v2\/media\/3085"}],"wp:attachment":[{"href":"https:\/\/lyonbondyblog.fr\/LBB\/wp-json\/wp\/v2\/media?parent=3082"}],"wp:term":[{"taxonomy":"category","embeddable":true,"href":"https:\/\/lyonbondyblog.fr\/LBB\/wp-json\/wp\/v2\/categories?post=3082"},{"taxonomy":"post_tag","embeddable":true,"href":"https:\/\/lyonbondyblog.fr\/LBB\/wp-json\/wp\/v2\/tags?post=3082"}],"curies":[{"name":"wp","href":"https:\/\/api.w.org\/{rel}","templated":true}]}}