{"id":30770,"date":"2022-09-08T18:00:00","date_gmt":"2022-09-08T16:00:00","guid":{"rendered":"http:\/\/lyonbondyblog.fr\/LBB\/?p=30770"},"modified":"2022-09-08T18:39:47","modified_gmt":"2022-09-08T16:39:47","slug":"precarite-etudiante-nouvelle-ministre-nouveaux-espoirs-de-changements","status":"publish","type":"post","link":"https:\/\/lyonbondyblog.fr\/LBB\/precarite-etudiante-nouvelle-ministre-nouveaux-espoirs-de-changements\/","title":{"rendered":"Pr\u00e9carit\u00e9 \u00e9tudiante : nouvelle ministre, nouveaux espoirs de changements ?"},"content":{"rendered":"\n<h2 class=\"wp-block-heading\">Lors de sa visite \u00e0 Lyon vendredi 2 septembre, la ministre de l\u2019enseignement sup\u00e9rieur Sylvie Retailleau a rappel\u00e9 les mesures d\u2019urgence du gouvernement \u00e0 destination des \u00e9tudiants. Alors que des concertations auront lieu cet automne pour r\u00e9former plus en profondeur la vie \u00e9tudiante, les r\u00e9actions des acteurs concern\u00e9s ne se sont pas fait attendre.<\/h2>\n\n\n\n<p>\u00ab\u00a0<em>Je suis avant tout la ministre des \u00e9tudiants et des \u00e9tudiantes<\/em>\u00a0\u00bb, a d\u00e9clar\u00e9 <a href=\"https:\/\/twitter.com\/sretailleau\" target=\"_blank\" rel=\"noreferrer noopener\">Sylvie Retailleau<\/a>, nouvelle ministre de l\u2019enseignement sup\u00e9rieur, lors de sa visite \u00e0 Lyon le vendredi 2 septembre. Pour autant, les dispositifs de soutien apport\u00e9s aux \u00e9tudiants lors de la crise sanitaire ont \u00e9t\u00e9 qualifi\u00e9s de \u00ab\u00a0tardifs\u00a0\u00bb et de \u00ab\u00a0d\u00e9cevants\u00a0\u00bb dans un <a href=\"https:\/\/www.francetvinfo.fr\/sante\/maladie\/coronavirus\/neuf-critiques-a-retenir-du-rapport-de-la-cour-des-comptes-sur-la-gestion-de-la-crise-sanitaire_4964460.html\">rapport<\/a> de la Cour des comptes. L\u2019ancienne pr\u00e9sidente d\u2019universit\u00e9 souhaite tous de m\u00eame montrer que \u00ab\u00a0<em>Face \u00e0 la hausse des prix<\/em>, <em>l\u2019\u00c9tat agit<\/em>\u00a0\u00bb, un slogan pas tout \u00e0 fait juste pour certains.<\/p>\n\n\n\n<h2 class=\"wp-block-heading\"><strong>Une perte de pouvoir d\u2019achat pour les \u00e9tudiants<\/strong><\/h2>\n\n\n\n<p>Pour son deuxi\u00e8me d\u00e9placement de la rentr\u00e9e, Sylvie Retailleau a choisi de se rendre \u00e0 la r\u00e9sidence CROUS Claudie Haigner\u00e9 dans le 8<sup>\u00e8me<\/sup> arrondissement de Lyon, fra\u00eechement reconstruite pour 38 millions d\u2019euros. Elle comprend notamment 656 studios flambants neufs et relativement spacieux. Une modeste r\u00e9ussite face \u00e0 l\u2019ampleur de la t\u00e2che&nbsp;: en <a href=\"https:\/\/www.grandlyon.com\/fileadmin\/user_upload\/media\/pdf\/espace-presse\/dp\/2021\/20210225_dp_precarite_etudiante.pdf\">2021<\/a>, le territoire m\u00e9tropolitain comptait 17&nbsp;400 places en r\u00e9sidences universitaires pour 180&nbsp;000 \u00e9tudiants.<\/p>\n\n\n\n<p>Si la crise du logement \u00e9tudiant s\u2019inscrivait en filigrane de la visite, l\u2019axe majeur concernait la r<a href=\"https:\/\/www.enseignementsup-recherche.gouv.fr\/fr\/proteger-le-pouvoir-d-achat-des-francais-des-mesures-specifiquement-consacrees-au-pouvoir-d-achat-86194\" target=\"_blank\" rel=\"noreferrer noopener\">\u00e9ponse de l\u2019\u00c9tat<\/a> face \u00e0 l\u2019inflation. Il propose une revalorisation des bourses \u00e9tudiantes et des APL (Aide Personnalis\u00e9e au Logement) de respectivement 4% et 3,5%, un ch\u00e8que exceptionnel de 100 euros pour les boursiers et les \u00e9tudiants touchant l\u2019APL ainsi que la poursuite des repas CROUS \u00e0 1 euros. \u00ab\u00a0<em>C\u2019est un pas qui a \u00e9t\u00e9 fait vers les \u00e9tudiants pour essayer de solutionner leur pr\u00e9carit\u00e9 mais on se rend compte que c\u2019est totalement insuffisant\u00a0\u00bb, <\/em>d\u00e9plore <a href=\"https:\/\/www.youtube.com\/watch?v=OlIvVBPwL7s\" target=\"_blank\" rel=\"noreferrer noopener\">Laure Morin<\/a>, pr\u00e9sidente de la f\u00e9d\u00e9ration \u00e9tudiante <a href=\"https:\/\/gaelis.fr\/\" target=\"_blank\" rel=\"noreferrer noopener\">Gaelis <\/a>qui regroupe 58 associations.<em> \u00ab\u00a0L\u2019inflation est calcul\u00e9e \u00e0 6,8% fin juillet et estim\u00e9e \u00e0 9% pour le mois de d\u00e9cembre. On se rend bien compte que la revalorisation des bourses de 4%, qui repr\u00e9sente quatre euros pour le plus petit \u00e9chelon des bourses attribu\u00e9es, ne suffit pas <\/em>\u00bb.<\/p>\n\n\n\n<p>Gaelis, dans son <a href=\"https:\/\/gaelis.fr\/cout-de-la-rentree-2022\/\" target=\"_blank\" rel=\"noreferrer noopener\">dossier<\/a> sur l\u2019indicateur du co\u00fbt de la rentr\u00e9e, pointe que tous les p\u00f4les de d\u00e9penses ont augment\u00e9, du loyer aux frais de sant\u00e9. Pour l\u2019ann\u00e9e 2022-2023, faire sa rentr\u00e9e \u00e0 Lyon co\u00fbte 2516,59 euros, soit une hausse de 4,4% par rapport \u00e0 l\u2019ann\u00e9e derni\u00e8re. C\u2019est 170 euros de plus en 3 ans. Alors qu\u2019au niveau national, le co\u00fbt de la vie \u00e9tudiante a bondit de <a href=\"https:\/\/www.radiofrance.fr\/franceinter\/le-cout-de-la-vie-etudiante-augmente-de-428-euros-sur-l-annee-d-apres-l-unef-3701885\" target=\"_blank\" rel=\"noreferrer noopener\">6,47%<\/a> selon l\u2019UNEF, les syndicats \u00e9tudiants ont demand\u00e9 dans une <a href=\"https:\/\/solidaires-etudiant-e-s.org\/site\/2022\/08\/01\/nouveau-quinquennat-mais-rien-de-nouveau-pour-les-jeunes\/\" target=\"_blank\" rel=\"noreferrer noopener\">tribune<\/a> sign\u00e9e le 1<sup>er<\/sup> ao\u00fbt \u00ab\u00a0<em>une revalorisation significative<\/em> <em>et nettement sup\u00e9rieure \u00e0 l\u2019inflation des bourses et des APL<\/em>\u00a0\u00bb. Face \u00e0 l\u2019insatisfaction sur le montant des aides, la ministre a soulign\u00e9 qu\u2019il s\u2019agit \u00ab\u00a0<em>d\u2019un paquet de mesures<\/em> (\u2026) <em>C\u2019est comme \u00e7a qu\u2019il faut le prendre. Il faut, lorsqu\u2019on calcule la diff\u00e9rence entre le 4% d\u2019augmentation des bourses et l\u2019inflation \u00e0 7% prendre en compte les autres aides mises en place.<\/em> <em>Un \u00e9tudiant qui va manger au Crous le midi et le soir pour un euro \u00e9conomise environ 100 euros par mois<\/em>\u00a0\u00bb.<\/p>\n\n\n\n<div class=\"wp-block-image\"><figure class=\"aligncenter size-large is-resized\"><img loading=\"lazy\" decoding=\"async\" src=\"https:\/\/lyonbondyblog.fr\/LBB\/wp-content\/uploads\/2022\/09\/IMG_3759-1920x1080.jpg\" alt=\"\" class=\"wp-image-30772\" width=\"784\" height=\"441\" srcset=\"https:\/\/lyonbondyblog.fr\/LBB\/wp-content\/uploads\/2022\/09\/IMG_3759-1920x1080.jpg 1920w, https:\/\/lyonbondyblog.fr\/LBB\/wp-content\/uploads\/2022\/09\/IMG_3759-1200x675.jpg 1200w, https:\/\/lyonbondyblog.fr\/LBB\/wp-content\/uploads\/2022\/09\/IMG_3759-768x432.jpg 768w, https:\/\/lyonbondyblog.fr\/LBB\/wp-content\/uploads\/2022\/09\/IMG_3759-1536x864.jpg 1536w, https:\/\/lyonbondyblog.fr\/LBB\/wp-content\/uploads\/2022\/09\/IMG_3759-2048x1152.jpg 2048w\" sizes=\"auto, (max-width: 784px) 100vw, 784px\" \/><figcaption>Un \u00e9tudiant, la ministre de l&rsquo;enseignement sup\u00e9rieure Sylvie Retailleau, l&rsquo;adjoint au logement \u00e0 la M\u00e9tropole de Lyon Renaud Payre, la d\u00e9put\u00e9e de la 4\u00e8me circonscription du Rh\u00f4ne Anne Brugnera, lors de la visite de la ministre \u00e0 la r\u00e9sidence CROUS Claudie Haigner\u00e9 le 2 septembre dernier. Cr\u00e9dit : Aurore Ployer<\/figcaption><\/figure><\/div>\n\n\n\n<h2 class=\"wp-block-heading\"><strong>Un \u00c9tat qui reste d\u00e9muni face \u00e0 la p\u00e9nurie de logements<\/strong><\/h2>\n\n\n\n<p>Tandis que le pays ne dispose que de <a href=\"https:\/\/www.lemonde.fr\/campus\/article\/2022\/06\/07\/la-penurie-de-logements-etudiants-un-mal-systemique-qui-freine-les-jeunes-dans-l-acces-aux-etudes_6129152_4401467.html\" target=\"_blank\" rel=\"noreferrer noopener\">380 000 places<\/a> en r\u00e9sidence publique ou priv\u00e9e pour 2,7 millions d\u2019\u00e9tudiants, Sylvie Retailleau a rappel\u00e9 lors de sa visite \u00e0 Lyon l\u2019existence du <a href=\"https:\/\/www.aefinfo.fr\/depeche\/659713-plan-60-000-36-000-logements-etudiants-mis-en-service-a-ce-jour-fage-et-unef-deplorent-un-manque-d-ambition\" target=\"_blank\" rel=\"noreferrer noopener\">plan 60\u00a0000<\/a> logements adopt\u00e9 en 2017. Depuis cette date, seules 35\u00a0926 places ont \u00e9t\u00e9 mises en service. Dans la m\u00e9tropole de Lyon, ce plan se d\u00e9cline par la construction de 650 logements par an, dont l\u2019objectif a \u00e9t\u00e9 atteint cette ann\u00e9e. <a href=\"https:\/\/www.grandlyon.com\/elu\/renaud-payre\" target=\"_blank\" rel=\"noreferrer noopener\">Renaud Payre<\/a>, adjoint \u00e0 l\u2019habitat et au logement, r\u00e9p\u00e8te cependant que cette mesure \u00ab\u00a0<em>ne suffira pas<\/em>\u00a0(\u2026) \u00a0<em>il y a une p\u00e9nurie de logement sur notre m\u00e9tropole qui impacte ceux qui ont le moins de ressource, les jeunes de mani\u00e8re globale et les \u00e9tudiants, dont 40% sont boursiers<\/em>\u00a0\u00bb. A l\u2019instar de Y\u00e9liz, 18 ans, \u00e9tudiante en licence 2 de langue, qui cherche un logement depuis 3 mois. Se rendre au <a href=\"https:\/\/lyon.info-jeunes.fr\/salon-du-logement-pour-les-jeunes-lyon\" target=\"_blank\" rel=\"noreferrer noopener\">salon du logement pour les jeunes<\/a> le 7 septembre repr\u00e9sentait l\u2019une de ses derni\u00e8res pistes alors que ses cours ont d\u00e9j\u00e0 commenc\u00e9. \u00ab\u00a0<em>J\u2019ai \u00e9t\u00e9 refus\u00e9e par le CROUS je ne sais combien de fois. J\u2019ai fait face \u00e0 pas mal d\u2019arnaques sur LeBoncoin et mes visites chez des particuliers n\u2019ont rien donn\u00e9. J\u2019habite \u00e0 une heure de Lyon. J\u2019ai d\u00fb augmenter mon budget de 500 \u00e0 600 euros maximum. Je vais devoir travailler car cela devient compliqu\u00e9 pour mes parents de payer deux loyers\u00a0\u00bb.<\/em><\/p>\n\n\n\n<p>Pour Renaud Payre, la solution r\u00e9side dans \u00ab\u00a0<em>une politique du gouvernement plus offensive du foncier<\/em>\u00a0\u00bb, alors m\u00eame que la production de logement a baiss\u00e9 de 25% par rapport au quinquennat pr\u00e9c\u00e9dent notamment \u00e0 cause de la crise sanitaire. L\u2019offre est tellement inf\u00e9rieure \u00e0 la demande que les zones tendues comme la M\u00e9tropole de Lyon peuvent exp\u00e9rimenter l\u2019<a href=\"https:\/\/www.service-public.fr\/particuliers\/vosdroits\/F1314\" target=\"_blank\" rel=\"noreferrer noopener\">encadrement des loyers<\/a> depuis 2021. <em>\u00ab\u00a0Il y a d\u00e9j\u00e0 des effets, les loyers des logements de petites surfaces baissent. \u00c7a ne permet certes pas \u00e0 plus de se loger mais que des personnes aux ressources limit\u00e9es puissent d\u00e9poser leur dossier\u00a0\u00bb, <\/em>assure l\u2019adjoint \u00e0 l\u2019habitat. Il ajoute : \u00ab\u00a0<em>comme nous le faisons \u00e0 l\u2019\u00e9chelle de la M\u00e9tropole, il faut que l\u2019\u00c9tat fasse preuve d\u2019inventivit\u00e9\u00a0\u00bb. <\/em>Par exemple, recenser les logements vacants ou les logements qui disposent d\u2019une pi\u00e8ce pouvant \u00eatre occup\u00e9e par un \u00e9tudiant ou un jeune actif, mais la sous-location n\u2019autorise pas \u00e0 toucher les APL. \u00ab\u00a0<em>J\u2019ai demand\u00e9 \u00e0 la ministre de l\u2019enseignement sup\u00e9rieur qu\u2019on se retrouve au d\u00e9but de l\u2019ann\u00e9e 2023, pour voir si l\u2019\u00c9tat nous accompagne sur des dispositifs nouveaux, qui permettront de sous-louer une chambre et d\u2019avoir une aide. Ma cible, ce sont l\u2019ensemble des jeunes qui sont victimes du mal-logement dans notre M\u00e9tropole<\/em>.<em> On est \u00e0 la crois\u00e9e des chemins, si on continue comme \u00e7a, notre territoire ressemblera \u00e0 la r\u00e9gion parisienne <\/em>\u00bb.<\/p>\n\n\n\n<figure class=\"wp-block-gallery columns-2 is-cropped wp-block-gallery-1 is-layout-flex wp-block-gallery-is-layout-flex\"><ul class=\"blocks-gallery-grid\"><li class=\"blocks-gallery-item\"><figure><img loading=\"lazy\" decoding=\"async\" width=\"1920\" height=\"1440\" src=\"https:\/\/lyonbondyblog.fr\/LBB\/wp-content\/uploads\/2022\/09\/IMG_3789-1920x1440.jpg\" alt=\"\" data-id=\"30775\" data-full-url=\"https:\/\/lyonbondyblog.fr\/LBB\/wp-content\/uploads\/2022\/09\/IMG_3789-scaled.jpg\" data-link=\"https:\/\/lyonbondyblog.fr\/LBB\/?attachment_id=30775\" class=\"wp-image-30775\" srcset=\"https:\/\/lyonbondyblog.fr\/LBB\/wp-content\/uploads\/2022\/09\/IMG_3789-1920x1440.jpg 1920w, https:\/\/lyonbondyblog.fr\/LBB\/wp-content\/uploads\/2022\/09\/IMG_3789-1200x900.jpg 1200w, https:\/\/lyonbondyblog.fr\/LBB\/wp-content\/uploads\/2022\/09\/IMG_3789-768x576.jpg 768w, https:\/\/lyonbondyblog.fr\/LBB\/wp-content\/uploads\/2022\/09\/IMG_3789-1536x1152.jpg 1536w, https:\/\/lyonbondyblog.fr\/LBB\/wp-content\/uploads\/2022\/09\/IMG_3789-2048x1536.jpg 2048w\" sizes=\"auto, (max-width: 1920px) 100vw, 1920px\" \/><\/figure><\/li><li class=\"blocks-gallery-item\"><figure><img loading=\"lazy\" decoding=\"async\" width=\"1920\" height=\"1080\" src=\"https:\/\/lyonbondyblog.fr\/LBB\/wp-content\/uploads\/2022\/09\/IMG_3788-1920x1080.jpg\" alt=\"\" data-id=\"30774\" data-full-url=\"https:\/\/lyonbondyblog.fr\/LBB\/wp-content\/uploads\/2022\/09\/IMG_3788-scaled.jpg\" data-link=\"https:\/\/lyonbondyblog.fr\/LBB\/?attachment_id=30774\" class=\"wp-image-30774\" srcset=\"https:\/\/lyonbondyblog.fr\/LBB\/wp-content\/uploads\/2022\/09\/IMG_3788-1920x1080.jpg 1920w, https:\/\/lyonbondyblog.fr\/LBB\/wp-content\/uploads\/2022\/09\/IMG_3788-1200x675.jpg 1200w, https:\/\/lyonbondyblog.fr\/LBB\/wp-content\/uploads\/2022\/09\/IMG_3788-768x432.jpg 768w, https:\/\/lyonbondyblog.fr\/LBB\/wp-content\/uploads\/2022\/09\/IMG_3788-1536x864.jpg 1536w, https:\/\/lyonbondyblog.fr\/LBB\/wp-content\/uploads\/2022\/09\/IMG_3788-2048x1152.jpg 2048w\" sizes=\"auto, (max-width: 1920px) 100vw, 1920px\" \/><\/figure><\/li><\/ul><figcaption class=\"blocks-gallery-caption\">Salon du logement \u00e9tudiant, jeudi 7 septembre 2022. Cr\u00e9dit : Aurore Ployer<\/figcaption><\/figure>\n\n\n\n<h2 class=\"wp-block-heading\"><strong>Vers la concertation&nbsp;?<\/strong><\/h2>\n\n\n\n<p>Les mesures d\u2019urgence vot\u00e9es en juillet 2022 et rappel\u00e9es par Sylvie Retailleau en cette rentr\u00e9e ne font pas oublier les difficult\u00e9s de fond auxquelles font face les \u00e9tablissements d\u2019enseignement sup\u00e9rieur, au premier rang desquelles la pr\u00e9carit\u00e9 \u00e9tudiante. Face \u00e0 ce dossier de plus en plus br\u00fblant, la ministre a annonc\u00e9 des concertations cet automne&nbsp;: \u00ab&nbsp;<em>nous allons compl\u00e9ter ces mesures conjoncturelles par une r\u00e9flexion sur des mesures structurelles d\u00e8s la rentr\u00e9e, en concertation avec les organisations repr\u00e9sentatives, sur tous les volets de la vie \u00e9tudiante, en particulier sur l\u2019aide sociale et la sant\u00e9&nbsp;\u00bb.<\/em><\/p>\n\n\n\n<p>La <a href=\"https:\/\/www.fage.org\/\" target=\"_blank\" rel=\"noreferrer noopener\">FAGE<\/a>, grande organisation \u00e9tudiante repr\u00e9sentative, l\u2019affirme\u00a0: \u00ab\u00a0<em>seule une r\u00e9forme profonde du syst\u00e8me d\u2019aides sociales \u00e9tudiantes peut aujourd\u2019hui r\u00e9pondre \u00e0 la mis\u00e8re \u00e9tudiante\u00a0\u00bb. <\/em>L\u2019ann\u00e9e derni\u00e8re, <a href=\"https:\/\/www.enseignementsup-recherche.gouv.fr\/fr\/les-boursiers-sur-criteres-sociaux-en-2020-2021-50552#:~:text=En%202020%2D2021%2C%20750%20000,hausse%20de%201%2C6%20point.\" target=\"_blank\" rel=\"noreferrer noopener\">38,4%<\/a> des \u00e9tudiants \u00e9taient boursiers. Le syndicat milite \u00e9galement pour la suppression du syst\u00e8me \u00e0 \u00e9chelon afin de parvenir \u00e0<em> \u00ab\u00a0une prise en compte des r\u00e9els revenus et besoin des \u00e9tudiants \u00bb. <\/em>Revaloriser l\u2019APL, l\u2019indexer sur l\u2019inflation et la calculer selon le loyer moyen du bassin de vie fait \u00e9galement partie de leurs revendications. Selon une enqu\u00eate de l\u2019Observatoire National de la vie \u00e9tudiante, <a href=\"https:\/\/www.letudiant.fr\/jobsstages\/pourquou-40-des-etudiants-ont-un-emploi-a-cote-de-leurs-etudes.html\" target=\"_blank\" rel=\"noreferrer noopener\">40% <\/a>des \u00e9tudiants travaillent en parall\u00e8le de leurs \u00e9tudes pour subvenir \u00e0 leurs besoins, multipliant les risques d\u2019\u00e9chec.<\/p>\n\n\n\n<p>Concernant la sant\u00e9 mentale, Sylvie Retailleau affirme qu\u2019elle sera \u00ab\u00a0<em>au c\u0153ur<\/em>\u00a0\u00bb des prochaines concertations. Selon une <a href=\"https:\/\/presse.inserm.fr\/en\/covid-19-le-lourd-impact-de-lepidemie-sur-la-sante-mentale-des-etudiants-notamment-pendant-les-periodes-de-confinements\/44052\/\" target=\"_blank\" rel=\"noreferrer noopener\">enqu\u00eate <\/a>de l\u2019Inserm et de l\u2019Universit\u00e9 de Bordeaux, 36% des \u00e9tudiants interrog\u00e9s pr\u00e9sentent des troubles d\u00e9pressifs. \u00ab\u00a0<em>Il faut quinze fois plus de psychologues dans les services de sant\u00e9 universitaires. On en a que deux sur le territoire de Lyon, c\u2019est largement insuffisant, mais je pense que la ministre a bien conscience du probl\u00e8me.\u00a0\u00bb, <\/em>confie Laure Morin de Gaelis. \u00ab\u00a0<em>On attend beaucoup de ce que la ministre nous a dit et on attend de voir des choses concr\u00e8tes<\/em>\u00a0\u00bb, conclut-elle. <\/p>\n\n\n\n<p class=\"has-text-align-right\"><strong>Aurore Ployer<\/strong><\/p>\n\n\n\n<p><strong>Retrouvez nos derniers articles ici :<\/strong><\/p>\n\n\n<ul class=\"wp-block-latest-posts__list wp-block-latest-posts\"><li><a class=\"wp-block-latest-posts__post-title\" href=\"https:\/\/lyonbondyblog.fr\/LBB\/theatre-bingo-loto-et-impro\/\">Th\u00e9\u00e2tre : Bingo-loto et impro\u00a0<\/a><\/li>\n<li><a class=\"wp-block-latest-posts__post-title\" href=\"https:\/\/lyonbondyblog.fr\/LBB\/fetes-escales-tour-du-monde-a-venissieux\/\">F\u00eates Escales : tour du monde \u00e0 V\u00e9nissieux<\/a><\/li>\n<li><a class=\"wp-block-latest-posts__post-title\" href=\"https:\/\/lyonbondyblog.fr\/LBB\/jeunes-davenirs-la-jeunesse-a-venir\/\">Jeunes d\u2019Avenirs\u00a0: la jeunesse \u00e0 venir<\/a><\/li>\n<li><a class=\"wp-block-latest-posts__post-title\" href=\"https:\/\/lyonbondyblog.fr\/LBB\/le-tribunal-refuse-la-liberation-provisoire-dun-homme-poursuivi-pour-violences-aggravees\/\">Le tribunal refuse la lib\u00e9ration provisoire d\u2019un homme poursuivi pour violences aggrav\u00e9es<\/a><\/li>\n<li><a class=\"wp-block-latest-posts__post-title\" href=\"https:\/\/lyonbondyblog.fr\/LBB\/la-poesie-au-theatre-la-generale-de-la-proposition-musicale-et-litteraire-dalain-klingler\/\">La po\u00e9sie au th\u00e9\u00e2tre\u00a0: la g\u00e9n\u00e9rale de la proposition musicale et litt\u00e9raire d\u2019Alain Klingler<\/a><\/li>\n<\/ul><!-- AddThis Advanced Settings generic via filter on the_content --><!-- AddThis Share Buttons generic via filter on the_content -->","protected":false},"excerpt":{"rendered":"<p>Lors de sa visite \u00e0 Lyon vendredi 2 septembre, la ministre de l\u2019enseignement sup\u00e9rieur Sylvie Retailleau a rappel\u00e9 les mesures d\u2019urgence du gouvernement \u00e0 destination &hellip; <!-- AddThis Advanced Settings generic via filter on wp_trim_excerpt --><!-- AddThis Share Buttons generic via filter on wp_trim_excerpt --><\/p>\n","protected":false},"author":31865,"featured_media":30773,"comment_status":"open","ping_status":"open","sticky":true,"template":"","format":"standard","meta":{"_FSMCFIC_featured_image_caption":"","_FSMCFIC_featured_image_nocaption":"","_FSMCFIC_featured_image_hide":"","footnotes":""},"categories":[5324,4],"tags":[28201,28203,387,3884,28202],"class_list":["post-30770","post","type-post","status-publish","format-standard","has-post-thumbnail","hentry","category-jeunesse","category-lyon","tag-etudiants","tag-inflation","tag-precarite","tag-universite","tag-visite-officielle"],"yoast_head":"<!-- This site is optimized with the Yoast SEO plugin v22.8 - https:\/\/yoast.com\/wordpress\/plugins\/seo\/ -->\n<title>Pr\u00e9carit\u00e9 \u00e9tudiante : nouvelle ministre, nouveaux espoirs de changements ? - Lyon Bondy Blog<\/title>\n<meta name=\"description\" content=\"Lors de sa visite \u00e0 Lyon vendredi 2 septembre, la ministre de l\u2019enseignement sup\u00e9rieur Sylvie Retailleau a rappel\u00e9 les mesures d\u2019urgence...\" \/>\n<meta name=\"robots\" content=\"index, follow, max-snippet:-1, max-image-preview:large, max-video-preview:-1\" \/>\n<link rel=\"canonical\" href=\"https:\/\/lyonbondyblog.fr\/LBB\/precarite-etudiante-nouvelle-ministre-nouveaux-espoirs-de-changements\/\" \/>\n<meta property=\"og:locale\" content=\"fr_FR\" \/>\n<meta property=\"og:type\" content=\"article\" \/>\n<meta property=\"og:title\" content=\"Pr\u00e9carit\u00e9 \u00e9tudiante : nouvelle ministre, nouveaux espoirs de changements ? - Lyon Bondy Blog\" \/>\n<meta property=\"og:description\" content=\"Lors de sa visite \u00e0 Lyon vendredi 2 septembre, la ministre de l\u2019enseignement sup\u00e9rieur Sylvie Retailleau a rappel\u00e9 les mesures d\u2019urgence...\" \/>\n<meta property=\"og:url\" content=\"https:\/\/lyonbondyblog.fr\/LBB\/precarite-etudiante-nouvelle-ministre-nouveaux-espoirs-de-changements\/\" \/>\n<meta property=\"og:site_name\" content=\"Lyon Bondy Blog\" \/>\n<meta property=\"article:publisher\" content=\"https:\/\/www.facebook.com\/lyonbondyblog\" \/>\n<meta property=\"article:published_time\" content=\"2022-09-08T16:00:00+00:00\" \/>\n<meta property=\"article:modified_time\" content=\"2022-09-08T16:39:47+00:00\" \/>\n<meta property=\"og:image\" content=\"https:\/\/lyonbondyblog.fr\/LBB\/wp-content\/uploads\/2022\/09\/IMG_3767-scaled.jpg\" \/>\n\t<meta property=\"og:image:width\" content=\"2560\" \/>\n\t<meta property=\"og:image:height\" content=\"1440\" \/>\n\t<meta property=\"og:image:type\" content=\"image\/jpeg\" \/>\n<meta name=\"author\" content=\"Aurore Ployer\" \/>\n<meta name=\"twitter:card\" content=\"summary_large_image\" \/>\n<meta name=\"twitter:creator\" content=\"@bondybloglyon\" \/>\n<meta name=\"twitter:site\" content=\"@bondybloglyon\" \/>\n<script type=\"application\/ld+json\" class=\"yoast-schema-graph\">{\"@context\":\"https:\/\/schema.org\",\"@graph\":[{\"@type\":\"Article\",\"@id\":\"https:\/\/lyonbondyblog.fr\/LBB\/precarite-etudiante-nouvelle-ministre-nouveaux-espoirs-de-changements\/#article\",\"isPartOf\":{\"@id\":\"https:\/\/lyonbondyblog.fr\/LBB\/precarite-etudiante-nouvelle-ministre-nouveaux-espoirs-de-changements\/\"},\"author\":{\"name\":\"Aurore Ployer\",\"@id\":\"https:\/\/lyonbondyblog.fr\/LBB\/#\/schema\/person\/32a6ca84915e1d2fced1cef188943fb8\"},\"headline\":\"Pr\u00e9carit\u00e9 \u00e9tudiante : nouvelle ministre, nouveaux espoirs de changements ?\",\"datePublished\":\"2022-09-08T16:00:00+00:00\",\"dateModified\":\"2022-09-08T16:39:47+00:00\",\"mainEntityOfPage\":{\"@id\":\"https:\/\/lyonbondyblog.fr\/LBB\/precarite-etudiante-nouvelle-ministre-nouveaux-espoirs-de-changements\/\"},\"wordCount\":1474,\"commentCount\":0,\"publisher\":{\"@id\":\"https:\/\/lyonbondyblog.fr\/LBB\/#organization\"},\"image\":{\"@id\":\"https:\/\/lyonbondyblog.fr\/LBB\/precarite-etudiante-nouvelle-ministre-nouveaux-espoirs-de-changements\/#primaryimage\"},\"thumbnailUrl\":\"https:\/\/lyonbondyblog.fr\/LBB\/wp-content\/uploads\/2022\/09\/IMG_3767-scaled.jpg\",\"keywords\":[\"\u00e9tudiants\",\"inflation\",\"pr\u00e9carit\u00e9\",\"universit\u00e9\",\"visite officielle\"],\"articleSection\":[\"Jeunesse\",\"Lyon\"],\"inLanguage\":\"fr-FR\",\"potentialAction\":[{\"@type\":\"CommentAction\",\"name\":\"Comment\",\"target\":[\"https:\/\/lyonbondyblog.fr\/LBB\/precarite-etudiante-nouvelle-ministre-nouveaux-espoirs-de-changements\/#respond\"]}]},{\"@type\":\"WebPage\",\"@id\":\"https:\/\/lyonbondyblog.fr\/LBB\/precarite-etudiante-nouvelle-ministre-nouveaux-espoirs-de-changements\/\",\"url\":\"https:\/\/lyonbondyblog.fr\/LBB\/precarite-etudiante-nouvelle-ministre-nouveaux-espoirs-de-changements\/\",\"name\":\"Pr\u00e9carit\u00e9 \u00e9tudiante : nouvelle ministre, nouveaux espoirs de changements ? - Lyon Bondy Blog\",\"isPartOf\":{\"@id\":\"https:\/\/lyonbondyblog.fr\/LBB\/#website\"},\"primaryImageOfPage\":{\"@id\":\"https:\/\/lyonbondyblog.fr\/LBB\/precarite-etudiante-nouvelle-ministre-nouveaux-espoirs-de-changements\/#primaryimage\"},\"image\":{\"@id\":\"https:\/\/lyonbondyblog.fr\/LBB\/precarite-etudiante-nouvelle-ministre-nouveaux-espoirs-de-changements\/#primaryimage\"},\"thumbnailUrl\":\"https:\/\/lyonbondyblog.fr\/LBB\/wp-content\/uploads\/2022\/09\/IMG_3767-scaled.jpg\",\"datePublished\":\"2022-09-08T16:00:00+00:00\",\"dateModified\":\"2022-09-08T16:39:47+00:00\",\"description\":\"Lors de sa visite \u00e0 Lyon vendredi 2 septembre, la ministre de l\u2019enseignement sup\u00e9rieur Sylvie Retailleau a rappel\u00e9 les mesures d\u2019urgence...\",\"inLanguage\":\"fr-FR\",\"potentialAction\":[{\"@type\":\"ReadAction\",\"target\":[\"https:\/\/lyonbondyblog.fr\/LBB\/precarite-etudiante-nouvelle-ministre-nouveaux-espoirs-de-changements\/\"]}]},{\"@type\":\"ImageObject\",\"inLanguage\":\"fr-FR\",\"@id\":\"https:\/\/lyonbondyblog.fr\/LBB\/precarite-etudiante-nouvelle-ministre-nouveaux-espoirs-de-changements\/#primaryimage\",\"url\":\"https:\/\/lyonbondyblog.fr\/LBB\/wp-content\/uploads\/2022\/09\/IMG_3767-scaled.jpg\",\"contentUrl\":\"https:\/\/lyonbondyblog.fr\/LBB\/wp-content\/uploads\/2022\/09\/IMG_3767-scaled.jpg\",\"width\":2560,\"height\":1440},{\"@type\":\"WebSite\",\"@id\":\"https:\/\/lyonbondyblog.fr\/LBB\/#website\",\"url\":\"https:\/\/lyonbondyblog.fr\/LBB\/\",\"name\":\"Lyon Bondy Blog\",\"description\":\"\",\"publisher\":{\"@id\":\"https:\/\/lyonbondyblog.fr\/LBB\/#organization\"},\"potentialAction\":[{\"@type\":\"SearchAction\",\"target\":{\"@type\":\"EntryPoint\",\"urlTemplate\":\"https:\/\/lyonbondyblog.fr\/LBB\/?s={search_term_string}\"},\"query-input\":\"required name=search_term_string\"}],\"inLanguage\":\"fr-FR\"},{\"@type\":\"Organization\",\"@id\":\"https:\/\/lyonbondyblog.fr\/LBB\/#organization\",\"name\":\"LYON BONDY BLOG\",\"url\":\"https:\/\/lyonbondyblog.fr\/LBB\/\",\"logo\":{\"@type\":\"ImageObject\",\"inLanguage\":\"fr-FR\",\"@id\":\"https:\/\/lyonbondyblog.fr\/LBB\/#\/schema\/logo\/image\/\",\"url\":\"http:\/\/lyonbondyblog.fr\/LBB\/wp-content\/uploads\/2014\/10\/logo-portable-144.png\",\"contentUrl\":\"http:\/\/lyonbondyblog.fr\/LBB\/wp-content\/uploads\/2014\/10\/logo-portable-144.png\",\"width\":144,\"height\":123,\"caption\":\"LYON BONDY BLOG\"},\"image\":{\"@id\":\"https:\/\/lyonbondyblog.fr\/LBB\/#\/schema\/logo\/image\/\"},\"sameAs\":[\"https:\/\/www.facebook.com\/lyonbondyblog\",\"https:\/\/x.com\/bondybloglyon\"]},{\"@type\":\"Person\",\"@id\":\"https:\/\/lyonbondyblog.fr\/LBB\/#\/schema\/person\/32a6ca84915e1d2fced1cef188943fb8\",\"name\":\"Aurore Ployer\",\"url\":\"https:\/\/lyonbondyblog.fr\/LBB\/author\/auroreployer\/\"}]}<\/script>\n<!-- \/ Yoast SEO plugin. -->","yoast_head_json":{"title":"Pr\u00e9carit\u00e9 \u00e9tudiante : nouvelle ministre, nouveaux espoirs de changements ? - Lyon Bondy Blog","description":"Lors de sa visite \u00e0 Lyon vendredi 2 septembre, la ministre de l\u2019enseignement sup\u00e9rieur Sylvie Retailleau a rappel\u00e9 les mesures d\u2019urgence...","robots":{"index":"index","follow":"follow","max-snippet":"max-snippet:-1","max-image-preview":"max-image-preview:large","max-video-preview":"max-video-preview:-1"},"canonical":"https:\/\/lyonbondyblog.fr\/LBB\/precarite-etudiante-nouvelle-ministre-nouveaux-espoirs-de-changements\/","og_locale":"fr_FR","og_type":"article","og_title":"Pr\u00e9carit\u00e9 \u00e9tudiante : nouvelle ministre, nouveaux espoirs de changements ? - Lyon Bondy Blog","og_description":"Lors de sa visite \u00e0 Lyon vendredi 2 septembre, la ministre de l\u2019enseignement sup\u00e9rieur Sylvie Retailleau a rappel\u00e9 les mesures d\u2019urgence...","og_url":"https:\/\/lyonbondyblog.fr\/LBB\/precarite-etudiante-nouvelle-ministre-nouveaux-espoirs-de-changements\/","og_site_name":"Lyon Bondy Blog","article_publisher":"https:\/\/www.facebook.com\/lyonbondyblog","article_published_time":"2022-09-08T16:00:00+00:00","article_modified_time":"2022-09-08T16:39:47+00:00","og_image":[{"width":2560,"height":1440,"url":"https:\/\/lyonbondyblog.fr\/LBB\/wp-content\/uploads\/2022\/09\/IMG_3767-scaled.jpg","type":"image\/jpeg"}],"author":"Aurore Ployer","twitter_card":"summary_large_image","twitter_creator":"@bondybloglyon","twitter_site":"@bondybloglyon","schema":{"@context":"https:\/\/schema.org","@graph":[{"@type":"Article","@id":"https:\/\/lyonbondyblog.fr\/LBB\/precarite-etudiante-nouvelle-ministre-nouveaux-espoirs-de-changements\/#article","isPartOf":{"@id":"https:\/\/lyonbondyblog.fr\/LBB\/precarite-etudiante-nouvelle-ministre-nouveaux-espoirs-de-changements\/"},"author":{"name":"Aurore Ployer","@id":"https:\/\/lyonbondyblog.fr\/LBB\/#\/schema\/person\/32a6ca84915e1d2fced1cef188943fb8"},"headline":"Pr\u00e9carit\u00e9 \u00e9tudiante : nouvelle ministre, nouveaux espoirs de changements ?","datePublished":"2022-09-08T16:00:00+00:00","dateModified":"2022-09-08T16:39:47+00:00","mainEntityOfPage":{"@id":"https:\/\/lyonbondyblog.fr\/LBB\/precarite-etudiante-nouvelle-ministre-nouveaux-espoirs-de-changements\/"},"wordCount":1474,"commentCount":0,"publisher":{"@id":"https:\/\/lyonbondyblog.fr\/LBB\/#organization"},"image":{"@id":"https:\/\/lyonbondyblog.fr\/LBB\/precarite-etudiante-nouvelle-ministre-nouveaux-espoirs-de-changements\/#primaryimage"},"thumbnailUrl":"https:\/\/lyonbondyblog.fr\/LBB\/wp-content\/uploads\/2022\/09\/IMG_3767-scaled.jpg","keywords":["\u00e9tudiants","inflation","pr\u00e9carit\u00e9","universit\u00e9","visite officielle"],"articleSection":["Jeunesse","Lyon"],"inLanguage":"fr-FR","potentialAction":[{"@type":"CommentAction","name":"Comment","target":["https:\/\/lyonbondyblog.fr\/LBB\/precarite-etudiante-nouvelle-ministre-nouveaux-espoirs-de-changements\/#respond"]}]},{"@type":"WebPage","@id":"https:\/\/lyonbondyblog.fr\/LBB\/precarite-etudiante-nouvelle-ministre-nouveaux-espoirs-de-changements\/","url":"https:\/\/lyonbondyblog.fr\/LBB\/precarite-etudiante-nouvelle-ministre-nouveaux-espoirs-de-changements\/","name":"Pr\u00e9carit\u00e9 \u00e9tudiante : nouvelle ministre, nouveaux espoirs de changements ? - Lyon Bondy Blog","isPartOf":{"@id":"https:\/\/lyonbondyblog.fr\/LBB\/#website"},"primaryImageOfPage":{"@id":"https:\/\/lyonbondyblog.fr\/LBB\/precarite-etudiante-nouvelle-ministre-nouveaux-espoirs-de-changements\/#primaryimage"},"image":{"@id":"https:\/\/lyonbondyblog.fr\/LBB\/precarite-etudiante-nouvelle-ministre-nouveaux-espoirs-de-changements\/#primaryimage"},"thumbnailUrl":"https:\/\/lyonbondyblog.fr\/LBB\/wp-content\/uploads\/2022\/09\/IMG_3767-scaled.jpg","datePublished":"2022-09-08T16:00:00+00:00","dateModified":"2022-09-08T16:39:47+00:00","description":"Lors de sa visite \u00e0 Lyon vendredi 2 septembre, la ministre de l\u2019enseignement sup\u00e9rieur Sylvie Retailleau a rappel\u00e9 les mesures d\u2019urgence...","inLanguage":"fr-FR","potentialAction":[{"@type":"ReadAction","target":["https:\/\/lyonbondyblog.fr\/LBB\/precarite-etudiante-nouvelle-ministre-nouveaux-espoirs-de-changements\/"]}]},{"@type":"ImageObject","inLanguage":"fr-FR","@id":"https:\/\/lyonbondyblog.fr\/LBB\/precarite-etudiante-nouvelle-ministre-nouveaux-espoirs-de-changements\/#primaryimage","url":"https:\/\/lyonbondyblog.fr\/LBB\/wp-content\/uploads\/2022\/09\/IMG_3767-scaled.jpg","contentUrl":"https:\/\/lyonbondyblog.fr\/LBB\/wp-content\/uploads\/2022\/09\/IMG_3767-scaled.jpg","width":2560,"height":1440},{"@type":"WebSite","@id":"https:\/\/lyonbondyblog.fr\/LBB\/#website","url":"https:\/\/lyonbondyblog.fr\/LBB\/","name":"Lyon Bondy Blog","description":"","publisher":{"@id":"https:\/\/lyonbondyblog.fr\/LBB\/#organization"},"potentialAction":[{"@type":"SearchAction","target":{"@type":"EntryPoint","urlTemplate":"https:\/\/lyonbondyblog.fr\/LBB\/?s={search_term_string}"},"query-input":"required name=search_term_string"}],"inLanguage":"fr-FR"},{"@type":"Organization","@id":"https:\/\/lyonbondyblog.fr\/LBB\/#organization","name":"LYON BONDY BLOG","url":"https:\/\/lyonbondyblog.fr\/LBB\/","logo":{"@type":"ImageObject","inLanguage":"fr-FR","@id":"https:\/\/lyonbondyblog.fr\/LBB\/#\/schema\/logo\/image\/","url":"http:\/\/lyonbondyblog.fr\/LBB\/wp-content\/uploads\/2014\/10\/logo-portable-144.png","contentUrl":"http:\/\/lyonbondyblog.fr\/LBB\/wp-content\/uploads\/2014\/10\/logo-portable-144.png","width":144,"height":123,"caption":"LYON BONDY BLOG"},"image":{"@id":"https:\/\/lyonbondyblog.fr\/LBB\/#\/schema\/logo\/image\/"},"sameAs":["https:\/\/www.facebook.com\/lyonbondyblog","https:\/\/x.com\/bondybloglyon"]},{"@type":"Person","@id":"https:\/\/lyonbondyblog.fr\/LBB\/#\/schema\/person\/32a6ca84915e1d2fced1cef188943fb8","name":"Aurore Ployer","url":"https:\/\/lyonbondyblog.fr\/LBB\/author\/auroreployer\/"}]}},"_links":{"self":[{"href":"https:\/\/lyonbondyblog.fr\/LBB\/wp-json\/wp\/v2\/posts\/30770","targetHints":{"allow":["GET"]}}],"collection":[{"href":"https:\/\/lyonbondyblog.fr\/LBB\/wp-json\/wp\/v2\/posts"}],"about":[{"href":"https:\/\/lyonbondyblog.fr\/LBB\/wp-json\/wp\/v2\/types\/post"}],"author":[{"embeddable":true,"href":"https:\/\/lyonbondyblog.fr\/LBB\/wp-json\/wp\/v2\/users\/31865"}],"replies":[{"embeddable":true,"href":"https:\/\/lyonbondyblog.fr\/LBB\/wp-json\/wp\/v2\/comments?post=30770"}],"version-history":[{"count":12,"href":"https:\/\/lyonbondyblog.fr\/LBB\/wp-json\/wp\/v2\/posts\/30770\/revisions"}],"predecessor-version":[{"id":30791,"href":"https:\/\/lyonbondyblog.fr\/LBB\/wp-json\/wp\/v2\/posts\/30770\/revisions\/30791"}],"wp:featuredmedia":[{"embeddable":true,"href":"https:\/\/lyonbondyblog.fr\/LBB\/wp-json\/wp\/v2\/media\/30773"}],"wp:attachment":[{"href":"https:\/\/lyonbondyblog.fr\/LBB\/wp-json\/wp\/v2\/media?parent=30770"}],"wp:term":[{"taxonomy":"category","embeddable":true,"href":"https:\/\/lyonbondyblog.fr\/LBB\/wp-json\/wp\/v2\/categories?post=30770"},{"taxonomy":"post_tag","embeddable":true,"href":"https:\/\/lyonbondyblog.fr\/LBB\/wp-json\/wp\/v2\/tags?post=30770"}],"curies":[{"name":"wp","href":"https:\/\/api.w.org\/{rel}","templated":true}]}}