{"id":30699,"date":"2022-09-01T16:54:58","date_gmt":"2022-09-01T14:54:58","guid":{"rendered":"http:\/\/lyonbondyblog.fr\/LBB\/?p=30699"},"modified":"2022-09-01T16:55:00","modified_gmt":"2022-09-01T14:55:00","slug":"woodstower-2022-plus-que-jamais-social-et-ecologique","status":"publish","type":"post","link":"https:\/\/lyonbondyblog.fr\/LBB\/woodstower-2022-plus-que-jamais-social-et-ecologique\/","title":{"rendered":"Woodstower 2022 : plus que jamais social et \u00e9cologique ?"},"content":{"rendered":"\n<p><strong>Pour la 17eme \u00e9ditions de Woodstower, le festival de musique prenait place, comme \u00e0 son habitude, au parc de Miribel. Un \u00e9v\u00e9nement qui a su se r\u00e9inventer au profit du social et de l\u2019\u00e9cologie, des questions devenues centrales aujourd\u2019hui.<\/strong><\/p>\n\n\n\n<p>Du 24 au 28 ao\u00fbt dernier, la m\u00e9tropole lyonnaise accueillait<a href=\"https:\/\/woodstower.com\/\" target=\"_blank\" rel=\"noreferrer noopener\"> le festival Woodstower<\/a>. L\u2019\u00e9quipe organisatrice tenait \u00e0 marquer le coup avec son retour post-covid. Pour cela, les th\u00e8mes de l\u2019\u00e9cologie, du social et de la place de chacun au sein de l\u2019\u00e9v\u00e9nement ont \u00e9t\u00e9 abord\u00e9s. Sur un territoire lyonnais o\u00f9 l\u2019\u00e9cologie se place en probl\u00e8me et en solution, l\u2019\u00e9quipe du Woodstower a tenu toutes ses promesses.<\/p>\n\n\n\n<h2 class=\"wp-block-heading\"><strong>\u00ab\u00a0On ne fait pas de politique\u00a0\u00bb<\/strong><\/h2>\n\n\n\n<p>Apr\u00e8s une conf\u00e9rence de presse o\u00f9 il remerciait tous ses partenaires et ses soutiens, Maxime Noly, directeur et programmateur du festival, nous confiait \u00ab\u00a0<em>ne pas faire de politique \u00e0 travers son festival<\/em>\u00a0\u00bb. Dans une m\u00e9tropole verte politiquement et \u00e0 travers son renouvellement urbain, cet \u00e9v\u00e9nement dicte pourtant les nouvelles r\u00e8gles \u00e0 suivre. Avec la reprise, l\u2019envie de d\u00e9velopper une dynamique plus durable au festival s\u2019est fait sentir. C\u2019est pour cela que Woodstower s\u2019est \u00e9quip\u00e9 d\u2019un groupe \u00e9lectrog\u00e8ne permettant d\u2019alimenter la sc\u00e8ne pr\u00e9sente sous le chapiteau. C\u2019est le premier festival en France \u00e0 utiliser ce syst\u00e8me. Maxime Noly, \u00e0 l\u2019initiative de cette d\u00e9marche, en explique son utilit\u00e9\u00a0: \u00ab\u00a0<em>8 tonnes de batteries sur un porteur de 25 tonnes, une consommation d\u2018\u00e9lectricit\u00e9 \u00e9quivalente \u00e0 celle de 40 foyers pendant deux heures, cela nous permettra d\u2019\u00e9viter les \u00e9missions de CO2 et les fum\u00e9es<\/em>\u00a0\u00bb. Ce branchement roulant de 400 KW est venu d\u2019Orl\u00e9ans pour satisfaire les milliers de festivaliers spectateurs de la sc\u00e8ne \u00ab\u00a0chapiteau\u00a0\u00bb. Deux techniciens se sont attel\u00e9s \u00e0 la livraison du chargement et \u00e0 son branchement. Selon les organisateurs, cela rel\u00e8ve d\u2019une \u00ab\u00a0vraie avanc\u00e9e technologique et \u00e9cologique\u00a0\u00bb.<\/p>\n\n\n\n<div class=\"wp-block-image\"><figure class=\"aligncenter size-large\"><img loading=\"lazy\" decoding=\"async\" width=\"1920\" height=\"1440\" src=\"https:\/\/lyonbondyblog.fr\/LBB\/wp-content\/uploads\/2022\/09\/IMG_5949-1920x1440.jpg\" alt=\"\" class=\"wp-image-30707\" srcset=\"https:\/\/lyonbondyblog.fr\/LBB\/wp-content\/uploads\/2022\/09\/IMG_5949-1920x1440.jpg 1920w, https:\/\/lyonbondyblog.fr\/LBB\/wp-content\/uploads\/2022\/09\/IMG_5949-1200x900.jpg 1200w, https:\/\/lyonbondyblog.fr\/LBB\/wp-content\/uploads\/2022\/09\/IMG_5949-768x576.jpg 768w, https:\/\/lyonbondyblog.fr\/LBB\/wp-content\/uploads\/2022\/09\/IMG_5949-1536x1152.jpg 1536w, https:\/\/lyonbondyblog.fr\/LBB\/wp-content\/uploads\/2022\/09\/IMG_5949-2048x1536.jpg 2048w\" sizes=\"auto, (max-width: 1920px) 100vw, 1920px\" \/><figcaption>Groupe \u00e9lectrog\u00e8ne transportable. Cr\u00e9dit : Tristan<\/figcaption><\/figure><\/div>\n\n\n\n<h2 class=\"wp-block-heading\"><strong>\u00ab\u00a0En esp\u00e9rant que cette d\u00e9marche devienne la norme\u00a0\u00bb<\/strong><\/h2>\n\n\n\n<p>En plus de cette d\u00e9marche innovante, d\u2019autres solutions anti-gaspi et anti-pollution ont \u00e9t\u00e9 mises en place. C\u2019est le cas des d\u00e9sormais classiques \u00ab\u00a0\u00e9co cup\u00a0\u00bb, devenus r\u00e9f\u00e9rence pour les festivals. Il y avait aussi la pr\u00e9sence d\u2019un camping o\u00f9 les festivaliers se sont install\u00e9s au cours de la semaine leur \u00e9vitant de prendre la voiture pour se loger en centre-ville.<\/p>\n\n\n\n<p>\u00ab\u00a0<em>Nous menons des actions de tri des d\u00e9chets et de la sensibilisation aupr\u00e8s du public. On a aussi travaill\u00e9 une vaisselle 100% compostable et supprim\u00e9 les bouteilles et canettes, nous mettons de l\u2019eau \u00e0 disposition des festivaliers. Des toilettes s\u00e8ches sont accessibles au public et nous faisons la collecte des m\u00e9gots<\/em>\u00a0\u00bb \u00e9num\u00e8re le directeur du festival. Cette logique \u00e9cologique est tr\u00e8s importante pour l\u2019image que renvoi l\u2019\u00e9v\u00e9nement, mais c\u2019est surtout une mentalit\u00e9 que veut inculquer son directeur. En effet, des \u00e9quipes du Woodstower sont visibles durant tout le festival en train de ramasser les quelques d\u00e9chets s\u2019\u00e9tant \u00e9chapp\u00e9s de la poubelle et\/ou tomb\u00e9s sous la vigilance des festivaliers.<\/p>\n\n\n\n<p>Enfin, plusieurs groupes comme Agamy ou Ninkasi se sont occup\u00e9s de satisfaire les clients du festival en nourriture et boisson, avec des produits locaux\u00a0: bi\u00e8res, vins et spiritueux, burgers, wraps sans viande\u2026<\/p>\n\n\n\n<p>Maxime Noly termine notre \u00e9change avec une note d\u2019espoir\u00a0en cet \u00e9t\u00e9 particuli\u00e8rement chaud\u00a0: \u00ab\u00a0<em>en esp\u00e9rant que cette d\u00e9marche devienne la norme, et que l\u2019on puisse donner des id\u00e9es aux autres festivals<\/em>\u00a0\u00bb.<\/p>\n\n\n\n<h2 class=\"wp-block-heading\"><strong>La question des transports enfin r\u00e9gl\u00e9e\u00a0?<\/strong><\/h2>\n\n\n\n<p>Pour les d\u00e9placements, la m\u00e9tropole lyonnaise, pr\u00e9sente durant l\u2019inauguration, a t\u00e9moign\u00e9 son soutien par la \u00ab\u00a0<em>forte pr\u00e9sence de transports en commun sur son territoire<\/em>\u00a0\u00bb\u00a0: m\u00e9tro jusqu\u2019\u00e0 tard la nuit, bus relais depuis Vaulx-en-Velin et au d\u00e9part du festival, bornes de v\u00e9lo reliant le centre-ville\u2026 Tout est fait pour \u00e9viter aux 43\u00a0000 festivaliers de prendre la voiture. Une solution pour essayer, en vain, d\u2019ombrager quelque peu l\u2019enqu\u00eate r\u00e9v\u00e9l\u00e9e par nos confr\u00e8res du Progr\u00e8s concernant le manque de pistes cyclables dans la ville, connue comme la deuxi\u00e8me ville cyclable du pays\u00a0: <a href=\"https:\/\/www.leprogres.fr\/transport\/2022\/08\/25\/deuxieme-ville-cyclable-de-france-lyon-peine-sur-le-nombre-de-pistes\">Rh\u00f4ne. Deuxi\u00e8me ville cyclable de France, Lyon peine sur le nombre de pistes (leprogres.fr)<\/a><\/p>\n\n\n\n<p>Une dynamique encourageante qui ne doit pas masquer certains probl\u00e8mes structurels qui peut encore davantage plomber l\u2019ambiance dans la m\u00e9tropole.<\/p>\n\n\n\n<h2 class=\"wp-block-heading\"><strong>Et le social dans tout \u00e7a\u00a0?<\/strong><\/h2>\n\n\n\n<p>En plus de ses enjeux \u00e9cologiques, le Woodstower tenait \u00e9galement ses promesses concernant l\u2019importance de ses engagements sociaux\u00a0: de nombreux \u00e9criteaux pr\u00f4nant la tol\u00e9rance et les comportements d\u00e9cents entre festivaliers, une safe place, une programmation locale (50% des artistes originaires de Lyon), une musique \u00e9clectique\u2026 Le maximum a \u00e9t\u00e9 fait pour ramener toutes les diff\u00e9rentes populations de l\u2019agglom\u00e9ration. Entre Vald et Niska en allant jusqu\u2019\u00e0 Paul Kalkbrenner et Stand High Patrol, en passant par Romane ou Kungs\u00a0: il y en avait pour tous les go\u00fbts.<\/p>\n\n\n\n<div class=\"wp-block-image\"><figure class=\"aligncenter size-full\"><img loading=\"lazy\" decoding=\"async\" width=\"1386\" height=\"1386\" src=\"https:\/\/lyonbondyblog.fr\/LBB\/wp-content\/uploads\/2022\/09\/Image1.jpg\" alt=\"\" class=\"wp-image-30700\" srcset=\"https:\/\/lyonbondyblog.fr\/LBB\/wp-content\/uploads\/2022\/09\/Image1.jpg 1386w, https:\/\/lyonbondyblog.fr\/LBB\/wp-content\/uploads\/2022\/09\/Image1-1200x1200.jpg 1200w, https:\/\/lyonbondyblog.fr\/LBB\/wp-content\/uploads\/2022\/09\/Image1-150x150.jpg 150w, https:\/\/lyonbondyblog.fr\/LBB\/wp-content\/uploads\/2022\/09\/Image1-768x768.jpg 768w\" sizes=\"auto, (max-width: 1386px) 100vw, 1386px\" \/><figcaption>Exemple des diff\u00e9rents d&rsquo;\u00e9criteaux pr\u00f4nant la tol\u00e9rance et les comportements ad\u00e9quats. Cr\u00e9dit : Woodstower<\/figcaption><\/figure><\/div>\n\n\n\n<div class=\"wp-block-image\"><figure class=\"alignright size-full is-resized\"><img loading=\"lazy\" decoding=\"async\" src=\"https:\/\/lyonbondyblog.fr\/LBB\/wp-content\/uploads\/2022\/09\/IMG_2563-1.png\" alt=\"\" class=\"wp-image-30704\" width=\"375\" height=\"486\"\/><figcaption>De nombreux humoristes se sont produit sur la sc\u00e8ne du comedy-club. Cr\u00e9dit : Tristan<\/figcaption><\/figure><\/div>\n\n\n\n<p>Rim\u2019k, artiste originaire du Val-de-Marne, a d\u2019ailleurs lui aussi appel\u00e9 le \u00ab\u00a0public du 69\u00a0\u00bb \u00e0 consommer local. Et pour cause, il incitait ce jeudi soir tous les lyonnais \u00e0 \u00ab <em>donner de la force aux artistes de Lyon, c\u2019est important\u00a0! Sasso, L\u2019Allemand, c\u2019est vous qui devez les faire p\u00e9ter. Avant d\u2019\u00eatre les plus forts s\u00fbr Paris, il faut qu\u2019ils soient les plus forts ici\u00a0!<\/em>\u00a0\u00bb. Une invitation la bienvenue pour Sasso, qui sortait un nouveau projet le soir-m\u00eame \u00e0 minuit.<\/p>\n\n\n\n<p>Enfin, des \u00e9quipements ont \u00e9t\u00e9 mis \u00e0 disposition sur la plage afin de permettre aux festivaliers et aux familles venues aux abords du lac de profiter du beau temps. Ils pouvaient jouir de performances dj gratuites, m\u00ealant tous les styles musicaux du d\u00e9but de l\u2019apr\u00e8s-midi jusqu\u2019\u00e0 tard dans la nuit. Des tables de massage, des ravitaillements en nourriture et boissons, un comedy-festival o\u00f9 des humoristes du territoire se sont succ\u00e9d\u00e9 toute la semaine ou encore un biblio-bus envoy\u00e9 par la ville de Vaulx-en-Velin\u2026 Tout a \u00e9t\u00e9 fait pour cr\u00e9er un espace dans lequel les festivaliers- et personnes ext\u00e9rieures -ne voient pas le temps passer. En parall\u00e8le, le dimanche, dernier jour des festivit\u00e9s, de nombreux artistes se sont produits au cours de l\u2019apr\u00e8s-midi. La programmation h\u00e9t\u00e9rog\u00e8ne a pu \u00eatre observ\u00e9e par un public qui est entr\u00e9 gratuitement \u00e0 l\u2019int\u00e9rieur du festival, une volont\u00e9 de la part des organisateurs.<\/p>\n\n\n\n<p>Malgr\u00e9 ses \u00ab\u00a0airs politiques\u00a0\u00bb, le festival a donn\u00e9 du plaisir aux 43\u00a0000 festivaliers et cela durant toute la semaine. Entre des auto-tamponneuses gratuites, une f\u00eate-foraine ouverte et des jeux en tous genres, l\u2019exp\u00e9rience 2022 aura \u00e9t\u00e9 un moment singulier et innovant de jour comme de nuit.<\/p>\n\n\n\n<p class=\"has-text-align-right\"><strong>Tristan<\/strong><\/p>\n\n\n\n<p class=\"has-text-align-left\"><strong> Retrouvez nos derniers articles ici : <\/strong><\/p>\n\n\n<ul class=\"wp-block-latest-posts__list wp-block-latest-posts\"><li><a class=\"wp-block-latest-posts__post-title\" href=\"https:\/\/lyonbondyblog.fr\/LBB\/le-tribunal-refuse-la-liberation-provisoire-dun-homme-poursuivi-pour-violences-aggravees\/\">Le tribunal refuse la lib\u00e9ration provisoire d\u2019un homme poursuivi pour violences aggrav\u00e9es<\/a><\/li>\n<li><a class=\"wp-block-latest-posts__post-title\" href=\"https:\/\/lyonbondyblog.fr\/LBB\/la-poesie-au-theatre-la-generale-de-la-proposition-musicale-et-litteraire-dalain-klingler\/\">La po\u00e9sie au th\u00e9\u00e2tre\u00a0: la g\u00e9n\u00e9rale de la proposition musicale et litt\u00e9raire d\u2019Alain Klingler<\/a><\/li>\n<li><a class=\"wp-block-latest-posts__post-title\" href=\"https:\/\/lyonbondyblog.fr\/LBB\/culture-allez-faire-un-petit-tour-du-cote-de-venissieux-pour-le-raffut-festival\/\">Culture : Allez faire un petit tour du c\u00f4t\u00e9 de V\u00e9nissieux, pour le raffut festival<\/a><\/li>\n<li><a class=\"wp-block-latest-posts__post-title\" href=\"https:\/\/lyonbondyblog.fr\/LBB\/a-lyon-la-recherche-publique-et-lindustrie-resserrent-leurs-liens\/\">\u00c0 Lyon, la recherche publique et l&rsquo;industrie resserrent leurs liens<\/a><\/li>\n<li><a class=\"wp-block-latest-posts__post-title\" href=\"https:\/\/lyonbondyblog.fr\/LBB\/theatre-la-cabane-de-la-memoire\/\">Th\u00e9\u00e2tre : La cabane de la m\u00e9moire<\/a><\/li>\n<\/ul><!-- AddThis Advanced Settings generic via filter on the_content --><!-- AddThis Share Buttons generic via filter on the_content -->","protected":false},"excerpt":{"rendered":"<p>Pour la 17eme \u00e9ditions de Woodstower, le festival de musique prenait place, comme \u00e0 son habitude, au parc de Miribel. Un \u00e9v\u00e9nement qui a su &hellip; <!-- AddThis Advanced Settings generic via filter on wp_trim_excerpt --><!-- AddThis Share Buttons generic via filter on wp_trim_excerpt --><\/p>\n","protected":false},"author":1,"featured_media":30708,"comment_status":"open","ping_status":"open","sticky":true,"template":"","format":"standard","meta":{"_FSMCFIC_featured_image_caption":"","_FSMCFIC_featured_image_nocaption":"","_FSMCFIC_featured_image_hide":"","footnotes":""},"categories":[3,4],"tags":[690,264,10,358,1081,635,22472],"class_list":["post-30699","post","type-post","status-publish","format-standard","has-post-thumbnail","hentry","category-culture","category-lyon","tag-ecologie","tag-festival","tag-lyon-2","tag-musique","tag-social","tag-vaulx-en-velin","tag-woodstower"],"yoast_head":"<!-- This site is optimized with the Yoast SEO plugin v22.8 - https:\/\/yoast.com\/wordpress\/plugins\/seo\/ -->\n<title>Woodstower 2022 : plus que jamais social et \u00e9cologique ? - Lyon Bondy Blog<\/title>\n<meta name=\"description\" content=\"Pour la 17eme \u00e9ditions de Woodstower, le festival de musique prenait place, comme \u00e0 son habitude, au parc de Miribel....\" \/>\n<meta name=\"robots\" content=\"index, follow, max-snippet:-1, max-image-preview:large, max-video-preview:-1\" \/>\n<link rel=\"canonical\" href=\"https:\/\/lyonbondyblog.fr\/LBB\/woodstower-2022-plus-que-jamais-social-et-ecologique\/\" \/>\n<meta property=\"og:locale\" content=\"fr_FR\" \/>\n<meta property=\"og:type\" content=\"article\" \/>\n<meta property=\"og:title\" content=\"Woodstower 2022 : plus que jamais social et \u00e9cologique ? - Lyon Bondy Blog\" \/>\n<meta property=\"og:description\" content=\"Pour la 17eme \u00e9ditions de Woodstower, le festival de musique prenait place, comme \u00e0 son habitude, au parc de Miribel....\" \/>\n<meta property=\"og:url\" content=\"https:\/\/lyonbondyblog.fr\/LBB\/woodstower-2022-plus-que-jamais-social-et-ecologique\/\" \/>\n<meta property=\"og:site_name\" content=\"Lyon Bondy Blog\" \/>\n<meta property=\"article:publisher\" content=\"https:\/\/www.facebook.com\/lyonbondyblog\" \/>\n<meta property=\"article:author\" content=\"https:\/\/www.facebook.com\/lyonbondyblog\" \/>\n<meta property=\"article:published_time\" content=\"2022-09-01T14:54:58+00:00\" \/>\n<meta property=\"article:modified_time\" content=\"2022-09-01T14:55:00+00:00\" \/>\n<meta property=\"og:image\" content=\"https:\/\/lyonbondyblog.fr\/LBB\/wp-content\/uploads\/2022\/09\/IMG_5555-1-scaled.jpg\" \/>\n\t<meta property=\"og:image:width\" content=\"2560\" \/>\n\t<meta property=\"og:image:height\" content=\"1872\" \/>\n\t<meta property=\"og:image:type\" content=\"image\/jpeg\" \/>\n<meta name=\"author\" content=\"La r\u00e9daction\" \/>\n<meta name=\"twitter:card\" content=\"summary_large_image\" \/>\n<meta name=\"twitter:creator\" content=\"@BondyBlogLyon\" \/>\n<meta name=\"twitter:site\" content=\"@bondybloglyon\" \/>\n<script type=\"application\/ld+json\" class=\"yoast-schema-graph\">{\"@context\":\"https:\/\/schema.org\",\"@graph\":[{\"@type\":\"Article\",\"@id\":\"https:\/\/lyonbondyblog.fr\/LBB\/woodstower-2022-plus-que-jamais-social-et-ecologique\/#article\",\"isPartOf\":{\"@id\":\"https:\/\/lyonbondyblog.fr\/LBB\/woodstower-2022-plus-que-jamais-social-et-ecologique\/\"},\"author\":{\"name\":\"La r\u00e9daction\",\"@id\":\"https:\/\/lyonbondyblog.fr\/LBB\/#\/schema\/person\/e45f8d27baac75072daa0be50c409b25\"},\"headline\":\"Woodstower 2022 : plus que jamais social et \u00e9cologique ?\",\"datePublished\":\"2022-09-01T14:54:58+00:00\",\"dateModified\":\"2022-09-01T14:55:00+00:00\",\"mainEntityOfPage\":{\"@id\":\"https:\/\/lyonbondyblog.fr\/LBB\/woodstower-2022-plus-que-jamais-social-et-ecologique\/\"},\"wordCount\":1194,\"commentCount\":0,\"publisher\":{\"@id\":\"https:\/\/lyonbondyblog.fr\/LBB\/#organization\"},\"image\":{\"@id\":\"https:\/\/lyonbondyblog.fr\/LBB\/woodstower-2022-plus-que-jamais-social-et-ecologique\/#primaryimage\"},\"thumbnailUrl\":\"https:\/\/lyonbondyblog.fr\/LBB\/wp-content\/uploads\/2022\/09\/IMG_5555-1-scaled.jpg\",\"keywords\":[\"\u00e9cologie\",\"festival\",\"lyon\",\"musique\",\"social\",\"Vaulx-en-Velin\",\"woodstower\"],\"articleSection\":[\"Culture\",\"Lyon\"],\"inLanguage\":\"fr-FR\",\"potentialAction\":[{\"@type\":\"CommentAction\",\"name\":\"Comment\",\"target\":[\"https:\/\/lyonbondyblog.fr\/LBB\/woodstower-2022-plus-que-jamais-social-et-ecologique\/#respond\"]}]},{\"@type\":\"WebPage\",\"@id\":\"https:\/\/lyonbondyblog.fr\/LBB\/woodstower-2022-plus-que-jamais-social-et-ecologique\/\",\"url\":\"https:\/\/lyonbondyblog.fr\/LBB\/woodstower-2022-plus-que-jamais-social-et-ecologique\/\",\"name\":\"Woodstower 2022 : plus que jamais social et \u00e9cologique ? - Lyon Bondy Blog\",\"isPartOf\":{\"@id\":\"https:\/\/lyonbondyblog.fr\/LBB\/#website\"},\"primaryImageOfPage\":{\"@id\":\"https:\/\/lyonbondyblog.fr\/LBB\/woodstower-2022-plus-que-jamais-social-et-ecologique\/#primaryimage\"},\"image\":{\"@id\":\"https:\/\/lyonbondyblog.fr\/LBB\/woodstower-2022-plus-que-jamais-social-et-ecologique\/#primaryimage\"},\"thumbnailUrl\":\"https:\/\/lyonbondyblog.fr\/LBB\/wp-content\/uploads\/2022\/09\/IMG_5555-1-scaled.jpg\",\"datePublished\":\"2022-09-01T14:54:58+00:00\",\"dateModified\":\"2022-09-01T14:55:00+00:00\",\"description\":\"Pour la 17eme \u00e9ditions de Woodstower, le festival de musique prenait place, comme \u00e0 son habitude, au parc de Miribel....\",\"inLanguage\":\"fr-FR\",\"potentialAction\":[{\"@type\":\"ReadAction\",\"target\":[\"https:\/\/lyonbondyblog.fr\/LBB\/woodstower-2022-plus-que-jamais-social-et-ecologique\/\"]}]},{\"@type\":\"ImageObject\",\"inLanguage\":\"fr-FR\",\"@id\":\"https:\/\/lyonbondyblog.fr\/LBB\/woodstower-2022-plus-que-jamais-social-et-ecologique\/#primaryimage\",\"url\":\"https:\/\/lyonbondyblog.fr\/LBB\/wp-content\/uploads\/2022\/09\/IMG_5555-1-scaled.jpg\",\"contentUrl\":\"https:\/\/lyonbondyblog.fr\/LBB\/wp-content\/uploads\/2022\/09\/IMG_5555-1-scaled.jpg\",\"width\":2560,\"height\":1872},{\"@type\":\"WebSite\",\"@id\":\"https:\/\/lyonbondyblog.fr\/LBB\/#website\",\"url\":\"https:\/\/lyonbondyblog.fr\/LBB\/\",\"name\":\"Lyon Bondy Blog\",\"description\":\"\",\"publisher\":{\"@id\":\"https:\/\/lyonbondyblog.fr\/LBB\/#organization\"},\"potentialAction\":[{\"@type\":\"SearchAction\",\"target\":{\"@type\":\"EntryPoint\",\"urlTemplate\":\"https:\/\/lyonbondyblog.fr\/LBB\/?s={search_term_string}\"},\"query-input\":\"required name=search_term_string\"}],\"inLanguage\":\"fr-FR\"},{\"@type\":\"Organization\",\"@id\":\"https:\/\/lyonbondyblog.fr\/LBB\/#organization\",\"name\":\"LYON BONDY BLOG\",\"url\":\"https:\/\/lyonbondyblog.fr\/LBB\/\",\"logo\":{\"@type\":\"ImageObject\",\"inLanguage\":\"fr-FR\",\"@id\":\"https:\/\/lyonbondyblog.fr\/LBB\/#\/schema\/logo\/image\/\",\"url\":\"http:\/\/lyonbondyblog.fr\/LBB\/wp-content\/uploads\/2014\/10\/logo-portable-144.png\",\"contentUrl\":\"http:\/\/lyonbondyblog.fr\/LBB\/wp-content\/uploads\/2014\/10\/logo-portable-144.png\",\"width\":144,\"height\":123,\"caption\":\"LYON BONDY BLOG\"},\"image\":{\"@id\":\"https:\/\/lyonbondyblog.fr\/LBB\/#\/schema\/logo\/image\/\"},\"sameAs\":[\"https:\/\/www.facebook.com\/lyonbondyblog\",\"https:\/\/x.com\/bondybloglyon\"]},{\"@type\":\"Person\",\"@id\":\"https:\/\/lyonbondyblog.fr\/LBB\/#\/schema\/person\/e45f8d27baac75072daa0be50c409b25\",\"name\":\"La r\u00e9daction\",\"description\":\"Cr\u00e9e en 2008, la r\u00e9daction du Lyon Bondy Blog s'applique \u00e0 proposer une information locale diff\u00e9rente et compl\u00e9mentaire des m\u00e9dias traditionnels.\",\"sameAs\":[\"https:\/\/www.facebook.com\/lyonbondyblog\",\"https:\/\/x.com\/BondyBlogLyon\"],\"url\":\"https:\/\/lyonbondyblog.fr\/LBB\/author\/admin\/\"}]}<\/script>\n<!-- \/ Yoast SEO plugin. -->","yoast_head_json":{"title":"Woodstower 2022 : plus que jamais social et \u00e9cologique ? - Lyon Bondy Blog","description":"Pour la 17eme \u00e9ditions de Woodstower, le festival de musique prenait place, comme \u00e0 son habitude, au parc de Miribel....","robots":{"index":"index","follow":"follow","max-snippet":"max-snippet:-1","max-image-preview":"max-image-preview:large","max-video-preview":"max-video-preview:-1"},"canonical":"https:\/\/lyonbondyblog.fr\/LBB\/woodstower-2022-plus-que-jamais-social-et-ecologique\/","og_locale":"fr_FR","og_type":"article","og_title":"Woodstower 2022 : plus que jamais social et \u00e9cologique ? - Lyon Bondy Blog","og_description":"Pour la 17eme \u00e9ditions de Woodstower, le festival de musique prenait place, comme \u00e0 son habitude, au parc de Miribel....","og_url":"https:\/\/lyonbondyblog.fr\/LBB\/woodstower-2022-plus-que-jamais-social-et-ecologique\/","og_site_name":"Lyon Bondy Blog","article_publisher":"https:\/\/www.facebook.com\/lyonbondyblog","article_author":"https:\/\/www.facebook.com\/lyonbondyblog","article_published_time":"2022-09-01T14:54:58+00:00","article_modified_time":"2022-09-01T14:55:00+00:00","og_image":[{"width":2560,"height":1872,"url":"https:\/\/lyonbondyblog.fr\/LBB\/wp-content\/uploads\/2022\/09\/IMG_5555-1-scaled.jpg","type":"image\/jpeg"}],"author":"La r\u00e9daction","twitter_card":"summary_large_image","twitter_creator":"@BondyBlogLyon","twitter_site":"@bondybloglyon","schema":{"@context":"https:\/\/schema.org","@graph":[{"@type":"Article","@id":"https:\/\/lyonbondyblog.fr\/LBB\/woodstower-2022-plus-que-jamais-social-et-ecologique\/#article","isPartOf":{"@id":"https:\/\/lyonbondyblog.fr\/LBB\/woodstower-2022-plus-que-jamais-social-et-ecologique\/"},"author":{"name":"La r\u00e9daction","@id":"https:\/\/lyonbondyblog.fr\/LBB\/#\/schema\/person\/e45f8d27baac75072daa0be50c409b25"},"headline":"Woodstower 2022 : plus que jamais social et \u00e9cologique ?","datePublished":"2022-09-01T14:54:58+00:00","dateModified":"2022-09-01T14:55:00+00:00","mainEntityOfPage":{"@id":"https:\/\/lyonbondyblog.fr\/LBB\/woodstower-2022-plus-que-jamais-social-et-ecologique\/"},"wordCount":1194,"commentCount":0,"publisher":{"@id":"https:\/\/lyonbondyblog.fr\/LBB\/#organization"},"image":{"@id":"https:\/\/lyonbondyblog.fr\/LBB\/woodstower-2022-plus-que-jamais-social-et-ecologique\/#primaryimage"},"thumbnailUrl":"https:\/\/lyonbondyblog.fr\/LBB\/wp-content\/uploads\/2022\/09\/IMG_5555-1-scaled.jpg","keywords":["\u00e9cologie","festival","lyon","musique","social","Vaulx-en-Velin","woodstower"],"articleSection":["Culture","Lyon"],"inLanguage":"fr-FR","potentialAction":[{"@type":"CommentAction","name":"Comment","target":["https:\/\/lyonbondyblog.fr\/LBB\/woodstower-2022-plus-que-jamais-social-et-ecologique\/#respond"]}]},{"@type":"WebPage","@id":"https:\/\/lyonbondyblog.fr\/LBB\/woodstower-2022-plus-que-jamais-social-et-ecologique\/","url":"https:\/\/lyonbondyblog.fr\/LBB\/woodstower-2022-plus-que-jamais-social-et-ecologique\/","name":"Woodstower 2022 : plus que jamais social et \u00e9cologique ? - Lyon Bondy Blog","isPartOf":{"@id":"https:\/\/lyonbondyblog.fr\/LBB\/#website"},"primaryImageOfPage":{"@id":"https:\/\/lyonbondyblog.fr\/LBB\/woodstower-2022-plus-que-jamais-social-et-ecologique\/#primaryimage"},"image":{"@id":"https:\/\/lyonbondyblog.fr\/LBB\/woodstower-2022-plus-que-jamais-social-et-ecologique\/#primaryimage"},"thumbnailUrl":"https:\/\/lyonbondyblog.fr\/LBB\/wp-content\/uploads\/2022\/09\/IMG_5555-1-scaled.jpg","datePublished":"2022-09-01T14:54:58+00:00","dateModified":"2022-09-01T14:55:00+00:00","description":"Pour la 17eme \u00e9ditions de Woodstower, le festival de musique prenait place, comme \u00e0 son habitude, au parc de Miribel....","inLanguage":"fr-FR","potentialAction":[{"@type":"ReadAction","target":["https:\/\/lyonbondyblog.fr\/LBB\/woodstower-2022-plus-que-jamais-social-et-ecologique\/"]}]},{"@type":"ImageObject","inLanguage":"fr-FR","@id":"https:\/\/lyonbondyblog.fr\/LBB\/woodstower-2022-plus-que-jamais-social-et-ecologique\/#primaryimage","url":"https:\/\/lyonbondyblog.fr\/LBB\/wp-content\/uploads\/2022\/09\/IMG_5555-1-scaled.jpg","contentUrl":"https:\/\/lyonbondyblog.fr\/LBB\/wp-content\/uploads\/2022\/09\/IMG_5555-1-scaled.jpg","width":2560,"height":1872},{"@type":"WebSite","@id":"https:\/\/lyonbondyblog.fr\/LBB\/#website","url":"https:\/\/lyonbondyblog.fr\/LBB\/","name":"Lyon Bondy Blog","description":"","publisher":{"@id":"https:\/\/lyonbondyblog.fr\/LBB\/#organization"},"potentialAction":[{"@type":"SearchAction","target":{"@type":"EntryPoint","urlTemplate":"https:\/\/lyonbondyblog.fr\/LBB\/?s={search_term_string}"},"query-input":"required name=search_term_string"}],"inLanguage":"fr-FR"},{"@type":"Organization","@id":"https:\/\/lyonbondyblog.fr\/LBB\/#organization","name":"LYON BONDY BLOG","url":"https:\/\/lyonbondyblog.fr\/LBB\/","logo":{"@type":"ImageObject","inLanguage":"fr-FR","@id":"https:\/\/lyonbondyblog.fr\/LBB\/#\/schema\/logo\/image\/","url":"http:\/\/lyonbondyblog.fr\/LBB\/wp-content\/uploads\/2014\/10\/logo-portable-144.png","contentUrl":"http:\/\/lyonbondyblog.fr\/LBB\/wp-content\/uploads\/2014\/10\/logo-portable-144.png","width":144,"height":123,"caption":"LYON BONDY BLOG"},"image":{"@id":"https:\/\/lyonbondyblog.fr\/LBB\/#\/schema\/logo\/image\/"},"sameAs":["https:\/\/www.facebook.com\/lyonbondyblog","https:\/\/x.com\/bondybloglyon"]},{"@type":"Person","@id":"https:\/\/lyonbondyblog.fr\/LBB\/#\/schema\/person\/e45f8d27baac75072daa0be50c409b25","name":"La r\u00e9daction","description":"Cr\u00e9e en 2008, la r\u00e9daction du Lyon Bondy Blog s'applique \u00e0 proposer une information locale diff\u00e9rente et compl\u00e9mentaire des m\u00e9dias traditionnels.","sameAs":["https:\/\/www.facebook.com\/lyonbondyblog","https:\/\/x.com\/BondyBlogLyon"],"url":"https:\/\/lyonbondyblog.fr\/LBB\/author\/admin\/"}]}},"_links":{"self":[{"href":"https:\/\/lyonbondyblog.fr\/LBB\/wp-json\/wp\/v2\/posts\/30699","targetHints":{"allow":["GET"]}}],"collection":[{"href":"https:\/\/lyonbondyblog.fr\/LBB\/wp-json\/wp\/v2\/posts"}],"about":[{"href":"https:\/\/lyonbondyblog.fr\/LBB\/wp-json\/wp\/v2\/types\/post"}],"author":[{"embeddable":true,"href":"https:\/\/lyonbondyblog.fr\/LBB\/wp-json\/wp\/v2\/users\/1"}],"replies":[{"embeddable":true,"href":"https:\/\/lyonbondyblog.fr\/LBB\/wp-json\/wp\/v2\/comments?post=30699"}],"version-history":[{"count":3,"href":"https:\/\/lyonbondyblog.fr\/LBB\/wp-json\/wp\/v2\/posts\/30699\/revisions"}],"predecessor-version":[{"id":30709,"href":"https:\/\/lyonbondyblog.fr\/LBB\/wp-json\/wp\/v2\/posts\/30699\/revisions\/30709"}],"wp:featuredmedia":[{"embeddable":true,"href":"https:\/\/lyonbondyblog.fr\/LBB\/wp-json\/wp\/v2\/media\/30708"}],"wp:attachment":[{"href":"https:\/\/lyonbondyblog.fr\/LBB\/wp-json\/wp\/v2\/media?parent=30699"}],"wp:term":[{"taxonomy":"category","embeddable":true,"href":"https:\/\/lyonbondyblog.fr\/LBB\/wp-json\/wp\/v2\/categories?post=30699"},{"taxonomy":"post_tag","embeddable":true,"href":"https:\/\/lyonbondyblog.fr\/LBB\/wp-json\/wp\/v2\/tags?post=30699"}],"curies":[{"name":"wp","href":"https:\/\/api.w.org\/{rel}","templated":true}]}}