{"id":3064,"date":"2010-02-18T16:32:29","date_gmt":"2010-02-18T15:32:29","guid":{"rendered":"http:\/\/lyonbondyblog.fr\/LBB\/?p=3064"},"modified":"2013-08-01T16:38:19","modified_gmt":"2013-08-01T14:38:19","slug":"quartiers-populaires-et-tradition-locale-la-fin-dune-exclusion","status":"publish","type":"post","link":"https:\/\/lyonbondyblog.fr\/LBB\/quartiers-populaires-et-tradition-locale-la-fin-dune-exclusion\/","title":{"rendered":"Quartiers populaires et tradition locale : la fin d&rsquo;une exclusion?"},"content":{"rendered":"<p><strong>Dans le Beaujolais, il existe une tradition que l&rsquo;on c\u00e9l\u00e8bre chaque ann\u00e9e\u00a0: celle des Conscrits. Ca ne vous dit rien\u00a0? Rafika vous explique tout&#8230;<\/strong><\/p>\n<div>\u00a0<a href=\"https:\/\/lyonbondyblog.fr\/LBB\/wp-content\/uploads\/2013\/08\/concsrit_phot_1_t.jpg\"><img loading=\"lazy\" decoding=\"async\" class=\"size-full wp-image-3071 alignleft\" alt=\"concsrit_phot_1_t\" src=\"https:\/\/lyonbondyblog.fr\/LBB\/wp-content\/uploads\/2013\/08\/concsrit_phot_1_t.jpg\" width=\"194\" height=\"129\" \/><\/a><\/div>\n<div>\u00a0En ce moment, \u00e0 Villefranche-sur-Sa\u00f4ne, la f\u00eate est aux conscrits. C\u2019est m\u00eame une institution (il existe un mus\u00e9e des conscrits)\u00a0! Chaque ann\u00e9e, le dernier dimanche de janvier, ceux dont le dernier chiffre de l\u2019ann\u00e9e de naissance correspond \u00e0 l\u2019ann\u00e9e actuelle f\u00eatent les conscrits. Ils sont r\u00e9partis par classe d\u2019\u00e2ge. Par exemple, en 2010, toute personne n\u00e9e en 1960, 1970, 1980 \u2026 fera partie de la classe en 10. Il existe une couleur distinctive pour chaque classe d\u2019\u00e2ge\u00a0: 20 ans vert, 30 ans jaune, 40 ans orange\u2026 Cette f\u00eate est li\u00e9e \u00e0 la conscription militaire. A l\u00a0\u00bb\u00e9poque, avant de partir sur le front, les jeunes des villages organisaient une grande f\u00eate. Aujourd\u2019hui c\u2019est pareil, la guerre en moins<\/div>\n<p>Seule ombre au tableau (et pas des moindres) dans ce moment de f\u00eate\u00a0:\u00a0l&rsquo;\u00e9trange s\u00e9lection des participants. Ainsi, les habitants des cit\u00e9s, en clair pr\u00e8s de la moiti\u00e9 de la ville , n\u2019ont jamais re\u00e7u de carton d\u2019invitation. Je n\u2019ai jamais eu d\u2019explications \u00e0 ce sujet. Tout ce que je sais, c\u2019est que personne de mon quartier n&rsquo; a\u00a0\u00e9t\u00e9 convi\u00e9\u00a0pour participer au d\u00e9fil\u00e9 en costume et gibus (chapeau) dans la rue Nationale.<\/p>\n<p>Je me souviens d\u2019un reportage sur France 3\u00a0parlant d&rsquo;un\u00a0jeune m\u00e9tisse vivant dans un village qui avait port\u00e9 plainte contre la municipalit\u00e9 car il \u00e9tait le seul de son \u00e2ge \u00e0 ne pas avoir re\u00e7u le fameux s\u00e9same. Existe-il une discrimination faite par les mairies qui organisent ces r\u00e9jouissances\u00a0? J\u2019ai toujours pens\u00e9 que oui. J\u2019ai deux anc\u00eatres morts \u00e0 Verdun pour la France et pourtant personne dans ma famille\u00a0install\u00e9e \u00e0 Villefranche\u00a0depuis cinquante ans\u00a0n\u2019a jamais \u00e9t\u00e9 convi\u00e9.<\/p>\n<p>Ma position sur le sujet a r\u00e9cemment chang\u00e9. Il y a quelques jours, ma petite s\u0153ur, qui va avoir 18 ans, me demande de l\u2019accompagner\u00a0acheter du tissu vert pour son gibus.<i> \u00ab\u00a0<\/i><i>Ton quoi\u00a0?\u00a0&#8211;\u00a0Mon gibus, je vais f\u00eater les conscrits vu que je vais avoir 18 ans. On f\u00eate aussi les 18 et 19 ans\u00a0<\/i><i>\u00bb. <\/i>Un moment historique dans notre famille\u00a0!\u00a0Mais je ne comprends pas comment se fait-il quelle y participe. <i>\u00ab\u00a0<\/i><i>Comme je suis au Conseil Municipal des jeunes, je suis sur les listes c\u2019est comme \u00e7a que j\u2019ai \u00e9t\u00e9 invit\u00e9e. Mais tu peux aussi t\u2019adresser au comit\u00e9, il faut adh\u00e9rer \u00e0 ce comit\u00e9<\/i><i>\u00a0\u00bb<\/i>, m\u2019explique-t-elle.<i> <\/i><\/p>\n<p>Cela parait tr\u00e8s simple en th\u00e9orie, mais, dans la pratique, je ne connais personne du quartier qui ait f\u00eat\u00e9 les conscrits\u00a0: \u00ab\u00a0<i>C\u2019est avec le comit\u00e9 que \u00e7a bloque, ce sont des anciens. C\u2019est parce que les gens ne veulent pas y participer, ils ne s\u2019inscrivent pas au comit\u00e9 non plus mais je connais plusieurs personnes du quartier qui sont pr\u00e9sents dans le comit\u00e9. En tout cas, le meilleur\u00a0 moment dans tout \u00e7a c\u2019est le bal \u00e0 la fin, un peu \u00e0 l\u2019am\u00e9ricaine avec plein de jeunes. C&rsquo;est ouvert \u00e0 tout le monde. Il n\u2019y a plus de diff\u00e9rence entre les gens, on s\u2019amuse ensemble\u00a0!\u00a0<\/i><i>\u00bb. <\/i><\/p>\n<p><span style=\"text-decoration: underline;\">Auteur : Rafika Bendermel<\/span><\/p>\n<!-- AddThis Advanced Settings generic via filter on the_content --><!-- AddThis Share Buttons generic via filter on the_content -->","protected":false},"excerpt":{"rendered":"<p>Dans le Beaujolais, il existe une tradition que l&rsquo;on c\u00e9l\u00e8bre chaque ann\u00e9e\u00a0: celle des Conscrits. Ca ne vous dit rien\u00a0? Rafika vous explique tout&#8230; \u00a0 &hellip; <!-- AddThis Advanced Settings generic via filter on wp_trim_excerpt --><!-- AddThis Share Buttons generic via filter on wp_trim_excerpt --><\/p>\n","protected":false},"author":1,"featured_media":3071,"comment_status":"open","ping_status":"open","sticky":false,"template":"","format":"standard","meta":{"_FSMCFIC_featured_image_caption":"","_FSMCFIC_featured_image_nocaption":"","_FSMCFIC_featured_image_hide":"","footnotes":""},"categories":[3],"tags":[135,112],"class_list":["post-3064","post","type-post","status-publish","format-standard","has-post-thumbnail","hentry","category-culture","tag-lbb","tag-lyon-bondy-blog"],"yoast_head":"<!-- This site is optimized with the Yoast SEO plugin v22.8 - https:\/\/yoast.com\/wordpress\/plugins\/seo\/ -->\n<title>Quartiers populaires et tradition locale : la fin d&#039;une exclusion? - Lyon Bondy Blog<\/title>\n<meta name=\"robots\" content=\"index, follow, max-snippet:-1, max-image-preview:large, max-video-preview:-1\" \/>\n<link rel=\"canonical\" href=\"https:\/\/lyonbondyblog.fr\/LBB\/quartiers-populaires-et-tradition-locale-la-fin-dune-exclusion\/\" \/>\n<meta property=\"og:locale\" content=\"fr_FR\" \/>\n<meta property=\"og:type\" content=\"article\" \/>\n<meta property=\"og:title\" content=\"Quartiers populaires et tradition locale : la fin d&#039;une exclusion? - Lyon Bondy Blog\" \/>\n<meta property=\"og:description\" content=\"Dans le Beaujolais, il existe une tradition que l&rsquo;on c\u00e9l\u00e8bre chaque ann\u00e9e\u00a0: celle des Conscrits. Ca ne vous dit rien\u00a0? Rafika vous explique tout&#8230; \u00a0 &hellip;\" \/>\n<meta property=\"og:url\" content=\"https:\/\/lyonbondyblog.fr\/LBB\/quartiers-populaires-et-tradition-locale-la-fin-dune-exclusion\/\" \/>\n<meta property=\"og:site_name\" content=\"Lyon Bondy Blog\" \/>\n<meta property=\"article:publisher\" content=\"https:\/\/www.facebook.com\/lyonbondyblog\" \/>\n<meta property=\"article:author\" content=\"https:\/\/www.facebook.com\/lyonbondyblog\" \/>\n<meta property=\"article:published_time\" content=\"2010-02-18T15:32:29+00:00\" \/>\n<meta property=\"article:modified_time\" content=\"2013-08-01T14:38:19+00:00\" \/>\n<meta property=\"og:image\" content=\"https:\/\/lyonbondyblog.fr\/LBB\/wp-content\/uploads\/2013\/08\/concsrit_phot_1_t.jpg\" \/>\n\t<meta property=\"og:image:width\" content=\"194\" \/>\n\t<meta property=\"og:image:height\" content=\"129\" \/>\n\t<meta property=\"og:image:type\" content=\"image\/jpeg\" \/>\n<meta name=\"author\" content=\"La r\u00e9daction\" \/>\n<meta name=\"twitter:card\" content=\"summary_large_image\" \/>\n<meta name=\"twitter:creator\" content=\"@BondyBlogLyon\" \/>\n<meta name=\"twitter:site\" content=\"@bondybloglyon\" \/>\n<script type=\"application\/ld+json\" class=\"yoast-schema-graph\">{\"@context\":\"https:\/\/schema.org\",\"@graph\":[{\"@type\":\"Article\",\"@id\":\"https:\/\/lyonbondyblog.fr\/LBB\/quartiers-populaires-et-tradition-locale-la-fin-dune-exclusion\/#article\",\"isPartOf\":{\"@id\":\"https:\/\/lyonbondyblog.fr\/LBB\/quartiers-populaires-et-tradition-locale-la-fin-dune-exclusion\/\"},\"author\":{\"name\":\"La r\u00e9daction\",\"@id\":\"https:\/\/lyonbondyblog.fr\/LBB\/#\/schema\/person\/e45f8d27baac75072daa0be50c409b25\"},\"headline\":\"Quartiers populaires et tradition locale : la fin d&rsquo;une exclusion?\",\"datePublished\":\"2010-02-18T15:32:29+00:00\",\"dateModified\":\"2013-08-01T14:38:19+00:00\",\"mainEntityOfPage\":{\"@id\":\"https:\/\/lyonbondyblog.fr\/LBB\/quartiers-populaires-et-tradition-locale-la-fin-dune-exclusion\/\"},\"wordCount\":563,\"commentCount\":0,\"publisher\":{\"@id\":\"https:\/\/lyonbondyblog.fr\/LBB\/#organization\"},\"image\":{\"@id\":\"https:\/\/lyonbondyblog.fr\/LBB\/quartiers-populaires-et-tradition-locale-la-fin-dune-exclusion\/#primaryimage\"},\"thumbnailUrl\":\"https:\/\/lyonbondyblog.fr\/LBB\/wp-content\/uploads\/2013\/08\/concsrit_phot_1_t.jpg\",\"keywords\":[\"LBB\",\"Lyon Bondy Blog\"],\"articleSection\":[\"Culture\"],\"inLanguage\":\"fr-FR\",\"potentialAction\":[{\"@type\":\"CommentAction\",\"name\":\"Comment\",\"target\":[\"https:\/\/lyonbondyblog.fr\/LBB\/quartiers-populaires-et-tradition-locale-la-fin-dune-exclusion\/#respond\"]}]},{\"@type\":\"WebPage\",\"@id\":\"https:\/\/lyonbondyblog.fr\/LBB\/quartiers-populaires-et-tradition-locale-la-fin-dune-exclusion\/\",\"url\":\"https:\/\/lyonbondyblog.fr\/LBB\/quartiers-populaires-et-tradition-locale-la-fin-dune-exclusion\/\",\"name\":\"Quartiers populaires et tradition locale : la fin d'une exclusion? - Lyon Bondy Blog\",\"isPartOf\":{\"@id\":\"https:\/\/lyonbondyblog.fr\/LBB\/#website\"},\"primaryImageOfPage\":{\"@id\":\"https:\/\/lyonbondyblog.fr\/LBB\/quartiers-populaires-et-tradition-locale-la-fin-dune-exclusion\/#primaryimage\"},\"image\":{\"@id\":\"https:\/\/lyonbondyblog.fr\/LBB\/quartiers-populaires-et-tradition-locale-la-fin-dune-exclusion\/#primaryimage\"},\"thumbnailUrl\":\"https:\/\/lyonbondyblog.fr\/LBB\/wp-content\/uploads\/2013\/08\/concsrit_phot_1_t.jpg\",\"datePublished\":\"2010-02-18T15:32:29+00:00\",\"dateModified\":\"2013-08-01T14:38:19+00:00\",\"inLanguage\":\"fr-FR\",\"potentialAction\":[{\"@type\":\"ReadAction\",\"target\":[\"https:\/\/lyonbondyblog.fr\/LBB\/quartiers-populaires-et-tradition-locale-la-fin-dune-exclusion\/\"]}]},{\"@type\":\"ImageObject\",\"inLanguage\":\"fr-FR\",\"@id\":\"https:\/\/lyonbondyblog.fr\/LBB\/quartiers-populaires-et-tradition-locale-la-fin-dune-exclusion\/#primaryimage\",\"url\":\"https:\/\/lyonbondyblog.fr\/LBB\/wp-content\/uploads\/2013\/08\/concsrit_phot_1_t.jpg\",\"contentUrl\":\"https:\/\/lyonbondyblog.fr\/LBB\/wp-content\/uploads\/2013\/08\/concsrit_phot_1_t.jpg\",\"width\":194,\"height\":129},{\"@type\":\"WebSite\",\"@id\":\"https:\/\/lyonbondyblog.fr\/LBB\/#website\",\"url\":\"https:\/\/lyonbondyblog.fr\/LBB\/\",\"name\":\"Lyon Bondy Blog\",\"description\":\"\",\"publisher\":{\"@id\":\"https:\/\/lyonbondyblog.fr\/LBB\/#organization\"},\"potentialAction\":[{\"@type\":\"SearchAction\",\"target\":{\"@type\":\"EntryPoint\",\"urlTemplate\":\"https:\/\/lyonbondyblog.fr\/LBB\/?s={search_term_string}\"},\"query-input\":\"required name=search_term_string\"}],\"inLanguage\":\"fr-FR\"},{\"@type\":\"Organization\",\"@id\":\"https:\/\/lyonbondyblog.fr\/LBB\/#organization\",\"name\":\"LYON BONDY BLOG\",\"url\":\"https:\/\/lyonbondyblog.fr\/LBB\/\",\"logo\":{\"@type\":\"ImageObject\",\"inLanguage\":\"fr-FR\",\"@id\":\"https:\/\/lyonbondyblog.fr\/LBB\/#\/schema\/logo\/image\/\",\"url\":\"http:\/\/lyonbondyblog.fr\/LBB\/wp-content\/uploads\/2014\/10\/logo-portable-144.png\",\"contentUrl\":\"http:\/\/lyonbondyblog.fr\/LBB\/wp-content\/uploads\/2014\/10\/logo-portable-144.png\",\"width\":144,\"height\":123,\"caption\":\"LYON BONDY BLOG\"},\"image\":{\"@id\":\"https:\/\/lyonbondyblog.fr\/LBB\/#\/schema\/logo\/image\/\"},\"sameAs\":[\"https:\/\/www.facebook.com\/lyonbondyblog\",\"https:\/\/x.com\/bondybloglyon\"]},{\"@type\":\"Person\",\"@id\":\"https:\/\/lyonbondyblog.fr\/LBB\/#\/schema\/person\/e45f8d27baac75072daa0be50c409b25\",\"name\":\"La r\u00e9daction\",\"description\":\"Cr\u00e9e en 2008, la r\u00e9daction du Lyon Bondy Blog s'applique \u00e0 proposer une information locale diff\u00e9rente et compl\u00e9mentaire des m\u00e9dias traditionnels.\",\"sameAs\":[\"https:\/\/www.facebook.com\/lyonbondyblog\",\"https:\/\/x.com\/BondyBlogLyon\"],\"url\":\"https:\/\/lyonbondyblog.fr\/LBB\/author\/admin\/\"}]}<\/script>\n<!-- \/ Yoast SEO plugin. -->","yoast_head_json":{"title":"Quartiers populaires et tradition locale : la fin d'une exclusion? - Lyon Bondy Blog","robots":{"index":"index","follow":"follow","max-snippet":"max-snippet:-1","max-image-preview":"max-image-preview:large","max-video-preview":"max-video-preview:-1"},"canonical":"https:\/\/lyonbondyblog.fr\/LBB\/quartiers-populaires-et-tradition-locale-la-fin-dune-exclusion\/","og_locale":"fr_FR","og_type":"article","og_title":"Quartiers populaires et tradition locale : la fin d'une exclusion? - Lyon Bondy Blog","og_description":"Dans le Beaujolais, il existe une tradition que l&rsquo;on c\u00e9l\u00e8bre chaque ann\u00e9e\u00a0: celle des Conscrits. Ca ne vous dit rien\u00a0? Rafika vous explique tout&#8230; \u00a0 &hellip;","og_url":"https:\/\/lyonbondyblog.fr\/LBB\/quartiers-populaires-et-tradition-locale-la-fin-dune-exclusion\/","og_site_name":"Lyon Bondy Blog","article_publisher":"https:\/\/www.facebook.com\/lyonbondyblog","article_author":"https:\/\/www.facebook.com\/lyonbondyblog","article_published_time":"2010-02-18T15:32:29+00:00","article_modified_time":"2013-08-01T14:38:19+00:00","og_image":[{"width":194,"height":129,"url":"https:\/\/lyonbondyblog.fr\/LBB\/wp-content\/uploads\/2013\/08\/concsrit_phot_1_t.jpg","type":"image\/jpeg"}],"author":"La r\u00e9daction","twitter_card":"summary_large_image","twitter_creator":"@BondyBlogLyon","twitter_site":"@bondybloglyon","schema":{"@context":"https:\/\/schema.org","@graph":[{"@type":"Article","@id":"https:\/\/lyonbondyblog.fr\/LBB\/quartiers-populaires-et-tradition-locale-la-fin-dune-exclusion\/#article","isPartOf":{"@id":"https:\/\/lyonbondyblog.fr\/LBB\/quartiers-populaires-et-tradition-locale-la-fin-dune-exclusion\/"},"author":{"name":"La r\u00e9daction","@id":"https:\/\/lyonbondyblog.fr\/LBB\/#\/schema\/person\/e45f8d27baac75072daa0be50c409b25"},"headline":"Quartiers populaires et tradition locale : la fin d&rsquo;une exclusion?","datePublished":"2010-02-18T15:32:29+00:00","dateModified":"2013-08-01T14:38:19+00:00","mainEntityOfPage":{"@id":"https:\/\/lyonbondyblog.fr\/LBB\/quartiers-populaires-et-tradition-locale-la-fin-dune-exclusion\/"},"wordCount":563,"commentCount":0,"publisher":{"@id":"https:\/\/lyonbondyblog.fr\/LBB\/#organization"},"image":{"@id":"https:\/\/lyonbondyblog.fr\/LBB\/quartiers-populaires-et-tradition-locale-la-fin-dune-exclusion\/#primaryimage"},"thumbnailUrl":"https:\/\/lyonbondyblog.fr\/LBB\/wp-content\/uploads\/2013\/08\/concsrit_phot_1_t.jpg","keywords":["LBB","Lyon Bondy Blog"],"articleSection":["Culture"],"inLanguage":"fr-FR","potentialAction":[{"@type":"CommentAction","name":"Comment","target":["https:\/\/lyonbondyblog.fr\/LBB\/quartiers-populaires-et-tradition-locale-la-fin-dune-exclusion\/#respond"]}]},{"@type":"WebPage","@id":"https:\/\/lyonbondyblog.fr\/LBB\/quartiers-populaires-et-tradition-locale-la-fin-dune-exclusion\/","url":"https:\/\/lyonbondyblog.fr\/LBB\/quartiers-populaires-et-tradition-locale-la-fin-dune-exclusion\/","name":"Quartiers populaires et tradition locale : la fin d'une exclusion? - Lyon Bondy Blog","isPartOf":{"@id":"https:\/\/lyonbondyblog.fr\/LBB\/#website"},"primaryImageOfPage":{"@id":"https:\/\/lyonbondyblog.fr\/LBB\/quartiers-populaires-et-tradition-locale-la-fin-dune-exclusion\/#primaryimage"},"image":{"@id":"https:\/\/lyonbondyblog.fr\/LBB\/quartiers-populaires-et-tradition-locale-la-fin-dune-exclusion\/#primaryimage"},"thumbnailUrl":"https:\/\/lyonbondyblog.fr\/LBB\/wp-content\/uploads\/2013\/08\/concsrit_phot_1_t.jpg","datePublished":"2010-02-18T15:32:29+00:00","dateModified":"2013-08-01T14:38:19+00:00","inLanguage":"fr-FR","potentialAction":[{"@type":"ReadAction","target":["https:\/\/lyonbondyblog.fr\/LBB\/quartiers-populaires-et-tradition-locale-la-fin-dune-exclusion\/"]}]},{"@type":"ImageObject","inLanguage":"fr-FR","@id":"https:\/\/lyonbondyblog.fr\/LBB\/quartiers-populaires-et-tradition-locale-la-fin-dune-exclusion\/#primaryimage","url":"https:\/\/lyonbondyblog.fr\/LBB\/wp-content\/uploads\/2013\/08\/concsrit_phot_1_t.jpg","contentUrl":"https:\/\/lyonbondyblog.fr\/LBB\/wp-content\/uploads\/2013\/08\/concsrit_phot_1_t.jpg","width":194,"height":129},{"@type":"WebSite","@id":"https:\/\/lyonbondyblog.fr\/LBB\/#website","url":"https:\/\/lyonbondyblog.fr\/LBB\/","name":"Lyon Bondy Blog","description":"","publisher":{"@id":"https:\/\/lyonbondyblog.fr\/LBB\/#organization"},"potentialAction":[{"@type":"SearchAction","target":{"@type":"EntryPoint","urlTemplate":"https:\/\/lyonbondyblog.fr\/LBB\/?s={search_term_string}"},"query-input":"required name=search_term_string"}],"inLanguage":"fr-FR"},{"@type":"Organization","@id":"https:\/\/lyonbondyblog.fr\/LBB\/#organization","name":"LYON BONDY BLOG","url":"https:\/\/lyonbondyblog.fr\/LBB\/","logo":{"@type":"ImageObject","inLanguage":"fr-FR","@id":"https:\/\/lyonbondyblog.fr\/LBB\/#\/schema\/logo\/image\/","url":"http:\/\/lyonbondyblog.fr\/LBB\/wp-content\/uploads\/2014\/10\/logo-portable-144.png","contentUrl":"http:\/\/lyonbondyblog.fr\/LBB\/wp-content\/uploads\/2014\/10\/logo-portable-144.png","width":144,"height":123,"caption":"LYON BONDY BLOG"},"image":{"@id":"https:\/\/lyonbondyblog.fr\/LBB\/#\/schema\/logo\/image\/"},"sameAs":["https:\/\/www.facebook.com\/lyonbondyblog","https:\/\/x.com\/bondybloglyon"]},{"@type":"Person","@id":"https:\/\/lyonbondyblog.fr\/LBB\/#\/schema\/person\/e45f8d27baac75072daa0be50c409b25","name":"La r\u00e9daction","description":"Cr\u00e9e en 2008, la r\u00e9daction du Lyon Bondy Blog s'applique \u00e0 proposer une information locale diff\u00e9rente et compl\u00e9mentaire des m\u00e9dias traditionnels.","sameAs":["https:\/\/www.facebook.com\/lyonbondyblog","https:\/\/x.com\/BondyBlogLyon"],"url":"https:\/\/lyonbondyblog.fr\/LBB\/author\/admin\/"}]}},"_links":{"self":[{"href":"https:\/\/lyonbondyblog.fr\/LBB\/wp-json\/wp\/v2\/posts\/3064","targetHints":{"allow":["GET"]}}],"collection":[{"href":"https:\/\/lyonbondyblog.fr\/LBB\/wp-json\/wp\/v2\/posts"}],"about":[{"href":"https:\/\/lyonbondyblog.fr\/LBB\/wp-json\/wp\/v2\/types\/post"}],"author":[{"embeddable":true,"href":"https:\/\/lyonbondyblog.fr\/LBB\/wp-json\/wp\/v2\/users\/1"}],"replies":[{"embeddable":true,"href":"https:\/\/lyonbondyblog.fr\/LBB\/wp-json\/wp\/v2\/comments?post=3064"}],"version-history":[{"count":0,"href":"https:\/\/lyonbondyblog.fr\/LBB\/wp-json\/wp\/v2\/posts\/3064\/revisions"}],"wp:featuredmedia":[{"embeddable":true,"href":"https:\/\/lyonbondyblog.fr\/LBB\/wp-json\/wp\/v2\/media\/3071"}],"wp:attachment":[{"href":"https:\/\/lyonbondyblog.fr\/LBB\/wp-json\/wp\/v2\/media?parent=3064"}],"wp:term":[{"taxonomy":"category","embeddable":true,"href":"https:\/\/lyonbondyblog.fr\/LBB\/wp-json\/wp\/v2\/categories?post=3064"},{"taxonomy":"post_tag","embeddable":true,"href":"https:\/\/lyonbondyblog.fr\/LBB\/wp-json\/wp\/v2\/tags?post=3064"}],"curies":[{"name":"wp","href":"https:\/\/api.w.org\/{rel}","templated":true}]}}