{"id":30619,"date":"2022-08-25T16:54:02","date_gmt":"2022-08-25T14:54:02","guid":{"rendered":"http:\/\/lyonbondyblog.fr\/LBB\/?p=30619"},"modified":"2022-08-26T11:24:41","modified_gmt":"2022-08-26T09:24:41","slug":"echanges-avec-laz-du-voyage-carceral-a-la-norvege-en-velo","status":"publish","type":"post","link":"https:\/\/lyonbondyblog.fr\/LBB\/echanges-avec-laz-du-voyage-carceral-a-la-norvege-en-velo\/","title":{"rendered":"\u00c9changes avec Laz, du voyage carc\u00e9ral \u00e0 la Norv\u00e8ge en v\u00e9lo"},"content":{"rendered":"\n<p><strong>Apr\u00e8s avoir purg\u00e9 sa peine pour plusieurs m\u00e9faits, Laz sort de prison en 2019 avec une envie de parcourir le monde. Avec la cr\u00e9ation de sa structure d\u2019humour \u00ab&nbsp;<a href=\"https:\/\/www.instagram.com\/carrerouge4\/\" target=\"_blank\" rel=\"noreferrer noopener\">Carr\u00e9 Rouge<\/a>&nbsp;\u00bb en r\u00e9f\u00e9rence \u00e0 son quartier de Bron, et \u00ab&nbsp;P\u00e9daler Pour Leur Sourire&nbsp;\u00bb&nbsp;une association o\u00f9 son groupe d\u2019amis parcourt \u00e0 v\u00e9lo toute l\u2019Europe, il veut devenir \u00ab&nbsp;<em>la meilleure version de lui-m\u00eame<\/em>&nbsp;\u00bb.<\/strong><\/p>\n\n\n\n<p>Laz, connu par ses proches de son nom LAZREG, est aujourd\u2019hui humoriste et pr\u00e9sident de la structure \u00ab&nbsp;P\u00e9daler Pour leurs Sourires&nbsp;\u00bb. Le 25 juillet dernier, il revient d\u2019un tour d\u2019Europe \u00e0 v\u00e9lo o\u00f9 tous les b\u00e9n\u00e9fices de la cagnotte, cr\u00e9\u00e9e pour l\u2019occasion, seront revers\u00e9s \u00e0 une association guin\u00e9enne. La d\u00e9marche sociale de sa course trouve son origine dans un lieu bien diff\u00e9rent et exigu\u00eb, o\u00f9 le v\u00e9lo et les associations ne sont pas le premier souci&nbsp;: la prison.<\/p>\n\n\n\n<p>Au cours d\u2019un entretien r\u00e9alis\u00e9 le 17 ao\u00fbt, Laz revient avec nous sur cette exp\u00e9rience qui l\u2019a marqu\u00e9 et nous en apprend plus sur lui. Une aventure qu\u2019il r\u00e9it\u00e8re pour la troisi\u00e8me fois. Cette fois-ci un v\u00e9ritable palier \u00e0 \u00e9t\u00e9 franchis pour le brondillant.<\/p>\n\n\n\n<p><strong>Comment avez-vous senti que vous aviez atteint un nouveau pallier ?<\/strong><\/p>\n\n\n\n<p>Principalement, par les retours et parce qu\u2019on a re\u00e7u des candidatures pour nous accompagner, on a m\u00eame d\u00fb en refuser. Ces refus c\u2019est surtout car on a un objectif et on doit y arriver. Il faut des personnes motiv\u00e9es, qui fassent suffisamment de sport et avec un bon mat\u00e9riel.<\/p>\n\n\n\n<div class=\"wp-block-image\"><figure class=\"alignright size-large is-resized\"><img loading=\"lazy\" decoding=\"async\" src=\"https:\/\/lyonbondyblog.fr\/LBB\/wp-content\/uploads\/2022\/08\/photot-1--1452x1920.jpg\" alt=\"\" class=\"wp-image-30628\" width=\"363\" height=\"480\" srcset=\"https:\/\/lyonbondyblog.fr\/LBB\/wp-content\/uploads\/2022\/08\/photot-1--1452x1920.jpg 1452w, https:\/\/lyonbondyblog.fr\/LBB\/wp-content\/uploads\/2022\/08\/photot-1--908x1200.jpg 908w, https:\/\/lyonbondyblog.fr\/LBB\/wp-content\/uploads\/2022\/08\/photot-1--768x1016.jpg 768w, https:\/\/lyonbondyblog.fr\/LBB\/wp-content\/uploads\/2022\/08\/photot-1--1162x1536.jpg 1162w, https:\/\/lyonbondyblog.fr\/LBB\/wp-content\/uploads\/2022\/08\/photot-1--1549x2048.jpg 1549w, https:\/\/lyonbondyblog.fr\/LBB\/wp-content\/uploads\/2022\/08\/photot-1-.jpg 1868w\" sizes=\"auto, (max-width: 363px) 100vw, 363px\" \/><figcaption>Laz et son \u00e9quipe lors de leur arriv\u00e9 en Italie. Cr\u00e9dit : Laz<\/figcaption><\/figure><\/div>\n\n\n\n<p><strong>Comment s\u2019est fait le retour en France&nbsp;? Comment vous sentez-vous&nbsp;?<\/strong><\/p>\n\n\n\n<p>Un peu d\u00e9gout\u00e9 on a voyag\u00e9 dans des pays magnifiques, on a vu des beaux paysages. La France c\u2019est un beau pays, on y est n\u00e9s, on le connait. Mais lorsqu\u2019on sort et qu\u2019on voyage, on se dit \u00ab&nbsp;wouah&nbsp;\u00bb, y\u2019a pas \u00e7a chez nous. Apr\u00e8s, c\u2019est vrai que quand on est chez nous, on se dit \u00e9galement \u00ab&nbsp;il n\u2019y a pas \u00e7a l\u00e0-bas&nbsp;\u00bb. Je suis content d\u2019\u00eatre revenu, press\u00e9 de pr\u00e9parer la prochaine aventure.<\/p>\n\n\n\n<p><strong>Dans quel \u00e9tat d\u2019esprit avez-vous termin\u00e9 cette \u00e9dition&nbsp;?<\/strong><\/p>\n\n\n\n<p>J\u2019ai d\u00e9j\u00e0 envie de m\u2019y remettre. Parce que je sors de ma zone de confort, je d\u00e9couvre de nouveaux paysages, de nouveaux horizons, de nouvelles populations. \u00c7a me donne envie d\u2019en d\u00e9couvrir encore plus, le monde est grand. Pour moi, la cage vient de s\u2019ouvrir, il est temps que je d\u00e9ploie mes ailes. J\u2019ai envie de p\u00e9daler encore et encore. Alors que je pourrais le faire en avion, en voiture, en voyage organis\u00e9 comme un touriste. Mais pour moi, pour voyager, il n\u2019y a rien de mieux que le v\u00e9lo, appart peut-\u00eatre la moto.<\/p>\n\n\n\n<p><strong>Pourquoi avoir choisi le v\u00e9lo ?<\/strong><\/p>\n\n\n\n<p>\u00c7a m\u2019est tomb\u00e9 dessus. Je n\u2019y connaissais rien. Pour notre premier p\u00e9riple de Lyon \u00e0 Marseille j\u2019ai d\u2019abord pris un V.T.T. Puis j\u2019ai appris, je me suis perfectionn\u00e9. Au fur et \u00e0 mesure on a utilis\u00e9 d\u2019autres v\u00e9los, tous de meilleure qualit\u00e9 qu\u2019avant. Pour la troisi\u00e8me \u00e9dition on est partis de Bron et on est all\u00e9s en Suisse, en Allemagne, au Lichtenstein, en Autriche puis on est revenus jusqu\u2019en Italie et en France.<\/p>\n\n\n\n<p><strong>Quelles \u00e9taient les sensations sur le v\u00e9lo&nbsp;?<\/strong><\/p>\n\n\n\n<p>C\u2019est dur physiquement, mais mentalement c\u2019est un r\u00e9gal. Je sais o\u00f9 je vais, je sais que je veux y arriver.<\/p>\n\n\n\n<p><strong>Au d\u00e9part vous \u00eates partis en compagnie du maire de Bron, qui vous a accompagn\u00e9s jusqu\u2019\u00e0 Gen\u00e8ve. Cela repr\u00e9sente quoi pour vous&nbsp;?<\/strong><\/p>\n\n\n\n<p>\u00c7a veut surtout montrer que l\u2019eau et l\u2019huile \u00e7a se m\u00e9lange. On peut \u00eatre un ancien braqueur et faire des choses bien. Entre l\u2019huile et l\u2019eau, qui je suis&nbsp;? L\u2019huile, car je laisse des traces (rires).&nbsp;<\/p>\n\n\n\n<div class=\"wp-block-image\"><figure class=\"aligncenter size-large\"><img loading=\"lazy\" decoding=\"async\" width=\"1920\" height=\"1063\" src=\"https:\/\/lyonbondyblog.fr\/LBB\/wp-content\/uploads\/2022\/08\/photo-2-1-1-1920x1063.jpg\" alt=\"\" class=\"wp-image-30635\" srcset=\"https:\/\/lyonbondyblog.fr\/LBB\/wp-content\/uploads\/2022\/08\/photo-2-1-1-1920x1063.jpg 1920w, https:\/\/lyonbondyblog.fr\/LBB\/wp-content\/uploads\/2022\/08\/photo-2-1-1-1200x664.jpg 1200w, https:\/\/lyonbondyblog.fr\/LBB\/wp-content\/uploads\/2022\/08\/photo-2-1-1-768x425.jpg 768w, https:\/\/lyonbondyblog.fr\/LBB\/wp-content\/uploads\/2022\/08\/photo-2-1-1-1536x850.jpg 1536w, https:\/\/lyonbondyblog.fr\/LBB\/wp-content\/uploads\/2022\/08\/photo-2-1-1-2048x1134.jpg 2048w\" sizes=\"auto, (max-width: 1920px) 100vw, 1920px\" \/><figcaption>Le groupe de \u00ab\u00a0P\u00e9daler pour leurs sourires\u00a0\u00bb au d\u00e9part de Bron en compagnie de J\u00e9r\u00e9mie Br\u00e9aud, maire de Bron. Cr\u00e9dit : Laz<\/figcaption><\/figure><\/div>\n\n\n\n<p><strong>C\u2019est quoi la suite&nbsp;?<\/strong><\/p>\n\n\n\n<p>Je suis d\u00e9j\u00e0 en pr\u00e9paration de l\u2019\u00e9pisode quatre. On parle entre nous de la Turquie, c\u2019est une question d\u2019organisation.<\/p>\n\n\n\n<pre class=\"wp-block-verse has-medium-font-size\"><span class=\"has-inline-color has-vivid-red-color\">Portrait : \n<\/span>\n<span class=\"has-inline-color has-vivid-red-color\">Laz se d\u00e9finit avec le recul comme incompatible avec le syst\u00e8me dans lequel il a grandi. Apr\u00e8s avoir arr\u00eat\u00e9 l\u2019\u00e9cole \u00e0 18 ans sans r\u00e9elle envie de trouver sa voix, il d\u00e9marre dans la petite d\u00e9linquance, avant d\u2019y mettre un second pied qui lui co\u00fbtera plusieurs stages en prison. L\u2019\u00e9l\u00e9ment d\u00e9clencheur de sa vie se produit le 3 juin 2010, quand LAZ, se retrouve questionn\u00e9 par la BRB pour plusieurs vols \u00e0 mains arm\u00e9s qui s\u00e9vissaient dans la r\u00e9gion. En cause, le dernier fait d\u2019arme sur lequel son \u00e9quipe et lui ont \u00e9t\u00e9 reconnus : le vol d\u2019un million d\u2019euros en bijoux place des jacobins. Il part pour 105 heures de gardes \u00e0 vues suivi d\u2019une mise \u00e0 \u00e9crou puis obtient le statut de plus jeune DPS (D\u00e9tenu Particuli\u00e8rement Surveill\u00e9) de France \u00e0 l\u2019\u00e2ge de 24 ans.\n\nIl purge sa peine aux quatre coins de la r\u00e9gion (Saint Quentin en Fallavier, la Maison d\u2019arr\u00eat de Moulins, Bourg-en-Bresse, Villefranche, Corbas, puis la centrale de Moulins). Il sort en 2019 avec un objectif : se rendre \u00e0 Oslo et pouvoir regarder de ses yeux les paysages magnifiques qu\u2019il a vu, \u00e0 la t\u00e9l\u00e9vision, durant sa d\u00e9tention. Il r\u00e9alise ce r\u00eave deux ans plus tard, apr\u00e8s avoir cr\u00e9\u00e9 \u00ab Carr\u00e9 Rouge \u00bb et \u00ab P\u00e9daler Pour Leurs Sourires \u00bb, avec plusieurs amis. Il p\u00e9dale de Paris \u00e0 Oslo durant 13 jours pour respirer l\u2019air norv\u00e9gien. \u00ab La plus belle exp\u00e9rience de sa vie \u00bb donne lieu \u00e0 une cagnotte qu\u2019il reverse enti\u00e8rement \u00e0 la cause de l\u2019h\u00f4pital Romans Ferrari de Miribel. Le centre de r\u00e9\u00e9ducation lyonnais permet \u00e0 des grands br\u00fbl\u00e9s d\u2019obtenir des soins de qualit\u00e9, comme sa ni\u00e8ce quelques ann\u00e9es plus t\u00f4t. \n\nCette d\u00e9marche associative l\u2019a men\u00e9 par la suite durant le mois de juillet 2022 \u00e0 p\u00e9daler pour le sourire d\u2019un village en Guin\u00e9e afin de creuser un puits et d\u2019obtenir l\u2019eau n\u00e9cessaire \u00e0 leur vie. Suisse, Allemagne, Lichtenstein, Autriche, Italie... Il parcourt avec son \u00e9quipe, 2 220 kilom\u00e8tres au profit des plus d\u00e9munis. \n<\/span><\/pre>\n\n\n\n<h2 class=\"wp-block-heading\"><strong>\u00ab&nbsp;Si je pouvais y vivre, j\u2019y vivrais&nbsp;\u00bb<\/strong><\/h2>\n\n\n\n<p><strong>D\u2019o\u00f9 vient cet amour pour la Norv\u00e8ge&nbsp;?<\/strong><\/p>\n\n\n\n<p>J\u2019ai \u00e9t\u00e9 incarc\u00e9r\u00e9 pendant plusieurs ann\u00e9es. Un des d\u00e9clics qui m\u2019a pouss\u00e9 \u00e0 r\u00e9aliser ce challenge-l\u00e0 jusqu\u2019\u00e0 Oslo, c\u2019est un documentaire que je regardais lorsque j\u2019\u00e9tais en cellule. Je suis tomb\u00e9 sur RMC D\u00e9couverte et j\u2019y ai vu des paysages magnifiques. J\u2019ai d\u00e9cid\u00e9 d\u2019aller plus loin. J\u2019ai fr\u00f4l\u00e9 mon r\u00eave en allant \u00e0 Oslo en v\u00e9lo, mais je n\u2019ai encore rien vu du pays. La sensation de bien-\u00eatre que j\u2019ai ressenti en arrivant l\u00e0-bas \u00e9tait inexplicable, je ne l\u2019ai jamais ressenti dans toute ma vie. Je suis quelqu\u2019un qui aime beaucoup plus la montagne que la mer. Si je pouvais y vivre, j\u2019y vivrais.<\/p>\n\n\n\n<p>Mon r\u00eave, serait de parcourir toute la Norv\u00e8ge \u00e0 moto. J\u2019aimerais organiser un road-trip \u00e0 deux durant un ou deux mois et traverser tout le pays. Si je pouvais, je deviendrais norv\u00e9gien.<\/p>\n\n\n\n<p><strong>Durant ce p\u00e9riple en Norv\u00e8ge, vous \u00eates all\u00e9s jusqu\u2019\u00e0 l\u2019ambassade fran\u00e7aise \u00e0 Oslo. De quelle mani\u00e8re cela s\u2019est organis\u00e9&nbsp;?<\/strong><\/p>\n\n\n\n<p>On avait un community manager qui annon\u00e7ait notre road trip et les diff\u00e9rents endroits o\u00f9 on allait passer, on essayait de rencontrer des Fran\u00e7ais durant chacun de nos arr\u00eats (Belgique, Pays-Bas, Allemagne, Danemark, Su\u00e8de, Norv\u00e8ge\u2026). On a \u00e9t\u00e9 contact\u00e9 sur les r\u00e9seaux sociaux par des personnes qui travaillent \u00e0 l\u2019ambassade fran\u00e7aise en Norv\u00e8ge. A Oslo, une famille nous a r\u00e9pondu et a accept\u00e9 de nous accueillir. On a mang\u00e9 et discut\u00e9 avec eux durant un brunch puis on est partis visiter un peu la ville.<\/p>\n\n\n\n<p><strong>Tu n\u2019y es pas retourn\u00e9 depuis&nbsp;?<\/strong><\/p>\n\n\n\n<p>Je devais y aller cet \u00e9t\u00e9, en ao\u00fbt, mais malheureusement \u00e7a n\u2019a pas pu se faire car la famille \u00e9tait aux Etats-Unis. Pour moi c\u2019\u00e9tait inenvisageable d\u2019y aller sans les voir, car ils m\u2019ont accueilli avec gentillesse et on est encore en tr\u00e8s bon contact. La prochaine fois que j\u2019y vais, je veux pouvoir les voir.<\/p>\n\n\n\n<h2 class=\"wp-block-heading\"><strong>Porte-drapeaux fran\u00e7ais en Norv\u00e8ge<\/strong><\/h2>\n\n\n\n<p><a href=\"https:\/\/www.youtube.com\/watch?v=c415fsJXYrk\" target=\"_blank\" rel=\"noreferrer noopener\"><strong>A travers le film PPLS2<\/strong><\/a><strong>, on ressent une vraie envie de vous ouvrir au monde. Vous avez \u00e9t\u00e9 l\u2019espace d\u2019un instant les porte-drapeaux fran\u00e7ais sur le sol Norv\u00e9gien. Quel a \u00e9t\u00e9 votre ressenti l\u00e0-bas\u00a0?<\/strong><\/p>\n\n\n\n<p>Pourtant on n\u2019a pas \u00e9t\u00e9 suivis par qui que ce soit au niveau national, ni ambassade ni gouvernement&#8230; Je suis amoureux d\u2019o\u00f9 je viens, je suis curieux de ce que je peux d\u00e9couvrir. Je suis surtout attach\u00e9 \u00e0 ce que je peux vivre.<\/p>\n\n\n\n<p>Pour avoir \u00e9t\u00e9 priv\u00e9 de libert\u00e9 pendant des ann\u00e9es, je sais ce que c\u2019est d\u2019\u00eatre libre d\u00e9sormais. Ce n\u2019est pas forc\u00e9ment voyager, c\u2019est \u00eatre soi-m\u00eame. Durant mon incarc\u00e9ration, j\u2019\u00e9tais enferm\u00e9 entre quatre murs. Le plus important c\u2019est que je sois libre dans ma t\u00eate. C\u2019est une r\u00e9flexion que j\u2019ai eu durant un cours de philosophie \u00e0 l\u2019int\u00e9rieur de la prison \u00ab&nbsp;<em>libre et enferm\u00e9 ou enferm\u00e9 et libre<\/em>&nbsp;\u00bb. Je choisissais toujours la seconde option.<\/p>\n\n\n\n<p><strong>C\u2019est aussi une r\u00e9f\u00e9rence \u00e0 un ancien chef de cellule qui vous a demand\u00e9 si vous aviez d\u00e9j\u00e0 pens\u00e9 \u00e0 l\u2019\u00e9vasion.<\/strong><\/p>\n\n\n\n<p>Oui, il m\u2019a dit que les peines longues comme les miennes, dans les conditions dans lesquelles j\u2019ai \u00e9t\u00e9 incarc\u00e9r\u00e9, les d\u00e9tenus pensent toujours \u00e0 s\u2019\u00e9vader. Sauf qu\u2019une fois \u00e9vad\u00e9, dehors, je ne vais rien faire. Je pr\u00e9f\u00e8re payer ma dette et une fois libre, je ne dois plus rien \u00e0 personne. On part sur la supposition que je m\u2019\u00e9vade. Une fois en cavale, je ne tiendrais pas seul, une semaine. La vie de cavale, ce n\u2019est pas ce que les gens disent, c\u2019est tr\u00e8s compliqu\u00e9. Il faut faire beaucoup de concessions et tu es tr\u00e8s malheureux.<\/p>\n\n\n\n<p><strong>Quelle sensation avez-vous ressenti lorsque vous avez visionn\u00e9 le film pour la premi\u00e8re fois&nbsp;?<\/strong><\/p>\n\n\n\n<p>\u00ab&nbsp;Je l\u2019ai fait&nbsp;\u00bb. La sensation que ce film m\u2019a procur\u00e9, c\u2019\u00e9tait vraiment \u00e7a. L\u2019objectif principal c\u2019\u00e9tait vraiment de garder le souvenir de quelque chose que j\u2019ai cr\u00e9\u00e9 de mes propres mains.<\/p>\n\n\n\n<p><strong>Vous arrivez \u00e0 le regarder&nbsp;?<\/strong><\/p>\n\n\n\n<p>Depuis la diffusion, non. Je le regarde \u00e0 petite dose, une sc\u00e8ne par ci, une par l\u00e0. Je ne le regarde jamais compl\u00e8tement et toujours tout seul. Durant la diffusion, j\u2019ai dit aux autres de rentrer, et je suis rest\u00e9 en dehors de la salle. J\u2019avais envie de me retrouver avec moi-m\u00eame.<\/p>\n\n\n\n<p><strong>Est-ce que LAZ pourrait donner sa vie \u00e0 un film. Est-ce qu\u2019\u00e0 votre \u00e9chelle vous pensez que la d\u00e9marche pourrait toucher un certain public&nbsp;?<\/strong><\/p>\n\n\n\n<p>Des parcours comme les miens il y en a eu des pires, il y en aura encore et encore. Je ne me sens pas diff\u00e9rent, mon parcours est similaire \u00e0 beaucoup d\u2019autres. Il est possible que demain, un gars sorte de prison et fasse plus de choses que moi, beaucoup mieux, avec plus d\u2019ambition et de niaque. Si mon parcours pouvait servir \u00e0 quelque chose, \u00e7a serait de dire qu\u2019on peut faire des choses bien, m\u00eame en \u00e9tant pass\u00e9 par la case prison. Je n\u2019ai jamais fait \u00e7a pour qu\u2019on m\u2019idol\u00e2tre. J\u2019ai juste essay\u00e9 d\u2019\u00eatre la meilleure version de moi-m\u00eame. Je suis content de l\u2019homme que je suis. J\u2019aurais pu \u00eatre mieux, \u00eatre pire, mais je suis content.<\/p>\n\n\n\n<h2 class=\"wp-block-heading\"><strong>\u00ab&nbsp;L\u2019humour fait partie de mon quotidien&nbsp;\u00bb<\/strong><\/h2>\n\n\n\n<p><strong>Avec la grande place qu\u2019a pris le v\u00e9lo dans votre vie, quel temps consacrez-vous \u00e0 vos projets li\u00e9s \u00e0 Carr\u00e9 Rouge&nbsp;?<\/strong><\/p>\n\n\n\n<p>Je ne suis pas humoriste. L\u2019humour fait partie de mon quotidien. M\u00eame sur un v\u00e9lo je peux te raconter des blagues. Je suis quelqu\u2019un qui aime rire, parler de tout et de rien. Humoriste c\u2019est un m\u00e9tier, un talent, il faut \u00e9crire, travailler, reprendre ses sketchs, tester\u2026 J\u2019ai de l\u2019humour, je vais rigoler de tout, mais je ne le vois pas comme un m\u00e9tier. L\u2019humour n\u2019a pas pris de place sur le v\u00e9lo et inversement. Ce sont deux choses diff\u00e9rentes. On me consid\u00e8re humoriste \u00e0 partir du moment o\u00f9 je prends le micro que je monte sur sc\u00e8ne et que le public se met \u00e0 rire. Mais je n\u2019ai pas envie de m\u2019enfermer dans une case, car je sais que je suis polyvalent. Mon r\u00eave aurait \u00e9t\u00e9 de mixer le v\u00e9lo et l\u2019humour&nbsp;: mixer PPLS et Carr\u00e9 Rouge et mettre Kacem de la fontaine, Yanisse Kebab, Hermann, tous les artistes sur un v\u00e9lo. J\u2019ai d\u00e9j\u00e0 pens\u00e9 \u00e0 une sorte de com\u00e9die-club ambulant o\u00f9 on prendrait tous le v\u00e9lo de Lyon jusqu\u2019\u00e0 Marseille, l\u00e0-bas on monopolise un comedy-club et on fait un show. Le lendemain on reprend les v\u00e9los et on fait un road-trip jusqu\u2019\u00e0 Perpignan, on remonte \u00e0 Paris, on va \u00e0 Saint-Etienne, puis \u00e0 Valence, Avignon\u2026 Une dizaine de dates o\u00f9 on r\u00e9colte de l\u2019argent dans une cagnotte et on reverse tout cela pour une association d\u00e9finie au pr\u00e9alable. On aurait vraiment rassembl\u00e9 les deux. Mais le plus dur c\u2019est de mettre toute l\u2019\u00e9quipe du carr\u00e9 rouge sur un v\u00e9lo (rires).<\/p>\n\n\n\n<p><strong><a href=\"https:\/\/lyonbondyblog.fr\/LBB\/le-spectacle-dhumour-du-casse-du-rire-revient-a-lyon\/\" target=\"_blank\" rel=\"noreferrer noopener\">Carr\u00e9 Rouge a produit son spectacle au Transbordeur le 10 juin dernier<\/a>. Il y a une sc\u00e8ne particuli\u00e8re qui vous lie \u00e0 Kacem et Hermann, les deux autres fondateurs de l\u2019association. Comment s\u2019est-elle construite&nbsp;?<\/strong><\/p>\n\n\n\n<p>C\u2019est la sc\u00e8ne du canap\u00e9. Notre trio a cr\u00e9\u00e9 Carr\u00e9 Rouge, on voulait se retrouver sur sc\u00e8ne tous les trois, avoir notre propre moment. \u00c7a fera partie des prochaines \u00e9ditions du Casse Du Rire.<\/p>\n\n\n\n<p>On s\u2019est aper\u00e7us qu\u2019en nous r\u00e9unissant tous les trois lors de soir\u00e9es en voiture, en mangeant, en se posant pour discuter, on pouvait parler \u00e0 c\u0153ur ouvert. Certaines de nos conversations se rejoignaient.<\/p>\n\n\n\n<div class=\"wp-block-image\"><figure class=\"aligncenter size-full is-resized\"><img loading=\"lazy\" decoding=\"async\" src=\"https:\/\/lyonbondyblog.fr\/LBB\/wp-content\/uploads\/2022\/06\/Casse-du-rire.png\" alt=\"\" class=\"wp-image-29466\" width=\"1015\" height=\"1012\" srcset=\"https:\/\/lyonbondyblog.fr\/LBB\/wp-content\/uploads\/2022\/06\/Casse-du-rire.png 1015w, https:\/\/lyonbondyblog.fr\/LBB\/wp-content\/uploads\/2022\/06\/Casse-du-rire-150x150.png 150w, https:\/\/lyonbondyblog.fr\/LBB\/wp-content\/uploads\/2022\/06\/Casse-du-rire-768x766.png 768w\" sizes=\"auto, (max-width: 1015px) 100vw, 1015px\" \/><\/figure><\/div>\n\n\n\n<p><strong>On pourrait aussi parler du format en <a href=\"https:\/\/www.youtube.com\/watch?v=qXYZyvNd_7s\" target=\"_blank\" rel=\"noreferrer noopener\">Vadrouille<\/a>, sorti sur YouTube. De quelle mani\u00e8re s\u2019est construit ce projet\u00a0?<\/strong><\/p>\n\n\n\n<p>A la base, le projet est parti du format \u00ab&nbsp;dans la gova&nbsp;\u00bb de Booska\u2019P, qui est lui-m\u00eame repris de Carpool Karaoke de James Corden. J\u2019aimais bien le d\u00e9lire, mais je voulais l\u2019adapter \u00e0 Lyon car on manque de format innovant. On a fait trois \u00e9pisodes comme celui-ci, mais les contraintes de la vie ont mis un terme au projet. C\u2019est un format que j\u2019aime particuli\u00e8rement.<\/p>\n\n\n\n<h2 class=\"wp-block-heading\"><strong>Le rire pour faire tomber les barri\u00e8res<\/strong><\/h2>\n\n\n\n<p><strong>Il y a un th\u00e8me qui ne vous unit pas du tout dans votre trio c\u2019est la fa\u00e7on dont vous avez d\u2019aborder le th\u00e8me du \u00ab\u00a0rat lyonnais\u00a0\u00bb. <a href=\"https:\/\/www.instagram.com\/reel\/Ccz9IzIIHoi\/?igshid=YmMyMTA2M2Y%3D&amp;fbclid=IwAR23WWBWEApmZS5BlkjNQtPaKpjaNSqHdru34DqKkLxt6tKbCfxSg8-lawY\" target=\"_blank\" rel=\"noreferrer noopener\">Hermann et Kacem avec beaucoup d\u2019humour<\/a>, vous pas du tout. Pourquoi une telle vision du personnage d\u2019Hermann ?<\/strong><\/p>\n\n\n\n<p>Il est dans le personnage, avec un soup\u00e7on d\u2019accentuation de la r\u00e9alit\u00e9. Il le dit avec rire et auto-d\u00e9rision, mais il y a un vrai message l\u00e0-dedans. \u00ab&nbsp;Le rat&nbsp;\u00bb qui regarde ce sketch a deux r\u00e9actions&nbsp;: il rigole et se dit \u00ab&nbsp;c\u2019est vrai c\u2019est moi&nbsp;\u00bb, soit il se dit \u00ab&nbsp;on va ressembler \u00e0 \u00e7a toute notre vie&nbsp;?&nbsp;\u00bb. Moi, j\u2019ai toujours refus\u00e9 de ressembler de pr\u00e8s ou de loin \u00e0 un rat, qui est un terme tr\u00e8s p\u00e9joratif. C\u2019est un mauvais \u00e9tat d\u2019esprit. En se revendiquant \u00eatre un \u00ab&nbsp;rat&nbsp;\u00bb, ces personnes veulent dire qu\u2019elles viennent des quartiers. Sauf que le vocabulaire n\u2019est pas le bon. Tu peux revendiquer le quartier, \u00eatre fier d\u2019o\u00f9 tu viens et de ce que \u00e7a t\u2019a apport\u00e9. Mais te surnommer toi-m\u00eame un \u00ab&nbsp;rat&nbsp;\u00bb c\u2019est la plus n\u00e9gative repr\u00e9sentation qu\u2019il puisse exister.<\/p>\n\n\n\n<p>Ce sont des choses qui me d\u00e9solent. On grandit d\u2019une certaine fa\u00e7on dans les quartiers. Ma culture des \u00ab&nbsp;lacoste airmax&nbsp;\u00bb que je porte toujours, n\u2019avait pas la m\u00eame signification qu\u2019aujourd\u2019hui. Maintenant, ceux qui portent cette tenue, c\u2019est un clich\u00e9, une image de quartier p\u00e9jorative. Cette \u00e9tiquette, que le rat garde, lui permet d\u2019\u00e9viter de dire \u00ab&nbsp;j\u2019ai chang\u00e9&nbsp;\u00bb, en confondant changer et \u00e9voluer. Il y a une question d\u2019environnement, de contexte, d\u2019\u00e2ge\u2026<\/p>\n\n\n\n<blockquote class=\"wp-block-quote has-text-align-center is-style-large is-layout-flow wp-block-quote-is-layout-flow\"><p><span class=\"has-inline-color has-vivid-red-color\">\u00ab&nbsp;Les clefs que j\u2019avais hier n\u2019ouvrent pas les portes d\u2019aujourd\u2019hui&nbsp;\u00bb.<\/span><\/p><\/blockquote>\n\n\n\n<p>Le Laz d\u2019avant n\u2019\u00e9tait pas un rat. Aujourd\u2019hui, quand on voit ces jeunes en \u00ab&nbsp;mode rat&nbsp;\u00bb, ils se d\u00e9truisent leur image. Ils ne gagnent rien. Ce sont ces personnes-l\u00e0 qui sont mises en avant pour repr\u00e9senter les quartiers, alors que c\u2019est faux. Moi je viens d\u2019un quartier, je suis pass\u00e9 par le placard et je peux tenir une conversation avec n\u2019importe qui, j\u2019ai des connaissances de toutes classes sociales.<\/p>\n\n\n\n<p>Les rats se mettent une pression tout seul parce qu\u2019il y a une forme d\u2019inf\u00e9riorit\u00e9, de deux mondes diff\u00e9rents et cloisonn\u00e9s entre le quartier et le reste du monde. C\u2019est pareil entre les mecs de quartiers et les filles ou la police&nbsp;: ils se mettent une pression alors que rien ne nous s\u00e9pare, \u00e0 part les a priori et les blocages.<\/p>\n\n\n\n<p>J\u2019ai rencontr\u00e9 beaucoup de gens dans ma vie, avec qui j\u2019ai jou\u00e9. Ils \u00e9taient remplis de clich\u00e9s envers moi et mes origines. Je me suis lanc\u00e9 une mission, les faire mentir. J\u2019ai r\u00e9ussi \u00e0 les convaincre de discuter avec moi, d\u2019un sujet \u00e0 un autre. A la fin de notre discussion, ils me disaient tous \u00ab <em>je ne pensais pas que tu \u00e9tais comme \u00e7a<\/em>\u00a0\u00bb. Traduction \u00ab <em>je ne pensais pas que tu savais aligner deux mots<\/em>\u00a0\u00bb. Une fois que la discussion \u00e9tait finie, je partais en les rejetant et en leur renvoyant toute leur m\u00e9pris et leur jugement \u00e0 la face.<\/p>\n\n\n\n<p>Je n\u2019ai jamais \u00e9t\u00e9 pour la victimisation. J\u2019ai toujours \u00e9t\u00e9 contre ceux qui pensent que parce qu\u2019on est d\u2019une telle religion, couleur de peau, origine, ethnie ou de tel quartier on a moins de chance. Les \u00ab&nbsp;autres&nbsp;\u00bb n\u2019auront pas plus de chance dans la vie que toi. Tout le monde doit accepter les autres et s\u2019il n\u2019y a pas de place pour toi ici, va ailleurs, fais-toi accepter par les autres.<\/p>\n\n\n\n<blockquote class=\"wp-block-quote has-text-align-center is-style-large is-layout-flow wp-block-quote-is-layout-flow\"><p><span class=\"has-inline-color has-vivid-red-color\">\u00ab&nbsp;Je ne me revendique pas comme le Malcolm X de la banlieue lyonnaise&nbsp;\u00bb<\/span><\/p><\/blockquote>\n\n\n\n<p><strong>Est-ce que le v\u00e9lo peut \u00eatre une porte de sortie pour ces jeunes de voir le monde ext\u00e9rieur ? Pourriez-vous encadrer des groupes \u00e0 l\u2019occasion de sorties en v\u00e9lo&nbsp;?<\/strong><\/p>\n\n\n\n<p>Je n\u2019ai pas la capacit\u00e9 \u00e0 encaisser le manque d\u2019investissement. Si demain je prends une \u00e9quipe de \u00ab&nbsp;rats&nbsp;\u00bb, et qu\u2019ils ne se donnent pas \u00e0 100%, je vais jeter le v\u00e9lo et rentrer en train au bout de deux jours. Je ne suis pas le porte-parole des banlieues, je ne revendique rien. Je ne suis pas le Malcolm X de la banlieue lyonnaise. Prendre du temps, de ma forme physique et mentale pour donner \u00e0 des personnes qui ne sont pas reconnaissantes, c\u2019est au-dessus de mes comp\u00e9tences. Si cela doit se faire, \u00e7a sera de mani\u00e8re naturelle. &nbsp;<\/p>\n\n\n\n<p><strong>L\u2019aspect social revient toujours dans vos projets. Pourquoi&nbsp;?<\/strong><\/p>\n\n\n\n<p>Car nous physiquement on se porte bien, dans un pays qui nous le permet. Je suis croyant, et je veux pouvoir aider mon prochain.<\/p>\n\n\n\n<p><strong>Pensez-vous que le syst\u00e8me scolaire n\u2019a pas \u00e9t\u00e9 ad\u00e9quat avec vous ?<\/strong><\/p>\n\n\n\n<p>C\u2019est plut\u00f4t moi qui n\u2019ai pas \u00e9t\u00e9 ad\u00e9quat avec le syst\u00e8me. Si d\u2019autres personnes ont r\u00e9ussi dans les \u00e9tudes alors que moi non, c\u2019est que le probl\u00e8me venait de moi.<\/p>\n\n\n\n<p><strong>Vous n\u2019avez jamais ressenti de pression li\u00e9e \u00e0 votre classe sociale ou vos origines&nbsp;?<\/strong><\/p>\n\n\n\n<p>Je n\u2019ai aucun souvenir d\u2019un ou d\u2019une professeur(e) qui m\u2019ait mal parl\u00e9 ou trait\u00e9 diff\u00e9remment en fonction de qui j\u2019\u00e9tais. Le syst\u00e8me scolaire ne m\u2018a pas laiss\u00e9 de mauvais souvenir.<\/p>\n\n\n\n<p><strong>Comment est-ce que vous voyez vos enfants \u00e9voluer dans ce syst\u00e8me-l\u00e0&nbsp;?<\/strong><\/p>\n\n\n\n<p>On commencera par \u00e9viter de vivre dans un quartier, \u00e9viter les potes aux mauvaises influences. Ce n\u2019est pas comparable, je suis un parent d\u2019aujourd\u2019hui, j\u2019ai eu les parents d\u2019hier. Eux ne parlaient pas fran\u00e7ais, ils ont tout mis\u00e9 sur les devoirs alors qu\u2019aujourd\u2019hui, je dirais \u00e0 mes enfants de faire ce qu\u2019ils aiment. Je serais l\u00e0 pour poser un cadre, le reste ils le feront. On est dans un pays o\u00f9 c\u2019est possible. Ceux qui se sont retrouv\u00e9s en prison avec moi n\u2019ont, eux non plus, pas su saisir les perches qu\u2019on nous avait tendues.<\/p>\n\n\n\n<h2 class=\"wp-block-heading\"><strong>Sa meilleure rencontre en d\u00e9tention&nbsp;: la solitude<\/strong><\/h2>\n\n\n\n<p><strong>Vous avez une mani\u00e8re peu commune de parler de la solitude. Comment est-ce qu\u2019on vit avec elle ?<\/strong><\/p>\n\n\n\n<p>La solitude c\u2019est mal vu d\u2019un point de vue soci\u00e9tal&nbsp;: tu n\u2019as pas d\u2019amis, tu es en d\u00e9pression. C\u2019est obligatoirement un sentiment n\u00e9gatif de quelqu\u2019un qui ne peut pas se plaire simplement \u00e0 sa propre compagnie. Et c\u2019est dommage. Des fois, quand je suis dans la rue, je vois des personnes avec leurs \u00e9couteurs, dans leur monde. Je les vois heureux seuls, ils kiffent ce qu\u2019ils font, ils emmerdent le monde ext\u00e9rieur.<\/p>\n\n\n\n<p>Je fais tellement de choses tout seul. Il y a une semaine, j\u2019\u00e9tais au cin\u00e9ma et j\u2019ai crois\u00e9 un ami \u00e0 moi qui \u00e9tait en famille. Il me demande avec qui j\u2019\u00e9tais et je lui r\u00e9ponds que j\u2019\u00e9tais seul. Il m\u2019a demand\u00e9 comment je pouvais rester solitaire et il m\u2019a invit\u00e9 \u00e0 la rejoindre. Je lui ai r\u00e9pondu que j\u2019\u00e9tais bien tout seul et que j\u2019\u00e9tais venu regarder un film, pas bavarder.<\/p>\n\n\n\n<p><strong>Comment vivre seul, en ayant des objectifs associatifs \u00e0 remplir&nbsp;?<\/strong><\/p>\n\n\n\n<p>J\u2019arrive \u00e0 me d\u00e9connecter, faire la part des choses. J\u2019utilise certains moments, notamment la nuit pour \u00eatre en introspection. C\u2019est le meilleur moment de ma journ\u00e9e, c\u2019est le moment le plus vivant. \u00c7a m\u2019arrive de marcher seul la nuit quand il fait froid. Une fois, j\u2019ai pos\u00e9 ma voiture \u00e0 Confluence et j\u2019ai march\u00e9 jusqu\u2019\u00e0 Fourvi\u00e8re. J\u2019\u00e9tais bien \u00e0 ce moment-l\u00e0. Ce sont des choses qui me rappellent que je suis vivant.<\/p>\n\n\n\n<p><strong>Vous avez pass\u00e9 plusieurs ann\u00e9es en cellule \u00e0 vous poser des questions. Une fois sur le v\u00e9lo, aviez-vous le temps pour votre introspection ?<\/strong><\/p>\n\n\n\n<p>J\u2019ai refait ma vie dix fois sur le v\u00e9lo. Je pensais \u00e0 tout et n\u2019importe quoi, le chemin parcouru et \u00e0 parcourir. Mon cerveau c\u2019est une vraie usine, je r\u00e9fl\u00e9chis tout le temps \u00e0 ce que je veux faire.<\/p>\n\n\n\n<p><strong>Vous sortez de prison en 2019 et vous prenez en marche les r\u00e9seaux sociaux. Maintenant vous en faites une utilisation quotidienne. Comment vivre avec&nbsp;?<\/strong><\/p>\n\n\n\n<p>Je suis oblig\u00e9 de les utiliser pour que les gens puissent suivre l\u2019avanc\u00e9e du projet. Si je peux leur faire changer d\u2019air avec des paysages, tant mieux. Mais je n\u2019en fais pas une si grosse consommation que \u00e7a. Une fois que j\u2019ai fini de poster ce qui est en lien avec le stand-up ou le v\u00e9lo, j\u2019\u00e9teins mon t\u00e9l\u00e9phone et c\u2019est fini. J\u2019ai une fa\u00e7on sinc\u00e8re de le faire, mais c\u2019est plus sur l\u2019aspect technique que c\u2019est compliqu\u00e9. Si mes snaps peuvent motiver d\u2019autres \u00e0 prendre leur v\u00e9lo et faire 50 kilom\u00e8tres par jour, c\u2019est un pari r\u00e9ussi.<\/p>\n\n\n\n<p><strong>Avez-vous des regrets dans la vie&nbsp;?<\/strong><\/p>\n\n\n\n<p>Aucun. \u00c9norm\u00e9ment de personnes ne comprennent pas, me pensent \u00e9go\u00efste de penser \u00e7a. J\u2019ai fait des choix qui n\u2019\u00e9taient pas les bons, mais je les ai toujours assum\u00e9s. Sans mon pass\u00e9, mon pr\u00e9sent ne serait pas celui-ci aujourd\u2019hui. Si j\u2019avais un conseil \u00e0 donner \u00e0 l\u2019ancien LAZ, c\u2019est \u00ab&nbsp;crois en toi&nbsp;d\u00e8s le plus jeune \u00e2ge&nbsp;\u00bb.<\/p>\n\n\n\n<p class=\"has-text-align-right\"><strong>Tristan<\/strong><\/p>\n\n\n\n<p class=\"has-text-align-left\"><strong>Retrouvez nos derniers articles ici : <\/strong><\/p>\n\n\n<ul class=\"wp-block-latest-posts__list wp-block-latest-posts\"><li><a class=\"wp-block-latest-posts__post-title\" href=\"https:\/\/lyonbondyblog.fr\/LBB\/le-tribunal-refuse-la-liberation-provisoire-dun-homme-poursuivi-pour-violences-aggravees\/\">Le tribunal refuse la lib\u00e9ration provisoire d\u2019un homme poursuivi pour violences aggrav\u00e9es<\/a><\/li>\n<li><a class=\"wp-block-latest-posts__post-title\" href=\"https:\/\/lyonbondyblog.fr\/LBB\/la-poesie-au-theatre-la-generale-de-la-proposition-musicale-et-litteraire-dalain-klingler\/\">La po\u00e9sie au th\u00e9\u00e2tre\u00a0: la g\u00e9n\u00e9rale de la proposition musicale et litt\u00e9raire d\u2019Alain Klingler<\/a><\/li>\n<li><a class=\"wp-block-latest-posts__post-title\" href=\"https:\/\/lyonbondyblog.fr\/LBB\/culture-allez-faire-un-petit-tour-du-cote-de-venissieux-pour-le-raffut-festival\/\">Culture : Allez faire un petit tour du c\u00f4t\u00e9 de V\u00e9nissieux, pour le raffut festival<\/a><\/li>\n<li><a class=\"wp-block-latest-posts__post-title\" href=\"https:\/\/lyonbondyblog.fr\/LBB\/a-lyon-la-recherche-publique-et-lindustrie-resserrent-leurs-liens\/\">\u00c0 Lyon, la recherche publique et l&rsquo;industrie resserrent leurs liens<\/a><\/li>\n<li><a class=\"wp-block-latest-posts__post-title\" href=\"https:\/\/lyonbondyblog.fr\/LBB\/theatre-la-cabane-de-la-memoire\/\">Th\u00e9\u00e2tre : La cabane de la m\u00e9moire<\/a><\/li>\n<\/ul><!-- AddThis Advanced Settings generic via filter on the_content --><!-- AddThis Share Buttons generic via filter on the_content -->","protected":false},"excerpt":{"rendered":"<p>Apr\u00e8s avoir purg\u00e9 sa peine pour plusieurs m\u00e9faits, Laz sort de prison en 2019 avec une envie de parcourir le monde. Avec la cr\u00e9ation de &hellip; <!-- AddThis Advanced Settings generic via filter on wp_trim_excerpt --><!-- AddThis Share Buttons generic via filter on wp_trim_excerpt --><\/p>\n","protected":false},"author":1,"featured_media":30627,"comment_status":"open","ping_status":"open","sticky":true,"template":"","format":"standard","meta":{"_FSMCFIC_featured_image_caption":"","_FSMCFIC_featured_image_nocaption":"","_FSMCFIC_featured_image_hide":"","footnotes":""},"categories":[4],"tags":[87,657,3478,28193,1952,1116,10,28194,29,453],"class_list":["post-30619","post","type-post","status-publish","format-standard","has-post-thumbnail","hentry","category-lyon","tag-associatif","tag-bron","tag-caritatif","tag-carre-rouge","tag-culture","tag-humour","tag-lyon-2","tag-pedaler-pour-leurs-sourires","tag-sport","tag-velo"],"yoast_head":"<!-- This site is optimized with the Yoast SEO plugin v22.8 - https:\/\/yoast.com\/wordpress\/plugins\/seo\/ -->\n<title>\u00c9changes avec Laz, du voyage carc\u00e9ral \u00e0 la Norv\u00e8ge en v\u00e9lo - Lyon Bondy Blog<\/title>\n<meta name=\"description\" content=\"Apr\u00e8s avoir purg\u00e9 sa peine pour plusieurs m\u00e9faits, Laz sort de prison en 2019 avec une envie de parcourir le monde. Avec la cr\u00e9ation...\" \/>\n<meta name=\"robots\" content=\"index, follow, max-snippet:-1, max-image-preview:large, max-video-preview:-1\" \/>\n<link rel=\"canonical\" href=\"https:\/\/lyonbondyblog.fr\/LBB\/echanges-avec-laz-du-voyage-carceral-a-la-norvege-en-velo\/\" \/>\n<meta property=\"og:locale\" content=\"fr_FR\" \/>\n<meta property=\"og:type\" content=\"article\" \/>\n<meta property=\"og:title\" content=\"\u00c9changes avec Laz, du voyage carc\u00e9ral \u00e0 la Norv\u00e8ge en v\u00e9lo - Lyon Bondy Blog\" \/>\n<meta property=\"og:description\" content=\"Apr\u00e8s avoir purg\u00e9 sa peine pour plusieurs m\u00e9faits, Laz sort de prison en 2019 avec une envie de parcourir le monde. Avec la cr\u00e9ation...\" \/>\n<meta property=\"og:url\" content=\"https:\/\/lyonbondyblog.fr\/LBB\/echanges-avec-laz-du-voyage-carceral-a-la-norvege-en-velo\/\" \/>\n<meta property=\"og:site_name\" content=\"Lyon Bondy Blog\" \/>\n<meta property=\"article:publisher\" content=\"https:\/\/www.facebook.com\/lyonbondyblog\" \/>\n<meta property=\"article:author\" content=\"https:\/\/www.facebook.com\/lyonbondyblog\" \/>\n<meta property=\"article:published_time\" content=\"2022-08-25T14:54:02+00:00\" \/>\n<meta property=\"article:modified_time\" content=\"2022-08-26T09:24:41+00:00\" \/>\n<meta property=\"og:image\" content=\"https:\/\/lyonbondyblog.fr\/LBB\/wp-content\/uploads\/2022\/08\/20220717_151801-scaled.jpg\" \/>\n\t<meta property=\"og:image:width\" content=\"2560\" \/>\n\t<meta property=\"og:image:height\" content=\"1196\" \/>\n\t<meta property=\"og:image:type\" content=\"image\/jpeg\" \/>\n<meta name=\"author\" content=\"La r\u00e9daction\" \/>\n<meta name=\"twitter:card\" content=\"summary_large_image\" \/>\n<meta name=\"twitter:creator\" content=\"@BondyBlogLyon\" \/>\n<meta name=\"twitter:site\" content=\"@bondybloglyon\" \/>\n<script type=\"application\/ld+json\" class=\"yoast-schema-graph\">{\"@context\":\"https:\/\/schema.org\",\"@graph\":[{\"@type\":\"Article\",\"@id\":\"https:\/\/lyonbondyblog.fr\/LBB\/echanges-avec-laz-du-voyage-carceral-a-la-norvege-en-velo\/#article\",\"isPartOf\":{\"@id\":\"https:\/\/lyonbondyblog.fr\/LBB\/echanges-avec-laz-du-voyage-carceral-a-la-norvege-en-velo\/\"},\"author\":{\"name\":\"La r\u00e9daction\",\"@id\":\"https:\/\/lyonbondyblog.fr\/LBB\/#\/schema\/person\/e45f8d27baac75072daa0be50c409b25\"},\"headline\":\"\u00c9changes avec Laz, du voyage carc\u00e9ral \u00e0 la Norv\u00e8ge en v\u00e9lo\",\"datePublished\":\"2022-08-25T14:54:02+00:00\",\"dateModified\":\"2022-08-26T09:24:41+00:00\",\"mainEntityOfPage\":{\"@id\":\"https:\/\/lyonbondyblog.fr\/LBB\/echanges-avec-laz-du-voyage-carceral-a-la-norvege-en-velo\/\"},\"wordCount\":3904,\"commentCount\":0,\"publisher\":{\"@id\":\"https:\/\/lyonbondyblog.fr\/LBB\/#organization\"},\"image\":{\"@id\":\"https:\/\/lyonbondyblog.fr\/LBB\/echanges-avec-laz-du-voyage-carceral-a-la-norvege-en-velo\/#primaryimage\"},\"thumbnailUrl\":\"https:\/\/lyonbondyblog.fr\/LBB\/wp-content\/uploads\/2022\/08\/20220717_151801-scaled.jpg\",\"keywords\":[\"Associatif\",\"Bron\",\"caritatif\",\"carr\u00e9 rouge\",\"Culture\",\"humour\",\"lyon\",\"p\u00e9daler pour leurs sourires\",\"sport\",\"v\u00e9lo\"],\"articleSection\":[\"Lyon\"],\"inLanguage\":\"fr-FR\",\"potentialAction\":[{\"@type\":\"CommentAction\",\"name\":\"Comment\",\"target\":[\"https:\/\/lyonbondyblog.fr\/LBB\/echanges-avec-laz-du-voyage-carceral-a-la-norvege-en-velo\/#respond\"]}]},{\"@type\":\"WebPage\",\"@id\":\"https:\/\/lyonbondyblog.fr\/LBB\/echanges-avec-laz-du-voyage-carceral-a-la-norvege-en-velo\/\",\"url\":\"https:\/\/lyonbondyblog.fr\/LBB\/echanges-avec-laz-du-voyage-carceral-a-la-norvege-en-velo\/\",\"name\":\"\u00c9changes avec Laz, du voyage carc\u00e9ral \u00e0 la Norv\u00e8ge en v\u00e9lo - Lyon Bondy Blog\",\"isPartOf\":{\"@id\":\"https:\/\/lyonbondyblog.fr\/LBB\/#website\"},\"primaryImageOfPage\":{\"@id\":\"https:\/\/lyonbondyblog.fr\/LBB\/echanges-avec-laz-du-voyage-carceral-a-la-norvege-en-velo\/#primaryimage\"},\"image\":{\"@id\":\"https:\/\/lyonbondyblog.fr\/LBB\/echanges-avec-laz-du-voyage-carceral-a-la-norvege-en-velo\/#primaryimage\"},\"thumbnailUrl\":\"https:\/\/lyonbondyblog.fr\/LBB\/wp-content\/uploads\/2022\/08\/20220717_151801-scaled.jpg\",\"datePublished\":\"2022-08-25T14:54:02+00:00\",\"dateModified\":\"2022-08-26T09:24:41+00:00\",\"description\":\"Apr\u00e8s avoir purg\u00e9 sa peine pour plusieurs m\u00e9faits, Laz sort de prison en 2019 avec une envie de parcourir le monde. Avec la cr\u00e9ation...\",\"inLanguage\":\"fr-FR\",\"potentialAction\":[{\"@type\":\"ReadAction\",\"target\":[\"https:\/\/lyonbondyblog.fr\/LBB\/echanges-avec-laz-du-voyage-carceral-a-la-norvege-en-velo\/\"]}]},{\"@type\":\"ImageObject\",\"inLanguage\":\"fr-FR\",\"@id\":\"https:\/\/lyonbondyblog.fr\/LBB\/echanges-avec-laz-du-voyage-carceral-a-la-norvege-en-velo\/#primaryimage\",\"url\":\"https:\/\/lyonbondyblog.fr\/LBB\/wp-content\/uploads\/2022\/08\/20220717_151801-scaled.jpg\",\"contentUrl\":\"https:\/\/lyonbondyblog.fr\/LBB\/wp-content\/uploads\/2022\/08\/20220717_151801-scaled.jpg\",\"width\":2560,\"height\":1196},{\"@type\":\"WebSite\",\"@id\":\"https:\/\/lyonbondyblog.fr\/LBB\/#website\",\"url\":\"https:\/\/lyonbondyblog.fr\/LBB\/\",\"name\":\"Lyon Bondy Blog\",\"description\":\"\",\"publisher\":{\"@id\":\"https:\/\/lyonbondyblog.fr\/LBB\/#organization\"},\"potentialAction\":[{\"@type\":\"SearchAction\",\"target\":{\"@type\":\"EntryPoint\",\"urlTemplate\":\"https:\/\/lyonbondyblog.fr\/LBB\/?s={search_term_string}\"},\"query-input\":\"required name=search_term_string\"}],\"inLanguage\":\"fr-FR\"},{\"@type\":\"Organization\",\"@id\":\"https:\/\/lyonbondyblog.fr\/LBB\/#organization\",\"name\":\"LYON BONDY BLOG\",\"url\":\"https:\/\/lyonbondyblog.fr\/LBB\/\",\"logo\":{\"@type\":\"ImageObject\",\"inLanguage\":\"fr-FR\",\"@id\":\"https:\/\/lyonbondyblog.fr\/LBB\/#\/schema\/logo\/image\/\",\"url\":\"http:\/\/lyonbondyblog.fr\/LBB\/wp-content\/uploads\/2014\/10\/logo-portable-144.png\",\"contentUrl\":\"http:\/\/lyonbondyblog.fr\/LBB\/wp-content\/uploads\/2014\/10\/logo-portable-144.png\",\"width\":144,\"height\":123,\"caption\":\"LYON BONDY BLOG\"},\"image\":{\"@id\":\"https:\/\/lyonbondyblog.fr\/LBB\/#\/schema\/logo\/image\/\"},\"sameAs\":[\"https:\/\/www.facebook.com\/lyonbondyblog\",\"https:\/\/x.com\/bondybloglyon\"]},{\"@type\":\"Person\",\"@id\":\"https:\/\/lyonbondyblog.fr\/LBB\/#\/schema\/person\/e45f8d27baac75072daa0be50c409b25\",\"name\":\"La r\u00e9daction\",\"description\":\"Cr\u00e9e en 2008, la r\u00e9daction du Lyon Bondy Blog s'applique \u00e0 proposer une information locale diff\u00e9rente et compl\u00e9mentaire des m\u00e9dias traditionnels.\",\"sameAs\":[\"https:\/\/www.facebook.com\/lyonbondyblog\",\"https:\/\/x.com\/BondyBlogLyon\"],\"url\":\"https:\/\/lyonbondyblog.fr\/LBB\/author\/admin\/\"}]}<\/script>\n<!-- \/ Yoast SEO plugin. -->","yoast_head_json":{"title":"\u00c9changes avec Laz, du voyage carc\u00e9ral \u00e0 la Norv\u00e8ge en v\u00e9lo - Lyon Bondy Blog","description":"Apr\u00e8s avoir purg\u00e9 sa peine pour plusieurs m\u00e9faits, Laz sort de prison en 2019 avec une envie de parcourir le monde. Avec la cr\u00e9ation...","robots":{"index":"index","follow":"follow","max-snippet":"max-snippet:-1","max-image-preview":"max-image-preview:large","max-video-preview":"max-video-preview:-1"},"canonical":"https:\/\/lyonbondyblog.fr\/LBB\/echanges-avec-laz-du-voyage-carceral-a-la-norvege-en-velo\/","og_locale":"fr_FR","og_type":"article","og_title":"\u00c9changes avec Laz, du voyage carc\u00e9ral \u00e0 la Norv\u00e8ge en v\u00e9lo - Lyon Bondy Blog","og_description":"Apr\u00e8s avoir purg\u00e9 sa peine pour plusieurs m\u00e9faits, Laz sort de prison en 2019 avec une envie de parcourir le monde. Avec la cr\u00e9ation...","og_url":"https:\/\/lyonbondyblog.fr\/LBB\/echanges-avec-laz-du-voyage-carceral-a-la-norvege-en-velo\/","og_site_name":"Lyon Bondy Blog","article_publisher":"https:\/\/www.facebook.com\/lyonbondyblog","article_author":"https:\/\/www.facebook.com\/lyonbondyblog","article_published_time":"2022-08-25T14:54:02+00:00","article_modified_time":"2022-08-26T09:24:41+00:00","og_image":[{"width":2560,"height":1196,"url":"https:\/\/lyonbondyblog.fr\/LBB\/wp-content\/uploads\/2022\/08\/20220717_151801-scaled.jpg","type":"image\/jpeg"}],"author":"La r\u00e9daction","twitter_card":"summary_large_image","twitter_creator":"@BondyBlogLyon","twitter_site":"@bondybloglyon","schema":{"@context":"https:\/\/schema.org","@graph":[{"@type":"Article","@id":"https:\/\/lyonbondyblog.fr\/LBB\/echanges-avec-laz-du-voyage-carceral-a-la-norvege-en-velo\/#article","isPartOf":{"@id":"https:\/\/lyonbondyblog.fr\/LBB\/echanges-avec-laz-du-voyage-carceral-a-la-norvege-en-velo\/"},"author":{"name":"La r\u00e9daction","@id":"https:\/\/lyonbondyblog.fr\/LBB\/#\/schema\/person\/e45f8d27baac75072daa0be50c409b25"},"headline":"\u00c9changes avec Laz, du voyage carc\u00e9ral \u00e0 la Norv\u00e8ge en v\u00e9lo","datePublished":"2022-08-25T14:54:02+00:00","dateModified":"2022-08-26T09:24:41+00:00","mainEntityOfPage":{"@id":"https:\/\/lyonbondyblog.fr\/LBB\/echanges-avec-laz-du-voyage-carceral-a-la-norvege-en-velo\/"},"wordCount":3904,"commentCount":0,"publisher":{"@id":"https:\/\/lyonbondyblog.fr\/LBB\/#organization"},"image":{"@id":"https:\/\/lyonbondyblog.fr\/LBB\/echanges-avec-laz-du-voyage-carceral-a-la-norvege-en-velo\/#primaryimage"},"thumbnailUrl":"https:\/\/lyonbondyblog.fr\/LBB\/wp-content\/uploads\/2022\/08\/20220717_151801-scaled.jpg","keywords":["Associatif","Bron","caritatif","carr\u00e9 rouge","Culture","humour","lyon","p\u00e9daler pour leurs sourires","sport","v\u00e9lo"],"articleSection":["Lyon"],"inLanguage":"fr-FR","potentialAction":[{"@type":"CommentAction","name":"Comment","target":["https:\/\/lyonbondyblog.fr\/LBB\/echanges-avec-laz-du-voyage-carceral-a-la-norvege-en-velo\/#respond"]}]},{"@type":"WebPage","@id":"https:\/\/lyonbondyblog.fr\/LBB\/echanges-avec-laz-du-voyage-carceral-a-la-norvege-en-velo\/","url":"https:\/\/lyonbondyblog.fr\/LBB\/echanges-avec-laz-du-voyage-carceral-a-la-norvege-en-velo\/","name":"\u00c9changes avec Laz, du voyage carc\u00e9ral \u00e0 la Norv\u00e8ge en v\u00e9lo - Lyon Bondy Blog","isPartOf":{"@id":"https:\/\/lyonbondyblog.fr\/LBB\/#website"},"primaryImageOfPage":{"@id":"https:\/\/lyonbondyblog.fr\/LBB\/echanges-avec-laz-du-voyage-carceral-a-la-norvege-en-velo\/#primaryimage"},"image":{"@id":"https:\/\/lyonbondyblog.fr\/LBB\/echanges-avec-laz-du-voyage-carceral-a-la-norvege-en-velo\/#primaryimage"},"thumbnailUrl":"https:\/\/lyonbondyblog.fr\/LBB\/wp-content\/uploads\/2022\/08\/20220717_151801-scaled.jpg","datePublished":"2022-08-25T14:54:02+00:00","dateModified":"2022-08-26T09:24:41+00:00","description":"Apr\u00e8s avoir purg\u00e9 sa peine pour plusieurs m\u00e9faits, Laz sort de prison en 2019 avec une envie de parcourir le monde. Avec la cr\u00e9ation...","inLanguage":"fr-FR","potentialAction":[{"@type":"ReadAction","target":["https:\/\/lyonbondyblog.fr\/LBB\/echanges-avec-laz-du-voyage-carceral-a-la-norvege-en-velo\/"]}]},{"@type":"ImageObject","inLanguage":"fr-FR","@id":"https:\/\/lyonbondyblog.fr\/LBB\/echanges-avec-laz-du-voyage-carceral-a-la-norvege-en-velo\/#primaryimage","url":"https:\/\/lyonbondyblog.fr\/LBB\/wp-content\/uploads\/2022\/08\/20220717_151801-scaled.jpg","contentUrl":"https:\/\/lyonbondyblog.fr\/LBB\/wp-content\/uploads\/2022\/08\/20220717_151801-scaled.jpg","width":2560,"height":1196},{"@type":"WebSite","@id":"https:\/\/lyonbondyblog.fr\/LBB\/#website","url":"https:\/\/lyonbondyblog.fr\/LBB\/","name":"Lyon Bondy Blog","description":"","publisher":{"@id":"https:\/\/lyonbondyblog.fr\/LBB\/#organization"},"potentialAction":[{"@type":"SearchAction","target":{"@type":"EntryPoint","urlTemplate":"https:\/\/lyonbondyblog.fr\/LBB\/?s={search_term_string}"},"query-input":"required name=search_term_string"}],"inLanguage":"fr-FR"},{"@type":"Organization","@id":"https:\/\/lyonbondyblog.fr\/LBB\/#organization","name":"LYON BONDY BLOG","url":"https:\/\/lyonbondyblog.fr\/LBB\/","logo":{"@type":"ImageObject","inLanguage":"fr-FR","@id":"https:\/\/lyonbondyblog.fr\/LBB\/#\/schema\/logo\/image\/","url":"http:\/\/lyonbondyblog.fr\/LBB\/wp-content\/uploads\/2014\/10\/logo-portable-144.png","contentUrl":"http:\/\/lyonbondyblog.fr\/LBB\/wp-content\/uploads\/2014\/10\/logo-portable-144.png","width":144,"height":123,"caption":"LYON BONDY BLOG"},"image":{"@id":"https:\/\/lyonbondyblog.fr\/LBB\/#\/schema\/logo\/image\/"},"sameAs":["https:\/\/www.facebook.com\/lyonbondyblog","https:\/\/x.com\/bondybloglyon"]},{"@type":"Person","@id":"https:\/\/lyonbondyblog.fr\/LBB\/#\/schema\/person\/e45f8d27baac75072daa0be50c409b25","name":"La r\u00e9daction","description":"Cr\u00e9e en 2008, la r\u00e9daction du Lyon Bondy Blog s'applique \u00e0 proposer une information locale diff\u00e9rente et compl\u00e9mentaire des m\u00e9dias traditionnels.","sameAs":["https:\/\/www.facebook.com\/lyonbondyblog","https:\/\/x.com\/BondyBlogLyon"],"url":"https:\/\/lyonbondyblog.fr\/LBB\/author\/admin\/"}]}},"_links":{"self":[{"href":"https:\/\/lyonbondyblog.fr\/LBB\/wp-json\/wp\/v2\/posts\/30619","targetHints":{"allow":["GET"]}}],"collection":[{"href":"https:\/\/lyonbondyblog.fr\/LBB\/wp-json\/wp\/v2\/posts"}],"about":[{"href":"https:\/\/lyonbondyblog.fr\/LBB\/wp-json\/wp\/v2\/types\/post"}],"author":[{"embeddable":true,"href":"https:\/\/lyonbondyblog.fr\/LBB\/wp-json\/wp\/v2\/users\/1"}],"replies":[{"embeddable":true,"href":"https:\/\/lyonbondyblog.fr\/LBB\/wp-json\/wp\/v2\/comments?post=30619"}],"version-history":[{"count":21,"href":"https:\/\/lyonbondyblog.fr\/LBB\/wp-json\/wp\/v2\/posts\/30619\/revisions"}],"predecessor-version":[{"id":30660,"href":"https:\/\/lyonbondyblog.fr\/LBB\/wp-json\/wp\/v2\/posts\/30619\/revisions\/30660"}],"wp:featuredmedia":[{"embeddable":true,"href":"https:\/\/lyonbondyblog.fr\/LBB\/wp-json\/wp\/v2\/media\/30627"}],"wp:attachment":[{"href":"https:\/\/lyonbondyblog.fr\/LBB\/wp-json\/wp\/v2\/media?parent=30619"}],"wp:term":[{"taxonomy":"category","embeddable":true,"href":"https:\/\/lyonbondyblog.fr\/LBB\/wp-json\/wp\/v2\/categories?post=30619"},{"taxonomy":"post_tag","embeddable":true,"href":"https:\/\/lyonbondyblog.fr\/LBB\/wp-json\/wp\/v2\/tags?post=30619"}],"curies":[{"name":"wp","href":"https:\/\/api.w.org\/{rel}","templated":true}]}}