{"id":30577,"date":"2022-08-16T17:12:40","date_gmt":"2022-08-16T15:12:40","guid":{"rendered":"http:\/\/lyonbondyblog.fr\/LBB\/?p=30577"},"modified":"2022-08-18T09:49:36","modified_gmt":"2022-08-18T07:49:36","slug":"que-faire-dans-la-metropole-lyonnaise-du-15-au-21-aout","status":"publish","type":"post","link":"https:\/\/lyonbondyblog.fr\/LBB\/que-faire-dans-la-metropole-lyonnaise-du-15-au-21-aout\/","title":{"rendered":"Que faire dans la m\u00e9tropole lyonnaise du 15 au 21 ao\u00fbt ?"},"content":{"rendered":"\n<p><strong>La m\u00e9tropole de Lyon regorge d\u2019activit\u00e9s en tout genre pour vous divertir durant ce mois d\u2019ao\u00fbt. Entre \u00e9nigmes, festival musical, cin\u00e9ma et concerts de plein air sans oublier la litt\u00e9rature, voici nos diff\u00e9rentes propositions (gratuites \u00e9videmment) pour vous occuper cette semaine.<\/strong><\/p>\n\n\n\n<p>Pour animer votre semaine quoi de mieux qu\u2019une activit\u00e9 originale. Aiguisez votre vue et transformez-vous en lynx. \u00c0 Villeurbanne<a href=\"https:\/\/lerize.villeurbanne.fr\/\"> le Rize<\/a> en partenariat avec la ville met en place une visite ludique et interactive du quartier Gratte-Ciel. L\u2019id\u00e9e est relativement simple, plusieurs \u00e9nigmes vont seront propos\u00e9es, pour y r\u00e9pondre une seule solution : faire preuve d\u2019observation. Des animateurs seront \u00e9galement pr\u00e9sents pour vous mettre sur la piste et r\u00e9pondre \u00e0 vos questions. Si vous souhaitez participer, \u00e9quipez-vous de votre vision de lynx et d\u2019une paire de lunettes si n\u00e9cessaire.<\/p>\n\n\n\n<p><strong><span class=\"has-inline-color has-vivid-red-color\">Le mercredi 17 ao\u00fbt de 10h \u00e0 12h dans le quartier Gratte-Ciel (Avenue Henri-Barbusse \u00e0 Villeurbanne). Acc\u00e8s et participation gratuite sur<a href=\"https:\/\/lerize.villeurbanne.fr\/agenda\/oeil-de-lynx-aux-gratte-ciel-2\/\" target=\"_blank\" rel=\"noreferrer noopener\"> inscription<\/a>.<\/span><\/strong><\/p>\n\n\n\n<div class=\"wp-block-image\"><figure class=\"aligncenter size-full is-resized\"><img loading=\"lazy\" decoding=\"async\" src=\"https:\/\/lyonbondyblog.fr\/LBB\/wp-content\/uploads\/2021\/08\/400px-Villeurbanne_gratteciel_courszola_4.jpg\" alt=\"\" class=\"wp-image-24774\" width=\"400\" height=\"300\"\/><figcaption>Photo d&rsquo;illustration.<\/figcaption><\/figure><\/div>\n\n\n\n<p>Si votre vue vous fait d\u00e9faut, utilisez votre ou\u00efe avec le festival \u00ab <a href=\"https:\/\/www.lyon.fr\/evenement\/musique\/ta-belle-allure\" target=\"_blank\" rel=\"noreferrer noopener\">Ta Belle Allure <\/a>\u00bb. Au cours de la semaine trois collectifs lyonnais vous proposent une programmation musicale pluri-artistique. Du rap \u00e0 l\u2019\u00e9lectro en passant par la chanson fran\u00e7aise de nombreux styles seront repr\u00e9sent\u00e9s. Du simple concert o\u00f9 votre r\u00f4le se r\u00e9sume \u00e0 \u00e9couter et profiter, \u00e0 la table ronde pour \u00e9changer sur la musique et la culture en g\u00e9n\u00e9ral ce festival vous plonge entre participation et contemplation. Pour cl\u00f4turer le festival, un parcours artistique vous sera propos\u00e9 pour d\u00e9couvrir ou red\u00e9couvrir la Croix-Rousse.<\/p>\n\n\n\n<p><strong><span class=\"has-inline-color has-vivid-red-color\">Le jeudi 18 ao\u00fbt de 19h30 \u00e0 22h au Parc de la Cerisaie (25 rue Chazi\u00e8re dans le 4\u00e8me arrondissement de Lyon) \u2013 Conf\u00e9rence musicale. Le vendredi 19 ao\u00fbt de 19h30 \u00e0 22h au Parc de la Cerisaie \u2013 Concerts acoustiques. Le samedi 20 ao\u00fbt de 16h \u00e0 00h d\u00e9part de la Place Joann\u00e8s Ambre (4\u00e8me arrondissement de Lyon) puis au Parc de la Cerisaie \u2013 Parcours artistique et concerts. Acc\u00e8s et participation gratuite.<\/span><\/strong><\/p>\n\n\n\n<p>Pour poursuivre en musique direction le quartier Gratte-Ciel o\u00f9 deux artistes remettent au go\u00fbt du jour des chansons des ann\u00e9es 30 et des plus contemporaines. Accompagn\u00e9s de leurs guitares, ces deux musiciens ont d\u00e9velopp\u00e9 une mise en sc\u00e8ne ing\u00e9nieuse m\u00ealant humour et passion de la musique. Une occasion particuli\u00e8re de mettre en avant des tubes incontournables et d\u2019autres moins connus.<\/p>\n\n\n\n<p><strong><span class=\"has-inline-color has-vivid-red-color\">Le vendredi 19 ao\u00fbt de 19h \u00e0 20h15 dans le quartier Gratte-Ciel (Avenue Henri-Barbusse \u00e0 Villeurbanne). Acc\u00e8s et participation gratuite.<\/span><\/strong><\/p>\n\n\n\n<h2 class=\"wp-block-heading\"><strong>Lecture et d\u00e9tente sous les arbres<\/strong><\/h2>\n\n\n\n<p>Quoi de mieux pour se rafra\u00eechir qu\u2019une belle histoire et un peu d\u2019ombre. Le Rize propose pour les petits et les encore plus petits (mais aussi les grands enfants), une animation lecture. Entre histoire fantastique et d\u2019autres plus terre \u00e0 terre venez voyager le temps d\u2019un instant.<\/p>\n\n\n\n<p><strong><span class=\"has-inline-color has-vivid-red-color\">Le mercredi 17 ao\u00fbt de 10h30 \u00e0 11h au Parc Jacob-Hugentobler (20 rue Valentin-Ha\u00fcy \u00e0 Villeurbanne). Acc\u00e8s et participation gratuite. D\u2019autres sessions sont programm\u00e9es les mercredis 24 et 31 ao\u00fbt toujours au Parc Jacob-Hugentobler.<\/span><\/strong><\/p>\n\n\n\n<p>Une autre animation lecture est \u00e9galement pr\u00e9vue \u00e0 Villeurbanne. Cette fois en partenariat avec la<a href=\"https:\/\/mediatheques.villeurbanne.fr\/2016\/05\/maison-du-livre-de-limage-et-du-son\/\" target=\"_blank\" rel=\"noreferrer noopener\"> Maison du livre, de l\u2019image et du son.<\/a> L\u2019occasion de se reposer tout en d\u00e9veloppant sa culture litt\u00e9raire.<\/p>\n\n\n\n<p><strong><span class=\"has-inline-color has-vivid-red-color\">Le mercredi 17 ao\u00fbt de 10h30 \u00e0 11h au Jardin Alexis Jordan (77 rue Ch\u00e2teau Gaillard \u00e0 Villeurbanne). Acc\u00e8s et participation gratuite. Une autre matin\u00e9e lecture est pr\u00e9vue le mercredi 24 ao\u00fbt au Jardin Alexis Jordan.<\/span><\/strong><\/p>\n\n\n\n<h2 class=\"wp-block-heading\"><strong>Pour finir vous reprendrez bien un peu de cin\u00e9ma ?<\/strong><\/h2>\n\n\n\n<p>Le festival \u00ab Cin\u00e9-Grenier \u00bb d\u00e9bute cette semaine. Pour d\u00e9buter, le film \u00ab Les Aventures du baron de M\u00fcnchhausen \u00bb de Terry Gilliam vous est propos\u00e9. Vu comme un v\u00e9ritable chef d\u2019\u0153uvre par les cin\u00e9philes. Ce long-m\u00e9trage raconte l\u2019histoire du Baron de M\u00fcnchhausen, l&rsquo;un des plus grands h\u00e9ros de la litt\u00e9rature allemande.<\/p>\n\n\n\n<p>Le festival ne se cantonne pas \u00e0 la diffusion de films. Il invite tous les spectateurs \u00e0 amener des livres, des jeux de soci\u00e9t\u00e9 ou tout autre objet pouvant \u00eatre partag\u00e9 avec autrui.<\/p>\n\n\n\n<p><strong><span class=\"has-inline-color has-vivid-red-color\">Le mercredi 17 ao\u00fbt de 17h \u00e0 00h Place Jean Jaur\u00e8s (7eme arrondissement de Lyon). Acc\u00e8s et participation gratuite.&nbsp; Le 24 ao\u00fbt sera diffus\u00e9 \u00ab L\u2019Histoire Sans Fin \u00bb de Wolfgang Petersen, au Parc de Maire du 5\u00e8me arrondissement de Lyon, ce film viendra clore le festival.<\/span><\/strong><\/p>\n\n\n\n<div class=\"wp-block-image\"><figure class=\"aligncenter size-full\"><img loading=\"lazy\" decoding=\"async\" width=\"1852\" height=\"1253\" src=\"https:\/\/lyonbondyblog.fr\/LBB\/wp-content\/uploads\/2022\/08\/image-cine-1.jpg\" alt=\"\" class=\"wp-image-30579\" srcset=\"https:\/\/lyonbondyblog.fr\/LBB\/wp-content\/uploads\/2022\/08\/image-cine-1.jpg 1852w, https:\/\/lyonbondyblog.fr\/LBB\/wp-content\/uploads\/2022\/08\/image-cine-1-1200x812.jpg 1200w, https:\/\/lyonbondyblog.fr\/LBB\/wp-content\/uploads\/2022\/08\/image-cine-1-768x520.jpg 768w, https:\/\/lyonbondyblog.fr\/LBB\/wp-content\/uploads\/2022\/08\/image-cine-1-1536x1039.jpg 1536w\" sizes=\"auto, (max-width: 1852px) 100vw, 1852px\" \/><figcaption>Photo d&rsquo;illustration. Cr\u00e9dit :&nbsp;Christophe Taamourte&nbsp;<\/figcaption><\/figure><\/div>\n\n\n\n<p>Pour poursuivre votre d\u00e9couverte des \u00ab incontournables \u00bb du cin\u00e9ma, direction le 9<sup>\u00e8me<\/sup> arrondissement o\u00f9 le Cin\u00e9 Duch\u00e8re met en place une diffusion en plein air de \u00ab Adieu les cons \u00bb d\u2019Albert Dupontel. Partez \u00e0 la d\u00e9couverte de ce long-m\u00e9trage largement r\u00e9compens\u00e9 (il a obtenu sept C\u00e9sar en 2020). Un film qui vous raconte l\u2019histoire rocambolesque de Suze Trappet parti \u00e0 la recherche de son enfant qu\u2019elle a abandonn\u00e9 car trop jeune pour l\u2019\u00e9lever. Entre com\u00e9die et sujet plus s\u00e9rieux, ce film interroge et diverti.<\/p>\n\n\n\n<p><strong><span class=\"has-inline-color has-vivid-red-color\">Le vendredi 19 \u00e0 partir de 21h30 au Parc Roquette (Rue roquette dans le 9eme arrondissement de Lyon). Acc\u00e8s et participation gratuite.&nbsp;<\/span><\/strong><\/p>\n\n\n\n<p class=\"has-text-align-right\"><strong>La r\u00e9daction <\/strong><\/p>\n\n\n\n<p><strong>Retrouvez nos derniers articles ici : <\/strong><\/p>\n\n\n<ul class=\"wp-block-latest-posts__list wp-block-latest-posts\"><li><a class=\"wp-block-latest-posts__post-title\" href=\"https:\/\/lyonbondyblog.fr\/LBB\/theatre-bingo-loto-et-impro\/\">Th\u00e9\u00e2tre : Bingo-loto et impro\u00a0<\/a><\/li>\n<li><a class=\"wp-block-latest-posts__post-title\" href=\"https:\/\/lyonbondyblog.fr\/LBB\/fetes-escales-tour-du-monde-a-venissieux\/\">F\u00eates Escales : tour du monde \u00e0 V\u00e9nissieux<\/a><\/li>\n<li><a class=\"wp-block-latest-posts__post-title\" href=\"https:\/\/lyonbondyblog.fr\/LBB\/jeunes-davenirs-la-jeunesse-a-venir\/\">Jeunes d\u2019Avenirs\u00a0: la jeunesse \u00e0 venir<\/a><\/li>\n<li><a class=\"wp-block-latest-posts__post-title\" href=\"https:\/\/lyonbondyblog.fr\/LBB\/le-tribunal-refuse-la-liberation-provisoire-dun-homme-poursuivi-pour-violences-aggravees\/\">Le tribunal refuse la lib\u00e9ration provisoire d\u2019un homme poursuivi pour violences aggrav\u00e9es<\/a><\/li>\n<li><a class=\"wp-block-latest-posts__post-title\" href=\"https:\/\/lyonbondyblog.fr\/LBB\/la-poesie-au-theatre-la-generale-de-la-proposition-musicale-et-litteraire-dalain-klingler\/\">La po\u00e9sie au th\u00e9\u00e2tre\u00a0: la g\u00e9n\u00e9rale de la proposition musicale et litt\u00e9raire d\u2019Alain Klingler<\/a><\/li>\n<\/ul><!-- AddThis Advanced Settings generic via filter on the_content --><!-- AddThis Share Buttons generic via filter on the_content -->","protected":false},"excerpt":{"rendered":"<p>La m\u00e9tropole de Lyon regorge d\u2019activit\u00e9s en tout genre pour vous divertir durant ce mois d\u2019ao\u00fbt. Entre \u00e9nigmes, festival musical, cin\u00e9ma et concerts de plein &hellip; <!-- AddThis Advanced Settings generic via filter on wp_trim_excerpt --><!-- AddThis Share Buttons generic via filter on wp_trim_excerpt --><\/p>\n","protected":false},"author":1,"featured_media":30581,"comment_status":"open","ping_status":"open","sticky":true,"template":"","format":"standard","meta":{"_FSMCFIC_featured_image_caption":"","_FSMCFIC_featured_image_nocaption":"","_FSMCFIC_featured_image_hide":"","footnotes":""},"categories":[4],"tags":[28180,1016,97,1952,408,10,358,128],"class_list":["post-30577","post","type-post","status-publish","format-standard","has-post-thumbnail","hentry","category-lyon","tag-activites","tag-art","tag-cinema","tag-culture","tag-ete","tag-lyon-2","tag-musique","tag-villeurbanne"],"yoast_head":"<!-- This site is optimized with the Yoast SEO plugin v22.8 - https:\/\/yoast.com\/wordpress\/plugins\/seo\/ -->\n<title>Que faire dans la m\u00e9tropole lyonnaise du 15 au 21 ao\u00fbt ? - Lyon Bondy Blog<\/title>\n<meta name=\"description\" content=\"La m\u00e9tropole de Lyon regorge d\u2019activit\u00e9s en tout genre pour vous divertir durant ce mois d\u2019ao\u00fbt. Entre \u00e9nigmes, festival musical, cin\u00e9ma....\" \/>\n<meta name=\"robots\" content=\"index, follow, max-snippet:-1, max-image-preview:large, max-video-preview:-1\" \/>\n<link rel=\"canonical\" href=\"https:\/\/lyonbondyblog.fr\/LBB\/que-faire-dans-la-metropole-lyonnaise-du-15-au-21-aout\/\" \/>\n<meta property=\"og:locale\" content=\"fr_FR\" \/>\n<meta property=\"og:type\" content=\"article\" \/>\n<meta property=\"og:title\" content=\"Que faire dans la m\u00e9tropole lyonnaise du 15 au 21 ao\u00fbt ? - Lyon Bondy Blog\" \/>\n<meta property=\"og:description\" content=\"La m\u00e9tropole de Lyon regorge d\u2019activit\u00e9s en tout genre pour vous divertir durant ce mois d\u2019ao\u00fbt. Entre \u00e9nigmes, festival musical, cin\u00e9ma....\" \/>\n<meta property=\"og:url\" content=\"https:\/\/lyonbondyblog.fr\/LBB\/que-faire-dans-la-metropole-lyonnaise-du-15-au-21-aout\/\" \/>\n<meta property=\"og:site_name\" content=\"Lyon Bondy Blog\" \/>\n<meta property=\"article:publisher\" content=\"https:\/\/www.facebook.com\/lyonbondyblog\" \/>\n<meta property=\"article:author\" content=\"https:\/\/www.facebook.com\/lyonbondyblog\" \/>\n<meta property=\"article:published_time\" content=\"2022-08-16T15:12:40+00:00\" \/>\n<meta property=\"article:modified_time\" content=\"2022-08-18T07:49:36+00:00\" \/>\n<meta property=\"og:image\" content=\"https:\/\/lyonbondyblog.fr\/LBB\/wp-content\/uploads\/2022\/08\/32020128763_2fb429a41d_b.jpg\" \/>\n\t<meta property=\"og:image:width\" content=\"1024\" \/>\n\t<meta property=\"og:image:height\" content=\"683\" \/>\n\t<meta property=\"og:image:type\" content=\"image\/jpeg\" \/>\n<meta name=\"author\" content=\"La r\u00e9daction\" \/>\n<meta name=\"twitter:card\" content=\"summary_large_image\" \/>\n<meta name=\"twitter:creator\" content=\"@BondyBlogLyon\" \/>\n<meta name=\"twitter:site\" content=\"@bondybloglyon\" \/>\n<script type=\"application\/ld+json\" class=\"yoast-schema-graph\">{\"@context\":\"https:\/\/schema.org\",\"@graph\":[{\"@type\":\"Article\",\"@id\":\"https:\/\/lyonbondyblog.fr\/LBB\/que-faire-dans-la-metropole-lyonnaise-du-15-au-21-aout\/#article\",\"isPartOf\":{\"@id\":\"https:\/\/lyonbondyblog.fr\/LBB\/que-faire-dans-la-metropole-lyonnaise-du-15-au-21-aout\/\"},\"author\":{\"name\":\"La r\u00e9daction\",\"@id\":\"https:\/\/lyonbondyblog.fr\/LBB\/#\/schema\/person\/e45f8d27baac75072daa0be50c409b25\"},\"headline\":\"Que faire dans la m\u00e9tropole lyonnaise du 15 au 21 ao\u00fbt ?\",\"datePublished\":\"2022-08-16T15:12:40+00:00\",\"dateModified\":\"2022-08-18T07:49:36+00:00\",\"mainEntityOfPage\":{\"@id\":\"https:\/\/lyonbondyblog.fr\/LBB\/que-faire-dans-la-metropole-lyonnaise-du-15-au-21-aout\/\"},\"wordCount\":888,\"commentCount\":0,\"publisher\":{\"@id\":\"https:\/\/lyonbondyblog.fr\/LBB\/#organization\"},\"image\":{\"@id\":\"https:\/\/lyonbondyblog.fr\/LBB\/que-faire-dans-la-metropole-lyonnaise-du-15-au-21-aout\/#primaryimage\"},\"thumbnailUrl\":\"https:\/\/lyonbondyblog.fr\/LBB\/wp-content\/uploads\/2022\/08\/32020128763_2fb429a41d_b.jpg\",\"keywords\":[\"activit\u00e9s\",\"Art\",\"Cin\u00e9ma\",\"Culture\",\"\u00e9t\u00e9\",\"lyon\",\"musique\",\"Villeurbanne\"],\"articleSection\":[\"Lyon\"],\"inLanguage\":\"fr-FR\",\"potentialAction\":[{\"@type\":\"CommentAction\",\"name\":\"Comment\",\"target\":[\"https:\/\/lyonbondyblog.fr\/LBB\/que-faire-dans-la-metropole-lyonnaise-du-15-au-21-aout\/#respond\"]}]},{\"@type\":\"WebPage\",\"@id\":\"https:\/\/lyonbondyblog.fr\/LBB\/que-faire-dans-la-metropole-lyonnaise-du-15-au-21-aout\/\",\"url\":\"https:\/\/lyonbondyblog.fr\/LBB\/que-faire-dans-la-metropole-lyonnaise-du-15-au-21-aout\/\",\"name\":\"Que faire dans la m\u00e9tropole lyonnaise du 15 au 21 ao\u00fbt ? - Lyon Bondy Blog\",\"isPartOf\":{\"@id\":\"https:\/\/lyonbondyblog.fr\/LBB\/#website\"},\"primaryImageOfPage\":{\"@id\":\"https:\/\/lyonbondyblog.fr\/LBB\/que-faire-dans-la-metropole-lyonnaise-du-15-au-21-aout\/#primaryimage\"},\"image\":{\"@id\":\"https:\/\/lyonbondyblog.fr\/LBB\/que-faire-dans-la-metropole-lyonnaise-du-15-au-21-aout\/#primaryimage\"},\"thumbnailUrl\":\"https:\/\/lyonbondyblog.fr\/LBB\/wp-content\/uploads\/2022\/08\/32020128763_2fb429a41d_b.jpg\",\"datePublished\":\"2022-08-16T15:12:40+00:00\",\"dateModified\":\"2022-08-18T07:49:36+00:00\",\"description\":\"La m\u00e9tropole de Lyon regorge d\u2019activit\u00e9s en tout genre pour vous divertir durant ce mois d\u2019ao\u00fbt. Entre \u00e9nigmes, festival musical, cin\u00e9ma....\",\"inLanguage\":\"fr-FR\",\"potentialAction\":[{\"@type\":\"ReadAction\",\"target\":[\"https:\/\/lyonbondyblog.fr\/LBB\/que-faire-dans-la-metropole-lyonnaise-du-15-au-21-aout\/\"]}]},{\"@type\":\"ImageObject\",\"inLanguage\":\"fr-FR\",\"@id\":\"https:\/\/lyonbondyblog.fr\/LBB\/que-faire-dans-la-metropole-lyonnaise-du-15-au-21-aout\/#primaryimage\",\"url\":\"https:\/\/lyonbondyblog.fr\/LBB\/wp-content\/uploads\/2022\/08\/32020128763_2fb429a41d_b.jpg\",\"contentUrl\":\"https:\/\/lyonbondyblog.fr\/LBB\/wp-content\/uploads\/2022\/08\/32020128763_2fb429a41d_b.jpg\",\"width\":1024,\"height\":683},{\"@type\":\"WebSite\",\"@id\":\"https:\/\/lyonbondyblog.fr\/LBB\/#website\",\"url\":\"https:\/\/lyonbondyblog.fr\/LBB\/\",\"name\":\"Lyon Bondy Blog\",\"description\":\"\",\"publisher\":{\"@id\":\"https:\/\/lyonbondyblog.fr\/LBB\/#organization\"},\"potentialAction\":[{\"@type\":\"SearchAction\",\"target\":{\"@type\":\"EntryPoint\",\"urlTemplate\":\"https:\/\/lyonbondyblog.fr\/LBB\/?s={search_term_string}\"},\"query-input\":\"required name=search_term_string\"}],\"inLanguage\":\"fr-FR\"},{\"@type\":\"Organization\",\"@id\":\"https:\/\/lyonbondyblog.fr\/LBB\/#organization\",\"name\":\"LYON BONDY BLOG\",\"url\":\"https:\/\/lyonbondyblog.fr\/LBB\/\",\"logo\":{\"@type\":\"ImageObject\",\"inLanguage\":\"fr-FR\",\"@id\":\"https:\/\/lyonbondyblog.fr\/LBB\/#\/schema\/logo\/image\/\",\"url\":\"http:\/\/lyonbondyblog.fr\/LBB\/wp-content\/uploads\/2014\/10\/logo-portable-144.png\",\"contentUrl\":\"http:\/\/lyonbondyblog.fr\/LBB\/wp-content\/uploads\/2014\/10\/logo-portable-144.png\",\"width\":144,\"height\":123,\"caption\":\"LYON BONDY BLOG\"},\"image\":{\"@id\":\"https:\/\/lyonbondyblog.fr\/LBB\/#\/schema\/logo\/image\/\"},\"sameAs\":[\"https:\/\/www.facebook.com\/lyonbondyblog\",\"https:\/\/x.com\/bondybloglyon\"]},{\"@type\":\"Person\",\"@id\":\"https:\/\/lyonbondyblog.fr\/LBB\/#\/schema\/person\/e45f8d27baac75072daa0be50c409b25\",\"name\":\"La r\u00e9daction\",\"description\":\"Cr\u00e9e en 2008, la r\u00e9daction du Lyon Bondy Blog s'applique \u00e0 proposer une information locale diff\u00e9rente et compl\u00e9mentaire des m\u00e9dias traditionnels.\",\"sameAs\":[\"https:\/\/www.facebook.com\/lyonbondyblog\",\"https:\/\/x.com\/BondyBlogLyon\"],\"url\":\"https:\/\/lyonbondyblog.fr\/LBB\/author\/admin\/\"}]}<\/script>\n<!-- \/ Yoast SEO plugin. -->","yoast_head_json":{"title":"Que faire dans la m\u00e9tropole lyonnaise du 15 au 21 ao\u00fbt ? - Lyon Bondy Blog","description":"La m\u00e9tropole de Lyon regorge d\u2019activit\u00e9s en tout genre pour vous divertir durant ce mois d\u2019ao\u00fbt. Entre \u00e9nigmes, festival musical, cin\u00e9ma....","robots":{"index":"index","follow":"follow","max-snippet":"max-snippet:-1","max-image-preview":"max-image-preview:large","max-video-preview":"max-video-preview:-1"},"canonical":"https:\/\/lyonbondyblog.fr\/LBB\/que-faire-dans-la-metropole-lyonnaise-du-15-au-21-aout\/","og_locale":"fr_FR","og_type":"article","og_title":"Que faire dans la m\u00e9tropole lyonnaise du 15 au 21 ao\u00fbt ? - Lyon Bondy Blog","og_description":"La m\u00e9tropole de Lyon regorge d\u2019activit\u00e9s en tout genre pour vous divertir durant ce mois d\u2019ao\u00fbt. Entre \u00e9nigmes, festival musical, cin\u00e9ma....","og_url":"https:\/\/lyonbondyblog.fr\/LBB\/que-faire-dans-la-metropole-lyonnaise-du-15-au-21-aout\/","og_site_name":"Lyon Bondy Blog","article_publisher":"https:\/\/www.facebook.com\/lyonbondyblog","article_author":"https:\/\/www.facebook.com\/lyonbondyblog","article_published_time":"2022-08-16T15:12:40+00:00","article_modified_time":"2022-08-18T07:49:36+00:00","og_image":[{"width":1024,"height":683,"url":"https:\/\/lyonbondyblog.fr\/LBB\/wp-content\/uploads\/2022\/08\/32020128763_2fb429a41d_b.jpg","type":"image\/jpeg"}],"author":"La r\u00e9daction","twitter_card":"summary_large_image","twitter_creator":"@BondyBlogLyon","twitter_site":"@bondybloglyon","schema":{"@context":"https:\/\/schema.org","@graph":[{"@type":"Article","@id":"https:\/\/lyonbondyblog.fr\/LBB\/que-faire-dans-la-metropole-lyonnaise-du-15-au-21-aout\/#article","isPartOf":{"@id":"https:\/\/lyonbondyblog.fr\/LBB\/que-faire-dans-la-metropole-lyonnaise-du-15-au-21-aout\/"},"author":{"name":"La r\u00e9daction","@id":"https:\/\/lyonbondyblog.fr\/LBB\/#\/schema\/person\/e45f8d27baac75072daa0be50c409b25"},"headline":"Que faire dans la m\u00e9tropole lyonnaise du 15 au 21 ao\u00fbt ?","datePublished":"2022-08-16T15:12:40+00:00","dateModified":"2022-08-18T07:49:36+00:00","mainEntityOfPage":{"@id":"https:\/\/lyonbondyblog.fr\/LBB\/que-faire-dans-la-metropole-lyonnaise-du-15-au-21-aout\/"},"wordCount":888,"commentCount":0,"publisher":{"@id":"https:\/\/lyonbondyblog.fr\/LBB\/#organization"},"image":{"@id":"https:\/\/lyonbondyblog.fr\/LBB\/que-faire-dans-la-metropole-lyonnaise-du-15-au-21-aout\/#primaryimage"},"thumbnailUrl":"https:\/\/lyonbondyblog.fr\/LBB\/wp-content\/uploads\/2022\/08\/32020128763_2fb429a41d_b.jpg","keywords":["activit\u00e9s","Art","Cin\u00e9ma","Culture","\u00e9t\u00e9","lyon","musique","Villeurbanne"],"articleSection":["Lyon"],"inLanguage":"fr-FR","potentialAction":[{"@type":"CommentAction","name":"Comment","target":["https:\/\/lyonbondyblog.fr\/LBB\/que-faire-dans-la-metropole-lyonnaise-du-15-au-21-aout\/#respond"]}]},{"@type":"WebPage","@id":"https:\/\/lyonbondyblog.fr\/LBB\/que-faire-dans-la-metropole-lyonnaise-du-15-au-21-aout\/","url":"https:\/\/lyonbondyblog.fr\/LBB\/que-faire-dans-la-metropole-lyonnaise-du-15-au-21-aout\/","name":"Que faire dans la m\u00e9tropole lyonnaise du 15 au 21 ao\u00fbt ? - Lyon Bondy Blog","isPartOf":{"@id":"https:\/\/lyonbondyblog.fr\/LBB\/#website"},"primaryImageOfPage":{"@id":"https:\/\/lyonbondyblog.fr\/LBB\/que-faire-dans-la-metropole-lyonnaise-du-15-au-21-aout\/#primaryimage"},"image":{"@id":"https:\/\/lyonbondyblog.fr\/LBB\/que-faire-dans-la-metropole-lyonnaise-du-15-au-21-aout\/#primaryimage"},"thumbnailUrl":"https:\/\/lyonbondyblog.fr\/LBB\/wp-content\/uploads\/2022\/08\/32020128763_2fb429a41d_b.jpg","datePublished":"2022-08-16T15:12:40+00:00","dateModified":"2022-08-18T07:49:36+00:00","description":"La m\u00e9tropole de Lyon regorge d\u2019activit\u00e9s en tout genre pour vous divertir durant ce mois d\u2019ao\u00fbt. Entre \u00e9nigmes, festival musical, cin\u00e9ma....","inLanguage":"fr-FR","potentialAction":[{"@type":"ReadAction","target":["https:\/\/lyonbondyblog.fr\/LBB\/que-faire-dans-la-metropole-lyonnaise-du-15-au-21-aout\/"]}]},{"@type":"ImageObject","inLanguage":"fr-FR","@id":"https:\/\/lyonbondyblog.fr\/LBB\/que-faire-dans-la-metropole-lyonnaise-du-15-au-21-aout\/#primaryimage","url":"https:\/\/lyonbondyblog.fr\/LBB\/wp-content\/uploads\/2022\/08\/32020128763_2fb429a41d_b.jpg","contentUrl":"https:\/\/lyonbondyblog.fr\/LBB\/wp-content\/uploads\/2022\/08\/32020128763_2fb429a41d_b.jpg","width":1024,"height":683},{"@type":"WebSite","@id":"https:\/\/lyonbondyblog.fr\/LBB\/#website","url":"https:\/\/lyonbondyblog.fr\/LBB\/","name":"Lyon Bondy Blog","description":"","publisher":{"@id":"https:\/\/lyonbondyblog.fr\/LBB\/#organization"},"potentialAction":[{"@type":"SearchAction","target":{"@type":"EntryPoint","urlTemplate":"https:\/\/lyonbondyblog.fr\/LBB\/?s={search_term_string}"},"query-input":"required name=search_term_string"}],"inLanguage":"fr-FR"},{"@type":"Organization","@id":"https:\/\/lyonbondyblog.fr\/LBB\/#organization","name":"LYON BONDY BLOG","url":"https:\/\/lyonbondyblog.fr\/LBB\/","logo":{"@type":"ImageObject","inLanguage":"fr-FR","@id":"https:\/\/lyonbondyblog.fr\/LBB\/#\/schema\/logo\/image\/","url":"http:\/\/lyonbondyblog.fr\/LBB\/wp-content\/uploads\/2014\/10\/logo-portable-144.png","contentUrl":"http:\/\/lyonbondyblog.fr\/LBB\/wp-content\/uploads\/2014\/10\/logo-portable-144.png","width":144,"height":123,"caption":"LYON BONDY BLOG"},"image":{"@id":"https:\/\/lyonbondyblog.fr\/LBB\/#\/schema\/logo\/image\/"},"sameAs":["https:\/\/www.facebook.com\/lyonbondyblog","https:\/\/x.com\/bondybloglyon"]},{"@type":"Person","@id":"https:\/\/lyonbondyblog.fr\/LBB\/#\/schema\/person\/e45f8d27baac75072daa0be50c409b25","name":"La r\u00e9daction","description":"Cr\u00e9e en 2008, la r\u00e9daction du Lyon Bondy Blog s'applique \u00e0 proposer une information locale diff\u00e9rente et compl\u00e9mentaire des m\u00e9dias traditionnels.","sameAs":["https:\/\/www.facebook.com\/lyonbondyblog","https:\/\/x.com\/BondyBlogLyon"],"url":"https:\/\/lyonbondyblog.fr\/LBB\/author\/admin\/"}]}},"_links":{"self":[{"href":"https:\/\/lyonbondyblog.fr\/LBB\/wp-json\/wp\/v2\/posts\/30577","targetHints":{"allow":["GET"]}}],"collection":[{"href":"https:\/\/lyonbondyblog.fr\/LBB\/wp-json\/wp\/v2\/posts"}],"about":[{"href":"https:\/\/lyonbondyblog.fr\/LBB\/wp-json\/wp\/v2\/types\/post"}],"author":[{"embeddable":true,"href":"https:\/\/lyonbondyblog.fr\/LBB\/wp-json\/wp\/v2\/users\/1"}],"replies":[{"embeddable":true,"href":"https:\/\/lyonbondyblog.fr\/LBB\/wp-json\/wp\/v2\/comments?post=30577"}],"version-history":[{"count":2,"href":"https:\/\/lyonbondyblog.fr\/LBB\/wp-json\/wp\/v2\/posts\/30577\/revisions"}],"predecessor-version":[{"id":30586,"href":"https:\/\/lyonbondyblog.fr\/LBB\/wp-json\/wp\/v2\/posts\/30577\/revisions\/30586"}],"wp:featuredmedia":[{"embeddable":true,"href":"https:\/\/lyonbondyblog.fr\/LBB\/wp-json\/wp\/v2\/media\/30581"}],"wp:attachment":[{"href":"https:\/\/lyonbondyblog.fr\/LBB\/wp-json\/wp\/v2\/media?parent=30577"}],"wp:term":[{"taxonomy":"category","embeddable":true,"href":"https:\/\/lyonbondyblog.fr\/LBB\/wp-json\/wp\/v2\/categories?post=30577"},{"taxonomy":"post_tag","embeddable":true,"href":"https:\/\/lyonbondyblog.fr\/LBB\/wp-json\/wp\/v2\/tags?post=30577"}],"curies":[{"name":"wp","href":"https:\/\/api.w.org\/{rel}","templated":true}]}}