{"id":3051,"date":"2010-02-26T16:10:36","date_gmt":"2010-02-26T15:10:36","guid":{"rendered":"http:\/\/lyonbondyblog.fr\/LBB\/?p=3051"},"modified":"2013-08-01T16:28:56","modified_gmt":"2013-08-01T14:28:56","slug":"jen-suis-tombee-malade-tellement-jetais-sous-pression","status":"publish","type":"post","link":"https:\/\/lyonbondyblog.fr\/LBB\/jen-suis-tombee-malade-tellement-jetais-sous-pression\/","title":{"rendered":"\u00ab\u00a0J&rsquo;en suis tomb\u00e9e malade tellement j&rsquo;\u00e9tais sous pression\u00a0\u00bb"},"content":{"rendered":"<p><strong>Lorsqu\u2019un professeur s\u2019absente, ses cours ne sont tout simplement pas assur\u00e9s\u2026 La solution miracle\u00a0? D\u00e9nicher des profs rempla\u00e7ants, bien s\u00fbr\u00a0! Marwa, qui a effectu\u00e9 un remplacement dans un lyc\u00e9e professionnel de la banlieue lyonnaise, revient sur ce qu\u2019elle qualifie de mauvaise exp\u00e9rience<\/strong><\/p>\n<div>\u00a0<a href=\"https:\/\/lyonbondyblog.fr\/LBB\/wp-content\/uploads\/2013\/08\/violence_ecole_venisseux081_t.jpg\"><img loading=\"lazy\" decoding=\"async\" class=\"size-full wp-image-3054 alignleft\" alt=\"violence_ecole_venisseux081_t\" src=\"https:\/\/lyonbondyblog.fr\/LBB\/wp-content\/uploads\/2013\/08\/violence_ecole_venisseux081_t.jpg\" width=\"193\" height=\"145\" \/><\/a><\/div>\n<div>Tout a commenc\u00e9 par hasard\u2026 ou presque. \u00ab\u00a0<i>C&rsquo;est un ancien prof de ce lyc\u00e9e m\u00eame, \u00e0 la retraite, qui m&rsquo;a appel\u00e9e en urgence en disant qu&rsquo;il y avait un poste vacant et que c&rsquo;est tout \u201cnaturellement\u201d qu&rsquo;il a pens\u00e9 \u00e0 moi (alors que je n\u2019ai aucune exp\u00e9rience dans le domaine). Il m&rsquo;a fait des \u00e9loges en me disant que j&rsquo;avais tout \u00e0 fait le profil, que c&rsquo;est une opportunit\u00e9 pour moi\u00a0\u2026 \u00a0Il m&rsquo;a assur\u00e9 qu&rsquo;il serait pr\u00e9sent pour m&rsquo;\u00e9pauler et que je pourrai compter sur deux autres professeurs&#8230;<\/i>\u00a0\u00bb, explique Marwa.<\/div>\n<p>De toute \u00e9vidence, lorsqu\u2019un poste est vacant, ce sont les professeurs \u00e0 la retraite qui se d\u00e9carcassent pour trouver un rempla\u00e7ant, la technique du lancer de fleurs faisant office d\u2019entretien pr\u00e9alable au recrutement.<\/p>\n<p>\u00ab\u00a0<i>La personne qui m&rsquo;a propos\u00e9 ce poste me connaissait en tant que responsable de magasin\u00a0: je prenais ses \u00e9l\u00e8ves en stage, souvent des jeunes aux origines diverses il faut l&rsquo;avouer. \u00a0Il m&rsquo;a dit que j&rsquo;avais les comp\u00e9tences, que je savais \u00eatre ferme, cadrer, que je saurai leur parler et me faire respecter &#8230;. Dans ses propos j&rsquo;ai bien d\u00e9cel\u00e9 l&rsquo;avantage d&rsquo;\u00eatre moi-m\u00eame maghr\u00e9bine\u00a0<\/i>\u00bb. Ainsi, les qualit\u00e9s essentielles \u00e0 tout bon enseignement seraient\u00a0: fermet\u00e9, cadrage, se faire respecter, savoir user d\u2019une certaine m\u00e9thode de communication (\u00ab\u00a0savoir leur parler\u00a0\u00bb des fois qu\u2019ils ne comprennent pas le fran\u00e7ais)\u00a0?<\/p>\n<p>Marwa, quant \u00e0 elle, craignait \u00a0\u00ab\u00a0<i>de ne pas arriver \u00e0 faire un cours c&rsquo;est \u00e0 dire de ne pas avoir les \u00e9l\u00e9ments, les programmes, d&rsquo;avoir des blancs en plein cours\u2026 Concernant l&rsquo;encadrement des \u00e9l\u00e8ves, je pensais que j&rsquo;allais y arriver car je savais d\u00e9j\u00e0 \u00a0g\u00e9rer une \u00e9quipe, des stagiaires&#8230; Je me suis dit que\u00a0 c&rsquo;\u00e9tait du management apr\u00e8s tout\u00a0!\u00a0<\/i>\u00bb. Marwa \u00e9tait bien loin de ce qu\u2019on attendait vraiment d\u2019elle on dirait. \u00a0R\u00e9cit d\u2019une semaine quasi cauchemardesque.<br \/>\n<span style=\"text-decoration: underline;\"><b>1er jour\u00a0:<\/b><\/span><\/p>\n<p>\u00ab\u00a0<i>Le premier jour \u00e9tait tr\u00e8s speed, tout le monde courait partout, Mme X, prof de commerce-\u00e9conomie devait me former mais la pauvre \u00e9tait super d\u00e9bord\u00e9e. J\u2019ai assist\u00e9 avec elle \u00e0 ses cours\u2026des \u00e9l\u00e8ves pas faciles. Ensuite vient \u00a0toute la partie administrative&#8230;les carnets d&rsquo;absences, emplois du temps, listes des classes, les clefs pour les salles\u2026tout \u00e7a le m\u00eame jour<\/i>\u00a0\u00bb. Beaucoup d\u2019informations \u00e0 absorber d\u2019une traite. Beaucoup trop peut-\u00eatre m\u00eame. Une journ\u00e9e serait donc suffisante pour int\u00e9grer tous les rouages. Facile d\u2019\u00eatre prof finalement. Faudrait que j\u2019essaie\u00a0!<\/p>\n<p>Le constat de ce premier jour est sans appel\u00a0: \u00ab\u00a0\u00a0<i>Dans les classes, il manquait beaucoup d&rsquo;\u00e9l\u00e8ves qui faisaient l&rsquo;\u00e9cole buissonni\u00e8re, certains arrivaient en retard et perturbaient le reste de la classe. Ils parlaient, faisaient du bruit avec leurs chaises, posaient 20 fois la m\u00eame question, \u00e9taient nonchalants, avaient oubli\u00e9 la moiti\u00e9 des affaires de classe. Certains \u00e9taient avachis sur leurs chaises et \u00a0la prof les reprenait sans cesse! Elle devait parler fort. Quand c&rsquo;\u00e9tait trop elle se taisait et attendait que tout le monde en fasse autant&#8230;. c&rsquo;\u00e9tait \u00e9puisant\u00a0<\/i>!\u00a0\u00bb. Que de bons pr\u00e9sages\u2026<\/p>\n<p><span style=\"font-family: Trebuchet;\"><b><span style=\"text-decoration: underline;\">2\u00e8me Jour:\u00a0<\/span><\/b><\/span><\/p>\n<p>R\u00e9cup\u00e9ration des programmes de cours via Internet\u00a0! Rien n\u2019avait \u00e9t\u00e9 pr\u00e9par\u00e9 alors que Marwa \u00e9tait attendue depuis la veille\u2026 Mme X a demand\u00e9 \u00e0 \u00eatre lib\u00e9r\u00e9e d\u2019au moins une heure de son emploi du temps afin d\u2019expliquer le plus correctement possible certaines proc\u00e9dures particuli\u00e8res. Refus de la direction d\u2019accorder ce temps pourtant essentiel. Notre pauvre Marwa a du se d\u00e9brouiller toute seule pour pr\u00e9parer des cours (contenu, m\u00e9thode, p\u00e9dagogie, exercices) pour le lendemain\u00a0!<\/p>\n<p><span style=\"font-family: Trebuchet;\"><b><span style=\"text-decoration: underline;\">3\u00e8me Jour\u00a0:\u00a0<\/span><\/b><\/span><\/p>\n<p>Marwa se retrouve seule en face de ses \u00e9l\u00e8ves\u2026et quels \u00e9l\u00e8ves\u00a0!\u00a0\u00ab\u00a0<i>J&rsquo;ai eu \u00e0 faire \u00e0 des \u00e9l\u00e8ves indisciplin\u00e9s. J\u2019ai eu beau tout essayer\u00a0: rien \u00e0 faire, je crois que leur objectif \u00e9tait de me rendre dingue! (\u2026) J&rsquo;avais trois classes dont la plus difficile du lyc\u00e9e (les 1\u00e8re \u00a0ann\u00e9e Bac pro que j\u2019avais 9h sur 18h dans la semaine\u00a0!) &#8230; A l&rsquo;entr\u00e9e je devais leur faire enlever les \u00e9couteurs, les chewing-gums, les portables (une\u00a0 \u00e9l\u00e8ve envoyait des SMS sous mon nez&#8230; d&rsquo;ailleurs pas la suite je l&rsquo;ai exclue du cours). Les 3\/4 de la classe \u00e9taient des maghr\u00e9bins, beaucoup malheureusement avec des ant\u00e9c\u00e9dents familiaux.\u00a0 La minorit\u00e9 d&rsquo;\u00e9l\u00e8ves calmes qui voulait travailler ne pouvait pas \u00e0 cause du reste de la classe&#8230; Des vrais \u201cgremlins\u201d. Jeudi j\u2019\u00e9tais stress\u00e9e. \u00a0 Vendredi j&rsquo;ai eu deux clashs avec des \u00e9l\u00e8ves. En fin de journ\u00e9e ils \u00e9taient ex\u00e9crables\u00a0<\/i>\u00bb<\/p>\n<p><span style=\"font-family: Trebuchet;\"><b><span style=\"text-decoration: underline;\">4\u00e8me Jour\u00a0:\u00a0<\/span><\/b><\/span><\/p>\n<p>Le bilan de la semaine est quelque peu pr\u00e9visible. Selon ses propres termes, \u00e0 la fin de la semaine,\u00a0Marwa s\u2019est sentie compl\u00e8tement <i>\u00ab\u00a0vid\u00e9e\u00a0\u00bb. <\/i>Tr\u00e8s peu d\u2019aide de la part des coll\u00e8gues, tr\u00e8s peu de soutien de la part de la direction de l\u2019\u00e9tablissement qui explique \u00e0 la jeune femme que tout est \u00e0 peu pr\u00e8s normal\u00a0: <i>\u00ab\u00a0Vous savez, moi j&rsquo;ai rat\u00e9 ma premi\u00e8re ann\u00e9e \u00a0d&rsquo;enseignement, c&rsquo;est normal\u2026 la plupart des profs passe par l\u00e0\u00a0\u00bb. <\/i>Il lui a \u00e9galement dit qu\u2019il ne comprenait pas comment il se faisait que certains enseignants ne soient pas en d\u00e9pression apr\u00e8s leur premi\u00e8re journ\u00e9e de travail. \u00c7a laisse r\u00eaveur hein\u00a0?<\/p>\n<p>Les lacunes n\u2019\u00e9taient pas seulement humaines et professionnelles. Elles \u00e9taient aussi mat\u00e9rielles. Petite anecdote qui exprime clairement l\u2019importance que l\u2019on accorde \u00e0 ces \u00e9l\u00e8ves et au fait que les cours leurs soient r\u00e9ellement dispens\u00e9s\u00a0: on avait fourni les mauvais livres et les mauvais programmes \u00e0 Marwa. La jeune femme explique que, selon elle, on l\u2019a envoy\u00e9 au <i>\u00ab\u00a0casse-pipe\u00a0\u00bb<\/i> et qu\u2019on a juste <i>\u00abvoulu boucher un trou, faire de la garderie, occuper des gamins dont personne ne veut\u00a0\u00bb. <\/i>Forte de tous ces d\u00e9sagr\u00e9ments, Marwa en arrive \u00e0 prendre la d\u00e9cision la plus raisonnable.<\/p>\n<p>\u00ab\u00a0<i>Mme X m&rsquo;a suppli\u00e9 de ne pas craquer et de rester car elle avait besoin de moi (car en attendant, en plus de ses horaires, c&rsquo;\u00e9tait elle et une autre enseignante qui se partageaient les classes de celle que j\u2019\u00e9tais sens\u00e9e remplacer). Apr\u00e8s les conseils avis\u00e9s de ma s\u0153ur, elle-m\u00eame professeur \u00a0dans un coll\u00e8ge, \u00a0j&rsquo;ai d\u00e9cid\u00e9 d&rsquo;arr\u00eater. \u00a0J&rsquo;en suis tomb\u00e9e malade tellement j&rsquo;\u00e9tais sous pression!!<\/i>\u00a0\u00bb.<\/p>\n<p><span style=\"text-decoration: underline;\"><b>Fin de l\u2019histoire\u00a0:\u00a0<\/b><br \/>\n<\/span>Le lundi suivant Marwa se rend dans le bureau du Proviseur pour lui signifier qu\u2019elle arr\u00eatait l\u00e0 le massacre. Elle retiendra cette grande phrase de son interlocuteur\u00a0: <i>\u00ab\u00a0Vous savez \u00eatre prof aujourd&rsquo;hui c&rsquo;est 30% de flicage, 30% de recadrage, 30% de social et avec un peu de chance 10% d&rsquo;apprentissage\u00a0\u00bb. <\/i>Tel Amel Bent, il semble n\u2019avoir qu\u2019une philosophie\u2026 sauf que ce n\u2019est peut-\u00eatre pas la bonne. Enfin, moi je dis \u00e7a comme \u00e7a\u2026<\/p>\n<p>Accrochez-vous, le meilleur est \u00e0 venir. Dans le flot de r\u00e9formes qui accompagnent\u00a0 la scolarit\u00e9 de nos enfants de la maternelle \u00e0 l\u2019universit\u00e9, celle du CAPES, examen qui forme nos futurs enseignants absents pour d\u00e9pression nerveuse, pr\u00e9voit que des \u00e9tudiants de Master 2 (Bac + 5) viennent, en remplacement,\u00a0 prendre en charge \u00e0 temps-plein les classes des professeurs partis terminer leur formation ailleurs \u2026 Outre le fait que je me questionne sur le statut de ces futurs apprentis sorciers de l\u2019enseignement, je me demande aussi quels en seront les effets forc\u00e9ment d\u00e9vastateurs notamment dans les \u00e9tablissements class\u00e9s comme difficiles ou qui cumulent les difficult\u00e9s en termes de niveau scolaire des \u00e9l\u00e8ves\u2026<\/p>\n<p><span style=\"text-decoration: underline;\">Auteur : Mbarka Ben Haj Mohamed<\/span><\/p>\n<!-- AddThis Advanced Settings generic via filter on the_content --><!-- AddThis Share Buttons generic via filter on the_content -->","protected":false},"excerpt":{"rendered":"<p>Lorsqu\u2019un professeur s\u2019absente, ses cours ne sont tout simplement pas assur\u00e9s\u2026 La solution miracle\u00a0? D\u00e9nicher des profs rempla\u00e7ants, bien s\u00fbr\u00a0! Marwa, qui a effectu\u00e9 un &hellip; <!-- AddThis Advanced Settings generic via filter on wp_trim_excerpt --><!-- AddThis Share Buttons generic via filter on wp_trim_excerpt --><\/p>\n","protected":false},"author":1,"featured_media":3054,"comment_status":"open","ping_status":"open","sticky":false,"template":"","format":"standard","meta":{"_FSMCFIC_featured_image_caption":"","_FSMCFIC_featured_image_nocaption":"","_FSMCFIC_featured_image_hide":"","footnotes":""},"categories":[2],"tags":[10,112],"class_list":["post-3051","post","type-post","status-publish","format-standard","has-post-thumbnail","hentry","category-societe","tag-lyon-2","tag-lyon-bondy-blog"],"yoast_head":"<!-- This site is optimized with the Yoast SEO plugin v22.8 - https:\/\/yoast.com\/wordpress\/plugins\/seo\/ -->\n<title>&quot;J&#039;en suis tomb\u00e9e malade tellement j&#039;\u00e9tais sous pression&quot; - Lyon Bondy Blog<\/title>\n<meta name=\"robots\" content=\"index, follow, max-snippet:-1, max-image-preview:large, max-video-preview:-1\" \/>\n<link rel=\"canonical\" href=\"https:\/\/lyonbondyblog.fr\/LBB\/jen-suis-tombee-malade-tellement-jetais-sous-pression\/\" \/>\n<meta property=\"og:locale\" content=\"fr_FR\" \/>\n<meta property=\"og:type\" content=\"article\" \/>\n<meta property=\"og:title\" content=\"&quot;J&#039;en suis tomb\u00e9e malade tellement j&#039;\u00e9tais sous pression&quot; - Lyon Bondy Blog\" \/>\n<meta property=\"og:description\" content=\"Lorsqu\u2019un professeur s\u2019absente, ses cours ne sont tout simplement pas assur\u00e9s\u2026 La solution miracle\u00a0? D\u00e9nicher des profs rempla\u00e7ants, bien s\u00fbr\u00a0! Marwa, qui a effectu\u00e9 un &hellip;\" \/>\n<meta property=\"og:url\" content=\"https:\/\/lyonbondyblog.fr\/LBB\/jen-suis-tombee-malade-tellement-jetais-sous-pression\/\" \/>\n<meta property=\"og:site_name\" content=\"Lyon Bondy Blog\" \/>\n<meta property=\"article:publisher\" content=\"https:\/\/www.facebook.com\/lyonbondyblog\" \/>\n<meta property=\"article:author\" content=\"https:\/\/www.facebook.com\/lyonbondyblog\" \/>\n<meta property=\"article:published_time\" content=\"2010-02-26T15:10:36+00:00\" \/>\n<meta property=\"article:modified_time\" content=\"2013-08-01T14:28:56+00:00\" \/>\n<meta property=\"og:image\" content=\"https:\/\/lyonbondyblog.fr\/LBB\/wp-content\/uploads\/2013\/08\/violence_ecole_venisseux081_t.jpg\" \/>\n\t<meta property=\"og:image:width\" content=\"193\" \/>\n\t<meta property=\"og:image:height\" content=\"145\" \/>\n\t<meta property=\"og:image:type\" content=\"image\/jpeg\" \/>\n<meta name=\"author\" content=\"La r\u00e9daction\" \/>\n<meta name=\"twitter:card\" content=\"summary_large_image\" \/>\n<meta name=\"twitter:creator\" content=\"@BondyBlogLyon\" \/>\n<meta name=\"twitter:site\" content=\"@bondybloglyon\" \/>\n<script type=\"application\/ld+json\" class=\"yoast-schema-graph\">{\"@context\":\"https:\/\/schema.org\",\"@graph\":[{\"@type\":\"Article\",\"@id\":\"https:\/\/lyonbondyblog.fr\/LBB\/jen-suis-tombee-malade-tellement-jetais-sous-pression\/#article\",\"isPartOf\":{\"@id\":\"https:\/\/lyonbondyblog.fr\/LBB\/jen-suis-tombee-malade-tellement-jetais-sous-pression\/\"},\"author\":{\"name\":\"La r\u00e9daction\",\"@id\":\"https:\/\/lyonbondyblog.fr\/LBB\/#\/schema\/person\/e45f8d27baac75072daa0be50c409b25\"},\"headline\":\"\u00ab\u00a0J&rsquo;en suis tomb\u00e9e malade tellement j&rsquo;\u00e9tais sous pression\u00a0\u00bb\",\"datePublished\":\"2010-02-26T15:10:36+00:00\",\"dateModified\":\"2013-08-01T14:28:56+00:00\",\"mainEntityOfPage\":{\"@id\":\"https:\/\/lyonbondyblog.fr\/LBB\/jen-suis-tombee-malade-tellement-jetais-sous-pression\/\"},\"wordCount\":1329,\"commentCount\":0,\"publisher\":{\"@id\":\"https:\/\/lyonbondyblog.fr\/LBB\/#organization\"},\"image\":{\"@id\":\"https:\/\/lyonbondyblog.fr\/LBB\/jen-suis-tombee-malade-tellement-jetais-sous-pression\/#primaryimage\"},\"thumbnailUrl\":\"https:\/\/lyonbondyblog.fr\/LBB\/wp-content\/uploads\/2013\/08\/violence_ecole_venisseux081_t.jpg\",\"keywords\":[\"lyon\",\"Lyon Bondy Blog\"],\"articleSection\":[\"Soci\u00e9t\u00e9\"],\"inLanguage\":\"fr-FR\",\"potentialAction\":[{\"@type\":\"CommentAction\",\"name\":\"Comment\",\"target\":[\"https:\/\/lyonbondyblog.fr\/LBB\/jen-suis-tombee-malade-tellement-jetais-sous-pression\/#respond\"]}]},{\"@type\":\"WebPage\",\"@id\":\"https:\/\/lyonbondyblog.fr\/LBB\/jen-suis-tombee-malade-tellement-jetais-sous-pression\/\",\"url\":\"https:\/\/lyonbondyblog.fr\/LBB\/jen-suis-tombee-malade-tellement-jetais-sous-pression\/\",\"name\":\"\\\"J'en suis tomb\u00e9e malade tellement j'\u00e9tais sous pression\\\" - Lyon Bondy Blog\",\"isPartOf\":{\"@id\":\"https:\/\/lyonbondyblog.fr\/LBB\/#website\"},\"primaryImageOfPage\":{\"@id\":\"https:\/\/lyonbondyblog.fr\/LBB\/jen-suis-tombee-malade-tellement-jetais-sous-pression\/#primaryimage\"},\"image\":{\"@id\":\"https:\/\/lyonbondyblog.fr\/LBB\/jen-suis-tombee-malade-tellement-jetais-sous-pression\/#primaryimage\"},\"thumbnailUrl\":\"https:\/\/lyonbondyblog.fr\/LBB\/wp-content\/uploads\/2013\/08\/violence_ecole_venisseux081_t.jpg\",\"datePublished\":\"2010-02-26T15:10:36+00:00\",\"dateModified\":\"2013-08-01T14:28:56+00:00\",\"inLanguage\":\"fr-FR\",\"potentialAction\":[{\"@type\":\"ReadAction\",\"target\":[\"https:\/\/lyonbondyblog.fr\/LBB\/jen-suis-tombee-malade-tellement-jetais-sous-pression\/\"]}]},{\"@type\":\"ImageObject\",\"inLanguage\":\"fr-FR\",\"@id\":\"https:\/\/lyonbondyblog.fr\/LBB\/jen-suis-tombee-malade-tellement-jetais-sous-pression\/#primaryimage\",\"url\":\"https:\/\/lyonbondyblog.fr\/LBB\/wp-content\/uploads\/2013\/08\/violence_ecole_venisseux081_t.jpg\",\"contentUrl\":\"https:\/\/lyonbondyblog.fr\/LBB\/wp-content\/uploads\/2013\/08\/violence_ecole_venisseux081_t.jpg\",\"width\":193,\"height\":145},{\"@type\":\"WebSite\",\"@id\":\"https:\/\/lyonbondyblog.fr\/LBB\/#website\",\"url\":\"https:\/\/lyonbondyblog.fr\/LBB\/\",\"name\":\"Lyon Bondy Blog\",\"description\":\"\",\"publisher\":{\"@id\":\"https:\/\/lyonbondyblog.fr\/LBB\/#organization\"},\"potentialAction\":[{\"@type\":\"SearchAction\",\"target\":{\"@type\":\"EntryPoint\",\"urlTemplate\":\"https:\/\/lyonbondyblog.fr\/LBB\/?s={search_term_string}\"},\"query-input\":\"required name=search_term_string\"}],\"inLanguage\":\"fr-FR\"},{\"@type\":\"Organization\",\"@id\":\"https:\/\/lyonbondyblog.fr\/LBB\/#organization\",\"name\":\"LYON BONDY BLOG\",\"url\":\"https:\/\/lyonbondyblog.fr\/LBB\/\",\"logo\":{\"@type\":\"ImageObject\",\"inLanguage\":\"fr-FR\",\"@id\":\"https:\/\/lyonbondyblog.fr\/LBB\/#\/schema\/logo\/image\/\",\"url\":\"http:\/\/lyonbondyblog.fr\/LBB\/wp-content\/uploads\/2014\/10\/logo-portable-144.png\",\"contentUrl\":\"http:\/\/lyonbondyblog.fr\/LBB\/wp-content\/uploads\/2014\/10\/logo-portable-144.png\",\"width\":144,\"height\":123,\"caption\":\"LYON BONDY BLOG\"},\"image\":{\"@id\":\"https:\/\/lyonbondyblog.fr\/LBB\/#\/schema\/logo\/image\/\"},\"sameAs\":[\"https:\/\/www.facebook.com\/lyonbondyblog\",\"https:\/\/x.com\/bondybloglyon\"]},{\"@type\":\"Person\",\"@id\":\"https:\/\/lyonbondyblog.fr\/LBB\/#\/schema\/person\/e45f8d27baac75072daa0be50c409b25\",\"name\":\"La r\u00e9daction\",\"description\":\"Cr\u00e9e en 2008, la r\u00e9daction du Lyon Bondy Blog s'applique \u00e0 proposer une information locale diff\u00e9rente et compl\u00e9mentaire des m\u00e9dias traditionnels.\",\"sameAs\":[\"https:\/\/www.facebook.com\/lyonbondyblog\",\"https:\/\/x.com\/BondyBlogLyon\"],\"url\":\"https:\/\/lyonbondyblog.fr\/LBB\/author\/admin\/\"}]}<\/script>\n<!-- \/ Yoast SEO plugin. -->","yoast_head_json":{"title":"\"J'en suis tomb\u00e9e malade tellement j'\u00e9tais sous pression\" - Lyon Bondy Blog","robots":{"index":"index","follow":"follow","max-snippet":"max-snippet:-1","max-image-preview":"max-image-preview:large","max-video-preview":"max-video-preview:-1"},"canonical":"https:\/\/lyonbondyblog.fr\/LBB\/jen-suis-tombee-malade-tellement-jetais-sous-pression\/","og_locale":"fr_FR","og_type":"article","og_title":"\"J'en suis tomb\u00e9e malade tellement j'\u00e9tais sous pression\" - Lyon Bondy Blog","og_description":"Lorsqu\u2019un professeur s\u2019absente, ses cours ne sont tout simplement pas assur\u00e9s\u2026 La solution miracle\u00a0? D\u00e9nicher des profs rempla\u00e7ants, bien s\u00fbr\u00a0! Marwa, qui a effectu\u00e9 un &hellip;","og_url":"https:\/\/lyonbondyblog.fr\/LBB\/jen-suis-tombee-malade-tellement-jetais-sous-pression\/","og_site_name":"Lyon Bondy Blog","article_publisher":"https:\/\/www.facebook.com\/lyonbondyblog","article_author":"https:\/\/www.facebook.com\/lyonbondyblog","article_published_time":"2010-02-26T15:10:36+00:00","article_modified_time":"2013-08-01T14:28:56+00:00","og_image":[{"width":193,"height":145,"url":"https:\/\/lyonbondyblog.fr\/LBB\/wp-content\/uploads\/2013\/08\/violence_ecole_venisseux081_t.jpg","type":"image\/jpeg"}],"author":"La r\u00e9daction","twitter_card":"summary_large_image","twitter_creator":"@BondyBlogLyon","twitter_site":"@bondybloglyon","schema":{"@context":"https:\/\/schema.org","@graph":[{"@type":"Article","@id":"https:\/\/lyonbondyblog.fr\/LBB\/jen-suis-tombee-malade-tellement-jetais-sous-pression\/#article","isPartOf":{"@id":"https:\/\/lyonbondyblog.fr\/LBB\/jen-suis-tombee-malade-tellement-jetais-sous-pression\/"},"author":{"name":"La r\u00e9daction","@id":"https:\/\/lyonbondyblog.fr\/LBB\/#\/schema\/person\/e45f8d27baac75072daa0be50c409b25"},"headline":"\u00ab\u00a0J&rsquo;en suis tomb\u00e9e malade tellement j&rsquo;\u00e9tais sous pression\u00a0\u00bb","datePublished":"2010-02-26T15:10:36+00:00","dateModified":"2013-08-01T14:28:56+00:00","mainEntityOfPage":{"@id":"https:\/\/lyonbondyblog.fr\/LBB\/jen-suis-tombee-malade-tellement-jetais-sous-pression\/"},"wordCount":1329,"commentCount":0,"publisher":{"@id":"https:\/\/lyonbondyblog.fr\/LBB\/#organization"},"image":{"@id":"https:\/\/lyonbondyblog.fr\/LBB\/jen-suis-tombee-malade-tellement-jetais-sous-pression\/#primaryimage"},"thumbnailUrl":"https:\/\/lyonbondyblog.fr\/LBB\/wp-content\/uploads\/2013\/08\/violence_ecole_venisseux081_t.jpg","keywords":["lyon","Lyon Bondy Blog"],"articleSection":["Soci\u00e9t\u00e9"],"inLanguage":"fr-FR","potentialAction":[{"@type":"CommentAction","name":"Comment","target":["https:\/\/lyonbondyblog.fr\/LBB\/jen-suis-tombee-malade-tellement-jetais-sous-pression\/#respond"]}]},{"@type":"WebPage","@id":"https:\/\/lyonbondyblog.fr\/LBB\/jen-suis-tombee-malade-tellement-jetais-sous-pression\/","url":"https:\/\/lyonbondyblog.fr\/LBB\/jen-suis-tombee-malade-tellement-jetais-sous-pression\/","name":"\"J'en suis tomb\u00e9e malade tellement j'\u00e9tais sous pression\" - Lyon Bondy Blog","isPartOf":{"@id":"https:\/\/lyonbondyblog.fr\/LBB\/#website"},"primaryImageOfPage":{"@id":"https:\/\/lyonbondyblog.fr\/LBB\/jen-suis-tombee-malade-tellement-jetais-sous-pression\/#primaryimage"},"image":{"@id":"https:\/\/lyonbondyblog.fr\/LBB\/jen-suis-tombee-malade-tellement-jetais-sous-pression\/#primaryimage"},"thumbnailUrl":"https:\/\/lyonbondyblog.fr\/LBB\/wp-content\/uploads\/2013\/08\/violence_ecole_venisseux081_t.jpg","datePublished":"2010-02-26T15:10:36+00:00","dateModified":"2013-08-01T14:28:56+00:00","inLanguage":"fr-FR","potentialAction":[{"@type":"ReadAction","target":["https:\/\/lyonbondyblog.fr\/LBB\/jen-suis-tombee-malade-tellement-jetais-sous-pression\/"]}]},{"@type":"ImageObject","inLanguage":"fr-FR","@id":"https:\/\/lyonbondyblog.fr\/LBB\/jen-suis-tombee-malade-tellement-jetais-sous-pression\/#primaryimage","url":"https:\/\/lyonbondyblog.fr\/LBB\/wp-content\/uploads\/2013\/08\/violence_ecole_venisseux081_t.jpg","contentUrl":"https:\/\/lyonbondyblog.fr\/LBB\/wp-content\/uploads\/2013\/08\/violence_ecole_venisseux081_t.jpg","width":193,"height":145},{"@type":"WebSite","@id":"https:\/\/lyonbondyblog.fr\/LBB\/#website","url":"https:\/\/lyonbondyblog.fr\/LBB\/","name":"Lyon Bondy Blog","description":"","publisher":{"@id":"https:\/\/lyonbondyblog.fr\/LBB\/#organization"},"potentialAction":[{"@type":"SearchAction","target":{"@type":"EntryPoint","urlTemplate":"https:\/\/lyonbondyblog.fr\/LBB\/?s={search_term_string}"},"query-input":"required name=search_term_string"}],"inLanguage":"fr-FR"},{"@type":"Organization","@id":"https:\/\/lyonbondyblog.fr\/LBB\/#organization","name":"LYON BONDY BLOG","url":"https:\/\/lyonbondyblog.fr\/LBB\/","logo":{"@type":"ImageObject","inLanguage":"fr-FR","@id":"https:\/\/lyonbondyblog.fr\/LBB\/#\/schema\/logo\/image\/","url":"http:\/\/lyonbondyblog.fr\/LBB\/wp-content\/uploads\/2014\/10\/logo-portable-144.png","contentUrl":"http:\/\/lyonbondyblog.fr\/LBB\/wp-content\/uploads\/2014\/10\/logo-portable-144.png","width":144,"height":123,"caption":"LYON BONDY BLOG"},"image":{"@id":"https:\/\/lyonbondyblog.fr\/LBB\/#\/schema\/logo\/image\/"},"sameAs":["https:\/\/www.facebook.com\/lyonbondyblog","https:\/\/x.com\/bondybloglyon"]},{"@type":"Person","@id":"https:\/\/lyonbondyblog.fr\/LBB\/#\/schema\/person\/e45f8d27baac75072daa0be50c409b25","name":"La r\u00e9daction","description":"Cr\u00e9e en 2008, la r\u00e9daction du Lyon Bondy Blog s'applique \u00e0 proposer une information locale diff\u00e9rente et compl\u00e9mentaire des m\u00e9dias traditionnels.","sameAs":["https:\/\/www.facebook.com\/lyonbondyblog","https:\/\/x.com\/BondyBlogLyon"],"url":"https:\/\/lyonbondyblog.fr\/LBB\/author\/admin\/"}]}},"_links":{"self":[{"href":"https:\/\/lyonbondyblog.fr\/LBB\/wp-json\/wp\/v2\/posts\/3051","targetHints":{"allow":["GET"]}}],"collection":[{"href":"https:\/\/lyonbondyblog.fr\/LBB\/wp-json\/wp\/v2\/posts"}],"about":[{"href":"https:\/\/lyonbondyblog.fr\/LBB\/wp-json\/wp\/v2\/types\/post"}],"author":[{"embeddable":true,"href":"https:\/\/lyonbondyblog.fr\/LBB\/wp-json\/wp\/v2\/users\/1"}],"replies":[{"embeddable":true,"href":"https:\/\/lyonbondyblog.fr\/LBB\/wp-json\/wp\/v2\/comments?post=3051"}],"version-history":[{"count":0,"href":"https:\/\/lyonbondyblog.fr\/LBB\/wp-json\/wp\/v2\/posts\/3051\/revisions"}],"wp:featuredmedia":[{"embeddable":true,"href":"https:\/\/lyonbondyblog.fr\/LBB\/wp-json\/wp\/v2\/media\/3054"}],"wp:attachment":[{"href":"https:\/\/lyonbondyblog.fr\/LBB\/wp-json\/wp\/v2\/media?parent=3051"}],"wp:term":[{"taxonomy":"category","embeddable":true,"href":"https:\/\/lyonbondyblog.fr\/LBB\/wp-json\/wp\/v2\/categories?post=3051"},{"taxonomy":"post_tag","embeddable":true,"href":"https:\/\/lyonbondyblog.fr\/LBB\/wp-json\/wp\/v2\/tags?post=3051"}],"curies":[{"name":"wp","href":"https:\/\/api.w.org\/{rel}","templated":true}]}}