{"id":30432,"date":"2022-09-20T12:21:20","date_gmt":"2022-09-20T10:21:20","guid":{"rendered":"http:\/\/lyonbondyblog.fr\/LBB\/?p=30432"},"modified":"2022-09-20T12:22:54","modified_gmt":"2022-09-20T10:22:54","slug":"enfants-places-les-abandonnes-de-la-republique","status":"publish","type":"post","link":"https:\/\/lyonbondyblog.fr\/LBB\/enfants-places-les-abandonnes-de-la-republique\/","title":{"rendered":"Enfants plac\u00e9s, les abandonn\u00e9s de la R\u00e9publique"},"content":{"rendered":"\n<p><span class=\"has-inline-color has-vivid-red-color\">[\u00c0 l&rsquo;occasion du lancement de l\u2019Association de D\u00e9fense des Droits des Enfants Plac\u00e9s et de leur Famille (ADDEF), d\u00e9but septembre et de leur <a href=\"https:\/\/addep.fr\/\" target=\"_blank\" rel=\"noreferrer noopener\">site internet<\/a> en cette fin de mois. La r\u00e9daction du Lyon Bondy Blog vous propose de revenir sur deux articles publi\u00e9s en juillet 2022 relatifs \u00e0 cette nouvelle structure.]<\/span> <\/p>\n\n\n\n<p><strong>Apr\u00e8s avoir rencontr\u00e9 l\u2019Association de D\u00e9fense des Droits des Enfants Plac\u00e9s et de leur Famille, A.D.D.E.F, le Lyon Bondy Blog a souhait\u00e9 en savoir plus \u00e0 ce sujet. Pour ce faire, nous sommes parties \u00e0 la rencontre de Me Anne Leyval Granger, avocat, dont le travail s\u2019oriente pour la lutte des violences conjugales et intrafamiliales en judiciaire.<\/strong><\/p>\n\n\n\n<p>Avec pr\u00e8s de 310 000 enfants confi\u00e9s \u00e0 l\u2019ASE chaque ann\u00e9e, certains finissent en foyer et d\u2019autres en famille d\u2019accueil. Comment ce choix est fait et qui prend cette d\u00e9cision&nbsp;? Selon le site <a href=\"https:\/\/www.service-public.fr\/particuliers\/vosdroits\/F3140#:~:text=Elle est prise par le,Sa sant\u00e9 physique\" target=\"_blank\" rel=\"noreferrer noopener\">Service public<\/a>, \u00ab&nbsp;<em>Le juge peut d\u00e9cider de placer un enfant en danger, c&rsquo;est-\u00e0-dire le retirer de son milieu familial pour le prot\u00e9ger. Tel est le cas, par exemple d&rsquo;un enfant livr\u00e9 \u00e0 lui-m\u00eame ou d&rsquo;un enfant pour lequel un signalement a \u00e9t\u00e9 fait, par un voisin, un ami, l&rsquo;\u00e9cole, l&rsquo;aide sociale \u00e0 l&rsquo;enfance (ASE).<\/em>&nbsp;\u00bb<\/p>\n\n\n\n<div class=\"wp-block-image\"><figure class=\"alignright size-full is-resized\"><img loading=\"lazy\" decoding=\"async\" src=\"https:\/\/lyonbondyblog.fr\/LBB\/wp-content\/uploads\/2022\/07\/Image-1-1.jpg\" alt=\"\" class=\"wp-image-30433\" width=\"240\" height=\"320\" srcset=\"https:\/\/lyonbondyblog.fr\/LBB\/wp-content\/uploads\/2022\/07\/Image-1-1.jpg 960w, https:\/\/lyonbondyblog.fr\/LBB\/wp-content\/uploads\/2022\/07\/Image-1-1-900x1200.jpg 900w, https:\/\/lyonbondyblog.fr\/LBB\/wp-content\/uploads\/2022\/07\/Image-1-1-768x1024.jpg 768w\" sizes=\"auto, (max-width: 240px) 100vw, 240px\" \/><figcaption>Me <em>Anne Leyval Granger, avocat depuis 1998, Docteur en Droit, ma\u00eetre de conf\u00e9rences \u00e0 l\u2019Universit\u00e9 Paris Est Cr\u00e9teil, m\u00e9diatrice, militante associative pour la d\u00e9fense des droits des femmes<\/em>.<\/figcaption><\/figure><\/div>\n\n\n\n<p>Toujours selon le site Service public, ce placement a toujours pour but la protection du mineur&nbsp;: \u00ab&nbsp;<em>le placement d&rsquo;un enfant est une&nbsp;mesure exceptionnelle de protection. Elle est prise par le juge lorsqu&rsquo;il estime que le maintien de l&rsquo;enfant dans son milieu familial l&rsquo;expose \u00e0 un danger. Le juge peut d\u00e9cider de placer un enfant lorsqu&rsquo;il estime qu&rsquo;un risque trop important p\u00e8se sur lui ou sur l&rsquo;un des points suivants&nbsp;: sa sant\u00e9 physique, sa sant\u00e9 mentale ou psychologique sa s\u00e9curit\u00e9 physique, sa s\u00e9curit\u00e9 mat\u00e9rielle, sa moralit\u00e9 et son \u00e9ducation<\/em>&nbsp;\u00bb.<\/p>\n\n\n\n<p><a href=\"https:\/\/leyvalgranger.fr\/\" target=\"_blank\" rel=\"noreferrer noopener\">Anne Leyval Granger<\/a>, avocat dans le deuxi\u00e8me arrondissement de Lyon, a d\u00e9j\u00e0 eu des affaires concernant le placement des enfants. Sujet difficile \u00e0 aborder, cette derni\u00e8re explique que dans notre soci\u00e9t\u00e9 de vrais probl\u00e8mes persistent. \u00ab&nbsp;<em>Aujourd\u2019hui, pour moi, notre syst\u00e8me n\u2019est pas satisfaisant. En effet, il faut savoir que, dans ces cas-l\u00e0, nous avons droit \u00e0 une seule audience par an. Il n\u2019y que tr\u00e8s peu de moyen d\u2019obtenir de nouvelles audiences m\u00eame si de nouveaux faits ont lieu ou que la situation change. Alors je ne dis pas que c\u2019est parce que les juges ne le veulent pas. C\u2019est souvent parce que les juges ont une charge de travail \u00e9norme et qu\u2019ils ne peuvent tout simplement pas nous en accorder une autre.&nbsp;\u00bb<\/em><\/p>\n\n\n\n<p>Grand d\u00e9fenseur des droits des femmes, Me Anne Leyval Granger pointe aussi du doigt des incoh\u00e9rences au niveau de la justice.<\/p>\n\n\n\n<h2 class=\"wp-block-heading\"><strong>Une justice bancale et indigne<\/strong><\/h2>\n\n\n\n<p>\u00ab <em>Je d\u00e9fends des femmes qui sont victimes de violences conjugales, d\u2019enfants qui sont victimes de violences intrafamiliales et \u00ab <em>Je d\u00e9fends des femmes qui sont victimes de violences conjugales, d\u2019enfants qui sont victimes de violences intrafamiliales et l\u00e0 souvent, tr\u00e8s souvent, le juge confie l\u2019enfant \u00e0 l\u2019Aide Sociale \u00e0 l\u2019Enfance (ASE) de mani\u00e8re externalis\u00e9e chez le p\u00e8re. C\u2019est-\u00e0-dire que la m\u00e8re n\u2019a pas ses enfants, c\u2019est le p\u00e8re, donc le mari ou le compagnon violent qui a la charge des enfants par un placement externe via l\u2019ASE. Parce que la m\u00e8re victime de ces violences appara\u00eet comme instable et qu\u2019on \u00e9voque le fait qu\u2019elle soit ali\u00e9nante contre ses enfants. Ce <\/em><a href=\"https:\/\/alienationparentale.ca\/fr\/comprendre\/#:~:text=L'ali\u00e9nation parentale se d\u00e9crit,\u00e9gard de l'autre parent.\" target=\"_blank\" rel=\"noreferrer noopener\"><em>syndrome d\u2019ali\u00e9nation parental<\/em><\/a><em> utilis\u00e9 quasiment syst\u00e9matiquement par le juge des enfants ou le juge aux affaires familiales, doit \u00eatre \u00e9radiqu\u00e9 de toute motivation d\u2019un jugement&nbsp;!\u00bb continue Me Anne Leyval Granger.<\/em><\/em><\/p>\n\n\n\n<p>Une injustice, que ces m\u00e8res appellent aujourd\u2019hui \u00ab&nbsp;<a href=\"https:\/\/www.village-justice.com\/articles\/panorama-sur-scandale-processus-desenfantement-institutionnel-systemique,41564.html\" target=\"_blank\" rel=\"noreferrer noopener\">\u00eatre d\u00e9senfant\u00e9e&nbsp;<\/a>\u00bb. \u00ab&nbsp;<em>Il faut que le monde se rende compte que ces femmes, qui osent d\u00e9noncer des violences conjugales et intra-familiales, se trouvent priv\u00e9es de leurs enfants. Ces derniers se retrouvent soient plac\u00e9s \u00e0 l\u2019ASE ou avec le p\u00e8re qui est violent. La m\u00e8re n\u2019a donc plus acc\u00e8s \u00e0 ses enfants que par des visites m\u00e9diatis\u00e9es qui se passent mal puisque les structures d\u2019accueil ne sont pas satisfaisantes. La m\u00e8re finit donc par \u00eatre compl\u00e8tement \u00e9cart\u00e9e de son enfant.&nbsp;<\/em>\u00bb t\u00e9moigne Anne Leyval Granger.<\/p>\n\n\n\n<p>Le mineur est donc plac\u00e9 en foyer ou en famille d\u2019accueil o\u00f9 peu de contr\u00f4les ont lieu. \u00ab&nbsp;<em>En foyer et famille d\u2019accueil il y a peu de contr\u00f4le. D\u2019ailleurs, il y a quelque temps, j\u2019ai eu un cas o\u00f9 le petit \u00e9tait en foyer et a subi une tentative de viol par un autre enfant plac\u00e9. Nous avons eu beaucoup de difficult\u00e9s \u00e0 l\u2019extraire du foyer pour le prot\u00e9ger, et m\u00eame, pour avoir une audience&nbsp;aupr\u00e8s du juge des enfants. Donc, pour vous r\u00e9pondre, non, les contr\u00f4les ne sont pas suffisants<\/em> \u00bb poursuit l\u2019avocate.<\/p>\n\n\n\n<h2 class=\"wp-block-heading\"><strong>Les oubli\u00e9s de la R\u00e9publique<\/strong><\/h2>\n\n\n\n<p>Peu de contr\u00f4les et une rupture totale chez l\u2019enfant avec sa famille ont des effets \u00e0 long terme catastrophique pour le mineur. Selon l\u2019enqu\u00eate de<strong> Catherine Durant<\/strong>, \u00ab&nbsp;<em><a href=\"https:\/\/www.marieclaire.fr\/,l-insupportable-realite-des-enfants-places,732606.asp\" target=\"_blank\" rel=\"noreferrer noopener\">l\u2019insupportable r\u00e9alit\u00e9 des enfants plac\u00e9s&nbsp;<\/a><\/em>\u00bb publi\u00e9e dans le magazine <em>Marie Claire<\/em>, seulement 20 % de ces enfants rentreraient chez eux. Pour ceux rest\u00e9s au sein de l\u2019ASE, les conditions de vie pour le jeune qui atteint sa majorit\u00e9 sont tr\u00e8s compliqu\u00e9es comme le raconte cette enqu\u00eate r\u00e9alis\u00e9e par <a href=\"https:\/\/www.youtube.com\/watch?v=lg9Sv6far30\" target=\"_blank\" rel=\"noreferrer noopener\">Brut<\/a>.<\/p>\n\n\n\n<p>Abandonn\u00e9s par la soci\u00e9t\u00e9 et la R\u00e9publique, ces enfants de l\u2019Etat se retrouvent sans aucune aide pour ceux qui n\u2019ont pas acc\u00e8s aux \u00ab&nbsp;<a href=\"https:\/\/www.assemblee-nationale.fr\/dyn\/opendata\/RAPPANR5L15B1150.html#:~:text=Le contrat jeune majeur est,de plus en plus importants.\" target=\"_blank\" rel=\"noreferrer noopener\"><em>contrats jeunes majeurs<\/em><\/a>&nbsp;\u00bb jusqu\u2019\u00e0 leurs 21 ans.<\/p>\n\n\n\n<p>Si aujourd\u2019hui des associations voient le jour pour accompagner ces jeunes, un long chemin reste encore \u00e0 parcourir comme le raconte <strong>Jocelyne Giontarelli<\/strong>, pr\u00e9sidente de l\u2019Association de D\u00e9fense des Enfants plac\u00e9s et de leur Famille. \u00ab&nbsp;<em>Le but de notre association est tr\u00e8s clair, faire respecter les droits fondamentaux de ces enfants [\u2026] les accompagn\u00e9s eux, et leur famille pour leurs donner toutes les chances de r\u00e9ussite au m\u00eame niveau que n\u2019importe quel autre enfant<\/em>&nbsp;\u00bb.<\/p>\n\n\n\n<p>Un reportage que vous pouvez retrouver via ce lien&nbsp;: <a href=\"https:\/\/lyonbondyblog.fr\/LBB\/enfants-places-une-nouvelle-association-pour-les-accompagner-eux-et-leurs-familles\/\" target=\"_blank\" rel=\"noreferrer noopener\">https:\/\/lyonbondyblog.fr\/LBB\/enfants-places-une-nouvelle-association-pour-les-accompagner-eux-et-leurs-familles\/<\/a><\/p>\n\n\n\n<p class=\"has-text-align-right\"><strong>Auriane Devaux <\/strong><\/p>\n\n\n\n<p><strong>Retrouvez nos derniers articles ici : <\/strong><\/p>\n\n\n<ul class=\"wp-block-latest-posts__list wp-block-latest-posts\"><li><a class=\"wp-block-latest-posts__post-title\" href=\"https:\/\/lyonbondyblog.fr\/LBB\/fetes-escales-tour-du-monde-a-venissieux\/\">F\u00eates Escales : tour du monde \u00e0 V\u00e9nissieux<\/a><\/li>\n<li><a class=\"wp-block-latest-posts__post-title\" href=\"https:\/\/lyonbondyblog.fr\/LBB\/jeunes-davenirs-la-jeunesse-a-venir\/\">Jeunes d\u2019Avenirs\u00a0: la jeunesse \u00e0 venir<\/a><\/li>\n<li><a class=\"wp-block-latest-posts__post-title\" href=\"https:\/\/lyonbondyblog.fr\/LBB\/le-tribunal-refuse-la-liberation-provisoire-dun-homme-poursuivi-pour-violences-aggravees\/\">Le tribunal refuse la lib\u00e9ration provisoire d\u2019un homme poursuivi pour violences aggrav\u00e9es<\/a><\/li>\n<li><a class=\"wp-block-latest-posts__post-title\" href=\"https:\/\/lyonbondyblog.fr\/LBB\/la-poesie-au-theatre-la-generale-de-la-proposition-musicale-et-litteraire-dalain-klingler\/\">La po\u00e9sie au th\u00e9\u00e2tre\u00a0: la g\u00e9n\u00e9rale de la proposition musicale et litt\u00e9raire d\u2019Alain Klingler<\/a><\/li>\n<li><a class=\"wp-block-latest-posts__post-title\" href=\"https:\/\/lyonbondyblog.fr\/LBB\/culture-allez-faire-un-petit-tour-du-cote-de-venissieux-pour-le-raffut-festival\/\">Culture : Allez faire un petit tour du c\u00f4t\u00e9 de V\u00e9nissieux, pour le raffut festival<\/a><\/li>\n<\/ul><!-- AddThis Advanced Settings generic via filter on the_content --><!-- AddThis Share Buttons generic via filter on the_content -->","protected":false},"excerpt":{"rendered":"<p>[\u00c0 l&rsquo;occasion du lancement de l\u2019Association de D\u00e9fense des Droits des Enfants Plac\u00e9s et de leur Famille (ADDEF), d\u00e9but septembre et de leur site internet &hellip; <!-- AddThis Advanced Settings generic via filter on wp_trim_excerpt --><!-- AddThis Share Buttons generic via filter on wp_trim_excerpt --><\/p>\n","protected":false},"author":1,"featured_media":30438,"comment_status":"open","ping_status":"open","sticky":true,"template":"","format":"standard","meta":{"_FSMCFIC_featured_image_caption":"","_FSMCFIC_featured_image_nocaption":"","_FSMCFIC_featured_image_hide":"","footnotes":""},"categories":[4],"tags":[28165,28160,28159,28162,395,10,28161,2149],"class_list":["post-30432","post","type-post","status-publish","format-standard","has-post-thumbnail","hentry","category-lyon","tag-a-d-d-e-f","tag-ase","tag-association-de-defense-des-droits-des-enfants-places-et-de-leur-famille-a-d-d-e-p-f","tag-droits-des-enfants","tag-justice","tag-lyon-2","tag-laide-sociale-a-lenfance","tag-republique"],"yoast_head":"<!-- This site is optimized with the Yoast SEO plugin v22.8 - https:\/\/yoast.com\/wordpress\/plugins\/seo\/ -->\n<title>Enfants plac\u00e9s, les abandonn\u00e9s de la R\u00e9publique - Lyon Bondy Blog<\/title>\n<meta name=\"description\" content=\"Apr\u00e8s avoir rencontr\u00e9 l\u2019Association de D\u00e9fense des Droits des Enfants Plac\u00e9s et de leur Famille, A.D.D.E.F, le Lyon Bondy Blog...\" \/>\n<meta name=\"robots\" content=\"index, follow, max-snippet:-1, max-image-preview:large, max-video-preview:-1\" \/>\n<link rel=\"canonical\" href=\"https:\/\/lyonbondyblog.fr\/LBB\/enfants-places-les-abandonnes-de-la-republique\/\" \/>\n<meta property=\"og:locale\" content=\"fr_FR\" \/>\n<meta property=\"og:type\" content=\"article\" \/>\n<meta property=\"og:title\" content=\"Enfants plac\u00e9s, les abandonn\u00e9s de la R\u00e9publique - Lyon Bondy Blog\" \/>\n<meta property=\"og:description\" content=\"Apr\u00e8s avoir rencontr\u00e9 l\u2019Association de D\u00e9fense des Droits des Enfants Plac\u00e9s et de leur Famille, A.D.D.E.F, le Lyon Bondy Blog...\" \/>\n<meta property=\"og:url\" content=\"https:\/\/lyonbondyblog.fr\/LBB\/enfants-places-les-abandonnes-de-la-republique\/\" \/>\n<meta property=\"og:site_name\" content=\"Lyon Bondy Blog\" \/>\n<meta property=\"article:publisher\" content=\"https:\/\/www.facebook.com\/lyonbondyblog\" \/>\n<meta property=\"article:author\" content=\"https:\/\/www.facebook.com\/lyonbondyblog\" \/>\n<meta property=\"article:published_time\" content=\"2022-09-20T10:21:20+00:00\" \/>\n<meta property=\"article:modified_time\" content=\"2022-09-20T10:22:54+00:00\" \/>\n<meta property=\"og:image\" content=\"https:\/\/lyonbondyblog.fr\/LBB\/wp-content\/uploads\/2022\/07\/girl-gc3842f81a_1920.jpg\" \/>\n\t<meta property=\"og:image:width\" content=\"1920\" \/>\n\t<meta property=\"og:image:height\" content=\"1288\" \/>\n\t<meta property=\"og:image:type\" content=\"image\/jpeg\" \/>\n<meta name=\"author\" content=\"La r\u00e9daction\" \/>\n<meta name=\"twitter:card\" content=\"summary_large_image\" \/>\n<meta name=\"twitter:creator\" content=\"@BondyBlogLyon\" \/>\n<meta name=\"twitter:site\" content=\"@bondybloglyon\" \/>\n<script type=\"application\/ld+json\" class=\"yoast-schema-graph\">{\"@context\":\"https:\/\/schema.org\",\"@graph\":[{\"@type\":\"Article\",\"@id\":\"https:\/\/lyonbondyblog.fr\/LBB\/enfants-places-les-abandonnes-de-la-republique\/#article\",\"isPartOf\":{\"@id\":\"https:\/\/lyonbondyblog.fr\/LBB\/enfants-places-les-abandonnes-de-la-republique\/\"},\"author\":{\"name\":\"La r\u00e9daction\",\"@id\":\"https:\/\/lyonbondyblog.fr\/LBB\/#\/schema\/person\/e45f8d27baac75072daa0be50c409b25\"},\"headline\":\"Enfants plac\u00e9s, les abandonn\u00e9s de la R\u00e9publique\",\"datePublished\":\"2022-09-20T10:21:20+00:00\",\"dateModified\":\"2022-09-20T10:22:54+00:00\",\"mainEntityOfPage\":{\"@id\":\"https:\/\/lyonbondyblog.fr\/LBB\/enfants-places-les-abandonnes-de-la-republique\/\"},\"wordCount\":1146,\"commentCount\":0,\"publisher\":{\"@id\":\"https:\/\/lyonbondyblog.fr\/LBB\/#organization\"},\"image\":{\"@id\":\"https:\/\/lyonbondyblog.fr\/LBB\/enfants-places-les-abandonnes-de-la-republique\/#primaryimage\"},\"thumbnailUrl\":\"https:\/\/lyonbondyblog.fr\/LBB\/wp-content\/uploads\/2022\/07\/girl-gc3842f81a_1920.jpg\",\"keywords\":[\"A.D.D.E.F\",\"ASE\",\"Association de D\u00e9fense des Droits des Enfants Plac\u00e9s et de leur famille (A.D.D.E.P.F)\",\"droits des enfants\",\"justice\",\"lyon\",\"l\u2019Aide Sociale \u00e0 l\u2019Enfance\",\"R\u00e9publique\"],\"articleSection\":[\"Lyon\"],\"inLanguage\":\"fr-FR\",\"potentialAction\":[{\"@type\":\"CommentAction\",\"name\":\"Comment\",\"target\":[\"https:\/\/lyonbondyblog.fr\/LBB\/enfants-places-les-abandonnes-de-la-republique\/#respond\"]}]},{\"@type\":\"WebPage\",\"@id\":\"https:\/\/lyonbondyblog.fr\/LBB\/enfants-places-les-abandonnes-de-la-republique\/\",\"url\":\"https:\/\/lyonbondyblog.fr\/LBB\/enfants-places-les-abandonnes-de-la-republique\/\",\"name\":\"Enfants plac\u00e9s, les abandonn\u00e9s de la R\u00e9publique - Lyon Bondy Blog\",\"isPartOf\":{\"@id\":\"https:\/\/lyonbondyblog.fr\/LBB\/#website\"},\"primaryImageOfPage\":{\"@id\":\"https:\/\/lyonbondyblog.fr\/LBB\/enfants-places-les-abandonnes-de-la-republique\/#primaryimage\"},\"image\":{\"@id\":\"https:\/\/lyonbondyblog.fr\/LBB\/enfants-places-les-abandonnes-de-la-republique\/#primaryimage\"},\"thumbnailUrl\":\"https:\/\/lyonbondyblog.fr\/LBB\/wp-content\/uploads\/2022\/07\/girl-gc3842f81a_1920.jpg\",\"datePublished\":\"2022-09-20T10:21:20+00:00\",\"dateModified\":\"2022-09-20T10:22:54+00:00\",\"description\":\"Apr\u00e8s avoir rencontr\u00e9 l\u2019Association de D\u00e9fense des Droits des Enfants Plac\u00e9s et de leur Famille, A.D.D.E.F, le Lyon Bondy Blog...\",\"inLanguage\":\"fr-FR\",\"potentialAction\":[{\"@type\":\"ReadAction\",\"target\":[\"https:\/\/lyonbondyblog.fr\/LBB\/enfants-places-les-abandonnes-de-la-republique\/\"]}]},{\"@type\":\"ImageObject\",\"inLanguage\":\"fr-FR\",\"@id\":\"https:\/\/lyonbondyblog.fr\/LBB\/enfants-places-les-abandonnes-de-la-republique\/#primaryimage\",\"url\":\"https:\/\/lyonbondyblog.fr\/LBB\/wp-content\/uploads\/2022\/07\/girl-gc3842f81a_1920.jpg\",\"contentUrl\":\"https:\/\/lyonbondyblog.fr\/LBB\/wp-content\/uploads\/2022\/07\/girl-gc3842f81a_1920.jpg\",\"width\":1920,\"height\":1288,\"caption\":\"illustration enfants plac\u00e9s\"},{\"@type\":\"WebSite\",\"@id\":\"https:\/\/lyonbondyblog.fr\/LBB\/#website\",\"url\":\"https:\/\/lyonbondyblog.fr\/LBB\/\",\"name\":\"Lyon Bondy Blog\",\"description\":\"\",\"publisher\":{\"@id\":\"https:\/\/lyonbondyblog.fr\/LBB\/#organization\"},\"potentialAction\":[{\"@type\":\"SearchAction\",\"target\":{\"@type\":\"EntryPoint\",\"urlTemplate\":\"https:\/\/lyonbondyblog.fr\/LBB\/?s={search_term_string}\"},\"query-input\":\"required name=search_term_string\"}],\"inLanguage\":\"fr-FR\"},{\"@type\":\"Organization\",\"@id\":\"https:\/\/lyonbondyblog.fr\/LBB\/#organization\",\"name\":\"LYON BONDY BLOG\",\"url\":\"https:\/\/lyonbondyblog.fr\/LBB\/\",\"logo\":{\"@type\":\"ImageObject\",\"inLanguage\":\"fr-FR\",\"@id\":\"https:\/\/lyonbondyblog.fr\/LBB\/#\/schema\/logo\/image\/\",\"url\":\"http:\/\/lyonbondyblog.fr\/LBB\/wp-content\/uploads\/2014\/10\/logo-portable-144.png\",\"contentUrl\":\"http:\/\/lyonbondyblog.fr\/LBB\/wp-content\/uploads\/2014\/10\/logo-portable-144.png\",\"width\":144,\"height\":123,\"caption\":\"LYON BONDY BLOG\"},\"image\":{\"@id\":\"https:\/\/lyonbondyblog.fr\/LBB\/#\/schema\/logo\/image\/\"},\"sameAs\":[\"https:\/\/www.facebook.com\/lyonbondyblog\",\"https:\/\/x.com\/bondybloglyon\"]},{\"@type\":\"Person\",\"@id\":\"https:\/\/lyonbondyblog.fr\/LBB\/#\/schema\/person\/e45f8d27baac75072daa0be50c409b25\",\"name\":\"La r\u00e9daction\",\"description\":\"Cr\u00e9e en 2008, la r\u00e9daction du Lyon Bondy Blog s'applique \u00e0 proposer une information locale diff\u00e9rente et compl\u00e9mentaire des m\u00e9dias traditionnels.\",\"sameAs\":[\"https:\/\/www.facebook.com\/lyonbondyblog\",\"https:\/\/x.com\/BondyBlogLyon\"],\"url\":\"https:\/\/lyonbondyblog.fr\/LBB\/author\/admin\/\"}]}<\/script>\n<!-- \/ Yoast SEO plugin. -->","yoast_head_json":{"title":"Enfants plac\u00e9s, les abandonn\u00e9s de la R\u00e9publique - Lyon Bondy Blog","description":"Apr\u00e8s avoir rencontr\u00e9 l\u2019Association de D\u00e9fense des Droits des Enfants Plac\u00e9s et de leur Famille, A.D.D.E.F, le Lyon Bondy Blog...","robots":{"index":"index","follow":"follow","max-snippet":"max-snippet:-1","max-image-preview":"max-image-preview:large","max-video-preview":"max-video-preview:-1"},"canonical":"https:\/\/lyonbondyblog.fr\/LBB\/enfants-places-les-abandonnes-de-la-republique\/","og_locale":"fr_FR","og_type":"article","og_title":"Enfants plac\u00e9s, les abandonn\u00e9s de la R\u00e9publique - Lyon Bondy Blog","og_description":"Apr\u00e8s avoir rencontr\u00e9 l\u2019Association de D\u00e9fense des Droits des Enfants Plac\u00e9s et de leur Famille, A.D.D.E.F, le Lyon Bondy Blog...","og_url":"https:\/\/lyonbondyblog.fr\/LBB\/enfants-places-les-abandonnes-de-la-republique\/","og_site_name":"Lyon Bondy Blog","article_publisher":"https:\/\/www.facebook.com\/lyonbondyblog","article_author":"https:\/\/www.facebook.com\/lyonbondyblog","article_published_time":"2022-09-20T10:21:20+00:00","article_modified_time":"2022-09-20T10:22:54+00:00","og_image":[{"width":1920,"height":1288,"url":"https:\/\/lyonbondyblog.fr\/LBB\/wp-content\/uploads\/2022\/07\/girl-gc3842f81a_1920.jpg","type":"image\/jpeg"}],"author":"La r\u00e9daction","twitter_card":"summary_large_image","twitter_creator":"@BondyBlogLyon","twitter_site":"@bondybloglyon","schema":{"@context":"https:\/\/schema.org","@graph":[{"@type":"Article","@id":"https:\/\/lyonbondyblog.fr\/LBB\/enfants-places-les-abandonnes-de-la-republique\/#article","isPartOf":{"@id":"https:\/\/lyonbondyblog.fr\/LBB\/enfants-places-les-abandonnes-de-la-republique\/"},"author":{"name":"La r\u00e9daction","@id":"https:\/\/lyonbondyblog.fr\/LBB\/#\/schema\/person\/e45f8d27baac75072daa0be50c409b25"},"headline":"Enfants plac\u00e9s, les abandonn\u00e9s de la R\u00e9publique","datePublished":"2022-09-20T10:21:20+00:00","dateModified":"2022-09-20T10:22:54+00:00","mainEntityOfPage":{"@id":"https:\/\/lyonbondyblog.fr\/LBB\/enfants-places-les-abandonnes-de-la-republique\/"},"wordCount":1146,"commentCount":0,"publisher":{"@id":"https:\/\/lyonbondyblog.fr\/LBB\/#organization"},"image":{"@id":"https:\/\/lyonbondyblog.fr\/LBB\/enfants-places-les-abandonnes-de-la-republique\/#primaryimage"},"thumbnailUrl":"https:\/\/lyonbondyblog.fr\/LBB\/wp-content\/uploads\/2022\/07\/girl-gc3842f81a_1920.jpg","keywords":["A.D.D.E.F","ASE","Association de D\u00e9fense des Droits des Enfants Plac\u00e9s et de leur famille (A.D.D.E.P.F)","droits des enfants","justice","lyon","l\u2019Aide Sociale \u00e0 l\u2019Enfance","R\u00e9publique"],"articleSection":["Lyon"],"inLanguage":"fr-FR","potentialAction":[{"@type":"CommentAction","name":"Comment","target":["https:\/\/lyonbondyblog.fr\/LBB\/enfants-places-les-abandonnes-de-la-republique\/#respond"]}]},{"@type":"WebPage","@id":"https:\/\/lyonbondyblog.fr\/LBB\/enfants-places-les-abandonnes-de-la-republique\/","url":"https:\/\/lyonbondyblog.fr\/LBB\/enfants-places-les-abandonnes-de-la-republique\/","name":"Enfants plac\u00e9s, les abandonn\u00e9s de la R\u00e9publique - Lyon Bondy Blog","isPartOf":{"@id":"https:\/\/lyonbondyblog.fr\/LBB\/#website"},"primaryImageOfPage":{"@id":"https:\/\/lyonbondyblog.fr\/LBB\/enfants-places-les-abandonnes-de-la-republique\/#primaryimage"},"image":{"@id":"https:\/\/lyonbondyblog.fr\/LBB\/enfants-places-les-abandonnes-de-la-republique\/#primaryimage"},"thumbnailUrl":"https:\/\/lyonbondyblog.fr\/LBB\/wp-content\/uploads\/2022\/07\/girl-gc3842f81a_1920.jpg","datePublished":"2022-09-20T10:21:20+00:00","dateModified":"2022-09-20T10:22:54+00:00","description":"Apr\u00e8s avoir rencontr\u00e9 l\u2019Association de D\u00e9fense des Droits des Enfants Plac\u00e9s et de leur Famille, A.D.D.E.F, le Lyon Bondy Blog...","inLanguage":"fr-FR","potentialAction":[{"@type":"ReadAction","target":["https:\/\/lyonbondyblog.fr\/LBB\/enfants-places-les-abandonnes-de-la-republique\/"]}]},{"@type":"ImageObject","inLanguage":"fr-FR","@id":"https:\/\/lyonbondyblog.fr\/LBB\/enfants-places-les-abandonnes-de-la-republique\/#primaryimage","url":"https:\/\/lyonbondyblog.fr\/LBB\/wp-content\/uploads\/2022\/07\/girl-gc3842f81a_1920.jpg","contentUrl":"https:\/\/lyonbondyblog.fr\/LBB\/wp-content\/uploads\/2022\/07\/girl-gc3842f81a_1920.jpg","width":1920,"height":1288,"caption":"illustration enfants plac\u00e9s"},{"@type":"WebSite","@id":"https:\/\/lyonbondyblog.fr\/LBB\/#website","url":"https:\/\/lyonbondyblog.fr\/LBB\/","name":"Lyon Bondy Blog","description":"","publisher":{"@id":"https:\/\/lyonbondyblog.fr\/LBB\/#organization"},"potentialAction":[{"@type":"SearchAction","target":{"@type":"EntryPoint","urlTemplate":"https:\/\/lyonbondyblog.fr\/LBB\/?s={search_term_string}"},"query-input":"required name=search_term_string"}],"inLanguage":"fr-FR"},{"@type":"Organization","@id":"https:\/\/lyonbondyblog.fr\/LBB\/#organization","name":"LYON BONDY BLOG","url":"https:\/\/lyonbondyblog.fr\/LBB\/","logo":{"@type":"ImageObject","inLanguage":"fr-FR","@id":"https:\/\/lyonbondyblog.fr\/LBB\/#\/schema\/logo\/image\/","url":"http:\/\/lyonbondyblog.fr\/LBB\/wp-content\/uploads\/2014\/10\/logo-portable-144.png","contentUrl":"http:\/\/lyonbondyblog.fr\/LBB\/wp-content\/uploads\/2014\/10\/logo-portable-144.png","width":144,"height":123,"caption":"LYON BONDY BLOG"},"image":{"@id":"https:\/\/lyonbondyblog.fr\/LBB\/#\/schema\/logo\/image\/"},"sameAs":["https:\/\/www.facebook.com\/lyonbondyblog","https:\/\/x.com\/bondybloglyon"]},{"@type":"Person","@id":"https:\/\/lyonbondyblog.fr\/LBB\/#\/schema\/person\/e45f8d27baac75072daa0be50c409b25","name":"La r\u00e9daction","description":"Cr\u00e9e en 2008, la r\u00e9daction du Lyon Bondy Blog s'applique \u00e0 proposer une information locale diff\u00e9rente et compl\u00e9mentaire des m\u00e9dias traditionnels.","sameAs":["https:\/\/www.facebook.com\/lyonbondyblog","https:\/\/x.com\/BondyBlogLyon"],"url":"https:\/\/lyonbondyblog.fr\/LBB\/author\/admin\/"}]}},"_links":{"self":[{"href":"https:\/\/lyonbondyblog.fr\/LBB\/wp-json\/wp\/v2\/posts\/30432","targetHints":{"allow":["GET"]}}],"collection":[{"href":"https:\/\/lyonbondyblog.fr\/LBB\/wp-json\/wp\/v2\/posts"}],"about":[{"href":"https:\/\/lyonbondyblog.fr\/LBB\/wp-json\/wp\/v2\/types\/post"}],"author":[{"embeddable":true,"href":"https:\/\/lyonbondyblog.fr\/LBB\/wp-json\/wp\/v2\/users\/1"}],"replies":[{"embeddable":true,"href":"https:\/\/lyonbondyblog.fr\/LBB\/wp-json\/wp\/v2\/comments?post=30432"}],"version-history":[{"count":7,"href":"https:\/\/lyonbondyblog.fr\/LBB\/wp-json\/wp\/v2\/posts\/30432\/revisions"}],"predecessor-version":[{"id":30876,"href":"https:\/\/lyonbondyblog.fr\/LBB\/wp-json\/wp\/v2\/posts\/30432\/revisions\/30876"}],"wp:featuredmedia":[{"embeddable":true,"href":"https:\/\/lyonbondyblog.fr\/LBB\/wp-json\/wp\/v2\/media\/30438"}],"wp:attachment":[{"href":"https:\/\/lyonbondyblog.fr\/LBB\/wp-json\/wp\/v2\/media?parent=30432"}],"wp:term":[{"taxonomy":"category","embeddable":true,"href":"https:\/\/lyonbondyblog.fr\/LBB\/wp-json\/wp\/v2\/categories?post=30432"},{"taxonomy":"post_tag","embeddable":true,"href":"https:\/\/lyonbondyblog.fr\/LBB\/wp-json\/wp\/v2\/tags?post=30432"}],"curies":[{"name":"wp","href":"https:\/\/api.w.org\/{rel}","templated":true}]}}