{"id":30423,"date":"2022-09-20T12:21:07","date_gmt":"2022-09-20T10:21:07","guid":{"rendered":"http:\/\/lyonbondyblog.fr\/LBB\/?p=30423"},"modified":"2022-09-20T12:22:48","modified_gmt":"2022-09-20T10:22:48","slug":"enfants-places-une-nouvelle-association-pour-les-accompagner-eux-et-leurs-familles","status":"publish","type":"post","link":"https:\/\/lyonbondyblog.fr\/LBB\/enfants-places-une-nouvelle-association-pour-les-accompagner-eux-et-leurs-familles\/","title":{"rendered":"Enfants plac\u00e9s, une nouvelle association pour les accompagner eux et leurs familles."},"content":{"rendered":"\n<p><span class=\"has-inline-color has-vivid-red-color\"> [\u00c0 l&rsquo;occasion du lancement de l\u2019Association de D\u00e9fense des Droits des Enfants Plac\u00e9s et de leur Famille (ADDEF), d\u00e9but septembre et de leur <a href=\"https:\/\/addep.fr\/\" target=\"_blank\" rel=\"noreferrer noopener\">site internet<\/a> en cette fin de mois. La r\u00e9daction du Lyon Bondy Blog vous propose de revenir sur deux articles publi\u00e9s en juillet 2022 relatifs \u00e0 cette nouvelle structure.]<\/span>  <\/p>\n\n\n\n<p><strong>Les enfants plac\u00e9s \u00e0 l\u2019Aide Sociale \u00e0 l\u2019Enfance (ASE) est un sujet d\u00e9licat \u00e0 aborder. Aux yeux de la soci\u00e9t\u00e9, ces enfants sont souvent consid\u00e9r\u00e9s soit comme des victimes soit comme des coupables. Jocelyne Giontarelli, fervente d\u00e9fenseuse de cette cause, a d\u00e9cid\u00e9 de cr\u00e9er l\u2019Association de D\u00e9fense des Droits des Enfants Plac\u00e9s et de leur famille (A.D.D.E.P.F) pour les aider dans cette \u00e9tape difficile. Le Lyon Bondy Blog est parti \u00e0 sa rencontre.<\/strong><\/p>\n\n\n\n<p>Le 16 mai 2022 \u00e0 Brignais, commune de l\u2019Ouest Lyonnais, une <strong>Association pour la D\u00e9fense des Droits des Enfants Plac\u00e9s et de leur Famille<\/strong> (<strong>ADDEPF<\/strong>) a vu le jour.&nbsp;<strong>Jocelyne Giontarelli<\/strong>, pr\u00e9sidente, se bat depuis de nombreuses ann\u00e9es pour rendre visibles ces enfants et leur entourage et faire respecter <a href=\"https:\/\/www.legifrance.gouv.fr\/codes\/article_lc\/LEGIARTI000045136622\" target=\"_blank\" rel=\"noreferrer noopener\"><strong>l\u2019article 375-3 du code civil<\/strong><\/a> qui pr\u00e9conise de confier l\u2019enfant \u00e0 une personne de son entourage (famille, amis, voisins) ou \u00e0 un tiers digne de confiance avant d\u2019envisager son placement.<\/p>\n\n\n\n<p>Infirmi\u00e8re scolaire dans un coll\u00e8ge et lyc\u00e9e de la r\u00e9gion pendant de nombreuses ann\u00e9es, elle a accueilli et \u00e9cout\u00e9&nbsp;ces enfants plac\u00e9s \u00e0 l\u2019ASE. &nbsp;Ces derniers se confiaient sur leurs parcours de vie au sein des foyers de la protection de l&rsquo;Enfance et des difficult\u00e9s qu\u2019ils rencontraient.<\/p>\n\n\n\n<p>Au fil&nbsp;de ces&nbsp;rencontres, de ces histoires de vie plus ou moins chaotiques mais surtout toujours douloureuses, elle a acquis une certaine expertise sur le sujet. L\u2019\u00e9vidence de cr\u00e9er cette association lui est apparu. Accompagn\u00e9e d\u2019<a href=\"https:\/\/www.linkedin.com\/in\/atto-antoinette-36286b163\/?originalSubdomain=fr\" target=\"_blank\" rel=\"noreferrer noopener\"><strong>Antoinette Atto<\/strong><\/a>, Vice-Pr\u00e9sidente, adjointe au maire de Vaulx-en-Velin, d\u00e9l\u00e9gu\u00e9e \u00e0 l&rsquo;action sociale et aux solidarit\u00e9s depuis 2020,&nbsp;<strong>Marion Nogueira<\/strong>, secr\u00e9taire et \u00e9tudiante en communication ainsi que <strong>Louisette Delgado<\/strong>, tr\u00e9sori\u00e8re de l\u2019association et coordinatrice du projet jeune. Ensemble, elles souhaitent veiller \u00e0 ce que les droits de ces enfants soient respect\u00e9s.<\/p>\n\n\n\n<p>En effet, en 2020, la cour des comptes pointe un manque de coordination entre les diff\u00e9rents acteurs sur le terrain et une certaine lenteur dans l\u2019application des lois de <a href=\"https:\/\/www.vie-publique.fr\/eclairage\/18716-protection-de-lenfance-agir-dans-linteret-de-lenfant#:~:text=La%20loi%20du%205%20mars,prise%20en%20charge%20des%20enfants.\" target=\"_blank\" rel=\"noreferrer noopener\">2007<\/a> et <a href=\"https:\/\/www.vie-publique.fr\/eclairage\/18716-protection-de-lenfance-agir-dans-linteret-de-lenfant#:~:text=La%20loi%20du%205%20mars,prise%20en%20charge%20des%20enfants.\" target=\"_blank\" rel=\"noreferrer noopener\">2016<\/a>.&nbsp;\u00ab&nbsp;<em>Aujourd\u2019hui, nos objectifs sont tr\u00e8s clairs, nous voulons veiller au respect des droits fondamentaux de tous les enfants plac\u00e9s.<\/em>&nbsp;\u00bb exprime Jocelyne Giontarelli.<\/p>\n\n\n\n<h2 class=\"wp-block-heading\"><strong>La scolarit\u00e9 avant tout<\/strong><\/h2>\n\n\n\n<p>Selon le site de la <a href=\"https:\/\/drees.solidarites-sante.gouv.fr\/publications\/etudes-et-resultats\/echec-et-retard-scolaire-des-enfants-heberges-par-laide-sociale\" target=\"_blank\" rel=\"noreferrer noopener\">Direction de la recherche, des \u00e9tudes, de l&rsquo;\u00e9valuation et des statistiques<\/a>, les enfants plac\u00e9s \u00e0 l\u2019ASE \u00ab&nbsp;<em>connaissent des situations de d\u00e9scolarisation notamment l\u2019ann\u00e9e o\u00f9 survient leur placement. \u00c0 15 ans, ils sont trois fois plus nombreux dans cette situation que les autres adolescents de leur \u00e2ge. Et en fin de scolarit\u00e9 obligatoire, nombreux sont ceux qui quittent les bancs de l\u2019\u00e9cole, sans pour autant se lancer dans la vie professionnelle. [\u2026] \u00c0 partir de 15 ans, ils se dirigent le plus souvent vers l\u2019enseignement professionnel court (BEP, CAP). La perspective de la fin de prise en charge par l\u2019ASE \u00e0 18 ans les incite \u00e0 acqu\u00e9rir rapidement une autonomie financi\u00e8re en s\u2019orientant vers le march\u00e9 de l\u2019emploi.&nbsp;<\/em>\u00bb<\/p>\n\n\n\n<p>Cependant, cette \u00ab<em>&nbsp;incitation<\/em>&nbsp;\u00bb n\u2019en est pas vraiment une\u2026 \u00ab&nbsp;<em>On ne donne pas le choix \u00e0 ces jeunes. Comme \u00e0 18 ans ils ne seront plus pris en charge par la Protection de l&rsquo;Enfance, celle-ci se terminant \u00e0 la majorit\u00e9, on leur propose de se diriger vers des fili\u00e8res courtes comme des CAP ou des BEP pour qu\u2019ils soient autonomes.&nbsp;C\u2019est une d\u00e9cision dont certains jeunes souffrent beaucoup, car on ne leur donne pas la chance d\u2019acc\u00e9der aux grandes \u00e9tudes<\/em>.&nbsp;\u00bb explique Jocelyne Giontarelli.<\/p>\n\n\n\n<p>Obliger un jeune \u00e0 suivre des \u00e9tudes qui ne lui correspondent pas l\u2019incite \u00e0 stopper son cursus, ce qui peut le conduire \u00e0 la rue s\u2019il n\u2019acc\u00e8de pas au contrat jeune majeur. \u00ab&nbsp;<em>Il faut savoir que 70 % de ces jeunes n\u2019ont pas de dipl\u00f4me et que <\/em><a href=\"https:\/\/www.marieclaire.fr\/aide-sociale-a-l-enfance-fabrique-sdf,1327235.asp\" target=\"_blank\" rel=\"noreferrer noopener\"><em>40 %<\/em><\/a><em> des SDF de moins de 25 ans sont issus du service de l\u2019ASE.<\/em>\u00bb souligne la pr\u00e9sidente de l\u2019association.<\/p>\n\n\n\n<h2 class=\"wp-block-heading\"><strong>Une nouvelle approche<\/strong><\/h2>\n\n\n\n<p>Bien accompagner ces jeunes est donc primordial pour leur donner les m\u00eames chances qu\u2019\u00e0 n\u2019importe quel autre enfant de la soci\u00e9t\u00e9 en respectant \u00e9galement leurs droits \u00e0 la culture et \u00e0 la sant\u00e9&nbsp;:&nbsp;\u00ab&nbsp;<em>Nous souhaitons aider, soutenir les enfants et leurs familles dans leurs d\u00e9marches administratives et judiciaires. Les&nbsp;accompagner et les soutenir&nbsp;\u00e0 la parentalit\u00e9 en s\u2019appuyant sur les comp\u00e9tences des familles et en les revalorisant.&nbsp;\u00catre le lien entre les professionnels (travailleurs sociaux\u2026) et diff\u00e9rents partenaires de la Protection de l&rsquo;enfance, les parents et les enfants.&nbsp;Pour ce faire, nous animerons des actions de pr\u00e9vention en proposant des rencontres autour de groupes de paroles, des ateliers, des conf\u00e9rences, des tables rondes, etc<\/em>.&nbsp;\u00bb<\/p>\n\n\n\n<p>Rendre la vie de ces jeunes aussi normale que possible est un objectif cher \u00e0 l\u2019association<em> \u00ab&nbsp;Nous souhaitons que ces jeunes aient les m\u00eames chances que les autres enfants, qu\u2019ils ne soient plus les oubli\u00e9s de notre R\u00e9publique<\/em>&nbsp;\u00bb poursuit&nbsp;Jocelyne Giontarelli.&nbsp;<\/p>\n\n\n\n<h2 class=\"wp-block-heading\"><strong>Un travail d\u2019\u00e9quipe<\/strong><\/h2>\n\n\n\n<p>Pour atteindre ses objectifs, l\u2019association estime qu\u2019il est n\u00e9cessaire d\u2019alerter la population sur la r\u00e9alit\u00e9 de ce que vivent les enfants plac\u00e9s et leur famille. Prot\u00e9ger les g\u00e9n\u00e9rations futures .&nbsp;\u00ab&nbsp;<em>Avec notre prochaine mobilisation, nous esp\u00e9rons vraiment que, petit \u00e0 petit, les gens se rendent compte que se retrouver dans une telle situation n\u2019arrive pas qu\u2019aux autres<\/em>.&nbsp;\u00bb<\/p>\n\n\n\n<p>A l\u2019annonce de sa cr\u00e9ation, l\u2019association a re\u00e7u des messages d\u2019encouragement, ce qui les renforce dans leur engagement.&nbsp;\u00ab&nbsp;<em>On souhaite une longue vie \u00e0 l\u2019association mais au fond de moi je reste persuad\u00e9e que cette association ne devrait pas exister !<\/em>&nbsp;\u00bb ajoute Jocelyne Giontarelli.&nbsp;<\/p>\n\n\n\n<p>Il sera possible de rencontrer et d\u2019\u00e9changer avec&nbsp;les membres de l\u2019ADDEPF,&nbsp; <a href=\"https:\/\/brignais.com\/agenda\/event\/forum-des-associations-4\/\" target=\"_blank\" rel=\"noreferrer noopener\">au forum des associations \u00e0 Brignais<\/a> le 3 septembre prochain. Prochainement, leur site internet sera mis en ligne o\u00f9 il sera possible de contacter l\u2019association.<\/p>\n\n\n\n<p class=\"has-text-align-right\"><strong>Auriane Devaux<\/strong><\/p>\n\n\n\n<p class=\"has-text-align-left\"><strong> Retrouvez nos derniers articles ici : <\/strong><\/p>\n\n\n<ul class=\"wp-block-latest-posts__list wp-block-latest-posts\"><li><a class=\"wp-block-latest-posts__post-title\" href=\"https:\/\/lyonbondyblog.fr\/LBB\/theatre-bingo-loto-et-impro\/\">Th\u00e9\u00e2tre : Bingo-loto et impro\u00a0<\/a><\/li>\n<li><a class=\"wp-block-latest-posts__post-title\" href=\"https:\/\/lyonbondyblog.fr\/LBB\/fetes-escales-tour-du-monde-a-venissieux\/\">F\u00eates Escales : tour du monde \u00e0 V\u00e9nissieux<\/a><\/li>\n<li><a class=\"wp-block-latest-posts__post-title\" href=\"https:\/\/lyonbondyblog.fr\/LBB\/jeunes-davenirs-la-jeunesse-a-venir\/\">Jeunes d\u2019Avenirs\u00a0: la jeunesse \u00e0 venir<\/a><\/li>\n<li><a class=\"wp-block-latest-posts__post-title\" href=\"https:\/\/lyonbondyblog.fr\/LBB\/le-tribunal-refuse-la-liberation-provisoire-dun-homme-poursuivi-pour-violences-aggravees\/\">Le tribunal refuse la lib\u00e9ration provisoire d\u2019un homme poursuivi pour violences aggrav\u00e9es<\/a><\/li>\n<li><a class=\"wp-block-latest-posts__post-title\" href=\"https:\/\/lyonbondyblog.fr\/LBB\/la-poesie-au-theatre-la-generale-de-la-proposition-musicale-et-litteraire-dalain-klingler\/\">La po\u00e9sie au th\u00e9\u00e2tre\u00a0: la g\u00e9n\u00e9rale de la proposition musicale et litt\u00e9raire d\u2019Alain Klingler<\/a><\/li>\n<\/ul><!-- AddThis Advanced Settings generic via filter on the_content --><!-- AddThis Share Buttons generic via filter on the_content -->","protected":false},"excerpt":{"rendered":"<p>[\u00c0 l&rsquo;occasion du lancement de l\u2019Association de D\u00e9fense des Droits des Enfants Plac\u00e9s et de leur Famille (ADDEF), d\u00e9but septembre et de leur site internet &hellip; <!-- AddThis Advanced Settings generic via filter on wp_trim_excerpt --><!-- AddThis Share Buttons generic via filter on wp_trim_excerpt --><\/p>\n","protected":false},"author":1,"featured_media":30424,"comment_status":"open","ping_status":"open","sticky":true,"template":"","format":"standard","meta":{"_FSMCFIC_featured_image_caption":"","_FSMCFIC_featured_image_nocaption":"","_FSMCFIC_featured_image_hide":"","footnotes":""},"categories":[4],"tags":[28160,28159,28162,10,28161],"class_list":["post-30423","post","type-post","status-publish","format-standard","has-post-thumbnail","hentry","category-lyon","tag-ase","tag-association-de-defense-des-droits-des-enfants-places-et-de-leur-famille-a-d-d-e-p-f","tag-droits-des-enfants","tag-lyon-2","tag-laide-sociale-a-lenfance"],"yoast_head":"<!-- This site is optimized with the Yoast SEO plugin v22.8 - https:\/\/yoast.com\/wordpress\/plugins\/seo\/ -->\n<title>Enfants plac\u00e9s, une nouvelle association pour les accompagner eux et leurs familles. -<\/title>\n<meta name=\"description\" content=\"Les enfants plac\u00e9s \u00e0 l\u2019Aide Sociale \u00e0 l\u2019Enfance (ASE) est un sujet d\u00e9licat \u00e0 aborder. Aux yeux de la soci\u00e9t\u00e9, ces enfants...\" \/>\n<meta name=\"robots\" content=\"index, follow, max-snippet:-1, max-image-preview:large, max-video-preview:-1\" \/>\n<link rel=\"canonical\" href=\"https:\/\/lyonbondyblog.fr\/LBB\/enfants-places-une-nouvelle-association-pour-les-accompagner-eux-et-leurs-familles\/\" \/>\n<meta property=\"og:locale\" content=\"fr_FR\" \/>\n<meta property=\"og:type\" content=\"article\" \/>\n<meta property=\"og:title\" content=\"Enfants plac\u00e9s, une nouvelle association pour les accompagner eux et leurs familles. -\" \/>\n<meta property=\"og:description\" content=\"Les enfants plac\u00e9s \u00e0 l\u2019Aide Sociale \u00e0 l\u2019Enfance (ASE) est un sujet d\u00e9licat \u00e0 aborder. Aux yeux de la soci\u00e9t\u00e9, ces enfants...\" \/>\n<meta property=\"og:url\" content=\"https:\/\/lyonbondyblog.fr\/LBB\/enfants-places-une-nouvelle-association-pour-les-accompagner-eux-et-leurs-familles\/\" \/>\n<meta property=\"og:site_name\" content=\"Lyon Bondy Blog\" \/>\n<meta property=\"article:publisher\" content=\"https:\/\/www.facebook.com\/lyonbondyblog\" \/>\n<meta property=\"article:author\" content=\"https:\/\/www.facebook.com\/lyonbondyblog\" \/>\n<meta property=\"article:published_time\" content=\"2022-09-20T10:21:07+00:00\" \/>\n<meta property=\"article:modified_time\" content=\"2022-09-20T10:22:48+00:00\" \/>\n<meta property=\"og:image\" content=\"https:\/\/lyonbondyblog.fr\/LBB\/wp-content\/uploads\/2022\/07\/IMG-20220606-WA0000.jpg\" \/>\n\t<meta property=\"og:image:width\" content=\"500\" \/>\n\t<meta property=\"og:image:height\" content=\"500\" \/>\n\t<meta property=\"og:image:type\" content=\"image\/jpeg\" \/>\n<meta name=\"author\" content=\"La r\u00e9daction\" \/>\n<meta name=\"twitter:card\" content=\"summary_large_image\" \/>\n<meta name=\"twitter:creator\" content=\"@BondyBlogLyon\" \/>\n<meta name=\"twitter:site\" content=\"@bondybloglyon\" \/>\n<script type=\"application\/ld+json\" class=\"yoast-schema-graph\">{\"@context\":\"https:\/\/schema.org\",\"@graph\":[{\"@type\":\"Article\",\"@id\":\"https:\/\/lyonbondyblog.fr\/LBB\/enfants-places-une-nouvelle-association-pour-les-accompagner-eux-et-leurs-familles\/#article\",\"isPartOf\":{\"@id\":\"https:\/\/lyonbondyblog.fr\/LBB\/enfants-places-une-nouvelle-association-pour-les-accompagner-eux-et-leurs-familles\/\"},\"author\":{\"name\":\"La r\u00e9daction\",\"@id\":\"https:\/\/lyonbondyblog.fr\/LBB\/#\/schema\/person\/e45f8d27baac75072daa0be50c409b25\"},\"headline\":\"Enfants plac\u00e9s, une nouvelle association pour les accompagner eux et leurs familles.\",\"datePublished\":\"2022-09-20T10:21:07+00:00\",\"dateModified\":\"2022-09-20T10:22:48+00:00\",\"mainEntityOfPage\":{\"@id\":\"https:\/\/lyonbondyblog.fr\/LBB\/enfants-places-une-nouvelle-association-pour-les-accompagner-eux-et-leurs-familles\/\"},\"wordCount\":1100,\"commentCount\":1,\"publisher\":{\"@id\":\"https:\/\/lyonbondyblog.fr\/LBB\/#organization\"},\"image\":{\"@id\":\"https:\/\/lyonbondyblog.fr\/LBB\/enfants-places-une-nouvelle-association-pour-les-accompagner-eux-et-leurs-familles\/#primaryimage\"},\"thumbnailUrl\":\"https:\/\/lyonbondyblog.fr\/LBB\/wp-content\/uploads\/2022\/07\/IMG-20220606-WA0000.jpg\",\"keywords\":[\"ASE\",\"Association de D\u00e9fense des Droits des Enfants Plac\u00e9s et de leur famille (A.D.D.E.P.F)\",\"droits des enfants\",\"lyon\",\"l\u2019Aide Sociale \u00e0 l\u2019Enfance\"],\"articleSection\":[\"Lyon\"],\"inLanguage\":\"fr-FR\",\"potentialAction\":[{\"@type\":\"CommentAction\",\"name\":\"Comment\",\"target\":[\"https:\/\/lyonbondyblog.fr\/LBB\/enfants-places-une-nouvelle-association-pour-les-accompagner-eux-et-leurs-familles\/#respond\"]}]},{\"@type\":\"WebPage\",\"@id\":\"https:\/\/lyonbondyblog.fr\/LBB\/enfants-places-une-nouvelle-association-pour-les-accompagner-eux-et-leurs-familles\/\",\"url\":\"https:\/\/lyonbondyblog.fr\/LBB\/enfants-places-une-nouvelle-association-pour-les-accompagner-eux-et-leurs-familles\/\",\"name\":\"Enfants plac\u00e9s, une nouvelle association pour les accompagner eux et leurs familles. -\",\"isPartOf\":{\"@id\":\"https:\/\/lyonbondyblog.fr\/LBB\/#website\"},\"primaryImageOfPage\":{\"@id\":\"https:\/\/lyonbondyblog.fr\/LBB\/enfants-places-une-nouvelle-association-pour-les-accompagner-eux-et-leurs-familles\/#primaryimage\"},\"image\":{\"@id\":\"https:\/\/lyonbondyblog.fr\/LBB\/enfants-places-une-nouvelle-association-pour-les-accompagner-eux-et-leurs-familles\/#primaryimage\"},\"thumbnailUrl\":\"https:\/\/lyonbondyblog.fr\/LBB\/wp-content\/uploads\/2022\/07\/IMG-20220606-WA0000.jpg\",\"datePublished\":\"2022-09-20T10:21:07+00:00\",\"dateModified\":\"2022-09-20T10:22:48+00:00\",\"description\":\"Les enfants plac\u00e9s \u00e0 l\u2019Aide Sociale \u00e0 l\u2019Enfance (ASE) est un sujet d\u00e9licat \u00e0 aborder. Aux yeux de la soci\u00e9t\u00e9, ces enfants...\",\"inLanguage\":\"fr-FR\",\"potentialAction\":[{\"@type\":\"ReadAction\",\"target\":[\"https:\/\/lyonbondyblog.fr\/LBB\/enfants-places-une-nouvelle-association-pour-les-accompagner-eux-et-leurs-familles\/\"]}]},{\"@type\":\"ImageObject\",\"inLanguage\":\"fr-FR\",\"@id\":\"https:\/\/lyonbondyblog.fr\/LBB\/enfants-places-une-nouvelle-association-pour-les-accompagner-eux-et-leurs-familles\/#primaryimage\",\"url\":\"https:\/\/lyonbondyblog.fr\/LBB\/wp-content\/uploads\/2022\/07\/IMG-20220606-WA0000.jpg\",\"contentUrl\":\"https:\/\/lyonbondyblog.fr\/LBB\/wp-content\/uploads\/2022\/07\/IMG-20220606-WA0000.jpg\",\"width\":500,\"height\":500,\"caption\":\"logo association enfants plac\u00e9s\"},{\"@type\":\"WebSite\",\"@id\":\"https:\/\/lyonbondyblog.fr\/LBB\/#website\",\"url\":\"https:\/\/lyonbondyblog.fr\/LBB\/\",\"name\":\"Lyon Bondy Blog\",\"description\":\"\",\"publisher\":{\"@id\":\"https:\/\/lyonbondyblog.fr\/LBB\/#organization\"},\"potentialAction\":[{\"@type\":\"SearchAction\",\"target\":{\"@type\":\"EntryPoint\",\"urlTemplate\":\"https:\/\/lyonbondyblog.fr\/LBB\/?s={search_term_string}\"},\"query-input\":\"required name=search_term_string\"}],\"inLanguage\":\"fr-FR\"},{\"@type\":\"Organization\",\"@id\":\"https:\/\/lyonbondyblog.fr\/LBB\/#organization\",\"name\":\"LYON BONDY BLOG\",\"url\":\"https:\/\/lyonbondyblog.fr\/LBB\/\",\"logo\":{\"@type\":\"ImageObject\",\"inLanguage\":\"fr-FR\",\"@id\":\"https:\/\/lyonbondyblog.fr\/LBB\/#\/schema\/logo\/image\/\",\"url\":\"http:\/\/lyonbondyblog.fr\/LBB\/wp-content\/uploads\/2014\/10\/logo-portable-144.png\",\"contentUrl\":\"http:\/\/lyonbondyblog.fr\/LBB\/wp-content\/uploads\/2014\/10\/logo-portable-144.png\",\"width\":144,\"height\":123,\"caption\":\"LYON BONDY BLOG\"},\"image\":{\"@id\":\"https:\/\/lyonbondyblog.fr\/LBB\/#\/schema\/logo\/image\/\"},\"sameAs\":[\"https:\/\/www.facebook.com\/lyonbondyblog\",\"https:\/\/x.com\/bondybloglyon\"]},{\"@type\":\"Person\",\"@id\":\"https:\/\/lyonbondyblog.fr\/LBB\/#\/schema\/person\/e45f8d27baac75072daa0be50c409b25\",\"name\":\"La r\u00e9daction\",\"description\":\"Cr\u00e9e en 2008, la r\u00e9daction du Lyon Bondy Blog s'applique \u00e0 proposer une information locale diff\u00e9rente et compl\u00e9mentaire des m\u00e9dias traditionnels.\",\"sameAs\":[\"https:\/\/www.facebook.com\/lyonbondyblog\",\"https:\/\/x.com\/BondyBlogLyon\"],\"url\":\"https:\/\/lyonbondyblog.fr\/LBB\/author\/admin\/\"}]}<\/script>\n<!-- \/ Yoast SEO plugin. -->","yoast_head_json":{"title":"Enfants plac\u00e9s, une nouvelle association pour les accompagner eux et leurs familles. -","description":"Les enfants plac\u00e9s \u00e0 l\u2019Aide Sociale \u00e0 l\u2019Enfance (ASE) est un sujet d\u00e9licat \u00e0 aborder. Aux yeux de la soci\u00e9t\u00e9, ces enfants...","robots":{"index":"index","follow":"follow","max-snippet":"max-snippet:-1","max-image-preview":"max-image-preview:large","max-video-preview":"max-video-preview:-1"},"canonical":"https:\/\/lyonbondyblog.fr\/LBB\/enfants-places-une-nouvelle-association-pour-les-accompagner-eux-et-leurs-familles\/","og_locale":"fr_FR","og_type":"article","og_title":"Enfants plac\u00e9s, une nouvelle association pour les accompagner eux et leurs familles. -","og_description":"Les enfants plac\u00e9s \u00e0 l\u2019Aide Sociale \u00e0 l\u2019Enfance (ASE) est un sujet d\u00e9licat \u00e0 aborder. Aux yeux de la soci\u00e9t\u00e9, ces enfants...","og_url":"https:\/\/lyonbondyblog.fr\/LBB\/enfants-places-une-nouvelle-association-pour-les-accompagner-eux-et-leurs-familles\/","og_site_name":"Lyon Bondy Blog","article_publisher":"https:\/\/www.facebook.com\/lyonbondyblog","article_author":"https:\/\/www.facebook.com\/lyonbondyblog","article_published_time":"2022-09-20T10:21:07+00:00","article_modified_time":"2022-09-20T10:22:48+00:00","og_image":[{"width":500,"height":500,"url":"https:\/\/lyonbondyblog.fr\/LBB\/wp-content\/uploads\/2022\/07\/IMG-20220606-WA0000.jpg","type":"image\/jpeg"}],"author":"La r\u00e9daction","twitter_card":"summary_large_image","twitter_creator":"@BondyBlogLyon","twitter_site":"@bondybloglyon","schema":{"@context":"https:\/\/schema.org","@graph":[{"@type":"Article","@id":"https:\/\/lyonbondyblog.fr\/LBB\/enfants-places-une-nouvelle-association-pour-les-accompagner-eux-et-leurs-familles\/#article","isPartOf":{"@id":"https:\/\/lyonbondyblog.fr\/LBB\/enfants-places-une-nouvelle-association-pour-les-accompagner-eux-et-leurs-familles\/"},"author":{"name":"La r\u00e9daction","@id":"https:\/\/lyonbondyblog.fr\/LBB\/#\/schema\/person\/e45f8d27baac75072daa0be50c409b25"},"headline":"Enfants plac\u00e9s, une nouvelle association pour les accompagner eux et leurs familles.","datePublished":"2022-09-20T10:21:07+00:00","dateModified":"2022-09-20T10:22:48+00:00","mainEntityOfPage":{"@id":"https:\/\/lyonbondyblog.fr\/LBB\/enfants-places-une-nouvelle-association-pour-les-accompagner-eux-et-leurs-familles\/"},"wordCount":1100,"commentCount":1,"publisher":{"@id":"https:\/\/lyonbondyblog.fr\/LBB\/#organization"},"image":{"@id":"https:\/\/lyonbondyblog.fr\/LBB\/enfants-places-une-nouvelle-association-pour-les-accompagner-eux-et-leurs-familles\/#primaryimage"},"thumbnailUrl":"https:\/\/lyonbondyblog.fr\/LBB\/wp-content\/uploads\/2022\/07\/IMG-20220606-WA0000.jpg","keywords":["ASE","Association de D\u00e9fense des Droits des Enfants Plac\u00e9s et de leur famille (A.D.D.E.P.F)","droits des enfants","lyon","l\u2019Aide Sociale \u00e0 l\u2019Enfance"],"articleSection":["Lyon"],"inLanguage":"fr-FR","potentialAction":[{"@type":"CommentAction","name":"Comment","target":["https:\/\/lyonbondyblog.fr\/LBB\/enfants-places-une-nouvelle-association-pour-les-accompagner-eux-et-leurs-familles\/#respond"]}]},{"@type":"WebPage","@id":"https:\/\/lyonbondyblog.fr\/LBB\/enfants-places-une-nouvelle-association-pour-les-accompagner-eux-et-leurs-familles\/","url":"https:\/\/lyonbondyblog.fr\/LBB\/enfants-places-une-nouvelle-association-pour-les-accompagner-eux-et-leurs-familles\/","name":"Enfants plac\u00e9s, une nouvelle association pour les accompagner eux et leurs familles. -","isPartOf":{"@id":"https:\/\/lyonbondyblog.fr\/LBB\/#website"},"primaryImageOfPage":{"@id":"https:\/\/lyonbondyblog.fr\/LBB\/enfants-places-une-nouvelle-association-pour-les-accompagner-eux-et-leurs-familles\/#primaryimage"},"image":{"@id":"https:\/\/lyonbondyblog.fr\/LBB\/enfants-places-une-nouvelle-association-pour-les-accompagner-eux-et-leurs-familles\/#primaryimage"},"thumbnailUrl":"https:\/\/lyonbondyblog.fr\/LBB\/wp-content\/uploads\/2022\/07\/IMG-20220606-WA0000.jpg","datePublished":"2022-09-20T10:21:07+00:00","dateModified":"2022-09-20T10:22:48+00:00","description":"Les enfants plac\u00e9s \u00e0 l\u2019Aide Sociale \u00e0 l\u2019Enfance (ASE) est un sujet d\u00e9licat \u00e0 aborder. Aux yeux de la soci\u00e9t\u00e9, ces enfants...","inLanguage":"fr-FR","potentialAction":[{"@type":"ReadAction","target":["https:\/\/lyonbondyblog.fr\/LBB\/enfants-places-une-nouvelle-association-pour-les-accompagner-eux-et-leurs-familles\/"]}]},{"@type":"ImageObject","inLanguage":"fr-FR","@id":"https:\/\/lyonbondyblog.fr\/LBB\/enfants-places-une-nouvelle-association-pour-les-accompagner-eux-et-leurs-familles\/#primaryimage","url":"https:\/\/lyonbondyblog.fr\/LBB\/wp-content\/uploads\/2022\/07\/IMG-20220606-WA0000.jpg","contentUrl":"https:\/\/lyonbondyblog.fr\/LBB\/wp-content\/uploads\/2022\/07\/IMG-20220606-WA0000.jpg","width":500,"height":500,"caption":"logo association enfants plac\u00e9s"},{"@type":"WebSite","@id":"https:\/\/lyonbondyblog.fr\/LBB\/#website","url":"https:\/\/lyonbondyblog.fr\/LBB\/","name":"Lyon Bondy Blog","description":"","publisher":{"@id":"https:\/\/lyonbondyblog.fr\/LBB\/#organization"},"potentialAction":[{"@type":"SearchAction","target":{"@type":"EntryPoint","urlTemplate":"https:\/\/lyonbondyblog.fr\/LBB\/?s={search_term_string}"},"query-input":"required name=search_term_string"}],"inLanguage":"fr-FR"},{"@type":"Organization","@id":"https:\/\/lyonbondyblog.fr\/LBB\/#organization","name":"LYON BONDY BLOG","url":"https:\/\/lyonbondyblog.fr\/LBB\/","logo":{"@type":"ImageObject","inLanguage":"fr-FR","@id":"https:\/\/lyonbondyblog.fr\/LBB\/#\/schema\/logo\/image\/","url":"http:\/\/lyonbondyblog.fr\/LBB\/wp-content\/uploads\/2014\/10\/logo-portable-144.png","contentUrl":"http:\/\/lyonbondyblog.fr\/LBB\/wp-content\/uploads\/2014\/10\/logo-portable-144.png","width":144,"height":123,"caption":"LYON BONDY BLOG"},"image":{"@id":"https:\/\/lyonbondyblog.fr\/LBB\/#\/schema\/logo\/image\/"},"sameAs":["https:\/\/www.facebook.com\/lyonbondyblog","https:\/\/x.com\/bondybloglyon"]},{"@type":"Person","@id":"https:\/\/lyonbondyblog.fr\/LBB\/#\/schema\/person\/e45f8d27baac75072daa0be50c409b25","name":"La r\u00e9daction","description":"Cr\u00e9e en 2008, la r\u00e9daction du Lyon Bondy Blog s'applique \u00e0 proposer une information locale diff\u00e9rente et compl\u00e9mentaire des m\u00e9dias traditionnels.","sameAs":["https:\/\/www.facebook.com\/lyonbondyblog","https:\/\/x.com\/BondyBlogLyon"],"url":"https:\/\/lyonbondyblog.fr\/LBB\/author\/admin\/"}]}},"_links":{"self":[{"href":"https:\/\/lyonbondyblog.fr\/LBB\/wp-json\/wp\/v2\/posts\/30423","targetHints":{"allow":["GET"]}}],"collection":[{"href":"https:\/\/lyonbondyblog.fr\/LBB\/wp-json\/wp\/v2\/posts"}],"about":[{"href":"https:\/\/lyonbondyblog.fr\/LBB\/wp-json\/wp\/v2\/types\/post"}],"author":[{"embeddable":true,"href":"https:\/\/lyonbondyblog.fr\/LBB\/wp-json\/wp\/v2\/users\/1"}],"replies":[{"embeddable":true,"href":"https:\/\/lyonbondyblog.fr\/LBB\/wp-json\/wp\/v2\/comments?post=30423"}],"version-history":[{"count":4,"href":"https:\/\/lyonbondyblog.fr\/LBB\/wp-json\/wp\/v2\/posts\/30423\/revisions"}],"predecessor-version":[{"id":30875,"href":"https:\/\/lyonbondyblog.fr\/LBB\/wp-json\/wp\/v2\/posts\/30423\/revisions\/30875"}],"wp:featuredmedia":[{"embeddable":true,"href":"https:\/\/lyonbondyblog.fr\/LBB\/wp-json\/wp\/v2\/media\/30424"}],"wp:attachment":[{"href":"https:\/\/lyonbondyblog.fr\/LBB\/wp-json\/wp\/v2\/media?parent=30423"}],"wp:term":[{"taxonomy":"category","embeddable":true,"href":"https:\/\/lyonbondyblog.fr\/LBB\/wp-json\/wp\/v2\/categories?post=30423"},{"taxonomy":"post_tag","embeddable":true,"href":"https:\/\/lyonbondyblog.fr\/LBB\/wp-json\/wp\/v2\/tags?post=30423"}],"curies":[{"name":"wp","href":"https:\/\/api.w.org\/{rel}","templated":true}]}}