{"id":30313,"date":"2022-07-20T18:32:37","date_gmt":"2022-07-20T16:32:37","guid":{"rendered":"http:\/\/lyonbondyblog.fr\/LBB\/?p=30313"},"modified":"2022-07-20T18:32:40","modified_gmt":"2022-07-20T16:32:40","slug":"les-bains-douches-au-centre-des-discussions","status":"publish","type":"post","link":"https:\/\/lyonbondyblog.fr\/LBB\/les-bains-douches-au-centre-des-discussions\/","title":{"rendered":"Les bains douches, au centre des discussions"},"content":{"rendered":"\n<p><strong>Rue Delessert, dans le 7<sup>\u00e8me<\/sup> arrondissement de Lyon \u00e0 Gerland, se trouve les derniers bains douches. Apr\u00e8s la fermeture en 2016 des bains douches Flesselles, 1<sup>er<\/sup> arrondissement de Lyon, plus qu\u2019un seul \u00e9tablissement \u00e9tait ouvert au public\u00a0: les bains douches de Gerland (Delessert). Le Lyon Bondy Blog s\u2019est demand\u00e9 si de nouveaux projets seraient en discussions de la part de la ville.<\/strong><\/p>\n\n\n\n<p>1934, les premiers bains douches, Flesselles, situ\u00e9s dans le 1<sup>er<\/sup> arrondissement de Lyon voient le jour. Si aujourd\u2019hui 99 % des logements sont \u00e9quip\u00e9s de salles de bains ou salles de douches, <a href=\"https:\/\/13commeune.fr\/actualite\/bains-douches-quand-lhygiene-etait-publique\/#:~:text=Si%2C%20%C3%A0%20Paris%2C%20les%20premiers,jusqu'alors%20par%20un%20hangar.\" target=\"_blank\" rel=\"noreferrer noopener\">il n\u2019en a pas toujours \u00e9t\u00e9 ainsi<\/a>. Ainsi, en 1934, la ville de Lyon ouvre ses premiers <strong>bains douches<\/strong>, pour rendre l\u2019hygi\u00e8ne accessible \u00e0 tous. 33 ans plus tard, en 1967, les bains douches Delessert situ\u00e9s \u00e0 Gerland, dans le septi\u00e8me arrondissement de Lyon ouvrent leurs portes. Quotidiennement utilis\u00e9s, le maire, G\u00e9rard Collomb, d\u00e9cide le <a href=\"https:\/\/www.rue89lyon.fr\/2016\/02\/16\/la-fermeture-des-bains-douches-publics-de-lyon-cree-des-remous\/#:~:text=Cr%C3%A9%C3%A9s%20en%201934%2C%20les%20bains,s'est%20mise%20en%20place.\" target=\"_blank\" rel=\"noreferrer noopener\">18 janvier 2016<\/a> de fermer les bains douches Flesselles, sous pr\u00e9texte d\u2019un co\u00fbt \u00e9conomique et pour \u00e9conomiser l\u2019eau. Une d\u00e9cision qui, \u00e0 l\u2019\u00e9poque, avait offusqu\u00e9 les usagers de Flesselles qui n\u2019ont eu d\u2019autres choix que de se d\u00e9placer \u00e0 Gerland. \u00ab\u00a0<em>Il y a eu un grand rassemblement de la part des citoyens, d\u2019\u00e9lus comme Nathalie Perrin-Gilbert, Isabelle Granjon, Arthur Remy, etc. Malgr\u00e9 cette forte mobilisation, les bains douches de Flesselles ont fini par fermer\u00a0\u00bb <\/em>raconte <a href=\"https:\/\/www.lyon.fr\/elu\/eugenie-wiber\" target=\"_blank\" rel=\"noreferrer noopener\">Eug\u00e9nie Wiber<\/a>, 4<sup>\u00e8me<\/sup> adjointe du 7<sup>\u00e8me<\/sup> arrondissement solidarit\u00e9s, \u00e0 l\u2019\u00e9galit\u00e9 des droits et au lien interg\u00e9n\u00e9rationnel.<\/p>\n\n\n\n<p>Suite \u00e0 cette fermeture, les <strong>bains douches de Gerland<\/strong> ont \u00e9t\u00e9 les derniers \u00e0 rester ouvert au public. Dispos\u00e9 de 24 douches, c\u2019est un lieu utilis\u00e9 quotidiennement. Avec pr\u00e8s de 212 douches par jours, le lieu est un espace d\u2019accueil comme l\u2019explique Eug\u00e9nie Wiber, \u00ab\u00a0<em>les bains douches sont un lieu <strong>d\u2019accueil inconditionnel<\/strong>, <strong>d\u2019acc\u00e8s \u00e0 l\u2019hygi\u00e8ne<\/strong>, de <strong>lien social<\/strong>, <strong>gratuit <\/strong>et<strong> anonyme<\/strong>. Tout le monde peut venir prendre une douche ici. Sur place, est mis \u00e0 disposition un kit d\u2019hygi\u00e8ne et des savons sont distribu\u00e9s par des personnes du<\/em><a href=\"https:\/\/www.lyon.fr\/solidarite\/le-centre-communal-daction-sociale-ccas\" target=\"_blank\" rel=\"noreferrer noopener\"><em> CCAS<\/em><\/a>.\u00a0\u00bb<\/p>\n\n\n\n<div class=\"wp-block-image\"><figure class=\"aligncenter size-full is-resized\"><img loading=\"lazy\" decoding=\"async\" src=\"https:\/\/lyonbondyblog.fr\/LBB\/wp-content\/uploads\/2022\/07\/IMG_1621.jpg\" alt=\"\" class=\"wp-image-30314\" width=\"640\" height=\"360\"\/><figcaption>kit hygi\u00e8ne avec serviette distribu\u00e9s aux bains douches.<\/figcaption><\/figure><\/div>\n\n\n\n<p>Si aujourd\u2019hui il ne reste plus qu\u2019un seul bain douche \u00e0 Lyon, et un autre \u00e0 <a href=\"https:\/\/www.20minutes.fr\/lyon\/2651427-20191114-villeurbanne-mairie-va-ouvrir-bains-douches-familles-abri\" target=\"_blank\" rel=\"noreferrer noopener\">Villeurbanne,<\/a> la mairie de Lyon est \u00e0 ce jour, en phase \u00e0 proposer un nouveau projet.<\/p>\n\n\n\n<h2 class=\"wp-block-heading\"><strong>Un nouveau p\u00f4le hygi\u00e8ne en vue<\/strong><\/h2>\n\n\n\n<p>Si la r\u00e9ouverture de Flesselles est de nouveaux discut\u00e9e, des travaux sont en cours pour les bains douches Delessert (Gerland). L\u2019ouverture d\u2019une laverie solidaire pour la fin d\u2019ann\u00e9e 2022 au plus tard. Cet espace, permettra aux usagers de laver leurs v\u00eatements. De plus, des travaux d\u2019accessibilit\u00e9 sont en cours pour permettre aux personnes \u00e0 handicap d\u2019utiliser les lieux. \u00ab\u00a0<em>Un ascenseur sera mis en place ce qui permettra \u00e0 tout le monde de se rendre dans les douches et la future laverie solidaire<\/em>\u00a0\u00bb d\u00e9clare <a href=\"https:\/\/www.lyon.fr\/elu\/sandrine-runel\" target=\"_blank\" rel=\"noreferrer noopener\">Sandrine Runel<\/a>, 9<sup>\u00e8me<\/sup> adjointe solidarit\u00e9s et inclusion sociale, conseill\u00e8re du 8<sup>\u00e8me<\/sup> arrondissement. Ouvert du lundi au vendredi les bains douches de Gerland sont libres d\u2019acc\u00e8s de 7 h 30 \u00e0 17 h 30.<\/p>\n\n\n\n<p>Mais, si les bains douches de Gerland se voient offrir de nouveaux am\u00e9nagements, un tout nouveau projet est aussi en cours\u2026 \u00ab\u00a0<em>Nous avons pour ambition d\u2019ouvrir un p\u00f4le hygi\u00e8ne, bien plus large qu\u2019un bain douche, avec un vestiaire social pour que les personnes qui viennent aux bains douches puissent avoir des habits propres. Des permanences socio-esth\u00e9tiques, coiffeurs, etc. Le but, est que ces personnes qui viennent \u00e0 ce p\u00f4le hygi\u00e8ne puissent aussi laisser leurs affaires\u00a0<\/em>\u00bb ajoute-t-elle.<\/p>\n\n\n\n<p>En termes de lieu, le troisi\u00e8me arrondissement de Lyon serait id\u00e9al, autour de la Part-Dieu. Tr\u00e8s central, accessible en m\u00e9tro, cela permettrait au plus grand nombre de se rendre dans ce nouveau p\u00f4le. Pour autant, des difficult\u00e9s persistent. \u00ab\u00a0<em>Pour l\u2019instant, le probl\u00e8me est de trouver un terrain, un lieu o\u00f9 nous pourrions mettre en place notre projet.<\/em>\u00a0\u00bb confie Sandrine Runel.<\/p>\n\n\n\n<p>En partenariat avec <a href=\"https:\/\/www.lalca.org\/lalca\" target=\"_blank\" rel=\"noreferrer noopener\">LALCA<\/a>, ensemble, ils r\u00e9fl\u00e9chissent \u00e0 ce que pourrait \u00eatre ce nouveau p\u00f4le hygi\u00e8ne, comment r\u00e9pondre au mieux aux besoins des usagers.\u00a0\u00ab\u00a0<em>En tant qu\u2019\u00e9lus, nous aimerions qu\u2019il y ait une bagagerie, un vestiaire, des services annexes en plus des bains. Mais peut-\u00eatre que finalement ce n\u2019est pas ce dont ont besoin nos usagers. C\u2019est pourquoi, nous r\u00e9fl\u00e9chissons avec LALCA sur ce que serait un bain douche id\u00e9al, un service id\u00e9al pour eux<\/em>.\u00a0\u00bb<\/p>\n\n\n\n<p>Tr\u00e8s enthousiaste, Sandrine Runel esp\u00e8re l\u2019ouverture de ce nouveau p\u00f4le hygi\u00e8ne pour 2025 voire 2026.<\/p>\n\n\n\n<p class=\"has-text-align-right\"><strong>Auriane Devaux<\/strong><\/p>\n\n\n\n<p class=\"has-text-align-left\"><strong>Retrouvez nos derniers articles ici : <\/strong><\/p>\n\n\n<ul class=\"wp-block-latest-posts__list wp-block-latest-posts\"><li><a class=\"wp-block-latest-posts__post-title\" href=\"https:\/\/lyonbondyblog.fr\/LBB\/theatre-bingo-loto-et-impro\/\">Th\u00e9\u00e2tre : Bingo-loto et impro\u00a0<\/a><\/li>\n<li><a class=\"wp-block-latest-posts__post-title\" href=\"https:\/\/lyonbondyblog.fr\/LBB\/fetes-escales-tour-du-monde-a-venissieux\/\">F\u00eates Escales : tour du monde \u00e0 V\u00e9nissieux<\/a><\/li>\n<li><a class=\"wp-block-latest-posts__post-title\" href=\"https:\/\/lyonbondyblog.fr\/LBB\/jeunes-davenirs-la-jeunesse-a-venir\/\">Jeunes d\u2019Avenirs\u00a0: la jeunesse \u00e0 venir<\/a><\/li>\n<li><a class=\"wp-block-latest-posts__post-title\" href=\"https:\/\/lyonbondyblog.fr\/LBB\/le-tribunal-refuse-la-liberation-provisoire-dun-homme-poursuivi-pour-violences-aggravees\/\">Le tribunal refuse la lib\u00e9ration provisoire d\u2019un homme poursuivi pour violences aggrav\u00e9es<\/a><\/li>\n<li><a class=\"wp-block-latest-posts__post-title\" href=\"https:\/\/lyonbondyblog.fr\/LBB\/la-poesie-au-theatre-la-generale-de-la-proposition-musicale-et-litteraire-dalain-klingler\/\">La po\u00e9sie au th\u00e9\u00e2tre\u00a0: la g\u00e9n\u00e9rale de la proposition musicale et litt\u00e9raire d\u2019Alain Klingler<\/a><\/li>\n<\/ul>\n\n\n<p class=\"has-text-align-left\"><strong> <\/strong><\/p>\n<!-- AddThis Advanced Settings generic via filter on the_content --><!-- AddThis Share Buttons generic via filter on the_content -->","protected":false},"excerpt":{"rendered":"<p>Rue Delessert, dans le 7\u00e8me arrondissement de Lyon \u00e0 Gerland, se trouve les derniers bains douches. Apr\u00e8s la fermeture en 2016 des bains douches Flesselles, &hellip; <!-- AddThis Advanced Settings generic via filter on wp_trim_excerpt --><!-- AddThis Share Buttons generic via filter on wp_trim_excerpt --><\/p>\n","protected":false},"author":1,"featured_media":30315,"comment_status":"open","ping_status":"open","sticky":true,"template":"","format":"standard","meta":{"_FSMCFIC_featured_image_caption":"","_FSMCFIC_featured_image_nocaption":"","_FSMCFIC_featured_image_hide":"","footnotes":""},"categories":[4],"tags":[28135,28134,28136,10,834],"class_list":["post-30313","post","type-post","status-publish","format-standard","has-post-thumbnail","hentry","category-lyon","tag-bains-publics","tag-douches","tag-hygiene","tag-lyon-2","tag-sante"],"yoast_head":"<!-- This site is optimized with the Yoast SEO plugin v22.8 - https:\/\/yoast.com\/wordpress\/plugins\/seo\/ -->\n<title>Les bains douches, au centre des discussions - Lyon Bondy Blog<\/title>\n<meta name=\"description\" content=\"Rue Delessert, dans le 7\u00e8me arrondissement de Lyon \u00e0 Gerland, se trouve les derniers bains douches. Apr\u00e8s la fermeture en 2016 ...\" \/>\n<meta name=\"robots\" content=\"index, follow, max-snippet:-1, max-image-preview:large, max-video-preview:-1\" \/>\n<link rel=\"canonical\" href=\"https:\/\/lyonbondyblog.fr\/LBB\/les-bains-douches-au-centre-des-discussions\/\" \/>\n<meta property=\"og:locale\" content=\"fr_FR\" \/>\n<meta property=\"og:type\" content=\"article\" \/>\n<meta property=\"og:title\" content=\"Les bains douches, au centre des discussions - Lyon Bondy Blog\" \/>\n<meta property=\"og:description\" content=\"Rue Delessert, dans le 7\u00e8me arrondissement de Lyon \u00e0 Gerland, se trouve les derniers bains douches. Apr\u00e8s la fermeture en 2016 ...\" \/>\n<meta property=\"og:url\" content=\"https:\/\/lyonbondyblog.fr\/LBB\/les-bains-douches-au-centre-des-discussions\/\" \/>\n<meta property=\"og:site_name\" content=\"Lyon Bondy Blog\" \/>\n<meta property=\"article:publisher\" content=\"https:\/\/www.facebook.com\/lyonbondyblog\" \/>\n<meta property=\"article:author\" content=\"https:\/\/www.facebook.com\/lyonbondyblog\" \/>\n<meta property=\"article:published_time\" content=\"2022-07-20T16:32:37+00:00\" \/>\n<meta property=\"article:modified_time\" content=\"2022-07-20T16:32:40+00:00\" \/>\n<meta property=\"og:image\" content=\"https:\/\/lyonbondyblog.fr\/LBB\/wp-content\/uploads\/2022\/07\/IMG_1622.jpg\" \/>\n\t<meta property=\"og:image:width\" content=\"640\" \/>\n\t<meta property=\"og:image:height\" content=\"360\" \/>\n\t<meta property=\"og:image:type\" content=\"image\/jpeg\" \/>\n<meta name=\"author\" content=\"La r\u00e9daction\" \/>\n<meta name=\"twitter:card\" content=\"summary_large_image\" \/>\n<meta name=\"twitter:creator\" content=\"@BondyBlogLyon\" \/>\n<meta name=\"twitter:site\" content=\"@bondybloglyon\" \/>\n<script type=\"application\/ld+json\" class=\"yoast-schema-graph\">{\"@context\":\"https:\/\/schema.org\",\"@graph\":[{\"@type\":\"Article\",\"@id\":\"https:\/\/lyonbondyblog.fr\/LBB\/les-bains-douches-au-centre-des-discussions\/#article\",\"isPartOf\":{\"@id\":\"https:\/\/lyonbondyblog.fr\/LBB\/les-bains-douches-au-centre-des-discussions\/\"},\"author\":{\"name\":\"La r\u00e9daction\",\"@id\":\"https:\/\/lyonbondyblog.fr\/LBB\/#\/schema\/person\/e45f8d27baac75072daa0be50c409b25\"},\"headline\":\"Les bains douches, au centre des discussions\",\"datePublished\":\"2022-07-20T16:32:37+00:00\",\"dateModified\":\"2022-07-20T16:32:40+00:00\",\"mainEntityOfPage\":{\"@id\":\"https:\/\/lyonbondyblog.fr\/LBB\/les-bains-douches-au-centre-des-discussions\/\"},\"wordCount\":791,\"commentCount\":0,\"publisher\":{\"@id\":\"https:\/\/lyonbondyblog.fr\/LBB\/#organization\"},\"image\":{\"@id\":\"https:\/\/lyonbondyblog.fr\/LBB\/les-bains-douches-au-centre-des-discussions\/#primaryimage\"},\"thumbnailUrl\":\"https:\/\/lyonbondyblog.fr\/LBB\/wp-content\/uploads\/2022\/07\/IMG_1622.jpg\",\"keywords\":[\"bains publics\",\"douches\",\"hygi\u00e8ne\",\"lyon\",\"Sant\u00e9\"],\"articleSection\":[\"Lyon\"],\"inLanguage\":\"fr-FR\",\"potentialAction\":[{\"@type\":\"CommentAction\",\"name\":\"Comment\",\"target\":[\"https:\/\/lyonbondyblog.fr\/LBB\/les-bains-douches-au-centre-des-discussions\/#respond\"]}]},{\"@type\":\"WebPage\",\"@id\":\"https:\/\/lyonbondyblog.fr\/LBB\/les-bains-douches-au-centre-des-discussions\/\",\"url\":\"https:\/\/lyonbondyblog.fr\/LBB\/les-bains-douches-au-centre-des-discussions\/\",\"name\":\"Les bains douches, au centre des discussions - Lyon Bondy Blog\",\"isPartOf\":{\"@id\":\"https:\/\/lyonbondyblog.fr\/LBB\/#website\"},\"primaryImageOfPage\":{\"@id\":\"https:\/\/lyonbondyblog.fr\/LBB\/les-bains-douches-au-centre-des-discussions\/#primaryimage\"},\"image\":{\"@id\":\"https:\/\/lyonbondyblog.fr\/LBB\/les-bains-douches-au-centre-des-discussions\/#primaryimage\"},\"thumbnailUrl\":\"https:\/\/lyonbondyblog.fr\/LBB\/wp-content\/uploads\/2022\/07\/IMG_1622.jpg\",\"datePublished\":\"2022-07-20T16:32:37+00:00\",\"dateModified\":\"2022-07-20T16:32:40+00:00\",\"description\":\"Rue Delessert, dans le 7\u00e8me arrondissement de Lyon \u00e0 Gerland, se trouve les derniers bains douches. Apr\u00e8s la fermeture en 2016 ...\",\"inLanguage\":\"fr-FR\",\"potentialAction\":[{\"@type\":\"ReadAction\",\"target\":[\"https:\/\/lyonbondyblog.fr\/LBB\/les-bains-douches-au-centre-des-discussions\/\"]}]},{\"@type\":\"ImageObject\",\"inLanguage\":\"fr-FR\",\"@id\":\"https:\/\/lyonbondyblog.fr\/LBB\/les-bains-douches-au-centre-des-discussions\/#primaryimage\",\"url\":\"https:\/\/lyonbondyblog.fr\/LBB\/wp-content\/uploads\/2022\/07\/IMG_1622.jpg\",\"contentUrl\":\"https:\/\/lyonbondyblog.fr\/LBB\/wp-content\/uploads\/2022\/07\/IMG_1622.jpg\",\"width\":640,\"height\":360},{\"@type\":\"WebSite\",\"@id\":\"https:\/\/lyonbondyblog.fr\/LBB\/#website\",\"url\":\"https:\/\/lyonbondyblog.fr\/LBB\/\",\"name\":\"Lyon Bondy Blog\",\"description\":\"\",\"publisher\":{\"@id\":\"https:\/\/lyonbondyblog.fr\/LBB\/#organization\"},\"potentialAction\":[{\"@type\":\"SearchAction\",\"target\":{\"@type\":\"EntryPoint\",\"urlTemplate\":\"https:\/\/lyonbondyblog.fr\/LBB\/?s={search_term_string}\"},\"query-input\":\"required name=search_term_string\"}],\"inLanguage\":\"fr-FR\"},{\"@type\":\"Organization\",\"@id\":\"https:\/\/lyonbondyblog.fr\/LBB\/#organization\",\"name\":\"LYON BONDY BLOG\",\"url\":\"https:\/\/lyonbondyblog.fr\/LBB\/\",\"logo\":{\"@type\":\"ImageObject\",\"inLanguage\":\"fr-FR\",\"@id\":\"https:\/\/lyonbondyblog.fr\/LBB\/#\/schema\/logo\/image\/\",\"url\":\"http:\/\/lyonbondyblog.fr\/LBB\/wp-content\/uploads\/2014\/10\/logo-portable-144.png\",\"contentUrl\":\"http:\/\/lyonbondyblog.fr\/LBB\/wp-content\/uploads\/2014\/10\/logo-portable-144.png\",\"width\":144,\"height\":123,\"caption\":\"LYON BONDY BLOG\"},\"image\":{\"@id\":\"https:\/\/lyonbondyblog.fr\/LBB\/#\/schema\/logo\/image\/\"},\"sameAs\":[\"https:\/\/www.facebook.com\/lyonbondyblog\",\"https:\/\/x.com\/bondybloglyon\"]},{\"@type\":\"Person\",\"@id\":\"https:\/\/lyonbondyblog.fr\/LBB\/#\/schema\/person\/e45f8d27baac75072daa0be50c409b25\",\"name\":\"La r\u00e9daction\",\"description\":\"Cr\u00e9e en 2008, la r\u00e9daction du Lyon Bondy Blog s'applique \u00e0 proposer une information locale diff\u00e9rente et compl\u00e9mentaire des m\u00e9dias traditionnels.\",\"sameAs\":[\"https:\/\/www.facebook.com\/lyonbondyblog\",\"https:\/\/x.com\/BondyBlogLyon\"],\"url\":\"https:\/\/lyonbondyblog.fr\/LBB\/author\/admin\/\"}]}<\/script>\n<!-- \/ Yoast SEO plugin. -->","yoast_head_json":{"title":"Les bains douches, au centre des discussions - Lyon Bondy Blog","description":"Rue Delessert, dans le 7\u00e8me arrondissement de Lyon \u00e0 Gerland, se trouve les derniers bains douches. Apr\u00e8s la fermeture en 2016 ...","robots":{"index":"index","follow":"follow","max-snippet":"max-snippet:-1","max-image-preview":"max-image-preview:large","max-video-preview":"max-video-preview:-1"},"canonical":"https:\/\/lyonbondyblog.fr\/LBB\/les-bains-douches-au-centre-des-discussions\/","og_locale":"fr_FR","og_type":"article","og_title":"Les bains douches, au centre des discussions - Lyon Bondy Blog","og_description":"Rue Delessert, dans le 7\u00e8me arrondissement de Lyon \u00e0 Gerland, se trouve les derniers bains douches. Apr\u00e8s la fermeture en 2016 ...","og_url":"https:\/\/lyonbondyblog.fr\/LBB\/les-bains-douches-au-centre-des-discussions\/","og_site_name":"Lyon Bondy Blog","article_publisher":"https:\/\/www.facebook.com\/lyonbondyblog","article_author":"https:\/\/www.facebook.com\/lyonbondyblog","article_published_time":"2022-07-20T16:32:37+00:00","article_modified_time":"2022-07-20T16:32:40+00:00","og_image":[{"width":640,"height":360,"url":"https:\/\/lyonbondyblog.fr\/LBB\/wp-content\/uploads\/2022\/07\/IMG_1622.jpg","type":"image\/jpeg"}],"author":"La r\u00e9daction","twitter_card":"summary_large_image","twitter_creator":"@BondyBlogLyon","twitter_site":"@bondybloglyon","schema":{"@context":"https:\/\/schema.org","@graph":[{"@type":"Article","@id":"https:\/\/lyonbondyblog.fr\/LBB\/les-bains-douches-au-centre-des-discussions\/#article","isPartOf":{"@id":"https:\/\/lyonbondyblog.fr\/LBB\/les-bains-douches-au-centre-des-discussions\/"},"author":{"name":"La r\u00e9daction","@id":"https:\/\/lyonbondyblog.fr\/LBB\/#\/schema\/person\/e45f8d27baac75072daa0be50c409b25"},"headline":"Les bains douches, au centre des discussions","datePublished":"2022-07-20T16:32:37+00:00","dateModified":"2022-07-20T16:32:40+00:00","mainEntityOfPage":{"@id":"https:\/\/lyonbondyblog.fr\/LBB\/les-bains-douches-au-centre-des-discussions\/"},"wordCount":791,"commentCount":0,"publisher":{"@id":"https:\/\/lyonbondyblog.fr\/LBB\/#organization"},"image":{"@id":"https:\/\/lyonbondyblog.fr\/LBB\/les-bains-douches-au-centre-des-discussions\/#primaryimage"},"thumbnailUrl":"https:\/\/lyonbondyblog.fr\/LBB\/wp-content\/uploads\/2022\/07\/IMG_1622.jpg","keywords":["bains publics","douches","hygi\u00e8ne","lyon","Sant\u00e9"],"articleSection":["Lyon"],"inLanguage":"fr-FR","potentialAction":[{"@type":"CommentAction","name":"Comment","target":["https:\/\/lyonbondyblog.fr\/LBB\/les-bains-douches-au-centre-des-discussions\/#respond"]}]},{"@type":"WebPage","@id":"https:\/\/lyonbondyblog.fr\/LBB\/les-bains-douches-au-centre-des-discussions\/","url":"https:\/\/lyonbondyblog.fr\/LBB\/les-bains-douches-au-centre-des-discussions\/","name":"Les bains douches, au centre des discussions - Lyon Bondy Blog","isPartOf":{"@id":"https:\/\/lyonbondyblog.fr\/LBB\/#website"},"primaryImageOfPage":{"@id":"https:\/\/lyonbondyblog.fr\/LBB\/les-bains-douches-au-centre-des-discussions\/#primaryimage"},"image":{"@id":"https:\/\/lyonbondyblog.fr\/LBB\/les-bains-douches-au-centre-des-discussions\/#primaryimage"},"thumbnailUrl":"https:\/\/lyonbondyblog.fr\/LBB\/wp-content\/uploads\/2022\/07\/IMG_1622.jpg","datePublished":"2022-07-20T16:32:37+00:00","dateModified":"2022-07-20T16:32:40+00:00","description":"Rue Delessert, dans le 7\u00e8me arrondissement de Lyon \u00e0 Gerland, se trouve les derniers bains douches. Apr\u00e8s la fermeture en 2016 ...","inLanguage":"fr-FR","potentialAction":[{"@type":"ReadAction","target":["https:\/\/lyonbondyblog.fr\/LBB\/les-bains-douches-au-centre-des-discussions\/"]}]},{"@type":"ImageObject","inLanguage":"fr-FR","@id":"https:\/\/lyonbondyblog.fr\/LBB\/les-bains-douches-au-centre-des-discussions\/#primaryimage","url":"https:\/\/lyonbondyblog.fr\/LBB\/wp-content\/uploads\/2022\/07\/IMG_1622.jpg","contentUrl":"https:\/\/lyonbondyblog.fr\/LBB\/wp-content\/uploads\/2022\/07\/IMG_1622.jpg","width":640,"height":360},{"@type":"WebSite","@id":"https:\/\/lyonbondyblog.fr\/LBB\/#website","url":"https:\/\/lyonbondyblog.fr\/LBB\/","name":"Lyon Bondy Blog","description":"","publisher":{"@id":"https:\/\/lyonbondyblog.fr\/LBB\/#organization"},"potentialAction":[{"@type":"SearchAction","target":{"@type":"EntryPoint","urlTemplate":"https:\/\/lyonbondyblog.fr\/LBB\/?s={search_term_string}"},"query-input":"required name=search_term_string"}],"inLanguage":"fr-FR"},{"@type":"Organization","@id":"https:\/\/lyonbondyblog.fr\/LBB\/#organization","name":"LYON BONDY BLOG","url":"https:\/\/lyonbondyblog.fr\/LBB\/","logo":{"@type":"ImageObject","inLanguage":"fr-FR","@id":"https:\/\/lyonbondyblog.fr\/LBB\/#\/schema\/logo\/image\/","url":"http:\/\/lyonbondyblog.fr\/LBB\/wp-content\/uploads\/2014\/10\/logo-portable-144.png","contentUrl":"http:\/\/lyonbondyblog.fr\/LBB\/wp-content\/uploads\/2014\/10\/logo-portable-144.png","width":144,"height":123,"caption":"LYON BONDY BLOG"},"image":{"@id":"https:\/\/lyonbondyblog.fr\/LBB\/#\/schema\/logo\/image\/"},"sameAs":["https:\/\/www.facebook.com\/lyonbondyblog","https:\/\/x.com\/bondybloglyon"]},{"@type":"Person","@id":"https:\/\/lyonbondyblog.fr\/LBB\/#\/schema\/person\/e45f8d27baac75072daa0be50c409b25","name":"La r\u00e9daction","description":"Cr\u00e9e en 2008, la r\u00e9daction du Lyon Bondy Blog s'applique \u00e0 proposer une information locale diff\u00e9rente et compl\u00e9mentaire des m\u00e9dias traditionnels.","sameAs":["https:\/\/www.facebook.com\/lyonbondyblog","https:\/\/x.com\/BondyBlogLyon"],"url":"https:\/\/lyonbondyblog.fr\/LBB\/author\/admin\/"}]}},"_links":{"self":[{"href":"https:\/\/lyonbondyblog.fr\/LBB\/wp-json\/wp\/v2\/posts\/30313","targetHints":{"allow":["GET"]}}],"collection":[{"href":"https:\/\/lyonbondyblog.fr\/LBB\/wp-json\/wp\/v2\/posts"}],"about":[{"href":"https:\/\/lyonbondyblog.fr\/LBB\/wp-json\/wp\/v2\/types\/post"}],"author":[{"embeddable":true,"href":"https:\/\/lyonbondyblog.fr\/LBB\/wp-json\/wp\/v2\/users\/1"}],"replies":[{"embeddable":true,"href":"https:\/\/lyonbondyblog.fr\/LBB\/wp-json\/wp\/v2\/comments?post=30313"}],"version-history":[{"count":1,"href":"https:\/\/lyonbondyblog.fr\/LBB\/wp-json\/wp\/v2\/posts\/30313\/revisions"}],"predecessor-version":[{"id":30316,"href":"https:\/\/lyonbondyblog.fr\/LBB\/wp-json\/wp\/v2\/posts\/30313\/revisions\/30316"}],"wp:featuredmedia":[{"embeddable":true,"href":"https:\/\/lyonbondyblog.fr\/LBB\/wp-json\/wp\/v2\/media\/30315"}],"wp:attachment":[{"href":"https:\/\/lyonbondyblog.fr\/LBB\/wp-json\/wp\/v2\/media?parent=30313"}],"wp:term":[{"taxonomy":"category","embeddable":true,"href":"https:\/\/lyonbondyblog.fr\/LBB\/wp-json\/wp\/v2\/categories?post=30313"},{"taxonomy":"post_tag","embeddable":true,"href":"https:\/\/lyonbondyblog.fr\/LBB\/wp-json\/wp\/v2\/tags?post=30313"}],"curies":[{"name":"wp","href":"https:\/\/api.w.org\/{rel}","templated":true}]}}