{"id":30170,"date":"2022-07-15T16:59:19","date_gmt":"2022-07-15T14:59:19","guid":{"rendered":"http:\/\/lyonbondyblog.fr\/LBB\/?p=30170"},"modified":"2022-07-25T11:16:18","modified_gmt":"2022-07-25T09:16:18","slug":"immersion-dans-le-streetwear-lyonnais-episode-5-streetwear-delite-entre-rhone-et-saone","status":"publish","type":"post","link":"https:\/\/lyonbondyblog.fr\/LBB\/immersion-dans-le-streetwear-lyonnais-episode-5-streetwear-delite-entre-rhone-et-saone\/","title":{"rendered":"Immersion dans le streetwear lyonnais. Episode 5 : Streetwear d\u2019\u00e9lite entre Rh\u00f4ne et Sa\u00f4ne"},"content":{"rendered":"\n<p><strong>Lyon, ville de tradition, s\u2019est av\u00e9r\u00e9e \u00eatre un terreau fertile pour le streetwear. Cette culture a su cr\u00e9er ses propres codes, du vestiaire de sport \u00e0 la banlieue, de l\u2019habit \u00e0 l\u2019attitude. Si vous n\u2019avez pas lu le quatri\u00e8me \u00e9pisode rendez-vous ici :<\/strong>\u00a0<a href=\"https:\/\/lyonbondyblog.fr\/LBB\/immersion-dans-le-streetwear-lyonnais-episode-3-la-jeunesse-contre-la-paresse\/\" target=\"_blank\" rel=\"noreferrer noopener\"><\/a><a href=\"https:\/\/lyonbondyblog.fr\/LBB\/immersion-dans-le-streetwear-lyonnais-episode-4-david-contre-goliath\/\" target=\"_blank\" rel=\"noreferrer noopener\">Immersion dans le streetwear lyonnais. Episode 4 : David contre Goliath &#8211; (lyonbondyblog.fr)<\/a><\/p>\n\n\n\n<p>Le streetwear lyonnais est devenu \u00e0 l\u2019instar de la soci\u00e9t\u00e9 actuelle, port\u00e9e sur la cr\u00e9ation d\u2019une notori\u00e9t\u00e9. D\u00e9velopp\u00e9 voire exploit\u00e9 par les firmes internationales comme Adidas, Gucci, Jordan ou m\u00eame le PSG, cette id\u00e9e que la communication doit \u00eatre maitris\u00e9e et que rien ne doit d\u00e9passer fait le bonheur d\u2019initiatives locales \u00e0 Lyon. Agences de communication, cr\u00e9ateurs, revendeurs ou rappeurs&nbsp;: <strong>tous veulent prendre leur part du g\u00e2teau<\/strong>.<\/p>\n\n\n\n<h2 class=\"wp-block-heading\"><strong>Sappe et ballon rond<\/strong><\/h2>\n\n\n\n<p>Le streetwear \u00e0 Lyon attire d\u00e9sormais une population beaucoup plus mainstream. Les marques comme Adidas avec Yeezy, ou Nike avec Jordan, ont compris que l\u2019identit\u00e9 de leur produit \u00e9tait parfois moins forte que l\u2019histoire qu\u2019on peut raconter aux clients. C\u2019est dans cette dynamique du \u00ab&nbsp;tout est possible&nbsp;\u00bb que<a href=\"https:\/\/www.instagram.com\/kulture_lyon\/\" target=\"_blank\" rel=\"noreferrer noopener\"> Kulture<\/a> a vu le jour.<\/p>\n\n\n\n<div class=\"wp-block-image\"><figure class=\"alignright size-large is-resized\"><img loading=\"lazy\" decoding=\"async\" src=\"https:\/\/lyonbondyblog.fr\/LBB\/wp-content\/uploads\/2022\/07\/IMG_2063-1920x1440.jpg\" alt=\"\" class=\"wp-image-30171\" width=\"480\" height=\"360\" srcset=\"https:\/\/lyonbondyblog.fr\/LBB\/wp-content\/uploads\/2022\/07\/IMG_2063-1920x1440.jpg 1920w, https:\/\/lyonbondyblog.fr\/LBB\/wp-content\/uploads\/2022\/07\/IMG_2063-1200x900.jpg 1200w, https:\/\/lyonbondyblog.fr\/LBB\/wp-content\/uploads\/2022\/07\/IMG_2063-768x576.jpg 768w, https:\/\/lyonbondyblog.fr\/LBB\/wp-content\/uploads\/2022\/07\/IMG_2063-1536x1152.jpg 1536w, https:\/\/lyonbondyblog.fr\/LBB\/wp-content\/uploads\/2022\/07\/IMG_2063-2048x1536.jpg 2048w\" sizes=\"auto, (max-width: 480px) 100vw, 480px\" \/><figcaption>Le magasin Kulture s&rsquo;affirme comme une r\u00e9f\u00e9rence en plein cordelier. Cr\u00e9dit : Tristan<\/figcaption><\/figure><\/div>\n\n\n\n<p>Le projet est n\u00e9 de deux associ\u00e9s, <strong>Bryan<\/strong> et <strong>Yanis<\/strong>, qui se sont rencontr\u00e9s sur les bancs d\u2019une \u00e9cole de commerce. L\u2019un port\u00e9 sur la mode, l\u2019autre sur le business, ils veulent cr\u00e9er quelque chose de fort pour la Culture. Ils remplacent le C par le K et cr\u00e9ent leur boutique en Presqu\u2019\u00eele. Le lien avec le rap est tellement fort que des rappeurs viennent pousser la porte du magasin \u00ab&nbsp;<em><strong>Gradur<\/strong> nous a donn\u00e9 grave de la force. R\u00e9cemment on a re\u00e7u <strong>GuydeBezbar<\/strong>, qu\u2019on voulait aussi depuis longtemps<\/em>&nbsp;\u00bb, rapporte Bryan. Tellement de force, qu\u2019une des rencontres qu\u2019ils ont pu faire gr\u00e2ce \u00e0 leur shop les envoie directement en loges du concert de <strong>Ninho<\/strong> en avril. L\u2019occasion d\u2019offrir une paire de basket \u00e0 l\u2019un des rappeurs les plus influents du rap. \u00ab&nbsp;<em>Ninho \u00e9tait \u00e0 Lyon et gr\u00e2ce \u00e0 <strong>Dinor<\/strong>, un autre rappeur, on s\u2019est retrouv\u00e9s au concert d\u2019un artiste que j\u2019\u00e9coute le plus. On se retrouve \u00e0 lui pr\u00e9parer une petite paire pour son concert, \u00e9changer avec lui et son \u00e9quipe. Je me disais que je n\u2019avais rien \u00e0 faire l\u00e0, que j\u2019avais juste ouvert un magasin de baskets \u00e0 Lyon<\/em>&nbsp;\u00bb.<\/p>\n\n\n\n<p>Pour Bryan, les opportunit\u00e9s ne manquent pas, bien que selon lui \u00ab&nbsp;<em><strong>Lyon devrait \u00eatre beaucoup plus respect\u00e9e en France&nbsp;<\/strong><\/em>\u00bb. Fan de football, le magasin connecte aussi avec <strong>Maxwell Cornet<\/strong> et sa femme&nbsp;: \u00ab&nbsp;<em>Les footballeurs, ce sont des personnes qui sont tr\u00e8s port\u00e9es business et qui aiment cette mode. C\u2019est un secteur en pleine expansion, avec de l\u2019argent \u00e0 la clef. Maxwell et sa femme, nous ont fait confiance tr\u00e8s t\u00f4t<\/em>&nbsp;\u00bb. Ces liens improbables sont rendus possibles gr\u00e2ce \u00e0 une culture qui n\u2019a plus de fronti\u00e8re. Entre agence de communication, mode, marques et joueurs de football, il n\u2019y a d\u00e9sormais qu\u2019un seul pas.<\/p>\n\n\n\n<h2 class=\"wp-block-heading\"><strong>Resell made in Lyon<\/strong><\/h2>\n\n\n\n<div class=\"wp-block-image\"><figure class=\"alignleft size-large is-resized\"><img loading=\"lazy\" decoding=\"async\" src=\"https:\/\/lyonbondyblog.fr\/LBB\/wp-content\/uploads\/2022\/07\/IMG_1675-1440x1920.jpg\" alt=\"\" class=\"wp-image-30174\" width=\"360\" height=\"480\" srcset=\"https:\/\/lyonbondyblog.fr\/LBB\/wp-content\/uploads\/2022\/07\/IMG_1675-1440x1920.jpg 1440w, https:\/\/lyonbondyblog.fr\/LBB\/wp-content\/uploads\/2022\/07\/IMG_1675-900x1200.jpg 900w, https:\/\/lyonbondyblog.fr\/LBB\/wp-content\/uploads\/2022\/07\/IMG_1675-768x1024.jpg 768w, https:\/\/lyonbondyblog.fr\/LBB\/wp-content\/uploads\/2022\/07\/IMG_1675-1152x1536.jpg 1152w, https:\/\/lyonbondyblog.fr\/LBB\/wp-content\/uploads\/2022\/07\/IMG_1675-1536x2048.jpg 1536w, https:\/\/lyonbondyblog.fr\/LBB\/wp-content\/uploads\/2022\/07\/IMG_1675-scaled.jpg 1920w\" sizes=\"auto, (max-width: 360px) 100vw, 360px\" \/><figcaption>Le nouveau magasin \u00ab\u00a0Les Pi\u00e8ces Concept\u00a0\u00bb. Cr\u00e9dit : Tristan<\/figcaption><\/figure><\/div>\n\n\n\n<p>C\u2019est exactement le sch\u00e9ma de pens\u00e9e d\u2019un second magasin phare de la sc\u00e8ne streetwear lyonnaise. V\u00e9ritable game-changer, <strong>Les Pi\u00e8ces Concept<\/strong>, anciennement <strong>Les Pi\u00e8ces Vintage<\/strong>, d\u00e9barquent \u00e0 Lyon en 2017. Ils ont une f\u00e2cheuse envie de donner \u00e0 la jeunesse lyonnaise, un amour pour le textile, une seconde vie \u00e0 leurs v\u00eatements. Le premier pari d\u2019<strong>Alan<\/strong> et <strong>Sosama<\/strong>, les deux fondateurs, est de pratiquer le resell, c\u2019est-\u00e0-dire de revendre plus cher des pi\u00e8ces rares produites en petits exemplaires cr\u00e9ant une certaine raret\u00e9&nbsp;; mais aussi des pi\u00e8ces vintages, et leur donner une seconde vie. Stone Island, Jordan, Off-White, Gucci\u2026 Toutes les marques se suivent et donnent lieu \u00e0 un concept novateur. Le magasin devient rapidement La Mecque du textile hype \u00e0 Lyon, popularis\u00e9 aussi et surtout par une forte communaut\u00e9 rap&nbsp;:&nbsp;\u00ab&nbsp;<em>Les Pi\u00e8ces Vintage ont toujours \u00e9t\u00e9 li\u00e9es au rap, par<strong> Lyonzon <\/strong>notamment et <strong>Mazoo<\/strong><\/em>&nbsp;\u00bb nous rappelle <strong>David<\/strong>, actuel associ\u00e9 au projet.<\/p>\n\n\n\n<div class=\"wp-block-image\"><figure class=\"alignright size-large is-resized\"><img loading=\"lazy\" decoding=\"async\" src=\"https:\/\/lyonbondyblog.fr\/LBB\/wp-content\/uploads\/2022\/07\/IMG_1678-1440x1920.jpg\" alt=\"\" class=\"wp-image-30175\" width=\"360\" height=\"480\" srcset=\"https:\/\/lyonbondyblog.fr\/LBB\/wp-content\/uploads\/2022\/07\/IMG_1678-1440x1920.jpg 1440w, https:\/\/lyonbondyblog.fr\/LBB\/wp-content\/uploads\/2022\/07\/IMG_1678-900x1200.jpg 900w, https:\/\/lyonbondyblog.fr\/LBB\/wp-content\/uploads\/2022\/07\/IMG_1678-768x1024.jpg 768w, https:\/\/lyonbondyblog.fr\/LBB\/wp-content\/uploads\/2022\/07\/IMG_1678-1152x1536.jpg 1152w, https:\/\/lyonbondyblog.fr\/LBB\/wp-content\/uploads\/2022\/07\/IMG_1678-1536x2048.jpg 1536w, https:\/\/lyonbondyblog.fr\/LBB\/wp-content\/uploads\/2022\/07\/IMG_1678-scaled.jpg 1920w\" sizes=\"auto, (max-width: 360px) 100vw, 360px\" \/><figcaption>Leur mur de sneakers unique en Europe. Cr\u00e9dit : Tristan<\/figcaption><\/figure><\/div>\n\n\n\n<p>D\u00e9sormais, le magasin s\u2019est d\u00e9localis\u00e9 quelques m\u00e8tres plus haut que l\u2019ancienne adresse qui a vu na\u00eetre le concept. Un peu moins de vintage, plus de resell de textile et<strong> un choix de baskets in\u00e9gal\u00e9 \u00e0 Lyon, voire en Europe<\/strong>. Une entreprise qui ne cesse de croitre et une notori\u00e9t\u00e9 qui prend le m\u00eame chemin&nbsp;: \u00ab&nbsp;<em>Les artistes viennent vers nous petit \u00e0 petit&nbsp;: <strong>Benjamin Epps<\/strong> est venu le week-end dernier, on a re\u00e7u l\u2019\u00e9quipe d\u2019<strong>Orelsan<\/strong> cette semaine. Ils voient qu\u2019on est s\u00e9rieux, et qu\u2019on re\u00e7oit des joueurs de foot, de basket, d\u2019athl\u00e8tes, des personnalit\u00e9s<\/em>\u2026&nbsp;\u00bb. Le lieu pr\u00e9vu pour trois vendeurs, a d\u00e9sormais atteint 20 salari\u00e9s en seulement quatre mois. Pour <strong>David<\/strong>, la diversification des activit\u00e9s en est la cause&nbsp;:&nbsp;\u00ab&nbsp;<em>On a lanc\u00e9 un atelier de r\u00e9novation. C\u2019est un service qu\u2019on a mis en place car en tant que grand consommateur de sneakers, le nettoyage, la restauration ou le simple entretien reste super importants. Les clients en sont super content<\/em>s \u00bb.<\/p>\n\n\n\n<p>Cette ouverture grand public a permis \u00e0 une population tr\u00e8s jeune de se positionner sur des marques aux origines diff\u00e9rentes&nbsp;: \u00ab&nbsp;<em>de Jacquemus, Amiri jusqu\u2019\u00e0 ChromeHearts, une marque port\u00e9e par <strong>Johnny Halliday<\/strong><\/em>&nbsp;!&nbsp;\u00bb. La culture hip-hop n\u2019a d\u00e9sormais plus de fronti\u00e8re, et vient doucement se frotter aux cadors de la mode pop\/rock, pour le plus grand plaisir de ceux qui cr\u00e9ent un business autour.<\/p>\n\n\n\n<h2 class=\"wp-block-heading\"><strong><em>\u00ab&nbsp;Mettre un jogging ce n\u2019est plus \u00eatre une racaille&nbsp;; c\u2019est une connaissance de la mode<\/em>&nbsp;\u00bb<\/strong><\/h2>\n\n\n\n<p>Avec une soci\u00e9t\u00e9 occidentale d\u00e9sormais port\u00e9e sur la cr\u00e9ation d\u2019une image de marque, d\u2019un personal branding ou encore d\u2019une bien-s\u00e9ance marketing, le streetwear b\u00e2tit lui aussi une image plus raffin\u00e9e. Il fait son chemin au c\u00f4t\u00e9 de grandes marques&nbsp;comme Stussy, PALACE, Nike, Jordan, Asics, Supr\u00eame&#8230; Certaines \u00e0 des prix abordables, d\u2019autres fr\u00f4lant le luxe qui repr\u00e9sentent un large panel du mouvement street actuel. Cette imagerie entre sapeur et BCBG (Beau Chic Beau Genre) est une aubaine pour les agences de conseil, qui travaillent avec des footballeurs, influenceurs et autres personnalit\u00e9s. C\u2019est le cas de <a href=\"https:\/\/www.instagram.com\/manasse_dk\/?hl=fr\" target=\"_blank\" rel=\"noreferrer noopener\"><strong>Manass\u00e9<\/strong><\/a>, qui a cr\u00e9\u00e9 son agence <strong><a href=\"https:\/\/www.instagram.com\/helpizz_\/?hl=fr\" target=\"_blank\" rel=\"noreferrer noopener\">Helpizz<\/a> <\/strong>il y a quelques ann\u00e9es. Associ\u00e9 avec le photographe <a href=\"https:\/\/www.instagram.com\/justezach\/?hl=fr\" target=\"_blank\" rel=\"noreferrer noopener\"><strong>ZACH<\/strong><\/a>, les deux comp\u00e8res parcourent le monde entier pour cr\u00e9er une identit\u00e9 forte \u00e0 leurs clients. Parmi eux, beaucoup de professionnels du ballon rond comme <strong>Castello Lukeba<\/strong>, <strong>Malo Gusto<\/strong> ou encore <strong>Pierre Kalulu<\/strong>, qui ont tous un attrait plus ou moins important pour le textile. Manass\u00e9 a toujours \u00e9t\u00e9 l\u2019interm\u00e9diaire entre les marques et les personnalit\u00e9s, bien que son m\u00e9tier n\u2019ai pas toujours \u00e9t\u00e9 reconnu. Aujourd\u2019hui, ce sont les footballeurs qui r\u00e9inventent le genre : \u00ab&nbsp;<em>Pierre et Castello mettent en avant la culture street, car ce sont devenues des c\u00e9l\u00e9brit\u00e9s et que le foot est le sport le plus suivi. S\u2019ils collaborent avec des marques, <strong>ils vont inconsciemment repr\u00e9senter le visage de l\u2019urbain<\/strong>. C\u2019est eux que les marques doivent pousser<\/em><strong>&nbsp;<\/strong>\u00bb d\u00e9taille Manass\u00e9.<\/p>\n\n\n\n<div class=\"wp-block-columns is-layout-flex wp-container-core-columns-is-layout-9d6595d7 wp-block-columns-is-layout-flex\">\n<div class=\"wp-block-column is-layout-flow wp-block-column-is-layout-flow\">\n<figure class=\"wp-block-image size-full\"><img loading=\"lazy\" decoding=\"async\" width=\"1080\" height=\"1334\" src=\"https:\/\/lyonbondyblog.fr\/LBB\/wp-content\/uploads\/2022\/07\/Screenshot_2022-07-14-10-46-59-15_1c337646f29875672b5a61192b9010f9.jpg\" alt=\"\" class=\"wp-image-30179\" srcset=\"https:\/\/lyonbondyblog.fr\/LBB\/wp-content\/uploads\/2022\/07\/Screenshot_2022-07-14-10-46-59-15_1c337646f29875672b5a61192b9010f9.jpg 1080w, https:\/\/lyonbondyblog.fr\/LBB\/wp-content\/uploads\/2022\/07\/Screenshot_2022-07-14-10-46-59-15_1c337646f29875672b5a61192b9010f9-972x1200.jpg 972w, https:\/\/lyonbondyblog.fr\/LBB\/wp-content\/uploads\/2022\/07\/Screenshot_2022-07-14-10-46-59-15_1c337646f29875672b5a61192b9010f9-768x949.jpg 768w\" sizes=\"auto, (max-width: 1080px) 100vw, 1080px\" \/><figcaption>Pierre Kalulu, joueur \u00e0 l&rsquo;AC Milan. Cr\u00e9dit : ZACH<\/figcaption><\/figure>\n<\/div>\n\n\n\n<div class=\"wp-block-column is-layout-flow wp-block-column-is-layout-flow\">\n<figure class=\"wp-block-image size-full\"><img loading=\"lazy\" decoding=\"async\" width=\"1080\" height=\"1326\" src=\"https:\/\/lyonbondyblog.fr\/LBB\/wp-content\/uploads\/2022\/07\/IMG_20220714_104714.jpg\" alt=\"\" class=\"wp-image-30180\" srcset=\"https:\/\/lyonbondyblog.fr\/LBB\/wp-content\/uploads\/2022\/07\/IMG_20220714_104714.jpg 1080w, https:\/\/lyonbondyblog.fr\/LBB\/wp-content\/uploads\/2022\/07\/IMG_20220714_104714-977x1200.jpg 977w, https:\/\/lyonbondyblog.fr\/LBB\/wp-content\/uploads\/2022\/07\/IMG_20220714_104714-768x943.jpg 768w\" sizes=\"auto, (max-width: 1080px) 100vw, 1080px\" \/><figcaption>Castello Lukeba, joueur de l&rsquo;OL, vu par Helpizz. Cr\u00e9dit : ZACH<\/figcaption><\/figure>\n<\/div>\n<\/div>\n\n\n\n<p><strong>Houssem Aouar<\/strong>, autre joueur de football form\u00e9 \u00e0 Lyon, <a href=\"https:\/\/twitter.com\/HoussemAouar\/status\/1521163756172201985\" target=\"_blank\" rel=\"noreferrer noopener\">a sorti une vid\u00e9o mettant en avant le quotidien d\u2019une journ\u00e9e lors du ramadan<\/a>, croisant plusieurs univers. Selon Manass\u00e9, c\u2019est une r\u00e9f\u00e9rence qui doit amener d\u2019autres initiatives&nbsp;: \u00ab <em>Houssem a une culture football qu\u2019il a pu mettre en avant via la rue, les surv\u00eatements, le street-football. Le montrer dans une vid\u00e9o, \u00e7a vulgarise le message. <\/em><strong><em>Mettre un jogging ou un surv\u00eatement, un baggi, des baskets : ce n\u2019est plus \u00eatre une racaille, c\u2019est d\u00e9sormais une connaissance de la mode<\/em>&nbsp;<\/strong>\u00bb.<\/p>\n\n\n\n<div class=\"wp-block-image\"><figure class=\"alignright size-full is-resized\"><img loading=\"lazy\" decoding=\"async\" src=\"https:\/\/lyonbondyblog.fr\/LBB\/wp-content\/uploads\/2022\/07\/illu-tyler-.png\" alt=\"\" class=\"wp-image-30187\" width=\"440\" height=\"548\"\/><figcaption>Tylor the Creator lors de la fashion-week parisienne. Cr\u00e9dit : ZACH<\/figcaption><\/figure><\/div>\n\n\n\n<p>Zach, son associ\u00e9, passionn\u00e9 de photographie, en a lui aussi fait un m\u00e9tier, entre fashion-week et street photo sur la presqu\u2019\u00eele. &nbsp;<em>\u00ab&nbsp;Dans la photo, tu captes une \u00e9motion, un moment fig\u00e9 dans le temps, tu ne sais pas ce qu\u2019il y a avant et apr\u00e8s. <strong>C\u2019est ce qui fait la beaut\u00e9 de cet art<\/strong>&nbsp;<\/em>\u00bb. Le Rwandais, arriv\u00e9 \u00e0 La Guilloti\u00e8re durant la p\u00e9riode du coll\u00e8ge, c\u00f4toie les sapeurs et les amoureux de la mode occidentale ici \u00e0 Lyon. Mais c\u2019est \u00e0 Paris, durant la fashion-week 2018 qu\u2019il sent que la photo prend une place plus importante dans sa vie. C\u2019est en s\u2019inspirant des looks de <strong>Tylor the Creator<\/strong> ou <strong>Pop Smoke <\/strong>(REP) qu\u2019il veut mettre en avant cette culture, cet \u00e9cosyst\u00e8me&nbsp;: \u00ab&nbsp;<em>J\u2019ai toujours aim\u00e9 les artistes qui avaient un pied dans la mode, un pied dans la musique, comme <strong>Alicia Keys<\/strong>, <strong>Kanye West<\/strong> ou encore <strong>Pharell Williams<\/strong>&nbsp;\u00bb.<\/em><\/p>\n\n\n\n<p>Avec Helpizz, Zach veut continuer \u00e0 capter le meilleur d\u2019un regard, d\u2019une pose, d\u2019un look. Il se rapproche des footballeurs, car ce sont des porte-paroles qui ont bien souvent des choses \u00e0 dire, \u00e0 incarner, \u00e0 revendiquer \u00ab&nbsp;<em>On veut nous faire croire que les footballeurs n\u2019ont pas de vie, qu\u2019ils passent leur journ\u00e9e \u00e0 taper dans le ballon. La r\u00e9alit\u00e9 ce n\u2019est pas \u00e7a&nbsp;: ils r\u00e9fl\u00e9chissent, \u00e7a leur arrive d\u2019\u00eatre triste, d\u2019\u00eatre heureux, qu\u2019ils s\u2019associent avec des business, des gens\u2026<strong> On a des choses \u00e0 construire avec les footballeurs<\/strong>, ils ont de l\u2019argent mais leur image n\u2019est pas d\u00e9velopp\u00e9e, L\u2019OL ne se mouillera jamais l\u00e0-dessus<\/em>&nbsp;\u00bb.<\/p>\n\n\n\n<p>Aujourd\u2019hui, les personnalit\u00e9s (footballeurs, rappeurs, etc) peuvent enfin d\u00e9velopper leur image depuis Lyon. De l\u2019agence de communication au magasin de v\u00eatements en passant par des photographes et stylistes, ils s\u2019entourent de tous types d\u2019acteurs du milieu.<\/p>\n\n\n\n<p>Pour le prochain \u00e9pisode, nous nous pencherons sur l&rsquo;histoire de cr\u00e9ateurs qui ont investi un \u00e9cosyst\u00e8me fort et ind\u00e9pendant du textile, entre pi\u00e8ces en petite quantit\u00e9 et cr\u00e9ations sur-mesure.<\/p>\n\n\n\n<p class=\"has-text-align-right\"><strong>Tristan<\/strong><\/p>\n\n\n\n<p><strong>Retrouvez nos derniers articles ici : <\/strong><\/p>\n\n\n<ul class=\"wp-block-latest-posts__list wp-block-latest-posts\"><li><a class=\"wp-block-latest-posts__post-title\" href=\"https:\/\/lyonbondyblog.fr\/LBB\/le-tribunal-refuse-la-liberation-provisoire-dun-homme-poursuivi-pour-violences-aggravees\/\">Le tribunal refuse la lib\u00e9ration provisoire d\u2019un homme poursuivi pour violences aggrav\u00e9es<\/a><\/li>\n<li><a class=\"wp-block-latest-posts__post-title\" href=\"https:\/\/lyonbondyblog.fr\/LBB\/la-poesie-au-theatre-la-generale-de-la-proposition-musicale-et-litteraire-dalain-klingler\/\">La po\u00e9sie au th\u00e9\u00e2tre\u00a0: la g\u00e9n\u00e9rale de la proposition musicale et litt\u00e9raire d\u2019Alain Klingler<\/a><\/li>\n<li><a class=\"wp-block-latest-posts__post-title\" href=\"https:\/\/lyonbondyblog.fr\/LBB\/culture-allez-faire-un-petit-tour-du-cote-de-venissieux-pour-le-raffut-festival\/\">Culture : Allez faire un petit tour du c\u00f4t\u00e9 de V\u00e9nissieux, pour le raffut festival<\/a><\/li>\n<li><a class=\"wp-block-latest-posts__post-title\" href=\"https:\/\/lyonbondyblog.fr\/LBB\/a-lyon-la-recherche-publique-et-lindustrie-resserrent-leurs-liens\/\">\u00c0 Lyon, la recherche publique et l&rsquo;industrie resserrent leurs liens<\/a><\/li>\n<li><a class=\"wp-block-latest-posts__post-title\" href=\"https:\/\/lyonbondyblog.fr\/LBB\/theatre-la-cabane-de-la-memoire\/\">Th\u00e9\u00e2tre : La cabane de la m\u00e9moire<\/a><\/li>\n<\/ul><!-- AddThis Advanced Settings generic via filter on the_content --><!-- AddThis Share Buttons generic via filter on the_content -->","protected":false},"excerpt":{"rendered":"<p>Lyon, ville de tradition, s\u2019est av\u00e9r\u00e9e \u00eatre un terreau fertile pour le streetwear. Cette culture a su cr\u00e9er ses propres codes, du vestiaire de sport &hellip; <!-- AddThis Advanced Settings generic via filter on wp_trim_excerpt --><!-- AddThis Share Buttons generic via filter on wp_trim_excerpt --><\/p>\n","protected":false},"author":1,"featured_media":30216,"comment_status":"open","ping_status":"open","sticky":true,"template":"","format":"standard","meta":{"_FSMCFIC_featured_image_caption":"","_FSMCFIC_featured_image_nocaption":"","_FSMCFIC_featured_image_hide":"","footnotes":""},"categories":[3,4],"tags":[1952,624,101,10,418,205,28030],"class_list":["post-30170","post","type-post","status-publish","format-standard","has-post-thumbnail","hentry","category-culture","category-lyon","tag-culture","tag-football","tag-hip-hop","tag-lyon-2","tag-mode","tag-rap","tag-streetwear"],"yoast_head":"<!-- This site is optimized with the Yoast SEO plugin v22.8 - https:\/\/yoast.com\/wordpress\/plugins\/seo\/ -->\n<title>Immersion dans le streetwear lyonnais. Episode 5 : Streetwear d\u2019\u00e9lite entre Rh\u00f4ne et Sa\u00f4ne - Lyon Bondy Blog<\/title>\n<meta name=\"description\" content=\"Le streetwear lyonnais est devenu \u00e0 l\u2019instar de la soci\u00e9t\u00e9 actuelle, port\u00e9e sur la cr\u00e9ation d\u2019une notori\u00e9t\u00e9. Exploit\u00e9 voire d\u00e9velopp\u00e9...\" \/>\n<meta name=\"robots\" content=\"index, follow, max-snippet:-1, max-image-preview:large, max-video-preview:-1\" \/>\n<link rel=\"canonical\" href=\"https:\/\/lyonbondyblog.fr\/LBB\/immersion-dans-le-streetwear-lyonnais-episode-5-streetwear-delite-entre-rhone-et-saone\/\" \/>\n<meta property=\"og:locale\" content=\"fr_FR\" \/>\n<meta property=\"og:type\" content=\"article\" \/>\n<meta property=\"og:title\" content=\"Immersion dans le streetwear lyonnais. Episode 5 : Streetwear d\u2019\u00e9lite entre Rh\u00f4ne et Sa\u00f4ne - Lyon Bondy Blog\" \/>\n<meta property=\"og:description\" content=\"Le streetwear lyonnais est devenu \u00e0 l\u2019instar de la soci\u00e9t\u00e9 actuelle, port\u00e9e sur la cr\u00e9ation d\u2019une notori\u00e9t\u00e9. Exploit\u00e9 voire d\u00e9velopp\u00e9...\" \/>\n<meta property=\"og:url\" content=\"https:\/\/lyonbondyblog.fr\/LBB\/immersion-dans-le-streetwear-lyonnais-episode-5-streetwear-delite-entre-rhone-et-saone\/\" \/>\n<meta property=\"og:site_name\" content=\"Lyon Bondy Blog\" \/>\n<meta property=\"article:publisher\" content=\"https:\/\/www.facebook.com\/lyonbondyblog\" \/>\n<meta property=\"article:author\" content=\"https:\/\/www.facebook.com\/lyonbondyblog\" \/>\n<meta property=\"article:published_time\" content=\"2022-07-15T14:59:19+00:00\" \/>\n<meta property=\"article:modified_time\" content=\"2022-07-25T09:16:18+00:00\" \/>\n<meta property=\"og:image\" content=\"https:\/\/lyonbondyblog.fr\/LBB\/wp-content\/uploads\/2022\/07\/image-couv-scaled.jpg\" \/>\n\t<meta property=\"og:image:width\" content=\"2560\" \/>\n\t<meta property=\"og:image:height\" content=\"1855\" \/>\n\t<meta property=\"og:image:type\" content=\"image\/jpeg\" \/>\n<meta name=\"author\" content=\"La r\u00e9daction\" \/>\n<meta name=\"twitter:card\" content=\"summary_large_image\" \/>\n<meta name=\"twitter:creator\" content=\"@BondyBlogLyon\" \/>\n<meta name=\"twitter:site\" content=\"@bondybloglyon\" \/>\n<script type=\"application\/ld+json\" class=\"yoast-schema-graph\">{\"@context\":\"https:\/\/schema.org\",\"@graph\":[{\"@type\":\"Article\",\"@id\":\"https:\/\/lyonbondyblog.fr\/LBB\/immersion-dans-le-streetwear-lyonnais-episode-5-streetwear-delite-entre-rhone-et-saone\/#article\",\"isPartOf\":{\"@id\":\"https:\/\/lyonbondyblog.fr\/LBB\/immersion-dans-le-streetwear-lyonnais-episode-5-streetwear-delite-entre-rhone-et-saone\/\"},\"author\":{\"name\":\"La r\u00e9daction\",\"@id\":\"https:\/\/lyonbondyblog.fr\/LBB\/#\/schema\/person\/e45f8d27baac75072daa0be50c409b25\"},\"headline\":\"Immersion dans le streetwear lyonnais. Episode 5 : Streetwear d\u2019\u00e9lite entre Rh\u00f4ne et Sa\u00f4ne\",\"datePublished\":\"2022-07-15T14:59:19+00:00\",\"dateModified\":\"2022-07-25T09:16:18+00:00\",\"mainEntityOfPage\":{\"@id\":\"https:\/\/lyonbondyblog.fr\/LBB\/immersion-dans-le-streetwear-lyonnais-episode-5-streetwear-delite-entre-rhone-et-saone\/\"},\"wordCount\":1806,\"commentCount\":0,\"publisher\":{\"@id\":\"https:\/\/lyonbondyblog.fr\/LBB\/#organization\"},\"image\":{\"@id\":\"https:\/\/lyonbondyblog.fr\/LBB\/immersion-dans-le-streetwear-lyonnais-episode-5-streetwear-delite-entre-rhone-et-saone\/#primaryimage\"},\"thumbnailUrl\":\"https:\/\/lyonbondyblog.fr\/LBB\/wp-content\/uploads\/2022\/07\/image-couv-scaled.jpg\",\"keywords\":[\"Culture\",\"Football\",\"hip-hop\",\"lyon\",\"mode\",\"rap\",\"streetwear\"],\"articleSection\":[\"Culture\",\"Lyon\"],\"inLanguage\":\"fr-FR\",\"potentialAction\":[{\"@type\":\"CommentAction\",\"name\":\"Comment\",\"target\":[\"https:\/\/lyonbondyblog.fr\/LBB\/immersion-dans-le-streetwear-lyonnais-episode-5-streetwear-delite-entre-rhone-et-saone\/#respond\"]}]},{\"@type\":\"WebPage\",\"@id\":\"https:\/\/lyonbondyblog.fr\/LBB\/immersion-dans-le-streetwear-lyonnais-episode-5-streetwear-delite-entre-rhone-et-saone\/\",\"url\":\"https:\/\/lyonbondyblog.fr\/LBB\/immersion-dans-le-streetwear-lyonnais-episode-5-streetwear-delite-entre-rhone-et-saone\/\",\"name\":\"Immersion dans le streetwear lyonnais. Episode 5 : Streetwear d\u2019\u00e9lite entre Rh\u00f4ne et Sa\u00f4ne - Lyon Bondy Blog\",\"isPartOf\":{\"@id\":\"https:\/\/lyonbondyblog.fr\/LBB\/#website\"},\"primaryImageOfPage\":{\"@id\":\"https:\/\/lyonbondyblog.fr\/LBB\/immersion-dans-le-streetwear-lyonnais-episode-5-streetwear-delite-entre-rhone-et-saone\/#primaryimage\"},\"image\":{\"@id\":\"https:\/\/lyonbondyblog.fr\/LBB\/immersion-dans-le-streetwear-lyonnais-episode-5-streetwear-delite-entre-rhone-et-saone\/#primaryimage\"},\"thumbnailUrl\":\"https:\/\/lyonbondyblog.fr\/LBB\/wp-content\/uploads\/2022\/07\/image-couv-scaled.jpg\",\"datePublished\":\"2022-07-15T14:59:19+00:00\",\"dateModified\":\"2022-07-25T09:16:18+00:00\",\"description\":\"Le streetwear lyonnais est devenu \u00e0 l\u2019instar de la soci\u00e9t\u00e9 actuelle, port\u00e9e sur la cr\u00e9ation d\u2019une notori\u00e9t\u00e9. Exploit\u00e9 voire d\u00e9velopp\u00e9...\",\"inLanguage\":\"fr-FR\",\"potentialAction\":[{\"@type\":\"ReadAction\",\"target\":[\"https:\/\/lyonbondyblog.fr\/LBB\/immersion-dans-le-streetwear-lyonnais-episode-5-streetwear-delite-entre-rhone-et-saone\/\"]}]},{\"@type\":\"ImageObject\",\"inLanguage\":\"fr-FR\",\"@id\":\"https:\/\/lyonbondyblog.fr\/LBB\/immersion-dans-le-streetwear-lyonnais-episode-5-streetwear-delite-entre-rhone-et-saone\/#primaryimage\",\"url\":\"https:\/\/lyonbondyblog.fr\/LBB\/wp-content\/uploads\/2022\/07\/image-couv-scaled.jpg\",\"contentUrl\":\"https:\/\/lyonbondyblog.fr\/LBB\/wp-content\/uploads\/2022\/07\/image-couv-scaled.jpg\",\"width\":2560,\"height\":1855,\"caption\":\"mur de chaussures\"},{\"@type\":\"WebSite\",\"@id\":\"https:\/\/lyonbondyblog.fr\/LBB\/#website\",\"url\":\"https:\/\/lyonbondyblog.fr\/LBB\/\",\"name\":\"Lyon Bondy Blog\",\"description\":\"\",\"publisher\":{\"@id\":\"https:\/\/lyonbondyblog.fr\/LBB\/#organization\"},\"potentialAction\":[{\"@type\":\"SearchAction\",\"target\":{\"@type\":\"EntryPoint\",\"urlTemplate\":\"https:\/\/lyonbondyblog.fr\/LBB\/?s={search_term_string}\"},\"query-input\":\"required name=search_term_string\"}],\"inLanguage\":\"fr-FR\"},{\"@type\":\"Organization\",\"@id\":\"https:\/\/lyonbondyblog.fr\/LBB\/#organization\",\"name\":\"LYON BONDY BLOG\",\"url\":\"https:\/\/lyonbondyblog.fr\/LBB\/\",\"logo\":{\"@type\":\"ImageObject\",\"inLanguage\":\"fr-FR\",\"@id\":\"https:\/\/lyonbondyblog.fr\/LBB\/#\/schema\/logo\/image\/\",\"url\":\"http:\/\/lyonbondyblog.fr\/LBB\/wp-content\/uploads\/2014\/10\/logo-portable-144.png\",\"contentUrl\":\"http:\/\/lyonbondyblog.fr\/LBB\/wp-content\/uploads\/2014\/10\/logo-portable-144.png\",\"width\":144,\"height\":123,\"caption\":\"LYON BONDY BLOG\"},\"image\":{\"@id\":\"https:\/\/lyonbondyblog.fr\/LBB\/#\/schema\/logo\/image\/\"},\"sameAs\":[\"https:\/\/www.facebook.com\/lyonbondyblog\",\"https:\/\/x.com\/bondybloglyon\"]},{\"@type\":\"Person\",\"@id\":\"https:\/\/lyonbondyblog.fr\/LBB\/#\/schema\/person\/e45f8d27baac75072daa0be50c409b25\",\"name\":\"La r\u00e9daction\",\"description\":\"Cr\u00e9e en 2008, la r\u00e9daction du Lyon Bondy Blog s'applique \u00e0 proposer une information locale diff\u00e9rente et compl\u00e9mentaire des m\u00e9dias traditionnels.\",\"sameAs\":[\"https:\/\/www.facebook.com\/lyonbondyblog\",\"https:\/\/x.com\/BondyBlogLyon\"],\"url\":\"https:\/\/lyonbondyblog.fr\/LBB\/author\/admin\/\"}]}<\/script>\n<!-- \/ Yoast SEO plugin. -->","yoast_head_json":{"title":"Immersion dans le streetwear lyonnais. Episode 5 : Streetwear d\u2019\u00e9lite entre Rh\u00f4ne et Sa\u00f4ne - Lyon Bondy Blog","description":"Le streetwear lyonnais est devenu \u00e0 l\u2019instar de la soci\u00e9t\u00e9 actuelle, port\u00e9e sur la cr\u00e9ation d\u2019une notori\u00e9t\u00e9. Exploit\u00e9 voire d\u00e9velopp\u00e9...","robots":{"index":"index","follow":"follow","max-snippet":"max-snippet:-1","max-image-preview":"max-image-preview:large","max-video-preview":"max-video-preview:-1"},"canonical":"https:\/\/lyonbondyblog.fr\/LBB\/immersion-dans-le-streetwear-lyonnais-episode-5-streetwear-delite-entre-rhone-et-saone\/","og_locale":"fr_FR","og_type":"article","og_title":"Immersion dans le streetwear lyonnais. Episode 5 : Streetwear d\u2019\u00e9lite entre Rh\u00f4ne et Sa\u00f4ne - Lyon Bondy Blog","og_description":"Le streetwear lyonnais est devenu \u00e0 l\u2019instar de la soci\u00e9t\u00e9 actuelle, port\u00e9e sur la cr\u00e9ation d\u2019une notori\u00e9t\u00e9. Exploit\u00e9 voire d\u00e9velopp\u00e9...","og_url":"https:\/\/lyonbondyblog.fr\/LBB\/immersion-dans-le-streetwear-lyonnais-episode-5-streetwear-delite-entre-rhone-et-saone\/","og_site_name":"Lyon Bondy Blog","article_publisher":"https:\/\/www.facebook.com\/lyonbondyblog","article_author":"https:\/\/www.facebook.com\/lyonbondyblog","article_published_time":"2022-07-15T14:59:19+00:00","article_modified_time":"2022-07-25T09:16:18+00:00","og_image":[{"width":2560,"height":1855,"url":"https:\/\/lyonbondyblog.fr\/LBB\/wp-content\/uploads\/2022\/07\/image-couv-scaled.jpg","type":"image\/jpeg"}],"author":"La r\u00e9daction","twitter_card":"summary_large_image","twitter_creator":"@BondyBlogLyon","twitter_site":"@bondybloglyon","schema":{"@context":"https:\/\/schema.org","@graph":[{"@type":"Article","@id":"https:\/\/lyonbondyblog.fr\/LBB\/immersion-dans-le-streetwear-lyonnais-episode-5-streetwear-delite-entre-rhone-et-saone\/#article","isPartOf":{"@id":"https:\/\/lyonbondyblog.fr\/LBB\/immersion-dans-le-streetwear-lyonnais-episode-5-streetwear-delite-entre-rhone-et-saone\/"},"author":{"name":"La r\u00e9daction","@id":"https:\/\/lyonbondyblog.fr\/LBB\/#\/schema\/person\/e45f8d27baac75072daa0be50c409b25"},"headline":"Immersion dans le streetwear lyonnais. Episode 5 : Streetwear d\u2019\u00e9lite entre Rh\u00f4ne et Sa\u00f4ne","datePublished":"2022-07-15T14:59:19+00:00","dateModified":"2022-07-25T09:16:18+00:00","mainEntityOfPage":{"@id":"https:\/\/lyonbondyblog.fr\/LBB\/immersion-dans-le-streetwear-lyonnais-episode-5-streetwear-delite-entre-rhone-et-saone\/"},"wordCount":1806,"commentCount":0,"publisher":{"@id":"https:\/\/lyonbondyblog.fr\/LBB\/#organization"},"image":{"@id":"https:\/\/lyonbondyblog.fr\/LBB\/immersion-dans-le-streetwear-lyonnais-episode-5-streetwear-delite-entre-rhone-et-saone\/#primaryimage"},"thumbnailUrl":"https:\/\/lyonbondyblog.fr\/LBB\/wp-content\/uploads\/2022\/07\/image-couv-scaled.jpg","keywords":["Culture","Football","hip-hop","lyon","mode","rap","streetwear"],"articleSection":["Culture","Lyon"],"inLanguage":"fr-FR","potentialAction":[{"@type":"CommentAction","name":"Comment","target":["https:\/\/lyonbondyblog.fr\/LBB\/immersion-dans-le-streetwear-lyonnais-episode-5-streetwear-delite-entre-rhone-et-saone\/#respond"]}]},{"@type":"WebPage","@id":"https:\/\/lyonbondyblog.fr\/LBB\/immersion-dans-le-streetwear-lyonnais-episode-5-streetwear-delite-entre-rhone-et-saone\/","url":"https:\/\/lyonbondyblog.fr\/LBB\/immersion-dans-le-streetwear-lyonnais-episode-5-streetwear-delite-entre-rhone-et-saone\/","name":"Immersion dans le streetwear lyonnais. Episode 5 : Streetwear d\u2019\u00e9lite entre Rh\u00f4ne et Sa\u00f4ne - Lyon Bondy Blog","isPartOf":{"@id":"https:\/\/lyonbondyblog.fr\/LBB\/#website"},"primaryImageOfPage":{"@id":"https:\/\/lyonbondyblog.fr\/LBB\/immersion-dans-le-streetwear-lyonnais-episode-5-streetwear-delite-entre-rhone-et-saone\/#primaryimage"},"image":{"@id":"https:\/\/lyonbondyblog.fr\/LBB\/immersion-dans-le-streetwear-lyonnais-episode-5-streetwear-delite-entre-rhone-et-saone\/#primaryimage"},"thumbnailUrl":"https:\/\/lyonbondyblog.fr\/LBB\/wp-content\/uploads\/2022\/07\/image-couv-scaled.jpg","datePublished":"2022-07-15T14:59:19+00:00","dateModified":"2022-07-25T09:16:18+00:00","description":"Le streetwear lyonnais est devenu \u00e0 l\u2019instar de la soci\u00e9t\u00e9 actuelle, port\u00e9e sur la cr\u00e9ation d\u2019une notori\u00e9t\u00e9. Exploit\u00e9 voire d\u00e9velopp\u00e9...","inLanguage":"fr-FR","potentialAction":[{"@type":"ReadAction","target":["https:\/\/lyonbondyblog.fr\/LBB\/immersion-dans-le-streetwear-lyonnais-episode-5-streetwear-delite-entre-rhone-et-saone\/"]}]},{"@type":"ImageObject","inLanguage":"fr-FR","@id":"https:\/\/lyonbondyblog.fr\/LBB\/immersion-dans-le-streetwear-lyonnais-episode-5-streetwear-delite-entre-rhone-et-saone\/#primaryimage","url":"https:\/\/lyonbondyblog.fr\/LBB\/wp-content\/uploads\/2022\/07\/image-couv-scaled.jpg","contentUrl":"https:\/\/lyonbondyblog.fr\/LBB\/wp-content\/uploads\/2022\/07\/image-couv-scaled.jpg","width":2560,"height":1855,"caption":"mur de chaussures"},{"@type":"WebSite","@id":"https:\/\/lyonbondyblog.fr\/LBB\/#website","url":"https:\/\/lyonbondyblog.fr\/LBB\/","name":"Lyon Bondy Blog","description":"","publisher":{"@id":"https:\/\/lyonbondyblog.fr\/LBB\/#organization"},"potentialAction":[{"@type":"SearchAction","target":{"@type":"EntryPoint","urlTemplate":"https:\/\/lyonbondyblog.fr\/LBB\/?s={search_term_string}"},"query-input":"required name=search_term_string"}],"inLanguage":"fr-FR"},{"@type":"Organization","@id":"https:\/\/lyonbondyblog.fr\/LBB\/#organization","name":"LYON BONDY BLOG","url":"https:\/\/lyonbondyblog.fr\/LBB\/","logo":{"@type":"ImageObject","inLanguage":"fr-FR","@id":"https:\/\/lyonbondyblog.fr\/LBB\/#\/schema\/logo\/image\/","url":"http:\/\/lyonbondyblog.fr\/LBB\/wp-content\/uploads\/2014\/10\/logo-portable-144.png","contentUrl":"http:\/\/lyonbondyblog.fr\/LBB\/wp-content\/uploads\/2014\/10\/logo-portable-144.png","width":144,"height":123,"caption":"LYON BONDY BLOG"},"image":{"@id":"https:\/\/lyonbondyblog.fr\/LBB\/#\/schema\/logo\/image\/"},"sameAs":["https:\/\/www.facebook.com\/lyonbondyblog","https:\/\/x.com\/bondybloglyon"]},{"@type":"Person","@id":"https:\/\/lyonbondyblog.fr\/LBB\/#\/schema\/person\/e45f8d27baac75072daa0be50c409b25","name":"La r\u00e9daction","description":"Cr\u00e9e en 2008, la r\u00e9daction du Lyon Bondy Blog s'applique \u00e0 proposer une information locale diff\u00e9rente et compl\u00e9mentaire des m\u00e9dias traditionnels.","sameAs":["https:\/\/www.facebook.com\/lyonbondyblog","https:\/\/x.com\/BondyBlogLyon"],"url":"https:\/\/lyonbondyblog.fr\/LBB\/author\/admin\/"}]}},"_links":{"self":[{"href":"https:\/\/lyonbondyblog.fr\/LBB\/wp-json\/wp\/v2\/posts\/30170","targetHints":{"allow":["GET"]}}],"collection":[{"href":"https:\/\/lyonbondyblog.fr\/LBB\/wp-json\/wp\/v2\/posts"}],"about":[{"href":"https:\/\/lyonbondyblog.fr\/LBB\/wp-json\/wp\/v2\/types\/post"}],"author":[{"embeddable":true,"href":"https:\/\/lyonbondyblog.fr\/LBB\/wp-json\/wp\/v2\/users\/1"}],"replies":[{"embeddable":true,"href":"https:\/\/lyonbondyblog.fr\/LBB\/wp-json\/wp\/v2\/comments?post=30170"}],"version-history":[{"count":16,"href":"https:\/\/lyonbondyblog.fr\/LBB\/wp-json\/wp\/v2\/posts\/30170\/revisions"}],"predecessor-version":[{"id":30399,"href":"https:\/\/lyonbondyblog.fr\/LBB\/wp-json\/wp\/v2\/posts\/30170\/revisions\/30399"}],"wp:featuredmedia":[{"embeddable":true,"href":"https:\/\/lyonbondyblog.fr\/LBB\/wp-json\/wp\/v2\/media\/30216"}],"wp:attachment":[{"href":"https:\/\/lyonbondyblog.fr\/LBB\/wp-json\/wp\/v2\/media?parent=30170"}],"wp:term":[{"taxonomy":"category","embeddable":true,"href":"https:\/\/lyonbondyblog.fr\/LBB\/wp-json\/wp\/v2\/categories?post=30170"},{"taxonomy":"post_tag","embeddable":true,"href":"https:\/\/lyonbondyblog.fr\/LBB\/wp-json\/wp\/v2\/tags?post=30170"}],"curies":[{"name":"wp","href":"https:\/\/api.w.org\/{rel}","templated":true}]}}