{"id":30080,"date":"2022-07-11T18:26:32","date_gmt":"2022-07-11T16:26:32","guid":{"rendered":"http:\/\/lyonbondyblog.fr\/LBB\/?p=30080"},"modified":"2022-07-11T18:26:34","modified_gmt":"2022-07-11T16:26:34","slug":"il-y-a-150-ans-lexposition-internationale-debarquait-a-lyon","status":"publish","type":"post","link":"https:\/\/lyonbondyblog.fr\/LBB\/il-y-a-150-ans-lexposition-internationale-debarquait-a-lyon\/","title":{"rendered":"Il y a 150 ans, l\u2019exposition internationale d\u00e9barquait \u00e0 Lyon"},"content":{"rendered":"\n<p><strong>Si le XIXe si\u00e8cle a \u00e9t\u00e9 marqu\u00e9 par des r\u00e9volutions et des guerres, il l\u2019a \u00e9galement \u00e9t\u00e9 pour ces renouvellements culturels et son besoin de montrer sa sup\u00e9riorit\u00e9 sur les pays voisins.\u00a0Si les expositions universelles\u00a0tel\u00a0que\u00a0Paris en 1889 ont grandement contribu\u00e9 au rayonnement, d\u2019autres moins connu et plus difficile \u00e0 mettre en place ont vu le jour, c\u2019est le cas de l\u2019exposition\u00a0internationale\u00a0de 1872 qui a eu lieu au parc de la t\u00eate d\u2019or \u00e0 Lyon.<\/strong><\/p>\n\n\n\n<p><em>\u00ab Le projet de l\u2019exposition\u00a0internationale\u00a0\u00e0 Lyon est\u00a0n\u00e9\u00a0en 1868 par Arthur\u00a0Jame, agent principal \u00e0 la chambre des commerces de Lyon et <a href=\"https:\/\/fr.wikipedia.org\/wiki\/Jules_Chatron\" target=\"_blank\" rel=\"noreferrer noopener\">Jules\u00a0Chatron, architecte<\/a><\/em>.\u00a0\u00bb\u00a0explique\u00a0<a href=\"https:\/\/www.linkedin.com\/in\/jean-%C3%A9t%C3%A8venaux-580295114\/?originalSubdomain=fr\" target=\"_blank\" rel=\"noreferrer noopener\">Jean\u00a0Et\u00e8venaux, c\u00e9l\u00e8bre journaliste et historien de la ville rhodanienne<\/a>.\u00a0C\u2019est en effet en plein dans le second empire, sous le joug de<a href=\"https:\/\/www.parcours-napoleoniens.com\/qui-sont-les-bonaparte\/biographie-napoleon-iii\/\" target=\"_blank\" rel=\"noreferrer noopener\"> Charles-Louis Napol\u00e9on Bonaparte, plus connu sous le nom de Napol\u00e9on III<\/a> que cette id\u00e9e \u00e9merge pour la premi\u00e8re fois.\u00a0Un contexte pas tr\u00e8s propice \u00e0 ce projet et\u00a0ce malgr\u00e9\u00a0les deux expositions universelles de Paris r\u00e9alis\u00e9s respectivement en 1865 et\u00a01867\u00a0qui ont permis une pleine reconnaissance dans la fabrique lyonnaise.\u00a0\u00ab <em>M\u00eame si la fabrique lyonnaise est reconnue \u00e0 cette \u00e9poque notamment au niveau de sa soie, l\u2019initiative n\u2019est pas \u00e0 l\u2019origine une id\u00e9e des politiques ou de syndicats.\u00a0De ce fait, la r\u00e9alisation d\u2019un \u00e9v\u00e9nement comme celui-ci sans entit\u00e9 derni\u00e8re ne partait pas forc\u00e9ment bien<\/em> \u00bb\u00a0explique\u00a0l\u2019historien Jean\u00a0Et\u00e8venaux.<\/p>\n\n\n\n<p>Pourtant, \u00e0 cette \u00e9poque, les expositions universelles ont le vent en poupe.\u00a0<em>\u00ab Ce\u00a0ph\u00e9nom\u00e8ne est arriv\u00e9 au milieu du XIXe si\u00e8cle.\u00a0Il s\u2019est manifest\u00e9 d\u2019abord \u00e0 Londres en Angleterre puis \u00e0 Paris o\u00f9 la soie lyonnaise y rencontre un vrai succ\u00e8s.\u00a0Cet \u00e9v\u00e9nement \u00e9tait clairement consid\u00e9r\u00e9 comme un moyen de valoris\u00e9 la production nationale.<\/em>\u00a0\u00bb\u00a0souligne\u00a0Jean\u00a0Et\u00e8venaux.\u00a0En effet, les expositions de Napol\u00e9on III interpellaient tous les grands chefs d\u2019Etat europ\u00e9ens.<\/p>\n\n\n\n<p>C\u2019est dans ce contexte que les deux hommes se rendent chez le pr\u00e9fet de la chambre du commerce de Lyon entre 1868 et 1869 pour pr\u00e9senter leur id\u00e9e.\u00a0Malgr\u00e9 l\u2019entrain et leur bonne volont\u00e9, le projet ne retient pas l\u2019attention des parlementaires.\u00a0Un sentiment partag\u00e9 m\u00eame par les grandes industries de soieries, chimiques et des machines.\u00a0<em>Les commer\u00e7ants reconnus de la ville consid\u00e9raient vraiment que cette exposition allait g\u00e9n\u00e9rer des frais trop importants.<\/em> \u00bb<\/p>\n\n\n\n<p>Cependant, les entreprises secondaires y voient un aspect plus favorable.\u00a0\u00ab <em>Ce type d\u2019\u00e9v\u00e9nement permettait de leur faire une grande publicit\u00e9 et par effet boule de neige, de faire conna\u00eetre les inventions nouvelles beaucoup plus rapidement.<\/em> \u00bb<\/p>\n\n\n\n<p>Face \u00e0 ce dilemme et pour \u00e9viter de se froisser avec les grands notables locaux, la Chambre de Commerce accepte le projet, mais refuse cat\u00e9goriquement de le financer.\u00a0<\/p>\n\n\n\n<div class=\"wp-block-image\"><figure class=\"aligncenter size-full\"><img loading=\"lazy\" decoding=\"async\" width=\"1333\" height=\"976\" src=\"https:\/\/lyonbondyblog.fr\/LBB\/wp-content\/uploads\/2022\/07\/plan-dexces-de-lexposition-internation-de-Lyon-en-1872.jpg\" alt=\"\" class=\"wp-image-30082\" srcset=\"https:\/\/lyonbondyblog.fr\/LBB\/wp-content\/uploads\/2022\/07\/plan-dexces-de-lexposition-internation-de-Lyon-en-1872.jpg 1333w, https:\/\/lyonbondyblog.fr\/LBB\/wp-content\/uploads\/2022\/07\/plan-dexces-de-lexposition-internation-de-Lyon-en-1872-1200x879.jpg 1200w, https:\/\/lyonbondyblog.fr\/LBB\/wp-content\/uploads\/2022\/07\/plan-dexces-de-lexposition-internation-de-Lyon-en-1872-768x562.jpg 768w\" sizes=\"auto, (max-width: 1333px) 100vw, 1333px\" \/><figcaption>Plan d&rsquo;acc\u00e8s de l&rsquo;exposition internationale de Lyon en 1872. Cr\u00e9dit : <a href=\"https:\/\/www.patrimoine-lyon.org\/traditions-lyonnaises\/3_expos_internationales\/expo_internationale_lyon_1872?fbclid=IwAR2qovd30M_2D3LHP8LmgGjvKlyoy2HnuVXMjLKFp0WXw27PHTAGtmLzhjc\" target=\"_blank\" rel=\"noreferrer noopener\">PatrimoineLyon<\/a><\/figcaption><\/figure><\/div>\n\n\n\n<h2 class=\"wp-block-heading\"><strong>Un financement sur fond de participation<\/strong><\/h2>\n\n\n\n<p>Face \u00e0 ce refus,\u00a0Jame\u00a0et\u00a0Chatron\u00a0doivent trouver un autre moyen de financement pour que leurs projets puissent voir le jour, c\u2019est en mars 1869, qu\u2019ils vont le trouver.\u00a0\u00ab <em>C\u2019est \u00e0 cette date que la commission de l\u2019exposition\u00a0cr\u00e9\u00e9\u00a0un comit\u00e9 de souscription pour r\u00e9colter un maximum de dons pour r\u00e9aliser le projet\u00a0\u00bb<\/em> d\u00e9tail l\u2019historien Jean\u00a0Eth\u00e8venaux\u00a0avant de <em>poursuivre \u00ab\u00a0le financement n\u2019\u00e9tait pas le seul but des deux hommes, ils cherchaient \u00e9galement la reconnaissance des entrepreneurs influent de la ville.\u00a0Ces derniers disposaient d\u2019une soci\u00e9t\u00e9 coop\u00e9rative qui aurait pu se payer les frais de constructions n\u00e9cessaires pour cet \u00e9v\u00e9nement.<\/em>\u00a0\u00bb\u00a0 Malheureusement\u00a0pour les deux hommes, cette entit\u00e9 a peu de poids et dispara\u00eet peu \u00e0 peu.<br><br>Ils se mettent alors en t\u00eate de trouver un entrepreneur g\u00e9n\u00e9raliste \u00e0 forfait qui pourrait se charger de tous les travaux de l\u2019exposition.\u00a0Et cet\u00a0homme, c\u2019est Monsieur\u00a0Savy.\u00a0\u00ab\u00a0<em>Savy\u00a0est un homme reconnu \u00e0 cette \u00e9poque.\u00a0C\u2019est lui qui avait entrepris les travaux pour l\u2019exposition de Beauvais ou encore celle de Paris lors de l\u2019exposition internationale de 1867 o\u00f9 il construit le palais du vice-roi d\u2019Egypte.<\/em>\u00a0\u00bb\u00a0explique\u00a0Jean\u00a0Eth\u00e8venaux.\u00a0C\u2019est donc lui qui s\u2019occupera de toutes les constructions de l\u2019exposition selon les plans de l\u2019organisateur et architecte Jules\u00a0Chatron.<\/p>\n\n\n\n<p>Et comme une bonne nouvelle n\u2019arrive jamais seule, en novembre 1869, une soci\u00e9t\u00e9 anonyme est cr\u00e9\u00e9e avec un capital de 500 000 francs.\u00a0Une somme qui s\u2019ajoute aux 80 000 francs des donateurs volontaires.\u00a0D\u2019un accord commun, le m\u00e8tre sera vendu 30 francs aux exposants, une somme qui servira de payer les d\u00e9penses engendrer par les constructions.\u00a0Il ne reste donc plus qu\u2019\u00e0 trouver le lieu de cette repr\u00e9sentation\u2026<\/p>\n\n\n\n<h2 class=\"wp-block-heading\"><strong>Le parc de la t\u00eate d\u2019or, comme une \u00e9vidence<\/strong><\/h2>\n\n\n\n<p>Pour la diffusion de cette exposition, c\u2019est le r\u00e9cent parc de la t\u00eate d\u2019or\u00a0(ouvert en 1857 sous la direction du <a href=\"https:\/\/www.senat.fr\/senateur-2nd-empire\/vaisse_claude_marius0305e2.html\" target=\"_blank\" rel=\"noreferrer noopener\">pr\u00e9fet\u00a0Claude-Marius\u00a0Va\u00efsse<\/a>)\u00a0qui est choisi pour plusieurs aspects.\u00a0<em>\u00ab Les avantages du parc de la t\u00eate d\u2019or sont multiples.\u00a0D\u2019abord, c\u2019est son aspect g\u00e9ographique qui est appr\u00e9ci\u00e9\u00a0(\u00e0 la fronti\u00e8re entre l\u2019agglom\u00e9ration lyonnaise et Villeurbanne).\u00a0Le second avantage \u00e9tait le fait que ce soit un espace vert.\u00a0Dans les expositions pr\u00e9c\u00e9dentes de <a href=\"https:\/\/fr.wikipedia.org\/wiki\/Exposition_universelle_de_1851\" target=\"_blank\" rel=\"noreferrer noopener\">Londres<\/a> et Paris, ces derni\u00e8res \u00e9taient organis\u00e9es dans des endroits artificiels et am\u00e9nag\u00e9es pour l\u2019occasion, tous l\u2019inverse de Lyon qui proposait un lieu enti\u00e8rement naturel.<\/em>\u00a0\u00bb\u00a0d\u00e9crit\u00a0Jean\u00a0Eth\u00e8venaux.<\/p>\n\n\n\n<p>Tous semblent alors r\u00e9unis pour faire de cet \u00e9v\u00e9nement une belle promotion de la ville lyonnaise.\u00a0La ville propose \u00e9galement un bail gratuit et temporaire \u00e0 la soci\u00e9t\u00e9 anonyme pour le terrain qui doit s\u2019\u00e9tendre des bords du lac et le Rh\u00f4ne depuis le viaduc de Gen\u00e8ve jusqu\u2019au pont de la boucle\u00a0(qui correspondant \u00e0 l\u2019actuel pont Winston Churchill).<\/p>\n\n\n\n<p>Un feu vert est m\u00eame donn\u00e9 en f\u00e9vrier 1870 pour d\u00e9marrer les constructions.\u00a0Mais c\u2019est sans compter sur le d\u00e9clenchement de la guerre franco-prussienne qui met \u00e0 mal le moral ainsi que le commerce et l\u2019industrie.\u00a0<\/p>\n\n\n\n<h2 class=\"wp-block-heading\"><strong>Un contexte politique et \u00e9conomique pas favorable<\/strong><\/h2>\n\n\n\n<p>Face \u00e0 la guerre ainsi qu\u2019au contexte politique de l\u2019\u00e9poque\u00a0(la commune), l\u2019ouverture de l\u2019exposition, initialement pr\u00e9vue le 1er mai 1871 est recul\u00e9 d\u2019un an.\u00a0<em>\u00ab Apr\u00e8s\u00a0ces \u00e9v\u00e9nements, l\u2019instabilit\u00e9 politique et le manque d\u2019envie dans le projet se font clairement ressentir.\u00a0C\u2019est en grande partie \u00e0 cause de cette r\u00e9ticence qu\u2019une fois le projet relancer, ces travaux vont prendre du retard. <\/em>\u00bb d\u00e9veloppe Jean\u00a0Eth\u00e8venaux.<\/p>\n\n\n\n<p>Mais pour retrouver l\u2019envie de faire ce projet, les organisateurs ont une id\u00e9e.\u00a0<em>\u00ab Le financement est relanc\u00e9 avec nouvelles souscriptions qui s\u2019ajoutent aux 500 000 francs initiaux.\u00a0C\u2019est ainsi que 200 000 francs proviennent du minist\u00e8re de l&rsquo;Agriculture et du Commerce, 100 000 francs par le Conseil municipal de Lyon, 30 000 par le Conseil g\u00e9n\u00e9ral.<\/em>\u00a0\u00bb\u00a0explique\u00a0Jean\u00a0Eth\u00e8venaux.<\/p>\n\n\n\n<p>Mais si le financement suit, ce n\u2019est pas le cas de tout le monde.\u00a0<em>\u00ab Du c\u00f4t\u00e9 des industriels et des commer\u00e7ants, l\u2019envie est encore moins pr\u00e9sente qu\u2019en 1869.\u00a0La guerre a mis\u00a0\u00e0\u00a0mal leurs \u00e9conomies et une\u00a0telle\u00a0op\u00e9ration semble \u00eatre une op\u00e9ration financi\u00e8re\u00a0non-rentable<\/em>\u00a0\u00bb\u00a0d\u00e9crit, Jean\u00a0Eth\u00e8venaux.<\/p>\n\n\n\n<p>Malgr\u00e9 tout, le projet aura lieu.\u00a0La construction de longs b\u00e2timents, mais \u00e9galement d\u2019\u00e9difices centraux dans le style mauresque et de larges galeries sortent de terre.\u00a0Des projets de pelouses et de kiosques, brasseries, caf\u00e9s, restaurants et autres buvettes doivent appara\u00eetre pour proposer un cadre idyllique.\u00a0Une flottille est mise en place sur le lac avec barques, chaloupes, canots de toute forme et pontons \u00e9l\u00e9gants pour permettre aux gens de pouvoir se promener sur l\u2019eau.<\/p>\n\n\n\n<div class=\"wp-block-image\"><figure class=\"aligncenter size-full\"><img loading=\"lazy\" decoding=\"async\" width=\"866\" height=\"1024\" src=\"https:\/\/lyonbondyblog.fr\/LBB\/wp-content\/uploads\/2022\/07\/kiosque-de-lorchestre-a-lexposition-international-de-Lyon-1872.jpg\" alt=\"\" class=\"wp-image-30083\" srcset=\"https:\/\/lyonbondyblog.fr\/LBB\/wp-content\/uploads\/2022\/07\/kiosque-de-lorchestre-a-lexposition-international-de-Lyon-1872.jpg 866w, https:\/\/lyonbondyblog.fr\/LBB\/wp-content\/uploads\/2022\/07\/kiosque-de-lorchestre-a-lexposition-international-de-Lyon-1872-768x908.jpg 768w\" sizes=\"auto, (max-width: 866px) 100vw, 866px\" \/><figcaption>kiosque de l&rsquo;orchestre \u00e0 l&rsquo;exposition internationale de Lyon en 1872.  Cr\u00e9dit : <a href=\"https:\/\/www.patrimoine-lyon.org\/traditions-lyonnaises\/3_expos_internationales\/expo_internationale_lyon_1872?fbclid=IwAR2qovd30M_2D3LHP8LmgGjvKlyoy2HnuVXMjLKFp0WXw27PHTAGtmLzhjc\" target=\"_blank\" rel=\"noreferrer noopener\">PatrimoineLyon<\/a> <\/figcaption><\/figure><\/div>\n\n\n\n<h2 class=\"wp-block-heading\"><strong>Des conditions de r\u00e9alisation d\u00e9licates<\/strong><br><\/h2>\n\n\n\n<p>Mais tous ne se passent pas comme pr\u00e9vu.\u00a0En mars 1872, soit quelques jours avant l\u2019ouverture officielle de l\u2019exposition\u00a0(initialement pr\u00e9vue le 1er mai), les travaux commenc\u00e9s deux ann\u00e9es auparavant ne sont toujours pas fini.\u00a0Des pi\u00e8ces aux dimensions insuffisantes ne sont pas solides et inqui\u00e8te l\u2019architecte municipale <a href=\"https:\/\/fr.wikipedia.org\/wiki\/Abraham_Hirsch_%28architecte%29\" target=\"_blank\" rel=\"noreferrer noopener\">Abraham\u00a0Hirsch<\/a>.\u00a0<em>\u00ab\u00a0Hirsh\u00a0\u00e9tait tr\u00e8s inquiet concernant l\u2019ach\u00e8vement des b\u00e2timents de l\u2019exposition.\u00a0Des risques d\u2019effondrement \u00e9taient m\u00eame \u00e0 pr\u00e9voir et le pavillon central n\u2019a que ces fondations.\u00a0La galerie des machines et le premier b\u00e2timent \u00e0 l\u2019entr\u00e9e du parc \u00e9taient les seuls b\u00e2timents \u00e0 avoir bien avanc\u00e9s.\u00a0D\u2019une certaine fa\u00e7on, il repr\u00e9sente le naufrage de cette exposition, \u00e0 savoir la r\u00e9alisation en solitaire d\u2019un projet que personne ne voulait<\/em>\u00a0\u00bb\u00a0raconte Jean\u00a0Eth\u00e8venaux.<\/p>\n\n\n\n<p>Autre facteur de ralentissement, c\u2019est la pluie qui oblige de grosses r\u00e9parations notamment au niveau des toitures.\u00a0D\u2019abord\u00a0repouss\u00e9e\u00a0au 15 mai, l\u2019ouverture est une nouvelle fois\u00a0report\u00e9\u00a0au 2 juin.\u00a0<\/p>\n\n\n\n<h2 class=\"wp-block-heading\"><strong>Une ouverture complexe<\/strong><\/h2>\n\n\n\n<p>C\u2019est donc le 2 juin qu\u2019\u00e0 lieu l\u2019ouverture du parc.\u00a0Une ouverture qui sera factur\u00e9e d\u2019un franc pour des voyageurs venant de Paris, Saint-Etienne ou encore Roanne.\u00a0\u00a0\u00ab L\u2019ouverture de l\u2019exposition est un v\u00e9ritable fiasco, d\u2019abord bon nombre de monuments tel que le palais sont loin d\u2019\u00eatre termin\u00e9, les vitrines ne d\u00e9passe pas la dizaine et l\u2019installation des objets \u00e0 exposer est nulle.\u00a0\u00bb\u00a0explique\u00a0jean Eth\u00e8venaux.\u00a0Les installations continueront d\u2019avancer les semaines suivantes jusqu\u2019\u00e0 l\u2019inauguration officielle pr\u00e9vue le 7 juillet.<\/p>\n\n\n\n<p>Une ouverture qui verra le ministre de l\u2019Int\u00e9rieur de l\u2019\u00e9poque, <a href=\"https:\/\/www.senat.fr\/senateur-3eme-republique\/lefranc_victor1499r3.html\" target=\"_blank\" rel=\"noreferrer noopener\">Victor Lefranc<\/a>, y prendre part.\u00a0Des illuminations sont propos\u00e9es aux visiteurs qui se pressent sur les bords du lac.\u00a0L\u00e0-bas, ce n&rsquo;est pas moins qu\u2019une douzaine d\u2019embarcations \u00e9clair\u00e9es de lanternes v\u00e9nitiennes accompagn\u00e9 d\u2019un spectacle pyrotechnique qui viennent accueillir les 100.000 premiers curieux.<\/p>\n\n\n\n<p>L\u2019entr\u00e9e est m\u00eame abaiss\u00e9e \u00e0 50 centimes.\u00a0Un banquet sera organis\u00e9 le lendemain soir avec pratiquement 250 invit\u00e9s.\u00a0Seul point positif une s\u00e9cession de m\u00e9saventure qui va toucher le parc dans les jours qui vont suivre\u2026<\/p>\n\n\n\n<h2 class=\"wp-block-heading\"><strong>Des constructions et incidents de plus en plus importants<\/strong><\/h2>\n\n\n\n<p>Malgr\u00e9 le fait que des attractions ont pu voir le jour comme l\u2019ascenseur hydraulique, qui permet d\u2019\u00e9lever les visiteurs au milieu des machines en mouvement au-dessus de la toiture, invent\u00e9 par l\u2019ing\u00e9nieur industriel <a href=\"https:\/\/fr.wikipedia.org\/wiki\/F%C3%A9lix_L%C3%A9on_Edoux\" target=\"_blank\" rel=\"noreferrer noopener\">F\u00e9lix L\u00e9on\u00a0\u00c9doux<\/a>.\u00a0\u00a0Cette premi\u00e8re attraction est pour l\u2019int\u00e9rieur du palais.\u00a0Le soir, c\u2019est la tourelle situ\u00e9e dans le parc qui prend le relais et permet aux visiteurs d\u2019admirer l\u2019exposition la nuit.<\/p>\n\n\n\n<p>D\u2019autres r\u00e9alisations comme un canon de 17 kg en acier fondu ou encore des galeries de tableaux sont \u00e0 observer.\u00a0Install\u00e9 sur les bas-ports de la rive gauche, un chemin de fer a\u00e9rien est \u00e9galement visible.\u00a0<\/p>\n\n\n\n<p>Le\u00a0dimanche\u00a028 juillet, c\u2019est tout un programme de festivit\u00e9 qui \u00e9tait \u00e0 pr\u00e9voir pour attirer un maximum de monde.\u00a0Mais les al\u00e9as climatiques apparurent ;\u00a0bient\u00f4t, c\u2019est un d\u00e9luge avec de la pluie, de la gr\u00eale, de la foudre et du vent qui s\u2019abattit sur la foule.\u00a0Outre-les nombreux d\u00e9g\u00e2ts relev\u00e9s sur les fa\u00e7ades, ou encore de certains murs en ma\u00e7onnerie, vitrage, toitures et autres lustres ;\u00a0ce sont les plusieurs milliers de personnes qui ont d\u00fb \u00eatre rep\u00each\u00e9es par les gardes, emport\u00e9s par l\u2019eau.<\/p>\n\n\n\n<p>Face \u00e0 ces multiples \u00e9checs, un jury est nomm\u00e9 le 16 septembre et la fermeture est fix\u00e9e au 31 octobre.\u00a0Une distribution de r\u00e9compense \u00e0 lieu le 3 novembre o\u00f9 des nominations d\u2019officiers et de chevalier de la L\u00e9gion d&rsquo;honneur sont distribu\u00e9es.<\/p>\n\n\n\n<p>Un bilan est m\u00eame organis\u00e9 le 5 novembre et montre des chiffres d\u00e9sastreux.\u00a0Pour pallier les difficult\u00e9s, les actionnaires d\u00e9cident le 14 novembre, que l\u2019exposition r\u00e9ouvrira ces portes l\u2019ann\u00e9e d\u2019apr\u00e8s et maintenant les responsables de cet \u00e9chec\u00a0(messieurs\u00a0Tharel\u00a0et\u00a0Savy)\u00a0en place et qui d\u00e9laiss\u00e8rent compl\u00e8tement le parc.\u00a0<\/p>\n\n\n\n<h2 class=\"wp-block-heading\"><strong>L\u2019ultime baroud d\u2019honneur<\/strong><\/h2>\n\n\n\n<p>Laisser dans un \u00e9tat lamentable (all\u00e9es d\u00e9fonc\u00e9es, pelouses pi\u00e9tin\u00e9es, d\u00e9pouill\u00e9es de leur gazon, les b\u00e2timents d\u00e9laiss\u00e9s et souvent d\u00e9t\u00e9rior\u00e9s). Ce n\u2019est qu\u2019en avril 1873, que la soci\u00e9t\u00e9 des actionnaires est \u00e0 nouveau autoris\u00e9e \u00e0 occuper le terrain. En mai, ce sont 300 ouvriers qui viennent remettre en ordre l\u2019\u00e9tat du parc. Les billets sont \u00e9galement abaiss\u00e9s, le ticket permanent passe de 50 \u00e0 15 francs et les entr\u00e9es du soir de 50 centimes \u00e0 25. Une ascension en ballon est \u00e9galement \u00e0 r\u00e9aliser par le fils de <a href=\"https:\/\/data.bnf.fr\/fr\/atelier\/16200577\/jean_eugene_poitevin\/\" target=\"_blank\" rel=\"noreferrer noopener\">Jean Eug\u00e8ne Poitevin<\/a>.<\/p>\n\n\n\n<p>Des nouveaut\u00e9s qui ne permettront pas de sauver l\u2019\u00e9v\u00e9nement. Le 2 ao\u00fbt de la m\u00eame ann\u00e9e, une annonce r\u00e9v\u00e8le que le conseil d\u2019administration ne r\u00e9glait pas enti\u00e8rement ses dettes et que les ouvriers ayant permis la remise en \u00e9tat du site attendaient leurs payes depuis avril. Le 13 ao\u00fbt, l\u2019exposition est d\u00e9clar\u00e9e en faillite, mais ce n\u2019est qu\u2019apr\u00e8s la remise de r\u00e9compense organis\u00e9 par les commer\u00e7ants eux m\u00eame, le 28 septembre que l\u2019\u00e9v\u00e9nement ferme officiellement et d\u00e9finitivement ces portes soit le 30 septembre 1873.<\/p>\n\n\n\n<div class=\"wp-block-image\"><figure class=\"aligncenter size-full\"><img loading=\"lazy\" decoding=\"async\" width=\"1024\" height=\"704\" src=\"https:\/\/lyonbondyblog.fr\/LBB\/wp-content\/uploads\/2022\/07\/vue-du-parc-de-la-tete-dor-lors-de-lexposition.jpg\" alt=\"\" class=\"wp-image-30085\" srcset=\"https:\/\/lyonbondyblog.fr\/LBB\/wp-content\/uploads\/2022\/07\/vue-du-parc-de-la-tete-dor-lors-de-lexposition.jpg 1024w, https:\/\/lyonbondyblog.fr\/LBB\/wp-content\/uploads\/2022\/07\/vue-du-parc-de-la-tete-dor-lors-de-lexposition-768x528.jpg 768w\" sizes=\"auto, (max-width: 1024px) 100vw, 1024px\" \/><figcaption>Vue du parc de la t\u00eate d&rsquo;or lors de l&rsquo;exposition.  Cr\u00e9dit : <a href=\"https:\/\/www.patrimoine-lyon.org\/traditions-lyonnaises\/3_expos_internationales\/expo_internationale_lyon_1872?fbclid=IwAR2qovd30M_2D3LHP8LmgGjvKlyoy2HnuVXMjLKFp0WXw27PHTAGtmLzhjc\" target=\"_blank\" rel=\"noreferrer noopener\">PatrimoineLyon<\/a> <\/figcaption><\/figure><\/div>\n\n\n\n<p class=\"has-text-align-right\"><strong>Thibaut Eperdussin<\/strong><\/p>\n\n\n\n<p class=\"has-text-align-left\"><strong>Retrouvez nos derniers articles ici : <\/strong><\/p>\n\n\n<ul class=\"wp-block-latest-posts__list wp-block-latest-posts\"><li><a class=\"wp-block-latest-posts__post-title\" href=\"https:\/\/lyonbondyblog.fr\/LBB\/theatre-bingo-loto-et-impro\/\">Th\u00e9\u00e2tre : Bingo-loto et impro\u00a0<\/a><\/li>\n<li><a class=\"wp-block-latest-posts__post-title\" href=\"https:\/\/lyonbondyblog.fr\/LBB\/fetes-escales-tour-du-monde-a-venissieux\/\">F\u00eates Escales : tour du monde \u00e0 V\u00e9nissieux<\/a><\/li>\n<li><a class=\"wp-block-latest-posts__post-title\" href=\"https:\/\/lyonbondyblog.fr\/LBB\/jeunes-davenirs-la-jeunesse-a-venir\/\">Jeunes d\u2019Avenirs\u00a0: la jeunesse \u00e0 venir<\/a><\/li>\n<li><a class=\"wp-block-latest-posts__post-title\" href=\"https:\/\/lyonbondyblog.fr\/LBB\/le-tribunal-refuse-la-liberation-provisoire-dun-homme-poursuivi-pour-violences-aggravees\/\">Le tribunal refuse la lib\u00e9ration provisoire d\u2019un homme poursuivi pour violences aggrav\u00e9es<\/a><\/li>\n<li><a class=\"wp-block-latest-posts__post-title\" href=\"https:\/\/lyonbondyblog.fr\/LBB\/la-poesie-au-theatre-la-generale-de-la-proposition-musicale-et-litteraire-dalain-klingler\/\">La po\u00e9sie au th\u00e9\u00e2tre\u00a0: la g\u00e9n\u00e9rale de la proposition musicale et litt\u00e9raire d\u2019Alain Klingler<\/a><\/li>\n<\/ul>\n\n\n<p><br><\/p>\n\n\n\n<p><br><br><\/p>\n\n\n\n<p><br><\/p>\n<!-- AddThis Advanced Settings generic via filter on the_content --><!-- AddThis Share Buttons generic via filter on the_content -->","protected":false},"excerpt":{"rendered":"<p>Si le XIXe si\u00e8cle a \u00e9t\u00e9 marqu\u00e9 par des r\u00e9volutions et des guerres, il l\u2019a \u00e9galement \u00e9t\u00e9 pour ces renouvellements culturels et son besoin de &hellip; <!-- AddThis Advanced Settings generic via filter on wp_trim_excerpt --><!-- AddThis Share Buttons generic via filter on wp_trim_excerpt --><\/p>\n","protected":false},"author":1,"featured_media":30081,"comment_status":"open","ping_status":"open","sticky":true,"template":"","format":"standard","meta":{"_FSMCFIC_featured_image_caption":"","_FSMCFIC_featured_image_nocaption":"","_FSMCFIC_featured_image_hide":"","footnotes":""},"categories":[3,4],"tags":[1952,28113,241,10,441],"class_list":["post-30080","post","type-post","status-publish","format-standard","has-post-thumbnail","hentry","category-culture","category-lyon","tag-culture","tag-exposition-universelle","tag-histoire","tag-lyon-2","tag-tete-dor"],"yoast_head":"<!-- This site is optimized with the Yoast SEO plugin v22.8 - https:\/\/yoast.com\/wordpress\/plugins\/seo\/ -->\n<title>Il y a 150 ans, l\u2019exposition internationale d\u00e9barquait \u00e0 Lyon - Lyon Bondy Blog<\/title>\n<meta name=\"description\" content=\"Si le XIXe si\u00e8cle a \u00e9t\u00e9 marqu\u00e9 par des r\u00e9volutions et des guerres, il l\u2019a \u00e9galement \u00e9t\u00e9 pour ces renouvellements culturels et son besoin...\" \/>\n<meta name=\"robots\" content=\"index, follow, max-snippet:-1, max-image-preview:large, max-video-preview:-1\" \/>\n<link rel=\"canonical\" href=\"https:\/\/lyonbondyblog.fr\/LBB\/il-y-a-150-ans-lexposition-internationale-debarquait-a-lyon\/\" \/>\n<meta property=\"og:locale\" content=\"fr_FR\" \/>\n<meta property=\"og:type\" content=\"article\" \/>\n<meta property=\"og:title\" content=\"Il y a 150 ans, l\u2019exposition internationale d\u00e9barquait \u00e0 Lyon - Lyon Bondy Blog\" \/>\n<meta property=\"og:description\" content=\"Si le XIXe si\u00e8cle a \u00e9t\u00e9 marqu\u00e9 par des r\u00e9volutions et des guerres, il l\u2019a \u00e9galement \u00e9t\u00e9 pour ces renouvellements culturels et son besoin...\" \/>\n<meta property=\"og:url\" content=\"https:\/\/lyonbondyblog.fr\/LBB\/il-y-a-150-ans-lexposition-internationale-debarquait-a-lyon\/\" \/>\n<meta property=\"og:site_name\" content=\"Lyon Bondy Blog\" \/>\n<meta property=\"article:publisher\" content=\"https:\/\/www.facebook.com\/lyonbondyblog\" \/>\n<meta property=\"article:author\" content=\"https:\/\/www.facebook.com\/lyonbondyblog\" \/>\n<meta property=\"article:published_time\" content=\"2022-07-11T16:26:32+00:00\" \/>\n<meta property=\"article:modified_time\" content=\"2022-07-11T16:26:34+00:00\" \/>\n<meta property=\"og:image\" content=\"https:\/\/lyonbondyblog.fr\/LBB\/wp-content\/uploads\/2022\/07\/image-de-lexposition-internationale-de-lyon-1872.jpg\" \/>\n\t<meta property=\"og:image:width\" content=\"1476\" \/>\n\t<meta property=\"og:image:height\" content=\"847\" \/>\n\t<meta property=\"og:image:type\" content=\"image\/jpeg\" \/>\n<meta name=\"author\" content=\"La r\u00e9daction\" \/>\n<meta name=\"twitter:card\" content=\"summary_large_image\" \/>\n<meta name=\"twitter:creator\" content=\"@BondyBlogLyon\" \/>\n<meta name=\"twitter:site\" content=\"@bondybloglyon\" \/>\n<script type=\"application\/ld+json\" class=\"yoast-schema-graph\">{\"@context\":\"https:\/\/schema.org\",\"@graph\":[{\"@type\":\"Article\",\"@id\":\"https:\/\/lyonbondyblog.fr\/LBB\/il-y-a-150-ans-lexposition-internationale-debarquait-a-lyon\/#article\",\"isPartOf\":{\"@id\":\"https:\/\/lyonbondyblog.fr\/LBB\/il-y-a-150-ans-lexposition-internationale-debarquait-a-lyon\/\"},\"author\":{\"name\":\"La r\u00e9daction\",\"@id\":\"https:\/\/lyonbondyblog.fr\/LBB\/#\/schema\/person\/e45f8d27baac75072daa0be50c409b25\"},\"headline\":\"Il y a 150 ans, l\u2019exposition internationale d\u00e9barquait \u00e0 Lyon\",\"datePublished\":\"2022-07-11T16:26:32+00:00\",\"dateModified\":\"2022-07-11T16:26:34+00:00\",\"mainEntityOfPage\":{\"@id\":\"https:\/\/lyonbondyblog.fr\/LBB\/il-y-a-150-ans-lexposition-internationale-debarquait-a-lyon\/\"},\"wordCount\":2278,\"commentCount\":0,\"publisher\":{\"@id\":\"https:\/\/lyonbondyblog.fr\/LBB\/#organization\"},\"image\":{\"@id\":\"https:\/\/lyonbondyblog.fr\/LBB\/il-y-a-150-ans-lexposition-internationale-debarquait-a-lyon\/#primaryimage\"},\"thumbnailUrl\":\"https:\/\/lyonbondyblog.fr\/LBB\/wp-content\/uploads\/2022\/07\/image-de-lexposition-internationale-de-lyon-1872.jpg\",\"keywords\":[\"Culture\",\"exposition universelle\",\"histoire\",\"lyon\",\"tete d'or\"],\"articleSection\":[\"Culture\",\"Lyon\"],\"inLanguage\":\"fr-FR\",\"potentialAction\":[{\"@type\":\"CommentAction\",\"name\":\"Comment\",\"target\":[\"https:\/\/lyonbondyblog.fr\/LBB\/il-y-a-150-ans-lexposition-internationale-debarquait-a-lyon\/#respond\"]}]},{\"@type\":\"WebPage\",\"@id\":\"https:\/\/lyonbondyblog.fr\/LBB\/il-y-a-150-ans-lexposition-internationale-debarquait-a-lyon\/\",\"url\":\"https:\/\/lyonbondyblog.fr\/LBB\/il-y-a-150-ans-lexposition-internationale-debarquait-a-lyon\/\",\"name\":\"Il y a 150 ans, l\u2019exposition internationale d\u00e9barquait \u00e0 Lyon - Lyon Bondy Blog\",\"isPartOf\":{\"@id\":\"https:\/\/lyonbondyblog.fr\/LBB\/#website\"},\"primaryImageOfPage\":{\"@id\":\"https:\/\/lyonbondyblog.fr\/LBB\/il-y-a-150-ans-lexposition-internationale-debarquait-a-lyon\/#primaryimage\"},\"image\":{\"@id\":\"https:\/\/lyonbondyblog.fr\/LBB\/il-y-a-150-ans-lexposition-internationale-debarquait-a-lyon\/#primaryimage\"},\"thumbnailUrl\":\"https:\/\/lyonbondyblog.fr\/LBB\/wp-content\/uploads\/2022\/07\/image-de-lexposition-internationale-de-lyon-1872.jpg\",\"datePublished\":\"2022-07-11T16:26:32+00:00\",\"dateModified\":\"2022-07-11T16:26:34+00:00\",\"description\":\"Si le XIXe si\u00e8cle a \u00e9t\u00e9 marqu\u00e9 par des r\u00e9volutions et des guerres, il l\u2019a \u00e9galement \u00e9t\u00e9 pour ces renouvellements culturels et son besoin...\",\"inLanguage\":\"fr-FR\",\"potentialAction\":[{\"@type\":\"ReadAction\",\"target\":[\"https:\/\/lyonbondyblog.fr\/LBB\/il-y-a-150-ans-lexposition-internationale-debarquait-a-lyon\/\"]}]},{\"@type\":\"ImageObject\",\"inLanguage\":\"fr-FR\",\"@id\":\"https:\/\/lyonbondyblog.fr\/LBB\/il-y-a-150-ans-lexposition-internationale-debarquait-a-lyon\/#primaryimage\",\"url\":\"https:\/\/lyonbondyblog.fr\/LBB\/wp-content\/uploads\/2022\/07\/image-de-lexposition-internationale-de-lyon-1872.jpg\",\"contentUrl\":\"https:\/\/lyonbondyblog.fr\/LBB\/wp-content\/uploads\/2022\/07\/image-de-lexposition-internationale-de-lyon-1872.jpg\",\"width\":1476,\"height\":847,\"caption\":\"illustration exposition internationale\"},{\"@type\":\"WebSite\",\"@id\":\"https:\/\/lyonbondyblog.fr\/LBB\/#website\",\"url\":\"https:\/\/lyonbondyblog.fr\/LBB\/\",\"name\":\"Lyon Bondy Blog\",\"description\":\"\",\"publisher\":{\"@id\":\"https:\/\/lyonbondyblog.fr\/LBB\/#organization\"},\"potentialAction\":[{\"@type\":\"SearchAction\",\"target\":{\"@type\":\"EntryPoint\",\"urlTemplate\":\"https:\/\/lyonbondyblog.fr\/LBB\/?s={search_term_string}\"},\"query-input\":\"required name=search_term_string\"}],\"inLanguage\":\"fr-FR\"},{\"@type\":\"Organization\",\"@id\":\"https:\/\/lyonbondyblog.fr\/LBB\/#organization\",\"name\":\"LYON BONDY BLOG\",\"url\":\"https:\/\/lyonbondyblog.fr\/LBB\/\",\"logo\":{\"@type\":\"ImageObject\",\"inLanguage\":\"fr-FR\",\"@id\":\"https:\/\/lyonbondyblog.fr\/LBB\/#\/schema\/logo\/image\/\",\"url\":\"http:\/\/lyonbondyblog.fr\/LBB\/wp-content\/uploads\/2014\/10\/logo-portable-144.png\",\"contentUrl\":\"http:\/\/lyonbondyblog.fr\/LBB\/wp-content\/uploads\/2014\/10\/logo-portable-144.png\",\"width\":144,\"height\":123,\"caption\":\"LYON BONDY BLOG\"},\"image\":{\"@id\":\"https:\/\/lyonbondyblog.fr\/LBB\/#\/schema\/logo\/image\/\"},\"sameAs\":[\"https:\/\/www.facebook.com\/lyonbondyblog\",\"https:\/\/x.com\/bondybloglyon\"]},{\"@type\":\"Person\",\"@id\":\"https:\/\/lyonbondyblog.fr\/LBB\/#\/schema\/person\/e45f8d27baac75072daa0be50c409b25\",\"name\":\"La r\u00e9daction\",\"description\":\"Cr\u00e9e en 2008, la r\u00e9daction du Lyon Bondy Blog s'applique \u00e0 proposer une information locale diff\u00e9rente et compl\u00e9mentaire des m\u00e9dias traditionnels.\",\"sameAs\":[\"https:\/\/www.facebook.com\/lyonbondyblog\",\"https:\/\/x.com\/BondyBlogLyon\"],\"url\":\"https:\/\/lyonbondyblog.fr\/LBB\/author\/admin\/\"}]}<\/script>\n<!-- \/ Yoast SEO plugin. -->","yoast_head_json":{"title":"Il y a 150 ans, l\u2019exposition internationale d\u00e9barquait \u00e0 Lyon - Lyon Bondy Blog","description":"Si le XIXe si\u00e8cle a \u00e9t\u00e9 marqu\u00e9 par des r\u00e9volutions et des guerres, il l\u2019a \u00e9galement \u00e9t\u00e9 pour ces renouvellements culturels et son besoin...","robots":{"index":"index","follow":"follow","max-snippet":"max-snippet:-1","max-image-preview":"max-image-preview:large","max-video-preview":"max-video-preview:-1"},"canonical":"https:\/\/lyonbondyblog.fr\/LBB\/il-y-a-150-ans-lexposition-internationale-debarquait-a-lyon\/","og_locale":"fr_FR","og_type":"article","og_title":"Il y a 150 ans, l\u2019exposition internationale d\u00e9barquait \u00e0 Lyon - Lyon Bondy Blog","og_description":"Si le XIXe si\u00e8cle a \u00e9t\u00e9 marqu\u00e9 par des r\u00e9volutions et des guerres, il l\u2019a \u00e9galement \u00e9t\u00e9 pour ces renouvellements culturels et son besoin...","og_url":"https:\/\/lyonbondyblog.fr\/LBB\/il-y-a-150-ans-lexposition-internationale-debarquait-a-lyon\/","og_site_name":"Lyon Bondy Blog","article_publisher":"https:\/\/www.facebook.com\/lyonbondyblog","article_author":"https:\/\/www.facebook.com\/lyonbondyblog","article_published_time":"2022-07-11T16:26:32+00:00","article_modified_time":"2022-07-11T16:26:34+00:00","og_image":[{"width":1476,"height":847,"url":"https:\/\/lyonbondyblog.fr\/LBB\/wp-content\/uploads\/2022\/07\/image-de-lexposition-internationale-de-lyon-1872.jpg","type":"image\/jpeg"}],"author":"La r\u00e9daction","twitter_card":"summary_large_image","twitter_creator":"@BondyBlogLyon","twitter_site":"@bondybloglyon","schema":{"@context":"https:\/\/schema.org","@graph":[{"@type":"Article","@id":"https:\/\/lyonbondyblog.fr\/LBB\/il-y-a-150-ans-lexposition-internationale-debarquait-a-lyon\/#article","isPartOf":{"@id":"https:\/\/lyonbondyblog.fr\/LBB\/il-y-a-150-ans-lexposition-internationale-debarquait-a-lyon\/"},"author":{"name":"La r\u00e9daction","@id":"https:\/\/lyonbondyblog.fr\/LBB\/#\/schema\/person\/e45f8d27baac75072daa0be50c409b25"},"headline":"Il y a 150 ans, l\u2019exposition internationale d\u00e9barquait \u00e0 Lyon","datePublished":"2022-07-11T16:26:32+00:00","dateModified":"2022-07-11T16:26:34+00:00","mainEntityOfPage":{"@id":"https:\/\/lyonbondyblog.fr\/LBB\/il-y-a-150-ans-lexposition-internationale-debarquait-a-lyon\/"},"wordCount":2278,"commentCount":0,"publisher":{"@id":"https:\/\/lyonbondyblog.fr\/LBB\/#organization"},"image":{"@id":"https:\/\/lyonbondyblog.fr\/LBB\/il-y-a-150-ans-lexposition-internationale-debarquait-a-lyon\/#primaryimage"},"thumbnailUrl":"https:\/\/lyonbondyblog.fr\/LBB\/wp-content\/uploads\/2022\/07\/image-de-lexposition-internationale-de-lyon-1872.jpg","keywords":["Culture","exposition universelle","histoire","lyon","tete d'or"],"articleSection":["Culture","Lyon"],"inLanguage":"fr-FR","potentialAction":[{"@type":"CommentAction","name":"Comment","target":["https:\/\/lyonbondyblog.fr\/LBB\/il-y-a-150-ans-lexposition-internationale-debarquait-a-lyon\/#respond"]}]},{"@type":"WebPage","@id":"https:\/\/lyonbondyblog.fr\/LBB\/il-y-a-150-ans-lexposition-internationale-debarquait-a-lyon\/","url":"https:\/\/lyonbondyblog.fr\/LBB\/il-y-a-150-ans-lexposition-internationale-debarquait-a-lyon\/","name":"Il y a 150 ans, l\u2019exposition internationale d\u00e9barquait \u00e0 Lyon - Lyon Bondy Blog","isPartOf":{"@id":"https:\/\/lyonbondyblog.fr\/LBB\/#website"},"primaryImageOfPage":{"@id":"https:\/\/lyonbondyblog.fr\/LBB\/il-y-a-150-ans-lexposition-internationale-debarquait-a-lyon\/#primaryimage"},"image":{"@id":"https:\/\/lyonbondyblog.fr\/LBB\/il-y-a-150-ans-lexposition-internationale-debarquait-a-lyon\/#primaryimage"},"thumbnailUrl":"https:\/\/lyonbondyblog.fr\/LBB\/wp-content\/uploads\/2022\/07\/image-de-lexposition-internationale-de-lyon-1872.jpg","datePublished":"2022-07-11T16:26:32+00:00","dateModified":"2022-07-11T16:26:34+00:00","description":"Si le XIXe si\u00e8cle a \u00e9t\u00e9 marqu\u00e9 par des r\u00e9volutions et des guerres, il l\u2019a \u00e9galement \u00e9t\u00e9 pour ces renouvellements culturels et son besoin...","inLanguage":"fr-FR","potentialAction":[{"@type":"ReadAction","target":["https:\/\/lyonbondyblog.fr\/LBB\/il-y-a-150-ans-lexposition-internationale-debarquait-a-lyon\/"]}]},{"@type":"ImageObject","inLanguage":"fr-FR","@id":"https:\/\/lyonbondyblog.fr\/LBB\/il-y-a-150-ans-lexposition-internationale-debarquait-a-lyon\/#primaryimage","url":"https:\/\/lyonbondyblog.fr\/LBB\/wp-content\/uploads\/2022\/07\/image-de-lexposition-internationale-de-lyon-1872.jpg","contentUrl":"https:\/\/lyonbondyblog.fr\/LBB\/wp-content\/uploads\/2022\/07\/image-de-lexposition-internationale-de-lyon-1872.jpg","width":1476,"height":847,"caption":"illustration exposition internationale"},{"@type":"WebSite","@id":"https:\/\/lyonbondyblog.fr\/LBB\/#website","url":"https:\/\/lyonbondyblog.fr\/LBB\/","name":"Lyon Bondy Blog","description":"","publisher":{"@id":"https:\/\/lyonbondyblog.fr\/LBB\/#organization"},"potentialAction":[{"@type":"SearchAction","target":{"@type":"EntryPoint","urlTemplate":"https:\/\/lyonbondyblog.fr\/LBB\/?s={search_term_string}"},"query-input":"required name=search_term_string"}],"inLanguage":"fr-FR"},{"@type":"Organization","@id":"https:\/\/lyonbondyblog.fr\/LBB\/#organization","name":"LYON BONDY BLOG","url":"https:\/\/lyonbondyblog.fr\/LBB\/","logo":{"@type":"ImageObject","inLanguage":"fr-FR","@id":"https:\/\/lyonbondyblog.fr\/LBB\/#\/schema\/logo\/image\/","url":"http:\/\/lyonbondyblog.fr\/LBB\/wp-content\/uploads\/2014\/10\/logo-portable-144.png","contentUrl":"http:\/\/lyonbondyblog.fr\/LBB\/wp-content\/uploads\/2014\/10\/logo-portable-144.png","width":144,"height":123,"caption":"LYON BONDY BLOG"},"image":{"@id":"https:\/\/lyonbondyblog.fr\/LBB\/#\/schema\/logo\/image\/"},"sameAs":["https:\/\/www.facebook.com\/lyonbondyblog","https:\/\/x.com\/bondybloglyon"]},{"@type":"Person","@id":"https:\/\/lyonbondyblog.fr\/LBB\/#\/schema\/person\/e45f8d27baac75072daa0be50c409b25","name":"La r\u00e9daction","description":"Cr\u00e9e en 2008, la r\u00e9daction du Lyon Bondy Blog s'applique \u00e0 proposer une information locale diff\u00e9rente et compl\u00e9mentaire des m\u00e9dias traditionnels.","sameAs":["https:\/\/www.facebook.com\/lyonbondyblog","https:\/\/x.com\/BondyBlogLyon"],"url":"https:\/\/lyonbondyblog.fr\/LBB\/author\/admin\/"}]}},"_links":{"self":[{"href":"https:\/\/lyonbondyblog.fr\/LBB\/wp-json\/wp\/v2\/posts\/30080","targetHints":{"allow":["GET"]}}],"collection":[{"href":"https:\/\/lyonbondyblog.fr\/LBB\/wp-json\/wp\/v2\/posts"}],"about":[{"href":"https:\/\/lyonbondyblog.fr\/LBB\/wp-json\/wp\/v2\/types\/post"}],"author":[{"embeddable":true,"href":"https:\/\/lyonbondyblog.fr\/LBB\/wp-json\/wp\/v2\/users\/1"}],"replies":[{"embeddable":true,"href":"https:\/\/lyonbondyblog.fr\/LBB\/wp-json\/wp\/v2\/comments?post=30080"}],"version-history":[{"count":5,"href":"https:\/\/lyonbondyblog.fr\/LBB\/wp-json\/wp\/v2\/posts\/30080\/revisions"}],"predecessor-version":[{"id":30091,"href":"https:\/\/lyonbondyblog.fr\/LBB\/wp-json\/wp\/v2\/posts\/30080\/revisions\/30091"}],"wp:featuredmedia":[{"embeddable":true,"href":"https:\/\/lyonbondyblog.fr\/LBB\/wp-json\/wp\/v2\/media\/30081"}],"wp:attachment":[{"href":"https:\/\/lyonbondyblog.fr\/LBB\/wp-json\/wp\/v2\/media?parent=30080"}],"wp:term":[{"taxonomy":"category","embeddable":true,"href":"https:\/\/lyonbondyblog.fr\/LBB\/wp-json\/wp\/v2\/categories?post=30080"},{"taxonomy":"post_tag","embeddable":true,"href":"https:\/\/lyonbondyblog.fr\/LBB\/wp-json\/wp\/v2\/tags?post=30080"}],"curies":[{"name":"wp","href":"https:\/\/api.w.org\/{rel}","templated":true}]}}