{"id":30071,"date":"2022-07-15T14:35:00","date_gmt":"2022-07-15T12:35:00","guid":{"rendered":"http:\/\/lyonbondyblog.fr\/LBB\/?p=30071"},"modified":"2022-07-15T14:35:02","modified_gmt":"2022-07-15T12:35:02","slug":"les-mjc-sont-pretes","status":"publish","type":"post","link":"https:\/\/lyonbondyblog.fr\/LBB\/les-mjc-sont-pretes\/","title":{"rendered":"Les MJC sont pr\u00eates pour l&rsquo;\u00e9t\u00e9 !"},"content":{"rendered":"\n<p><strong>C\u2019est d\u00e9j\u00e0 les vacances scolaires et les maisons de la jeunesse et de la culture (MJC) ont d\u00e9j\u00e0 pr\u00e9vu des activit\u00e9s pour les jeunes afin de les accompagner durant cette p\u00e9riode. Au programme, kayak, mini-golf, sorti d\u00e9couverte et bien d\u2019autre encore. Voici quelques programmes des diff\u00e9rentes MJC pr\u00e9sente dans la m\u00e9tropole lyonnaise pour les vacances d\u2019\u00e9t\u00e9.<\/strong><\/p>\n\n\n\n<figure class=\"wp-block-image size-full\"><img loading=\"lazy\" decoding=\"async\" width=\"1170\" height=\"237\" src=\"https:\/\/lyonbondyblog.fr\/LBB\/wp-content\/uploads\/2022\/07\/bandeau-v2.jpg\" alt=\"\" class=\"wp-image-30073\" srcset=\"https:\/\/lyonbondyblog.fr\/LBB\/wp-content\/uploads\/2022\/07\/bandeau-v2.jpg 1170w, https:\/\/lyonbondyblog.fr\/LBB\/wp-content\/uploads\/2022\/07\/bandeau-v2-768x156.jpg 768w\" sizes=\"auto, (max-width: 1170px) 100vw, 1170px\" \/><\/figure>\n\n\n\n<p>La MJC de Laennec Mermoz propose en juillet des <a href=\"https:\/\/www.mjclaennecmermoz.fr\/animations-du-secteur-jeunes-pour-les-14-17-ans-en-juillet\/\" target=\"_blank\" rel=\"noreferrer noopener\">animations du secteur jeunes<\/a> pour les 14-17 ans. Cet \u00e9t\u00e9 l\u2019objectif p\u00e9dagogique met l\u2019accent sur les valeurs \u00e9ducatives du sport. Ainsi les animateurs et animatrices ont pr\u00e9par\u00e9 des activit\u00e9s afin de transmettre et amener les jeunes \u00e0 \u00e9voluer sur des th\u00e9matiques pr\u00e9cises. Les animations se d\u00e9roulent sur trois semaines. D\u00e8s la premi\u00e8re semaine les objectifs sont clairs&nbsp;: faire apprendre et renforcer le vivre ensemble, mais aussi le respect (des autres, du mat\u00e9riel, des animateurs et de leur travail\u2026). La deuxi\u00e8me semaine est consacr\u00e9e au fair-play et \u00e0 l\u2019\u00e9mancipation. Pour conclure, la troisi\u00e8me semaine a pour objectif la coh\u00e9sion de groupe et le partage ainsi que l\u2019acceptation des diff\u00e9rences.<\/p>\n\n\n\n<p>Ces trois semaines vont \u00eatre regroup\u00e9es par des activit\u00e9s ou la p\u00e9dagogie sera la priorit\u00e9. Parmi elles on compte du mini-golf, du multisports, des sorties aux lacs, du foot freestyle (notamment avec la pr\u00e9sence du champion du monde de 2021), ainsi que pleins d\u2019autres \u00e9v\u00e9nements. Attention certaines activit\u00e9s sont limit\u00e9es \u00e0 15 places.<\/p>\n\n\n\n<p>Les animations sont \u00e9galement <a href=\"https:\/\/www.mjclaennecmermoz.fr\/animations-du-secteur-jeunes-pour-les-10-13-ans-en-juillet\/\" target=\"_blank\" rel=\"noreferrer noopener\">ouvertes pour les 10-13 ans<\/a>, lors de la 1<sup>ere<\/sup> semaine les deux groupes, 10-13 ans et 14-17 ans sont m\u00e9lang\u00e9s. <\/p>\n\n\n\n<p>Concernant la MJC Vieux Lyon, du 8 juillet au 22 juillet, elle propose pour les 13-14 ans du P\u00f4le Ados des activit\u00e9s vacances, avec pour th\u00e9matique le <a href=\"http:\/\/www.mjcduvieuxlyon.com\/evenements\/activites-ete-pole-ados\/\" target=\"_blank\" rel=\"noreferrer noopener\">\u00ab&nbsp;Summer Festival 2022&nbsp;\u00bb<\/a>. Au programme&nbsp;: baignades, skis nautiques et paddle, jeux d\u2019ambiance, kayak polo, tournage d\u2019un film et bien s\u00fbr des pics-nic. Pour plus d\u2019informations rendez vous<a href=\"http:\/\/www.mjcduvieuxlyon.com\/wp-content\/uploads\/2022\/06\/PLANET-ADOS-E%CC%81TE%CC%81-2022.pdf\" target=\"_blank\" rel=\"noreferrer noopener\"> ici. <\/a><a href=\"http:\/\/www.mjcduvieuxlyon.com\/wp-content\/uploads\/2022\/06\/PLANET-ADOS-\u00c9T\u00c9-2022.pdf\"> <\/a><\/p>\n\n\n\n<p>Le centre de loisirs de Villeurbanne est ouvert pour les <a href=\"https:\/\/www.mjc-villeurbanne.org\/10496-2\/\" target=\"_blank\" rel=\"noreferrer noopener\">vacances d\u2019\u00e9t\u00e9<\/a> il accueil des jeunes de 6 \u00e0 17 ans, il restera ouvert jusqu\u2019au 29 juillet. Vous y retrouverez des animations sportives, artistiques et ludique, mais \u00e9galement des mini-camps de quatre jours proposant du kayak, du tir \u00e0 l\u2019arc, de la bou\u00e9e tract\u00e9e et encore pleins d\u2019autres sorties. A noter que le programme propos\u00e9 correspond aux envies et projets des ados. Pour plus d\u2019informations&nbsp;: <a href=\"https:\/\/www.mjc-villeurbanne.org\/wp-content\/uploads\/2022\/05\/Livret-vacances-dete-Centre-de-loisirs.pdf\">Livret-vacances-dete-Centre-de-loisirs.pdf (mjc-villeurbanne.org)<\/a> <\/p>\n\n\n\n<p>La <a href=\"http:\/\/csccaluire.fr\/csc\/\" target=\"_blank\" rel=\"noreferrer noopener\">MJC Caluire<\/a> propose elle aussi des activit\u00e9s d\u2019\u00e9t\u00e9 du 8 au 29 juillet. Les animateurs y proposent des activit\u00e9s culturelles, sportives et de loisirs. Actuellement ouvert aux enfants de 6 \u00e0 13 ans, la MJC offre un nouvel accueil pour les plus petits \u00e2g\u00e9s de 3 \u00e0 5 ans. Ce sont 36 places qui ont \u00e9t\u00e9 rajout\u00e9 pour accueillir le plus de jeunes (24 places pour les enfants de maternelle et 12 places pour les enfants de primaire). Concernant la MJC de Montplaisir, le centre de loisirs fonctionne du 11 au 29 juillet. L\u2019accueil se d\u00e9roule entre 9h30 et 17h30, \u00e0 noter qu\u2019il n\u2019y a pas d\u2019accueil de loisirs en ao\u00fbt. Retrouvez plus d\u2019informations sur le site de la MJC Montplaisir&nbsp;: <a href=\"http:\/\/www.mjcmonplaisir.net\/\">http:\/\/www.mjcmonplaisir.net\/<\/a>.  \u00c9galement, la MJC est \u00e0 la recherche de trois services civiques.<\/p>\n\n\n\n<p>A noter que certaines MJC mettent en place des tarifs appliqu\u00e9s qui sont d\u00e9termin\u00e9s en fonction du quotient familial, afin de faciliter l\u2019acc\u00e8s aux loisirs pour tous. Enfin, n\u2019oubliez pas pour les activit\u00e9s de prendre une casquette, une gourde, de la cr\u00e8me solaire et des v\u00eatements confortables&nbsp;!<\/p>\n\n\n\n<p><strong>Mise \u00e0 jour : <\/strong><\/p>\n\n\n\n<p>La MJC de Vaulx en Velin met en place une sortie familiale au lac d\u2019Annecy le samedi 23 juillet. Sur un tarif de 8 euros \u00e0 partir de 13 ans et 5 euros pour les moins de 12 ans. Plus de renseignement au 0472041389 ou vous pouvez venir directement sur place au 13 avenue Henri Barbusse Vaulx en Velin.<br><\/p>\n\n\n\n<p class=\"has-text-align-right\"><strong>Marine Farnole <\/strong><\/p>\n\n\n\n<p><strong>Retrouvez nos derniers articles ici : <\/strong><\/p>\n\n\n<ul class=\"wp-block-latest-posts__list wp-block-latest-posts\"><li><a class=\"wp-block-latest-posts__post-title\" href=\"https:\/\/lyonbondyblog.fr\/LBB\/theatre-bingo-loto-et-impro\/\">Th\u00e9\u00e2tre : Bingo-loto et impro\u00a0<\/a><\/li>\n<li><a class=\"wp-block-latest-posts__post-title\" href=\"https:\/\/lyonbondyblog.fr\/LBB\/fetes-escales-tour-du-monde-a-venissieux\/\">F\u00eates Escales : tour du monde \u00e0 V\u00e9nissieux<\/a><\/li>\n<li><a class=\"wp-block-latest-posts__post-title\" href=\"https:\/\/lyonbondyblog.fr\/LBB\/jeunes-davenirs-la-jeunesse-a-venir\/\">Jeunes d\u2019Avenirs\u00a0: la jeunesse \u00e0 venir<\/a><\/li>\n<li><a class=\"wp-block-latest-posts__post-title\" href=\"https:\/\/lyonbondyblog.fr\/LBB\/le-tribunal-refuse-la-liberation-provisoire-dun-homme-poursuivi-pour-violences-aggravees\/\">Le tribunal refuse la lib\u00e9ration provisoire d\u2019un homme poursuivi pour violences aggrav\u00e9es<\/a><\/li>\n<li><a class=\"wp-block-latest-posts__post-title\" href=\"https:\/\/lyonbondyblog.fr\/LBB\/la-poesie-au-theatre-la-generale-de-la-proposition-musicale-et-litteraire-dalain-klingler\/\">La po\u00e9sie au th\u00e9\u00e2tre\u00a0: la g\u00e9n\u00e9rale de la proposition musicale et litt\u00e9raire d\u2019Alain Klingler<\/a><\/li>\n<\/ul><!-- AddThis Advanced Settings generic via filter on the_content --><!-- AddThis Share Buttons generic via filter on the_content -->","protected":false},"excerpt":{"rendered":"<p>C\u2019est d\u00e9j\u00e0 les vacances scolaires et les maisons de la jeunesse et de la culture (MJC) ont d\u00e9j\u00e0 pr\u00e9vu des activit\u00e9s pour les jeunes afin &hellip; <!-- AddThis Advanced Settings generic via filter on wp_trim_excerpt --><!-- AddThis Share Buttons generic via filter on wp_trim_excerpt --><\/p>\n","protected":false},"author":1,"featured_media":30079,"comment_status":"open","ping_status":"open","sticky":true,"template":"","format":"standard","meta":{"_FSMCFIC_featured_image_caption":"","_FSMCFIC_featured_image_nocaption":"","_FSMCFIC_featured_image_hide":"","footnotes":""},"categories":[4],"tags":[408,216,10,2478,29,128],"class_list":["post-30071","post","type-post","status-publish","format-standard","has-post-thumbnail","hentry","category-lyon","tag-ete","tag-jeunes","tag-lyon-2","tag-mjc","tag-sport","tag-villeurbanne"],"yoast_head":"<!-- This site is optimized with the Yoast SEO plugin v22.8 - https:\/\/yoast.com\/wordpress\/plugins\/seo\/ -->\n<title>Les MJC sont pr\u00eates pour l&#039;\u00e9t\u00e9 ! - Lyon Bondy Blog<\/title>\n<meta name=\"description\" content=\"C\u2019est d\u00e9j\u00e0 les vacances scolaires et les maisons de la jeunesse et de la culture (MJC) ont d\u00e9j\u00e0 pr\u00e9vu des activit\u00e9s pour les jeunes...\" \/>\n<meta name=\"robots\" content=\"index, follow, max-snippet:-1, max-image-preview:large, max-video-preview:-1\" \/>\n<link rel=\"canonical\" href=\"https:\/\/lyonbondyblog.fr\/LBB\/les-mjc-sont-pretes\/\" \/>\n<meta property=\"og:locale\" content=\"fr_FR\" \/>\n<meta property=\"og:type\" content=\"article\" \/>\n<meta property=\"og:title\" content=\"Les MJC sont pr\u00eates pour l&#039;\u00e9t\u00e9 ! - Lyon Bondy Blog\" \/>\n<meta property=\"og:description\" content=\"C\u2019est d\u00e9j\u00e0 les vacances scolaires et les maisons de la jeunesse et de la culture (MJC) ont d\u00e9j\u00e0 pr\u00e9vu des activit\u00e9s pour les jeunes...\" \/>\n<meta property=\"og:url\" content=\"https:\/\/lyonbondyblog.fr\/LBB\/les-mjc-sont-pretes\/\" \/>\n<meta property=\"og:site_name\" content=\"Lyon Bondy Blog\" \/>\n<meta property=\"article:publisher\" content=\"https:\/\/www.facebook.com\/lyonbondyblog\" \/>\n<meta property=\"article:author\" content=\"https:\/\/www.facebook.com\/lyonbondyblog\" \/>\n<meta property=\"article:published_time\" content=\"2022-07-15T12:35:00+00:00\" \/>\n<meta property=\"article:modified_time\" content=\"2022-07-15T12:35:02+00:00\" \/>\n<meta property=\"og:image\" content=\"https:\/\/lyonbondyblog.fr\/LBB\/wp-content\/uploads\/2022\/07\/OIP-bell.jpg\" \/>\n\t<meta property=\"og:image:width\" content=\"602\" \/>\n\t<meta property=\"og:image:height\" content=\"602\" \/>\n\t<meta property=\"og:image:type\" content=\"image\/jpeg\" \/>\n<meta name=\"author\" content=\"La r\u00e9daction\" \/>\n<meta name=\"twitter:card\" content=\"summary_large_image\" \/>\n<meta name=\"twitter:creator\" content=\"@BondyBlogLyon\" \/>\n<meta name=\"twitter:site\" content=\"@bondybloglyon\" \/>\n<script type=\"application\/ld+json\" class=\"yoast-schema-graph\">{\"@context\":\"https:\/\/schema.org\",\"@graph\":[{\"@type\":\"Article\",\"@id\":\"https:\/\/lyonbondyblog.fr\/LBB\/les-mjc-sont-pretes\/#article\",\"isPartOf\":{\"@id\":\"https:\/\/lyonbondyblog.fr\/LBB\/les-mjc-sont-pretes\/\"},\"author\":{\"name\":\"La r\u00e9daction\",\"@id\":\"https:\/\/lyonbondyblog.fr\/LBB\/#\/schema\/person\/e45f8d27baac75072daa0be50c409b25\"},\"headline\":\"Les MJC sont pr\u00eates pour l&rsquo;\u00e9t\u00e9 !\",\"datePublished\":\"2022-07-15T12:35:00+00:00\",\"dateModified\":\"2022-07-15T12:35:02+00:00\",\"mainEntityOfPage\":{\"@id\":\"https:\/\/lyonbondyblog.fr\/LBB\/les-mjc-sont-pretes\/\"},\"wordCount\":690,\"commentCount\":0,\"publisher\":{\"@id\":\"https:\/\/lyonbondyblog.fr\/LBB\/#organization\"},\"image\":{\"@id\":\"https:\/\/lyonbondyblog.fr\/LBB\/les-mjc-sont-pretes\/#primaryimage\"},\"thumbnailUrl\":\"https:\/\/lyonbondyblog.fr\/LBB\/wp-content\/uploads\/2022\/07\/OIP-bell.jpg\",\"keywords\":[\"\u00e9t\u00e9\",\"jeunes\",\"lyon\",\"MJC\",\"sport\",\"Villeurbanne\"],\"articleSection\":[\"Lyon\"],\"inLanguage\":\"fr-FR\",\"potentialAction\":[{\"@type\":\"CommentAction\",\"name\":\"Comment\",\"target\":[\"https:\/\/lyonbondyblog.fr\/LBB\/les-mjc-sont-pretes\/#respond\"]}]},{\"@type\":\"WebPage\",\"@id\":\"https:\/\/lyonbondyblog.fr\/LBB\/les-mjc-sont-pretes\/\",\"url\":\"https:\/\/lyonbondyblog.fr\/LBB\/les-mjc-sont-pretes\/\",\"name\":\"Les MJC sont pr\u00eates pour l'\u00e9t\u00e9 ! - Lyon Bondy Blog\",\"isPartOf\":{\"@id\":\"https:\/\/lyonbondyblog.fr\/LBB\/#website\"},\"primaryImageOfPage\":{\"@id\":\"https:\/\/lyonbondyblog.fr\/LBB\/les-mjc-sont-pretes\/#primaryimage\"},\"image\":{\"@id\":\"https:\/\/lyonbondyblog.fr\/LBB\/les-mjc-sont-pretes\/#primaryimage\"},\"thumbnailUrl\":\"https:\/\/lyonbondyblog.fr\/LBB\/wp-content\/uploads\/2022\/07\/OIP-bell.jpg\",\"datePublished\":\"2022-07-15T12:35:00+00:00\",\"dateModified\":\"2022-07-15T12:35:02+00:00\",\"description\":\"C\u2019est d\u00e9j\u00e0 les vacances scolaires et les maisons de la jeunesse et de la culture (MJC) ont d\u00e9j\u00e0 pr\u00e9vu des activit\u00e9s pour les jeunes...\",\"inLanguage\":\"fr-FR\",\"potentialAction\":[{\"@type\":\"ReadAction\",\"target\":[\"https:\/\/lyonbondyblog.fr\/LBB\/les-mjc-sont-pretes\/\"]}]},{\"@type\":\"ImageObject\",\"inLanguage\":\"fr-FR\",\"@id\":\"https:\/\/lyonbondyblog.fr\/LBB\/les-mjc-sont-pretes\/#primaryimage\",\"url\":\"https:\/\/lyonbondyblog.fr\/LBB\/wp-content\/uploads\/2022\/07\/OIP-bell.jpg\",\"contentUrl\":\"https:\/\/lyonbondyblog.fr\/LBB\/wp-content\/uploads\/2022\/07\/OIP-bell.jpg\",\"width\":602,\"height\":602},{\"@type\":\"WebSite\",\"@id\":\"https:\/\/lyonbondyblog.fr\/LBB\/#website\",\"url\":\"https:\/\/lyonbondyblog.fr\/LBB\/\",\"name\":\"Lyon Bondy Blog\",\"description\":\"\",\"publisher\":{\"@id\":\"https:\/\/lyonbondyblog.fr\/LBB\/#organization\"},\"potentialAction\":[{\"@type\":\"SearchAction\",\"target\":{\"@type\":\"EntryPoint\",\"urlTemplate\":\"https:\/\/lyonbondyblog.fr\/LBB\/?s={search_term_string}\"},\"query-input\":\"required name=search_term_string\"}],\"inLanguage\":\"fr-FR\"},{\"@type\":\"Organization\",\"@id\":\"https:\/\/lyonbondyblog.fr\/LBB\/#organization\",\"name\":\"LYON BONDY BLOG\",\"url\":\"https:\/\/lyonbondyblog.fr\/LBB\/\",\"logo\":{\"@type\":\"ImageObject\",\"inLanguage\":\"fr-FR\",\"@id\":\"https:\/\/lyonbondyblog.fr\/LBB\/#\/schema\/logo\/image\/\",\"url\":\"http:\/\/lyonbondyblog.fr\/LBB\/wp-content\/uploads\/2014\/10\/logo-portable-144.png\",\"contentUrl\":\"http:\/\/lyonbondyblog.fr\/LBB\/wp-content\/uploads\/2014\/10\/logo-portable-144.png\",\"width\":144,\"height\":123,\"caption\":\"LYON BONDY BLOG\"},\"image\":{\"@id\":\"https:\/\/lyonbondyblog.fr\/LBB\/#\/schema\/logo\/image\/\"},\"sameAs\":[\"https:\/\/www.facebook.com\/lyonbondyblog\",\"https:\/\/x.com\/bondybloglyon\"]},{\"@type\":\"Person\",\"@id\":\"https:\/\/lyonbondyblog.fr\/LBB\/#\/schema\/person\/e45f8d27baac75072daa0be50c409b25\",\"name\":\"La r\u00e9daction\",\"description\":\"Cr\u00e9e en 2008, la r\u00e9daction du Lyon Bondy Blog s'applique \u00e0 proposer une information locale diff\u00e9rente et compl\u00e9mentaire des m\u00e9dias traditionnels.\",\"sameAs\":[\"https:\/\/www.facebook.com\/lyonbondyblog\",\"https:\/\/x.com\/BondyBlogLyon\"],\"url\":\"https:\/\/lyonbondyblog.fr\/LBB\/author\/admin\/\"}]}<\/script>\n<!-- \/ Yoast SEO plugin. -->","yoast_head_json":{"title":"Les MJC sont pr\u00eates pour l'\u00e9t\u00e9 ! - Lyon Bondy Blog","description":"C\u2019est d\u00e9j\u00e0 les vacances scolaires et les maisons de la jeunesse et de la culture (MJC) ont d\u00e9j\u00e0 pr\u00e9vu des activit\u00e9s pour les jeunes...","robots":{"index":"index","follow":"follow","max-snippet":"max-snippet:-1","max-image-preview":"max-image-preview:large","max-video-preview":"max-video-preview:-1"},"canonical":"https:\/\/lyonbondyblog.fr\/LBB\/les-mjc-sont-pretes\/","og_locale":"fr_FR","og_type":"article","og_title":"Les MJC sont pr\u00eates pour l'\u00e9t\u00e9 ! - Lyon Bondy Blog","og_description":"C\u2019est d\u00e9j\u00e0 les vacances scolaires et les maisons de la jeunesse et de la culture (MJC) ont d\u00e9j\u00e0 pr\u00e9vu des activit\u00e9s pour les jeunes...","og_url":"https:\/\/lyonbondyblog.fr\/LBB\/les-mjc-sont-pretes\/","og_site_name":"Lyon Bondy Blog","article_publisher":"https:\/\/www.facebook.com\/lyonbondyblog","article_author":"https:\/\/www.facebook.com\/lyonbondyblog","article_published_time":"2022-07-15T12:35:00+00:00","article_modified_time":"2022-07-15T12:35:02+00:00","og_image":[{"width":602,"height":602,"url":"https:\/\/lyonbondyblog.fr\/LBB\/wp-content\/uploads\/2022\/07\/OIP-bell.jpg","type":"image\/jpeg"}],"author":"La r\u00e9daction","twitter_card":"summary_large_image","twitter_creator":"@BondyBlogLyon","twitter_site":"@bondybloglyon","schema":{"@context":"https:\/\/schema.org","@graph":[{"@type":"Article","@id":"https:\/\/lyonbondyblog.fr\/LBB\/les-mjc-sont-pretes\/#article","isPartOf":{"@id":"https:\/\/lyonbondyblog.fr\/LBB\/les-mjc-sont-pretes\/"},"author":{"name":"La r\u00e9daction","@id":"https:\/\/lyonbondyblog.fr\/LBB\/#\/schema\/person\/e45f8d27baac75072daa0be50c409b25"},"headline":"Les MJC sont pr\u00eates pour l&rsquo;\u00e9t\u00e9 !","datePublished":"2022-07-15T12:35:00+00:00","dateModified":"2022-07-15T12:35:02+00:00","mainEntityOfPage":{"@id":"https:\/\/lyonbondyblog.fr\/LBB\/les-mjc-sont-pretes\/"},"wordCount":690,"commentCount":0,"publisher":{"@id":"https:\/\/lyonbondyblog.fr\/LBB\/#organization"},"image":{"@id":"https:\/\/lyonbondyblog.fr\/LBB\/les-mjc-sont-pretes\/#primaryimage"},"thumbnailUrl":"https:\/\/lyonbondyblog.fr\/LBB\/wp-content\/uploads\/2022\/07\/OIP-bell.jpg","keywords":["\u00e9t\u00e9","jeunes","lyon","MJC","sport","Villeurbanne"],"articleSection":["Lyon"],"inLanguage":"fr-FR","potentialAction":[{"@type":"CommentAction","name":"Comment","target":["https:\/\/lyonbondyblog.fr\/LBB\/les-mjc-sont-pretes\/#respond"]}]},{"@type":"WebPage","@id":"https:\/\/lyonbondyblog.fr\/LBB\/les-mjc-sont-pretes\/","url":"https:\/\/lyonbondyblog.fr\/LBB\/les-mjc-sont-pretes\/","name":"Les MJC sont pr\u00eates pour l'\u00e9t\u00e9 ! - Lyon Bondy Blog","isPartOf":{"@id":"https:\/\/lyonbondyblog.fr\/LBB\/#website"},"primaryImageOfPage":{"@id":"https:\/\/lyonbondyblog.fr\/LBB\/les-mjc-sont-pretes\/#primaryimage"},"image":{"@id":"https:\/\/lyonbondyblog.fr\/LBB\/les-mjc-sont-pretes\/#primaryimage"},"thumbnailUrl":"https:\/\/lyonbondyblog.fr\/LBB\/wp-content\/uploads\/2022\/07\/OIP-bell.jpg","datePublished":"2022-07-15T12:35:00+00:00","dateModified":"2022-07-15T12:35:02+00:00","description":"C\u2019est d\u00e9j\u00e0 les vacances scolaires et les maisons de la jeunesse et de la culture (MJC) ont d\u00e9j\u00e0 pr\u00e9vu des activit\u00e9s pour les jeunes...","inLanguage":"fr-FR","potentialAction":[{"@type":"ReadAction","target":["https:\/\/lyonbondyblog.fr\/LBB\/les-mjc-sont-pretes\/"]}]},{"@type":"ImageObject","inLanguage":"fr-FR","@id":"https:\/\/lyonbondyblog.fr\/LBB\/les-mjc-sont-pretes\/#primaryimage","url":"https:\/\/lyonbondyblog.fr\/LBB\/wp-content\/uploads\/2022\/07\/OIP-bell.jpg","contentUrl":"https:\/\/lyonbondyblog.fr\/LBB\/wp-content\/uploads\/2022\/07\/OIP-bell.jpg","width":602,"height":602},{"@type":"WebSite","@id":"https:\/\/lyonbondyblog.fr\/LBB\/#website","url":"https:\/\/lyonbondyblog.fr\/LBB\/","name":"Lyon Bondy Blog","description":"","publisher":{"@id":"https:\/\/lyonbondyblog.fr\/LBB\/#organization"},"potentialAction":[{"@type":"SearchAction","target":{"@type":"EntryPoint","urlTemplate":"https:\/\/lyonbondyblog.fr\/LBB\/?s={search_term_string}"},"query-input":"required name=search_term_string"}],"inLanguage":"fr-FR"},{"@type":"Organization","@id":"https:\/\/lyonbondyblog.fr\/LBB\/#organization","name":"LYON BONDY BLOG","url":"https:\/\/lyonbondyblog.fr\/LBB\/","logo":{"@type":"ImageObject","inLanguage":"fr-FR","@id":"https:\/\/lyonbondyblog.fr\/LBB\/#\/schema\/logo\/image\/","url":"http:\/\/lyonbondyblog.fr\/LBB\/wp-content\/uploads\/2014\/10\/logo-portable-144.png","contentUrl":"http:\/\/lyonbondyblog.fr\/LBB\/wp-content\/uploads\/2014\/10\/logo-portable-144.png","width":144,"height":123,"caption":"LYON BONDY BLOG"},"image":{"@id":"https:\/\/lyonbondyblog.fr\/LBB\/#\/schema\/logo\/image\/"},"sameAs":["https:\/\/www.facebook.com\/lyonbondyblog","https:\/\/x.com\/bondybloglyon"]},{"@type":"Person","@id":"https:\/\/lyonbondyblog.fr\/LBB\/#\/schema\/person\/e45f8d27baac75072daa0be50c409b25","name":"La r\u00e9daction","description":"Cr\u00e9e en 2008, la r\u00e9daction du Lyon Bondy Blog s'applique \u00e0 proposer une information locale diff\u00e9rente et compl\u00e9mentaire des m\u00e9dias traditionnels.","sameAs":["https:\/\/www.facebook.com\/lyonbondyblog","https:\/\/x.com\/BondyBlogLyon"],"url":"https:\/\/lyonbondyblog.fr\/LBB\/author\/admin\/"}]}},"_links":{"self":[{"href":"https:\/\/lyonbondyblog.fr\/LBB\/wp-json\/wp\/v2\/posts\/30071","targetHints":{"allow":["GET"]}}],"collection":[{"href":"https:\/\/lyonbondyblog.fr\/LBB\/wp-json\/wp\/v2\/posts"}],"about":[{"href":"https:\/\/lyonbondyblog.fr\/LBB\/wp-json\/wp\/v2\/types\/post"}],"author":[{"embeddable":true,"href":"https:\/\/lyonbondyblog.fr\/LBB\/wp-json\/wp\/v2\/users\/1"}],"replies":[{"embeddable":true,"href":"https:\/\/lyonbondyblog.fr\/LBB\/wp-json\/wp\/v2\/comments?post=30071"}],"version-history":[{"count":5,"href":"https:\/\/lyonbondyblog.fr\/LBB\/wp-json\/wp\/v2\/posts\/30071\/revisions"}],"predecessor-version":[{"id":30213,"href":"https:\/\/lyonbondyblog.fr\/LBB\/wp-json\/wp\/v2\/posts\/30071\/revisions\/30213"}],"wp:featuredmedia":[{"embeddable":true,"href":"https:\/\/lyonbondyblog.fr\/LBB\/wp-json\/wp\/v2\/media\/30079"}],"wp:attachment":[{"href":"https:\/\/lyonbondyblog.fr\/LBB\/wp-json\/wp\/v2\/media?parent=30071"}],"wp:term":[{"taxonomy":"category","embeddable":true,"href":"https:\/\/lyonbondyblog.fr\/LBB\/wp-json\/wp\/v2\/categories?post=30071"},{"taxonomy":"post_tag","embeddable":true,"href":"https:\/\/lyonbondyblog.fr\/LBB\/wp-json\/wp\/v2\/tags?post=30071"}],"curies":[{"name":"wp","href":"https:\/\/api.w.org\/{rel}","templated":true}]}}