{"id":3002,"date":"2010-03-15T15:40:10","date_gmt":"2010-03-15T14:40:10","guid":{"rendered":"http:\/\/lyonbondyblog.fr\/LBB\/?p=3002"},"modified":"2013-08-01T15:45:34","modified_gmt":"2013-08-01T13:45:34","slug":"plus-tu-en-apprends-sur-la-politique-plus-tu-en-es-degoute","status":"publish","type":"post","link":"https:\/\/lyonbondyblog.fr\/LBB\/plus-tu-en-apprends-sur-la-politique-plus-tu-en-es-degoute\/","title":{"rendered":"\u00ab\u00a0Plus tu en apprends sur la politique, plus tu en es d\u00e9go\u00fbt\u00e9\u00a0\u00bb"},"content":{"rendered":"<p><strong>REGIONALES 2010. C&rsquo;est \u00e0 Villefranche sur Sa\u00f4ne \u00e0 Belleroche que Rafika est all\u00e9e voter hier pour le premier tour des r\u00e9gionales. Elle \u00e9tait bien seule&#8230; T\u00e9moignages.<\/strong><\/p>\n<div><img loading=\"lazy\" decoding=\"async\" class=\"alignleft\" alt=\"\" src=\"http:\/\/yahoo.lyon.bondyblog.fr\/images\/carte_3.jpg\" width=\"86\" height=\"125\" \/><\/div>\n<p>C&rsquo;est en plein milieu de l&rsquo;apr\u00e8s-midi que j&rsquo;arrive dans ma ville. Comme\u00a0\u00e0 l\u2019accoutum\u00e9e,\u00a0le bureau de vote se trouve dans le gymnase d\u2019une \u00e9cole primaire du quartier. A l\u2019int\u00e9rieur, deux rang\u00e9es de tables se font face. Y si\u00e8gent les b\u00e9n\u00e9voles qui s\u2019occupent du scrutin. Mise \u00e0 part eux, personne.\u00a0Le bureau est d\u00e9sert.<\/p>\n<p>Peut-\u00eatre que les masses d\u2019\u00e9lecteurs sont d\u00e9j\u00e0 venues ou viendront\u00a0apr\u00e8s. Je pose tout de m\u00eame la question\u00a0: <i>\u00ab\u00a0Pour le moment, il y a eu 131 votants sur environ 800 inscrits\u00a0\u00bb<\/i> me r\u00e9pond-on. Ce n&rsquo;est pas le premier chiffre qui m&rsquo;\u00e9tonne mais plut\u00f4t le dernier&#8230; Il y a donc 800 inscrits dans mon quartier de Belleroche qui compte pr\u00e8s de 6000 habitants\u00a0!\u00a0Pourtant l\u2019inscription sur les listes \u00e9lectorales est automatique quand on a 18 ans. J\u2019en discute avec une amie qui me dit que les gens plus \u00e2g\u00e9s ne font pas forc\u00e9ment la d\u00e9marche d\u2019aller s\u2019inscrire. D\u2019accord, mais \u00e0 ce point quand m\u00eame\u00a0!<\/p>\n<p>Je poursuis donc mon enqu\u00eate car je veux comprendre. Je demande \u00e0 mon voisin qui a mon \u00e2ge s&rsquo;il compte aller d\u00e9poser son bulletin de vote dans l&rsquo;urne aujourd&rsquo;hui.\u00a0<i>\u00ab\u00a0Je ne regarde plus la t\u00e9l\u00e9. Je n\u2019\u00e9tais m\u00eame pas au courant qu\u2019il y avait des \u00e9lections\u00a0\u00bb.\u00a0Quand m\u00eame, il y a des affiches partout, m\u00eame dans le quartier\u00a0!<\/i><\/p>\n<p>Un ami de la fac, qui vit \u00e0 Vaulx-en-Velin, m\u2019apporte en quelque sorte des \u00e9l\u00e9ments de r\u00e9ponse face \u00e0 ce d\u00e9sint\u00e9r\u00eat de la population pour les \u00e9lections: <i>\u00ab\u00a0Plus tu en apprends sur la politique et plus tu en es d\u00e9go\u00fbt\u00e9. C\u2019est toujours la m\u00eame chose de toute fa\u00e7on, on s\u2019en fout de nous, on se sert juste de notre vote pour gagner les \u00e9lections. Regarde en ce moment comment on traite les Arabes de ce pays, le racisme est banalis\u00e9 gr\u00e2ce \u00e0 l\u2019UMP\u00a0! Je ne vote plus car \u00e7a ne sert \u00e0 rien\u00a0\u00bb.<\/i><\/p>\n<p>Je ne peux pas vraiment lui reprocher son amertume, surtout quand on voit que le Front national atteint les 20% dans certaines r\u00e9gions. Un parti extr\u00e9miste comme celui-l\u00e0 apparait maintenant dans les m\u00e9dias et c\u2019est devenu normal. Et cela alors que leur campagne s\u2019est faite essentiellement sur l\u2019islamophobie.<\/p>\n<p>Mais tout le monde ne semble pas d\u00e9faitiste \u00a0: <i>\u00ab\u00a0A chaque \u00e9lection, je vais voter. La premi\u00e8re fois que j\u2019ai entendu parler des r\u00e9gionales, c\u2019\u00e9tait \u00e0 propos de l\u2019affaire Ali Soumar\u00e9. Apr\u00e8s \u00e7a, j\u2019ai oubli\u00e9 jusqu\u2019\u00e0 ce que tu m\u2019en parles. En plus, je n\u2019ai pas de carte d\u2019\u00e9lecteur. D\u2019habitude on en entend plus parler, il y a du porte \u00e0 porte, ce n\u2019\u00e9tait pas trop le cas pour ces r\u00e9gionales je trouve\u00a0\u00bb <\/i>confie Im\u00e8ne 25 ans.\u00a0Pourtant Azouz Begag est venu dans le quartier\u00a0:\u00a0<i>\u00ab\u00a0Ah bon, mais pourquoi faire\u00a0?\u00a0\u00bb<\/i> demande-t-elle.<br \/>\nAvant de partir, \u00a0je pose une toute derni\u00e8re question \u00e0 ma petite s\u0153ur, Amaria, une citoyenne pas encore en \u00e2ge de voter mais qui a \u00e0 coeur de s&rsquo;impliquer dans la vie de sa commune. \u00ab\u00a0<i> Et pour toi, qu&rsquo;est-ce que repr\u00e9sente le fait de voter\u00a0?<\/i>\u00a0\u00bb &#8211;<i>\u00a0\u00ab\u00a0Pour moi, c\u2019est un devoir de citoyen. C\u2019est aussi un moyen de s\u2019exprimer. Si tout le monde votait, les choses changeraient en mieux pour nous, habitants des quartiers. Mais c\u2019est loin d\u2019\u00eatre le cas car comme tu l\u2019as d\u00e9j\u00e0 dit, le jour o\u00f9 tout le monde votera il y aura s\u00fbrement un maire d\u2019origine maghr\u00e9bine \u00e0 Villefranche\u00bb<\/i> me raconte-elle. Je pr\u00eache donc une convertie.<\/p>\n<p><span style=\"text-decoration: underline;\">Auteur : Rafika Bendermel<\/span><\/p>\n<!-- AddThis Advanced Settings generic via filter on the_content --><!-- AddThis Share Buttons generic via filter on the_content -->","protected":false},"excerpt":{"rendered":"<p>REGIONALES 2010. C&rsquo;est \u00e0 Villefranche sur Sa\u00f4ne \u00e0 Belleroche que Rafika est all\u00e9e voter hier pour le premier tour des r\u00e9gionales. Elle \u00e9tait bien seule&#8230; &hellip; <!-- AddThis Advanced Settings generic via filter on wp_trim_excerpt --><!-- AddThis Share Buttons generic via filter on wp_trim_excerpt --><\/p>\n","protected":false},"author":1,"featured_media":3011,"comment_status":"open","ping_status":"open","sticky":false,"template":"","format":"standard","meta":{"_FSMCFIC_featured_image_caption":"","_FSMCFIC_featured_image_nocaption":"","_FSMCFIC_featured_image_hide":"","footnotes":""},"categories":[6],"tags":[10,112],"class_list":["post-3002","post","type-post","status-publish","format-standard","has-post-thumbnail","hentry","category-politique","tag-lyon-2","tag-lyon-bondy-blog"],"yoast_head":"<!-- This site is optimized with the Yoast SEO plugin v22.8 - https:\/\/yoast.com\/wordpress\/plugins\/seo\/ -->\n<title>&quot;Plus tu en apprends sur la politique, plus tu en es d\u00e9go\u00fbt\u00e9&quot; - Lyon Bondy Blog<\/title>\n<meta name=\"robots\" content=\"index, follow, max-snippet:-1, max-image-preview:large, max-video-preview:-1\" \/>\n<link rel=\"canonical\" href=\"https:\/\/lyonbondyblog.fr\/LBB\/plus-tu-en-apprends-sur-la-politique-plus-tu-en-es-degoute\/\" \/>\n<meta property=\"og:locale\" content=\"fr_FR\" \/>\n<meta property=\"og:type\" content=\"article\" \/>\n<meta property=\"og:title\" content=\"&quot;Plus tu en apprends sur la politique, plus tu en es d\u00e9go\u00fbt\u00e9&quot; - Lyon Bondy Blog\" \/>\n<meta property=\"og:description\" content=\"REGIONALES 2010. C&rsquo;est \u00e0 Villefranche sur Sa\u00f4ne \u00e0 Belleroche que Rafika est all\u00e9e voter hier pour le premier tour des r\u00e9gionales. Elle \u00e9tait bien seule&#8230; &hellip;\" \/>\n<meta property=\"og:url\" content=\"https:\/\/lyonbondyblog.fr\/LBB\/plus-tu-en-apprends-sur-la-politique-plus-tu-en-es-degoute\/\" \/>\n<meta property=\"og:site_name\" content=\"Lyon Bondy Blog\" \/>\n<meta property=\"article:publisher\" content=\"https:\/\/www.facebook.com\/lyonbondyblog\" \/>\n<meta property=\"article:author\" content=\"https:\/\/www.facebook.com\/lyonbondyblog\" \/>\n<meta property=\"article:published_time\" content=\"2010-03-15T14:40:10+00:00\" \/>\n<meta property=\"article:modified_time\" content=\"2013-08-01T13:45:34+00:00\" \/>\n<meta property=\"og:image\" content=\"https:\/\/lyonbondyblog.fr\/LBB\/wp-content\/uploads\/2013\/08\/carte_electorale.jpg\" \/>\n\t<meta property=\"og:image:width\" content=\"86\" \/>\n\t<meta property=\"og:image:height\" content=\"125\" \/>\n\t<meta property=\"og:image:type\" content=\"image\/jpeg\" \/>\n<meta name=\"author\" content=\"La r\u00e9daction\" \/>\n<meta name=\"twitter:card\" content=\"summary_large_image\" \/>\n<meta name=\"twitter:creator\" content=\"@BondyBlogLyon\" \/>\n<meta name=\"twitter:site\" content=\"@bondybloglyon\" \/>\n<script type=\"application\/ld+json\" class=\"yoast-schema-graph\">{\"@context\":\"https:\/\/schema.org\",\"@graph\":[{\"@type\":\"Article\",\"@id\":\"https:\/\/lyonbondyblog.fr\/LBB\/plus-tu-en-apprends-sur-la-politique-plus-tu-en-es-degoute\/#article\",\"isPartOf\":{\"@id\":\"https:\/\/lyonbondyblog.fr\/LBB\/plus-tu-en-apprends-sur-la-politique-plus-tu-en-es-degoute\/\"},\"author\":{\"name\":\"La r\u00e9daction\",\"@id\":\"https:\/\/lyonbondyblog.fr\/LBB\/#\/schema\/person\/e45f8d27baac75072daa0be50c409b25\"},\"headline\":\"\u00ab\u00a0Plus tu en apprends sur la politique, plus tu en es d\u00e9go\u00fbt\u00e9\u00a0\u00bb\",\"datePublished\":\"2010-03-15T14:40:10+00:00\",\"dateModified\":\"2013-08-01T13:45:34+00:00\",\"mainEntityOfPage\":{\"@id\":\"https:\/\/lyonbondyblog.fr\/LBB\/plus-tu-en-apprends-sur-la-politique-plus-tu-en-es-degoute\/\"},\"wordCount\":667,\"commentCount\":0,\"publisher\":{\"@id\":\"https:\/\/lyonbondyblog.fr\/LBB\/#organization\"},\"image\":{\"@id\":\"https:\/\/lyonbondyblog.fr\/LBB\/plus-tu-en-apprends-sur-la-politique-plus-tu-en-es-degoute\/#primaryimage\"},\"thumbnailUrl\":\"https:\/\/lyonbondyblog.fr\/LBB\/wp-content\/uploads\/2013\/08\/carte_electorale.jpg\",\"keywords\":[\"lyon\",\"Lyon Bondy Blog\"],\"articleSection\":[\"Politique\"],\"inLanguage\":\"fr-FR\",\"potentialAction\":[{\"@type\":\"CommentAction\",\"name\":\"Comment\",\"target\":[\"https:\/\/lyonbondyblog.fr\/LBB\/plus-tu-en-apprends-sur-la-politique-plus-tu-en-es-degoute\/#respond\"]}]},{\"@type\":\"WebPage\",\"@id\":\"https:\/\/lyonbondyblog.fr\/LBB\/plus-tu-en-apprends-sur-la-politique-plus-tu-en-es-degoute\/\",\"url\":\"https:\/\/lyonbondyblog.fr\/LBB\/plus-tu-en-apprends-sur-la-politique-plus-tu-en-es-degoute\/\",\"name\":\"\\\"Plus tu en apprends sur la politique, plus tu en es d\u00e9go\u00fbt\u00e9\\\" - Lyon Bondy Blog\",\"isPartOf\":{\"@id\":\"https:\/\/lyonbondyblog.fr\/LBB\/#website\"},\"primaryImageOfPage\":{\"@id\":\"https:\/\/lyonbondyblog.fr\/LBB\/plus-tu-en-apprends-sur-la-politique-plus-tu-en-es-degoute\/#primaryimage\"},\"image\":{\"@id\":\"https:\/\/lyonbondyblog.fr\/LBB\/plus-tu-en-apprends-sur-la-politique-plus-tu-en-es-degoute\/#primaryimage\"},\"thumbnailUrl\":\"https:\/\/lyonbondyblog.fr\/LBB\/wp-content\/uploads\/2013\/08\/carte_electorale.jpg\",\"datePublished\":\"2010-03-15T14:40:10+00:00\",\"dateModified\":\"2013-08-01T13:45:34+00:00\",\"inLanguage\":\"fr-FR\",\"potentialAction\":[{\"@type\":\"ReadAction\",\"target\":[\"https:\/\/lyonbondyblog.fr\/LBB\/plus-tu-en-apprends-sur-la-politique-plus-tu-en-es-degoute\/\"]}]},{\"@type\":\"ImageObject\",\"inLanguage\":\"fr-FR\",\"@id\":\"https:\/\/lyonbondyblog.fr\/LBB\/plus-tu-en-apprends-sur-la-politique-plus-tu-en-es-degoute\/#primaryimage\",\"url\":\"https:\/\/lyonbondyblog.fr\/LBB\/wp-content\/uploads\/2013\/08\/carte_electorale.jpg\",\"contentUrl\":\"https:\/\/lyonbondyblog.fr\/LBB\/wp-content\/uploads\/2013\/08\/carte_electorale.jpg\",\"width\":86,\"height\":125},{\"@type\":\"WebSite\",\"@id\":\"https:\/\/lyonbondyblog.fr\/LBB\/#website\",\"url\":\"https:\/\/lyonbondyblog.fr\/LBB\/\",\"name\":\"Lyon Bondy Blog\",\"description\":\"\",\"publisher\":{\"@id\":\"https:\/\/lyonbondyblog.fr\/LBB\/#organization\"},\"potentialAction\":[{\"@type\":\"SearchAction\",\"target\":{\"@type\":\"EntryPoint\",\"urlTemplate\":\"https:\/\/lyonbondyblog.fr\/LBB\/?s={search_term_string}\"},\"query-input\":\"required name=search_term_string\"}],\"inLanguage\":\"fr-FR\"},{\"@type\":\"Organization\",\"@id\":\"https:\/\/lyonbondyblog.fr\/LBB\/#organization\",\"name\":\"LYON BONDY BLOG\",\"url\":\"https:\/\/lyonbondyblog.fr\/LBB\/\",\"logo\":{\"@type\":\"ImageObject\",\"inLanguage\":\"fr-FR\",\"@id\":\"https:\/\/lyonbondyblog.fr\/LBB\/#\/schema\/logo\/image\/\",\"url\":\"http:\/\/lyonbondyblog.fr\/LBB\/wp-content\/uploads\/2014\/10\/logo-portable-144.png\",\"contentUrl\":\"http:\/\/lyonbondyblog.fr\/LBB\/wp-content\/uploads\/2014\/10\/logo-portable-144.png\",\"width\":144,\"height\":123,\"caption\":\"LYON BONDY BLOG\"},\"image\":{\"@id\":\"https:\/\/lyonbondyblog.fr\/LBB\/#\/schema\/logo\/image\/\"},\"sameAs\":[\"https:\/\/www.facebook.com\/lyonbondyblog\",\"https:\/\/x.com\/bondybloglyon\"]},{\"@type\":\"Person\",\"@id\":\"https:\/\/lyonbondyblog.fr\/LBB\/#\/schema\/person\/e45f8d27baac75072daa0be50c409b25\",\"name\":\"La r\u00e9daction\",\"description\":\"Cr\u00e9e en 2008, la r\u00e9daction du Lyon Bondy Blog s'applique \u00e0 proposer une information locale diff\u00e9rente et compl\u00e9mentaire des m\u00e9dias traditionnels.\",\"sameAs\":[\"https:\/\/www.facebook.com\/lyonbondyblog\",\"https:\/\/x.com\/BondyBlogLyon\"],\"url\":\"https:\/\/lyonbondyblog.fr\/LBB\/author\/admin\/\"}]}<\/script>\n<!-- \/ Yoast SEO plugin. -->","yoast_head_json":{"title":"\"Plus tu en apprends sur la politique, plus tu en es d\u00e9go\u00fbt\u00e9\" - Lyon Bondy Blog","robots":{"index":"index","follow":"follow","max-snippet":"max-snippet:-1","max-image-preview":"max-image-preview:large","max-video-preview":"max-video-preview:-1"},"canonical":"https:\/\/lyonbondyblog.fr\/LBB\/plus-tu-en-apprends-sur-la-politique-plus-tu-en-es-degoute\/","og_locale":"fr_FR","og_type":"article","og_title":"\"Plus tu en apprends sur la politique, plus tu en es d\u00e9go\u00fbt\u00e9\" - Lyon Bondy Blog","og_description":"REGIONALES 2010. C&rsquo;est \u00e0 Villefranche sur Sa\u00f4ne \u00e0 Belleroche que Rafika est all\u00e9e voter hier pour le premier tour des r\u00e9gionales. Elle \u00e9tait bien seule&#8230; &hellip;","og_url":"https:\/\/lyonbondyblog.fr\/LBB\/plus-tu-en-apprends-sur-la-politique-plus-tu-en-es-degoute\/","og_site_name":"Lyon Bondy Blog","article_publisher":"https:\/\/www.facebook.com\/lyonbondyblog","article_author":"https:\/\/www.facebook.com\/lyonbondyblog","article_published_time":"2010-03-15T14:40:10+00:00","article_modified_time":"2013-08-01T13:45:34+00:00","og_image":[{"width":86,"height":125,"url":"https:\/\/lyonbondyblog.fr\/LBB\/wp-content\/uploads\/2013\/08\/carte_electorale.jpg","type":"image\/jpeg"}],"author":"La r\u00e9daction","twitter_card":"summary_large_image","twitter_creator":"@BondyBlogLyon","twitter_site":"@bondybloglyon","schema":{"@context":"https:\/\/schema.org","@graph":[{"@type":"Article","@id":"https:\/\/lyonbondyblog.fr\/LBB\/plus-tu-en-apprends-sur-la-politique-plus-tu-en-es-degoute\/#article","isPartOf":{"@id":"https:\/\/lyonbondyblog.fr\/LBB\/plus-tu-en-apprends-sur-la-politique-plus-tu-en-es-degoute\/"},"author":{"name":"La r\u00e9daction","@id":"https:\/\/lyonbondyblog.fr\/LBB\/#\/schema\/person\/e45f8d27baac75072daa0be50c409b25"},"headline":"\u00ab\u00a0Plus tu en apprends sur la politique, plus tu en es d\u00e9go\u00fbt\u00e9\u00a0\u00bb","datePublished":"2010-03-15T14:40:10+00:00","dateModified":"2013-08-01T13:45:34+00:00","mainEntityOfPage":{"@id":"https:\/\/lyonbondyblog.fr\/LBB\/plus-tu-en-apprends-sur-la-politique-plus-tu-en-es-degoute\/"},"wordCount":667,"commentCount":0,"publisher":{"@id":"https:\/\/lyonbondyblog.fr\/LBB\/#organization"},"image":{"@id":"https:\/\/lyonbondyblog.fr\/LBB\/plus-tu-en-apprends-sur-la-politique-plus-tu-en-es-degoute\/#primaryimage"},"thumbnailUrl":"https:\/\/lyonbondyblog.fr\/LBB\/wp-content\/uploads\/2013\/08\/carte_electorale.jpg","keywords":["lyon","Lyon Bondy Blog"],"articleSection":["Politique"],"inLanguage":"fr-FR","potentialAction":[{"@type":"CommentAction","name":"Comment","target":["https:\/\/lyonbondyblog.fr\/LBB\/plus-tu-en-apprends-sur-la-politique-plus-tu-en-es-degoute\/#respond"]}]},{"@type":"WebPage","@id":"https:\/\/lyonbondyblog.fr\/LBB\/plus-tu-en-apprends-sur-la-politique-plus-tu-en-es-degoute\/","url":"https:\/\/lyonbondyblog.fr\/LBB\/plus-tu-en-apprends-sur-la-politique-plus-tu-en-es-degoute\/","name":"\"Plus tu en apprends sur la politique, plus tu en es d\u00e9go\u00fbt\u00e9\" - Lyon Bondy Blog","isPartOf":{"@id":"https:\/\/lyonbondyblog.fr\/LBB\/#website"},"primaryImageOfPage":{"@id":"https:\/\/lyonbondyblog.fr\/LBB\/plus-tu-en-apprends-sur-la-politique-plus-tu-en-es-degoute\/#primaryimage"},"image":{"@id":"https:\/\/lyonbondyblog.fr\/LBB\/plus-tu-en-apprends-sur-la-politique-plus-tu-en-es-degoute\/#primaryimage"},"thumbnailUrl":"https:\/\/lyonbondyblog.fr\/LBB\/wp-content\/uploads\/2013\/08\/carte_electorale.jpg","datePublished":"2010-03-15T14:40:10+00:00","dateModified":"2013-08-01T13:45:34+00:00","inLanguage":"fr-FR","potentialAction":[{"@type":"ReadAction","target":["https:\/\/lyonbondyblog.fr\/LBB\/plus-tu-en-apprends-sur-la-politique-plus-tu-en-es-degoute\/"]}]},{"@type":"ImageObject","inLanguage":"fr-FR","@id":"https:\/\/lyonbondyblog.fr\/LBB\/plus-tu-en-apprends-sur-la-politique-plus-tu-en-es-degoute\/#primaryimage","url":"https:\/\/lyonbondyblog.fr\/LBB\/wp-content\/uploads\/2013\/08\/carte_electorale.jpg","contentUrl":"https:\/\/lyonbondyblog.fr\/LBB\/wp-content\/uploads\/2013\/08\/carte_electorale.jpg","width":86,"height":125},{"@type":"WebSite","@id":"https:\/\/lyonbondyblog.fr\/LBB\/#website","url":"https:\/\/lyonbondyblog.fr\/LBB\/","name":"Lyon Bondy Blog","description":"","publisher":{"@id":"https:\/\/lyonbondyblog.fr\/LBB\/#organization"},"potentialAction":[{"@type":"SearchAction","target":{"@type":"EntryPoint","urlTemplate":"https:\/\/lyonbondyblog.fr\/LBB\/?s={search_term_string}"},"query-input":"required name=search_term_string"}],"inLanguage":"fr-FR"},{"@type":"Organization","@id":"https:\/\/lyonbondyblog.fr\/LBB\/#organization","name":"LYON BONDY BLOG","url":"https:\/\/lyonbondyblog.fr\/LBB\/","logo":{"@type":"ImageObject","inLanguage":"fr-FR","@id":"https:\/\/lyonbondyblog.fr\/LBB\/#\/schema\/logo\/image\/","url":"http:\/\/lyonbondyblog.fr\/LBB\/wp-content\/uploads\/2014\/10\/logo-portable-144.png","contentUrl":"http:\/\/lyonbondyblog.fr\/LBB\/wp-content\/uploads\/2014\/10\/logo-portable-144.png","width":144,"height":123,"caption":"LYON BONDY BLOG"},"image":{"@id":"https:\/\/lyonbondyblog.fr\/LBB\/#\/schema\/logo\/image\/"},"sameAs":["https:\/\/www.facebook.com\/lyonbondyblog","https:\/\/x.com\/bondybloglyon"]},{"@type":"Person","@id":"https:\/\/lyonbondyblog.fr\/LBB\/#\/schema\/person\/e45f8d27baac75072daa0be50c409b25","name":"La r\u00e9daction","description":"Cr\u00e9e en 2008, la r\u00e9daction du Lyon Bondy Blog s'applique \u00e0 proposer une information locale diff\u00e9rente et compl\u00e9mentaire des m\u00e9dias traditionnels.","sameAs":["https:\/\/www.facebook.com\/lyonbondyblog","https:\/\/x.com\/BondyBlogLyon"],"url":"https:\/\/lyonbondyblog.fr\/LBB\/author\/admin\/"}]}},"_links":{"self":[{"href":"https:\/\/lyonbondyblog.fr\/LBB\/wp-json\/wp\/v2\/posts\/3002","targetHints":{"allow":["GET"]}}],"collection":[{"href":"https:\/\/lyonbondyblog.fr\/LBB\/wp-json\/wp\/v2\/posts"}],"about":[{"href":"https:\/\/lyonbondyblog.fr\/LBB\/wp-json\/wp\/v2\/types\/post"}],"author":[{"embeddable":true,"href":"https:\/\/lyonbondyblog.fr\/LBB\/wp-json\/wp\/v2\/users\/1"}],"replies":[{"embeddable":true,"href":"https:\/\/lyonbondyblog.fr\/LBB\/wp-json\/wp\/v2\/comments?post=3002"}],"version-history":[{"count":0,"href":"https:\/\/lyonbondyblog.fr\/LBB\/wp-json\/wp\/v2\/posts\/3002\/revisions"}],"wp:featuredmedia":[{"embeddable":true,"href":"https:\/\/lyonbondyblog.fr\/LBB\/wp-json\/wp\/v2\/media\/3011"}],"wp:attachment":[{"href":"https:\/\/lyonbondyblog.fr\/LBB\/wp-json\/wp\/v2\/media?parent=3002"}],"wp:term":[{"taxonomy":"category","embeddable":true,"href":"https:\/\/lyonbondyblog.fr\/LBB\/wp-json\/wp\/v2\/categories?post=3002"},{"taxonomy":"post_tag","embeddable":true,"href":"https:\/\/lyonbondyblog.fr\/LBB\/wp-json\/wp\/v2\/tags?post=3002"}],"curies":[{"name":"wp","href":"https:\/\/api.w.org\/{rel}","templated":true}]}}