{"id":30012,"date":"2022-07-07T18:00:00","date_gmt":"2022-07-07T16:00:00","guid":{"rendered":"http:\/\/lyonbondyblog.fr\/LBB\/?p=30012"},"modified":"2022-07-07T17:15:59","modified_gmt":"2022-07-07T15:15:59","slug":"les-lycees-des-quartiers-populaires-au-bord-de-limplosion","status":"publish","type":"post","link":"https:\/\/lyonbondyblog.fr\/LBB\/les-lycees-des-quartiers-populaires-au-bord-de-limplosion\/","title":{"rendered":"Les lyc\u00e9es des quartiers populaires \u00ab\u00a0au bord de l\u2019implosion\u00a0\u00bb"},"content":{"rendered":"\n<h2 class=\"wp-block-heading\">Les lyc\u00e9es des quartiers populaires de la m\u00e9tropole de Lyon seraient \u00ab&nbsp;<em>au bord de l\u2019implosion<\/em>&nbsp;\u00bb. Les professeurs demandent plus de moyens par l\u2019acquisition d\u2019un \u00ab&nbsp;<em>v\u00e9ritable statut d\u2019\u00e9ducation prioritaire<\/em>&nbsp;\u00bb. Le Lyon Bondy Blog a recueilli le t\u00e9moignage d\u2019un enseignant \u00e0 V\u00e9nissieux. <\/h2>\n\n\n\n<p>\u00ab&nbsp;<em>Je suis un pur produit de la m\u00e9ritocratie R\u00e9publicaine<\/em>&nbsp;\u00bb, d\u00e9clarait le nouveau ministre de l\u2019\u00e9ducation nationale, <a href=\"https:\/\/www.bfmtv.com\/international\/pap-ndiaye-je-suis-un-pur-produit-de-la-meritocratie-republicaine_VN-202205200628.html\" target=\"_blank\" rel=\"noreferrer noopener\">Pap Ndiaye<\/a>, lors de son investiture en mai dernier. D\u00e9j\u00e0 galvaud\u00e9e par d\u2019autres bouches, la collocation semble avoir perdu tout cr\u00e9dit dans la <a href=\"http:\/\/www.cgteduc69.fr\/Pour-la-creation-d-un-veritable-statut-d-education-prioritaire-pour-les-lycees\" target=\"_blank\" rel=\"noreferrer noopener\">lettre ouverte<\/a> qui lui est adress\u00e9e par cinq lyc\u00e9es des quartiers populaires de la m\u00e9tropole de Lyon. Les premiers mots sont sans appel&nbsp;: \u00ab&nbsp;<em>Loin d\u2019ouvrir \u00e0 chacun.e une destin\u00e9e sociale d\u00e9connect\u00e9e de son origine, l\u2019\u00e9cole reproduit les in\u00e9galit\u00e9s de naissance<\/em>&nbsp;\u00bb.<\/p>\n\n\n\n<p>Alors que l\u2019<a href=\"https:\/\/www.education.gouv.fr\/l-education-prioritaire-3140\">\u00e9ducation prioritaire<\/a> a justement pour but de r\u00e9duire les \u00e9carts de r\u00e9sultats scolaires li\u00e9s aux origines sociales, les professeurs de diff\u00e9rents lyc\u00e9es de V\u00e9nissieux, Vaulx-en-Velin et Villeurbanne militent depuis le <a href=\"https:\/\/www.bfmtv.com\/lyon\/replay-emissions\/bonsoir-lyon\/rhone-les-professeurs-de-lycees-dans-la-rue_VN-202206140572.html\" target=\"_blank\" rel=\"noreferrer noopener\">14 juin dernier<\/a> pour r\u00e9int\u00e9grer ces \u00e9tablissements au sein de ce dispositif.<\/p>\n\n\n\n<h2 class=\"wp-block-heading\"><strong>\u00ab&nbsp;Ind\u00e9niablement, on laisse des \u00e9l\u00e8ves au bord du chemin&nbsp;\u00bb<\/strong><\/h2>\n\n\n\n<p>Cinq lyc\u00e9es des quartiers populaires de la m\u00e9tropole de Lyon d\u00e9noncent \u00ab&nbsp;<em>l\u2019abandon dont sont victimes les g\u00e9n\u00e9rations actuelles de lyc\u00e9en.ne.s des milieux populaires<\/em>&nbsp;\u00bb. En 2014, sous le mandat de Vincent Peillon, la politique de l\u2019\u00e9ducation prioritaire a subi une <a href=\"https:\/\/www.ville-et-banlieue.org\/le-16-janvier-2014-la-reforme-de-leducation-prioritaire-7658.html\" target=\"_blank\" rel=\"noreferrer noopener\">refonte totale<\/a>, sans traiter la question des lyc\u00e9es. Elle consiste aujourd\u2019hui en un &nbsp;R\u00e9seau d\u2019\u00c9ducation Prioritaire&nbsp; qui rassemble les \u00e9coles et les coll\u00e8ges dits \u00ab&nbsp;REP&nbsp;\u00bb et \u00ab&nbsp;REP+&nbsp;\u00bb, rencontrant des difficult\u00e9s sociales plus significatives qu\u2019ailleurs. Cependant, les lyc\u00e9es des quartiers prioritaires, \u00ab&nbsp;<em>au bord de l\u2019implosion<\/em>&nbsp;\u00bb, semblent ne plus pouvoir se contenter de l\u2019Allocation Progressive de Moyens (APM). Seul dispositif tenant compte de leur sp\u00e9cificit\u00e9 territoriale, elle se r\u00e9duirait pourtant \u00ab&nbsp;<em>comme peau de chagrin<\/em>&nbsp;\u00bb.<\/p>\n\n\n\n<p>Les APM, qui correspondent \u00e0 des heures en classe d\u00e9doubl\u00e9e, sont d\u00e9sormais insuffisantes pour faire face au sureffectif&nbsp;des classes&nbsp;: \u00ab&nbsp; <em>Il y a trois ans, il y a eu un pic d\u00e9mographique au niveau de la m\u00e9tropole de Lyon. Au lieu de cr\u00e9er des \u00e9tablissements ou des sections suppl\u00e9mentaires et donc recruter, le rectorat a fait le choix de remplir les classes, et m\u00eame les classes des quartiers populaires&nbsp;<\/em><strong>\u00bb<\/strong>, explique un professeur en \u00e9lectrotechnique du lyc\u00e9e professionnel Marc Seguin \u00e0 V\u00e9nissieux. Bloquer de nouveau les effectifs \u00e0 24 \u00e9l\u00e8ves par classe para\u00eet alors indispensable au vu \u00ab&nbsp;<em>des fragilit\u00e9s dans l\u2019apprentissage de certains \u00e9tudiants<\/em>&nbsp;\u00bb. L\u2019enseignant syndiqu\u00e9 \u00e0 <a href=\"http:\/\/www.cgteduc69.fr\/\" target=\"_blank\" rel=\"noreferrer noopener\">CGT \u00e9ducation<\/a> d\u00e9livre un terrible constat&nbsp;: \u00ab <em>On n\u2019arrive pas \u00e0 r\u00e9pondre aux besoins de tous les \u00e9l\u00e8ves comme on devrait, ind\u00e9niablement, on en laisse au bord du chemin<\/em> \u00bb. <\/p>\n\n\n\n<h2 class=\"wp-block-heading\"><strong>\u00ab Chaque ann\u00e9e, c\u2019est 40% des coll\u00e8gues qui partent \u00bb<\/strong><\/h2>\n\n\n\n<p>Le sureffectif et le manque de personnel encadrant n\u2019entra\u00eenent pas seulement une d\u00e9gradation des conditions d\u2019apprentissage et donc des conditions d\u2019enseignement, mais \u00e9galement des \u00ab&nbsp;<em>difficult\u00e9s de gestion au quotidien<\/em>&nbsp;\u00bb. Le professeur V\u00e9nissian en t\u00e9moigne&nbsp;: \u00ab&nbsp;<em>on passe de plus en plus de notre temps \u00e0 r\u00e9guler les comportements plut\u00f4t qu&rsquo;\u00e0 accompagner les \u00e9l\u00e8ves sur l&rsquo;acquisition des savoirs et des comp\u00e9tences&nbsp;\u00bb. <\/em>Il mentionne la multiplication des incidents pendant ou en dehors des cours, qui ne sont pourtant le fait que de quelques \u00e9l\u00e8ves.<\/p>\n\n\n\n<p>S\u2019ajoute par cons\u00e9quent le manque d\u2019attractivit\u00e9 du m\u00e9tier de professeur et les difficult\u00e9s pour recruter&nbsp;: \u00ab&nbsp;<em>Ce qu\u2019on vit, c&rsquo;est de plus en plus fr\u00e9quemment des postes qui ne sont pas pourvus \u00e0 la rentr\u00e9e. On a des \u00e9l\u00e8ves en maintenance en seconde qui n&rsquo;ont pas eu cours pendant six mois. Cette ann\u00e9e, on va avoir deux postes vacants en lettres et en histoire, peut-\u00eatre m\u00eame un poste en \u00e9lectrotechnique. Si on ne cr\u00e9e pas des bonnes conditions de travail pour attirer des personnels et les stabiliser au niveau des \u00e9quipes, c&rsquo;est la d\u00e9bandade. Au lyc\u00e9e Marcel Sembat, le turnover du personnel est \u00e9norme. Chaque ann\u00e9e, c&rsquo;est 40% des coll\u00e8gues qui partent&nbsp;\u00bb.<\/em><\/p>\n\n\n\n<h2 class=\"wp-block-heading\"><strong>\u00ab&nbsp;On est pass\u00e9 de 11h en classe d\u00e9doubl\u00e9e \u00e0 z\u00e9ro&nbsp;\u00bb<\/strong><\/h2>\n\n\n\n<p>Selon l\u2019enseignant, la mani\u00e8re d\u2019accorder l\u2019Allocation Progressive de Moyens (APM) n\u2019est pas \u00e0 la hauteur des enjeux&nbsp;: \u00ab&nbsp;<em>C\u2019est compl\u00e8tement al\u00e9atoire. De l\u2019ann\u00e9e scolaire 2020-2021 \u00e0 celle de 2021-2022, en seconde, on est pass\u00e9 de 11 heures hebdomadaires en classe d\u00e9doubl\u00e9e \u00e0 z\u00e9ro.<\/em> <em>En d\u00e9but d&rsquo;ann\u00e9e, ils ont fait passer un test aux \u00e9l\u00e8ves pour d\u00e9terminer l\u2019allocation des moyens. Nous, b\u00eates que nous sommes, on ne savait pas. C&rsquo;\u00e9tait une nouveaut\u00e9. On a laiss\u00e9 plus que 30 minutes aux \u00e9l\u00e8ves parce que des fois, le temps de lecture est long pour certains. Finalement, ils ont trop bien r\u00e9ussi, donc on nous a tout enlev\u00e9&nbsp;\u00bb. &nbsp;<\/em><\/p>\n\n\n\n<p>Pour les professeurs des lyc\u00e9es des quartiers populaires de la m\u00e9tropole de Lyon, il y a donc urgence \u00e0 ce que ces \u00e9tablissements b\u00e9n\u00e9ficient de nouveau \u00ab&nbsp;<em>d\u2019un v\u00e9ritable statut d\u2019\u00e9ducation prioritaire<\/em>&nbsp;\u00bb. Ils demandent une r\u00e9duction des effectifs par classe, des \u00ab&nbsp;<em>moyens suppl\u00e9mentaires cons\u00e9quents en heure- poste&nbsp;<\/em>\u00bb, des \u00ab&nbsp;<em>embauches massives de personnel<\/em>&nbsp;\u00bb, \u00ab&nbsp;<em>un syst\u00e8me de bonification et de primes <\/em>\u00bb, et des \u00ab&nbsp;<em>moyens pour l\u2019\u00e9ducation socio-culturelle<\/em>&nbsp;\u00bb.<\/p>\n\n\n\n<h2 class=\"wp-block-heading\"><strong>\u00ab L\u00e0, on est dans une impasse. Les professeurs sont d\u00e9sempar\u00e9s au quotidien \u00bb<\/strong><\/h2>\n\n\n\n<p>Le professeur du Lyc\u00e9e Marcel Sembat rappelle l\u2019importance d\u2019une continuit\u00e9 dans le parcours des jeunes&nbsp;: \u00ab&nbsp;<em>Tous les coll\u00e8ges autour de l&rsquo;\u00e9tablissement o\u00f9 l\u2019on recrute sont en REP+. Quand ils arrivent au lyc\u00e9e, ils ne sont plus en \u00e9ducation prioritaire. C\u2019&rsquo;est-\u00e0-dire qu\u2019une fois rentr\u00e9s en seconde, toutes les familles ont chang\u00e9 de cat\u00e9gorie sociale, tous les probl\u00e8mes ont \u00e9t\u00e9 r\u00e9solus ? Absolument pas. Ils continuent de vivre dans leur quartier, leur r\u00e9alit\u00e9, avec des fois les difficult\u00e9s qu&rsquo;ils ont pour pouvoir poursuivre une scolarit\u00e9 sereine. Nous, on arrive sans les moyens qu&rsquo;avaient les coll\u00e8ges pour continuer \u00e0 les accompagner et les faire r\u00e9ussir. L\u00e0, on est dans une impasse.&nbsp;Les professeurs sont d\u00e9sempar\u00e9s au quotidien. Il faut absolument que le dispositif d&rsquo;\u00e9ducation prioritaire soit repens\u00e9 sur l&rsquo;ensemble du parcours de la scolarit\u00e9 des jeunes. L\u2019enjeu est national.<\/em>\u00bb.<\/p>\n\n\n\n<p>Alors que le rectorat a re\u00e7u et entendu les syndicats, le seul engagement obtenu concernant les lyc\u00e9es Marcel Sembat et Marcel Seguin de V\u00e9nissieux a \u00e9t\u00e9 la cr\u00e9ation d&rsquo;un poste d&rsquo;assistant d&rsquo;\u00e9ducation suppl\u00e9mentaire. La CGT \u00e9ducation du Rh\u00f4ne assure qu\u2019elle travaillera \u00e0 d\u2019autres actions \u00e0 la rentr\u00e9e si leur lettre au ministre ne re\u00e7oit pas de r\u00e9ponses d\u2019un autre ordre.<\/p>\n\n\n\n<p class=\"has-text-align-right\"><strong>Aurore Ployer<\/strong><\/p>\n\n\n\n<p><strong>Retrouvez nos derniers articles ici : <\/strong><\/p>\n\n\n<ul class=\"wp-block-latest-posts__list wp-block-latest-posts\"><li><a class=\"wp-block-latest-posts__post-title\" href=\"https:\/\/lyonbondyblog.fr\/LBB\/fetes-escales-tour-du-monde-a-venissieux\/\">F\u00eates Escales : tour du monde \u00e0 V\u00e9nissieux<\/a><\/li>\n<li><a class=\"wp-block-latest-posts__post-title\" href=\"https:\/\/lyonbondyblog.fr\/LBB\/jeunes-davenirs-la-jeunesse-a-venir\/\">Jeunes d\u2019Avenirs\u00a0: la jeunesse \u00e0 venir<\/a><\/li>\n<li><a class=\"wp-block-latest-posts__post-title\" href=\"https:\/\/lyonbondyblog.fr\/LBB\/le-tribunal-refuse-la-liberation-provisoire-dun-homme-poursuivi-pour-violences-aggravees\/\">Le tribunal refuse la lib\u00e9ration provisoire d\u2019un homme poursuivi pour violences aggrav\u00e9es<\/a><\/li>\n<li><a class=\"wp-block-latest-posts__post-title\" href=\"https:\/\/lyonbondyblog.fr\/LBB\/la-poesie-au-theatre-la-generale-de-la-proposition-musicale-et-litteraire-dalain-klingler\/\">La po\u00e9sie au th\u00e9\u00e2tre\u00a0: la g\u00e9n\u00e9rale de la proposition musicale et litt\u00e9raire d\u2019Alain Klingler<\/a><\/li>\n<li><a class=\"wp-block-latest-posts__post-title\" href=\"https:\/\/lyonbondyblog.fr\/LBB\/culture-allez-faire-un-petit-tour-du-cote-de-venissieux-pour-le-raffut-festival\/\">Culture : Allez faire un petit tour du c\u00f4t\u00e9 de V\u00e9nissieux, pour le raffut festival<\/a><\/li>\n<\/ul>\n\n\n<p class=\"has-text-align-right\"><strong> <\/strong><\/p>\n<!-- AddThis Advanced Settings generic via filter on the_content --><!-- AddThis Share Buttons generic via filter on the_content -->","protected":false},"excerpt":{"rendered":"<p>Les lyc\u00e9es des quartiers populaires de la m\u00e9tropole de Lyon seraient \u00ab&nbsp;au bord de l\u2019implosion&nbsp;\u00bb. Les professeurs demandent plus de moyens par l\u2019acquisition d\u2019un \u00ab&nbsp;v\u00e9ritable &hellip; <!-- AddThis Advanced Settings generic via filter on wp_trim_excerpt --><!-- AddThis Share Buttons generic via filter on wp_trim_excerpt --><\/p>\n","protected":false},"author":31865,"featured_media":30014,"comment_status":"open","ping_status":"open","sticky":true,"template":"","format":"standard","meta":{"_FSMCFIC_featured_image_caption":"","_FSMCFIC_featured_image_nocaption":"","_FSMCFIC_featured_image_hide":"","footnotes":""},"categories":[22673,3517,4],"tags":[28109,28106,28108,10,6515,28107],"class_list":["post-30012","post","type-post","status-publish","format-standard","has-post-thumbnail","hentry","category-cgt","category-education","category-lyon","tag-apm","tag-education-2","tag-education-prioritaire","tag-lyon-2","tag-rep","tag-rep-2"],"yoast_head":"<!-- This site is optimized with the Yoast SEO plugin v22.8 - https:\/\/yoast.com\/wordpress\/plugins\/seo\/ -->\n<title>Les lyc\u00e9es des quartiers populaires &quot;au bord de l\u2019implosion&quot; - Lyon Bondy Blog<\/title>\n<meta name=\"description\" content=\"Les lyc\u00e9es des quartiers populaires de la m\u00e9tropole de Lyon seraient \u00ab\u00a0au bord de l\u2019implosion\u00a0\u00bb. Les professeurs demandent plus de moyens...\" \/>\n<meta name=\"robots\" content=\"index, follow, max-snippet:-1, max-image-preview:large, max-video-preview:-1\" \/>\n<link rel=\"canonical\" href=\"https:\/\/lyonbondyblog.fr\/LBB\/les-lycees-des-quartiers-populaires-au-bord-de-limplosion\/\" \/>\n<meta property=\"og:locale\" content=\"fr_FR\" \/>\n<meta property=\"og:type\" content=\"article\" \/>\n<meta property=\"og:title\" content=\"Les lyc\u00e9es des quartiers populaires &quot;au bord de l\u2019implosion&quot; - Lyon Bondy Blog\" \/>\n<meta property=\"og:description\" content=\"Les lyc\u00e9es des quartiers populaires de la m\u00e9tropole de Lyon seraient \u00ab\u00a0au bord de l\u2019implosion\u00a0\u00bb. Les professeurs demandent plus de moyens...\" \/>\n<meta property=\"og:url\" content=\"https:\/\/lyonbondyblog.fr\/LBB\/les-lycees-des-quartiers-populaires-au-bord-de-limplosion\/\" \/>\n<meta property=\"og:site_name\" content=\"Lyon Bondy Blog\" \/>\n<meta property=\"article:publisher\" content=\"https:\/\/www.facebook.com\/lyonbondyblog\" \/>\n<meta property=\"article:published_time\" content=\"2022-07-07T16:00:00+00:00\" \/>\n<meta property=\"article:modified_time\" content=\"2022-07-07T15:15:59+00:00\" \/>\n<meta property=\"og:image\" content=\"https:\/\/lyonbondyblog.fr\/LBB\/wp-content\/uploads\/2022\/07\/IMG_20220705_162908.jpg\" \/>\n\t<meta property=\"og:image:width\" content=\"1920\" \/>\n\t<meta property=\"og:image:height\" content=\"1080\" \/>\n\t<meta property=\"og:image:type\" content=\"image\/jpeg\" \/>\n<meta name=\"author\" content=\"Aurore Ployer\" \/>\n<meta name=\"twitter:card\" content=\"summary_large_image\" \/>\n<meta name=\"twitter:creator\" content=\"@bondybloglyon\" \/>\n<meta name=\"twitter:site\" content=\"@bondybloglyon\" \/>\n<script type=\"application\/ld+json\" class=\"yoast-schema-graph\">{\"@context\":\"https:\/\/schema.org\",\"@graph\":[{\"@type\":\"Article\",\"@id\":\"https:\/\/lyonbondyblog.fr\/LBB\/les-lycees-des-quartiers-populaires-au-bord-de-limplosion\/#article\",\"isPartOf\":{\"@id\":\"https:\/\/lyonbondyblog.fr\/LBB\/les-lycees-des-quartiers-populaires-au-bord-de-limplosion\/\"},\"author\":{\"name\":\"Aurore Ployer\",\"@id\":\"https:\/\/lyonbondyblog.fr\/LBB\/#\/schema\/person\/32a6ca84915e1d2fced1cef188943fb8\"},\"headline\":\"Les lyc\u00e9es des quartiers populaires \u00ab\u00a0au bord de l\u2019implosion\u00a0\u00bb\",\"datePublished\":\"2022-07-07T16:00:00+00:00\",\"dateModified\":\"2022-07-07T15:15:59+00:00\",\"mainEntityOfPage\":{\"@id\":\"https:\/\/lyonbondyblog.fr\/LBB\/les-lycees-des-quartiers-populaires-au-bord-de-limplosion\/\"},\"wordCount\":1240,\"commentCount\":0,\"publisher\":{\"@id\":\"https:\/\/lyonbondyblog.fr\/LBB\/#organization\"},\"image\":{\"@id\":\"https:\/\/lyonbondyblog.fr\/LBB\/les-lycees-des-quartiers-populaires-au-bord-de-limplosion\/#primaryimage\"},\"thumbnailUrl\":\"https:\/\/lyonbondyblog.fr\/LBB\/wp-content\/uploads\/2022\/07\/IMG_20220705_162908.jpg\",\"keywords\":[\"APM\",\"\u00e9ducation\",\"\u00e9ducation prioritaire\",\"lyon\",\"REP\",\"REP+\"],\"articleSection\":[\"CGT\",\"Education\",\"Lyon\"],\"inLanguage\":\"fr-FR\",\"potentialAction\":[{\"@type\":\"CommentAction\",\"name\":\"Comment\",\"target\":[\"https:\/\/lyonbondyblog.fr\/LBB\/les-lycees-des-quartiers-populaires-au-bord-de-limplosion\/#respond\"]}]},{\"@type\":\"WebPage\",\"@id\":\"https:\/\/lyonbondyblog.fr\/LBB\/les-lycees-des-quartiers-populaires-au-bord-de-limplosion\/\",\"url\":\"https:\/\/lyonbondyblog.fr\/LBB\/les-lycees-des-quartiers-populaires-au-bord-de-limplosion\/\",\"name\":\"Les lyc\u00e9es des quartiers populaires \\\"au bord de l\u2019implosion\\\" - Lyon Bondy Blog\",\"isPartOf\":{\"@id\":\"https:\/\/lyonbondyblog.fr\/LBB\/#website\"},\"primaryImageOfPage\":{\"@id\":\"https:\/\/lyonbondyblog.fr\/LBB\/les-lycees-des-quartiers-populaires-au-bord-de-limplosion\/#primaryimage\"},\"image\":{\"@id\":\"https:\/\/lyonbondyblog.fr\/LBB\/les-lycees-des-quartiers-populaires-au-bord-de-limplosion\/#primaryimage\"},\"thumbnailUrl\":\"https:\/\/lyonbondyblog.fr\/LBB\/wp-content\/uploads\/2022\/07\/IMG_20220705_162908.jpg\",\"datePublished\":\"2022-07-07T16:00:00+00:00\",\"dateModified\":\"2022-07-07T15:15:59+00:00\",\"description\":\"Les lyc\u00e9es des quartiers populaires de la m\u00e9tropole de Lyon seraient \u00ab\u00a0au bord de l\u2019implosion\u00a0\u00bb. Les professeurs demandent plus de moyens...\",\"inLanguage\":\"fr-FR\",\"potentialAction\":[{\"@type\":\"ReadAction\",\"target\":[\"https:\/\/lyonbondyblog.fr\/LBB\/les-lycees-des-quartiers-populaires-au-bord-de-limplosion\/\"]}]},{\"@type\":\"ImageObject\",\"inLanguage\":\"fr-FR\",\"@id\":\"https:\/\/lyonbondyblog.fr\/LBB\/les-lycees-des-quartiers-populaires-au-bord-de-limplosion\/#primaryimage\",\"url\":\"https:\/\/lyonbondyblog.fr\/LBB\/wp-content\/uploads\/2022\/07\/IMG_20220705_162908.jpg\",\"contentUrl\":\"https:\/\/lyonbondyblog.fr\/LBB\/wp-content\/uploads\/2022\/07\/IMG_20220705_162908.jpg\",\"width\":1920,\"height\":1080},{\"@type\":\"WebSite\",\"@id\":\"https:\/\/lyonbondyblog.fr\/LBB\/#website\",\"url\":\"https:\/\/lyonbondyblog.fr\/LBB\/\",\"name\":\"Lyon Bondy Blog\",\"description\":\"\",\"publisher\":{\"@id\":\"https:\/\/lyonbondyblog.fr\/LBB\/#organization\"},\"potentialAction\":[{\"@type\":\"SearchAction\",\"target\":{\"@type\":\"EntryPoint\",\"urlTemplate\":\"https:\/\/lyonbondyblog.fr\/LBB\/?s={search_term_string}\"},\"query-input\":\"required name=search_term_string\"}],\"inLanguage\":\"fr-FR\"},{\"@type\":\"Organization\",\"@id\":\"https:\/\/lyonbondyblog.fr\/LBB\/#organization\",\"name\":\"LYON BONDY BLOG\",\"url\":\"https:\/\/lyonbondyblog.fr\/LBB\/\",\"logo\":{\"@type\":\"ImageObject\",\"inLanguage\":\"fr-FR\",\"@id\":\"https:\/\/lyonbondyblog.fr\/LBB\/#\/schema\/logo\/image\/\",\"url\":\"http:\/\/lyonbondyblog.fr\/LBB\/wp-content\/uploads\/2014\/10\/logo-portable-144.png\",\"contentUrl\":\"http:\/\/lyonbondyblog.fr\/LBB\/wp-content\/uploads\/2014\/10\/logo-portable-144.png\",\"width\":144,\"height\":123,\"caption\":\"LYON BONDY BLOG\"},\"image\":{\"@id\":\"https:\/\/lyonbondyblog.fr\/LBB\/#\/schema\/logo\/image\/\"},\"sameAs\":[\"https:\/\/www.facebook.com\/lyonbondyblog\",\"https:\/\/x.com\/bondybloglyon\"]},{\"@type\":\"Person\",\"@id\":\"https:\/\/lyonbondyblog.fr\/LBB\/#\/schema\/person\/32a6ca84915e1d2fced1cef188943fb8\",\"name\":\"Aurore Ployer\",\"url\":\"https:\/\/lyonbondyblog.fr\/LBB\/author\/auroreployer\/\"}]}<\/script>\n<!-- \/ Yoast SEO plugin. -->","yoast_head_json":{"title":"Les lyc\u00e9es des quartiers populaires \"au bord de l\u2019implosion\" - Lyon Bondy Blog","description":"Les lyc\u00e9es des quartiers populaires de la m\u00e9tropole de Lyon seraient \u00ab\u00a0au bord de l\u2019implosion\u00a0\u00bb. Les professeurs demandent plus de moyens...","robots":{"index":"index","follow":"follow","max-snippet":"max-snippet:-1","max-image-preview":"max-image-preview:large","max-video-preview":"max-video-preview:-1"},"canonical":"https:\/\/lyonbondyblog.fr\/LBB\/les-lycees-des-quartiers-populaires-au-bord-de-limplosion\/","og_locale":"fr_FR","og_type":"article","og_title":"Les lyc\u00e9es des quartiers populaires \"au bord de l\u2019implosion\" - Lyon Bondy Blog","og_description":"Les lyc\u00e9es des quartiers populaires de la m\u00e9tropole de Lyon seraient \u00ab\u00a0au bord de l\u2019implosion\u00a0\u00bb. Les professeurs demandent plus de moyens...","og_url":"https:\/\/lyonbondyblog.fr\/LBB\/les-lycees-des-quartiers-populaires-au-bord-de-limplosion\/","og_site_name":"Lyon Bondy Blog","article_publisher":"https:\/\/www.facebook.com\/lyonbondyblog","article_published_time":"2022-07-07T16:00:00+00:00","article_modified_time":"2022-07-07T15:15:59+00:00","og_image":[{"width":1920,"height":1080,"url":"https:\/\/lyonbondyblog.fr\/LBB\/wp-content\/uploads\/2022\/07\/IMG_20220705_162908.jpg","type":"image\/jpeg"}],"author":"Aurore Ployer","twitter_card":"summary_large_image","twitter_creator":"@bondybloglyon","twitter_site":"@bondybloglyon","schema":{"@context":"https:\/\/schema.org","@graph":[{"@type":"Article","@id":"https:\/\/lyonbondyblog.fr\/LBB\/les-lycees-des-quartiers-populaires-au-bord-de-limplosion\/#article","isPartOf":{"@id":"https:\/\/lyonbondyblog.fr\/LBB\/les-lycees-des-quartiers-populaires-au-bord-de-limplosion\/"},"author":{"name":"Aurore Ployer","@id":"https:\/\/lyonbondyblog.fr\/LBB\/#\/schema\/person\/32a6ca84915e1d2fced1cef188943fb8"},"headline":"Les lyc\u00e9es des quartiers populaires \u00ab\u00a0au bord de l\u2019implosion\u00a0\u00bb","datePublished":"2022-07-07T16:00:00+00:00","dateModified":"2022-07-07T15:15:59+00:00","mainEntityOfPage":{"@id":"https:\/\/lyonbondyblog.fr\/LBB\/les-lycees-des-quartiers-populaires-au-bord-de-limplosion\/"},"wordCount":1240,"commentCount":0,"publisher":{"@id":"https:\/\/lyonbondyblog.fr\/LBB\/#organization"},"image":{"@id":"https:\/\/lyonbondyblog.fr\/LBB\/les-lycees-des-quartiers-populaires-au-bord-de-limplosion\/#primaryimage"},"thumbnailUrl":"https:\/\/lyonbondyblog.fr\/LBB\/wp-content\/uploads\/2022\/07\/IMG_20220705_162908.jpg","keywords":["APM","\u00e9ducation","\u00e9ducation prioritaire","lyon","REP","REP+"],"articleSection":["CGT","Education","Lyon"],"inLanguage":"fr-FR","potentialAction":[{"@type":"CommentAction","name":"Comment","target":["https:\/\/lyonbondyblog.fr\/LBB\/les-lycees-des-quartiers-populaires-au-bord-de-limplosion\/#respond"]}]},{"@type":"WebPage","@id":"https:\/\/lyonbondyblog.fr\/LBB\/les-lycees-des-quartiers-populaires-au-bord-de-limplosion\/","url":"https:\/\/lyonbondyblog.fr\/LBB\/les-lycees-des-quartiers-populaires-au-bord-de-limplosion\/","name":"Les lyc\u00e9es des quartiers populaires \"au bord de l\u2019implosion\" - Lyon Bondy Blog","isPartOf":{"@id":"https:\/\/lyonbondyblog.fr\/LBB\/#website"},"primaryImageOfPage":{"@id":"https:\/\/lyonbondyblog.fr\/LBB\/les-lycees-des-quartiers-populaires-au-bord-de-limplosion\/#primaryimage"},"image":{"@id":"https:\/\/lyonbondyblog.fr\/LBB\/les-lycees-des-quartiers-populaires-au-bord-de-limplosion\/#primaryimage"},"thumbnailUrl":"https:\/\/lyonbondyblog.fr\/LBB\/wp-content\/uploads\/2022\/07\/IMG_20220705_162908.jpg","datePublished":"2022-07-07T16:00:00+00:00","dateModified":"2022-07-07T15:15:59+00:00","description":"Les lyc\u00e9es des quartiers populaires de la m\u00e9tropole de Lyon seraient \u00ab\u00a0au bord de l\u2019implosion\u00a0\u00bb. Les professeurs demandent plus de moyens...","inLanguage":"fr-FR","potentialAction":[{"@type":"ReadAction","target":["https:\/\/lyonbondyblog.fr\/LBB\/les-lycees-des-quartiers-populaires-au-bord-de-limplosion\/"]}]},{"@type":"ImageObject","inLanguage":"fr-FR","@id":"https:\/\/lyonbondyblog.fr\/LBB\/les-lycees-des-quartiers-populaires-au-bord-de-limplosion\/#primaryimage","url":"https:\/\/lyonbondyblog.fr\/LBB\/wp-content\/uploads\/2022\/07\/IMG_20220705_162908.jpg","contentUrl":"https:\/\/lyonbondyblog.fr\/LBB\/wp-content\/uploads\/2022\/07\/IMG_20220705_162908.jpg","width":1920,"height":1080},{"@type":"WebSite","@id":"https:\/\/lyonbondyblog.fr\/LBB\/#website","url":"https:\/\/lyonbondyblog.fr\/LBB\/","name":"Lyon Bondy Blog","description":"","publisher":{"@id":"https:\/\/lyonbondyblog.fr\/LBB\/#organization"},"potentialAction":[{"@type":"SearchAction","target":{"@type":"EntryPoint","urlTemplate":"https:\/\/lyonbondyblog.fr\/LBB\/?s={search_term_string}"},"query-input":"required name=search_term_string"}],"inLanguage":"fr-FR"},{"@type":"Organization","@id":"https:\/\/lyonbondyblog.fr\/LBB\/#organization","name":"LYON BONDY BLOG","url":"https:\/\/lyonbondyblog.fr\/LBB\/","logo":{"@type":"ImageObject","inLanguage":"fr-FR","@id":"https:\/\/lyonbondyblog.fr\/LBB\/#\/schema\/logo\/image\/","url":"http:\/\/lyonbondyblog.fr\/LBB\/wp-content\/uploads\/2014\/10\/logo-portable-144.png","contentUrl":"http:\/\/lyonbondyblog.fr\/LBB\/wp-content\/uploads\/2014\/10\/logo-portable-144.png","width":144,"height":123,"caption":"LYON BONDY BLOG"},"image":{"@id":"https:\/\/lyonbondyblog.fr\/LBB\/#\/schema\/logo\/image\/"},"sameAs":["https:\/\/www.facebook.com\/lyonbondyblog","https:\/\/x.com\/bondybloglyon"]},{"@type":"Person","@id":"https:\/\/lyonbondyblog.fr\/LBB\/#\/schema\/person\/32a6ca84915e1d2fced1cef188943fb8","name":"Aurore Ployer","url":"https:\/\/lyonbondyblog.fr\/LBB\/author\/auroreployer\/"}]}},"_links":{"self":[{"href":"https:\/\/lyonbondyblog.fr\/LBB\/wp-json\/wp\/v2\/posts\/30012","targetHints":{"allow":["GET"]}}],"collection":[{"href":"https:\/\/lyonbondyblog.fr\/LBB\/wp-json\/wp\/v2\/posts"}],"about":[{"href":"https:\/\/lyonbondyblog.fr\/LBB\/wp-json\/wp\/v2\/types\/post"}],"author":[{"embeddable":true,"href":"https:\/\/lyonbondyblog.fr\/LBB\/wp-json\/wp\/v2\/users\/31865"}],"replies":[{"embeddable":true,"href":"https:\/\/lyonbondyblog.fr\/LBB\/wp-json\/wp\/v2\/comments?post=30012"}],"version-history":[{"count":3,"href":"https:\/\/lyonbondyblog.fr\/LBB\/wp-json\/wp\/v2\/posts\/30012\/revisions"}],"predecessor-version":[{"id":30025,"href":"https:\/\/lyonbondyblog.fr\/LBB\/wp-json\/wp\/v2\/posts\/30012\/revisions\/30025"}],"wp:featuredmedia":[{"embeddable":true,"href":"https:\/\/lyonbondyblog.fr\/LBB\/wp-json\/wp\/v2\/media\/30014"}],"wp:attachment":[{"href":"https:\/\/lyonbondyblog.fr\/LBB\/wp-json\/wp\/v2\/media?parent=30012"}],"wp:term":[{"taxonomy":"category","embeddable":true,"href":"https:\/\/lyonbondyblog.fr\/LBB\/wp-json\/wp\/v2\/categories?post=30012"},{"taxonomy":"post_tag","embeddable":true,"href":"https:\/\/lyonbondyblog.fr\/LBB\/wp-json\/wp\/v2\/tags?post=30012"}],"curies":[{"name":"wp","href":"https:\/\/api.w.org\/{rel}","templated":true}]}}