{"id":29894,"date":"2022-07-06T17:05:44","date_gmt":"2022-07-06T15:05:44","guid":{"rendered":"http:\/\/lyonbondyblog.fr\/LBB\/?p=29894"},"modified":"2022-07-06T17:05:45","modified_gmt":"2022-07-06T15:05:45","slug":"immersion-dans-le-streetwear-lyonnais-episode-2-les-piliers-dun-mouvement-naissant","status":"publish","type":"post","link":"https:\/\/lyonbondyblog.fr\/LBB\/immersion-dans-le-streetwear-lyonnais-episode-2-les-piliers-dun-mouvement-naissant\/","title":{"rendered":"Immersion dans le streetwear lyonnais. Episode 2 : Les piliers d\u2019un mouvement naissant."},"content":{"rendered":"\n<p><strong>Lyon, ville de tradition, s\u2019est av\u00e9r\u00e9e \u00eatre un terreau fertile pour le streetwear. Cette culture a su cr\u00e9er ses propres codes, du vestiaire de sport \u00e0 la banlieue, de l\u2019habit \u00e0 l\u2019attitude. Si vous n&rsquo;avez pas lu le premier \u00e9pisode  rendez-vous ici : <\/strong><a href=\"https:\/\/lyonbondyblog.fr\/LBB\/immersion-dans-le-streetwear-lyonnais-episode-1-retour-sur-les-origines-dun-phenomene\/\">Immersion dans le streetwear lyonnais. \u00c9pisode 1 : Retour sur les origines d\u2019un ph\u00e9nom\u00e8ne &#8211; (lyonbondyblog.fr)<\/a><\/p>\n\n\n\n<p>Au d\u00e9but des ann\u00e9es 2000, Lyon entame sa douce mais longue conversion au hip-hop. Des r\u00e9f\u00e9rences vont naitre et permettre \u00e0 une banlieue bouillonnante de s\u2019identifier. Les initiatives pleuvent et deux \u00e9coles s\u2019opposent&nbsp;: entre magasins revendeurs et merchandising de rappeur\u2026 La ville bouge enfin au rythme du boombap.<\/p>\n\n\n\n<h2 class=\"wp-block-heading\"><strong>Quand le textile rentre en connexion avec la street<\/strong><\/h2>\n\n\n\n<div class=\"wp-block-media-text alignwide is-stacked-on-mobile is-vertically-aligned-center\"><figure class=\"wp-block-media-text__media\"><img loading=\"lazy\" decoding=\"async\" width=\"1920\" height=\"1440\" src=\"https:\/\/lyonbondyblog.fr\/LBB\/wp-content\/uploads\/2022\/07\/image00004-1920x1440.jpeg\" alt=\"\" class=\"wp-image-29899 size-full\" srcset=\"https:\/\/lyonbondyblog.fr\/LBB\/wp-content\/uploads\/2022\/07\/image00004-1920x1440.jpeg 1920w, https:\/\/lyonbondyblog.fr\/LBB\/wp-content\/uploads\/2022\/07\/image00004-1200x900.jpeg 1200w, https:\/\/lyonbondyblog.fr\/LBB\/wp-content\/uploads\/2022\/07\/image00004-768x576.jpeg 768w, https:\/\/lyonbondyblog.fr\/LBB\/wp-content\/uploads\/2022\/07\/image00004-1536x1152.jpeg 1536w, https:\/\/lyonbondyblog.fr\/LBB\/wp-content\/uploads\/2022\/07\/image00004-2048x1536.jpeg 2048w\" sizes=\"auto, (max-width: 1920px) 100vw, 1920px\" \/><\/figure><div class=\"wp-block-media-text__content\">\n<p class=\"has-normal-font-size\"> En 2002, un magasin pionnier du mouvement ouvre ses portes aux 24 Rue de Brest en Presqu\u2019\u00eele, pour ne plus le quitter&nbsp;: <a href=\"https:\/\/www.instagram.com\/streetconnexionlyon\/\" target=\"_blank\" rel=\"noreferrer noopener\">Street Connexion<\/a>. Puisant ses influences chez les jeaners Creeks, Liberto, Levis ou Bonne Aventure de l\u2019\u00e9poque, <strong>Yohann ALZRAA<\/strong> cr\u00e9e sa marque. Il a pour objectif de r\u00e9pondre \u00e0 une demande croissante de v\u00eatements hip-hop, aujourd\u2019hui combl\u00e9e&nbsp;:&nbsp;\u00ab&nbsp;<em>On a connu une vraie \u00e9volution. Il y a 20 ans, on n\u2019avait pas grand-chose. Aujourd\u2019hui, on a tout ce qu\u2019&rsquo;il faut, on est bien \u00e9quip\u00e9s&nbsp;: la grande distribution, les magasins sp\u00e9cialis\u00e9s\u2026 Tout le monde peut trouver chaussure \u00e0 son pied. On est bien \u00e0 Lyon<\/em>&nbsp;\u00bb. \u00c9tant le seul lyonnais \u00e0 permettre \u00e0 sa client\u00e8le d\u2019acheter un t-shirt, un jean et une paire de basket dans le m\u00eame endroit, il devient la r\u00e9f\u00e9rence. Gr\u00e2ce \u00e0 son image de marque, son nom <strong>Street&nbsp;Connexion<\/strong>, son amour pour le mouvement breakdance, il remet au d\u00e9but du 3<sup>\u00e8me<\/sup> mill\u00e9naire les baskets de sport \u00e0 la mode. Ses premi\u00e8res r\u00e9f\u00e9rences, il les acquiert en s\u2019exportant&nbsp;:&nbsp;\u00ab&nbsp;<em>Moi j\u2019aime bien les New Balance 576, qui ont mis en avant la marque \u00e0 la fin des ann\u00e9es 90. Je les achetais \u00e0 Londres car j\u2019y habitais, et je les ramenais ici. On n\u2019en trouvait pas sur le march\u00e9 lyonnais, il y avait peu de tailles disponibles. J\u2019en ramenais des tonnes \u00e0 mes copains qui n\u2019avaient pas autant de choix que moi<\/em>&nbsp;\u00bb. <\/p>\n<\/div><\/div>\n\n\n\n<p>Son fondateur a connu les deux grandes \u00e9poques du hip-hop&nbsp;: \u00e0 la fin des ann\u00e9es 90 et milieu des ann\u00e9es 2010. Il a vu arriver, s\u2019implanter, et parfois s\u2019embourber, un bon nombre de magasins concurrents, et souffle fi\u00e8rement sa vingti\u00e8me bougie.<\/p>\n\n\n\n<div class=\"wp-block-image\"><figure class=\"aligncenter size-large is-resized\"><img loading=\"lazy\" decoding=\"async\" src=\"https:\/\/lyonbondyblog.fr\/LBB\/wp-content\/uploads\/2022\/07\/image-modfi-1--1920x1201.jpg\" alt=\"\" class=\"wp-image-29907\" width=\"891\" height=\"557\" srcset=\"https:\/\/lyonbondyblog.fr\/LBB\/wp-content\/uploads\/2022\/07\/image-modfi-1--1920x1201.jpg 1920w, https:\/\/lyonbondyblog.fr\/LBB\/wp-content\/uploads\/2022\/07\/image-modfi-1--1200x751.jpg 1200w, https:\/\/lyonbondyblog.fr\/LBB\/wp-content\/uploads\/2022\/07\/image-modfi-1--768x480.jpg 768w, https:\/\/lyonbondyblog.fr\/LBB\/wp-content\/uploads\/2022\/07\/image-modfi-1--1536x961.jpg 1536w, https:\/\/lyonbondyblog.fr\/LBB\/wp-content\/uploads\/2022\/07\/image-modfi-1--2048x1281.jpg 2048w\" sizes=\"auto, (max-width: 891px) 100vw, 891px\" \/><figcaption>Int\u00e9rieur de la boutique Street Connexion. <\/figcaption><\/figure><\/div>\n\n\n\n<h2 class=\"wp-block-heading\"><strong>Et le merch dans tout \u00e7a&nbsp;?<\/strong><\/h2>\n\n\n\n<div class=\"wp-block-image\"><figure class=\"alignright size-full is-resized\"><img loading=\"lazy\" decoding=\"async\" src=\"https:\/\/lyonbondyblog.fr\/LBB\/wp-content\/uploads\/2022\/07\/IMG-20200504-WA0007-1.jpg\" alt=\"\" class=\"wp-image-29923\" width=\"501\" height=\"724\" srcset=\"https:\/\/lyonbondyblog.fr\/LBB\/wp-content\/uploads\/2022\/07\/IMG-20200504-WA0007-1.jpg 1063w, https:\/\/lyonbondyblog.fr\/LBB\/wp-content\/uploads\/2022\/07\/IMG-20200504-WA0007-1-831x1200.jpg 831w, https:\/\/lyonbondyblog.fr\/LBB\/wp-content\/uploads\/2022\/07\/IMG-20200504-WA0007-1-768x1109.jpg 768w\" sizes=\"auto, (max-width: 501px) 100vw, 501px\" \/><figcaption>En 2007 K.NA\u00cf, fr\u00e8re de Barj, posait d\u00e9j\u00e0 pour \u00ab\u00a069 la trik\u00a0\u00bb. Cr\u00e9dit : <a href=\"https:\/\/trik.fr\/histoire-69-la-trik-lyon\/\" target=\"_blank\" rel=\"noreferrer noopener\">trik.fr<\/a><\/figcaption><\/figure><\/div>\n\n\n\n<p class=\"has-text-align-left\">En m\u00eame temps que le mouvement hip-hop se d\u00e9veloppe \u00e0 Lyon, les jeunes issus des quartiers populaires s\u2019approprient les codes du textile pour cr\u00e9er leur propre outil marketing&nbsp;: c\u2019est le grand d\u00e9but du <strong>merchandising<\/strong>. <strong>Barj<\/strong>, autre figure embl\u00e9matique du rap lyonnais toujours accompagn\u00e9 de son fr\u00e8re <strong>K.NA\u00cf <\/strong>ont particip\u00e9 \u00e0 cet essor. Fond\u00e9e \u00e0 Saint-Priest, leur marque \u00ab&nbsp;<a href=\"https:\/\/69latrik.fr\/\" target=\"_blank\" rel=\"noreferrer noopener\">69 la trik&nbsp;<\/a>\u00bb est devenue un embl\u00e8me rhodanien. Le projet, parti d\u2019une expression r\u00e9pandue en prison d\u00e8s la fin des ann\u00e9es 90, s\u2019est mu\u00e9 en une marque de t-shirts au d\u00e9but des ann\u00e9es 2000. <strong>Barj<\/strong>, homme de l\u2019ombre et pilier du projet, a su utiliser ses exp\u00e9riences dans la rue, pour commercialiser un produit lyonnais, qui rassemblait les banlieues. L\u2019esprit de son business s\u2019inspirait du rap \u00ab<em>&nbsp;racailleux<\/em>&nbsp;\u00bb de son fr\u00e8re. A l\u2019\u00e9poque, il y avait tout \u00e0 faire&nbsp;: \u00ab&nbsp;<em>Niveau textile, je ne sais pas si je suis premier \u00e0 avoir cr\u00e9\u00e9 un circuit comme celui-l\u00e0. Ce qui est s\u00fbr, c\u2019est que je suis le premier \u00e0 l\u2019avoir industrialis\u00e9 \u00e0 cette ampleur<\/em>&nbsp;\u00bb. \u00c9tant un disciple de l\u2019\u00e9cole \u00ab&nbsp;<em>\u00e0 la zeub<\/em>&nbsp;\u00bb de la<strong> Bougnoul Smala<\/strong>, le degr\u00e9 de perfectionnisme du travail de <strong>Casus Belli<\/strong> lui paraissait inatteignable : \u00ab&nbsp;<em>il \u00e9tait tr\u00e8s carr\u00e9 dans sa d\u00e9marche professionnalisante du rap. Je voulais vraiment faire tout l\u2019inverse de lui<\/em> \u00bb.<\/p>\n\n\n\n<figure class=\"wp-block-pullquote is-style-default\"><blockquote><p><a href=\"https:\/\/lyonbondyblog.fr\/LBB\/rencontre-avec-casus-belli-pierre-angulaire-du-rap-lyonnais-partie-2\/\" target=\"_blank\" rel=\"noreferrer noopener\"><strong>Casus Belli<\/strong>, roi sans couronne du rap lyonnais<\/a>, arrive dans le rap \u00e0 la fin des ann\u00e9es 90, avec une envie d\u00e9bordante de conqu\u00e9rir le public fran\u00e7ais. Les crew sont l\u00e9gion, le rap se partage autour de freestyles de plusieurs heures et soir\u00e9es open-mic o\u00f9 les MCs viennent pour en d\u00e9coudre. <strong>Casus Belli<\/strong> se souvient que pour lui, le style vestimentaire n\u2019\u00e9tait pas le plus important, il fallait surtout en imposer&nbsp;: \u00ab&nbsp;<em>Je suis d\u2019une g\u00e9n\u00e9ration o\u00f9 quand on allait dans une autre ville ou dans un concert, <strong>on devait impacter visuellement<\/strong>. On avait tous les m\u00eames t-shirts, tous les m\u00eames logos. A l\u2019\u00e9poque du Tapi Versatile mon premier groupe, on avait des \u00ab<\/em>&nbsp;<em>crews&nbsp;\u00bb, et quand on arrivait dans une zone, on devait prouver qu\u2019on \u00e9tait les plus forts, les plus unis<\/em>&nbsp;\u00bb.<\/p><p><\/p><p>\u00ab&nbsp;<em>On avait une vie charg\u00e9e, un vrai taff \u00e0 c\u00f4t\u00e9, d\u2019autres soucis. On optimisait tout. Faire du merch, bien qu\u2019il soit de qualit\u00e9, simplement pour sortir un t-shirt, ce n\u2019\u00e9tait pas un objectif. \u00c7a faisait surtout partie des op\u00e9rations coup de poings, d\u2019une \u00e9poque d\u2019appartenance \u00e0 un groupe <\/em>\u00bb. Un <em>uniforme<\/em> qui n\u2019\u00e9tait r\u00e9fl\u00e9chi que dans un seul but&nbsp;: la rentabilit\u00e9 financi\u00e8re.<\/p><\/blockquote><\/figure>\n\n\n\n<div class=\"wp-block-image\"><figure class=\"alignright size-full is-resized\"><img loading=\"lazy\" decoding=\"async\" src=\"https:\/\/lyonbondyblog.fr\/LBB\/wp-content\/uploads\/2022\/07\/modif-image-2-.png\" alt=\"\" class=\"wp-image-29937\" width=\"611\" height=\"607\" srcset=\"https:\/\/lyonbondyblog.fr\/LBB\/wp-content\/uploads\/2022\/07\/modif-image-2-.png 814w, https:\/\/lyonbondyblog.fr\/LBB\/wp-content\/uploads\/2022\/07\/modif-image-2--150x150.png 150w, https:\/\/lyonbondyblog.fr\/LBB\/wp-content\/uploads\/2022\/07\/modif-image-2--768x763.png 768w\" sizes=\"auto, (max-width: 611px) 100vw, 611px\" \/><figcaption>En 2022,  K.NA\u00cf posait toujours pour \u00ab\u00a069 la trik\u00a0\u00bb. Cr\u00e9dit : <a href=\"https:\/\/www.instagram.com\/69latrikofficiel\/\" target=\"_blank\" rel=\"noreferrer noopener\">69latrikofficiel<\/a><\/figcaption><\/figure><\/div>\n\n\n\n<p class=\"has-text-align-left\">Mettant sa vision marketing au service d\u2019un fr\u00e8re talentueux, <strong>Barj <\/strong>permet une identification de tous les quartiers de Lyon de se reconnaitre dans un projet par et pour eux&nbsp;: \u00ab&nbsp;<em>La ville \u00e9tait vue comme bourgeoise, \u00ab&nbsp;catho-bobo&nbsp;\u00bb, et on a su amener cette repr\u00e9sentation de l\u2019autre-Lyon qu\u2019on connaissait<\/em>&nbsp;\u00bb. Businessman pragmatique, pour lui le merch est un support \u00e9vident \u00ab&nbsp;<em>c\u2019est un vrai moyen d\u2019identification, car la personne veut \u00eatre reconnue pour avoir mis ce t-shirt. C\u2019est avec le temps et l\u2019\u00e9volution qu\u2019on lui connait que le t-shirt et l\u2019expression se sont d\u00e9mocratis\u00e9es. Tout le monde ne pouvait pas le porter \u00e0 l\u2019\u00e9poque<\/em>&nbsp;\u00bb.<\/p>\n\n\n\n<p>Visionnaire, le san-priods comprend que s\u2019il veut briller en France, il doit \u00e9largir son public. Il rentre en contact avec<strong> Alibi Montana<\/strong> et le fait venir pour exporter son merchandising \u00e0 Lyon, d\u00e9marche totalement novatrice pour l\u2019\u00e9poque. Il en profite pour mettre en avant sa propre marque et perp\u00e9tue ce lien entre rap et mode, en combattant la duret\u00e9 du milieu : \u00ab&nbsp;<em>On en avait marre des rappeurs qui rappaient entre eux et pour eux. Avec notre collection de t-shirt, on voulait vraiment proposer des produits au plus grand nombre, au grand public. C\u2019est ce que l\u2019\u00e9cosyst\u00e8me rap de l\u2019\u00e9poque ne comprenait pas, ne voulait pas respecter&nbsp;<\/em>\u00bb. Aujourd\u2019hui devenue une r\u00e9f\u00e9rence lyonnaise, le projet continue de se d\u00e9velopper et d\u2019\u00e9largir le champ des possibles&nbsp;: casquettes, hoodies, banane, bob et m\u00eame tasse\u2026<\/p>\n\n\n\n<p><span class=\"has-inline-color has-white-color\">ZZZZZZZZZZZZZZZZZZZZZZZZZZZZZZZZZZZZZZZZZZZZZZZZZZZZZZZZZZZZZZZZZZZZZZZZZZZZZZZZZZZZZZZZZZZZZZZZZZZZZZZZZZZZZZZZZZZZZZZZZZZZZZZZZZZZZZZZZZZZZZZZZZZZZZZZZZZZZZZZZZZZZZZZZZZZZZZZZZZZZZZZZZZZZZZZZZZZZZZZZZ<\/span><\/p>\n\n\n\n<hr class=\"wp-block-separator has-text-color has-background has-black-background-color has-black-color is-style-wide\"\/>\n\n\n\n<div class=\"wp-block-image\"><figure class=\"alignleft size-full is-resized\"><img loading=\"lazy\" decoding=\"async\" src=\"https:\/\/lyonbondyblog.fr\/LBB\/wp-content\/uploads\/2022\/07\/6C3AC2F4-087D-4293-9362-AEA157272846-rotated.jpg\" alt=\"\" class=\"wp-image-29963\" width=\"450\" height=\"600\"\/><figcaption>Pull de LY69, collection 2001-2002. Cr\u00e9dit : JM<\/figcaption><\/figure><\/div>\n\n\n\n<p class=\"has-text-align-left\">Autre t\u00e9moin de l\u2019\u00e9volution de ce march\u00e9, <a href=\"https:\/\/lyonbondyblog.fr\/LBB\/j-m-loriginal-vers-un-retour-du-plus-grand-festival-hip-hop-lyonnais\/\" target=\"_blank\" rel=\"noreferrer noopener\">le fondateur du festival l\u2019Original Fest\u2019 \u00e0 Lyon&nbsp;: <strong>JM<\/strong><\/a>. En effet, avant de s\u2019imposer comme un leader de l\u2019\u00e9v\u00e9nementiel en ville, <strong>JM<\/strong> a cr\u00e9\u00e9 la marque \u00ab&nbsp;LY69&nbsp;\u00bb. \u00c9galement un des pr\u00e9curseurs du \u00ab&nbsp;<em>69 avec les mains<\/em>&nbsp;\u00bb, le natif de Rillieux-la-Pape a tout de suite vu un attrait des banlieues pour la culture de chez lui&nbsp;:&nbsp;\u00ab&nbsp;<em>J\u2019avais propos\u00e9 \u00e7a \u00e0 MD Store, \u00e0 l\u2019\u00e9poque de mon fanzine Version69, et \u00e7a a bien fonctionn\u00e9<\/em>\u00bb. A travers les diff\u00e9rents \u00e9v\u00e8nements qu\u2019il a organis\u00e9s courant 2000, <strong>JM<\/strong> a su r\u00e9unir les habitants de son quartier de Rillieux, ainsi que le grand-Lyon plus g\u00e9n\u00e9ralement. Il a rendu accessible la culture hip-hop \u00e0 un plus grand nombre en amenant le rap sur les grandes sc\u00e8nes de la r\u00e9gion.<\/p>\n\n\n\n<p><\/p>\n\n\n\n<p><\/p>\n\n\n\n<p><\/p>\n\n\n\n<p><\/p>\n\n\n\n<p><\/p>\n\n\n\n<h2 class=\"wp-block-heading\"><strong>Tout le monde trouve basket \u00e0 son pied<\/strong><\/h2>\n\n\n\n<p>Bien que l\u2019uniforme \u00ab&nbsp;Lacoste TN&nbsp;\u00bb du bon vieux rat lyonnais ait toujours eu pignon-sur-rue dans le streetwear, c\u2019est une autre paire de chaussures qui a marqu\u00e9 la ville de son empreinte. En effet, la <strong>Nike Air Max BW Lyon<\/strong> pour \u00ab&nbsp;Big Window&nbsp;\u00bb est une sneaker classique de la ville. Tellement classique, que Nike a choisi <strong>trois villes dans le monde <\/strong>pour lui rendre hommage en Novembre 2021&nbsp;: <strong>Rotterdam, Los Angeles et Lyon<\/strong>. Dans un coloris gris terne, la version 69, disponible uniquement dans le magasin <a href=\"https:\/\/www.instagram.com\/shoezgallery\/\" target=\"_blank\" rel=\"noreferrer noopener\">Shoez Gallery<\/a> a permis aux aficionados des 90\u2019s de porter une paire unique et historique. Le magasin, ouvert depuis les ann\u00e9es 2000, est un monument de la ville. <strong>Florent<\/strong>, actuel g\u00e9rant de la boutique revient sur la collaboration avec la marque \u00e0 la virgule: <em>\u00ab&nbsp;J\u2019ai 40 ans aujourd\u2019hui et j\u2019avais 10 ans quand cette paire est sortie. La plupart des gens qui \u00e9taient l\u00e0 le matin de la sortie, c\u2019\u00e9taient des quadrag\u00e9naires qui voulaient avoir le mod\u00e8le aux pieds, se rappeler un truc. En France, on est les seuls \u00e0 avoir vendu la paire en magasin \u00bb. <\/em>Ouvert depuis d\u00e9but 2003, le shop a ressenti un nouvel \u00e9lan gr\u00e2ce \u00e0 la sortie cette paire, un retour \u00e0 la basket port\u00e9e et pas collectionn\u00e9e -ce ph\u00e9nom\u00e8ne est apparu avec  \u00ab <em>l&rsquo;\u00e8re Yeezy \u00bb<\/em>.  Elle a aussi assis la notori\u00e9t\u00e9 de la boutique&nbsp;: \u00ab&nbsp;<em>La Air Max BW Lyon a permis de faire conna\u00eetre le magasin a beaucoup d\u2019autres personnes de la r\u00e9gion qui ne nous connaissaient pas. Cela nous a plac\u00e9 sur le carte. Nike d\u00e9cide de proposer une paire sp\u00e9ciale Lyon et de la revendre chez Shoez Gallery. Ils nous ont s\u00e9lectionn\u00e9 comme les plus l\u00e9gitimes. Ils n\u2019avaient pas besoin de nous pour la vendre, mais ils voulaient qu\u2019on raconte une histoire<\/em>&nbsp;\u00bb. Cette histoire, elle s\u2019arrache entre des tailles 36 et 46, et elle permet de f\u00e9d\u00e9rer toute une ville, anciennes et nouvelles g\u00e9n\u00e9rations confondues, autour d\u2019une simple paire de basket. Tout un symbole, durant la <a href=\"https:\/\/www.youtube.com\/watch?v=Td5hTe1otjg\" target=\"_blank\" rel=\"noreferrer noopener\">campagne publicitaire du projet<\/a>, c\u2019est Tedax Max et Florent qui sont les repr\u00e9sentants de cette paire, mettant en avant cette street-life entre La Guill\u2019 et H\u00f4tel-de-ville.<\/p>\n\n\n\n<figure class=\"wp-block-gallery columns-3 is-cropped wp-block-gallery-1 is-layout-flex wp-block-gallery-is-layout-flex\"><ul class=\"blocks-gallery-grid\"><li class=\"blocks-gallery-item\"><figure><img loading=\"lazy\" decoding=\"async\" width=\"1080\" height=\"1317\" src=\"https:\/\/lyonbondyblog.fr\/LBB\/wp-content\/uploads\/2022\/07\/IMG_20220706_125647.jpg\" alt=\"\" data-id=\"29980\" data-full-url=\"https:\/\/lyonbondyblog.fr\/LBB\/wp-content\/uploads\/2022\/07\/IMG_20220706_125647.jpg\" data-link=\"https:\/\/lyonbondyblog.fr\/LBB\/?attachment_id=29980\" class=\"wp-image-29980\" srcset=\"https:\/\/lyonbondyblog.fr\/LBB\/wp-content\/uploads\/2022\/07\/IMG_20220706_125647.jpg 1080w, https:\/\/lyonbondyblog.fr\/LBB\/wp-content\/uploads\/2022\/07\/IMG_20220706_125647-984x1200.jpg 984w, https:\/\/lyonbondyblog.fr\/LBB\/wp-content\/uploads\/2022\/07\/IMG_20220706_125647-768x937.jpg 768w\" sizes=\"auto, (max-width: 1080px) 100vw, 1080px\" \/><figcaption class=\"blocks-gallery-item__caption\"> Cr\u00e9dit : <a href=\"https:\/\/www.instagram.com\/shoezgallery\/\" target=\"_blank\" rel=\"noreferrer noopener\">shoezgallery<\/a> <\/figcaption><\/figure><\/li><li class=\"blocks-gallery-item\"><figure><img loading=\"lazy\" decoding=\"async\" width=\"1080\" height=\"1331\" src=\"https:\/\/lyonbondyblog.fr\/LBB\/wp-content\/uploads\/2022\/07\/IMG_20220706_125700.jpg\" alt=\"\" data-id=\"29981\" data-full-url=\"https:\/\/lyonbondyblog.fr\/LBB\/wp-content\/uploads\/2022\/07\/IMG_20220706_125700.jpg\" data-link=\"https:\/\/lyonbondyblog.fr\/LBB\/?attachment_id=29981\" class=\"wp-image-29981\" srcset=\"https:\/\/lyonbondyblog.fr\/LBB\/wp-content\/uploads\/2022\/07\/IMG_20220706_125700.jpg 1080w, https:\/\/lyonbondyblog.fr\/LBB\/wp-content\/uploads\/2022\/07\/IMG_20220706_125700-974x1200.jpg 974w, https:\/\/lyonbondyblog.fr\/LBB\/wp-content\/uploads\/2022\/07\/IMG_20220706_125700-768x946.jpg 768w\" sizes=\"auto, (max-width: 1080px) 100vw, 1080px\" \/><figcaption class=\"blocks-gallery-item__caption\"> Cr\u00e9dit : <a href=\"https:\/\/www.instagram.com\/shoezgallery\/\" target=\"_blank\" rel=\"noreferrer noopener\">shoezgallery<\/a> <\/figcaption><\/figure><\/li><li class=\"blocks-gallery-item\"><figure><img loading=\"lazy\" decoding=\"async\" width=\"1080\" height=\"1324\" src=\"https:\/\/lyonbondyblog.fr\/LBB\/wp-content\/uploads\/2022\/07\/IMG_20220706_125711.jpg\" alt=\"\" data-id=\"29982\" data-full-url=\"https:\/\/lyonbondyblog.fr\/LBB\/wp-content\/uploads\/2022\/07\/IMG_20220706_125711.jpg\" data-link=\"https:\/\/lyonbondyblog.fr\/LBB\/?attachment_id=29982\" class=\"wp-image-29982\" srcset=\"https:\/\/lyonbondyblog.fr\/LBB\/wp-content\/uploads\/2022\/07\/IMG_20220706_125711.jpg 1080w, https:\/\/lyonbondyblog.fr\/LBB\/wp-content\/uploads\/2022\/07\/IMG_20220706_125711-979x1200.jpg 979w, https:\/\/lyonbondyblog.fr\/LBB\/wp-content\/uploads\/2022\/07\/IMG_20220706_125711-768x942.jpg 768w\" sizes=\"auto, (max-width: 1080px) 100vw, 1080px\" \/><figcaption class=\"blocks-gallery-item__caption\"> Cr\u00e9dit : <a href=\"https:\/\/www.instagram.com\/shoezgallery\/\" target=\"_blank\" rel=\"noreferrer noopener\">shoezgallery<\/a> <\/figcaption><\/figure><\/li><li class=\"blocks-gallery-item\"><figure><img loading=\"lazy\" decoding=\"async\" width=\"1080\" height=\"1309\" src=\"https:\/\/lyonbondyblog.fr\/LBB\/wp-content\/uploads\/2022\/07\/IMG_20220706_125635.jpg\" alt=\"\" data-id=\"29979\" data-full-url=\"https:\/\/lyonbondyblog.fr\/LBB\/wp-content\/uploads\/2022\/07\/IMG_20220706_125635.jpg\" data-link=\"https:\/\/lyonbondyblog.fr\/LBB\/?attachment_id=29979\" class=\"wp-image-29979\" srcset=\"https:\/\/lyonbondyblog.fr\/LBB\/wp-content\/uploads\/2022\/07\/IMG_20220706_125635.jpg 1080w, https:\/\/lyonbondyblog.fr\/LBB\/wp-content\/uploads\/2022\/07\/IMG_20220706_125635-990x1200.jpg 990w, https:\/\/lyonbondyblog.fr\/LBB\/wp-content\/uploads\/2022\/07\/IMG_20220706_125635-768x931.jpg 768w\" sizes=\"auto, (max-width: 1080px) 100vw, 1080px\" \/><figcaption class=\"blocks-gallery-item__caption\">Lors de la sortie magasin de la Air Max BW Lyon, la foule \u00e9tait au rendez-vous. Cr\u00e9dit : <a href=\"https:\/\/www.instagram.com\/shoezgallery\/\" target=\"_blank\" rel=\"noreferrer noopener\">shoezgallery<\/a><\/figcaption><\/figure><\/li><\/ul><\/figure>\n\n\n\n<p>Dans le prochain \u00e9pisode, nous aurons l\u2019occasion de d\u00e9couvrir la nouvelle g\u00e9n\u00e9ration de cr\u00e9atifs qui continue d\u2019\u00e9crire l\u2019histoire de cette street-culture.&nbsp;<\/p>\n\n\n\n<p class=\"has-text-align-right\"><strong>Tristan <\/strong><\/p>\n\n\n\n<p><strong>Retrouvez nos derniers articles ici : <\/strong><\/p>\n\n\n<ul class=\"wp-block-latest-posts__list wp-block-latest-posts\"><li><a class=\"wp-block-latest-posts__post-title\" href=\"https:\/\/lyonbondyblog.fr\/LBB\/fetes-escales-tour-du-monde-a-venissieux\/\">F\u00eates Escales : tour du monde \u00e0 V\u00e9nissieux<\/a><\/li>\n<li><a class=\"wp-block-latest-posts__post-title\" href=\"https:\/\/lyonbondyblog.fr\/LBB\/jeunes-davenirs-la-jeunesse-a-venir\/\">Jeunes d\u2019Avenirs\u00a0: la jeunesse \u00e0 venir<\/a><\/li>\n<li><a class=\"wp-block-latest-posts__post-title\" href=\"https:\/\/lyonbondyblog.fr\/LBB\/le-tribunal-refuse-la-liberation-provisoire-dun-homme-poursuivi-pour-violences-aggravees\/\">Le tribunal refuse la lib\u00e9ration provisoire d\u2019un homme poursuivi pour violences aggrav\u00e9es<\/a><\/li>\n<li><a class=\"wp-block-latest-posts__post-title\" href=\"https:\/\/lyonbondyblog.fr\/LBB\/la-poesie-au-theatre-la-generale-de-la-proposition-musicale-et-litteraire-dalain-klingler\/\">La po\u00e9sie au th\u00e9\u00e2tre\u00a0: la g\u00e9n\u00e9rale de la proposition musicale et litt\u00e9raire d\u2019Alain Klingler<\/a><\/li>\n<li><a class=\"wp-block-latest-posts__post-title\" href=\"https:\/\/lyonbondyblog.fr\/LBB\/culture-allez-faire-un-petit-tour-du-cote-de-venissieux-pour-le-raffut-festival\/\">Culture : Allez faire un petit tour du c\u00f4t\u00e9 de V\u00e9nissieux, pour le raffut festival<\/a><\/li>\n<\/ul><!-- AddThis Advanced Settings generic via filter on the_content --><!-- AddThis Share Buttons generic via filter on the_content -->","protected":false},"excerpt":{"rendered":"<p>Lyon, ville de tradition, s\u2019est av\u00e9r\u00e9e \u00eatre un terreau fertile pour le streetwear. Cette culture a su cr\u00e9er ses propres codes, du vestiaire de sport &hellip; <!-- AddThis Advanced Settings generic via filter on wp_trim_excerpt --><!-- AddThis Share Buttons generic via filter on wp_trim_excerpt --><\/p>\n","protected":false},"author":1,"featured_media":29989,"comment_status":"open","ping_status":"open","sticky":true,"template":"","format":"standard","meta":{"_FSMCFIC_featured_image_caption":"","_FSMCFIC_featured_image_nocaption":"","_FSMCFIC_featured_image_hide":"","footnotes":""},"categories":[3,4],"tags":[28105,1959,1952,101,10,28104,205,28030],"class_list":["post-29894","post","type-post","status-publish","format-standard","has-post-thumbnail","hentry","category-culture","category-lyon","tag-69-la-trik","tag-casus-belli","tag-culture","tag-hip-hop","tag-lyon-2","tag-merchandising","tag-rap","tag-streetwear"],"yoast_head":"<!-- This site is optimized with the Yoast SEO plugin v22.8 - https:\/\/yoast.com\/wordpress\/plugins\/seo\/ -->\n<title>Immersion dans le streetwear lyonnais. Episode 2 : Les piliers d\u2019un mouvement naissant. - Lyon Bondy Blog<\/title>\n<meta name=\"description\" content=\"t av\u00e9r\u00e9e \u00eatre un terreau fertile pour le streetwear. Cette culture a su cr\u00e9er ses propres codes, du vestiaire de sport...\" \/>\n<meta name=\"robots\" content=\"index, follow, max-snippet:-1, max-image-preview:large, max-video-preview:-1\" \/>\n<link rel=\"canonical\" href=\"https:\/\/lyonbondyblog.fr\/LBB\/immersion-dans-le-streetwear-lyonnais-episode-2-les-piliers-dun-mouvement-naissant\/\" \/>\n<meta property=\"og:locale\" content=\"fr_FR\" \/>\n<meta property=\"og:type\" content=\"article\" \/>\n<meta property=\"og:title\" content=\"Immersion dans le streetwear lyonnais. Episode 2 : Les piliers d\u2019un mouvement naissant. - Lyon Bondy Blog\" \/>\n<meta property=\"og:description\" content=\"t av\u00e9r\u00e9e \u00eatre un terreau fertile pour le streetwear. Cette culture a su cr\u00e9er ses propres codes, du vestiaire de sport...\" \/>\n<meta property=\"og:url\" content=\"https:\/\/lyonbondyblog.fr\/LBB\/immersion-dans-le-streetwear-lyonnais-episode-2-les-piliers-dun-mouvement-naissant\/\" \/>\n<meta property=\"og:site_name\" content=\"Lyon Bondy Blog\" \/>\n<meta property=\"article:publisher\" content=\"https:\/\/www.facebook.com\/lyonbondyblog\" \/>\n<meta property=\"article:author\" content=\"https:\/\/www.facebook.com\/lyonbondyblog\" \/>\n<meta property=\"article:published_time\" content=\"2022-07-06T15:05:44+00:00\" \/>\n<meta property=\"article:modified_time\" content=\"2022-07-06T15:05:45+00:00\" \/>\n<meta property=\"og:image\" content=\"https:\/\/lyonbondyblog.fr\/LBB\/wp-content\/uploads\/2022\/07\/12402_333809148908_628628908_3415608_1724194_n.jpg\" \/>\n\t<meta property=\"og:image:width\" content=\"720\" \/>\n\t<meta property=\"og:image:height\" content=\"480\" \/>\n\t<meta property=\"og:image:type\" content=\"image\/jpeg\" \/>\n<meta name=\"author\" content=\"La r\u00e9daction\" \/>\n<meta name=\"twitter:card\" content=\"summary_large_image\" \/>\n<meta name=\"twitter:creator\" content=\"@BondyBlogLyon\" \/>\n<meta name=\"twitter:site\" content=\"@bondybloglyon\" \/>\n<script type=\"application\/ld+json\" class=\"yoast-schema-graph\">{\"@context\":\"https:\/\/schema.org\",\"@graph\":[{\"@type\":\"Article\",\"@id\":\"https:\/\/lyonbondyblog.fr\/LBB\/immersion-dans-le-streetwear-lyonnais-episode-2-les-piliers-dun-mouvement-naissant\/#article\",\"isPartOf\":{\"@id\":\"https:\/\/lyonbondyblog.fr\/LBB\/immersion-dans-le-streetwear-lyonnais-episode-2-les-piliers-dun-mouvement-naissant\/\"},\"author\":{\"name\":\"La r\u00e9daction\",\"@id\":\"https:\/\/lyonbondyblog.fr\/LBB\/#\/schema\/person\/e45f8d27baac75072daa0be50c409b25\"},\"headline\":\"Immersion dans le streetwear lyonnais. Episode 2 : Les piliers d\u2019un mouvement naissant.\",\"datePublished\":\"2022-07-06T15:05:44+00:00\",\"dateModified\":\"2022-07-06T15:05:45+00:00\",\"mainEntityOfPage\":{\"@id\":\"https:\/\/lyonbondyblog.fr\/LBB\/immersion-dans-le-streetwear-lyonnais-episode-2-les-piliers-dun-mouvement-naissant\/\"},\"wordCount\":1827,\"commentCount\":0,\"publisher\":{\"@id\":\"https:\/\/lyonbondyblog.fr\/LBB\/#organization\"},\"image\":{\"@id\":\"https:\/\/lyonbondyblog.fr\/LBB\/immersion-dans-le-streetwear-lyonnais-episode-2-les-piliers-dun-mouvement-naissant\/#primaryimage\"},\"thumbnailUrl\":\"https:\/\/lyonbondyblog.fr\/LBB\/wp-content\/uploads\/2022\/07\/12402_333809148908_628628908_3415608_1724194_n.jpg\",\"keywords\":[\"69 la trik\",\"Casus belli\",\"Culture\",\"hip-hop\",\"lyon\",\"merchandising\",\"rap\",\"streetwear\"],\"articleSection\":[\"Culture\",\"Lyon\"],\"inLanguage\":\"fr-FR\",\"potentialAction\":[{\"@type\":\"CommentAction\",\"name\":\"Comment\",\"target\":[\"https:\/\/lyonbondyblog.fr\/LBB\/immersion-dans-le-streetwear-lyonnais-episode-2-les-piliers-dun-mouvement-naissant\/#respond\"]}]},{\"@type\":\"WebPage\",\"@id\":\"https:\/\/lyonbondyblog.fr\/LBB\/immersion-dans-le-streetwear-lyonnais-episode-2-les-piliers-dun-mouvement-naissant\/\",\"url\":\"https:\/\/lyonbondyblog.fr\/LBB\/immersion-dans-le-streetwear-lyonnais-episode-2-les-piliers-dun-mouvement-naissant\/\",\"name\":\"Immersion dans le streetwear lyonnais. Episode 2 : Les piliers d\u2019un mouvement naissant. - Lyon Bondy Blog\",\"isPartOf\":{\"@id\":\"https:\/\/lyonbondyblog.fr\/LBB\/#website\"},\"primaryImageOfPage\":{\"@id\":\"https:\/\/lyonbondyblog.fr\/LBB\/immersion-dans-le-streetwear-lyonnais-episode-2-les-piliers-dun-mouvement-naissant\/#primaryimage\"},\"image\":{\"@id\":\"https:\/\/lyonbondyblog.fr\/LBB\/immersion-dans-le-streetwear-lyonnais-episode-2-les-piliers-dun-mouvement-naissant\/#primaryimage\"},\"thumbnailUrl\":\"https:\/\/lyonbondyblog.fr\/LBB\/wp-content\/uploads\/2022\/07\/12402_333809148908_628628908_3415608_1724194_n.jpg\",\"datePublished\":\"2022-07-06T15:05:44+00:00\",\"dateModified\":\"2022-07-06T15:05:45+00:00\",\"description\":\"t av\u00e9r\u00e9e \u00eatre un terreau fertile pour le streetwear. Cette culture a su cr\u00e9er ses propres codes, du vestiaire de sport...\",\"inLanguage\":\"fr-FR\",\"potentialAction\":[{\"@type\":\"ReadAction\",\"target\":[\"https:\/\/lyonbondyblog.fr\/LBB\/immersion-dans-le-streetwear-lyonnais-episode-2-les-piliers-dun-mouvement-naissant\/\"]}]},{\"@type\":\"ImageObject\",\"inLanguage\":\"fr-FR\",\"@id\":\"https:\/\/lyonbondyblog.fr\/LBB\/immersion-dans-le-streetwear-lyonnais-episode-2-les-piliers-dun-mouvement-naissant\/#primaryimage\",\"url\":\"https:\/\/lyonbondyblog.fr\/LBB\/wp-content\/uploads\/2022\/07\/12402_333809148908_628628908_3415608_1724194_n.jpg\",\"contentUrl\":\"https:\/\/lyonbondyblog.fr\/LBB\/wp-content\/uploads\/2022\/07\/12402_333809148908_628628908_3415608_1724194_n.jpg\",\"width\":720,\"height\":480,\"caption\":\"Casus Belli sur sc\u00e8ne au d\u00e9but des ann\u00e9es 2000, avec son backeur Balir. Cr\u00e9dit : Casus Belli\"},{\"@type\":\"WebSite\",\"@id\":\"https:\/\/lyonbondyblog.fr\/LBB\/#website\",\"url\":\"https:\/\/lyonbondyblog.fr\/LBB\/\",\"name\":\"Lyon Bondy Blog\",\"description\":\"\",\"publisher\":{\"@id\":\"https:\/\/lyonbondyblog.fr\/LBB\/#organization\"},\"potentialAction\":[{\"@type\":\"SearchAction\",\"target\":{\"@type\":\"EntryPoint\",\"urlTemplate\":\"https:\/\/lyonbondyblog.fr\/LBB\/?s={search_term_string}\"},\"query-input\":\"required name=search_term_string\"}],\"inLanguage\":\"fr-FR\"},{\"@type\":\"Organization\",\"@id\":\"https:\/\/lyonbondyblog.fr\/LBB\/#organization\",\"name\":\"LYON BONDY BLOG\",\"url\":\"https:\/\/lyonbondyblog.fr\/LBB\/\",\"logo\":{\"@type\":\"ImageObject\",\"inLanguage\":\"fr-FR\",\"@id\":\"https:\/\/lyonbondyblog.fr\/LBB\/#\/schema\/logo\/image\/\",\"url\":\"http:\/\/lyonbondyblog.fr\/LBB\/wp-content\/uploads\/2014\/10\/logo-portable-144.png\",\"contentUrl\":\"http:\/\/lyonbondyblog.fr\/LBB\/wp-content\/uploads\/2014\/10\/logo-portable-144.png\",\"width\":144,\"height\":123,\"caption\":\"LYON BONDY BLOG\"},\"image\":{\"@id\":\"https:\/\/lyonbondyblog.fr\/LBB\/#\/schema\/logo\/image\/\"},\"sameAs\":[\"https:\/\/www.facebook.com\/lyonbondyblog\",\"https:\/\/x.com\/bondybloglyon\"]},{\"@type\":\"Person\",\"@id\":\"https:\/\/lyonbondyblog.fr\/LBB\/#\/schema\/person\/e45f8d27baac75072daa0be50c409b25\",\"name\":\"La r\u00e9daction\",\"description\":\"Cr\u00e9e en 2008, la r\u00e9daction du Lyon Bondy Blog s'applique \u00e0 proposer une information locale diff\u00e9rente et compl\u00e9mentaire des m\u00e9dias traditionnels.\",\"sameAs\":[\"https:\/\/www.facebook.com\/lyonbondyblog\",\"https:\/\/x.com\/BondyBlogLyon\"],\"url\":\"https:\/\/lyonbondyblog.fr\/LBB\/author\/admin\/\"}]}<\/script>\n<!-- \/ Yoast SEO plugin. -->","yoast_head_json":{"title":"Immersion dans le streetwear lyonnais. Episode 2 : Les piliers d\u2019un mouvement naissant. - Lyon Bondy Blog","description":"t av\u00e9r\u00e9e \u00eatre un terreau fertile pour le streetwear. Cette culture a su cr\u00e9er ses propres codes, du vestiaire de sport...","robots":{"index":"index","follow":"follow","max-snippet":"max-snippet:-1","max-image-preview":"max-image-preview:large","max-video-preview":"max-video-preview:-1"},"canonical":"https:\/\/lyonbondyblog.fr\/LBB\/immersion-dans-le-streetwear-lyonnais-episode-2-les-piliers-dun-mouvement-naissant\/","og_locale":"fr_FR","og_type":"article","og_title":"Immersion dans le streetwear lyonnais. Episode 2 : Les piliers d\u2019un mouvement naissant. - Lyon Bondy Blog","og_description":"t av\u00e9r\u00e9e \u00eatre un terreau fertile pour le streetwear. Cette culture a su cr\u00e9er ses propres codes, du vestiaire de sport...","og_url":"https:\/\/lyonbondyblog.fr\/LBB\/immersion-dans-le-streetwear-lyonnais-episode-2-les-piliers-dun-mouvement-naissant\/","og_site_name":"Lyon Bondy Blog","article_publisher":"https:\/\/www.facebook.com\/lyonbondyblog","article_author":"https:\/\/www.facebook.com\/lyonbondyblog","article_published_time":"2022-07-06T15:05:44+00:00","article_modified_time":"2022-07-06T15:05:45+00:00","og_image":[{"width":720,"height":480,"url":"https:\/\/lyonbondyblog.fr\/LBB\/wp-content\/uploads\/2022\/07\/12402_333809148908_628628908_3415608_1724194_n.jpg","type":"image\/jpeg"}],"author":"La r\u00e9daction","twitter_card":"summary_large_image","twitter_creator":"@BondyBlogLyon","twitter_site":"@bondybloglyon","schema":{"@context":"https:\/\/schema.org","@graph":[{"@type":"Article","@id":"https:\/\/lyonbondyblog.fr\/LBB\/immersion-dans-le-streetwear-lyonnais-episode-2-les-piliers-dun-mouvement-naissant\/#article","isPartOf":{"@id":"https:\/\/lyonbondyblog.fr\/LBB\/immersion-dans-le-streetwear-lyonnais-episode-2-les-piliers-dun-mouvement-naissant\/"},"author":{"name":"La r\u00e9daction","@id":"https:\/\/lyonbondyblog.fr\/LBB\/#\/schema\/person\/e45f8d27baac75072daa0be50c409b25"},"headline":"Immersion dans le streetwear lyonnais. Episode 2 : Les piliers d\u2019un mouvement naissant.","datePublished":"2022-07-06T15:05:44+00:00","dateModified":"2022-07-06T15:05:45+00:00","mainEntityOfPage":{"@id":"https:\/\/lyonbondyblog.fr\/LBB\/immersion-dans-le-streetwear-lyonnais-episode-2-les-piliers-dun-mouvement-naissant\/"},"wordCount":1827,"commentCount":0,"publisher":{"@id":"https:\/\/lyonbondyblog.fr\/LBB\/#organization"},"image":{"@id":"https:\/\/lyonbondyblog.fr\/LBB\/immersion-dans-le-streetwear-lyonnais-episode-2-les-piliers-dun-mouvement-naissant\/#primaryimage"},"thumbnailUrl":"https:\/\/lyonbondyblog.fr\/LBB\/wp-content\/uploads\/2022\/07\/12402_333809148908_628628908_3415608_1724194_n.jpg","keywords":["69 la trik","Casus belli","Culture","hip-hop","lyon","merchandising","rap","streetwear"],"articleSection":["Culture","Lyon"],"inLanguage":"fr-FR","potentialAction":[{"@type":"CommentAction","name":"Comment","target":["https:\/\/lyonbondyblog.fr\/LBB\/immersion-dans-le-streetwear-lyonnais-episode-2-les-piliers-dun-mouvement-naissant\/#respond"]}]},{"@type":"WebPage","@id":"https:\/\/lyonbondyblog.fr\/LBB\/immersion-dans-le-streetwear-lyonnais-episode-2-les-piliers-dun-mouvement-naissant\/","url":"https:\/\/lyonbondyblog.fr\/LBB\/immersion-dans-le-streetwear-lyonnais-episode-2-les-piliers-dun-mouvement-naissant\/","name":"Immersion dans le streetwear lyonnais. Episode 2 : Les piliers d\u2019un mouvement naissant. - Lyon Bondy Blog","isPartOf":{"@id":"https:\/\/lyonbondyblog.fr\/LBB\/#website"},"primaryImageOfPage":{"@id":"https:\/\/lyonbondyblog.fr\/LBB\/immersion-dans-le-streetwear-lyonnais-episode-2-les-piliers-dun-mouvement-naissant\/#primaryimage"},"image":{"@id":"https:\/\/lyonbondyblog.fr\/LBB\/immersion-dans-le-streetwear-lyonnais-episode-2-les-piliers-dun-mouvement-naissant\/#primaryimage"},"thumbnailUrl":"https:\/\/lyonbondyblog.fr\/LBB\/wp-content\/uploads\/2022\/07\/12402_333809148908_628628908_3415608_1724194_n.jpg","datePublished":"2022-07-06T15:05:44+00:00","dateModified":"2022-07-06T15:05:45+00:00","description":"t av\u00e9r\u00e9e \u00eatre un terreau fertile pour le streetwear. Cette culture a su cr\u00e9er ses propres codes, du vestiaire de sport...","inLanguage":"fr-FR","potentialAction":[{"@type":"ReadAction","target":["https:\/\/lyonbondyblog.fr\/LBB\/immersion-dans-le-streetwear-lyonnais-episode-2-les-piliers-dun-mouvement-naissant\/"]}]},{"@type":"ImageObject","inLanguage":"fr-FR","@id":"https:\/\/lyonbondyblog.fr\/LBB\/immersion-dans-le-streetwear-lyonnais-episode-2-les-piliers-dun-mouvement-naissant\/#primaryimage","url":"https:\/\/lyonbondyblog.fr\/LBB\/wp-content\/uploads\/2022\/07\/12402_333809148908_628628908_3415608_1724194_n.jpg","contentUrl":"https:\/\/lyonbondyblog.fr\/LBB\/wp-content\/uploads\/2022\/07\/12402_333809148908_628628908_3415608_1724194_n.jpg","width":720,"height":480,"caption":"Casus Belli sur sc\u00e8ne au d\u00e9but des ann\u00e9es 2000, avec son backeur Balir. Cr\u00e9dit : Casus Belli"},{"@type":"WebSite","@id":"https:\/\/lyonbondyblog.fr\/LBB\/#website","url":"https:\/\/lyonbondyblog.fr\/LBB\/","name":"Lyon Bondy Blog","description":"","publisher":{"@id":"https:\/\/lyonbondyblog.fr\/LBB\/#organization"},"potentialAction":[{"@type":"SearchAction","target":{"@type":"EntryPoint","urlTemplate":"https:\/\/lyonbondyblog.fr\/LBB\/?s={search_term_string}"},"query-input":"required name=search_term_string"}],"inLanguage":"fr-FR"},{"@type":"Organization","@id":"https:\/\/lyonbondyblog.fr\/LBB\/#organization","name":"LYON BONDY BLOG","url":"https:\/\/lyonbondyblog.fr\/LBB\/","logo":{"@type":"ImageObject","inLanguage":"fr-FR","@id":"https:\/\/lyonbondyblog.fr\/LBB\/#\/schema\/logo\/image\/","url":"http:\/\/lyonbondyblog.fr\/LBB\/wp-content\/uploads\/2014\/10\/logo-portable-144.png","contentUrl":"http:\/\/lyonbondyblog.fr\/LBB\/wp-content\/uploads\/2014\/10\/logo-portable-144.png","width":144,"height":123,"caption":"LYON BONDY BLOG"},"image":{"@id":"https:\/\/lyonbondyblog.fr\/LBB\/#\/schema\/logo\/image\/"},"sameAs":["https:\/\/www.facebook.com\/lyonbondyblog","https:\/\/x.com\/bondybloglyon"]},{"@type":"Person","@id":"https:\/\/lyonbondyblog.fr\/LBB\/#\/schema\/person\/e45f8d27baac75072daa0be50c409b25","name":"La r\u00e9daction","description":"Cr\u00e9e en 2008, la r\u00e9daction du Lyon Bondy Blog s'applique \u00e0 proposer une information locale diff\u00e9rente et compl\u00e9mentaire des m\u00e9dias traditionnels.","sameAs":["https:\/\/www.facebook.com\/lyonbondyblog","https:\/\/x.com\/BondyBlogLyon"],"url":"https:\/\/lyonbondyblog.fr\/LBB\/author\/admin\/"}]}},"_links":{"self":[{"href":"https:\/\/lyonbondyblog.fr\/LBB\/wp-json\/wp\/v2\/posts\/29894","targetHints":{"allow":["GET"]}}],"collection":[{"href":"https:\/\/lyonbondyblog.fr\/LBB\/wp-json\/wp\/v2\/posts"}],"about":[{"href":"https:\/\/lyonbondyblog.fr\/LBB\/wp-json\/wp\/v2\/types\/post"}],"author":[{"embeddable":true,"href":"https:\/\/lyonbondyblog.fr\/LBB\/wp-json\/wp\/v2\/users\/1"}],"replies":[{"embeddable":true,"href":"https:\/\/lyonbondyblog.fr\/LBB\/wp-json\/wp\/v2\/comments?post=29894"}],"version-history":[{"count":46,"href":"https:\/\/lyonbondyblog.fr\/LBB\/wp-json\/wp\/v2\/posts\/29894\/revisions"}],"predecessor-version":[{"id":30010,"href":"https:\/\/lyonbondyblog.fr\/LBB\/wp-json\/wp\/v2\/posts\/29894\/revisions\/30010"}],"wp:featuredmedia":[{"embeddable":true,"href":"https:\/\/lyonbondyblog.fr\/LBB\/wp-json\/wp\/v2\/media\/29989"}],"wp:attachment":[{"href":"https:\/\/lyonbondyblog.fr\/LBB\/wp-json\/wp\/v2\/media?parent=29894"}],"wp:term":[{"taxonomy":"category","embeddable":true,"href":"https:\/\/lyonbondyblog.fr\/LBB\/wp-json\/wp\/v2\/categories?post=29894"},{"taxonomy":"post_tag","embeddable":true,"href":"https:\/\/lyonbondyblog.fr\/LBB\/wp-json\/wp\/v2\/tags?post=29894"}],"curies":[{"name":"wp","href":"https:\/\/api.w.org\/{rel}","templated":true}]}}