{"id":29739,"date":"2022-06-22T17:00:00","date_gmt":"2022-06-22T15:00:00","guid":{"rendered":"http:\/\/lyonbondyblog.fr\/LBB\/?p=29739"},"modified":"2022-06-22T17:02:55","modified_gmt":"2022-06-22T15:02:55","slug":"les-nuits-de-fourviere-reinventent-la-culture-lyonnaise","status":"publish","type":"post","link":"https:\/\/lyonbondyblog.fr\/LBB\/les-nuits-de-fourviere-reinventent-la-culture-lyonnaise\/","title":{"rendered":"Les\u00a0Nuits de\u00a0Fourvi\u00e8re\u00a0r\u00e9inventent la culture\u00a0Lyonnaise"},"content":{"rendered":"\n<h2 class=\"wp-block-heading\"><em>La&nbsp;ville de Lyon organise l\u2019\u00e9v\u00e9nement culturel :&nbsp;\u00ab Les Nuits de&nbsp;Fourvi\u00e8re&nbsp;\u00bb, \u00e9tendues sur deux mois, dans le&nbsp;5<\/em><sup><em>\u00e8me<\/em><\/sup><em>&nbsp;arrondissement.&nbsp;Un grand nombre de spectacles seront&nbsp;repr\u00e9sent\u00e9s chaque soir. Th\u00e9\u00e2tre, danse, chant, cirque et concerts, il y en a pour tous les go\u00fbts.&nbsp;Un projet qui a pour but de ramener la culture dans la m\u00e9tropole.&nbsp;<\/em><\/h2>\n\n\n\n<p>Le 2 juin dernier marquait le grand d\u00e9part des <a href=\"https:\/\/www.nuitsdefourviere.com\/\" target=\"_blank\" rel=\"noreferrer noopener\">Nuits de Fourvi\u00e8re<\/a>, un \u00e9v\u00e9nement annuel depuis 1946 lorsqu\u2019il a \u00e9t\u00e9 cr\u00e9\u00e9 au Th\u00e9\u00e2tre antique de Fourvi\u00e8re dans le 5<sup>\u00e8me<\/sup> arrondissement de Lyon. Th\u00e9\u00e2tre, musique, danse, op\u00e9ra ou encore cirque, les Nuits de Fourvi\u00e8re sont le rendez-vous pour les artistes et les amoureux d\u2019art.<\/p>\n\n\n\n<h2 class=\"wp-block-heading\"><em><strong>L\u2019art lyonnais \u00e0 l\u2019honneur<\/strong><\/em><\/h2>\n\n\n\n<p>Commenc\u00e9es depuis une vingtaine de jours, les Nuits de Fourvi\u00e8re sont pr\u00e9vues jusqu\u2019au 30 juillet prochain avec plus de 150 repr\u00e9sentations pr\u00e9vues pour plus de 150 000 spectateurs.<\/p>\n\n\n\n<p>Pour ce qui est de la programmation, les amoureux de Shakespeare seront servis. En effet, c\u2019est plus de dix diff\u00e9rents spectacles de th\u00e9\u00e2tres qui sont propos\u00e9s pendant l\u2019\u00e9v\u00e9nement, le tout regroup\u00e9 dans le quartier m\u00e9di\u00e9val de Lyon. Si le 5<sup>\u00e8me<\/sup> est donc tr\u00e8s actif, Villeurbanne n\u2019est pas non plus en reste. Le samedi 2 et dimanche 3 juillet prochain aura lieu sur la place Lazare-Goujon un spectacle, de cirque&nbsp;: \u00ab&nbsp;B\u00eate de foire&nbsp;\u00bb. Repr\u00e9sent\u00e9 en banlieue lyonnaise, ce choix n\u2019est pas si anodin puisque l\u2019objectif premier est de montrer que m\u00eame en p\u00e9riph\u00e9rie, l\u2019art y a sa place d\u2019o\u00f9 le fameux th\u00e9\u00e2tre de Villeurbanne.<\/p>\n\n\n\n<p>Pour le reste des repr\u00e9sentations direction Fourvi\u00e8re o\u00f9 les spectateurs pourront profiter de diverses pi\u00e8ces telle que <em>l\u2019\u00cele d\u2019Or<\/em> jusqu\u2019au 26 juin prochain dirig\u00e9e par Ariane Mnouchkine. Pour les amoureux des concerts, ces derniers ne seront pas d\u00e9\u00e7us puisque plusieurs sont programm\u00e9s comme celui de Julien Clerc le 27 juin ou encore Calogero le 28 juin. La danse est \u00e9galement au rendez-vous avec <em>Vogue la nuit<\/em> du 13 au 17 juillet.<\/p>\n\n\n\n<p>Pour ce qui est de la billetterie rien de plus simple, cette derni\u00e8re est ouverte depuis le 2 juin et le restera jusqu\u2019au 30 juillet en ligne sur le site : <a href=\"https:\/\/indiv.themisweb.fr\/0033\/fListeManifs.aspx?idstructure=0033\" target=\"_blank\" rel=\"noreferrer noopener\"><em>https:\/\/indiv.themisweb.fr\/0033\/fListeManifs.aspx?idstructure=0033<\/em><\/a><em>)<\/em>, ou il est \u00e9galement possible de se rendre directement \u00e0 la mairie du 5<sup>\u00e8me<\/sup> arrondissement. Des billets sont \u00e9galement en vente dans les biblioth\u00e8ques, les \u00e9coles de cirques et de th\u00e9\u00e2tre qui proposent, \u00e9galement, des activit\u00e9s gratuites pour enfants et adultes.<\/p>\n\n\n\n<p>A la fois comique et artistique, beaucoup d\u2019autres programmations seront, chaque soir, repr\u00e9sent\u00e9es, proposant tout type d\u2019art. Ce sont les nuits de Fourvi\u00e8re.<\/p>\n\n\n\n<p>Retrouvez tous nos articles culture ici\u00a0: <a href=\"https:\/\/lyonbondyblog.fr\/LBB\/category\/culture\/\" target=\"_blank\" rel=\"noreferrer noopener\">Culture Archives &#8211; (lyonbondyblog.fr)<\/a><\/p>\n\n\n\n<p class=\"has-text-align-right\">Emma Laurens<\/p>\n<!-- AddThis Advanced Settings generic via filter on the_content --><!-- AddThis Share Buttons generic via filter on the_content -->","protected":false},"excerpt":{"rendered":"<p>La&nbsp;ville de Lyon organise l\u2019\u00e9v\u00e9nement culturel :&nbsp;\u00ab Les Nuits de&nbsp;Fourvi\u00e8re&nbsp;\u00bb, \u00e9tendues sur deux mois, dans le&nbsp;5\u00e8me&nbsp;arrondissement.&nbsp;Un grand nombre de spectacles seront&nbsp;repr\u00e9sent\u00e9s chaque soir. Th\u00e9\u00e2tre, danse, &hellip; <!-- AddThis Advanced Settings generic via filter on wp_trim_excerpt --><!-- AddThis Share Buttons generic via filter on wp_trim_excerpt --><\/p>\n","protected":false},"author":1,"featured_media":29742,"comment_status":"open","ping_status":"open","sticky":true,"template":"","format":"standard","meta":{"_FSMCFIC_featured_image_caption":"","_FSMCFIC_featured_image_nocaption":"","_FSMCFIC_featured_image_hide":"","footnotes":""},"categories":[3,4],"tags":[],"class_list":["post-29739","post","type-post","status-publish","format-standard","has-post-thumbnail","hentry","category-culture","category-lyon"],"yoast_head":"<!-- This site is optimized with the Yoast SEO plugin v22.8 - https:\/\/yoast.com\/wordpress\/plugins\/seo\/ -->\n<title>Les\u00a0Nuits de\u00a0Fourvi\u00e8re\u00a0r\u00e9inventent la culture\u00a0Lyonnaise - Lyon Bondy Blog<\/title>\n<meta name=\"description\" content=\"La\u00a0ville de Lyon organise l\u2019\u00e9v\u00e9nement culturel :\u00a0\u00ab Les Nuits de\u00a0Fourvi\u00e8re\u00a0\u00bb, \u00e9tendues sur deux mois, dans le\u00a05\u00e8me\u00a0arrondissement.\u00a0Un ...\" \/>\n<meta name=\"robots\" content=\"index, follow, max-snippet:-1, max-image-preview:large, max-video-preview:-1\" \/>\n<link rel=\"canonical\" href=\"https:\/\/lyonbondyblog.fr\/LBB\/les-nuits-de-fourviere-reinventent-la-culture-lyonnaise\/\" \/>\n<meta property=\"og:locale\" content=\"fr_FR\" \/>\n<meta property=\"og:type\" content=\"article\" \/>\n<meta property=\"og:title\" content=\"Les\u00a0Nuits de\u00a0Fourvi\u00e8re\u00a0r\u00e9inventent la culture\u00a0Lyonnaise - Lyon Bondy Blog\" \/>\n<meta property=\"og:description\" content=\"La\u00a0ville de Lyon organise l\u2019\u00e9v\u00e9nement culturel :\u00a0\u00ab Les Nuits de\u00a0Fourvi\u00e8re\u00a0\u00bb, \u00e9tendues sur deux mois, dans le\u00a05\u00e8me\u00a0arrondissement.\u00a0Un ...\" \/>\n<meta property=\"og:url\" content=\"https:\/\/lyonbondyblog.fr\/LBB\/les-nuits-de-fourviere-reinventent-la-culture-lyonnaise\/\" \/>\n<meta property=\"og:site_name\" content=\"Lyon Bondy Blog\" \/>\n<meta property=\"article:publisher\" content=\"https:\/\/www.facebook.com\/lyonbondyblog\" \/>\n<meta property=\"article:author\" content=\"https:\/\/www.facebook.com\/lyonbondyblog\" \/>\n<meta property=\"article:published_time\" content=\"2022-06-22T15:00:00+00:00\" \/>\n<meta property=\"article:modified_time\" content=\"2022-06-22T15:02:55+00:00\" \/>\n<meta property=\"og:image\" content=\"https:\/\/lyonbondyblog.fr\/LBB\/wp-content\/uploads\/2022\/06\/nuits-de-fourviere.jpg\" \/>\n\t<meta property=\"og:image:width\" content=\"750\" \/>\n\t<meta property=\"og:image:height\" content=\"750\" \/>\n\t<meta property=\"og:image:type\" content=\"image\/jpeg\" \/>\n<meta name=\"author\" content=\"La r\u00e9daction\" \/>\n<meta name=\"twitter:card\" content=\"summary_large_image\" \/>\n<meta name=\"twitter:creator\" content=\"@BondyBlogLyon\" \/>\n<meta name=\"twitter:site\" content=\"@bondybloglyon\" \/>\n<script type=\"application\/ld+json\" class=\"yoast-schema-graph\">{\"@context\":\"https:\/\/schema.org\",\"@graph\":[{\"@type\":\"Article\",\"@id\":\"https:\/\/lyonbondyblog.fr\/LBB\/les-nuits-de-fourviere-reinventent-la-culture-lyonnaise\/#article\",\"isPartOf\":{\"@id\":\"https:\/\/lyonbondyblog.fr\/LBB\/les-nuits-de-fourviere-reinventent-la-culture-lyonnaise\/\"},\"author\":{\"name\":\"La r\u00e9daction\",\"@id\":\"https:\/\/lyonbondyblog.fr\/LBB\/#\/schema\/person\/e45f8d27baac75072daa0be50c409b25\"},\"headline\":\"Les\u00a0Nuits de\u00a0Fourvi\u00e8re\u00a0r\u00e9inventent la culture\u00a0Lyonnaise\",\"datePublished\":\"2022-06-22T15:00:00+00:00\",\"dateModified\":\"2022-06-22T15:02:55+00:00\",\"mainEntityOfPage\":{\"@id\":\"https:\/\/lyonbondyblog.fr\/LBB\/les-nuits-de-fourviere-reinventent-la-culture-lyonnaise\/\"},\"wordCount\":499,\"commentCount\":0,\"publisher\":{\"@id\":\"https:\/\/lyonbondyblog.fr\/LBB\/#organization\"},\"image\":{\"@id\":\"https:\/\/lyonbondyblog.fr\/LBB\/les-nuits-de-fourviere-reinventent-la-culture-lyonnaise\/#primaryimage\"},\"thumbnailUrl\":\"https:\/\/lyonbondyblog.fr\/LBB\/wp-content\/uploads\/2022\/06\/nuits-de-fourviere.jpg\",\"articleSection\":[\"Culture\",\"Lyon\"],\"inLanguage\":\"fr-FR\",\"potentialAction\":[{\"@type\":\"CommentAction\",\"name\":\"Comment\",\"target\":[\"https:\/\/lyonbondyblog.fr\/LBB\/les-nuits-de-fourviere-reinventent-la-culture-lyonnaise\/#respond\"]}]},{\"@type\":\"WebPage\",\"@id\":\"https:\/\/lyonbondyblog.fr\/LBB\/les-nuits-de-fourviere-reinventent-la-culture-lyonnaise\/\",\"url\":\"https:\/\/lyonbondyblog.fr\/LBB\/les-nuits-de-fourviere-reinventent-la-culture-lyonnaise\/\",\"name\":\"Les\u00a0Nuits de\u00a0Fourvi\u00e8re\u00a0r\u00e9inventent la culture\u00a0Lyonnaise - Lyon Bondy Blog\",\"isPartOf\":{\"@id\":\"https:\/\/lyonbondyblog.fr\/LBB\/#website\"},\"primaryImageOfPage\":{\"@id\":\"https:\/\/lyonbondyblog.fr\/LBB\/les-nuits-de-fourviere-reinventent-la-culture-lyonnaise\/#primaryimage\"},\"image\":{\"@id\":\"https:\/\/lyonbondyblog.fr\/LBB\/les-nuits-de-fourviere-reinventent-la-culture-lyonnaise\/#primaryimage\"},\"thumbnailUrl\":\"https:\/\/lyonbondyblog.fr\/LBB\/wp-content\/uploads\/2022\/06\/nuits-de-fourviere.jpg\",\"datePublished\":\"2022-06-22T15:00:00+00:00\",\"dateModified\":\"2022-06-22T15:02:55+00:00\",\"description\":\"La\u00a0ville de Lyon organise l\u2019\u00e9v\u00e9nement culturel :\u00a0\u00ab Les Nuits de\u00a0Fourvi\u00e8re\u00a0\u00bb, \u00e9tendues sur deux mois, dans le\u00a05\u00e8me\u00a0arrondissement.\u00a0Un ...\",\"inLanguage\":\"fr-FR\",\"potentialAction\":[{\"@type\":\"ReadAction\",\"target\":[\"https:\/\/lyonbondyblog.fr\/LBB\/les-nuits-de-fourviere-reinventent-la-culture-lyonnaise\/\"]}]},{\"@type\":\"ImageObject\",\"inLanguage\":\"fr-FR\",\"@id\":\"https:\/\/lyonbondyblog.fr\/LBB\/les-nuits-de-fourviere-reinventent-la-culture-lyonnaise\/#primaryimage\",\"url\":\"https:\/\/lyonbondyblog.fr\/LBB\/wp-content\/uploads\/2022\/06\/nuits-de-fourviere.jpg\",\"contentUrl\":\"https:\/\/lyonbondyblog.fr\/LBB\/wp-content\/uploads\/2022\/06\/nuits-de-fourviere.jpg\",\"width\":750,\"height\":750,\"caption\":\"cr\u00e9dits : Nuits de Fourvi\u00e8re\"},{\"@type\":\"WebSite\",\"@id\":\"https:\/\/lyonbondyblog.fr\/LBB\/#website\",\"url\":\"https:\/\/lyonbondyblog.fr\/LBB\/\",\"name\":\"Lyon Bondy Blog\",\"description\":\"\",\"publisher\":{\"@id\":\"https:\/\/lyonbondyblog.fr\/LBB\/#organization\"},\"potentialAction\":[{\"@type\":\"SearchAction\",\"target\":{\"@type\":\"EntryPoint\",\"urlTemplate\":\"https:\/\/lyonbondyblog.fr\/LBB\/?s={search_term_string}\"},\"query-input\":\"required name=search_term_string\"}],\"inLanguage\":\"fr-FR\"},{\"@type\":\"Organization\",\"@id\":\"https:\/\/lyonbondyblog.fr\/LBB\/#organization\",\"name\":\"LYON BONDY BLOG\",\"url\":\"https:\/\/lyonbondyblog.fr\/LBB\/\",\"logo\":{\"@type\":\"ImageObject\",\"inLanguage\":\"fr-FR\",\"@id\":\"https:\/\/lyonbondyblog.fr\/LBB\/#\/schema\/logo\/image\/\",\"url\":\"http:\/\/lyonbondyblog.fr\/LBB\/wp-content\/uploads\/2014\/10\/logo-portable-144.png\",\"contentUrl\":\"http:\/\/lyonbondyblog.fr\/LBB\/wp-content\/uploads\/2014\/10\/logo-portable-144.png\",\"width\":144,\"height\":123,\"caption\":\"LYON BONDY BLOG\"},\"image\":{\"@id\":\"https:\/\/lyonbondyblog.fr\/LBB\/#\/schema\/logo\/image\/\"},\"sameAs\":[\"https:\/\/www.facebook.com\/lyonbondyblog\",\"https:\/\/x.com\/bondybloglyon\"]},{\"@type\":\"Person\",\"@id\":\"https:\/\/lyonbondyblog.fr\/LBB\/#\/schema\/person\/e45f8d27baac75072daa0be50c409b25\",\"name\":\"La r\u00e9daction\",\"description\":\"Cr\u00e9e en 2008, la r\u00e9daction du Lyon Bondy Blog s'applique \u00e0 proposer une information locale diff\u00e9rente et compl\u00e9mentaire des m\u00e9dias traditionnels.\",\"sameAs\":[\"https:\/\/www.facebook.com\/lyonbondyblog\",\"https:\/\/x.com\/BondyBlogLyon\"],\"url\":\"https:\/\/lyonbondyblog.fr\/LBB\/author\/admin\/\"}]}<\/script>\n<!-- \/ Yoast SEO plugin. -->","yoast_head_json":{"title":"Les\u00a0Nuits de\u00a0Fourvi\u00e8re\u00a0r\u00e9inventent la culture\u00a0Lyonnaise - Lyon Bondy Blog","description":"La\u00a0ville de Lyon organise l\u2019\u00e9v\u00e9nement culturel :\u00a0\u00ab Les Nuits de\u00a0Fourvi\u00e8re\u00a0\u00bb, \u00e9tendues sur deux mois, dans le\u00a05\u00e8me\u00a0arrondissement.\u00a0Un ...","robots":{"index":"index","follow":"follow","max-snippet":"max-snippet:-1","max-image-preview":"max-image-preview:large","max-video-preview":"max-video-preview:-1"},"canonical":"https:\/\/lyonbondyblog.fr\/LBB\/les-nuits-de-fourviere-reinventent-la-culture-lyonnaise\/","og_locale":"fr_FR","og_type":"article","og_title":"Les\u00a0Nuits de\u00a0Fourvi\u00e8re\u00a0r\u00e9inventent la culture\u00a0Lyonnaise - Lyon Bondy Blog","og_description":"La\u00a0ville de Lyon organise l\u2019\u00e9v\u00e9nement culturel :\u00a0\u00ab Les Nuits de\u00a0Fourvi\u00e8re\u00a0\u00bb, \u00e9tendues sur deux mois, dans le\u00a05\u00e8me\u00a0arrondissement.\u00a0Un ...","og_url":"https:\/\/lyonbondyblog.fr\/LBB\/les-nuits-de-fourviere-reinventent-la-culture-lyonnaise\/","og_site_name":"Lyon Bondy Blog","article_publisher":"https:\/\/www.facebook.com\/lyonbondyblog","article_author":"https:\/\/www.facebook.com\/lyonbondyblog","article_published_time":"2022-06-22T15:00:00+00:00","article_modified_time":"2022-06-22T15:02:55+00:00","og_image":[{"width":750,"height":750,"url":"https:\/\/lyonbondyblog.fr\/LBB\/wp-content\/uploads\/2022\/06\/nuits-de-fourviere.jpg","type":"image\/jpeg"}],"author":"La r\u00e9daction","twitter_card":"summary_large_image","twitter_creator":"@BondyBlogLyon","twitter_site":"@bondybloglyon","schema":{"@context":"https:\/\/schema.org","@graph":[{"@type":"Article","@id":"https:\/\/lyonbondyblog.fr\/LBB\/les-nuits-de-fourviere-reinventent-la-culture-lyonnaise\/#article","isPartOf":{"@id":"https:\/\/lyonbondyblog.fr\/LBB\/les-nuits-de-fourviere-reinventent-la-culture-lyonnaise\/"},"author":{"name":"La r\u00e9daction","@id":"https:\/\/lyonbondyblog.fr\/LBB\/#\/schema\/person\/e45f8d27baac75072daa0be50c409b25"},"headline":"Les\u00a0Nuits de\u00a0Fourvi\u00e8re\u00a0r\u00e9inventent la culture\u00a0Lyonnaise","datePublished":"2022-06-22T15:00:00+00:00","dateModified":"2022-06-22T15:02:55+00:00","mainEntityOfPage":{"@id":"https:\/\/lyonbondyblog.fr\/LBB\/les-nuits-de-fourviere-reinventent-la-culture-lyonnaise\/"},"wordCount":499,"commentCount":0,"publisher":{"@id":"https:\/\/lyonbondyblog.fr\/LBB\/#organization"},"image":{"@id":"https:\/\/lyonbondyblog.fr\/LBB\/les-nuits-de-fourviere-reinventent-la-culture-lyonnaise\/#primaryimage"},"thumbnailUrl":"https:\/\/lyonbondyblog.fr\/LBB\/wp-content\/uploads\/2022\/06\/nuits-de-fourviere.jpg","articleSection":["Culture","Lyon"],"inLanguage":"fr-FR","potentialAction":[{"@type":"CommentAction","name":"Comment","target":["https:\/\/lyonbondyblog.fr\/LBB\/les-nuits-de-fourviere-reinventent-la-culture-lyonnaise\/#respond"]}]},{"@type":"WebPage","@id":"https:\/\/lyonbondyblog.fr\/LBB\/les-nuits-de-fourviere-reinventent-la-culture-lyonnaise\/","url":"https:\/\/lyonbondyblog.fr\/LBB\/les-nuits-de-fourviere-reinventent-la-culture-lyonnaise\/","name":"Les\u00a0Nuits de\u00a0Fourvi\u00e8re\u00a0r\u00e9inventent la culture\u00a0Lyonnaise - Lyon Bondy Blog","isPartOf":{"@id":"https:\/\/lyonbondyblog.fr\/LBB\/#website"},"primaryImageOfPage":{"@id":"https:\/\/lyonbondyblog.fr\/LBB\/les-nuits-de-fourviere-reinventent-la-culture-lyonnaise\/#primaryimage"},"image":{"@id":"https:\/\/lyonbondyblog.fr\/LBB\/les-nuits-de-fourviere-reinventent-la-culture-lyonnaise\/#primaryimage"},"thumbnailUrl":"https:\/\/lyonbondyblog.fr\/LBB\/wp-content\/uploads\/2022\/06\/nuits-de-fourviere.jpg","datePublished":"2022-06-22T15:00:00+00:00","dateModified":"2022-06-22T15:02:55+00:00","description":"La\u00a0ville de Lyon organise l\u2019\u00e9v\u00e9nement culturel :\u00a0\u00ab Les Nuits de\u00a0Fourvi\u00e8re\u00a0\u00bb, \u00e9tendues sur deux mois, dans le\u00a05\u00e8me\u00a0arrondissement.\u00a0Un ...","inLanguage":"fr-FR","potentialAction":[{"@type":"ReadAction","target":["https:\/\/lyonbondyblog.fr\/LBB\/les-nuits-de-fourviere-reinventent-la-culture-lyonnaise\/"]}]},{"@type":"ImageObject","inLanguage":"fr-FR","@id":"https:\/\/lyonbondyblog.fr\/LBB\/les-nuits-de-fourviere-reinventent-la-culture-lyonnaise\/#primaryimage","url":"https:\/\/lyonbondyblog.fr\/LBB\/wp-content\/uploads\/2022\/06\/nuits-de-fourviere.jpg","contentUrl":"https:\/\/lyonbondyblog.fr\/LBB\/wp-content\/uploads\/2022\/06\/nuits-de-fourviere.jpg","width":750,"height":750,"caption":"cr\u00e9dits : Nuits de Fourvi\u00e8re"},{"@type":"WebSite","@id":"https:\/\/lyonbondyblog.fr\/LBB\/#website","url":"https:\/\/lyonbondyblog.fr\/LBB\/","name":"Lyon Bondy Blog","description":"","publisher":{"@id":"https:\/\/lyonbondyblog.fr\/LBB\/#organization"},"potentialAction":[{"@type":"SearchAction","target":{"@type":"EntryPoint","urlTemplate":"https:\/\/lyonbondyblog.fr\/LBB\/?s={search_term_string}"},"query-input":"required name=search_term_string"}],"inLanguage":"fr-FR"},{"@type":"Organization","@id":"https:\/\/lyonbondyblog.fr\/LBB\/#organization","name":"LYON BONDY BLOG","url":"https:\/\/lyonbondyblog.fr\/LBB\/","logo":{"@type":"ImageObject","inLanguage":"fr-FR","@id":"https:\/\/lyonbondyblog.fr\/LBB\/#\/schema\/logo\/image\/","url":"http:\/\/lyonbondyblog.fr\/LBB\/wp-content\/uploads\/2014\/10\/logo-portable-144.png","contentUrl":"http:\/\/lyonbondyblog.fr\/LBB\/wp-content\/uploads\/2014\/10\/logo-portable-144.png","width":144,"height":123,"caption":"LYON BONDY BLOG"},"image":{"@id":"https:\/\/lyonbondyblog.fr\/LBB\/#\/schema\/logo\/image\/"},"sameAs":["https:\/\/www.facebook.com\/lyonbondyblog","https:\/\/x.com\/bondybloglyon"]},{"@type":"Person","@id":"https:\/\/lyonbondyblog.fr\/LBB\/#\/schema\/person\/e45f8d27baac75072daa0be50c409b25","name":"La r\u00e9daction","description":"Cr\u00e9e en 2008, la r\u00e9daction du Lyon Bondy Blog s'applique \u00e0 proposer une information locale diff\u00e9rente et compl\u00e9mentaire des m\u00e9dias traditionnels.","sameAs":["https:\/\/www.facebook.com\/lyonbondyblog","https:\/\/x.com\/BondyBlogLyon"],"url":"https:\/\/lyonbondyblog.fr\/LBB\/author\/admin\/"}]}},"_links":{"self":[{"href":"https:\/\/lyonbondyblog.fr\/LBB\/wp-json\/wp\/v2\/posts\/29739","targetHints":{"allow":["GET"]}}],"collection":[{"href":"https:\/\/lyonbondyblog.fr\/LBB\/wp-json\/wp\/v2\/posts"}],"about":[{"href":"https:\/\/lyonbondyblog.fr\/LBB\/wp-json\/wp\/v2\/types\/post"}],"author":[{"embeddable":true,"href":"https:\/\/lyonbondyblog.fr\/LBB\/wp-json\/wp\/v2\/users\/1"}],"replies":[{"embeddable":true,"href":"https:\/\/lyonbondyblog.fr\/LBB\/wp-json\/wp\/v2\/comments?post=29739"}],"version-history":[{"count":3,"href":"https:\/\/lyonbondyblog.fr\/LBB\/wp-json\/wp\/v2\/posts\/29739\/revisions"}],"predecessor-version":[{"id":29744,"href":"https:\/\/lyonbondyblog.fr\/LBB\/wp-json\/wp\/v2\/posts\/29739\/revisions\/29744"}],"wp:featuredmedia":[{"embeddable":true,"href":"https:\/\/lyonbondyblog.fr\/LBB\/wp-json\/wp\/v2\/media\/29742"}],"wp:attachment":[{"href":"https:\/\/lyonbondyblog.fr\/LBB\/wp-json\/wp\/v2\/media?parent=29739"}],"wp:term":[{"taxonomy":"category","embeddable":true,"href":"https:\/\/lyonbondyblog.fr\/LBB\/wp-json\/wp\/v2\/categories?post=29739"},{"taxonomy":"post_tag","embeddable":true,"href":"https:\/\/lyonbondyblog.fr\/LBB\/wp-json\/wp\/v2\/tags?post=29739"}],"curies":[{"name":"wp","href":"https:\/\/api.w.org\/{rel}","templated":true}]}}