{"id":29682,"date":"2022-06-17T18:00:26","date_gmt":"2022-06-17T16:00:26","guid":{"rendered":"http:\/\/lyonbondyblog.fr\/LBB\/?p=29682"},"modified":"2023-04-18T18:14:21","modified_gmt":"2023-04-18T16:14:21","slug":"2e-circonscription-lheure-est-au-rassemblement","status":"publish","type":"post","link":"https:\/\/lyonbondyblog.fr\/LBB\/2e-circonscription-lheure-est-au-rassemblement\/","title":{"rendered":"2e circonscription : l\u2019heure est au rassemblement"},"content":{"rendered":"\n<h2 class=\"wp-block-heading\"><strong>A l\u2019approche du second tour des \u00e9lections l\u00e9gislatives, le Lyon Bondy Blog est all\u00e9 \u00e0 la rencontre des candidats de la deuxi\u00e8me circonscription&nbsp;: <a href=\"https:\/\/twitter.com\/hub_laferriere\">Hubert Julien-Laferri\u00e8re<\/a> (NUPES) et <a href=\"https:\/\/twitter.com\/lterrenes\">Lo\u00efc Terrenes<\/a> (ENS).<\/strong><\/h2>\n\n\n\n<p>Dans la deuxi\u00e8me circonscription du Rh\u00f4ne, le second tour opposera Hubert Julien-Laferriere (NUPES) et Lois Terrenes (ENS). Un duel plut\u00f4t original puisqu\u2019il oppose un homme politique exp\u00e9riment\u00e9, d\u00e9fini parfois comme \u00ab multifacette \u00bb. Hubert Julien-Laferri\u00e8re a \u00e9t\u00e9 membre du PS, puis de LREM et enfin de G\u00e9n\u00e9ration \u00c9cologie. Face \u00e0 lui, on retrouve Lo\u00efc Terrenes, un jeune politicien comp\u00e9tent mais \u00ab&nbsp;<em>encore inconnu<\/em>&nbsp;\u00bb, selon Romain Meltz.<\/p>\n\n\n\n<p>Le premier tour a donn\u00e9 H. Julien-Laferri\u00e8re en t\u00eate avec seulement 3 000 voix de plus que L. Terrenes. L\u2019issue est alors particuli\u00e8rement incertaine dans une circonscription o\u00f9 il n\u2019y a pas de th\u00e8mes majeurs pouvant la d\u00e9terminer. En effet, la deuxi\u00e8me circonscription est particuli\u00e8re puisqu\u2019elle rassemble une large partie de la presqu&rsquo;\u00eele, les quartiers ais\u00e9s, mais aussi des quartiers plus populaires tels que la Duch\u00e8re ou Vaise. Les candidats se pr\u00e9sentent alors tous deux comme capables de \u00ab <em>rassembler autour d\u2019un projet commun<\/em> \u00bb.<\/p>\n\n\n\n<p>Les deux candidats, dans un souci de r\u00e9cup\u00e9rer un maximum de voix avant le second tour, d\u00e9veloppent leurs propositions afin d\u2019aller chercher les \u00e9lecteurs de tous bords. La difficult\u00e9 si\u00e8ge dans la recherche d\u2019un \u00e9quilibre entre la ligne politique traditionnelle du parti, tout en menant une campagne pouvant assurer une forte r\u00e9serve de voix. Par cons\u00e9quent, les discours peuvent parfois \u00eatre proches.<\/p>\n\n\n\n<h2 class=\"wp-block-heading\"><strong>Les quartiers populaires au coeur de leur r\u00e9flexion politique<\/strong><\/h2>\n\n\n\n<p>Les deux candidats ont \u00e0 coeur d\u2019int\u00e9grer toute la population \u00e0 la vie politique nationale et locale. Les quartiers populaires \u00e9tant souvent d\u00e9valoris\u00e9s, les pr\u00e9tendants au poste de d\u00e9put\u00e9 tendent \u00e0 revoir leur int\u00e9gration sociale et politique tout en r\u00e9pondant aux inqui\u00e9tudes des populations. Hubert Laferri\u00e8re affirme vivement la n\u00e9cessit\u00e9 de r\u00e9tablir une police de proximit\u00e9 : <em>\u00ab Il faut r\u00e9tablir un lien entre la police et la population. Si on veut de la tranquillit\u00e9 sur un<\/em> <em>quartier, il faut la pr\u00e9sence de la police au quotidien et pas seulement un corps carc\u00e9ral<\/em> <em>qui d\u00e9barque d\u00e8s qu\u2019il y a un probl\u00e8me avec des policiers qui ne connaissent pas le<\/em> <em>terrain pour r\u00e9tablir la confiance et la tranquillit\u00e9 publique \u00bb.<\/em> Les deux candidats s\u2019accordent \u00e9galement sur l\u2019importance des associations.<\/p>\n\n\n\n<h2 class=\"wp-block-heading\"><strong>R\u00e9unir la deuxi\u00e8me circonscription autour d\u2019un projet commun<\/strong><\/h2>\n\n\n\n<p>La deuxi\u00e8me circonscription \u00e9tant un territoire diverse, les propositions des candidats doivent pouvoir raisonner de la m\u00eame fa\u00e7on pour chaque habitant. Terrenes ne se pr\u00e9sente ni de gauche ni de droite, mais porteur d\u2019un projet commun qui pourrait rassembler les \u00e9lecteurs. Selon lui, il y a seulement des pr\u00e9occupations communes qui vont au-del\u00e0 des couleurs politiques <em>\u00ab Que l\u2019on soit de droite, du centre<\/em> <em>ou de gauche on a tous les m\u00eames pr\u00e9occupations. Sur la question du climat, de<\/em> <em>l\u2019attractivit\u00e9 : tout le monde peut se mettre d\u2019accord sur ces objectifs, et je veux<\/em> <em>rassembler la dessus \u00bb. <\/em>Le candidat tourne donc autour de termes approximatifs, larges, que personne ne peut vraiment contredire puisqu\u2019ils semblent communs aux fran\u00e7ais.<\/p>\n\n\n\n<p>Pour Hubert Julien-Laferriere il y a une grande richesse quant \u00e0 la composition de la circonscription tant les enjeux sont diff\u00e9rents. Pour lui, il s\u2019agit de construire une soci\u00e9t\u00e9 o\u00f9 chaque habitant est en contact, notamment gr\u00e2ce \u00e0 la mixit\u00e9 sociale <em>: \u00ab On a construit<\/em> <em>de nouveaux logements \u00e0 la Duch\u00e8re, augment\u00e9 le nombre de logements sociaux dans les<\/em> <em>quartiers plus ais\u00e9s (\u2026) on relie aussi les territoires avec des initiatives culturelles \u00bb.<\/em><\/p>\n\n\n\n<h2 class=\"wp-block-heading\"><strong>De nouvelles fa\u00e7ons de faire de la politique<\/strong><\/h2>\n\n\n\n<p>Macron a parl\u00e9 d\u2019une nouvelle fa\u00e7on de faire de la politique, pour les d\u00e9put\u00e9s il semble particuli\u00e8rement important de saisir cette d\u00e9claration floue afin de pouvoir l\u2019int\u00e9grer et la manier. Chacun des candidats voit en cette d\u00e9claration un d\u00e9sir de \u00ab modernisation \u00bb du corps politique, mais celui-ci n\u2019est pas per\u00e7u de la m\u00eame fa\u00e7on. Pour Terrenes, la modernisation des institutions et du vote est essentielle. Il faut que la population ait les clefs pour aborder les enjeux politiques ainsi que les \u00e9lections <em>: \u00ab il faut<\/em> <em>donner les moyens aux gens de comprendre ce qu\u2019est l\u2019Assembl\u00e9e Nationale (\u2026) j\u2019ai fait<\/em> <em>une s\u00e9rie de propositions de lois et je veux toutes les construire avec les lyonnaises et les<\/em> <em>lyonnais \u00bb.<\/em> Cette sensibilisation \u00e0 la politique doit commencer d\u00e8s l\u2019\u00e9cole primaire, pour que les enjeux d\u00e9mocratiques soient clairs. Terrenes est alors attach\u00e9 \u00e0 faire de la politique avec la population. Enfin, la modernisation des institutions passerait notamment par une r\u00e9forme du droit d\u2019amendement pour limiter le temps d\u2019adoption des lois : <em>\u00ab En<\/em> <em>r\u00e9formant nos institutions, il faut aussi r\u00e9former le travail parlementaire (\u2026) il faut ajuster<\/em> <em>des textes mais il ne faut pas bloquer le pays \u00bb.<\/em> <\/p>\n\n\n\n<p>La d\u00e9claration du Pr\u00e9sident est per\u00e7ue avec r\u00e9ticence par Julien-Laferri\u00e8re. En effet, selon lui modernisation du corps politique rime avec privatisation : <em>\u00ab On a une fonction<\/em> <em>publique comp\u00e9tente, form\u00e9e, nombreuse, donc ce n\u2019est pas compr\u00e9hensible que l\u2019on<\/em> <em>fasse appel \u00e0 des cabinets priv\u00e9s \u00bb. <\/em>Pour le candidat, il faut aussi r\u00e9int\u00e9grer la population en d\u00e9veloppant la d\u00e9mocratie participative. Il propose alors des conseils de circonscriptions, une plateforme participative o\u00f9 les citoyens pourraient \u00e9galement proposer des amendements.<\/p>\n\n\n\n<p class=\"has-text-align-right\"><strong>La r\u00e9daction<\/strong><\/p>\n\n\n\n<p class=\"has-text-align-left\"> Lien sur le dernier article des l\u00e9gislatives <a href=\"https:\/\/lyonbondyblog.fr\/LBB\/legislatives-3eme-circonscription-6-sarah-peillon-candidate-du-parti-ensemble\/\">ici<\/a>  <\/p>\n<!-- AddThis Advanced Settings generic via filter on the_content --><!-- AddThis Share Buttons generic via filter on the_content -->","protected":false},"excerpt":{"rendered":"<p>A l\u2019approche du second tour des \u00e9lections l\u00e9gislatives, le Lyon Bondy Blog est all\u00e9 \u00e0 la rencontre des candidats de la deuxi\u00e8me circonscription&nbsp;: Hubert Julien-Laferri\u00e8re &hellip; <!-- AddThis Advanced Settings generic via filter on wp_trim_excerpt --><!-- AddThis Share Buttons generic via filter on wp_trim_excerpt --><\/p>\n","protected":false},"author":1,"featured_media":29683,"comment_status":"open","ping_status":"open","sticky":true,"template":"","format":"standard","meta":{"_FSMCFIC_featured_image_caption":"","_FSMCFIC_featured_image_nocaption":"","_FSMCFIC_featured_image_hide":"","footnotes":""},"categories":[27831,6],"tags":[],"class_list":["post-29682","post","type-post","status-publish","format-standard","has-post-thumbnail","hentry","category-legislatives-2022","category-politique"],"yoast_head":"<!-- This site is optimized with the Yoast SEO plugin v22.8 - https:\/\/yoast.com\/wordpress\/plugins\/seo\/ -->\n<title>2e circonscription : l\u2019heure est au rassemblement - Lyon Bondy Blog<\/title>\n<meta name=\"description\" content=\"Le LBB est all\u00e9 \u00e0 la rencontre des candidats de la deuxi\u00e8me circonscription\u00a0: Hubert Julien-Laferri\u00e8re (NUPES) et Lo\u00efc Terrenes (ENS).\" \/>\n<meta name=\"robots\" content=\"index, follow, max-snippet:-1, max-image-preview:large, max-video-preview:-1\" \/>\n<link rel=\"canonical\" href=\"https:\/\/lyonbondyblog.fr\/LBB\/2e-circonscription-lheure-est-au-rassemblement\/\" \/>\n<meta property=\"og:locale\" content=\"fr_FR\" \/>\n<meta property=\"og:type\" content=\"article\" \/>\n<meta property=\"og:title\" content=\"2e circonscription : l\u2019heure est au rassemblement - Lyon Bondy Blog\" \/>\n<meta property=\"og:description\" content=\"Le LBB est all\u00e9 \u00e0 la rencontre des candidats de la deuxi\u00e8me circonscription\u00a0: Hubert Julien-Laferri\u00e8re (NUPES) et Lo\u00efc Terrenes (ENS).\" \/>\n<meta property=\"og:url\" content=\"https:\/\/lyonbondyblog.fr\/LBB\/2e-circonscription-lheure-est-au-rassemblement\/\" \/>\n<meta property=\"og:site_name\" content=\"Lyon Bondy Blog\" \/>\n<meta property=\"article:publisher\" content=\"https:\/\/www.facebook.com\/lyonbondyblog\" \/>\n<meta property=\"article:author\" content=\"https:\/\/www.facebook.com\/lyonbondyblog\" \/>\n<meta property=\"article:published_time\" content=\"2022-06-17T16:00:26+00:00\" \/>\n<meta property=\"article:modified_time\" content=\"2023-04-18T16:14:21+00:00\" \/>\n<meta property=\"og:image\" content=\"https:\/\/lyonbondyblog.fr\/LBB\/wp-content\/uploads\/2022\/06\/Terrennes-Laferrie\u0300re.png\" \/>\n\t<meta property=\"og:image:width\" content=\"640\" \/>\n\t<meta property=\"og:image:height\" content=\"454\" \/>\n\t<meta property=\"og:image:type\" content=\"image\/png\" \/>\n<meta name=\"author\" content=\"La r\u00e9daction\" \/>\n<meta name=\"twitter:card\" content=\"summary_large_image\" \/>\n<meta name=\"twitter:creator\" content=\"@BondyBlogLyon\" \/>\n<meta name=\"twitter:site\" content=\"@bondybloglyon\" \/>\n<script type=\"application\/ld+json\" class=\"yoast-schema-graph\">{\"@context\":\"https:\/\/schema.org\",\"@graph\":[{\"@type\":\"Article\",\"@id\":\"https:\/\/lyonbondyblog.fr\/LBB\/2e-circonscription-lheure-est-au-rassemblement\/#article\",\"isPartOf\":{\"@id\":\"https:\/\/lyonbondyblog.fr\/LBB\/2e-circonscription-lheure-est-au-rassemblement\/\"},\"author\":{\"name\":\"La r\u00e9daction\",\"@id\":\"https:\/\/lyonbondyblog.fr\/LBB\/#\/schema\/person\/e45f8d27baac75072daa0be50c409b25\"},\"headline\":\"2e circonscription : l\u2019heure est au rassemblement\",\"datePublished\":\"2022-06-17T16:00:26+00:00\",\"dateModified\":\"2023-04-18T16:14:21+00:00\",\"mainEntityOfPage\":{\"@id\":\"https:\/\/lyonbondyblog.fr\/LBB\/2e-circonscription-lheure-est-au-rassemblement\/\"},\"wordCount\":970,\"commentCount\":0,\"publisher\":{\"@id\":\"https:\/\/lyonbondyblog.fr\/LBB\/#organization\"},\"image\":{\"@id\":\"https:\/\/lyonbondyblog.fr\/LBB\/2e-circonscription-lheure-est-au-rassemblement\/#primaryimage\"},\"thumbnailUrl\":\"https:\/\/lyonbondyblog.fr\/LBB\/wp-content\/uploads\/2022\/06\/Terrennes-Laferrie\u0300re.png\",\"articleSection\":[\"L\u00e9gislatives 2022\",\"Politique\"],\"inLanguage\":\"fr-FR\",\"potentialAction\":[{\"@type\":\"CommentAction\",\"name\":\"Comment\",\"target\":[\"https:\/\/lyonbondyblog.fr\/LBB\/2e-circonscription-lheure-est-au-rassemblement\/#respond\"]}]},{\"@type\":\"WebPage\",\"@id\":\"https:\/\/lyonbondyblog.fr\/LBB\/2e-circonscription-lheure-est-au-rassemblement\/\",\"url\":\"https:\/\/lyonbondyblog.fr\/LBB\/2e-circonscription-lheure-est-au-rassemblement\/\",\"name\":\"2e circonscription : l\u2019heure est au rassemblement - Lyon Bondy Blog\",\"isPartOf\":{\"@id\":\"https:\/\/lyonbondyblog.fr\/LBB\/#website\"},\"primaryImageOfPage\":{\"@id\":\"https:\/\/lyonbondyblog.fr\/LBB\/2e-circonscription-lheure-est-au-rassemblement\/#primaryimage\"},\"image\":{\"@id\":\"https:\/\/lyonbondyblog.fr\/LBB\/2e-circonscription-lheure-est-au-rassemblement\/#primaryimage\"},\"thumbnailUrl\":\"https:\/\/lyonbondyblog.fr\/LBB\/wp-content\/uploads\/2022\/06\/Terrennes-Laferrie\u0300re.png\",\"datePublished\":\"2022-06-17T16:00:26+00:00\",\"dateModified\":\"2023-04-18T16:14:21+00:00\",\"description\":\"Le LBB est all\u00e9 \u00e0 la rencontre des candidats de la deuxi\u00e8me circonscription\u00a0: Hubert Julien-Laferri\u00e8re (NUPES) et Lo\u00efc Terrenes (ENS).\",\"inLanguage\":\"fr-FR\",\"potentialAction\":[{\"@type\":\"ReadAction\",\"target\":[\"https:\/\/lyonbondyblog.fr\/LBB\/2e-circonscription-lheure-est-au-rassemblement\/\"]}]},{\"@type\":\"ImageObject\",\"inLanguage\":\"fr-FR\",\"@id\":\"https:\/\/lyonbondyblog.fr\/LBB\/2e-circonscription-lheure-est-au-rassemblement\/#primaryimage\",\"url\":\"https:\/\/lyonbondyblog.fr\/LBB\/wp-content\/uploads\/2022\/06\/Terrennes-Laferrie\u0300re.png\",\"contentUrl\":\"https:\/\/lyonbondyblog.fr\/LBB\/wp-content\/uploads\/2022\/06\/Terrennes-Laferrie\u0300re.png\",\"width\":640,\"height\":454},{\"@type\":\"WebSite\",\"@id\":\"https:\/\/lyonbondyblog.fr\/LBB\/#website\",\"url\":\"https:\/\/lyonbondyblog.fr\/LBB\/\",\"name\":\"Lyon Bondy Blog\",\"description\":\"\",\"publisher\":{\"@id\":\"https:\/\/lyonbondyblog.fr\/LBB\/#organization\"},\"potentialAction\":[{\"@type\":\"SearchAction\",\"target\":{\"@type\":\"EntryPoint\",\"urlTemplate\":\"https:\/\/lyonbondyblog.fr\/LBB\/?s={search_term_string}\"},\"query-input\":\"required name=search_term_string\"}],\"inLanguage\":\"fr-FR\"},{\"@type\":\"Organization\",\"@id\":\"https:\/\/lyonbondyblog.fr\/LBB\/#organization\",\"name\":\"LYON BONDY BLOG\",\"url\":\"https:\/\/lyonbondyblog.fr\/LBB\/\",\"logo\":{\"@type\":\"ImageObject\",\"inLanguage\":\"fr-FR\",\"@id\":\"https:\/\/lyonbondyblog.fr\/LBB\/#\/schema\/logo\/image\/\",\"url\":\"http:\/\/lyonbondyblog.fr\/LBB\/wp-content\/uploads\/2014\/10\/logo-portable-144.png\",\"contentUrl\":\"http:\/\/lyonbondyblog.fr\/LBB\/wp-content\/uploads\/2014\/10\/logo-portable-144.png\",\"width\":144,\"height\":123,\"caption\":\"LYON BONDY BLOG\"},\"image\":{\"@id\":\"https:\/\/lyonbondyblog.fr\/LBB\/#\/schema\/logo\/image\/\"},\"sameAs\":[\"https:\/\/www.facebook.com\/lyonbondyblog\",\"https:\/\/x.com\/bondybloglyon\"]},{\"@type\":\"Person\",\"@id\":\"https:\/\/lyonbondyblog.fr\/LBB\/#\/schema\/person\/e45f8d27baac75072daa0be50c409b25\",\"name\":\"La r\u00e9daction\",\"description\":\"Cr\u00e9e en 2008, la r\u00e9daction du Lyon Bondy Blog s'applique \u00e0 proposer une information locale diff\u00e9rente et compl\u00e9mentaire des m\u00e9dias traditionnels.\",\"sameAs\":[\"https:\/\/www.facebook.com\/lyonbondyblog\",\"https:\/\/x.com\/BondyBlogLyon\"],\"url\":\"https:\/\/lyonbondyblog.fr\/LBB\/author\/admin\/\"}]}<\/script>\n<!-- \/ Yoast SEO plugin. -->","yoast_head_json":{"title":"2e circonscription : l\u2019heure est au rassemblement - Lyon Bondy Blog","description":"Le LBB est all\u00e9 \u00e0 la rencontre des candidats de la deuxi\u00e8me circonscription\u00a0: Hubert Julien-Laferri\u00e8re (NUPES) et Lo\u00efc Terrenes (ENS).","robots":{"index":"index","follow":"follow","max-snippet":"max-snippet:-1","max-image-preview":"max-image-preview:large","max-video-preview":"max-video-preview:-1"},"canonical":"https:\/\/lyonbondyblog.fr\/LBB\/2e-circonscription-lheure-est-au-rassemblement\/","og_locale":"fr_FR","og_type":"article","og_title":"2e circonscription : l\u2019heure est au rassemblement - Lyon Bondy Blog","og_description":"Le LBB est all\u00e9 \u00e0 la rencontre des candidats de la deuxi\u00e8me circonscription\u00a0: Hubert Julien-Laferri\u00e8re (NUPES) et Lo\u00efc Terrenes (ENS).","og_url":"https:\/\/lyonbondyblog.fr\/LBB\/2e-circonscription-lheure-est-au-rassemblement\/","og_site_name":"Lyon Bondy Blog","article_publisher":"https:\/\/www.facebook.com\/lyonbondyblog","article_author":"https:\/\/www.facebook.com\/lyonbondyblog","article_published_time":"2022-06-17T16:00:26+00:00","article_modified_time":"2023-04-18T16:14:21+00:00","og_image":[{"width":640,"height":454,"url":"https:\/\/lyonbondyblog.fr\/LBB\/wp-content\/uploads\/2022\/06\/Terrennes-Laferrie\u0300re.png","type":"image\/png"}],"author":"La r\u00e9daction","twitter_card":"summary_large_image","twitter_creator":"@BondyBlogLyon","twitter_site":"@bondybloglyon","schema":{"@context":"https:\/\/schema.org","@graph":[{"@type":"Article","@id":"https:\/\/lyonbondyblog.fr\/LBB\/2e-circonscription-lheure-est-au-rassemblement\/#article","isPartOf":{"@id":"https:\/\/lyonbondyblog.fr\/LBB\/2e-circonscription-lheure-est-au-rassemblement\/"},"author":{"name":"La r\u00e9daction","@id":"https:\/\/lyonbondyblog.fr\/LBB\/#\/schema\/person\/e45f8d27baac75072daa0be50c409b25"},"headline":"2e circonscription : l\u2019heure est au rassemblement","datePublished":"2022-06-17T16:00:26+00:00","dateModified":"2023-04-18T16:14:21+00:00","mainEntityOfPage":{"@id":"https:\/\/lyonbondyblog.fr\/LBB\/2e-circonscription-lheure-est-au-rassemblement\/"},"wordCount":970,"commentCount":0,"publisher":{"@id":"https:\/\/lyonbondyblog.fr\/LBB\/#organization"},"image":{"@id":"https:\/\/lyonbondyblog.fr\/LBB\/2e-circonscription-lheure-est-au-rassemblement\/#primaryimage"},"thumbnailUrl":"https:\/\/lyonbondyblog.fr\/LBB\/wp-content\/uploads\/2022\/06\/Terrennes-Laferrie\u0300re.png","articleSection":["L\u00e9gislatives 2022","Politique"],"inLanguage":"fr-FR","potentialAction":[{"@type":"CommentAction","name":"Comment","target":["https:\/\/lyonbondyblog.fr\/LBB\/2e-circonscription-lheure-est-au-rassemblement\/#respond"]}]},{"@type":"WebPage","@id":"https:\/\/lyonbondyblog.fr\/LBB\/2e-circonscription-lheure-est-au-rassemblement\/","url":"https:\/\/lyonbondyblog.fr\/LBB\/2e-circonscription-lheure-est-au-rassemblement\/","name":"2e circonscription : l\u2019heure est au rassemblement - Lyon Bondy Blog","isPartOf":{"@id":"https:\/\/lyonbondyblog.fr\/LBB\/#website"},"primaryImageOfPage":{"@id":"https:\/\/lyonbondyblog.fr\/LBB\/2e-circonscription-lheure-est-au-rassemblement\/#primaryimage"},"image":{"@id":"https:\/\/lyonbondyblog.fr\/LBB\/2e-circonscription-lheure-est-au-rassemblement\/#primaryimage"},"thumbnailUrl":"https:\/\/lyonbondyblog.fr\/LBB\/wp-content\/uploads\/2022\/06\/Terrennes-Laferrie\u0300re.png","datePublished":"2022-06-17T16:00:26+00:00","dateModified":"2023-04-18T16:14:21+00:00","description":"Le LBB est all\u00e9 \u00e0 la rencontre des candidats de la deuxi\u00e8me circonscription\u00a0: Hubert Julien-Laferri\u00e8re (NUPES) et Lo\u00efc Terrenes (ENS).","inLanguage":"fr-FR","potentialAction":[{"@type":"ReadAction","target":["https:\/\/lyonbondyblog.fr\/LBB\/2e-circonscription-lheure-est-au-rassemblement\/"]}]},{"@type":"ImageObject","inLanguage":"fr-FR","@id":"https:\/\/lyonbondyblog.fr\/LBB\/2e-circonscription-lheure-est-au-rassemblement\/#primaryimage","url":"https:\/\/lyonbondyblog.fr\/LBB\/wp-content\/uploads\/2022\/06\/Terrennes-Laferrie\u0300re.png","contentUrl":"https:\/\/lyonbondyblog.fr\/LBB\/wp-content\/uploads\/2022\/06\/Terrennes-Laferrie\u0300re.png","width":640,"height":454},{"@type":"WebSite","@id":"https:\/\/lyonbondyblog.fr\/LBB\/#website","url":"https:\/\/lyonbondyblog.fr\/LBB\/","name":"Lyon Bondy Blog","description":"","publisher":{"@id":"https:\/\/lyonbondyblog.fr\/LBB\/#organization"},"potentialAction":[{"@type":"SearchAction","target":{"@type":"EntryPoint","urlTemplate":"https:\/\/lyonbondyblog.fr\/LBB\/?s={search_term_string}"},"query-input":"required name=search_term_string"}],"inLanguage":"fr-FR"},{"@type":"Organization","@id":"https:\/\/lyonbondyblog.fr\/LBB\/#organization","name":"LYON BONDY BLOG","url":"https:\/\/lyonbondyblog.fr\/LBB\/","logo":{"@type":"ImageObject","inLanguage":"fr-FR","@id":"https:\/\/lyonbondyblog.fr\/LBB\/#\/schema\/logo\/image\/","url":"http:\/\/lyonbondyblog.fr\/LBB\/wp-content\/uploads\/2014\/10\/logo-portable-144.png","contentUrl":"http:\/\/lyonbondyblog.fr\/LBB\/wp-content\/uploads\/2014\/10\/logo-portable-144.png","width":144,"height":123,"caption":"LYON BONDY BLOG"},"image":{"@id":"https:\/\/lyonbondyblog.fr\/LBB\/#\/schema\/logo\/image\/"},"sameAs":["https:\/\/www.facebook.com\/lyonbondyblog","https:\/\/x.com\/bondybloglyon"]},{"@type":"Person","@id":"https:\/\/lyonbondyblog.fr\/LBB\/#\/schema\/person\/e45f8d27baac75072daa0be50c409b25","name":"La r\u00e9daction","description":"Cr\u00e9e en 2008, la r\u00e9daction du Lyon Bondy Blog s'applique \u00e0 proposer une information locale diff\u00e9rente et compl\u00e9mentaire des m\u00e9dias traditionnels.","sameAs":["https:\/\/www.facebook.com\/lyonbondyblog","https:\/\/x.com\/BondyBlogLyon"],"url":"https:\/\/lyonbondyblog.fr\/LBB\/author\/admin\/"}]}},"_links":{"self":[{"href":"https:\/\/lyonbondyblog.fr\/LBB\/wp-json\/wp\/v2\/posts\/29682","targetHints":{"allow":["GET"]}}],"collection":[{"href":"https:\/\/lyonbondyblog.fr\/LBB\/wp-json\/wp\/v2\/posts"}],"about":[{"href":"https:\/\/lyonbondyblog.fr\/LBB\/wp-json\/wp\/v2\/types\/post"}],"author":[{"embeddable":true,"href":"https:\/\/lyonbondyblog.fr\/LBB\/wp-json\/wp\/v2\/users\/1"}],"replies":[{"embeddable":true,"href":"https:\/\/lyonbondyblog.fr\/LBB\/wp-json\/wp\/v2\/comments?post=29682"}],"version-history":[{"count":3,"href":"https:\/\/lyonbondyblog.fr\/LBB\/wp-json\/wp\/v2\/posts\/29682\/revisions"}],"predecessor-version":[{"id":32222,"href":"https:\/\/lyonbondyblog.fr\/LBB\/wp-json\/wp\/v2\/posts\/29682\/revisions\/32222"}],"wp:featuredmedia":[{"embeddable":true,"href":"https:\/\/lyonbondyblog.fr\/LBB\/wp-json\/wp\/v2\/media\/29683"}],"wp:attachment":[{"href":"https:\/\/lyonbondyblog.fr\/LBB\/wp-json\/wp\/v2\/media?parent=29682"}],"wp:term":[{"taxonomy":"category","embeddable":true,"href":"https:\/\/lyonbondyblog.fr\/LBB\/wp-json\/wp\/v2\/categories?post=29682"},{"taxonomy":"post_tag","embeddable":true,"href":"https:\/\/lyonbondyblog.fr\/LBB\/wp-json\/wp\/v2\/tags?post=29682"}],"curies":[{"name":"wp","href":"https:\/\/api.w.org\/{rel}","templated":true}]}}