{"id":29662,"date":"2022-06-16T18:19:00","date_gmt":"2022-06-16T16:19:00","guid":{"rendered":"http:\/\/lyonbondyblog.fr\/LBB\/?p=29662"},"modified":"2022-08-16T19:13:01","modified_gmt":"2022-08-16T17:13:01","slug":"un-bras-de-fer-plus-que-serre","status":"publish","type":"post","link":"https:\/\/lyonbondyblog.fr\/LBB\/un-bras-de-fer-plus-que-serre\/","title":{"rendered":"Un bras de fer plus que serr\u00e9 !"},"content":{"rendered":"\n<h2 class=\"wp-block-heading\"><strong>\u00c0 l\u2019issue de ce premier tour des \u00e9lections l\u00e9gislatives dans la 13e circonscription du Rh\u00f4ne (D\u00e9cines, Meyzieu, St Priest), Sarah Tanzilli (ENS) et Victor Prandt (NUPES) se retrouvent en duel.  Alors que leur score \u00e9tait relativement serr\u00e9, le Lyon Bondy Blog revient sur les enjeux de ce territoire.<\/strong><\/h2>\n\n\n\n<p>Lors du premier tour des \u00e9lections l\u00e9gislatives de ce dimanche 12 juin, dans la 13e circonscription du Rh\u00f4ne, l\u2019abstention a suivi le record national (52,5%),<a href=\"https:\/\/www.lemonde.fr\/les-decodeurs\/article\/2022\/06\/13\/legislatives-2022-l-abstention-en-hausse-dans-toute-la-france-modifie-les-conditions-d-acces-au-second-tour_6130132_4355770.html\"> en atteignant 53,64 %. <\/a><\/p>\n\n\n\n<p>Si en 2017, les R\u00e9publicains et La R\u00e9publique en Marche&nbsp;(aujourd&rsquo;hui Ensemble&nbsp;!)&nbsp;<a href=\"https:\/\/www2.assemblee-nationale.fr\/elections\/circonscription\/2017\/resultats\/69\/13\" target=\"_blank\" rel=\"noreferrer noopener\">se battaient au coude-<\/a>\u00e0-coude, cinq ans plus tard, les choses ont chang\u00e9.&nbsp;En effet, pour le second tour du 19 juin&nbsp;prochain, <a href=\"https:\/\/www.francetvinfo.fr\/elections\/resultats\/rhone_69\/rhone_13eme-circonscription\" target=\"_blank\" rel=\"noreferrer noopener\">la majorit\u00e9 pr\u00e9sidentielle est toujours pr\u00e9sente avec Sarah&nbsp;Tanzilli (28,44 %), mais elle affrontera cette fois-ci une coalition de gauche, la NUPES, dont Victor&nbsp;Prandt&nbsp;(21,67 %) <\/a>est le repr\u00e9sentant. Quant au Rassemblement National, malgr\u00e9 une hausse de plus 7 % (21,66 %) par apport \u00e0 2017 (14,37 %), le parti ne r\u00e9ussit pas \u00e0 gagner une place pour le second tour. Pechereau&nbsp;Alain termine \u00e0 la troisi\u00e8me place.<\/p>\n\n\n\n<p>Avec le second tour qui arrive dans seulement quelques&nbsp;jours, le&nbsp;Lyon&nbsp;Bondy&nbsp;Blog a souhait\u00e9 interroger les deux candidats qui devront \u00eatre d\u00e9partag\u00e9s par les \u00e9lecteurs. Nous avons rencontr\u00e9 seulement Victor&nbsp;Prandt&nbsp;(LFI-Nupes) car nous n\u2019avons pas re\u00e7u de r\u00e9ponse de la part de l\u2019\u00e9quipe de madame Tanzilli.<\/p>\n\n\n\n<h2 class=\"wp-block-heading\">Interview de Victor Prandt <\/h2>\n\n\n\n<h2 class=\"wp-block-heading\"><strong><em>Quels sont vos ressentiments face aux r\u00e9sultats, \u00eates-vous d\u00e9\u00e7us, surpris ?<\/em><\/strong><\/h2>\n\n\n\n<p>Je suis plut\u00f4t satisfait, parce qu\u2019on nous a expliqu\u00e9s depuis longtemps que cette circonscription allait jouer dans un duel entre la droite lib\u00e9rale et la droite lib\u00e9rale. La r\u00e9alit\u00e9 est toute autre puisque nous sommes au second tour. Pour ce faire, nous avons fait un \u00e9norme travail de terrain, sommes all\u00e9s au contact des habitants et cela a pay\u00e9. Aujourd\u2019hui, je pense que nous avons prouv\u00e9 que l\u2019on m\u00e9rite d\u2019\u00eatre au 2d tour et surtout d\u2019avoir un d\u00e9put\u00e9 de la Nupes.<\/p>\n\n\n\n<h2 class=\"wp-block-heading\"><strong><em>\u00cates-vous inquiet pour le second tour&nbsp;?<\/em><\/strong><\/h2>\n\n\n\n<p>Non, je n\u2019ai pas d\u2019inqui\u00e9tude. Depuis le d\u00e9but, nous nous opposons \u00e0 un programme que l\u2019on consid\u00e8re destructeur et qu\u2019il l\u2019a \u00e9t\u00e9 pendant 5 ans avec notamment la casse des services publics, l\u2019inflation du salaire et l\u2019inaction climatique. Cette confrontation, c&rsquo;est celle que nous attendions. Et sans surprise La R\u00e9publique en Marche \u00e9vite la Nupes, la preuve encore cette semaine puisqu&rsquo;Elizabeth Borne refuse de d\u00e9battre avec Jean-Luc M\u00e9lenchon alors que c\u2019est son principal opposant.<\/p>\n\n\n\n<h2 class=\"wp-block-heading\"><strong><em>Comment avez-vous v\u00e9cu la campagne&nbsp;?<\/em><\/strong><\/h2>\n\n\n\n<p>C\u2019\u00e9tait une super campagne tr\u00e8s riche o\u00f9 on a fait le choix d\u2019aller voir le plus de personnes possibles et de discuter avec elles individuellement.&nbsp;Ce qui m\u2019a le plus marqu\u00e9, c\u2019est le fait que l\u2019\u00c9tat a clairement manqu\u00e9 \u00e0 son travail d\u2019information envers les citoyens.&nbsp;Je ne compte m\u00eame plus le nombre de portes que nous sommes all\u00e9s voir cette semaine pour rencontrer des personnes qui ne savent pas ce que sont les l\u00e9gislatives, ou un d\u00e9put\u00e9, et \u00e7a, c\u2019est un vrai manquement de la part de l\u2019Etat.<\/p>\n\n\n\n<h2 class=\"wp-block-heading\"><strong><em>Face au record d\u2019abstention, pensez-vous, si vous \u00eates \u00e9lu, proposer un projet de loi pour y rem\u00e9dier&nbsp;?<\/em><\/strong><\/h2>\n\n\n\n<p>L\u2019abstention est un vrai probl\u00e8me et l\u2019une des causes est le fait que l\u2019Etat ne partage pas sciemment une partie de l\u2019information. De ce fait, cela conduit une cat\u00e9gorie de la population \u00e0 ne pas aller voter.<\/p>\n\n\n\n<p>Chez les jeunes, aussi, il y a un vrai retard, dans l\u2019\u00e9ducation des lyc\u00e9es. C\u2019est pourquoi, je pense que notre proposition, d\u2019avoir le droit de vote d\u00e8s 16 ans est aussi un moyen de les impliquer plus t\u00f4t en politique. De plus, on se rend compte que beaucoup d&rsquo;entre eux en sont d\u00e9go\u00fbt\u00e9s, Mathilde Panot avait l\u2019habitude de dire \u00ab <em>qu\u2019\u00e0 force de d\u00e9go\u00fbter il ne reste plus que les d\u00e9go\u00fbtants <\/em>\u00bb et je pense tr\u00e8s sinc\u00e8rement qu\u2019elle a raison, c\u2019est pourquoi c\u2019est quelque chose o\u00f9 il va vraiment falloir lutter pour ces prochaines ann\u00e9es.<\/p>\n\n\n\n<h2 class=\"wp-block-heading\"><strong><em>Pour le second tour, sur quelle r\u00e9serve de voix comptez-vous afin d\u2019\u00eatre \u00e9lu&nbsp;?<\/em><\/strong><\/h2>\n\n\n\n<p>La r\u00e9serve de voix est assez claire. Mais j\u2019invite vraiment les petits partis qui \u00e9taient en face de nous \u00e0 nous rejoindre. De plus, nous avons remarqu\u00e9 qu\u2019il y a un gros vote contestataire notamment sur notre circonscription. J\u2019invite donc, ces personnes-l\u00e0, qui sont en col\u00e8re contre l\u2019Etat \u00e0 nous rejoindre, car une issue est possible, et elle est du c\u00f4t\u00e9 de la Nupes. Aujourd\u2019hui, nous avons un programme qui est complet et qui va \u00eatre en opposition totale avec ce que propose Emmanuel Macron. J\u2019invite alors toutes les personnes qui ne veulent pas d\u2019un quinquennat suppl\u00e9mentaire de souffrance sociale et d\u2019inaction climatique \u00e0 nous rejoindre.<\/p>\n\n\n\n<h2 class=\"wp-block-heading\"><strong><em>Est-ce possible selon-vous que JLM devienne Premier ministre sachant que le pr\u00e9sident n\u2019a aucune obligation de le nommer ?<\/em><\/strong><\/h2>\n\n\n\n<p>Pour moi, il sera oblig\u00e9 de le nommer, car c\u2019est \u00e0 nous, l\u2019Assembl\u00e9e de valider ou non le Premier ministre. Donc nous appuierons la candidature de Jean-Luc M\u00e9lenchon et le pr\u00e9sident devra s\u2019en accommoder.<\/p>\n\n\n\n<p><strong><em>\u00c0 l\u2019Assembl\u00e9e, cela risque d\u2019\u00eatre un v\u00e9ritable bras de fer, comment selon-vous construire des lois dans de telles conditions ?<br><\/em><\/strong><br>C\u2019est s\u00fbr que \u00e7a va \u00eatre un contexte tr\u00e8s particulier.&nbsp;Il va falloir se battre pour avoir diverses majorit\u00e9s.&nbsp;Mais ce que l\u2019on constate c\u2019est le travail qui a \u00e9t\u00e9 fait pendant 5 ans par 17 d\u00e9put\u00e9s que l\u2019on a dans le programme de la Nupes. Aujourd\u2019hui, nous aurons une vraie force de proposition, o\u00f9 nous pourrons proposer de nouvelles choses, appliquer des lois, faire avancer notre programme et surtout faire barrage \u00e0 celui d\u2019Emmanuel Macron.<\/p>\n\n\n\n<h2 class=\"wp-block-heading\"><strong><em>La NUPES rassemble plein de partis diff\u00e9rents avec parfois des d\u00e9saccords. Cela vous inqui\u00e8te-t-il pour la suite ?<\/em><\/strong><\/h2>\n\n\n\n<p>Non, cela ne m\u2019inqui\u00e8te pas dans le sens o\u00f9 l\u2019on a conclu un accord, l\u2019accord de la Nupes. Apr\u00e8s, il y a 650 mesures, mais ce que l\u2019on constate, c\u2019est que tout le monde va dans le bon sens et je n\u2019ai aucun doute que cela va continuer. De plus, les d\u00e9saccords, nous ne nous en cachons pas, les nuances sont \u00e9tablies m\u00eame dans les 150 mesures. S\u2019il y a des d\u00e9saccords, nous en d\u00e9battons et cela ne nous emp\u00eache pas de travailler ensemble. Comme nous avons pu le voir aux \u00e9lections pr\u00e9sidentielles, les gens voulaient une Union, une v\u00e9ritable union sans fa\u00e7ade et c\u2019est ce que nous avons cr\u00e9\u00e9 avec la Nupes.<\/p>\n\n\n\n<h2 class=\"wp-block-heading\"><strong><em>Derni\u00e8re question, quels sont les d\u00e9fis particuliers, s\u2019il y en a, pour ce 2d tour ?<\/em><\/strong><\/h2>\n\n\n\n<p>Le d\u00e9fi, \u00e7a va \u00eatre de lutter contre l\u2019abstention et de faire comprendre aux habitants de la 13e circonscription du Rh\u00f4ne que la personne qui se pr\u00e9sente en face de moi, ce n\u2019est pas n\u2019importe qui : madame Tanzilli. Collaboratrice parlementaire de l\u2019ancienne d\u00e9put\u00e9e Dani\u00e8le Cazarian, qui a \u00e9t\u00e9 totalement invisible que \u00e7a soit \u00e0 l\u2019Assembl\u00e9e ou sur le terrain. Cela ne pr\u00e9sage rien de bon sur sa r\u00e9elle activit\u00e9. Aujourd\u2019hui, les habitants ont la possibilit\u00e9 d\u2019\u00e9lire un d\u00e9put\u00e9 de combat qui va aller au front, ou alors une d\u00e9put\u00e9e qui va prendre la suite de madame Cazarian, c\u2019est-\u00e0-dire ne rien faire.<\/p>\n\n\n\n<p>Lien de notre dernier article sur les l\u00e9gislatives <a href=\"https:\/\/lyonbondyblog.fr\/LBB\/legislatives-3eme-circonscription-5-marie-charlotte-garin-candidate-de-la-nupes\/\">ici <\/a><\/p>\n\n\n\n<p class=\"has-text-align-right\">Auriane Devaux<\/p>\n<!-- AddThis Advanced Settings generic via filter on the_content --><!-- AddThis Share Buttons generic via filter on the_content -->","protected":false},"excerpt":{"rendered":"<p>\u00c0 l\u2019issue de ce premier tour des \u00e9lections l\u00e9gislatives dans la 13e circonscription du Rh\u00f4ne (D\u00e9cines, Meyzieu, St Priest), Sarah Tanzilli (ENS) et Victor Prandt &hellip; <!-- AddThis Advanced Settings generic via filter on wp_trim_excerpt --><!-- AddThis Share Buttons generic via filter on wp_trim_excerpt --><\/p>\n","protected":false},"author":1,"featured_media":29663,"comment_status":"open","ping_status":"open","sticky":true,"template":"","format":"standard","meta":{"_FSMCFIC_featured_image_caption":"","_FSMCFIC_featured_image_nocaption":"","_FSMCFIC_featured_image_hide":"","footnotes":""},"categories":[27827,4,6],"tags":[],"class_list":["post-29662","post","type-post","status-publish","format-standard","has-post-thumbnail","hentry","category-legislative-2022","category-lyon","category-politique"],"yoast_head":"<!-- This site is optimized with the Yoast SEO plugin v22.8 - https:\/\/yoast.com\/wordpress\/plugins\/seo\/ -->\n<title>Un bras de fer plus que serr\u00e9 ! - Lyon Bondy Blog<\/title>\n<meta name=\"description\" content=\"\u00c0 l\u2019issue du premier tour des \u00e9lections l\u00e9gislatives dans la 13e circonscription, Sarah Tanzilli (ENS) et Victor Prandt (NUPES)...\" \/>\n<meta name=\"robots\" content=\"index, follow, max-snippet:-1, max-image-preview:large, max-video-preview:-1\" \/>\n<link rel=\"canonical\" href=\"https:\/\/lyonbondyblog.fr\/LBB\/un-bras-de-fer-plus-que-serre\/\" \/>\n<meta property=\"og:locale\" content=\"fr_FR\" \/>\n<meta property=\"og:type\" content=\"article\" \/>\n<meta property=\"og:title\" content=\"Un bras de fer plus que serr\u00e9 ! - Lyon Bondy Blog\" \/>\n<meta property=\"og:description\" content=\"\u00c0 l\u2019issue du premier tour des \u00e9lections l\u00e9gislatives dans la 13e circonscription, Sarah Tanzilli (ENS) et Victor Prandt (NUPES)...\" \/>\n<meta property=\"og:url\" content=\"https:\/\/lyonbondyblog.fr\/LBB\/un-bras-de-fer-plus-que-serre\/\" \/>\n<meta property=\"og:site_name\" content=\"Lyon Bondy Blog\" \/>\n<meta property=\"article:publisher\" content=\"https:\/\/www.facebook.com\/lyonbondyblog\" \/>\n<meta property=\"article:author\" content=\"https:\/\/www.facebook.com\/lyonbondyblog\" \/>\n<meta property=\"article:published_time\" content=\"2022-06-16T16:19:00+00:00\" \/>\n<meta property=\"article:modified_time\" content=\"2022-08-16T17:13:01+00:00\" \/>\n<meta property=\"og:image\" content=\"https:\/\/lyonbondyblog.fr\/LBB\/wp-content\/uploads\/2022\/06\/tanzilli-et-prandt.png\" \/>\n\t<meta property=\"og:image:width\" content=\"945\" \/>\n\t<meta property=\"og:image:height\" content=\"756\" \/>\n\t<meta property=\"og:image:type\" content=\"image\/png\" \/>\n<meta name=\"author\" content=\"La r\u00e9daction\" \/>\n<meta name=\"twitter:card\" content=\"summary_large_image\" \/>\n<meta name=\"twitter:creator\" content=\"@BondyBlogLyon\" \/>\n<meta name=\"twitter:site\" content=\"@bondybloglyon\" \/>\n<script type=\"application\/ld+json\" class=\"yoast-schema-graph\">{\"@context\":\"https:\/\/schema.org\",\"@graph\":[{\"@type\":\"Article\",\"@id\":\"https:\/\/lyonbondyblog.fr\/LBB\/un-bras-de-fer-plus-que-serre\/#article\",\"isPartOf\":{\"@id\":\"https:\/\/lyonbondyblog.fr\/LBB\/un-bras-de-fer-plus-que-serre\/\"},\"author\":{\"name\":\"La r\u00e9daction\",\"@id\":\"https:\/\/lyonbondyblog.fr\/LBB\/#\/schema\/person\/e45f8d27baac75072daa0be50c409b25\"},\"headline\":\"Un bras de fer plus que serr\u00e9 !\",\"datePublished\":\"2022-06-16T16:19:00+00:00\",\"dateModified\":\"2022-08-16T17:13:01+00:00\",\"mainEntityOfPage\":{\"@id\":\"https:\/\/lyonbondyblog.fr\/LBB\/un-bras-de-fer-plus-que-serre\/\"},\"wordCount\":1336,\"commentCount\":0,\"publisher\":{\"@id\":\"https:\/\/lyonbondyblog.fr\/LBB\/#organization\"},\"image\":{\"@id\":\"https:\/\/lyonbondyblog.fr\/LBB\/un-bras-de-fer-plus-que-serre\/#primaryimage\"},\"thumbnailUrl\":\"https:\/\/lyonbondyblog.fr\/LBB\/wp-content\/uploads\/2022\/06\/tanzilli-et-prandt.png\",\"articleSection\":[\"L\u00e9gislatives 2022\",\"Lyon\",\"Politique\"],\"inLanguage\":\"fr-FR\",\"potentialAction\":[{\"@type\":\"CommentAction\",\"name\":\"Comment\",\"target\":[\"https:\/\/lyonbondyblog.fr\/LBB\/un-bras-de-fer-plus-que-serre\/#respond\"]}]},{\"@type\":\"WebPage\",\"@id\":\"https:\/\/lyonbondyblog.fr\/LBB\/un-bras-de-fer-plus-que-serre\/\",\"url\":\"https:\/\/lyonbondyblog.fr\/LBB\/un-bras-de-fer-plus-que-serre\/\",\"name\":\"Un bras de fer plus que serr\u00e9 ! - Lyon Bondy Blog\",\"isPartOf\":{\"@id\":\"https:\/\/lyonbondyblog.fr\/LBB\/#website\"},\"primaryImageOfPage\":{\"@id\":\"https:\/\/lyonbondyblog.fr\/LBB\/un-bras-de-fer-plus-que-serre\/#primaryimage\"},\"image\":{\"@id\":\"https:\/\/lyonbondyblog.fr\/LBB\/un-bras-de-fer-plus-que-serre\/#primaryimage\"},\"thumbnailUrl\":\"https:\/\/lyonbondyblog.fr\/LBB\/wp-content\/uploads\/2022\/06\/tanzilli-et-prandt.png\",\"datePublished\":\"2022-06-16T16:19:00+00:00\",\"dateModified\":\"2022-08-16T17:13:01+00:00\",\"description\":\"\u00c0 l\u2019issue du premier tour des \u00e9lections l\u00e9gislatives dans la 13e circonscription, Sarah Tanzilli (ENS) et Victor Prandt (NUPES)...\",\"inLanguage\":\"fr-FR\",\"potentialAction\":[{\"@type\":\"ReadAction\",\"target\":[\"https:\/\/lyonbondyblog.fr\/LBB\/un-bras-de-fer-plus-que-serre\/\"]}]},{\"@type\":\"ImageObject\",\"inLanguage\":\"fr-FR\",\"@id\":\"https:\/\/lyonbondyblog.fr\/LBB\/un-bras-de-fer-plus-que-serre\/#primaryimage\",\"url\":\"https:\/\/lyonbondyblog.fr\/LBB\/wp-content\/uploads\/2022\/06\/tanzilli-et-prandt.png\",\"contentUrl\":\"https:\/\/lyonbondyblog.fr\/LBB\/wp-content\/uploads\/2022\/06\/tanzilli-et-prandt.png\",\"width\":945,\"height\":756},{\"@type\":\"WebSite\",\"@id\":\"https:\/\/lyonbondyblog.fr\/LBB\/#website\",\"url\":\"https:\/\/lyonbondyblog.fr\/LBB\/\",\"name\":\"Lyon Bondy Blog\",\"description\":\"\",\"publisher\":{\"@id\":\"https:\/\/lyonbondyblog.fr\/LBB\/#organization\"},\"potentialAction\":[{\"@type\":\"SearchAction\",\"target\":{\"@type\":\"EntryPoint\",\"urlTemplate\":\"https:\/\/lyonbondyblog.fr\/LBB\/?s={search_term_string}\"},\"query-input\":\"required name=search_term_string\"}],\"inLanguage\":\"fr-FR\"},{\"@type\":\"Organization\",\"@id\":\"https:\/\/lyonbondyblog.fr\/LBB\/#organization\",\"name\":\"LYON BONDY BLOG\",\"url\":\"https:\/\/lyonbondyblog.fr\/LBB\/\",\"logo\":{\"@type\":\"ImageObject\",\"inLanguage\":\"fr-FR\",\"@id\":\"https:\/\/lyonbondyblog.fr\/LBB\/#\/schema\/logo\/image\/\",\"url\":\"http:\/\/lyonbondyblog.fr\/LBB\/wp-content\/uploads\/2014\/10\/logo-portable-144.png\",\"contentUrl\":\"http:\/\/lyonbondyblog.fr\/LBB\/wp-content\/uploads\/2014\/10\/logo-portable-144.png\",\"width\":144,\"height\":123,\"caption\":\"LYON BONDY BLOG\"},\"image\":{\"@id\":\"https:\/\/lyonbondyblog.fr\/LBB\/#\/schema\/logo\/image\/\"},\"sameAs\":[\"https:\/\/www.facebook.com\/lyonbondyblog\",\"https:\/\/x.com\/bondybloglyon\"]},{\"@type\":\"Person\",\"@id\":\"https:\/\/lyonbondyblog.fr\/LBB\/#\/schema\/person\/e45f8d27baac75072daa0be50c409b25\",\"name\":\"La r\u00e9daction\",\"description\":\"Cr\u00e9e en 2008, la r\u00e9daction du Lyon Bondy Blog s'applique \u00e0 proposer une information locale diff\u00e9rente et compl\u00e9mentaire des m\u00e9dias traditionnels.\",\"sameAs\":[\"https:\/\/www.facebook.com\/lyonbondyblog\",\"https:\/\/x.com\/BondyBlogLyon\"],\"url\":\"https:\/\/lyonbondyblog.fr\/LBB\/author\/admin\/\"}]}<\/script>\n<!-- \/ Yoast SEO plugin. -->","yoast_head_json":{"title":"Un bras de fer plus que serr\u00e9 ! - Lyon Bondy Blog","description":"\u00c0 l\u2019issue du premier tour des \u00e9lections l\u00e9gislatives dans la 13e circonscription, Sarah Tanzilli (ENS) et Victor Prandt (NUPES)...","robots":{"index":"index","follow":"follow","max-snippet":"max-snippet:-1","max-image-preview":"max-image-preview:large","max-video-preview":"max-video-preview:-1"},"canonical":"https:\/\/lyonbondyblog.fr\/LBB\/un-bras-de-fer-plus-que-serre\/","og_locale":"fr_FR","og_type":"article","og_title":"Un bras de fer plus que serr\u00e9 ! - Lyon Bondy Blog","og_description":"\u00c0 l\u2019issue du premier tour des \u00e9lections l\u00e9gislatives dans la 13e circonscription, Sarah Tanzilli (ENS) et Victor Prandt (NUPES)...","og_url":"https:\/\/lyonbondyblog.fr\/LBB\/un-bras-de-fer-plus-que-serre\/","og_site_name":"Lyon Bondy Blog","article_publisher":"https:\/\/www.facebook.com\/lyonbondyblog","article_author":"https:\/\/www.facebook.com\/lyonbondyblog","article_published_time":"2022-06-16T16:19:00+00:00","article_modified_time":"2022-08-16T17:13:01+00:00","og_image":[{"width":945,"height":756,"url":"https:\/\/lyonbondyblog.fr\/LBB\/wp-content\/uploads\/2022\/06\/tanzilli-et-prandt.png","type":"image\/png"}],"author":"La r\u00e9daction","twitter_card":"summary_large_image","twitter_creator":"@BondyBlogLyon","twitter_site":"@bondybloglyon","schema":{"@context":"https:\/\/schema.org","@graph":[{"@type":"Article","@id":"https:\/\/lyonbondyblog.fr\/LBB\/un-bras-de-fer-plus-que-serre\/#article","isPartOf":{"@id":"https:\/\/lyonbondyblog.fr\/LBB\/un-bras-de-fer-plus-que-serre\/"},"author":{"name":"La r\u00e9daction","@id":"https:\/\/lyonbondyblog.fr\/LBB\/#\/schema\/person\/e45f8d27baac75072daa0be50c409b25"},"headline":"Un bras de fer plus que serr\u00e9 !","datePublished":"2022-06-16T16:19:00+00:00","dateModified":"2022-08-16T17:13:01+00:00","mainEntityOfPage":{"@id":"https:\/\/lyonbondyblog.fr\/LBB\/un-bras-de-fer-plus-que-serre\/"},"wordCount":1336,"commentCount":0,"publisher":{"@id":"https:\/\/lyonbondyblog.fr\/LBB\/#organization"},"image":{"@id":"https:\/\/lyonbondyblog.fr\/LBB\/un-bras-de-fer-plus-que-serre\/#primaryimage"},"thumbnailUrl":"https:\/\/lyonbondyblog.fr\/LBB\/wp-content\/uploads\/2022\/06\/tanzilli-et-prandt.png","articleSection":["L\u00e9gislatives 2022","Lyon","Politique"],"inLanguage":"fr-FR","potentialAction":[{"@type":"CommentAction","name":"Comment","target":["https:\/\/lyonbondyblog.fr\/LBB\/un-bras-de-fer-plus-que-serre\/#respond"]}]},{"@type":"WebPage","@id":"https:\/\/lyonbondyblog.fr\/LBB\/un-bras-de-fer-plus-que-serre\/","url":"https:\/\/lyonbondyblog.fr\/LBB\/un-bras-de-fer-plus-que-serre\/","name":"Un bras de fer plus que serr\u00e9 ! - Lyon Bondy Blog","isPartOf":{"@id":"https:\/\/lyonbondyblog.fr\/LBB\/#website"},"primaryImageOfPage":{"@id":"https:\/\/lyonbondyblog.fr\/LBB\/un-bras-de-fer-plus-que-serre\/#primaryimage"},"image":{"@id":"https:\/\/lyonbondyblog.fr\/LBB\/un-bras-de-fer-plus-que-serre\/#primaryimage"},"thumbnailUrl":"https:\/\/lyonbondyblog.fr\/LBB\/wp-content\/uploads\/2022\/06\/tanzilli-et-prandt.png","datePublished":"2022-06-16T16:19:00+00:00","dateModified":"2022-08-16T17:13:01+00:00","description":"\u00c0 l\u2019issue du premier tour des \u00e9lections l\u00e9gislatives dans la 13e circonscription, Sarah Tanzilli (ENS) et Victor Prandt (NUPES)...","inLanguage":"fr-FR","potentialAction":[{"@type":"ReadAction","target":["https:\/\/lyonbondyblog.fr\/LBB\/un-bras-de-fer-plus-que-serre\/"]}]},{"@type":"ImageObject","inLanguage":"fr-FR","@id":"https:\/\/lyonbondyblog.fr\/LBB\/un-bras-de-fer-plus-que-serre\/#primaryimage","url":"https:\/\/lyonbondyblog.fr\/LBB\/wp-content\/uploads\/2022\/06\/tanzilli-et-prandt.png","contentUrl":"https:\/\/lyonbondyblog.fr\/LBB\/wp-content\/uploads\/2022\/06\/tanzilli-et-prandt.png","width":945,"height":756},{"@type":"WebSite","@id":"https:\/\/lyonbondyblog.fr\/LBB\/#website","url":"https:\/\/lyonbondyblog.fr\/LBB\/","name":"Lyon Bondy Blog","description":"","publisher":{"@id":"https:\/\/lyonbondyblog.fr\/LBB\/#organization"},"potentialAction":[{"@type":"SearchAction","target":{"@type":"EntryPoint","urlTemplate":"https:\/\/lyonbondyblog.fr\/LBB\/?s={search_term_string}"},"query-input":"required name=search_term_string"}],"inLanguage":"fr-FR"},{"@type":"Organization","@id":"https:\/\/lyonbondyblog.fr\/LBB\/#organization","name":"LYON BONDY BLOG","url":"https:\/\/lyonbondyblog.fr\/LBB\/","logo":{"@type":"ImageObject","inLanguage":"fr-FR","@id":"https:\/\/lyonbondyblog.fr\/LBB\/#\/schema\/logo\/image\/","url":"http:\/\/lyonbondyblog.fr\/LBB\/wp-content\/uploads\/2014\/10\/logo-portable-144.png","contentUrl":"http:\/\/lyonbondyblog.fr\/LBB\/wp-content\/uploads\/2014\/10\/logo-portable-144.png","width":144,"height":123,"caption":"LYON BONDY BLOG"},"image":{"@id":"https:\/\/lyonbondyblog.fr\/LBB\/#\/schema\/logo\/image\/"},"sameAs":["https:\/\/www.facebook.com\/lyonbondyblog","https:\/\/x.com\/bondybloglyon"]},{"@type":"Person","@id":"https:\/\/lyonbondyblog.fr\/LBB\/#\/schema\/person\/e45f8d27baac75072daa0be50c409b25","name":"La r\u00e9daction","description":"Cr\u00e9e en 2008, la r\u00e9daction du Lyon Bondy Blog s'applique \u00e0 proposer une information locale diff\u00e9rente et compl\u00e9mentaire des m\u00e9dias traditionnels.","sameAs":["https:\/\/www.facebook.com\/lyonbondyblog","https:\/\/x.com\/BondyBlogLyon"],"url":"https:\/\/lyonbondyblog.fr\/LBB\/author\/admin\/"}]}},"_links":{"self":[{"href":"https:\/\/lyonbondyblog.fr\/LBB\/wp-json\/wp\/v2\/posts\/29662","targetHints":{"allow":["GET"]}}],"collection":[{"href":"https:\/\/lyonbondyblog.fr\/LBB\/wp-json\/wp\/v2\/posts"}],"about":[{"href":"https:\/\/lyonbondyblog.fr\/LBB\/wp-json\/wp\/v2\/types\/post"}],"author":[{"embeddable":true,"href":"https:\/\/lyonbondyblog.fr\/LBB\/wp-json\/wp\/v2\/users\/1"}],"replies":[{"embeddable":true,"href":"https:\/\/lyonbondyblog.fr\/LBB\/wp-json\/wp\/v2\/comments?post=29662"}],"version-history":[{"count":4,"href":"https:\/\/lyonbondyblog.fr\/LBB\/wp-json\/wp\/v2\/posts\/29662\/revisions"}],"predecessor-version":[{"id":30585,"href":"https:\/\/lyonbondyblog.fr\/LBB\/wp-json\/wp\/v2\/posts\/29662\/revisions\/30585"}],"wp:featuredmedia":[{"embeddable":true,"href":"https:\/\/lyonbondyblog.fr\/LBB\/wp-json\/wp\/v2\/media\/29663"}],"wp:attachment":[{"href":"https:\/\/lyonbondyblog.fr\/LBB\/wp-json\/wp\/v2\/media?parent=29662"}],"wp:term":[{"taxonomy":"category","embeddable":true,"href":"https:\/\/lyonbondyblog.fr\/LBB\/wp-json\/wp\/v2\/categories?post=29662"},{"taxonomy":"post_tag","embeddable":true,"href":"https:\/\/lyonbondyblog.fr\/LBB\/wp-json\/wp\/v2\/tags?post=29662"}],"curies":[{"name":"wp","href":"https:\/\/api.w.org\/{rel}","templated":true}]}}