{"id":29631,"date":"2022-06-15T17:58:36","date_gmt":"2022-06-15T15:58:36","guid":{"rendered":"http:\/\/lyonbondyblog.fr\/LBB\/?p=29631"},"modified":"2022-07-04T16:10:37","modified_gmt":"2022-07-04T14:10:37","slug":"legislatives-3eme-circonscription-6-sarah-peillon-candidate-du-parti-ensemble","status":"publish","type":"post","link":"https:\/\/lyonbondyblog.fr\/LBB\/legislatives-3eme-circonscription-6-sarah-peillon-candidate-du-parti-ensemble\/","title":{"rendered":"L\u00e9gislatives, 3\u00e8me circonscription #6 : Sarah Peillon, candidate du parti Ensemble"},"content":{"rendered":"\n<p><strong>A l\u2019occasion de l\u2019entre deux tours retrouvez l\u2019interview de Sarah Peillon, candidat investit par le parti pr\u00e9sidentiel, dans la 3e circonscription du Rh\u00f4ne. Interview r\u00e9alis\u00e9e par Marine Farnole le 2 juin 2022.<\/strong><\/p>\n\n\n\n<p>Habitant et travaillant dans le 7\u00e8me arrondissement,&nbsp;<a href=\"https:\/\/twitter.com\/SarahPeillon?ref_src=twsrc%5Egoogle%7Ctwcamp%5Eserp%7Ctwgr%5Eauthor\">Sarah Peillon<\/a>&nbsp;a commenc\u00e9 ses premiers pas en politique notamment lors de ses \u00e9tudes \u00e0 Science Po Lyon dans le 7\u00e8me arrondissement, o\u00f9 elle a \u00e9t\u00e9 adjointe et suppl\u00e9ante du d\u00e9put\u00e9 actuel sortant. Pour elle, devenir candidate dans cette circonscription est une \u00e9vidence.<\/p>\n\n\n\n<p><strong>Comment allez-vous vous faire le relai des pr\u00e9occupations des habitants \u00e0 l\u2019Assembl\u00e9e nationale&nbsp;?<\/strong><\/p>\n\n\n\n<p>Tout d\u2019abord d\u00e9put\u00e9 ce n\u2019est pas un job mais c\u2019est une fonction \u00e0 pleins temps. Il faut \u00eatre \u00e0 Paris pour voter la loi, et il faut \u00eatre pr\u00e9sent, on voit souvent des salles de r\u00e9unions vides, \u00e7a ce n\u2019est plus possible. Mais il faut aussi si on veut repr\u00e9senter les Fran\u00e7ais, \u00eatre sur le terrain, les rencontrer r\u00e9guli\u00e8rement et pas que tous les 5 ans au moment des \u00e9lections.<\/p>\n\n\n\n<p>J\u2019ai pr\u00e9vu de mettre en place un conseil de circonscription, c\u2019est-\u00e0-dire des r\u00e9unions qui seront \u00e0 la fois en physique et en num\u00e9rique selon les besoins, les envies et les attentes des gens. Ce sera une structure qui appellera tout le monde, y compris les gens qui ne sont pas d\u2019accord avec moi, tous les habitants de la circonscription qui souhaitent participer \u00e0 mon travail parlementaire. Je consulterais le plus souvent possible les choix qui seront propos\u00e9s \u00e0 l\u2019assembl\u00e9e nationale. Je demanderais l\u2019avis de nos citoyens et puis je les informerais r\u00e9guli\u00e8rement de mon travail et j\u2019essayerais aussi de les voir r\u00e9guli\u00e8rement m\u00eame sans avoir d\u2019actualit\u00e9 particuli\u00e8re, juste pour voir comment eux ils sentent le terrain, quelles sont leurs pr\u00e9occupations, comment ils ressentent la vie politique fran\u00e7aise pour ensuite les jours de la semaine o\u00f9 je suis \u00e0 Paris pouvoir \u00eatre vraiment la repr\u00e9sentante des habitants de la circonscription.<\/p>\n\n\n\n<h2 class=\"wp-block-heading\"><strong>Comment mobilisez-vous la population et les jeunes \u00e0 voter&nbsp;?<\/strong><\/h2>\n\n\n\n<p>Tout d\u2019abord j\u2019essaye de ne pas cat\u00e9goriser les gens, j\u2019essaye d\u2019avoir un programme bien s\u00fbr avec des mesures qui font que certaines personnes se sentent plus concern\u00e9es que d\u2019autres en fonction des propositions. Mais sans avoir un syst\u00e8me client\u00e9liste en disant je vais faire \u00e7a pour les jeunes, \u00e7a pour les personnes les plus \u00e2g\u00e9es et finalement de les ranger dans des tranches d\u2019\u00e2ge. Donc on va dans les quartiers et on frappe \u00e0 toutes les portes, en revanche je sais que les jeunes ont des probl\u00e9matiques qui sont parfois diff\u00e9rentes.<\/p>\n\n\n\n<p>Si on veut avoir un avis repr\u00e9sentatif des gens, il faut voir tout le monde \u00e9videmment. Apr\u00e8s on est dans une ville qui est jeune, donc en voyant tout le monde je vois \u00e9norm\u00e9ment de jeunes. Mais je ne vais pas voir les jeunes parce qu\u2019ils votent pas, mais parfois je prend plus de temps pour \u00e9changer avec eux.<\/p>\n\n\n\n<h2 class=\"wp-block-heading\"><strong>Quelles sont les trois premi\u00e8res lois que vous aimeriez porter\/soutenir \u00e0 l\u2019Assembl\u00e9e ?<\/strong><\/h2>\n\n\n\n<p>La premi\u00e8re, c\u2019est une loi d\u00e9j\u00e0 pr\u00e9vue, c\u2019est la loi sur&nbsp;<a href=\"https:\/\/www.linternaute.com\/argent\/guide-de-vos-finances\/2631063-loi-pouvoir-d-achat-les-6-mesures-phares-que-prepare-le-gouvernement\/\">le pouvoir d\u2019achat<\/a>&nbsp;qui est annonc\u00e9e pour cet \u00e9t\u00e9, moi j\u2019aimerais vraiment travailler l\u00e0-dessus et l\u2019approfondir.<\/p>\n\n\n\n<p>La deuxi\u00e8me loi, c\u2019est le droit \u00e0 mourir dans la dignit\u00e9. Aujourd\u2019hui en France on ne peut pas choisir de mourir, il y a des gens qui ont les moyens d\u2019aller \u00e0 l\u2019\u00e9tranger, comme \u00e0 l\u2019\u00e9poque avec l\u2019avortement. Il y a aussi des gens qui connaissent le bon m\u00e9decin qui peuvent choisir de mettre fin \u00e0 leur vie avant de plus pouvoir parler du tout. On parle d\u2019aide m\u00e9dicale \u00e0 mourir et pas l\u2019euthanasie, l\u00e0 on demande \u00e0 mourir, on vous propose de vous aider et \u00e0 tout moment vous pouvez dire stop, jusqu\u2019au dernier moment, c\u2019est vous qui d\u00e9cidez.<\/p>\n\n\n\n<p>Et une troisi\u00e8me loi, c\u2019est pour le droit des femmes, je pense qu\u2019on a fait beaucoup de choses mais que ce n\u2019est pas fini et que finalement il y a des lois qui sont tr\u00e8s bien mais aujourd\u2019hui elles sont tr\u00e8s dures \u00e0 appliquer. On a am\u00e9lior\u00e9 la plaide au commissariat pour les violences conjugales mais pour aller au commissariat faut d\u00e9j\u00e0 oser y aller, on pourrait proposer le d\u00e9p\u00f4t de plainte en ligne, \u00e7a peut \u00eatre fait discr\u00e8tement sans que le conjoint le voit.<\/p>\n\n\n\n<h2 class=\"wp-block-heading\"><strong>Que pourrait-on faire pour aider les jeunes actuellement ?<\/strong><\/h2>\n\n\n\n<p>Aujourd\u2019hui quand on est au lyc\u00e9e on ne conna\u00eet pas tous les m\u00e9tiers qui existent, on conna\u00eet seulement les m\u00e9tiers connus ( m\u00e9decin, photographe\u2026), il y a des m\u00e9tiers qui cherchent des jeunes qui pourraient embaucher mais ils ne sont pas au courant de ces m\u00e9tiers-l\u00e0. Donc l\u2019id\u00e9e c\u2019est d\u2019avoir plus de liens entre l\u2019entreprise et l\u2019\u00e9cole d\u00e8s le coll\u00e8ge. Les gens des entreprises viennent pr\u00e9senter leur m\u00e9tier, et que les coll\u00e9giens puissent aller voir des jobs. Les lyc\u00e9es professionnels aujourd\u2019hui \u00e7a ne doit plus \u00eatre des voies de garage. Il faut revaloriser et en faire des voies d\u2019excellence. Le probl\u00e8me de l\u2019emploi doit se prendre d\u00e8s les questions de l\u2019orientation.<\/p>\n\n\n\n<h2 class=\"wp-block-heading\"><strong>Par rapport au logement, \u00e0 la formation, au travail, que proposez-vous ?<\/strong><\/h2>\n\n\n\n<p>On propose une caution publique, l\u2019\u00e9tat doit se porter garant pour n\u2019importe quel citoyen, notamment pour les jeunes qui cherchent un logement. C\u2019est-\u00e0-dire que le propri\u00e9taire o\u00f9 la r\u00e9gis est s\u00fbr que le loyer soit pay\u00e9. Et il faut aussi construire des logements particuli\u00e8rement sociaux et \u00e9tudiants, il n\u2019y en a pas assez, et comme il n\u2019y en a pas assez c\u2019est cher. Il y a plus de demande que d\u2019offre.<\/p>\n\n\n\n<h2 class=\"wp-block-heading\"><strong>\u00cates-vous favorable \u00e0 un RSA jeune et une r\u00e9mun\u00e9ration \u00e9tudiante ?<\/strong><\/h2>\n\n\n\n<p>Il ne faut pas faire un dispositif universel, mais cibler qui en a r\u00e9ellement besoin, les plus pr\u00e9caires, il faut apporter une aide \u00e0 ces jeunes-l\u00e0.<\/p>\n\n\n\n<h2 class=\"wp-block-heading\"><strong>Les \u00e9nergies fossiles sont vou\u00e9es \u00e0 devenir de plus en plus cher avec l\u2019augmentation de leur raret\u00e9, comment faut-il repenser notre consommation \u00e9nerg\u00e9tique ?<\/strong><\/h2>\n\n\n\n<p>On propose que la France soit la premi\u00e8re grande nation \u00e0 sortir compl\u00e8tement des \u00e9nergies fossiles, gaz p\u00e9trole charbon tous les hydrocarbures. En ouvrant plusieurs centrales nouvelles g\u00e9n\u00e9rations, mais aussi en multipliant par 10 notre puissance solaire, sur l\u2019\u00e9nergie solaire nous sommes tr\u00e8s en retard. Mais aussi les parcs \u00c9oliens aux larges des oc\u00e9ans car on dispose de toute la fa\u00e7ade atlantique, on est le pays d\u2019Europe disposant le plus de c\u00f4te avec des vents qu\u2019on n\u2019utilise pas. Et tout \u00e7a permettrait le mix \u00e9nerg\u00e9tique c\u2019est-\u00e0-dire du nucl\u00e9aire, des \u00e9nergies renouvelables.<\/p>\n\n\n\n<h2 class=\"wp-block-heading\"><strong>Comment fait-on pour am\u00e9liorer l\u2019image et l\u2019attractivit\u00e9 des quartiers populaires ?<\/strong><\/h2>\n\n\n\n<p>D\u00e9j\u00e0 comment est-ce qu\u2019on change la vie de ces habitants des quartiers&nbsp;? Il faut mettre en avant les mobilit\u00e9s de transport pour que ces quartiers soient plus accessibles et ainsi pouvoir se d\u00e9placer \u00e0 son travail beaucoup plus facilement. Le fait de mettre des transports permet que ces quartiers ne soient pas enclav\u00e9s, qu\u2019ils puissent avoir acc\u00e8s aux loisirs. Il faut notamment remettre des commerces pour l\u2019attractivit\u00e9, l\u2019\u00e9change, cela cr\u00e9er des liens sociaux. Il faut traiter ces quartiers comme tous les autres quartiers de la ville. Il faut faire confiance aux habitants du quartier et surtout le construire avec eux. \u00c0 partir du moment o\u00f9 on a r\u00e9nov\u00e9 l\u2019espace, qu\u2019on n\u2019a permis aux gens de ne pas \u00eatre bloqu\u00e9 dans leur quartier, qu\u2019on leur a permis de trouver du travail, qu\u2019ils ont acc\u00e8s \u00e0 des commerces de qualit\u00e9, naturellement l\u2019image change.<\/p>\n\n\n\n<h2 class=\"wp-block-heading\"><strong>Comment faire pour am\u00e9liorer la qualit\u00e9 de l\u2019air tout en surmontant les in\u00e9galit\u00e9s sociales ?<\/strong><\/h2>\n\n\n\n<p>On va agir pour le climat sans p\u00e9naliser les plus pauvres. Les premi\u00e8res victimes du r\u00e9chauffement climatique c\u2019est les plus pr\u00e9caires, qui ont les voitures les plus polluantes et qui peuvent pas s\u2019en acheter une autre\u2026 Il ne faut pas opposer les questions environnementales et sociales, les gens moins ais\u00e9s ne polluent pas pour le plaisir et font ce qu\u2019ils peuvent pour s\u2019en sortir, il faut qu\u2019ils soient aussi acteurs de ce travail pour la plan\u00e8te. Il faut donc accompagner sur le rachat de v\u00e9hicule particuli\u00e8rement pour ceux qui n\u2019ont pas les moyens. C\u2019est important que les politiques soient l\u00e0 pour les accompagner, \u00e7a peut \u00eatre sur la question des v\u00e9hicules mais aussi de la r\u00e9novation etc..<\/p>\n\n\n\n<p>Retrouvez nos article politique ici : <a href=\"https:\/\/lyonbondyblog.fr\/LBB\/category\/politique\/\">Politique Archives &#8211; (lyonbondyblog.fr)<\/a><\/p>\n\n\n\n<p class=\"has-text-align-right\">Marine Farnole<\/p>\n<!-- AddThis Advanced Settings generic via filter on the_content --><!-- AddThis Share Buttons generic via filter on the_content -->","protected":false},"excerpt":{"rendered":"<p>A l\u2019occasion de l\u2019entre deux tours retrouvez l\u2019interview de Sarah Peillon, candidat investit par le parti pr\u00e9sidentiel, dans la 3e circonscription du Rh\u00f4ne. Interview r\u00e9alis\u00e9e &hellip; <!-- AddThis Advanced Settings generic via filter on wp_trim_excerpt --><!-- AddThis Share Buttons generic via filter on wp_trim_excerpt --><\/p>\n","protected":false},"author":1,"featured_media":29354,"comment_status":"open","ping_status":"open","sticky":true,"template":"","format":"standard","meta":{"_FSMCFIC_featured_image_caption":"","_FSMCFIC_featured_image_nocaption":"","_FSMCFIC_featured_image_hide":"","footnotes":""},"categories":[4,6],"tags":[2950,343,6491,10,165],"class_list":["post-29631","post","type-post","status-publish","format-standard","has-post-thumbnail","hentry","category-lyon","category-politique","tag-ensemble","tag-legislatives","tag-lrem","tag-lyon-2","tag-politique-2"],"yoast_head":"<!-- This site is optimized with the Yoast SEO plugin v22.8 - https:\/\/yoast.com\/wordpress\/plugins\/seo\/ -->\n<title>L\u00e9gislatives, 3\u00e8me circonscription #6 : Sarah Peillon, candidate du parti Ensemble - Lyon Bondy Blog<\/title>\n<meta name=\"description\" content=\"A l\u2019occasion de l\u2019entre deux tours retrouvez l\u2019interview de Sarah Peillon, candidat investit par le parti pr\u00e9sidentiel, dans la 3e...\" \/>\n<meta name=\"robots\" content=\"index, follow, max-snippet:-1, max-image-preview:large, max-video-preview:-1\" \/>\n<link rel=\"canonical\" href=\"https:\/\/lyonbondyblog.fr\/LBB\/legislatives-3eme-circonscription-6-sarah-peillon-candidate-du-parti-ensemble\/\" \/>\n<meta property=\"og:locale\" content=\"fr_FR\" \/>\n<meta property=\"og:type\" content=\"article\" \/>\n<meta property=\"og:title\" content=\"L\u00e9gislatives, 3\u00e8me circonscription #6 : Sarah Peillon, candidate du parti Ensemble - Lyon Bondy Blog\" \/>\n<meta property=\"og:description\" content=\"A l\u2019occasion de l\u2019entre deux tours retrouvez l\u2019interview de Sarah Peillon, candidat investit par le parti pr\u00e9sidentiel, dans la 3e...\" \/>\n<meta property=\"og:url\" content=\"https:\/\/lyonbondyblog.fr\/LBB\/legislatives-3eme-circonscription-6-sarah-peillon-candidate-du-parti-ensemble\/\" \/>\n<meta property=\"og:site_name\" content=\"Lyon Bondy Blog\" \/>\n<meta property=\"article:publisher\" content=\"https:\/\/www.facebook.com\/lyonbondyblog\" \/>\n<meta property=\"article:author\" content=\"https:\/\/www.facebook.com\/lyonbondyblog\" \/>\n<meta property=\"article:published_time\" content=\"2022-06-15T15:58:36+00:00\" \/>\n<meta property=\"article:modified_time\" content=\"2022-07-04T14:10:37+00:00\" \/>\n<meta property=\"og:image\" content=\"https:\/\/lyonbondyblog.fr\/LBB\/wp-content\/uploads\/2022\/06\/sarahpeillon-scaled.jpeg\" \/>\n\t<meta property=\"og:image:width\" content=\"2560\" \/>\n\t<meta property=\"og:image:height\" content=\"1920\" \/>\n\t<meta property=\"og:image:type\" content=\"image\/jpeg\" \/>\n<meta name=\"author\" content=\"La r\u00e9daction\" \/>\n<meta name=\"twitter:card\" content=\"summary_large_image\" \/>\n<meta name=\"twitter:creator\" content=\"@BondyBlogLyon\" \/>\n<meta name=\"twitter:site\" content=\"@bondybloglyon\" \/>\n<script type=\"application\/ld+json\" class=\"yoast-schema-graph\">{\"@context\":\"https:\/\/schema.org\",\"@graph\":[{\"@type\":\"Article\",\"@id\":\"https:\/\/lyonbondyblog.fr\/LBB\/legislatives-3eme-circonscription-6-sarah-peillon-candidate-du-parti-ensemble\/#article\",\"isPartOf\":{\"@id\":\"https:\/\/lyonbondyblog.fr\/LBB\/legislatives-3eme-circonscription-6-sarah-peillon-candidate-du-parti-ensemble\/\"},\"author\":{\"name\":\"La r\u00e9daction\",\"@id\":\"https:\/\/lyonbondyblog.fr\/LBB\/#\/schema\/person\/e45f8d27baac75072daa0be50c409b25\"},\"headline\":\"L\u00e9gislatives, 3\u00e8me circonscription #6 : Sarah Peillon, candidate du parti Ensemble\",\"datePublished\":\"2022-06-15T15:58:36+00:00\",\"dateModified\":\"2022-07-04T14:10:37+00:00\",\"mainEntityOfPage\":{\"@id\":\"https:\/\/lyonbondyblog.fr\/LBB\/legislatives-3eme-circonscription-6-sarah-peillon-candidate-du-parti-ensemble\/\"},\"wordCount\":1535,\"commentCount\":0,\"publisher\":{\"@id\":\"https:\/\/lyonbondyblog.fr\/LBB\/#organization\"},\"image\":{\"@id\":\"https:\/\/lyonbondyblog.fr\/LBB\/legislatives-3eme-circonscription-6-sarah-peillon-candidate-du-parti-ensemble\/#primaryimage\"},\"thumbnailUrl\":\"https:\/\/lyonbondyblog.fr\/LBB\/wp-content\/uploads\/2022\/06\/sarahpeillon-scaled.jpeg\",\"keywords\":[\"Ensemble\",\"l\u00e9gislatives\",\"LREM\",\"lyon\",\"politique\"],\"articleSection\":[\"Lyon\",\"Politique\"],\"inLanguage\":\"fr-FR\",\"potentialAction\":[{\"@type\":\"CommentAction\",\"name\":\"Comment\",\"target\":[\"https:\/\/lyonbondyblog.fr\/LBB\/legislatives-3eme-circonscription-6-sarah-peillon-candidate-du-parti-ensemble\/#respond\"]}]},{\"@type\":\"WebPage\",\"@id\":\"https:\/\/lyonbondyblog.fr\/LBB\/legislatives-3eme-circonscription-6-sarah-peillon-candidate-du-parti-ensemble\/\",\"url\":\"https:\/\/lyonbondyblog.fr\/LBB\/legislatives-3eme-circonscription-6-sarah-peillon-candidate-du-parti-ensemble\/\",\"name\":\"L\u00e9gislatives, 3\u00e8me circonscription #6 : Sarah Peillon, candidate du parti Ensemble - Lyon Bondy Blog\",\"isPartOf\":{\"@id\":\"https:\/\/lyonbondyblog.fr\/LBB\/#website\"},\"primaryImageOfPage\":{\"@id\":\"https:\/\/lyonbondyblog.fr\/LBB\/legislatives-3eme-circonscription-6-sarah-peillon-candidate-du-parti-ensemble\/#primaryimage\"},\"image\":{\"@id\":\"https:\/\/lyonbondyblog.fr\/LBB\/legislatives-3eme-circonscription-6-sarah-peillon-candidate-du-parti-ensemble\/#primaryimage\"},\"thumbnailUrl\":\"https:\/\/lyonbondyblog.fr\/LBB\/wp-content\/uploads\/2022\/06\/sarahpeillon-scaled.jpeg\",\"datePublished\":\"2022-06-15T15:58:36+00:00\",\"dateModified\":\"2022-07-04T14:10:37+00:00\",\"description\":\"A l\u2019occasion de l\u2019entre deux tours retrouvez l\u2019interview de Sarah Peillon, candidat investit par le parti pr\u00e9sidentiel, dans la 3e...\",\"inLanguage\":\"fr-FR\",\"potentialAction\":[{\"@type\":\"ReadAction\",\"target\":[\"https:\/\/lyonbondyblog.fr\/LBB\/legislatives-3eme-circonscription-6-sarah-peillon-candidate-du-parti-ensemble\/\"]}]},{\"@type\":\"ImageObject\",\"inLanguage\":\"fr-FR\",\"@id\":\"https:\/\/lyonbondyblog.fr\/LBB\/legislatives-3eme-circonscription-6-sarah-peillon-candidate-du-parti-ensemble\/#primaryimage\",\"url\":\"https:\/\/lyonbondyblog.fr\/LBB\/wp-content\/uploads\/2022\/06\/sarahpeillon-scaled.jpeg\",\"contentUrl\":\"https:\/\/lyonbondyblog.fr\/LBB\/wp-content\/uploads\/2022\/06\/sarahpeillon-scaled.jpeg\",\"width\":2560,\"height\":1920},{\"@type\":\"WebSite\",\"@id\":\"https:\/\/lyonbondyblog.fr\/LBB\/#website\",\"url\":\"https:\/\/lyonbondyblog.fr\/LBB\/\",\"name\":\"Lyon Bondy Blog\",\"description\":\"\",\"publisher\":{\"@id\":\"https:\/\/lyonbondyblog.fr\/LBB\/#organization\"},\"potentialAction\":[{\"@type\":\"SearchAction\",\"target\":{\"@type\":\"EntryPoint\",\"urlTemplate\":\"https:\/\/lyonbondyblog.fr\/LBB\/?s={search_term_string}\"},\"query-input\":\"required name=search_term_string\"}],\"inLanguage\":\"fr-FR\"},{\"@type\":\"Organization\",\"@id\":\"https:\/\/lyonbondyblog.fr\/LBB\/#organization\",\"name\":\"LYON BONDY BLOG\",\"url\":\"https:\/\/lyonbondyblog.fr\/LBB\/\",\"logo\":{\"@type\":\"ImageObject\",\"inLanguage\":\"fr-FR\",\"@id\":\"https:\/\/lyonbondyblog.fr\/LBB\/#\/schema\/logo\/image\/\",\"url\":\"http:\/\/lyonbondyblog.fr\/LBB\/wp-content\/uploads\/2014\/10\/logo-portable-144.png\",\"contentUrl\":\"http:\/\/lyonbondyblog.fr\/LBB\/wp-content\/uploads\/2014\/10\/logo-portable-144.png\",\"width\":144,\"height\":123,\"caption\":\"LYON BONDY BLOG\"},\"image\":{\"@id\":\"https:\/\/lyonbondyblog.fr\/LBB\/#\/schema\/logo\/image\/\"},\"sameAs\":[\"https:\/\/www.facebook.com\/lyonbondyblog\",\"https:\/\/x.com\/bondybloglyon\"]},{\"@type\":\"Person\",\"@id\":\"https:\/\/lyonbondyblog.fr\/LBB\/#\/schema\/person\/e45f8d27baac75072daa0be50c409b25\",\"name\":\"La r\u00e9daction\",\"description\":\"Cr\u00e9e en 2008, la r\u00e9daction du Lyon Bondy Blog s'applique \u00e0 proposer une information locale diff\u00e9rente et compl\u00e9mentaire des m\u00e9dias traditionnels.\",\"sameAs\":[\"https:\/\/www.facebook.com\/lyonbondyblog\",\"https:\/\/x.com\/BondyBlogLyon\"],\"url\":\"https:\/\/lyonbondyblog.fr\/LBB\/author\/admin\/\"}]}<\/script>\n<!-- \/ Yoast SEO plugin. -->","yoast_head_json":{"title":"L\u00e9gislatives, 3\u00e8me circonscription #6 : Sarah Peillon, candidate du parti Ensemble - Lyon Bondy Blog","description":"A l\u2019occasion de l\u2019entre deux tours retrouvez l\u2019interview de Sarah Peillon, candidat investit par le parti pr\u00e9sidentiel, dans la 3e...","robots":{"index":"index","follow":"follow","max-snippet":"max-snippet:-1","max-image-preview":"max-image-preview:large","max-video-preview":"max-video-preview:-1"},"canonical":"https:\/\/lyonbondyblog.fr\/LBB\/legislatives-3eme-circonscription-6-sarah-peillon-candidate-du-parti-ensemble\/","og_locale":"fr_FR","og_type":"article","og_title":"L\u00e9gislatives, 3\u00e8me circonscription #6 : Sarah Peillon, candidate du parti Ensemble - Lyon Bondy Blog","og_description":"A l\u2019occasion de l\u2019entre deux tours retrouvez l\u2019interview de Sarah Peillon, candidat investit par le parti pr\u00e9sidentiel, dans la 3e...","og_url":"https:\/\/lyonbondyblog.fr\/LBB\/legislatives-3eme-circonscription-6-sarah-peillon-candidate-du-parti-ensemble\/","og_site_name":"Lyon Bondy Blog","article_publisher":"https:\/\/www.facebook.com\/lyonbondyblog","article_author":"https:\/\/www.facebook.com\/lyonbondyblog","article_published_time":"2022-06-15T15:58:36+00:00","article_modified_time":"2022-07-04T14:10:37+00:00","og_image":[{"width":2560,"height":1920,"url":"https:\/\/lyonbondyblog.fr\/LBB\/wp-content\/uploads\/2022\/06\/sarahpeillon-scaled.jpeg","type":"image\/jpeg"}],"author":"La r\u00e9daction","twitter_card":"summary_large_image","twitter_creator":"@BondyBlogLyon","twitter_site":"@bondybloglyon","schema":{"@context":"https:\/\/schema.org","@graph":[{"@type":"Article","@id":"https:\/\/lyonbondyblog.fr\/LBB\/legislatives-3eme-circonscription-6-sarah-peillon-candidate-du-parti-ensemble\/#article","isPartOf":{"@id":"https:\/\/lyonbondyblog.fr\/LBB\/legislatives-3eme-circonscription-6-sarah-peillon-candidate-du-parti-ensemble\/"},"author":{"name":"La r\u00e9daction","@id":"https:\/\/lyonbondyblog.fr\/LBB\/#\/schema\/person\/e45f8d27baac75072daa0be50c409b25"},"headline":"L\u00e9gislatives, 3\u00e8me circonscription #6 : Sarah Peillon, candidate du parti Ensemble","datePublished":"2022-06-15T15:58:36+00:00","dateModified":"2022-07-04T14:10:37+00:00","mainEntityOfPage":{"@id":"https:\/\/lyonbondyblog.fr\/LBB\/legislatives-3eme-circonscription-6-sarah-peillon-candidate-du-parti-ensemble\/"},"wordCount":1535,"commentCount":0,"publisher":{"@id":"https:\/\/lyonbondyblog.fr\/LBB\/#organization"},"image":{"@id":"https:\/\/lyonbondyblog.fr\/LBB\/legislatives-3eme-circonscription-6-sarah-peillon-candidate-du-parti-ensemble\/#primaryimage"},"thumbnailUrl":"https:\/\/lyonbondyblog.fr\/LBB\/wp-content\/uploads\/2022\/06\/sarahpeillon-scaled.jpeg","keywords":["Ensemble","l\u00e9gislatives","LREM","lyon","politique"],"articleSection":["Lyon","Politique"],"inLanguage":"fr-FR","potentialAction":[{"@type":"CommentAction","name":"Comment","target":["https:\/\/lyonbondyblog.fr\/LBB\/legislatives-3eme-circonscription-6-sarah-peillon-candidate-du-parti-ensemble\/#respond"]}]},{"@type":"WebPage","@id":"https:\/\/lyonbondyblog.fr\/LBB\/legislatives-3eme-circonscription-6-sarah-peillon-candidate-du-parti-ensemble\/","url":"https:\/\/lyonbondyblog.fr\/LBB\/legislatives-3eme-circonscription-6-sarah-peillon-candidate-du-parti-ensemble\/","name":"L\u00e9gislatives, 3\u00e8me circonscription #6 : Sarah Peillon, candidate du parti Ensemble - Lyon Bondy Blog","isPartOf":{"@id":"https:\/\/lyonbondyblog.fr\/LBB\/#website"},"primaryImageOfPage":{"@id":"https:\/\/lyonbondyblog.fr\/LBB\/legislatives-3eme-circonscription-6-sarah-peillon-candidate-du-parti-ensemble\/#primaryimage"},"image":{"@id":"https:\/\/lyonbondyblog.fr\/LBB\/legislatives-3eme-circonscription-6-sarah-peillon-candidate-du-parti-ensemble\/#primaryimage"},"thumbnailUrl":"https:\/\/lyonbondyblog.fr\/LBB\/wp-content\/uploads\/2022\/06\/sarahpeillon-scaled.jpeg","datePublished":"2022-06-15T15:58:36+00:00","dateModified":"2022-07-04T14:10:37+00:00","description":"A l\u2019occasion de l\u2019entre deux tours retrouvez l\u2019interview de Sarah Peillon, candidat investit par le parti pr\u00e9sidentiel, dans la 3e...","inLanguage":"fr-FR","potentialAction":[{"@type":"ReadAction","target":["https:\/\/lyonbondyblog.fr\/LBB\/legislatives-3eme-circonscription-6-sarah-peillon-candidate-du-parti-ensemble\/"]}]},{"@type":"ImageObject","inLanguage":"fr-FR","@id":"https:\/\/lyonbondyblog.fr\/LBB\/legislatives-3eme-circonscription-6-sarah-peillon-candidate-du-parti-ensemble\/#primaryimage","url":"https:\/\/lyonbondyblog.fr\/LBB\/wp-content\/uploads\/2022\/06\/sarahpeillon-scaled.jpeg","contentUrl":"https:\/\/lyonbondyblog.fr\/LBB\/wp-content\/uploads\/2022\/06\/sarahpeillon-scaled.jpeg","width":2560,"height":1920},{"@type":"WebSite","@id":"https:\/\/lyonbondyblog.fr\/LBB\/#website","url":"https:\/\/lyonbondyblog.fr\/LBB\/","name":"Lyon Bondy Blog","description":"","publisher":{"@id":"https:\/\/lyonbondyblog.fr\/LBB\/#organization"},"potentialAction":[{"@type":"SearchAction","target":{"@type":"EntryPoint","urlTemplate":"https:\/\/lyonbondyblog.fr\/LBB\/?s={search_term_string}"},"query-input":"required name=search_term_string"}],"inLanguage":"fr-FR"},{"@type":"Organization","@id":"https:\/\/lyonbondyblog.fr\/LBB\/#organization","name":"LYON BONDY BLOG","url":"https:\/\/lyonbondyblog.fr\/LBB\/","logo":{"@type":"ImageObject","inLanguage":"fr-FR","@id":"https:\/\/lyonbondyblog.fr\/LBB\/#\/schema\/logo\/image\/","url":"http:\/\/lyonbondyblog.fr\/LBB\/wp-content\/uploads\/2014\/10\/logo-portable-144.png","contentUrl":"http:\/\/lyonbondyblog.fr\/LBB\/wp-content\/uploads\/2014\/10\/logo-portable-144.png","width":144,"height":123,"caption":"LYON BONDY BLOG"},"image":{"@id":"https:\/\/lyonbondyblog.fr\/LBB\/#\/schema\/logo\/image\/"},"sameAs":["https:\/\/www.facebook.com\/lyonbondyblog","https:\/\/x.com\/bondybloglyon"]},{"@type":"Person","@id":"https:\/\/lyonbondyblog.fr\/LBB\/#\/schema\/person\/e45f8d27baac75072daa0be50c409b25","name":"La r\u00e9daction","description":"Cr\u00e9e en 2008, la r\u00e9daction du Lyon Bondy Blog s'applique \u00e0 proposer une information locale diff\u00e9rente et compl\u00e9mentaire des m\u00e9dias traditionnels.","sameAs":["https:\/\/www.facebook.com\/lyonbondyblog","https:\/\/x.com\/BondyBlogLyon"],"url":"https:\/\/lyonbondyblog.fr\/LBB\/author\/admin\/"}]}},"_links":{"self":[{"href":"https:\/\/lyonbondyblog.fr\/LBB\/wp-json\/wp\/v2\/posts\/29631","targetHints":{"allow":["GET"]}}],"collection":[{"href":"https:\/\/lyonbondyblog.fr\/LBB\/wp-json\/wp\/v2\/posts"}],"about":[{"href":"https:\/\/lyonbondyblog.fr\/LBB\/wp-json\/wp\/v2\/types\/post"}],"author":[{"embeddable":true,"href":"https:\/\/lyonbondyblog.fr\/LBB\/wp-json\/wp\/v2\/users\/1"}],"replies":[{"embeddable":true,"href":"https:\/\/lyonbondyblog.fr\/LBB\/wp-json\/wp\/v2\/comments?post=29631"}],"version-history":[{"count":2,"href":"https:\/\/lyonbondyblog.fr\/LBB\/wp-json\/wp\/v2\/posts\/29631\/revisions"}],"predecessor-version":[{"id":29848,"href":"https:\/\/lyonbondyblog.fr\/LBB\/wp-json\/wp\/v2\/posts\/29631\/revisions\/29848"}],"wp:featuredmedia":[{"embeddable":true,"href":"https:\/\/lyonbondyblog.fr\/LBB\/wp-json\/wp\/v2\/media\/29354"}],"wp:attachment":[{"href":"https:\/\/lyonbondyblog.fr\/LBB\/wp-json\/wp\/v2\/media?parent=29631"}],"wp:term":[{"taxonomy":"category","embeddable":true,"href":"https:\/\/lyonbondyblog.fr\/LBB\/wp-json\/wp\/v2\/categories?post=29631"},{"taxonomy":"post_tag","embeddable":true,"href":"https:\/\/lyonbondyblog.fr\/LBB\/wp-json\/wp\/v2\/tags?post=29631"}],"curies":[{"name":"wp","href":"https:\/\/api.w.org\/{rel}","templated":true}]}}