{"id":29621,"date":"2022-06-14T18:00:32","date_gmt":"2022-06-14T16:00:32","guid":{"rendered":"http:\/\/lyonbondyblog.fr\/LBB\/?p=29621"},"modified":"2022-06-14T18:00:34","modified_gmt":"2022-06-14T16:00:34","slug":"legislatives-14eme-circonscription-4-yves-blein-candidat-de-la-majorite-presidentielle-2","status":"publish","type":"post","link":"https:\/\/lyonbondyblog.fr\/LBB\/legislatives-14eme-circonscription-4-yves-blein-candidat-de-la-majorite-presidentielle-2\/","title":{"rendered":"L\u00e9gislatives, 14\u00e8me circonscription #4 : Yves Blein, candidat de la majorit\u00e9 pr\u00e9sidentielle"},"content":{"rendered":"\n<h2 class=\"wp-block-heading\">A l&rsquo;occasion de l&rsquo;entre deux tours retrouvez l&rsquo;interview de Yves Blein, candidat de la majorit\u00e9 pr\u00e9sidentielle, dans la 14eme circonscription. Interview r\u00e9alis\u00e9e par Aurore Ployer le 10 juin 2022<\/h2>\n\n\n\n<p><a href=\"https:\/\/twitter.com\/yves_blein\">Yves Blein<\/a>, d\u00e9put\u00e9 de la 14<sup>\u00e8me<\/sup> circonscription depuis 2012, est un candidat exp\u00e9riment\u00e9 en politique. Il a accumul\u00e9 plusieurs mandats locaux sous la banni\u00e8re du Parti Socialiste (PS), comme celui de maire de Feyzin pendant 17 ans (de 2000 \u00e0 2017), et celui de vice-pr\u00e9sident du Grand Lyon aux c\u00f4t\u00e9s de G\u00e9rard Collomb de 2005 de 2012. Il a rejoint La R\u00e9publique En Marche en 2017, dont le parti a \u00e9t\u00e9 renomm\u00e9 r\u00e9cemment Renaissance et se repr\u00e9sente aujourd\u2019hui pour la majorit\u00e9 pr\u00e9sidentielle. Sa circonscription, qui regroupe V\u00e9nissieux, Saint-Fons, Feyzin, Corbas, Solaize et Saint-Priest Ouest est la plus pauvre du d\u00e9partement. <a href=\"https:\/\/www.rue89lyon.fr\/2022\/05\/16\/legislatives-2022-portrait-14e-circonscription-rhone\/\">Un quart de ses habitants vivent sous le seuil de pauvret\u00e9<\/a>.<\/p>\n\n\n\n<p>L\u2019ancien maire de Feyzin souhaite qu\u2019on le pr\u00e9sente comme un \u00ab&nbsp;<em>d\u00e9put\u00e9 actif et passionn\u00e9 par l\u2019\u00e9conomie&nbsp;\u00bb, <\/em>parce qu\u2019elleestd\u2019apr\u00e8s lui<em> \u00ab&nbsp;la source de l\u2019emploi, quelque chose d\u2019essentiel dans la vie<\/em>&nbsp;\u00bb. Il insiste sur sa \u00ab&nbsp;<em>passion&nbsp;<\/em>\u00bb pour&nbsp;le mod\u00e8le de <a href=\"https:\/\/www.economie.gouv.fr\/cedef\/economie-sociale-et-solidaire\">l\u2019\u00c9conomie Sociale et Solidaire&nbsp;(ESS)<\/a>. &nbsp;Il s\u2019agit d\u2019un ensemble d\u2019entreprises qui se pr\u00e9occupent en premier lieu de leur impact social ou \u00e9cologique (associations, fondations, mutuelles, coop\u00e9ratives, entreprises sociales), dont on ne soulignerait pas assez les m\u00e9rites : \u00ab&nbsp;<em>l\u2019ESS emploie 2 millions de personnes en France dans toute une s\u00e9rie d\u2019activit\u00e9s, comme la sant\u00e9, la solidarit\u00e9, l\u2019\u00e9ducation, dans un but non lucratif. C\u2019est une alternative <\/em>\u00bb.<\/p>\n\n\n\n<h2 class=\"wp-block-heading\"><strong>Vous parlez d\u2019\u00e9conomie sociale mais l\u2019opposition d\u00e9nonce aujourd\u2019hui une mauvaise r\u00e9partition des richesses et l\u2019augmentation des in\u00e9galit\u00e9s au profit du grand capital. Que r\u00e9pondez-vous&nbsp;?<\/strong><\/h2>\n\n\n\n<p>Jean-Luc M\u00e9lenchon n\u2019a pas un mot sur l\u2019\u00c9conomie Sociale et Solidaire (ESS). Pour lui, une meilleure r\u00e9partition des richesses signifie tout piquer&nbsp;aux actionnaires et redistribuer. C\u2019est la meilleure fa\u00e7on de faire fuir les gens. Il n\u2019y a pas que le CAC 40&nbsp;: 2 millions d\u2019entrepreneurs vont arr\u00eater d\u2019employer s\u2019il applique son programme.&nbsp; Ce sera un retour au ch\u00f4mage de masse. Je propose de booster le mod\u00e8le de l\u2019ESS en continuant d\u2019all\u00e9ger la fiscalit\u00e9 des entreprises concern\u00e9es, afin qu\u2019elles puissent b\u00e9n\u00e9ficier des m\u00eames aides que les entreprises classiques. Le <a href=\"https:\/\/www.associations.gouv.fr\/le-credit-d-impot-de-taxe-sur-les-salaires-cits-au-benefice-des-associations.html\">Cr\u00e9dit d\u2019Imp\u00f4t de Taxe sur les Salaires (CITS)<\/a>, institu\u00e9 en 2017 et qui s\u2019inscrit en parall\u00e8le du <a href=\"https:\/\/entreprendre.service-public.fr\/vosdroits\/F31326\">Cr\u00e9dit d\u2019Imp\u00f4t pour la Comp\u00e9titivit\u00e9 et l\u2019Emploi (CICE)<\/a> est un exemple de dispositif qui permet un parall\u00e9lisme entre la fiscalit\u00e9 des entreprises classiques et des entreprises de l\u2019ESS. Une association qui g\u00e8re un EHPAD devrait avoir les m\u00eames all\u00e9gements de charges qu\u2019Orpea. Je travaillerai activement sur la question des salari\u00e9s de l\u2019ESS qui, m\u00eame s\u2019ils profitent de conventions collectives, doivent \u00eatre mieux pris en compte.<\/p>\n\n\n\n<h2 class=\"wp-block-heading\"><strong>La France comptait 1,5 millions de <\/strong><a href=\"https:\/\/www.insee.fr\/fr\/statistiques\/5346969\"><strong>NEETs<\/strong><\/a><strong> (jeunes ni en emploi, ni en \u00e9tude, ni en formation) en 2019. <\/strong><a href=\"https:\/\/www.rue89lyon.fr\/2022\/05\/16\/legislatives-2022-portrait-14e-circonscription-rhone\/\"><strong>27,5% des moins de 30 ans<\/strong><\/a><strong> sont consid\u00e9r\u00e9s comme pauvres dans votre circonscription. Que proposez-vous pour mieux ins\u00e9rer les jeunes sur le march\u00e9 du travail&nbsp;?<\/strong><\/h2>\n\n\n\n<p>Les r\u00e9ponses \u00e0 apporter \u00e0 ces publics-l\u00e0 ne sont pas uniformes. D\u2019abord, nous avons propos\u00e9 le <a href=\"https:\/\/travail-emploi.gouv.fr\/emploi-et-insertion\/mesures-jeunes\/contrat-engagement-jeune\/\">contrat engagement jeune<\/a> en mars 2021, un dispositif central. &nbsp;D\u00e8s l\u2019\u00e2ge de 16 ans, un jeune peut avoir des rendez-vous r\u00e9guliers avec un conseiller emploi pendant 18 mois. Il est indemnis\u00e9 \u00e0 la hauteur de 500 ou 600 euros par mois, ce qui lui permet d\u2019acc\u00e9der \u00e0 un premier revenu d\u2019autonomie. Le suivi personnalis\u00e9 permet de faire un stage en entreprise, de se r\u00e9inscrire en formation, d\u2019\u00eatre en recherche d\u2019emploi. C\u2019est une forme de contrat entre lui et la nation, il y a une contrepartie \u00e0 l\u2019aide qui est vers\u00e9e. D\u2019autres plans sont d\u00e9di\u00e9s comme le <a href=\"https:\/\/travail-emploi.gouv.fr\/le-ministere-en-action\/relance-activite\/plan-1jeune-1solution\/1-jeune-1-solution-mesures-jeunes\/promo-16-18-route-des-possibles?TSPD_101_R0=087dc22938ab20001468d58fb218e084e91336e5576e07f2d3a310a83a445df51ad1553fd9f76a1d082681b7a31430009c4e48cc5663010eff1dcb49a3b0ec78912971d0ecf645255ff134baa9786a854b540f618057252a9e6d290b5c1d981a\">plan 16-18<\/a>, confi\u00e9 \u00e0 <a href=\"https:\/\/www.afpa.fr\/\">l\u2019Association pour la Formation Professionnelle des Adultes<\/a> (AFPA). Elle permet d\u2019offrir des circuits d\u2019insertion professionnelle dans les m\u00e9tiers en tension comme la restauration et le tourisme. Il y a \u00e9galement le <a href=\"https:\/\/www.service-civique.gouv.fr\/\">service civique<\/a>, dont le pr\u00e9sident avait d\u00e9cid\u00e9 de doubler le nombre de missions. Il existe divers canaux qui permettent aux jeunes de retrouver une activit\u00e9 professionnelle.<\/p>\n\n\n\n<h2 class=\"wp-block-heading\"><strong>Pensez-vous que cette approche qui s\u2019int\u00e9resse \u00e0 l\u2019employabilit\u00e9 des jeunes est compatible avec le versement d\u2019une aide pour \u00e9viter \u00e0 certains de tomber dans la grande pr\u00e9carit\u00e9, sur le mod\u00e8le&nbsp;du <\/strong><a href=\"https:\/\/www.lyonmag.com\/article\/123165\/lyon-un-bilan-positif-pour-le-revenu-solidarite-jeunes-apres-un-an\"><strong>Revenu Solidarit\u00e9 Jeune<\/strong><\/a><strong> mis en place par la M\u00e9tropole ?<\/strong><\/h2>\n\n\n\n<p>Je regarde avec beaucoup d\u2019attention l\u2019initiative de la m\u00e9tropole, je ne la trouve pas inint\u00e9ressante. Je suis prudent sur le terme d\u2019assistance. Assister une personne en grande difficult\u00e9, qui a du mal \u00e0 retrouver le chemin de l\u2019insertion professionnelle, c\u2019est tout \u00e0 fait normal, mais l\u2019assistance pour les jeunes doit se construire sur la base d\u2019un contrat qui leur permet de progresser. Je ne suis pas d\u2019accord avec un revenu d\u2019existence sans contrepartie. Quand on a une vingtaine d\u2019ann\u00e9es, il faut qu\u2019on ait le souci de construire son avenir, ils peuvent b\u00e9n\u00e9ficier de la solidarit\u00e9 nationale mais c\u2019est donnant \u2013 donnant.<\/p>\n\n\n\n<h2 class=\"wp-block-heading\"><strong>Soutenez-vous le <\/strong><a href=\"https:\/\/www.lemonde.fr\/election-presidentielle-2022\/article\/2022\/03\/23\/conditionner-le-rsa-a-une-activite-la-proposition-du-president-candidat-macron-provoque-la-polemique_6118683_6059010.html\"><strong>conditionnement du RSA<\/strong><\/a><strong> \u00e0 15h ou 20h d\u2019activit\u00e9 par semaine, sur le mod\u00e8le du contrat engagement jeune, comme cela a \u00e9t\u00e9 \u00e9voqu\u00e9 par Emmanuel Macron&nbsp;?<\/strong><\/h2>\n\n\n\n<p>C\u2019est d\u00e9j\u00e0 le cas&nbsp;! Je suis stup\u00e9fait de la pol\u00e9mique. Michel Rocard, en cr\u00e9ant le Revenu Minimum d\u2019Insertion (RMI), avait d\u00e9j\u00e0 pour principe un contrat par lequel l\u2019allocataire s\u2019engageait \u00e0 suivre une formation et faire les d\u00e9marches n\u00e9cessaires. Malheureusement, les d\u00e9partements se sont plus concentr\u00e9s sur la distribution de l\u2019aide plut\u00f4t que sur l\u2019insertion. Il s\u2019agit d\u2019\u00eatre fid\u00e8le \u00e0 l\u2019esprit de l\u2019aide.<\/p>\n\n\n\n<h2 class=\"wp-block-heading\"><strong>A ce propos, Martin Hirsch, qui \u00e9tait \u00e0 l\u2019initiative du RSA en 2009, a \u00e9crit une <\/strong><a href=\"https:\/\/www.lemonde.fr\/idees\/article\/2022\/03\/31\/martin-hirsch-l-obligation-d-activite-pour-les-allocataires-du-rsa-pose-plus-de-problemes-qu-elle-n-en-resout_6119869_3232.html\"><strong>tribune dans Le Monde<\/strong><\/a><strong> soulevant les probl\u00e8mes concernant l\u2019obligation d\u2019activit\u00e9 pour les b\u00e9n\u00e9ficiaires du RSA. Selon lui, les pouvoirs publics doivent d\u2019abord am\u00e9liorer leur accompagnement vers l\u2019emploi, puisqu\u2019il faut aujourd\u2019hui 6 mois pour d\u00e9crocher un premier entretien avec le conseiller r\u00e9f\u00e9rent. Que r\u00e9pondez-vous&nbsp;?<\/strong><\/h2>\n\n\n\n<p>Le pr\u00e9sident de la R\u00e9publique veut agir sur la dispersion des moyens qui sont destin\u00e9s \u00e0 accompagner les demandeurs d\u2019emploi. L\u2019id\u00e9e serait de cr\u00e9er un grand service qui s\u2019appelle France emploi, qui fusionnerait p\u00f4le emploi et les missions locales afin de mettre de l\u2019ordre dans tout le dispositif d\u2019accompagnement. Il y a aujourd\u2019hui 40 000 organismes de formation en France. Il y a sans doute des moyens n\u00e9cessaires, mais ils sont trop fragment\u00e9s. Il faut rationaliser.<\/p>\n\n\n\n<p>Je suis avec beaucoup d\u2019attention l\u2019exp\u00e9rimentation <a href=\"https:\/\/www.tzcld.fr\/\">Territoires z\u00e9ro ch\u00f4meurs longue dur\u00e9e<\/a>. Des personnes au ch\u00f4mage repr\u00e9sentent un co\u00fbt important. Ce co\u00fbt, transformons-le en emploi&nbsp;: au lieu de payer 1000 euros d\u2019indemnit\u00e9 ch\u00f4mage, payons la personne pour effectuer une t\u00e2che d\u2019int\u00e9r\u00eat g\u00e9n\u00e9ral. <a href=\"https:\/\/c.leprogres.fr\/politique\/2021\/10\/12\/territoire-zero-chomeur-le-dispositif-ne-fait-(toujours)-pas-l-unanimite\">Villeurbanne<\/a> a \u00e9t\u00e9 dans les territoires exp\u00e9rimentaux. Cela ne permet pas forc\u00e9ment de retrouver un emploi p\u00e9renne, mais au moins de retrouver une vie sociale.<\/p>\n\n\n\n<h2 class=\"wp-block-heading\"><strong>Que proposez-vous pour aider les plus modestes \u00e0 faire face \u00e0 l\u2019inflation&nbsp;?<\/strong><\/h2>\n\n\n\n<p>L\u2019inflation n\u2019est pas structurelle, elle est li\u00e9e \u00e0 des ph\u00e9nom\u00e8nes exog\u00e8nes, en grande partie la guerre en Ukraine, ce qui entra\u00eene la hausse du prix de certaines mati\u00e8res premi\u00e8res comme le p\u00e9trole ou le gaz. &nbsp;On devrait retrouver une inflation normale courant 2023. Les r\u00e9ponses \u00e0 apporter sont donc de nature conjoncturelle, comme le <a href=\"https:\/\/www.lemonde.fr\/economie\/article\/2022\/05\/30\/le-bouclier-tarifaire-sera-bien-maintenu-tout-au-long-de-l-annee-assure-bruno-le-maire_6128255_3234.html\">bouclier tarifaire<\/a> sur l\u2019\u00e9lectricit\u00e9 et le gaz, qui limite la hausse des prix \u00e0 4%, soit l\u2019augmentation normale pr\u00e9vue. Il y a \u00e9galement l\u2019aide \u00e0 l\u2019achat d\u2019essence, les <a href=\"https:\/\/www.lefigaro.fr\/conso\/carburants-la-remise-de-18-centimes-sera-conservee-en-aout-20220604\">18 centimes<\/a> de la prime au litre d\u2019essence qui ont \u00e9t\u00e9 d\u00e9bloqu\u00e9s et prolong\u00e9 jusqu\u2019\u00e0 la fin ao\u00fbt. Ensuite, pour aider les gens \u00e0 faire face aux premi\u00e8res n\u00e9cessit\u00e9s, ce sera le versement de <a href=\"https:\/\/www.bfmtv.com\/economie\/consommation\/indemnite-inflation-un-aide-de-100-a-150-euros-pour-les-plus-modestes_AV-202206080053.html\">l\u2019indemnit\u00e9 inflation<\/a> qui sera fait directement sur le compte en banque de 5 millions de personnes d\u00e8s le moins de septembre. Il y a \u00e9galement la suppression de la redevance audiovisuelle publique, l\u2019indexation des imp\u00f4ts sur inflation pour ne pas changer de tranche d\u2019imposition et une incitation tr\u00e8s forte pour les entreprises \u00e0 augmenter les salaires avec un triplement de <a href=\"https:\/\/www.lesechos.fr\/economie-france\/social\/le-patronat-monte-au-creneau-pour-inflechir-la-reforme-de-la-prime-macron-1412047\">la prime Macron<\/a>.<\/p>\n\n\n\n<h2 class=\"wp-block-heading\"><a href=\"https:\/\/www.ccomptes.fr\/fr\/publications\/levaluation-de-lattractivite-des-quartiers-prioritaires\"><strong>Un rapport de la Cour des comptes<\/strong><\/a><strong> en 2020 indiquait que l\u2019attractivit\u00e9 des Quartiers Politique de la Ville (QPV) n\u2019avait pas beaucoup augment\u00e9e en 10 ans. Que faut-il faire pour plus d\u2019efficacit\u00e9&nbsp;?<\/strong><\/h2>\n\n\n\n<p>Il faut redoubler de moyens sur la question \u00e9ducative, pour tout ce qui concerne l\u2019am\u00e9lioration du cadre urbain, les moyens sont l\u00e0. Beaucoup d\u2019argent a \u00e9t\u00e9 mis dans la r\u00e9novation urbaine mais pas suffisamment dans la r\u00e9novation sociale. Il faut qu\u2019on porte l\u2019effort sur la question humaine. D\u2019abord, l\u2019\u00e9ducation&nbsp;: il faut poursuivre le d\u00e9doublement des classes, descendre cela \u00e0 la maternelle et accro\u00eetre de l\u2019ordre de 300&nbsp;000 places l\u2019offre de garde petite enfance. Il faut d\u00e9velopper les cit\u00e9s \u00e9ducatives, comme aux <a href=\"https:\/\/www.citeseducatives.fr\/cite\/cite-educative-de-venissieux-saint-fons\">Minguettes-Clochettes.<\/a> C\u2019est 600 000 euros de cr\u00e9dits annuels qui vont \u00e0 toutes les activit\u00e9s pouvant accueillir les enfants en dehors de l\u2019apprentissage scolaire. Par rapport \u00e0 la question de la pr\u00e9carit\u00e9, nous souhaitons <a href=\"https:\/\/www.francetvinfo.fr\/politique\/emmanuel-macron\/versement-des-aides-sociales-a-la-source-l-idee-est-belle-mais-ca-ne-se-fera-pas-du-jour-au-lendemain-estime-un-specialiste-de-la-pauvrete_5022241.html\">verser \u00e0 la source les aides sociales<\/a> pour \u00e9viter le parcours du combattant.<\/p>\n\n\n\n<h2 class=\"wp-block-heading\"><strong>Emmanuel Macron a esquiss\u00e9 l\u2019id\u00e9e d\u2019une planification \u00e9cologique. Que porterez-vous \u00e0 l\u2019Assembl\u00e9e nationale \u00e0 ce propos&nbsp;?<\/strong><\/h2>\n\n\n\n<p>Undes gros sujets en mati\u00e8re de transformation \u00e9cologique sur la circonscription concerne l\u2019accompagnement des entreprises. Symbio est une co-entreprise cr\u00e9\u00e9e par Michelin et Faurecia, deux \u00e9quipementiers automobiles qui se sont mis en commun pour inventer les batteries \u00e0 hydrog\u00e8ne. Leur premi\u00e8re \u00e9quipe est install\u00e9e \u00e0 V\u00e9nissieux mais elle doit ensuite s\u2019agrandir et s\u2019installer \u00e0 Saint Fons, dans la vall\u00e9e de la chimie. Cela repr\u00e9sente 1&nbsp;000 emplois \u00e0 Saint-Fons consacr\u00e9s \u00e0 la question de l\u2019hydrog\u00e8ne. Promouvoir et facilit\u00e9 la t\u00e2che de ces entreprises, c\u2019est trouver les emprises industrielles, le foncier, la main d\u2019\u0153uvre, les fili\u00e8res de formation&nbsp;: on est au c\u0153ur de la mission d\u2019un parlementaire. Les industriels s\u2019appuient beaucoup sur nous sur ces sujets-l\u00e0. Suite au vote europ\u00e9en de <a href=\"https:\/\/www.france24.com\/fr\/\u00e9co-tech\/20220609-automobile-le-parlement-europ\u00e9en-vote-la-fin-des-moteurs-thermiques-en-2035\">l\u2019interdiction des moteurs thermiques<\/a> d\u2019ici 13 ans, la question de l\u2019avenir de la raffinerie de Feyzin se pose \u00e9galement. Il faudra prendre le taureau par les cornes avec Total. &nbsp;<\/p>\n\n\n\n<p>Au m\u00eame titre que les 13 autres d\u00e9put\u00e9s du Rh\u00f4ne, Yves Blein a \u00e9t\u00e9 accus\u00e9 par <a href=\"https:\/\/rhone.alternatiba.eu\/2022\/06\/07\/proces-du-sabotage-climatique-et-social-sont-appelees-a-la-barre-sarah-tanzilli-et-yves-blein\/\">Alternatiba Rh\u00f4ne<\/a> d\u2019avoir particip\u00e9 au \u00ab&nbsp;<em>sabotage climatique et \u00e0 la destruction du vivant<\/em>&nbsp;\u00bb, notamment \u00e0 cause d\u2019un vote en faveur des n\u00e9onicotino\u00efdes et pour son soutien du e-commerce. Il explique que son vote contre un amendement en faveur de l\u2019interdiction des n\u00e9onicotino\u00efdes s\u2019\u00e9tait tenu \u00e0 2h du matin et que le texte ne prenait pas en compte de solutions satisfaisantes pour les agriculteurs. Le nouveau quinquennat semble n\u00e9anmoins marqu\u00e9 par l\u2019id\u00e9e d\u2019une planification \u00e9cologique, \u00e0 la fois par la majorit\u00e9 pr\u00e9sentielle et par l\u2019opposition \u00e0 gauche, mais <a href=\"https:\/\/www.lemonde.fr\/podcasts\/article\/2022\/06\/07\/climat-macron-ou-melenchon-quelle-planification_6129193_5463015.html\">les moyens diff\u00e8rent<\/a> pour la mettre en place.<\/p>\n\n\n\n<p><a href=\"https:\/\/lyonbondyblog.fr\/LBB\/elections-legislatives-2022-apres-les-resultats-les-premieres-reactions-et-une-abstention-record\/https:\/\/lyonbondyblog.fr\/LBB\/elections-legislatives-2022-apres-les-resultats-les-premieres-reactions-et-une-abstention-record\/\">Dernier article politique ici<\/a><\/p>\n\n\n\n<p class=\"has-text-align-right\">Aurore Ployer<\/p>\n<!-- AddThis Advanced Settings generic via filter on the_content --><!-- AddThis Share Buttons generic via filter on the_content -->","protected":false},"excerpt":{"rendered":"<p>A l&rsquo;occasion de l&rsquo;entre deux tours retrouvez l&rsquo;interview de Yves Blein, candidat de la majorit\u00e9 pr\u00e9sidentielle, dans la 14eme circonscription. Interview r\u00e9alis\u00e9e par Aurore Ployer &hellip; <!-- AddThis Advanced Settings generic via filter on wp_trim_excerpt --><!-- AddThis Share Buttons generic via filter on wp_trim_excerpt --><\/p>\n","protected":false},"author":31865,"featured_media":29502,"comment_status":"open","ping_status":"open","sticky":true,"template":"","format":"standard","meta":{"_FSMCFIC_featured_image_caption":"","_FSMCFIC_featured_image_nocaption":"","_FSMCFIC_featured_image_hide":"","footnotes":""},"categories":[27827,4,6],"tags":[],"class_list":["post-29621","post","type-post","status-publish","format-standard","has-post-thumbnail","hentry","category-legislative-2022","category-lyon","category-politique"],"yoast_head":"<!-- This site is optimized with the Yoast SEO plugin v22.8 - https:\/\/yoast.com\/wordpress\/plugins\/seo\/ -->\n<title>L\u00e9gislatives : Yves Blein, candidat de la majorit\u00e9 pr\u00e9sidentielle - Lyon Bondy Blog<\/title>\n<meta name=\"description\" content=\"A l&#039;occasion de l&#039;entre deux tours retrouvez l&#039;interview de Yves Blein, candidat de la majorit\u00e9 pr\u00e9sidentielle, dans la 14eme circonscription. Interview r\u00e9alis\u00e9e par Aurore Ployer le 10 juin 2022\" \/>\n<meta name=\"robots\" content=\"index, follow, max-snippet:-1, max-image-preview:large, max-video-preview:-1\" \/>\n<link rel=\"canonical\" href=\"https:\/\/lyonbondyblog.fr\/LBB\/legislatives-14eme-circonscription-4-yves-blein-candidat-de-la-majorite-presidentielle-2\/\" \/>\n<meta property=\"og:locale\" content=\"fr_FR\" \/>\n<meta property=\"og:type\" content=\"article\" \/>\n<meta property=\"og:title\" content=\"L\u00e9gislatives : Yves Blein, candidat de la majorit\u00e9 pr\u00e9sidentielle - Lyon Bondy Blog\" \/>\n<meta property=\"og:description\" content=\"A l&#039;occasion de l&#039;entre deux tours retrouvez l&#039;interview de Yves Blein, candidat de la majorit\u00e9 pr\u00e9sidentielle, dans la 14eme circonscription. Interview r\u00e9alis\u00e9e par Aurore Ployer le 10 juin 2022\" \/>\n<meta property=\"og:url\" content=\"https:\/\/lyonbondyblog.fr\/LBB\/legislatives-14eme-circonscription-4-yves-blein-candidat-de-la-majorite-presidentielle-2\/\" \/>\n<meta property=\"og:site_name\" content=\"Lyon Bondy Blog\" \/>\n<meta property=\"article:publisher\" content=\"https:\/\/www.facebook.com\/lyonbondyblog\" \/>\n<meta property=\"article:published_time\" content=\"2022-06-14T16:00:32+00:00\" \/>\n<meta property=\"article:modified_time\" content=\"2022-06-14T16:00:34+00:00\" \/>\n<meta property=\"og:image\" content=\"https:\/\/lyonbondyblog.fr\/LBB\/wp-content\/uploads\/2022\/06\/Yves-Blein_125.jpeg\" \/>\n\t<meta property=\"og:image:width\" content=\"1173\" \/>\n\t<meta property=\"og:image:height\" content=\"781\" \/>\n\t<meta property=\"og:image:type\" content=\"image\/jpeg\" \/>\n<meta name=\"author\" content=\"Aurore Ployer\" \/>\n<meta name=\"twitter:card\" content=\"summary_large_image\" \/>\n<meta name=\"twitter:creator\" content=\"@bondybloglyon\" \/>\n<meta name=\"twitter:site\" content=\"@bondybloglyon\" \/>\n<script type=\"application\/ld+json\" class=\"yoast-schema-graph\">{\"@context\":\"https:\/\/schema.org\",\"@graph\":[{\"@type\":\"Article\",\"@id\":\"https:\/\/lyonbondyblog.fr\/LBB\/legislatives-14eme-circonscription-4-yves-blein-candidat-de-la-majorite-presidentielle-2\/#article\",\"isPartOf\":{\"@id\":\"https:\/\/lyonbondyblog.fr\/LBB\/legislatives-14eme-circonscription-4-yves-blein-candidat-de-la-majorite-presidentielle-2\/\"},\"author\":{\"name\":\"Aurore Ployer\",\"@id\":\"https:\/\/lyonbondyblog.fr\/LBB\/#\/schema\/person\/32a6ca84915e1d2fced1cef188943fb8\"},\"headline\":\"L\u00e9gislatives, 14\u00e8me circonscription #4 : Yves Blein, candidat de la majorit\u00e9 pr\u00e9sidentielle\",\"datePublished\":\"2022-06-14T16:00:32+00:00\",\"dateModified\":\"2022-06-14T16:00:34+00:00\",\"mainEntityOfPage\":{\"@id\":\"https:\/\/lyonbondyblog.fr\/LBB\/legislatives-14eme-circonscription-4-yves-blein-candidat-de-la-majorite-presidentielle-2\/\"},\"wordCount\":1998,\"commentCount\":0,\"publisher\":{\"@id\":\"https:\/\/lyonbondyblog.fr\/LBB\/#organization\"},\"image\":{\"@id\":\"https:\/\/lyonbondyblog.fr\/LBB\/legislatives-14eme-circonscription-4-yves-blein-candidat-de-la-majorite-presidentielle-2\/#primaryimage\"},\"thumbnailUrl\":\"https:\/\/lyonbondyblog.fr\/LBB\/wp-content\/uploads\/2022\/06\/Yves-Blein_125.jpeg\",\"articleSection\":[\"L\u00e9gislatives 2022\",\"Lyon\",\"Politique\"],\"inLanguage\":\"fr-FR\",\"potentialAction\":[{\"@type\":\"CommentAction\",\"name\":\"Comment\",\"target\":[\"https:\/\/lyonbondyblog.fr\/LBB\/legislatives-14eme-circonscription-4-yves-blein-candidat-de-la-majorite-presidentielle-2\/#respond\"]}]},{\"@type\":\"WebPage\",\"@id\":\"https:\/\/lyonbondyblog.fr\/LBB\/legislatives-14eme-circonscription-4-yves-blein-candidat-de-la-majorite-presidentielle-2\/\",\"url\":\"https:\/\/lyonbondyblog.fr\/LBB\/legislatives-14eme-circonscription-4-yves-blein-candidat-de-la-majorite-presidentielle-2\/\",\"name\":\"L\u00e9gislatives : Yves Blein, candidat de la majorit\u00e9 pr\u00e9sidentielle - Lyon Bondy Blog\",\"isPartOf\":{\"@id\":\"https:\/\/lyonbondyblog.fr\/LBB\/#website\"},\"primaryImageOfPage\":{\"@id\":\"https:\/\/lyonbondyblog.fr\/LBB\/legislatives-14eme-circonscription-4-yves-blein-candidat-de-la-majorite-presidentielle-2\/#primaryimage\"},\"image\":{\"@id\":\"https:\/\/lyonbondyblog.fr\/LBB\/legislatives-14eme-circonscription-4-yves-blein-candidat-de-la-majorite-presidentielle-2\/#primaryimage\"},\"thumbnailUrl\":\"https:\/\/lyonbondyblog.fr\/LBB\/wp-content\/uploads\/2022\/06\/Yves-Blein_125.jpeg\",\"datePublished\":\"2022-06-14T16:00:32+00:00\",\"dateModified\":\"2022-06-14T16:00:34+00:00\",\"description\":\"A l'occasion de l'entre deux tours retrouvez l'interview de Yves Blein, candidat de la majorit\u00e9 pr\u00e9sidentielle, dans la 14eme circonscription. Interview r\u00e9alis\u00e9e par Aurore Ployer le 10 juin 2022\",\"inLanguage\":\"fr-FR\",\"potentialAction\":[{\"@type\":\"ReadAction\",\"target\":[\"https:\/\/lyonbondyblog.fr\/LBB\/legislatives-14eme-circonscription-4-yves-blein-candidat-de-la-majorite-presidentielle-2\/\"]}]},{\"@type\":\"ImageObject\",\"inLanguage\":\"fr-FR\",\"@id\":\"https:\/\/lyonbondyblog.fr\/LBB\/legislatives-14eme-circonscription-4-yves-blein-candidat-de-la-majorite-presidentielle-2\/#primaryimage\",\"url\":\"https:\/\/lyonbondyblog.fr\/LBB\/wp-content\/uploads\/2022\/06\/Yves-Blein_125.jpeg\",\"contentUrl\":\"https:\/\/lyonbondyblog.fr\/LBB\/wp-content\/uploads\/2022\/06\/Yves-Blein_125.jpeg\",\"width\":1173,\"height\":781},{\"@type\":\"WebSite\",\"@id\":\"https:\/\/lyonbondyblog.fr\/LBB\/#website\",\"url\":\"https:\/\/lyonbondyblog.fr\/LBB\/\",\"name\":\"Lyon Bondy Blog\",\"description\":\"\",\"publisher\":{\"@id\":\"https:\/\/lyonbondyblog.fr\/LBB\/#organization\"},\"potentialAction\":[{\"@type\":\"SearchAction\",\"target\":{\"@type\":\"EntryPoint\",\"urlTemplate\":\"https:\/\/lyonbondyblog.fr\/LBB\/?s={search_term_string}\"},\"query-input\":\"required name=search_term_string\"}],\"inLanguage\":\"fr-FR\"},{\"@type\":\"Organization\",\"@id\":\"https:\/\/lyonbondyblog.fr\/LBB\/#organization\",\"name\":\"LYON BONDY BLOG\",\"url\":\"https:\/\/lyonbondyblog.fr\/LBB\/\",\"logo\":{\"@type\":\"ImageObject\",\"inLanguage\":\"fr-FR\",\"@id\":\"https:\/\/lyonbondyblog.fr\/LBB\/#\/schema\/logo\/image\/\",\"url\":\"http:\/\/lyonbondyblog.fr\/LBB\/wp-content\/uploads\/2014\/10\/logo-portable-144.png\",\"contentUrl\":\"http:\/\/lyonbondyblog.fr\/LBB\/wp-content\/uploads\/2014\/10\/logo-portable-144.png\",\"width\":144,\"height\":123,\"caption\":\"LYON BONDY BLOG\"},\"image\":{\"@id\":\"https:\/\/lyonbondyblog.fr\/LBB\/#\/schema\/logo\/image\/\"},\"sameAs\":[\"https:\/\/www.facebook.com\/lyonbondyblog\",\"https:\/\/x.com\/bondybloglyon\"]},{\"@type\":\"Person\",\"@id\":\"https:\/\/lyonbondyblog.fr\/LBB\/#\/schema\/person\/32a6ca84915e1d2fced1cef188943fb8\",\"name\":\"Aurore Ployer\",\"url\":\"https:\/\/lyonbondyblog.fr\/LBB\/author\/auroreployer\/\"}]}<\/script>\n<!-- \/ Yoast SEO plugin. -->","yoast_head_json":{"title":"L\u00e9gislatives : Yves Blein, candidat de la majorit\u00e9 pr\u00e9sidentielle - Lyon Bondy Blog","description":"A l'occasion de l'entre deux tours retrouvez l'interview de Yves Blein, candidat de la majorit\u00e9 pr\u00e9sidentielle, dans la 14eme circonscription. Interview r\u00e9alis\u00e9e par Aurore Ployer le 10 juin 2022","robots":{"index":"index","follow":"follow","max-snippet":"max-snippet:-1","max-image-preview":"max-image-preview:large","max-video-preview":"max-video-preview:-1"},"canonical":"https:\/\/lyonbondyblog.fr\/LBB\/legislatives-14eme-circonscription-4-yves-blein-candidat-de-la-majorite-presidentielle-2\/","og_locale":"fr_FR","og_type":"article","og_title":"L\u00e9gislatives : Yves Blein, candidat de la majorit\u00e9 pr\u00e9sidentielle - Lyon Bondy Blog","og_description":"A l'occasion de l'entre deux tours retrouvez l'interview de Yves Blein, candidat de la majorit\u00e9 pr\u00e9sidentielle, dans la 14eme circonscription. Interview r\u00e9alis\u00e9e par Aurore Ployer le 10 juin 2022","og_url":"https:\/\/lyonbondyblog.fr\/LBB\/legislatives-14eme-circonscription-4-yves-blein-candidat-de-la-majorite-presidentielle-2\/","og_site_name":"Lyon Bondy Blog","article_publisher":"https:\/\/www.facebook.com\/lyonbondyblog","article_published_time":"2022-06-14T16:00:32+00:00","article_modified_time":"2022-06-14T16:00:34+00:00","og_image":[{"width":1173,"height":781,"url":"https:\/\/lyonbondyblog.fr\/LBB\/wp-content\/uploads\/2022\/06\/Yves-Blein_125.jpeg","type":"image\/jpeg"}],"author":"Aurore Ployer","twitter_card":"summary_large_image","twitter_creator":"@bondybloglyon","twitter_site":"@bondybloglyon","schema":{"@context":"https:\/\/schema.org","@graph":[{"@type":"Article","@id":"https:\/\/lyonbondyblog.fr\/LBB\/legislatives-14eme-circonscription-4-yves-blein-candidat-de-la-majorite-presidentielle-2\/#article","isPartOf":{"@id":"https:\/\/lyonbondyblog.fr\/LBB\/legislatives-14eme-circonscription-4-yves-blein-candidat-de-la-majorite-presidentielle-2\/"},"author":{"name":"Aurore Ployer","@id":"https:\/\/lyonbondyblog.fr\/LBB\/#\/schema\/person\/32a6ca84915e1d2fced1cef188943fb8"},"headline":"L\u00e9gislatives, 14\u00e8me circonscription #4 : Yves Blein, candidat de la majorit\u00e9 pr\u00e9sidentielle","datePublished":"2022-06-14T16:00:32+00:00","dateModified":"2022-06-14T16:00:34+00:00","mainEntityOfPage":{"@id":"https:\/\/lyonbondyblog.fr\/LBB\/legislatives-14eme-circonscription-4-yves-blein-candidat-de-la-majorite-presidentielle-2\/"},"wordCount":1998,"commentCount":0,"publisher":{"@id":"https:\/\/lyonbondyblog.fr\/LBB\/#organization"},"image":{"@id":"https:\/\/lyonbondyblog.fr\/LBB\/legislatives-14eme-circonscription-4-yves-blein-candidat-de-la-majorite-presidentielle-2\/#primaryimage"},"thumbnailUrl":"https:\/\/lyonbondyblog.fr\/LBB\/wp-content\/uploads\/2022\/06\/Yves-Blein_125.jpeg","articleSection":["L\u00e9gislatives 2022","Lyon","Politique"],"inLanguage":"fr-FR","potentialAction":[{"@type":"CommentAction","name":"Comment","target":["https:\/\/lyonbondyblog.fr\/LBB\/legislatives-14eme-circonscription-4-yves-blein-candidat-de-la-majorite-presidentielle-2\/#respond"]}]},{"@type":"WebPage","@id":"https:\/\/lyonbondyblog.fr\/LBB\/legislatives-14eme-circonscription-4-yves-blein-candidat-de-la-majorite-presidentielle-2\/","url":"https:\/\/lyonbondyblog.fr\/LBB\/legislatives-14eme-circonscription-4-yves-blein-candidat-de-la-majorite-presidentielle-2\/","name":"L\u00e9gislatives : Yves Blein, candidat de la majorit\u00e9 pr\u00e9sidentielle - Lyon Bondy Blog","isPartOf":{"@id":"https:\/\/lyonbondyblog.fr\/LBB\/#website"},"primaryImageOfPage":{"@id":"https:\/\/lyonbondyblog.fr\/LBB\/legislatives-14eme-circonscription-4-yves-blein-candidat-de-la-majorite-presidentielle-2\/#primaryimage"},"image":{"@id":"https:\/\/lyonbondyblog.fr\/LBB\/legislatives-14eme-circonscription-4-yves-blein-candidat-de-la-majorite-presidentielle-2\/#primaryimage"},"thumbnailUrl":"https:\/\/lyonbondyblog.fr\/LBB\/wp-content\/uploads\/2022\/06\/Yves-Blein_125.jpeg","datePublished":"2022-06-14T16:00:32+00:00","dateModified":"2022-06-14T16:00:34+00:00","description":"A l'occasion de l'entre deux tours retrouvez l'interview de Yves Blein, candidat de la majorit\u00e9 pr\u00e9sidentielle, dans la 14eme circonscription. Interview r\u00e9alis\u00e9e par Aurore Ployer le 10 juin 2022","inLanguage":"fr-FR","potentialAction":[{"@type":"ReadAction","target":["https:\/\/lyonbondyblog.fr\/LBB\/legislatives-14eme-circonscription-4-yves-blein-candidat-de-la-majorite-presidentielle-2\/"]}]},{"@type":"ImageObject","inLanguage":"fr-FR","@id":"https:\/\/lyonbondyblog.fr\/LBB\/legislatives-14eme-circonscription-4-yves-blein-candidat-de-la-majorite-presidentielle-2\/#primaryimage","url":"https:\/\/lyonbondyblog.fr\/LBB\/wp-content\/uploads\/2022\/06\/Yves-Blein_125.jpeg","contentUrl":"https:\/\/lyonbondyblog.fr\/LBB\/wp-content\/uploads\/2022\/06\/Yves-Blein_125.jpeg","width":1173,"height":781},{"@type":"WebSite","@id":"https:\/\/lyonbondyblog.fr\/LBB\/#website","url":"https:\/\/lyonbondyblog.fr\/LBB\/","name":"Lyon Bondy Blog","description":"","publisher":{"@id":"https:\/\/lyonbondyblog.fr\/LBB\/#organization"},"potentialAction":[{"@type":"SearchAction","target":{"@type":"EntryPoint","urlTemplate":"https:\/\/lyonbondyblog.fr\/LBB\/?s={search_term_string}"},"query-input":"required name=search_term_string"}],"inLanguage":"fr-FR"},{"@type":"Organization","@id":"https:\/\/lyonbondyblog.fr\/LBB\/#organization","name":"LYON BONDY BLOG","url":"https:\/\/lyonbondyblog.fr\/LBB\/","logo":{"@type":"ImageObject","inLanguage":"fr-FR","@id":"https:\/\/lyonbondyblog.fr\/LBB\/#\/schema\/logo\/image\/","url":"http:\/\/lyonbondyblog.fr\/LBB\/wp-content\/uploads\/2014\/10\/logo-portable-144.png","contentUrl":"http:\/\/lyonbondyblog.fr\/LBB\/wp-content\/uploads\/2014\/10\/logo-portable-144.png","width":144,"height":123,"caption":"LYON BONDY BLOG"},"image":{"@id":"https:\/\/lyonbondyblog.fr\/LBB\/#\/schema\/logo\/image\/"},"sameAs":["https:\/\/www.facebook.com\/lyonbondyblog","https:\/\/x.com\/bondybloglyon"]},{"@type":"Person","@id":"https:\/\/lyonbondyblog.fr\/LBB\/#\/schema\/person\/32a6ca84915e1d2fced1cef188943fb8","name":"Aurore Ployer","url":"https:\/\/lyonbondyblog.fr\/LBB\/author\/auroreployer\/"}]}},"_links":{"self":[{"href":"https:\/\/lyonbondyblog.fr\/LBB\/wp-json\/wp\/v2\/posts\/29621","targetHints":{"allow":["GET"]}}],"collection":[{"href":"https:\/\/lyonbondyblog.fr\/LBB\/wp-json\/wp\/v2\/posts"}],"about":[{"href":"https:\/\/lyonbondyblog.fr\/LBB\/wp-json\/wp\/v2\/types\/post"}],"author":[{"embeddable":true,"href":"https:\/\/lyonbondyblog.fr\/LBB\/wp-json\/wp\/v2\/users\/31865"}],"replies":[{"embeddable":true,"href":"https:\/\/lyonbondyblog.fr\/LBB\/wp-json\/wp\/v2\/comments?post=29621"}],"version-history":[{"count":4,"href":"https:\/\/lyonbondyblog.fr\/LBB\/wp-json\/wp\/v2\/posts\/29621\/revisions"}],"predecessor-version":[{"id":29626,"href":"https:\/\/lyonbondyblog.fr\/LBB\/wp-json\/wp\/v2\/posts\/29621\/revisions\/29626"}],"wp:featuredmedia":[{"embeddable":true,"href":"https:\/\/lyonbondyblog.fr\/LBB\/wp-json\/wp\/v2\/media\/29502"}],"wp:attachment":[{"href":"https:\/\/lyonbondyblog.fr\/LBB\/wp-json\/wp\/v2\/media?parent=29621"}],"wp:term":[{"taxonomy":"category","embeddable":true,"href":"https:\/\/lyonbondyblog.fr\/LBB\/wp-json\/wp\/v2\/categories?post=29621"},{"taxonomy":"post_tag","embeddable":true,"href":"https:\/\/lyonbondyblog.fr\/LBB\/wp-json\/wp\/v2\/tags?post=29621"}],"curies":[{"name":"wp","href":"https:\/\/api.w.org\/{rel}","templated":true}]}}