{"id":29545,"date":"2022-06-12T18:38:32","date_gmt":"2022-06-12T16:38:32","guid":{"rendered":"http:\/\/lyonbondyblog.fr\/LBB\/?p=29545"},"modified":"2022-06-12T18:38:34","modified_gmt":"2022-06-12T16:38:34","slug":"legislatives-2022-une-forte-mobilisation-des-electeurs-de-gauche","status":"publish","type":"post","link":"https:\/\/lyonbondyblog.fr\/LBB\/legislatives-2022-une-forte-mobilisation-des-electeurs-de-gauche\/","title":{"rendered":"L\u00e9gislatives 2022 : une forte mobilisation des \u00e9lecteurs de gauche"},"content":{"rendered":"\n<h2 class=\"wp-block-heading\">A l&rsquo;occasion du 1er tour des \u00e9lections l\u00e9gislatives, le Lyon Bondy Blog est aller recueillir des impressions dans des bureaux de vote \u00e0 Villeurbanne, dans le quartier de Guilloti\u00e8re et \u00e0 Vaise. Ce qui l&rsquo;en ressort : une forte mobilisation des \u00e9lecteurs de gauche. <\/h2>\n\n\n\n<p>Alors qu&rsquo;Emmanuel Macron a \u00e9t\u00e9 r\u00e9\u00e9lu pour un nouveau quinquennat, la question de la future composition de l&rsquo;Assembl\u00e9e nationale est cruciale. Alors qu&rsquo;il ne b\u00e9n\u00e9ficie pas du m\u00eame engouement qu&rsquo;en 2017, la nature de la future majorit\u00e9 est plus que jamais incertaine. Afin de mieux saisir la dimension particuli\u00e8re de ces \u00e9lections pour les citoyens, nous sommes all\u00e9s recueillir leurs impressions, compil\u00e9es sous la forme d&rsquo;un reportage au micro d&rsquo;Aurore Ployer. <\/p>\n\n\n\n<p>Malgr\u00e9 le d\u00e9sir de l&rsquo;opposition de replacer les \u00e9lections l\u00e9gislatives au 1er plan, la participation \u00e0 17h est en <a href=\"https:\/\/www.lemonde.fr\/politique\/article\/2022\/06\/12\/legislatives-2022-la-participation-au-premier-tour-s-eleve-a-18-43-a-midi-en-baisse-de-0-8-point-par-rapport-a-2017_6129917_823448.html\">baisse de 1,3 points<\/a> par rapport \u00e0 2017. <\/p>\n\n\n\n<figure class=\"wp-block-audio\"><audio controls src=\"https:\/\/lyonbondyblog.fr\/LBB\/wp-content\/uploads\/2022\/06\/vote.mp3\"><\/audio><\/figure>\n\n\n\n<p>Pour en savoir plus, Emma Laurens est all\u00e9e \u00e0 la rencontre des \u00e9lecteurs du 9\u00e8me arrondissement de Lyon. <\/p>\n\n\n\n<figure class=\"wp-block-audio\"><audio controls src=\"https:\/\/lyonbondyblog.fr\/LBB\/wp-content\/uploads\/2022\/06\/Sons-secs-emma.wav\"><\/audio><\/figure>\n\n\n\n<p class=\"has-text-align-right\">Aurore Ployer et Emma Laurens<\/p>\n<!-- AddThis Advanced Settings generic via filter on the_content --><!-- AddThis Share Buttons generic via filter on the_content -->","protected":false},"excerpt":{"rendered":"<p>A l&rsquo;occasion du 1er tour des \u00e9lections l\u00e9gislatives, le Lyon Bondy Blog est aller recueillir des impressions dans des bureaux de vote \u00e0 Villeurbanne, dans &hellip; <!-- AddThis Advanced Settings generic via filter on wp_trim_excerpt --><!-- AddThis Share Buttons generic via filter on wp_trim_excerpt --><\/p>\n","protected":false},"author":31865,"featured_media":29546,"comment_status":"open","ping_status":"open","sticky":true,"template":"","format":"standard","meta":{"_FSMCFIC_featured_image_caption":"","_FSMCFIC_featured_image_nocaption":"","_FSMCFIC_featured_image_hide":"","footnotes":""},"categories":[27827,27831,4,6],"tags":[],"class_list":["post-29545","post","type-post","status-publish","format-standard","has-post-thumbnail","hentry","category-legislative-2022","category-legislatives-2022","category-lyon","category-politique"],"yoast_head":"<!-- This site is optimized with the Yoast SEO plugin v22.8 - https:\/\/yoast.com\/wordpress\/plugins\/seo\/ -->\n<title>L\u00e9gislatives 2022 : une forte mobilisation des \u00e9lecteurs de gauche - Lyon Bondy Blog<\/title>\n<meta name=\"description\" content=\"A l&#039;occasion du 1er tour des \u00e9lections l\u00e9gislatives, le Lyon Bondy Blog est aller recueillir des impressions dans des bureaux....\" \/>\n<meta name=\"robots\" content=\"index, follow, max-snippet:-1, max-image-preview:large, max-video-preview:-1\" \/>\n<link rel=\"canonical\" href=\"https:\/\/lyonbondyblog.fr\/LBB\/legislatives-2022-une-forte-mobilisation-des-electeurs-de-gauche\/\" \/>\n<meta property=\"og:locale\" content=\"fr_FR\" \/>\n<meta property=\"og:type\" content=\"article\" \/>\n<meta property=\"og:title\" content=\"L\u00e9gislatives 2022 : une forte mobilisation des \u00e9lecteurs de gauche - Lyon Bondy Blog\" \/>\n<meta property=\"og:description\" content=\"A l&#039;occasion du 1er tour des \u00e9lections l\u00e9gislatives, le Lyon Bondy Blog est aller recueillir des impressions dans des bureaux....\" \/>\n<meta property=\"og:url\" content=\"https:\/\/lyonbondyblog.fr\/LBB\/legislatives-2022-une-forte-mobilisation-des-electeurs-de-gauche\/\" \/>\n<meta property=\"og:site_name\" content=\"Lyon Bondy Blog\" \/>\n<meta property=\"article:publisher\" content=\"https:\/\/www.facebook.com\/lyonbondyblog\" \/>\n<meta property=\"article:published_time\" content=\"2022-06-12T16:38:32+00:00\" \/>\n<meta property=\"article:modified_time\" content=\"2022-06-12T16:38:34+00:00\" \/>\n<meta property=\"og:image\" content=\"https:\/\/lyonbondyblog.fr\/LBB\/wp-content\/uploads\/2022\/06\/photos-e\u0301lections-scaled.jpeg\" \/>\n\t<meta property=\"og:image:width\" content=\"2560\" \/>\n\t<meta property=\"og:image:height\" content=\"1707\" \/>\n\t<meta property=\"og:image:type\" content=\"image\/jpeg\" \/>\n<meta name=\"author\" content=\"Aurore Ployer\" \/>\n<meta name=\"twitter:card\" content=\"summary_large_image\" \/>\n<meta name=\"twitter:creator\" content=\"@bondybloglyon\" \/>\n<meta name=\"twitter:site\" content=\"@bondybloglyon\" \/>\n<script type=\"application\/ld+json\" class=\"yoast-schema-graph\">{\"@context\":\"https:\/\/schema.org\",\"@graph\":[{\"@type\":\"Article\",\"@id\":\"https:\/\/lyonbondyblog.fr\/LBB\/legislatives-2022-une-forte-mobilisation-des-electeurs-de-gauche\/#article\",\"isPartOf\":{\"@id\":\"https:\/\/lyonbondyblog.fr\/LBB\/legislatives-2022-une-forte-mobilisation-des-electeurs-de-gauche\/\"},\"author\":{\"name\":\"Aurore Ployer\",\"@id\":\"https:\/\/lyonbondyblog.fr\/LBB\/#\/schema\/person\/32a6ca84915e1d2fced1cef188943fb8\"},\"headline\":\"L\u00e9gislatives 2022 : une forte mobilisation des \u00e9lecteurs de gauche\",\"datePublished\":\"2022-06-12T16:38:32+00:00\",\"dateModified\":\"2022-06-12T16:38:34+00:00\",\"mainEntityOfPage\":{\"@id\":\"https:\/\/lyonbondyblog.fr\/LBB\/legislatives-2022-une-forte-mobilisation-des-electeurs-de-gauche\/\"},\"wordCount\":178,\"commentCount\":0,\"publisher\":{\"@id\":\"https:\/\/lyonbondyblog.fr\/LBB\/#organization\"},\"image\":{\"@id\":\"https:\/\/lyonbondyblog.fr\/LBB\/legislatives-2022-une-forte-mobilisation-des-electeurs-de-gauche\/#primaryimage\"},\"thumbnailUrl\":\"https:\/\/lyonbondyblog.fr\/LBB\/wp-content\/uploads\/2022\/06\/photos-e\u0301lections-scaled.jpeg\",\"articleSection\":[\"L\u00e9gislatives 2022\",\"L\u00e9gislatives 2022\",\"Lyon\",\"Politique\"],\"inLanguage\":\"fr-FR\",\"potentialAction\":[{\"@type\":\"CommentAction\",\"name\":\"Comment\",\"target\":[\"https:\/\/lyonbondyblog.fr\/LBB\/legislatives-2022-une-forte-mobilisation-des-electeurs-de-gauche\/#respond\"]}]},{\"@type\":\"WebPage\",\"@id\":\"https:\/\/lyonbondyblog.fr\/LBB\/legislatives-2022-une-forte-mobilisation-des-electeurs-de-gauche\/\",\"url\":\"https:\/\/lyonbondyblog.fr\/LBB\/legislatives-2022-une-forte-mobilisation-des-electeurs-de-gauche\/\",\"name\":\"L\u00e9gislatives 2022 : une forte mobilisation des \u00e9lecteurs de gauche - Lyon Bondy Blog\",\"isPartOf\":{\"@id\":\"https:\/\/lyonbondyblog.fr\/LBB\/#website\"},\"primaryImageOfPage\":{\"@id\":\"https:\/\/lyonbondyblog.fr\/LBB\/legislatives-2022-une-forte-mobilisation-des-electeurs-de-gauche\/#primaryimage\"},\"image\":{\"@id\":\"https:\/\/lyonbondyblog.fr\/LBB\/legislatives-2022-une-forte-mobilisation-des-electeurs-de-gauche\/#primaryimage\"},\"thumbnailUrl\":\"https:\/\/lyonbondyblog.fr\/LBB\/wp-content\/uploads\/2022\/06\/photos-e\u0301lections-scaled.jpeg\",\"datePublished\":\"2022-06-12T16:38:32+00:00\",\"dateModified\":\"2022-06-12T16:38:34+00:00\",\"description\":\"A l'occasion du 1er tour des \u00e9lections l\u00e9gislatives, le Lyon Bondy Blog est aller recueillir des impressions dans des bureaux....\",\"inLanguage\":\"fr-FR\",\"potentialAction\":[{\"@type\":\"ReadAction\",\"target\":[\"https:\/\/lyonbondyblog.fr\/LBB\/legislatives-2022-une-forte-mobilisation-des-electeurs-de-gauche\/\"]}]},{\"@type\":\"ImageObject\",\"inLanguage\":\"fr-FR\",\"@id\":\"https:\/\/lyonbondyblog.fr\/LBB\/legislatives-2022-une-forte-mobilisation-des-electeurs-de-gauche\/#primaryimage\",\"url\":\"https:\/\/lyonbondyblog.fr\/LBB\/wp-content\/uploads\/2022\/06\/photos-e\u0301lections-scaled.jpeg\",\"contentUrl\":\"https:\/\/lyonbondyblog.fr\/LBB\/wp-content\/uploads\/2022\/06\/photos-e\u0301lections-scaled.jpeg\",\"width\":2560,\"height\":1707,\"caption\":\"Ce dimanche 12 juin se tient le premier jour des \u00e9lections l\u00e9gislatives.\"},{\"@type\":\"WebSite\",\"@id\":\"https:\/\/lyonbondyblog.fr\/LBB\/#website\",\"url\":\"https:\/\/lyonbondyblog.fr\/LBB\/\",\"name\":\"Lyon Bondy Blog\",\"description\":\"\",\"publisher\":{\"@id\":\"https:\/\/lyonbondyblog.fr\/LBB\/#organization\"},\"potentialAction\":[{\"@type\":\"SearchAction\",\"target\":{\"@type\":\"EntryPoint\",\"urlTemplate\":\"https:\/\/lyonbondyblog.fr\/LBB\/?s={search_term_string}\"},\"query-input\":\"required name=search_term_string\"}],\"inLanguage\":\"fr-FR\"},{\"@type\":\"Organization\",\"@id\":\"https:\/\/lyonbondyblog.fr\/LBB\/#organization\",\"name\":\"LYON BONDY BLOG\",\"url\":\"https:\/\/lyonbondyblog.fr\/LBB\/\",\"logo\":{\"@type\":\"ImageObject\",\"inLanguage\":\"fr-FR\",\"@id\":\"https:\/\/lyonbondyblog.fr\/LBB\/#\/schema\/logo\/image\/\",\"url\":\"http:\/\/lyonbondyblog.fr\/LBB\/wp-content\/uploads\/2014\/10\/logo-portable-144.png\",\"contentUrl\":\"http:\/\/lyonbondyblog.fr\/LBB\/wp-content\/uploads\/2014\/10\/logo-portable-144.png\",\"width\":144,\"height\":123,\"caption\":\"LYON BONDY BLOG\"},\"image\":{\"@id\":\"https:\/\/lyonbondyblog.fr\/LBB\/#\/schema\/logo\/image\/\"},\"sameAs\":[\"https:\/\/www.facebook.com\/lyonbondyblog\",\"https:\/\/x.com\/bondybloglyon\"]},{\"@type\":\"Person\",\"@id\":\"https:\/\/lyonbondyblog.fr\/LBB\/#\/schema\/person\/32a6ca84915e1d2fced1cef188943fb8\",\"name\":\"Aurore Ployer\",\"url\":\"https:\/\/lyonbondyblog.fr\/LBB\/author\/auroreployer\/\"}]}<\/script>\n<!-- \/ Yoast SEO plugin. -->","yoast_head_json":{"title":"L\u00e9gislatives 2022 : une forte mobilisation des \u00e9lecteurs de gauche - Lyon Bondy Blog","description":"A l'occasion du 1er tour des \u00e9lections l\u00e9gislatives, le Lyon Bondy Blog est aller recueillir des impressions dans des bureaux....","robots":{"index":"index","follow":"follow","max-snippet":"max-snippet:-1","max-image-preview":"max-image-preview:large","max-video-preview":"max-video-preview:-1"},"canonical":"https:\/\/lyonbondyblog.fr\/LBB\/legislatives-2022-une-forte-mobilisation-des-electeurs-de-gauche\/","og_locale":"fr_FR","og_type":"article","og_title":"L\u00e9gislatives 2022 : une forte mobilisation des \u00e9lecteurs de gauche - Lyon Bondy Blog","og_description":"A l'occasion du 1er tour des \u00e9lections l\u00e9gislatives, le Lyon Bondy Blog est aller recueillir des impressions dans des bureaux....","og_url":"https:\/\/lyonbondyblog.fr\/LBB\/legislatives-2022-une-forte-mobilisation-des-electeurs-de-gauche\/","og_site_name":"Lyon Bondy Blog","article_publisher":"https:\/\/www.facebook.com\/lyonbondyblog","article_published_time":"2022-06-12T16:38:32+00:00","article_modified_time":"2022-06-12T16:38:34+00:00","og_image":[{"width":2560,"height":1707,"url":"https:\/\/lyonbondyblog.fr\/LBB\/wp-content\/uploads\/2022\/06\/photos-e\u0301lections-scaled.jpeg","type":"image\/jpeg"}],"author":"Aurore Ployer","twitter_card":"summary_large_image","twitter_creator":"@bondybloglyon","twitter_site":"@bondybloglyon","schema":{"@context":"https:\/\/schema.org","@graph":[{"@type":"Article","@id":"https:\/\/lyonbondyblog.fr\/LBB\/legislatives-2022-une-forte-mobilisation-des-electeurs-de-gauche\/#article","isPartOf":{"@id":"https:\/\/lyonbondyblog.fr\/LBB\/legislatives-2022-une-forte-mobilisation-des-electeurs-de-gauche\/"},"author":{"name":"Aurore Ployer","@id":"https:\/\/lyonbondyblog.fr\/LBB\/#\/schema\/person\/32a6ca84915e1d2fced1cef188943fb8"},"headline":"L\u00e9gislatives 2022 : une forte mobilisation des \u00e9lecteurs de gauche","datePublished":"2022-06-12T16:38:32+00:00","dateModified":"2022-06-12T16:38:34+00:00","mainEntityOfPage":{"@id":"https:\/\/lyonbondyblog.fr\/LBB\/legislatives-2022-une-forte-mobilisation-des-electeurs-de-gauche\/"},"wordCount":178,"commentCount":0,"publisher":{"@id":"https:\/\/lyonbondyblog.fr\/LBB\/#organization"},"image":{"@id":"https:\/\/lyonbondyblog.fr\/LBB\/legislatives-2022-une-forte-mobilisation-des-electeurs-de-gauche\/#primaryimage"},"thumbnailUrl":"https:\/\/lyonbondyblog.fr\/LBB\/wp-content\/uploads\/2022\/06\/photos-e\u0301lections-scaled.jpeg","articleSection":["L\u00e9gislatives 2022","L\u00e9gislatives 2022","Lyon","Politique"],"inLanguage":"fr-FR","potentialAction":[{"@type":"CommentAction","name":"Comment","target":["https:\/\/lyonbondyblog.fr\/LBB\/legislatives-2022-une-forte-mobilisation-des-electeurs-de-gauche\/#respond"]}]},{"@type":"WebPage","@id":"https:\/\/lyonbondyblog.fr\/LBB\/legislatives-2022-une-forte-mobilisation-des-electeurs-de-gauche\/","url":"https:\/\/lyonbondyblog.fr\/LBB\/legislatives-2022-une-forte-mobilisation-des-electeurs-de-gauche\/","name":"L\u00e9gislatives 2022 : une forte mobilisation des \u00e9lecteurs de gauche - Lyon Bondy Blog","isPartOf":{"@id":"https:\/\/lyonbondyblog.fr\/LBB\/#website"},"primaryImageOfPage":{"@id":"https:\/\/lyonbondyblog.fr\/LBB\/legislatives-2022-une-forte-mobilisation-des-electeurs-de-gauche\/#primaryimage"},"image":{"@id":"https:\/\/lyonbondyblog.fr\/LBB\/legislatives-2022-une-forte-mobilisation-des-electeurs-de-gauche\/#primaryimage"},"thumbnailUrl":"https:\/\/lyonbondyblog.fr\/LBB\/wp-content\/uploads\/2022\/06\/photos-e\u0301lections-scaled.jpeg","datePublished":"2022-06-12T16:38:32+00:00","dateModified":"2022-06-12T16:38:34+00:00","description":"A l'occasion du 1er tour des \u00e9lections l\u00e9gislatives, le Lyon Bondy Blog est aller recueillir des impressions dans des bureaux....","inLanguage":"fr-FR","potentialAction":[{"@type":"ReadAction","target":["https:\/\/lyonbondyblog.fr\/LBB\/legislatives-2022-une-forte-mobilisation-des-electeurs-de-gauche\/"]}]},{"@type":"ImageObject","inLanguage":"fr-FR","@id":"https:\/\/lyonbondyblog.fr\/LBB\/legislatives-2022-une-forte-mobilisation-des-electeurs-de-gauche\/#primaryimage","url":"https:\/\/lyonbondyblog.fr\/LBB\/wp-content\/uploads\/2022\/06\/photos-e\u0301lections-scaled.jpeg","contentUrl":"https:\/\/lyonbondyblog.fr\/LBB\/wp-content\/uploads\/2022\/06\/photos-e\u0301lections-scaled.jpeg","width":2560,"height":1707,"caption":"Ce dimanche 12 juin se tient le premier jour des \u00e9lections l\u00e9gislatives."},{"@type":"WebSite","@id":"https:\/\/lyonbondyblog.fr\/LBB\/#website","url":"https:\/\/lyonbondyblog.fr\/LBB\/","name":"Lyon Bondy Blog","description":"","publisher":{"@id":"https:\/\/lyonbondyblog.fr\/LBB\/#organization"},"potentialAction":[{"@type":"SearchAction","target":{"@type":"EntryPoint","urlTemplate":"https:\/\/lyonbondyblog.fr\/LBB\/?s={search_term_string}"},"query-input":"required name=search_term_string"}],"inLanguage":"fr-FR"},{"@type":"Organization","@id":"https:\/\/lyonbondyblog.fr\/LBB\/#organization","name":"LYON BONDY BLOG","url":"https:\/\/lyonbondyblog.fr\/LBB\/","logo":{"@type":"ImageObject","inLanguage":"fr-FR","@id":"https:\/\/lyonbondyblog.fr\/LBB\/#\/schema\/logo\/image\/","url":"http:\/\/lyonbondyblog.fr\/LBB\/wp-content\/uploads\/2014\/10\/logo-portable-144.png","contentUrl":"http:\/\/lyonbondyblog.fr\/LBB\/wp-content\/uploads\/2014\/10\/logo-portable-144.png","width":144,"height":123,"caption":"LYON BONDY BLOG"},"image":{"@id":"https:\/\/lyonbondyblog.fr\/LBB\/#\/schema\/logo\/image\/"},"sameAs":["https:\/\/www.facebook.com\/lyonbondyblog","https:\/\/x.com\/bondybloglyon"]},{"@type":"Person","@id":"https:\/\/lyonbondyblog.fr\/LBB\/#\/schema\/person\/32a6ca84915e1d2fced1cef188943fb8","name":"Aurore Ployer","url":"https:\/\/lyonbondyblog.fr\/LBB\/author\/auroreployer\/"}]}},"_links":{"self":[{"href":"https:\/\/lyonbondyblog.fr\/LBB\/wp-json\/wp\/v2\/posts\/29545","targetHints":{"allow":["GET"]}}],"collection":[{"href":"https:\/\/lyonbondyblog.fr\/LBB\/wp-json\/wp\/v2\/posts"}],"about":[{"href":"https:\/\/lyonbondyblog.fr\/LBB\/wp-json\/wp\/v2\/types\/post"}],"author":[{"embeddable":true,"href":"https:\/\/lyonbondyblog.fr\/LBB\/wp-json\/wp\/v2\/users\/31865"}],"replies":[{"embeddable":true,"href":"https:\/\/lyonbondyblog.fr\/LBB\/wp-json\/wp\/v2\/comments?post=29545"}],"version-history":[{"count":1,"href":"https:\/\/lyonbondyblog.fr\/LBB\/wp-json\/wp\/v2\/posts\/29545\/revisions"}],"predecessor-version":[{"id":29549,"href":"https:\/\/lyonbondyblog.fr\/LBB\/wp-json\/wp\/v2\/posts\/29545\/revisions\/29549"}],"wp:featuredmedia":[{"embeddable":true,"href":"https:\/\/lyonbondyblog.fr\/LBB\/wp-json\/wp\/v2\/media\/29546"}],"wp:attachment":[{"href":"https:\/\/lyonbondyblog.fr\/LBB\/wp-json\/wp\/v2\/media?parent=29545"}],"wp:term":[{"taxonomy":"category","embeddable":true,"href":"https:\/\/lyonbondyblog.fr\/LBB\/wp-json\/wp\/v2\/categories?post=29545"},{"taxonomy":"post_tag","embeddable":true,"href":"https:\/\/lyonbondyblog.fr\/LBB\/wp-json\/wp\/v2\/tags?post=29545"}],"curies":[{"name":"wp","href":"https:\/\/api.w.org\/{rel}","templated":true}]}}