{"id":2952,"date":"2010-03-27T15:00:10","date_gmt":"2010-03-27T14:00:10","guid":{"rendered":"http:\/\/lyonbondyblog.fr\/LBB\/?p=2952"},"modified":"2013-08-01T15:17:12","modified_gmt":"2013-08-01T13:17:12","slug":"derriere-les-chantiers-du-quartier-mermoz","status":"publish","type":"post","link":"https:\/\/lyonbondyblog.fr\/LBB\/derriere-les-chantiers-du-quartier-mermoz\/","title":{"rendered":"Derri\u00e8re les chantiers du quartier Mermoz"},"content":{"rendered":"<p><strong>D\u00e9couvrez jusqu&rsquo;au 27 mars, \u00ab\u00a0Les ch\u00e2teaux d&rsquo;ma m\u00e8re\u00a0\u00bb, une exposition aux Archives municipales de Lyon qui nous offre un regard neuf sur le quartier Mermoz, soumis, depuis quelques ann\u00e9es, \u00e0 de nombreux changements urbains.<\/strong><\/p>\n<div><a title=\" -- Cliquez pour voir l'image en entier\" href=\"http:\/\/yahoo.lyon.bondyblog.fr\/images\/chateaux.jpg\" target=\"_blank\"> <img loading=\"lazy\" decoding=\"async\" class=\"alignleft\" style=\"border: 0px none;\" alt=\" -- Cliquez pour voir l'image en entier\" src=\"http:\/\/yahoo.lyon.bondyblog.fr\/images\/chateaux_t.jpg\" width=\"193\" height=\"136\" border=\"0\" \/> <\/a><\/div>\n<div>\u00a0C&rsquo;est en 2008 que la M.J.C. Mermoz lance l&rsquo;id\u00e9e d&rsquo;un projet de t\u00e9moignages, fait par des femmes, sur le quartier Mermoz. Ce travail de m\u00e9moire a \u00e9t\u00e9 encadr\u00e9 par le photographe\/journaliste Pierre-Yves Ginet &#8211; connu pour ses travaux sur la condition des femmes dans le monde &#8211; \u00a0entre juin 2008 et juin 2009. L&rsquo;id\u00e9e est simple et originale \u00e0 la fois\u00a0: dix femmes, chacune munie d&rsquo;un appareil photo jetable, sont choisies pour t\u00e9moigner, \u00e0 leur mani\u00e8re, de leur vie, de celle de leur quartier, en y ajoutant quelques paragraphes compl\u00e9tant le tableau.<\/div>\n<p>Ce qui int\u00e9ressait le photographe, c&rsquo;\u00e9tait d&rsquo;offrir un point de vue original, dans les deux sens du terme, sur ce quartier de la banlieue lyonnaise. N&rsquo;oublions pas que cette partie de la ville, n\u00e9e dans les ann\u00e9es 50, a toujours comport\u00e9 un grand nombre de logements sociaux, qui ont augment\u00e9 au fil du temps, et qu&rsquo;elle demeure, quoi qu&rsquo;on en dise, assez isol\u00e9e du reste de Lyon. Celle-ci a connu de nombreuses mutations, modernisations ou autres plans urbains n\u00e9cessitant le d\u00e9placement de nombreuses familles.<\/p>\n<p>Depuis 2008, et jusqu&rsquo;en 2013, un nouveau plan urbain a \u00e9t\u00e9 mis en place afin de transformer les v\u00e9tustes barres d&rsquo;immeubles en de nouveaux et modernes logements. Pour cela, de nombreux b\u00e2timents ont \u00e9t\u00e9 d\u00e9truits, obligeant une longue manoeuvre de relogement des familles touch\u00e9es qui n&rsquo;ont, d&rsquo;ailleurs, pas toujours accept\u00e9 de d\u00e9m\u00e9nager. L&rsquo;autre grande nouveaut\u00e9 est le d\u00e9tournement de l&rsquo;autoroute qui coupe le quartier en deux depuis cinquante ans, d\u00e9tournement qui sera finalis\u00e9e d&rsquo;ici 2013.<\/p>\n<p>Dans le but de marquer leur passage, Wahiba, Le\u00efla, Juliette, Nadia, Mabrouka, Manuela, La\u00efla, Djamila, Rachida et B\u00e9r\u00e9nice, ont pris le temps de mettre en forme leur t\u00e9moignage. Un an de r\u00e9flexion et de travail qui ont abouti \u00e0 une exposition d&rsquo;une vingtaine de photos (anonymes) accompagn\u00e9es de leur commentaire. \u00a0\u00ab <i>Elles se sont empar\u00e9es de leur appareil jetable et ont t\u00e9moign\u00e9. Pas de l&rsquo;existence des &lsquo;mamans des cit\u00e9s&rsquo;. Non (\u2026), elles ont juste t\u00e9moign\u00e9 de leur vie\u00a0\u00bb <\/i>d\u00e9clare Pierre-Yves Ginet, qui annonce clairement la libert\u00e9 de ton prise par les protagonistes.<\/p>\n<p>Chacune avec son histoire, son pass\u00e9, son rapport \u00e0 ce quartier, elles nous offrent ici un r\u00e9el et int\u00e9ressant point de vue, vraiment h\u00e9t\u00e9rog\u00e8ne. Certaines sont tr\u00e8s li\u00e9es \u00e0 ce Mermoz qu&rsquo;elles ont connu, comme Nadia qui d\u00e9clare que<i> \u00ab (sa) vie est li\u00e9e \u00e0 ces tours, ces all\u00e9es\u00a0\u00bb, et que \u00ab\u00a0l&rsquo;on a peur que \u00a0les souvenir partent avec les immeubles <\/i>\u00bb. Juliette, quant \u00e0 elle, insiste plus sur le travail effectu\u00e9: \u00ab<i> Je crois qu&rsquo;avec les autres femmes du groupe, nous avons en commun un enracinement\u00a0\u00bb, <\/i>ou encore<i> \u00ab\u00a0mes plus belles photos sont sans doute celles que je n&rsquo;ai pas os\u00e9es <\/i>\u00bb. Ce qui \u00e9voque aussi la difficult\u00e9 \u00e0 se pr\u00eater \u00e0 ce genre d&rsquo;exercice, surtout quand on y a v\u00e9cu plus de vingt ans. D&rsquo;autres ont facilement accept\u00e9 d&rsquo;\u00eatre relog\u00e9s ailleurs, estimant les conditions de vie meilleures dans un nouveau logement.<\/p>\n<p>Mermoz d\u00e9cortiqu\u00e9, donc, par un regard int\u00e9rieur et une volont\u00e9 de sensibilisation qui touchent. Un regard important, car, m\u00eame si une modernisation est jug\u00e9e n\u00e9cessaire, cela permet de sauvegarder un peu de vie de ces murs encombrants mais charg\u00e9s d&rsquo;histoires.<\/p>\n<p>Pour en savoir plus\u00a0: <a href=\"http:\/\/www.archives-lyon.fr\/archives\/sections\/fr\/expositions\/a_laffiche6919\/les_chateaux_mere\/\">Exposition Mermoz<\/a><\/p>\n<p><span style=\"text-decoration: underline;\">Auteur : Paolo Kahn<\/span><\/p>\n<!-- AddThis Advanced Settings generic via filter on the_content --><!-- AddThis Share Buttons generic via filter on the_content -->","protected":false},"excerpt":{"rendered":"<p>D\u00e9couvrez jusqu&rsquo;au 27 mars, \u00ab\u00a0Les ch\u00e2teaux d&rsquo;ma m\u00e8re\u00a0\u00bb, une exposition aux Archives municipales de Lyon qui nous offre un regard neuf sur le quartier Mermoz, &hellip; <!-- AddThis Advanced Settings generic via filter on wp_trim_excerpt --><!-- AddThis Share Buttons generic via filter on wp_trim_excerpt --><\/p>\n","protected":false},"author":1,"featured_media":2959,"comment_status":"open","ping_status":"open","sticky":false,"template":"","format":"standard","meta":{"_FSMCFIC_featured_image_caption":"","_FSMCFIC_featured_image_nocaption":"","_FSMCFIC_featured_image_hide":"","footnotes":""},"categories":[2],"tags":[10,112],"class_list":["post-2952","post","type-post","status-publish","format-standard","has-post-thumbnail","hentry","category-societe","tag-lyon-2","tag-lyon-bondy-blog"],"yoast_head":"<!-- This site is optimized with the Yoast SEO plugin v22.8 - https:\/\/yoast.com\/wordpress\/plugins\/seo\/ -->\n<title>Derri\u00e8re les chantiers du quartier Mermoz - Lyon Bondy Blog<\/title>\n<meta name=\"robots\" content=\"index, follow, max-snippet:-1, max-image-preview:large, max-video-preview:-1\" \/>\n<link rel=\"canonical\" href=\"https:\/\/lyonbondyblog.fr\/LBB\/derriere-les-chantiers-du-quartier-mermoz\/\" \/>\n<meta property=\"og:locale\" content=\"fr_FR\" \/>\n<meta property=\"og:type\" content=\"article\" \/>\n<meta property=\"og:title\" content=\"Derri\u00e8re les chantiers du quartier Mermoz - Lyon Bondy Blog\" \/>\n<meta property=\"og:description\" content=\"D\u00e9couvrez jusqu&rsquo;au 27 mars, \u00ab\u00a0Les ch\u00e2teaux d&rsquo;ma m\u00e8re\u00a0\u00bb, une exposition aux Archives municipales de Lyon qui nous offre un regard neuf sur le quartier Mermoz, &hellip;\" \/>\n<meta property=\"og:url\" content=\"https:\/\/lyonbondyblog.fr\/LBB\/derriere-les-chantiers-du-quartier-mermoz\/\" \/>\n<meta property=\"og:site_name\" content=\"Lyon Bondy Blog\" \/>\n<meta property=\"article:publisher\" content=\"https:\/\/www.facebook.com\/lyonbondyblog\" \/>\n<meta property=\"article:author\" content=\"https:\/\/www.facebook.com\/lyonbondyblog\" \/>\n<meta property=\"article:published_time\" content=\"2010-03-27T14:00:10+00:00\" \/>\n<meta property=\"article:modified_time\" content=\"2013-08-01T13:17:12+00:00\" \/>\n<meta property=\"og:image\" content=\"https:\/\/lyonbondyblog.fr\/LBB\/wp-content\/uploads\/2013\/08\/chateaux_t.jpg\" \/>\n\t<meta property=\"og:image:width\" content=\"193\" \/>\n\t<meta property=\"og:image:height\" content=\"136\" \/>\n\t<meta property=\"og:image:type\" content=\"image\/jpeg\" \/>\n<meta name=\"author\" content=\"La r\u00e9daction\" \/>\n<meta name=\"twitter:card\" content=\"summary_large_image\" \/>\n<meta name=\"twitter:creator\" content=\"@BondyBlogLyon\" \/>\n<meta name=\"twitter:site\" content=\"@bondybloglyon\" \/>\n<script type=\"application\/ld+json\" class=\"yoast-schema-graph\">{\"@context\":\"https:\/\/schema.org\",\"@graph\":[{\"@type\":\"Article\",\"@id\":\"https:\/\/lyonbondyblog.fr\/LBB\/derriere-les-chantiers-du-quartier-mermoz\/#article\",\"isPartOf\":{\"@id\":\"https:\/\/lyonbondyblog.fr\/LBB\/derriere-les-chantiers-du-quartier-mermoz\/\"},\"author\":{\"name\":\"La r\u00e9daction\",\"@id\":\"https:\/\/lyonbondyblog.fr\/LBB\/#\/schema\/person\/e45f8d27baac75072daa0be50c409b25\"},\"headline\":\"Derri\u00e8re les chantiers du quartier Mermoz\",\"datePublished\":\"2010-03-27T14:00:10+00:00\",\"dateModified\":\"2013-08-01T13:17:12+00:00\",\"mainEntityOfPage\":{\"@id\":\"https:\/\/lyonbondyblog.fr\/LBB\/derriere-les-chantiers-du-quartier-mermoz\/\"},\"wordCount\":615,\"commentCount\":0,\"publisher\":{\"@id\":\"https:\/\/lyonbondyblog.fr\/LBB\/#organization\"},\"image\":{\"@id\":\"https:\/\/lyonbondyblog.fr\/LBB\/derriere-les-chantiers-du-quartier-mermoz\/#primaryimage\"},\"thumbnailUrl\":\"https:\/\/lyonbondyblog.fr\/LBB\/wp-content\/uploads\/2013\/08\/chateaux_t.jpg\",\"keywords\":[\"lyon\",\"Lyon Bondy Blog\"],\"articleSection\":[\"Soci\u00e9t\u00e9\"],\"inLanguage\":\"fr-FR\",\"potentialAction\":[{\"@type\":\"CommentAction\",\"name\":\"Comment\",\"target\":[\"https:\/\/lyonbondyblog.fr\/LBB\/derriere-les-chantiers-du-quartier-mermoz\/#respond\"]}]},{\"@type\":\"WebPage\",\"@id\":\"https:\/\/lyonbondyblog.fr\/LBB\/derriere-les-chantiers-du-quartier-mermoz\/\",\"url\":\"https:\/\/lyonbondyblog.fr\/LBB\/derriere-les-chantiers-du-quartier-mermoz\/\",\"name\":\"Derri\u00e8re les chantiers du quartier Mermoz - Lyon Bondy Blog\",\"isPartOf\":{\"@id\":\"https:\/\/lyonbondyblog.fr\/LBB\/#website\"},\"primaryImageOfPage\":{\"@id\":\"https:\/\/lyonbondyblog.fr\/LBB\/derriere-les-chantiers-du-quartier-mermoz\/#primaryimage\"},\"image\":{\"@id\":\"https:\/\/lyonbondyblog.fr\/LBB\/derriere-les-chantiers-du-quartier-mermoz\/#primaryimage\"},\"thumbnailUrl\":\"https:\/\/lyonbondyblog.fr\/LBB\/wp-content\/uploads\/2013\/08\/chateaux_t.jpg\",\"datePublished\":\"2010-03-27T14:00:10+00:00\",\"dateModified\":\"2013-08-01T13:17:12+00:00\",\"inLanguage\":\"fr-FR\",\"potentialAction\":[{\"@type\":\"ReadAction\",\"target\":[\"https:\/\/lyonbondyblog.fr\/LBB\/derriere-les-chantiers-du-quartier-mermoz\/\"]}]},{\"@type\":\"ImageObject\",\"inLanguage\":\"fr-FR\",\"@id\":\"https:\/\/lyonbondyblog.fr\/LBB\/derriere-les-chantiers-du-quartier-mermoz\/#primaryimage\",\"url\":\"https:\/\/lyonbondyblog.fr\/LBB\/wp-content\/uploads\/2013\/08\/chateaux_t.jpg\",\"contentUrl\":\"https:\/\/lyonbondyblog.fr\/LBB\/wp-content\/uploads\/2013\/08\/chateaux_t.jpg\",\"width\":193,\"height\":136},{\"@type\":\"WebSite\",\"@id\":\"https:\/\/lyonbondyblog.fr\/LBB\/#website\",\"url\":\"https:\/\/lyonbondyblog.fr\/LBB\/\",\"name\":\"Lyon Bondy Blog\",\"description\":\"\",\"publisher\":{\"@id\":\"https:\/\/lyonbondyblog.fr\/LBB\/#organization\"},\"potentialAction\":[{\"@type\":\"SearchAction\",\"target\":{\"@type\":\"EntryPoint\",\"urlTemplate\":\"https:\/\/lyonbondyblog.fr\/LBB\/?s={search_term_string}\"},\"query-input\":\"required name=search_term_string\"}],\"inLanguage\":\"fr-FR\"},{\"@type\":\"Organization\",\"@id\":\"https:\/\/lyonbondyblog.fr\/LBB\/#organization\",\"name\":\"LYON BONDY BLOG\",\"url\":\"https:\/\/lyonbondyblog.fr\/LBB\/\",\"logo\":{\"@type\":\"ImageObject\",\"inLanguage\":\"fr-FR\",\"@id\":\"https:\/\/lyonbondyblog.fr\/LBB\/#\/schema\/logo\/image\/\",\"url\":\"http:\/\/lyonbondyblog.fr\/LBB\/wp-content\/uploads\/2014\/10\/logo-portable-144.png\",\"contentUrl\":\"http:\/\/lyonbondyblog.fr\/LBB\/wp-content\/uploads\/2014\/10\/logo-portable-144.png\",\"width\":144,\"height\":123,\"caption\":\"LYON BONDY BLOG\"},\"image\":{\"@id\":\"https:\/\/lyonbondyblog.fr\/LBB\/#\/schema\/logo\/image\/\"},\"sameAs\":[\"https:\/\/www.facebook.com\/lyonbondyblog\",\"https:\/\/x.com\/bondybloglyon\"]},{\"@type\":\"Person\",\"@id\":\"https:\/\/lyonbondyblog.fr\/LBB\/#\/schema\/person\/e45f8d27baac75072daa0be50c409b25\",\"name\":\"La r\u00e9daction\",\"description\":\"Cr\u00e9e en 2008, la r\u00e9daction du Lyon Bondy Blog s'applique \u00e0 proposer une information locale diff\u00e9rente et compl\u00e9mentaire des m\u00e9dias traditionnels.\",\"sameAs\":[\"https:\/\/www.facebook.com\/lyonbondyblog\",\"https:\/\/x.com\/BondyBlogLyon\"],\"url\":\"https:\/\/lyonbondyblog.fr\/LBB\/author\/admin\/\"}]}<\/script>\n<!-- \/ Yoast SEO plugin. -->","yoast_head_json":{"title":"Derri\u00e8re les chantiers du quartier Mermoz - Lyon Bondy Blog","robots":{"index":"index","follow":"follow","max-snippet":"max-snippet:-1","max-image-preview":"max-image-preview:large","max-video-preview":"max-video-preview:-1"},"canonical":"https:\/\/lyonbondyblog.fr\/LBB\/derriere-les-chantiers-du-quartier-mermoz\/","og_locale":"fr_FR","og_type":"article","og_title":"Derri\u00e8re les chantiers du quartier Mermoz - Lyon Bondy Blog","og_description":"D\u00e9couvrez jusqu&rsquo;au 27 mars, \u00ab\u00a0Les ch\u00e2teaux d&rsquo;ma m\u00e8re\u00a0\u00bb, une exposition aux Archives municipales de Lyon qui nous offre un regard neuf sur le quartier Mermoz, &hellip;","og_url":"https:\/\/lyonbondyblog.fr\/LBB\/derriere-les-chantiers-du-quartier-mermoz\/","og_site_name":"Lyon Bondy Blog","article_publisher":"https:\/\/www.facebook.com\/lyonbondyblog","article_author":"https:\/\/www.facebook.com\/lyonbondyblog","article_published_time":"2010-03-27T14:00:10+00:00","article_modified_time":"2013-08-01T13:17:12+00:00","og_image":[{"width":193,"height":136,"url":"https:\/\/lyonbondyblog.fr\/LBB\/wp-content\/uploads\/2013\/08\/chateaux_t.jpg","type":"image\/jpeg"}],"author":"La r\u00e9daction","twitter_card":"summary_large_image","twitter_creator":"@BondyBlogLyon","twitter_site":"@bondybloglyon","schema":{"@context":"https:\/\/schema.org","@graph":[{"@type":"Article","@id":"https:\/\/lyonbondyblog.fr\/LBB\/derriere-les-chantiers-du-quartier-mermoz\/#article","isPartOf":{"@id":"https:\/\/lyonbondyblog.fr\/LBB\/derriere-les-chantiers-du-quartier-mermoz\/"},"author":{"name":"La r\u00e9daction","@id":"https:\/\/lyonbondyblog.fr\/LBB\/#\/schema\/person\/e45f8d27baac75072daa0be50c409b25"},"headline":"Derri\u00e8re les chantiers du quartier Mermoz","datePublished":"2010-03-27T14:00:10+00:00","dateModified":"2013-08-01T13:17:12+00:00","mainEntityOfPage":{"@id":"https:\/\/lyonbondyblog.fr\/LBB\/derriere-les-chantiers-du-quartier-mermoz\/"},"wordCount":615,"commentCount":0,"publisher":{"@id":"https:\/\/lyonbondyblog.fr\/LBB\/#organization"},"image":{"@id":"https:\/\/lyonbondyblog.fr\/LBB\/derriere-les-chantiers-du-quartier-mermoz\/#primaryimage"},"thumbnailUrl":"https:\/\/lyonbondyblog.fr\/LBB\/wp-content\/uploads\/2013\/08\/chateaux_t.jpg","keywords":["lyon","Lyon Bondy Blog"],"articleSection":["Soci\u00e9t\u00e9"],"inLanguage":"fr-FR","potentialAction":[{"@type":"CommentAction","name":"Comment","target":["https:\/\/lyonbondyblog.fr\/LBB\/derriere-les-chantiers-du-quartier-mermoz\/#respond"]}]},{"@type":"WebPage","@id":"https:\/\/lyonbondyblog.fr\/LBB\/derriere-les-chantiers-du-quartier-mermoz\/","url":"https:\/\/lyonbondyblog.fr\/LBB\/derriere-les-chantiers-du-quartier-mermoz\/","name":"Derri\u00e8re les chantiers du quartier Mermoz - Lyon Bondy Blog","isPartOf":{"@id":"https:\/\/lyonbondyblog.fr\/LBB\/#website"},"primaryImageOfPage":{"@id":"https:\/\/lyonbondyblog.fr\/LBB\/derriere-les-chantiers-du-quartier-mermoz\/#primaryimage"},"image":{"@id":"https:\/\/lyonbondyblog.fr\/LBB\/derriere-les-chantiers-du-quartier-mermoz\/#primaryimage"},"thumbnailUrl":"https:\/\/lyonbondyblog.fr\/LBB\/wp-content\/uploads\/2013\/08\/chateaux_t.jpg","datePublished":"2010-03-27T14:00:10+00:00","dateModified":"2013-08-01T13:17:12+00:00","inLanguage":"fr-FR","potentialAction":[{"@type":"ReadAction","target":["https:\/\/lyonbondyblog.fr\/LBB\/derriere-les-chantiers-du-quartier-mermoz\/"]}]},{"@type":"ImageObject","inLanguage":"fr-FR","@id":"https:\/\/lyonbondyblog.fr\/LBB\/derriere-les-chantiers-du-quartier-mermoz\/#primaryimage","url":"https:\/\/lyonbondyblog.fr\/LBB\/wp-content\/uploads\/2013\/08\/chateaux_t.jpg","contentUrl":"https:\/\/lyonbondyblog.fr\/LBB\/wp-content\/uploads\/2013\/08\/chateaux_t.jpg","width":193,"height":136},{"@type":"WebSite","@id":"https:\/\/lyonbondyblog.fr\/LBB\/#website","url":"https:\/\/lyonbondyblog.fr\/LBB\/","name":"Lyon Bondy Blog","description":"","publisher":{"@id":"https:\/\/lyonbondyblog.fr\/LBB\/#organization"},"potentialAction":[{"@type":"SearchAction","target":{"@type":"EntryPoint","urlTemplate":"https:\/\/lyonbondyblog.fr\/LBB\/?s={search_term_string}"},"query-input":"required name=search_term_string"}],"inLanguage":"fr-FR"},{"@type":"Organization","@id":"https:\/\/lyonbondyblog.fr\/LBB\/#organization","name":"LYON BONDY BLOG","url":"https:\/\/lyonbondyblog.fr\/LBB\/","logo":{"@type":"ImageObject","inLanguage":"fr-FR","@id":"https:\/\/lyonbondyblog.fr\/LBB\/#\/schema\/logo\/image\/","url":"http:\/\/lyonbondyblog.fr\/LBB\/wp-content\/uploads\/2014\/10\/logo-portable-144.png","contentUrl":"http:\/\/lyonbondyblog.fr\/LBB\/wp-content\/uploads\/2014\/10\/logo-portable-144.png","width":144,"height":123,"caption":"LYON BONDY BLOG"},"image":{"@id":"https:\/\/lyonbondyblog.fr\/LBB\/#\/schema\/logo\/image\/"},"sameAs":["https:\/\/www.facebook.com\/lyonbondyblog","https:\/\/x.com\/bondybloglyon"]},{"@type":"Person","@id":"https:\/\/lyonbondyblog.fr\/LBB\/#\/schema\/person\/e45f8d27baac75072daa0be50c409b25","name":"La r\u00e9daction","description":"Cr\u00e9e en 2008, la r\u00e9daction du Lyon Bondy Blog s'applique \u00e0 proposer une information locale diff\u00e9rente et compl\u00e9mentaire des m\u00e9dias traditionnels.","sameAs":["https:\/\/www.facebook.com\/lyonbondyblog","https:\/\/x.com\/BondyBlogLyon"],"url":"https:\/\/lyonbondyblog.fr\/LBB\/author\/admin\/"}]}},"_links":{"self":[{"href":"https:\/\/lyonbondyblog.fr\/LBB\/wp-json\/wp\/v2\/posts\/2952","targetHints":{"allow":["GET"]}}],"collection":[{"href":"https:\/\/lyonbondyblog.fr\/LBB\/wp-json\/wp\/v2\/posts"}],"about":[{"href":"https:\/\/lyonbondyblog.fr\/LBB\/wp-json\/wp\/v2\/types\/post"}],"author":[{"embeddable":true,"href":"https:\/\/lyonbondyblog.fr\/LBB\/wp-json\/wp\/v2\/users\/1"}],"replies":[{"embeddable":true,"href":"https:\/\/lyonbondyblog.fr\/LBB\/wp-json\/wp\/v2\/comments?post=2952"}],"version-history":[{"count":0,"href":"https:\/\/lyonbondyblog.fr\/LBB\/wp-json\/wp\/v2\/posts\/2952\/revisions"}],"wp:featuredmedia":[{"embeddable":true,"href":"https:\/\/lyonbondyblog.fr\/LBB\/wp-json\/wp\/v2\/media\/2959"}],"wp:attachment":[{"href":"https:\/\/lyonbondyblog.fr\/LBB\/wp-json\/wp\/v2\/media?parent=2952"}],"wp:term":[{"taxonomy":"category","embeddable":true,"href":"https:\/\/lyonbondyblog.fr\/LBB\/wp-json\/wp\/v2\/categories?post=2952"},{"taxonomy":"post_tag","embeddable":true,"href":"https:\/\/lyonbondyblog.fr\/LBB\/wp-json\/wp\/v2\/tags?post=2952"}],"curies":[{"name":"wp","href":"https:\/\/api.w.org\/{rel}","templated":true}]}}