{"id":29488,"date":"2022-06-09T18:57:50","date_gmt":"2022-06-09T16:57:50","guid":{"rendered":"http:\/\/lyonbondyblog.fr\/LBB\/?p=29488"},"modified":"2022-06-10T09:52:32","modified_gmt":"2022-06-10T07:52:32","slug":"christophe-castaner-en-deplacement-a-lyon-pour-soutenir-les-candidats-lrem","status":"publish","type":"post","link":"https:\/\/lyonbondyblog.fr\/LBB\/christophe-castaner-en-deplacement-a-lyon-pour-soutenir-les-candidats-lrem\/","title":{"rendered":"Christophe Castaner en d\u00e9placement \u00e0 Lyon pour soutenir les candidats LREM"},"content":{"rendered":"\n<p><strong>L&rsquo;ancien ministre de l\u2019int\u00e9rieur et actuel pr\u00e9sident du groupe LREM \u00e0 l\u2019Assembl\u00e9e nationale, Christophe Castaner, \u00e9tait pr\u00e9sent \u00e0 Lyon ce mardi 7 juin pour apporter son soutien aux candidats du parti pr\u00e9sidentiel. <\/strong><\/p>\n\n\n\n<p>C\u2019est dans le 3eme arrondissement que d\u00e9bute cette r\u00e9union publique introduite par Anne Bugnera, candidate et d\u00e9j\u00e0 d\u00e9put\u00e9e depuis 2017, dans la 4eme circonscription. A ces c\u00f4t\u00e9s, trois autres candidats pr\u00e9sents ce soir-l\u00e0&nbsp;: &nbsp;Thomas Rudigoz, Loic Terrenes et <a href=\"https:\/\/lyonbondyblog.fr\/LBB\/legislatives-sarah-peillon-parti-renaissance\/\" target=\"_blank\" rel=\"noreferrer noopener\">Sarah Peillon<\/a>.<\/p>\n\n\n\n<h2 class=\"wp-block-heading\">Des mesures, des remerciements et des \u00e9loges<\/h2>\n\n\n\n<p>Un meeting pour pr\u00e9senter le programme  de la majorit\u00e9 pr\u00e9sidentielle par la candidate qui \u00e9voque&nbsp;: \u00ab&nbsp;<em>un projet coh\u00e9rent, un projet pour la France et ses citoyens<\/em> \u00bb. Avant d\u2019affirmer \u00ab&nbsp;<em>ne pas faire de promesses qui ne seront pas tenues, mais juste avoir des ambitions r\u00e9alistes pour le pays<\/em>&nbsp;\u00bb. Des ambitions tourn\u00e9es vers le pouvoir d\u2019achat, la sant\u00e9, l\u2019environnement, l\u2019\u00e9cole, ainsi que la s\u00e9curit\u00e9.<\/p>\n\n\n\n<p>Anne Bugnera \u00e9met aussi le sujet de la culture. \u00ab&nbsp;<em>Nous continuerons de nous battre, elle a \u00e9t\u00e9 d\u00e9laiss\u00e9e, mais nous pouvons la sauver, avec par exemple, le pass culture, mais aussi en obligeant des plateformes \u00e0 participer \u00e0 la culture fran\u00e7aise<\/em>&nbsp;\u00bb. Elle ajoute avoir \u00ab&nbsp;<em>r\u00e9colt\u00e9 13,6 milliards d\u2019euros de budget, pour les artistes et cr\u00e9ateurs<\/em>&nbsp;\u00bb. La d\u00e9put\u00e9e poursuit en disant souhaiter voir les subventions revenir \u00e0 la m\u00e9tropole de Lyon. <em>\u00ab&nbsp;Nous assistons \u00e0 un combat entre la r\u00e9gion et la ville, c\u2019est triste, pour la ville et sa culture. Nous revendiquons son importance. Il faut revenir \u00e0 cette libert\u00e9, la libert\u00e9 artistique et associative.&nbsp;\u00bb<\/em>.&nbsp;&nbsp;&nbsp;&nbsp;&nbsp;&nbsp;&nbsp;&nbsp;&nbsp;&nbsp;&nbsp;&nbsp;&nbsp;&nbsp;&nbsp;&nbsp;&nbsp;&nbsp;&nbsp;&nbsp;&nbsp;&nbsp;&nbsp;&nbsp;&nbsp;&nbsp;&nbsp;&nbsp;&nbsp;&nbsp;&nbsp;&nbsp;&nbsp;&nbsp;&nbsp;&nbsp;&nbsp;&nbsp;&nbsp;&nbsp;&nbsp;&nbsp;&nbsp;&nbsp;&nbsp;&nbsp;&nbsp;&nbsp;&nbsp;&nbsp;&nbsp;&nbsp;&nbsp;&nbsp;&nbsp;&nbsp;&nbsp;&nbsp; &nbsp;&nbsp;&nbsp;&nbsp;&nbsp;&nbsp;&nbsp;&nbsp;&nbsp;&nbsp;&nbsp;&nbsp;&nbsp;&nbsp;&nbsp;&nbsp;&nbsp;&nbsp;&nbsp;&nbsp;&nbsp;&nbsp;&nbsp;&nbsp;&nbsp;&nbsp;&nbsp;&nbsp;&nbsp;&nbsp;&nbsp;&nbsp;&nbsp;&nbsp;&nbsp;&nbsp;&nbsp;&nbsp;&nbsp;&nbsp;&nbsp;&nbsp;&nbsp;&nbsp;&nbsp;&nbsp;&nbsp;&nbsp;&nbsp;&nbsp;&nbsp;&nbsp;&nbsp;&nbsp;&nbsp;&nbsp;&nbsp;&nbsp;&nbsp;&nbsp;&nbsp;&nbsp;&nbsp;&nbsp;&nbsp;&nbsp;&nbsp;&nbsp;&nbsp;&nbsp;&nbsp;&nbsp;&nbsp;&nbsp;&nbsp;&nbsp;&nbsp;&nbsp;&nbsp;&nbsp;&nbsp;&nbsp;&nbsp;&nbsp;&nbsp;&nbsp;&nbsp;&nbsp;&nbsp;&nbsp;&nbsp;&nbsp;&nbsp;&nbsp;&nbsp;&nbsp;&nbsp;&nbsp;&nbsp;&nbsp;&nbsp;&nbsp;&nbsp;&nbsp;&nbsp;&nbsp;&nbsp;<\/p>\n\n\n\n<p>C\u2019est au tour de Thomas Rudigoz de prendre la parole. Il commence tout d\u2019abord par des remerciements, \u00e0 l\u2019\u00e9gard des journalistes, en racontant une anecdote pass\u00e9e. \u00ab&nbsp;<em>Un journaliste m\u2019a demand\u00e9 il y a peu&nbsp;: vous pensez que vous ferez aussi bien que la derni\u00e8re fois&nbsp;? Je lui ai r\u00e9pondu&nbsp;: Oui je pense que nous ferons aussi bien voire mieux<\/em>&nbsp;\u00bb. Le candidat ne l\u00e9sine d\u2019ailleurs pas sur les remerciements \u00e0 l\u2019\u00e9gard de nombreux acteurs du parti dont les militants de terrain \u00ab&nbsp;<em>pour cette aide quotidienne, je tiens \u00e0 vous remercier et \u00e0 vous applaudir<\/em>&nbsp;\u00bb.<\/p>\n\n\n\n<p>S\u2019en suit un retour sur sa carri\u00e8re pass\u00e9 : \u00ab&nbsp;<em>Ma commission c\u2019est <a href=\"https:\/\/www.senat.fr\/commission\/loi\/index.html\" target=\"_blank\" rel=\"noreferrer noopener\">la commission des lois<\/a>, j\u2019ai travaill\u00e9 sur la justice et j\u2019ai d\u2019ailleurs travailler avec Christophe Castaner pour affronter des crises telles que les gilets jaunes, ou les commissions d\u2019enqu\u00eates du s\u00e9nat ou de l\u2019Assembl\u00e9e Nationale (\u2026) \u00c7a a pu \u00eatre tr\u00e8s dur car ces p\u00e9riodes ont \u00e9t\u00e9 aliment\u00e9es par beaucoup de violence&nbsp;\u00bb.<\/em><\/p>\n\n\n\n<p>L\u2019homme donne ensuite la parole \u00e0 Loic Terrenes qui a son tour s\u2019empresse de remercier l\u2019ensemble des personnes pr\u00e9sentes. Il \u00e9voque ensuite le pacte g\u00e9n\u00e9rationnel, la priorit\u00e9&nbsp;aux logements, aux transports, et surtout au vivre ensemble. Il \u00e9voque sa volont\u00e9 de cr\u00e9er des nouvelles m\u00e9thodes, afin de \u00ab&nbsp;<em>r\u00e9unir les forces vives du territoire, de r\u00e9ins\u00e9rer la culture dans la ville, sans oublier les th\u00e8mes \u00e9conomiques, associatifs et militaires&nbsp;; pour construire l\u2019avenir<\/em>&nbsp;\u00bb.<\/p>\n\n\n\n<p>Les mots qui reviennent le plus souvent dans l\u2019allocution de Loic Terrenes, sont&nbsp;: &nbsp;prot\u00e9ger, lib\u00e9rer et planifier, pour, selon lui, plus de solidarit\u00e9. \u00ab&nbsp;<em>Plus d\u2019aide et de coop\u00e9ration envers le monde du travail, les m\u00e9tiers du lien, comme l\u2019assistance maternelle, les accompagnants d\u2019\u00e9l\u00e8ves vivant avec un handicap, etc.. Il faut un statut appropri\u00e9 et un salaire suffisant pour chacun, il s\u2019agirait donc de proposer une loi pour ces m\u00e9tiers&nbsp;; pour ainsi garantir un temps plein et un smic. Ce qui am\u00e8nerait plus de coh\u00e9sion sociale.&nbsp;<\/em>\u00bb<\/p>\n\n\n\n<p><strong>L\u2019\u00e9cologie, un sujet \u00e0 la mode chez la majorit\u00e9 pr\u00e9sidentielle<\/strong><\/p>\n\n\n\n<p>Le candidat de la 2eme circonscription poursuit sur les questions li\u00e9es \u00e0 l\u2019environnement \u00e9voquant une planification <em>\u00ab&nbsp;pour ne laisser personne au bord de la route, et dans l\u2019id\u00e9e de cr\u00e9er du dialogue, d\u2019\u00eatre \u00e0 l\u2019\u00e9coute, car ce n\u2019est plus le cas depuis deux ans<\/em>&nbsp;\u00bb.&nbsp;&nbsp;&nbsp;&nbsp;&nbsp;&nbsp;&nbsp;&nbsp;&nbsp;&nbsp;&nbsp;&nbsp;&nbsp;&nbsp;&nbsp;&nbsp;&nbsp;&nbsp;&nbsp;&nbsp;&nbsp;&nbsp;&nbsp;&nbsp;&nbsp;&nbsp;&nbsp;&nbsp;&nbsp;&nbsp;&nbsp;&nbsp;&nbsp;&nbsp;&nbsp;<\/p>\n\n\n\n<p>Viens le tour de Sarah Peillon qui a pour premier th\u00e8me l\u2019\u00e9cologie \u00ab&nbsp;<em>J\u2019aimerai vous parler d\u2019environnement ce soir, un sujet qui me tient \u00e0 c\u0153ur, un sujet qui est dans toutes les bouches, toutes les campagnes, mais un sujet souvent abord\u00e9 de mani\u00e8re superficielle. C\u2019est un th\u00e8me en vogue, ce qui est normal, mais il serait mieux d\u2019en parler correctement.<\/em>&nbsp;\u00bb. La candidate affirme que l\u2019\u00e9cologie politique devrait r\u00e9pondre \u00e0 des probl\u00e9matiques et \u00e0 une vision globale de la soci\u00e9t\u00e9. \u00ab&nbsp;<em>Elle ne peut pas \u00eatre pens\u00e9e ind\u00e9pendamment de l\u2019\u00e9conomie Fran\u00e7aise.&nbsp;(\u2026) &nbsp;Toutes les d\u00e9cisions sont transversales, et in\u00e9luctables.&nbsp;<\/em>\u00bb. Elle aborde aussi le dogmatisme, certains sont, selon la candidate, dans une philosophie radicale, qui pr\u00e9tendent avoir le monopole de l\u2019\u00e9cologie. \u00ab&nbsp;<em>Nous ne sommes pas l\u00e0 pour punir les pollueurs, mais pour apporter des m\u00e9thodes concr\u00e8tes<\/em>&nbsp;\u00bb.<\/p>\n\n\n\n<p>Pour Sarah Peillon la solution passe en partie par la technologie, \u00ab&nbsp;<em>nous croyons en la science, si un produit devient dangereux nous aiderons \u00e0 trouver des solutions et surtout nous aiderons les m\u00e9tiers ind\u00e9pendants de ces fonctions<\/em>&nbsp;\u00bb. Un th\u00e8me in\u00e9vitable est ajout\u00e9 \u00e0 sa prise de parole, celui de l\u2019\u00e9nergie. L\u2019id\u00e9e serait un d\u00e9veloppement \u00ab&nbsp;<em>vertueux&nbsp;et durable<\/em>&nbsp;\u00bb avec des \u00e9nergies prometteuses tout en respectant l\u2019environnement.<\/p>\n\n\n\n<p>Pour finir, c\u2019est Christophe Castaner qui prend la parole, en commen\u00e7ant, tout comme ses coll\u00e8gues, par des remerciements. \u00ab On peut \u00e9galement applaudir les jeunes, qui ont eux aussi, jouer un r\u00f4le essentiel avec la campagne d\u2019Emmanuel Macron \u00bb. Le chef de file de la majorit\u00e9 pr\u00e9sidentielle \u00e0 l\u2019Assembl\u00e9e Nationale, commence \u00e0 parler d\u2019\u00e9cologie, en proposant \u00ab une \u00e9cologie de l\u2019action et surtout des m\u00e9thodes non pas punitives \u00bb, comme l\u2019\u00e9voquait Sarah Peillon. Par exemple, il aborde la question des pesticides, \u00ab Aucune personne, ni aucun agriculteur n\u2019est favorable aux pesticides. Malgr\u00e9 tout, ils en utilisent. Cependant, si on arr\u00eate d\u2019en utiliser du jour au lendemain, sans les remplacer par des m\u00e9thodes durables et fonctionnelles, nous conna\u00eetrons la fin de l\u2019agriculture. Ce serait trop pr\u00e9cipit\u00e9 et pas assez r\u00e9fl\u00e9chi. Ce serait une catastrophe. Certes nous en avons supprim\u00e9 mais il en reste 7%. Dire non aux pesticides, c\u2019est facile, mais il faut trouver des solutions \u00bb.<\/p>\n\n\n\n<p>Il explique, ensuite, que le th\u00e8me des \u00e9nergies est similaire. \u00ab Tout le monde est pour les \u00e9nergies renouvelables, et utiliser 100% de nucl\u00e9aire ce n\u2019est pas cr\u00e9dible non plus, il faut donc agir. \u00bb Dans le m\u00eame temps, l&rsquo;ancien ministre de l\u2019Int\u00e9rieur affirme qu\u2019il reste possible d\u2019augmenter la production d\u2019\u00e9nergies provenant du nucl\u00e9aire, tout en d\u00e9veloppant le parc \u00e9olien.<\/p>\n\n\n\n<h2 class=\"wp-block-heading\">La NUPES principal ennemi du parti pr\u00e9sidentiel &nbsp;<\/h2>\n\n\n\n<p>Les quatre candidats et Christophe Castaner ont ax\u00e9 leurs discours sur le programme de LREM. Ils en ont \u00e9galement profit\u00e9 pour s\u2019attaquer \u00e0 celui de la NUPES. A commenc\u00e9 par Anne Bugnera, qui \u00e9voque une campagne communautaire de la part de l\u2019opposition. Pour Thomas Rudigoz la coalition de gauche serait :\u00ab <em>pr\u00eate \u00e0 tout et ne respecte rien<\/em> \u00bb. Le candidat s\u2019en prend, \u00e9galement, directement \u00e0 Jean-Luc M\u00e9lanchon \u00ab <em>la mobilisation sera donc pour moi le point cl\u00e9, qui nous permettra de gagner. Quand on voit que notre ville humaniste accueille M\u00e9lenchon, et qui apr\u00e8s parle d\u2019une police barbare, j\u2019ai honte, honte.<\/em> \u00bb Un reproche partag\u00e9 par Christophe Castaner, \u00ab <em>Jean-Luc M\u00e9lenchon a os\u00e9 affirmer que la police tue, mais \u00eatre policier c\u2019est \u00eatre courageux (\u2026)<\/em> <em>La police meurt elle ne tue pas, la police meurt pour les citoyens, c\u2019est une fiert\u00e9, et j\u2019ai honte quand j\u2019entends les propos de M\u00e9lenchon. \u00bb<\/em><\/p>\n\n\n\n<p><em>Le pr\u00e9sident du groupe LREM \u00e0 l\u2019assembl\u00e9 ne s\u2019arr\u00eate pas l\u00e0 et multiplie les attaques envers la NUPES. \u00ab Le programme de la NUPES, c\u2019est 10 fois le mot taxes et 15 fois le mot interdire. Aujourd\u2019hui, il y a 1200 entreprises en France qui s\u2019installent, et M\u00e9lenchon propose de faire un d\u00e9p\u00f4t ou une caution pour chacune d\u2019entre elles. Il ne faut pas. C\u2019est un syst\u00e8me d\u2019int\u00e9ressement. Il veut aussi donner 1025 euros aux \u00e9tudiants, ce qui certes pourrait \u00eatre une grande aide ; mais qui aurait encore l\u2019envi d\u2019aller travailler apr\u00e8s \u00e7a ? Il faut m\u00e9riter son salaire. Une aide oui, autant non. \u00c7a ne peut juste qu\u2019endetter la France, ou en tout cas, baisser l\u2019\u00e9conomie Fran\u00e7aise. Je ne crois pas en une fausse solidarit\u00e9, pour donner des ch\u00e8ques. Pour la solidarit\u00e9 il faut produire des richesses, par nous-m\u00eame \u00bb<\/em><em><\/em><\/p>\n\n\n\n<p>Les critiques et reproches \u00e0 l\u2019encontre de l\u2019union de gauche se multiplient \u00e0 l\u2019approche de la premi\u00e8re tour, particuli\u00e8rement de la part du parti pr\u00e9sidentiel. Signe d\u2019une possible crainte de la part de la majorit\u00e9.<\/p>\n\n\n\n<p>Retrouvez tous nos articles sur les l\u00e9gislatives ici : <a href=\"https:\/\/lyonbondyblog.fr\/LBB\/category\/politique\/\" target=\"_blank\" rel=\"noreferrer noopener\">Politique Archives &#8211; (lyonbondyblog.fr)<\/a><\/p>\n\n\n\n<p class=\"has-text-align-right\">Emma Laurens <\/p>\n\n\n\n<p><strong> &nbsp;<\/strong><\/p>\n<!-- AddThis Advanced Settings generic via filter on the_content --><!-- AddThis Share Buttons generic via filter on the_content -->","protected":false},"excerpt":{"rendered":"<p>L&rsquo;ancien ministre de l\u2019int\u00e9rieur et actuel pr\u00e9sident du groupe LREM \u00e0 l\u2019Assembl\u00e9e nationale, Christophe Castaner, \u00e9tait pr\u00e9sent \u00e0 Lyon ce mardi 7 juin pour apporter &hellip; <!-- AddThis Advanced Settings generic via filter on wp_trim_excerpt --><!-- AddThis Share Buttons generic via filter on wp_trim_excerpt --><\/p>\n","protected":false},"author":1,"featured_media":29490,"comment_status":"open","ping_status":"open","sticky":true,"template":"","format":"standard","meta":{"_FSMCFIC_featured_image_caption":"","_FSMCFIC_featured_image_nocaption":"","_FSMCFIC_featured_image_hide":"","footnotes":""},"categories":[27827,4,6],"tags":[28017,10,28018,28019,165],"class_list":["post-29488","post","type-post","status-publish","format-standard","has-post-thumbnail","hentry","category-legislative-2022","category-lyon","category-politique","tag-christophe-castaner","tag-lyon-2","tag-ministre-de-linterieur","tag-nupes","tag-politique-2"],"yoast_head":"<!-- This site is optimized with the Yoast SEO plugin v22.8 - https:\/\/yoast.com\/wordpress\/plugins\/seo\/ -->\n<title>Christophe Castaner en d\u00e9placement \u00e0 Lyon pour soutenir les candidats LREM - Lyon Bondy Blog<\/title>\n<meta name=\"description\" content=\"Christophe Castaner, ancien ministre de l\u2019int\u00e9rieur, en d\u00e9placement \u00e0 Lyon pour apporter son soutien aux candidats du parti pr\u00e9sidentiel...\" \/>\n<meta name=\"robots\" content=\"index, follow, max-snippet:-1, max-image-preview:large, max-video-preview:-1\" \/>\n<link rel=\"canonical\" href=\"https:\/\/lyonbondyblog.fr\/LBB\/christophe-castaner-en-deplacement-a-lyon-pour-soutenir-les-candidats-lrem\/\" \/>\n<meta property=\"og:locale\" content=\"fr_FR\" \/>\n<meta property=\"og:type\" content=\"article\" \/>\n<meta property=\"og:title\" content=\"Christophe Castaner en d\u00e9placement \u00e0 Lyon pour soutenir les candidats LREM - Lyon Bondy Blog\" \/>\n<meta property=\"og:description\" content=\"Christophe Castaner, ancien ministre de l\u2019int\u00e9rieur, en d\u00e9placement \u00e0 Lyon pour apporter son soutien aux candidats du parti pr\u00e9sidentiel...\" \/>\n<meta property=\"og:url\" content=\"https:\/\/lyonbondyblog.fr\/LBB\/christophe-castaner-en-deplacement-a-lyon-pour-soutenir-les-candidats-lrem\/\" \/>\n<meta property=\"og:site_name\" content=\"Lyon Bondy Blog\" \/>\n<meta property=\"article:publisher\" content=\"https:\/\/www.facebook.com\/lyonbondyblog\" \/>\n<meta property=\"article:author\" content=\"https:\/\/www.facebook.com\/lyonbondyblog\" \/>\n<meta property=\"article:published_time\" content=\"2022-06-09T16:57:50+00:00\" \/>\n<meta property=\"article:modified_time\" content=\"2022-06-10T07:52:32+00:00\" \/>\n<meta property=\"og:image\" content=\"https:\/\/lyonbondyblog.fr\/LBB\/wp-content\/uploads\/2022\/06\/IMG_0711-scaled.jpg\" \/>\n\t<meta property=\"og:image:width\" content=\"2560\" \/>\n\t<meta property=\"og:image:height\" content=\"1920\" \/>\n\t<meta property=\"og:image:type\" content=\"image\/jpeg\" \/>\n<meta name=\"author\" content=\"La r\u00e9daction\" \/>\n<meta name=\"twitter:card\" content=\"summary_large_image\" \/>\n<meta name=\"twitter:creator\" content=\"@BondyBlogLyon\" \/>\n<meta name=\"twitter:site\" content=\"@bondybloglyon\" \/>\n<script type=\"application\/ld+json\" class=\"yoast-schema-graph\">{\"@context\":\"https:\/\/schema.org\",\"@graph\":[{\"@type\":\"Article\",\"@id\":\"https:\/\/lyonbondyblog.fr\/LBB\/christophe-castaner-en-deplacement-a-lyon-pour-soutenir-les-candidats-lrem\/#article\",\"isPartOf\":{\"@id\":\"https:\/\/lyonbondyblog.fr\/LBB\/christophe-castaner-en-deplacement-a-lyon-pour-soutenir-les-candidats-lrem\/\"},\"author\":{\"name\":\"La r\u00e9daction\",\"@id\":\"https:\/\/lyonbondyblog.fr\/LBB\/#\/schema\/person\/e45f8d27baac75072daa0be50c409b25\"},\"headline\":\"Christophe Castaner en d\u00e9placement \u00e0 Lyon pour soutenir les candidats LREM\",\"datePublished\":\"2022-06-09T16:57:50+00:00\",\"dateModified\":\"2022-06-10T07:52:32+00:00\",\"mainEntityOfPage\":{\"@id\":\"https:\/\/lyonbondyblog.fr\/LBB\/christophe-castaner-en-deplacement-a-lyon-pour-soutenir-les-candidats-lrem\/\"},\"wordCount\":1787,\"commentCount\":0,\"publisher\":{\"@id\":\"https:\/\/lyonbondyblog.fr\/LBB\/#organization\"},\"image\":{\"@id\":\"https:\/\/lyonbondyblog.fr\/LBB\/christophe-castaner-en-deplacement-a-lyon-pour-soutenir-les-candidats-lrem\/#primaryimage\"},\"thumbnailUrl\":\"https:\/\/lyonbondyblog.fr\/LBB\/wp-content\/uploads\/2022\/06\/IMG_0711-scaled.jpg\",\"keywords\":[\"christophe castaner\",\"lyon\",\"ministre de l&#039;int\u00e9rieur\",\"NUPES\",\"politique\"],\"articleSection\":[\"L\u00e9gislatives 2022\",\"Lyon\",\"Politique\"],\"inLanguage\":\"fr-FR\",\"potentialAction\":[{\"@type\":\"CommentAction\",\"name\":\"Comment\",\"target\":[\"https:\/\/lyonbondyblog.fr\/LBB\/christophe-castaner-en-deplacement-a-lyon-pour-soutenir-les-candidats-lrem\/#respond\"]}]},{\"@type\":\"WebPage\",\"@id\":\"https:\/\/lyonbondyblog.fr\/LBB\/christophe-castaner-en-deplacement-a-lyon-pour-soutenir-les-candidats-lrem\/\",\"url\":\"https:\/\/lyonbondyblog.fr\/LBB\/christophe-castaner-en-deplacement-a-lyon-pour-soutenir-les-candidats-lrem\/\",\"name\":\"Christophe Castaner en d\u00e9placement \u00e0 Lyon pour soutenir les candidats LREM - Lyon Bondy Blog\",\"isPartOf\":{\"@id\":\"https:\/\/lyonbondyblog.fr\/LBB\/#website\"},\"primaryImageOfPage\":{\"@id\":\"https:\/\/lyonbondyblog.fr\/LBB\/christophe-castaner-en-deplacement-a-lyon-pour-soutenir-les-candidats-lrem\/#primaryimage\"},\"image\":{\"@id\":\"https:\/\/lyonbondyblog.fr\/LBB\/christophe-castaner-en-deplacement-a-lyon-pour-soutenir-les-candidats-lrem\/#primaryimage\"},\"thumbnailUrl\":\"https:\/\/lyonbondyblog.fr\/LBB\/wp-content\/uploads\/2022\/06\/IMG_0711-scaled.jpg\",\"datePublished\":\"2022-06-09T16:57:50+00:00\",\"dateModified\":\"2022-06-10T07:52:32+00:00\",\"description\":\"Christophe Castaner, ancien ministre de l\u2019int\u00e9rieur, en d\u00e9placement \u00e0 Lyon pour apporter son soutien aux candidats du parti pr\u00e9sidentiel...\",\"inLanguage\":\"fr-FR\",\"potentialAction\":[{\"@type\":\"ReadAction\",\"target\":[\"https:\/\/lyonbondyblog.fr\/LBB\/christophe-castaner-en-deplacement-a-lyon-pour-soutenir-les-candidats-lrem\/\"]}]},{\"@type\":\"ImageObject\",\"inLanguage\":\"fr-FR\",\"@id\":\"https:\/\/lyonbondyblog.fr\/LBB\/christophe-castaner-en-deplacement-a-lyon-pour-soutenir-les-candidats-lrem\/#primaryimage\",\"url\":\"https:\/\/lyonbondyblog.fr\/LBB\/wp-content\/uploads\/2022\/06\/IMG_0711-scaled.jpg\",\"contentUrl\":\"https:\/\/lyonbondyblog.fr\/LBB\/wp-content\/uploads\/2022\/06\/IMG_0711-scaled.jpg\",\"width\":2560,\"height\":1920,\"caption\":\"L'ancien ministre de l'int\u00e9rieur \u00e9tait pr\u00e9sent ce mardi 7 juin \u00e0 Lyon.\"},{\"@type\":\"WebSite\",\"@id\":\"https:\/\/lyonbondyblog.fr\/LBB\/#website\",\"url\":\"https:\/\/lyonbondyblog.fr\/LBB\/\",\"name\":\"Lyon Bondy Blog\",\"description\":\"\",\"publisher\":{\"@id\":\"https:\/\/lyonbondyblog.fr\/LBB\/#organization\"},\"potentialAction\":[{\"@type\":\"SearchAction\",\"target\":{\"@type\":\"EntryPoint\",\"urlTemplate\":\"https:\/\/lyonbondyblog.fr\/LBB\/?s={search_term_string}\"},\"query-input\":\"required name=search_term_string\"}],\"inLanguage\":\"fr-FR\"},{\"@type\":\"Organization\",\"@id\":\"https:\/\/lyonbondyblog.fr\/LBB\/#organization\",\"name\":\"LYON BONDY BLOG\",\"url\":\"https:\/\/lyonbondyblog.fr\/LBB\/\",\"logo\":{\"@type\":\"ImageObject\",\"inLanguage\":\"fr-FR\",\"@id\":\"https:\/\/lyonbondyblog.fr\/LBB\/#\/schema\/logo\/image\/\",\"url\":\"http:\/\/lyonbondyblog.fr\/LBB\/wp-content\/uploads\/2014\/10\/logo-portable-144.png\",\"contentUrl\":\"http:\/\/lyonbondyblog.fr\/LBB\/wp-content\/uploads\/2014\/10\/logo-portable-144.png\",\"width\":144,\"height\":123,\"caption\":\"LYON BONDY BLOG\"},\"image\":{\"@id\":\"https:\/\/lyonbondyblog.fr\/LBB\/#\/schema\/logo\/image\/\"},\"sameAs\":[\"https:\/\/www.facebook.com\/lyonbondyblog\",\"https:\/\/x.com\/bondybloglyon\"]},{\"@type\":\"Person\",\"@id\":\"https:\/\/lyonbondyblog.fr\/LBB\/#\/schema\/person\/e45f8d27baac75072daa0be50c409b25\",\"name\":\"La r\u00e9daction\",\"description\":\"Cr\u00e9e en 2008, la r\u00e9daction du Lyon Bondy Blog s'applique \u00e0 proposer une information locale diff\u00e9rente et compl\u00e9mentaire des m\u00e9dias traditionnels.\",\"sameAs\":[\"https:\/\/www.facebook.com\/lyonbondyblog\",\"https:\/\/x.com\/BondyBlogLyon\"],\"url\":\"https:\/\/lyonbondyblog.fr\/LBB\/author\/admin\/\"}]}<\/script>\n<!-- \/ Yoast SEO plugin. -->","yoast_head_json":{"title":"Christophe Castaner en d\u00e9placement \u00e0 Lyon pour soutenir les candidats LREM - Lyon Bondy Blog","description":"Christophe Castaner, ancien ministre de l\u2019int\u00e9rieur, en d\u00e9placement \u00e0 Lyon pour apporter son soutien aux candidats du parti pr\u00e9sidentiel...","robots":{"index":"index","follow":"follow","max-snippet":"max-snippet:-1","max-image-preview":"max-image-preview:large","max-video-preview":"max-video-preview:-1"},"canonical":"https:\/\/lyonbondyblog.fr\/LBB\/christophe-castaner-en-deplacement-a-lyon-pour-soutenir-les-candidats-lrem\/","og_locale":"fr_FR","og_type":"article","og_title":"Christophe Castaner en d\u00e9placement \u00e0 Lyon pour soutenir les candidats LREM - Lyon Bondy Blog","og_description":"Christophe Castaner, ancien ministre de l\u2019int\u00e9rieur, en d\u00e9placement \u00e0 Lyon pour apporter son soutien aux candidats du parti pr\u00e9sidentiel...","og_url":"https:\/\/lyonbondyblog.fr\/LBB\/christophe-castaner-en-deplacement-a-lyon-pour-soutenir-les-candidats-lrem\/","og_site_name":"Lyon Bondy Blog","article_publisher":"https:\/\/www.facebook.com\/lyonbondyblog","article_author":"https:\/\/www.facebook.com\/lyonbondyblog","article_published_time":"2022-06-09T16:57:50+00:00","article_modified_time":"2022-06-10T07:52:32+00:00","og_image":[{"width":2560,"height":1920,"url":"https:\/\/lyonbondyblog.fr\/LBB\/wp-content\/uploads\/2022\/06\/IMG_0711-scaled.jpg","type":"image\/jpeg"}],"author":"La r\u00e9daction","twitter_card":"summary_large_image","twitter_creator":"@BondyBlogLyon","twitter_site":"@bondybloglyon","schema":{"@context":"https:\/\/schema.org","@graph":[{"@type":"Article","@id":"https:\/\/lyonbondyblog.fr\/LBB\/christophe-castaner-en-deplacement-a-lyon-pour-soutenir-les-candidats-lrem\/#article","isPartOf":{"@id":"https:\/\/lyonbondyblog.fr\/LBB\/christophe-castaner-en-deplacement-a-lyon-pour-soutenir-les-candidats-lrem\/"},"author":{"name":"La r\u00e9daction","@id":"https:\/\/lyonbondyblog.fr\/LBB\/#\/schema\/person\/e45f8d27baac75072daa0be50c409b25"},"headline":"Christophe Castaner en d\u00e9placement \u00e0 Lyon pour soutenir les candidats LREM","datePublished":"2022-06-09T16:57:50+00:00","dateModified":"2022-06-10T07:52:32+00:00","mainEntityOfPage":{"@id":"https:\/\/lyonbondyblog.fr\/LBB\/christophe-castaner-en-deplacement-a-lyon-pour-soutenir-les-candidats-lrem\/"},"wordCount":1787,"commentCount":0,"publisher":{"@id":"https:\/\/lyonbondyblog.fr\/LBB\/#organization"},"image":{"@id":"https:\/\/lyonbondyblog.fr\/LBB\/christophe-castaner-en-deplacement-a-lyon-pour-soutenir-les-candidats-lrem\/#primaryimage"},"thumbnailUrl":"https:\/\/lyonbondyblog.fr\/LBB\/wp-content\/uploads\/2022\/06\/IMG_0711-scaled.jpg","keywords":["christophe castaner","lyon","ministre de l&#039;int\u00e9rieur","NUPES","politique"],"articleSection":["L\u00e9gislatives 2022","Lyon","Politique"],"inLanguage":"fr-FR","potentialAction":[{"@type":"CommentAction","name":"Comment","target":["https:\/\/lyonbondyblog.fr\/LBB\/christophe-castaner-en-deplacement-a-lyon-pour-soutenir-les-candidats-lrem\/#respond"]}]},{"@type":"WebPage","@id":"https:\/\/lyonbondyblog.fr\/LBB\/christophe-castaner-en-deplacement-a-lyon-pour-soutenir-les-candidats-lrem\/","url":"https:\/\/lyonbondyblog.fr\/LBB\/christophe-castaner-en-deplacement-a-lyon-pour-soutenir-les-candidats-lrem\/","name":"Christophe Castaner en d\u00e9placement \u00e0 Lyon pour soutenir les candidats LREM - Lyon Bondy Blog","isPartOf":{"@id":"https:\/\/lyonbondyblog.fr\/LBB\/#website"},"primaryImageOfPage":{"@id":"https:\/\/lyonbondyblog.fr\/LBB\/christophe-castaner-en-deplacement-a-lyon-pour-soutenir-les-candidats-lrem\/#primaryimage"},"image":{"@id":"https:\/\/lyonbondyblog.fr\/LBB\/christophe-castaner-en-deplacement-a-lyon-pour-soutenir-les-candidats-lrem\/#primaryimage"},"thumbnailUrl":"https:\/\/lyonbondyblog.fr\/LBB\/wp-content\/uploads\/2022\/06\/IMG_0711-scaled.jpg","datePublished":"2022-06-09T16:57:50+00:00","dateModified":"2022-06-10T07:52:32+00:00","description":"Christophe Castaner, ancien ministre de l\u2019int\u00e9rieur, en d\u00e9placement \u00e0 Lyon pour apporter son soutien aux candidats du parti pr\u00e9sidentiel...","inLanguage":"fr-FR","potentialAction":[{"@type":"ReadAction","target":["https:\/\/lyonbondyblog.fr\/LBB\/christophe-castaner-en-deplacement-a-lyon-pour-soutenir-les-candidats-lrem\/"]}]},{"@type":"ImageObject","inLanguage":"fr-FR","@id":"https:\/\/lyonbondyblog.fr\/LBB\/christophe-castaner-en-deplacement-a-lyon-pour-soutenir-les-candidats-lrem\/#primaryimage","url":"https:\/\/lyonbondyblog.fr\/LBB\/wp-content\/uploads\/2022\/06\/IMG_0711-scaled.jpg","contentUrl":"https:\/\/lyonbondyblog.fr\/LBB\/wp-content\/uploads\/2022\/06\/IMG_0711-scaled.jpg","width":2560,"height":1920,"caption":"L'ancien ministre de l'int\u00e9rieur \u00e9tait pr\u00e9sent ce mardi 7 juin \u00e0 Lyon."},{"@type":"WebSite","@id":"https:\/\/lyonbondyblog.fr\/LBB\/#website","url":"https:\/\/lyonbondyblog.fr\/LBB\/","name":"Lyon Bondy Blog","description":"","publisher":{"@id":"https:\/\/lyonbondyblog.fr\/LBB\/#organization"},"potentialAction":[{"@type":"SearchAction","target":{"@type":"EntryPoint","urlTemplate":"https:\/\/lyonbondyblog.fr\/LBB\/?s={search_term_string}"},"query-input":"required name=search_term_string"}],"inLanguage":"fr-FR"},{"@type":"Organization","@id":"https:\/\/lyonbondyblog.fr\/LBB\/#organization","name":"LYON BONDY BLOG","url":"https:\/\/lyonbondyblog.fr\/LBB\/","logo":{"@type":"ImageObject","inLanguage":"fr-FR","@id":"https:\/\/lyonbondyblog.fr\/LBB\/#\/schema\/logo\/image\/","url":"http:\/\/lyonbondyblog.fr\/LBB\/wp-content\/uploads\/2014\/10\/logo-portable-144.png","contentUrl":"http:\/\/lyonbondyblog.fr\/LBB\/wp-content\/uploads\/2014\/10\/logo-portable-144.png","width":144,"height":123,"caption":"LYON BONDY BLOG"},"image":{"@id":"https:\/\/lyonbondyblog.fr\/LBB\/#\/schema\/logo\/image\/"},"sameAs":["https:\/\/www.facebook.com\/lyonbondyblog","https:\/\/x.com\/bondybloglyon"]},{"@type":"Person","@id":"https:\/\/lyonbondyblog.fr\/LBB\/#\/schema\/person\/e45f8d27baac75072daa0be50c409b25","name":"La r\u00e9daction","description":"Cr\u00e9e en 2008, la r\u00e9daction du Lyon Bondy Blog s'applique \u00e0 proposer une information locale diff\u00e9rente et compl\u00e9mentaire des m\u00e9dias traditionnels.","sameAs":["https:\/\/www.facebook.com\/lyonbondyblog","https:\/\/x.com\/BondyBlogLyon"],"url":"https:\/\/lyonbondyblog.fr\/LBB\/author\/admin\/"}]}},"_links":{"self":[{"href":"https:\/\/lyonbondyblog.fr\/LBB\/wp-json\/wp\/v2\/posts\/29488","targetHints":{"allow":["GET"]}}],"collection":[{"href":"https:\/\/lyonbondyblog.fr\/LBB\/wp-json\/wp\/v2\/posts"}],"about":[{"href":"https:\/\/lyonbondyblog.fr\/LBB\/wp-json\/wp\/v2\/types\/post"}],"author":[{"embeddable":true,"href":"https:\/\/lyonbondyblog.fr\/LBB\/wp-json\/wp\/v2\/users\/1"}],"replies":[{"embeddable":true,"href":"https:\/\/lyonbondyblog.fr\/LBB\/wp-json\/wp\/v2\/comments?post=29488"}],"version-history":[{"count":4,"href":"https:\/\/lyonbondyblog.fr\/LBB\/wp-json\/wp\/v2\/posts\/29488\/revisions"}],"predecessor-version":[{"id":29493,"href":"https:\/\/lyonbondyblog.fr\/LBB\/wp-json\/wp\/v2\/posts\/29488\/revisions\/29493"}],"wp:featuredmedia":[{"embeddable":true,"href":"https:\/\/lyonbondyblog.fr\/LBB\/wp-json\/wp\/v2\/media\/29490"}],"wp:attachment":[{"href":"https:\/\/lyonbondyblog.fr\/LBB\/wp-json\/wp\/v2\/media?parent=29488"}],"wp:term":[{"taxonomy":"category","embeddable":true,"href":"https:\/\/lyonbondyblog.fr\/LBB\/wp-json\/wp\/v2\/categories?post=29488"},{"taxonomy":"post_tag","embeddable":true,"href":"https:\/\/lyonbondyblog.fr\/LBB\/wp-json\/wp\/v2\/tags?post=29488"}],"curies":[{"name":"wp","href":"https:\/\/api.w.org\/{rel}","templated":true}]}}