{"id":29450,"date":"2022-06-08T12:06:23","date_gmt":"2022-06-08T10:06:23","guid":{"rendered":"http:\/\/lyonbondyblog.fr\/LBB\/?p=29450"},"modified":"2022-06-08T12:06:25","modified_gmt":"2022-06-08T10:06:25","slug":"legislatives-14-eme-circonscription-2-damien-monchau-candidat-du-rassemblement-national","status":"publish","type":"post","link":"https:\/\/lyonbondyblog.fr\/LBB\/legislatives-14-eme-circonscription-2-damien-monchau-candidat-du-rassemblement-national\/","title":{"rendered":"L\u00e9gislatives, 14 \u00e8me circonscription #2\u00a0: Damien Monchau, candidat du Rassemblement National"},"content":{"rendered":"\n<p><strong>\u00c0 l\u2019approche des \u00e9lections l\u00e9gislatives 2022, le Lyon Bondy Blog a d\u00e9cid\u00e9 d\u2019aller \u00e0 la rencontre des candidats des diff\u00e9rentes circonscriptions. Pour notre 7<sup>\u00e8me<\/sup> rencontre, nous avons interrog\u00e9 Damien Monchau, candidat du <a href=\"https:\/\/rassemblementnational.fr\/\" target=\"_blank\" rel=\"noreferrer noopener\">Rassemblement National<\/a> pour la 14<sup>\u00e8me<\/sup> circonscription.<\/strong><\/p>\n\n\n\n<p> Damien Monchau, policier CRS de fonction et conseiller municipal de <a href=\"https:\/\/www.ville-venissieux.fr\/\" target=\"_blank\" rel=\"noreferrer noopener\">V\u00e9nissieux<\/a> \u00e9lu dans la 14\u00e8me circonscription, se lance \u00e0 la course d\u2019un mandat de d\u00e9put\u00e9 pour la seconde fois. C\u2019est une circonscription sur laquelle il a \u00e9t\u00e9 d\u00e9sign\u00e9 par son parti politique \u00e0 l\u2019occasion d\u2019une annulation d\u2019\u00e9lection municipale en 2014. <\/p>\n\n\n\n<p><strong>Dans un contexte de crise de la repr\u00e9sentation et de la confiance envers les politiques, comment comptez-vous mobiliser les \u00e9lecteurs ?<\/strong><\/p>\n\n\n\n<p>Je d\u00e9fend depuis toujours le <a href=\"https:\/\/www.novethic.fr\/lexique\/detail\/ric-referendum-d-initiative-citoyenne.html\" target=\"_blank\" rel=\"noreferrer noopener\">r\u00e9f\u00e9rendum d&rsquo;initiative citoyenne<\/a>, c\u2019est-\u00e0-dire la capacit\u00e9 pour les citoyens, s\u2019ils sont suffisamment nombreux, de s\u00e9lectionner une question de droit collectivement et de voter son application ou son refus. Le peuple deviendrait le l\u00e9gislateur premier et les \u00e9lus que sont les d\u00e9put\u00e9s seraient les l\u00e9gislateurs d\u00e9l\u00e9gu\u00e9s, qui n\u2019ont de mots \u00e0 dire que si le peuple d\u00e9cide de se taire.<\/p>\n\n\n\n<p><strong>Comment allez-vous vous faire le relais de leurs pr\u00e9occupations \u00e0 <a href=\"https:\/\/www.assemblee-nationale.fr\/\" target=\"_blank\" rel=\"noreferrer noopener\">l&rsquo;Assembl\u00e9e nationale<\/a> ?<\/strong><\/p>\n\n\n\n<p>Ce n\u2019est pas au citoyen d\u2019aller vers les politiques, mais les politiques d\u2019aller vers les citoyens. Maintenant ce que je m\u2019engage \u00e0 faire c\u2019est que quand je ne suis pas \u00e0 Paris, je suis ici, et je vise la proximit\u00e9, c\u2019est-\u00e0-dire le porte-\u00e0-porte. Je vais \u00e0 la rencontre des habitants pour qu\u2019ils m\u2019exposent leurs probl\u00e8mes, leurs pr\u00e9occupations\u2026 pour ensuite le transmettre \u00e0 L\u2019Assembl\u00e9e nationale.<\/p>\n\n\n\n<p><strong>Quelles sont les trois premi\u00e8res lois que vous aimeriez apporter \u00e0 l\u2019Assembl\u00e9e nationale ?<\/strong><\/p>\n\n\n\n<p>Premi\u00e8rement il faut r\u00e9ussir \u00e0 augmenter les salaires. Pour les emplois disponibles on propose un deal aux entreprises, pas seulement pour les nouveaux contrats, mais \u00e9galement pour les contrats d\u00e9j\u00e0 existants. Si l\u2019entreprise s\u2019engage \u00e0 augmenter de minimum 10\u00a0% le salaire de leurs employ\u00e9s pour les salaires de 1 \u00e0 3 fois le Smic, il n\u2019y aura pas d\u2019augmentation de charge sur les pr\u00e9l\u00e8vements de salaire. Ce serait donc une facilit\u00e9 pour l\u2019entreprise de recruter, \u00e7a ne co\u00fbte rien \u00e0 l\u2019\u00c9tat et \u00e7a va directement dans la poche du travailleur.<\/p>\n\n\n\n<p>Deuxi\u00e8mement, la France est le premier cr\u00e9ateur d\u2019imp\u00f4ts au monde, le fait que la TVA soit la premi\u00e8re source de revenus d\u2019argent publique en France, \u00e7a veut dire que \u00e7a touche principalement  les personnes les plus pauvres. On veut r\u00e9\u00e9quilibrer la balance. On veut donc faire deux choses, d&rsquo;une que la TVA passe de 20\u00a0% \u00e0 5.5\u00a0% et de deux on supprime les augmentations de TICPE, c\u2019est une taxe qui repose sur la consommation de produit p\u00e9trolier.<\/p>\n\n\n\n<p>Et pour finir comme troisi\u00e8me loi, on veut \u00e9tablir un panier de TVA \u00e0 0\u00a0% pour les biens de premi\u00e8res n\u00e9cessit\u00e9s ( produits d\u2019hygi\u00e8ne, nourriture).<\/p>\n\n\n\n<p><strong>Que pourrait-on faire pour aider les jeunes actuellement ?<\/strong><\/p>\n\n\n\n<p>La jeunesse \u00e0 deux solutions, soit avoir des salaires minimums en France qui ne sont pas suffisamment pay\u00e9s, soit faire des \u00e9tudes et ne pas trouver d\u2019emplois et devoir exporter leur talent ailleurs, nous on veut mettre un frein \u00e0 \u00e7a. C\u2019est pour cela qu\u2019on veut faire 0 imp\u00f4t sur le revenus pour tous les moins de 30 ans. Et si jamais ces moins de 30 ans cr\u00e9\u00e9s une bo\u00eete, on ne met pas d\u2019imp\u00f4t sur les soci\u00e9t\u00e9s pour eux. On veut \u00e9galement revoir \u00e0 la hausse certaines bourses et  donner une prime \u00e0 l\u2019activit\u00e9 pour les \u00e9tudiants qui travaillent. Qu\u2019ils puissent toucher une v\u00e9ritable compensation de la part de l\u2019\u00c9tat qui serait de l\u2019ordre de 300 euros par mois.<\/p>\n\n\n\n<p><strong>Comment faut-il repenser notre consommation d\u2019\u00e9nergie&nbsp;?<\/strong><\/p>\n\n\n\n<p>Plut\u00f4t que de faire une croix sur l\u2019\u00e9nergie nucl\u00e9aire, on devrait plut\u00f4t chercher \u00e0 d\u00e9velopper la solution qui suit. Nous sommes d\u00e9j\u00e0 en train de faire des recherches sur le r\u00e9acteur \u00e0 fusion qui serait plus s\u00e9curis\u00e9, on aurait une impossibilit\u00e9 d\u2019avoir une r\u00e9action en cha\u00eene qui conduit \u00e0 une explosion. Avec quoi on pourrait coupler la recherche avec des moteurs hydrog\u00e8nes, beaucoup plus propre, beaucoup plus int\u00e9ressant que les moteurs \u00e9lectriques actuels. Avec ce mix \u00e9nerg\u00e9tique l\u00e0 on aurait quelque chose de beaucoup plus durable, de beaucoup plus respectueux de l\u2019environnement, \u00e7a demande juste de la patience et des efforts de recherche.<\/p>\n\n\n\n<p><strong>A partir du 1<\/strong><sup><strong>er<\/strong><\/sup><strong> septembre 2022, les v\u00e9hicules particuliers Crit\u2019Air 5 et non class\u00e9s ne pourront plus circuler \u00e0 Lyon. Comment faire pour am\u00e9liorer la qualit\u00e9 de l\u2019air tout en surmontant les in\u00e9galit\u00e9s sociales&nbsp;?<\/strong><\/p>\n\n\n\n<p>L\u2019\u00c9tat devrait jouer son r\u00f4le de gestionnaire du terrain, d\u2019organisateur des grandes infrastructures, c\u2019est l\u2019\u00c9tat qui a concentr\u00e9 les activit\u00e9s \u00e9conomiques dans les grands centres urbains. Si on avait mieux organis\u00e9 l\u2019activit\u00e9 \u00e9conomique sur l\u2019ensemble du territoire et l\u2019ensemble des infrastructures de circulation avec un ferroviaire qui serait beaucoup plus efficace,  des transports en commun gratuits \u00e0 l\u2019entr\u00e9e de l\u2019anneau des sciences (projet de p\u00e9riph\u00e9rique abandonn\u00e9), il n\u2019y aurait pas ces probl\u00e8mes-l\u00e0. Il faut mieux revoir l\u2019organisation du territoire, revoir o\u00f9 les entreprises se positionnent pour faire en sorte que le lieu de production ne soit pas dans les grandes villes. \u00c7a demande d\u2019avoir une vision plus globale et pas sur le court terme.<\/p>\n\n\n\n<p><strong>Pour vous comment faire pour am\u00e9liorer l\u2019image et l\u2019attractivit\u00e9 des quartiers populaires ?<\/strong><\/p>\n\n\n\n<p>Il faut tout d\u2019abord r\u00e9gler le probl\u00e8me de l\u2019ins\u00e9curit\u00e9, et r\u00e9gler le probl\u00e8me de l\u2019ins\u00e9curit\u00e9 c\u2019est r\u00e9gler la mauvaise ambiance et r\u00e9putation des quartiers, le reste d\u00e9coulera naturellement. En France on a constamment oppos\u00e9 r\u00e9pression et r\u00e9insertion, il vaut mieux donner des moyens \u00e0 la justice, il faut doubler le nombre de magistrats. \u00c7a implique d\u2019augmenter les places de prison avec une v\u00e9ritable politique carc\u00e9ral compl\u00e8tement revu. Cette augmentation de place de prison permet de faire \u00ab&nbsp;le tri&nbsp;\u00bb parmi les personnes incarc\u00e9r\u00e9es, c\u2019est-\u00e0-dire on ne doit pas m\u00e9langer les primo d\u00e9linquants avec un ca\u00efd de la drogue. Les primo-d\u00e9linquants doivent rester ensemble, les ca\u00efds confirm\u00e9s doivent rester ensemble, les criminels dangereux doivent rester ensemble. En les s\u00e9parant bien et en faisant en sorte qu\u2019il ne puisse pas y avoir de contact entre eux, ceux qui ont mis un pied \u00e0 peine derri\u00e8re la barri\u00e8re de la l\u00e9galit\u00e9 n\u2019auront peut \u00eatre pas envie ou n\u2019auront pas \u00e9t\u00e9 encourager \u00e0 aller plus loin et \u00e7a permet de g\u00e9rer des structures de courtes peine, de tr\u00e8s courtes peine. C\u2019est-\u00e0-dire que d\u00e8s qu\u2019un acte est commis comme un vol c\u2019est deux semaines de prison, ce n\u2019est rien, m\u00eame si ce n\u2019est pas inscrit dans son casier judiciaire ce n\u2019est pas grave et le but c\u2019est que \u00e7a ne soit pas inscrit sur le papier, que \u00e7a laisse une trace, de ne pas pourrir la vie de cette personne mais c\u2019est dans le but de choquer, et qu\u2019il ne recommence plus et le remettre dans le droit chemin.<\/p>\n\n\n\n<p>Supprimer l\u2019automaticit\u00e9 des remises de peine, on dit pas qu\u2019il ne peut pas y avoir de remise de peine mais on veut qu\u2019elle ne soit plus automatique, \u00e7a doit \u00eatre quelque chose qui doit \u00eatre m\u00e9rit\u00e9 et impossible pour certains cas ( incarc\u00e9r\u00e9s pour violence sur personne\u2026).<\/p>\n\n\n\n<p><strong>Pour vous est ce qu\u2019il y a une possibilit\u00e9 d\u2019alliance avec <a href=\"https:\/\/republicains.fr\/\" target=\"_blank\" rel=\"noreferrer noopener\">les r\u00e9publicains<\/a> ?<\/strong><\/p>\n\n\n\n<p>Dans l\u2019absolu je me ferme \u00e0 aucun partie, du moment qu\u2019on aime la France et qu\u2019on s\u2019accorde sur l\u2019id\u00e9e que les gens doivent pouvoir vivre de leur travail, que le niveau d\u2019imp\u00f4ts doit faire en sorte que tout le monde contribue \u00e0 la juste mesure de ce qu\u2019il poss\u00e8de et de ce qu\u2019il gagne et que cette contribution ne doit \u00eatre \u00e9crasante pour personne. Et que les niveaux de services publics doivent \u00eatre descend au vu de ce que l\u2019on paye. Avec suffisamment de s\u00e9curit\u00e9 et une immigration contr\u00f4l\u00e9e, du moment qu\u2019on est d\u2019accord sur ces points-l\u00e0 j\u2019accepte tout le monde. Je ne fais pas un blocage de principe sur la droite ou sur la gauche, c\u2019est un clivage qui me semble parfaitement artificiel.<\/p>\n\n\n\n<p><a href=\"https:\/\/lyonbondyblog.fr\/LBB\/legislatives-14eme-circonscription-1-idir-boumertit-candidat-de-la-nupes\/\">Dernier article politique ici<\/a><\/p>\n\n\n\n<p class=\"has-text-align-right\">Marine Farnole<\/p>\n<!-- AddThis Advanced Settings generic via filter on the_content --><!-- AddThis Share Buttons generic via filter on the_content -->","protected":false},"excerpt":{"rendered":"<p>\u00c0 l\u2019approche des \u00e9lections l\u00e9gislatives 2022, le Lyon Bondy Blog a d\u00e9cid\u00e9 d\u2019aller \u00e0 la rencontre des candidats des diff\u00e9rentes circonscriptions. Pour notre 7\u00e8me rencontre, &hellip; <!-- AddThis Advanced Settings generic via filter on wp_trim_excerpt --><!-- AddThis Share Buttons generic via filter on wp_trim_excerpt --><\/p>\n","protected":false},"author":29247,"featured_media":29452,"comment_status":"open","ping_status":"open","sticky":true,"template":"","format":"standard","meta":{"_FSMCFIC_featured_image_caption":"","_FSMCFIC_featured_image_nocaption":"","_FSMCFIC_featured_image_hide":"","footnotes":""},"categories":[27827,4,6],"tags":[],"class_list":["post-29450","post","type-post","status-publish","format-standard","has-post-thumbnail","hentry","category-legislative-2022","category-lyon","category-politique"],"yoast_head":"<!-- This site is optimized with the Yoast SEO plugin v22.8 - https:\/\/yoast.com\/wordpress\/plugins\/seo\/ -->\n<title>L\u00e9gislatives: Damien Monchau, candidat du Rassemblement National - Lyon Bondy Blog<\/title>\n<meta name=\"description\" content=\"\u00c0 l\u2019approche des \u00e9lections l\u00e9gislatives 2022, le Lyon Bondy Blog est all\u00e9 \u00e0 la rencontre des candidats des diff\u00e9rentes circonscriptions...\" \/>\n<meta name=\"robots\" content=\"index, follow, max-snippet:-1, max-image-preview:large, max-video-preview:-1\" \/>\n<link rel=\"canonical\" href=\"https:\/\/lyonbondyblog.fr\/LBB\/legislatives-14-eme-circonscription-2-damien-monchau-candidat-du-rassemblement-national\/\" \/>\n<meta property=\"og:locale\" content=\"fr_FR\" \/>\n<meta property=\"og:type\" content=\"article\" \/>\n<meta property=\"og:title\" content=\"L\u00e9gislatives: Damien Monchau, candidat du Rassemblement National - Lyon Bondy Blog\" \/>\n<meta property=\"og:description\" content=\"\u00c0 l\u2019approche des \u00e9lections l\u00e9gislatives 2022, le Lyon Bondy Blog est all\u00e9 \u00e0 la rencontre des candidats des diff\u00e9rentes circonscriptions...\" \/>\n<meta property=\"og:url\" content=\"https:\/\/lyonbondyblog.fr\/LBB\/legislatives-14-eme-circonscription-2-damien-monchau-candidat-du-rassemblement-national\/\" \/>\n<meta property=\"og:site_name\" content=\"Lyon Bondy Blog\" \/>\n<meta property=\"article:publisher\" content=\"https:\/\/www.facebook.com\/lyonbondyblog\" \/>\n<meta property=\"article:published_time\" content=\"2022-06-08T10:06:23+00:00\" \/>\n<meta property=\"article:modified_time\" content=\"2022-06-08T10:06:25+00:00\" \/>\n<meta property=\"og:image\" content=\"https:\/\/lyonbondyblog.fr\/LBB\/wp-content\/uploads\/2022\/06\/Damien-Monchau-FN-1.jpg\" \/>\n\t<meta property=\"og:image:width\" content=\"1200\" \/>\n\t<meta property=\"og:image:height\" content=\"801\" \/>\n\t<meta property=\"og:image:type\" content=\"image\/jpeg\" \/>\n<meta name=\"author\" content=\"Marine Farnole\" \/>\n<meta name=\"twitter:card\" content=\"summary_large_image\" \/>\n<meta name=\"twitter:creator\" content=\"@bondybloglyon\" \/>\n<meta name=\"twitter:site\" content=\"@bondybloglyon\" \/>\n<script type=\"application\/ld+json\" class=\"yoast-schema-graph\">{\"@context\":\"https:\/\/schema.org\",\"@graph\":[{\"@type\":\"Article\",\"@id\":\"https:\/\/lyonbondyblog.fr\/LBB\/legislatives-14-eme-circonscription-2-damien-monchau-candidat-du-rassemblement-national\/#article\",\"isPartOf\":{\"@id\":\"https:\/\/lyonbondyblog.fr\/LBB\/legislatives-14-eme-circonscription-2-damien-monchau-candidat-du-rassemblement-national\/\"},\"author\":{\"name\":\"Marine Farnole\",\"@id\":\"https:\/\/lyonbondyblog.fr\/LBB\/#\/schema\/person\/d0ffa7c92f3a8e6296299c035e3e4ffd\"},\"headline\":\"L\u00e9gislatives, 14 \u00e8me circonscription #2\u00a0: Damien Monchau, candidat du Rassemblement National\",\"datePublished\":\"2022-06-08T10:06:23+00:00\",\"dateModified\":\"2022-06-08T10:06:25+00:00\",\"mainEntityOfPage\":{\"@id\":\"https:\/\/lyonbondyblog.fr\/LBB\/legislatives-14-eme-circonscription-2-damien-monchau-candidat-du-rassemblement-national\/\"},\"wordCount\":1475,\"commentCount\":0,\"publisher\":{\"@id\":\"https:\/\/lyonbondyblog.fr\/LBB\/#organization\"},\"image\":{\"@id\":\"https:\/\/lyonbondyblog.fr\/LBB\/legislatives-14-eme-circonscription-2-damien-monchau-candidat-du-rassemblement-national\/#primaryimage\"},\"thumbnailUrl\":\"https:\/\/lyonbondyblog.fr\/LBB\/wp-content\/uploads\/2022\/06\/Damien-Monchau-FN-1.jpg\",\"articleSection\":[\"L\u00e9gislatives 2022\",\"Lyon\",\"Politique\"],\"inLanguage\":\"fr-FR\",\"potentialAction\":[{\"@type\":\"CommentAction\",\"name\":\"Comment\",\"target\":[\"https:\/\/lyonbondyblog.fr\/LBB\/legislatives-14-eme-circonscription-2-damien-monchau-candidat-du-rassemblement-national\/#respond\"]}]},{\"@type\":\"WebPage\",\"@id\":\"https:\/\/lyonbondyblog.fr\/LBB\/legislatives-14-eme-circonscription-2-damien-monchau-candidat-du-rassemblement-national\/\",\"url\":\"https:\/\/lyonbondyblog.fr\/LBB\/legislatives-14-eme-circonscription-2-damien-monchau-candidat-du-rassemblement-national\/\",\"name\":\"L\u00e9gislatives: Damien Monchau, candidat du Rassemblement National - Lyon Bondy Blog\",\"isPartOf\":{\"@id\":\"https:\/\/lyonbondyblog.fr\/LBB\/#website\"},\"primaryImageOfPage\":{\"@id\":\"https:\/\/lyonbondyblog.fr\/LBB\/legislatives-14-eme-circonscription-2-damien-monchau-candidat-du-rassemblement-national\/#primaryimage\"},\"image\":{\"@id\":\"https:\/\/lyonbondyblog.fr\/LBB\/legislatives-14-eme-circonscription-2-damien-monchau-candidat-du-rassemblement-national\/#primaryimage\"},\"thumbnailUrl\":\"https:\/\/lyonbondyblog.fr\/LBB\/wp-content\/uploads\/2022\/06\/Damien-Monchau-FN-1.jpg\",\"datePublished\":\"2022-06-08T10:06:23+00:00\",\"dateModified\":\"2022-06-08T10:06:25+00:00\",\"description\":\"\u00c0 l\u2019approche des \u00e9lections l\u00e9gislatives 2022, le Lyon Bondy Blog est all\u00e9 \u00e0 la rencontre des candidats des diff\u00e9rentes circonscriptions...\",\"inLanguage\":\"fr-FR\",\"potentialAction\":[{\"@type\":\"ReadAction\",\"target\":[\"https:\/\/lyonbondyblog.fr\/LBB\/legislatives-14-eme-circonscription-2-damien-monchau-candidat-du-rassemblement-national\/\"]}]},{\"@type\":\"ImageObject\",\"inLanguage\":\"fr-FR\",\"@id\":\"https:\/\/lyonbondyblog.fr\/LBB\/legislatives-14-eme-circonscription-2-damien-monchau-candidat-du-rassemblement-national\/#primaryimage\",\"url\":\"https:\/\/lyonbondyblog.fr\/LBB\/wp-content\/uploads\/2022\/06\/Damien-Monchau-FN-1.jpg\",\"contentUrl\":\"https:\/\/lyonbondyblog.fr\/LBB\/wp-content\/uploads\/2022\/06\/Damien-Monchau-FN-1.jpg\",\"width\":1200,\"height\":801},{\"@type\":\"WebSite\",\"@id\":\"https:\/\/lyonbondyblog.fr\/LBB\/#website\",\"url\":\"https:\/\/lyonbondyblog.fr\/LBB\/\",\"name\":\"Lyon Bondy Blog\",\"description\":\"\",\"publisher\":{\"@id\":\"https:\/\/lyonbondyblog.fr\/LBB\/#organization\"},\"potentialAction\":[{\"@type\":\"SearchAction\",\"target\":{\"@type\":\"EntryPoint\",\"urlTemplate\":\"https:\/\/lyonbondyblog.fr\/LBB\/?s={search_term_string}\"},\"query-input\":\"required name=search_term_string\"}],\"inLanguage\":\"fr-FR\"},{\"@type\":\"Organization\",\"@id\":\"https:\/\/lyonbondyblog.fr\/LBB\/#organization\",\"name\":\"LYON BONDY BLOG\",\"url\":\"https:\/\/lyonbondyblog.fr\/LBB\/\",\"logo\":{\"@type\":\"ImageObject\",\"inLanguage\":\"fr-FR\",\"@id\":\"https:\/\/lyonbondyblog.fr\/LBB\/#\/schema\/logo\/image\/\",\"url\":\"http:\/\/lyonbondyblog.fr\/LBB\/wp-content\/uploads\/2014\/10\/logo-portable-144.png\",\"contentUrl\":\"http:\/\/lyonbondyblog.fr\/LBB\/wp-content\/uploads\/2014\/10\/logo-portable-144.png\",\"width\":144,\"height\":123,\"caption\":\"LYON BONDY BLOG\"},\"image\":{\"@id\":\"https:\/\/lyonbondyblog.fr\/LBB\/#\/schema\/logo\/image\/\"},\"sameAs\":[\"https:\/\/www.facebook.com\/lyonbondyblog\",\"https:\/\/x.com\/bondybloglyon\"]},{\"@type\":\"Person\",\"@id\":\"https:\/\/lyonbondyblog.fr\/LBB\/#\/schema\/person\/d0ffa7c92f3a8e6296299c035e3e4ffd\",\"name\":\"Marine Farnole\",\"url\":\"https:\/\/lyonbondyblog.fr\/LBB\/author\/mfarnole\/\"}]}<\/script>\n<!-- \/ Yoast SEO plugin. -->","yoast_head_json":{"title":"L\u00e9gislatives: Damien Monchau, candidat du Rassemblement National - Lyon Bondy Blog","description":"\u00c0 l\u2019approche des \u00e9lections l\u00e9gislatives 2022, le Lyon Bondy Blog est all\u00e9 \u00e0 la rencontre des candidats des diff\u00e9rentes circonscriptions...","robots":{"index":"index","follow":"follow","max-snippet":"max-snippet:-1","max-image-preview":"max-image-preview:large","max-video-preview":"max-video-preview:-1"},"canonical":"https:\/\/lyonbondyblog.fr\/LBB\/legislatives-14-eme-circonscription-2-damien-monchau-candidat-du-rassemblement-national\/","og_locale":"fr_FR","og_type":"article","og_title":"L\u00e9gislatives: Damien Monchau, candidat du Rassemblement National - Lyon Bondy Blog","og_description":"\u00c0 l\u2019approche des \u00e9lections l\u00e9gislatives 2022, le Lyon Bondy Blog est all\u00e9 \u00e0 la rencontre des candidats des diff\u00e9rentes circonscriptions...","og_url":"https:\/\/lyonbondyblog.fr\/LBB\/legislatives-14-eme-circonscription-2-damien-monchau-candidat-du-rassemblement-national\/","og_site_name":"Lyon Bondy Blog","article_publisher":"https:\/\/www.facebook.com\/lyonbondyblog","article_published_time":"2022-06-08T10:06:23+00:00","article_modified_time":"2022-06-08T10:06:25+00:00","og_image":[{"width":1200,"height":801,"url":"https:\/\/lyonbondyblog.fr\/LBB\/wp-content\/uploads\/2022\/06\/Damien-Monchau-FN-1.jpg","type":"image\/jpeg"}],"author":"Marine Farnole","twitter_card":"summary_large_image","twitter_creator":"@bondybloglyon","twitter_site":"@bondybloglyon","schema":{"@context":"https:\/\/schema.org","@graph":[{"@type":"Article","@id":"https:\/\/lyonbondyblog.fr\/LBB\/legislatives-14-eme-circonscription-2-damien-monchau-candidat-du-rassemblement-national\/#article","isPartOf":{"@id":"https:\/\/lyonbondyblog.fr\/LBB\/legislatives-14-eme-circonscription-2-damien-monchau-candidat-du-rassemblement-national\/"},"author":{"name":"Marine Farnole","@id":"https:\/\/lyonbondyblog.fr\/LBB\/#\/schema\/person\/d0ffa7c92f3a8e6296299c035e3e4ffd"},"headline":"L\u00e9gislatives, 14 \u00e8me circonscription #2\u00a0: Damien Monchau, candidat du Rassemblement National","datePublished":"2022-06-08T10:06:23+00:00","dateModified":"2022-06-08T10:06:25+00:00","mainEntityOfPage":{"@id":"https:\/\/lyonbondyblog.fr\/LBB\/legislatives-14-eme-circonscription-2-damien-monchau-candidat-du-rassemblement-national\/"},"wordCount":1475,"commentCount":0,"publisher":{"@id":"https:\/\/lyonbondyblog.fr\/LBB\/#organization"},"image":{"@id":"https:\/\/lyonbondyblog.fr\/LBB\/legislatives-14-eme-circonscription-2-damien-monchau-candidat-du-rassemblement-national\/#primaryimage"},"thumbnailUrl":"https:\/\/lyonbondyblog.fr\/LBB\/wp-content\/uploads\/2022\/06\/Damien-Monchau-FN-1.jpg","articleSection":["L\u00e9gislatives 2022","Lyon","Politique"],"inLanguage":"fr-FR","potentialAction":[{"@type":"CommentAction","name":"Comment","target":["https:\/\/lyonbondyblog.fr\/LBB\/legislatives-14-eme-circonscription-2-damien-monchau-candidat-du-rassemblement-national\/#respond"]}]},{"@type":"WebPage","@id":"https:\/\/lyonbondyblog.fr\/LBB\/legislatives-14-eme-circonscription-2-damien-monchau-candidat-du-rassemblement-national\/","url":"https:\/\/lyonbondyblog.fr\/LBB\/legislatives-14-eme-circonscription-2-damien-monchau-candidat-du-rassemblement-national\/","name":"L\u00e9gislatives: Damien Monchau, candidat du Rassemblement National - Lyon Bondy Blog","isPartOf":{"@id":"https:\/\/lyonbondyblog.fr\/LBB\/#website"},"primaryImageOfPage":{"@id":"https:\/\/lyonbondyblog.fr\/LBB\/legislatives-14-eme-circonscription-2-damien-monchau-candidat-du-rassemblement-national\/#primaryimage"},"image":{"@id":"https:\/\/lyonbondyblog.fr\/LBB\/legislatives-14-eme-circonscription-2-damien-monchau-candidat-du-rassemblement-national\/#primaryimage"},"thumbnailUrl":"https:\/\/lyonbondyblog.fr\/LBB\/wp-content\/uploads\/2022\/06\/Damien-Monchau-FN-1.jpg","datePublished":"2022-06-08T10:06:23+00:00","dateModified":"2022-06-08T10:06:25+00:00","description":"\u00c0 l\u2019approche des \u00e9lections l\u00e9gislatives 2022, le Lyon Bondy Blog est all\u00e9 \u00e0 la rencontre des candidats des diff\u00e9rentes circonscriptions...","inLanguage":"fr-FR","potentialAction":[{"@type":"ReadAction","target":["https:\/\/lyonbondyblog.fr\/LBB\/legislatives-14-eme-circonscription-2-damien-monchau-candidat-du-rassemblement-national\/"]}]},{"@type":"ImageObject","inLanguage":"fr-FR","@id":"https:\/\/lyonbondyblog.fr\/LBB\/legislatives-14-eme-circonscription-2-damien-monchau-candidat-du-rassemblement-national\/#primaryimage","url":"https:\/\/lyonbondyblog.fr\/LBB\/wp-content\/uploads\/2022\/06\/Damien-Monchau-FN-1.jpg","contentUrl":"https:\/\/lyonbondyblog.fr\/LBB\/wp-content\/uploads\/2022\/06\/Damien-Monchau-FN-1.jpg","width":1200,"height":801},{"@type":"WebSite","@id":"https:\/\/lyonbondyblog.fr\/LBB\/#website","url":"https:\/\/lyonbondyblog.fr\/LBB\/","name":"Lyon Bondy Blog","description":"","publisher":{"@id":"https:\/\/lyonbondyblog.fr\/LBB\/#organization"},"potentialAction":[{"@type":"SearchAction","target":{"@type":"EntryPoint","urlTemplate":"https:\/\/lyonbondyblog.fr\/LBB\/?s={search_term_string}"},"query-input":"required name=search_term_string"}],"inLanguage":"fr-FR"},{"@type":"Organization","@id":"https:\/\/lyonbondyblog.fr\/LBB\/#organization","name":"LYON BONDY BLOG","url":"https:\/\/lyonbondyblog.fr\/LBB\/","logo":{"@type":"ImageObject","inLanguage":"fr-FR","@id":"https:\/\/lyonbondyblog.fr\/LBB\/#\/schema\/logo\/image\/","url":"http:\/\/lyonbondyblog.fr\/LBB\/wp-content\/uploads\/2014\/10\/logo-portable-144.png","contentUrl":"http:\/\/lyonbondyblog.fr\/LBB\/wp-content\/uploads\/2014\/10\/logo-portable-144.png","width":144,"height":123,"caption":"LYON BONDY BLOG"},"image":{"@id":"https:\/\/lyonbondyblog.fr\/LBB\/#\/schema\/logo\/image\/"},"sameAs":["https:\/\/www.facebook.com\/lyonbondyblog","https:\/\/x.com\/bondybloglyon"]},{"@type":"Person","@id":"https:\/\/lyonbondyblog.fr\/LBB\/#\/schema\/person\/d0ffa7c92f3a8e6296299c035e3e4ffd","name":"Marine Farnole","url":"https:\/\/lyonbondyblog.fr\/LBB\/author\/mfarnole\/"}]}},"_links":{"self":[{"href":"https:\/\/lyonbondyblog.fr\/LBB\/wp-json\/wp\/v2\/posts\/29450","targetHints":{"allow":["GET"]}}],"collection":[{"href":"https:\/\/lyonbondyblog.fr\/LBB\/wp-json\/wp\/v2\/posts"}],"about":[{"href":"https:\/\/lyonbondyblog.fr\/LBB\/wp-json\/wp\/v2\/types\/post"}],"author":[{"embeddable":true,"href":"https:\/\/lyonbondyblog.fr\/LBB\/wp-json\/wp\/v2\/users\/29247"}],"replies":[{"embeddable":true,"href":"https:\/\/lyonbondyblog.fr\/LBB\/wp-json\/wp\/v2\/comments?post=29450"}],"version-history":[{"count":3,"href":"https:\/\/lyonbondyblog.fr\/LBB\/wp-json\/wp\/v2\/posts\/29450\/revisions"}],"predecessor-version":[{"id":29455,"href":"https:\/\/lyonbondyblog.fr\/LBB\/wp-json\/wp\/v2\/posts\/29450\/revisions\/29455"}],"wp:featuredmedia":[{"embeddable":true,"href":"https:\/\/lyonbondyblog.fr\/LBB\/wp-json\/wp\/v2\/media\/29452"}],"wp:attachment":[{"href":"https:\/\/lyonbondyblog.fr\/LBB\/wp-json\/wp\/v2\/media?parent=29450"}],"wp:term":[{"taxonomy":"category","embeddable":true,"href":"https:\/\/lyonbondyblog.fr\/LBB\/wp-json\/wp\/v2\/categories?post=29450"},{"taxonomy":"post_tag","embeddable":true,"href":"https:\/\/lyonbondyblog.fr\/LBB\/wp-json\/wp\/v2\/tags?post=29450"}],"curies":[{"name":"wp","href":"https:\/\/api.w.org\/{rel}","templated":true}]}}