{"id":29398,"date":"2022-06-04T17:06:17","date_gmt":"2022-06-04T15:06:17","guid":{"rendered":"http:\/\/lyonbondyblog.fr\/LBB\/?p=29398"},"modified":"2022-06-09T16:56:27","modified_gmt":"2022-06-09T14:56:27","slug":"portrait-de-la-3eme-circonscription-du-rhone","status":"publish","type":"post","link":"https:\/\/lyonbondyblog.fr\/LBB\/portrait-de-la-3eme-circonscription-du-rhone\/","title":{"rendered":"Portrait de la 3\u00e8me circonscription du Rh\u00f4ne"},"content":{"rendered":"\n<p><strong>\u00c0 l\u2019approche des \u00e9lections l\u00e9gislatives, le Lyon Bondy Blog vous pr\u00e9sente le portrait de la 3<sup>\u00e8me<\/sup> circonscription du Rh\u00f4ne.<\/strong><\/p>\n\n\n\n<p>La troisi\u00e8me circonscription du Rh\u00f4ne regroupe l\u2019ouest du 3\u00e8me arrondissement (Berges-Part Dieu), le nord du 7\u00e8me (Jean-Mac\u00e9 \u2013 Guilloti\u00e8re) et le centre du 8\u00e8me (Sans-Souci, Monplaisir, Bachut, \u00c9tats-Unis, Santy).<\/p>\n\n\n\n<p>Au premier tour des \u00e9lections pr\u00e9sidentielles, Jean-Luc M\u00e9lenchon est arriv\u00e9 en t\u00eate dans cette circonscription avec plus de 30 % des voix. Depuis 2007, Jean-Louis Touraine, membre du PS puis de LREM depuis 2017, si\u00e8ge \u00e0 l\u2019Assembl\u00e9e Nationale. Aux \u00e9lections l\u00e9gislatives de 2017, Jean-Louis Touraine \u00e9tait en ballotage avec Pascal Le Brun, candidat de La France Insoumise (LFI). Il avait obtenu 60% des voix.<\/p>\n\n\n\n<p>Cette ann\u00e9e, c\u2019est son attach\u00e9e parlementaire, Sarah Peillon (Renaissance) qui tente de lui succ\u00e9der. Pour <a href=\"https:\/\/twitter.com\/lemediapol?s=20&amp;t=uvztiyoj79T8zpSb5K4jKw\">le politologue Romain Meltz<\/a>, la candidate de la majorit\u00e9 pr\u00e9sidentielle est favorite dans cette circonscription plut\u00f4t de centre gauche. C\u2019est sans compter sur Marie-Charlotte Garin, qui concourt pour la NUPES et tente d\u2019orienter les \u00e9lecteurs vers une gauche de \u00ab&nbsp;rupture&nbsp;\u00bb.<\/p>\n\n\n\n<h2 class=\"wp-block-heading\"><strong>Les candidats&nbsp;<\/strong><\/h2>\n\n\n\n<p>B\u00e9atrice DE MONTILLE (LR), Marc CHINAL (DIV), Sarah PEILLON(ENS), Jean No\u00ebl DUDUKDJIAN (LO), G\u00e9rard VOLLORY(RN), Ana\u00efs BARRALLON (DIVEX), Nad\u00e8ge GUILLAUMONT(EELV), Alexis GEFFRAULT(DIV), Val\u00e9rie RAMOS(DIV), Olivier DELUCENAY(REC), Marie Charlotte GARIN(NUPES\/EELV), Jean Fran\u00e7ois AUZAL(PRG), Nicolas TODOROVIC(EQ)<\/p>\n\n\n\n<h2 class=\"wp-block-heading\"><strong>La circonscription en chiffres<\/strong><\/h2>\n\n\n\n<p>D\u2019apr\u00e8s l\u2019<a href=\"https:\/\/www.insee.fr\/fr\/statistiques\/6436315?sommaire=6436478\">Insee<\/a>, en 2019, la troisi\u00e8me circonscription comptait un peu plus de 132 000 habitants. La moiti\u00e9 des habitants a moins de 31 ans, c\u2019est 10 de moins que dans toute la France. Un des facteurs d\u2019explication r\u00e9side dans le nombre \u00e9lev\u00e9 d\u2019\u00e9tudiants gr\u00e2ce \u00e0 la pr\u00e9sence de plusieurs universit\u00e9s. Ils sont presque 2 fois plus nombreux dans la circonscription (14%) qu\u2019\u00e0 l\u2019\u00e9chelle du pays&nbsp;(8%).<\/p>\n\n\n\n<figure class=\"wp-block-image size-full is-resized\"><img decoding=\"async\" src=\"https:\/\/lyonbondyblog.fr\/LBB\/wp-content\/uploads\/2022\/06\/284767262_395807959228560_3753576668438881872_n-edited-1.png\" alt=\"\" class=\"wp-image-29410\" width=\"817\"\/><\/figure>\n\n\n\n<p>La circonscription jouit d\u2019un taux de ch\u00f4mage similaire \u00e0 la moyenne nationale. D\u2019apr\u00e8s l\u2019Insee, 6,8% des actifs sont au ch\u00f4mage contre 6,2% en France. Cependant, les in\u00e9galit\u00e9s sociales sont plus fortes qu\u2019ailleurs. En 2019, 16,5% de la population vit en-dessous du seuil de pauvret\u00e9 contre 14,5% \u00e0 l\u2019\u00e9chelle du pays. A l\u2019inverse, les personnes ais\u00e9es repr\u00e9sentent 14% de la population, c\u2019est 4 points de plus qu\u2019au niveau national (10%).<\/p>\n\n\n\n<figure class=\"wp-block-image size-full is-resized\"><img loading=\"lazy\" decoding=\"async\" src=\"https:\/\/lyonbondyblog.fr\/LBB\/wp-content\/uploads\/2022\/06\/284928829_5181603761956477_5007009523817507094_n.png\" alt=\"\" class=\"wp-image-29403\" width=\"822\" height=\"509\"\/><\/figure>\n\n\n\n<p>Aux l\u00e9gislatives de 2017, <a href=\"https:\/\/www2.assemblee-nationale.fr\/elections\/circonscription\/2017\/resultats\/69\/02\">la circonscription a fait preuve d\u2019une meilleure participation \u00e9lectorale que la moyenne nationale<\/a>. Il y a eu 47% d\u2019abstention contre 57 au niveau national.<\/p>\n\n\n\n<h2 class=\"wp-block-heading\"><strong>Quels enjeux pour cette circonscription&nbsp;?<\/strong><\/h2>\n\n\n\n<p>D\u2019apr\u00e8s <a href=\"http:\/\/triangle.ens-lyon.fr\/spip.php?article8831\">Romain Meltz<\/a>, politologue \u00e0 l\u2019universit\u00e9 Louis Lumi\u00e8re Lyon 2, la 3<sup>\u00e8me<\/sup> circonscription est tr\u00e8s importante pour les \u00e9cologistes. <em>\u00ab&nbsp;C\u2019est une circonscription tr\u00e8s riche avec beaucoup de talents verts qui sont tous en comp\u00e9tition. Il y a un gros enjeu dans cette circonscription&nbsp;\u00bb<\/em>, d\u00e9clare-t-il. La circonscription est attach\u00e9e \u00e0 l\u2019environnement. Gr\u00e9gory Doucet, le maire \u00e9cologiste de Lyon, a v\u00e9cu dans le 8<sup>\u00e8me<\/sup> arrondissement. En 2014, il s\u2019est d\u2019ailleurs pr\u00e9sent\u00e9 \u00e0 sa mairie lors des municipales. Bien qu\u2019elle soit importante pour EELV et donc la NUPES, la circonscription pourrait leur \u00e9chapper. <em>\u00ab&nbsp;Les \u00e9lecteurs de Gr\u00e9gory Doucet en 2020 n\u2019\u00e9taient pas l\u00e0 pour Jadot en 2022. Je ne pense pas que la question d\u2019une rupture d\u2019un capitalisme polluant, que porte Nupes, suffise \u00e0 faire revenir les \u00e9lecteurs vers EELV. A mon avis, Garin n\u2019est pas favorite \u00bb,<\/em> alerte Romain Meltz.<\/p>\n\n\n\n<p> On pourrait penser que le th\u00e8me de l\u2019ins\u00e9curit\u00e9, au vu de la r\u00e9putation du quartier de la Guilloti\u00e8re, soit d\u00e9terminant lors de ces \u00e9lections. Romain Meltz n\u2019est pas de cet avis&nbsp;: <em>\u00ab C\u2019est un quartier, donc avec tr\u00e8s peu de bureaux de vote. Ses habitants votent assez peu. Je ne suis pas s\u00fbr que ces personnes participent massivement aux l\u00e9gislatives&nbsp;\u00bb.<\/em> Si l\u2019inverse se produisait, les habitants ne voteraient pas pour la NUPES selon le politologue<em>. \u00ab Je vois plut\u00f4t un vote l\u00e9gitimiste en faveur de monsieur Macron (repr\u00e9sent\u00e9 par Sarah Peillon) qui a tenu un discours assez ferme sur la s\u00e9curit\u00e9 pendant ces 5 ans. La nouvelle nomination de Darmanin envoie un signal fort \u00e0 la population sur la politique de s\u00e9curit\u00e9&nbsp;\u00bb<\/em>. Pour le professeur \u00e0 Lyon 2, l\u2019enjeu majeur des l\u00e9gislatives, c\u2019est le pouvoir d\u2019achat&nbsp;: <em>\u00ab&nbsp;La question du pouvoir d\u2019achat est redevenue primordiale&nbsp;\u00bb<\/em>, explique-t-il.<\/p>\n\n\n\n<p><a href=\"https:\/\/lyonbondyblog.fr\/LBB\/legislatives-sarah-peillon-parti-renaissance\/\">Dernier article politique ici<\/a><\/p>\n\n\n\n<p class=\"has-text-align-right\">R\u00e9mi Capra-Brocard<\/p>\n<!-- AddThis Advanced Settings generic via filter on the_content --><!-- AddThis Share Buttons generic via filter on the_content -->","protected":false},"excerpt":{"rendered":"<p>\u00c0 l\u2019approche des \u00e9lections l\u00e9gislatives, le Lyon Bondy Blog vous pr\u00e9sente le portrait de la 3\u00e8me circonscription du Rh\u00f4ne. La troisi\u00e8me circonscription du Rh\u00f4ne regroupe &hellip; <!-- AddThis Advanced Settings generic via filter on wp_trim_excerpt --><!-- AddThis Share Buttons generic via filter on wp_trim_excerpt --><\/p>\n","protected":false},"author":31868,"featured_media":29414,"comment_status":"open","ping_status":"open","sticky":true,"template":"","format":"standard","meta":{"_FSMCFIC_featured_image_caption":"","_FSMCFIC_featured_image_nocaption":"","_FSMCFIC_featured_image_hide":"","footnotes":""},"categories":[27827,4,6],"tags":[],"class_list":["post-29398","post","type-post","status-publish","format-standard","has-post-thumbnail","hentry","category-legislative-2022","category-lyon","category-politique"],"yoast_head":"<!-- This site is optimized with the Yoast SEO plugin v22.8 - https:\/\/yoast.com\/wordpress\/plugins\/seo\/ -->\n<title>Portrait de la 3\u00e8me circonscription du Rh\u00f4ne - Lyon Bondy Blog<\/title>\n<meta name=\"description\" content=\"A l\u2019approche des \u00e9lections l\u00e9gislatives, le Lyon Bondy Blog vous pr\u00e9sente le portrait de la 3\u00e8me circonscription du Rh\u00f4ne.\" \/>\n<meta name=\"robots\" content=\"index, follow, max-snippet:-1, max-image-preview:large, max-video-preview:-1\" \/>\n<link rel=\"canonical\" href=\"https:\/\/lyonbondyblog.fr\/LBB\/portrait-de-la-3eme-circonscription-du-rhone\/\" \/>\n<meta property=\"og:locale\" content=\"fr_FR\" \/>\n<meta property=\"og:type\" content=\"article\" \/>\n<meta property=\"og:title\" content=\"Portrait de la 3\u00e8me circonscription du Rh\u00f4ne - Lyon Bondy Blog\" \/>\n<meta property=\"og:description\" content=\"A l\u2019approche des \u00e9lections l\u00e9gislatives, le Lyon Bondy Blog vous pr\u00e9sente le portrait de la 3\u00e8me circonscription du Rh\u00f4ne.\" \/>\n<meta property=\"og:url\" content=\"https:\/\/lyonbondyblog.fr\/LBB\/portrait-de-la-3eme-circonscription-du-rhone\/\" \/>\n<meta property=\"og:site_name\" content=\"Lyon Bondy Blog\" \/>\n<meta property=\"article:publisher\" content=\"https:\/\/www.facebook.com\/lyonbondyblog\" \/>\n<meta property=\"article:published_time\" content=\"2022-06-04T15:06:17+00:00\" \/>\n<meta property=\"article:modified_time\" content=\"2022-06-09T14:56:27+00:00\" \/>\n<meta property=\"og:image\" content=\"https:\/\/lyonbondyblog.fr\/LBB\/wp-content\/uploads\/2014\/10\/Bandeau-Site-V2-011-2.jpg\" \/>\n\t<meta property=\"og:image:width\" content=\"851\" \/>\n\t<meta property=\"og:image:height\" content=\"200\" \/>\n\t<meta property=\"og:image:type\" content=\"image\/jpeg\" \/>\n<meta name=\"author\" content=\"R\u00e9mi Capra-Brocard\" \/>\n<meta name=\"twitter:card\" content=\"summary_large_image\" \/>\n<meta name=\"twitter:creator\" content=\"@bondybloglyon\" \/>\n<meta name=\"twitter:site\" content=\"@bondybloglyon\" \/>\n<script type=\"application\/ld+json\" class=\"yoast-schema-graph\">{\"@context\":\"https:\/\/schema.org\",\"@graph\":[{\"@type\":\"Article\",\"@id\":\"https:\/\/lyonbondyblog.fr\/LBB\/portrait-de-la-3eme-circonscription-du-rhone\/#article\",\"isPartOf\":{\"@id\":\"https:\/\/lyonbondyblog.fr\/LBB\/portrait-de-la-3eme-circonscription-du-rhone\/\"},\"author\":{\"name\":\"R\u00e9mi Capra-Brocard\",\"@id\":\"https:\/\/lyonbondyblog.fr\/LBB\/#\/schema\/person\/d9e56729a1102b0a36bdea4524919238\"},\"headline\":\"Portrait de la 3\u00e8me circonscription du Rh\u00f4ne\",\"datePublished\":\"2022-06-04T15:06:17+00:00\",\"dateModified\":\"2022-06-09T14:56:27+00:00\",\"mainEntityOfPage\":{\"@id\":\"https:\/\/lyonbondyblog.fr\/LBB\/portrait-de-la-3eme-circonscription-du-rhone\/\"},\"wordCount\":755,\"commentCount\":2,\"publisher\":{\"@id\":\"https:\/\/lyonbondyblog.fr\/LBB\/#organization\"},\"image\":{\"@id\":\"https:\/\/lyonbondyblog.fr\/LBB\/portrait-de-la-3eme-circonscription-du-rhone\/#primaryimage\"},\"thumbnailUrl\":\"https:\/\/lyonbondyblog.fr\/LBB\/wp-content\/uploads\/2022\/06\/3eme-circonscription-du-Rhone-pdf.jpg\",\"articleSection\":[\"L\u00e9gislatives 2022\",\"Lyon\",\"Politique\"],\"inLanguage\":\"fr-FR\",\"potentialAction\":[{\"@type\":\"CommentAction\",\"name\":\"Comment\",\"target\":[\"https:\/\/lyonbondyblog.fr\/LBB\/portrait-de-la-3eme-circonscription-du-rhone\/#respond\"]}]},{\"@type\":\"WebPage\",\"@id\":\"https:\/\/lyonbondyblog.fr\/LBB\/portrait-de-la-3eme-circonscription-du-rhone\/\",\"url\":\"https:\/\/lyonbondyblog.fr\/LBB\/portrait-de-la-3eme-circonscription-du-rhone\/\",\"name\":\"Portrait de la 3\u00e8me circonscription du Rh\u00f4ne - Lyon Bondy Blog\",\"isPartOf\":{\"@id\":\"https:\/\/lyonbondyblog.fr\/LBB\/#website\"},\"primaryImageOfPage\":{\"@id\":\"https:\/\/lyonbondyblog.fr\/LBB\/portrait-de-la-3eme-circonscription-du-rhone\/#primaryimage\"},\"image\":{\"@id\":\"https:\/\/lyonbondyblog.fr\/LBB\/portrait-de-la-3eme-circonscription-du-rhone\/#primaryimage\"},\"thumbnailUrl\":\"https:\/\/lyonbondyblog.fr\/LBB\/wp-content\/uploads\/2022\/06\/3eme-circonscription-du-Rhone-pdf.jpg\",\"datePublished\":\"2022-06-04T15:06:17+00:00\",\"dateModified\":\"2022-06-09T14:56:27+00:00\",\"description\":\"A l\u2019approche des \u00e9lections l\u00e9gislatives, le Lyon Bondy Blog vous pr\u00e9sente le portrait de la 3\u00e8me circonscription du Rh\u00f4ne.\",\"inLanguage\":\"fr-FR\",\"potentialAction\":[{\"@type\":\"ReadAction\",\"target\":[\"https:\/\/lyonbondyblog.fr\/LBB\/portrait-de-la-3eme-circonscription-du-rhone\/\"]}]},{\"@type\":\"ImageObject\",\"inLanguage\":\"fr-FR\",\"@id\":\"https:\/\/lyonbondyblog.fr\/LBB\/portrait-de-la-3eme-circonscription-du-rhone\/#primaryimage\",\"url\":\"https:\/\/lyonbondyblog.fr\/LBB\/wp-content\/uploads\/2022\/06\/3eme-circonscription-du-Rhone-pdf.jpg\",\"contentUrl\":\"https:\/\/lyonbondyblog.fr\/LBB\/wp-content\/uploads\/2022\/06\/3eme-circonscription-du-Rhone-pdf.jpg\"},{\"@type\":\"WebSite\",\"@id\":\"https:\/\/lyonbondyblog.fr\/LBB\/#website\",\"url\":\"https:\/\/lyonbondyblog.fr\/LBB\/\",\"name\":\"Lyon Bondy Blog\",\"description\":\"\",\"publisher\":{\"@id\":\"https:\/\/lyonbondyblog.fr\/LBB\/#organization\"},\"potentialAction\":[{\"@type\":\"SearchAction\",\"target\":{\"@type\":\"EntryPoint\",\"urlTemplate\":\"https:\/\/lyonbondyblog.fr\/LBB\/?s={search_term_string}\"},\"query-input\":\"required name=search_term_string\"}],\"inLanguage\":\"fr-FR\"},{\"@type\":\"Organization\",\"@id\":\"https:\/\/lyonbondyblog.fr\/LBB\/#organization\",\"name\":\"LYON BONDY BLOG\",\"url\":\"https:\/\/lyonbondyblog.fr\/LBB\/\",\"logo\":{\"@type\":\"ImageObject\",\"inLanguage\":\"fr-FR\",\"@id\":\"https:\/\/lyonbondyblog.fr\/LBB\/#\/schema\/logo\/image\/\",\"url\":\"http:\/\/lyonbondyblog.fr\/LBB\/wp-content\/uploads\/2014\/10\/logo-portable-144.png\",\"contentUrl\":\"http:\/\/lyonbondyblog.fr\/LBB\/wp-content\/uploads\/2014\/10\/logo-portable-144.png\",\"width\":144,\"height\":123,\"caption\":\"LYON BONDY BLOG\"},\"image\":{\"@id\":\"https:\/\/lyonbondyblog.fr\/LBB\/#\/schema\/logo\/image\/\"},\"sameAs\":[\"https:\/\/www.facebook.com\/lyonbondyblog\",\"https:\/\/x.com\/bondybloglyon\"]},{\"@type\":\"Person\",\"@id\":\"https:\/\/lyonbondyblog.fr\/LBB\/#\/schema\/person\/d9e56729a1102b0a36bdea4524919238\",\"name\":\"R\u00e9mi Capra-Brocard\",\"url\":\"https:\/\/lyonbondyblog.fr\/LBB\/author\/remi-capra\/\"}]}<\/script>\n<!-- \/ Yoast SEO plugin. -->","yoast_head_json":{"title":"Portrait de la 3\u00e8me circonscription du Rh\u00f4ne - Lyon Bondy Blog","description":"A l\u2019approche des \u00e9lections l\u00e9gislatives, le Lyon Bondy Blog vous pr\u00e9sente le portrait de la 3\u00e8me circonscription du Rh\u00f4ne.","robots":{"index":"index","follow":"follow","max-snippet":"max-snippet:-1","max-image-preview":"max-image-preview:large","max-video-preview":"max-video-preview:-1"},"canonical":"https:\/\/lyonbondyblog.fr\/LBB\/portrait-de-la-3eme-circonscription-du-rhone\/","og_locale":"fr_FR","og_type":"article","og_title":"Portrait de la 3\u00e8me circonscription du Rh\u00f4ne - Lyon Bondy Blog","og_description":"A l\u2019approche des \u00e9lections l\u00e9gislatives, le Lyon Bondy Blog vous pr\u00e9sente le portrait de la 3\u00e8me circonscription du Rh\u00f4ne.","og_url":"https:\/\/lyonbondyblog.fr\/LBB\/portrait-de-la-3eme-circonscription-du-rhone\/","og_site_name":"Lyon Bondy Blog","article_publisher":"https:\/\/www.facebook.com\/lyonbondyblog","article_published_time":"2022-06-04T15:06:17+00:00","article_modified_time":"2022-06-09T14:56:27+00:00","og_image":[{"width":851,"height":200,"url":"https:\/\/lyonbondyblog.fr\/LBB\/wp-content\/uploads\/2014\/10\/Bandeau-Site-V2-011-2.jpg","type":"image\/jpeg"}],"author":"R\u00e9mi Capra-Brocard","twitter_card":"summary_large_image","twitter_creator":"@bondybloglyon","twitter_site":"@bondybloglyon","schema":{"@context":"https:\/\/schema.org","@graph":[{"@type":"Article","@id":"https:\/\/lyonbondyblog.fr\/LBB\/portrait-de-la-3eme-circonscription-du-rhone\/#article","isPartOf":{"@id":"https:\/\/lyonbondyblog.fr\/LBB\/portrait-de-la-3eme-circonscription-du-rhone\/"},"author":{"name":"R\u00e9mi Capra-Brocard","@id":"https:\/\/lyonbondyblog.fr\/LBB\/#\/schema\/person\/d9e56729a1102b0a36bdea4524919238"},"headline":"Portrait de la 3\u00e8me circonscription du Rh\u00f4ne","datePublished":"2022-06-04T15:06:17+00:00","dateModified":"2022-06-09T14:56:27+00:00","mainEntityOfPage":{"@id":"https:\/\/lyonbondyblog.fr\/LBB\/portrait-de-la-3eme-circonscription-du-rhone\/"},"wordCount":755,"commentCount":2,"publisher":{"@id":"https:\/\/lyonbondyblog.fr\/LBB\/#organization"},"image":{"@id":"https:\/\/lyonbondyblog.fr\/LBB\/portrait-de-la-3eme-circonscription-du-rhone\/#primaryimage"},"thumbnailUrl":"https:\/\/lyonbondyblog.fr\/LBB\/wp-content\/uploads\/2022\/06\/3eme-circonscription-du-Rhone-pdf.jpg","articleSection":["L\u00e9gislatives 2022","Lyon","Politique"],"inLanguage":"fr-FR","potentialAction":[{"@type":"CommentAction","name":"Comment","target":["https:\/\/lyonbondyblog.fr\/LBB\/portrait-de-la-3eme-circonscription-du-rhone\/#respond"]}]},{"@type":"WebPage","@id":"https:\/\/lyonbondyblog.fr\/LBB\/portrait-de-la-3eme-circonscription-du-rhone\/","url":"https:\/\/lyonbondyblog.fr\/LBB\/portrait-de-la-3eme-circonscription-du-rhone\/","name":"Portrait de la 3\u00e8me circonscription du Rh\u00f4ne - Lyon Bondy Blog","isPartOf":{"@id":"https:\/\/lyonbondyblog.fr\/LBB\/#website"},"primaryImageOfPage":{"@id":"https:\/\/lyonbondyblog.fr\/LBB\/portrait-de-la-3eme-circonscription-du-rhone\/#primaryimage"},"image":{"@id":"https:\/\/lyonbondyblog.fr\/LBB\/portrait-de-la-3eme-circonscription-du-rhone\/#primaryimage"},"thumbnailUrl":"https:\/\/lyonbondyblog.fr\/LBB\/wp-content\/uploads\/2022\/06\/3eme-circonscription-du-Rhone-pdf.jpg","datePublished":"2022-06-04T15:06:17+00:00","dateModified":"2022-06-09T14:56:27+00:00","description":"A l\u2019approche des \u00e9lections l\u00e9gislatives, le Lyon Bondy Blog vous pr\u00e9sente le portrait de la 3\u00e8me circonscription du Rh\u00f4ne.","inLanguage":"fr-FR","potentialAction":[{"@type":"ReadAction","target":["https:\/\/lyonbondyblog.fr\/LBB\/portrait-de-la-3eme-circonscription-du-rhone\/"]}]},{"@type":"ImageObject","inLanguage":"fr-FR","@id":"https:\/\/lyonbondyblog.fr\/LBB\/portrait-de-la-3eme-circonscription-du-rhone\/#primaryimage","url":"https:\/\/lyonbondyblog.fr\/LBB\/wp-content\/uploads\/2022\/06\/3eme-circonscription-du-Rhone-pdf.jpg","contentUrl":"https:\/\/lyonbondyblog.fr\/LBB\/wp-content\/uploads\/2022\/06\/3eme-circonscription-du-Rhone-pdf.jpg"},{"@type":"WebSite","@id":"https:\/\/lyonbondyblog.fr\/LBB\/#website","url":"https:\/\/lyonbondyblog.fr\/LBB\/","name":"Lyon Bondy Blog","description":"","publisher":{"@id":"https:\/\/lyonbondyblog.fr\/LBB\/#organization"},"potentialAction":[{"@type":"SearchAction","target":{"@type":"EntryPoint","urlTemplate":"https:\/\/lyonbondyblog.fr\/LBB\/?s={search_term_string}"},"query-input":"required name=search_term_string"}],"inLanguage":"fr-FR"},{"@type":"Organization","@id":"https:\/\/lyonbondyblog.fr\/LBB\/#organization","name":"LYON BONDY BLOG","url":"https:\/\/lyonbondyblog.fr\/LBB\/","logo":{"@type":"ImageObject","inLanguage":"fr-FR","@id":"https:\/\/lyonbondyblog.fr\/LBB\/#\/schema\/logo\/image\/","url":"http:\/\/lyonbondyblog.fr\/LBB\/wp-content\/uploads\/2014\/10\/logo-portable-144.png","contentUrl":"http:\/\/lyonbondyblog.fr\/LBB\/wp-content\/uploads\/2014\/10\/logo-portable-144.png","width":144,"height":123,"caption":"LYON BONDY BLOG"},"image":{"@id":"https:\/\/lyonbondyblog.fr\/LBB\/#\/schema\/logo\/image\/"},"sameAs":["https:\/\/www.facebook.com\/lyonbondyblog","https:\/\/x.com\/bondybloglyon"]},{"@type":"Person","@id":"https:\/\/lyonbondyblog.fr\/LBB\/#\/schema\/person\/d9e56729a1102b0a36bdea4524919238","name":"R\u00e9mi Capra-Brocard","url":"https:\/\/lyonbondyblog.fr\/LBB\/author\/remi-capra\/"}]}},"_links":{"self":[{"href":"https:\/\/lyonbondyblog.fr\/LBB\/wp-json\/wp\/v2\/posts\/29398","targetHints":{"allow":["GET"]}}],"collection":[{"href":"https:\/\/lyonbondyblog.fr\/LBB\/wp-json\/wp\/v2\/posts"}],"about":[{"href":"https:\/\/lyonbondyblog.fr\/LBB\/wp-json\/wp\/v2\/types\/post"}],"author":[{"embeddable":true,"href":"https:\/\/lyonbondyblog.fr\/LBB\/wp-json\/wp\/v2\/users\/31868"}],"replies":[{"embeddable":true,"href":"https:\/\/lyonbondyblog.fr\/LBB\/wp-json\/wp\/v2\/comments?post=29398"}],"version-history":[{"count":5,"href":"https:\/\/lyonbondyblog.fr\/LBB\/wp-json\/wp\/v2\/posts\/29398\/revisions"}],"predecessor-version":[{"id":29486,"href":"https:\/\/lyonbondyblog.fr\/LBB\/wp-json\/wp\/v2\/posts\/29398\/revisions\/29486"}],"wp:featuredmedia":[{"embeddable":true,"href":"https:\/\/lyonbondyblog.fr\/LBB\/wp-json\/wp\/v2\/media\/29414"}],"wp:attachment":[{"href":"https:\/\/lyonbondyblog.fr\/LBB\/wp-json\/wp\/v2\/media?parent=29398"}],"wp:term":[{"taxonomy":"category","embeddable":true,"href":"https:\/\/lyonbondyblog.fr\/LBB\/wp-json\/wp\/v2\/categories?post=29398"},{"taxonomy":"post_tag","embeddable":true,"href":"https:\/\/lyonbondyblog.fr\/LBB\/wp-json\/wp\/v2\/tags?post=29398"}],"curies":[{"name":"wp","href":"https:\/\/api.w.org\/{rel}","templated":true}]}}