{"id":29364,"date":"2022-06-03T12:12:37","date_gmt":"2022-06-03T10:12:37","guid":{"rendered":"http:\/\/lyonbondyblog.fr\/LBB\/?p=29364"},"modified":"2023-04-18T18:15:29","modified_gmt":"2023-04-18T16:15:29","slug":"le-forum-ton-metier-cest-ton-but","status":"publish","type":"post","link":"https:\/\/lyonbondyblog.fr\/LBB\/le-forum-ton-metier-cest-ton-but\/","title":{"rendered":"Le forum \u00ab\u00a0ton m\u00e9tier c\u2019est ton but\u00a0\u00bb\u00a0: un \u00e9v\u00e9nement attractif pour les demandeurs d\u2019emplois et les entreprise"},"content":{"rendered":"\n<p>Hier le <a href=\"https:\/\/www.lyonladuchere.fr\/\">club de foot duch\u00e9rois<\/a> a organis\u00e9 la 9<sup>\u00e8me<\/sup> \u00e9dition du forum \u00ab&nbsp;ton m\u00e9tier c\u2019est ton but&nbsp;\u00bb en partenariat avec La maison m\u00e9tropolitaine d\u2019Insertion pour l\u2019Emploi et P\u00f4le Emploi, pour une journ\u00e9e \u00e0 dimension sociale et citoyenne.<\/p>\n\n\n\n<p>Apr\u00e8s six longs mois d\u2019organisation, La Halle St\u00e9phane Diagana a accueilli une centaine d\u2019entreprises proposant environ 2300 emplois pour 180 m\u00e9tiers. L\u2019objectif \u00e9tant de promouvoir les m\u00e9tiers qui recrutent, tout en permettant gr\u00e2ce au \u00ab&nbsp;job dating&nbsp;\u00bb d\u2019avoir des entretiens rapidement et facilement pour les demandeurs d\u2019emplois.<\/p>\n\n\n\n<p>Le forum est ouvert par Jean-Christophe Vincent, pr\u00e9sident du Club, suivi des interventions de Anne Braibant, maire du 9eme arrondissement, avec la pr\u00e9sence d\u2019\u00e9lu.e.s comme <a href=\"https:\/\/www.grandlyon.com\/elus\/emeline-baume.html\">Emeline Baume<\/a> ou <a href=\"http:\/\/lessocialistes-metropolelyon.fr\/le-groupe-lyonnais\/sandrine-runel\/\">Sandrine Runel<\/a>. On ressent une v\u00e9ritable fiert\u00e9 et motivation de la part des organisateurs, qui ont \u00e0 c\u0153ur de ne pas seulement promouvoir l\u2019\u00e9v\u00e9nement du jour, mais aussi les actions organis\u00e9es au cours de l\u2019ann\u00e9e. Le lieu est divis\u00e9 en deux parties&nbsp;: \u00e0 l\u2019\u00e9tage les entreprises qui recrutent, faisant leurs promotions, et en bas l\u2019espace de job dating.<\/p>\n\n\n\n<h2 class=\"wp-block-heading\"><strong>Un forum accueillant des demandeurs d\u2019emplois motiv\u00e9s<\/strong><\/h2>\n\n\n\n<p>L\u2019entr\u00e9e est tout juste ouverte qu\u2019une file d\u2019attente est pr\u00e9sente. Les chercheurs d\u2019emplois sont nombreux, environ 300 rendez-vous pris pour de l\u2019emploi dating. Les candidats sont vari\u00e9s, de tout \u00e2ge, cherchant des m\u00e9tiers tout autant diff\u00e9rents. Yanis, 18 ans, explique qu\u2019il a pris le nombre maximum de rendez-vous&nbsp;(3)&nbsp;: en passant par la m\u00e9canique \u00e0 la marine nationale, il esp\u00e8re vivement d\u00e9crocher un poste.<\/p>\n\n\n\n<figure class=\"wp-block-audio\"><audio controls src=\"https:\/\/lyonbondyblog.fr\/LBB\/wp-content\/uploads\/2022\/06\/yanis-18-ans-online-audio-converter.com_.mp3\"><\/audio><figcaption class=\"wp-element-caption\">Extrait de Yanis, 18 ans, ayant pris des rendez-vous avec des employeurs.<\/figcaption><\/figure>\n\n\n\n<p>Un groupe de quatre lyc\u00e9ens m\u2019explique chercher un job d\u2019\u00e9t\u00e9&nbsp;: \u00ab&nbsp;<em>moi j\u2019ai 17 ans, je cherche un job pour cet \u00e9t\u00e9, dans la communication \u00e7a serait g\u00e9nial ou m\u00eame en aide \u00e0 l\u2019enfance&nbsp;!&nbsp;\u00bb \u00ab&nbsp;oui moi aussi, mais plus dans l\u2019animalier<\/em>&nbsp;\u00bb<\/p>\n\n\n\n<p>Les visiteurs sont volontaires, motiv\u00e9s et n\u2019h\u00e9sitent pas \u00e0 poser des questions aux diff\u00e9rents stands. De plus, des \u00e9tudiants sont \u00e9galement pr\u00e9sents. En effet, un espace tr\u00e8s fr\u00e9quent\u00e9 est sp\u00e9cialement con\u00e7u pour la recherche d\u2019alternance. Un endroit essentiel puisque <a href=\"https:\/\/www.letudiant.fr\/etudes\/alternance\/les-jeunes-votent-pour-l-apprentissage-malgre-les-difficultes-a-trouver-un-employeur.html\">trouver une alternance<\/a> est une t\u00e2che souvent complexe, et surtout indispensable \u00e0 la poursuite d\u2019\u00e9tudes pour beaucoup de jeunes.<\/p>\n\n\n\n<h2 class=\"wp-block-heading\"><strong>Un moment de rencontre dynamique et bienveillant<\/strong><\/h2>\n\n\n\n<p>L\u2019heure est \u00e0 la bienveillance, les \u00e9quipes b\u00e9n\u00e9voles sont \u00e0 l\u2019\u00e9coute des besoins des visiteurs, et les entreprises n\u2019h\u00e9sitent pas \u00e0 approcher les demandeurs d\u2019emplois. Ainsi, \u00e0 l\u2019int\u00e9rieur de la salle le forum est tr\u00e8s dynamique, mais \u00e0 l\u2019ext\u00e9rieur aussi. En effet, des foods trucks sont install\u00e9s, il y a \u00e9galement une sc\u00e8ne avec de la musique et un grand espace o\u00f9 les visiteurs, comme les b\u00e9n\u00e9voles s\u2019installent pour discuter et manger. <\/p>\n\n\n\n<p>Le clich\u00e9 de l\u2019entretien d\u2019embauche tr\u00e8s strict est revu, voire effac\u00e9&nbsp;: les employeurs m\u2019expliquent qu\u2019ils fonctionnent sur la personnalit\u00e9, l\u2019\u00e9change&nbsp;: \u00ab <em>je n\u2019ai pas de profils particuliers attendu, on recrute aux comp\u00e9tences mais aussi aux comp\u00e9tences transverses (\u2026) on peut r\u00e9cup\u00e9rer des CV, des contacts, mais c\u2019est plus un \u00e9change&nbsp;<\/em>\u00bb, m\u2019explique une employ\u00e9e de <a href=\"https:\/\/www.crit-job.com\/\">Crit<\/a>.<\/p>\n\n\n\n<figure class=\"wp-block-audio\"><audio controls src=\"https:\/\/lyonbondyblog.fr\/LBB\/wp-content\/uploads\/2022\/06\/son-employA\u0303\u00a9e-crit-online-audio-converter.com_.mp3\"><\/audio><figcaption class=\"wp-element-caption\">Extrait d\u2019une employ\u00e9e de Crit, agence d\u2019interim.<\/figcaption><\/figure>\n\n\n\n<h2 class=\"wp-block-heading\"><strong>Un \u00e9v\u00e9nement s\u2019inscrivant dans une continuit\u00e9 socio-\u00e9ducative<\/strong><\/h2>\n\n\n\n<p>Plus largement, le forum \u00ab&nbsp;ton m\u00e9tier c\u2019est ton but&nbsp;\u00bb arrive comme le clap de fin d\u2019une ann\u00e9e compos\u00e9e d\u2019autres \u0153uvres sociales. En effet, les diff\u00e9rents organisateurs ont \u00e0 c\u0153ur de promouvoir \u00e9galement les autres actions, comme le dit Jean-Christophe Vincent lors de sa prise de parole <em>\u00ab&nbsp;ton m\u00e9tier c\u2019est ton but, si vous \u00eates l\u00e0 c\u2019est que vous savez ce que c\u2019est, donc je ne vais pas vous en parler, je vais vous parler des 57 autres (actions)<\/em>&nbsp;\u00bb. Ces autres actions concernent les domaines de l\u2019emploi, de la citoyennet\u00e9, de la sant\u00e9, de la culture, entre autres. Avec, notamment, un projet de mise en place d\u2019un p\u00f4le de m\u00e9diation de protection de l\u2019enfance afin de traiter la question de la p\u00e9docriminalit\u00e9. Ainsi, plus qu\u2019un moment d\u2019\u00e9change employeurs \u2013 demandeurs d\u2019emplois, ce forum est aussi l\u2019occasion pour le Club de profiter de la visibilit\u00e9 afin d\u2019aborder des sujets sociaux plus larges. <\/p>\n\n\n\n<p><a href=\"https:\/\/lyonbondyblog.fr\/LBB\/legislatives-sarah-peillon-parti-renaissance\/\">Dernier article ici<\/a><\/p>\n\n\n\n<p class=\"has-text-align-right\"><strong>La r\u00e9daction<\/strong><\/p>\n<!-- AddThis Advanced Settings generic via filter on the_content --><!-- AddThis Share Buttons generic via filter on the_content -->","protected":false},"excerpt":{"rendered":"<p>Hier le club de foot duch\u00e9rois a organis\u00e9 la 9\u00e8me \u00e9dition du forum \u00ab&nbsp;ton m\u00e9tier c\u2019est ton but&nbsp;\u00bb en partenariat avec La maison m\u00e9tropolitaine d\u2019Insertion &hellip; <!-- AddThis Advanced Settings generic via filter on wp_trim_excerpt --><!-- AddThis Share Buttons generic via filter on wp_trim_excerpt --><\/p>\n","protected":false},"author":1,"featured_media":29367,"comment_status":"open","ping_status":"open","sticky":true,"template":"","format":"standard","meta":{"_FSMCFIC_featured_image_caption":"","_FSMCFIC_featured_image_nocaption":"","_FSMCFIC_featured_image_hide":"","footnotes":""},"categories":[22686,14155,4],"tags":[],"class_list":["post-29364","post","type-post","status-publish","format-standard","has-post-thumbnail","hentry","category-emploi","category-la-duchere","category-lyon"],"yoast_head":"<!-- This site is optimized with the Yoast SEO plugin v22.8 - https:\/\/yoast.com\/wordpress\/plugins\/seo\/ -->\n<title>\u00ab ton m\u00e9tier c\u2019est ton but \u00bb : un \u00e9v\u00e8nement qui profite \u00e0 tous - Lyon Bondy Blog<\/title>\n<meta name=\"description\" content=\"Hier le club de foot duch\u00e9rois a organis\u00e9 la 9\u00e8me \u00e9dition du forum \u00ab ton m\u00e9tier c\u2019est ton but \u00bb en partenariat avec La maison m\u00e9tropolitaine d\u2019Insertion pour l\u2019Emploi et P\u00f4le Emploi, pour une journ\u00e9e \u00e0 dimension sociale et citoyenne.\" \/>\n<meta name=\"robots\" content=\"index, follow, max-snippet:-1, max-image-preview:large, max-video-preview:-1\" \/>\n<link rel=\"canonical\" href=\"https:\/\/lyonbondyblog.fr\/LBB\/le-forum-ton-metier-cest-ton-but\/\" \/>\n<meta property=\"og:locale\" content=\"fr_FR\" \/>\n<meta property=\"og:type\" content=\"article\" \/>\n<meta property=\"og:title\" content=\"\u00ab ton m\u00e9tier c\u2019est ton but \u00bb : un \u00e9v\u00e8nement qui profite \u00e0 tous - Lyon Bondy Blog\" \/>\n<meta property=\"og:description\" content=\"Hier le club de foot duch\u00e9rois a organis\u00e9 la 9\u00e8me \u00e9dition du forum \u00ab ton m\u00e9tier c\u2019est ton but \u00bb en partenariat avec La maison m\u00e9tropolitaine d\u2019Insertion pour l\u2019Emploi et P\u00f4le Emploi, pour une journ\u00e9e \u00e0 dimension sociale et citoyenne.\" \/>\n<meta property=\"og:url\" content=\"https:\/\/lyonbondyblog.fr\/LBB\/le-forum-ton-metier-cest-ton-but\/\" \/>\n<meta property=\"og:site_name\" content=\"Lyon Bondy Blog\" \/>\n<meta property=\"article:publisher\" content=\"https:\/\/www.facebook.com\/lyonbondyblog\" \/>\n<meta property=\"article:author\" content=\"https:\/\/www.facebook.com\/lyonbondyblog\" \/>\n<meta property=\"article:published_time\" content=\"2022-06-03T10:12:37+00:00\" \/>\n<meta property=\"article:modified_time\" content=\"2023-04-18T16:15:29+00:00\" \/>\n<meta property=\"og:image\" content=\"https:\/\/lyonbondyblog.fr\/LBB\/wp-content\/uploads\/2022\/06\/IMG_14213096.jpeg\" \/>\n\t<meta property=\"og:image:width\" content=\"640\" \/>\n\t<meta property=\"og:image:height\" content=\"480\" \/>\n\t<meta property=\"og:image:type\" content=\"image\/jpeg\" \/>\n<meta name=\"author\" content=\"La r\u00e9daction\" \/>\n<meta name=\"twitter:card\" content=\"summary_large_image\" \/>\n<meta name=\"twitter:creator\" content=\"@BondyBlogLyon\" \/>\n<meta name=\"twitter:site\" content=\"@bondybloglyon\" \/>\n<script type=\"application\/ld+json\" class=\"yoast-schema-graph\">{\"@context\":\"https:\/\/schema.org\",\"@graph\":[{\"@type\":\"Article\",\"@id\":\"https:\/\/lyonbondyblog.fr\/LBB\/le-forum-ton-metier-cest-ton-but\/#article\",\"isPartOf\":{\"@id\":\"https:\/\/lyonbondyblog.fr\/LBB\/le-forum-ton-metier-cest-ton-but\/\"},\"author\":{\"name\":\"La r\u00e9daction\",\"@id\":\"https:\/\/lyonbondyblog.fr\/LBB\/#\/schema\/person\/e45f8d27baac75072daa0be50c409b25\"},\"headline\":\"Le forum \u00ab\u00a0ton m\u00e9tier c\u2019est ton but\u00a0\u00bb\u00a0: un \u00e9v\u00e9nement attractif pour les demandeurs d\u2019emplois et les entreprise\",\"datePublished\":\"2022-06-03T10:12:37+00:00\",\"dateModified\":\"2023-04-18T16:15:29+00:00\",\"mainEntityOfPage\":{\"@id\":\"https:\/\/lyonbondyblog.fr\/LBB\/le-forum-ton-metier-cest-ton-but\/\"},\"wordCount\":800,\"commentCount\":0,\"publisher\":{\"@id\":\"https:\/\/lyonbondyblog.fr\/LBB\/#organization\"},\"image\":{\"@id\":\"https:\/\/lyonbondyblog.fr\/LBB\/le-forum-ton-metier-cest-ton-but\/#primaryimage\"},\"thumbnailUrl\":\"https:\/\/lyonbondyblog.fr\/LBB\/wp-content\/uploads\/2022\/06\/IMG_14213096.jpeg\",\"articleSection\":[\"Emploi\",\"La Duch\u00e8re\",\"Lyon\"],\"inLanguage\":\"fr-FR\",\"potentialAction\":[{\"@type\":\"CommentAction\",\"name\":\"Comment\",\"target\":[\"https:\/\/lyonbondyblog.fr\/LBB\/le-forum-ton-metier-cest-ton-but\/#respond\"]}]},{\"@type\":\"WebPage\",\"@id\":\"https:\/\/lyonbondyblog.fr\/LBB\/le-forum-ton-metier-cest-ton-but\/\",\"url\":\"https:\/\/lyonbondyblog.fr\/LBB\/le-forum-ton-metier-cest-ton-but\/\",\"name\":\"\u00ab ton m\u00e9tier c\u2019est ton but \u00bb : un \u00e9v\u00e8nement qui profite \u00e0 tous - Lyon Bondy Blog\",\"isPartOf\":{\"@id\":\"https:\/\/lyonbondyblog.fr\/LBB\/#website\"},\"primaryImageOfPage\":{\"@id\":\"https:\/\/lyonbondyblog.fr\/LBB\/le-forum-ton-metier-cest-ton-but\/#primaryimage\"},\"image\":{\"@id\":\"https:\/\/lyonbondyblog.fr\/LBB\/le-forum-ton-metier-cest-ton-but\/#primaryimage\"},\"thumbnailUrl\":\"https:\/\/lyonbondyblog.fr\/LBB\/wp-content\/uploads\/2022\/06\/IMG_14213096.jpeg\",\"datePublished\":\"2022-06-03T10:12:37+00:00\",\"dateModified\":\"2023-04-18T16:15:29+00:00\",\"description\":\"Hier le club de foot duch\u00e9rois a organis\u00e9 la 9\u00e8me \u00e9dition du forum \u00ab ton m\u00e9tier c\u2019est ton but \u00bb en partenariat avec La maison m\u00e9tropolitaine d\u2019Insertion pour l\u2019Emploi et P\u00f4le Emploi, pour une journ\u00e9e \u00e0 dimension sociale et citoyenne.\",\"inLanguage\":\"fr-FR\",\"potentialAction\":[{\"@type\":\"ReadAction\",\"target\":[\"https:\/\/lyonbondyblog.fr\/LBB\/le-forum-ton-metier-cest-ton-but\/\"]}]},{\"@type\":\"ImageObject\",\"inLanguage\":\"fr-FR\",\"@id\":\"https:\/\/lyonbondyblog.fr\/LBB\/le-forum-ton-metier-cest-ton-but\/#primaryimage\",\"url\":\"https:\/\/lyonbondyblog.fr\/LBB\/wp-content\/uploads\/2022\/06\/IMG_14213096.jpeg\",\"contentUrl\":\"https:\/\/lyonbondyblog.fr\/LBB\/wp-content\/uploads\/2022\/06\/IMG_14213096.jpeg\",\"width\":640,\"height\":480},{\"@type\":\"WebSite\",\"@id\":\"https:\/\/lyonbondyblog.fr\/LBB\/#website\",\"url\":\"https:\/\/lyonbondyblog.fr\/LBB\/\",\"name\":\"Lyon Bondy Blog\",\"description\":\"\",\"publisher\":{\"@id\":\"https:\/\/lyonbondyblog.fr\/LBB\/#organization\"},\"potentialAction\":[{\"@type\":\"SearchAction\",\"target\":{\"@type\":\"EntryPoint\",\"urlTemplate\":\"https:\/\/lyonbondyblog.fr\/LBB\/?s={search_term_string}\"},\"query-input\":\"required name=search_term_string\"}],\"inLanguage\":\"fr-FR\"},{\"@type\":\"Organization\",\"@id\":\"https:\/\/lyonbondyblog.fr\/LBB\/#organization\",\"name\":\"LYON BONDY BLOG\",\"url\":\"https:\/\/lyonbondyblog.fr\/LBB\/\",\"logo\":{\"@type\":\"ImageObject\",\"inLanguage\":\"fr-FR\",\"@id\":\"https:\/\/lyonbondyblog.fr\/LBB\/#\/schema\/logo\/image\/\",\"url\":\"http:\/\/lyonbondyblog.fr\/LBB\/wp-content\/uploads\/2014\/10\/logo-portable-144.png\",\"contentUrl\":\"http:\/\/lyonbondyblog.fr\/LBB\/wp-content\/uploads\/2014\/10\/logo-portable-144.png\",\"width\":144,\"height\":123,\"caption\":\"LYON BONDY BLOG\"},\"image\":{\"@id\":\"https:\/\/lyonbondyblog.fr\/LBB\/#\/schema\/logo\/image\/\"},\"sameAs\":[\"https:\/\/www.facebook.com\/lyonbondyblog\",\"https:\/\/x.com\/bondybloglyon\"]},{\"@type\":\"Person\",\"@id\":\"https:\/\/lyonbondyblog.fr\/LBB\/#\/schema\/person\/e45f8d27baac75072daa0be50c409b25\",\"name\":\"La r\u00e9daction\",\"description\":\"Cr\u00e9e en 2008, la r\u00e9daction du Lyon Bondy Blog s'applique \u00e0 proposer une information locale diff\u00e9rente et compl\u00e9mentaire des m\u00e9dias traditionnels.\",\"sameAs\":[\"https:\/\/www.facebook.com\/lyonbondyblog\",\"https:\/\/x.com\/BondyBlogLyon\"],\"url\":\"https:\/\/lyonbondyblog.fr\/LBB\/author\/admin\/\"}]}<\/script>\n<!-- \/ Yoast SEO plugin. -->","yoast_head_json":{"title":"\u00ab ton m\u00e9tier c\u2019est ton but \u00bb : un \u00e9v\u00e8nement qui profite \u00e0 tous - Lyon Bondy Blog","description":"Hier le club de foot duch\u00e9rois a organis\u00e9 la 9\u00e8me \u00e9dition du forum \u00ab ton m\u00e9tier c\u2019est ton but \u00bb en partenariat avec La maison m\u00e9tropolitaine d\u2019Insertion pour l\u2019Emploi et P\u00f4le Emploi, pour une journ\u00e9e \u00e0 dimension sociale et citoyenne.","robots":{"index":"index","follow":"follow","max-snippet":"max-snippet:-1","max-image-preview":"max-image-preview:large","max-video-preview":"max-video-preview:-1"},"canonical":"https:\/\/lyonbondyblog.fr\/LBB\/le-forum-ton-metier-cest-ton-but\/","og_locale":"fr_FR","og_type":"article","og_title":"\u00ab ton m\u00e9tier c\u2019est ton but \u00bb : un \u00e9v\u00e8nement qui profite \u00e0 tous - Lyon Bondy Blog","og_description":"Hier le club de foot duch\u00e9rois a organis\u00e9 la 9\u00e8me \u00e9dition du forum \u00ab ton m\u00e9tier c\u2019est ton but \u00bb en partenariat avec La maison m\u00e9tropolitaine d\u2019Insertion pour l\u2019Emploi et P\u00f4le Emploi, pour une journ\u00e9e \u00e0 dimension sociale et citoyenne.","og_url":"https:\/\/lyonbondyblog.fr\/LBB\/le-forum-ton-metier-cest-ton-but\/","og_site_name":"Lyon Bondy Blog","article_publisher":"https:\/\/www.facebook.com\/lyonbondyblog","article_author":"https:\/\/www.facebook.com\/lyonbondyblog","article_published_time":"2022-06-03T10:12:37+00:00","article_modified_time":"2023-04-18T16:15:29+00:00","og_image":[{"width":640,"height":480,"url":"https:\/\/lyonbondyblog.fr\/LBB\/wp-content\/uploads\/2022\/06\/IMG_14213096.jpeg","type":"image\/jpeg"}],"author":"La r\u00e9daction","twitter_card":"summary_large_image","twitter_creator":"@BondyBlogLyon","twitter_site":"@bondybloglyon","schema":{"@context":"https:\/\/schema.org","@graph":[{"@type":"Article","@id":"https:\/\/lyonbondyblog.fr\/LBB\/le-forum-ton-metier-cest-ton-but\/#article","isPartOf":{"@id":"https:\/\/lyonbondyblog.fr\/LBB\/le-forum-ton-metier-cest-ton-but\/"},"author":{"name":"La r\u00e9daction","@id":"https:\/\/lyonbondyblog.fr\/LBB\/#\/schema\/person\/e45f8d27baac75072daa0be50c409b25"},"headline":"Le forum \u00ab\u00a0ton m\u00e9tier c\u2019est ton but\u00a0\u00bb\u00a0: un \u00e9v\u00e9nement attractif pour les demandeurs d\u2019emplois et les entreprise","datePublished":"2022-06-03T10:12:37+00:00","dateModified":"2023-04-18T16:15:29+00:00","mainEntityOfPage":{"@id":"https:\/\/lyonbondyblog.fr\/LBB\/le-forum-ton-metier-cest-ton-but\/"},"wordCount":800,"commentCount":0,"publisher":{"@id":"https:\/\/lyonbondyblog.fr\/LBB\/#organization"},"image":{"@id":"https:\/\/lyonbondyblog.fr\/LBB\/le-forum-ton-metier-cest-ton-but\/#primaryimage"},"thumbnailUrl":"https:\/\/lyonbondyblog.fr\/LBB\/wp-content\/uploads\/2022\/06\/IMG_14213096.jpeg","articleSection":["Emploi","La Duch\u00e8re","Lyon"],"inLanguage":"fr-FR","potentialAction":[{"@type":"CommentAction","name":"Comment","target":["https:\/\/lyonbondyblog.fr\/LBB\/le-forum-ton-metier-cest-ton-but\/#respond"]}]},{"@type":"WebPage","@id":"https:\/\/lyonbondyblog.fr\/LBB\/le-forum-ton-metier-cest-ton-but\/","url":"https:\/\/lyonbondyblog.fr\/LBB\/le-forum-ton-metier-cest-ton-but\/","name":"\u00ab ton m\u00e9tier c\u2019est ton but \u00bb : un \u00e9v\u00e8nement qui profite \u00e0 tous - Lyon Bondy Blog","isPartOf":{"@id":"https:\/\/lyonbondyblog.fr\/LBB\/#website"},"primaryImageOfPage":{"@id":"https:\/\/lyonbondyblog.fr\/LBB\/le-forum-ton-metier-cest-ton-but\/#primaryimage"},"image":{"@id":"https:\/\/lyonbondyblog.fr\/LBB\/le-forum-ton-metier-cest-ton-but\/#primaryimage"},"thumbnailUrl":"https:\/\/lyonbondyblog.fr\/LBB\/wp-content\/uploads\/2022\/06\/IMG_14213096.jpeg","datePublished":"2022-06-03T10:12:37+00:00","dateModified":"2023-04-18T16:15:29+00:00","description":"Hier le club de foot duch\u00e9rois a organis\u00e9 la 9\u00e8me \u00e9dition du forum \u00ab ton m\u00e9tier c\u2019est ton but \u00bb en partenariat avec La maison m\u00e9tropolitaine d\u2019Insertion pour l\u2019Emploi et P\u00f4le Emploi, pour une journ\u00e9e \u00e0 dimension sociale et citoyenne.","inLanguage":"fr-FR","potentialAction":[{"@type":"ReadAction","target":["https:\/\/lyonbondyblog.fr\/LBB\/le-forum-ton-metier-cest-ton-but\/"]}]},{"@type":"ImageObject","inLanguage":"fr-FR","@id":"https:\/\/lyonbondyblog.fr\/LBB\/le-forum-ton-metier-cest-ton-but\/#primaryimage","url":"https:\/\/lyonbondyblog.fr\/LBB\/wp-content\/uploads\/2022\/06\/IMG_14213096.jpeg","contentUrl":"https:\/\/lyonbondyblog.fr\/LBB\/wp-content\/uploads\/2022\/06\/IMG_14213096.jpeg","width":640,"height":480},{"@type":"WebSite","@id":"https:\/\/lyonbondyblog.fr\/LBB\/#website","url":"https:\/\/lyonbondyblog.fr\/LBB\/","name":"Lyon Bondy Blog","description":"","publisher":{"@id":"https:\/\/lyonbondyblog.fr\/LBB\/#organization"},"potentialAction":[{"@type":"SearchAction","target":{"@type":"EntryPoint","urlTemplate":"https:\/\/lyonbondyblog.fr\/LBB\/?s={search_term_string}"},"query-input":"required name=search_term_string"}],"inLanguage":"fr-FR"},{"@type":"Organization","@id":"https:\/\/lyonbondyblog.fr\/LBB\/#organization","name":"LYON BONDY BLOG","url":"https:\/\/lyonbondyblog.fr\/LBB\/","logo":{"@type":"ImageObject","inLanguage":"fr-FR","@id":"https:\/\/lyonbondyblog.fr\/LBB\/#\/schema\/logo\/image\/","url":"http:\/\/lyonbondyblog.fr\/LBB\/wp-content\/uploads\/2014\/10\/logo-portable-144.png","contentUrl":"http:\/\/lyonbondyblog.fr\/LBB\/wp-content\/uploads\/2014\/10\/logo-portable-144.png","width":144,"height":123,"caption":"LYON BONDY BLOG"},"image":{"@id":"https:\/\/lyonbondyblog.fr\/LBB\/#\/schema\/logo\/image\/"},"sameAs":["https:\/\/www.facebook.com\/lyonbondyblog","https:\/\/x.com\/bondybloglyon"]},{"@type":"Person","@id":"https:\/\/lyonbondyblog.fr\/LBB\/#\/schema\/person\/e45f8d27baac75072daa0be50c409b25","name":"La r\u00e9daction","description":"Cr\u00e9e en 2008, la r\u00e9daction du Lyon Bondy Blog s'applique \u00e0 proposer une information locale diff\u00e9rente et compl\u00e9mentaire des m\u00e9dias traditionnels.","sameAs":["https:\/\/www.facebook.com\/lyonbondyblog","https:\/\/x.com\/BondyBlogLyon"],"url":"https:\/\/lyonbondyblog.fr\/LBB\/author\/admin\/"}]}},"_links":{"self":[{"href":"https:\/\/lyonbondyblog.fr\/LBB\/wp-json\/wp\/v2\/posts\/29364","targetHints":{"allow":["GET"]}}],"collection":[{"href":"https:\/\/lyonbondyblog.fr\/LBB\/wp-json\/wp\/v2\/posts"}],"about":[{"href":"https:\/\/lyonbondyblog.fr\/LBB\/wp-json\/wp\/v2\/types\/post"}],"author":[{"embeddable":true,"href":"https:\/\/lyonbondyblog.fr\/LBB\/wp-json\/wp\/v2\/users\/1"}],"replies":[{"embeddable":true,"href":"https:\/\/lyonbondyblog.fr\/LBB\/wp-json\/wp\/v2\/comments?post=29364"}],"version-history":[{"count":9,"href":"https:\/\/lyonbondyblog.fr\/LBB\/wp-json\/wp\/v2\/posts\/29364\/revisions"}],"predecessor-version":[{"id":32227,"href":"https:\/\/lyonbondyblog.fr\/LBB\/wp-json\/wp\/v2\/posts\/29364\/revisions\/32227"}],"wp:featuredmedia":[{"embeddable":true,"href":"https:\/\/lyonbondyblog.fr\/LBB\/wp-json\/wp\/v2\/media\/29367"}],"wp:attachment":[{"href":"https:\/\/lyonbondyblog.fr\/LBB\/wp-json\/wp\/v2\/media?parent=29364"}],"wp:term":[{"taxonomy":"category","embeddable":true,"href":"https:\/\/lyonbondyblog.fr\/LBB\/wp-json\/wp\/v2\/categories?post=29364"},{"taxonomy":"post_tag","embeddable":true,"href":"https:\/\/lyonbondyblog.fr\/LBB\/wp-json\/wp\/v2\/tags?post=29364"}],"curies":[{"name":"wp","href":"https:\/\/api.w.org\/{rel}","templated":true}]}}