{"id":29342,"date":"2022-06-01T17:01:09","date_gmt":"2022-06-01T15:01:09","guid":{"rendered":"http:\/\/lyonbondyblog.fr\/LBB\/?p=29342"},"modified":"2022-06-01T17:01:11","modified_gmt":"2022-06-01T15:01:11","slug":"katia-buisson-alternative-a-la-gauche","status":"publish","type":"post","link":"https:\/\/lyonbondyblog.fr\/LBB\/katia-buisson-alternative-a-la-gauche\/","title":{"rendered":"Katia Buisson s\u2019imagine en alternative \u00e0 gauche pour les l\u00e9gislatives"},"content":{"rendered":"\n<p><strong>La candidate du Parti Radical de Gauche a pu compter sur le soutien de l\u2019ancien maire de Villeurbanne, Jean-Paul Bret (PS) qui n\u2019a pas m\u00e2ch\u00e9 ses mots concernant la candidature de Gabriel Amard et la NUPES.<\/strong><\/p>\n\n\n\n<p>Katia Buisson se pr\u00e9sente aux \u00e9lections l\u00e9gislatives qui auront lieu le 12 juin prochain dans la 6<sup>\u00e8me<\/sup> circonscription du Rh\u00f4ne. Soutenue par <a href=\"https:\/\/lesjours.fr\/personnages\/jean-paul-bret\/\">Jean-Paul Bret<\/a> (<a href=\"https:\/\/www.parti-socialiste.fr\/\">Parti Socialiste<\/a>), l\u2019ancien maire de Villeurbanne, la candidate du<a href=\"https:\/\/www.partiradicaldegauche.fr\/\"> Parti Radical de Gauche (PRG)<\/a> a d\u00e9fendue l\u2019importance de sa candidature lors d\u2019une conf\u00e9rence de presse \u00e0 Villeurbanne. \u00ab\u00a0Je pense qu\u2019il est important de montrer qu\u2019il y a une gauche qui met les mains dans le cambouis, a-t-elle affirm\u00e9e. Les villeurbannais m\u00e9ritent quelqu\u2019un qui soit leur relais au niveau national.\u00a0\u00bb Elle s\u2019est aussi pos\u00e9e en alternative aux candidatures de la <a href=\"https:\/\/www.leprogres.fr\/politique\/nupes-nouvelle-union-populaire-ecologique-et-sociale\">NUPES<\/a> (le PRG n\u2019a pas rejoint la coalition des gauches), se pr\u00e9sentant comme issue d\u2019une gauche \u00ab\u00a0attach\u00e9e aux valeurs r\u00e9publicaines\u00a0\u00bb.<\/p>\n\n\n\n<p>Celle qui est \u00e9lue \u00e0 la mairie de Villeurbanne en tant que conseill\u00e8re municipale charg\u00e9e de la M\u00e9moire et des Anciens combattants a aussi mis en avant la premi\u00e8re mesure qu\u2019elle souhaite porter \u00e0 l\u2019assembl\u00e9e&nbsp;: prot\u00e9ger les mineurs victimes d\u2019abus sexuels. Elle a \u00e9galement pu \u00e9voquer les sujets du burkini&nbsp;: \u00ab&nbsp;Le burkini c\u2019est tr\u00e8s simple, la la\u00efcit\u00e9 c\u2019est la libert\u00e9 des usagers&nbsp;et l\u2019\u00e9galit\u00e9&nbsp;\u00bb&nbsp;; et de la gratuit\u00e9 dans les cantines&nbsp;: \u00ab Personne ne peux \u00eatre contre la gratuit\u00e9 des cantines. Mais&nbsp;tout a un co\u00fbt, nous notre objectif c\u2019est de faire en sorte de r\u00e9partir les co\u00fbts de mani\u00e8re juste.&nbsp;\u00bb<\/p>\n\n\n\n<h2 class=\"wp-block-heading\"><strong>\u00ab&nbsp;Se retrouver en suppl\u00e9tif de LFI, il y a quelque chose qui ne passe pas pour moi&nbsp;\u00bb<\/strong><\/h2>\n\n\n\n<p>La candidate a pu compter sur la pr\u00e9sence de l\u2019ancien maire de Villeurbanne, Jean-Paul Bret qui lui a affich\u00e9 un soutien \u00ab&nbsp;d\u00e9termin\u00e9&nbsp;\u00bb. Ayant d\u00e9j\u00e0 annonc\u00e9 qu\u2019il ne voterait pas pour la coalition NUPES, il n\u2019a pas manqu\u00e9 d\u2019\u00e9gratigner le portrait de <a href=\"https:\/\/lyonbondyblog.fr\/LBB\/gabriel-amard-nupes-veut-imposer-une-cohabitation-a-emmanuel-macron\/\">Gabriel Amard<\/a> (candidat NUPES dans la 6<sup>\u00e8me<\/sup> circonscription)&nbsp;: \u00ab&nbsp;Cet homme n\u2019a pas grand-chose \u00e0 faire \u00e0 Villeurbanne, a-t-il attaqu\u00e9. Sa qualit\u00e9 de gendre de Jean-Luc M\u00e9lenchon est pour l\u2019essentiel la raison de sa candidature.&nbsp;\u00bb Jean-Paul Bret a aussi exprim\u00e9 sa d\u00e9ception de la gestion du Parti Socialiste pour ces \u00e9lections. \u00ab&nbsp;Se retrouver en suppl\u00e9tif de La France Insoumise \u00e0 Villeurbanne, il y a quelque chose qui ne passe pas pour moi, a-t-il regrett\u00e9. On parle d\u2019une r\u00e9g\u00e9n\u00e9ration du PS, moi j\u2019y vois plut\u00f4t une d\u00e9consid\u00e9ration du parti.&nbsp;\u00bb<\/p>\n\n\n\n<h2 class=\"wp-block-heading\"><strong>\u00ab&nbsp;Katia Buisson est une alternative pour la gauche&nbsp;\u00bb<\/strong><\/h2>\n\n\n\n<p>En tout cas Katia Buisson a tenu \u00e0 le remercier de son soutien public&nbsp;:&nbsp;\u00ab&nbsp;J\u2019ai re\u00e7u beaucoup de soutiens anonymes, notamment de gens au sein des parties NUPES, mais on ne peut pas construire une candidature l\u00e0-dessus&nbsp;\u00bb, d\u00e9clare-t-elle. L\u2019ancien maire a aussi d\u00e9taill\u00e9 la raison de ce soutien. \u00ab&nbsp;Je reste un homme de gauche et socialiste&nbsp;: voter pour Katia \u00e9tait logique, a-t-il mis en avant. Elle est une candidate s\u00e9rieuse et une alternative pour la gauche aujourd\u2019hui.&nbsp;\u00bb Katia Buisson estime avoir une vraie chance de se qualifier au second tour des l\u00e9gislatives. Rendez-vous les 12 et 19 juin prochain pour les r\u00e9sultats des \u00e9lections.<\/p>\n\n\n\n<p><a href=\"https:\/\/lyonbondyblog.fr\/LBB\/legislatives-3eme-circonscription-4-jean-francois-auzal-candidat-du-parti-radical-de-gauche\/\">Dernier article sur le PRG ici<\/a><\/p>\n\n\n\n<p class=\"has-text-align-right\">Loris Castaing<\/p>\n<!-- AddThis Advanced Settings generic via filter on the_content --><!-- AddThis Share Buttons generic via filter on the_content -->","protected":false},"excerpt":{"rendered":"<p>La candidate du Parti Radical de Gauche a pu compter sur le soutien de l\u2019ancien maire de Villeurbanne, Jean-Paul Bret (PS) qui n\u2019a pas m\u00e2ch\u00e9 &hellip; <!-- AddThis Advanced Settings generic via filter on wp_trim_excerpt --><!-- AddThis Share Buttons generic via filter on wp_trim_excerpt --><\/p>\n","protected":false},"author":31866,"featured_media":29344,"comment_status":"open","ping_status":"open","sticky":true,"template":"","format":"standard","meta":{"_FSMCFIC_featured_image_caption":"","_FSMCFIC_featured_image_nocaption":"","_FSMCFIC_featured_image_hide":"","footnotes":""},"categories":[27827,4,6],"tags":[],"class_list":["post-29342","post","type-post","status-publish","format-standard","has-post-thumbnail","hentry","category-legislative-2022","category-lyon","category-politique"],"yoast_head":"<!-- This site is optimized with the Yoast SEO plugin v22.8 - https:\/\/yoast.com\/wordpress\/plugins\/seo\/ -->\n<title>Katia Buisson s\u2019imagine en alternative \u00e0 gauche pour les l\u00e9gislatives - Lyon Bondy Blog<\/title>\n<meta name=\"description\" content=\"La candidate du Parti Radical de Gauche a pu compter sur le soutien de l\u2019ancien maire de Villeurbanne, Jean-Paul Bret (PS) qui n\u2019a pas m\u00e2ch\u00e9 ses mots concernant la candidature de Gabriel A\" \/>\n<meta name=\"robots\" content=\"index, follow, max-snippet:-1, max-image-preview:large, max-video-preview:-1\" \/>\n<link rel=\"canonical\" href=\"https:\/\/lyonbondyblog.fr\/LBB\/katia-buisson-alternative-a-la-gauche\/\" \/>\n<meta property=\"og:locale\" content=\"fr_FR\" \/>\n<meta property=\"og:type\" content=\"article\" \/>\n<meta property=\"og:title\" content=\"Katia Buisson s\u2019imagine en alternative \u00e0 gauche pour les l\u00e9gislatives - Lyon Bondy Blog\" \/>\n<meta property=\"og:description\" content=\"La candidate du Parti Radical de Gauche a pu compter sur le soutien de l\u2019ancien maire de Villeurbanne, Jean-Paul Bret (PS) qui n\u2019a pas m\u00e2ch\u00e9 ses mots concernant la candidature de Gabriel A\" \/>\n<meta property=\"og:url\" content=\"https:\/\/lyonbondyblog.fr\/LBB\/katia-buisson-alternative-a-la-gauche\/\" \/>\n<meta property=\"og:site_name\" content=\"Lyon Bondy Blog\" \/>\n<meta property=\"article:publisher\" content=\"https:\/\/www.facebook.com\/lyonbondyblog\" \/>\n<meta property=\"article:published_time\" content=\"2022-06-01T15:01:09+00:00\" \/>\n<meta property=\"article:modified_time\" content=\"2022-06-01T15:01:11+00:00\" \/>\n<meta property=\"og:image\" content=\"https:\/\/lyonbondyblog.fr\/LBB\/wp-content\/uploads\/2022\/06\/284597765_1730470920639133_8157239274164402719_n.jpg\" \/>\n\t<meta property=\"og:image:width\" content=\"960\" \/>\n\t<meta property=\"og:image:height\" content=\"720\" \/>\n\t<meta property=\"og:image:type\" content=\"image\/jpeg\" \/>\n<meta name=\"author\" content=\"Loris Castaing\" \/>\n<meta name=\"twitter:card\" content=\"summary_large_image\" \/>\n<meta name=\"twitter:creator\" content=\"@bondybloglyon\" \/>\n<meta name=\"twitter:site\" content=\"@bondybloglyon\" \/>\n<script type=\"application\/ld+json\" class=\"yoast-schema-graph\">{\"@context\":\"https:\/\/schema.org\",\"@graph\":[{\"@type\":\"Article\",\"@id\":\"https:\/\/lyonbondyblog.fr\/LBB\/katia-buisson-alternative-a-la-gauche\/#article\",\"isPartOf\":{\"@id\":\"https:\/\/lyonbondyblog.fr\/LBB\/katia-buisson-alternative-a-la-gauche\/\"},\"author\":{\"name\":\"Loris Castaing\",\"@id\":\"https:\/\/lyonbondyblog.fr\/LBB\/#\/schema\/person\/e24bb398559992d48a6bd58b93e888f2\"},\"headline\":\"Katia Buisson s\u2019imagine en alternative \u00e0 gauche pour les l\u00e9gislatives\",\"datePublished\":\"2022-06-01T15:01:09+00:00\",\"dateModified\":\"2022-06-01T15:01:11+00:00\",\"mainEntityOfPage\":{\"@id\":\"https:\/\/lyonbondyblog.fr\/LBB\/katia-buisson-alternative-a-la-gauche\/\"},\"wordCount\":615,\"commentCount\":0,\"publisher\":{\"@id\":\"https:\/\/lyonbondyblog.fr\/LBB\/#organization\"},\"image\":{\"@id\":\"https:\/\/lyonbondyblog.fr\/LBB\/katia-buisson-alternative-a-la-gauche\/#primaryimage\"},\"thumbnailUrl\":\"https:\/\/lyonbondyblog.fr\/LBB\/wp-content\/uploads\/2022\/06\/284597765_1730470920639133_8157239274164402719_n.jpg\",\"articleSection\":[\"L\u00e9gislatives 2022\",\"Lyon\",\"Politique\"],\"inLanguage\":\"fr-FR\",\"potentialAction\":[{\"@type\":\"CommentAction\",\"name\":\"Comment\",\"target\":[\"https:\/\/lyonbondyblog.fr\/LBB\/katia-buisson-alternative-a-la-gauche\/#respond\"]}]},{\"@type\":\"WebPage\",\"@id\":\"https:\/\/lyonbondyblog.fr\/LBB\/katia-buisson-alternative-a-la-gauche\/\",\"url\":\"https:\/\/lyonbondyblog.fr\/LBB\/katia-buisson-alternative-a-la-gauche\/\",\"name\":\"Katia Buisson s\u2019imagine en alternative \u00e0 gauche pour les l\u00e9gislatives - Lyon Bondy Blog\",\"isPartOf\":{\"@id\":\"https:\/\/lyonbondyblog.fr\/LBB\/#website\"},\"primaryImageOfPage\":{\"@id\":\"https:\/\/lyonbondyblog.fr\/LBB\/katia-buisson-alternative-a-la-gauche\/#primaryimage\"},\"image\":{\"@id\":\"https:\/\/lyonbondyblog.fr\/LBB\/katia-buisson-alternative-a-la-gauche\/#primaryimage\"},\"thumbnailUrl\":\"https:\/\/lyonbondyblog.fr\/LBB\/wp-content\/uploads\/2022\/06\/284597765_1730470920639133_8157239274164402719_n.jpg\",\"datePublished\":\"2022-06-01T15:01:09+00:00\",\"dateModified\":\"2022-06-01T15:01:11+00:00\",\"description\":\"La candidate du Parti Radical de Gauche a pu compter sur le soutien de l\u2019ancien maire de Villeurbanne, Jean-Paul Bret (PS) qui n\u2019a pas m\u00e2ch\u00e9 ses mots concernant la candidature de Gabriel A\",\"inLanguage\":\"fr-FR\",\"potentialAction\":[{\"@type\":\"ReadAction\",\"target\":[\"https:\/\/lyonbondyblog.fr\/LBB\/katia-buisson-alternative-a-la-gauche\/\"]}]},{\"@type\":\"ImageObject\",\"inLanguage\":\"fr-FR\",\"@id\":\"https:\/\/lyonbondyblog.fr\/LBB\/katia-buisson-alternative-a-la-gauche\/#primaryimage\",\"url\":\"https:\/\/lyonbondyblog.fr\/LBB\/wp-content\/uploads\/2022\/06\/284597765_1730470920639133_8157239274164402719_n.jpg\",\"contentUrl\":\"https:\/\/lyonbondyblog.fr\/LBB\/wp-content\/uploads\/2022\/06\/284597765_1730470920639133_8157239274164402719_n.jpg\",\"width\":960,\"height\":720},{\"@type\":\"WebSite\",\"@id\":\"https:\/\/lyonbondyblog.fr\/LBB\/#website\",\"url\":\"https:\/\/lyonbondyblog.fr\/LBB\/\",\"name\":\"Lyon Bondy Blog\",\"description\":\"\",\"publisher\":{\"@id\":\"https:\/\/lyonbondyblog.fr\/LBB\/#organization\"},\"potentialAction\":[{\"@type\":\"SearchAction\",\"target\":{\"@type\":\"EntryPoint\",\"urlTemplate\":\"https:\/\/lyonbondyblog.fr\/LBB\/?s={search_term_string}\"},\"query-input\":\"required name=search_term_string\"}],\"inLanguage\":\"fr-FR\"},{\"@type\":\"Organization\",\"@id\":\"https:\/\/lyonbondyblog.fr\/LBB\/#organization\",\"name\":\"LYON BONDY BLOG\",\"url\":\"https:\/\/lyonbondyblog.fr\/LBB\/\",\"logo\":{\"@type\":\"ImageObject\",\"inLanguage\":\"fr-FR\",\"@id\":\"https:\/\/lyonbondyblog.fr\/LBB\/#\/schema\/logo\/image\/\",\"url\":\"http:\/\/lyonbondyblog.fr\/LBB\/wp-content\/uploads\/2014\/10\/logo-portable-144.png\",\"contentUrl\":\"http:\/\/lyonbondyblog.fr\/LBB\/wp-content\/uploads\/2014\/10\/logo-portable-144.png\",\"width\":144,\"height\":123,\"caption\":\"LYON BONDY BLOG\"},\"image\":{\"@id\":\"https:\/\/lyonbondyblog.fr\/LBB\/#\/schema\/logo\/image\/\"},\"sameAs\":[\"https:\/\/www.facebook.com\/lyonbondyblog\",\"https:\/\/x.com\/bondybloglyon\"]},{\"@type\":\"Person\",\"@id\":\"https:\/\/lyonbondyblog.fr\/LBB\/#\/schema\/person\/e24bb398559992d48a6bd58b93e888f2\",\"name\":\"Loris Castaing\",\"url\":\"https:\/\/lyonbondyblog.fr\/LBB\/author\/lorisc\/\"}]}<\/script>\n<!-- \/ Yoast SEO plugin. -->","yoast_head_json":{"title":"Katia Buisson s\u2019imagine en alternative \u00e0 gauche pour les l\u00e9gislatives - Lyon Bondy Blog","description":"La candidate du Parti Radical de Gauche a pu compter sur le soutien de l\u2019ancien maire de Villeurbanne, Jean-Paul Bret (PS) qui n\u2019a pas m\u00e2ch\u00e9 ses mots concernant la candidature de Gabriel A","robots":{"index":"index","follow":"follow","max-snippet":"max-snippet:-1","max-image-preview":"max-image-preview:large","max-video-preview":"max-video-preview:-1"},"canonical":"https:\/\/lyonbondyblog.fr\/LBB\/katia-buisson-alternative-a-la-gauche\/","og_locale":"fr_FR","og_type":"article","og_title":"Katia Buisson s\u2019imagine en alternative \u00e0 gauche pour les l\u00e9gislatives - Lyon Bondy Blog","og_description":"La candidate du Parti Radical de Gauche a pu compter sur le soutien de l\u2019ancien maire de Villeurbanne, Jean-Paul Bret (PS) qui n\u2019a pas m\u00e2ch\u00e9 ses mots concernant la candidature de Gabriel A","og_url":"https:\/\/lyonbondyblog.fr\/LBB\/katia-buisson-alternative-a-la-gauche\/","og_site_name":"Lyon Bondy Blog","article_publisher":"https:\/\/www.facebook.com\/lyonbondyblog","article_published_time":"2022-06-01T15:01:09+00:00","article_modified_time":"2022-06-01T15:01:11+00:00","og_image":[{"width":960,"height":720,"url":"https:\/\/lyonbondyblog.fr\/LBB\/wp-content\/uploads\/2022\/06\/284597765_1730470920639133_8157239274164402719_n.jpg","type":"image\/jpeg"}],"author":"Loris Castaing","twitter_card":"summary_large_image","twitter_creator":"@bondybloglyon","twitter_site":"@bondybloglyon","schema":{"@context":"https:\/\/schema.org","@graph":[{"@type":"Article","@id":"https:\/\/lyonbondyblog.fr\/LBB\/katia-buisson-alternative-a-la-gauche\/#article","isPartOf":{"@id":"https:\/\/lyonbondyblog.fr\/LBB\/katia-buisson-alternative-a-la-gauche\/"},"author":{"name":"Loris Castaing","@id":"https:\/\/lyonbondyblog.fr\/LBB\/#\/schema\/person\/e24bb398559992d48a6bd58b93e888f2"},"headline":"Katia Buisson s\u2019imagine en alternative \u00e0 gauche pour les l\u00e9gislatives","datePublished":"2022-06-01T15:01:09+00:00","dateModified":"2022-06-01T15:01:11+00:00","mainEntityOfPage":{"@id":"https:\/\/lyonbondyblog.fr\/LBB\/katia-buisson-alternative-a-la-gauche\/"},"wordCount":615,"commentCount":0,"publisher":{"@id":"https:\/\/lyonbondyblog.fr\/LBB\/#organization"},"image":{"@id":"https:\/\/lyonbondyblog.fr\/LBB\/katia-buisson-alternative-a-la-gauche\/#primaryimage"},"thumbnailUrl":"https:\/\/lyonbondyblog.fr\/LBB\/wp-content\/uploads\/2022\/06\/284597765_1730470920639133_8157239274164402719_n.jpg","articleSection":["L\u00e9gislatives 2022","Lyon","Politique"],"inLanguage":"fr-FR","potentialAction":[{"@type":"CommentAction","name":"Comment","target":["https:\/\/lyonbondyblog.fr\/LBB\/katia-buisson-alternative-a-la-gauche\/#respond"]}]},{"@type":"WebPage","@id":"https:\/\/lyonbondyblog.fr\/LBB\/katia-buisson-alternative-a-la-gauche\/","url":"https:\/\/lyonbondyblog.fr\/LBB\/katia-buisson-alternative-a-la-gauche\/","name":"Katia Buisson s\u2019imagine en alternative \u00e0 gauche pour les l\u00e9gislatives - Lyon Bondy Blog","isPartOf":{"@id":"https:\/\/lyonbondyblog.fr\/LBB\/#website"},"primaryImageOfPage":{"@id":"https:\/\/lyonbondyblog.fr\/LBB\/katia-buisson-alternative-a-la-gauche\/#primaryimage"},"image":{"@id":"https:\/\/lyonbondyblog.fr\/LBB\/katia-buisson-alternative-a-la-gauche\/#primaryimage"},"thumbnailUrl":"https:\/\/lyonbondyblog.fr\/LBB\/wp-content\/uploads\/2022\/06\/284597765_1730470920639133_8157239274164402719_n.jpg","datePublished":"2022-06-01T15:01:09+00:00","dateModified":"2022-06-01T15:01:11+00:00","description":"La candidate du Parti Radical de Gauche a pu compter sur le soutien de l\u2019ancien maire de Villeurbanne, Jean-Paul Bret (PS) qui n\u2019a pas m\u00e2ch\u00e9 ses mots concernant la candidature de Gabriel A","inLanguage":"fr-FR","potentialAction":[{"@type":"ReadAction","target":["https:\/\/lyonbondyblog.fr\/LBB\/katia-buisson-alternative-a-la-gauche\/"]}]},{"@type":"ImageObject","inLanguage":"fr-FR","@id":"https:\/\/lyonbondyblog.fr\/LBB\/katia-buisson-alternative-a-la-gauche\/#primaryimage","url":"https:\/\/lyonbondyblog.fr\/LBB\/wp-content\/uploads\/2022\/06\/284597765_1730470920639133_8157239274164402719_n.jpg","contentUrl":"https:\/\/lyonbondyblog.fr\/LBB\/wp-content\/uploads\/2022\/06\/284597765_1730470920639133_8157239274164402719_n.jpg","width":960,"height":720},{"@type":"WebSite","@id":"https:\/\/lyonbondyblog.fr\/LBB\/#website","url":"https:\/\/lyonbondyblog.fr\/LBB\/","name":"Lyon Bondy Blog","description":"","publisher":{"@id":"https:\/\/lyonbondyblog.fr\/LBB\/#organization"},"potentialAction":[{"@type":"SearchAction","target":{"@type":"EntryPoint","urlTemplate":"https:\/\/lyonbondyblog.fr\/LBB\/?s={search_term_string}"},"query-input":"required name=search_term_string"}],"inLanguage":"fr-FR"},{"@type":"Organization","@id":"https:\/\/lyonbondyblog.fr\/LBB\/#organization","name":"LYON BONDY BLOG","url":"https:\/\/lyonbondyblog.fr\/LBB\/","logo":{"@type":"ImageObject","inLanguage":"fr-FR","@id":"https:\/\/lyonbondyblog.fr\/LBB\/#\/schema\/logo\/image\/","url":"http:\/\/lyonbondyblog.fr\/LBB\/wp-content\/uploads\/2014\/10\/logo-portable-144.png","contentUrl":"http:\/\/lyonbondyblog.fr\/LBB\/wp-content\/uploads\/2014\/10\/logo-portable-144.png","width":144,"height":123,"caption":"LYON BONDY BLOG"},"image":{"@id":"https:\/\/lyonbondyblog.fr\/LBB\/#\/schema\/logo\/image\/"},"sameAs":["https:\/\/www.facebook.com\/lyonbondyblog","https:\/\/x.com\/bondybloglyon"]},{"@type":"Person","@id":"https:\/\/lyonbondyblog.fr\/LBB\/#\/schema\/person\/e24bb398559992d48a6bd58b93e888f2","name":"Loris Castaing","url":"https:\/\/lyonbondyblog.fr\/LBB\/author\/lorisc\/"}]}},"_links":{"self":[{"href":"https:\/\/lyonbondyblog.fr\/LBB\/wp-json\/wp\/v2\/posts\/29342","targetHints":{"allow":["GET"]}}],"collection":[{"href":"https:\/\/lyonbondyblog.fr\/LBB\/wp-json\/wp\/v2\/posts"}],"about":[{"href":"https:\/\/lyonbondyblog.fr\/LBB\/wp-json\/wp\/v2\/types\/post"}],"author":[{"embeddable":true,"href":"https:\/\/lyonbondyblog.fr\/LBB\/wp-json\/wp\/v2\/users\/31866"}],"replies":[{"embeddable":true,"href":"https:\/\/lyonbondyblog.fr\/LBB\/wp-json\/wp\/v2\/comments?post=29342"}],"version-history":[{"count":5,"href":"https:\/\/lyonbondyblog.fr\/LBB\/wp-json\/wp\/v2\/posts\/29342\/revisions"}],"predecessor-version":[{"id":29350,"href":"https:\/\/lyonbondyblog.fr\/LBB\/wp-json\/wp\/v2\/posts\/29342\/revisions\/29350"}],"wp:featuredmedia":[{"embeddable":true,"href":"https:\/\/lyonbondyblog.fr\/LBB\/wp-json\/wp\/v2\/media\/29344"}],"wp:attachment":[{"href":"https:\/\/lyonbondyblog.fr\/LBB\/wp-json\/wp\/v2\/media?parent=29342"}],"wp:term":[{"taxonomy":"category","embeddable":true,"href":"https:\/\/lyonbondyblog.fr\/LBB\/wp-json\/wp\/v2\/categories?post=29342"},{"taxonomy":"post_tag","embeddable":true,"href":"https:\/\/lyonbondyblog.fr\/LBB\/wp-json\/wp\/v2\/tags?post=29342"}],"curies":[{"name":"wp","href":"https:\/\/api.w.org\/{rel}","templated":true}]}}