{"id":29292,"date":"2022-05-27T17:00:00","date_gmt":"2022-05-27T15:00:00","guid":{"rendered":"http:\/\/lyonbondyblog.fr\/LBB\/?p=29292"},"modified":"2022-05-30T12:54:42","modified_gmt":"2022-05-30T10:54:42","slug":"legislatives-jean-noel-dudukdjian","status":"publish","type":"post","link":"https:\/\/lyonbondyblog.fr\/LBB\/legislatives-jean-noel-dudukdjian\/","title":{"rendered":"L\u00e9gislatives, 3\u00e8me circonscription #3 : Jean-No\u00ebl Dudukdjian, candidat de Lutte Ouvri\u00e8re !"},"content":{"rendered":"\n<p><strong>A l\u2019approche des \u00e9lections l\u00e9gislatives 2022, le Lyon Bondy Blog a d\u00e9cid\u00e9 d\u2019aller \u00e0 la rencontre des candidats des diff\u00e9rentes circonscriptions. Pour notre troisi\u00e8me rencontre, nous avons interrog\u00e9 Jean-No\u00ebl Dudukdjian, candidat de Lutte Ouvri\u00e8re pour la 3\u00e8me circonscription.<\/strong><\/p>\n\n\n\n<p>Militant ouvrier, \u00e9lectricien, Jean-No\u00ebl Dudukdjian se d\u00e9finit avant tout comme un militant politique et syndical, notamment \u00e0 l\u2019h\u00f4pital Le Vinatier, o\u00f9 il travaille. Il m\u00e8ne actuellement sa troisi\u00e8me campagne pour les l\u00e9gislatives (0,5% des suffrages en 2017) dans la troisi\u00e8me circonscription du Rh\u00f4ne pour le parti <a href=\"https:\/\/www.lutte-ouvriere.org\/\">Lutte Ouvri\u00e8re<\/a>. Il se pr\u00e9sente pour porter la voix de tous les travailleurs.<\/p>\n\n\n\n<h2 class=\"wp-block-heading\"><strong>Pourquoi se pr\u00e9senter en tant que candidat pour les l\u00e9gislatives&nbsp;?<\/strong><\/h2>\n\n\n\n<p>Notre objectif, c\u2019est de renverser le capitalisme et de faire fonctionner la soci\u00e9t\u00e9 sous le contr\u00f4le des travailleurs. C\u2019est important de faire de la politique de classe. Le monde du travail c\u2019est une classe sociale qui fait tout fonctionner dans la soci\u00e9t\u00e9 et qu\u2019on n\u2019entend jamais, qui n\u2019a le droit \u00e0 aucune d\u00e9cision. Pourtant, on serait les mieux plac\u00e9s, nous qui produisons toutes les richesses, pour savoir comment la soci\u00e9t\u00e9 devrait marcher. La candidature elle est dans cette id\u00e9e&nbsp;: ce qu\u2019on souhaite, c\u2019est faire entendre le camp des travailleurs. C\u2019est ce qu\u2019on met sur nos affiches.<\/p>\n\n\n\n<h2 class=\"wp-block-heading\"><strong>Pourquoi n\u2019y a-t-il pas eu d\u2019alliance entre votre parti et les autres partis de gauche (NPA, NUPES\u2026)&nbsp;?<\/strong><\/h2>\n\n\n\n<p>Nous, on ne fait pas de promesses, on d\u00e9fend un programme de lutte. Aujourd\u2019hui, le vrai pouvoir, il appartient aux financiers, ce ne sont pas les politiques qui l\u2019ont. C\u2019est important de rappeler qu\u2019\u00e0 un moment il va falloir r\u00e9tablir un rapport de force avec ces classes sociales, qui nous m\u00e8nent justement une guerre sociale pour garder leurs privil\u00e8ges. Et nous, on serait pr\u00eat \u00e0 s\u2019allier avec des gens qui partagent ces id\u00e9es, mais aujourd\u2019hui, on est les seuls \u00e0 mettre vraiment les travailleurs en avant. Ne pas mettre les gens en garde sur ces r\u00e9alit\u00e9s-l\u00e0, c\u2019est dangereux. La derni\u00e8re fois qu\u2019on a eu des marchands de promesse au gouvernement, c\u2019\u00e9tait Jospin, c\u2019\u00e9tait Mitterrand, c\u2019\u00e9tait Hollande. Et \u00e0 chaque fois les travailleurs ont \u00e9t\u00e9 d\u00e9\u00e7us, et parfois ils ont rejoint l\u2019extr\u00eame droite. La gauche au pouvoir, elle fera ce que la grande bourgeoisie lui demandera de faire.<\/p>\n\n\n\n<h2 class=\"wp-block-heading\"><strong>Si vous \u00eates \u00e9lu, quelles sont les priorit\u00e9s sur lesquelles vous&nbsp;allez travailler en tant que d\u00e9put\u00e9 ?<\/strong><\/h2>\n\n\n\n<p>Le vital, c\u2019est le salaire, les 2000 euros de smic. Toute l\u2019ann\u00e9e on vous dit qu\u2019il n\u2019y a pas d\u2019argent, mais quand on regarde, tous les ans, il y a des grands patrons qui gagnent deux smic minutes. Et donc la mesure qui va avec \u00e7a, c\u2019est l\u2019ouverture des livres de compte. Le contr\u00f4le des travailleurs sur les comptes des entreprises. \u00c7a marche aussi pour l\u2019argent public, il est imp\u00e9ratif qu\u2019on rende les choses transparentes. Le partage du travail entre tous c\u2019est aussi une priorit\u00e9, il n\u2019y a pas de raisons que des millions de gens gal\u00e8rent au ch\u00f4mage. Ce ch\u00f4mage qui augmente, \u00e7a se fait sur le dos de ceux qui travaillent, on supprime des postes pour du profit. Et nous c\u2019est ce moteur, cette recherche du profit qu\u2019on affronte.<\/p>\n\n\n\n<h2 class=\"wp-block-heading\"><strong>Concernant les jeunes, quelles seront vos mesures&nbsp;?<\/strong><\/h2>\n\n\n\n<p>Les jeunes, comme le reste de la soci\u00e9t\u00e9, ils subissent la crise du capitalisme. On voit aujourd\u2019hui des jeunes surdipl\u00f4m\u00e9s qui travaillent au MacDo. Le probl\u00e8me, c\u2019est encore le ch\u00f4mage, les salaires aussi\u2026c\u2019est li\u00e9 tout \u00e7a. Les jeunes, moi, je leur dis souvent&nbsp;: engagez-vous&nbsp;! Ne tendez pas la main, le RSA, les allocations jeunes, ce n\u2019est pas la solution, c\u2019est une fa\u00e7on d\u2019avaliser le ch\u00f4mage. Moi je les engage \u00e0 revendiquer ce qu\u2019ils m\u00e9ritent. Vous avez fait des \u00e9tudes, battez-vous pour avoir les salaires que vous m\u00e9ritez en fonction de vos comp\u00e9tences.<\/p>\n\n\n\n<h2 class=\"wp-block-heading\"><strong>Donc vous n\u2019\u00eates pas forc\u00e9ment favorable \u00e0 un RSA jeune, ou \u00e0 des r\u00e9mun\u00e9rations \u00e9tudiantes&nbsp;?<\/strong><\/h2>\n\n\n\n<p>Bien s\u00fbr que si&nbsp;! On est favorable \u00e0 toutes les allocations, mais on ne devrait pas en avoir besoin \u00e0 la base. Toutes ces allocations c\u2019est de la charit\u00e9, et nous ce qu\u2019on veut c\u2019est vivre de notre travail. Il faut se battre pour vivre dignement. Ces aides, elles sont utiles \u00e0 un instant T pour ne pas mourir de faim, mais ce n\u2019est pas un avenir, ni pour les jeunes ni pour personne.<\/p>\n\n\n\n<h2 class=\"wp-block-heading\"><strong>Quelle serait votre strat\u00e9gie en tant que d\u00e9put\u00e9 pour relancer l\u2019attractivit\u00e9 dans les quartiers populaires&nbsp;?<\/strong><\/h2>\n\n\n\n<p>Vous savez, j\u2019habite dans un quartier populaire, et le probl\u00e8me c\u2019est qu\u2019on ne nous demande jamais notre avis. Et quand on pose des questions, on nous dit&nbsp;qu\u2019il n\u2019y a pas les moyens. Donc j\u2019incite les gens \u00e0 se prendre en main. On ne fait pas \u00e0 la place des gens, et c\u2019est beaucoup plus efficace que les vid\u00e9os surveillance, ou que d\u2019envoyer la police. Dans les quartiers o\u00f9 les gens \u00e9taient mobilis\u00e9s, on a pu faire reculer les dealers, et c\u2019\u00e9tait beaucoup plus efficace que des rondes de police.<\/p>\n\n\n\n<h2 class=\"wp-block-heading\"><strong>En tant qu\u2019\u00e9lu, que ferez-vous pour l\u2019\u00e9cologie&nbsp;?<\/strong><\/h2>\n\n\n\n<p>Les probl\u00e8mes de pollution, ce sont des choix \u00e9conomiques qui en r\u00e9sultent. Les jeunes en manifestation le disent, ce n\u2019est pas le climat qu\u2019il faut changer, c\u2019est le syst\u00e8me. Le probl\u00e8me c\u2019est que les choix se font en fonction de ce que \u00e7a va rapporter, et de l\u00e0, l\u2019int\u00e9r\u00eat g\u00e9n\u00e9ral ne sera jamais mis en avant. Je pense que c\u2019est important de remettre au centre du d\u00e9bat l\u2019int\u00e9r\u00eat collectif. Et en faisant \u00e7a, on se confrontera \u00e0 l\u2019int\u00e9r\u00eat des multinationales fran\u00e7aise. Donc voil\u00e0, les travailleurs doivent r\u00e9aliser l\u2019importance d\u2019une lutte des classes. En l\u2019occurrence, c\u2019est leur profit ou notre sant\u00e9.<\/p>\n\n\n\n<h2 class=\"wp-block-heading\"><strong>Quelle strat\u00e9gie \u00e9lectorale avez-vous mis en place pour ces \u00e9lections&nbsp;? Comment avez-vous essay\u00e9 de rassembler les travailleurs autour de vous&nbsp;?<\/strong><\/h2>\n\n\n\n<p>On n\u2019a pas vraiment de strat\u00e9gie \u00e9lectorale. On va faire de la propagande, diffuser des id\u00e9es et essayer de les diffuser sur le terrain, en rencontrant les gens. On s\u2019int\u00e9resse avant tout au quotidien des travailleurs, \u00e0 leurs divisions, c\u2019est \u00e7a qu\u2019on va essayer de combattre. On essaye de redonner le moral aux travailleurs, de leur donner une boussole. Il faut qu\u2019on soit unis, qu\u2019on ait les id\u00e9es claires. Il y a beaucoup de monde qui ne luttent plus. \u00c7a manque des militants ouvriers qui soient une boussole, qui soient un rep\u00e8re, capables d\u2019organiser des luttes.<\/p>\n\n\n\n<h2 class=\"wp-block-heading\"><strong>Est-ce que vous-m\u00eame, au travers de votre candidature, vous esp\u00e9rez \u00eatre une boussole pour les travailleurs&nbsp;?<\/strong><\/h2>\n\n\n\n<p>[Rigole] J\u2019esp\u00e8re&nbsp;! C\u2019est un peu pour \u00e7a qu\u2019on se pr\u00e9sente, en toute modestie \u00e9videmment. En tout cas mes id\u00e9es, communistes et r\u00e9volutionnaires, sont une boussole. L\u2019image elle est juste.<\/p>\n\n\n\n<p><a href=\"https:\/\/lyonbondyblog.fr\/LBB\/legislatives-3eme-circonscription-2-olivier-delucenay-candidat-de-reconquete\/\">Dernier article politique ici<\/a><\/p>\n\n\n\n<p class=\"has-text-align-right\">Loris Castaing<\/p>\n<!-- AddThis Advanced Settings generic via filter on the_content --><!-- AddThis Share Buttons generic via filter on the_content -->","protected":false},"excerpt":{"rendered":"<p>A l\u2019approche des \u00e9lections l\u00e9gislatives 2022, le Lyon Bondy Blog a d\u00e9cid\u00e9 d\u2019aller \u00e0 la rencontre des candidats des diff\u00e9rentes circonscriptions. Pour notre troisi\u00e8me rencontre, &hellip; <!-- AddThis Advanced Settings generic via filter on wp_trim_excerpt --><!-- AddThis Share Buttons generic via filter on wp_trim_excerpt --><\/p>\n","protected":false},"author":31866,"featured_media":29299,"comment_status":"open","ping_status":"open","sticky":true,"template":"","format":"standard","meta":{"_FSMCFIC_featured_image_caption":"","_FSMCFIC_featured_image_nocaption":"","_FSMCFIC_featured_image_hide":"","footnotes":""},"categories":[27831,4,6],"tags":[],"class_list":["post-29292","post","type-post","status-publish","format-standard","has-post-thumbnail","hentry","category-legislatives-2022","category-lyon","category-politique"],"yoast_head":"<!-- This site is optimized with the Yoast SEO plugin v22.8 - https:\/\/yoast.com\/wordpress\/plugins\/seo\/ -->\n<title>L\u00e9gislatives : Jean-No\u00ebl Dudukdjian, candidat de Lutte Ouvri\u00e8re ! - Lyon Bondy Blog<\/title>\n<meta name=\"description\" content=\"A l\u2019approche des \u00e9lections l\u00e9gislatives 2022, le Lyon Bondy Blog a d\u00e9cid\u00e9 d\u2019aller \u00e0 la rencontre des candidats des diff\u00e9rentes circonscriptions. Pour notre deuxi\u00e8me rencontre, nous avons interrog\u00e9 Jean-No\u00ebl Dudukdjian, candidat de Lutte Ouvri\u00e8re pour la 3\u00e8me circonscription.\" \/>\n<meta name=\"robots\" content=\"index, follow, max-snippet:-1, max-image-preview:large, max-video-preview:-1\" \/>\n<link rel=\"canonical\" href=\"https:\/\/lyonbondyblog.fr\/LBB\/legislatives-jean-noel-dudukdjian\/\" \/>\n<meta property=\"og:locale\" content=\"fr_FR\" \/>\n<meta property=\"og:type\" content=\"article\" \/>\n<meta property=\"og:title\" content=\"L\u00e9gislatives : Jean-No\u00ebl Dudukdjian, candidat de Lutte Ouvri\u00e8re ! - Lyon Bondy Blog\" \/>\n<meta property=\"og:description\" content=\"A l\u2019approche des \u00e9lections l\u00e9gislatives 2022, le Lyon Bondy Blog a d\u00e9cid\u00e9 d\u2019aller \u00e0 la rencontre des candidats des diff\u00e9rentes circonscriptions. Pour notre deuxi\u00e8me rencontre, nous avons interrog\u00e9 Jean-No\u00ebl Dudukdjian, candidat de Lutte Ouvri\u00e8re pour la 3\u00e8me circonscription.\" \/>\n<meta property=\"og:url\" content=\"https:\/\/lyonbondyblog.fr\/LBB\/legislatives-jean-noel-dudukdjian\/\" \/>\n<meta property=\"og:site_name\" content=\"Lyon Bondy Blog\" \/>\n<meta property=\"article:publisher\" content=\"https:\/\/www.facebook.com\/lyonbondyblog\" \/>\n<meta property=\"article:published_time\" content=\"2022-05-27T15:00:00+00:00\" \/>\n<meta property=\"article:modified_time\" content=\"2022-05-30T10:54:42+00:00\" \/>\n<meta property=\"og:image\" content=\"https:\/\/lyonbondyblog.fr\/LBB\/wp-content\/uploads\/2022\/05\/Ajouter-un-titre.jpg\" \/>\n\t<meta property=\"og:image:width\" content=\"1920\" \/>\n\t<meta property=\"og:image:height\" content=\"1080\" \/>\n\t<meta property=\"og:image:type\" content=\"image\/jpeg\" \/>\n<meta name=\"author\" content=\"Loris Castaing\" \/>\n<meta name=\"twitter:card\" content=\"summary_large_image\" \/>\n<meta name=\"twitter:creator\" content=\"@bondybloglyon\" \/>\n<meta name=\"twitter:site\" content=\"@bondybloglyon\" \/>\n<script type=\"application\/ld+json\" class=\"yoast-schema-graph\">{\"@context\":\"https:\/\/schema.org\",\"@graph\":[{\"@type\":\"Article\",\"@id\":\"https:\/\/lyonbondyblog.fr\/LBB\/legislatives-jean-noel-dudukdjian\/#article\",\"isPartOf\":{\"@id\":\"https:\/\/lyonbondyblog.fr\/LBB\/legislatives-jean-noel-dudukdjian\/\"},\"author\":{\"name\":\"Loris Castaing\",\"@id\":\"https:\/\/lyonbondyblog.fr\/LBB\/#\/schema\/person\/e24bb398559992d48a6bd58b93e888f2\"},\"headline\":\"L\u00e9gislatives, 3\u00e8me circonscription #3 : Jean-No\u00ebl Dudukdjian, candidat de Lutte Ouvri\u00e8re !\",\"datePublished\":\"2022-05-27T15:00:00+00:00\",\"dateModified\":\"2022-05-30T10:54:42+00:00\",\"mainEntityOfPage\":{\"@id\":\"https:\/\/lyonbondyblog.fr\/LBB\/legislatives-jean-noel-dudukdjian\/\"},\"wordCount\":1267,\"commentCount\":0,\"publisher\":{\"@id\":\"https:\/\/lyonbondyblog.fr\/LBB\/#organization\"},\"image\":{\"@id\":\"https:\/\/lyonbondyblog.fr\/LBB\/legislatives-jean-noel-dudukdjian\/#primaryimage\"},\"thumbnailUrl\":\"https:\/\/lyonbondyblog.fr\/LBB\/wp-content\/uploads\/2022\/05\/Ajouter-un-titre.jpg\",\"articleSection\":[\"L\u00e9gislatives 2022\",\"Lyon\",\"Politique\"],\"inLanguage\":\"fr-FR\",\"potentialAction\":[{\"@type\":\"CommentAction\",\"name\":\"Comment\",\"target\":[\"https:\/\/lyonbondyblog.fr\/LBB\/legislatives-jean-noel-dudukdjian\/#respond\"]}]},{\"@type\":\"WebPage\",\"@id\":\"https:\/\/lyonbondyblog.fr\/LBB\/legislatives-jean-noel-dudukdjian\/\",\"url\":\"https:\/\/lyonbondyblog.fr\/LBB\/legislatives-jean-noel-dudukdjian\/\",\"name\":\"L\u00e9gislatives : Jean-No\u00ebl Dudukdjian, candidat de Lutte Ouvri\u00e8re ! - Lyon Bondy Blog\",\"isPartOf\":{\"@id\":\"https:\/\/lyonbondyblog.fr\/LBB\/#website\"},\"primaryImageOfPage\":{\"@id\":\"https:\/\/lyonbondyblog.fr\/LBB\/legislatives-jean-noel-dudukdjian\/#primaryimage\"},\"image\":{\"@id\":\"https:\/\/lyonbondyblog.fr\/LBB\/legislatives-jean-noel-dudukdjian\/#primaryimage\"},\"thumbnailUrl\":\"https:\/\/lyonbondyblog.fr\/LBB\/wp-content\/uploads\/2022\/05\/Ajouter-un-titre.jpg\",\"datePublished\":\"2022-05-27T15:00:00+00:00\",\"dateModified\":\"2022-05-30T10:54:42+00:00\",\"description\":\"A l\u2019approche des \u00e9lections l\u00e9gislatives 2022, le Lyon Bondy Blog a d\u00e9cid\u00e9 d\u2019aller \u00e0 la rencontre des candidats des diff\u00e9rentes circonscriptions. Pour notre deuxi\u00e8me rencontre, nous avons interrog\u00e9 Jean-No\u00ebl Dudukdjian, candidat de Lutte Ouvri\u00e8re pour la 3\u00e8me circonscription.\",\"inLanguage\":\"fr-FR\",\"potentialAction\":[{\"@type\":\"ReadAction\",\"target\":[\"https:\/\/lyonbondyblog.fr\/LBB\/legislatives-jean-noel-dudukdjian\/\"]}]},{\"@type\":\"ImageObject\",\"inLanguage\":\"fr-FR\",\"@id\":\"https:\/\/lyonbondyblog.fr\/LBB\/legislatives-jean-noel-dudukdjian\/#primaryimage\",\"url\":\"https:\/\/lyonbondyblog.fr\/LBB\/wp-content\/uploads\/2022\/05\/Ajouter-un-titre.jpg\",\"contentUrl\":\"https:\/\/lyonbondyblog.fr\/LBB\/wp-content\/uploads\/2022\/05\/Ajouter-un-titre.jpg\",\"width\":1920,\"height\":1080,\"caption\":\"Jean-No\u00ebl Dudukdjian\"},{\"@type\":\"WebSite\",\"@id\":\"https:\/\/lyonbondyblog.fr\/LBB\/#website\",\"url\":\"https:\/\/lyonbondyblog.fr\/LBB\/\",\"name\":\"Lyon Bondy Blog\",\"description\":\"\",\"publisher\":{\"@id\":\"https:\/\/lyonbondyblog.fr\/LBB\/#organization\"},\"potentialAction\":[{\"@type\":\"SearchAction\",\"target\":{\"@type\":\"EntryPoint\",\"urlTemplate\":\"https:\/\/lyonbondyblog.fr\/LBB\/?s={search_term_string}\"},\"query-input\":\"required name=search_term_string\"}],\"inLanguage\":\"fr-FR\"},{\"@type\":\"Organization\",\"@id\":\"https:\/\/lyonbondyblog.fr\/LBB\/#organization\",\"name\":\"LYON BONDY BLOG\",\"url\":\"https:\/\/lyonbondyblog.fr\/LBB\/\",\"logo\":{\"@type\":\"ImageObject\",\"inLanguage\":\"fr-FR\",\"@id\":\"https:\/\/lyonbondyblog.fr\/LBB\/#\/schema\/logo\/image\/\",\"url\":\"http:\/\/lyonbondyblog.fr\/LBB\/wp-content\/uploads\/2014\/10\/logo-portable-144.png\",\"contentUrl\":\"http:\/\/lyonbondyblog.fr\/LBB\/wp-content\/uploads\/2014\/10\/logo-portable-144.png\",\"width\":144,\"height\":123,\"caption\":\"LYON BONDY BLOG\"},\"image\":{\"@id\":\"https:\/\/lyonbondyblog.fr\/LBB\/#\/schema\/logo\/image\/\"},\"sameAs\":[\"https:\/\/www.facebook.com\/lyonbondyblog\",\"https:\/\/x.com\/bondybloglyon\"]},{\"@type\":\"Person\",\"@id\":\"https:\/\/lyonbondyblog.fr\/LBB\/#\/schema\/person\/e24bb398559992d48a6bd58b93e888f2\",\"name\":\"Loris Castaing\",\"url\":\"https:\/\/lyonbondyblog.fr\/LBB\/author\/lorisc\/\"}]}<\/script>\n<!-- \/ Yoast SEO plugin. -->","yoast_head_json":{"title":"L\u00e9gislatives : Jean-No\u00ebl Dudukdjian, candidat de Lutte Ouvri\u00e8re ! - Lyon Bondy Blog","description":"A l\u2019approche des \u00e9lections l\u00e9gislatives 2022, le Lyon Bondy Blog a d\u00e9cid\u00e9 d\u2019aller \u00e0 la rencontre des candidats des diff\u00e9rentes circonscriptions. Pour notre deuxi\u00e8me rencontre, nous avons interrog\u00e9 Jean-No\u00ebl Dudukdjian, candidat de Lutte Ouvri\u00e8re pour la 3\u00e8me circonscription.","robots":{"index":"index","follow":"follow","max-snippet":"max-snippet:-1","max-image-preview":"max-image-preview:large","max-video-preview":"max-video-preview:-1"},"canonical":"https:\/\/lyonbondyblog.fr\/LBB\/legislatives-jean-noel-dudukdjian\/","og_locale":"fr_FR","og_type":"article","og_title":"L\u00e9gislatives : Jean-No\u00ebl Dudukdjian, candidat de Lutte Ouvri\u00e8re ! - Lyon Bondy Blog","og_description":"A l\u2019approche des \u00e9lections l\u00e9gislatives 2022, le Lyon Bondy Blog a d\u00e9cid\u00e9 d\u2019aller \u00e0 la rencontre des candidats des diff\u00e9rentes circonscriptions. Pour notre deuxi\u00e8me rencontre, nous avons interrog\u00e9 Jean-No\u00ebl Dudukdjian, candidat de Lutte Ouvri\u00e8re pour la 3\u00e8me circonscription.","og_url":"https:\/\/lyonbondyblog.fr\/LBB\/legislatives-jean-noel-dudukdjian\/","og_site_name":"Lyon Bondy Blog","article_publisher":"https:\/\/www.facebook.com\/lyonbondyblog","article_published_time":"2022-05-27T15:00:00+00:00","article_modified_time":"2022-05-30T10:54:42+00:00","og_image":[{"width":1920,"height":1080,"url":"https:\/\/lyonbondyblog.fr\/LBB\/wp-content\/uploads\/2022\/05\/Ajouter-un-titre.jpg","type":"image\/jpeg"}],"author":"Loris Castaing","twitter_card":"summary_large_image","twitter_creator":"@bondybloglyon","twitter_site":"@bondybloglyon","schema":{"@context":"https:\/\/schema.org","@graph":[{"@type":"Article","@id":"https:\/\/lyonbondyblog.fr\/LBB\/legislatives-jean-noel-dudukdjian\/#article","isPartOf":{"@id":"https:\/\/lyonbondyblog.fr\/LBB\/legislatives-jean-noel-dudukdjian\/"},"author":{"name":"Loris Castaing","@id":"https:\/\/lyonbondyblog.fr\/LBB\/#\/schema\/person\/e24bb398559992d48a6bd58b93e888f2"},"headline":"L\u00e9gislatives, 3\u00e8me circonscription #3 : Jean-No\u00ebl Dudukdjian, candidat de Lutte Ouvri\u00e8re !","datePublished":"2022-05-27T15:00:00+00:00","dateModified":"2022-05-30T10:54:42+00:00","mainEntityOfPage":{"@id":"https:\/\/lyonbondyblog.fr\/LBB\/legislatives-jean-noel-dudukdjian\/"},"wordCount":1267,"commentCount":0,"publisher":{"@id":"https:\/\/lyonbondyblog.fr\/LBB\/#organization"},"image":{"@id":"https:\/\/lyonbondyblog.fr\/LBB\/legislatives-jean-noel-dudukdjian\/#primaryimage"},"thumbnailUrl":"https:\/\/lyonbondyblog.fr\/LBB\/wp-content\/uploads\/2022\/05\/Ajouter-un-titre.jpg","articleSection":["L\u00e9gislatives 2022","Lyon","Politique"],"inLanguage":"fr-FR","potentialAction":[{"@type":"CommentAction","name":"Comment","target":["https:\/\/lyonbondyblog.fr\/LBB\/legislatives-jean-noel-dudukdjian\/#respond"]}]},{"@type":"WebPage","@id":"https:\/\/lyonbondyblog.fr\/LBB\/legislatives-jean-noel-dudukdjian\/","url":"https:\/\/lyonbondyblog.fr\/LBB\/legislatives-jean-noel-dudukdjian\/","name":"L\u00e9gislatives : Jean-No\u00ebl Dudukdjian, candidat de Lutte Ouvri\u00e8re ! - Lyon Bondy Blog","isPartOf":{"@id":"https:\/\/lyonbondyblog.fr\/LBB\/#website"},"primaryImageOfPage":{"@id":"https:\/\/lyonbondyblog.fr\/LBB\/legislatives-jean-noel-dudukdjian\/#primaryimage"},"image":{"@id":"https:\/\/lyonbondyblog.fr\/LBB\/legislatives-jean-noel-dudukdjian\/#primaryimage"},"thumbnailUrl":"https:\/\/lyonbondyblog.fr\/LBB\/wp-content\/uploads\/2022\/05\/Ajouter-un-titre.jpg","datePublished":"2022-05-27T15:00:00+00:00","dateModified":"2022-05-30T10:54:42+00:00","description":"A l\u2019approche des \u00e9lections l\u00e9gislatives 2022, le Lyon Bondy Blog a d\u00e9cid\u00e9 d\u2019aller \u00e0 la rencontre des candidats des diff\u00e9rentes circonscriptions. Pour notre deuxi\u00e8me rencontre, nous avons interrog\u00e9 Jean-No\u00ebl Dudukdjian, candidat de Lutte Ouvri\u00e8re pour la 3\u00e8me circonscription.","inLanguage":"fr-FR","potentialAction":[{"@type":"ReadAction","target":["https:\/\/lyonbondyblog.fr\/LBB\/legislatives-jean-noel-dudukdjian\/"]}]},{"@type":"ImageObject","inLanguage":"fr-FR","@id":"https:\/\/lyonbondyblog.fr\/LBB\/legislatives-jean-noel-dudukdjian\/#primaryimage","url":"https:\/\/lyonbondyblog.fr\/LBB\/wp-content\/uploads\/2022\/05\/Ajouter-un-titre.jpg","contentUrl":"https:\/\/lyonbondyblog.fr\/LBB\/wp-content\/uploads\/2022\/05\/Ajouter-un-titre.jpg","width":1920,"height":1080,"caption":"Jean-No\u00ebl Dudukdjian"},{"@type":"WebSite","@id":"https:\/\/lyonbondyblog.fr\/LBB\/#website","url":"https:\/\/lyonbondyblog.fr\/LBB\/","name":"Lyon Bondy Blog","description":"","publisher":{"@id":"https:\/\/lyonbondyblog.fr\/LBB\/#organization"},"potentialAction":[{"@type":"SearchAction","target":{"@type":"EntryPoint","urlTemplate":"https:\/\/lyonbondyblog.fr\/LBB\/?s={search_term_string}"},"query-input":"required name=search_term_string"}],"inLanguage":"fr-FR"},{"@type":"Organization","@id":"https:\/\/lyonbondyblog.fr\/LBB\/#organization","name":"LYON BONDY BLOG","url":"https:\/\/lyonbondyblog.fr\/LBB\/","logo":{"@type":"ImageObject","inLanguage":"fr-FR","@id":"https:\/\/lyonbondyblog.fr\/LBB\/#\/schema\/logo\/image\/","url":"http:\/\/lyonbondyblog.fr\/LBB\/wp-content\/uploads\/2014\/10\/logo-portable-144.png","contentUrl":"http:\/\/lyonbondyblog.fr\/LBB\/wp-content\/uploads\/2014\/10\/logo-portable-144.png","width":144,"height":123,"caption":"LYON BONDY BLOG"},"image":{"@id":"https:\/\/lyonbondyblog.fr\/LBB\/#\/schema\/logo\/image\/"},"sameAs":["https:\/\/www.facebook.com\/lyonbondyblog","https:\/\/x.com\/bondybloglyon"]},{"@type":"Person","@id":"https:\/\/lyonbondyblog.fr\/LBB\/#\/schema\/person\/e24bb398559992d48a6bd58b93e888f2","name":"Loris Castaing","url":"https:\/\/lyonbondyblog.fr\/LBB\/author\/lorisc\/"}]}},"_links":{"self":[{"href":"https:\/\/lyonbondyblog.fr\/LBB\/wp-json\/wp\/v2\/posts\/29292","targetHints":{"allow":["GET"]}}],"collection":[{"href":"https:\/\/lyonbondyblog.fr\/LBB\/wp-json\/wp\/v2\/posts"}],"about":[{"href":"https:\/\/lyonbondyblog.fr\/LBB\/wp-json\/wp\/v2\/types\/post"}],"author":[{"embeddable":true,"href":"https:\/\/lyonbondyblog.fr\/LBB\/wp-json\/wp\/v2\/users\/31866"}],"replies":[{"embeddable":true,"href":"https:\/\/lyonbondyblog.fr\/LBB\/wp-json\/wp\/v2\/comments?post=29292"}],"version-history":[{"count":6,"href":"https:\/\/lyonbondyblog.fr\/LBB\/wp-json\/wp\/v2\/posts\/29292\/revisions"}],"predecessor-version":[{"id":29305,"href":"https:\/\/lyonbondyblog.fr\/LBB\/wp-json\/wp\/v2\/posts\/29292\/revisions\/29305"}],"wp:featuredmedia":[{"embeddable":true,"href":"https:\/\/lyonbondyblog.fr\/LBB\/wp-json\/wp\/v2\/media\/29299"}],"wp:attachment":[{"href":"https:\/\/lyonbondyblog.fr\/LBB\/wp-json\/wp\/v2\/media?parent=29292"}],"wp:term":[{"taxonomy":"category","embeddable":true,"href":"https:\/\/lyonbondyblog.fr\/LBB\/wp-json\/wp\/v2\/categories?post=29292"},{"taxonomy":"post_tag","embeddable":true,"href":"https:\/\/lyonbondyblog.fr\/LBB\/wp-json\/wp\/v2\/tags?post=29292"}],"curies":[{"name":"wp","href":"https:\/\/api.w.org\/{rel}","templated":true}]}}