{"id":2919,"date":"2010-04-09T14:36:51","date_gmt":"2010-04-09T12:36:51","guid":{"rendered":"http:\/\/lyonbondyblog.fr\/LBB\/?p=2919"},"modified":"2013-08-01T14:39:13","modified_gmt":"2013-08-01T12:39:13","slug":"cest-pas-parce-quelle-porte-une-jupe-que-cest-une-fille-facile","status":"publish","type":"post","link":"https:\/\/lyonbondyblog.fr\/LBB\/cest-pas-parce-quelle-porte-une-jupe-que-cest-une-fille-facile\/","title":{"rendered":"\u00ab\u00a0C&rsquo;est pas parce qu&rsquo;elle porte une jupe que c&rsquo;est une fille facile!\u00a0\u00bb"},"content":{"rendered":"<p><strong>Au Lyc\u00e9e Jacques Brel, une intervention sur \u00ab Les maux de l\u2019amour \u00bb a eu lieu. Son but ? Parler des relations filles gar\u00e7ons. Apr\u00e8s y avoir assist\u00e9, Elodie nous donne ses impressions.<\/strong><\/p>\n<p><a href=\"https:\/\/lyonbondyblog.fr\/LBB\/wp-content\/uploads\/2013\/08\/la_journee_de_la_jupe_7_t.jpg\"><img loading=\"lazy\" decoding=\"async\" class=\"size-full wp-image-2921 alignleft\" alt=\"la_journee_de_la_jupe_7_t\" src=\"https:\/\/lyonbondyblog.fr\/LBB\/wp-content\/uploads\/2013\/08\/la_journee_de_la_jupe_7_t.jpg\" width=\"194\" height=\"263\" \/><\/a>Un surveillant arrive et nous dit : \u00ab\u00a0Les 1\u00e8res ES-L, salle 205 pour l\u2019intervention sur Les Maux de l\u2019amour, on se d\u00e9p\u00eache..!\u00a0\u00bb Dans la classe, des regards perdus, des rires, on se demande ce qui va se passer. Une intervenante, Julie, est pr\u00e9sente, accompagn\u00e9e d\u2019une prof enseignant au L.P (lyc\u00e9e professionnel). Chacun son tour, nous nous pr\u00e9sentons, histoire que tout le monde se connaisse. Ensuite, Julie donne des phrases interrogatives, dans le but de cr\u00e9er un d\u00e9bat entre les \u00e9l\u00e8ves. Comme, par exemple, \u00a0\u00bb Est-ce que les gar\u00e7ons ne pensent qu\u2019\u00e0 \u00e7\u00e0 ? \u00ab\u00a0, et bien d\u2019autres encore\u2026 Le d\u00e9bat commence \u00e0 s&rsquo;enflammer quand Julie nous demande : \u00ab\u00a0Est-ce que la tenue d\u2019une fille peut provoquer le viol ? \u00ab\u00a0. Et l\u00e0, c\u2019est le d\u00e9saccord total entre les deux sexes.<\/p>\n<p>La\u00ebtitia : \u00a0\u00bb Mais c\u2019est du n\u2019importe quoi ! D\u2019abord, elle s\u2019habille comme elle veut et c\u2019est pas parce qu\u2019elle porte une mini jupe que c\u2019est forc\u00e9ment une fille facile, pff n\u2019importe quoi..! \u00ab\u00a0, s\u2019exclama-t-elle.<\/p>\n<p>Morjane : \u00a0\u00bb Pourquoi porter une jupe aussi courte si elle ne souhaite pas provoquer et attirer les regards..? \u00ab\u00a0, s\u2019interrogea t-il. \u00ab\u00a0Indirectement, elle appelle au viol\u00a0\u00bb, ajoute le jeune homme.<\/p>\n<p>Sarah : \u00a0\u00bb Certes, elle s\u2019habille comme elle veut mais euh\u2026faut pas qu\u2019elle en abuse aussi ! \u00a0\u00bb<\/p>\n<p>A ce moment, un autre \u00e9l\u00e8ve r\u00e9agit. \u00ab\u00a0Moi, en tout cas, si j\u2019avais une copine je ne la laisserais pas s\u2019habiller comme \u00e7a.\u00a0\u00bb<\/p>\n<p>\u00ab\u00a0Mais pourquoi ?\u00a0\u00bb, lui demande l\u2019intervenante.<\/p>\n<p>\u00ab\u00a0Parce que je ne supporterai pas qu\u2019un autre gars la regarde. Ca m\u2019\u00e9nerverait trop !\u00a0\u00bb<\/p>\n<p>Julie les interrompit pour passer \u00e0 la question suivante. Apr\u00e8s une atmosph\u00e8re bien tendue, elle nous annonce que le Mardi 30 Mars c\u2019est la journ\u00e9e de la Jupe et que toutes les filles devraient en porter une afin de faire taire les mauvaises langues masculines. Elle nous conseilla aussi de regarder le film de Jean-Paul Lilienfeld, intitul\u00e9 \u00ab La journ\u00e9e de la jupe \u00bb. Dans mon lyc\u00e9e, les trois-quarts des filles n\u2019\u00e9taient pas en jupe ce jour-l\u00e0. On peut dire que cette journ\u00e9e n\u2019a pas fait fureur \u00e0 Brel.<\/p>\n<p>En ce qui me concerne, j\u2019ai appr\u00e9ci\u00e9 ces quelques minutes pass\u00e9es \u00e0 d\u00e9fendre mes id\u00e9es et \u00e0 d\u00e9battre avec les autres.<br \/>\nEvidemment, j\u2019ai port\u00e9 une jupe ce jour -l\u00e0, m\u00eame si je n\u2019ai pas besoin d&rsquo;une journ\u00e9e de la jupe pour en mettre une. Et je sais aussi que ce n\u2019est pas en une journ\u00e9e que les pr\u00e9jug\u00e9s vont tomber et que les gar\u00e7ons vont se mettre \u00e0 nous respecter \u2026<\/p>\n<p><span style=\"text-decoration: underline;\">Auteur :\u00a0Elodie Nzeke<\/span><\/p>\n<!-- AddThis Advanced Settings generic via filter on the_content --><!-- AddThis Share Buttons generic via filter on the_content -->","protected":false},"excerpt":{"rendered":"<p>Au Lyc\u00e9e Jacques Brel, une intervention sur \u00ab Les maux de l\u2019amour \u00bb a eu lieu. Son but ? Parler des relations filles gar\u00e7ons. Apr\u00e8s &hellip; <!-- AddThis Advanced Settings generic via filter on wp_trim_excerpt --><!-- AddThis Share Buttons generic via filter on wp_trim_excerpt --><\/p>\n","protected":false},"author":1,"featured_media":2921,"comment_status":"open","ping_status":"open","sticky":false,"template":"","format":"standard","meta":{"_FSMCFIC_featured_image_caption":"","_FSMCFIC_featured_image_nocaption":"","_FSMCFIC_featured_image_hide":"","footnotes":""},"categories":[2],"tags":[10,112],"class_list":["post-2919","post","type-post","status-publish","format-standard","has-post-thumbnail","hentry","category-societe","tag-lyon-2","tag-lyon-bondy-blog"],"yoast_head":"<!-- This site is optimized with the Yoast SEO plugin v22.8 - https:\/\/yoast.com\/wordpress\/plugins\/seo\/ -->\n<title>&quot;C&#039;est pas parce qu&#039;elle porte une jupe que c&#039;est une fille facile!&quot; - Lyon Bondy Blog<\/title>\n<meta name=\"robots\" content=\"index, follow, max-snippet:-1, max-image-preview:large, max-video-preview:-1\" \/>\n<link rel=\"canonical\" href=\"https:\/\/lyonbondyblog.fr\/LBB\/cest-pas-parce-quelle-porte-une-jupe-que-cest-une-fille-facile\/\" \/>\n<meta property=\"og:locale\" content=\"fr_FR\" \/>\n<meta property=\"og:type\" content=\"article\" \/>\n<meta property=\"og:title\" content=\"&quot;C&#039;est pas parce qu&#039;elle porte une jupe que c&#039;est une fille facile!&quot; - Lyon Bondy Blog\" \/>\n<meta property=\"og:description\" content=\"Au Lyc\u00e9e Jacques Brel, une intervention sur \u00ab Les maux de l\u2019amour \u00bb a eu lieu. Son but ? Parler des relations filles gar\u00e7ons. Apr\u00e8s &hellip;\" \/>\n<meta property=\"og:url\" content=\"https:\/\/lyonbondyblog.fr\/LBB\/cest-pas-parce-quelle-porte-une-jupe-que-cest-une-fille-facile\/\" \/>\n<meta property=\"og:site_name\" content=\"Lyon Bondy Blog\" \/>\n<meta property=\"article:publisher\" content=\"https:\/\/www.facebook.com\/lyonbondyblog\" \/>\n<meta property=\"article:author\" content=\"https:\/\/www.facebook.com\/lyonbondyblog\" \/>\n<meta property=\"article:published_time\" content=\"2010-04-09T12:36:51+00:00\" \/>\n<meta property=\"article:modified_time\" content=\"2013-08-01T12:39:13+00:00\" \/>\n<meta property=\"og:image\" content=\"https:\/\/lyonbondyblog.fr\/LBB\/wp-content\/uploads\/2013\/08\/la_journee_de_la_jupe_7_t.jpg\" \/>\n\t<meta property=\"og:image:width\" content=\"194\" \/>\n\t<meta property=\"og:image:height\" content=\"263\" \/>\n\t<meta property=\"og:image:type\" content=\"image\/jpeg\" \/>\n<meta name=\"author\" content=\"La r\u00e9daction\" \/>\n<meta name=\"twitter:card\" content=\"summary_large_image\" \/>\n<meta name=\"twitter:creator\" content=\"@BondyBlogLyon\" \/>\n<meta name=\"twitter:site\" content=\"@bondybloglyon\" \/>\n<script type=\"application\/ld+json\" class=\"yoast-schema-graph\">{\"@context\":\"https:\/\/schema.org\",\"@graph\":[{\"@type\":\"Article\",\"@id\":\"https:\/\/lyonbondyblog.fr\/LBB\/cest-pas-parce-quelle-porte-une-jupe-que-cest-une-fille-facile\/#article\",\"isPartOf\":{\"@id\":\"https:\/\/lyonbondyblog.fr\/LBB\/cest-pas-parce-quelle-porte-une-jupe-que-cest-une-fille-facile\/\"},\"author\":{\"name\":\"La r\u00e9daction\",\"@id\":\"https:\/\/lyonbondyblog.fr\/LBB\/#\/schema\/person\/e45f8d27baac75072daa0be50c409b25\"},\"headline\":\"\u00ab\u00a0C&rsquo;est pas parce qu&rsquo;elle porte une jupe que c&rsquo;est une fille facile!\u00a0\u00bb\",\"datePublished\":\"2010-04-09T12:36:51+00:00\",\"dateModified\":\"2013-08-01T12:39:13+00:00\",\"mainEntityOfPage\":{\"@id\":\"https:\/\/lyonbondyblog.fr\/LBB\/cest-pas-parce-quelle-porte-une-jupe-que-cest-une-fille-facile\/\"},\"wordCount\":500,\"commentCount\":0,\"publisher\":{\"@id\":\"https:\/\/lyonbondyblog.fr\/LBB\/#organization\"},\"image\":{\"@id\":\"https:\/\/lyonbondyblog.fr\/LBB\/cest-pas-parce-quelle-porte-une-jupe-que-cest-une-fille-facile\/#primaryimage\"},\"thumbnailUrl\":\"https:\/\/lyonbondyblog.fr\/LBB\/wp-content\/uploads\/2013\/08\/la_journee_de_la_jupe_7_t.jpg\",\"keywords\":[\"lyon\",\"Lyon Bondy Blog\"],\"articleSection\":[\"Soci\u00e9t\u00e9\"],\"inLanguage\":\"fr-FR\",\"potentialAction\":[{\"@type\":\"CommentAction\",\"name\":\"Comment\",\"target\":[\"https:\/\/lyonbondyblog.fr\/LBB\/cest-pas-parce-quelle-porte-une-jupe-que-cest-une-fille-facile\/#respond\"]}]},{\"@type\":\"WebPage\",\"@id\":\"https:\/\/lyonbondyblog.fr\/LBB\/cest-pas-parce-quelle-porte-une-jupe-que-cest-une-fille-facile\/\",\"url\":\"https:\/\/lyonbondyblog.fr\/LBB\/cest-pas-parce-quelle-porte-une-jupe-que-cest-une-fille-facile\/\",\"name\":\"\\\"C'est pas parce qu'elle porte une jupe que c'est une fille facile!\\\" - Lyon Bondy Blog\",\"isPartOf\":{\"@id\":\"https:\/\/lyonbondyblog.fr\/LBB\/#website\"},\"primaryImageOfPage\":{\"@id\":\"https:\/\/lyonbondyblog.fr\/LBB\/cest-pas-parce-quelle-porte-une-jupe-que-cest-une-fille-facile\/#primaryimage\"},\"image\":{\"@id\":\"https:\/\/lyonbondyblog.fr\/LBB\/cest-pas-parce-quelle-porte-une-jupe-que-cest-une-fille-facile\/#primaryimage\"},\"thumbnailUrl\":\"https:\/\/lyonbondyblog.fr\/LBB\/wp-content\/uploads\/2013\/08\/la_journee_de_la_jupe_7_t.jpg\",\"datePublished\":\"2010-04-09T12:36:51+00:00\",\"dateModified\":\"2013-08-01T12:39:13+00:00\",\"inLanguage\":\"fr-FR\",\"potentialAction\":[{\"@type\":\"ReadAction\",\"target\":[\"https:\/\/lyonbondyblog.fr\/LBB\/cest-pas-parce-quelle-porte-une-jupe-que-cest-une-fille-facile\/\"]}]},{\"@type\":\"ImageObject\",\"inLanguage\":\"fr-FR\",\"@id\":\"https:\/\/lyonbondyblog.fr\/LBB\/cest-pas-parce-quelle-porte-une-jupe-que-cest-une-fille-facile\/#primaryimage\",\"url\":\"https:\/\/lyonbondyblog.fr\/LBB\/wp-content\/uploads\/2013\/08\/la_journee_de_la_jupe_7_t.jpg\",\"contentUrl\":\"https:\/\/lyonbondyblog.fr\/LBB\/wp-content\/uploads\/2013\/08\/la_journee_de_la_jupe_7_t.jpg\",\"width\":194,\"height\":263},{\"@type\":\"WebSite\",\"@id\":\"https:\/\/lyonbondyblog.fr\/LBB\/#website\",\"url\":\"https:\/\/lyonbondyblog.fr\/LBB\/\",\"name\":\"Lyon Bondy Blog\",\"description\":\"\",\"publisher\":{\"@id\":\"https:\/\/lyonbondyblog.fr\/LBB\/#organization\"},\"potentialAction\":[{\"@type\":\"SearchAction\",\"target\":{\"@type\":\"EntryPoint\",\"urlTemplate\":\"https:\/\/lyonbondyblog.fr\/LBB\/?s={search_term_string}\"},\"query-input\":\"required name=search_term_string\"}],\"inLanguage\":\"fr-FR\"},{\"@type\":\"Organization\",\"@id\":\"https:\/\/lyonbondyblog.fr\/LBB\/#organization\",\"name\":\"LYON BONDY BLOG\",\"url\":\"https:\/\/lyonbondyblog.fr\/LBB\/\",\"logo\":{\"@type\":\"ImageObject\",\"inLanguage\":\"fr-FR\",\"@id\":\"https:\/\/lyonbondyblog.fr\/LBB\/#\/schema\/logo\/image\/\",\"url\":\"http:\/\/lyonbondyblog.fr\/LBB\/wp-content\/uploads\/2014\/10\/logo-portable-144.png\",\"contentUrl\":\"http:\/\/lyonbondyblog.fr\/LBB\/wp-content\/uploads\/2014\/10\/logo-portable-144.png\",\"width\":144,\"height\":123,\"caption\":\"LYON BONDY BLOG\"},\"image\":{\"@id\":\"https:\/\/lyonbondyblog.fr\/LBB\/#\/schema\/logo\/image\/\"},\"sameAs\":[\"https:\/\/www.facebook.com\/lyonbondyblog\",\"https:\/\/x.com\/bondybloglyon\"]},{\"@type\":\"Person\",\"@id\":\"https:\/\/lyonbondyblog.fr\/LBB\/#\/schema\/person\/e45f8d27baac75072daa0be50c409b25\",\"name\":\"La r\u00e9daction\",\"description\":\"Cr\u00e9e en 2008, la r\u00e9daction du Lyon Bondy Blog s'applique \u00e0 proposer une information locale diff\u00e9rente et compl\u00e9mentaire des m\u00e9dias traditionnels.\",\"sameAs\":[\"https:\/\/www.facebook.com\/lyonbondyblog\",\"https:\/\/x.com\/BondyBlogLyon\"],\"url\":\"https:\/\/lyonbondyblog.fr\/LBB\/author\/admin\/\"}]}<\/script>\n<!-- \/ Yoast SEO plugin. -->","yoast_head_json":{"title":"\"C'est pas parce qu'elle porte une jupe que c'est une fille facile!\" - Lyon Bondy Blog","robots":{"index":"index","follow":"follow","max-snippet":"max-snippet:-1","max-image-preview":"max-image-preview:large","max-video-preview":"max-video-preview:-1"},"canonical":"https:\/\/lyonbondyblog.fr\/LBB\/cest-pas-parce-quelle-porte-une-jupe-que-cest-une-fille-facile\/","og_locale":"fr_FR","og_type":"article","og_title":"\"C'est pas parce qu'elle porte une jupe que c'est une fille facile!\" - Lyon Bondy Blog","og_description":"Au Lyc\u00e9e Jacques Brel, une intervention sur \u00ab Les maux de l\u2019amour \u00bb a eu lieu. Son but ? Parler des relations filles gar\u00e7ons. Apr\u00e8s &hellip;","og_url":"https:\/\/lyonbondyblog.fr\/LBB\/cest-pas-parce-quelle-porte-une-jupe-que-cest-une-fille-facile\/","og_site_name":"Lyon Bondy Blog","article_publisher":"https:\/\/www.facebook.com\/lyonbondyblog","article_author":"https:\/\/www.facebook.com\/lyonbondyblog","article_published_time":"2010-04-09T12:36:51+00:00","article_modified_time":"2013-08-01T12:39:13+00:00","og_image":[{"width":194,"height":263,"url":"https:\/\/lyonbondyblog.fr\/LBB\/wp-content\/uploads\/2013\/08\/la_journee_de_la_jupe_7_t.jpg","type":"image\/jpeg"}],"author":"La r\u00e9daction","twitter_card":"summary_large_image","twitter_creator":"@BondyBlogLyon","twitter_site":"@bondybloglyon","schema":{"@context":"https:\/\/schema.org","@graph":[{"@type":"Article","@id":"https:\/\/lyonbondyblog.fr\/LBB\/cest-pas-parce-quelle-porte-une-jupe-que-cest-une-fille-facile\/#article","isPartOf":{"@id":"https:\/\/lyonbondyblog.fr\/LBB\/cest-pas-parce-quelle-porte-une-jupe-que-cest-une-fille-facile\/"},"author":{"name":"La r\u00e9daction","@id":"https:\/\/lyonbondyblog.fr\/LBB\/#\/schema\/person\/e45f8d27baac75072daa0be50c409b25"},"headline":"\u00ab\u00a0C&rsquo;est pas parce qu&rsquo;elle porte une jupe que c&rsquo;est une fille facile!\u00a0\u00bb","datePublished":"2010-04-09T12:36:51+00:00","dateModified":"2013-08-01T12:39:13+00:00","mainEntityOfPage":{"@id":"https:\/\/lyonbondyblog.fr\/LBB\/cest-pas-parce-quelle-porte-une-jupe-que-cest-une-fille-facile\/"},"wordCount":500,"commentCount":0,"publisher":{"@id":"https:\/\/lyonbondyblog.fr\/LBB\/#organization"},"image":{"@id":"https:\/\/lyonbondyblog.fr\/LBB\/cest-pas-parce-quelle-porte-une-jupe-que-cest-une-fille-facile\/#primaryimage"},"thumbnailUrl":"https:\/\/lyonbondyblog.fr\/LBB\/wp-content\/uploads\/2013\/08\/la_journee_de_la_jupe_7_t.jpg","keywords":["lyon","Lyon Bondy Blog"],"articleSection":["Soci\u00e9t\u00e9"],"inLanguage":"fr-FR","potentialAction":[{"@type":"CommentAction","name":"Comment","target":["https:\/\/lyonbondyblog.fr\/LBB\/cest-pas-parce-quelle-porte-une-jupe-que-cest-une-fille-facile\/#respond"]}]},{"@type":"WebPage","@id":"https:\/\/lyonbondyblog.fr\/LBB\/cest-pas-parce-quelle-porte-une-jupe-que-cest-une-fille-facile\/","url":"https:\/\/lyonbondyblog.fr\/LBB\/cest-pas-parce-quelle-porte-une-jupe-que-cest-une-fille-facile\/","name":"\"C'est pas parce qu'elle porte une jupe que c'est une fille facile!\" - Lyon Bondy Blog","isPartOf":{"@id":"https:\/\/lyonbondyblog.fr\/LBB\/#website"},"primaryImageOfPage":{"@id":"https:\/\/lyonbondyblog.fr\/LBB\/cest-pas-parce-quelle-porte-une-jupe-que-cest-une-fille-facile\/#primaryimage"},"image":{"@id":"https:\/\/lyonbondyblog.fr\/LBB\/cest-pas-parce-quelle-porte-une-jupe-que-cest-une-fille-facile\/#primaryimage"},"thumbnailUrl":"https:\/\/lyonbondyblog.fr\/LBB\/wp-content\/uploads\/2013\/08\/la_journee_de_la_jupe_7_t.jpg","datePublished":"2010-04-09T12:36:51+00:00","dateModified":"2013-08-01T12:39:13+00:00","inLanguage":"fr-FR","potentialAction":[{"@type":"ReadAction","target":["https:\/\/lyonbondyblog.fr\/LBB\/cest-pas-parce-quelle-porte-une-jupe-que-cest-une-fille-facile\/"]}]},{"@type":"ImageObject","inLanguage":"fr-FR","@id":"https:\/\/lyonbondyblog.fr\/LBB\/cest-pas-parce-quelle-porte-une-jupe-que-cest-une-fille-facile\/#primaryimage","url":"https:\/\/lyonbondyblog.fr\/LBB\/wp-content\/uploads\/2013\/08\/la_journee_de_la_jupe_7_t.jpg","contentUrl":"https:\/\/lyonbondyblog.fr\/LBB\/wp-content\/uploads\/2013\/08\/la_journee_de_la_jupe_7_t.jpg","width":194,"height":263},{"@type":"WebSite","@id":"https:\/\/lyonbondyblog.fr\/LBB\/#website","url":"https:\/\/lyonbondyblog.fr\/LBB\/","name":"Lyon Bondy Blog","description":"","publisher":{"@id":"https:\/\/lyonbondyblog.fr\/LBB\/#organization"},"potentialAction":[{"@type":"SearchAction","target":{"@type":"EntryPoint","urlTemplate":"https:\/\/lyonbondyblog.fr\/LBB\/?s={search_term_string}"},"query-input":"required name=search_term_string"}],"inLanguage":"fr-FR"},{"@type":"Organization","@id":"https:\/\/lyonbondyblog.fr\/LBB\/#organization","name":"LYON BONDY BLOG","url":"https:\/\/lyonbondyblog.fr\/LBB\/","logo":{"@type":"ImageObject","inLanguage":"fr-FR","@id":"https:\/\/lyonbondyblog.fr\/LBB\/#\/schema\/logo\/image\/","url":"http:\/\/lyonbondyblog.fr\/LBB\/wp-content\/uploads\/2014\/10\/logo-portable-144.png","contentUrl":"http:\/\/lyonbondyblog.fr\/LBB\/wp-content\/uploads\/2014\/10\/logo-portable-144.png","width":144,"height":123,"caption":"LYON BONDY BLOG"},"image":{"@id":"https:\/\/lyonbondyblog.fr\/LBB\/#\/schema\/logo\/image\/"},"sameAs":["https:\/\/www.facebook.com\/lyonbondyblog","https:\/\/x.com\/bondybloglyon"]},{"@type":"Person","@id":"https:\/\/lyonbondyblog.fr\/LBB\/#\/schema\/person\/e45f8d27baac75072daa0be50c409b25","name":"La r\u00e9daction","description":"Cr\u00e9e en 2008, la r\u00e9daction du Lyon Bondy Blog s'applique \u00e0 proposer une information locale diff\u00e9rente et compl\u00e9mentaire des m\u00e9dias traditionnels.","sameAs":["https:\/\/www.facebook.com\/lyonbondyblog","https:\/\/x.com\/BondyBlogLyon"],"url":"https:\/\/lyonbondyblog.fr\/LBB\/author\/admin\/"}]}},"_links":{"self":[{"href":"https:\/\/lyonbondyblog.fr\/LBB\/wp-json\/wp\/v2\/posts\/2919","targetHints":{"allow":["GET"]}}],"collection":[{"href":"https:\/\/lyonbondyblog.fr\/LBB\/wp-json\/wp\/v2\/posts"}],"about":[{"href":"https:\/\/lyonbondyblog.fr\/LBB\/wp-json\/wp\/v2\/types\/post"}],"author":[{"embeddable":true,"href":"https:\/\/lyonbondyblog.fr\/LBB\/wp-json\/wp\/v2\/users\/1"}],"replies":[{"embeddable":true,"href":"https:\/\/lyonbondyblog.fr\/LBB\/wp-json\/wp\/v2\/comments?post=2919"}],"version-history":[{"count":0,"href":"https:\/\/lyonbondyblog.fr\/LBB\/wp-json\/wp\/v2\/posts\/2919\/revisions"}],"wp:featuredmedia":[{"embeddable":true,"href":"https:\/\/lyonbondyblog.fr\/LBB\/wp-json\/wp\/v2\/media\/2921"}],"wp:attachment":[{"href":"https:\/\/lyonbondyblog.fr\/LBB\/wp-json\/wp\/v2\/media?parent=2919"}],"wp:term":[{"taxonomy":"category","embeddable":true,"href":"https:\/\/lyonbondyblog.fr\/LBB\/wp-json\/wp\/v2\/categories?post=2919"},{"taxonomy":"post_tag","embeddable":true,"href":"https:\/\/lyonbondyblog.fr\/LBB\/wp-json\/wp\/v2\/tags?post=2919"}],"curies":[{"name":"wp","href":"https:\/\/api.w.org\/{rel}","templated":true}]}}