{"id":29165,"date":"2022-05-23T16:20:00","date_gmt":"2022-05-23T14:20:00","guid":{"rendered":"http:\/\/lyonbondyblog.fr\/LBB\/?p=29165"},"modified":"2022-05-23T19:21:11","modified_gmt":"2022-05-23T17:21:11","slug":"les-joueuses-de-lolympique-lyonnais-ont-celebre-ce-dimanche-apres-midi-leur-titre-de-championne-deurope-a-lhotel-de-ville-de-lyon","status":"publish","type":"post","link":"https:\/\/lyonbondyblog.fr\/LBB\/les-joueuses-de-lolympique-lyonnais-ont-celebre-ce-dimanche-apres-midi-leur-titre-de-championne-deurope-a-lhotel-de-ville-de-lyon\/","title":{"rendered":"Les joueuses de l\u2019Olympique Lyonnais ont c\u00e9l\u00e9br\u00e9 ce dimanche apr\u00e8s-midi leur titre de championne d\u2019Europe \u00e0 l\u2019H\u00f4tel-de-ville de Lyon"},"content":{"rendered":"\n<p><strong><em>Les f\u00e9minines de l\u2019OL sont venues c\u00e9l\u00e9brer leur 8<\/em><\/strong><sup><em><strong>\u00e8me<\/strong><\/em><\/sup><strong><em> titre de championne d\u2019Europe \u00e0 l\u2019H\u00f4tel-de-ville de Lyon. Une occasion pour les fans de remercier les joueuses d\u2019avoir battu, encore, des records historiques.<\/em><\/strong><\/p>\n\n\n\n<p>Apr\u00e8s leur victoire 3-1 face aux tenantes du titre le FC Barcelone, les joueuses de Sonia Bompastor ont f\u00eat\u00e9 comme il se doit, la nouvelle mont\u00e9e sur le tr\u00f4ne europ\u00e9en. A l\u2019H\u00f4tel de Ville de Lyon, l\u2019\u00e9quipe et tout le staff \u00e9taient pr\u00e9sents pour venir \u00e0 la rencontre de leurs supporters. A 17 heure<strong>s<\/strong> ce dimanche, des premiers chants ont \u00e9t\u00e9 entonn\u00e9s, avant que la capitaine de l\u2019\u00e9quipe Wendy Renard, ne vienne pr\u00e9senter le troph\u00e9e. Les joueuses se sont tour \u00e0 tour succ\u00e9d\u00e9es pour passer un petit mot. <a href=\"https:\/\/twitter.com\/JM_Aulas\">Jean-Michel Aulas<\/a>, est lui-aussi arriv\u00e9 sous les applaudissements des quelques 300 supporters pr\u00e9sents ce dimanche apr\u00e8s-midi. Il tenait \u00e0 rappeler la force de cette \u00e9quipe&nbsp;: \u00ab&nbsp;<em>Nos f\u00e9minines sont les meilleures d\u2019Europe et du monde<\/em>, s\u2019exclame t-il. <em>Mais dimanche, il faudra encore gagner pour \u00eatre champion de France&nbsp;\u00bb. <\/em>Bien que l\u2019armoire \u00e0 troph\u00e9e des lyonnaises d\u00e9borde, il faudra gagner la semaine prochaine pour remporter le titre de champion de France 2021-2022, devant le PSG, \u00e0 5 points derri\u00e8re. A la fin de la c\u00e9l\u00e9bration, <a href=\"https:\/\/twitter.com\/BachaSelma?ref_src=twsrc%5Egoogle%7Ctwcamp%5Eserp%7Ctwgr%5Eauthor\">Selma Bacha<\/a> a insist\u00e9 sur cette envie de ne rien l\u00e2cher&nbsp;: \u00ab&nbsp;<em>Merci \u00e0 vous d\u2019\u00eatre venus. On vous donne rendez-vous dimanche prochain&nbsp;!&nbsp;\u00bb.<\/em><\/p>\n\n\n\n<h2 class=\"wp-block-heading\"><strong>\u00ab&nbsp;On peut \u00eatre aussi fier d\u2019elles que des gar\u00e7ons&nbsp;\u00bb<\/strong><\/h2>\n\n\n\n<p>Apr\u00e8s une saison historiquement d\u00e9cevante pour l\u2019\u00e9quipe masculine, le pr\u00e9sident de l\u2019OL ne manquait pas le lendemain, de saluer les fervents sympathisants du club qui se sont d\u00e9plac\u00e9s dimanche. \u00ab&nbsp;<em>Gagner 8 titres de champion d\u2019Europe, c\u2019est exceptionnel. Et pour \u00e7a, il faut aussi des supporters exceptionnels. Sans vous rien n\u2019aurait pu \u00eatre r\u00e9alis\u00e9<\/em>&nbsp;\u00bb, a d\u00e9clar\u00e9 fi\u00e8rement le pr\u00e9sident. <a href=\"https:\/\/lyon1950.fr\/\">Le Virage Sud Lyon 1950<\/a>, les <a href=\"https:\/\/www.olangelles.com\/\">OL Ang\u2019Elles <\/a>et les<a href=\"https:\/\/www.facebook.com\/KopFenottes69\"> Kop Fenottes 69<\/a> \u00e9taient pr\u00e9sents pour encourager leur \u00e9quipe ce samedi soir en Italie. Jean-Philippe, vice-pr\u00e9sident du Kop Fenottes, revient sur cette soir\u00e9e&nbsp;: \u00ab&nbsp;<em>On a r\u00e9sist\u00e9 face \u00e0 15&nbsp;000 barcelonais, et on a quand m\u00eame mis le feu dans notre tribune. C\u2019\u00e9tait un bon moment<\/em>&nbsp;\u00bb t\u00e9moigne-t-il, 12 heures apr\u00e8s la fin du match. Cette ann\u00e9e, une atmosph\u00e8re particuli\u00e8re traverse les supporters. \u00ab&nbsp;<em>\u00c7a fait plusieurs finales que je fais avec le Kop, on a senti qu\u2019il y avait encore plus d\u2019ambiance que les autres ann\u00e9es. On <\/em>n\u2019<em>a jamais vu partir autant de cars depuis Lyon pour une finale des f\u00e9minines. A Budapest en 2019, on \u00e9tait seulement 2 cars. On devait \u00eatre au moins une dizaine cette ann\u00e9e<\/em>&nbsp;\u00bb. Pour lui, cette saison sauve un peu le reste de la saison du club&nbsp;: \u00ab&nbsp;o<em>n est fier de nos filles&nbsp;! \u00c7a fait plus de dix ans que je les suis sans arr\u00eat et pour moi, on peut \u00eatre aussi fier d\u2019elles que des gar\u00e7ons<\/em>&nbsp;\u00bb.<\/p>\n\n\n\n<figure class=\"wp-block-image size-large\"><img loading=\"lazy\" decoding=\"async\" width=\"1920\" height=\"1453\" src=\"https:\/\/lyonbondyblog.fr\/LBB\/wp-content\/uploads\/2022\/05\/fullsizeoutput_6c-1-1920x1453.jpeg\" alt=\"\" class=\"wp-image-29203\" srcset=\"https:\/\/lyonbondyblog.fr\/LBB\/wp-content\/uploads\/2022\/05\/fullsizeoutput_6c-1-1920x1453.jpeg 1920w, https:\/\/lyonbondyblog.fr\/LBB\/wp-content\/uploads\/2022\/05\/fullsizeoutput_6c-1-1200x908.jpeg 1200w, https:\/\/lyonbondyblog.fr\/LBB\/wp-content\/uploads\/2022\/05\/fullsizeoutput_6c-1-768x581.jpeg 768w, https:\/\/lyonbondyblog.fr\/LBB\/wp-content\/uploads\/2022\/05\/fullsizeoutput_6c-1-1536x1162.jpeg 1536w, https:\/\/lyonbondyblog.fr\/LBB\/wp-content\/uploads\/2022\/05\/fullsizeoutput_6c-1-2048x1550.jpeg 2048w\" sizes=\"auto, (max-width: 1920px) 100vw, 1920px\" \/><figcaption><em>300 supporters sont venus acclamer les joueuses pour leur 8<\/em><br><sup><em>\u00e8me<\/em><\/sup><em>&nbsp;titre.<\/em> (Cr\u00e9dits : <strong>Tristan Alexandre<\/strong>)<\/figcaption><\/figure>\n\n\n\n<h2 class=\"wp-block-heading\"><strong>\u00ab&nbsp;Encore mieux que mon mariage&nbsp;\u00bb<\/strong><\/h2>\n\n\n\n<p>Une soir\u00e9e magnifique accompagn\u00e9e d\u2019une pluie de records. L\u2019\u00e9quipe f\u00e9minine de l\u2019OL est la seule \u00e0 avoir remport\u00e9 8 fois la coupe d\u2019Europe. Aussi, le premier sacre en tant qu\u2019entraineuse de Sonia Bompastor, est devenue l\u00e9gendaire, car elle est la premi\u00e8re femme \u00e0 remporter la coupe en \u00e9tant joueuse (2011 et 2012) puis en tant que coach (2022) Enfin, pour la norv\u00e9gienne <a href=\"https:\/\/twitter.com\/AdaStolsmo?ref_src=twsrc%5Egoogle%7Ctwcamp%5Eserp%7Ctwgr%5Eauthor\">Ada Hegerberg<\/a>, cette soir\u00e9e est inoubliable. \u00ab Encore mieux que mon mariage \u00bb, clame-t-elle, le sourire aux l\u00e8vres.<\/p>\n\n\n\n<p>Rien d\u2019\u00e9tonnant dans cette d\u00e9claration. L\u2019attaquante est rentr\u00e9e dans les annales en devenant la premi\u00e8re footballeuse \u00e0 marquer dans 4 finales de Champions League diff\u00e9rentes, depuis la l\u00e9gende du Real Madrid Alfredo di Stefano.<\/p>\n\n\n\n<div class=\"wp-block-columns is-layout-flex wp-container-core-columns-is-layout-9d6595d7 wp-block-columns-is-layout-flex\">\n<div class=\"wp-block-column is-layout-flow wp-block-column-is-layout-flow\" style=\"flex-basis:100%\">\n<figure class=\"wp-block-table is-style-regular\"><table><tbody><tr><td>Les f\u00e9minines de l\u2019OL mises \u00e0 l\u2019honneur dans le onze type de l\u2019UEFA Womens Champions League<br><br>2 jours apr\u00e8s la victoire des f\u00e9minines de l\u2019Olympique Lyonnais en finale de la Ligue des Champions, l\u2019UEFA a annonc\u00e9 l\u2019\u00e9quipe type de l\u2019\u00e9dition 2021_2022. Christiane Endler figure dans les buts du onze type. Selma Bacha, Wendy Renard et Griedge Bock composent la d\u00e9fense aux c\u00f4t\u00e9s de la barcelonaise Maria Le\u00f3n. Dans l\u2019entrejeu, Amandine Henry est la seule lyonnaise retenue. Ada Hegerberg partage l\u2019attaque avec la parisienne Marie-Antoinette Katoto et la blaugrana Alexia Putallas, \u00e9lue meilleure joueuse de la comp\u00e9tition. La jeune et prometteuse arri\u00e8re gauche de l\u2019OL, Selma Bacha, est nomm\u00e9e meilleure jeune de l\u2019\u00e9dition 2021-2022.<\/td><\/tr><\/tbody><\/table><\/figure>\n<\/div>\n<\/div>\n\n\n\n<p>Dernier article sportif <a href=\"https:\/\/lyonbondyblog.fr\/LBB\/apres-un-debut-assez-lent-bouillargues-remporte-le-match-contre-lasul\/\">ici<\/a><\/p>\n\n\n\n<p class=\"has-text-align-right\">Tristan Alexandre<\/p>\n<!-- AddThis Advanced Settings generic via filter on the_content --><!-- AddThis Share Buttons generic via filter on the_content -->","protected":false},"excerpt":{"rendered":"<p>Les f\u00e9minines de l\u2019OL sont venues c\u00e9l\u00e9brer leur 8\u00e8me titre de championne d\u2019Europe \u00e0 l\u2019H\u00f4tel-de-ville de Lyon. Une occasion pour les fans de remercier les &hellip; <!-- AddThis Advanced Settings generic via filter on wp_trim_excerpt --><!-- AddThis Share Buttons generic via filter on wp_trim_excerpt --><\/p>\n","protected":false},"author":1,"featured_media":29208,"comment_status":"open","ping_status":"open","sticky":true,"template":"","format":"standard","meta":{"_FSMCFIC_featured_image_caption":"","_FSMCFIC_featured_image_nocaption":"","_FSMCFIC_featured_image_hide":"","footnotes":""},"categories":[3888,4],"tags":[],"class_list":["post-29165","post","type-post","status-publish","format-standard","has-post-thumbnail","hentry","category-football","category-lyon"],"yoast_head":"<!-- This site is optimized with the Yoast SEO plugin v22.8 - https:\/\/yoast.com\/wordpress\/plugins\/seo\/ -->\n<title>Les joueuses de l\u2019OL ont c\u00e9l\u00e9br\u00e9 leur titre de championne d\u2019Europe - Lyon Bondy Blog<\/title>\n<meta name=\"description\" content=\"Les f\u00e9minines de l\u2019OL sont venus c\u00e9l\u00e9brer leur 8\u00e8me titre de championne d\u2019Europe \u00e0 l\u2019H\u00f4tel-de-ville de Lyon.\" \/>\n<meta name=\"robots\" content=\"index, follow, max-snippet:-1, max-image-preview:large, max-video-preview:-1\" \/>\n<link rel=\"canonical\" href=\"https:\/\/lyonbondyblog.fr\/LBB\/les-joueuses-de-lolympique-lyonnais-ont-celebre-ce-dimanche-apres-midi-leur-titre-de-championne-deurope-a-lhotel-de-ville-de-lyon\/\" \/>\n<meta property=\"og:locale\" content=\"fr_FR\" \/>\n<meta property=\"og:type\" content=\"article\" \/>\n<meta property=\"og:title\" content=\"Les joueuses de l\u2019OL ont c\u00e9l\u00e9br\u00e9 leur titre de championne d\u2019Europe - Lyon Bondy Blog\" \/>\n<meta property=\"og:description\" content=\"Les f\u00e9minines de l\u2019OL sont venus c\u00e9l\u00e9brer leur 8\u00e8me titre de championne d\u2019Europe \u00e0 l\u2019H\u00f4tel-de-ville de Lyon.\" \/>\n<meta property=\"og:url\" content=\"https:\/\/lyonbondyblog.fr\/LBB\/les-joueuses-de-lolympique-lyonnais-ont-celebre-ce-dimanche-apres-midi-leur-titre-de-championne-deurope-a-lhotel-de-ville-de-lyon\/\" \/>\n<meta property=\"og:site_name\" content=\"Lyon Bondy Blog\" \/>\n<meta property=\"article:publisher\" content=\"https:\/\/www.facebook.com\/lyonbondyblog\" \/>\n<meta property=\"article:author\" content=\"https:\/\/www.facebook.com\/lyonbondyblog\" \/>\n<meta property=\"article:published_time\" content=\"2022-05-23T14:20:00+00:00\" \/>\n<meta property=\"article:modified_time\" content=\"2022-05-23T17:21:11+00:00\" \/>\n<meta property=\"og:image\" content=\"https:\/\/lyonbondyblog.fr\/LBB\/wp-content\/uploads\/2022\/05\/fullsizeoutput_6d-scaled.jpeg\" \/>\n\t<meta property=\"og:image:width\" content=\"2560\" \/>\n\t<meta property=\"og:image:height\" content=\"2125\" \/>\n\t<meta property=\"og:image:type\" content=\"image\/jpeg\" \/>\n<meta name=\"author\" content=\"La r\u00e9daction\" \/>\n<meta name=\"twitter:card\" content=\"summary_large_image\" \/>\n<meta name=\"twitter:creator\" content=\"@BondyBlogLyon\" \/>\n<meta name=\"twitter:site\" content=\"@bondybloglyon\" \/>\n<script type=\"application\/ld+json\" class=\"yoast-schema-graph\">{\"@context\":\"https:\/\/schema.org\",\"@graph\":[{\"@type\":\"Article\",\"@id\":\"https:\/\/lyonbondyblog.fr\/LBB\/les-joueuses-de-lolympique-lyonnais-ont-celebre-ce-dimanche-apres-midi-leur-titre-de-championne-deurope-a-lhotel-de-ville-de-lyon\/#article\",\"isPartOf\":{\"@id\":\"https:\/\/lyonbondyblog.fr\/LBB\/les-joueuses-de-lolympique-lyonnais-ont-celebre-ce-dimanche-apres-midi-leur-titre-de-championne-deurope-a-lhotel-de-ville-de-lyon\/\"},\"author\":{\"name\":\"La r\u00e9daction\",\"@id\":\"https:\/\/lyonbondyblog.fr\/LBB\/#\/schema\/person\/e45f8d27baac75072daa0be50c409b25\"},\"headline\":\"Les joueuses de l\u2019Olympique Lyonnais ont c\u00e9l\u00e9br\u00e9 ce dimanche apr\u00e8s-midi leur titre de championne d\u2019Europe \u00e0 l\u2019H\u00f4tel-de-ville de Lyon\",\"datePublished\":\"2022-05-23T14:20:00+00:00\",\"dateModified\":\"2022-05-23T17:21:11+00:00\",\"mainEntityOfPage\":{\"@id\":\"https:\/\/lyonbondyblog.fr\/LBB\/les-joueuses-de-lolympique-lyonnais-ont-celebre-ce-dimanche-apres-midi-leur-titre-de-championne-deurope-a-lhotel-de-ville-de-lyon\/\"},\"wordCount\":847,\"commentCount\":0,\"publisher\":{\"@id\":\"https:\/\/lyonbondyblog.fr\/LBB\/#organization\"},\"image\":{\"@id\":\"https:\/\/lyonbondyblog.fr\/LBB\/les-joueuses-de-lolympique-lyonnais-ont-celebre-ce-dimanche-apres-midi-leur-titre-de-championne-deurope-a-lhotel-de-ville-de-lyon\/#primaryimage\"},\"thumbnailUrl\":\"https:\/\/lyonbondyblog.fr\/LBB\/wp-content\/uploads\/2022\/05\/fullsizeoutput_6d-scaled.jpeg\",\"articleSection\":[\"Football\",\"Lyon\"],\"inLanguage\":\"fr-FR\",\"potentialAction\":[{\"@type\":\"CommentAction\",\"name\":\"Comment\",\"target\":[\"https:\/\/lyonbondyblog.fr\/LBB\/les-joueuses-de-lolympique-lyonnais-ont-celebre-ce-dimanche-apres-midi-leur-titre-de-championne-deurope-a-lhotel-de-ville-de-lyon\/#respond\"]}]},{\"@type\":\"WebPage\",\"@id\":\"https:\/\/lyonbondyblog.fr\/LBB\/les-joueuses-de-lolympique-lyonnais-ont-celebre-ce-dimanche-apres-midi-leur-titre-de-championne-deurope-a-lhotel-de-ville-de-lyon\/\",\"url\":\"https:\/\/lyonbondyblog.fr\/LBB\/les-joueuses-de-lolympique-lyonnais-ont-celebre-ce-dimanche-apres-midi-leur-titre-de-championne-deurope-a-lhotel-de-ville-de-lyon\/\",\"name\":\"Les joueuses de l\u2019OL ont c\u00e9l\u00e9br\u00e9 leur titre de championne d\u2019Europe - Lyon Bondy Blog\",\"isPartOf\":{\"@id\":\"https:\/\/lyonbondyblog.fr\/LBB\/#website\"},\"primaryImageOfPage\":{\"@id\":\"https:\/\/lyonbondyblog.fr\/LBB\/les-joueuses-de-lolympique-lyonnais-ont-celebre-ce-dimanche-apres-midi-leur-titre-de-championne-deurope-a-lhotel-de-ville-de-lyon\/#primaryimage\"},\"image\":{\"@id\":\"https:\/\/lyonbondyblog.fr\/LBB\/les-joueuses-de-lolympique-lyonnais-ont-celebre-ce-dimanche-apres-midi-leur-titre-de-championne-deurope-a-lhotel-de-ville-de-lyon\/#primaryimage\"},\"thumbnailUrl\":\"https:\/\/lyonbondyblog.fr\/LBB\/wp-content\/uploads\/2022\/05\/fullsizeoutput_6d-scaled.jpeg\",\"datePublished\":\"2022-05-23T14:20:00+00:00\",\"dateModified\":\"2022-05-23T17:21:11+00:00\",\"description\":\"Les f\u00e9minines de l\u2019OL sont venus c\u00e9l\u00e9brer leur 8\u00e8me titre de championne d\u2019Europe \u00e0 l\u2019H\u00f4tel-de-ville de Lyon.\",\"inLanguage\":\"fr-FR\",\"potentialAction\":[{\"@type\":\"ReadAction\",\"target\":[\"https:\/\/lyonbondyblog.fr\/LBB\/les-joueuses-de-lolympique-lyonnais-ont-celebre-ce-dimanche-apres-midi-leur-titre-de-championne-deurope-a-lhotel-de-ville-de-lyon\/\"]}]},{\"@type\":\"ImageObject\",\"inLanguage\":\"fr-FR\",\"@id\":\"https:\/\/lyonbondyblog.fr\/LBB\/les-joueuses-de-lolympique-lyonnais-ont-celebre-ce-dimanche-apres-midi-leur-titre-de-championne-deurope-a-lhotel-de-ville-de-lyon\/#primaryimage\",\"url\":\"https:\/\/lyonbondyblog.fr\/LBB\/wp-content\/uploads\/2022\/05\/fullsizeoutput_6d-scaled.jpeg\",\"contentUrl\":\"https:\/\/lyonbondyblog.fr\/LBB\/wp-content\/uploads\/2022\/05\/fullsizeoutput_6d-scaled.jpeg\",\"width\":2560,\"height\":2125},{\"@type\":\"WebSite\",\"@id\":\"https:\/\/lyonbondyblog.fr\/LBB\/#website\",\"url\":\"https:\/\/lyonbondyblog.fr\/LBB\/\",\"name\":\"Lyon Bondy Blog\",\"description\":\"\",\"publisher\":{\"@id\":\"https:\/\/lyonbondyblog.fr\/LBB\/#organization\"},\"potentialAction\":[{\"@type\":\"SearchAction\",\"target\":{\"@type\":\"EntryPoint\",\"urlTemplate\":\"https:\/\/lyonbondyblog.fr\/LBB\/?s={search_term_string}\"},\"query-input\":\"required name=search_term_string\"}],\"inLanguage\":\"fr-FR\"},{\"@type\":\"Organization\",\"@id\":\"https:\/\/lyonbondyblog.fr\/LBB\/#organization\",\"name\":\"LYON BONDY BLOG\",\"url\":\"https:\/\/lyonbondyblog.fr\/LBB\/\",\"logo\":{\"@type\":\"ImageObject\",\"inLanguage\":\"fr-FR\",\"@id\":\"https:\/\/lyonbondyblog.fr\/LBB\/#\/schema\/logo\/image\/\",\"url\":\"http:\/\/lyonbondyblog.fr\/LBB\/wp-content\/uploads\/2014\/10\/logo-portable-144.png\",\"contentUrl\":\"http:\/\/lyonbondyblog.fr\/LBB\/wp-content\/uploads\/2014\/10\/logo-portable-144.png\",\"width\":144,\"height\":123,\"caption\":\"LYON BONDY BLOG\"},\"image\":{\"@id\":\"https:\/\/lyonbondyblog.fr\/LBB\/#\/schema\/logo\/image\/\"},\"sameAs\":[\"https:\/\/www.facebook.com\/lyonbondyblog\",\"https:\/\/x.com\/bondybloglyon\"]},{\"@type\":\"Person\",\"@id\":\"https:\/\/lyonbondyblog.fr\/LBB\/#\/schema\/person\/e45f8d27baac75072daa0be50c409b25\",\"name\":\"La r\u00e9daction\",\"description\":\"Cr\u00e9e en 2008, la r\u00e9daction du Lyon Bondy Blog s'applique \u00e0 proposer une information locale diff\u00e9rente et compl\u00e9mentaire des m\u00e9dias traditionnels.\",\"sameAs\":[\"https:\/\/www.facebook.com\/lyonbondyblog\",\"https:\/\/x.com\/BondyBlogLyon\"],\"url\":\"https:\/\/lyonbondyblog.fr\/LBB\/author\/admin\/\"}]}<\/script>\n<!-- \/ Yoast SEO plugin. -->","yoast_head_json":{"title":"Les joueuses de l\u2019OL ont c\u00e9l\u00e9br\u00e9 leur titre de championne d\u2019Europe - Lyon Bondy Blog","description":"Les f\u00e9minines de l\u2019OL sont venus c\u00e9l\u00e9brer leur 8\u00e8me titre de championne d\u2019Europe \u00e0 l\u2019H\u00f4tel-de-ville de Lyon.","robots":{"index":"index","follow":"follow","max-snippet":"max-snippet:-1","max-image-preview":"max-image-preview:large","max-video-preview":"max-video-preview:-1"},"canonical":"https:\/\/lyonbondyblog.fr\/LBB\/les-joueuses-de-lolympique-lyonnais-ont-celebre-ce-dimanche-apres-midi-leur-titre-de-championne-deurope-a-lhotel-de-ville-de-lyon\/","og_locale":"fr_FR","og_type":"article","og_title":"Les joueuses de l\u2019OL ont c\u00e9l\u00e9br\u00e9 leur titre de championne d\u2019Europe - Lyon Bondy Blog","og_description":"Les f\u00e9minines de l\u2019OL sont venus c\u00e9l\u00e9brer leur 8\u00e8me titre de championne d\u2019Europe \u00e0 l\u2019H\u00f4tel-de-ville de Lyon.","og_url":"https:\/\/lyonbondyblog.fr\/LBB\/les-joueuses-de-lolympique-lyonnais-ont-celebre-ce-dimanche-apres-midi-leur-titre-de-championne-deurope-a-lhotel-de-ville-de-lyon\/","og_site_name":"Lyon Bondy Blog","article_publisher":"https:\/\/www.facebook.com\/lyonbondyblog","article_author":"https:\/\/www.facebook.com\/lyonbondyblog","article_published_time":"2022-05-23T14:20:00+00:00","article_modified_time":"2022-05-23T17:21:11+00:00","og_image":[{"width":2560,"height":2125,"url":"https:\/\/lyonbondyblog.fr\/LBB\/wp-content\/uploads\/2022\/05\/fullsizeoutput_6d-scaled.jpeg","type":"image\/jpeg"}],"author":"La r\u00e9daction","twitter_card":"summary_large_image","twitter_creator":"@BondyBlogLyon","twitter_site":"@bondybloglyon","schema":{"@context":"https:\/\/schema.org","@graph":[{"@type":"Article","@id":"https:\/\/lyonbondyblog.fr\/LBB\/les-joueuses-de-lolympique-lyonnais-ont-celebre-ce-dimanche-apres-midi-leur-titre-de-championne-deurope-a-lhotel-de-ville-de-lyon\/#article","isPartOf":{"@id":"https:\/\/lyonbondyblog.fr\/LBB\/les-joueuses-de-lolympique-lyonnais-ont-celebre-ce-dimanche-apres-midi-leur-titre-de-championne-deurope-a-lhotel-de-ville-de-lyon\/"},"author":{"name":"La r\u00e9daction","@id":"https:\/\/lyonbondyblog.fr\/LBB\/#\/schema\/person\/e45f8d27baac75072daa0be50c409b25"},"headline":"Les joueuses de l\u2019Olympique Lyonnais ont c\u00e9l\u00e9br\u00e9 ce dimanche apr\u00e8s-midi leur titre de championne d\u2019Europe \u00e0 l\u2019H\u00f4tel-de-ville de Lyon","datePublished":"2022-05-23T14:20:00+00:00","dateModified":"2022-05-23T17:21:11+00:00","mainEntityOfPage":{"@id":"https:\/\/lyonbondyblog.fr\/LBB\/les-joueuses-de-lolympique-lyonnais-ont-celebre-ce-dimanche-apres-midi-leur-titre-de-championne-deurope-a-lhotel-de-ville-de-lyon\/"},"wordCount":847,"commentCount":0,"publisher":{"@id":"https:\/\/lyonbondyblog.fr\/LBB\/#organization"},"image":{"@id":"https:\/\/lyonbondyblog.fr\/LBB\/les-joueuses-de-lolympique-lyonnais-ont-celebre-ce-dimanche-apres-midi-leur-titre-de-championne-deurope-a-lhotel-de-ville-de-lyon\/#primaryimage"},"thumbnailUrl":"https:\/\/lyonbondyblog.fr\/LBB\/wp-content\/uploads\/2022\/05\/fullsizeoutput_6d-scaled.jpeg","articleSection":["Football","Lyon"],"inLanguage":"fr-FR","potentialAction":[{"@type":"CommentAction","name":"Comment","target":["https:\/\/lyonbondyblog.fr\/LBB\/les-joueuses-de-lolympique-lyonnais-ont-celebre-ce-dimanche-apres-midi-leur-titre-de-championne-deurope-a-lhotel-de-ville-de-lyon\/#respond"]}]},{"@type":"WebPage","@id":"https:\/\/lyonbondyblog.fr\/LBB\/les-joueuses-de-lolympique-lyonnais-ont-celebre-ce-dimanche-apres-midi-leur-titre-de-championne-deurope-a-lhotel-de-ville-de-lyon\/","url":"https:\/\/lyonbondyblog.fr\/LBB\/les-joueuses-de-lolympique-lyonnais-ont-celebre-ce-dimanche-apres-midi-leur-titre-de-championne-deurope-a-lhotel-de-ville-de-lyon\/","name":"Les joueuses de l\u2019OL ont c\u00e9l\u00e9br\u00e9 leur titre de championne d\u2019Europe - Lyon Bondy Blog","isPartOf":{"@id":"https:\/\/lyonbondyblog.fr\/LBB\/#website"},"primaryImageOfPage":{"@id":"https:\/\/lyonbondyblog.fr\/LBB\/les-joueuses-de-lolympique-lyonnais-ont-celebre-ce-dimanche-apres-midi-leur-titre-de-championne-deurope-a-lhotel-de-ville-de-lyon\/#primaryimage"},"image":{"@id":"https:\/\/lyonbondyblog.fr\/LBB\/les-joueuses-de-lolympique-lyonnais-ont-celebre-ce-dimanche-apres-midi-leur-titre-de-championne-deurope-a-lhotel-de-ville-de-lyon\/#primaryimage"},"thumbnailUrl":"https:\/\/lyonbondyblog.fr\/LBB\/wp-content\/uploads\/2022\/05\/fullsizeoutput_6d-scaled.jpeg","datePublished":"2022-05-23T14:20:00+00:00","dateModified":"2022-05-23T17:21:11+00:00","description":"Les f\u00e9minines de l\u2019OL sont venus c\u00e9l\u00e9brer leur 8\u00e8me titre de championne d\u2019Europe \u00e0 l\u2019H\u00f4tel-de-ville de Lyon.","inLanguage":"fr-FR","potentialAction":[{"@type":"ReadAction","target":["https:\/\/lyonbondyblog.fr\/LBB\/les-joueuses-de-lolympique-lyonnais-ont-celebre-ce-dimanche-apres-midi-leur-titre-de-championne-deurope-a-lhotel-de-ville-de-lyon\/"]}]},{"@type":"ImageObject","inLanguage":"fr-FR","@id":"https:\/\/lyonbondyblog.fr\/LBB\/les-joueuses-de-lolympique-lyonnais-ont-celebre-ce-dimanche-apres-midi-leur-titre-de-championne-deurope-a-lhotel-de-ville-de-lyon\/#primaryimage","url":"https:\/\/lyonbondyblog.fr\/LBB\/wp-content\/uploads\/2022\/05\/fullsizeoutput_6d-scaled.jpeg","contentUrl":"https:\/\/lyonbondyblog.fr\/LBB\/wp-content\/uploads\/2022\/05\/fullsizeoutput_6d-scaled.jpeg","width":2560,"height":2125},{"@type":"WebSite","@id":"https:\/\/lyonbondyblog.fr\/LBB\/#website","url":"https:\/\/lyonbondyblog.fr\/LBB\/","name":"Lyon Bondy Blog","description":"","publisher":{"@id":"https:\/\/lyonbondyblog.fr\/LBB\/#organization"},"potentialAction":[{"@type":"SearchAction","target":{"@type":"EntryPoint","urlTemplate":"https:\/\/lyonbondyblog.fr\/LBB\/?s={search_term_string}"},"query-input":"required name=search_term_string"}],"inLanguage":"fr-FR"},{"@type":"Organization","@id":"https:\/\/lyonbondyblog.fr\/LBB\/#organization","name":"LYON BONDY BLOG","url":"https:\/\/lyonbondyblog.fr\/LBB\/","logo":{"@type":"ImageObject","inLanguage":"fr-FR","@id":"https:\/\/lyonbondyblog.fr\/LBB\/#\/schema\/logo\/image\/","url":"http:\/\/lyonbondyblog.fr\/LBB\/wp-content\/uploads\/2014\/10\/logo-portable-144.png","contentUrl":"http:\/\/lyonbondyblog.fr\/LBB\/wp-content\/uploads\/2014\/10\/logo-portable-144.png","width":144,"height":123,"caption":"LYON BONDY BLOG"},"image":{"@id":"https:\/\/lyonbondyblog.fr\/LBB\/#\/schema\/logo\/image\/"},"sameAs":["https:\/\/www.facebook.com\/lyonbondyblog","https:\/\/x.com\/bondybloglyon"]},{"@type":"Person","@id":"https:\/\/lyonbondyblog.fr\/LBB\/#\/schema\/person\/e45f8d27baac75072daa0be50c409b25","name":"La r\u00e9daction","description":"Cr\u00e9e en 2008, la r\u00e9daction du Lyon Bondy Blog s'applique \u00e0 proposer une information locale diff\u00e9rente et compl\u00e9mentaire des m\u00e9dias traditionnels.","sameAs":["https:\/\/www.facebook.com\/lyonbondyblog","https:\/\/x.com\/BondyBlogLyon"],"url":"https:\/\/lyonbondyblog.fr\/LBB\/author\/admin\/"}]}},"_links":{"self":[{"href":"https:\/\/lyonbondyblog.fr\/LBB\/wp-json\/wp\/v2\/posts\/29165","targetHints":{"allow":["GET"]}}],"collection":[{"href":"https:\/\/lyonbondyblog.fr\/LBB\/wp-json\/wp\/v2\/posts"}],"about":[{"href":"https:\/\/lyonbondyblog.fr\/LBB\/wp-json\/wp\/v2\/types\/post"}],"author":[{"embeddable":true,"href":"https:\/\/lyonbondyblog.fr\/LBB\/wp-json\/wp\/v2\/users\/1"}],"replies":[{"embeddable":true,"href":"https:\/\/lyonbondyblog.fr\/LBB\/wp-json\/wp\/v2\/comments?post=29165"}],"version-history":[{"count":18,"href":"https:\/\/lyonbondyblog.fr\/LBB\/wp-json\/wp\/v2\/posts\/29165\/revisions"}],"predecessor-version":[{"id":29212,"href":"https:\/\/lyonbondyblog.fr\/LBB\/wp-json\/wp\/v2\/posts\/29165\/revisions\/29212"}],"wp:featuredmedia":[{"embeddable":true,"href":"https:\/\/lyonbondyblog.fr\/LBB\/wp-json\/wp\/v2\/media\/29208"}],"wp:attachment":[{"href":"https:\/\/lyonbondyblog.fr\/LBB\/wp-json\/wp\/v2\/media?parent=29165"}],"wp:term":[{"taxonomy":"category","embeddable":true,"href":"https:\/\/lyonbondyblog.fr\/LBB\/wp-json\/wp\/v2\/categories?post=29165"},{"taxonomy":"post_tag","embeddable":true,"href":"https:\/\/lyonbondyblog.fr\/LBB\/wp-json\/wp\/v2\/tags?post=29165"}],"curies":[{"name":"wp","href":"https:\/\/api.w.org\/{rel}","templated":true}]}}