{"id":29144,"date":"2022-05-20T17:06:35","date_gmt":"2022-05-20T15:06:35","guid":{"rendered":"http:\/\/lyonbondyblog.fr\/LBB\/?p=29144"},"modified":"2022-05-20T19:25:11","modified_gmt":"2022-05-20T17:25:11","slug":"legislatives-mode-demploi","status":"publish","type":"post","link":"https:\/\/lyonbondyblog.fr\/LBB\/legislatives-mode-demploi\/","title":{"rendered":"Petit guide des \u00e9lections l\u00e9gislatives : Syst\u00e8me de vote et historique"},"content":{"rendered":"\n<p><strong>Pour tous ceux qui se demandent pourquoi il est important de voter le 12 et le 19 juin prochain, il est urgent de consulter ce petit guide des \u00e9lections l\u00e9gislatives concoct\u00e9 par le Lyon Bondy Blog. Apr\u00e8s \u00eatre revenu sur le r\u00f4le du d\u00e9put\u00e9, nous nous int\u00e9ressons aujourd\u2019hui au mode de scrutin.<\/strong><\/p>\n\n\n\n<p>Emmanuel Macron vient d\u2019\u00eatre r\u00e9\u00e9lu Pr\u00e9sident de la R\u00e9publique, mais les Fran\u00e7ais doivent encore d\u00e9cider qui ils enverront \u00e0 l\u2019<a href=\"https:\/\/www.vie-publique.fr\/infographie\/270817-infographie-quel-est-le-role-de-lassemblee-nationale\">Assembl\u00e9e nationale<\/a> lors des \u00e9lections l\u00e9gislatives. Celles-ci se d\u00e9roulent quelques semaines apr\u00e8s les \u00e9lections pr\u00e9sidentielles depuis 2002, et cette ann\u00e9e elles auront lieu les 12 et 19 juin prochain. Cet article est la suite de celui qui s&rsquo;int\u00e9resse au <a href=\"https:\/\/lyonbondyblog.fr\/LBB\/petit-guide-des-elections-legislatives-1-quel-est-le-role-dun-depute\/\">r\u00f4le d&rsquo;un d\u00e9put\u00e9.<\/a><\/p>\n\n\n\n<p>Les \u00e9lections l\u00e9gislatives sont un peu particuli\u00e8res, puisque le mode de scrutin n\u2019est pas le m\u00eame qu\u2019aux pr\u00e9sidentielles. Premi\u00e8rement, il s\u2019agit d\u2019une \u00e9lection nationale, certes, mais organis\u00e9e \u00e0 l\u2019\u00e9chelle locale\u00a0; les Fran\u00e7ais \u00e9lisant 577 d\u00e9put\u00e9s sur diff\u00e9rentes <a href=\"https:\/\/www.nosdeputes.fr\/circonscription\">circonscriptions<\/a>. Les circonscriptions sont des divisions d\u2019un territoire correspondant \u00e0 environ 125 000 citoyens (plus ou moins 20%). Chaque d\u00e9partement doit en compter au moins une mais aucune circonscription ne peut \u00eatre \u00e0 cheval sur deux d\u00e9partements. Pour chacune de ces zones, un repr\u00e9sentant, le <a href=\"https:\/\/www.vie-publique.fr\/fiches\/19505-quest-ce-quun-depute-quel-est-le-role-dun-depute\">d\u00e9put\u00e9<\/a>, est \u00e9lu et est envoy\u00e9 \u00e0 l\u2019Assembl\u00e9e nationale. Il existe d\u2019ailleurs des <a href=\"https:\/\/www2.assemblee-nationale.fr\/recherche-localisee\/carte\/FRAN%C3%87AIS%20%C3%89TABLIS%20HORS%20DE%20FRANCE\">circonscriptions pour les Fran\u00e7ais vivant \u00e0 l\u2019\u00e9tranger<\/a>. Elles sont au nombre de 11.<\/p>\n\n\n\n<p><strong>Les r\u00e8gles pour \u00eatre \u00e9lu<\/strong><\/p>\n\n\n\n<p>En plus de cette organisation particuli\u00e8re, les r\u00e8gles pour \u00eatre \u00e9lu ne sont pas les m\u00eames que lors des autres \u00e9lections. Les d\u00e9put\u00e9s sont \u00e9lus au suffrage universel direct, et au scrutin majoritaire \u00e0 2 tours et par circonscription.<\/p>\n\n\n\n<div class=\"wp-block-columns is-layout-flex wp-container-core-columns-is-layout-9d6595d7 wp-block-columns-is-layout-flex\">\n<div class=\"wp-block-column is-layout-flow wp-block-column-is-layout-flow\">\n<figure class=\"wp-block-image size-full\"><img loading=\"lazy\" decoding=\"async\" width=\"1024\" height=\"768\" src=\"https:\/\/lyonbondyblog.fr\/LBB\/wp-content\/uploads\/2022\/05\/279497927_1058512518089100_962235036162644397_n-1.jpg\" alt=\"\" class=\"wp-image-29147\" srcset=\"https:\/\/lyonbondyblog.fr\/LBB\/wp-content\/uploads\/2022\/05\/279497927_1058512518089100_962235036162644397_n-1.jpg 1024w, https:\/\/lyonbondyblog.fr\/LBB\/wp-content\/uploads\/2022\/05\/279497927_1058512518089100_962235036162644397_n-1-768x576.jpg 768w\" sizes=\"auto, (max-width: 1024px) 100vw, 1024px\" \/><\/figure>\n<\/div>\n\n\n\n<div class=\"wp-block-column is-layout-flow wp-block-column-is-layout-flow\">\n<figure class=\"wp-block-image size-full\"><img loading=\"lazy\" decoding=\"async\" width=\"1024\" height=\"768\" src=\"https:\/\/lyonbondyblog.fr\/LBB\/wp-content\/uploads\/2022\/05\/280911836_744588386918080_6706094643557477182_n-1.jpg\" alt=\"\" class=\"wp-image-29148\" srcset=\"https:\/\/lyonbondyblog.fr\/LBB\/wp-content\/uploads\/2022\/05\/280911836_744588386918080_6706094643557477182_n-1.jpg 1024w, https:\/\/lyonbondyblog.fr\/LBB\/wp-content\/uploads\/2022\/05\/280911836_744588386918080_6706094643557477182_n-1-768x576.jpg 768w\" sizes=\"auto, (max-width: 1024px) 100vw, 1024px\" \/><\/figure>\n<\/div>\n<\/div>\n\n\n\n<p>Il n\u2019est pas n\u00e9cessaire d\u2019\u00eatre forc\u00e9ment dans les deux premiers pour se qualifier au second tour&nbsp;; il est donc possible qu\u2019il y ait trois ou quatre candidats au second tour. On parle alors de triangulaire ou de quadrangulaire. Au 2<sup>d<\/sup>&nbsp;tour, c\u2019est le candidat qui obtient le plus grand nombre de voix qui est \u00e9lu, peu importe le r\u00e9sultat. En cas d&rsquo;\u00e9galit\u00e9, le plus \u00e2g\u00e9 des candidats est \u00e9lu.<\/p>\n\n\n\n<p><strong>Retour historique sur les l\u00e9gislatives<\/strong><\/p>\n\n\n\n<p>Si aujourd\u2019hui les \u00e9lections l\u00e9gislatives sont intimement li\u00e9es \u00e0 celles des pr\u00e9sidentielles, \u00e7a n\u2019a pas toujours \u00e9t\u00e9 le cas. \u00c0 la base, lors de l\u2019instauration du syst\u00e8me de vote des l\u00e9gislatives en 1958 (lors du passage \u00e0 la V\u00e8me R\u00e9publique), 579 d\u00e9put\u00e9s \u00e9taient \u00e9lus. Un nombre qui a \u00e9t\u00e9 r\u00e9duit par la suite \u00e0 482 d\u00e9put\u00e9s, pour r\u00e9augmenter doucement jusqu\u2019en 1986. Les Fran\u00e7ais ne votaient d\u2019ailleurs pas non plus juste apr\u00e8s les pr\u00e9sidentielles puisque ce n\u2019est que dans les ann\u00e9es 2000, avec la promulgation de la <a href=\"https:\/\/www.legifrance.gouv.fr\/loda\/id\/JORFTEXT000000223114\/\">loi organique du 15 mai 2001<\/a> qu\u2019il a \u00e9t\u00e9 instaur\u00e9 que les l\u00e9gislatives se d\u00e9rouleraient juste apr\u00e8s l\u2019\u00e9lection du pr\u00e9sident. D\u2019apr\u00e8s le site officiel du Service Public, l\u2019objectif est de donner au pr\u00e9sident \u00e9lu une majorit\u00e9 parlementaire et lui permettre de mettre en place son programme politique.<\/p>\n\n\n\n<p>Une mesure qui semble porter ses fruits puisque depuis, l\u2019Assembl\u00e9e nationale a toujours obtenu la majorit\u00e9 pr\u00e9sidentielle. Voici par exemple les constitutions des <a href=\"https:\/\/lyonbondyblog.fr\/LBB\/legislatives-2017-republique-marche-simpose\/\">derni\u00e8res assembl\u00e9es<\/a>\u00a0:<br><\/p>\n\n\n\n<figure class=\"wp-block-image size-large\"><img loading=\"lazy\" decoding=\"async\" width=\"1920\" height=\"1084\" src=\"https:\/\/lyonbondyblog.fr\/LBB\/wp-content\/uploads\/2022\/05\/280640782_520396726226663_3370219658707593481_n-2-1920x1084.png\" alt=\"\" class=\"wp-image-29149\" srcset=\"https:\/\/lyonbondyblog.fr\/LBB\/wp-content\/uploads\/2022\/05\/280640782_520396726226663_3370219658707593481_n-2-1920x1084.png 1920w, https:\/\/lyonbondyblog.fr\/LBB\/wp-content\/uploads\/2022\/05\/280640782_520396726226663_3370219658707593481_n-2-1200x677.png 1200w, https:\/\/lyonbondyblog.fr\/LBB\/wp-content\/uploads\/2022\/05\/280640782_520396726226663_3370219658707593481_n-2-768x433.png 768w, https:\/\/lyonbondyblog.fr\/LBB\/wp-content\/uploads\/2022\/05\/280640782_520396726226663_3370219658707593481_n-2-1536x867.png 1536w, https:\/\/lyonbondyblog.fr\/LBB\/wp-content\/uploads\/2022\/05\/280640782_520396726226663_3370219658707593481_n-2-2048x1156.png 2048w\" sizes=\"auto, (max-width: 1920px) 100vw, 1920px\" \/><\/figure>\n\n\n\n<figure class=\"wp-block-image size-large\"><img loading=\"lazy\" decoding=\"async\" width=\"1920\" height=\"1144\" src=\"https:\/\/lyonbondyblog.fr\/LBB\/wp-content\/uploads\/2022\/05\/280716485_348811233906701_6320298400121313312_n-2-1920x1144.png\" alt=\"\" class=\"wp-image-29150\" srcset=\"https:\/\/lyonbondyblog.fr\/LBB\/wp-content\/uploads\/2022\/05\/280716485_348811233906701_6320298400121313312_n-2-1920x1144.png 1920w, https:\/\/lyonbondyblog.fr\/LBB\/wp-content\/uploads\/2022\/05\/280716485_348811233906701_6320298400121313312_n-2-1200x715.png 1200w, https:\/\/lyonbondyblog.fr\/LBB\/wp-content\/uploads\/2022\/05\/280716485_348811233906701_6320298400121313312_n-2-768x458.png 768w, https:\/\/lyonbondyblog.fr\/LBB\/wp-content\/uploads\/2022\/05\/280716485_348811233906701_6320298400121313312_n-2-1536x915.png 1536w, https:\/\/lyonbondyblog.fr\/LBB\/wp-content\/uploads\/2022\/05\/280716485_348811233906701_6320298400121313312_n-2-890x530.png 890w, https:\/\/lyonbondyblog.fr\/LBB\/wp-content\/uploads\/2022\/05\/280716485_348811233906701_6320298400121313312_n-2-445x265.png 445w, https:\/\/lyonbondyblog.fr\/LBB\/wp-content\/uploads\/2022\/05\/280716485_348811233906701_6320298400121313312_n-2.png 2021w\" sizes=\"auto, (max-width: 1920px) 100vw, 1920px\" \/><\/figure>\n\n\n\n<figure class=\"wp-block-image size-large\"><img loading=\"lazy\" decoding=\"async\" width=\"1920\" height=\"1217\" src=\"https:\/\/lyonbondyblog.fr\/LBB\/wp-content\/uploads\/2022\/05\/281219618_1191414581604663_4709291947825906936_n-2-1920x1217.png\" alt=\"\" class=\"wp-image-29151\" srcset=\"https:\/\/lyonbondyblog.fr\/LBB\/wp-content\/uploads\/2022\/05\/281219618_1191414581604663_4709291947825906936_n-2-1920x1217.png 1920w, https:\/\/lyonbondyblog.fr\/LBB\/wp-content\/uploads\/2022\/05\/281219618_1191414581604663_4709291947825906936_n-2-1200x761.png 1200w, https:\/\/lyonbondyblog.fr\/LBB\/wp-content\/uploads\/2022\/05\/281219618_1191414581604663_4709291947825906936_n-2-768x487.png 768w, https:\/\/lyonbondyblog.fr\/LBB\/wp-content\/uploads\/2022\/05\/281219618_1191414581604663_4709291947825906936_n-2-1536x974.png 1536w, https:\/\/lyonbondyblog.fr\/LBB\/wp-content\/uploads\/2022\/05\/281219618_1191414581604663_4709291947825906936_n-2-2048x1298.png 2048w\" sizes=\"auto, (max-width: 1920px) 100vw, 1920px\" \/><\/figure>\n\n\n\n<p><br><\/p>\n\n\n\n<div class=\"wp-block-columns is-layout-flex wp-container-core-columns-is-layout-9d6595d7 wp-block-columns-is-layout-flex\">\n<div class=\"wp-block-column is-layout-flow wp-block-column-is-layout-flow\" style=\"flex-basis:100%\">\n<div class=\"wp-block-columns is-layout-flex wp-container-core-columns-is-layout-9d6595d7 wp-block-columns-is-layout-flex\">\n<div class=\"wp-block-column is-layout-flow wp-block-column-is-layout-flow\"><\/div>\n\n\n\n<div class=\"wp-block-column is-layout-flow wp-block-column-is-layout-flow\"><\/div>\n\n\n\n<div class=\"wp-block-column is-layout-flow wp-block-column-is-layout-flow\"><\/div>\n<\/div>\n<\/div>\n<\/div>\n<!-- AddThis Advanced Settings generic via filter on the_content --><!-- AddThis Share Buttons generic via filter on the_content -->","protected":false},"excerpt":{"rendered":"<p>Pour tous ceux qui se demandent pourquoi il est important de voter le 12 et le 19 juin prochain, il est urgent de consulter ce &hellip; <!-- AddThis Advanced Settings generic via filter on wp_trim_excerpt --><!-- AddThis Share Buttons generic via filter on wp_trim_excerpt --><\/p>\n","protected":false},"author":1,"featured_media":29079,"comment_status":"open","ping_status":"open","sticky":true,"template":"","format":"standard","meta":{"_FSMCFIC_featured_image_caption":"","_FSMCFIC_featured_image_nocaption":"","_FSMCFIC_featured_image_hide":"","footnotes":""},"categories":[27823,27831,6],"tags":[],"class_list":["post-29144","post","type-post","status-publish","format-standard","has-post-thumbnail","hentry","category-elections-2022","category-legislatives-2022","category-politique"],"yoast_head":"<!-- This site is optimized with the Yoast SEO plugin v22.8 - https:\/\/yoast.com\/wordpress\/plugins\/seo\/ -->\n<title>Petit guide des \u00e9lections l\u00e9gislatives : Syst\u00e8me de vote et historique - Lyon Bondy Blog<\/title>\n<meta name=\"description\" content=\"Pour tous ceux qui se demandent pourquoi il est important de voter pour les l\u00e9gislatives, retour sur le mode de scrutin.\" \/>\n<meta name=\"robots\" content=\"index, follow, max-snippet:-1, max-image-preview:large, max-video-preview:-1\" \/>\n<link rel=\"canonical\" href=\"https:\/\/lyonbondyblog.fr\/LBB\/legislatives-mode-demploi\/\" \/>\n<meta property=\"og:locale\" content=\"fr_FR\" \/>\n<meta property=\"og:type\" content=\"article\" \/>\n<meta property=\"og:title\" content=\"Petit guide des \u00e9lections l\u00e9gislatives : Syst\u00e8me de vote et historique - Lyon Bondy Blog\" \/>\n<meta property=\"og:description\" content=\"Pour tous ceux qui se demandent pourquoi il est important de voter pour les l\u00e9gislatives, retour sur le mode de scrutin.\" \/>\n<meta property=\"og:url\" content=\"https:\/\/lyonbondyblog.fr\/LBB\/legislatives-mode-demploi\/\" \/>\n<meta property=\"og:site_name\" content=\"Lyon Bondy Blog\" \/>\n<meta property=\"article:publisher\" content=\"https:\/\/www.facebook.com\/lyonbondyblog\" \/>\n<meta property=\"article:author\" content=\"https:\/\/www.facebook.com\/lyonbondyblog\" \/>\n<meta property=\"article:published_time\" content=\"2022-05-20T15:06:35+00:00\" \/>\n<meta property=\"article:modified_time\" content=\"2022-05-20T17:25:11+00:00\" \/>\n<meta property=\"og:image\" content=\"https:\/\/lyonbondyblog.fr\/LBB\/wp-content\/uploads\/2022\/05\/Hemicycle_officiel_XV_natif-scaled.jpg\" \/>\n\t<meta property=\"og:image:width\" content=\"2560\" \/>\n\t<meta property=\"og:image:height\" content=\"1331\" \/>\n\t<meta property=\"og:image:type\" content=\"image\/jpeg\" \/>\n<meta name=\"author\" content=\"La r\u00e9daction\" \/>\n<meta name=\"twitter:card\" content=\"summary_large_image\" \/>\n<meta name=\"twitter:creator\" content=\"@BondyBlogLyon\" \/>\n<meta name=\"twitter:site\" content=\"@bondybloglyon\" \/>\n<script type=\"application\/ld+json\" class=\"yoast-schema-graph\">{\"@context\":\"https:\/\/schema.org\",\"@graph\":[{\"@type\":\"Article\",\"@id\":\"https:\/\/lyonbondyblog.fr\/LBB\/legislatives-mode-demploi\/#article\",\"isPartOf\":{\"@id\":\"https:\/\/lyonbondyblog.fr\/LBB\/legislatives-mode-demploi\/\"},\"author\":{\"name\":\"La r\u00e9daction\",\"@id\":\"https:\/\/lyonbondyblog.fr\/LBB\/#\/schema\/person\/e45f8d27baac75072daa0be50c409b25\"},\"headline\":\"Petit guide des \u00e9lections l\u00e9gislatives : Syst\u00e8me de vote et historique\",\"datePublished\":\"2022-05-20T15:06:35+00:00\",\"dateModified\":\"2022-05-20T17:25:11+00:00\",\"mainEntityOfPage\":{\"@id\":\"https:\/\/lyonbondyblog.fr\/LBB\/legislatives-mode-demploi\/\"},\"wordCount\":582,\"commentCount\":0,\"publisher\":{\"@id\":\"https:\/\/lyonbondyblog.fr\/LBB\/#organization\"},\"image\":{\"@id\":\"https:\/\/lyonbondyblog.fr\/LBB\/legislatives-mode-demploi\/#primaryimage\"},\"thumbnailUrl\":\"https:\/\/lyonbondyblog.fr\/LBB\/wp-content\/uploads\/2022\/05\/Hemicycle_officiel_XV_natif-scaled.jpg\",\"articleSection\":[\"Elections 2022\",\"L\u00e9gislatives 2022\",\"Politique\"],\"inLanguage\":\"fr-FR\",\"potentialAction\":[{\"@type\":\"CommentAction\",\"name\":\"Comment\",\"target\":[\"https:\/\/lyonbondyblog.fr\/LBB\/legislatives-mode-demploi\/#respond\"]}]},{\"@type\":\"WebPage\",\"@id\":\"https:\/\/lyonbondyblog.fr\/LBB\/legislatives-mode-demploi\/\",\"url\":\"https:\/\/lyonbondyblog.fr\/LBB\/legislatives-mode-demploi\/\",\"name\":\"Petit guide des \u00e9lections l\u00e9gislatives : Syst\u00e8me de vote et historique - Lyon Bondy Blog\",\"isPartOf\":{\"@id\":\"https:\/\/lyonbondyblog.fr\/LBB\/#website\"},\"primaryImageOfPage\":{\"@id\":\"https:\/\/lyonbondyblog.fr\/LBB\/legislatives-mode-demploi\/#primaryimage\"},\"image\":{\"@id\":\"https:\/\/lyonbondyblog.fr\/LBB\/legislatives-mode-demploi\/#primaryimage\"},\"thumbnailUrl\":\"https:\/\/lyonbondyblog.fr\/LBB\/wp-content\/uploads\/2022\/05\/Hemicycle_officiel_XV_natif-scaled.jpg\",\"datePublished\":\"2022-05-20T15:06:35+00:00\",\"dateModified\":\"2022-05-20T17:25:11+00:00\",\"description\":\"Pour tous ceux qui se demandent pourquoi il est important de voter pour les l\u00e9gislatives, retour sur le mode de scrutin.\",\"inLanguage\":\"fr-FR\",\"potentialAction\":[{\"@type\":\"ReadAction\",\"target\":[\"https:\/\/lyonbondyblog.fr\/LBB\/legislatives-mode-demploi\/\"]}]},{\"@type\":\"ImageObject\",\"inLanguage\":\"fr-FR\",\"@id\":\"https:\/\/lyonbondyblog.fr\/LBB\/legislatives-mode-demploi\/#primaryimage\",\"url\":\"https:\/\/lyonbondyblog.fr\/LBB\/wp-content\/uploads\/2022\/05\/Hemicycle_officiel_XV_natif-scaled.jpg\",\"contentUrl\":\"https:\/\/lyonbondyblog.fr\/LBB\/wp-content\/uploads\/2022\/05\/Hemicycle_officiel_XV_natif-scaled.jpg\",\"width\":2560,\"height\":1331,\"caption\":\"23 octobre 2018 : Photographie panoramique de la XV\u00e8me l\u00e9gislature - M. Richard Ferrand, Pr\u00e9sident de l'Assembl\u00e9e nationale Format 15,4 x 29,7 cm sans logo, sans texte\"},{\"@type\":\"WebSite\",\"@id\":\"https:\/\/lyonbondyblog.fr\/LBB\/#website\",\"url\":\"https:\/\/lyonbondyblog.fr\/LBB\/\",\"name\":\"Lyon Bondy Blog\",\"description\":\"\",\"publisher\":{\"@id\":\"https:\/\/lyonbondyblog.fr\/LBB\/#organization\"},\"potentialAction\":[{\"@type\":\"SearchAction\",\"target\":{\"@type\":\"EntryPoint\",\"urlTemplate\":\"https:\/\/lyonbondyblog.fr\/LBB\/?s={search_term_string}\"},\"query-input\":\"required name=search_term_string\"}],\"inLanguage\":\"fr-FR\"},{\"@type\":\"Organization\",\"@id\":\"https:\/\/lyonbondyblog.fr\/LBB\/#organization\",\"name\":\"LYON BONDY BLOG\",\"url\":\"https:\/\/lyonbondyblog.fr\/LBB\/\",\"logo\":{\"@type\":\"ImageObject\",\"inLanguage\":\"fr-FR\",\"@id\":\"https:\/\/lyonbondyblog.fr\/LBB\/#\/schema\/logo\/image\/\",\"url\":\"http:\/\/lyonbondyblog.fr\/LBB\/wp-content\/uploads\/2014\/10\/logo-portable-144.png\",\"contentUrl\":\"http:\/\/lyonbondyblog.fr\/LBB\/wp-content\/uploads\/2014\/10\/logo-portable-144.png\",\"width\":144,\"height\":123,\"caption\":\"LYON BONDY BLOG\"},\"image\":{\"@id\":\"https:\/\/lyonbondyblog.fr\/LBB\/#\/schema\/logo\/image\/\"},\"sameAs\":[\"https:\/\/www.facebook.com\/lyonbondyblog\",\"https:\/\/x.com\/bondybloglyon\"]},{\"@type\":\"Person\",\"@id\":\"https:\/\/lyonbondyblog.fr\/LBB\/#\/schema\/person\/e45f8d27baac75072daa0be50c409b25\",\"name\":\"La r\u00e9daction\",\"description\":\"Cr\u00e9e en 2008, la r\u00e9daction du Lyon Bondy Blog s'applique \u00e0 proposer une information locale diff\u00e9rente et compl\u00e9mentaire des m\u00e9dias traditionnels.\",\"sameAs\":[\"https:\/\/www.facebook.com\/lyonbondyblog\",\"https:\/\/x.com\/BondyBlogLyon\"],\"url\":\"https:\/\/lyonbondyblog.fr\/LBB\/author\/admin\/\"}]}<\/script>\n<!-- \/ Yoast SEO plugin. -->","yoast_head_json":{"title":"Petit guide des \u00e9lections l\u00e9gislatives : Syst\u00e8me de vote et historique - Lyon Bondy Blog","description":"Pour tous ceux qui se demandent pourquoi il est important de voter pour les l\u00e9gislatives, retour sur le mode de scrutin.","robots":{"index":"index","follow":"follow","max-snippet":"max-snippet:-1","max-image-preview":"max-image-preview:large","max-video-preview":"max-video-preview:-1"},"canonical":"https:\/\/lyonbondyblog.fr\/LBB\/legislatives-mode-demploi\/","og_locale":"fr_FR","og_type":"article","og_title":"Petit guide des \u00e9lections l\u00e9gislatives : Syst\u00e8me de vote et historique - Lyon Bondy Blog","og_description":"Pour tous ceux qui se demandent pourquoi il est important de voter pour les l\u00e9gislatives, retour sur le mode de scrutin.","og_url":"https:\/\/lyonbondyblog.fr\/LBB\/legislatives-mode-demploi\/","og_site_name":"Lyon Bondy Blog","article_publisher":"https:\/\/www.facebook.com\/lyonbondyblog","article_author":"https:\/\/www.facebook.com\/lyonbondyblog","article_published_time":"2022-05-20T15:06:35+00:00","article_modified_time":"2022-05-20T17:25:11+00:00","og_image":[{"width":2560,"height":1331,"url":"https:\/\/lyonbondyblog.fr\/LBB\/wp-content\/uploads\/2022\/05\/Hemicycle_officiel_XV_natif-scaled.jpg","type":"image\/jpeg"}],"author":"La r\u00e9daction","twitter_card":"summary_large_image","twitter_creator":"@BondyBlogLyon","twitter_site":"@bondybloglyon","schema":{"@context":"https:\/\/schema.org","@graph":[{"@type":"Article","@id":"https:\/\/lyonbondyblog.fr\/LBB\/legislatives-mode-demploi\/#article","isPartOf":{"@id":"https:\/\/lyonbondyblog.fr\/LBB\/legislatives-mode-demploi\/"},"author":{"name":"La r\u00e9daction","@id":"https:\/\/lyonbondyblog.fr\/LBB\/#\/schema\/person\/e45f8d27baac75072daa0be50c409b25"},"headline":"Petit guide des \u00e9lections l\u00e9gislatives : Syst\u00e8me de vote et historique","datePublished":"2022-05-20T15:06:35+00:00","dateModified":"2022-05-20T17:25:11+00:00","mainEntityOfPage":{"@id":"https:\/\/lyonbondyblog.fr\/LBB\/legislatives-mode-demploi\/"},"wordCount":582,"commentCount":0,"publisher":{"@id":"https:\/\/lyonbondyblog.fr\/LBB\/#organization"},"image":{"@id":"https:\/\/lyonbondyblog.fr\/LBB\/legislatives-mode-demploi\/#primaryimage"},"thumbnailUrl":"https:\/\/lyonbondyblog.fr\/LBB\/wp-content\/uploads\/2022\/05\/Hemicycle_officiel_XV_natif-scaled.jpg","articleSection":["Elections 2022","L\u00e9gislatives 2022","Politique"],"inLanguage":"fr-FR","potentialAction":[{"@type":"CommentAction","name":"Comment","target":["https:\/\/lyonbondyblog.fr\/LBB\/legislatives-mode-demploi\/#respond"]}]},{"@type":"WebPage","@id":"https:\/\/lyonbondyblog.fr\/LBB\/legislatives-mode-demploi\/","url":"https:\/\/lyonbondyblog.fr\/LBB\/legislatives-mode-demploi\/","name":"Petit guide des \u00e9lections l\u00e9gislatives : Syst\u00e8me de vote et historique - Lyon Bondy Blog","isPartOf":{"@id":"https:\/\/lyonbondyblog.fr\/LBB\/#website"},"primaryImageOfPage":{"@id":"https:\/\/lyonbondyblog.fr\/LBB\/legislatives-mode-demploi\/#primaryimage"},"image":{"@id":"https:\/\/lyonbondyblog.fr\/LBB\/legislatives-mode-demploi\/#primaryimage"},"thumbnailUrl":"https:\/\/lyonbondyblog.fr\/LBB\/wp-content\/uploads\/2022\/05\/Hemicycle_officiel_XV_natif-scaled.jpg","datePublished":"2022-05-20T15:06:35+00:00","dateModified":"2022-05-20T17:25:11+00:00","description":"Pour tous ceux qui se demandent pourquoi il est important de voter pour les l\u00e9gislatives, retour sur le mode de scrutin.","inLanguage":"fr-FR","potentialAction":[{"@type":"ReadAction","target":["https:\/\/lyonbondyblog.fr\/LBB\/legislatives-mode-demploi\/"]}]},{"@type":"ImageObject","inLanguage":"fr-FR","@id":"https:\/\/lyonbondyblog.fr\/LBB\/legislatives-mode-demploi\/#primaryimage","url":"https:\/\/lyonbondyblog.fr\/LBB\/wp-content\/uploads\/2022\/05\/Hemicycle_officiel_XV_natif-scaled.jpg","contentUrl":"https:\/\/lyonbondyblog.fr\/LBB\/wp-content\/uploads\/2022\/05\/Hemicycle_officiel_XV_natif-scaled.jpg","width":2560,"height":1331,"caption":"23 octobre 2018 : Photographie panoramique de la XV\u00e8me l\u00e9gislature - M. Richard Ferrand, Pr\u00e9sident de l'Assembl\u00e9e nationale Format 15,4 x 29,7 cm sans logo, sans texte"},{"@type":"WebSite","@id":"https:\/\/lyonbondyblog.fr\/LBB\/#website","url":"https:\/\/lyonbondyblog.fr\/LBB\/","name":"Lyon Bondy Blog","description":"","publisher":{"@id":"https:\/\/lyonbondyblog.fr\/LBB\/#organization"},"potentialAction":[{"@type":"SearchAction","target":{"@type":"EntryPoint","urlTemplate":"https:\/\/lyonbondyblog.fr\/LBB\/?s={search_term_string}"},"query-input":"required name=search_term_string"}],"inLanguage":"fr-FR"},{"@type":"Organization","@id":"https:\/\/lyonbondyblog.fr\/LBB\/#organization","name":"LYON BONDY BLOG","url":"https:\/\/lyonbondyblog.fr\/LBB\/","logo":{"@type":"ImageObject","inLanguage":"fr-FR","@id":"https:\/\/lyonbondyblog.fr\/LBB\/#\/schema\/logo\/image\/","url":"http:\/\/lyonbondyblog.fr\/LBB\/wp-content\/uploads\/2014\/10\/logo-portable-144.png","contentUrl":"http:\/\/lyonbondyblog.fr\/LBB\/wp-content\/uploads\/2014\/10\/logo-portable-144.png","width":144,"height":123,"caption":"LYON BONDY BLOG"},"image":{"@id":"https:\/\/lyonbondyblog.fr\/LBB\/#\/schema\/logo\/image\/"},"sameAs":["https:\/\/www.facebook.com\/lyonbondyblog","https:\/\/x.com\/bondybloglyon"]},{"@type":"Person","@id":"https:\/\/lyonbondyblog.fr\/LBB\/#\/schema\/person\/e45f8d27baac75072daa0be50c409b25","name":"La r\u00e9daction","description":"Cr\u00e9e en 2008, la r\u00e9daction du Lyon Bondy Blog s'applique \u00e0 proposer une information locale diff\u00e9rente et compl\u00e9mentaire des m\u00e9dias traditionnels.","sameAs":["https:\/\/www.facebook.com\/lyonbondyblog","https:\/\/x.com\/BondyBlogLyon"],"url":"https:\/\/lyonbondyblog.fr\/LBB\/author\/admin\/"}]}},"_links":{"self":[{"href":"https:\/\/lyonbondyblog.fr\/LBB\/wp-json\/wp\/v2\/posts\/29144","targetHints":{"allow":["GET"]}}],"collection":[{"href":"https:\/\/lyonbondyblog.fr\/LBB\/wp-json\/wp\/v2\/posts"}],"about":[{"href":"https:\/\/lyonbondyblog.fr\/LBB\/wp-json\/wp\/v2\/types\/post"}],"author":[{"embeddable":true,"href":"https:\/\/lyonbondyblog.fr\/LBB\/wp-json\/wp\/v2\/users\/1"}],"replies":[{"embeddable":true,"href":"https:\/\/lyonbondyblog.fr\/LBB\/wp-json\/wp\/v2\/comments?post=29144"}],"version-history":[{"count":2,"href":"https:\/\/lyonbondyblog.fr\/LBB\/wp-json\/wp\/v2\/posts\/29144\/revisions"}],"predecessor-version":[{"id":29154,"href":"https:\/\/lyonbondyblog.fr\/LBB\/wp-json\/wp\/v2\/posts\/29144\/revisions\/29154"}],"wp:featuredmedia":[{"embeddable":true,"href":"https:\/\/lyonbondyblog.fr\/LBB\/wp-json\/wp\/v2\/media\/29079"}],"wp:attachment":[{"href":"https:\/\/lyonbondyblog.fr\/LBB\/wp-json\/wp\/v2\/media?parent=29144"}],"wp:term":[{"taxonomy":"category","embeddable":true,"href":"https:\/\/lyonbondyblog.fr\/LBB\/wp-json\/wp\/v2\/categories?post=29144"},{"taxonomy":"post_tag","embeddable":true,"href":"https:\/\/lyonbondyblog.fr\/LBB\/wp-json\/wp\/v2\/tags?post=29144"}],"curies":[{"name":"wp","href":"https:\/\/api.w.org\/{rel}","templated":true}]}}