{"id":29091,"date":"2022-05-18T17:50:55","date_gmt":"2022-05-18T15:50:55","guid":{"rendered":"http:\/\/lyonbondyblog.fr\/LBB\/?p=29091"},"modified":"2022-05-18T18:01:34","modified_gmt":"2022-05-18T16:01:34","slug":"nupes-presente-ses-candidats-aux-legislatives","status":"publish","type":"post","link":"https:\/\/lyonbondyblog.fr\/LBB\/nupes-presente-ses-candidats-aux-legislatives\/","title":{"rendered":"NUPES pr\u00e9sente ses candidats aux l\u00e9gislatives"},"content":{"rendered":"\n<p><strong>Villeurbanne a accueilli mardi 17 mai une r\u00e9union des forces de la NUPES&nbsp;: lors d\u2019une conf\u00e9rence de presse, les 14 candidats du Rh\u00f4ne ont tent\u00e9 de d\u00e9montrer la bonne entente au sein de ce nouvel \u00e9lan politique.<\/strong><\/p>\n\n\n\n<p>Au grand bonheur des militants, la conf\u00e9rence de presse a r\u00e9uni les 14 candidats de la nouvelle coalition de gauche dans un bar de Villeurbanne. <a href=\"https:\/\/www.leprogres.fr\/elections\/2022\/05\/09\/lyon-qui-est-marie-charlotte-garin-(nupes)-candidate-sur-la-3e-circonscription-du-rhone\">Marie-Charlotte Garin<\/a> ainsi que <a href=\"https:\/\/fr.wikipedia.org\/wiki\/Gabriel_Amard\">Gabriel Amard<\/a> se sont port\u00e9s volontaires pour pr\u00e9senter le parti et son programme. \u00ab <em>Nous sommes dans une trajectoire engag\u00e9e et un nouvel espoir<\/em> \u00bb, ont-ils d\u00e9clar\u00e9. Ils sont convaincus que leur engagement permettra de rassembler la soci\u00e9t\u00e9. Leur objectif principal est de \u00ab <em>ma\u00eetriser collectivement l\u2019utilisation de la richesse cr\u00e9\u00e9e et la r\u00e9orienter vers des biens communs&nbsp;\u00bb.&nbsp;<\/em>Pour Gabriel Amard, ce n\u2019est qu\u2019une question de temps : \u00ab <em>le temps de former, de recruter et d\u2019aider \u00e0 l\u2019installation<\/em> \u00bb.<\/p>\n\n\n\n<p>De nombreux changements, tel que la retraite \u00e0 60 ans, ou une allocation d\u2019autonomie pour les jeunes seraient envisag\u00e9s. Leur cheval de bataille est \u00e9galement de soulager les familles en difficult\u00e9, en passant par la gratuit\u00e9 de la cantine, le blocage des prix pour les produits de premi\u00e8re n\u00e9cessit\u00e9 et l\u2019augmentation du smic \u00e0 1500 euros net. \u00ab <em>Les fins de mois commencent de plus en plus t\u00f4t <\/em>\u00bb, ont-ils point\u00e9. <em>Le syst\u00e8me doit changer, on parle m\u00eame d\u2019une urgence<\/em>. <em>Il y a une urgence sociale <\/em>\u00bb. Les changements pr\u00e9vus se doivent aussi d\u2019\u00eatre \u00e9cologiques. Les candidats proposent une agriculture biologique bon march\u00e9 et mettent en garde contre l\u2019alt\u00e9ration du cycle de l\u2019eau.<\/p>\n\n\n\n<h2 class=\"wp-block-heading\"><strong>Apr\u00e8s la d\u00e9ception des pr\u00e9sidentielles, l\u2019espoir rena\u00eet chez les candidats<\/strong><\/h2>\n\n\n\n<p>Apr\u00e8s la victoire d\u2019Emmanuel Macron, les partis de gauche ont trouv\u00e9 n\u00e9cessaire de s\u2019allier. \u00ab <em>Le quinquennat d\u2019Emmanuel Macron a \u00e9t\u00e9 d\u2019une violence inou\u00efe, on ne veut plus de \u00e7a, on dit stop, <\/em>d\u00e9nonce Marie Charlotte Garin. <em>On ne voit ni l\u2019\u00e9cologie ni le social chez Macron.La r\u00e9forme de l\u2019assurance ch\u00f4mage a \u00e9t\u00e9 un cas social scandaleux. Nous ne croyons pas au quinquennat \u00e0 venir et nous comptons donc sur un maximum de candidats de gauche \u00e0 l\u2019assembl\u00e9e nationale.<\/em> \u00bb. A l\u2019instar de Marie Charlotte Garin, les candidats s\u2019accordent sur l\u2019absence de reconnaissance de la classe populaire.<\/p>\n\n\n\n<p>Cependant, la militante \u00e9cologiste remarque \u00e9galement un \u00e9lan d\u2019enthousiasme, qui \u00e9tait, selon elle, moins flagrant il y a quelques mois. <em>\u00ab On cr\u00e9e quelque chose d\u2019incroyable, certains n\u2019\u00e9taient pas engag\u00e9s et le sont \u00e0 pr\u00e9sent. Nous cr\u00e9ons maintenant une grande union. On est en train d\u2019ouvrir une ligne d\u2019horizon<\/em> \u00bb. La prise de parole se finit par une allocution motivante\u00a0: \u00ab <em>Nous sommes accompagn\u00e9s par les gens qui nous ressemblent et se rassemblent<\/em> \u00bb.<\/p>\n\n\n\n<p>Dernier article politique <a href=\"https:\/\/lyonbondyblog.fr\/LBB\/le-rassemblement-national-devoile-seulement-13-candidats-pour-les-legislatives\/\">ici<\/a> <\/p>\n<!-- AddThis Advanced Settings generic via filter on the_content --><!-- AddThis Share Buttons generic via filter on the_content -->","protected":false},"excerpt":{"rendered":"<p>Villeurbanne a accueilli mardi 17 mai une r\u00e9union des forces de la NUPES&nbsp;: lors d\u2019une conf\u00e9rence de presse, les 14 candidats du Rh\u00f4ne ont tent\u00e9 &hellip; <!-- AddThis Advanced Settings generic via filter on wp_trim_excerpt --><!-- AddThis Share Buttons generic via filter on wp_trim_excerpt --><\/p>\n","protected":false},"author":23914,"featured_media":29093,"comment_status":"open","ping_status":"open","sticky":true,"template":"","format":"standard","meta":{"_FSMCFIC_featured_image_caption":"","_FSMCFIC_featured_image_nocaption":"","_FSMCFIC_featured_image_hide":"","footnotes":""},"categories":[27827,4,6],"tags":[],"class_list":["post-29091","post","type-post","status-publish","format-standard","has-post-thumbnail","hentry","category-legislative-2022","category-lyon","category-politique"],"yoast_head":"<!-- This site is optimized with the Yoast SEO plugin v22.8 - https:\/\/yoast.com\/wordpress\/plugins\/seo\/ -->\n<title>NUPES pr\u00e9sente ses candidats aux l\u00e9gislatives - Lyon Bondy Blog<\/title>\n<meta name=\"description\" content=\"Villeurbanne a accueilli mardi 17 mai une r\u00e9union des forces de la NUPES : lors d\u2019une conf\u00e9rence de presse, les 14 candidats du Rh\u00f4ne ont tent\u00e9 de d\u00e9montrer la bonne entente au sein de ce nouvel \u00e9lan politique.\" \/>\n<meta name=\"robots\" content=\"index, follow, max-snippet:-1, max-image-preview:large, max-video-preview:-1\" \/>\n<link rel=\"canonical\" href=\"https:\/\/lyonbondyblog.fr\/LBB\/nupes-presente-ses-candidats-aux-legislatives\/\" \/>\n<meta property=\"og:locale\" content=\"fr_FR\" \/>\n<meta property=\"og:type\" content=\"article\" \/>\n<meta property=\"og:title\" content=\"NUPES pr\u00e9sente ses candidats aux l\u00e9gislatives - Lyon Bondy Blog\" \/>\n<meta property=\"og:description\" content=\"Villeurbanne a accueilli mardi 17 mai une r\u00e9union des forces de la NUPES : lors d\u2019une conf\u00e9rence de presse, les 14 candidats du Rh\u00f4ne ont tent\u00e9 de d\u00e9montrer la bonne entente au sein de ce nouvel \u00e9lan politique.\" \/>\n<meta property=\"og:url\" content=\"https:\/\/lyonbondyblog.fr\/LBB\/nupes-presente-ses-candidats-aux-legislatives\/\" \/>\n<meta property=\"og:site_name\" content=\"Lyon Bondy Blog\" \/>\n<meta property=\"article:publisher\" content=\"https:\/\/www.facebook.com\/lyonbondyblog\" \/>\n<meta property=\"article:published_time\" content=\"2022-05-18T15:50:55+00:00\" \/>\n<meta property=\"article:modified_time\" content=\"2022-05-18T16:01:34+00:00\" \/>\n<meta property=\"og:image\" content=\"https:\/\/lyonbondyblog.fr\/LBB\/wp-content\/uploads\/2022\/05\/image1-scaled.jpeg\" \/>\n\t<meta property=\"og:image:width\" content=\"2560\" \/>\n\t<meta property=\"og:image:height\" content=\"1920\" \/>\n\t<meta property=\"og:image:type\" content=\"image\/jpeg\" \/>\n<meta name=\"author\" content=\"Emma Duffrene\" \/>\n<meta name=\"twitter:card\" content=\"summary_large_image\" \/>\n<meta name=\"twitter:creator\" content=\"@bondybloglyon\" \/>\n<meta name=\"twitter:site\" content=\"@bondybloglyon\" \/>\n<script type=\"application\/ld+json\" class=\"yoast-schema-graph\">{\"@context\":\"https:\/\/schema.org\",\"@graph\":[{\"@type\":\"Article\",\"@id\":\"https:\/\/lyonbondyblog.fr\/LBB\/nupes-presente-ses-candidats-aux-legislatives\/#article\",\"isPartOf\":{\"@id\":\"https:\/\/lyonbondyblog.fr\/LBB\/nupes-presente-ses-candidats-aux-legislatives\/\"},\"author\":{\"name\":\"Emma Duffrene\",\"@id\":\"https:\/\/lyonbondyblog.fr\/LBB\/#\/schema\/person\/d6cecdd44821a78fea43f927202a5be9\"},\"headline\":\"NUPES pr\u00e9sente ses candidats aux l\u00e9gislatives\",\"datePublished\":\"2022-05-18T15:50:55+00:00\",\"dateModified\":\"2022-05-18T16:01:34+00:00\",\"mainEntityOfPage\":{\"@id\":\"https:\/\/lyonbondyblog.fr\/LBB\/nupes-presente-ses-candidats-aux-legislatives\/\"},\"wordCount\":496,\"commentCount\":0,\"publisher\":{\"@id\":\"https:\/\/lyonbondyblog.fr\/LBB\/#organization\"},\"image\":{\"@id\":\"https:\/\/lyonbondyblog.fr\/LBB\/nupes-presente-ses-candidats-aux-legislatives\/#primaryimage\"},\"thumbnailUrl\":\"https:\/\/lyonbondyblog.fr\/LBB\/wp-content\/uploads\/2022\/05\/image1-scaled.jpeg\",\"articleSection\":[\"L\u00e9gislatives 2022\",\"Lyon\",\"Politique\"],\"inLanguage\":\"fr-FR\",\"potentialAction\":[{\"@type\":\"CommentAction\",\"name\":\"Comment\",\"target\":[\"https:\/\/lyonbondyblog.fr\/LBB\/nupes-presente-ses-candidats-aux-legislatives\/#respond\"]}]},{\"@type\":\"WebPage\",\"@id\":\"https:\/\/lyonbondyblog.fr\/LBB\/nupes-presente-ses-candidats-aux-legislatives\/\",\"url\":\"https:\/\/lyonbondyblog.fr\/LBB\/nupes-presente-ses-candidats-aux-legislatives\/\",\"name\":\"NUPES pr\u00e9sente ses candidats aux l\u00e9gislatives - Lyon Bondy Blog\",\"isPartOf\":{\"@id\":\"https:\/\/lyonbondyblog.fr\/LBB\/#website\"},\"primaryImageOfPage\":{\"@id\":\"https:\/\/lyonbondyblog.fr\/LBB\/nupes-presente-ses-candidats-aux-legislatives\/#primaryimage\"},\"image\":{\"@id\":\"https:\/\/lyonbondyblog.fr\/LBB\/nupes-presente-ses-candidats-aux-legislatives\/#primaryimage\"},\"thumbnailUrl\":\"https:\/\/lyonbondyblog.fr\/LBB\/wp-content\/uploads\/2022\/05\/image1-scaled.jpeg\",\"datePublished\":\"2022-05-18T15:50:55+00:00\",\"dateModified\":\"2022-05-18T16:01:34+00:00\",\"description\":\"Villeurbanne a accueilli mardi 17 mai une r\u00e9union des forces de la NUPES : lors d\u2019une conf\u00e9rence de presse, les 14 candidats du Rh\u00f4ne ont tent\u00e9 de d\u00e9montrer la bonne entente au sein de ce nouvel \u00e9lan politique.\",\"inLanguage\":\"fr-FR\",\"potentialAction\":[{\"@type\":\"ReadAction\",\"target\":[\"https:\/\/lyonbondyblog.fr\/LBB\/nupes-presente-ses-candidats-aux-legislatives\/\"]}]},{\"@type\":\"ImageObject\",\"inLanguage\":\"fr-FR\",\"@id\":\"https:\/\/lyonbondyblog.fr\/LBB\/nupes-presente-ses-candidats-aux-legislatives\/#primaryimage\",\"url\":\"https:\/\/lyonbondyblog.fr\/LBB\/wp-content\/uploads\/2022\/05\/image1-scaled.jpeg\",\"contentUrl\":\"https:\/\/lyonbondyblog.fr\/LBB\/wp-content\/uploads\/2022\/05\/image1-scaled.jpeg\",\"width\":2560,\"height\":1920},{\"@type\":\"WebSite\",\"@id\":\"https:\/\/lyonbondyblog.fr\/LBB\/#website\",\"url\":\"https:\/\/lyonbondyblog.fr\/LBB\/\",\"name\":\"Lyon Bondy Blog\",\"description\":\"\",\"publisher\":{\"@id\":\"https:\/\/lyonbondyblog.fr\/LBB\/#organization\"},\"potentialAction\":[{\"@type\":\"SearchAction\",\"target\":{\"@type\":\"EntryPoint\",\"urlTemplate\":\"https:\/\/lyonbondyblog.fr\/LBB\/?s={search_term_string}\"},\"query-input\":\"required name=search_term_string\"}],\"inLanguage\":\"fr-FR\"},{\"@type\":\"Organization\",\"@id\":\"https:\/\/lyonbondyblog.fr\/LBB\/#organization\",\"name\":\"LYON BONDY BLOG\",\"url\":\"https:\/\/lyonbondyblog.fr\/LBB\/\",\"logo\":{\"@type\":\"ImageObject\",\"inLanguage\":\"fr-FR\",\"@id\":\"https:\/\/lyonbondyblog.fr\/LBB\/#\/schema\/logo\/image\/\",\"url\":\"http:\/\/lyonbondyblog.fr\/LBB\/wp-content\/uploads\/2014\/10\/logo-portable-144.png\",\"contentUrl\":\"http:\/\/lyonbondyblog.fr\/LBB\/wp-content\/uploads\/2014\/10\/logo-portable-144.png\",\"width\":144,\"height\":123,\"caption\":\"LYON BONDY BLOG\"},\"image\":{\"@id\":\"https:\/\/lyonbondyblog.fr\/LBB\/#\/schema\/logo\/image\/\"},\"sameAs\":[\"https:\/\/www.facebook.com\/lyonbondyblog\",\"https:\/\/x.com\/bondybloglyon\"]},{\"@type\":\"Person\",\"@id\":\"https:\/\/lyonbondyblog.fr\/LBB\/#\/schema\/person\/d6cecdd44821a78fea43f927202a5be9\",\"name\":\"Emma Duffrene\",\"url\":\"https:\/\/lyonbondyblog.fr\/LBB\/author\/emma-duffrene\/\"}]}<\/script>\n<!-- \/ Yoast SEO plugin. -->","yoast_head_json":{"title":"NUPES pr\u00e9sente ses candidats aux l\u00e9gislatives - Lyon Bondy Blog","description":"Villeurbanne a accueilli mardi 17 mai une r\u00e9union des forces de la NUPES : lors d\u2019une conf\u00e9rence de presse, les 14 candidats du Rh\u00f4ne ont tent\u00e9 de d\u00e9montrer la bonne entente au sein de ce nouvel \u00e9lan politique.","robots":{"index":"index","follow":"follow","max-snippet":"max-snippet:-1","max-image-preview":"max-image-preview:large","max-video-preview":"max-video-preview:-1"},"canonical":"https:\/\/lyonbondyblog.fr\/LBB\/nupes-presente-ses-candidats-aux-legislatives\/","og_locale":"fr_FR","og_type":"article","og_title":"NUPES pr\u00e9sente ses candidats aux l\u00e9gislatives - Lyon Bondy Blog","og_description":"Villeurbanne a accueilli mardi 17 mai une r\u00e9union des forces de la NUPES : lors d\u2019une conf\u00e9rence de presse, les 14 candidats du Rh\u00f4ne ont tent\u00e9 de d\u00e9montrer la bonne entente au sein de ce nouvel \u00e9lan politique.","og_url":"https:\/\/lyonbondyblog.fr\/LBB\/nupes-presente-ses-candidats-aux-legislatives\/","og_site_name":"Lyon Bondy Blog","article_publisher":"https:\/\/www.facebook.com\/lyonbondyblog","article_published_time":"2022-05-18T15:50:55+00:00","article_modified_time":"2022-05-18T16:01:34+00:00","og_image":[{"width":2560,"height":1920,"url":"https:\/\/lyonbondyblog.fr\/LBB\/wp-content\/uploads\/2022\/05\/image1-scaled.jpeg","type":"image\/jpeg"}],"author":"Emma Duffrene","twitter_card":"summary_large_image","twitter_creator":"@bondybloglyon","twitter_site":"@bondybloglyon","schema":{"@context":"https:\/\/schema.org","@graph":[{"@type":"Article","@id":"https:\/\/lyonbondyblog.fr\/LBB\/nupes-presente-ses-candidats-aux-legislatives\/#article","isPartOf":{"@id":"https:\/\/lyonbondyblog.fr\/LBB\/nupes-presente-ses-candidats-aux-legislatives\/"},"author":{"name":"Emma Duffrene","@id":"https:\/\/lyonbondyblog.fr\/LBB\/#\/schema\/person\/d6cecdd44821a78fea43f927202a5be9"},"headline":"NUPES pr\u00e9sente ses candidats aux l\u00e9gislatives","datePublished":"2022-05-18T15:50:55+00:00","dateModified":"2022-05-18T16:01:34+00:00","mainEntityOfPage":{"@id":"https:\/\/lyonbondyblog.fr\/LBB\/nupes-presente-ses-candidats-aux-legislatives\/"},"wordCount":496,"commentCount":0,"publisher":{"@id":"https:\/\/lyonbondyblog.fr\/LBB\/#organization"},"image":{"@id":"https:\/\/lyonbondyblog.fr\/LBB\/nupes-presente-ses-candidats-aux-legislatives\/#primaryimage"},"thumbnailUrl":"https:\/\/lyonbondyblog.fr\/LBB\/wp-content\/uploads\/2022\/05\/image1-scaled.jpeg","articleSection":["L\u00e9gislatives 2022","Lyon","Politique"],"inLanguage":"fr-FR","potentialAction":[{"@type":"CommentAction","name":"Comment","target":["https:\/\/lyonbondyblog.fr\/LBB\/nupes-presente-ses-candidats-aux-legislatives\/#respond"]}]},{"@type":"WebPage","@id":"https:\/\/lyonbondyblog.fr\/LBB\/nupes-presente-ses-candidats-aux-legislatives\/","url":"https:\/\/lyonbondyblog.fr\/LBB\/nupes-presente-ses-candidats-aux-legislatives\/","name":"NUPES pr\u00e9sente ses candidats aux l\u00e9gislatives - Lyon Bondy Blog","isPartOf":{"@id":"https:\/\/lyonbondyblog.fr\/LBB\/#website"},"primaryImageOfPage":{"@id":"https:\/\/lyonbondyblog.fr\/LBB\/nupes-presente-ses-candidats-aux-legislatives\/#primaryimage"},"image":{"@id":"https:\/\/lyonbondyblog.fr\/LBB\/nupes-presente-ses-candidats-aux-legislatives\/#primaryimage"},"thumbnailUrl":"https:\/\/lyonbondyblog.fr\/LBB\/wp-content\/uploads\/2022\/05\/image1-scaled.jpeg","datePublished":"2022-05-18T15:50:55+00:00","dateModified":"2022-05-18T16:01:34+00:00","description":"Villeurbanne a accueilli mardi 17 mai une r\u00e9union des forces de la NUPES : lors d\u2019une conf\u00e9rence de presse, les 14 candidats du Rh\u00f4ne ont tent\u00e9 de d\u00e9montrer la bonne entente au sein de ce nouvel \u00e9lan politique.","inLanguage":"fr-FR","potentialAction":[{"@type":"ReadAction","target":["https:\/\/lyonbondyblog.fr\/LBB\/nupes-presente-ses-candidats-aux-legislatives\/"]}]},{"@type":"ImageObject","inLanguage":"fr-FR","@id":"https:\/\/lyonbondyblog.fr\/LBB\/nupes-presente-ses-candidats-aux-legislatives\/#primaryimage","url":"https:\/\/lyonbondyblog.fr\/LBB\/wp-content\/uploads\/2022\/05\/image1-scaled.jpeg","contentUrl":"https:\/\/lyonbondyblog.fr\/LBB\/wp-content\/uploads\/2022\/05\/image1-scaled.jpeg","width":2560,"height":1920},{"@type":"WebSite","@id":"https:\/\/lyonbondyblog.fr\/LBB\/#website","url":"https:\/\/lyonbondyblog.fr\/LBB\/","name":"Lyon Bondy Blog","description":"","publisher":{"@id":"https:\/\/lyonbondyblog.fr\/LBB\/#organization"},"potentialAction":[{"@type":"SearchAction","target":{"@type":"EntryPoint","urlTemplate":"https:\/\/lyonbondyblog.fr\/LBB\/?s={search_term_string}"},"query-input":"required name=search_term_string"}],"inLanguage":"fr-FR"},{"@type":"Organization","@id":"https:\/\/lyonbondyblog.fr\/LBB\/#organization","name":"LYON BONDY BLOG","url":"https:\/\/lyonbondyblog.fr\/LBB\/","logo":{"@type":"ImageObject","inLanguage":"fr-FR","@id":"https:\/\/lyonbondyblog.fr\/LBB\/#\/schema\/logo\/image\/","url":"http:\/\/lyonbondyblog.fr\/LBB\/wp-content\/uploads\/2014\/10\/logo-portable-144.png","contentUrl":"http:\/\/lyonbondyblog.fr\/LBB\/wp-content\/uploads\/2014\/10\/logo-portable-144.png","width":144,"height":123,"caption":"LYON BONDY BLOG"},"image":{"@id":"https:\/\/lyonbondyblog.fr\/LBB\/#\/schema\/logo\/image\/"},"sameAs":["https:\/\/www.facebook.com\/lyonbondyblog","https:\/\/x.com\/bondybloglyon"]},{"@type":"Person","@id":"https:\/\/lyonbondyblog.fr\/LBB\/#\/schema\/person\/d6cecdd44821a78fea43f927202a5be9","name":"Emma Duffrene","url":"https:\/\/lyonbondyblog.fr\/LBB\/author\/emma-duffrene\/"}]}},"_links":{"self":[{"href":"https:\/\/lyonbondyblog.fr\/LBB\/wp-json\/wp\/v2\/posts\/29091","targetHints":{"allow":["GET"]}}],"collection":[{"href":"https:\/\/lyonbondyblog.fr\/LBB\/wp-json\/wp\/v2\/posts"}],"about":[{"href":"https:\/\/lyonbondyblog.fr\/LBB\/wp-json\/wp\/v2\/types\/post"}],"author":[{"embeddable":true,"href":"https:\/\/lyonbondyblog.fr\/LBB\/wp-json\/wp\/v2\/users\/23914"}],"replies":[{"embeddable":true,"href":"https:\/\/lyonbondyblog.fr\/LBB\/wp-json\/wp\/v2\/comments?post=29091"}],"version-history":[{"count":4,"href":"https:\/\/lyonbondyblog.fr\/LBB\/wp-json\/wp\/v2\/posts\/29091\/revisions"}],"predecessor-version":[{"id":29096,"href":"https:\/\/lyonbondyblog.fr\/LBB\/wp-json\/wp\/v2\/posts\/29091\/revisions\/29096"}],"wp:featuredmedia":[{"embeddable":true,"href":"https:\/\/lyonbondyblog.fr\/LBB\/wp-json\/wp\/v2\/media\/29093"}],"wp:attachment":[{"href":"https:\/\/lyonbondyblog.fr\/LBB\/wp-json\/wp\/v2\/media?parent=29091"}],"wp:term":[{"taxonomy":"category","embeddable":true,"href":"https:\/\/lyonbondyblog.fr\/LBB\/wp-json\/wp\/v2\/categories?post=29091"},{"taxonomy":"post_tag","embeddable":true,"href":"https:\/\/lyonbondyblog.fr\/LBB\/wp-json\/wp\/v2\/tags?post=29091"}],"curies":[{"name":"wp","href":"https:\/\/api.w.org\/{rel}","templated":true}]}}