{"id":29041,"date":"2022-05-17T12:03:35","date_gmt":"2022-05-17T10:03:35","guid":{"rendered":"http:\/\/lyonbondyblog.fr\/LBB\/?p=29041"},"modified":"2022-05-17T12:03:37","modified_gmt":"2022-05-17T10:03:37","slug":"le-rassemblement-national-devoile-seulement-13-candidats-pour-les-legislatives","status":"publish","type":"post","link":"https:\/\/lyonbondyblog.fr\/LBB\/le-rassemblement-national-devoile-seulement-13-candidats-pour-les-legislatives\/","title":{"rendered":"Le Rassemblement National d\u00e9voile seulement 13 candidats pour les l\u00e9gislatives"},"content":{"rendered":"\n<h2 class=\"wp-block-heading\"><strong>Le parti du Rassemblement National a r\u00e9v\u00e9l\u00e9 les candidats qui le repr\u00e9senteront dans le Rh\u00f4ne aux \u00e9lections l\u00e9gislatives. Au total, 13 ont \u00e9t\u00e9 investis sur les 14 circonscriptions.<\/strong><\/h2>\n\n\n\n<p>Le Rassemblement National a pr\u00e9sent\u00e9 ce samedi 14 mai, au matin, leurs candidats pour les l\u00e9gislatives du Rh\u00f4ne. Sur les 14 circonscriptions rhodaniennes, le RN a investi seulement 13 candidats, laissant la 10\u00e8me circonscription \u00e0 Debout la France, dans le cadre d\u2019accords nationaux. La parit\u00e9 est respect\u00e9e sur la totalit\u00e9 des circonscriptions, avec 7 hommes et 6 femmes.<\/p>\n\n\n\n<p>Les candidats RN l\u00e9gislatives Rh\u00f4ne :<\/p>\n\n\n\n<p>1\u00e8re circonscription : <a href=\"https:\/\/www.linkedin.com\/in\/voliaria-gagarine-44aa70154\/?original_referer=https%3A%2F%2Fwww%2Egoogle%2Ecom%2F&amp;originalSubdomain=fr\">Voliaria Gargarine<\/a><\/p>\n\n\n\n<p>2\u00e8me circonscription : Sylvine Sintes<\/p>\n\n\n\n<p>3\u00e8me circonscription : <a href=\"https:\/\/twitter.com\/vollory?lang=fr\">G\u00e9rard Vollory<\/a><\/p>\n\n\n\n<p>4\u00e8me circonscription : <a href=\"https:\/\/copainsdavant.linternaute.com\/p\/veronique-coulais-gonzalez-5949350\">V\u00e9ronique Coulais<\/a><\/p>\n\n\n\n<p>5\u00e8me circonscription : <a href=\"https:\/\/www.linkedin.com\/in\/yves-duigou-a1bb9a1\/?originalSubdomain=fr\">Yves Duigou<\/a><\/p>\n\n\n\n<p>6\u00e8me circonscription : <a href=\"https:\/\/www.lyonmag.com\/article\/116793\/michele-morel-rn-je-suis-increvable\">Mich\u00e8le Morel<\/a><\/p>\n\n\n\n<p>7\u00e8me circonscription :<a href=\"https:\/\/twitter.com\/Tiffany_Joncour\"> Tiffany Joncour<\/a><\/p>\n\n\n\n<p>8\u00e8me circonscription : <a href=\"https:\/\/www.linkedin.com\/in\/antdub\/?originalSubdomain=fr\">Antoine Dubois<\/a><\/p>\n\n\n\n<p>9\u00e8me circonscription : <a href=\"https:\/\/twitter.com\/remi_berthoux\">R\u00e9mi Berthoux<\/a><\/p>\n\n\n\n<p>10\u00e8me circonscription : Candidat <a href=\"https:\/\/www.debout-la-france.fr\/\">Debout la France<\/a><\/p>\n\n\n\n<p>11\u00e8me circonscription : <a href=\"https:\/\/twitter.com\/MichelDulac_RN?ref_src=twsrc%5Egoogle%7Ctwcamp%5Eserp%7Ctwgr%5Eauthor\">Michel Dulac<\/a><\/p>\n\n\n\n<p>12\u00e8me circonscription : Elodie Annani<\/p>\n\n\n\n<p>13\u00e8me circonscription : <a href=\"https:\/\/www.linkedin.com\/in\/alain-pechereau-4a91a56a\/?originalSubdomain=fr\">Alain Pechereau<\/a><\/p>\n\n\n\n<p>14\u00e8me circonscription : <a href=\"https:\/\/twitter.com\/DamienMonchau?ref_src=twsrc%5Egoogle%7Ctwcamp%5Eserp%7Ctwgr%5Eauthor\">Damien Monchau<\/a><\/p>\n\n\n\n<h2 class=\"wp-block-heading\">Les r\u00e9actions du parti<\/h2>\n\n\n\n<p>Mich\u00e8le Morel, investie sur la 6<sup>\u00e8me<\/sup> circonscription, qui regroupe Villeurbanne Nord, Sud et Centre a r\u00e9agi sur leur candidature : \u00ab&nbsp;<em>Il y a de fortes chances qu\u2019il y ait trois ou quatre candidats qui puissent acc\u00e9der au 2\u00e8me tour. Vu la tambouille des forces de gauche, on peut jouer les \u00ab troubles f\u00eates \u00bb notamment sur la 6\u00e8me et la 14\u00e8me circonscription du Rh\u00f4ne<\/em>&nbsp;\u00bb.&nbsp;Elle explique l\u2019int\u00e9r\u00eat de ses \u00e9lections pour le RN&nbsp;: \u00ab&nbsp;<em>Les l\u00e9gislatives vont nous servir pour l\u2019avenir de notre parti ainsi que pour l\u2019ancrage territorial pour avoir un candidat solide pour les municipales dans 4 ans \u00e0 Lyon et \u00e9galement sur la M\u00e9tropole rhodanienne&nbsp;<\/em>\u00bb. Quant \u00e0 l\u2019ancien porte-parole de Marine Le Pen, Andrea Kotarac, pour lui \u00ab&nbsp;<em>le chiffre annonc\u00e9 par Marine Le Pen de 60 d\u00e9put\u00e9s est plausible<\/em>&nbsp;\u00bb. Son explication&nbsp;? \u00ab&nbsp;<em>Marine Le Pen est arriv\u00e9e en t\u00eate dans 149 circonscriptions pour les pr\u00e9sidentielles alors que celles de 2017, on \u00e9tait en t\u00eate sur 49 circonscriptions<\/em>&nbsp;\u00bb<\/p>\n\n\n\n<div class=\"wp-block-image\"><figure class=\"aligncenter size-large is-resized\"><img loading=\"lazy\" decoding=\"async\" src=\"https:\/\/lyonbondyblog.fr\/LBB\/wp-content\/uploads\/2022\/05\/280742851_776244010025364_8082368911605228396_n-1920x1440.jpg\" alt=\"\" class=\"wp-image-29043\" width=\"673\" height=\"504\" srcset=\"https:\/\/lyonbondyblog.fr\/LBB\/wp-content\/uploads\/2022\/05\/280742851_776244010025364_8082368911605228396_n-1920x1440.jpg 1920w, https:\/\/lyonbondyblog.fr\/LBB\/wp-content\/uploads\/2022\/05\/280742851_776244010025364_8082368911605228396_n-1200x900.jpg 1200w, https:\/\/lyonbondyblog.fr\/LBB\/wp-content\/uploads\/2022\/05\/280742851_776244010025364_8082368911605228396_n-768x576.jpg 768w, https:\/\/lyonbondyblog.fr\/LBB\/wp-content\/uploads\/2022\/05\/280742851_776244010025364_8082368911605228396_n-1536x1152.jpg 1536w, https:\/\/lyonbondyblog.fr\/LBB\/wp-content\/uploads\/2022\/05\/280742851_776244010025364_8082368911605228396_n.jpg 2048w\" sizes=\"auto, (max-width: 673px) 100vw, 673px\" \/><\/figure><\/div>\n\n\n\n<p>Au niveau national, 568 candidats du parti du Rassemblement National ont \u00e9t\u00e9 investis, alors qu\u2019il n\u2019y en a que 3 ou 4 candidats pour Debout la France.<\/p>\n\n\n\n<p>Dernier article politique <a href=\"https:\/\/lyonbondyblog.fr\/LBB\/gabriel-amard-nupes-veut-imposer-une-cohabitation-a-emmanuel-macron\/\">ici <\/a><\/p>\n<!-- AddThis Advanced Settings generic via filter on the_content --><!-- AddThis Share Buttons generic via filter on the_content -->","protected":false},"excerpt":{"rendered":"<p>Le parti du Rassemblement National a r\u00e9v\u00e9l\u00e9 les candidats qui le repr\u00e9senteront dans le Rh\u00f4ne aux \u00e9lections l\u00e9gislatives. Au total, 13 ont \u00e9t\u00e9 investis sur &hellip; <!-- AddThis Advanced Settings generic via filter on wp_trim_excerpt --><!-- AddThis Share Buttons generic via filter on wp_trim_excerpt --><\/p>\n","protected":false},"author":33,"featured_media":29042,"comment_status":"open","ping_status":"open","sticky":true,"template":"","format":"standard","meta":{"_FSMCFIC_featured_image_caption":"","_FSMCFIC_featured_image_nocaption":"","_FSMCFIC_featured_image_hide":"","footnotes":""},"categories":[27831,4,6],"tags":[],"class_list":["post-29041","post","type-post","status-publish","format-standard","has-post-thumbnail","hentry","category-legislatives-2022","category-lyon","category-politique"],"yoast_head":"<!-- This site is optimized with the Yoast SEO plugin v22.8 - https:\/\/yoast.com\/wordpress\/plugins\/seo\/ -->\n<title>La Rassemblement National d\u00e9voile seulement 13 candidats pour les l\u00e9gislatives (Rh\u00f4ne) - Lyon Bondy Blog<\/title>\n<meta name=\"description\" content=\"Le Rassemblement National a r\u00e9v\u00e9l\u00e9 les candidats qui le repr\u00e9senteront dans le Rh\u00f4ne aux \u00e9lections l\u00e9gislatives. Au total, 13 ont \u00e9t\u00e9 investis sur les 14 circonscription\" \/>\n<meta name=\"robots\" content=\"index, follow, max-snippet:-1, max-image-preview:large, max-video-preview:-1\" \/>\n<link rel=\"canonical\" href=\"https:\/\/lyonbondyblog.fr\/LBB\/le-rassemblement-national-devoile-seulement-13-candidats-pour-les-legislatives\/\" \/>\n<meta property=\"og:locale\" content=\"fr_FR\" \/>\n<meta property=\"og:type\" content=\"article\" \/>\n<meta property=\"og:title\" content=\"La Rassemblement National d\u00e9voile seulement 13 candidats pour les l\u00e9gislatives (Rh\u00f4ne) - Lyon Bondy Blog\" \/>\n<meta property=\"og:description\" content=\"Le Rassemblement National a r\u00e9v\u00e9l\u00e9 les candidats qui le repr\u00e9senteront dans le Rh\u00f4ne aux \u00e9lections l\u00e9gislatives. Au total, 13 ont \u00e9t\u00e9 investis sur les 14 circonscription\" \/>\n<meta property=\"og:url\" content=\"https:\/\/lyonbondyblog.fr\/LBB\/le-rassemblement-national-devoile-seulement-13-candidats-pour-les-legislatives\/\" \/>\n<meta property=\"og:site_name\" content=\"Lyon Bondy Blog\" \/>\n<meta property=\"article:publisher\" content=\"https:\/\/www.facebook.com\/lyonbondyblog\" \/>\n<meta property=\"article:published_time\" content=\"2022-05-17T10:03:35+00:00\" \/>\n<meta property=\"article:modified_time\" content=\"2022-05-17T10:03:37+00:00\" \/>\n<meta property=\"og:image\" content=\"https:\/\/lyonbondyblog.fr\/LBB\/wp-content\/uploads\/2022\/05\/280709414_974804579896318_8814712088661277481_n.jpg\" \/>\n\t<meta property=\"og:image:width\" content=\"2048\" \/>\n\t<meta property=\"og:image:height\" content=\"1536\" \/>\n\t<meta property=\"og:image:type\" content=\"image\/jpeg\" \/>\n<meta name=\"author\" content=\"Etienne Aazzab\" \/>\n<meta name=\"twitter:card\" content=\"summary_large_image\" \/>\n<meta name=\"twitter:creator\" content=\"@AazzabEtienne\" \/>\n<meta name=\"twitter:site\" content=\"@bondybloglyon\" \/>\n<script type=\"application\/ld+json\" class=\"yoast-schema-graph\">{\"@context\":\"https:\/\/schema.org\",\"@graph\":[{\"@type\":\"Article\",\"@id\":\"https:\/\/lyonbondyblog.fr\/LBB\/le-rassemblement-national-devoile-seulement-13-candidats-pour-les-legislatives\/#article\",\"isPartOf\":{\"@id\":\"https:\/\/lyonbondyblog.fr\/LBB\/le-rassemblement-national-devoile-seulement-13-candidats-pour-les-legislatives\/\"},\"author\":{\"name\":\"Etienne Aazzab\",\"@id\":\"https:\/\/lyonbondyblog.fr\/LBB\/#\/schema\/person\/5e9904261c1f613c8e6ea22045b1353d\"},\"headline\":\"Le Rassemblement National d\u00e9voile seulement 13 candidats pour les l\u00e9gislatives\",\"datePublished\":\"2022-05-17T10:03:35+00:00\",\"dateModified\":\"2022-05-17T10:03:37+00:00\",\"mainEntityOfPage\":{\"@id\":\"https:\/\/lyonbondyblog.fr\/LBB\/le-rassemblement-national-devoile-seulement-13-candidats-pour-les-legislatives\/\"},\"wordCount\":382,\"commentCount\":0,\"publisher\":{\"@id\":\"https:\/\/lyonbondyblog.fr\/LBB\/#organization\"},\"image\":{\"@id\":\"https:\/\/lyonbondyblog.fr\/LBB\/le-rassemblement-national-devoile-seulement-13-candidats-pour-les-legislatives\/#primaryimage\"},\"thumbnailUrl\":\"https:\/\/lyonbondyblog.fr\/LBB\/wp-content\/uploads\/2022\/05\/280709414_974804579896318_8814712088661277481_n.jpg\",\"articleSection\":[\"L\u00e9gislatives 2022\",\"Lyon\",\"Politique\"],\"inLanguage\":\"fr-FR\",\"potentialAction\":[{\"@type\":\"CommentAction\",\"name\":\"Comment\",\"target\":[\"https:\/\/lyonbondyblog.fr\/LBB\/le-rassemblement-national-devoile-seulement-13-candidats-pour-les-legislatives\/#respond\"]}]},{\"@type\":\"WebPage\",\"@id\":\"https:\/\/lyonbondyblog.fr\/LBB\/le-rassemblement-national-devoile-seulement-13-candidats-pour-les-legislatives\/\",\"url\":\"https:\/\/lyonbondyblog.fr\/LBB\/le-rassemblement-national-devoile-seulement-13-candidats-pour-les-legislatives\/\",\"name\":\"La Rassemblement National d\u00e9voile seulement 13 candidats pour les l\u00e9gislatives (Rh\u00f4ne) - Lyon Bondy Blog\",\"isPartOf\":{\"@id\":\"https:\/\/lyonbondyblog.fr\/LBB\/#website\"},\"primaryImageOfPage\":{\"@id\":\"https:\/\/lyonbondyblog.fr\/LBB\/le-rassemblement-national-devoile-seulement-13-candidats-pour-les-legislatives\/#primaryimage\"},\"image\":{\"@id\":\"https:\/\/lyonbondyblog.fr\/LBB\/le-rassemblement-national-devoile-seulement-13-candidats-pour-les-legislatives\/#primaryimage\"},\"thumbnailUrl\":\"https:\/\/lyonbondyblog.fr\/LBB\/wp-content\/uploads\/2022\/05\/280709414_974804579896318_8814712088661277481_n.jpg\",\"datePublished\":\"2022-05-17T10:03:35+00:00\",\"dateModified\":\"2022-05-17T10:03:37+00:00\",\"description\":\"Le Rassemblement National a r\u00e9v\u00e9l\u00e9 les candidats qui le repr\u00e9senteront dans le Rh\u00f4ne aux \u00e9lections l\u00e9gislatives. Au total, 13 ont \u00e9t\u00e9 investis sur les 14 circonscription\",\"inLanguage\":\"fr-FR\",\"potentialAction\":[{\"@type\":\"ReadAction\",\"target\":[\"https:\/\/lyonbondyblog.fr\/LBB\/le-rassemblement-national-devoile-seulement-13-candidats-pour-les-legislatives\/\"]}]},{\"@type\":\"ImageObject\",\"inLanguage\":\"fr-FR\",\"@id\":\"https:\/\/lyonbondyblog.fr\/LBB\/le-rassemblement-national-devoile-seulement-13-candidats-pour-les-legislatives\/#primaryimage\",\"url\":\"https:\/\/lyonbondyblog.fr\/LBB\/wp-content\/uploads\/2022\/05\/280709414_974804579896318_8814712088661277481_n.jpg\",\"contentUrl\":\"https:\/\/lyonbondyblog.fr\/LBB\/wp-content\/uploads\/2022\/05\/280709414_974804579896318_8814712088661277481_n.jpg\",\"width\":2048,\"height\":1536},{\"@type\":\"WebSite\",\"@id\":\"https:\/\/lyonbondyblog.fr\/LBB\/#website\",\"url\":\"https:\/\/lyonbondyblog.fr\/LBB\/\",\"name\":\"Lyon Bondy Blog\",\"description\":\"\",\"publisher\":{\"@id\":\"https:\/\/lyonbondyblog.fr\/LBB\/#organization\"},\"potentialAction\":[{\"@type\":\"SearchAction\",\"target\":{\"@type\":\"EntryPoint\",\"urlTemplate\":\"https:\/\/lyonbondyblog.fr\/LBB\/?s={search_term_string}\"},\"query-input\":\"required name=search_term_string\"}],\"inLanguage\":\"fr-FR\"},{\"@type\":\"Organization\",\"@id\":\"https:\/\/lyonbondyblog.fr\/LBB\/#organization\",\"name\":\"LYON BONDY BLOG\",\"url\":\"https:\/\/lyonbondyblog.fr\/LBB\/\",\"logo\":{\"@type\":\"ImageObject\",\"inLanguage\":\"fr-FR\",\"@id\":\"https:\/\/lyonbondyblog.fr\/LBB\/#\/schema\/logo\/image\/\",\"url\":\"http:\/\/lyonbondyblog.fr\/LBB\/wp-content\/uploads\/2014\/10\/logo-portable-144.png\",\"contentUrl\":\"http:\/\/lyonbondyblog.fr\/LBB\/wp-content\/uploads\/2014\/10\/logo-portable-144.png\",\"width\":144,\"height\":123,\"caption\":\"LYON BONDY BLOG\"},\"image\":{\"@id\":\"https:\/\/lyonbondyblog.fr\/LBB\/#\/schema\/logo\/image\/\"},\"sameAs\":[\"https:\/\/www.facebook.com\/lyonbondyblog\",\"https:\/\/x.com\/bondybloglyon\"]},{\"@type\":\"Person\",\"@id\":\"https:\/\/lyonbondyblog.fr\/LBB\/#\/schema\/person\/5e9904261c1f613c8e6ea22045b1353d\",\"name\":\"Etienne Aazzab\",\"description\":\"Etienne a contribu\u00e9 depuis 2 ans dans le journal satirique FOUTOU\u2019ART. Il a int\u00e9gr\u00e9 l\u2019\u00e9quipe du \u00ab clic 2014 \u00bb : Collectif local d\u2019informations citoyennes \u00e0 partir de novembre 2013. Il rejoint le Lyon Bondy Blog \u00e0 partir de janvier 2014. Twitter : @AazzabEtienne Ses sujets de pr\u00e9dilection : #Politique #Soci\u00e9t\u00e9 #Sport\",\"sameAs\":[\"https:\/\/x.com\/AazzabEtienne\"],\"url\":\"https:\/\/lyonbondyblog.fr\/LBB\/author\/etienne\/\"}]}<\/script>\n<!-- \/ Yoast SEO plugin. -->","yoast_head_json":{"title":"La Rassemblement National d\u00e9voile seulement 13 candidats pour les l\u00e9gislatives (Rh\u00f4ne) - Lyon Bondy Blog","description":"Le Rassemblement National a r\u00e9v\u00e9l\u00e9 les candidats qui le repr\u00e9senteront dans le Rh\u00f4ne aux \u00e9lections l\u00e9gislatives. Au total, 13 ont \u00e9t\u00e9 investis sur les 14 circonscription","robots":{"index":"index","follow":"follow","max-snippet":"max-snippet:-1","max-image-preview":"max-image-preview:large","max-video-preview":"max-video-preview:-1"},"canonical":"https:\/\/lyonbondyblog.fr\/LBB\/le-rassemblement-national-devoile-seulement-13-candidats-pour-les-legislatives\/","og_locale":"fr_FR","og_type":"article","og_title":"La Rassemblement National d\u00e9voile seulement 13 candidats pour les l\u00e9gislatives (Rh\u00f4ne) - Lyon Bondy Blog","og_description":"Le Rassemblement National a r\u00e9v\u00e9l\u00e9 les candidats qui le repr\u00e9senteront dans le Rh\u00f4ne aux \u00e9lections l\u00e9gislatives. Au total, 13 ont \u00e9t\u00e9 investis sur les 14 circonscription","og_url":"https:\/\/lyonbondyblog.fr\/LBB\/le-rassemblement-national-devoile-seulement-13-candidats-pour-les-legislatives\/","og_site_name":"Lyon Bondy Blog","article_publisher":"https:\/\/www.facebook.com\/lyonbondyblog","article_published_time":"2022-05-17T10:03:35+00:00","article_modified_time":"2022-05-17T10:03:37+00:00","og_image":[{"width":2048,"height":1536,"url":"https:\/\/lyonbondyblog.fr\/LBB\/wp-content\/uploads\/2022\/05\/280709414_974804579896318_8814712088661277481_n.jpg","type":"image\/jpeg"}],"author":"Etienne Aazzab","twitter_card":"summary_large_image","twitter_creator":"@AazzabEtienne","twitter_site":"@bondybloglyon","schema":{"@context":"https:\/\/schema.org","@graph":[{"@type":"Article","@id":"https:\/\/lyonbondyblog.fr\/LBB\/le-rassemblement-national-devoile-seulement-13-candidats-pour-les-legislatives\/#article","isPartOf":{"@id":"https:\/\/lyonbondyblog.fr\/LBB\/le-rassemblement-national-devoile-seulement-13-candidats-pour-les-legislatives\/"},"author":{"name":"Etienne Aazzab","@id":"https:\/\/lyonbondyblog.fr\/LBB\/#\/schema\/person\/5e9904261c1f613c8e6ea22045b1353d"},"headline":"Le Rassemblement National d\u00e9voile seulement 13 candidats pour les l\u00e9gislatives","datePublished":"2022-05-17T10:03:35+00:00","dateModified":"2022-05-17T10:03:37+00:00","mainEntityOfPage":{"@id":"https:\/\/lyonbondyblog.fr\/LBB\/le-rassemblement-national-devoile-seulement-13-candidats-pour-les-legislatives\/"},"wordCount":382,"commentCount":0,"publisher":{"@id":"https:\/\/lyonbondyblog.fr\/LBB\/#organization"},"image":{"@id":"https:\/\/lyonbondyblog.fr\/LBB\/le-rassemblement-national-devoile-seulement-13-candidats-pour-les-legislatives\/#primaryimage"},"thumbnailUrl":"https:\/\/lyonbondyblog.fr\/LBB\/wp-content\/uploads\/2022\/05\/280709414_974804579896318_8814712088661277481_n.jpg","articleSection":["L\u00e9gislatives 2022","Lyon","Politique"],"inLanguage":"fr-FR","potentialAction":[{"@type":"CommentAction","name":"Comment","target":["https:\/\/lyonbondyblog.fr\/LBB\/le-rassemblement-national-devoile-seulement-13-candidats-pour-les-legislatives\/#respond"]}]},{"@type":"WebPage","@id":"https:\/\/lyonbondyblog.fr\/LBB\/le-rassemblement-national-devoile-seulement-13-candidats-pour-les-legislatives\/","url":"https:\/\/lyonbondyblog.fr\/LBB\/le-rassemblement-national-devoile-seulement-13-candidats-pour-les-legislatives\/","name":"La Rassemblement National d\u00e9voile seulement 13 candidats pour les l\u00e9gislatives (Rh\u00f4ne) - Lyon Bondy Blog","isPartOf":{"@id":"https:\/\/lyonbondyblog.fr\/LBB\/#website"},"primaryImageOfPage":{"@id":"https:\/\/lyonbondyblog.fr\/LBB\/le-rassemblement-national-devoile-seulement-13-candidats-pour-les-legislatives\/#primaryimage"},"image":{"@id":"https:\/\/lyonbondyblog.fr\/LBB\/le-rassemblement-national-devoile-seulement-13-candidats-pour-les-legislatives\/#primaryimage"},"thumbnailUrl":"https:\/\/lyonbondyblog.fr\/LBB\/wp-content\/uploads\/2022\/05\/280709414_974804579896318_8814712088661277481_n.jpg","datePublished":"2022-05-17T10:03:35+00:00","dateModified":"2022-05-17T10:03:37+00:00","description":"Le Rassemblement National a r\u00e9v\u00e9l\u00e9 les candidats qui le repr\u00e9senteront dans le Rh\u00f4ne aux \u00e9lections l\u00e9gislatives. Au total, 13 ont \u00e9t\u00e9 investis sur les 14 circonscription","inLanguage":"fr-FR","potentialAction":[{"@type":"ReadAction","target":["https:\/\/lyonbondyblog.fr\/LBB\/le-rassemblement-national-devoile-seulement-13-candidats-pour-les-legislatives\/"]}]},{"@type":"ImageObject","inLanguage":"fr-FR","@id":"https:\/\/lyonbondyblog.fr\/LBB\/le-rassemblement-national-devoile-seulement-13-candidats-pour-les-legislatives\/#primaryimage","url":"https:\/\/lyonbondyblog.fr\/LBB\/wp-content\/uploads\/2022\/05\/280709414_974804579896318_8814712088661277481_n.jpg","contentUrl":"https:\/\/lyonbondyblog.fr\/LBB\/wp-content\/uploads\/2022\/05\/280709414_974804579896318_8814712088661277481_n.jpg","width":2048,"height":1536},{"@type":"WebSite","@id":"https:\/\/lyonbondyblog.fr\/LBB\/#website","url":"https:\/\/lyonbondyblog.fr\/LBB\/","name":"Lyon Bondy Blog","description":"","publisher":{"@id":"https:\/\/lyonbondyblog.fr\/LBB\/#organization"},"potentialAction":[{"@type":"SearchAction","target":{"@type":"EntryPoint","urlTemplate":"https:\/\/lyonbondyblog.fr\/LBB\/?s={search_term_string}"},"query-input":"required name=search_term_string"}],"inLanguage":"fr-FR"},{"@type":"Organization","@id":"https:\/\/lyonbondyblog.fr\/LBB\/#organization","name":"LYON BONDY BLOG","url":"https:\/\/lyonbondyblog.fr\/LBB\/","logo":{"@type":"ImageObject","inLanguage":"fr-FR","@id":"https:\/\/lyonbondyblog.fr\/LBB\/#\/schema\/logo\/image\/","url":"http:\/\/lyonbondyblog.fr\/LBB\/wp-content\/uploads\/2014\/10\/logo-portable-144.png","contentUrl":"http:\/\/lyonbondyblog.fr\/LBB\/wp-content\/uploads\/2014\/10\/logo-portable-144.png","width":144,"height":123,"caption":"LYON BONDY BLOG"},"image":{"@id":"https:\/\/lyonbondyblog.fr\/LBB\/#\/schema\/logo\/image\/"},"sameAs":["https:\/\/www.facebook.com\/lyonbondyblog","https:\/\/x.com\/bondybloglyon"]},{"@type":"Person","@id":"https:\/\/lyonbondyblog.fr\/LBB\/#\/schema\/person\/5e9904261c1f613c8e6ea22045b1353d","name":"Etienne Aazzab","description":"Etienne a contribu\u00e9 depuis 2 ans dans le journal satirique FOUTOU\u2019ART. Il a int\u00e9gr\u00e9 l\u2019\u00e9quipe du \u00ab clic 2014 \u00bb : Collectif local d\u2019informations citoyennes \u00e0 partir de novembre 2013. Il rejoint le Lyon Bondy Blog \u00e0 partir de janvier 2014. Twitter : @AazzabEtienne Ses sujets de pr\u00e9dilection : #Politique #Soci\u00e9t\u00e9 #Sport","sameAs":["https:\/\/x.com\/AazzabEtienne"],"url":"https:\/\/lyonbondyblog.fr\/LBB\/author\/etienne\/"}]}},"_links":{"self":[{"href":"https:\/\/lyonbondyblog.fr\/LBB\/wp-json\/wp\/v2\/posts\/29041","targetHints":{"allow":["GET"]}}],"collection":[{"href":"https:\/\/lyonbondyblog.fr\/LBB\/wp-json\/wp\/v2\/posts"}],"about":[{"href":"https:\/\/lyonbondyblog.fr\/LBB\/wp-json\/wp\/v2\/types\/post"}],"author":[{"embeddable":true,"href":"https:\/\/lyonbondyblog.fr\/LBB\/wp-json\/wp\/v2\/users\/33"}],"replies":[{"embeddable":true,"href":"https:\/\/lyonbondyblog.fr\/LBB\/wp-json\/wp\/v2\/comments?post=29041"}],"version-history":[{"count":5,"href":"https:\/\/lyonbondyblog.fr\/LBB\/wp-json\/wp\/v2\/posts\/29041\/revisions"}],"predecessor-version":[{"id":29050,"href":"https:\/\/lyonbondyblog.fr\/LBB\/wp-json\/wp\/v2\/posts\/29041\/revisions\/29050"}],"wp:featuredmedia":[{"embeddable":true,"href":"https:\/\/lyonbondyblog.fr\/LBB\/wp-json\/wp\/v2\/media\/29042"}],"wp:attachment":[{"href":"https:\/\/lyonbondyblog.fr\/LBB\/wp-json\/wp\/v2\/media?parent=29041"}],"wp:term":[{"taxonomy":"category","embeddable":true,"href":"https:\/\/lyonbondyblog.fr\/LBB\/wp-json\/wp\/v2\/categories?post=29041"},{"taxonomy":"post_tag","embeddable":true,"href":"https:\/\/lyonbondyblog.fr\/LBB\/wp-json\/wp\/v2\/tags?post=29041"}],"curies":[{"name":"wp","href":"https:\/\/api.w.org\/{rel}","templated":true}]}}