{"id":29032,"date":"2022-05-16T17:30:22","date_gmt":"2022-05-16T15:30:22","guid":{"rendered":"http:\/\/lyonbondyblog.fr\/LBB\/?p=29032"},"modified":"2022-05-18T12:05:31","modified_gmt":"2022-05-18T10:05:31","slug":"gabriel-amard-nupes-veut-imposer-une-cohabitation-a-emmanuel-macron","status":"publish","type":"post","link":"https:\/\/lyonbondyblog.fr\/LBB\/gabriel-amard-nupes-veut-imposer-une-cohabitation-a-emmanuel-macron\/","title":{"rendered":"Gabriel Amard (NUPES) veut imposer une cohabitation \u00e0 Emmanuel Macron"},"content":{"rendered":"\n<h2 class=\"wp-block-heading\">Le candidat pour les l\u00e9gislatives \u00e0 Villeurbanne a rappel\u00e9 l\u2019importance du scrutin de juin et a appel\u00e9 \u00e0 envoyer Jean-Luc M\u00e9lenchon \u00e0 l\u2019Elys\u00e9e.<\/h2>\n\n\n\n<p>Lors d\u2019une conf\u00e9rence de presse sur les marches du TNP de Villeurbanne,<a href=\"https:\/\/fr.wikipedia.org\/wiki\/Gabriel_Amard\"> Gabriel Amard<\/a> (LFI) s\u2019est exprim\u00e9 pour la premi\u00e8re fois en tant que candidat aux \u00e9lections l\u00e9gislatives. Celui qui aspire \u00e0 rejoindre l\u2019Assembl\u00e9 Nationale a tenu \u00e0 rappeler l\u2019importance de ces \u00e9lections et \u00e0 appeler \u00e0 \u00e9lire <a href=\"https:\/\/fr.wikipedia.org\/wiki\/Jean-Luc_M%C3%A9lenchon\">Jean-Luc M\u00e9lenchon<\/a> premier ministre. \u00ab&nbsp;<em>Nous sommes d\u00e9termin\u00e9s, nous saurons comment gouverner<\/em>,s\u2019est-il \u00e9cri\u00e9, d\u00e9termin\u00e9. <em>Nous pouvons imposer une cohabitation \u00e0 un pr\u00e9sident \u00e0 peine \u00e9lu, tellement il est mal \u00e9lu<\/em>.&nbsp;\u00bb<\/p>\n\n\n\n<p>Gabriel Amard s\u2019imagine en \u00e9lu repr\u00e9sentant de la classe populaire qui s\u2019est \u00e9loign\u00e9 de la politique et se propose de porter leur voix \u00e0 Paris en travaillant trois jours \u00e0 l\u2019Assembl\u00e9e Nationale et deux jours \u00e0 Villeurbanne chaque semaine. \u00ab&nbsp;<em>J\u2019ai \u00e0 c\u0153ur de construire un projet avec les Villeurbannais<\/em>, a-t-il promis. <em>Nous avons pris un engagement&nbsp;: fabriquer des lois avec eux.<\/em>&nbsp;\u00bb<\/p>\n\n\n\n<figure class=\"wp-block-image size-full\"><img loading=\"lazy\" decoding=\"async\" width=\"960\" height=\"720\" src=\"https:\/\/lyonbondyblog.fr\/LBB\/wp-content\/uploads\/2022\/05\/Gabriel-2.jpg\" alt=\"\" class=\"wp-image-29036\" srcset=\"https:\/\/lyonbondyblog.fr\/LBB\/wp-content\/uploads\/2022\/05\/Gabriel-2.jpg 960w, https:\/\/lyonbondyblog.fr\/LBB\/wp-content\/uploads\/2022\/05\/Gabriel-2-768x576.jpg 768w\" sizes=\"auto, (max-width: 960px) 100vw, 960px\" \/><figcaption>Gabriel Amard s&rsquo;adresse au public.<\/figcaption><\/figure>\n\n\n\n<h2 class=\"wp-block-heading\">\u00ab&nbsp;<em>Quelques personnes ne sont pas au rendez-vous de l\u2019histoire<\/em>&nbsp;\u00bb<\/h2>\n\n\n\n<p>Pour l\u2019accompagner dans cette \u00e9lection, le candidat de la <a href=\"https:\/\/fr.wikipedia.org\/wiki\/Nouvelle_Union_populaire_%C3%A9cologique_et_sociale\">Nouvelle Union Populaire Ecologique et Sociale (NUPES)<\/a> pourra compter sur sa suppl\u00e9ante&nbsp;: la militante <a href=\"https:\/\/www.facebook.com\/melouka.hadjmimoune\">Melouka Hadj-Mimoune<\/a> (PS). \u00ab&nbsp;<em>C\u2019est un honneur<\/em>, s\u2019est-elle exprim\u00e9e. <em>Je ne suis pas dans les grands discours mais les gens me connaissent.<\/em>&nbsp;\u00bb Effectivement, la repr\u00e9sentante a \u00e9t\u00e9 applaudie par des Villeurbannais sur place, et certains ont m\u00eame pris la parole pour la remercier de ses actions dans la ville. Melouka Hadj-Mimoune a d\u2019ailleurs \u00e9t\u00e9 investie par son parti dans sa mission \u00e0 l\u2019unanimit\u00e9.<\/p>\n\n\n\n<p>Gabriel Amard a aussi eu l\u2019occasion de r\u00e9pondre aux accusations de parachutage \u00e0 son encontre. \u00ab\u00a0<em>Je suis d\u00e9j\u00e0 \u00e9lu conseiller r\u00e9gional dans en Auvergne Rh\u00f4ne-Alpes<\/em>, s\u2019est d\u00e9fendu celui qui est aussi le gendre de M\u00e9lenchon. <em>J\u2019esp\u00e8re une continuit\u00e9. Je serais d\u00e9put\u00e9 du Rh\u00f4ne pour le bien commun<\/em>.\u00a0Le candidat s\u2019est d\u2019ailleurs montr\u00e9 tr\u00e8s las lorsque des questions autour des propos de la candidate du Parti Socialiste (PS) <a href=\"https:\/\/www.villeurbanne.fr\/trombinoscopes\/adjoints\/cristina-martineau\">Cristina Martineau<\/a>, ou de l\u2019ancien maire de Villeurbanne <a href=\"https:\/\/fr.wikipedia.org\/wiki\/Jean-Paul_Bret\">Jean-Paul Bret<\/a>, lui ont \u00e9t\u00e9 pos\u00e9s\u00a0: \u00ab\u00a0<em>Je peux noter que quelques personnes ne sont pas au rendez-vous de l\u2019histoire<\/em>\u00a0\u00bb, a-t-il raill\u00e9 avant d\u2019affirmer vouloir \u00ab\u00a0<em>tendre la main<\/em>\u00a0\u00bb \u00e0 ses d\u00e9tracteurs. \u00ab\u00a0<em>On a encore le temps de changer d\u2019avis d\u2019ici le douze juin<\/em>\u00bb, a conclut le candidat.<\/p>\n\n\n\n<h2 class=\"wp-block-heading\">Une union de gauche r\u00e9ellement unie<\/h2>\n\n\n\n<p>Gabriel Amard a malgr\u00e9 tout tenu \u00e0 \u00ab&nbsp;<em>rendre hommage \u00e0&nbsp;ceux pressentis pour aller aux l\u00e9gislatives<\/em>&nbsp;\u00bb et qui se sont retir\u00e9s \u00e0 la suite de la coalition entre les diff\u00e9rents partis de gauche. D\u2019ailleurs, il a aussi souhait\u00e9 rappeler l\u2019importance de cette union&nbsp;: \u00ab&nbsp;<em>On a r\u00e9ellement un programme partag\u00e9, ce n\u2019est pas juste histoire de dire qu\u2019on s\u2019allie<\/em>&nbsp;\u00bb. Le maire de Villeurbanne, <a href=\"https:\/\/fr.wikipedia.org\/wiki\/C%C3%A9dric_Van_Styvendael\">C\u00e9dric Van Styvandael<\/a>, pr\u00e9sent aux c\u00f4t\u00e9s de Gabriel Amard a appuy\u00e9 ces propos&nbsp;:&nbsp;\u00ab&nbsp;<em>Tous les partis ont accept\u00e9 le programme. Ce n\u2019est pas un accord calcul\u00e9, nous avons fait en sorte que personne ne perde son \u00e2me<\/em>.&nbsp;\u00bb<\/p>\n\n\n\n<p>Ce-dernier s\u2019est aussi exprim\u00e9 pour apporter son soutien au candidat pour les l\u00e9gislatives&nbsp;: \u00ab&nbsp;<em>Ce qui se passe est historique<\/em>, f\u00e9licite-t-il. <em>J\u2019apporterais tout mon soutien pour qu\u2019on ait un d\u00e9put\u00e9 de gauche<\/em>&nbsp;\u00bb. Et \u00e0 l\u2019image de C\u00e9dric Van Styvandael, de nombreux soutiens \u00e9taient pr\u00e9sents pour accompagner Gabriel Amard lors de cette conf\u00e9rence de presse. Des membres du Parti Communiste Fran\u00e7ais, du Parti Socialiste, de La France Insoumise, d\u2019Europe Ecologie Les Verts et d\u2019Ensemble \u00e9taient pr\u00e9sents sur les marches du TNP. Certains villeurbannais \u00e9taient \u00e9galement sur place et n\u2019ont pas manqu\u00e9 d\u2019exprimer leur soutien aux candidats.<\/p>\n\n\n\n<p class=\"has-text-align-right\">Loris Castaing<\/p>\n\n\n\n<p>Dernier  article politique <a href=\"https:\/\/lyonbondyblog.fr\/LBB\/aurelie-gries-candidate-sous-letiquette-nupes-espere-porter-les-messages-importants-pour-la-societe-a-lassemblee\/\">ici<\/a><\/p>\n<!-- AddThis Advanced Settings generic via filter on the_content --><!-- AddThis Share Buttons generic via filter on the_content -->","protected":false},"excerpt":{"rendered":"<p>Le candidat pour les l\u00e9gislatives \u00e0 Villeurbanne a rappel\u00e9 l\u2019importance du scrutin de juin et a appel\u00e9 \u00e0 envoyer Jean-Luc M\u00e9lenchon \u00e0 l\u2019Elys\u00e9e. Lors d\u2019une &hellip; <!-- AddThis Advanced Settings generic via filter on wp_trim_excerpt --><!-- AddThis Share Buttons generic via filter on wp_trim_excerpt --><\/p>\n","protected":false},"author":31866,"featured_media":29035,"comment_status":"open","ping_status":"open","sticky":true,"template":"","format":"standard","meta":{"_FSMCFIC_featured_image_caption":"","_FSMCFIC_featured_image_nocaption":"","_FSMCFIC_featured_image_hide":"","footnotes":""},"categories":[27827,6,10388],"tags":[],"class_list":["post-29032","post","type-post","status-publish","format-standard","has-post-thumbnail","hentry","category-legislative-2022","category-politique","category-villeurbanne"],"yoast_head":"<!-- This site is optimized with the Yoast SEO plugin v22.8 - https:\/\/yoast.com\/wordpress\/plugins\/seo\/ -->\n<title>Gabriel Amard veut imposer une cohabitation \u00e0 Emmanuel Macron - Lyon Bondy Blog<\/title>\n<meta name=\"description\" content=\"Le candidat pour les l\u00e9gislatives \u00e0 Villeurbanne a rappel\u00e9 l\u2019importance du scrutin de juin et a appel\u00e9 \u00e0 envoyer Jean-Luc M\u00e9lenchon \u00e0 l\u2019Elys\u00e9e.\" \/>\n<meta name=\"robots\" content=\"index, follow, max-snippet:-1, max-image-preview:large, max-video-preview:-1\" \/>\n<link rel=\"canonical\" href=\"https:\/\/lyonbondyblog.fr\/LBB\/gabriel-amard-nupes-veut-imposer-une-cohabitation-a-emmanuel-macron\/\" \/>\n<meta property=\"og:locale\" content=\"fr_FR\" \/>\n<meta property=\"og:type\" content=\"article\" \/>\n<meta property=\"og:title\" content=\"Gabriel Amard veut imposer une cohabitation \u00e0 Emmanuel Macron - Lyon Bondy Blog\" \/>\n<meta property=\"og:description\" content=\"Le candidat pour les l\u00e9gislatives \u00e0 Villeurbanne a rappel\u00e9 l\u2019importance du scrutin de juin et a appel\u00e9 \u00e0 envoyer Jean-Luc M\u00e9lenchon \u00e0 l\u2019Elys\u00e9e.\" \/>\n<meta property=\"og:url\" content=\"https:\/\/lyonbondyblog.fr\/LBB\/gabriel-amard-nupes-veut-imposer-une-cohabitation-a-emmanuel-macron\/\" \/>\n<meta property=\"og:site_name\" content=\"Lyon Bondy Blog\" \/>\n<meta property=\"article:publisher\" content=\"https:\/\/www.facebook.com\/lyonbondyblog\" \/>\n<meta property=\"article:published_time\" content=\"2022-05-16T15:30:22+00:00\" \/>\n<meta property=\"article:modified_time\" content=\"2022-05-18T10:05:31+00:00\" \/>\n<meta property=\"og:image\" content=\"https:\/\/lyonbondyblog.fr\/LBB\/wp-content\/uploads\/2022\/05\/gabriel-1.jpg\" \/>\n\t<meta property=\"og:image:width\" content=\"960\" \/>\n\t<meta property=\"og:image:height\" content=\"720\" \/>\n\t<meta property=\"og:image:type\" content=\"image\/jpeg\" \/>\n<meta name=\"author\" content=\"Loris Castaing\" \/>\n<meta name=\"twitter:card\" content=\"summary_large_image\" \/>\n<meta name=\"twitter:creator\" content=\"@bondybloglyon\" \/>\n<meta name=\"twitter:site\" content=\"@bondybloglyon\" \/>\n<script type=\"application\/ld+json\" class=\"yoast-schema-graph\">{\"@context\":\"https:\/\/schema.org\",\"@graph\":[{\"@type\":\"Article\",\"@id\":\"https:\/\/lyonbondyblog.fr\/LBB\/gabriel-amard-nupes-veut-imposer-une-cohabitation-a-emmanuel-macron\/#article\",\"isPartOf\":{\"@id\":\"https:\/\/lyonbondyblog.fr\/LBB\/gabriel-amard-nupes-veut-imposer-une-cohabitation-a-emmanuel-macron\/\"},\"author\":{\"name\":\"Loris Castaing\",\"@id\":\"https:\/\/lyonbondyblog.fr\/LBB\/#\/schema\/person\/e24bb398559992d48a6bd58b93e888f2\"},\"headline\":\"Gabriel Amard (NUPES) veut imposer une cohabitation \u00e0 Emmanuel Macron\",\"datePublished\":\"2022-05-16T15:30:22+00:00\",\"dateModified\":\"2022-05-18T10:05:31+00:00\",\"mainEntityOfPage\":{\"@id\":\"https:\/\/lyonbondyblog.fr\/LBB\/gabriel-amard-nupes-veut-imposer-une-cohabitation-a-emmanuel-macron\/\"},\"wordCount\":687,\"commentCount\":0,\"publisher\":{\"@id\":\"https:\/\/lyonbondyblog.fr\/LBB\/#organization\"},\"image\":{\"@id\":\"https:\/\/lyonbondyblog.fr\/LBB\/gabriel-amard-nupes-veut-imposer-une-cohabitation-a-emmanuel-macron\/#primaryimage\"},\"thumbnailUrl\":\"https:\/\/lyonbondyblog.fr\/LBB\/wp-content\/uploads\/2022\/05\/gabriel-1.jpg\",\"articleSection\":[\"L\u00e9gislatives 2022\",\"Politique\",\"Villeurbanne\"],\"inLanguage\":\"fr-FR\",\"potentialAction\":[{\"@type\":\"CommentAction\",\"name\":\"Comment\",\"target\":[\"https:\/\/lyonbondyblog.fr\/LBB\/gabriel-amard-nupes-veut-imposer-une-cohabitation-a-emmanuel-macron\/#respond\"]}]},{\"@type\":\"WebPage\",\"@id\":\"https:\/\/lyonbondyblog.fr\/LBB\/gabriel-amard-nupes-veut-imposer-une-cohabitation-a-emmanuel-macron\/\",\"url\":\"https:\/\/lyonbondyblog.fr\/LBB\/gabriel-amard-nupes-veut-imposer-une-cohabitation-a-emmanuel-macron\/\",\"name\":\"Gabriel Amard veut imposer une cohabitation \u00e0 Emmanuel Macron - Lyon Bondy Blog\",\"isPartOf\":{\"@id\":\"https:\/\/lyonbondyblog.fr\/LBB\/#website\"},\"primaryImageOfPage\":{\"@id\":\"https:\/\/lyonbondyblog.fr\/LBB\/gabriel-amard-nupes-veut-imposer-une-cohabitation-a-emmanuel-macron\/#primaryimage\"},\"image\":{\"@id\":\"https:\/\/lyonbondyblog.fr\/LBB\/gabriel-amard-nupes-veut-imposer-une-cohabitation-a-emmanuel-macron\/#primaryimage\"},\"thumbnailUrl\":\"https:\/\/lyonbondyblog.fr\/LBB\/wp-content\/uploads\/2022\/05\/gabriel-1.jpg\",\"datePublished\":\"2022-05-16T15:30:22+00:00\",\"dateModified\":\"2022-05-18T10:05:31+00:00\",\"description\":\"Le candidat pour les l\u00e9gislatives \u00e0 Villeurbanne a rappel\u00e9 l\u2019importance du scrutin de juin et a appel\u00e9 \u00e0 envoyer Jean-Luc M\u00e9lenchon \u00e0 l\u2019Elys\u00e9e.\",\"inLanguage\":\"fr-FR\",\"potentialAction\":[{\"@type\":\"ReadAction\",\"target\":[\"https:\/\/lyonbondyblog.fr\/LBB\/gabriel-amard-nupes-veut-imposer-une-cohabitation-a-emmanuel-macron\/\"]}]},{\"@type\":\"ImageObject\",\"inLanguage\":\"fr-FR\",\"@id\":\"https:\/\/lyonbondyblog.fr\/LBB\/gabriel-amard-nupes-veut-imposer-une-cohabitation-a-emmanuel-macron\/#primaryimage\",\"url\":\"https:\/\/lyonbondyblog.fr\/LBB\/wp-content\/uploads\/2022\/05\/gabriel-1.jpg\",\"contentUrl\":\"https:\/\/lyonbondyblog.fr\/LBB\/wp-content\/uploads\/2022\/05\/gabriel-1.jpg\",\"width\":960,\"height\":720},{\"@type\":\"WebSite\",\"@id\":\"https:\/\/lyonbondyblog.fr\/LBB\/#website\",\"url\":\"https:\/\/lyonbondyblog.fr\/LBB\/\",\"name\":\"Lyon Bondy Blog\",\"description\":\"\",\"publisher\":{\"@id\":\"https:\/\/lyonbondyblog.fr\/LBB\/#organization\"},\"potentialAction\":[{\"@type\":\"SearchAction\",\"target\":{\"@type\":\"EntryPoint\",\"urlTemplate\":\"https:\/\/lyonbondyblog.fr\/LBB\/?s={search_term_string}\"},\"query-input\":\"required name=search_term_string\"}],\"inLanguage\":\"fr-FR\"},{\"@type\":\"Organization\",\"@id\":\"https:\/\/lyonbondyblog.fr\/LBB\/#organization\",\"name\":\"LYON BONDY BLOG\",\"url\":\"https:\/\/lyonbondyblog.fr\/LBB\/\",\"logo\":{\"@type\":\"ImageObject\",\"inLanguage\":\"fr-FR\",\"@id\":\"https:\/\/lyonbondyblog.fr\/LBB\/#\/schema\/logo\/image\/\",\"url\":\"http:\/\/lyonbondyblog.fr\/LBB\/wp-content\/uploads\/2014\/10\/logo-portable-144.png\",\"contentUrl\":\"http:\/\/lyonbondyblog.fr\/LBB\/wp-content\/uploads\/2014\/10\/logo-portable-144.png\",\"width\":144,\"height\":123,\"caption\":\"LYON BONDY BLOG\"},\"image\":{\"@id\":\"https:\/\/lyonbondyblog.fr\/LBB\/#\/schema\/logo\/image\/\"},\"sameAs\":[\"https:\/\/www.facebook.com\/lyonbondyblog\",\"https:\/\/x.com\/bondybloglyon\"]},{\"@type\":\"Person\",\"@id\":\"https:\/\/lyonbondyblog.fr\/LBB\/#\/schema\/person\/e24bb398559992d48a6bd58b93e888f2\",\"name\":\"Loris Castaing\",\"url\":\"https:\/\/lyonbondyblog.fr\/LBB\/author\/lorisc\/\"}]}<\/script>\n<!-- \/ Yoast SEO plugin. -->","yoast_head_json":{"title":"Gabriel Amard veut imposer une cohabitation \u00e0 Emmanuel Macron - Lyon Bondy Blog","description":"Le candidat pour les l\u00e9gislatives \u00e0 Villeurbanne a rappel\u00e9 l\u2019importance du scrutin de juin et a appel\u00e9 \u00e0 envoyer Jean-Luc M\u00e9lenchon \u00e0 l\u2019Elys\u00e9e.","robots":{"index":"index","follow":"follow","max-snippet":"max-snippet:-1","max-image-preview":"max-image-preview:large","max-video-preview":"max-video-preview:-1"},"canonical":"https:\/\/lyonbondyblog.fr\/LBB\/gabriel-amard-nupes-veut-imposer-une-cohabitation-a-emmanuel-macron\/","og_locale":"fr_FR","og_type":"article","og_title":"Gabriel Amard veut imposer une cohabitation \u00e0 Emmanuel Macron - Lyon Bondy Blog","og_description":"Le candidat pour les l\u00e9gislatives \u00e0 Villeurbanne a rappel\u00e9 l\u2019importance du scrutin de juin et a appel\u00e9 \u00e0 envoyer Jean-Luc M\u00e9lenchon \u00e0 l\u2019Elys\u00e9e.","og_url":"https:\/\/lyonbondyblog.fr\/LBB\/gabriel-amard-nupes-veut-imposer-une-cohabitation-a-emmanuel-macron\/","og_site_name":"Lyon Bondy Blog","article_publisher":"https:\/\/www.facebook.com\/lyonbondyblog","article_published_time":"2022-05-16T15:30:22+00:00","article_modified_time":"2022-05-18T10:05:31+00:00","og_image":[{"width":960,"height":720,"url":"https:\/\/lyonbondyblog.fr\/LBB\/wp-content\/uploads\/2022\/05\/gabriel-1.jpg","type":"image\/jpeg"}],"author":"Loris Castaing","twitter_card":"summary_large_image","twitter_creator":"@bondybloglyon","twitter_site":"@bondybloglyon","schema":{"@context":"https:\/\/schema.org","@graph":[{"@type":"Article","@id":"https:\/\/lyonbondyblog.fr\/LBB\/gabriel-amard-nupes-veut-imposer-une-cohabitation-a-emmanuel-macron\/#article","isPartOf":{"@id":"https:\/\/lyonbondyblog.fr\/LBB\/gabriel-amard-nupes-veut-imposer-une-cohabitation-a-emmanuel-macron\/"},"author":{"name":"Loris Castaing","@id":"https:\/\/lyonbondyblog.fr\/LBB\/#\/schema\/person\/e24bb398559992d48a6bd58b93e888f2"},"headline":"Gabriel Amard (NUPES) veut imposer une cohabitation \u00e0 Emmanuel Macron","datePublished":"2022-05-16T15:30:22+00:00","dateModified":"2022-05-18T10:05:31+00:00","mainEntityOfPage":{"@id":"https:\/\/lyonbondyblog.fr\/LBB\/gabriel-amard-nupes-veut-imposer-une-cohabitation-a-emmanuel-macron\/"},"wordCount":687,"commentCount":0,"publisher":{"@id":"https:\/\/lyonbondyblog.fr\/LBB\/#organization"},"image":{"@id":"https:\/\/lyonbondyblog.fr\/LBB\/gabriel-amard-nupes-veut-imposer-une-cohabitation-a-emmanuel-macron\/#primaryimage"},"thumbnailUrl":"https:\/\/lyonbondyblog.fr\/LBB\/wp-content\/uploads\/2022\/05\/gabriel-1.jpg","articleSection":["L\u00e9gislatives 2022","Politique","Villeurbanne"],"inLanguage":"fr-FR","potentialAction":[{"@type":"CommentAction","name":"Comment","target":["https:\/\/lyonbondyblog.fr\/LBB\/gabriel-amard-nupes-veut-imposer-une-cohabitation-a-emmanuel-macron\/#respond"]}]},{"@type":"WebPage","@id":"https:\/\/lyonbondyblog.fr\/LBB\/gabriel-amard-nupes-veut-imposer-une-cohabitation-a-emmanuel-macron\/","url":"https:\/\/lyonbondyblog.fr\/LBB\/gabriel-amard-nupes-veut-imposer-une-cohabitation-a-emmanuel-macron\/","name":"Gabriel Amard veut imposer une cohabitation \u00e0 Emmanuel Macron - Lyon Bondy Blog","isPartOf":{"@id":"https:\/\/lyonbondyblog.fr\/LBB\/#website"},"primaryImageOfPage":{"@id":"https:\/\/lyonbondyblog.fr\/LBB\/gabriel-amard-nupes-veut-imposer-une-cohabitation-a-emmanuel-macron\/#primaryimage"},"image":{"@id":"https:\/\/lyonbondyblog.fr\/LBB\/gabriel-amard-nupes-veut-imposer-une-cohabitation-a-emmanuel-macron\/#primaryimage"},"thumbnailUrl":"https:\/\/lyonbondyblog.fr\/LBB\/wp-content\/uploads\/2022\/05\/gabriel-1.jpg","datePublished":"2022-05-16T15:30:22+00:00","dateModified":"2022-05-18T10:05:31+00:00","description":"Le candidat pour les l\u00e9gislatives \u00e0 Villeurbanne a rappel\u00e9 l\u2019importance du scrutin de juin et a appel\u00e9 \u00e0 envoyer Jean-Luc M\u00e9lenchon \u00e0 l\u2019Elys\u00e9e.","inLanguage":"fr-FR","potentialAction":[{"@type":"ReadAction","target":["https:\/\/lyonbondyblog.fr\/LBB\/gabriel-amard-nupes-veut-imposer-une-cohabitation-a-emmanuel-macron\/"]}]},{"@type":"ImageObject","inLanguage":"fr-FR","@id":"https:\/\/lyonbondyblog.fr\/LBB\/gabriel-amard-nupes-veut-imposer-une-cohabitation-a-emmanuel-macron\/#primaryimage","url":"https:\/\/lyonbondyblog.fr\/LBB\/wp-content\/uploads\/2022\/05\/gabriel-1.jpg","contentUrl":"https:\/\/lyonbondyblog.fr\/LBB\/wp-content\/uploads\/2022\/05\/gabriel-1.jpg","width":960,"height":720},{"@type":"WebSite","@id":"https:\/\/lyonbondyblog.fr\/LBB\/#website","url":"https:\/\/lyonbondyblog.fr\/LBB\/","name":"Lyon Bondy Blog","description":"","publisher":{"@id":"https:\/\/lyonbondyblog.fr\/LBB\/#organization"},"potentialAction":[{"@type":"SearchAction","target":{"@type":"EntryPoint","urlTemplate":"https:\/\/lyonbondyblog.fr\/LBB\/?s={search_term_string}"},"query-input":"required name=search_term_string"}],"inLanguage":"fr-FR"},{"@type":"Organization","@id":"https:\/\/lyonbondyblog.fr\/LBB\/#organization","name":"LYON BONDY BLOG","url":"https:\/\/lyonbondyblog.fr\/LBB\/","logo":{"@type":"ImageObject","inLanguage":"fr-FR","@id":"https:\/\/lyonbondyblog.fr\/LBB\/#\/schema\/logo\/image\/","url":"http:\/\/lyonbondyblog.fr\/LBB\/wp-content\/uploads\/2014\/10\/logo-portable-144.png","contentUrl":"http:\/\/lyonbondyblog.fr\/LBB\/wp-content\/uploads\/2014\/10\/logo-portable-144.png","width":144,"height":123,"caption":"LYON BONDY BLOG"},"image":{"@id":"https:\/\/lyonbondyblog.fr\/LBB\/#\/schema\/logo\/image\/"},"sameAs":["https:\/\/www.facebook.com\/lyonbondyblog","https:\/\/x.com\/bondybloglyon"]},{"@type":"Person","@id":"https:\/\/lyonbondyblog.fr\/LBB\/#\/schema\/person\/e24bb398559992d48a6bd58b93e888f2","name":"Loris Castaing","url":"https:\/\/lyonbondyblog.fr\/LBB\/author\/lorisc\/"}]}},"_links":{"self":[{"href":"https:\/\/lyonbondyblog.fr\/LBB\/wp-json\/wp\/v2\/posts\/29032","targetHints":{"allow":["GET"]}}],"collection":[{"href":"https:\/\/lyonbondyblog.fr\/LBB\/wp-json\/wp\/v2\/posts"}],"about":[{"href":"https:\/\/lyonbondyblog.fr\/LBB\/wp-json\/wp\/v2\/types\/post"}],"author":[{"embeddable":true,"href":"https:\/\/lyonbondyblog.fr\/LBB\/wp-json\/wp\/v2\/users\/31866"}],"replies":[{"embeddable":true,"href":"https:\/\/lyonbondyblog.fr\/LBB\/wp-json\/wp\/v2\/comments?post=29032"}],"version-history":[{"count":6,"href":"https:\/\/lyonbondyblog.fr\/LBB\/wp-json\/wp\/v2\/posts\/29032\/revisions"}],"predecessor-version":[{"id":29090,"href":"https:\/\/lyonbondyblog.fr\/LBB\/wp-json\/wp\/v2\/posts\/29032\/revisions\/29090"}],"wp:featuredmedia":[{"embeddable":true,"href":"https:\/\/lyonbondyblog.fr\/LBB\/wp-json\/wp\/v2\/media\/29035"}],"wp:attachment":[{"href":"https:\/\/lyonbondyblog.fr\/LBB\/wp-json\/wp\/v2\/media?parent=29032"}],"wp:term":[{"taxonomy":"category","embeddable":true,"href":"https:\/\/lyonbondyblog.fr\/LBB\/wp-json\/wp\/v2\/categories?post=29032"},{"taxonomy":"post_tag","embeddable":true,"href":"https:\/\/lyonbondyblog.fr\/LBB\/wp-json\/wp\/v2\/tags?post=29032"}],"curies":[{"name":"wp","href":"https:\/\/api.w.org\/{rel}","templated":true}]}}